{"id":71565,"date":"2024-04-06T13:14:38","date_gmt":"2024-04-06T12:14:38","guid":{"rendered":"https:\/\/www.escapadarural.com\/blog\/?p=71565"},"modified":"2025-07-25T15:58:53","modified_gmt":"2025-07-25T13:58:53","slug":"espacios-marinos-protegidos-en-espana","status":"publish","type":"post","link":"https:\/\/www.escapadarural.com\/blog\/espacios-marinos-protegidos-en-espana\/","title":{"rendered":"Los nuevos espacios marinos protegidos en Espa\u00f1a"},"content":{"rendered":"\n<p>La superficie marina supera a la terrestre y casi la dobla. Mientras que la superficie terrestre no llega a los 505.000 km2, la superficie marina toma cada vez m\u00e1s importancia y consciencia. La protecci\u00f3n e inclusi\u00f3n de diversos espacios marinos y terrestres para poder <strong>conservar la biodiversidad<\/strong> juega cada vez un papel m\u00e1s importante. Tal y como comenta \u00d3scar Esparza, Coordinador de \u00c1reas Marinas Protegidas de WWF Espa\u00f1a: \u201cProteger de forma efectiva estas \u00e1reas permitir\u00e1 preservar una amplia variedad de especies y h\u00e1bitats, contribuyendo as\u00ed a la biodiversidad global\u201d.<\/p>\n\n\n\n<p>\u00bfSab\u00edas que Espa\u00f1a presenta la <strong>mayor diversidad marina de Europa<\/strong>? \u00bfY que gracias a varias acciones las aguas que quedan protegidas bajo diversas leyes ya llegan al 21%? Hablamos de para\u00edsos marinos con gran cantidad de especies, donde se podr\u00e1 aportar mayor salud a los mares y donde se fomenta la preservaci\u00f3n y conservaci\u00f3n. La sostenibilidad de los mares frente a las amenazas diarias es el fin com\u00fan pero, gracias a la reciente incorporaci\u00f3n de ochos nuevos espacios marinos a finales de 2023, podemos decir que nos vamos acercando a este prop\u00f3sito.<\/p>\n\n\n\n<p>En realidad no queda tanto ya que hay que cumplir ciertos est\u00e1ndares y objetivos ya establecidos para 2030 como \u201ctraer la <strong>naturaleza de vuelta<\/strong> a nuestras vidas\u201d o \u201calcanzar un 30% de protecci\u00f3n y gesti\u00f3n efectiva, tanto de la superficie terrestre como de la marina\u201d. Los lugares de importancia en la Red Natura 2000 van creciendo y esto solo puede ser una buena se\u00f1al para seguir gestionando las superficies marinas.<\/p>\n\n\n\n<p><strong>\u00bfCu\u00e1les son los nuevos espacios marinos?<\/strong><\/p>\n\n\n\n<p>Por fortuna, son varios los espacios marinos protegidos en territorio espa\u00f1ol aunque como se avanzaba, a\u00fan queda mucho camino por delante. Son m\u00faltiples las zonas que son Lugar de Importancia Comunitaria (<strong>LIC<\/strong>), Zona Especial de Conservaci\u00f3n (<strong>ZEC<\/strong>) o Zona de Especial Protecci\u00f3n para las Aves (<strong>ZEPA<\/strong>) seg\u00fan el Ministerio para la Transici\u00f3n Ecol\u00f3gica y poco a poco se van declarando m\u00e1s (mediante \u00f3rdenes).<\/p>\n\n\n\n<h2 class=\"wp-block-heading\" id=\"h-1-el-canal-de-ibiza\">1. El Canal de Ibiza<\/h2>\n\n\n\n<figure class=\"wp-block-image size-large\"><img decoding=\"async\" src=\"https:\/\/www.escapadarural.com\/blog\/wp-content\/uploads\/2024\/10\/playa-de-comte-ibiza-1024x683-1.jpg\" alt=\"Cala Comte, Ibiza. Espacios marinos protegidos en Espa\u00f1a\" class=\"wp-image-63444\"\/><figcaption class=\"wp-element-caption\">Cala Comte, Ibiza. Por DirkDaniel<\/figcaption><\/figure>\n\n\n\n<p>Es tambi\u00e9n conocida como la zona que separa la isla de Denia y tal y como se explica en el Bolet\u00edn Oficial del Estado, llega a alcanzar unos 2.000 metros de profundidad y \u201cen \u00e9l se encuentran escarpes y montes submarinos de gran inter\u00e9s debido a la gran presencia de especies vulnerables <a href=\"https:\/\/es.wikipedia.org\/wiki\/Sesilidad_(biolog%C3%ADa)\" target=\"_blank\">s\u00e9siles<\/a>\u201d. Las <strong>especies s\u00e9siles<\/strong> son aquellas que no se mueven, como por ejemplo las esponjas. Es un pasillo con mucha actividad ya sea a nivel de esponjas, tortugas, delfines o peces lamperas y se le conoce com\u00fanmente como \u201cla autopista\u201d debido al gran n\u00famero de corrientes que circulan hacia el norte.<\/p>\n\n\n\n<p>Tal y como se establece en varios v\u00eddeos de Oceana, organizaci\u00f3n internacional centrada en la conservaci\u00f3n de los oc\u00e9anos, y el Ministerio de Agricultura, Alimentaci\u00f3n y Medio Ambiente, cuenta con varias elevaciones que llaman la atenci\u00f3n y que merecen ser estudiadas. Entre las elevaciones encontramos <strong>Xabia Seamount<\/strong> (elevaci\u00f3n de unos 300 metros), Nao Mound (400 metros de altitud y con varias especies formadoras de arrecifes y comunidades de langostas en profundidad) y Morrot de Formentera (200 metros de altitud).<\/p>\n\n\n\n<h2 class=\"wp-block-heading\" id=\"h-2-montes-submarinos-del-suroeste-de-canarias\">2. Montes submarinos del suroeste de Canarias<\/h2>\n\n\n\n<figure class=\"wp-block-image size-large\"><img decoding=\"async\" src=\"https:\/\/www.escapadarural.com\/blog\/wp-content\/uploads\/2024\/10\/female-scuba-diver-diving-in-the-canary-islands-in-tenerife-at-cala-amarilla-stockpack-adobe-stock-1-1024x683-1.jpg\" alt=\"Buceadora en Tenerife. Por Mike Workman\" class=\"wp-image-72551\"\/><figcaption class=\"wp-element-caption\">Buceadora en Tenerife. Por Mike Workman <\/figcaption><\/figure>\n\n\n\n<p>Si en el punto anterior se hablaba de <strong>montes submarinos<\/strong>, aqu\u00ed a\u00fan se hace m\u00e1s hincapi\u00e9 en su importancia. Hablamos de decenas de montes marinos que han llamado la atenci\u00f3n y que son de origen volc\u00e1nico. Son importantes ya que tal y como se establece en el Bolet\u00edn Oficial del Estado: \u201cEn ellos se encuentran comunidades profundas de arrecifes de aguas fr\u00edas\u201d, pero parece ser que tambi\u00e9n esconden toneladas de metales raros como vanadio o t\u00e1ntalo.<\/p>\n\n\n\n<p>Se descubrieron hace muy poco, est\u00e1n bastante cerca de la costa sur de la isla de <strong>El Hierro<\/strong> y entre las elevaciones principales destacan Echo y Bimbache. Hay numerosas especies de corales y esponjas que forman arrecifes as\u00ed como algas y jardines de coral negro. Tambi\u00e9n se les conoce como Monta\u00f1as del S\u00e1hara y para llegar hasta ellas se han utilizados varios robots submarinos con los que se han obtenido muestras para seguir estudiando y documentando la zona.<\/p>\n\n\n\n<h2 class=\"wp-block-heading\" id=\"h-3-montes-submarinos-del-noreste-de-canarias\">3. Montes submarinos del noreste de Canarias<\/h2>\n\n\n\n<p>Sin irnos muy lejos encontramos tambi\u00e9n montes submarinos que siguen siendo referentes en la riqueza de <strong>metales raros<\/strong> y que han sido documentados hace relativamente poco. Hablamos de Dacia y Trit\u00f3n, con gran diversidad de esponjas en Trit\u00f3n y corales negros en la cima de Dacia. Sin duda, se trata de lugares con una biodiversidad muy peculiar y una zona muy sensible \u201cpor tratarse de un \u00e1rea de concentraci\u00f3n en zonas oce\u00e1nicas y en corredor marino con tortugas comunes y otras especies de tortugas marinas en Espa\u00f1a\u201d.<\/p>\n\n\n\n<h2 class=\"wp-block-heading\" id=\"h-4-area-occidental-del-estrecho-de-gibraltar\">4. \u00c1rea Occidental del Estrecho de Gibraltar<\/h2>\n\n\n\n<figure class=\"wp-block-image size-large\"><img decoding=\"async\" src=\"https:\/\/www.escapadarural.com\/blog\/wp-content\/uploads\/2024\/10\/ballenas-gibraltar-1024x683-1.jpg\" alt=\"Ballenas en el Estrecho de Gibraltar\" class=\"wp-image-60228\"\/><figcaption class=\"wp-element-caption\">Ballenas en el Estrecho de Gibraltar. Por Q<\/figcaption><\/figure>\n\n\n\n<p>Tal y como se establece en el Bolet\u00edn Oficial del Estado: \u201cAdem\u00e1s de ejercer las funciones de separaci\u00f3n entre el continente europeo y africano, supone el \u00fanico punto de conexi\u00f3n entre las aguas del Oc\u00e9ano Atl\u00e1ntico y el Mar Mediterr\u00e1neo\u201d. Tiene importantes sistemas de corrientes y procesos de mezcla con una elevada productividad biol\u00f3gica y es zona de alimentaci\u00f3n de <strong>delfines, orcas y cet\u00e1ceos<\/strong>.<\/p>\n\n\n\n<p>Cuenta tambi\u00e9n con bancos de arena y es el paso migratorio m\u00e1s importante entre Europa occidental y \u00c1frica. Presenta caracter\u00edsticas muy particulares y una riqueza natural y ecol\u00f3gica excepcional. Es zona cr\u00edtica para la protecci\u00f3n de la tortuga com\u00fan y otras especies de tortugas marinas al ser considerado como <strong>corredor marino<\/strong> de gran importancia.<\/p>\n\n\n\n<h2 class=\"wp-block-heading\" id=\"h-5-espacio-marino-jaizkibel-capbreton\">5. Espacio marino Jaizkibel-Capbret\u00f3n<\/h2>\n\n\n\n<figure class=\"wp-block-image size-large\"><img decoding=\"async\" src=\"https:\/\/www.escapadarural.com\/blog\/wp-content\/uploads\/2024\/10\/costa-vasca-vista-desde-jaizkibel-montana-de-guipuzcoa-stockpack-adobe-stock-1024x466-1.jpg\" alt=\"Costa vasca vista desde Jaizkibel, monta\u00f1a de Guipuzcoa\" class=\"wp-image-72552\"\/><figcaption class=\"wp-element-caption\">Costa vasca vista desde Jaizkibel, Guip\u00fazcoa. Pedro M\u00aa Martinez <\/figcaption><\/figure>\n\n\n\n<p>Este espacio marino vasco de 1.500 Km 2 es otra propuesta y para que nos hagamos una idea va desde los acantilados de <strong>Igeldo<\/strong>, en la bonita San Sebasti\u00e1n, hasta el cabo Higer, situado en la oriental Fuenterrab\u00eda.<\/p>\n\n\n\n<p>Aqu\u00ed se protegen los valores de la biodiversidad <strong>pel\u00e1gica<\/strong> (especies que viven en aguas medias o cercanas a la superficie), gran cantidad de patrimonio natural y de mam\u00edferos marinos como el delf\u00edn mular. Tambi\u00e9n hay muchas cuevas marinas sumergidas, arrecifes y como curiosidad, los espacios fronterizos y colindantes a la zona est\u00e1n tambi\u00e9n protegidos. Por lo que este podr\u00eda ser el inicio tal y como se comenta desde el grupo ecologista Eguzki y Oceania de una de las mayores zonas protegidas del Atl\u00e1ntico.<\/p>\n\n\n\n<h2 class=\"wp-block-heading\" id=\"h-6-espacio-marino-canones-de-alicante\">6. Espacio marino Ca\u00f1ones de Alicante<\/h2>\n\n\n\n<figure class=\"wp-block-image size-large\"><img decoding=\"async\" src=\"https:\/\/www.escapadarural.com\/blog\/wp-content\/uploads\/2024\/10\/AdobeStock_259088818-1024x767-1.jpeg\" alt=\"Vista de la playa Marineta, en Denia. Por MiniMoon Photo\" class=\"wp-image-42655\"\/><figcaption class=\"wp-element-caption\">Vista de la playa Marineta, en Denia. Por MiniMoon Photo<\/figcaption><\/figure>\n\n\n\n<p>Como su nombre bien indica, Alicante es la protagonista y el \u00e1rea submarina situada <strong>entre Denia y Torrevieja<\/strong> es la que destaca como propuesta de la Red Natura 2000. \u00bfPero por qu\u00e9? Pues bien, parece ser que toda la zona engloba 1170 arrecifes, bancos de corales blancos, bosques de gorgonias y corales negros. Tal y como se dice en el Bolet\u00edn Oficial del Estado: \u201cSe caracteriza por dos grandes formaciones con presencia de varios escarpes y montes submarinos donde se encuentran comunidades caracter\u00edsticas del h\u00e1bitat de inter\u00e9s comunitario\u201d.<\/p>\n\n\n\n<p>Se les conoce con el nombre de \u201cca\u00f1ones\u201d ya que literalmente tienen esa forma y son barreras\/depresiones o hoyos que forman parte de la orograf\u00eda del fondo del mar. Hablamos de los ca\u00f1ones submarinos del <strong>talud continental<\/strong> y del ca\u00f1\u00f3n submarino de Torrevieja (as\u00ed se les conoce). Se dice que cumplen una importante funci\u00f3n ya que podr\u00edan ser comparados a \u201clos r\u00edos subterr\u00e1neos\u201d y ayudan a la entrada de nutrientes. Tienen un rol ecol\u00f3gico muy importante y tal y como indica Camila Fern\u00e1ndez, Directora del Copas Coastal: \u201cTambi\u00e9n pueden tener un rol clim\u00e1tico que a\u00fan no logramos entender, el fomentar el intercambio de masas de agua, expansi\u00f3n de oxigeno o incluso como reservorio de diversidad para organismos que se refugian o que viven\u201d.<\/p>\n\n\n\n<h2 class=\"wp-block-heading\" id=\"h-cuales-son-las-nuevas-zonas-de-especial-conservacion-para-las-aves-zepa\">\u00bfCu\u00e1les son las nuevas zonas de especial conservaci\u00f3n para las aves (ZEPA)?<\/h2>\n\n\n\n<p>El Corredor Migratorio Galaico-Cant\u00e1brico Occidental y el Espacio marino del Baix Llobregat-Garraf son <strong>dos nuevas zonas<\/strong> que se han a\u00f1adido a las conocidas como ZEPA, ampliando as\u00ed su protecci\u00f3n. Son corredores migratorios donde cruzan centenares de aves.<\/p>\n\n\n\n<p>Gracias a la protecci\u00f3n que se brinda \u201cSe blinda en parte el desarrollo de parques e\u00f3licos marinos, una de las amenazas potencialmente m\u00e1s importantes para las aves en paso, dentro de este corredor\u201d. En la zona del Llobregat, tambi\u00e9n se garantiza y propicia el desarrollo de peque\u00f1os peces, manteni\u00e9ndose as\u00ed como una \u00e1rea muy importante para la alimentaci\u00f3n de por ejemplo varios tipos de gaviotas.<\/p>\n\n\n\n<h2 class=\"wp-block-heading\" id=\"h-espacios-protegidos-en-la-actualidad\">Espacios protegidos en la actualidad<\/h2>\n\n\n\n<p>Por \u00faltimo, me gustar\u00eda recordar que todos los espacios a\u00f1adidos y los que ya formaban parte desde hace a\u00f1os han sido fruto de gran cantidad de estudios y <strong>proyectos de investigaci\u00f3n<\/strong>. Todos los estudios previos han permitido recopilar la suficiente informaci\u00f3n como para comprender la necesidad urgente de proteger todos los espacios naturales marinos que ya forman parte de la Red Natura sin olvidarnos de las aves.<\/p>\n\n\n\n<p>En el Bolet\u00edn Oficial del Estado se recalca que \u201cEspa\u00f1a tiene una gran variedad de ambientes y \u00e1mbitos geogr\u00e1ficos marinos, lo que favorece la gran diversidad de aves marinas presentes\u201d. Por otro lado, \u201cEspa\u00f1a es el pa\u00eds europeo que m\u00e1s superficie terrestre aporta a <strong>Natura 2000<\/strong>, el principal instrumento de conservaci\u00f3n de la biodiversidad de la Uni\u00f3n Europea\u201d, tal y como se comenta en varios medios de comunicaci\u00f3n, entre ellos <em>El Peri\u00f3dico<\/em>.<\/p>\n\n\n\n<p>Contamos con <strong>m\u00e1s de 80 espacios protegidos<\/strong> seg\u00fan datos del Ministerio para la Transici\u00f3n Ecol\u00f3gica y de Reto Demogr\u00e1fico de 2019, dando protecci\u00f3n y cobertura en todas las comunidades aut\u00f3nomas costeras ya sea en el Mar Mediterr\u00e1neo, Cant\u00e1brico o Atl\u00e1ntico. Tambi\u00e9n se ayuda a conservar 1.110 bancos de arena, 1120 praderas de Posidonia, 1170 arrecifes e incluso a 8330 cuevas marinas sumergidas.<\/p>\n\n\n\n<div class=\"wp-block-buttons is-layout-flex wp-block-buttons-is-layout-flex\">\n<div class=\"wp-block-button\"><a class=\"wp-block-button__link wp-element-button\" href=\"https:\/\/www.escapadarural.com\/casas-rurales\">Ver alojamientos rurales en Espa\u00f1a<\/a><\/div>\n<\/div>\n","protected":false},"excerpt":{"rendered":"<p>\u201cProteger de forma efectiva estas \u00e1reas permitir\u00e1 preservar una amplia variedad de especies y h\u00e1bitats, contribuyendo as\u00ed a la biodiversidad global\u201d.<\/p>\n","protected":false},"author":151,"featured_media":72552,"comment_status":"open","ping_status":"open","sticky":false,"template":"","format":"standard","meta":{"_acf_changed":false,"om_disable_all_campaigns":false,"footnotes":""},"categories":[191],"tags":[1279,1280,215,1281,1282],"class_list":["post-71565","post","type-post","status-publish","format-standard","has-post-thumbnail","hentry","category-destinos","tag-espacios-marinos-protegidos","tag-espacios-protegidos","tag-listado","tag-sostenibilidad","tag-zepa"],"acf":[],"featured_image_src":"https:\/\/www.escapadarural.com\/blog\/wp-content\/uploads\/2024\/04\/costa-vasca-vista-desde-jaizkibel-montana-de-guipuzcoa-stockpack-adobe-stock-scaled-1.jpg","author_info":{"display_name":"Alba Feliz","author_link":"https:\/\/www.escapadarural.com\/blog\/autor\/alba\/"},"yoast_head":"<!-- This site is optimized with the Yoast SEO plugin v27.5 - https:\/\/yoast.com\/product\/yoast-seo-wordpress\/ -->\n<title>Los nuevos espacios marinos protegidos en Espa\u00f1a - EscapadaRural<\/title>\n<meta name=\"robots\" content=\"index, follow, max-snippet:-1, max-image-preview:large, max-video-preview:-1\" \/>\n<link rel=\"canonical\" href=\"https:\/\/www.escapadarural.com\/blog\/espacios-marinos-protegidos-en-espana\/\" \/>\n<meta property=\"og:locale\" content=\"es_ES\" \/>\n<meta property=\"og:type\" content=\"article\" \/>\n<meta property=\"og:title\" content=\"Los nuevos espacios marinos protegidos en Espa\u00f1a - EscapadaRural\" \/>\n<meta property=\"og:description\" content=\"\u201cProteger de forma efectiva estas \u00e1reas permitir\u00e1 preservar una amplia variedad de especies y h\u00e1bitats, contribuyendo as\u00ed a la biodiversidad global\u201d.\" \/>\n<meta property=\"og:url\" content=\"https:\/\/www.escapadarural.com\/blog\/espacios-marinos-protegidos-en-espana\/\" \/>\n<meta property=\"og:site_name\" content=\"Magazine de viajes de EscapadaRural\" \/>\n<meta property=\"article:publisher\" content=\"https:\/\/www.facebook.com\/escapadarural\" \/>\n<meta property=\"article:published_time\" content=\"2024-04-06T12:14:38+00:00\" \/>\n<meta property=\"article:modified_time\" content=\"2025-07-25T13:58:53+00:00\" \/>\n<meta property=\"og:image\" content=\"https:\/\/www.escapadarural.com\/blog\/wp-content\/uploads\/2024\/04\/costa-vasca-vista-desde-jaizkibel-montana-de-guipuzcoa-stockpack-adobe-stock-scaled-1.jpg?v=1753451934\" \/>\n\t<meta property=\"og:image:width\" content=\"2048\" \/>\n\t<meta property=\"og:image:height\" content=\"931\" \/>\n\t<meta property=\"og:image:type\" content=\"image\/jpeg\" \/>\n<meta name=\"author\" content=\"Alba Feliz\" \/>\n<meta name=\"twitter:card\" content=\"summary_large_image\" \/>\n<meta name=\"twitter:label1\" content=\"Escrito por\" \/>\n\t<meta name=\"twitter:data1\" content=\"Alba Feliz\" \/>\n\t<meta name=\"twitter:label2\" content=\"Tiempo de lectura\" \/>\n\t<meta name=\"twitter:data2\" content=\"9 minutos\" \/>\n<script type=\"application\/ld+json\" class=\"yoast-schema-graph\">{\"@context\":\"https:\\\/\\\/schema.org\",\"@graph\":[{\"@type\":\"Article\",\"@id\":\"https:\\\/\\\/www.escapadarural.com\\\/blog\\\/espacios-marinos-protegidos-en-espana\\\/#article\",\"isPartOf\":{\"@id\":\"https:\\\/\\\/www.escapadarural.com\\\/blog\\\/espacios-marinos-protegidos-en-espana\\\/\"},\"author\":{\"name\":\"Alba Feliz\",\"@id\":\"https:\\\/\\\/www.escapadarural.com\\\/blog\\\/#\\\/schema\\\/person\\\/65271b7b847121ab7a4f8c3be624d420\"},\"headline\":\"Los nuevos espacios marinos protegidos en Espa\u00f1a\",\"datePublished\":\"2024-04-06T12:14:38+00:00\",\"dateModified\":\"2025-07-25T13:58:53+00:00\",\"mainEntityOfPage\":{\"@id\":\"https:\\\/\\\/www.escapadarural.com\\\/blog\\\/espacios-marinos-protegidos-en-espana\\\/\"},\"wordCount\":1721,\"commentCount\":0,\"publisher\":{\"@id\":\"https:\\\/\\\/www.escapadarural.com\\\/blog\\\/#organization\"},\"image\":{\"@id\":\"https:\\\/\\\/www.escapadarural.com\\\/blog\\\/espacios-marinos-protegidos-en-espana\\\/#primaryimage\"},\"thumbnailUrl\":\"https:\\\/\\\/www.escapadarural.com\\\/blog\\\/wp-content\\\/uploads\\\/2024\\\/04\\\/costa-vasca-vista-desde-jaizkibel-montana-de-guipuzcoa-stockpack-adobe-stock-scaled-1.jpg\",\"keywords\":[\"Espacios marinos protegidos\",\"Espacios Protegidos\",\"Listado\",\"Sostenibilidad\",\"ZEPA\"],\"articleSection\":[\"Destinos\"],\"inLanguage\":\"es\",\"potentialAction\":[{\"@type\":\"CommentAction\",\"name\":\"Comment\",\"target\":[\"https:\\\/\\\/www.escapadarural.com\\\/blog\\\/espacios-marinos-protegidos-en-espana\\\/#respond\"]}]},{\"@type\":\"WebPage\",\"@id\":\"https:\\\/\\\/www.escapadarural.com\\\/blog\\\/espacios-marinos-protegidos-en-espana\\\/\",\"url\":\"https:\\\/\\\/www.escapadarural.com\\\/blog\\\/espacios-marinos-protegidos-en-espana\\\/\",\"name\":\"Los nuevos espacios marinos protegidos en Espa\u00f1a - EscapadaRural\",\"isPartOf\":{\"@id\":\"https:\\\/\\\/www.escapadarural.com\\\/blog\\\/#website\"},\"primaryImageOfPage\":{\"@id\":\"https:\\\/\\\/www.escapadarural.com\\\/blog\\\/espacios-marinos-protegidos-en-espana\\\/#primaryimage\"},\"image\":{\"@id\":\"https:\\\/\\\/www.escapadarural.com\\\/blog\\\/espacios-marinos-protegidos-en-espana\\\/#primaryimage\"},\"thumbnailUrl\":\"https:\\\/\\\/www.escapadarural.com\\\/blog\\\/wp-content\\\/uploads\\\/2024\\\/04\\\/costa-vasca-vista-desde-jaizkibel-montana-de-guipuzcoa-stockpack-adobe-stock-scaled-1.jpg\",\"datePublished\":\"2024-04-06T12:14:38+00:00\",\"dateModified\":\"2025-07-25T13:58:53+00:00\",\"breadcrumb\":{\"@id\":\"https:\\\/\\\/www.escapadarural.com\\\/blog\\\/espacios-marinos-protegidos-en-espana\\\/#breadcrumb\"},\"inLanguage\":\"es\",\"potentialAction\":[{\"@type\":\"ReadAction\",\"target\":[\"https:\\\/\\\/www.escapadarural.com\\\/blog\\\/espacios-marinos-protegidos-en-espana\\\/\"]}]},{\"@type\":\"ImageObject\",\"inLanguage\":\"es\",\"@id\":\"https:\\\/\\\/www.escapadarural.com\\\/blog\\\/espacios-marinos-protegidos-en-espana\\\/#primaryimage\",\"url\":\"https:\\\/\\\/www.escapadarural.com\\\/blog\\\/wp-content\\\/uploads\\\/2024\\\/04\\\/costa-vasca-vista-desde-jaizkibel-montana-de-guipuzcoa-stockpack-adobe-stock-scaled-1.jpg\",\"contentUrl\":\"https:\\\/\\\/www.escapadarural.com\\\/blog\\\/wp-content\\\/uploads\\\/2024\\\/04\\\/costa-vasca-vista-desde-jaizkibel-montana-de-guipuzcoa-stockpack-adobe-stock-scaled-1.jpg\",\"width\":2048,\"height\":931,\"caption\":\"Costa vasca vista desde Jaizkibel, Guip\u00fazcoa. Pedro M\u00aa Martinez\"},{\"@type\":\"BreadcrumbList\",\"@id\":\"https:\\\/\\\/www.escapadarural.com\\\/blog\\\/espacios-marinos-protegidos-en-espana\\\/#breadcrumb\",\"itemListElement\":[{\"@type\":\"ListItem\",\"position\":1,\"name\":\"Inicio\",\"item\":\"https:\\\/\\\/www.escapadarural.com\\\/blog\\\/\"},{\"@type\":\"ListItem\",\"position\":2,\"name\":\"Destinos\",\"item\":\"https:\\\/\\\/www.escapadarural.com\\\/blog\\\/categoria\\\/destinos\\\/\"},{\"@type\":\"ListItem\",\"position\":3,\"name\":\"Los nuevos espacios marinos protegidos en Espa\u00f1a\"}]},{\"@type\":\"WebSite\",\"@id\":\"https:\\\/\\\/www.escapadarural.com\\\/blog\\\/#website\",\"url\":\"https:\\\/\\\/www.escapadarural.com\\\/blog\\\/\",\"name\":\"Blog de viajes | turismo rural, alojamientos e inspiraci\u00f3n\",\"description\":\"Alojamientos rurales e inspiraci\u00f3n para tus escapadas\",\"publisher\":{\"@id\":\"https:\\\/\\\/www.escapadarural.com\\\/blog\\\/#organization\"},\"alternateName\":\"Magazine de viajes de EscapadaRural\",\"potentialAction\":[{\"@type\":\"SearchAction\",\"target\":{\"@type\":\"EntryPoint\",\"urlTemplate\":\"https:\\\/\\\/www.escapadarural.com\\\/blog\\\/?s={search_term_string}\"},\"query-input\":{\"@type\":\"PropertyValueSpecification\",\"valueRequired\":true,\"valueName\":\"search_term_string\"}}],\"inLanguage\":\"es\"},{\"@type\":\"Organization\",\"@id\":\"https:\\\/\\\/www.escapadarural.com\\\/blog\\\/#organization\",\"name\":\"EscapadaRural\",\"url\":\"https:\\\/\\\/www.escapadarural.com\\\/blog\\\/\",\"logo\":{\"@type\":\"ImageObject\",\"inLanguage\":\"es\",\"@id\":\"https:\\\/\\\/www.escapadarural.com\\\/blog\\\/#\\\/schema\\\/logo\\\/image\\\/\",\"url\":\"https:\\\/\\\/www.escapadarural.com\\\/blog\\\/wp-content\\\/uploads\\\/2024\\\/10\\\/cropped-cropped-escapada-rural-icon-mag-3.png\",\"contentUrl\":\"https:\\\/\\\/www.escapadarural.com\\\/blog\\\/wp-content\\\/uploads\\\/2024\\\/10\\\/cropped-cropped-escapada-rural-icon-mag-3.png\",\"width\":512,\"height\":512,\"caption\":\"EscapadaRural\"},\"image\":{\"@id\":\"https:\\\/\\\/www.escapadarural.com\\\/blog\\\/#\\\/schema\\\/logo\\\/image\\\/\"},\"sameAs\":[\"https:\\\/\\\/www.facebook.com\\\/escapadarural\",\"https:\\\/\\\/www.instagram.com\\\/escapadarural\\\/\",\"https:\\\/\\\/www.youtube.com\\\/@escapadaruralcom\"]},{\"@type\":\"Person\",\"@id\":\"https:\\\/\\\/www.escapadarural.com\\\/blog\\\/#\\\/schema\\\/person\\\/65271b7b847121ab7a4f8c3be624d420\",\"name\":\"Alba Feliz\",\"image\":{\"@type\":\"ImageObject\",\"inLanguage\":\"es\",\"@id\":\"https:\\\/\\\/www.escapadarural.com\\\/blog\\\/wp-content\\\/uploads\\\/2024\\\/11\\\/cropped-alba-96x96.jpg\",\"url\":\"https:\\\/\\\/www.escapadarural.com\\\/blog\\\/wp-content\\\/uploads\\\/2024\\\/11\\\/cropped-alba-96x96.jpg\",\"contentUrl\":\"https:\\\/\\\/www.escapadarural.com\\\/blog\\\/wp-content\\\/uploads\\\/2024\\\/11\\\/cropped-alba-96x96.jpg\",\"caption\":\"Alba Feliz\"},\"description\":\"Redactora, productora audiovisual y graduada en turismo y direcci\u00f3n hotelera. Creo firmemente que viajar abre la mente y permite conocer otras realidades que quiz\u00e1s desconocemos. Me apasiona la fotograf\u00eda anal\u00f3gica (la de toda la vida) y darle una oportunidad a los destinos menos conocidos.\",\"url\":\"https:\\\/\\\/www.escapadarural.com\\\/blog\\\/autor\\\/alba\\\/\"}]}<\/script>\n<!-- \/ Yoast SEO plugin. -->","yoast_head_json":{"title":"Los nuevos espacios marinos protegidos en Espa\u00f1a - EscapadaRural","robots":{"index":"index","follow":"follow","max-snippet":"max-snippet:-1","max-image-preview":"max-image-preview:large","max-video-preview":"max-video-preview:-1"},"canonical":"https:\/\/www.escapadarural.com\/blog\/espacios-marinos-protegidos-en-espana\/","og_locale":"es_ES","og_type":"article","og_title":"Los nuevos espacios marinos protegidos en Espa\u00f1a - EscapadaRural","og_description":"\u201cProteger de forma efectiva estas \u00e1reas permitir\u00e1 preservar una amplia variedad de especies y h\u00e1bitats, contribuyendo as\u00ed a la biodiversidad global\u201d.","og_url":"https:\/\/www.escapadarural.com\/blog\/espacios-marinos-protegidos-en-espana\/","og_site_name":"Magazine de viajes de EscapadaRural","article_publisher":"https:\/\/www.facebook.com\/escapadarural","article_published_time":"2024-04-06T12:14:38+00:00","article_modified_time":"2025-07-25T13:58:53+00:00","og_image":[{"width":2048,"height":931,"url":"https:\/\/www.escapadarural.com\/blog\/wp-content\/uploads\/2024\/04\/costa-vasca-vista-desde-jaizkibel-montana-de-guipuzcoa-stockpack-adobe-stock-scaled-1.jpg?v=1753451934","type":"image\/jpeg"}],"author":"Alba Feliz","twitter_card":"summary_large_image","twitter_misc":{"Escrito por":"Alba Feliz","Tiempo de lectura":"9 minutos"},"schema":{"@context":"https:\/\/schema.org","@graph":[{"@type":"Article","@id":"https:\/\/www.escapadarural.com\/blog\/espacios-marinos-protegidos-en-espana\/#article","isPartOf":{"@id":"https:\/\/www.escapadarural.com\/blog\/espacios-marinos-protegidos-en-espana\/"},"author":{"name":"Alba Feliz","@id":"https:\/\/www.escapadarural.com\/blog\/#\/schema\/person\/65271b7b847121ab7a4f8c3be624d420"},"headline":"Los nuevos espacios marinos protegidos en Espa\u00f1a","datePublished":"2024-04-06T12:14:38+00:00","dateModified":"2025-07-25T13:58:53+00:00","mainEntityOfPage":{"@id":"https:\/\/www.escapadarural.com\/blog\/espacios-marinos-protegidos-en-espana\/"},"wordCount":1721,"commentCount":0,"publisher":{"@id":"https:\/\/www.escapadarural.com\/blog\/#organization"},"image":{"@id":"https:\/\/www.escapadarural.com\/blog\/espacios-marinos-protegidos-en-espana\/#primaryimage"},"thumbnailUrl":"https:\/\/www.escapadarural.com\/blog\/wp-content\/uploads\/2024\/04\/costa-vasca-vista-desde-jaizkibel-montana-de-guipuzcoa-stockpack-adobe-stock-scaled-1.jpg","keywords":["Espacios marinos protegidos","Espacios Protegidos","Listado","Sostenibilidad","ZEPA"],"articleSection":["Destinos"],"inLanguage":"es","potentialAction":[{"@type":"CommentAction","name":"Comment","target":["https:\/\/www.escapadarural.com\/blog\/espacios-marinos-protegidos-en-espana\/#respond"]}]},{"@type":"WebPage","@id":"https:\/\/www.escapadarural.com\/blog\/espacios-marinos-protegidos-en-espana\/","url":"https:\/\/www.escapadarural.com\/blog\/espacios-marinos-protegidos-en-espana\/","name":"Los nuevos espacios marinos protegidos en Espa\u00f1a - EscapadaRural","isPartOf":{"@id":"https:\/\/www.escapadarural.com\/blog\/#website"},"primaryImageOfPage":{"@id":"https:\/\/www.escapadarural.com\/blog\/espacios-marinos-protegidos-en-espana\/#primaryimage"},"image":{"@id":"https:\/\/www.escapadarural.com\/blog\/espacios-marinos-protegidos-en-espana\/#primaryimage"},"thumbnailUrl":"https:\/\/www.escapadarural.com\/blog\/wp-content\/uploads\/2024\/04\/costa-vasca-vista-desde-jaizkibel-montana-de-guipuzcoa-stockpack-adobe-stock-scaled-1.jpg","datePublished":"2024-04-06T12:14:38+00:00","dateModified":"2025-07-25T13:58:53+00:00","breadcrumb":{"@id":"https:\/\/www.escapadarural.com\/blog\/espacios-marinos-protegidos-en-espana\/#breadcrumb"},"inLanguage":"es","potentialAction":[{"@type":"ReadAction","target":["https:\/\/www.escapadarural.com\/blog\/espacios-marinos-protegidos-en-espana\/"]}]},{"@type":"ImageObject","inLanguage":"es","@id":"https:\/\/www.escapadarural.com\/blog\/espacios-marinos-protegidos-en-espana\/#primaryimage","url":"https:\/\/www.escapadarural.com\/blog\/wp-content\/uploads\/2024\/04\/costa-vasca-vista-desde-jaizkibel-montana-de-guipuzcoa-stockpack-adobe-stock-scaled-1.jpg","contentUrl":"https:\/\/www.escapadarural.com\/blog\/wp-content\/uploads\/2024\/04\/costa-vasca-vista-desde-jaizkibel-montana-de-guipuzcoa-stockpack-adobe-stock-scaled-1.jpg","width":2048,"height":931,"caption":"Costa vasca vista desde Jaizkibel, Guip\u00fazcoa. Pedro M\u00aa Martinez"},{"@type":"BreadcrumbList","@id":"https:\/\/www.escapadarural.com\/blog\/espacios-marinos-protegidos-en-espana\/#breadcrumb","itemListElement":[{"@type":"ListItem","position":1,"name":"Inicio","item":"https:\/\/www.escapadarural.com\/blog\/"},{"@type":"ListItem","position":2,"name":"Destinos","item":"https:\/\/www.escapadarural.com\/blog\/categoria\/destinos\/"},{"@type":"ListItem","position":3,"name":"Los nuevos espacios marinos protegidos en Espa\u00f1a"}]},{"@type":"WebSite","@id":"https:\/\/www.escapadarural.com\/blog\/#website","url":"https:\/\/www.escapadarural.com\/blog\/","name":"Blog de viajes | turismo rural, alojamientos e inspiraci\u00f3n","description":"Alojamientos rurales e inspiraci\u00f3n para tus escapadas","publisher":{"@id":"https:\/\/www.escapadarural.com\/blog\/#organization"},"alternateName":"Magazine de viajes de EscapadaRural","potentialAction":[{"@type":"SearchAction","target":{"@type":"EntryPoint","urlTemplate":"https:\/\/www.escapadarural.com\/blog\/?s={search_term_string}"},"query-input":{"@type":"PropertyValueSpecification","valueRequired":true,"valueName":"search_term_string"}}],"inLanguage":"es"},{"@type":"Organization","@id":"https:\/\/www.escapadarural.com\/blog\/#organization","name":"EscapadaRural","url":"https:\/\/www.escapadarural.com\/blog\/","logo":{"@type":"ImageObject","inLanguage":"es","@id":"https:\/\/www.escapadarural.com\/blog\/#\/schema\/logo\/image\/","url":"https:\/\/www.escapadarural.com\/blog\/wp-content\/uploads\/2024\/10\/cropped-cropped-escapada-rural-icon-mag-3.png","contentUrl":"https:\/\/www.escapadarural.com\/blog\/wp-content\/uploads\/2024\/10\/cropped-cropped-escapada-rural-icon-mag-3.png","width":512,"height":512,"caption":"EscapadaRural"},"image":{"@id":"https:\/\/www.escapadarural.com\/blog\/#\/schema\/logo\/image\/"},"sameAs":["https:\/\/www.facebook.com\/escapadarural","https:\/\/www.instagram.com\/escapadarural\/","https:\/\/www.youtube.com\/@escapadaruralcom"]},{"@type":"Person","@id":"https:\/\/www.escapadarural.com\/blog\/#\/schema\/person\/65271b7b847121ab7a4f8c3be624d420","name":"Alba Feliz","image":{"@type":"ImageObject","inLanguage":"es","@id":"https:\/\/www.escapadarural.com\/blog\/wp-content\/uploads\/2024\/11\/cropped-alba-96x96.jpg","url":"https:\/\/www.escapadarural.com\/blog\/wp-content\/uploads\/2024\/11\/cropped-alba-96x96.jpg","contentUrl":"https:\/\/www.escapadarural.com\/blog\/wp-content\/uploads\/2024\/11\/cropped-alba-96x96.jpg","caption":"Alba Feliz"},"description":"Redactora, productora audiovisual y graduada en turismo y direcci\u00f3n hotelera. Creo firmemente que viajar abre la mente y permite conocer otras realidades que quiz\u00e1s desconocemos. Me apasiona la fotograf\u00eda anal\u00f3gica (la de toda la vida) y darle una oportunidad a los destinos menos conocidos.","url":"https:\/\/www.escapadarural.com\/blog\/autor\/alba\/"}]}},"_links":{"self":[{"href":"https:\/\/www.escapadarural.com\/blog\/wp-json\/wp\/v2\/posts\/71565","targetHints":{"allow":["GET"]}}],"collection":[{"href":"https:\/\/www.escapadarural.com\/blog\/wp-json\/wp\/v2\/posts"}],"about":[{"href":"https:\/\/www.escapadarural.com\/blog\/wp-json\/wp\/v2\/types\/post"}],"author":[{"embeddable":true,"href":"https:\/\/www.escapadarural.com\/blog\/wp-json\/wp\/v2\/users\/151"}],"replies":[{"embeddable":true,"href":"https:\/\/www.escapadarural.com\/blog\/wp-json\/wp\/v2\/comments?post=71565"}],"version-history":[{"count":0,"href":"https:\/\/www.escapadarural.com\/blog\/wp-json\/wp\/v2\/posts\/71565\/revisions"}],"wp:featuredmedia":[{"embeddable":true,"href":"https:\/\/www.escapadarural.com\/blog\/wp-json\/wp\/v2\/media\/72552"}],"wp:attachment":[{"href":"https:\/\/www.escapadarural.com\/blog\/wp-json\/wp\/v2\/media?parent=71565"}],"wp:term":[{"taxonomy":"category","embeddable":true,"href":"https:\/\/www.escapadarural.com\/blog\/wp-json\/wp\/v2\/categories?post=71565"},{"taxonomy":"post_tag","embeddable":true,"href":"https:\/\/www.escapadarural.com\/blog\/wp-json\/wp\/v2\/tags?post=71565"}],"curies":[{"name":"wp","href":"https:\/\/api.w.org\/{rel}","templated":true}]}}