{"id":71665,"date":"2024-03-21T06:46:00","date_gmt":"2024-03-21T05:46:00","guid":{"rendered":"https:\/\/www.escapadarural.com\/blog\/?p=71665"},"modified":"2026-02-05T13:53:48","modified_gmt":"2026-02-05T12:53:48","slug":"pueblos-floridos-en-primavera","status":"publish","type":"post","link":"https:\/\/www.escapadarural.com\/blog\/pueblos-floridos-en-primavera\/","title":{"rendered":"Los pueblos m\u00e1s floridos de Espa\u00f1a para dar la bienvenida a la primavera"},"content":{"rendered":"\n<figure class=\"wp-block-image size-large\"><img decoding=\"async\" src=\"https:\/\/www.escapadarural.com\/blog\/wp-content\/uploads\/2024\/10\/AdobeStock_586476461-1024x683-1.jpeg\" alt=\"Primavera en Aitona\" class=\"wp-image-71669\"\/><figcaption class=\"wp-element-caption\">Primavera en Aitona. Por: Nestor<\/figcaption><\/figure>\n\n\n\n<p>La primavera es una de las estaciones m\u00e1s vistosas. Las flores comienzan a estirar sus p\u00e9talos para mostrar todos sus colores, llenando los campos de vida y aromas. Todo este baile de la naturaleza invita a los m\u00e1s aventureros a salir del estr\u00e9s de la rutina para abrazar la relajaci\u00f3n del campo. A continuaci\u00f3n, te mostramos <strong>los pueblos m\u00e1s floridos de Espa\u00f1a<\/strong> para tener una escapada primaveral de cuento.<\/p>\n\n\n\n<div class=\"wp-block-buttons is-layout-flex wp-block-buttons-is-layout-flex\">\n<div class=\"wp-block-button\"><a class=\"wp-block-button__link wp-element-button\" href=\"\/casas-rurales\" target=\"_blank\" rel=\"noreferrer noopener\">Encuentra tu alojamiento<\/a><\/div>\n<\/div>\n\n\n\n<h2 class=\"wp-block-heading\" id=\"h-brihuega-uno-de-los-tesoros-de-guadalajara-en-primavera\">Brihuega, uno de los tesoros de Guadalajara en primavera<\/h2>\n\n\n\n<figure class=\"wp-block-image size-full\"><img loading=\"lazy\" decoding=\"async\" width=\"1024\" height=\"682\" src=\"https:\/\/www.escapadarural.com\/blog\/wp-content\/uploads\/2024\/03\/AdobeStock_382118499.jpeg\" alt=\"Primavera en Brihuega\" class=\"wp-image-71667\" srcset=\"https:\/\/www.escapadarural.com\/blog\/wp-content\/uploads\/2024\/03\/AdobeStock_382118499-200x133.jpeg 200w, https:\/\/www.escapadarural.com\/blog\/wp-content\/uploads\/2024\/03\/AdobeStock_382118499-300x200.jpeg 300w, https:\/\/www.escapadarural.com\/blog\/wp-content\/uploads\/2024\/03\/AdobeStock_382118499-400x266.jpeg 400w, https:\/\/www.escapadarural.com\/blog\/wp-content\/uploads\/2024\/03\/AdobeStock_382118499-600x400.jpeg 600w, https:\/\/www.escapadarural.com\/blog\/wp-content\/uploads\/2024\/03\/AdobeStock_382118499-768x512.jpeg 768w, https:\/\/www.escapadarural.com\/blog\/wp-content\/uploads\/2024\/03\/AdobeStock_382118499-800x533.jpeg 800w, https:\/\/www.escapadarural.com\/blog\/wp-content\/uploads\/2024\/03\/AdobeStock_382118499.jpeg 1024w\" sizes=\"auto, (max-width: 1024px) 100vw, 1024px\" \/><figcaption class=\"wp-element-caption\">Primavera en Brihuega. Por: Diego<\/figcaption><\/figure>\n\n\n\n<p>Brihuega te envuelve en un abrazo de naturaleza alcarre\u00f1a, donde la danza entre p\u00e1ramos y valles del<strong> r\u00edo Taju\u00f1a<\/strong> crea un escenario de contrastes fascinantes. En este paisaje, los bosques de encinas y campos de secano conviven con huertos, olivares y campos arom\u00e1ticos de lavanda y romero, dando vida a colmenas que producen miel.<\/p>\n\n\n\n<p>Los bosques esconden secretos de gatos monteses y tejones, mientras que las aves rapaces como los azores y las \u00e1guilas migratorias dominan el cielo. En los p\u00e1ramos y valles, reba\u00f1os de ovejas pintan el paisaje y el r\u00edo Taju\u00f1a alberga especies aut\u00f3ctonas y a\u00f1adidas, creando un cuadro natural \u00fanico. Si quieres comenzar la primavera con una experiencia espectacular, tienes que visitar este pueblo repleto de encanto.<\/p>\n\n\n\n<p>Para pasar la noche, te recomendamos acudir a Gualda, a tan solo 30 minutos en coche. En esta aldea, encontrar\u00e1s un descanso pleno en <a href=\"\/casa-rural\/guadalajara\/el-balcon-de-gualda\" target=\"_blank\" rel=\"noreferrer noopener\"><strong>El Balc\u00f3n de Gualda<\/strong><\/a>, una casa rural de finales del siglo XVIII con todas las comodidades. La casa mantiene la singularidad de su fachada con piedra y rejer\u00eda, conservando su encanto original. Su interior de <strong>paredes de piedra y vigas de madera <\/strong>combina lo r\u00fastico con lo moderno, brindando una experiencia agradable. Adem\u00e1s, cuenta con capacidad para 8 personas, ofreciendo 3 camas matrimoniales y un sof\u00e1 cama doble, cada habitaci\u00f3n con ba\u00f1o privado y televisi\u00f3n. De forma gratuita, proporcionan cuna y ba\u00f1era para beb\u00e9.<\/p>\n\n\n\n<div class=\"wp-block-buttons is-layout-flex wp-block-buttons-is-layout-flex\">\n<div class=\"wp-block-button\"><a class=\"wp-block-button__link wp-element-button\" href=\"\/casa-rural\/guadalajara\/el-balcon-de-gualda\" target=\"_blank\" rel=\"noreferrer noopener\">M\u00e1s informaci\u00f3n<\/a><\/div>\n<\/div>\n\n\n\n<h2 class=\"wp-block-heading\" id=\"h-ona-y-la-floracion-de-los-cerezos-en-el-valle-de-las-caderechas\">O\u00f1a y la floraci\u00f3n de los cerezos en el valle de las Caderechas<\/h2>\n\n\n\n<figure class=\"wp-block-image size-large\"><img decoding=\"async\" src=\"https:\/\/www.escapadarural.com\/blog\/wp-content\/uploads\/2024\/10\/AdobeStock_52207313-1024x680-1.jpeg\" alt=\"Primavera en Valle de las Caderechas\" class=\"wp-image-71668\"\/><figcaption class=\"wp-element-caption\">Por: Noradoa<\/figcaption><\/figure>\n\n\n\n<p>Las <strong>Caderechas<\/strong>, un tesoro escondido en La Bureba, cautiva con su paisaje m\u00e1gico, salpicado de bosques verdes y \u00e1rboles frutales que decoran pintorescos pueblos de arquitectura encantadora. Explorar sus carreteras tranquilas es sumergirse en un viaje lleno de sensaciones.<\/p>\n\n\n\n<p>Aunque cualquier momento es ideal para visitar este para\u00edso, es importante recordar que durante la primavera <strong>florecen los cerezos del valle de las Caderechas<\/strong>, dejando una escena digna de postal. Desde Salas de Bureba, una joya con casonas se\u00f1oriales, se inicia el camino hacia el coraz\u00f3n de Las Caderechas, donde se entrelazan bosques maduros y campos frutales, hogar de una rica fauna y famosas cerezas y manzanas reineta.<\/p>\n\n\n\n<p>Para completar este viaje de ensue\u00f1o, te recomendamos hospedarte en el pueblo de O\u00f1a, a tan solo 10 minutos en coche de Salas de Bureba. En esta aldea, encontrar\u00e1s la <a href=\"\/casa-rural\/burgos\/casa-rural--el-lobo\" target=\"_blank\" rel=\"noreferrer noopener\"><strong>Casa Rural El Lobo<\/strong><\/a>. Este alojamiento rural ofrece 9 habitaciones con ba\u00f1o y televisi\u00f3n, 2 salones, una cocina y un merendero con cocina de le\u00f1a. Rodeada por el parque natural \u00ab<strong>Los Montes Obarenes\u00bb<\/strong>, el entorno presenta una diversidad forestal con pinos, quejigos, encinas, enebros y arbustos, adem\u00e1s de hayas, arces y serbales. Sin duda, es una forma de continuar con tu aventura en un refugio en plena naturaleza para disfrutar de la serenidad y belleza del entorno.<\/p>\n\n\n\n<div class=\"wp-block-buttons is-layout-flex wp-block-buttons-is-layout-flex\">\n<div class=\"wp-block-button\"><a class=\"wp-block-button__link wp-element-button\" href=\"\/casa-rural\/burgos\/casa-rural--el-lobo\" target=\"_blank\" rel=\"noreferrer noopener\">M\u00e1s informaci\u00f3n<\/a><\/div>\n<\/div>\n\n\n\n<h2 class=\"wp-block-heading\" id=\"h-aitona-un-oasis-de-melocotoneros-floridos-en-lleida\">Aitona, un oasis de melocotoneros floridos en Lleida<\/h2>\n\n\n\n<figure class=\"wp-block-image size-large\"><img decoding=\"async\" src=\"https:\/\/www.escapadarural.com\/blog\/wp-content\/uploads\/2024\/10\/Aitona-melocotoneros-1-1024x580-1.jpg\" alt=\"Melocotoneros de Aitona en primavera\" class=\"wp-image-59139\"\/><figcaption class=\"wp-element-caption\">Melocotoneros de Aitona. Por caftor<\/figcaption><\/figure>\n\n\n\n<p><strong>Aitona<\/strong>, el secreto mejor guardado del Segri\u00e0, deslumbra con m\u00e1s de <strong>ocho mil hect\u00e1reas de melocotoneros<\/strong>, nectarinas y paraguayos que pintan sus campos en un espect\u00e1culo ros\u00e1ceo antes de la primavera.<\/p>\n\n\n\n<p>Este rinc\u00f3n transform\u00f3 su historia, de secano y cultivos tradicionales como el trigo, el olivar y los almendros, a la colorida paleta de melocotones gracias a las aguas de una antigua acequia \u00e1rabe. Desde finales de febrero hasta mediados de marzo, las flores despiertan en una danza impredecible. Si eres un<strong> amante de la bicicleta<\/strong>, te recomendamos que la incluyas en este viaje porque es una aut\u00e9ntica pasada pasear con ella entre los melocotoneros florecidos.<\/p>\n\n\n\n<p>Para poder alojarte cerca de este fen\u00f3meno natural espectacular, te aconsejamos descansar en <strong>Torrebesses<\/strong>, a 25 minutos en coche de Aitona. La casa rural <a href=\"\/casa-rural\/lleida\/casa-chalet-en-la-vileta-de-torrebesses\" target=\"_blank\" rel=\"noreferrer noopener\"><strong>Castell Palau Torrebesses<\/strong><\/a>, con m\u00e1s de 1000 a\u00f1os de historia, ofrece paz y tranquilidad a 15 minutos de Lleida. Rodeado de un rico patrimonio cultural, cuenta con una gu\u00eda tur\u00edstica los fines de semana y est\u00e1 situado junto al centro de interpretaci\u00f3n de la piedra seca.<\/p>\n\n\n\n<p>Adem\u00e1s, abarca 700\u202fm\u00b2 en un terreno de 1800\u202fm\u00b2. Cuenta con 4 habitaciones, 3 ba\u00f1os, garaje privado, jard\u00edn, terraza, calefacci\u00f3n, cocina equipada, piscina y zona de juegos. Es un <strong>refugio hist\u00f3rico con comodidades modernas<\/strong>, ideal para explorar la historia y disfrutar de la belleza de los melocotoneros en flor.<\/p>\n\n\n\n<div class=\"wp-block-buttons is-layout-flex wp-block-buttons-is-layout-flex\">\n<div class=\"wp-block-button\"><a class=\"wp-block-button__link wp-element-button\" href=\"\/casa-rural\/lleida\/casa-chalet-en-la-vileta-de-torrebesses\" target=\"_blank\" rel=\"noreferrer noopener\">M\u00e1s informaci\u00f3n<\/a><\/div>\n<\/div>\n","protected":false},"excerpt":{"rendered":"<p>\u00a1Hoy es, oficialmente, primavera! Y para la bienvenida a la estaci\u00f3n te recomendamos los pueblos m\u00e1s floridos que visitar en tu pr\u00f3xima escapada.<\/p>\n","protected":false},"author":85,"featured_media":71669,"comment_status":"open","ping_status":"open","sticky":false,"template":"","format":"standard","meta":{"_acf_changed":false,"om_disable_all_campaigns":false,"footnotes":""},"categories":[191],"tags":[260,215,257,212],"class_list":["post-71665","post","type-post","status-publish","format-standard","has-post-thumbnail","hentry","category-destinos","tag-articulo","tag-listado","tag-primavera","tag-pueblos"],"acf":[],"featured_image_src":"https:\/\/www.escapadarural.com\/blog\/wp-content\/uploads\/2024\/03\/AdobeStock_586476461-scaled-1.jpeg","author_info":{"display_name":"Redacci\u00f3n ER","author_link":"https:\/\/www.escapadarural.com\/blog\/autor\/admin\/"},"yoast_head":"<!-- This site is optimized with the Yoast SEO plugin v27.5 - https:\/\/yoast.com\/product\/yoast-seo-wordpress\/ -->\n<title>Los pueblos m\u00e1s floridos de Espa\u00f1a para dar la bienvenida a la primavera - EscapadaRural<\/title>\n<meta name=\"robots\" content=\"index, follow, max-snippet:-1, max-image-preview:large, max-video-preview:-1\" \/>\n<link rel=\"canonical\" href=\"https:\/\/www.escapadarural.com\/blog\/pueblos-floridos-en-primavera\/\" \/>\n<meta property=\"og:locale\" content=\"es_ES\" \/>\n<meta property=\"og:type\" content=\"article\" \/>\n<meta property=\"og:title\" content=\"Los pueblos m\u00e1s floridos de Espa\u00f1a para dar la bienvenida a la primavera - EscapadaRural\" \/>\n<meta property=\"og:description\" content=\"\u00a1Hoy es, oficialmente, primavera! Y para la bienvenida a la estaci\u00f3n te recomendamos los pueblos m\u00e1s floridos que visitar en tu pr\u00f3xima escapada.\" \/>\n<meta property=\"og:url\" content=\"https:\/\/www.escapadarural.com\/blog\/pueblos-floridos-en-primavera\/\" \/>\n<meta property=\"og:site_name\" content=\"Magazine de viajes de EscapadaRural\" \/>\n<meta property=\"article:publisher\" content=\"https:\/\/www.facebook.com\/escapadarural\" \/>\n<meta property=\"article:published_time\" content=\"2024-03-21T05:46:00+00:00\" \/>\n<meta property=\"article:modified_time\" content=\"2026-02-05T12:53:48+00:00\" \/>\n<meta property=\"og:image\" content=\"https:\/\/www.escapadarural.com\/blog\/wp-content\/uploads\/2024\/03\/AdobeStock_586476461-scaled-1.jpeg\" \/>\n\t<meta property=\"og:image:width\" content=\"2048\" \/>\n\t<meta property=\"og:image:height\" content=\"1365\" \/>\n\t<meta property=\"og:image:type\" content=\"image\/jpeg\" \/>\n<meta name=\"author\" content=\"Redacci\u00f3n ER\" \/>\n<meta name=\"twitter:card\" content=\"summary_large_image\" \/>\n<meta name=\"twitter:label1\" content=\"Escrito por\" \/>\n\t<meta name=\"twitter:data1\" content=\"Redacci\u00f3n ER\" \/>\n\t<meta name=\"twitter:label2\" content=\"Tiempo de lectura\" \/>\n\t<meta name=\"twitter:data2\" content=\"5 minutos\" \/>\n<script type=\"application\/ld+json\" class=\"yoast-schema-graph\">{\"@context\":\"https:\\\/\\\/schema.org\",\"@graph\":[{\"@type\":\"Article\",\"@id\":\"https:\\\/\\\/www.escapadarural.com\\\/blog\\\/pueblos-floridos-en-primavera\\\/#article\",\"isPartOf\":{\"@id\":\"https:\\\/\\\/www.escapadarural.com\\\/blog\\\/pueblos-floridos-en-primavera\\\/\"},\"author\":{\"name\":\"Redacci\u00f3n ER\",\"@id\":\"https:\\\/\\\/www.escapadarural.com\\\/blog\\\/#\\\/schema\\\/person\\\/bd5b0d7ad308a0bf4efed73e8308b4fa\"},\"headline\":\"Los pueblos m\u00e1s floridos de Espa\u00f1a para dar la bienvenida a la primavera\",\"datePublished\":\"2024-03-21T05:46:00+00:00\",\"dateModified\":\"2026-02-05T12:53:48+00:00\",\"mainEntityOfPage\":{\"@id\":\"https:\\\/\\\/www.escapadarural.com\\\/blog\\\/pueblos-floridos-en-primavera\\\/\"},\"wordCount\":859,\"commentCount\":2,\"publisher\":{\"@id\":\"https:\\\/\\\/www.escapadarural.com\\\/blog\\\/#organization\"},\"image\":{\"@id\":\"https:\\\/\\\/www.escapadarural.com\\\/blog\\\/pueblos-floridos-en-primavera\\\/#primaryimage\"},\"thumbnailUrl\":\"https:\\\/\\\/www.escapadarural.com\\\/blog\\\/wp-content\\\/uploads\\\/2024\\\/03\\\/AdobeStock_586476461-scaled-1.jpeg\",\"keywords\":[\"art\u00edculo\",\"Listado\",\"Primavera\",\"pueblos\"],\"articleSection\":[\"Destinos\"],\"inLanguage\":\"es\",\"potentialAction\":[{\"@type\":\"CommentAction\",\"name\":\"Comment\",\"target\":[\"https:\\\/\\\/www.escapadarural.com\\\/blog\\\/pueblos-floridos-en-primavera\\\/#respond\"]}]},{\"@type\":\"WebPage\",\"@id\":\"https:\\\/\\\/www.escapadarural.com\\\/blog\\\/pueblos-floridos-en-primavera\\\/\",\"url\":\"https:\\\/\\\/www.escapadarural.com\\\/blog\\\/pueblos-floridos-en-primavera\\\/\",\"name\":\"Los pueblos m\u00e1s floridos de Espa\u00f1a para dar la bienvenida a la primavera - EscapadaRural\",\"isPartOf\":{\"@id\":\"https:\\\/\\\/www.escapadarural.com\\\/blog\\\/#website\"},\"primaryImageOfPage\":{\"@id\":\"https:\\\/\\\/www.escapadarural.com\\\/blog\\\/pueblos-floridos-en-primavera\\\/#primaryimage\"},\"image\":{\"@id\":\"https:\\\/\\\/www.escapadarural.com\\\/blog\\\/pueblos-floridos-en-primavera\\\/#primaryimage\"},\"thumbnailUrl\":\"https:\\\/\\\/www.escapadarural.com\\\/blog\\\/wp-content\\\/uploads\\\/2024\\\/03\\\/AdobeStock_586476461-scaled-1.jpeg\",\"datePublished\":\"2024-03-21T05:46:00+00:00\",\"dateModified\":\"2026-02-05T12:53:48+00:00\",\"breadcrumb\":{\"@id\":\"https:\\\/\\\/www.escapadarural.com\\\/blog\\\/pueblos-floridos-en-primavera\\\/#breadcrumb\"},\"inLanguage\":\"es\",\"potentialAction\":[{\"@type\":\"ReadAction\",\"target\":[\"https:\\\/\\\/www.escapadarural.com\\\/blog\\\/pueblos-floridos-en-primavera\\\/\"]}]},{\"@type\":\"ImageObject\",\"inLanguage\":\"es\",\"@id\":\"https:\\\/\\\/www.escapadarural.com\\\/blog\\\/pueblos-floridos-en-primavera\\\/#primaryimage\",\"url\":\"https:\\\/\\\/www.escapadarural.com\\\/blog\\\/wp-content\\\/uploads\\\/2024\\\/03\\\/AdobeStock_586476461-scaled-1.jpeg\",\"contentUrl\":\"https:\\\/\\\/www.escapadarural.com\\\/blog\\\/wp-content\\\/uploads\\\/2024\\\/03\\\/AdobeStock_586476461-scaled-1.jpeg\",\"width\":2048,\"height\":1365,\"caption\":\"Primavera en Aitona. Por Nestor\"},{\"@type\":\"BreadcrumbList\",\"@id\":\"https:\\\/\\\/www.escapadarural.com\\\/blog\\\/pueblos-floridos-en-primavera\\\/#breadcrumb\",\"itemListElement\":[{\"@type\":\"ListItem\",\"position\":1,\"name\":\"Inicio\",\"item\":\"https:\\\/\\\/www.escapadarural.com\\\/blog\\\/\"},{\"@type\":\"ListItem\",\"position\":2,\"name\":\"Destinos\",\"item\":\"https:\\\/\\\/www.escapadarural.com\\\/blog\\\/categoria\\\/destinos\\\/\"},{\"@type\":\"ListItem\",\"position\":3,\"name\":\"Los pueblos m\u00e1s floridos de Espa\u00f1a para dar la bienvenida a la primavera\"}]},{\"@type\":\"WebSite\",\"@id\":\"https:\\\/\\\/www.escapadarural.com\\\/blog\\\/#website\",\"url\":\"https:\\\/\\\/www.escapadarural.com\\\/blog\\\/\",\"name\":\"Blog de viajes | turismo rural, alojamientos e inspiraci\u00f3n\",\"description\":\"Alojamientos rurales e inspiraci\u00f3n para tus escapadas\",\"publisher\":{\"@id\":\"https:\\\/\\\/www.escapadarural.com\\\/blog\\\/#organization\"},\"alternateName\":\"Magazine de viajes de EscapadaRural\",\"potentialAction\":[{\"@type\":\"SearchAction\",\"target\":{\"@type\":\"EntryPoint\",\"urlTemplate\":\"https:\\\/\\\/www.escapadarural.com\\\/blog\\\/?s={search_term_string}\"},\"query-input\":{\"@type\":\"PropertyValueSpecification\",\"valueRequired\":true,\"valueName\":\"search_term_string\"}}],\"inLanguage\":\"es\"},{\"@type\":\"Organization\",\"@id\":\"https:\\\/\\\/www.escapadarural.com\\\/blog\\\/#organization\",\"name\":\"EscapadaRural\",\"url\":\"https:\\\/\\\/www.escapadarural.com\\\/blog\\\/\",\"logo\":{\"@type\":\"ImageObject\",\"inLanguage\":\"es\",\"@id\":\"https:\\\/\\\/www.escapadarural.com\\\/blog\\\/#\\\/schema\\\/logo\\\/image\\\/\",\"url\":\"https:\\\/\\\/www.escapadarural.com\\\/blog\\\/wp-content\\\/uploads\\\/2024\\\/10\\\/cropped-cropped-escapada-rural-icon-mag-3.png\",\"contentUrl\":\"https:\\\/\\\/www.escapadarural.com\\\/blog\\\/wp-content\\\/uploads\\\/2024\\\/10\\\/cropped-cropped-escapada-rural-icon-mag-3.png\",\"width\":512,\"height\":512,\"caption\":\"EscapadaRural\"},\"image\":{\"@id\":\"https:\\\/\\\/www.escapadarural.com\\\/blog\\\/#\\\/schema\\\/logo\\\/image\\\/\"},\"sameAs\":[\"https:\\\/\\\/www.facebook.com\\\/escapadarural\",\"https:\\\/\\\/www.instagram.com\\\/escapadarural\\\/\",\"https:\\\/\\\/www.youtube.com\\\/@escapadaruralcom\"]},{\"@type\":\"Person\",\"@id\":\"https:\\\/\\\/www.escapadarural.com\\\/blog\\\/#\\\/schema\\\/person\\\/bd5b0d7ad308a0bf4efed73e8308b4fa\",\"name\":\"Redacci\u00f3n ER\",\"image\":{\"@type\":\"ImageObject\",\"inLanguage\":\"es\",\"@id\":\"https:\\\/\\\/www.escapadarural.com\\\/blog\\\/wp-content\\\/uploads\\\/2024\\\/10\\\/cropped-cropped-escapada-rural-icon-mag-3-96x96.png\",\"url\":\"https:\\\/\\\/www.escapadarural.com\\\/blog\\\/wp-content\\\/uploads\\\/2024\\\/10\\\/cropped-cropped-escapada-rural-icon-mag-3-96x96.png\",\"contentUrl\":\"https:\\\/\\\/www.escapadarural.com\\\/blog\\\/wp-content\\\/uploads\\\/2024\\\/10\\\/cropped-cropped-escapada-rural-icon-mag-3-96x96.png\",\"caption\":\"Redacci\u00f3n ER\"},\"description\":\"Nos encanta inspirar a viajeros y ayudar a los propietarios con nuestros contenidos\",\"url\":\"https:\\\/\\\/www.escapadarural.com\\\/blog\\\/autor\\\/admin\\\/\"}]}<\/script>\n<!-- \/ Yoast SEO plugin. -->","yoast_head_json":{"title":"Los pueblos m\u00e1s floridos de Espa\u00f1a para dar la bienvenida a la primavera - EscapadaRural","robots":{"index":"index","follow":"follow","max-snippet":"max-snippet:-1","max-image-preview":"max-image-preview:large","max-video-preview":"max-video-preview:-1"},"canonical":"https:\/\/www.escapadarural.com\/blog\/pueblos-floridos-en-primavera\/","og_locale":"es_ES","og_type":"article","og_title":"Los pueblos m\u00e1s floridos de Espa\u00f1a para dar la bienvenida a la primavera - EscapadaRural","og_description":"\u00a1Hoy es, oficialmente, primavera! Y para la bienvenida a la estaci\u00f3n te recomendamos los pueblos m\u00e1s floridos que visitar en tu pr\u00f3xima escapada.","og_url":"https:\/\/www.escapadarural.com\/blog\/pueblos-floridos-en-primavera\/","og_site_name":"Magazine de viajes de EscapadaRural","article_publisher":"https:\/\/www.facebook.com\/escapadarural","article_published_time":"2024-03-21T05:46:00+00:00","article_modified_time":"2026-02-05T12:53:48+00:00","og_image":[{"width":2048,"height":1365,"url":"https:\/\/www.escapadarural.com\/blog\/wp-content\/uploads\/2024\/03\/AdobeStock_586476461-scaled-1.jpeg","type":"image\/jpeg"}],"author":"Redacci\u00f3n ER","twitter_card":"summary_large_image","twitter_misc":{"Escrito por":"Redacci\u00f3n ER","Tiempo de lectura":"5 minutos"},"schema":{"@context":"https:\/\/schema.org","@graph":[{"@type":"Article","@id":"https:\/\/www.escapadarural.com\/blog\/pueblos-floridos-en-primavera\/#article","isPartOf":{"@id":"https:\/\/www.escapadarural.com\/blog\/pueblos-floridos-en-primavera\/"},"author":{"name":"Redacci\u00f3n ER","@id":"https:\/\/www.escapadarural.com\/blog\/#\/schema\/person\/bd5b0d7ad308a0bf4efed73e8308b4fa"},"headline":"Los pueblos m\u00e1s floridos de Espa\u00f1a para dar la bienvenida a la primavera","datePublished":"2024-03-21T05:46:00+00:00","dateModified":"2026-02-05T12:53:48+00:00","mainEntityOfPage":{"@id":"https:\/\/www.escapadarural.com\/blog\/pueblos-floridos-en-primavera\/"},"wordCount":859,"commentCount":2,"publisher":{"@id":"https:\/\/www.escapadarural.com\/blog\/#organization"},"image":{"@id":"https:\/\/www.escapadarural.com\/blog\/pueblos-floridos-en-primavera\/#primaryimage"},"thumbnailUrl":"https:\/\/www.escapadarural.com\/blog\/wp-content\/uploads\/2024\/03\/AdobeStock_586476461-scaled-1.jpeg","keywords":["art\u00edculo","Listado","Primavera","pueblos"],"articleSection":["Destinos"],"inLanguage":"es","potentialAction":[{"@type":"CommentAction","name":"Comment","target":["https:\/\/www.escapadarural.com\/blog\/pueblos-floridos-en-primavera\/#respond"]}]},{"@type":"WebPage","@id":"https:\/\/www.escapadarural.com\/blog\/pueblos-floridos-en-primavera\/","url":"https:\/\/www.escapadarural.com\/blog\/pueblos-floridos-en-primavera\/","name":"Los pueblos m\u00e1s floridos de Espa\u00f1a para dar la bienvenida a la primavera - EscapadaRural","isPartOf":{"@id":"https:\/\/www.escapadarural.com\/blog\/#website"},"primaryImageOfPage":{"@id":"https:\/\/www.escapadarural.com\/blog\/pueblos-floridos-en-primavera\/#primaryimage"},"image":{"@id":"https:\/\/www.escapadarural.com\/blog\/pueblos-floridos-en-primavera\/#primaryimage"},"thumbnailUrl":"https:\/\/www.escapadarural.com\/blog\/wp-content\/uploads\/2024\/03\/AdobeStock_586476461-scaled-1.jpeg","datePublished":"2024-03-21T05:46:00+00:00","dateModified":"2026-02-05T12:53:48+00:00","breadcrumb":{"@id":"https:\/\/www.escapadarural.com\/blog\/pueblos-floridos-en-primavera\/#breadcrumb"},"inLanguage":"es","potentialAction":[{"@type":"ReadAction","target":["https:\/\/www.escapadarural.com\/blog\/pueblos-floridos-en-primavera\/"]}]},{"@type":"ImageObject","inLanguage":"es","@id":"https:\/\/www.escapadarural.com\/blog\/pueblos-floridos-en-primavera\/#primaryimage","url":"https:\/\/www.escapadarural.com\/blog\/wp-content\/uploads\/2024\/03\/AdobeStock_586476461-scaled-1.jpeg","contentUrl":"https:\/\/www.escapadarural.com\/blog\/wp-content\/uploads\/2024\/03\/AdobeStock_586476461-scaled-1.jpeg","width":2048,"height":1365,"caption":"Primavera en Aitona. Por Nestor"},{"@type":"BreadcrumbList","@id":"https:\/\/www.escapadarural.com\/blog\/pueblos-floridos-en-primavera\/#breadcrumb","itemListElement":[{"@type":"ListItem","position":1,"name":"Inicio","item":"https:\/\/www.escapadarural.com\/blog\/"},{"@type":"ListItem","position":2,"name":"Destinos","item":"https:\/\/www.escapadarural.com\/blog\/categoria\/destinos\/"},{"@type":"ListItem","position":3,"name":"Los pueblos m\u00e1s floridos de Espa\u00f1a para dar la bienvenida a la primavera"}]},{"@type":"WebSite","@id":"https:\/\/www.escapadarural.com\/blog\/#website","url":"https:\/\/www.escapadarural.com\/blog\/","name":"Blog de viajes | turismo rural, alojamientos e inspiraci\u00f3n","description":"Alojamientos rurales e inspiraci\u00f3n para tus escapadas","publisher":{"@id":"https:\/\/www.escapadarural.com\/blog\/#organization"},"alternateName":"Magazine de viajes de EscapadaRural","potentialAction":[{"@type":"SearchAction","target":{"@type":"EntryPoint","urlTemplate":"https:\/\/www.escapadarural.com\/blog\/?s={search_term_string}"},"query-input":{"@type":"PropertyValueSpecification","valueRequired":true,"valueName":"search_term_string"}}],"inLanguage":"es"},{"@type":"Organization","@id":"https:\/\/www.escapadarural.com\/blog\/#organization","name":"EscapadaRural","url":"https:\/\/www.escapadarural.com\/blog\/","logo":{"@type":"ImageObject","inLanguage":"es","@id":"https:\/\/www.escapadarural.com\/blog\/#\/schema\/logo\/image\/","url":"https:\/\/www.escapadarural.com\/blog\/wp-content\/uploads\/2024\/10\/cropped-cropped-escapada-rural-icon-mag-3.png","contentUrl":"https:\/\/www.escapadarural.com\/blog\/wp-content\/uploads\/2024\/10\/cropped-cropped-escapada-rural-icon-mag-3.png","width":512,"height":512,"caption":"EscapadaRural"},"image":{"@id":"https:\/\/www.escapadarural.com\/blog\/#\/schema\/logo\/image\/"},"sameAs":["https:\/\/www.facebook.com\/escapadarural","https:\/\/www.instagram.com\/escapadarural\/","https:\/\/www.youtube.com\/@escapadaruralcom"]},{"@type":"Person","@id":"https:\/\/www.escapadarural.com\/blog\/#\/schema\/person\/bd5b0d7ad308a0bf4efed73e8308b4fa","name":"Redacci\u00f3n ER","image":{"@type":"ImageObject","inLanguage":"es","@id":"https:\/\/www.escapadarural.com\/blog\/wp-content\/uploads\/2024\/10\/cropped-cropped-escapada-rural-icon-mag-3-96x96.png","url":"https:\/\/www.escapadarural.com\/blog\/wp-content\/uploads\/2024\/10\/cropped-cropped-escapada-rural-icon-mag-3-96x96.png","contentUrl":"https:\/\/www.escapadarural.com\/blog\/wp-content\/uploads\/2024\/10\/cropped-cropped-escapada-rural-icon-mag-3-96x96.png","caption":"Redacci\u00f3n ER"},"description":"Nos encanta inspirar a viajeros y ayudar a los propietarios con nuestros contenidos","url":"https:\/\/www.escapadarural.com\/blog\/autor\/admin\/"}]}},"_links":{"self":[{"href":"https:\/\/www.escapadarural.com\/blog\/wp-json\/wp\/v2\/posts\/71665","targetHints":{"allow":["GET"]}}],"collection":[{"href":"https:\/\/www.escapadarural.com\/blog\/wp-json\/wp\/v2\/posts"}],"about":[{"href":"https:\/\/www.escapadarural.com\/blog\/wp-json\/wp\/v2\/types\/post"}],"author":[{"embeddable":true,"href":"https:\/\/www.escapadarural.com\/blog\/wp-json\/wp\/v2\/users\/85"}],"replies":[{"embeddable":true,"href":"https:\/\/www.escapadarural.com\/blog\/wp-json\/wp\/v2\/comments?post=71665"}],"version-history":[{"count":0,"href":"https:\/\/www.escapadarural.com\/blog\/wp-json\/wp\/v2\/posts\/71665\/revisions"}],"wp:featuredmedia":[{"embeddable":true,"href":"https:\/\/www.escapadarural.com\/blog\/wp-json\/wp\/v2\/media\/71669"}],"wp:attachment":[{"href":"https:\/\/www.escapadarural.com\/blog\/wp-json\/wp\/v2\/media?parent=71665"}],"wp:term":[{"taxonomy":"category","embeddable":true,"href":"https:\/\/www.escapadarural.com\/blog\/wp-json\/wp\/v2\/categories?post=71665"},{"taxonomy":"post_tag","embeddable":true,"href":"https:\/\/www.escapadarural.com\/blog\/wp-json\/wp\/v2\/tags?post=71665"}],"curies":[{"name":"wp","href":"https:\/\/api.w.org\/{rel}","templated":true}]}}