{"id":72359,"date":"2024-04-07T08:00:00","date_gmt":"2024-04-07T07:00:00","guid":{"rendered":"https:\/\/www.escapadarural.com\/blog\/?p=72359"},"modified":"2025-04-16T16:03:38","modified_gmt":"2025-04-16T14:03:38","slug":"ruta-de-las-dehesas-de-cercedilla","status":"publish","type":"post","link":"https:\/\/www.escapadarural.com\/blog\/ruta-de-las-dehesas-de-cercedilla\/","title":{"rendered":"La ruta de las dehesas de Cercedilla"},"content":{"rendered":"\n<figure class=\"wp-block-image size-large\"><img decoding=\"async\" src=\"https:\/\/www.escapadarural.com\/blog\/wp-content\/uploads\/2024\/10\/mirador-de-los-poetas-cercedilla-1024x683-1.jpg\" alt=\"Mirador de Los poetas en la ruta de las Dehesas de Cercedilla\" class=\"wp-image-72531\"\/><figcaption class=\"wp-element-caption\">Mirador de Los poetas en la ruta de las Dehesas de Cercedilla. Por pintxoman<\/figcaption><\/figure>\n\n\n\n<p>El nombre \u2018Madrid\u2019 evoca a lugares como la Puerta de Alcal\u00e1, la Gran V\u00eda, la plaza de Callao, la Puerta del Sol: sitios con mucho bullicio de gente que camina por todos sitios, cl\u00e1xones de coches, tiendas, ajetreo, las uvas de la Nochevieja. La gran ciudad en donde el parque del Retiro se erige como un oasis de calma y no siempre est\u00e1 abierto. <\/p>\n\n\n\n<p>De ah\u00ed, que muchos vecinos aprovechen sus d\u00edas libres para buscar espacios en los que respirar sin temor a que el humo ennegrezca sus pulmones y donde poder caminar sin tumultos, con el canto de los p\u00e1jaros como banda sonora. Y uno de los destinos estrella es <a href=\"\/casas-rurales\/cercedilla\">Cercedilla<\/a> y su ruta de las Dehesas de Cercedilla.<\/p>\n\n\n\n<p>Ese peque\u00f1o pueblo <strong>ubicado a una hora aproximadamente de la capital<\/strong> tiene <a href=\"\/blog\/que-ver-y-que-hacer-en-cercedilla\/\">m\u00faltiples atractivos<\/a> que explican su popularidad. Se encuentra en plena <a href=\"\/casas-rurales\/sierras-de-guadarrama-y-ayllon\">sierra del Guadarrama<\/a>, es f\u00e1cil llegar a \u00e9l en medios de transporte colectivos o en coche y adem\u00e1s de la naturaleza en la que se erige, la propia localidad tiene puntos interesantes.&nbsp;<\/p>\n\n\n\n<figure class=\"wp-block-image size-large\"><img decoding=\"async\" src=\"https:\/\/www.escapadarural.com\/blog\/wp-content\/uploads\/2024\/10\/ruta-de-las-Dehesas-de-Cercedilla-1024x683-1.jpg\" alt=\"Cercedilla\" class=\"wp-image-72532\"\/><figcaption class=\"wp-element-caption\">Cercedilla, Sierra de Guadarrama. Por I.Ruiz<\/figcaption><\/figure>\n\n\n\n<p>Por ejemplo, est\u00e1 el Museo del Esqu\u00ed, bautizado como Paquito Fern\u00e1ndez Ochoa, el \u00fanico espa\u00f1ol en conseguir una medalla de oro en unas Olimpiadas de Invierno. La iglesia de San Sebasti\u00e1n y la ermita de Santa Mar\u00eda son las muestras del arte sacro del lugar y los amantes de la literatura pueden seguir las huellas de <a href=\"https:\/\/www.escapadarural.com\/blog\/senda-de-los-miradores-de-los-poetas-caminos-y-literatura-en-la-sierra-de-madrid\/\">Los Poetas<\/a>, que pasan por los miradores de Vicente Aleixandre y Luis Rosales o \u2018el corralito de Gloria Fuertes\u2019.<\/p>\n\n\n\n<p>Pero, sin duda, es <strong>el entorno natural <\/strong>el im\u00e1n que atrae a los visitantes. Desde el propio pueblo parten numerosas rutas, pero tambi\u00e9n se puede escoger la que parte de la zona recreativa de Las Dehesas, una de las m\u00e1s famosas del lugar (se puede llegar en coche o caminando desde la estaci\u00f3n de tren). Est\u00e1 en la parte baja del valle de la Fuenfr\u00eda y cuenta con piscinas naturales, un ecoparque y la posibilidad de partir de ella para realizar senderismo.<\/p>\n\n\n\n<div class=\"wp-block-buttons is-layout-flex wp-block-buttons-is-layout-flex\">\n<div class=\"wp-block-button\"><a class=\"wp-block-button__link wp-element-button\" href=\"\/casas-rurales\/cercedilla\">Casas rurales en Cercedilla<\/a><\/div>\n<\/div>\n\n\n\n<h2 class=\"wp-block-heading\" id=\"h-la-ruta-de-las-dehesas-de-cercedilla-al-pico-majalasna-circular\"><strong>La ruta de las dehesas de Cercedilla al pico Majalasna<\/strong>: circular<\/h2>\n\n\n\n<figure class=\"wp-block-image size-large\"><img decoding=\"async\" src=\"https:\/\/www.escapadarural.com\/blog\/wp-content\/uploads\/2024\/10\/cercedilla-1024x683-1.jpg\" alt=\"Ruta de las dehesas por Cercedilla\" class=\"wp-image-72533\"\/><figcaption class=\"wp-element-caption\">Ruta de las dehesas por Cercedilla. Por pintxoman<\/figcaption><\/figure>\n\n\n\n<p>La ruta empieza desde la mencionada \u00e1rea recreativa y llega hasta el pico Majalasna para despu\u00e9s regresar al punto de partida. En total son unos <strong>12,3 kil\u00f3metros, su dificultad es moderada<\/strong> y se completa en unas cinco horas. Toda ella est\u00e1 se\u00f1alizada con c\u00edrculos amarillos.&nbsp;<\/p>\n\n\n\n<p>Es necesario ir bien equipados para la monta\u00f1a (puede haber zonas resbaladizas), aunque si no se tiene unos conocimientos de monta\u00f1ista experto <strong>no se recomienda ir en invierno<\/strong>. Se alcanza una altitud m\u00e1xima de 1.896 metros; la m\u00ednima es de 1.305 metros.<\/p>\n\n\n\n<p>El inicio es en el aparcamiento de Majavilan y sigue por la calzada romana o borb\u00f3nica. Esta duplicidad de nombre se debe a que durante mucho tiempo se pens\u00f3 que se trataba de la calzada romana la V\u00eda XXIV o Antonina pero, en 2006, se determin\u00f3 que hab\u00eda sido un <strong>encargo de Felipe V<\/strong> (de ah\u00ed su nombre) para poder atravesar la sierra desde Madrid hasta el Palacio Real de La Granja de San Ildefonso.<\/p>\n\n\n\n<figure class=\"wp-block-image size-large\"><img decoding=\"async\" src=\"https:\/\/www.escapadarural.com\/blog\/wp-content\/uploads\/2024\/10\/dehesas-de-cercedilla-1024x539-1.jpg\" alt=\"Ruta por las dehesas de cercedilla\" class=\"wp-image-72535\"\/><figcaption class=\"wp-element-caption\">Ruta por las dehesas de Cercedilla. Por pintxoman<\/figcaption><\/figure>\n\n\n\n<p>Al llegar al <strong>puente del Descalzo<\/strong> se sube la pendiente que lleva a la pradera de los Corralitos, punto en el que hay que desviarse por la carretera de la Rep\u00fablica. All\u00ed se toma el primer tramo del <strong>camino Schmidt<\/strong>: esta senda lleva el nombre de Eduardo Schmidt, que en 1926, en pleno apogeo de los clubs y sociedades de monta\u00f1eros, traz\u00f3 este camino que un\u00eda el puerto de Navacerrada con la sede de la la Real Sociedad de Alpinismo de Pe\u00f1alara, de la que era el socio n\u00famero trece. Una curiosidad: su nombre aparece citado en <em>El viaje a la Alcarria<\/em> de Camilo Jos\u00e9 Cela.<\/p>\n\n\n\n<p>Ese camino se recorre hasta llegar a la fuente de Ant\u00f3n Ruiz de Velasco, donde comienza su segundo tramo. Al alcanzar el Collado Ventoso se toma una nueva desviaci\u00f3n para entrar en la senda de los Alevines y alcanzar la pradera de Majalasna que precede al pico hom\u00f3nimo. A partir de ah\u00ed, comienza el descenso por la pradera hasta la de Navarrulaque, donde se toma un <strong>camino hasta el mirador de Los poetas<\/strong>.&nbsp;<\/p>\n\n\n\n<figure class=\"wp-block-image size-large\"><img decoding=\"async\" src=\"https:\/\/www.escapadarural.com\/blog\/wp-content\/uploads\/2024\/10\/cercedilla-cascada-1024x683-1.jpg\" alt=\"ladera de Majalasna\" class=\"wp-image-72536\"\/><figcaption class=\"wp-element-caption\">ladera de Majalasna. Por ABUELO RAMIRO<\/figcaption><\/figure>\n\n\n\n<p>A la derecha del <strong>mirador de Luis Rosales<\/strong> (uno de los literatos) hay un sendero, el del sevillano, que lleva hasta <strong>el Raso de Pedro Morales<\/strong>. Desde ah\u00ed, se camina hasta la fuente del Tercer Ret\u00e9n y se contin\u00faa hasta regresar al punto de partida.&nbsp;<\/p>\n\n\n\n<h2 class=\"wp-block-heading\" id=\"h-otras-rutas-desde-cercedilla\"><strong>Otras rutas desde Cercedilla<\/strong><\/h2>\n\n\n\n<p>Para los menos experimentados o que quieran hacer recorridos m\u00e1s cortos, existe la posibilidad de hacer otras sendas que parten desde diferentes puntos de Cercedilla, como <strong>el camino Puricelli<\/strong>. Sale del centro de visitantes del Valle de la Fuenfr\u00eda, es circular con una longitud de 4,93 kil\u00f3metros y un nivel de dificultad f\u00e1cil. Se completa en 95 minutos. Su recorrido pasa por zonas de vegetaci\u00f3n abundante con <strong>numerosas especies bot\u00e1nicas<\/strong>, supone un agradable paseo que se puede hacer durante cualquier \u00e9poca del a\u00f1o.<\/p>\n\n\n\n<p>Otra opci\u00f3n es la del <strong>camino del Agua<\/strong>, que antes se conoc\u00eda como el camino de las Canteras. Ten\u00eda ese nombre por la cantidad de canteras, ahora sin uso, que se encuentran durante el recorrido. Estas se usaban para extraer piedras redondeadas conocidas como \u2018bolos\u2019. Su distancia es de 4,93 kil\u00f3metros (solo de ida), su grado de <strong>dificultad es f\u00e1cil<\/strong> y se hace en 95 minutos. Parte del&nbsp; Museo del Esqu\u00ed y llega al Centro de Interpretaci\u00f3n Valle de la Fuenfr\u00eda pasando por los miradores de Los poetas, la fuente del Tercer Ret\u00e9n y la calzada romana.<\/p>\n\n\n\n<figure class=\"wp-block-image size-full\"><img loading=\"lazy\" decoding=\"async\" width=\"1024\" height=\"682\" src=\"https:\/\/www.escapadarural.com\/blog\/wp-content\/uploads\/2024\/04\/cascada_cercedilla.webp\" alt=\"Cascada de Cercedilla (Madrid)\" class=\"wp-image-197661\" srcset=\"https:\/\/www.escapadarural.com\/blog\/wp-content\/uploads\/2024\/04\/cascada_cercedilla-200x133.webp 200w, https:\/\/www.escapadarural.com\/blog\/wp-content\/uploads\/2024\/04\/cascada_cercedilla-300x200.webp 300w, https:\/\/www.escapadarural.com\/blog\/wp-content\/uploads\/2024\/04\/cascada_cercedilla-400x266.webp 400w, https:\/\/www.escapadarural.com\/blog\/wp-content\/uploads\/2024\/04\/cascada_cercedilla-600x400.webp 600w, https:\/\/www.escapadarural.com\/blog\/wp-content\/uploads\/2024\/04\/cascada_cercedilla-768x512.webp 768w, https:\/\/www.escapadarural.com\/blog\/wp-content\/uploads\/2024\/04\/cascada_cercedilla-800x533.webp 800w, https:\/\/www.escapadarural.com\/blog\/wp-content\/uploads\/2024\/04\/cascada_cercedilla.webp 1024w\" sizes=\"auto, (max-width: 1024px) 100vw, 1024px\" \/><figcaption class=\"wp-element-caption\">Cascada de Cercedilla (Madrid). Por MrWeaK<\/figcaption><\/figure>\n\n\n\n<p>Y una m\u00e1s es la del <strong>camino Victory<\/strong>, que lleva el nombre de otro miembro de <strong>la Real Sociedad de Alpinismo de Pe\u00f1alara<\/strong>, en este caso uno de sus presidentes, Antonio Victory. Parte del aparcamiento de Majavilan, sigue por la calzada romana y llega a la pradera de los Corralillos. Pasando por el puente que cruza el arroyo de la Navazuela, llega a un paraje conocido como la Ducha de los Alemanes y sube por una pendiente pronunciada hasta el Poyal del Rubio. <\/p>\n\n\n\n<p>Al llegar al cruce con la ruta de los miradores, se sigue el camino se\u00f1alizado con c\u00edrculos morados hasta la parte de atr\u00e1s del refugio de Aurrulaque y desde ah\u00ed se comienza la vuelta. Se puede deshacer el camino o tomar la carretera de la Rep\u00fablica.<\/p>\n","protected":false},"excerpt":{"rendered":"<p>La ruta de las dehesas de Cercedilla nos lleva por puentes, praderas, fuentes y miradores desde donde disfrutar de imponentes vistas de la sierra de Guadarrama. <\/p>\n","protected":false},"author":114,"featured_media":72531,"comment_status":"open","ping_status":"open","sticky":false,"template":"","format":"standard","meta":{"_acf_changed":false,"om_disable_all_campaigns":false,"footnotes":""},"categories":[1379],"tags":[1290,407,1291,1292],"class_list":["post-72359","post","type-post","status-publish","format-standard","has-post-thumbnail","hentry","category-rutas-y-excursiones","tag-cercedilla","tag-que-ver-en-madrid","tag-rutas-en-madrid","tag-sierra-del-guadarrama"],"acf":[],"featured_image_src":"https:\/\/www.escapadarural.com\/blog\/wp-content\/uploads\/2024\/04\/mirador-de-los-poetas-cercedilla-scaled-1.jpg","author_info":{"display_name":"Carmen L\u00f3pez","author_link":"https:\/\/www.escapadarural.com\/blog\/autor\/carmenlopez\/"},"yoast_head":"<!-- This site is optimized with the Yoast SEO plugin v27.5 - https:\/\/yoast.com\/product\/yoast-seo-wordpress\/ -->\n<title>La ruta de las dehesas de Cercedilla - EscapadaRural<\/title>\n<meta name=\"robots\" content=\"index, follow, max-snippet:-1, max-image-preview:large, max-video-preview:-1\" \/>\n<link rel=\"canonical\" href=\"https:\/\/www.escapadarural.com\/blog\/ruta-de-las-dehesas-de-cercedilla\/\" \/>\n<meta property=\"og:locale\" content=\"es_ES\" \/>\n<meta property=\"og:type\" content=\"article\" \/>\n<meta property=\"og:title\" content=\"La ruta de las dehesas de Cercedilla - EscapadaRural\" \/>\n<meta property=\"og:description\" content=\"La ruta de las dehesas de Cercedilla nos lleva por puentes, praderas, fuentes y miradores desde donde disfrutar de imponentes vistas de la sierra de Guadarrama.\" \/>\n<meta property=\"og:url\" content=\"https:\/\/www.escapadarural.com\/blog\/ruta-de-las-dehesas-de-cercedilla\/\" \/>\n<meta property=\"og:site_name\" content=\"Magazine de viajes de EscapadaRural\" \/>\n<meta property=\"article:publisher\" content=\"https:\/\/www.facebook.com\/escapadarural\" \/>\n<meta property=\"article:published_time\" content=\"2024-04-07T07:00:00+00:00\" \/>\n<meta property=\"article:modified_time\" content=\"2025-04-16T14:03:38+00:00\" \/>\n<meta property=\"og:image\" content=\"https:\/\/www.escapadarural.com\/blog\/wp-content\/uploads\/2024\/04\/mirador-de-los-poetas-cercedilla-scaled-1.jpg\" \/>\n\t<meta property=\"og:image:width\" content=\"2048\" \/>\n\t<meta property=\"og:image:height\" content=\"1366\" \/>\n\t<meta property=\"og:image:type\" content=\"image\/jpeg\" \/>\n<meta name=\"author\" content=\"Carmen L\u00f3pez\" \/>\n<meta name=\"twitter:card\" content=\"summary_large_image\" \/>\n<meta name=\"twitter:label1\" content=\"Escrito por\" \/>\n\t<meta name=\"twitter:data1\" content=\"Carmen L\u00f3pez\" \/>\n\t<meta name=\"twitter:label2\" content=\"Tiempo de lectura\" \/>\n\t<meta name=\"twitter:data2\" content=\"7 minutos\" \/>\n<script type=\"application\/ld+json\" class=\"yoast-schema-graph\">{\"@context\":\"https:\\\/\\\/schema.org\",\"@graph\":[{\"@type\":\"Article\",\"@id\":\"https:\\\/\\\/www.escapadarural.com\\\/blog\\\/ruta-de-las-dehesas-de-cercedilla\\\/#article\",\"isPartOf\":{\"@id\":\"https:\\\/\\\/www.escapadarural.com\\\/blog\\\/ruta-de-las-dehesas-de-cercedilla\\\/\"},\"author\":{\"name\":\"Carmen L\u00f3pez\",\"@id\":\"https:\\\/\\\/www.escapadarural.com\\\/blog\\\/#\\\/schema\\\/person\\\/42dfdff6118172efc6a04c8ae599a2ce\"},\"headline\":\"La ruta de las dehesas de Cercedilla\",\"datePublished\":\"2024-04-07T07:00:00+00:00\",\"dateModified\":\"2025-04-16T14:03:38+00:00\",\"mainEntityOfPage\":{\"@id\":\"https:\\\/\\\/www.escapadarural.com\\\/blog\\\/ruta-de-las-dehesas-de-cercedilla\\\/\"},\"wordCount\":1156,\"commentCount\":0,\"publisher\":{\"@id\":\"https:\\\/\\\/www.escapadarural.com\\\/blog\\\/#organization\"},\"image\":{\"@id\":\"https:\\\/\\\/www.escapadarural.com\\\/blog\\\/ruta-de-las-dehesas-de-cercedilla\\\/#primaryimage\"},\"thumbnailUrl\":\"https:\\\/\\\/www.escapadarural.com\\\/blog\\\/wp-content\\\/uploads\\\/2024\\\/04\\\/mirador-de-los-poetas-cercedilla-scaled-1.jpg\",\"keywords\":[\"Cercedilla\",\"Madrid\",\"Rutas en Madrid\",\"Sierra del Guadarrama\"],\"articleSection\":[\"Rutas y excursiones\"],\"inLanguage\":\"es\",\"potentialAction\":[{\"@type\":\"CommentAction\",\"name\":\"Comment\",\"target\":[\"https:\\\/\\\/www.escapadarural.com\\\/blog\\\/ruta-de-las-dehesas-de-cercedilla\\\/#respond\"]}]},{\"@type\":\"WebPage\",\"@id\":\"https:\\\/\\\/www.escapadarural.com\\\/blog\\\/ruta-de-las-dehesas-de-cercedilla\\\/\",\"url\":\"https:\\\/\\\/www.escapadarural.com\\\/blog\\\/ruta-de-las-dehesas-de-cercedilla\\\/\",\"name\":\"La ruta de las dehesas de Cercedilla - EscapadaRural\",\"isPartOf\":{\"@id\":\"https:\\\/\\\/www.escapadarural.com\\\/blog\\\/#website\"},\"primaryImageOfPage\":{\"@id\":\"https:\\\/\\\/www.escapadarural.com\\\/blog\\\/ruta-de-las-dehesas-de-cercedilla\\\/#primaryimage\"},\"image\":{\"@id\":\"https:\\\/\\\/www.escapadarural.com\\\/blog\\\/ruta-de-las-dehesas-de-cercedilla\\\/#primaryimage\"},\"thumbnailUrl\":\"https:\\\/\\\/www.escapadarural.com\\\/blog\\\/wp-content\\\/uploads\\\/2024\\\/04\\\/mirador-de-los-poetas-cercedilla-scaled-1.jpg\",\"datePublished\":\"2024-04-07T07:00:00+00:00\",\"dateModified\":\"2025-04-16T14:03:38+00:00\",\"breadcrumb\":{\"@id\":\"https:\\\/\\\/www.escapadarural.com\\\/blog\\\/ruta-de-las-dehesas-de-cercedilla\\\/#breadcrumb\"},\"inLanguage\":\"es\",\"potentialAction\":[{\"@type\":\"ReadAction\",\"target\":[\"https:\\\/\\\/www.escapadarural.com\\\/blog\\\/ruta-de-las-dehesas-de-cercedilla\\\/\"]}]},{\"@type\":\"ImageObject\",\"inLanguage\":\"es\",\"@id\":\"https:\\\/\\\/www.escapadarural.com\\\/blog\\\/ruta-de-las-dehesas-de-cercedilla\\\/#primaryimage\",\"url\":\"https:\\\/\\\/www.escapadarural.com\\\/blog\\\/wp-content\\\/uploads\\\/2024\\\/04\\\/mirador-de-los-poetas-cercedilla-scaled-1.jpg\",\"contentUrl\":\"https:\\\/\\\/www.escapadarural.com\\\/blog\\\/wp-content\\\/uploads\\\/2024\\\/04\\\/mirador-de-los-poetas-cercedilla-scaled-1.jpg\",\"width\":2048,\"height\":1366,\"caption\":\"Mirador de Los poetas. Ruta de las dehesas por Cercedilla. Por pintxoman\"},{\"@type\":\"BreadcrumbList\",\"@id\":\"https:\\\/\\\/www.escapadarural.com\\\/blog\\\/ruta-de-las-dehesas-de-cercedilla\\\/#breadcrumb\",\"itemListElement\":[{\"@type\":\"ListItem\",\"position\":1,\"name\":\"Inicio\",\"item\":\"https:\\\/\\\/www.escapadarural.com\\\/blog\\\/\"},{\"@type\":\"ListItem\",\"position\":2,\"name\":\"Rutas y excursiones\",\"item\":\"https:\\\/\\\/www.escapadarural.com\\\/blog\\\/categoria\\\/rutas-y-excursiones\\\/\"},{\"@type\":\"ListItem\",\"position\":3,\"name\":\"La ruta de las dehesas de Cercedilla\"}]},{\"@type\":\"WebSite\",\"@id\":\"https:\\\/\\\/www.escapadarural.com\\\/blog\\\/#website\",\"url\":\"https:\\\/\\\/www.escapadarural.com\\\/blog\\\/\",\"name\":\"Blog de viajes | turismo rural, alojamientos e inspiraci\u00f3n\",\"description\":\"Alojamientos rurales e inspiraci\u00f3n para tus escapadas\",\"publisher\":{\"@id\":\"https:\\\/\\\/www.escapadarural.com\\\/blog\\\/#organization\"},\"alternateName\":\"Magazine de viajes de EscapadaRural\",\"potentialAction\":[{\"@type\":\"SearchAction\",\"target\":{\"@type\":\"EntryPoint\",\"urlTemplate\":\"https:\\\/\\\/www.escapadarural.com\\\/blog\\\/?s={search_term_string}\"},\"query-input\":{\"@type\":\"PropertyValueSpecification\",\"valueRequired\":true,\"valueName\":\"search_term_string\"}}],\"inLanguage\":\"es\"},{\"@type\":\"Organization\",\"@id\":\"https:\\\/\\\/www.escapadarural.com\\\/blog\\\/#organization\",\"name\":\"EscapadaRural\",\"url\":\"https:\\\/\\\/www.escapadarural.com\\\/blog\\\/\",\"logo\":{\"@type\":\"ImageObject\",\"inLanguage\":\"es\",\"@id\":\"https:\\\/\\\/www.escapadarural.com\\\/blog\\\/#\\\/schema\\\/logo\\\/image\\\/\",\"url\":\"https:\\\/\\\/www.escapadarural.com\\\/blog\\\/wp-content\\\/uploads\\\/2024\\\/10\\\/cropped-cropped-escapada-rural-icon-mag-3.png\",\"contentUrl\":\"https:\\\/\\\/www.escapadarural.com\\\/blog\\\/wp-content\\\/uploads\\\/2024\\\/10\\\/cropped-cropped-escapada-rural-icon-mag-3.png\",\"width\":512,\"height\":512,\"caption\":\"EscapadaRural\"},\"image\":{\"@id\":\"https:\\\/\\\/www.escapadarural.com\\\/blog\\\/#\\\/schema\\\/logo\\\/image\\\/\"},\"sameAs\":[\"https:\\\/\\\/www.facebook.com\\\/escapadarural\",\"https:\\\/\\\/www.instagram.com\\\/escapadarural\\\/\",\"https:\\\/\\\/www.youtube.com\\\/@escapadaruralcom\"]},{\"@type\":\"Person\",\"@id\":\"https:\\\/\\\/www.escapadarural.com\\\/blog\\\/#\\\/schema\\\/person\\\/42dfdff6118172efc6a04c8ae599a2ce\",\"name\":\"Carmen L\u00f3pez\",\"image\":{\"@type\":\"ImageObject\",\"inLanguage\":\"es\",\"@id\":\"https:\\\/\\\/www.escapadarural.com\\\/blog\\\/wp-content\\\/uploads\\\/2024\\\/11\\\/cropped-perfil_eldiario-96x96-1-96x96.jpeg\",\"url\":\"https:\\\/\\\/www.escapadarural.com\\\/blog\\\/wp-content\\\/uploads\\\/2024\\\/11\\\/cropped-perfil_eldiario-96x96-1-96x96.jpeg\",\"contentUrl\":\"https:\\\/\\\/www.escapadarural.com\\\/blog\\\/wp-content\\\/uploads\\\/2024\\\/11\\\/cropped-perfil_eldiario-96x96-1-96x96.jpeg\",\"caption\":\"Carmen L\u00f3pez\"},\"description\":\"Soy periodista y escribo sobre cosas que importan en sitios que interesan desde hace m\u00e1s de una d\u00e9cada.\",\"url\":\"https:\\\/\\\/www.escapadarural.com\\\/blog\\\/autor\\\/carmenlopez\\\/\"}]}<\/script>\n<!-- \/ Yoast SEO plugin. -->","yoast_head_json":{"title":"La ruta de las dehesas de Cercedilla - EscapadaRural","robots":{"index":"index","follow":"follow","max-snippet":"max-snippet:-1","max-image-preview":"max-image-preview:large","max-video-preview":"max-video-preview:-1"},"canonical":"https:\/\/www.escapadarural.com\/blog\/ruta-de-las-dehesas-de-cercedilla\/","og_locale":"es_ES","og_type":"article","og_title":"La ruta de las dehesas de Cercedilla - EscapadaRural","og_description":"La ruta de las dehesas de Cercedilla nos lleva por puentes, praderas, fuentes y miradores desde donde disfrutar de imponentes vistas de la sierra de Guadarrama.","og_url":"https:\/\/www.escapadarural.com\/blog\/ruta-de-las-dehesas-de-cercedilla\/","og_site_name":"Magazine de viajes de EscapadaRural","article_publisher":"https:\/\/www.facebook.com\/escapadarural","article_published_time":"2024-04-07T07:00:00+00:00","article_modified_time":"2025-04-16T14:03:38+00:00","og_image":[{"width":2048,"height":1366,"url":"https:\/\/www.escapadarural.com\/blog\/wp-content\/uploads\/2024\/04\/mirador-de-los-poetas-cercedilla-scaled-1.jpg","type":"image\/jpeg"}],"author":"Carmen L\u00f3pez","twitter_card":"summary_large_image","twitter_misc":{"Escrito por":"Carmen L\u00f3pez","Tiempo de lectura":"7 minutos"},"schema":{"@context":"https:\/\/schema.org","@graph":[{"@type":"Article","@id":"https:\/\/www.escapadarural.com\/blog\/ruta-de-las-dehesas-de-cercedilla\/#article","isPartOf":{"@id":"https:\/\/www.escapadarural.com\/blog\/ruta-de-las-dehesas-de-cercedilla\/"},"author":{"name":"Carmen L\u00f3pez","@id":"https:\/\/www.escapadarural.com\/blog\/#\/schema\/person\/42dfdff6118172efc6a04c8ae599a2ce"},"headline":"La ruta de las dehesas de Cercedilla","datePublished":"2024-04-07T07:00:00+00:00","dateModified":"2025-04-16T14:03:38+00:00","mainEntityOfPage":{"@id":"https:\/\/www.escapadarural.com\/blog\/ruta-de-las-dehesas-de-cercedilla\/"},"wordCount":1156,"commentCount":0,"publisher":{"@id":"https:\/\/www.escapadarural.com\/blog\/#organization"},"image":{"@id":"https:\/\/www.escapadarural.com\/blog\/ruta-de-las-dehesas-de-cercedilla\/#primaryimage"},"thumbnailUrl":"https:\/\/www.escapadarural.com\/blog\/wp-content\/uploads\/2024\/04\/mirador-de-los-poetas-cercedilla-scaled-1.jpg","keywords":["Cercedilla","Madrid","Rutas en Madrid","Sierra del Guadarrama"],"articleSection":["Rutas y excursiones"],"inLanguage":"es","potentialAction":[{"@type":"CommentAction","name":"Comment","target":["https:\/\/www.escapadarural.com\/blog\/ruta-de-las-dehesas-de-cercedilla\/#respond"]}]},{"@type":"WebPage","@id":"https:\/\/www.escapadarural.com\/blog\/ruta-de-las-dehesas-de-cercedilla\/","url":"https:\/\/www.escapadarural.com\/blog\/ruta-de-las-dehesas-de-cercedilla\/","name":"La ruta de las dehesas de Cercedilla - EscapadaRural","isPartOf":{"@id":"https:\/\/www.escapadarural.com\/blog\/#website"},"primaryImageOfPage":{"@id":"https:\/\/www.escapadarural.com\/blog\/ruta-de-las-dehesas-de-cercedilla\/#primaryimage"},"image":{"@id":"https:\/\/www.escapadarural.com\/blog\/ruta-de-las-dehesas-de-cercedilla\/#primaryimage"},"thumbnailUrl":"https:\/\/www.escapadarural.com\/blog\/wp-content\/uploads\/2024\/04\/mirador-de-los-poetas-cercedilla-scaled-1.jpg","datePublished":"2024-04-07T07:00:00+00:00","dateModified":"2025-04-16T14:03:38+00:00","breadcrumb":{"@id":"https:\/\/www.escapadarural.com\/blog\/ruta-de-las-dehesas-de-cercedilla\/#breadcrumb"},"inLanguage":"es","potentialAction":[{"@type":"ReadAction","target":["https:\/\/www.escapadarural.com\/blog\/ruta-de-las-dehesas-de-cercedilla\/"]}]},{"@type":"ImageObject","inLanguage":"es","@id":"https:\/\/www.escapadarural.com\/blog\/ruta-de-las-dehesas-de-cercedilla\/#primaryimage","url":"https:\/\/www.escapadarural.com\/blog\/wp-content\/uploads\/2024\/04\/mirador-de-los-poetas-cercedilla-scaled-1.jpg","contentUrl":"https:\/\/www.escapadarural.com\/blog\/wp-content\/uploads\/2024\/04\/mirador-de-los-poetas-cercedilla-scaled-1.jpg","width":2048,"height":1366,"caption":"Mirador de Los poetas. Ruta de las dehesas por Cercedilla. Por pintxoman"},{"@type":"BreadcrumbList","@id":"https:\/\/www.escapadarural.com\/blog\/ruta-de-las-dehesas-de-cercedilla\/#breadcrumb","itemListElement":[{"@type":"ListItem","position":1,"name":"Inicio","item":"https:\/\/www.escapadarural.com\/blog\/"},{"@type":"ListItem","position":2,"name":"Rutas y excursiones","item":"https:\/\/www.escapadarural.com\/blog\/categoria\/rutas-y-excursiones\/"},{"@type":"ListItem","position":3,"name":"La ruta de las dehesas de Cercedilla"}]},{"@type":"WebSite","@id":"https:\/\/www.escapadarural.com\/blog\/#website","url":"https:\/\/www.escapadarural.com\/blog\/","name":"Blog de viajes | turismo rural, alojamientos e inspiraci\u00f3n","description":"Alojamientos rurales e inspiraci\u00f3n para tus escapadas","publisher":{"@id":"https:\/\/www.escapadarural.com\/blog\/#organization"},"alternateName":"Magazine de viajes de EscapadaRural","potentialAction":[{"@type":"SearchAction","target":{"@type":"EntryPoint","urlTemplate":"https:\/\/www.escapadarural.com\/blog\/?s={search_term_string}"},"query-input":{"@type":"PropertyValueSpecification","valueRequired":true,"valueName":"search_term_string"}}],"inLanguage":"es"},{"@type":"Organization","@id":"https:\/\/www.escapadarural.com\/blog\/#organization","name":"EscapadaRural","url":"https:\/\/www.escapadarural.com\/blog\/","logo":{"@type":"ImageObject","inLanguage":"es","@id":"https:\/\/www.escapadarural.com\/blog\/#\/schema\/logo\/image\/","url":"https:\/\/www.escapadarural.com\/blog\/wp-content\/uploads\/2024\/10\/cropped-cropped-escapada-rural-icon-mag-3.png","contentUrl":"https:\/\/www.escapadarural.com\/blog\/wp-content\/uploads\/2024\/10\/cropped-cropped-escapada-rural-icon-mag-3.png","width":512,"height":512,"caption":"EscapadaRural"},"image":{"@id":"https:\/\/www.escapadarural.com\/blog\/#\/schema\/logo\/image\/"},"sameAs":["https:\/\/www.facebook.com\/escapadarural","https:\/\/www.instagram.com\/escapadarural\/","https:\/\/www.youtube.com\/@escapadaruralcom"]},{"@type":"Person","@id":"https:\/\/www.escapadarural.com\/blog\/#\/schema\/person\/42dfdff6118172efc6a04c8ae599a2ce","name":"Carmen L\u00f3pez","image":{"@type":"ImageObject","inLanguage":"es","@id":"https:\/\/www.escapadarural.com\/blog\/wp-content\/uploads\/2024\/11\/cropped-perfil_eldiario-96x96-1-96x96.jpeg","url":"https:\/\/www.escapadarural.com\/blog\/wp-content\/uploads\/2024\/11\/cropped-perfil_eldiario-96x96-1-96x96.jpeg","contentUrl":"https:\/\/www.escapadarural.com\/blog\/wp-content\/uploads\/2024\/11\/cropped-perfil_eldiario-96x96-1-96x96.jpeg","caption":"Carmen L\u00f3pez"},"description":"Soy periodista y escribo sobre cosas que importan en sitios que interesan desde hace m\u00e1s de una d\u00e9cada.","url":"https:\/\/www.escapadarural.com\/blog\/autor\/carmenlopez\/"}]}},"_links":{"self":[{"href":"https:\/\/www.escapadarural.com\/blog\/wp-json\/wp\/v2\/posts\/72359","targetHints":{"allow":["GET"]}}],"collection":[{"href":"https:\/\/www.escapadarural.com\/blog\/wp-json\/wp\/v2\/posts"}],"about":[{"href":"https:\/\/www.escapadarural.com\/blog\/wp-json\/wp\/v2\/types\/post"}],"author":[{"embeddable":true,"href":"https:\/\/www.escapadarural.com\/blog\/wp-json\/wp\/v2\/users\/114"}],"replies":[{"embeddable":true,"href":"https:\/\/www.escapadarural.com\/blog\/wp-json\/wp\/v2\/comments?post=72359"}],"version-history":[{"count":0,"href":"https:\/\/www.escapadarural.com\/blog\/wp-json\/wp\/v2\/posts\/72359\/revisions"}],"wp:featuredmedia":[{"embeddable":true,"href":"https:\/\/www.escapadarural.com\/blog\/wp-json\/wp\/v2\/media\/72531"}],"wp:attachment":[{"href":"https:\/\/www.escapadarural.com\/blog\/wp-json\/wp\/v2\/media?parent=72359"}],"wp:term":[{"taxonomy":"category","embeddable":true,"href":"https:\/\/www.escapadarural.com\/blog\/wp-json\/wp\/v2\/categories?post=72359"},{"taxonomy":"post_tag","embeddable":true,"href":"https:\/\/www.escapadarural.com\/blog\/wp-json\/wp\/v2\/tags?post=72359"}],"curies":[{"name":"wp","href":"https:\/\/api.w.org\/{rel}","templated":true}]}}