{"id":72699,"date":"2024-04-19T11:11:57","date_gmt":"2024-04-19T10:11:57","guid":{"rendered":"https:\/\/www.escapadarural.com\/blog\/?p=72699"},"modified":"2025-04-16T14:03:24","modified_gmt":"2025-04-16T12:03:24","slug":"xorret-de-cati-bosque-de-alicante","status":"publish","type":"post","link":"https:\/\/www.escapadarural.com\/blog\/xorret-de-cati-bosque-de-alicante\/","title":{"rendered":"Xorret de Cat\u00ed, el bosque de Alicante donde veraneaban los trabajadores de TVE"},"content":{"rendered":"\n<figure class=\"wp-block-image size-large\"><img decoding=\"async\" src=\"https:\/\/www.escapadarural.com\/blog\/wp-content\/uploads\/2024\/10\/1920px-Panoramica_del_valle_de_Xorret_de_Cati_16222076080-1024x455-1.jpg\" alt=\"Xorret de Cat\u00ed\" class=\"wp-image-73004\"\/><figcaption class=\"wp-element-caption\">Xorret de Cat\u00ed. Por <a href=\"https:\/\/es.wikipedia.org\/wiki\/Xorret_de_Cat%C3%AD#\/media\/Archivo:Panor%C3%A1mica_del_valle_de_Xorret_de_Cat%C3%AD_(16222076080).jpg\" target=\"_blank\" rel=\"noreferrer noopener nofollow\">Jes\u00fas Alenda<\/a><\/figcaption><\/figure>\n\n\n\n<p>Muy cerca del mar Mediterr\u00e1neo, pero en un terreno muy monta\u00f1oso, se encuentra el espacio natural de Xorret de Cat\u00ed, en el t\u00e9rmino municipal de Castalla (L\u2019Alcoi\u00e0, <a href=\"\/casas-rurales\/alicante\">Alicante<\/a>). Tiene un gran valor ambiental y mucha belleza paisaj\u00edstica, con bosques de pino carrasco y matorral entre cumbres con alturas superiores a los 1.200 metros, destacando las sierras del Maigm\u00f3 y del Fraile, as\u00ed como crester\u00edas espectaculares y cortados rocosos sorprendentes.<\/p>\n\n\n\n<p>En el coraz\u00f3n de este rinc\u00f3n verde, siguiendo la carretera de Petrer a Castalla, hay un \u00e1rea de aparcamiento junto a la estatua de bronce de un ciclista y un edificio en el que podremos leer las indicaciones a un \u201chotel\u201d y una \u201ccafeter\u00eda\u201d, pese a que ambos establecimientos est\u00e1n cerrados. Si no sabemos qu\u00e9 es, nos parecer\u00e1 una construcci\u00f3n m\u00e1s, sin vida, que se ha quedado ah\u00ed, en medio de la monta\u00f1a, como el rastro de un negocio que no funcion\u00f3 o no se supo gestionar. Pero lo cierto es que tiene una historia detr\u00e1s de lo m\u00e1s peculiar.<\/p>\n\n\n\n<div class=\"wp-block-buttons is-layout-flex wp-block-buttons-is-layout-flex\">\n<div class=\"wp-block-button\"><a class=\"wp-block-button__link wp-element-button\" href=\"\/casas-rurales\/alicante\">Casas rurales en Alicante<\/a><\/div>\n<\/div>\n\n\n\n<h2 class=\"wp-block-heading\" id=\"h-una-residencia-vacacional-que-no-tuvo-mucho-exito\"><strong>Una residencia vacacional que no tuvo mucho \u00e9xito<\/strong><\/h2>\n\n\n\n<figure class=\"wp-block-embed is-type-video is-provider-youtube wp-block-embed-youtube wp-embed-aspect-16-9 wp-has-aspect-ratio\"><div class=\"wp-block-embed__wrapper\">\n<span class=\"0xF84nw3TDa7LJf1cyPNG9iouCZXI6Yq2gUeBbVSpv5jMszk\"><div class=\"video-shortcode\"><iframe title=\"Visita Xorret de Cat\u00ed\" width=\"1200\" height=\"675\" src=\"https:\/\/www.youtube.com\/embed\/S_QneLxVsCY?feature=oembed\" frameborder=\"0\" allow=\"accelerometer; autoplay; clipboard-write; encrypted-media; gyroscope; picture-in-picture; web-share\" referrerpolicy=\"strict-origin-when-cross-origin\" allowfullscreen><\/iframe><\/div><\/span>\n<\/div><\/figure>\n\n\n\n<p>Se trata de una antigua residencia vacacional que se construy\u00f3 en los a\u00f1os setenta,<strong> durante la dictadura franquista<\/strong>, para los trabajadores de Radio Televisi\u00f3n Espa\u00f1ola. En sus instalaciones tiene hasta un h\u00f3rreo que se transport\u00f3, por piezas, desde Asturias. <\/p>\n\n\n\n<p>Seguramente los trabajadores encontraron all\u00ed un lugar pl\u00e1cido y tranquilo en el que desconectar del estr\u00e9s de la actualidad informativa, pero parece que muchos no lo acabaron de valorar en un momento en el que se bombardeaba a los turistas con las campa\u00f1as de \u201csol y playa\u201d en Alicante y en su <a href=\"\/casas-rurales\/costa-blanca\">Costa Blanca<\/a> y la mayor\u00eda prefiri\u00f3 la arena, la sombrilla y las masificaciones a la paz de la naturaleza m\u00e1s salvaje. Y es que, pese a estar <strong>a escasos 50 kil\u00f3metros de la costa<\/strong>, la orograf\u00eda de Xorret de Cat\u00ed hace que el viaje en coche se alargue unos tres cuartos de hora.<\/p>\n\n\n<blockquote class=\"instagram-media\" data-instgrm-captioned data-instgrm-permalink=\"https:\/\/www.instagram.com\/p\/CiVsbQLNzhA\/?utm_source=ig_embed&amp;utm_campaign=loading\" data-instgrm-version=\"14\" style=\" background:#FFF; border:0; border-radius:3px; box-shadow:0 0 1px 0 rgba(0,0,0,0.5),0 1px 10px 0 rgba(0,0,0,0.15); margin: 1px; max-width:540px; min-width:326px; padding:0; width:99.375%; width:-webkit-calc(100% - 2px); width:calc(100% - 2px);\">\n<div style=\"padding:16px;\"> <a href=\"https:\/\/www.instagram.com\/p\/CiVsbQLNzhA\/?utm_source=ig_embed&amp;utm_campaign=loading\" style=\" background:#FFFFFF; line-height:0; padding:0 0; text-align:center; text-decoration:none; width:100%;\" target=\"_blank\" rel=\"noopener\"> <\/p>\n<div style=\" display: flex; flex-direction: row; align-items: center;\">\n<div style=\"background-color: #F4F4F4; border-radius: 50%; flex-grow: 0; height: 40px; margin-right: 14px; width: 40px;\"><\/div>\n<div style=\"display: flex; flex-direction: column; flex-grow: 1; justify-content: center;\">\n<div style=\" background-color: #F4F4F4; border-radius: 4px; flex-grow: 0; height: 14px; margin-bottom: 6px; width: 100px;\"><\/div>\n<div style=\" background-color: #F4F4F4; border-radius: 4px; flex-grow: 0; height: 14px; width: 60px;\"><\/div>\n<\/div>\n<\/div>\n<div style=\"padding: 19% 0;\"><\/div>\n<div style=\"display:block; height:50px; margin:0 auto 12px; width:50px;\"><svg width=\"50px\" height=\"50px\" viewBox=\"0 0 60 60\" version=\"1.1\" xmlns=\"https:\/\/www.w3.org\/2000\/svg\" xmlns:xlink=\"https:\/\/www.w3.org\/1999\/xlink\"><g stroke=\"none\" stroke-width=\"1\" fill=\"none\" fill-rule=\"evenodd\"><g transform=\"translate(-511.000000, -20.000000)\" fill=\"#000000\"><g><path d=\"M556.869,30.41 C554.814,30.41 553.148,32.076 553.148,34.131 C553.148,36.186 554.814,37.852 556.869,37.852 C558.924,37.852 560.59,36.186 560.59,34.131 C560.59,32.076 558.924,30.41 556.869,30.41 M541,60.657 C535.114,60.657 530.342,55.887 530.342,50 C530.342,44.114 535.114,39.342 541,39.342 C546.887,39.342 551.658,44.114 551.658,50 C551.658,55.887 546.887,60.657 541,60.657 M541,33.886 C532.1,33.886 524.886,41.1 524.886,50 C524.886,58.899 532.1,66.113 541,66.113 C549.9,66.113 557.115,58.899 557.115,50 C557.115,41.1 549.9,33.886 541,33.886 M565.378,62.101 C565.244,65.022 564.756,66.606 564.346,67.663 C563.803,69.06 563.154,70.057 562.106,71.106 C561.058,72.155 560.06,72.803 558.662,73.347 C557.607,73.757 556.021,74.244 553.102,74.378 C549.944,74.521 548.997,74.552 541,74.552 C533.003,74.552 532.056,74.521 528.898,74.378 C525.979,74.244 524.393,73.757 523.338,73.347 C521.94,72.803 520.942,72.155 519.894,71.106 C518.846,70.057 518.197,69.06 517.654,67.663 C517.244,66.606 516.755,65.022 516.623,62.101 C516.479,58.943 516.448,57.996 516.448,50 C516.448,42.003 516.479,41.056 516.623,37.899 C516.755,34.978 517.244,33.391 517.654,32.338 C518.197,30.938 518.846,29.942 519.894,28.894 C520.942,27.846 521.94,27.196 523.338,26.654 C524.393,26.244 525.979,25.756 528.898,25.623 C532.057,25.479 533.004,25.448 541,25.448 C548.997,25.448 549.943,25.479 553.102,25.623 C556.021,25.756 557.607,26.244 558.662,26.654 C560.06,27.196 561.058,27.846 562.106,28.894 C563.154,29.942 563.803,30.938 564.346,32.338 C564.756,33.391 565.244,34.978 565.378,37.899 C565.522,41.056 565.552,42.003 565.552,50 C565.552,57.996 565.522,58.943 565.378,62.101 M570.82,37.631 C570.674,34.438 570.167,32.258 569.425,30.349 C568.659,28.377 567.633,26.702 565.965,25.035 C564.297,23.368 562.623,22.342 560.652,21.575 C558.743,20.834 556.562,20.326 553.369,20.18 C550.169,20.033 549.148,20 541,20 C532.853,20 531.831,20.033 528.631,20.18 C525.438,20.326 523.257,20.834 521.349,21.575 C519.376,22.342 517.703,23.368 516.035,25.035 C514.368,26.702 513.342,28.377 512.574,30.349 C511.834,32.258 511.326,34.438 511.181,37.631 C511.035,40.831 511,41.851 511,50 C511,58.147 511.035,59.17 511.181,62.369 C511.326,65.562 511.834,67.743 512.574,69.651 C513.342,71.625 514.368,73.296 516.035,74.965 C517.703,76.634 519.376,77.658 521.349,78.425 C523.257,79.167 525.438,79.673 528.631,79.82 C531.831,79.965 532.853,80.001 541,80.001 C549.148,80.001 550.169,79.965 553.369,79.82 C556.562,79.673 558.743,79.167 560.652,78.425 C562.623,77.658 564.297,76.634 565.965,74.965 C567.633,73.296 568.659,71.625 569.425,69.651 C570.167,67.743 570.674,65.562 570.82,62.369 C570.966,59.17 571,58.147 571,50 C571,41.851 570.966,40.831 570.82,37.631\"><\/path><\/g><\/g><\/g><\/svg><\/div>\n<div style=\"padding-top: 8px;\">\n<div style=\" color:#3897f0; font-family:Arial,sans-serif; font-size:14px; font-style:normal; font-weight:550; line-height:18px;\">Ver esta publicaci\u00f3n en Instagram<\/div>\n<\/div>\n<div style=\"padding: 12.5% 0;\"><\/div>\n<div style=\"display: flex; flex-direction: row; margin-bottom: 14px; align-items: center;\">\n<div>\n<div style=\"background-color: #F4F4F4; border-radius: 50%; height: 12.5px; width: 12.5px; transform: translateX(0px) translateY(7px);\"><\/div>\n<div style=\"background-color: #F4F4F4; height: 12.5px; transform: rotate(-45deg) translateX(3px) translateY(1px); width: 12.5px; flex-grow: 0; margin-right: 14px; margin-left: 2px;\"><\/div>\n<div style=\"background-color: #F4F4F4; border-radius: 50%; height: 12.5px; width: 12.5px; transform: translateX(9px) translateY(-18px);\"><\/div>\n<\/div>\n<div style=\"margin-left: 8px;\">\n<div style=\" background-color: #F4F4F4; border-radius: 50%; flex-grow: 0; height: 20px; width: 20px;\"><\/div>\n<div style=\" width: 0; height: 0; border-top: 2px solid transparent; border-left: 6px solid #f4f4f4; border-bottom: 2px solid transparent; transform: translateX(16px) translateY(-4px) rotate(30deg)\"><\/div>\n<\/div>\n<div style=\"margin-left: auto;\">\n<div style=\" width: 0px; border-top: 8px solid #F4F4F4; border-right: 8px solid transparent; transform: translateY(16px);\"><\/div>\n<div style=\" background-color: #F4F4F4; flex-grow: 0; height: 12px; width: 16px; transform: translateY(-4px);\"><\/div>\n<div style=\" width: 0; height: 0; border-top: 8px solid #F4F4F4; border-left: 8px solid transparent; transform: translateY(-4px) translateX(8px);\"><\/div>\n<\/div>\n<\/div>\n<div style=\"display: flex; flex-direction: column; flex-grow: 1; justify-content: center; margin-bottom: 24px;\">\n<div style=\" background-color: #F4F4F4; border-radius: 4px; flex-grow: 0; height: 14px; margin-bottom: 6px; width: 224px;\"><\/div>\n<div style=\" background-color: #F4F4F4; border-radius: 4px; flex-grow: 0; height: 14px; width: 144px;\"><\/div>\n<\/div>\n<p><\/a><\/p>\n<p style=\" color:#c9c8cd; font-family:Arial,sans-serif; font-size:14px; line-height:17px; margin-bottom:0; margin-top:8px; overflow:hidden; padding:8px 0 7px; text-align:center; text-overflow:ellipsis; white-space:nowrap;\"><a href=\"https:\/\/www.instagram.com\/p\/CiVsbQLNzhA\/?utm_source=ig_embed&amp;utm_campaign=loading\" style=\" color:#c9c8cd; font-family:Arial,sans-serif; font-size:14px; font-style:normal; font-weight:normal; line-height:17px; text-decoration:none;\" target=\"_blank\" rel=\"noopener\">Una publicaci\u00f3n compartida de FRAN BALLESTER (@francisco_garcia_ballester)<\/a><\/p>\n<\/div>\n<\/blockquote>\n<p> <script async src=\"\/\/www.instagram.com\/embed.js\"><\/script><\/p>\n\n\n\n<p>El poco \u00e9xito que acab\u00f3 teniendo entre los trabajadores hizo que RTVE le pasara el edificio a la Diputaci\u00f3n de Alicante. Esta externaliz\u00f3 su gesti\u00f3n, de forma que se abri\u00f3 un hotel y una cafeter\u00eda que tuvo una buena acogida inicial, pero tampoco supo fue capaz de aguantar el paso de los a\u00f1os y acab\u00f3 cerrando definitivamente en 2012.<\/p>\n\n\n\n<p>En la actualidad, la cosa parece que vuelve a moverse y <strong>el edificio podr\u00eda tener una nueva vida<\/strong> . La Diputaci\u00f3n de Alicante est\u00e1 trabajando en un proyecto para convertir Xorret de Cat\u00ed en un reclamo para el turismo de interior. En \u00e9l se incluye una intervenci\u00f3n en el antiguo hotel para que recupere su actividad y forme parte de un complejo de ocio en el entorno natural, presumiblemente en forma de concesi\u00f3n administrativa a un grupo hotelero. Est\u00e1 por ver en qu\u00e9 se concreta, c\u00f3mo y cu\u00e1ndo.<\/p>\n\n\n\n<h2 class=\"wp-block-heading\" id=\"h-un-puerto-de-montana-mitico-de-la-vuelta-a-espana-ciclista\"><strong>Un puerto de monta\u00f1a m\u00edtico de la Vuelta a Espa\u00f1a ciclista<\/strong><\/h2>\n\n\n\n<figure class=\"wp-block-image size-large\"><a href=\"https:\/\/www.escapadarural.com\/blog\/wp-content\/uploads\/xorret-de-cati-scaled.jpg\"><img decoding=\"async\" src=\"https:\/\/www.escapadarural.com\/blog\/wp-content\/uploads\/2024\/10\/xorret-de-cati-1024x682-1.jpg\" alt=\"Xorret de Cat\u00ed\" class=\"wp-image-73005\"\/><\/a><figcaption class=\"wp-element-caption\">Xorret de Cat\u00ed. Por norrie39<\/figcaption><\/figure>\n\n\n\n<p>Xorret de Cat\u00ed es un paraje natural muy querido por los valencianos amantes de la monta\u00f1a. Y si hay un momento que se vive de manera especial y que acoge a <strong>muchos visitantes es durante la Vuelta a Espa\u00f1a ciclista<\/strong>. En varias ocasiones ha acogido etapas de la competici\u00f3n por su puerto de monta\u00f1a con pronunciados desniveles y tambi\u00e9n es destino habitual de amateurs que quieren ponerse a prueba y entrenar la fuerza y la resistencia.<\/p>\n\n\n\n<p>Fruto de esta relaci\u00f3n con la bici, desde 2003 hay una escultura de bronce, el \u201cMonumento al Ciclista\u201d, que rinde homenaje a este deporte y a sus aficionados y representa el esfuerzo realizado para llegar a la cumbre. En su pie, se detallan todos los corredores que han ganado aqu\u00ed una etapa de la Vuelta a Espa\u00f1a: desde Chava Jim\u00e9nez hasta Julien Alaphilippe.<\/p>\n\n\n\n<p>O quiz\u00e1s deber\u00edamos hablar en pasado. Porque a las curiosidades de Xorret de Cat\u00ed tenemos que sumarle <strong>el robo en 2023 de esta pieza<\/strong> de&#8230; \u00a1300 kilos y unas medidas de 175x55x178 cent\u00edmetros! El sorprendente caso est\u00e1 bajo procedimiento judicial y la Diputaci\u00f3n de Alicante ya manifest\u00f3 su intenci\u00f3n de restituir el monumento.<\/p>\n\n\n\n<h2 class=\"wp-block-heading\" id=\"h-tres-planes-imprescindibles-en-xorret-de-cati-y-alrededores\"><strong>Tres planes imprescindibles en Xorret de Cat\u00ed (y alrededores)<\/strong><\/h2>\n\n\n\n<figure class=\"wp-block-image size-large\"><a href=\"https:\/\/www.escapadarural.com\/blog\/wp-content\/uploads\/pico-del-Maigmo-scaled.jpg\"><img decoding=\"async\" src=\"https:\/\/www.escapadarural.com\/blog\/wp-content\/uploads\/2024\/10\/pico-del-Maigmo-1024x683-1.jpg\" alt=\"Pico del Maigm\u00f3\" class=\"wp-image-73006\"\/><\/a><figcaption class=\"wp-element-caption\">Pico del Maigm\u00f3. Por norrie39<\/figcaption><\/figure>\n\n\n\n<p>El paraje natural de Xorret de Cat\u00ed aguarda con <strong>multitud de rutas de senderismo<\/strong> \u2013la mayor\u00eda parten de la zona del aparcamiento y viejo hotel- y otras actividades de aventura. Si vais con sigilo, podr\u00edais toparos con alg\u00fan jabal\u00ed o con un ejemplar de arru\u00ed, que es una cabra salvaje oriunda de \u00c1frica que se introdujo aqu\u00ed con fines cineg\u00e9ticos; tambi\u00e9n hay jinetas, tejones o gatos monteses, adem\u00e1s de aves rapaces como el \u00e1guila real, el halc\u00f3n peregrino o el b\u00faho real.<\/p>\n\n\n\n<p>El nombre del lugar viene de la existencia de una <strong>antigua mina de agua<\/strong> de la que brota un \u201cxorret\u201d (chorro, en valenciano). Con ella se abastec\u00eda a las mas\u00edas de los alrededores y hoy est\u00e1 restaurada con fines recreativos. \u00bfQu\u00e9 es lo que no deber\u00edas perderte en Xorret de Cat\u00ed y alrededores? Hay van algunos planes:<\/p>\n\n\n\n<p>&#8211;<strong>Ruta de Xorret de Cat\u00ed al Despe\u00f1ador<\/strong>. Es una de las m\u00e1s t\u00edpicas del lugar, se\u00f1alizada como PR-CV 28 (marcas blancas y amarillas). Sale del aparcamiento y sube hasta el Alto del Despe\u00f1ado, a 1.261 metros, siguiendo una pista forestal y un peque\u00f1o tramo de senda escarpada. Son unos 7 kil\u00f3metros y un desnivel positivo de 300 metros. Arriba hay un v\u00e9rtice geod\u00e9sico desde el que podemos contemplar una precisa panor\u00e1mica de la hoya en la que est\u00e1 Xorret de Cat\u00ed, con el mar como tel\u00f3n de fondo.<\/p>\n\n\n\n<figure class=\"wp-block-image size-large\"><a href=\"https:\/\/www.escapadarural.com\/blog\/wp-content\/uploads\/Alto-del-Despenador-scaled.jpg\"><img decoding=\"async\" src=\"https:\/\/www.escapadarural.com\/blog\/wp-content\/uploads\/2024\/10\/Alto-del-Despenador-1024x682-1.jpg\" alt=\"El Alto del Despe\u00f1ador\" class=\"wp-image-73007\"\/><\/a><figcaption class=\"wp-element-caption\">El Alto del Despe\u00f1ador. Por norrie39<\/figcaption><\/figure>\n\n\n\n<p>&#8211;<strong>La V\u00eda Ferrata de Xorret de Cat\u00ed<\/strong>. Los amantes de la escalada tienen una v\u00eda equipada que est\u00e1 catalogada como K3 (algo dif\u00edcil). No es muy larga, pero es vertical y tiene una parte inicial algo desplomada. Es una manera de ascender r\u00e1pidamente y tener unas vistas impresionantes de los alrededores. Est\u00e1 muy bien equipada, pero es imprescindible llevar el material adecuado para hacerla: arn\u00e9s, casco y disipador.<\/p>\n\n\n\n<p>&#8211;<strong>Comer \u201cgazpachos manchegos\u201d en Castalla<\/strong>. Pese al nombre, esta comida tiene mucha tradici\u00f3n en las monta\u00f1as de Alicante, especialmente en esta zona. Hay varios restaurantes en los que podremos degustar este contundente manjar, pero destaca el famoso \u201cEl Vizcayo\u201d, que mezcla embutido y gazpachos sin l\u00edmite y con un precio cerrado. \u00a1Ideal para ir con hambre despu\u00e9s de pasar la ma\u00f1ana en el monte!<\/p>\n","protected":false},"excerpt":{"rendered":"<p>El espacio natural de Xorret de Cat\u00ed es una de las joyas naturales de Castalla, en Alicante. Durante la dictadura franquista sirvi\u00f3 de residencia vacacional a los trabajadores de RTVE. <\/p>\n","protected":false},"author":123,"featured_media":73004,"comment_status":"open","ping_status":"open","sticky":false,"template":"","format":"standard","meta":{"_acf_changed":false,"om_disable_all_campaigns":false,"footnotes":""},"categories":[191],"tags":[674,1316,469],"class_list":["post-72699","post","type-post","status-publish","format-standard","has-post-thumbnail","hentry","category-destinos","tag-que-ver-en-alicante","tag-castalla","tag-que-ver-en-la-comunidad-valenciana"],"acf":[],"featured_image_src":"https:\/\/www.escapadarural.com\/blog\/wp-content\/uploads\/2024\/04\/1920px-Panoramica_del_valle_de_Xorret_de_Cati_16222076080.jpg","author_info":{"display_name":"Raquel Andr\u00e9s","author_link":"https:\/\/www.escapadarural.com\/blog\/autor\/raquel\/"},"yoast_head":"<!-- This site is optimized with the Yoast SEO plugin v27.5 - https:\/\/yoast.com\/product\/yoast-seo-wordpress\/ -->\n<title>Xorret de Cat\u00ed<\/title>\n<meta name=\"robots\" content=\"index, follow, max-snippet:-1, max-image-preview:large, max-video-preview:-1\" \/>\n<link rel=\"canonical\" href=\"https:\/\/www.escapadarural.com\/blog\/xorret-de-cati-bosque-de-alicante\/\" \/>\n<meta property=\"og:locale\" content=\"es_ES\" \/>\n<meta property=\"og:type\" content=\"article\" \/>\n<meta property=\"og:title\" content=\"Xorret de Cat\u00ed\" \/>\n<meta property=\"og:description\" content=\"El espacio natural de Xorret de Cat\u00ed es una de las joyas naturales de Castalla, en Alicante. Durante la dictadura franquista sirvi\u00f3 de residencia vacacional a los trabajadores de RTVE.\" \/>\n<meta property=\"og:url\" content=\"https:\/\/www.escapadarural.com\/blog\/xorret-de-cati-bosque-de-alicante\/\" \/>\n<meta property=\"og:site_name\" content=\"Magazine de viajes de EscapadaRural\" \/>\n<meta property=\"article:publisher\" content=\"https:\/\/www.facebook.com\/escapadarural\" \/>\n<meta property=\"article:published_time\" content=\"2024-04-19T10:11:57+00:00\" \/>\n<meta property=\"article:modified_time\" content=\"2025-04-16T12:03:24+00:00\" \/>\n<meta property=\"og:image\" content=\"https:\/\/www.escapadarural.com\/blog\/wp-content\/uploads\/2024\/04\/1920px-Panoramica_del_valle_de_Xorret_de_Cati_16222076080.jpg\" \/>\n\t<meta property=\"og:image:width\" content=\"1920\" \/>\n\t<meta property=\"og:image:height\" content=\"854\" \/>\n\t<meta property=\"og:image:type\" content=\"image\/jpeg\" \/>\n<meta name=\"author\" content=\"Raquel Andr\u00e9s\" \/>\n<meta name=\"twitter:card\" content=\"summary_large_image\" \/>\n<meta name=\"twitter:label1\" content=\"Escrito por\" \/>\n\t<meta name=\"twitter:data1\" content=\"Raquel Andr\u00e9s\" \/>\n\t<meta name=\"twitter:label2\" content=\"Tiempo de lectura\" \/>\n\t<meta name=\"twitter:data2\" content=\"6 minutos\" \/>\n<script type=\"application\/ld+json\" class=\"yoast-schema-graph\">{\"@context\":\"https:\\\/\\\/schema.org\",\"@graph\":[{\"@type\":\"Article\",\"@id\":\"https:\\\/\\\/www.escapadarural.com\\\/blog\\\/xorret-de-cati-bosque-de-alicante\\\/#article\",\"isPartOf\":{\"@id\":\"https:\\\/\\\/www.escapadarural.com\\\/blog\\\/xorret-de-cati-bosque-de-alicante\\\/\"},\"author\":{\"name\":\"Raquel Andr\u00e9s\",\"@id\":\"https:\\\/\\\/www.escapadarural.com\\\/blog\\\/#\\\/schema\\\/person\\\/67be061eb00d8315fa8642e01b88c894\"},\"headline\":\"Xorret de Cat\u00ed, el bosque de Alicante donde veraneaban los trabajadores de TVE\",\"datePublished\":\"2024-04-19T10:11:57+00:00\",\"dateModified\":\"2025-04-16T12:03:24+00:00\",\"mainEntityOfPage\":{\"@id\":\"https:\\\/\\\/www.escapadarural.com\\\/blog\\\/xorret-de-cati-bosque-de-alicante\\\/\"},\"wordCount\":1178,\"commentCount\":0,\"publisher\":{\"@id\":\"https:\\\/\\\/www.escapadarural.com\\\/blog\\\/#organization\"},\"image\":{\"@id\":\"https:\\\/\\\/www.escapadarural.com\\\/blog\\\/xorret-de-cati-bosque-de-alicante\\\/#primaryimage\"},\"thumbnailUrl\":\"https:\\\/\\\/www.escapadarural.com\\\/blog\\\/wp-content\\\/uploads\\\/2024\\\/04\\\/1920px-Panoramica_del_valle_de_Xorret_de_Cati_16222076080.jpg\",\"keywords\":[\"Alicante\",\"Castalla\",\"Comunidad Valenciana\"],\"articleSection\":[\"Destinos\"],\"inLanguage\":\"es\",\"potentialAction\":[{\"@type\":\"CommentAction\",\"name\":\"Comment\",\"target\":[\"https:\\\/\\\/www.escapadarural.com\\\/blog\\\/xorret-de-cati-bosque-de-alicante\\\/#respond\"]}]},{\"@type\":\"WebPage\",\"@id\":\"https:\\\/\\\/www.escapadarural.com\\\/blog\\\/xorret-de-cati-bosque-de-alicante\\\/\",\"url\":\"https:\\\/\\\/www.escapadarural.com\\\/blog\\\/xorret-de-cati-bosque-de-alicante\\\/\",\"name\":\"Xorret de Cat\u00ed\",\"isPartOf\":{\"@id\":\"https:\\\/\\\/www.escapadarural.com\\\/blog\\\/#website\"},\"primaryImageOfPage\":{\"@id\":\"https:\\\/\\\/www.escapadarural.com\\\/blog\\\/xorret-de-cati-bosque-de-alicante\\\/#primaryimage\"},\"image\":{\"@id\":\"https:\\\/\\\/www.escapadarural.com\\\/blog\\\/xorret-de-cati-bosque-de-alicante\\\/#primaryimage\"},\"thumbnailUrl\":\"https:\\\/\\\/www.escapadarural.com\\\/blog\\\/wp-content\\\/uploads\\\/2024\\\/04\\\/1920px-Panoramica_del_valle_de_Xorret_de_Cati_16222076080.jpg\",\"datePublished\":\"2024-04-19T10:11:57+00:00\",\"dateModified\":\"2025-04-16T12:03:24+00:00\",\"breadcrumb\":{\"@id\":\"https:\\\/\\\/www.escapadarural.com\\\/blog\\\/xorret-de-cati-bosque-de-alicante\\\/#breadcrumb\"},\"inLanguage\":\"es\",\"potentialAction\":[{\"@type\":\"ReadAction\",\"target\":[\"https:\\\/\\\/www.escapadarural.com\\\/blog\\\/xorret-de-cati-bosque-de-alicante\\\/\"]}]},{\"@type\":\"ImageObject\",\"inLanguage\":\"es\",\"@id\":\"https:\\\/\\\/www.escapadarural.com\\\/blog\\\/xorret-de-cati-bosque-de-alicante\\\/#primaryimage\",\"url\":\"https:\\\/\\\/www.escapadarural.com\\\/blog\\\/wp-content\\\/uploads\\\/2024\\\/04\\\/1920px-Panoramica_del_valle_de_Xorret_de_Cati_16222076080.jpg\",\"contentUrl\":\"https:\\\/\\\/www.escapadarural.com\\\/blog\\\/wp-content\\\/uploads\\\/2024\\\/04\\\/1920px-Panoramica_del_valle_de_Xorret_de_Cati_16222076080.jpg\",\"width\":1920,\"height\":854,\"caption\":\"Xorret de Cat\u00ed. Por Jes\u00fas Alenda\"},{\"@type\":\"BreadcrumbList\",\"@id\":\"https:\\\/\\\/www.escapadarural.com\\\/blog\\\/xorret-de-cati-bosque-de-alicante\\\/#breadcrumb\",\"itemListElement\":[{\"@type\":\"ListItem\",\"position\":1,\"name\":\"Inicio\",\"item\":\"https:\\\/\\\/www.escapadarural.com\\\/blog\\\/\"},{\"@type\":\"ListItem\",\"position\":2,\"name\":\"Destinos\",\"item\":\"https:\\\/\\\/www.escapadarural.com\\\/blog\\\/categoria\\\/destinos\\\/\"},{\"@type\":\"ListItem\",\"position\":3,\"name\":\"Xorret de Cat\u00ed, el bosque de Alicante donde veraneaban los trabajadores de TVE\"}]},{\"@type\":\"WebSite\",\"@id\":\"https:\\\/\\\/www.escapadarural.com\\\/blog\\\/#website\",\"url\":\"https:\\\/\\\/www.escapadarural.com\\\/blog\\\/\",\"name\":\"Blog de viajes | turismo rural, alojamientos e inspiraci\u00f3n\",\"description\":\"Alojamientos rurales e inspiraci\u00f3n para tus escapadas\",\"publisher\":{\"@id\":\"https:\\\/\\\/www.escapadarural.com\\\/blog\\\/#organization\"},\"alternateName\":\"Magazine de viajes de EscapadaRural\",\"potentialAction\":[{\"@type\":\"SearchAction\",\"target\":{\"@type\":\"EntryPoint\",\"urlTemplate\":\"https:\\\/\\\/www.escapadarural.com\\\/blog\\\/?s={search_term_string}\"},\"query-input\":{\"@type\":\"PropertyValueSpecification\",\"valueRequired\":true,\"valueName\":\"search_term_string\"}}],\"inLanguage\":\"es\"},{\"@type\":\"Organization\",\"@id\":\"https:\\\/\\\/www.escapadarural.com\\\/blog\\\/#organization\",\"name\":\"EscapadaRural\",\"url\":\"https:\\\/\\\/www.escapadarural.com\\\/blog\\\/\",\"logo\":{\"@type\":\"ImageObject\",\"inLanguage\":\"es\",\"@id\":\"https:\\\/\\\/www.escapadarural.com\\\/blog\\\/#\\\/schema\\\/logo\\\/image\\\/\",\"url\":\"https:\\\/\\\/www.escapadarural.com\\\/blog\\\/wp-content\\\/uploads\\\/2024\\\/10\\\/cropped-cropped-escapada-rural-icon-mag-3.png\",\"contentUrl\":\"https:\\\/\\\/www.escapadarural.com\\\/blog\\\/wp-content\\\/uploads\\\/2024\\\/10\\\/cropped-cropped-escapada-rural-icon-mag-3.png\",\"width\":512,\"height\":512,\"caption\":\"EscapadaRural\"},\"image\":{\"@id\":\"https:\\\/\\\/www.escapadarural.com\\\/blog\\\/#\\\/schema\\\/logo\\\/image\\\/\"},\"sameAs\":[\"https:\\\/\\\/www.facebook.com\\\/escapadarural\",\"https:\\\/\\\/www.instagram.com\\\/escapadarural\\\/\",\"https:\\\/\\\/www.youtube.com\\\/@escapadaruralcom\"]},{\"@type\":\"Person\",\"@id\":\"https:\\\/\\\/www.escapadarural.com\\\/blog\\\/#\\\/schema\\\/person\\\/67be061eb00d8315fa8642e01b88c894\",\"name\":\"Raquel Andr\u00e9s\",\"image\":{\"@type\":\"ImageObject\",\"inLanguage\":\"es\",\"@id\":\"https:\\\/\\\/secure.gravatar.com\\\/avatar\\\/b45840531462f3cafb335a9fc5c0bfda2c07c3df4b82b304b923526b85cc6cb5?s=96&d=mm&r=g\",\"url\":\"https:\\\/\\\/secure.gravatar.com\\\/avatar\\\/b45840531462f3cafb335a9fc5c0bfda2c07c3df4b82b304b923526b85cc6cb5?s=96&d=mm&r=g\",\"contentUrl\":\"https:\\\/\\\/secure.gravatar.com\\\/avatar\\\/b45840531462f3cafb335a9fc5c0bfda2c07c3df4b82b304b923526b85cc6cb5?s=96&d=mm&r=g\",\"caption\":\"Raquel Andr\u00e9s\"},\"description\":\"Periodista y aventurera. Me has podido leer en Escapada Rural, Diari Nosaltres La Veu, La Vanguardia, El Salto y otros medios. Habitante y amante de las zonas rurales, sea cual sea el destino. Procuro escaparme una vez por semana con las botas de monta\u00f1a, el arn\u00e9s o el neopreno. Tambi\u00e9n soy un intento de baserritarra.\",\"url\":\"https:\\\/\\\/www.escapadarural.com\\\/blog\\\/autor\\\/raquel\\\/\"}]}<\/script>\n<!-- \/ Yoast SEO plugin. -->","yoast_head_json":{"title":"Xorret de Cat\u00ed","robots":{"index":"index","follow":"follow","max-snippet":"max-snippet:-1","max-image-preview":"max-image-preview:large","max-video-preview":"max-video-preview:-1"},"canonical":"https:\/\/www.escapadarural.com\/blog\/xorret-de-cati-bosque-de-alicante\/","og_locale":"es_ES","og_type":"article","og_title":"Xorret de Cat\u00ed","og_description":"El espacio natural de Xorret de Cat\u00ed es una de las joyas naturales de Castalla, en Alicante. Durante la dictadura franquista sirvi\u00f3 de residencia vacacional a los trabajadores de RTVE.","og_url":"https:\/\/www.escapadarural.com\/blog\/xorret-de-cati-bosque-de-alicante\/","og_site_name":"Magazine de viajes de EscapadaRural","article_publisher":"https:\/\/www.facebook.com\/escapadarural","article_published_time":"2024-04-19T10:11:57+00:00","article_modified_time":"2025-04-16T12:03:24+00:00","og_image":[{"width":1920,"height":854,"url":"https:\/\/www.escapadarural.com\/blog\/wp-content\/uploads\/2024\/04\/1920px-Panoramica_del_valle_de_Xorret_de_Cati_16222076080.jpg","type":"image\/jpeg"}],"author":"Raquel Andr\u00e9s","twitter_card":"summary_large_image","twitter_misc":{"Escrito por":"Raquel Andr\u00e9s","Tiempo de lectura":"6 minutos"},"schema":{"@context":"https:\/\/schema.org","@graph":[{"@type":"Article","@id":"https:\/\/www.escapadarural.com\/blog\/xorret-de-cati-bosque-de-alicante\/#article","isPartOf":{"@id":"https:\/\/www.escapadarural.com\/blog\/xorret-de-cati-bosque-de-alicante\/"},"author":{"name":"Raquel Andr\u00e9s","@id":"https:\/\/www.escapadarural.com\/blog\/#\/schema\/person\/67be061eb00d8315fa8642e01b88c894"},"headline":"Xorret de Cat\u00ed, el bosque de Alicante donde veraneaban los trabajadores de TVE","datePublished":"2024-04-19T10:11:57+00:00","dateModified":"2025-04-16T12:03:24+00:00","mainEntityOfPage":{"@id":"https:\/\/www.escapadarural.com\/blog\/xorret-de-cati-bosque-de-alicante\/"},"wordCount":1178,"commentCount":0,"publisher":{"@id":"https:\/\/www.escapadarural.com\/blog\/#organization"},"image":{"@id":"https:\/\/www.escapadarural.com\/blog\/xorret-de-cati-bosque-de-alicante\/#primaryimage"},"thumbnailUrl":"https:\/\/www.escapadarural.com\/blog\/wp-content\/uploads\/2024\/04\/1920px-Panoramica_del_valle_de_Xorret_de_Cati_16222076080.jpg","keywords":["Alicante","Castalla","Comunidad Valenciana"],"articleSection":["Destinos"],"inLanguage":"es","potentialAction":[{"@type":"CommentAction","name":"Comment","target":["https:\/\/www.escapadarural.com\/blog\/xorret-de-cati-bosque-de-alicante\/#respond"]}]},{"@type":"WebPage","@id":"https:\/\/www.escapadarural.com\/blog\/xorret-de-cati-bosque-de-alicante\/","url":"https:\/\/www.escapadarural.com\/blog\/xorret-de-cati-bosque-de-alicante\/","name":"Xorret de Cat\u00ed","isPartOf":{"@id":"https:\/\/www.escapadarural.com\/blog\/#website"},"primaryImageOfPage":{"@id":"https:\/\/www.escapadarural.com\/blog\/xorret-de-cati-bosque-de-alicante\/#primaryimage"},"image":{"@id":"https:\/\/www.escapadarural.com\/blog\/xorret-de-cati-bosque-de-alicante\/#primaryimage"},"thumbnailUrl":"https:\/\/www.escapadarural.com\/blog\/wp-content\/uploads\/2024\/04\/1920px-Panoramica_del_valle_de_Xorret_de_Cati_16222076080.jpg","datePublished":"2024-04-19T10:11:57+00:00","dateModified":"2025-04-16T12:03:24+00:00","breadcrumb":{"@id":"https:\/\/www.escapadarural.com\/blog\/xorret-de-cati-bosque-de-alicante\/#breadcrumb"},"inLanguage":"es","potentialAction":[{"@type":"ReadAction","target":["https:\/\/www.escapadarural.com\/blog\/xorret-de-cati-bosque-de-alicante\/"]}]},{"@type":"ImageObject","inLanguage":"es","@id":"https:\/\/www.escapadarural.com\/blog\/xorret-de-cati-bosque-de-alicante\/#primaryimage","url":"https:\/\/www.escapadarural.com\/blog\/wp-content\/uploads\/2024\/04\/1920px-Panoramica_del_valle_de_Xorret_de_Cati_16222076080.jpg","contentUrl":"https:\/\/www.escapadarural.com\/blog\/wp-content\/uploads\/2024\/04\/1920px-Panoramica_del_valle_de_Xorret_de_Cati_16222076080.jpg","width":1920,"height":854,"caption":"Xorret de Cat\u00ed. Por Jes\u00fas Alenda"},{"@type":"BreadcrumbList","@id":"https:\/\/www.escapadarural.com\/blog\/xorret-de-cati-bosque-de-alicante\/#breadcrumb","itemListElement":[{"@type":"ListItem","position":1,"name":"Inicio","item":"https:\/\/www.escapadarural.com\/blog\/"},{"@type":"ListItem","position":2,"name":"Destinos","item":"https:\/\/www.escapadarural.com\/blog\/categoria\/destinos\/"},{"@type":"ListItem","position":3,"name":"Xorret de Cat\u00ed, el bosque de Alicante donde veraneaban los trabajadores de TVE"}]},{"@type":"WebSite","@id":"https:\/\/www.escapadarural.com\/blog\/#website","url":"https:\/\/www.escapadarural.com\/blog\/","name":"Blog de viajes | turismo rural, alojamientos e inspiraci\u00f3n","description":"Alojamientos rurales e inspiraci\u00f3n para tus escapadas","publisher":{"@id":"https:\/\/www.escapadarural.com\/blog\/#organization"},"alternateName":"Magazine de viajes de EscapadaRural","potentialAction":[{"@type":"SearchAction","target":{"@type":"EntryPoint","urlTemplate":"https:\/\/www.escapadarural.com\/blog\/?s={search_term_string}"},"query-input":{"@type":"PropertyValueSpecification","valueRequired":true,"valueName":"search_term_string"}}],"inLanguage":"es"},{"@type":"Organization","@id":"https:\/\/www.escapadarural.com\/blog\/#organization","name":"EscapadaRural","url":"https:\/\/www.escapadarural.com\/blog\/","logo":{"@type":"ImageObject","inLanguage":"es","@id":"https:\/\/www.escapadarural.com\/blog\/#\/schema\/logo\/image\/","url":"https:\/\/www.escapadarural.com\/blog\/wp-content\/uploads\/2024\/10\/cropped-cropped-escapada-rural-icon-mag-3.png","contentUrl":"https:\/\/www.escapadarural.com\/blog\/wp-content\/uploads\/2024\/10\/cropped-cropped-escapada-rural-icon-mag-3.png","width":512,"height":512,"caption":"EscapadaRural"},"image":{"@id":"https:\/\/www.escapadarural.com\/blog\/#\/schema\/logo\/image\/"},"sameAs":["https:\/\/www.facebook.com\/escapadarural","https:\/\/www.instagram.com\/escapadarural\/","https:\/\/www.youtube.com\/@escapadaruralcom"]},{"@type":"Person","@id":"https:\/\/www.escapadarural.com\/blog\/#\/schema\/person\/67be061eb00d8315fa8642e01b88c894","name":"Raquel Andr\u00e9s","image":{"@type":"ImageObject","inLanguage":"es","@id":"https:\/\/secure.gravatar.com\/avatar\/b45840531462f3cafb335a9fc5c0bfda2c07c3df4b82b304b923526b85cc6cb5?s=96&d=mm&r=g","url":"https:\/\/secure.gravatar.com\/avatar\/b45840531462f3cafb335a9fc5c0bfda2c07c3df4b82b304b923526b85cc6cb5?s=96&d=mm&r=g","contentUrl":"https:\/\/secure.gravatar.com\/avatar\/b45840531462f3cafb335a9fc5c0bfda2c07c3df4b82b304b923526b85cc6cb5?s=96&d=mm&r=g","caption":"Raquel Andr\u00e9s"},"description":"Periodista y aventurera. Me has podido leer en Escapada Rural, Diari Nosaltres La Veu, La Vanguardia, El Salto y otros medios. Habitante y amante de las zonas rurales, sea cual sea el destino. Procuro escaparme una vez por semana con las botas de monta\u00f1a, el arn\u00e9s o el neopreno. Tambi\u00e9n soy un intento de baserritarra.","url":"https:\/\/www.escapadarural.com\/blog\/autor\/raquel\/"}]}},"_links":{"self":[{"href":"https:\/\/www.escapadarural.com\/blog\/wp-json\/wp\/v2\/posts\/72699","targetHints":{"allow":["GET"]}}],"collection":[{"href":"https:\/\/www.escapadarural.com\/blog\/wp-json\/wp\/v2\/posts"}],"about":[{"href":"https:\/\/www.escapadarural.com\/blog\/wp-json\/wp\/v2\/types\/post"}],"author":[{"embeddable":true,"href":"https:\/\/www.escapadarural.com\/blog\/wp-json\/wp\/v2\/users\/123"}],"replies":[{"embeddable":true,"href":"https:\/\/www.escapadarural.com\/blog\/wp-json\/wp\/v2\/comments?post=72699"}],"version-history":[{"count":0,"href":"https:\/\/www.escapadarural.com\/blog\/wp-json\/wp\/v2\/posts\/72699\/revisions"}],"wp:featuredmedia":[{"embeddable":true,"href":"https:\/\/www.escapadarural.com\/blog\/wp-json\/wp\/v2\/media\/73004"}],"wp:attachment":[{"href":"https:\/\/www.escapadarural.com\/blog\/wp-json\/wp\/v2\/media?parent=72699"}],"wp:term":[{"taxonomy":"category","embeddable":true,"href":"https:\/\/www.escapadarural.com\/blog\/wp-json\/wp\/v2\/categories?post=72699"},{"taxonomy":"post_tag","embeddable":true,"href":"https:\/\/www.escapadarural.com\/blog\/wp-json\/wp\/v2\/tags?post=72699"}],"curies":[{"name":"wp","href":"https:\/\/api.w.org\/{rel}","templated":true}]}}