{"id":72935,"date":"2024-04-22T08:22:31","date_gmt":"2024-04-22T07:22:31","guid":{"rendered":"https:\/\/www.escapadarural.com\/blog\/?p=72935"},"modified":"2025-04-16T14:00:22","modified_gmt":"2025-04-16T12:00:22","slug":"pueblo-donde-nacio-el-quijote","status":"publish","type":"post","link":"https:\/\/www.escapadarural.com\/blog\/pueblo-donde-nacio-el-quijote\/","title":{"rendered":"El pueblo medieval que vio nacer a El Quijote de Cervantes"},"content":{"rendered":"\n<figure class=\"wp-block-image size-large\"><a href=\"https:\/\/www.escapadarural.com\/blog\/wp-content\/uploads\/Rascafria-scaled.jpg\"><img decoding=\"async\" src=\"https:\/\/www.escapadarural.com\/blog\/wp-content\/uploads\/2024\/10\/Rascafria-1024x768-1.jpg\" alt=\"Rascafr\u00eda, el pueblo en el que naci\u00f3 El Quijote\" class=\"wp-image-72937\"\/><\/a><figcaption class=\"wp-element-caption\">Rascafr\u00eda, el lugar donde naci\u00f3 El Quijote. Por Comunidad de Madrid<\/figcaption><\/figure>\n\n\n\n<p><a href=\"\/casas-rurales\/rascafria\">Rascafr\u00eda<\/a> es un pueblo de origen <strong>medieval<\/strong>, situado a una hora de Madrid, con un entorno natural que encanta a los <strong>viajeros<\/strong>. Con la sierra de Guadarrama como tel\u00f3n de fondo y el r\u00edo Lozoya serpenteando por el valle, el lugar se ha convertido en un destino tur\u00edstico de \u00e9xito asegurado.&nbsp;&nbsp;<\/p>\n\n\n\n<p>En sus 150 kil\u00f3metros cuadrados, el municipio ofrece un gran abanico de posibilidades al visitante, desde excursiones por la nieve con raqueta, hasta rutas en bici o visitas a una iglesia y un convento de imponente arquitectura. Es m\u00e1s, por si esto fuera poco, la localidad ofrece incluso la posibilidad de ver <strong>cascadas <\/strong>o viajar a Finlandia sin salir de Madrid haciendo senderismo por su frondoso <a href=\"https:\/\/www.escapadarural.com\/blog\/el-bosque-finlandes-belleza-escandinava-en-la-sierra-norte-de-madrid\/\">bosque Finland\u00e9s<\/a>.<\/p>\n\n\n\n<figure class=\"wp-block-image size-large\"><a href=\"https:\/\/www.escapadarural.com\/blog\/wp-content\/uploads\/Cascada-del-pradillo-scaled.jpg\"><img decoding=\"async\" src=\"https:\/\/www.escapadarural.com\/blog\/wp-content\/uploads\/2024\/10\/Cascada-del-pradillo-1024x727-1.jpg\" alt=\"Cascada del Pradillo\" class=\"wp-image-72942\"\/><\/a><figcaption class=\"wp-element-caption\">Cascada del Pradillo. Por Comunidad de Madrid<\/figcaption><\/figure>\n\n\n\n<div class=\"wp-block-buttons is-layout-flex wp-block-buttons-is-layout-flex\">\n<div class=\"wp-block-button\"><a class=\"wp-block-button__link wp-element-button\" href=\"\/casas-rurales\/rascafria\">Casas rurales en Rascafr\u00eda<\/a><\/div>\n<\/div>\n\n\n\n<h2 class=\"wp-block-heading\" id=\"h-cuna-del-quijote\">Cuna del <em>Quijote<\/em><\/h2>\n\n\n\n<p>Sin embargo, son pocos los que saben que en este pintoresco pueblo tuvo lugar un acontecimiento crucial que marc\u00f3 el inicio de <em><strong>El Quijote<\/strong><\/em>, la obra inmortal de<strong> Miguel de Cervantes<\/strong> Saavedra (1547-1616).&nbsp;<\/p>\n\n\n\n<p>La primera edici\u00f3n de la novela sali\u00f3 a la venta el 16 de enero de 1605, y la localidad madrile\u00f1a tuvo mucho que ver en ello, ya que el papel utilizado para los 1.700 ejemplares que se imprimieron se fabric\u00f3 en el molino de los Batanes. As\u00ed, podr\u00eda decirse que <a href=\"https:\/\/www.escapadarural.com\/blog\/guia-de-rascafria\/\">Rascafr\u00eda<\/a> es la cuna de<em> El ingenioso hidalgo don Quijote de la Mancha,<\/em> uno de los hitos m\u00e1s importantes de la <strong>literatura <\/strong>mundial.<\/p>\n\n\n\n<h2 class=\"wp-block-heading\" id=\"h-a-cargo-de-los-monjes\">A cargo de los monjes<\/h2>\n\n\n\n<p>Los monjes de la Orden de la Cartuja fueron los encargados de gestionar durante a\u00f1os este molino de papel que abasteci\u00f3 a la villa hasta la desamortizaci\u00f3n de los bienes del clero en el a\u00f1o 1835.&nbsp;<\/p>\n\n\n\n<p>Hasta ese momento, los cartujos iban y ven\u00edan desde el monasterio del Paular hasta los Batanes a trav\u00e9s del Puente del Perd\u00f3n, utilizado en la \u00e9poca para la celebraci\u00f3n de juicios populares en los que se indultaba o mandaba a la horca a aquellos que hubiesen cometido alg\u00fan delito.<\/p>\n\n\n\n<figure class=\"wp-block-image size-full\"><a href=\"https:\/\/www.escapadarural.com\/blog\/wp-content\/uploads\/2024\/10\/El-Paular.jpg\"><img loading=\"lazy\" decoding=\"async\" width=\"850\" height=\"564\" src=\"https:\/\/www.escapadarural.com\/blog\/wp-content\/uploads\/2024\/10\/El-Paular.jpg\" alt=\"El Paular\" class=\"wp-image-92598\" srcset=\"https:\/\/www.escapadarural.com\/blog\/wp-content\/uploads\/2024\/10\/El-Paular-200x133.jpg 200w, https:\/\/www.escapadarural.com\/blog\/wp-content\/uploads\/2024\/10\/El-Paular-300x199.jpg 300w, https:\/\/www.escapadarural.com\/blog\/wp-content\/uploads\/2024\/10\/El-Paular-400x265.jpg 400w, https:\/\/www.escapadarural.com\/blog\/wp-content\/uploads\/2024\/10\/El-Paular-600x398.jpg 600w, https:\/\/www.escapadarural.com\/blog\/wp-content\/uploads\/2024\/10\/El-Paular-768x510.jpg 768w, https:\/\/www.escapadarural.com\/blog\/wp-content\/uploads\/2024\/10\/El-Paular-800x531.jpg 800w, https:\/\/www.escapadarural.com\/blog\/wp-content\/uploads\/2024\/10\/El-Paular.jpg 850w\" sizes=\"auto, (max-width: 850px) 100vw, 850px\" \/><\/a><figcaption class=\"wp-element-caption\">El Paular. Por Comunidad de Madrid<\/figcaption><\/figure>\n\n\n\n<p>Las primeras p\u00e1ginas sobre las aventuras y desventuras del que quiso ser caballero andante por tierras manchegas se elaboraron a partir de pulpa de trapos de lino y algod\u00f3n, ya que el de celulosa todav\u00eda no se utilizaba.&nbsp;<\/p>\n\n\n\n<p>Despu\u00e9s, fue la imprenta de Juan de la Cuesta, en la calle Atocha de Madrid, donde se imprimi\u00f3 esa primera edici\u00f3n, compuesta por 664 p\u00e1ginas y 52 cap\u00edtulos. En el lugar se encuentra actualmente la Sociedad Cervantina, donde el visitante puede observar una r\u00e9plica exacta de la imprenta que se utiliz\u00f3.&nbsp;<\/p>\n\n\n\n<p>Seg\u00fan la oficina de cultura y patrimonio de la Comunidad de Madrid, ya en algunos documentos del siglo XV \u201cse atestigua la existencia de oficiales encargados del funcionamiento de un molino de papel o molino batanero, del que sali\u00f3 el papel para la <em>editio princeps<\/em> de <em>El Quijote<\/em> de Cervantes\u201d.&nbsp;<\/p>\n\n\n\n<p>M\u00e1s tarde, \u201ctras la desamortizaci\u00f3n y, sobre todo, con la administraci\u00f3n y control de las aguas del Lozoya por parte del canal de Isabel II, a finales del siglo XIX y principios del XX, tanto los molinos como el resto de estructuras hidr\u00e1ulicas de la finca quedaron en desuso o se arruinaron\u201d.<\/p>\n\n\n\n<figure class=\"wp-block-image size-large is-resized\"><a href=\"https:\/\/www.escapadarural.com\/blog\/wp-content\/uploads\/3467912797_8d9368f8f8_k.jpg\"><img decoding=\"async\" src=\"https:\/\/www.escapadarural.com\/blog\/wp-content\/uploads\/2024\/10\/3467912797_8d9368f8f8_k-1024x740-1.jpg\" alt=\"Libro Don Quijote\" class=\"wp-image-72940\" style=\"aspect-ratio:1.3837837837837839;width:781px;height:auto\"\/><\/a><figcaption class=\"wp-element-caption\">El ingenioso hidalgo Don Quijote de la Mancha: edici\u00f3n adornada de 1840. Por <a href=\"https:\/\/www.flickr.com\/photos\/banrepcultural\/3467912797\" target=\"_blank\" rel=\"noreferrer noopener nofollow\">Banrepcultural<\/a><\/figcaption><\/figure>\n\n\n\n<h2 class=\"wp-block-heading\" id=\"h-el-quijote-cautiva-a-los-indigenas-mexicanos\">El Quijote cautiva a los ind\u00edgenas mexicanos<\/h2>\n\n\n\n<p>Este hito de la literatura se ha traducido a m\u00e1s de 140 idiomas, siendo as\u00ed una de las m\u00e1s traducidas en el mundo, adem\u00e1s de estar en el top cinco de las obras m\u00e1s le\u00eddas del planeta con m\u00e1s de 500 millones de ejemplares impresos.<\/p>\n\n\n\n<p>Muestra de la popularidad de la obra de Cervantes es que hasta \u201cdos artistas ind\u00edgenas tradujeron a su idioma un compendio de la famosa novela y lo ilustraron en pencas de maguey como una forma de fomentar la lectura en los ni\u00f1os y fortalecer la lengua h\u00f1ah\u00f1u, hablada por los pueblos otom\u00edes\u201d, explica la Asociaci\u00f3n de Cervantistas.&nbsp;<\/p>\n\n\n\n<h2 class=\"wp-block-heading\" id=\"h-las-segundas-partes-fueron-buenas\">Las segundas partes \u00bffueron buenas?<\/h2>\n\n\n\n<p>Seguramente os suene aquella frase de \u201cnunca las segundas partes fueron buenas\u201d. Muchas fuentes apuntan al<em> Quijote<\/em> como la primera obra que la incluy\u00f3 y aunque no se ha podido demostrar que el dicho provenga del mism\u00edsimo Cervantes, nadie mejor que \u00e9l para desmontarlo de pies a cabeza.&nbsp;<\/p>\n\n\n\n<figure class=\"wp-block-image size-large\"><a href=\"https:\/\/www.escapadarural.com\/blog\/wp-content\/uploads\/Retrato-cervantes.jpg\"><img decoding=\"async\" src=\"https:\/\/www.escapadarural.com\/blog\/wp-content\/uploads\/2024\/10\/Retrato-cervantes-1024x929-1.jpg\" alt=\"Cervantes\" class=\"wp-image-72943\"\/><\/a><figcaption class=\"wp-element-caption\">Cervantes. Por <a href=\"https:\/\/commons.wikimedia.org\/wiki\/File:Retrato-cervantes.jpg\" target=\"_blank\" rel=\"noreferrer noopener nofollow\">Liteeurop16<\/a><\/figcaption><\/figure>\n\n\n\n<p>Muchos se preguntar\u00e1n por qu\u00e9 decimos esto, y es que, hasta este hito de la literatura tuvo sus horas bajas, nada m\u00e1s nacer en 1605. \u00bfEl motivo? Pues recurrimos a ese otro dicho de \u201cv\u00edsteme despacio que tengo prisa\u201d, y es que la primera edici\u00f3n se public\u00f3 a todo gas para adelantarse a la segunda parte de <em>Guzm\u00e1n de Alfarache<\/em>, una novela picaresca escrita por Mateo Alem\u00e1n.<em> <\/em>El resultado fue que la obra de Cervantes se imprimi\u00f3 por primera vez con m\u00e1s de 1.000 erratas.&nbsp;<\/p>\n\n\n\n<p>A pesar del incuestionable \u00e9xito de la obra del <em>Quijote<\/em>, este no lleg\u00f3 al alcanzado por la de Mateo Alem\u00e1n, seg\u00fan afirman desde la Biblioteca Nacional de Espa\u00f1a. Eso s\u00ed, para Cervantes, las segundas partes fueron mejores.<\/p>\n\n\n\n<p>As\u00ed, en v\u00edsperas del D\u00eda del libro, que se celebra este martes, se antoja oportuno explicar la intrahistoria de uno de las obras m\u00e1s mundialmente conocida de nuestra literatura y c\u00f3mo la primera andanza del ingenioso hidalgo de Don Quijote de la Mancha tuvo lugar en Rascafr\u00eda, un tesoro hist\u00f3rico en la sierra de Guadarrama.<\/p>\n","protected":false},"excerpt":{"rendered":"<p>Rascafr\u00eda, el pueblo medieval donde se elabor\u00f3 el papel sobre el que se imprimi\u00f3 la primera edici\u00f3n de El Quijote. <\/p>\n","protected":false},"author":156,"featured_media":72937,"comment_status":"open","ping_status":"open","sticky":false,"template":"","format":"standard","meta":{"_acf_changed":false,"om_disable_all_campaigns":false,"footnotes":""},"categories":[231],"tags":[1318,569,440,1319,407,1320],"class_list":["post-72935","post","type-post","status-publish","format-standard","has-post-thumbnail","hentry","category-arte-y-cultura","tag-cervantes","tag-don-quijote","tag-historias-y-curiosidades","tag-libros","tag-que-ver-en-madrid","tag-rascafria"],"acf":[],"featured_image_src":"https:\/\/www.escapadarural.com\/blog\/wp-content\/uploads\/2024\/04\/Rascafria-scaled-1.jpg","author_info":{"display_name":"Ver\u00f3nica G\u00f3mez","author_link":"https:\/\/www.escapadarural.com\/blog\/autor\/veronica-gomez\/"},"yoast_head":"<!-- This site is optimized with the Yoast SEO plugin v27.2 - https:\/\/yoast.com\/product\/yoast-seo-wordpress\/ -->\n<title>El pueblo medieval que vio nacer a El Quijote de Cervantes - EscapadaRural<\/title>\n<meta name=\"robots\" content=\"index, follow, max-snippet:-1, max-image-preview:large, max-video-preview:-1\" \/>\n<link rel=\"canonical\" href=\"https:\/\/www.escapadarural.com\/blog\/pueblo-donde-nacio-el-quijote\/\" \/>\n<meta property=\"og:locale\" content=\"es_ES\" \/>\n<meta property=\"og:type\" content=\"article\" \/>\n<meta property=\"og:title\" content=\"El pueblo medieval que vio nacer a El Quijote de Cervantes - EscapadaRural\" \/>\n<meta property=\"og:description\" content=\"Rascafr\u00eda, el pueblo medieval donde se elabor\u00f3 el papel sobre el que se imprimi\u00f3 la primera edici\u00f3n de El Quijote.\" \/>\n<meta property=\"og:url\" content=\"https:\/\/www.escapadarural.com\/blog\/pueblo-donde-nacio-el-quijote\/\" \/>\n<meta property=\"og:site_name\" content=\"Magazine de viajes de EscapadaRural\" \/>\n<meta property=\"article:publisher\" content=\"https:\/\/www.facebook.com\/escapadarural\" \/>\n<meta property=\"article:published_time\" content=\"2024-04-22T07:22:31+00:00\" \/>\n<meta property=\"article:modified_time\" content=\"2025-04-16T12:00:22+00:00\" \/>\n<meta property=\"og:image\" content=\"https:\/\/app.escapadarural.com\/blog\/wp-content\/uploads\/2024\/04\/Rascafria-scaled-1.jpg\" \/>\n\t<meta property=\"og:image:width\" content=\"2048\" \/>\n\t<meta property=\"og:image:height\" content=\"1535\" \/>\n\t<meta property=\"og:image:type\" content=\"image\/jpeg\" \/>\n<meta name=\"author\" content=\"Ver\u00f3nica G\u00f3mez\" \/>\n<meta name=\"twitter:card\" content=\"summary_large_image\" \/>\n<meta name=\"twitter:label1\" content=\"Escrito por\" \/>\n\t<meta name=\"twitter:data1\" content=\"Ver\u00f3nica G\u00f3mez\" \/>\n\t<meta name=\"twitter:label2\" content=\"Tiempo de lectura\" \/>\n\t<meta name=\"twitter:data2\" content=\"6 minutos\" \/>\n<script type=\"application\/ld+json\" class=\"yoast-schema-graph\">{\"@context\":\"https:\/\/schema.org\",\"@graph\":[{\"@type\":\"Article\",\"@id\":\"https:\/\/www.escapadarural.com\/blog\/pueblo-donde-nacio-el-quijote\/#article\",\"isPartOf\":{\"@id\":\"https:\/\/www.escapadarural.com\/blog\/pueblo-donde-nacio-el-quijote\/\"},\"author\":{\"name\":\"Ver\u00f3nica G\u00f3mez\",\"@id\":\"https:\/\/www.escapadarural.com\/blog\/#\/schema\/person\/4140cb320c90a6ca94d284d6884f5b4e\"},\"headline\":\"El pueblo medieval que vio nacer a El Quijote de Cervantes\",\"datePublished\":\"2024-04-22T07:22:31+00:00\",\"dateModified\":\"2025-04-16T12:00:22+00:00\",\"mainEntityOfPage\":{\"@id\":\"https:\/\/www.escapadarural.com\/blog\/pueblo-donde-nacio-el-quijote\/\"},\"wordCount\":968,\"commentCount\":1,\"publisher\":{\"@id\":\"https:\/\/www.escapadarural.com\/blog\/#organization\"},\"image\":{\"@id\":\"https:\/\/www.escapadarural.com\/blog\/pueblo-donde-nacio-el-quijote\/#primaryimage\"},\"thumbnailUrl\":\"https:\/\/www.escapadarural.com\/blog\/wp-content\/uploads\/2024\/04\/Rascafria-scaled-1.jpg\",\"keywords\":[\"cervantes\",\"Don Quijote\",\"Historias y Curiosidades\",\"Libros\",\"Madrid\",\"Rascafr\u00eda\"],\"articleSection\":[\"Arte y Cultura\"],\"inLanguage\":\"es\",\"potentialAction\":[{\"@type\":\"CommentAction\",\"name\":\"Comment\",\"target\":[\"https:\/\/www.escapadarural.com\/blog\/pueblo-donde-nacio-el-quijote\/#respond\"]}]},{\"@type\":\"WebPage\",\"@id\":\"https:\/\/www.escapadarural.com\/blog\/pueblo-donde-nacio-el-quijote\/\",\"url\":\"https:\/\/www.escapadarural.com\/blog\/pueblo-donde-nacio-el-quijote\/\",\"name\":\"El pueblo medieval que vio nacer a El Quijote de Cervantes - EscapadaRural\",\"isPartOf\":{\"@id\":\"https:\/\/www.escapadarural.com\/blog\/#website\"},\"primaryImageOfPage\":{\"@id\":\"https:\/\/www.escapadarural.com\/blog\/pueblo-donde-nacio-el-quijote\/#primaryimage\"},\"image\":{\"@id\":\"https:\/\/www.escapadarural.com\/blog\/pueblo-donde-nacio-el-quijote\/#primaryimage\"},\"thumbnailUrl\":\"https:\/\/www.escapadarural.com\/blog\/wp-content\/uploads\/2024\/04\/Rascafria-scaled-1.jpg\",\"datePublished\":\"2024-04-22T07:22:31+00:00\",\"dateModified\":\"2025-04-16T12:00:22+00:00\",\"breadcrumb\":{\"@id\":\"https:\/\/www.escapadarural.com\/blog\/pueblo-donde-nacio-el-quijote\/#breadcrumb\"},\"inLanguage\":\"es\",\"potentialAction\":[{\"@type\":\"ReadAction\",\"target\":[\"https:\/\/www.escapadarural.com\/blog\/pueblo-donde-nacio-el-quijote\/\"]}]},{\"@type\":\"ImageObject\",\"inLanguage\":\"es\",\"@id\":\"https:\/\/www.escapadarural.com\/blog\/pueblo-donde-nacio-el-quijote\/#primaryimage\",\"url\":\"https:\/\/www.escapadarural.com\/blog\/wp-content\/uploads\/2024\/04\/Rascafria-scaled-1.jpg\",\"contentUrl\":\"https:\/\/www.escapadarural.com\/blog\/wp-content\/uploads\/2024\/04\/Rascafria-scaled-1.jpg\",\"width\":2048,\"height\":1535,\"caption\":\"Rascafr\u00eda. Por Comunidad de Madrid\"},{\"@type\":\"BreadcrumbList\",\"@id\":\"https:\/\/www.escapadarural.com\/blog\/pueblo-donde-nacio-el-quijote\/#breadcrumb\",\"itemListElement\":[{\"@type\":\"ListItem\",\"position\":1,\"name\":\"Inicio\",\"item\":\"https:\/\/www.escapadarural.com\/blog\/\"},{\"@type\":\"ListItem\",\"position\":2,\"name\":\"Arte y Cultura\",\"item\":\"https:\/\/www.escapadarural.com\/blog\/categoria\/arte-y-cultura\/\"},{\"@type\":\"ListItem\",\"position\":3,\"name\":\"El pueblo medieval que vio nacer a El Quijote de Cervantes\"}]},{\"@type\":\"WebSite\",\"@id\":\"https:\/\/www.escapadarural.com\/blog\/#website\",\"url\":\"https:\/\/www.escapadarural.com\/blog\/\",\"name\":\"Blog de viajes | turismo rural, alojamientos e inspiraci\u00f3n\",\"description\":\"Alojamientos rurales e inspiraci\u00f3n para tus escapadas\",\"publisher\":{\"@id\":\"https:\/\/www.escapadarural.com\/blog\/#organization\"},\"alternateName\":\"Magazine de viajes de EscapadaRural\",\"potentialAction\":[{\"@type\":\"SearchAction\",\"target\":{\"@type\":\"EntryPoint\",\"urlTemplate\":\"https:\/\/www.escapadarural.com\/blog\/?s={search_term_string}\"},\"query-input\":{\"@type\":\"PropertyValueSpecification\",\"valueRequired\":true,\"valueName\":\"search_term_string\"}}],\"inLanguage\":\"es\"},{\"@type\":\"Organization\",\"@id\":\"https:\/\/www.escapadarural.com\/blog\/#organization\",\"name\":\"EscapadaRural\",\"url\":\"https:\/\/www.escapadarural.com\/blog\/\",\"logo\":{\"@type\":\"ImageObject\",\"inLanguage\":\"es\",\"@id\":\"https:\/\/www.escapadarural.com\/blog\/#\/schema\/logo\/image\/\",\"url\":\"https:\/\/www.escapadarural.com\/blog\/wp-content\/uploads\/2024\/10\/cropped-cropped-escapada-rural-icon-mag-3.png\",\"contentUrl\":\"https:\/\/www.escapadarural.com\/blog\/wp-content\/uploads\/2024\/10\/cropped-cropped-escapada-rural-icon-mag-3.png\",\"width\":512,\"height\":512,\"caption\":\"EscapadaRural\"},\"image\":{\"@id\":\"https:\/\/www.escapadarural.com\/blog\/#\/schema\/logo\/image\/\"},\"sameAs\":[\"https:\/\/www.facebook.com\/escapadarural\",\"https:\/\/www.instagram.com\/escapadarural\/\",\"https:\/\/www.youtube.com\/@escapadaruralcom\"]},{\"@type\":\"Person\",\"@id\":\"https:\/\/www.escapadarural.com\/blog\/#\/schema\/person\/4140cb320c90a6ca94d284d6884f5b4e\",\"name\":\"Ver\u00f3nica G\u00f3mez\",\"image\":{\"@type\":\"ImageObject\",\"inLanguage\":\"es\",\"@id\":\"https:\/\/secure.gravatar.com\/avatar\/a14c3f7acd3c2787ced9245c8239291aa98d78e70607ab29f4388e265c55669f?s=96&d=mm&r=g\",\"url\":\"https:\/\/secure.gravatar.com\/avatar\/a14c3f7acd3c2787ced9245c8239291aa98d78e70607ab29f4388e265c55669f?s=96&d=mm&r=g\",\"contentUrl\":\"https:\/\/secure.gravatar.com\/avatar\/a14c3f7acd3c2787ced9245c8239291aa98d78e70607ab29f4388e265c55669f?s=96&d=mm&r=g\",\"caption\":\"Ver\u00f3nica G\u00f3mez\"},\"description\":\"Periodista, madre de Hugo y Enzo a tiempo completo e investigadora incansable, dir\u00eda que hasta cuando duermo. Antes en Cr\u00f3nica Global, El Liberal y El Mundo Catalunya\",\"url\":\"https:\/\/www.escapadarural.com\/blog\/autor\/veronica-gomez\/\"}]}<\/script>\n<!-- \/ Yoast SEO plugin. -->","yoast_head_json":{"title":"El pueblo medieval que vio nacer a El Quijote de Cervantes - EscapadaRural","robots":{"index":"index","follow":"follow","max-snippet":"max-snippet:-1","max-image-preview":"max-image-preview:large","max-video-preview":"max-video-preview:-1"},"canonical":"https:\/\/www.escapadarural.com\/blog\/pueblo-donde-nacio-el-quijote\/","og_locale":"es_ES","og_type":"article","og_title":"El pueblo medieval que vio nacer a El Quijote de Cervantes - EscapadaRural","og_description":"Rascafr\u00eda, el pueblo medieval donde se elabor\u00f3 el papel sobre el que se imprimi\u00f3 la primera edici\u00f3n de El Quijote.","og_url":"https:\/\/www.escapadarural.com\/blog\/pueblo-donde-nacio-el-quijote\/","og_site_name":"Magazine de viajes de EscapadaRural","article_publisher":"https:\/\/www.facebook.com\/escapadarural","article_published_time":"2024-04-22T07:22:31+00:00","article_modified_time":"2025-04-16T12:00:22+00:00","og_image":[{"width":2048,"height":1535,"url":"https:\/\/app.escapadarural.com\/blog\/wp-content\/uploads\/2024\/04\/Rascafria-scaled-1.jpg","type":"image\/jpeg"}],"author":"Ver\u00f3nica G\u00f3mez","twitter_card":"summary_large_image","twitter_misc":{"Escrito por":"Ver\u00f3nica G\u00f3mez","Tiempo de lectura":"6 minutos"},"schema":{"@context":"https:\/\/schema.org","@graph":[{"@type":"Article","@id":"https:\/\/www.escapadarural.com\/blog\/pueblo-donde-nacio-el-quijote\/#article","isPartOf":{"@id":"https:\/\/www.escapadarural.com\/blog\/pueblo-donde-nacio-el-quijote\/"},"author":{"name":"Ver\u00f3nica G\u00f3mez","@id":"https:\/\/www.escapadarural.com\/blog\/#\/schema\/person\/4140cb320c90a6ca94d284d6884f5b4e"},"headline":"El pueblo medieval que vio nacer a El Quijote de Cervantes","datePublished":"2024-04-22T07:22:31+00:00","dateModified":"2025-04-16T12:00:22+00:00","mainEntityOfPage":{"@id":"https:\/\/www.escapadarural.com\/blog\/pueblo-donde-nacio-el-quijote\/"},"wordCount":968,"commentCount":1,"publisher":{"@id":"https:\/\/www.escapadarural.com\/blog\/#organization"},"image":{"@id":"https:\/\/www.escapadarural.com\/blog\/pueblo-donde-nacio-el-quijote\/#primaryimage"},"thumbnailUrl":"https:\/\/www.escapadarural.com\/blog\/wp-content\/uploads\/2024\/04\/Rascafria-scaled-1.jpg","keywords":["cervantes","Don Quijote","Historias y Curiosidades","Libros","Madrid","Rascafr\u00eda"],"articleSection":["Arte y Cultura"],"inLanguage":"es","potentialAction":[{"@type":"CommentAction","name":"Comment","target":["https:\/\/www.escapadarural.com\/blog\/pueblo-donde-nacio-el-quijote\/#respond"]}]},{"@type":"WebPage","@id":"https:\/\/www.escapadarural.com\/blog\/pueblo-donde-nacio-el-quijote\/","url":"https:\/\/www.escapadarural.com\/blog\/pueblo-donde-nacio-el-quijote\/","name":"El pueblo medieval que vio nacer a El Quijote de Cervantes - EscapadaRural","isPartOf":{"@id":"https:\/\/www.escapadarural.com\/blog\/#website"},"primaryImageOfPage":{"@id":"https:\/\/www.escapadarural.com\/blog\/pueblo-donde-nacio-el-quijote\/#primaryimage"},"image":{"@id":"https:\/\/www.escapadarural.com\/blog\/pueblo-donde-nacio-el-quijote\/#primaryimage"},"thumbnailUrl":"https:\/\/www.escapadarural.com\/blog\/wp-content\/uploads\/2024\/04\/Rascafria-scaled-1.jpg","datePublished":"2024-04-22T07:22:31+00:00","dateModified":"2025-04-16T12:00:22+00:00","breadcrumb":{"@id":"https:\/\/www.escapadarural.com\/blog\/pueblo-donde-nacio-el-quijote\/#breadcrumb"},"inLanguage":"es","potentialAction":[{"@type":"ReadAction","target":["https:\/\/www.escapadarural.com\/blog\/pueblo-donde-nacio-el-quijote\/"]}]},{"@type":"ImageObject","inLanguage":"es","@id":"https:\/\/www.escapadarural.com\/blog\/pueblo-donde-nacio-el-quijote\/#primaryimage","url":"https:\/\/www.escapadarural.com\/blog\/wp-content\/uploads\/2024\/04\/Rascafria-scaled-1.jpg","contentUrl":"https:\/\/www.escapadarural.com\/blog\/wp-content\/uploads\/2024\/04\/Rascafria-scaled-1.jpg","width":2048,"height":1535,"caption":"Rascafr\u00eda. Por Comunidad de Madrid"},{"@type":"BreadcrumbList","@id":"https:\/\/www.escapadarural.com\/blog\/pueblo-donde-nacio-el-quijote\/#breadcrumb","itemListElement":[{"@type":"ListItem","position":1,"name":"Inicio","item":"https:\/\/www.escapadarural.com\/blog\/"},{"@type":"ListItem","position":2,"name":"Arte y Cultura","item":"https:\/\/www.escapadarural.com\/blog\/categoria\/arte-y-cultura\/"},{"@type":"ListItem","position":3,"name":"El pueblo medieval que vio nacer a El Quijote de Cervantes"}]},{"@type":"WebSite","@id":"https:\/\/www.escapadarural.com\/blog\/#website","url":"https:\/\/www.escapadarural.com\/blog\/","name":"Blog de viajes | turismo rural, alojamientos e inspiraci\u00f3n","description":"Alojamientos rurales e inspiraci\u00f3n para tus escapadas","publisher":{"@id":"https:\/\/www.escapadarural.com\/blog\/#organization"},"alternateName":"Magazine de viajes de EscapadaRural","potentialAction":[{"@type":"SearchAction","target":{"@type":"EntryPoint","urlTemplate":"https:\/\/www.escapadarural.com\/blog\/?s={search_term_string}"},"query-input":{"@type":"PropertyValueSpecification","valueRequired":true,"valueName":"search_term_string"}}],"inLanguage":"es"},{"@type":"Organization","@id":"https:\/\/www.escapadarural.com\/blog\/#organization","name":"EscapadaRural","url":"https:\/\/www.escapadarural.com\/blog\/","logo":{"@type":"ImageObject","inLanguage":"es","@id":"https:\/\/www.escapadarural.com\/blog\/#\/schema\/logo\/image\/","url":"https:\/\/www.escapadarural.com\/blog\/wp-content\/uploads\/2024\/10\/cropped-cropped-escapada-rural-icon-mag-3.png","contentUrl":"https:\/\/www.escapadarural.com\/blog\/wp-content\/uploads\/2024\/10\/cropped-cropped-escapada-rural-icon-mag-3.png","width":512,"height":512,"caption":"EscapadaRural"},"image":{"@id":"https:\/\/www.escapadarural.com\/blog\/#\/schema\/logo\/image\/"},"sameAs":["https:\/\/www.facebook.com\/escapadarural","https:\/\/www.instagram.com\/escapadarural\/","https:\/\/www.youtube.com\/@escapadaruralcom"]},{"@type":"Person","@id":"https:\/\/www.escapadarural.com\/blog\/#\/schema\/person\/4140cb320c90a6ca94d284d6884f5b4e","name":"Ver\u00f3nica G\u00f3mez","image":{"@type":"ImageObject","inLanguage":"es","@id":"https:\/\/secure.gravatar.com\/avatar\/a14c3f7acd3c2787ced9245c8239291aa98d78e70607ab29f4388e265c55669f?s=96&d=mm&r=g","url":"https:\/\/secure.gravatar.com\/avatar\/a14c3f7acd3c2787ced9245c8239291aa98d78e70607ab29f4388e265c55669f?s=96&d=mm&r=g","contentUrl":"https:\/\/secure.gravatar.com\/avatar\/a14c3f7acd3c2787ced9245c8239291aa98d78e70607ab29f4388e265c55669f?s=96&d=mm&r=g","caption":"Ver\u00f3nica G\u00f3mez"},"description":"Periodista, madre de Hugo y Enzo a tiempo completo e investigadora incansable, dir\u00eda que hasta cuando duermo. Antes en Cr\u00f3nica Global, El Liberal y El Mundo Catalunya","url":"https:\/\/www.escapadarural.com\/blog\/autor\/veronica-gomez\/"}]}},"_links":{"self":[{"href":"https:\/\/www.escapadarural.com\/blog\/wp-json\/wp\/v2\/posts\/72935","targetHints":{"allow":["GET"]}}],"collection":[{"href":"https:\/\/www.escapadarural.com\/blog\/wp-json\/wp\/v2\/posts"}],"about":[{"href":"https:\/\/www.escapadarural.com\/blog\/wp-json\/wp\/v2\/types\/post"}],"author":[{"embeddable":true,"href":"https:\/\/www.escapadarural.com\/blog\/wp-json\/wp\/v2\/users\/156"}],"replies":[{"embeddable":true,"href":"https:\/\/www.escapadarural.com\/blog\/wp-json\/wp\/v2\/comments?post=72935"}],"version-history":[{"count":0,"href":"https:\/\/www.escapadarural.com\/blog\/wp-json\/wp\/v2\/posts\/72935\/revisions"}],"wp:featuredmedia":[{"embeddable":true,"href":"https:\/\/www.escapadarural.com\/blog\/wp-json\/wp\/v2\/media\/72937"}],"wp:attachment":[{"href":"https:\/\/www.escapadarural.com\/blog\/wp-json\/wp\/v2\/media?parent=72935"}],"wp:term":[{"taxonomy":"category","embeddable":true,"href":"https:\/\/www.escapadarural.com\/blog\/wp-json\/wp\/v2\/categories?post=72935"},{"taxonomy":"post_tag","embeddable":true,"href":"https:\/\/www.escapadarural.com\/blog\/wp-json\/wp\/v2\/tags?post=72935"}],"curies":[{"name":"wp","href":"https:\/\/api.w.org\/{rel}","templated":true}]}}