{"id":72951,"date":"2024-04-26T09:40:28","date_gmt":"2024-04-26T08:40:28","guid":{"rendered":"https:\/\/www.escapadarural.com\/blog\/?p=72951"},"modified":"2025-03-13T15:44:26","modified_gmt":"2025-03-13T13:44:26","slug":"ruta-del-exorcismo-en-alicante","status":"publish","type":"post","link":"https:\/\/www.escapadarural.com\/blog\/ruta-del-exorcismo-en-alicante\/","title":{"rendered":"Ruta del exorcismo y el misterio por Alicante\u00a0"},"content":{"rendered":"\n<figure class=\"wp-block-image size-large\"><a href=\"https:\/\/es.wikipedia.org\/wiki\/Archivo:Vista_de_Alicante,_Espa%C3%B1a,_2014-07-04,_DD_50.JPG\" target=\"_blank\"><img decoding=\"async\" src=\"https:\/\/www.escapadarural.com\/blog\/wp-content\/uploads\/2024\/10\/Vista-aerea-de-Alicante-1024x564-1.jpg\" alt=\"\" class=\"wp-image-72959\"\/><\/a><figcaption class=\"wp-element-caption\">Vista a\u00e9rea de Alicante. Por  <a href=\"https:\/\/es.wikipedia.org\/wiki\/Alicante#\/media\/Archivo:Vista_de_Alicante,_Espa%C3%B1a,_2014-07-04,_DD_49.JPG\" target=\"_blank\" rel=\"noreferrer noopener nofollow\">Diego Delso<\/a> <\/figcaption><\/figure>\n\n\n\n<p>Muchas personas pensar\u00e1n que los exorcistas, las <strong>sectas sat\u00e1nicas<\/strong>, la <strong>brujer\u00eda <\/strong>o los <strong>sacrificios <\/strong>son cosas de ficci\u00f3n. Pero te sorprender\u00e1 lo que tenemos que contarte.<\/p>\n\n\n\n<p>\u00bfSab\u00edas que en Espa\u00f1a hay m\u00e1s de 70 sectas sat\u00e1nicas y el 40% est\u00e1n en Alicante? As\u00ed nos lo ha contado Manuel Adolfo Acu\u00f1a, obispo luterano y fundador de la <a href=\"https:\/\/escueladeexorcistaseuropa.com\/\" target=\"_blank\" rel=\"noreferrer noopener nofollow\">Escuela de Exorcistas de Europa (EEE)<\/a>. Tambi\u00e9n, por qu\u00e9 la entidad que preside decidi\u00f3 asentar su sede en Orihuela (Alicante).<\/p>\n\n\n\n<p>Los \u00e1rabes se refer\u00edan a Alicante como <em>Al laqant<\/em>, que significa \u201cla ciudad de la luz\u201d. Por eso, David Barber\u00e1, fil\u00f3sofo y escritor, explica que Alicante es un lugar que atrae a sectas y hechiceros. As\u00ed, tambi\u00e9n hay un mayor inter\u00e9s por el mundo del exorcismo o, dicho de otra forma, \u201cdonde mejor se representa a los gladiadores de la luz\u201d.<\/p>\n\n\n\n<div class=\"wp-block-buttons is-layout-flex wp-block-buttons-is-layout-flex\">\n<div class=\"wp-block-button\"><a class=\"wp-block-button__link wp-element-button\" href=\"https:\/\/www.escapadarural.com\/casas-rurales?l=orihuela\">Casas rurales en Orihuela<\/a><\/div>\n<\/div>\n\n\n\n<p>El padre Acu\u00f1a, autor de <em>Ritual de exorcismos<\/em> y <em>Combate contra el mal<\/em>, coincide con Barber\u00e1 en que el Levante es una zona de mucha<strong> magia negra<\/strong> y de ah\u00ed que se haya convertido en un icono de la lucha contra el <strong>\u00c1ngel Ca\u00eddo<\/strong>. \u201cAunque el Diablo no tiene un hogar definido, se siente m\u00e1s c\u00f3modo all\u00ed donde le abren m\u00e1s puertas\u201d, asegura Acu\u00f1a. Adem\u00e1s, \u00abno es una casualidad que all\u00ed donde se invoca m\u00e1s su presencia se convierta en un lugar con una mayor tasa de cr\u00edmenes\u00bb.<\/p>\n\n\n<div class=\"wp-block-image\">\n<figure class=\"aligncenter size-full\"><img loading=\"lazy\" decoding=\"async\" width=\"500\" height=\"757\" src=\"https:\/\/www.escapadarural.com\/blog\/wp-content\/uploads\/2024\/10\/Portada-del-libro-Combate-contra-el-mal-de-Manuel-Adolfo-Acuna.jpg\" alt=\"\" class=\"wp-image-92548\" srcset=\"https:\/\/www.escapadarural.com\/blog\/wp-content\/uploads\/2024\/10\/Portada-del-libro-Combate-contra-el-mal-de-Manuel-Adolfo-Acuna-198x300.jpg 198w, https:\/\/www.escapadarural.com\/blog\/wp-content\/uploads\/2024\/10\/Portada-del-libro-Combate-contra-el-mal-de-Manuel-Adolfo-Acuna-200x303.jpg 200w, https:\/\/www.escapadarural.com\/blog\/wp-content\/uploads\/2024\/10\/Portada-del-libro-Combate-contra-el-mal-de-Manuel-Adolfo-Acuna-400x606.jpg 400w, https:\/\/www.escapadarural.com\/blog\/wp-content\/uploads\/2024\/10\/Portada-del-libro-Combate-contra-el-mal-de-Manuel-Adolfo-Acuna.jpg 500w\" sizes=\"auto, (max-width: 500px) 100vw, 500px\" \/><figcaption class=\"wp-element-caption\">Portada del libro Combate contra el mal de Manuel Adolfo Acu\u00f1a. <a href=\"https:\/\/luteranoscarismaticos.com\/\" target=\"_blank\" rel=\"noreferrer noopener nofollow\">Por luteranos carism\u00e1ticos<\/a><\/figcaption><\/figure>\n<\/div>\n\n\n<h2 class=\"wp-block-heading\" id=\"0-orihuela-cuna-de-los-exorcistas\">Orihuela: cuna de los exorcistas<\/h2>\n\n\n\n<p>Acu\u00f1a es considerado una eminencia a nivel mundial con m\u00e1s de 2.000 rituales practicados y en 2019 el Vaticano lo puso al frente del aula m\u00e1s grande de exorcistas del mundo en una conferencia internacional.&nbsp;&nbsp;<\/p>\n\n\n\n<p>Ahora, la sede de la organizaci\u00f3n que preside se asienta en Orihuela, capital de la comarca de la Vega Baja, declarada Gran Ciudad en 2010. En su casco hist\u00f3rico (considerado Conjunto Hist\u00f3rico Art\u00edstico desde 1969) pueden visitarse iglesias, palacios y conventos.<\/p>\n\n\n<div class=\"wp-block-image\">\n<figure class=\"aligncenter size-large\"><img decoding=\"async\" src=\"https:\/\/www.escapadarural.com\/blog\/wp-content\/uploads\/2024\/10\/IMG-20240411-WA0003-1-614x1024-1.jpg\" alt=\"El sacerdote luterano Manuel Adolfo Acu\u00f1a practicando un exorcismo\" class=\"wp-image-72954\"\/><figcaption class=\"wp-element-caption\">El obispo luterano Manuel Adolfo Acu\u00f1a practicando un exorcismo. Por Manuel Acu\u00f1a<\/figcaption><\/figure>\n<\/div>\n\n\n<p>El luterano asegura que casi la mitad de posesiones diab\u00f3licas a las que ha tenido que enfrentarse tienen que ver con personas, objetos o lugares relacionados con <strong>pr\u00e1cticas oscuras<\/strong>. Adem\u00e1s, a\u00f1ade que existen muchos lugares antiguos que est\u00e1n \u201cmalditos\u201d por haber sido escenarios de invocaciones negativas o conjuros que han impregnado sus paredes.&nbsp;<\/p>\n\n\n\n<p>De todos modos, el mal no es cosa del pasado, y \u201cel Diablo est\u00e1 m\u00e1s activo que nunca. Tanto que su figura llega a rozar el marketing\u201d, aclara el religioso. \u201cSolo hay que ver series como Lucifer, en las que se le presenta como alguien atractivo, simp\u00e1tico y hasta admirable\u201d. Sin embargo, \u201cEl Diablo se toma muy en serio su trabajo y no juega a ser Diablo, sino que lo es\u201d.&nbsp;<\/p>\n\n\n\n<figure class=\"wp-block-image size-full\"><img loading=\"lazy\" decoding=\"async\" width=\"960\" height=\"716\" src=\"https:\/\/www.escapadarural.com\/blog\/wp-content\/uploads\/2024\/10\/IMG-20240418-WA0007-e1713451498400.jpg\" alt=\"El sacerdote luterano Manuel Adolfo Acu\u00f1a practicando un exorcismo\" class=\"wp-image-72983\"\/><figcaption class=\"wp-element-caption\">El sacerdote luterano Manuel Adolfo Acu\u00f1a practicando un exorcismo. Por Manuel Acu\u00f1a<\/figcaption><\/figure>\n\n\n\n<h2 class=\"wp-block-heading\" id=\"1-%E2%80%9Ccampanadas-contra-el-demonio%E2%80%9D-en-alicante\">\u201cCampanadas contra el Demonio\u201d en Alicante<\/h2>\n\n\n\n<p>El padre Acu\u00f1a sostiene que \u201chay esp\u00edritus inmundos a cargo de regiones enteras\u201d. De ah\u00ed, la necesidad de una lucha constante contra los desaf\u00edos del mal. <\/p>\n\n\n\n<p>Con esta premisa, la siguiente parada en la ruta misteriosa os llevar\u00e1 hasta el mism\u00edsimo edificio consistorial de Alicante. Desde all\u00ed se lanza un exorcismo que purifica la ciudad 24 veces al d\u00eda.<\/p>\n\n\n\n<p>Fue Antoni Biosca, un experto en Filolog\u00eda latina de la Universidad de Alicante, quien descubri\u00f3 que un curioso grabado en lat\u00edn en la campana de la torre del Ayuntamiento se encargaba de librar del mal a los alicantinos. El texto dice lo siguiente: <em>\u201cEcce crucem Domini fugite partes adversae vicit leo de tribu Juda. Radix David alleluia auxiliet. Auxiliet Maria auxiliet Nicolaus\u201d<\/em>. &nbsp;\u00abHe aqu\u00ed la Cruz del Se\u00f1or. Huid potestades enemigas. Ha vencido el le\u00f3n de Jud\u00e1, descendiente de David. \u00a1Aleluya!\u00bb.<\/p>\n\n\n\n<figure class=\"wp-block-image size-large\"><img decoding=\"async\" src=\"https:\/\/www.escapadarural.com\/blog\/wp-content\/uploads\/2024\/10\/Campana-de-la-torre-del-Ayuntamiento-de-Alicante-1024x685-1.jpg\" alt=\"Campana de la torre del Ayuntamiento de Alicante\" class=\"wp-image-72961\"\/><figcaption class=\"wp-element-caption\">Campana de la torre del Ayuntamiento de Alicante. Por Antoni Biosca<\/figcaption><\/figure>\n\n\n\n<p>El docente descubri\u00f3 el secreto durante una visita que hizo al edificio hace unos seis a\u00f1os. \u201cHasta entonces, nadie ten\u00eda conocimiento de la inscripci\u00f3n\u201d. La campana, construida en 1699, est\u00e1 adornada con cuatro im\u00e1genes representativas de la religiosidad de la zona: La Santa Faz, la Virgen del Remedio, San Nicol\u00e1s y una cuarta figura que el experto no ha acabado de identificar. \u201cPodr\u00eda tratarse de San Francisco de As\u00eds o San Antonio de Padua\u201d.<\/p>\n\n\n\n<p>Biosca sostiene que es posible que el exorcismo se grabase por influencia de los franciscanos, ya que la tradici\u00f3n popular narra que San Antonio de Padua extrajo el mal a una mujer a la que un falso demonio que se hac\u00eda pasar por <strong>Jesucristo <\/strong>le ped\u00eda que se suicidara. Al parecer, le dio una estampa con esta oraci\u00f3n y la mujer qued\u00f3 inmediatamente liberada.<\/p>\n\n\n\n<p>El fil\u00f3logo cuenta en su art\u00edculo <em>Campanes contra el Dimoni<\/em>, en la revista SA\u00d3, que el toque de las campanas podr\u00eda considerarse una especie de \u201crezo autom\u00e1tico\u201d. De ah\u00ed que fuese habitual a\u00f1adir oraciones o im\u00e1genes de santos sobre las campanas, para transmitir con el sonido la bendici\u00f3n de la imagen o la oraci\u00f3n\u201d. No obstante, la del Ayuntamiento es la \u00fanica cuyo texto corresponde a un exorcismo.<\/p>\n\n\n\n<h2 class=\"wp-block-heading\" id=\"2-el-exorcismo-de-san-blas\">El exorcismo de San Blas<\/h2>\n\n\n\n<p>Uno de los episodios m\u00e1s se\u00f1alados y que han dado a conocer la relaci\u00f3n que guarda esta zona del Mediterr\u00e1neo con \u201cel maligno\u201d fue el exorcismo de \u201cRosarito\u201d, una joven a la que liberaron del <strong>Demonio <\/strong>en la parroquia de San Blas, en la d\u00e9cada de los 80.&nbsp;<\/p>\n\n\n\n<figure class=\"wp-block-embed is-type-video is-provider-youtube wp-block-embed-youtube wp-embed-aspect-16-9 wp-has-aspect-ratio\"><div class=\"wp-block-embed__wrapper\">\n<span class=\"tusgFnBNQf20mHeCW5M1vqY6IwyoXx\"><div class=\"video-shortcode\"><iframe title=\"Los audios del exorcismo de la joven Rosarito salen  la luz despu\u00e9s de m\u00e1s de 40 a\u00f1os\" width=\"1200\" height=\"675\" src=\"https:\/\/www.youtube.com\/embed\/WxHIyjWNTws?feature=oembed\" frameborder=\"0\" allow=\"accelerometer; autoplay; clipboard-write; encrypted-media; gyroscope; picture-in-picture; web-share\" referrerpolicy=\"strict-origin-when-cross-origin\" allowfullscreen><\/iframe><\/div><\/span>\n<\/div><figcaption class=\"wp-element-caption\">Los audios del exorcismo de la joven Rosarito salen la luz despu\u00e9s de m\u00e1s de 40 a\u00f1os<\/figcaption><\/figure>\n\n\n\n<p>El impactante fen\u00f3meno del <strong>exorcismo de Rosarito<\/strong> se produjo en la iglesia alicantina a cargo de su entonces p\u00e1rroco, Agust\u00edn P\u00e9rez Segura.&nbsp;<\/p>\n\n\n\n<p><em>Cuarto Milenio<\/em> emiti\u00f3 en 2020 m\u00e1s de 30 minutos de grabaci\u00f3n del ritual en los que se escuchaba al sacerdote tratando de expulsar al maligno de la mujer, que gritaba con voz de ultratumba: \u201c\u00a1No soy Satan\u00e1s, soy su abuelo y me la llevo conmigo al infierno!\u201d.&nbsp;<\/p>\n\n\n\n<p>El escalofriante documento recog\u00eda la voz del cura, de los familiares y los gritos y alaridos de la endemoniada \u201chablando lenguas desconocidas, haciendo cambios de voz y agrediendo verbalmente al sacerdote\u201d, avanz\u00f3 el programa.<\/p>\n\n\n\n<h2 class=\"wp-block-heading\" id=\"3-sirenas-contra-el-diablo-en-calpe\">Sirenas contra el Diablo en Calpe<\/h2>\n\n\n\n<p>David Barber\u00e1 ha hablado con ER de la importancia de los lugares de poder. Entre ellos, el pe\u00f1\u00f3n de Ifach en la costa de Calpe, reconocida como Parque Natural desde 1987. \u201cSe trata de lugares m\u00edsticos donde se va a hacer rituales\u201d.<\/p>\n\n\n\n<figure class=\"wp-block-image size-large\"><a href=\"https:\/\/www.escapadarural.com\/blog\/wp-content\/uploads\/penon-de-ifach.jpg\"><img decoding=\"async\" src=\"https:\/\/www.escapadarural.com\/blog\/wp-content\/uploads\/2024\/10\/penon-de-ifach-1024x683-1.jpg\" alt=\"Pe\u00f1\u00f3n de Ifach\" class=\"wp-image-73313\"\/><\/a><figcaption class=\"wp-element-caption\">Pe\u00f1\u00f3n de Ifach. Por EKH-Pictures<\/figcaption><\/figure>\n\n\n\n<p>Seg\u00fan cuenta la leyenda, en tiempos lejanos, una colonia de sirenas se instal\u00f3 en la zona para ayudar a los pescadores a que los peces cayeran en sus redes.&nbsp;<\/p>\n\n\n\n<p>Un d\u00eda, el Diablo lleg\u00f3 para aprovecharse de ellas y de los recursos de los pescadores, por lo que \u00e9stas pidieron ayuda al Dios Neptuno, que envi\u00f3 a un genio bueno para ayudarlas.&nbsp;<\/p>\n\n\n\n<p>El perverso, al huir y tocar el mar qued\u00f3 petrificado, formando la famosa roca calc\u00e1rea de unos 50.000 metros cuadrados tan visitada en la actualidad por <strong>turistas <\/strong>de todas las partes del mundo.&nbsp;<\/p>\n\n\n\n<p>Desde entonces, se dice que cuando la niebla invade el pe\u00f1\u00f3n es porque el maligno est\u00e1 tratando de escapar. Sin embargo, los rayos del sol disipan la niebla, que es la luz del bien manteni\u00e9ndolo encerrado.&nbsp;<\/p>\n","protected":false},"excerpt":{"rendered":"<p>\u00bfSab\u00edas que en Espa\u00f1a hay m\u00e1s de 70 sectas sat\u00e1nicas y el 40% est\u00e1n en Alicante? As\u00ed nos lo ha contado Manuel Adolfo Acu\u00f1a, obispo luterano y fundador de la Escuela de Exorcistas de Europa (EEE). Tambi\u00e9n, por qu\u00e9 la entidad que preside decidi\u00f3 asentar su sede en Orihuela (Alicante). Te invitamos a descubrir esta ruta fascinante<\/p>\n","protected":false},"author":156,"featured_media":73313,"comment_status":"open","ping_status":"open","sticky":false,"template":"","format":"standard","meta":{"_acf_changed":false,"om_disable_all_campaigns":false,"footnotes":""},"categories":[231],"tags":[674,1331,1332],"class_list":["post-72951","post","type-post","status-publish","format-standard","has-post-thumbnail","hentry","category-arte-y-cultura","tag-que-ver-en-alicante","tag-exorcismo","tag-misterio"],"acf":[],"featured_image_src":"https:\/\/www.escapadarural.com\/blog\/wp-content\/uploads\/2024\/04\/penon-de-ifach.jpg","author_info":{"display_name":"Ver\u00f3nica G\u00f3mez","author_link":"https:\/\/www.escapadarural.com\/blog\/autor\/veronica-gomez\/"},"yoast_head":"<!-- This site is optimized with the Yoast SEO plugin v27.5 - https:\/\/yoast.com\/product\/yoast-seo-wordpress\/ -->\n<title>Ruta del exorcismo y el misterio por Alicante\u00a0 - EscapadaRural<\/title>\n<meta name=\"robots\" content=\"index, follow, max-snippet:-1, max-image-preview:large, max-video-preview:-1\" \/>\n<link rel=\"canonical\" href=\"https:\/\/www.escapadarural.com\/blog\/ruta-del-exorcismo-en-alicante\/\" \/>\n<meta property=\"og:locale\" content=\"es_ES\" \/>\n<meta property=\"og:type\" content=\"article\" \/>\n<meta property=\"og:title\" content=\"Ruta del exorcismo y el misterio por Alicante\u00a0 - EscapadaRural\" \/>\n<meta property=\"og:description\" content=\"\u00bfSab\u00edas que en Espa\u00f1a hay m\u00e1s de 70 sectas sat\u00e1nicas y el 40% est\u00e1n en Alicante? As\u00ed nos lo ha contado Manuel Adolfo Acu\u00f1a, obispo luterano y fundador de la Escuela de Exorcistas de Europa (EEE). Tambi\u00e9n, por qu\u00e9 la entidad que preside decidi\u00f3 asentar su sede en Orihuela (Alicante). Te invitamos a descubrir esta ruta fascinante\" \/>\n<meta property=\"og:url\" content=\"https:\/\/www.escapadarural.com\/blog\/ruta-del-exorcismo-en-alicante\/\" \/>\n<meta property=\"og:site_name\" content=\"Magazine de viajes de EscapadaRural\" \/>\n<meta property=\"article:publisher\" content=\"https:\/\/www.facebook.com\/escapadarural\" \/>\n<meta property=\"article:published_time\" content=\"2024-04-26T08:40:28+00:00\" \/>\n<meta property=\"article:modified_time\" content=\"2025-03-13T13:44:26+00:00\" \/>\n<meta property=\"og:image\" content=\"https:\/\/app.escapadarural.com\/blog\/wp-content\/uploads\/2024\/04\/penon-de-ifach.jpg\" \/>\n\t<meta property=\"og:image:width\" content=\"1200\" \/>\n\t<meta property=\"og:image:height\" content=\"800\" \/>\n\t<meta property=\"og:image:type\" content=\"image\/jpeg\" \/>\n<meta name=\"author\" content=\"Ver\u00f3nica G\u00f3mez\" \/>\n<meta name=\"twitter:card\" content=\"summary_large_image\" \/>\n<meta name=\"twitter:label1\" content=\"Escrito por\" \/>\n\t<meta name=\"twitter:data1\" content=\"Ver\u00f3nica G\u00f3mez\" \/>\n\t<meta name=\"twitter:label2\" content=\"Tiempo de lectura\" \/>\n\t<meta name=\"twitter:data2\" content=\"7 minutos\" \/>\n<script type=\"application\/ld+json\" class=\"yoast-schema-graph\">{\"@context\":\"https:\\\/\\\/schema.org\",\"@graph\":[{\"@type\":\"Article\",\"@id\":\"https:\\\/\\\/www.escapadarural.com\\\/blog\\\/ruta-del-exorcismo-en-alicante\\\/#article\",\"isPartOf\":{\"@id\":\"https:\\\/\\\/www.escapadarural.com\\\/blog\\\/ruta-del-exorcismo-en-alicante\\\/\"},\"author\":{\"name\":\"Ver\u00f3nica G\u00f3mez\",\"@id\":\"https:\\\/\\\/www.escapadarural.com\\\/blog\\\/#\\\/schema\\\/person\\\/4140cb320c90a6ca94d284d6884f5b4e\"},\"headline\":\"Ruta del exorcismo y el misterio por Alicante\u00a0\",\"datePublished\":\"2024-04-26T08:40:28+00:00\",\"dateModified\":\"2025-03-13T13:44:26+00:00\",\"mainEntityOfPage\":{\"@id\":\"https:\\\/\\\/www.escapadarural.com\\\/blog\\\/ruta-del-exorcismo-en-alicante\\\/\"},\"wordCount\":1309,\"commentCount\":0,\"publisher\":{\"@id\":\"https:\\\/\\\/www.escapadarural.com\\\/blog\\\/#organization\"},\"image\":{\"@id\":\"https:\\\/\\\/www.escapadarural.com\\\/blog\\\/ruta-del-exorcismo-en-alicante\\\/#primaryimage\"},\"thumbnailUrl\":\"https:\\\/\\\/www.escapadarural.com\\\/blog\\\/wp-content\\\/uploads\\\/2024\\\/04\\\/penon-de-ifach.jpg\",\"keywords\":[\"Alicante\",\"exorcismo\",\"misterio\"],\"articleSection\":[\"Arte y Cultura\"],\"inLanguage\":\"es\",\"potentialAction\":[{\"@type\":\"CommentAction\",\"name\":\"Comment\",\"target\":[\"https:\\\/\\\/www.escapadarural.com\\\/blog\\\/ruta-del-exorcismo-en-alicante\\\/#respond\"]}]},{\"@type\":\"WebPage\",\"@id\":\"https:\\\/\\\/www.escapadarural.com\\\/blog\\\/ruta-del-exorcismo-en-alicante\\\/\",\"url\":\"https:\\\/\\\/www.escapadarural.com\\\/blog\\\/ruta-del-exorcismo-en-alicante\\\/\",\"name\":\"Ruta del exorcismo y el misterio por Alicante\u00a0 - EscapadaRural\",\"isPartOf\":{\"@id\":\"https:\\\/\\\/www.escapadarural.com\\\/blog\\\/#website\"},\"primaryImageOfPage\":{\"@id\":\"https:\\\/\\\/www.escapadarural.com\\\/blog\\\/ruta-del-exorcismo-en-alicante\\\/#primaryimage\"},\"image\":{\"@id\":\"https:\\\/\\\/www.escapadarural.com\\\/blog\\\/ruta-del-exorcismo-en-alicante\\\/#primaryimage\"},\"thumbnailUrl\":\"https:\\\/\\\/www.escapadarural.com\\\/blog\\\/wp-content\\\/uploads\\\/2024\\\/04\\\/penon-de-ifach.jpg\",\"datePublished\":\"2024-04-26T08:40:28+00:00\",\"dateModified\":\"2025-03-13T13:44:26+00:00\",\"breadcrumb\":{\"@id\":\"https:\\\/\\\/www.escapadarural.com\\\/blog\\\/ruta-del-exorcismo-en-alicante\\\/#breadcrumb\"},\"inLanguage\":\"es\",\"potentialAction\":[{\"@type\":\"ReadAction\",\"target\":[\"https:\\\/\\\/www.escapadarural.com\\\/blog\\\/ruta-del-exorcismo-en-alicante\\\/\"]}]},{\"@type\":\"ImageObject\",\"inLanguage\":\"es\",\"@id\":\"https:\\\/\\\/www.escapadarural.com\\\/blog\\\/ruta-del-exorcismo-en-alicante\\\/#primaryimage\",\"url\":\"https:\\\/\\\/www.escapadarural.com\\\/blog\\\/wp-content\\\/uploads\\\/2024\\\/04\\\/penon-de-ifach.jpg\",\"contentUrl\":\"https:\\\/\\\/www.escapadarural.com\\\/blog\\\/wp-content\\\/uploads\\\/2024\\\/04\\\/penon-de-ifach.jpg\",\"width\":1200,\"height\":800,\"caption\":\"Pe\u00f1\u00f3n de Ifach. Por EKH-Pictures\"},{\"@type\":\"BreadcrumbList\",\"@id\":\"https:\\\/\\\/www.escapadarural.com\\\/blog\\\/ruta-del-exorcismo-en-alicante\\\/#breadcrumb\",\"itemListElement\":[{\"@type\":\"ListItem\",\"position\":1,\"name\":\"Inicio\",\"item\":\"https:\\\/\\\/www.escapadarural.com\\\/blog\\\/\"},{\"@type\":\"ListItem\",\"position\":2,\"name\":\"Arte y Cultura\",\"item\":\"https:\\\/\\\/www.escapadarural.com\\\/blog\\\/categoria\\\/arte-y-cultura\\\/\"},{\"@type\":\"ListItem\",\"position\":3,\"name\":\"Ruta del exorcismo y el misterio por Alicante\u00a0\"}]},{\"@type\":\"WebSite\",\"@id\":\"https:\\\/\\\/www.escapadarural.com\\\/blog\\\/#website\",\"url\":\"https:\\\/\\\/www.escapadarural.com\\\/blog\\\/\",\"name\":\"Blog de viajes | turismo rural, alojamientos e inspiraci\u00f3n\",\"description\":\"Alojamientos rurales e inspiraci\u00f3n para tus escapadas\",\"publisher\":{\"@id\":\"https:\\\/\\\/www.escapadarural.com\\\/blog\\\/#organization\"},\"alternateName\":\"Magazine de viajes de EscapadaRural\",\"potentialAction\":[{\"@type\":\"SearchAction\",\"target\":{\"@type\":\"EntryPoint\",\"urlTemplate\":\"https:\\\/\\\/www.escapadarural.com\\\/blog\\\/?s={search_term_string}\"},\"query-input\":{\"@type\":\"PropertyValueSpecification\",\"valueRequired\":true,\"valueName\":\"search_term_string\"}}],\"inLanguage\":\"es\"},{\"@type\":\"Organization\",\"@id\":\"https:\\\/\\\/www.escapadarural.com\\\/blog\\\/#organization\",\"name\":\"EscapadaRural\",\"url\":\"https:\\\/\\\/www.escapadarural.com\\\/blog\\\/\",\"logo\":{\"@type\":\"ImageObject\",\"inLanguage\":\"es\",\"@id\":\"https:\\\/\\\/www.escapadarural.com\\\/blog\\\/#\\\/schema\\\/logo\\\/image\\\/\",\"url\":\"https:\\\/\\\/www.escapadarural.com\\\/blog\\\/wp-content\\\/uploads\\\/2024\\\/10\\\/cropped-cropped-escapada-rural-icon-mag-3.png\",\"contentUrl\":\"https:\\\/\\\/www.escapadarural.com\\\/blog\\\/wp-content\\\/uploads\\\/2024\\\/10\\\/cropped-cropped-escapada-rural-icon-mag-3.png\",\"width\":512,\"height\":512,\"caption\":\"EscapadaRural\"},\"image\":{\"@id\":\"https:\\\/\\\/www.escapadarural.com\\\/blog\\\/#\\\/schema\\\/logo\\\/image\\\/\"},\"sameAs\":[\"https:\\\/\\\/www.facebook.com\\\/escapadarural\",\"https:\\\/\\\/www.instagram.com\\\/escapadarural\\\/\",\"https:\\\/\\\/www.youtube.com\\\/@escapadaruralcom\"]},{\"@type\":\"Person\",\"@id\":\"https:\\\/\\\/www.escapadarural.com\\\/blog\\\/#\\\/schema\\\/person\\\/4140cb320c90a6ca94d284d6884f5b4e\",\"name\":\"Ver\u00f3nica G\u00f3mez\",\"image\":{\"@type\":\"ImageObject\",\"inLanguage\":\"es\",\"@id\":\"https:\\\/\\\/secure.gravatar.com\\\/avatar\\\/a14c3f7acd3c2787ced9245c8239291aa98d78e70607ab29f4388e265c55669f?s=96&d=mm&r=g\",\"url\":\"https:\\\/\\\/secure.gravatar.com\\\/avatar\\\/a14c3f7acd3c2787ced9245c8239291aa98d78e70607ab29f4388e265c55669f?s=96&d=mm&r=g\",\"contentUrl\":\"https:\\\/\\\/secure.gravatar.com\\\/avatar\\\/a14c3f7acd3c2787ced9245c8239291aa98d78e70607ab29f4388e265c55669f?s=96&d=mm&r=g\",\"caption\":\"Ver\u00f3nica G\u00f3mez\"},\"description\":\"Periodista, madre de Hugo y Enzo a tiempo completo e investigadora incansable, dir\u00eda que hasta cuando duermo. Antes en Cr\u00f3nica Global, El Liberal y El Mundo Catalunya\",\"url\":\"https:\\\/\\\/www.escapadarural.com\\\/blog\\\/autor\\\/veronica-gomez\\\/\"}]}<\/script>\n<!-- \/ Yoast SEO plugin. -->","yoast_head_json":{"title":"Ruta del exorcismo y el misterio por Alicante\u00a0 - EscapadaRural","robots":{"index":"index","follow":"follow","max-snippet":"max-snippet:-1","max-image-preview":"max-image-preview:large","max-video-preview":"max-video-preview:-1"},"canonical":"https:\/\/www.escapadarural.com\/blog\/ruta-del-exorcismo-en-alicante\/","og_locale":"es_ES","og_type":"article","og_title":"Ruta del exorcismo y el misterio por Alicante\u00a0 - EscapadaRural","og_description":"\u00bfSab\u00edas que en Espa\u00f1a hay m\u00e1s de 70 sectas sat\u00e1nicas y el 40% est\u00e1n en Alicante? As\u00ed nos lo ha contado Manuel Adolfo Acu\u00f1a, obispo luterano y fundador de la Escuela de Exorcistas de Europa (EEE). Tambi\u00e9n, por qu\u00e9 la entidad que preside decidi\u00f3 asentar su sede en Orihuela (Alicante). Te invitamos a descubrir esta ruta fascinante","og_url":"https:\/\/www.escapadarural.com\/blog\/ruta-del-exorcismo-en-alicante\/","og_site_name":"Magazine de viajes de EscapadaRural","article_publisher":"https:\/\/www.facebook.com\/escapadarural","article_published_time":"2024-04-26T08:40:28+00:00","article_modified_time":"2025-03-13T13:44:26+00:00","og_image":[{"width":1200,"height":800,"url":"https:\/\/app.escapadarural.com\/blog\/wp-content\/uploads\/2024\/04\/penon-de-ifach.jpg","type":"image\/jpeg"}],"author":"Ver\u00f3nica G\u00f3mez","twitter_card":"summary_large_image","twitter_misc":{"Escrito por":"Ver\u00f3nica G\u00f3mez","Tiempo de lectura":"7 minutos"},"schema":{"@context":"https:\/\/schema.org","@graph":[{"@type":"Article","@id":"https:\/\/www.escapadarural.com\/blog\/ruta-del-exorcismo-en-alicante\/#article","isPartOf":{"@id":"https:\/\/www.escapadarural.com\/blog\/ruta-del-exorcismo-en-alicante\/"},"author":{"name":"Ver\u00f3nica G\u00f3mez","@id":"https:\/\/www.escapadarural.com\/blog\/#\/schema\/person\/4140cb320c90a6ca94d284d6884f5b4e"},"headline":"Ruta del exorcismo y el misterio por Alicante\u00a0","datePublished":"2024-04-26T08:40:28+00:00","dateModified":"2025-03-13T13:44:26+00:00","mainEntityOfPage":{"@id":"https:\/\/www.escapadarural.com\/blog\/ruta-del-exorcismo-en-alicante\/"},"wordCount":1309,"commentCount":0,"publisher":{"@id":"https:\/\/www.escapadarural.com\/blog\/#organization"},"image":{"@id":"https:\/\/www.escapadarural.com\/blog\/ruta-del-exorcismo-en-alicante\/#primaryimage"},"thumbnailUrl":"https:\/\/www.escapadarural.com\/blog\/wp-content\/uploads\/2024\/04\/penon-de-ifach.jpg","keywords":["Alicante","exorcismo","misterio"],"articleSection":["Arte y Cultura"],"inLanguage":"es","potentialAction":[{"@type":"CommentAction","name":"Comment","target":["https:\/\/www.escapadarural.com\/blog\/ruta-del-exorcismo-en-alicante\/#respond"]}]},{"@type":"WebPage","@id":"https:\/\/www.escapadarural.com\/blog\/ruta-del-exorcismo-en-alicante\/","url":"https:\/\/www.escapadarural.com\/blog\/ruta-del-exorcismo-en-alicante\/","name":"Ruta del exorcismo y el misterio por Alicante\u00a0 - EscapadaRural","isPartOf":{"@id":"https:\/\/www.escapadarural.com\/blog\/#website"},"primaryImageOfPage":{"@id":"https:\/\/www.escapadarural.com\/blog\/ruta-del-exorcismo-en-alicante\/#primaryimage"},"image":{"@id":"https:\/\/www.escapadarural.com\/blog\/ruta-del-exorcismo-en-alicante\/#primaryimage"},"thumbnailUrl":"https:\/\/www.escapadarural.com\/blog\/wp-content\/uploads\/2024\/04\/penon-de-ifach.jpg","datePublished":"2024-04-26T08:40:28+00:00","dateModified":"2025-03-13T13:44:26+00:00","breadcrumb":{"@id":"https:\/\/www.escapadarural.com\/blog\/ruta-del-exorcismo-en-alicante\/#breadcrumb"},"inLanguage":"es","potentialAction":[{"@type":"ReadAction","target":["https:\/\/www.escapadarural.com\/blog\/ruta-del-exorcismo-en-alicante\/"]}]},{"@type":"ImageObject","inLanguage":"es","@id":"https:\/\/www.escapadarural.com\/blog\/ruta-del-exorcismo-en-alicante\/#primaryimage","url":"https:\/\/www.escapadarural.com\/blog\/wp-content\/uploads\/2024\/04\/penon-de-ifach.jpg","contentUrl":"https:\/\/www.escapadarural.com\/blog\/wp-content\/uploads\/2024\/04\/penon-de-ifach.jpg","width":1200,"height":800,"caption":"Pe\u00f1\u00f3n de Ifach. Por EKH-Pictures"},{"@type":"BreadcrumbList","@id":"https:\/\/www.escapadarural.com\/blog\/ruta-del-exorcismo-en-alicante\/#breadcrumb","itemListElement":[{"@type":"ListItem","position":1,"name":"Inicio","item":"https:\/\/www.escapadarural.com\/blog\/"},{"@type":"ListItem","position":2,"name":"Arte y Cultura","item":"https:\/\/www.escapadarural.com\/blog\/categoria\/arte-y-cultura\/"},{"@type":"ListItem","position":3,"name":"Ruta del exorcismo y el misterio por Alicante\u00a0"}]},{"@type":"WebSite","@id":"https:\/\/www.escapadarural.com\/blog\/#website","url":"https:\/\/www.escapadarural.com\/blog\/","name":"Blog de viajes | turismo rural, alojamientos e inspiraci\u00f3n","description":"Alojamientos rurales e inspiraci\u00f3n para tus escapadas","publisher":{"@id":"https:\/\/www.escapadarural.com\/blog\/#organization"},"alternateName":"Magazine de viajes de EscapadaRural","potentialAction":[{"@type":"SearchAction","target":{"@type":"EntryPoint","urlTemplate":"https:\/\/www.escapadarural.com\/blog\/?s={search_term_string}"},"query-input":{"@type":"PropertyValueSpecification","valueRequired":true,"valueName":"search_term_string"}}],"inLanguage":"es"},{"@type":"Organization","@id":"https:\/\/www.escapadarural.com\/blog\/#organization","name":"EscapadaRural","url":"https:\/\/www.escapadarural.com\/blog\/","logo":{"@type":"ImageObject","inLanguage":"es","@id":"https:\/\/www.escapadarural.com\/blog\/#\/schema\/logo\/image\/","url":"https:\/\/www.escapadarural.com\/blog\/wp-content\/uploads\/2024\/10\/cropped-cropped-escapada-rural-icon-mag-3.png","contentUrl":"https:\/\/www.escapadarural.com\/blog\/wp-content\/uploads\/2024\/10\/cropped-cropped-escapada-rural-icon-mag-3.png","width":512,"height":512,"caption":"EscapadaRural"},"image":{"@id":"https:\/\/www.escapadarural.com\/blog\/#\/schema\/logo\/image\/"},"sameAs":["https:\/\/www.facebook.com\/escapadarural","https:\/\/www.instagram.com\/escapadarural\/","https:\/\/www.youtube.com\/@escapadaruralcom"]},{"@type":"Person","@id":"https:\/\/www.escapadarural.com\/blog\/#\/schema\/person\/4140cb320c90a6ca94d284d6884f5b4e","name":"Ver\u00f3nica G\u00f3mez","image":{"@type":"ImageObject","inLanguage":"es","@id":"https:\/\/secure.gravatar.com\/avatar\/a14c3f7acd3c2787ced9245c8239291aa98d78e70607ab29f4388e265c55669f?s=96&d=mm&r=g","url":"https:\/\/secure.gravatar.com\/avatar\/a14c3f7acd3c2787ced9245c8239291aa98d78e70607ab29f4388e265c55669f?s=96&d=mm&r=g","contentUrl":"https:\/\/secure.gravatar.com\/avatar\/a14c3f7acd3c2787ced9245c8239291aa98d78e70607ab29f4388e265c55669f?s=96&d=mm&r=g","caption":"Ver\u00f3nica G\u00f3mez"},"description":"Periodista, madre de Hugo y Enzo a tiempo completo e investigadora incansable, dir\u00eda que hasta cuando duermo. Antes en Cr\u00f3nica Global, El Liberal y El Mundo Catalunya","url":"https:\/\/www.escapadarural.com\/blog\/autor\/veronica-gomez\/"}]}},"_links":{"self":[{"href":"https:\/\/www.escapadarural.com\/blog\/wp-json\/wp\/v2\/posts\/72951","targetHints":{"allow":["GET"]}}],"collection":[{"href":"https:\/\/www.escapadarural.com\/blog\/wp-json\/wp\/v2\/posts"}],"about":[{"href":"https:\/\/www.escapadarural.com\/blog\/wp-json\/wp\/v2\/types\/post"}],"author":[{"embeddable":true,"href":"https:\/\/www.escapadarural.com\/blog\/wp-json\/wp\/v2\/users\/156"}],"replies":[{"embeddable":true,"href":"https:\/\/www.escapadarural.com\/blog\/wp-json\/wp\/v2\/comments?post=72951"}],"version-history":[{"count":0,"href":"https:\/\/www.escapadarural.com\/blog\/wp-json\/wp\/v2\/posts\/72951\/revisions"}],"wp:featuredmedia":[{"embeddable":true,"href":"https:\/\/www.escapadarural.com\/blog\/wp-json\/wp\/v2\/media\/73313"}],"wp:attachment":[{"href":"https:\/\/www.escapadarural.com\/blog\/wp-json\/wp\/v2\/media?parent=72951"}],"wp:term":[{"taxonomy":"category","embeddable":true,"href":"https:\/\/www.escapadarural.com\/blog\/wp-json\/wp\/v2\/categories?post=72951"},{"taxonomy":"post_tag","embeddable":true,"href":"https:\/\/www.escapadarural.com\/blog\/wp-json\/wp\/v2\/tags?post=72951"}],"curies":[{"name":"wp","href":"https:\/\/api.w.org\/{rel}","templated":true}]}}