{"id":7459,"date":"2016-07-11T10:47:05","date_gmt":"2016-07-11T09:47:05","guid":{"rendered":"http:\/\/15.188.81.248\/2016\/07\/11\/las-calitas-mas-pequenas-de-espana\/"},"modified":"2025-04-15T11:39:18","modified_gmt":"2025-04-15T09:39:18","slug":"las-calitas-mas-pequenas-de-espana","status":"publish","type":"post","link":"https:\/\/www.escapadarural.com\/blog\/las-calitas-mas-pequenas-de-espana\/","title":{"rendered":"Las 12 calitas m\u00e1s peque\u00f1as de Espa\u00f1a"},"content":{"rendered":"\n<div class=\"wp-block-image\"><figure class=\"aligncenter size-large\"><a href=\"https:\/\/www.escapadarural.com\/blog\/wp-content\/uploads\/2018\/07\/El-Charco-Azul-en-El-Hierro.jpg\"><img decoding=\"async\" src=\"https:\/\/www.escapadarural.com\/blog\/wp-content\/uploads\/2018\/07\/El-Charco-Azul-en-El-Hierro.jpg\" alt=\"El Hierro\" class=\"wp-image-26219\"\/><\/a><figcaption>Por Jos\u00e9 Concepci\u00f3n Feliciano<\/figcaption><\/figure><\/div>\n\n\n\n<p>Hace un tiempo te hablamos de las playas m\u00e1s largas de Espa\u00f1a. Son kilom\u00e9tricas. En esta historia playera nos faltaba su antagonista: las calas m\u00e1s peque\u00f1as del pa\u00eds.<\/p>\n\n\n\n<p>Son lugares de ba\u00f1o con poca afluencia, generalmente. Rinconcitos de arena o roca que miden de 8 m a 12 m. La mayor\u00eda se encuentran en Baleares, Canarias y Galicia. Lo justo para darse un chapuz\u00f3n y extender la toalla.<\/p>\n\n\n\n<p>Seguro que conoc\u00e9is alg\u00fan rinconcito m\u00e1s. Los datos que os damos corresponden al \u00edndice oficial de playas y calas del Magrama (Ministerio de Agricultura, Alimentaci\u00f3n y Medio Ambiente).<\/p>\n\n\n\n<!--more-->\n\n\n\n<h2 class=\"title-rute wp-block-heading\"><strong>1.<\/strong> Charco Azul (8 metros &#8211; El Hierro)<\/h2>\n\n\n\n<p>La calita m\u00e1s peque\u00f1a de Espa\u00f1a, seg\u00fan el Magrama. Es de roca y tiene un oleaje moderado. Se encuentra en el municipio de Frontera, en El Hierro y mide apenas 8 metros. Un chapuz\u00f3n enorme en un rinc\u00f3n min\u00fasculo.<\/p>\n\n\n\n<p>C\u00f3mo llegar al Charco Azul<\/p>\n\n\n\n<h2 class=\"title-rute wp-block-heading\"><strong>2.<\/strong> Cala O Baluarte \/ O Casqueiro (9 m &#8211; A Coru\u00f1a)<\/h2>\n\n\n\n<p>Es una calita de arena y aguas tranquilas. O Baluarte \/ O Casqueiro la encontrar\u00e9is en el municipio de Riveira, en A Coru\u00f1a. Mide 9 metros de longitud, pero cuenta con duchas, lavapi\u00e9s y otros servicios b\u00e1sicos.<\/p>\n\n\n\n<p>C\u00f3mo llegar a la Cala O Baluarte<\/p>\n\n\n\n<h2 class=\"title-rute wp-block-heading\"><strong>3.<\/strong> Cala Penisqueira (10 m &#8211; A Coru\u00f1a)<\/h2>\n\n\n\n<p>Seguimos en el municipio coru\u00f1\u00e9s de Riveira. La cala de Penisqueira forma parte de un grupo de playitas, breves y aisladas. Tambi\u00e9n es de arena, como la anterior, y con apenas 10 metros tienen un grado de afluencia bajo. Podr\u00edais tener toda la playa para vosotros.<\/p>\n\n\n\n<p>C\u00f3mo llegar a la Cala Penisqueira<\/p>\n\n\n\n<h2 class=\"title-rute wp-block-heading\"><strong>4.<\/strong> El Riego (10 m &#8211; Asturias)<\/h2>\n\n\n\n<p>El Riego es una de las playas de Novellana, un mosaico de calitas en torno al Cabo Bidio, en Asturias. Es una playa de grava (bolos) de 10 metros de largo por 3 metros de ancho. Est\u00e1 en el municipio de Cudillero. Las gaviotas han colonizado los tres pe\u00f1ones que la envuelven.<\/p>\n\n\n\n<p>C\u00f3mo llegar a la Cala El Riego<\/p>\n\n\n\n<h2 class=\"title-rute wp-block-heading\"><strong>5.<\/strong> Cala D\u00e8ntol (10 m &#8211; Mallorca)<\/h2>\n\n\n\n<p>Son 10 metros de paz y descanso playil, pero el acceso es dif\u00edcil: vegetaci\u00f3n y rocas con la promesa del Mediterr\u00e1neo en exclusiva. Cala D\u00e8ntol se encuentra en el municipio de Art\u00e0 (Mallorca), de camino hacia S&#8217;Arenalet d&#8217;Aubarca y cuenta con un buen fondo para submarinistas.<\/p>\n\n\n\n<p>C\u00f3mo llegar a la Cala D\u00e8ntol<\/p>\n\n\n\n<h2 class=\"title-rute wp-block-heading\"><strong>6.<\/strong> Es Torrent d&#8217;Es Morts (10 &#8211; Mallorca)<\/h2>\n\n\n\n<p>Es Torrent d&#8217;Es Morts tambi\u00e9n mide 10 metros y tambi\u00e9n est\u00e1 en Mallorca. Concretamente en el municipio de Son Servera. Ojo, hay un barrio de Palma de Mallorca con el mismo nombre que el municipio. En este caso, est\u00e1 cerca de Cala Millor. Es una calita con cantos rodados con un oleaje medio y un grado de afluencia bajo.<\/p>\n\n\n\n<p>C\u00f3mo llegar a Es Torrent d&#8217;Es Morts<\/p>\n\n\n\n<h2 class=\"title-rute wp-block-heading\"><strong>7.<\/strong> Cala Muellito de Orchilla (10 m &#8211; El Hierro)<\/h2>\n\n\n\n<p>Mide 10 metros pero tiene incluso un faro, el Faro de Orchilla: el m\u00e1s occidental de Europa. Es el faro del Fin del Mundo. Durante 1.700 a\u00f1os, se consider\u00f3 que el Meridiano 0 pasaba por aqu\u00ed. El municipio al que pertenece la cala Muellito de Orchilla es El Pinar de El Hierro. De roca y con el agua en calma.<\/p>\n\n\n\n<p>C\u00f3mo llegar a la Cala Muellito de Orchilla<\/p>\n\n\n\n<h2 class=\"title-rute wp-block-heading\"><strong>8.<\/strong> Cala Tacor\u00f3n (10 m &#8211; El Hierro)<\/h2>\n\n\n\n<p>De nuevo en El Hierro y en el mismo municipio que la anterior cala: El Pinar de El Hierro. Tiene instalaciones para barbacoa y suele haber gente, claro.<\/p>\n\n\n\n<p>C\u00f3mo llegar a la Cala Tacor\u00f3n<\/p>\n\n\n\n<h2 class=\"title-rute wp-block-heading\"><strong>9.<\/strong> Cala Touro (10 m &#8211; A Coru\u00f1a)<\/h2>\n\n\n\n<p>Una playa urbana situada en el municipio de Riveira, nuevamente, en A Coru\u00f1a. De arena, aguas tranquilas y un grado de afluencia medio-alto: es una playita urbana sin servicios. Exclusivamente para quitarse el calor de encima.<\/p>\n\n\n\n<p>C\u00f3mo llegar a la Cala Touro<\/p>\n\n\n\n<h2 class=\"title-rute wp-block-heading\"><strong>10.<\/strong> Cala Las Pulgas (12 m &#8211; Regi\u00f3n de Murcia)<\/h2>\n\n\n\n<p>Parece un paisaje des\u00e9rtico y no cuenta con servicios, pero la calita de Las Pulgas es ideal para un chapuz\u00f3n aislado y solitario en la Regi\u00f3n de Murcia. Est\u00e1 en el municipio de \u00c1guilas, combina roca y arena y mide 12 metros.<\/p>\n\n\n\n<p>C\u00f3mo llegar a Las Pulgas<\/p>\n\n\n\n<h2 class=\"title-rute wp-block-heading\"><strong>11.<\/strong> Cala Truja (12 m &#8211; Ibiza)<\/h2>\n\n\n\n<p>El t\u00e9rmino de Sant Josep de Sa Talaia est\u00e1 Cala Truja, un rinconcito de 12 metros rodeado de un peque\u00f1o acantilado y con aguas tranquilas. Es de roca y no suele haber mucha gente.<\/p>\n\n\n\n<p>C\u00f3mo llegar a Cala Truja<\/p>\n\n\n\n<h2 class=\"title-rute wp-block-heading\"><strong>12.<\/strong> Ribeiri\u00f1a (12 m &#8211; A Coru\u00f1a)<\/h2>\n\n\n\n<p>La \u00faltima calita que no supera los 12 metros de longitud es Ribeiri\u00f1a. Est\u00e1, como las anteriores calitas gallegas, en A Coru\u00f1a, en el municipio de Riveira. Es una playa urbana en torno al espig\u00f3n del puerto de Corrubedo.<\/p>\n\n\n\n<p>C\u00f3mo llegar a Ribeiri\u00f1a<\/p>\n","protected":false},"excerpt":{"rendered":"<p>Son lugares de ba\u00f1o con poca afluencia, generalmente. Rinconcitos de arena o roca que miden de 8 m a 12 m. La mayor\u00eda se encuentran en Baleares, Canarias y Galicia. Lo justo para darse un chapuz\u00f3n y extender la toalla.<\/p>\n","protected":false},"author":136,"featured_media":105685,"comment_status":"open","ping_status":"closed","sticky":false,"template":"","format":"standard","meta":{"_acf_changed":false,"om_disable_all_campaigns":false,"footnotes":""},"categories":[191],"tags":[943,1857,1339,409,215,410,192,1858],"class_list":["post-7459","post","type-post","status-publish","format-standard","has-post-thumbnail","hentry","category-destinos","tag-calas","tag-calas-pequenas","tag-cudillero","tag-ibiza","tag-listado","tag-mallorca","tag-playas","tag-riveira"],"acf":[],"featured_image_src":"https:\/\/www.escapadarural.com\/blog\/wp-content\/uploads\/2024\/10\/El-Charco-Azul-en-El-Hierro-1.jpg","author_info":{"display_name":"Escapada Rural","author_link":"https:\/\/www.escapadarural.com\/blog\/autor\/user\/"},"yoast_head":"<!-- This site is optimized with the Yoast SEO plugin v27.5 - https:\/\/yoast.com\/product\/yoast-seo-wordpress\/ -->\n<title>Las 12 calitas m\u00e1s peque\u00f1as de Espa\u00f1a - EscapadaRural<\/title>\n<meta name=\"robots\" content=\"index, follow, max-snippet:-1, max-image-preview:large, max-video-preview:-1\" \/>\n<link rel=\"canonical\" href=\"https:\/\/www.escapadarural.com\/blog\/las-calitas-mas-pequenas-de-espana\/\" \/>\n<meta property=\"og:locale\" content=\"es_ES\" \/>\n<meta property=\"og:type\" content=\"article\" \/>\n<meta property=\"og:title\" content=\"Las 12 calitas m\u00e1s peque\u00f1as de Espa\u00f1a - EscapadaRural\" \/>\n<meta property=\"og:description\" content=\"Son lugares de ba\u00f1o con poca afluencia, generalmente. Rinconcitos de arena o roca que miden de 8 m a 12 m. La mayor\u00eda se encuentran en Baleares, Canarias y Galicia. Lo justo para darse un chapuz\u00f3n y extender la toalla.\" \/>\n<meta property=\"og:url\" content=\"https:\/\/www.escapadarural.com\/blog\/las-calitas-mas-pequenas-de-espana\/\" \/>\n<meta property=\"og:site_name\" content=\"Magazine de viajes de EscapadaRural\" \/>\n<meta property=\"article:publisher\" content=\"https:\/\/www.facebook.com\/escapadarural\" \/>\n<meta property=\"article:author\" content=\"https:\/\/www.facebook.com\/escapadarural\" \/>\n<meta property=\"article:published_time\" content=\"2016-07-11T09:47:05+00:00\" \/>\n<meta property=\"article:modified_time\" content=\"2025-04-15T09:39:18+00:00\" \/>\n<meta property=\"og:image\" content=\"https:\/\/www.escapadarural.com\/blog\/wp-content\/uploads\/2024\/10\/El-Charco-Azul-en-El-Hierro-1.jpg\" \/>\n\t<meta property=\"og:image:width\" content=\"753\" \/>\n\t<meta property=\"og:image:height\" content=\"473\" \/>\n\t<meta property=\"og:image:type\" content=\"image\/jpeg\" \/>\n<meta name=\"author\" content=\"Escapada Rural\" \/>\n<meta name=\"twitter:card\" content=\"summary_large_image\" \/>\n<meta name=\"twitter:creator\" content=\"@https:\/\/x.com\/i\/flow\/login?redirect_after_login=escapadarural\" \/>\n<meta name=\"twitter:label1\" content=\"Escrito por\" \/>\n\t<meta name=\"twitter:data1\" content=\"Escapada Rural\" \/>\n\t<meta name=\"twitter:label2\" content=\"Tiempo de lectura\" \/>\n\t<meta name=\"twitter:data2\" content=\"4 minutos\" \/>\n<script type=\"application\/ld+json\" class=\"yoast-schema-graph\">{\"@context\":\"https:\\\/\\\/schema.org\",\"@graph\":[{\"@type\":\"Article\",\"@id\":\"https:\\\/\\\/www.escapadarural.com\\\/blog\\\/las-calitas-mas-pequenas-de-espana\\\/#article\",\"isPartOf\":{\"@id\":\"https:\\\/\\\/www.escapadarural.com\\\/blog\\\/las-calitas-mas-pequenas-de-espana\\\/\"},\"author\":{\"name\":\"Escapada Rural\",\"@id\":\"https:\\\/\\\/www.escapadarural.com\\\/blog\\\/#\\\/schema\\\/person\\\/d9ee55ff3e0cef41d6eac8922b4f972c\"},\"headline\":\"Las 12 calitas m\u00e1s peque\u00f1as de Espa\u00f1a\",\"datePublished\":\"2016-07-11T09:47:05+00:00\",\"dateModified\":\"2025-04-15T09:39:18+00:00\",\"mainEntityOfPage\":{\"@id\":\"https:\\\/\\\/www.escapadarural.com\\\/blog\\\/las-calitas-mas-pequenas-de-espana\\\/\"},\"wordCount\":832,\"commentCount\":0,\"publisher\":{\"@id\":\"https:\\\/\\\/www.escapadarural.com\\\/blog\\\/#organization\"},\"image\":{\"@id\":\"https:\\\/\\\/www.escapadarural.com\\\/blog\\\/las-calitas-mas-pequenas-de-espana\\\/#primaryimage\"},\"thumbnailUrl\":\"https:\\\/\\\/www.escapadarural.com\\\/blog\\\/wp-content\\\/uploads\\\/2024\\\/10\\\/El-Charco-Azul-en-El-Hierro-1.jpg\",\"keywords\":[\"Calas\",\"Calas Peque\u00f1as\",\"Cudillero\",\"Ibiza\",\"Listado\",\"Mallorca\",\"playas\",\"Riveira\"],\"articleSection\":[\"Destinos\"],\"inLanguage\":\"es\",\"potentialAction\":[{\"@type\":\"CommentAction\",\"name\":\"Comment\",\"target\":[\"https:\\\/\\\/www.escapadarural.com\\\/blog\\\/las-calitas-mas-pequenas-de-espana\\\/#respond\"]}]},{\"@type\":\"WebPage\",\"@id\":\"https:\\\/\\\/www.escapadarural.com\\\/blog\\\/las-calitas-mas-pequenas-de-espana\\\/\",\"url\":\"https:\\\/\\\/www.escapadarural.com\\\/blog\\\/las-calitas-mas-pequenas-de-espana\\\/\",\"name\":\"Las 12 calitas m\u00e1s peque\u00f1as de Espa\u00f1a - EscapadaRural\",\"isPartOf\":{\"@id\":\"https:\\\/\\\/www.escapadarural.com\\\/blog\\\/#website\"},\"primaryImageOfPage\":{\"@id\":\"https:\\\/\\\/www.escapadarural.com\\\/blog\\\/las-calitas-mas-pequenas-de-espana\\\/#primaryimage\"},\"image\":{\"@id\":\"https:\\\/\\\/www.escapadarural.com\\\/blog\\\/las-calitas-mas-pequenas-de-espana\\\/#primaryimage\"},\"thumbnailUrl\":\"https:\\\/\\\/www.escapadarural.com\\\/blog\\\/wp-content\\\/uploads\\\/2024\\\/10\\\/El-Charco-Azul-en-El-Hierro-1.jpg\",\"datePublished\":\"2016-07-11T09:47:05+00:00\",\"dateModified\":\"2025-04-15T09:39:18+00:00\",\"breadcrumb\":{\"@id\":\"https:\\\/\\\/www.escapadarural.com\\\/blog\\\/las-calitas-mas-pequenas-de-espana\\\/#breadcrumb\"},\"inLanguage\":\"es\",\"potentialAction\":[{\"@type\":\"ReadAction\",\"target\":[\"https:\\\/\\\/www.escapadarural.com\\\/blog\\\/las-calitas-mas-pequenas-de-espana\\\/\"]}]},{\"@type\":\"ImageObject\",\"inLanguage\":\"es\",\"@id\":\"https:\\\/\\\/www.escapadarural.com\\\/blog\\\/las-calitas-mas-pequenas-de-espana\\\/#primaryimage\",\"url\":\"https:\\\/\\\/www.escapadarural.com\\\/blog\\\/wp-content\\\/uploads\\\/2024\\\/10\\\/El-Charco-Azul-en-El-Hierro-1.jpg\",\"contentUrl\":\"https:\\\/\\\/www.escapadarural.com\\\/blog\\\/wp-content\\\/uploads\\\/2024\\\/10\\\/El-Charco-Azul-en-El-Hierro-1.jpg\",\"width\":753,\"height\":473,\"caption\":\"El Hierro. Por Jos\u00e9 Concepci\u00f3n Feliciano\"},{\"@type\":\"BreadcrumbList\",\"@id\":\"https:\\\/\\\/www.escapadarural.com\\\/blog\\\/las-calitas-mas-pequenas-de-espana\\\/#breadcrumb\",\"itemListElement\":[{\"@type\":\"ListItem\",\"position\":1,\"name\":\"Inicio\",\"item\":\"https:\\\/\\\/www.escapadarural.com\\\/blog\\\/\"},{\"@type\":\"ListItem\",\"position\":2,\"name\":\"Destinos\",\"item\":\"https:\\\/\\\/www.escapadarural.com\\\/blog\\\/categoria\\\/destinos\\\/\"},{\"@type\":\"ListItem\",\"position\":3,\"name\":\"Las 12 calitas m\u00e1s peque\u00f1as de Espa\u00f1a\"}]},{\"@type\":\"WebSite\",\"@id\":\"https:\\\/\\\/www.escapadarural.com\\\/blog\\\/#website\",\"url\":\"https:\\\/\\\/www.escapadarural.com\\\/blog\\\/\",\"name\":\"Blog de viajes | turismo rural, alojamientos e inspiraci\u00f3n\",\"description\":\"Alojamientos rurales e inspiraci\u00f3n para tus escapadas\",\"publisher\":{\"@id\":\"https:\\\/\\\/www.escapadarural.com\\\/blog\\\/#organization\"},\"alternateName\":\"Magazine de viajes de EscapadaRural\",\"potentialAction\":[{\"@type\":\"SearchAction\",\"target\":{\"@type\":\"EntryPoint\",\"urlTemplate\":\"https:\\\/\\\/www.escapadarural.com\\\/blog\\\/?s={search_term_string}\"},\"query-input\":{\"@type\":\"PropertyValueSpecification\",\"valueRequired\":true,\"valueName\":\"search_term_string\"}}],\"inLanguage\":\"es\"},{\"@type\":\"Organization\",\"@id\":\"https:\\\/\\\/www.escapadarural.com\\\/blog\\\/#organization\",\"name\":\"EscapadaRural\",\"url\":\"https:\\\/\\\/www.escapadarural.com\\\/blog\\\/\",\"logo\":{\"@type\":\"ImageObject\",\"inLanguage\":\"es\",\"@id\":\"https:\\\/\\\/www.escapadarural.com\\\/blog\\\/#\\\/schema\\\/logo\\\/image\\\/\",\"url\":\"https:\\\/\\\/www.escapadarural.com\\\/blog\\\/wp-content\\\/uploads\\\/2024\\\/10\\\/cropped-cropped-escapada-rural-icon-mag-3.png\",\"contentUrl\":\"https:\\\/\\\/www.escapadarural.com\\\/blog\\\/wp-content\\\/uploads\\\/2024\\\/10\\\/cropped-cropped-escapada-rural-icon-mag-3.png\",\"width\":512,\"height\":512,\"caption\":\"EscapadaRural\"},\"image\":{\"@id\":\"https:\\\/\\\/www.escapadarural.com\\\/blog\\\/#\\\/schema\\\/logo\\\/image\\\/\"},\"sameAs\":[\"https:\\\/\\\/www.facebook.com\\\/escapadarural\",\"https:\\\/\\\/www.instagram.com\\\/escapadarural\\\/\",\"https:\\\/\\\/www.youtube.com\\\/@escapadaruralcom\"]},{\"@type\":\"Person\",\"@id\":\"https:\\\/\\\/www.escapadarural.com\\\/blog\\\/#\\\/schema\\\/person\\\/d9ee55ff3e0cef41d6eac8922b4f972c\",\"name\":\"Escapada Rural\",\"image\":{\"@type\":\"ImageObject\",\"inLanguage\":\"es\",\"@id\":\"https:\\\/\\\/www.escapadarural.com\\\/blog\\\/wp-content\\\/uploads\\\/2024\\\/10\\\/cropped-cropped-escapada-rural-icon-mag-3-96x96.png\",\"url\":\"https:\\\/\\\/www.escapadarural.com\\\/blog\\\/wp-content\\\/uploads\\\/2024\\\/10\\\/cropped-cropped-escapada-rural-icon-mag-3-96x96.png\",\"contentUrl\":\"https:\\\/\\\/www.escapadarural.com\\\/blog\\\/wp-content\\\/uploads\\\/2024\\\/10\\\/cropped-cropped-escapada-rural-icon-mag-3-96x96.png\",\"caption\":\"Escapada Rural\"},\"sameAs\":[\"https:\\\/\\\/www.facebook.com\\\/escapadarural\",\"https:\\\/\\\/www.linkedin.com\\\/company\\\/escapada-rural\\\/?originalSubdomain=es\",\"https:\\\/\\\/x.com\\\/https:\\\/\\\/x.com\\\/i\\\/flow\\\/login?redirect_after_login=escapadarural\"],\"url\":\"https:\\\/\\\/www.escapadarural.com\\\/blog\\\/autor\\\/user\\\/\"}]}<\/script>\n<!-- \/ Yoast SEO plugin. -->","yoast_head_json":{"title":"Las 12 calitas m\u00e1s peque\u00f1as de Espa\u00f1a - EscapadaRural","robots":{"index":"index","follow":"follow","max-snippet":"max-snippet:-1","max-image-preview":"max-image-preview:large","max-video-preview":"max-video-preview:-1"},"canonical":"https:\/\/www.escapadarural.com\/blog\/las-calitas-mas-pequenas-de-espana\/","og_locale":"es_ES","og_type":"article","og_title":"Las 12 calitas m\u00e1s peque\u00f1as de Espa\u00f1a - EscapadaRural","og_description":"Son lugares de ba\u00f1o con poca afluencia, generalmente. Rinconcitos de arena o roca que miden de 8 m a 12 m. La mayor\u00eda se encuentran en Baleares, Canarias y Galicia. Lo justo para darse un chapuz\u00f3n y extender la toalla.","og_url":"https:\/\/www.escapadarural.com\/blog\/las-calitas-mas-pequenas-de-espana\/","og_site_name":"Magazine de viajes de EscapadaRural","article_publisher":"https:\/\/www.facebook.com\/escapadarural","article_author":"https:\/\/www.facebook.com\/escapadarural","article_published_time":"2016-07-11T09:47:05+00:00","article_modified_time":"2025-04-15T09:39:18+00:00","og_image":[{"width":753,"height":473,"url":"https:\/\/www.escapadarural.com\/blog\/wp-content\/uploads\/2024\/10\/El-Charco-Azul-en-El-Hierro-1.jpg","type":"image\/jpeg"}],"author":"Escapada Rural","twitter_card":"summary_large_image","twitter_creator":"@https:\/\/x.com\/i\/flow\/login?redirect_after_login=escapadarural","twitter_misc":{"Escrito por":"Escapada Rural","Tiempo de lectura":"4 minutos"},"schema":{"@context":"https:\/\/schema.org","@graph":[{"@type":"Article","@id":"https:\/\/www.escapadarural.com\/blog\/las-calitas-mas-pequenas-de-espana\/#article","isPartOf":{"@id":"https:\/\/www.escapadarural.com\/blog\/las-calitas-mas-pequenas-de-espana\/"},"author":{"name":"Escapada Rural","@id":"https:\/\/www.escapadarural.com\/blog\/#\/schema\/person\/d9ee55ff3e0cef41d6eac8922b4f972c"},"headline":"Las 12 calitas m\u00e1s peque\u00f1as de Espa\u00f1a","datePublished":"2016-07-11T09:47:05+00:00","dateModified":"2025-04-15T09:39:18+00:00","mainEntityOfPage":{"@id":"https:\/\/www.escapadarural.com\/blog\/las-calitas-mas-pequenas-de-espana\/"},"wordCount":832,"commentCount":0,"publisher":{"@id":"https:\/\/www.escapadarural.com\/blog\/#organization"},"image":{"@id":"https:\/\/www.escapadarural.com\/blog\/las-calitas-mas-pequenas-de-espana\/#primaryimage"},"thumbnailUrl":"https:\/\/www.escapadarural.com\/blog\/wp-content\/uploads\/2024\/10\/El-Charco-Azul-en-El-Hierro-1.jpg","keywords":["Calas","Calas Peque\u00f1as","Cudillero","Ibiza","Listado","Mallorca","playas","Riveira"],"articleSection":["Destinos"],"inLanguage":"es","potentialAction":[{"@type":"CommentAction","name":"Comment","target":["https:\/\/www.escapadarural.com\/blog\/las-calitas-mas-pequenas-de-espana\/#respond"]}]},{"@type":"WebPage","@id":"https:\/\/www.escapadarural.com\/blog\/las-calitas-mas-pequenas-de-espana\/","url":"https:\/\/www.escapadarural.com\/blog\/las-calitas-mas-pequenas-de-espana\/","name":"Las 12 calitas m\u00e1s peque\u00f1as de Espa\u00f1a - EscapadaRural","isPartOf":{"@id":"https:\/\/www.escapadarural.com\/blog\/#website"},"primaryImageOfPage":{"@id":"https:\/\/www.escapadarural.com\/blog\/las-calitas-mas-pequenas-de-espana\/#primaryimage"},"image":{"@id":"https:\/\/www.escapadarural.com\/blog\/las-calitas-mas-pequenas-de-espana\/#primaryimage"},"thumbnailUrl":"https:\/\/www.escapadarural.com\/blog\/wp-content\/uploads\/2024\/10\/El-Charco-Azul-en-El-Hierro-1.jpg","datePublished":"2016-07-11T09:47:05+00:00","dateModified":"2025-04-15T09:39:18+00:00","breadcrumb":{"@id":"https:\/\/www.escapadarural.com\/blog\/las-calitas-mas-pequenas-de-espana\/#breadcrumb"},"inLanguage":"es","potentialAction":[{"@type":"ReadAction","target":["https:\/\/www.escapadarural.com\/blog\/las-calitas-mas-pequenas-de-espana\/"]}]},{"@type":"ImageObject","inLanguage":"es","@id":"https:\/\/www.escapadarural.com\/blog\/las-calitas-mas-pequenas-de-espana\/#primaryimage","url":"https:\/\/www.escapadarural.com\/blog\/wp-content\/uploads\/2024\/10\/El-Charco-Azul-en-El-Hierro-1.jpg","contentUrl":"https:\/\/www.escapadarural.com\/blog\/wp-content\/uploads\/2024\/10\/El-Charco-Azul-en-El-Hierro-1.jpg","width":753,"height":473,"caption":"El Hierro. Por Jos\u00e9 Concepci\u00f3n Feliciano"},{"@type":"BreadcrumbList","@id":"https:\/\/www.escapadarural.com\/blog\/las-calitas-mas-pequenas-de-espana\/#breadcrumb","itemListElement":[{"@type":"ListItem","position":1,"name":"Inicio","item":"https:\/\/www.escapadarural.com\/blog\/"},{"@type":"ListItem","position":2,"name":"Destinos","item":"https:\/\/www.escapadarural.com\/blog\/categoria\/destinos\/"},{"@type":"ListItem","position":3,"name":"Las 12 calitas m\u00e1s peque\u00f1as de Espa\u00f1a"}]},{"@type":"WebSite","@id":"https:\/\/www.escapadarural.com\/blog\/#website","url":"https:\/\/www.escapadarural.com\/blog\/","name":"Blog de viajes | turismo rural, alojamientos e inspiraci\u00f3n","description":"Alojamientos rurales e inspiraci\u00f3n para tus escapadas","publisher":{"@id":"https:\/\/www.escapadarural.com\/blog\/#organization"},"alternateName":"Magazine de viajes de EscapadaRural","potentialAction":[{"@type":"SearchAction","target":{"@type":"EntryPoint","urlTemplate":"https:\/\/www.escapadarural.com\/blog\/?s={search_term_string}"},"query-input":{"@type":"PropertyValueSpecification","valueRequired":true,"valueName":"search_term_string"}}],"inLanguage":"es"},{"@type":"Organization","@id":"https:\/\/www.escapadarural.com\/blog\/#organization","name":"EscapadaRural","url":"https:\/\/www.escapadarural.com\/blog\/","logo":{"@type":"ImageObject","inLanguage":"es","@id":"https:\/\/www.escapadarural.com\/blog\/#\/schema\/logo\/image\/","url":"https:\/\/www.escapadarural.com\/blog\/wp-content\/uploads\/2024\/10\/cropped-cropped-escapada-rural-icon-mag-3.png","contentUrl":"https:\/\/www.escapadarural.com\/blog\/wp-content\/uploads\/2024\/10\/cropped-cropped-escapada-rural-icon-mag-3.png","width":512,"height":512,"caption":"EscapadaRural"},"image":{"@id":"https:\/\/www.escapadarural.com\/blog\/#\/schema\/logo\/image\/"},"sameAs":["https:\/\/www.facebook.com\/escapadarural","https:\/\/www.instagram.com\/escapadarural\/","https:\/\/www.youtube.com\/@escapadaruralcom"]},{"@type":"Person","@id":"https:\/\/www.escapadarural.com\/blog\/#\/schema\/person\/d9ee55ff3e0cef41d6eac8922b4f972c","name":"Escapada Rural","image":{"@type":"ImageObject","inLanguage":"es","@id":"https:\/\/www.escapadarural.com\/blog\/wp-content\/uploads\/2024\/10\/cropped-cropped-escapada-rural-icon-mag-3-96x96.png","url":"https:\/\/www.escapadarural.com\/blog\/wp-content\/uploads\/2024\/10\/cropped-cropped-escapada-rural-icon-mag-3-96x96.png","contentUrl":"https:\/\/www.escapadarural.com\/blog\/wp-content\/uploads\/2024\/10\/cropped-cropped-escapada-rural-icon-mag-3-96x96.png","caption":"Escapada Rural"},"sameAs":["https:\/\/www.facebook.com\/escapadarural","https:\/\/www.linkedin.com\/company\/escapada-rural\/?originalSubdomain=es","https:\/\/x.com\/https:\/\/x.com\/i\/flow\/login?redirect_after_login=escapadarural"],"url":"https:\/\/www.escapadarural.com\/blog\/autor\/user\/"}]}},"_links":{"self":[{"href":"https:\/\/www.escapadarural.com\/blog\/wp-json\/wp\/v2\/posts\/7459","targetHints":{"allow":["GET"]}}],"collection":[{"href":"https:\/\/www.escapadarural.com\/blog\/wp-json\/wp\/v2\/posts"}],"about":[{"href":"https:\/\/www.escapadarural.com\/blog\/wp-json\/wp\/v2\/types\/post"}],"author":[{"embeddable":true,"href":"https:\/\/www.escapadarural.com\/blog\/wp-json\/wp\/v2\/users\/136"}],"replies":[{"embeddable":true,"href":"https:\/\/www.escapadarural.com\/blog\/wp-json\/wp\/v2\/comments?post=7459"}],"version-history":[{"count":0,"href":"https:\/\/www.escapadarural.com\/blog\/wp-json\/wp\/v2\/posts\/7459\/revisions"}],"wp:featuredmedia":[{"embeddable":true,"href":"https:\/\/www.escapadarural.com\/blog\/wp-json\/wp\/v2\/media\/105685"}],"wp:attachment":[{"href":"https:\/\/www.escapadarural.com\/blog\/wp-json\/wp\/v2\/media?parent=7459"}],"wp:term":[{"taxonomy":"category","embeddable":true,"href":"https:\/\/www.escapadarural.com\/blog\/wp-json\/wp\/v2\/categories?post=7459"},{"taxonomy":"post_tag","embeddable":true,"href":"https:\/\/www.escapadarural.com\/blog\/wp-json\/wp\/v2\/tags?post=7459"}],"curies":[{"name":"wp","href":"https:\/\/api.w.org\/{rel}","templated":true}]}}