{"id":75118,"date":"2024-06-05T08:43:31","date_gmt":"2024-06-05T07:43:31","guid":{"rendered":"https:\/\/www.escapadarural.com\/blog\/?p=75118"},"modified":"2025-06-17T16:24:41","modified_gmt":"2025-06-17T14:24:41","slug":"eguzkilores-caserios-pais-vasco","status":"publish","type":"post","link":"https:\/\/www.escapadarural.com\/blog\/eguzkilores-caserios-pais-vasco\/","title":{"rendered":"\u00bfPor qu\u00e9 se ponen \u201ceguzkilores\u201d en los caser\u00edos del Pa\u00eds Vasco?"},"content":{"rendered":"\n<figure class=\"wp-block-image size-full\"><a href=\"https:\/\/www.escapadarural.com\/blog\/wp-content\/uploads\/2024\/10\/eguzkilores.webp\"><img decoding=\"async\" src=\"https:\/\/www.escapadarural.com\/blog\/wp-content\/uploads\/2024\/10\/eguzkilores.webp\" alt=\"Eguzkilores del caser\u00edo del Pa\u00eds Vasco\" class=\"wp-image-75160\"\/><\/a><figcaption class=\"wp-element-caption\">Eguzkilore en un caser\u00edo del Pa\u00eds Vasco. Por Imagenatural<\/figcaption><\/figure>\n\n\n\n<p>Si has viajado alguna vez por zonas rurales del <a href=\"\/casas-rurales\/pais-vasco\">Pa\u00eds Vasco<\/a>, sobre todo por las del paisaje de campas verdes y \u201cbaserris\u201d (caser\u00edos), te habr\u00e1 llamado la atenci\u00f3n que muchas de sus construcciones tradicionales tienen una especie de cardos secos en la puerta de entrada. Hay pueblos que incluso tienen <em>graffitis <\/em>dedicados a esta flor. Y no es raro verla en camisetas, <em>totebags<\/em>, en forma de pendientes, colgantes, pulseras\u2026 Se trata del \u201cEguzkilore\u201d, la flor del cardo silvestre, que tiene un protagonismo relevante en la mitolog\u00eda vasca. Vamos a conocer por qu\u00e9 tal fascinaci\u00f3n por esta planta salvaje.<\/p>\n\n\n\n<h2 class=\"wp-block-heading\" id=\"h-los-origenes-del-eguzkilore\"><strong>Los or\u00edgenes del Eguzkilore<\/strong><\/h2>\n\n\n\n<figure class=\"wp-block-image size-large is-resized\"><img decoding=\"async\" src=\"https:\/\/www.escapadarural.com\/blog\/wp-content\/uploads\/2024\/10\/AdobeStock_511693319-1024x683-1.jpeg\" alt=\"Baserri con eguzkilore. \" class=\"wp-image-75415\" style=\"aspect-ratio:1.499267935578331;width:780px;height:auto\"\/><figcaption class=\"wp-element-caption\">Baserri del Pa\u00eds Vasco con eguzkilore. Por jon_chica<\/figcaption><\/figure>\n\n\n\n<p>La palabra \u201cEguzkilore\u201d viene del euskera y es transparente: \u201ceguzki\u201d significa \u201csol\u201d y \u201clore\u201d, \u201cflor\u201d; por tanto, es algo as\u00ed como \u201cla flor del sol\u201d. Esta curiosa y bonita flor se pone en las puertas de los baserris vascos porque existe la creencia de que protege las casas frente a los males, enfermedades, tormentas y brujas.<\/p>\n\n\n\n<p>La mitolog\u00eda vasca, muy rica y conocida, cuenta que hace miles de a\u00f1os, en los or\u00edgenes de la vida en la Tierra, no exist\u00eda ni el sol ni la luna. Los hombres y las mujeres que habitaban el planeta le pidieron ayuda a \u201cAmalur\u201d (Madre Tierra) para que creara un ser luminoso que les protegiera de las bestias. Entonces hizo la luna. Su luz tenue asust\u00f3 inicialmente a las criaturas, pero pronto se acostumbraron a ella, de manera que los seres humanos reclamaron un foco m\u00e1s potente.<\/p>\n\n\n\n<blockquote class=\"wp-block-quote is-layout-flow wp-block-quote-is-layout-flow\">\n<p>Hoy se dice que esta flor protege a los caser\u00edos frente a los rayos y tambi\u00e9n evita la entrada de las brujas<\/p>\n<\/blockquote>\n\n\n\n<p>As\u00ed cre\u00f3 el sol, que iluminar\u00eda la jornada durante la ma\u00f1ana; y acabar\u00eda con la oscuridad de la luna. Al brillar tanto, los seres malignos dejaron de salir de d\u00eda, pero siguieron acechando a las personas por las noches. Estas, angustiadas, volvieron a solicitar ayuda. Entonces, la Madre Tierra les hizo un \u00faltimo ofrecimiento: cre\u00f3 una flor tan bonita y tan similar al sol que, puesta a la entrada de cuevas \u2013posteriormente casas\u2013 ahuyentar\u00eda a las bestias. As\u00ed naci\u00f3, seg\u00fan la mitolog\u00eda vasca, la \u201cflor del sol\u201d o \u201cEguzkilore\u201d.<\/p>\n\n\n\n<p>Hoy se dice que esta flor protege a los caser\u00edos del Pa\u00eds Vasco frente a los rayos y tambi\u00e9n evita la entrada de las brujas (<em>sorginak<\/em>, en euskera). De estas se dice que son tan mani\u00e1ticas que no pueden acceder a las casas sin haber contado todos los pelillos de la flor del Eguzkilore, una tarea fatigosa que les llevaba tanto tiempo que siempre acababa llegando el alba, que las obligaba a regresar a sus refugios subterr\u00e1neos.<\/p>\n\n\n\n<h2 class=\"wp-block-heading\" id=\"h-el-eguzkilore-en-peligro-de-extincion\"><strong>El eguzkilore, en peligro de extinci\u00f3n<\/strong><\/h2>\n\n\n\n<figure class=\"wp-block-image size-large\"><img decoding=\"async\" src=\"https:\/\/www.escapadarural.com\/blog\/wp-content\/uploads\/2024\/10\/ovejas-1024x683-1.jpg\" alt=\"C\u00f3mo ser pastor por un d\u00eda\" class=\"wp-image-64166\"\/><figcaption class=\"wp-element-caption\">Oveja en un caser\u00edo. Por Fran<\/figcaption><\/figure>\n\n\n\n<p>Hay dos cardos silvestres de los que nace el Eguzkilore: <em>carlina acaulis<\/em>, el eguzkilore largo; y <em>Carlina acanthifolia<\/em>, tambi\u00e9n conocido como eguzkilore corto. Esta planta crece en las laderas soleadas, en los barbechos y en las praderas pedregosas de las monta\u00f1as del Pa\u00eds Vasco y Cantabria en verano, normalmente entre junio y septiembre.<\/p>\n\n\n\n<p>Es bienal \u2013es decir, florece una vez cada dos a\u00f1os\u2013 y de tallo r\u00edgido que crece pegada al suelo, pudiendo llegar, como mucho, a los 20 cent\u00edmetros de altura. No se marchita, de manera que todos estos meses se mantiene con frescura y en todo su esplendor. Aunque su uso m\u00e1s habitual es el decorativo, tambi\u00e9n se elabora de esta planta un aceite con propiedades antibi\u00f3ticas que, en altas dosis, es t\u00f3xico.<\/p>\n\n\n\n<blockquote class=\"wp-block-quote is-layout-flow wp-block-quote-is-layout-flow\">\n<p>Durante muchos a\u00f1os, esta flor se ha cortado sin medida en el monte para proteger a los caser\u00edos de los alrededores. Eso ha hecho que estuviera a punto de desaparecer y hoy est\u00e1 prohibido recogerla en el campo<\/p>\n<\/blockquote>\n\n\n\n<p>Durante muchos a\u00f1os, el Eguzkilore ha sido una flor que se ha cortado sin medida en el monte para proteger a los caser\u00edos de los alrededores. Los no creyentes tambi\u00e9n los han conservado y puesto por simple tradici\u00f3n y porque, no vamos a negarlo, es una flor muy bonita y que queda muy bien en la puerta de casa. Eso ha hecho que estuviera a punto de desaparecer y que hoy est\u00e9 considerada como una especie en peligro de extinci\u00f3n. Por eso, hoy est\u00e1 prohibido recogerla en el campo.<\/p>\n\n\n\n<p>Al estar restringida su cosecha en estado salvaje \u2013ojo, porque realmente est\u00e1 mal visto si te ven con uno reci\u00e9n cortado\u2013, hoy es habitual que se protejan los caser\u00edos con \u201ceguzkilores\u201d igualmente bonitos, pero en otro formato. Hay quien se los hace con un dibujo a mano o incluso los que se elaboran de manera tradicional en tallas de madera. Una alternativa que cumple su doble funci\u00f3n original: decorar y ahuyentar a las bestias. Por otro lado, existen unas pocas p\u00e1ginas web que se dedican al cultivo y comercializaci\u00f3n de Eguzkilore natural, con un precio bastante elevado; tambi\u00e9n venden semillas por un precio m\u00e1s reducido, para que lo intentes t\u00fa en casa.<\/p>\n\n\n\n<h2 class=\"wp-block-heading\" id=\"h-donde-ver-baserris-y-muy-probablemente-eguzkilores\"><strong>D\u00f3nde ver \u201cbaserris\u201d y, muy probablemente, \u201ceguzkilores\u201d<\/strong><\/h2>\n\n\n\n<figure class=\"wp-block-image size-full\"><img loading=\"lazy\" decoding=\"async\" width=\"700\" height=\"465\" src=\"https:\/\/www.escapadarural.com\/blog\/wp-content\/uploads\/2024\/10\/8223722980_5f3ee7c400_o.jpg\" alt=\"Caser\u00edo Igartubeiti\" class=\"wp-image-91811\" srcset=\"https:\/\/www.escapadarural.com\/blog\/wp-content\/uploads\/2024\/10\/8223722980_5f3ee7c400_o-200x133.jpg 200w, https:\/\/www.escapadarural.com\/blog\/wp-content\/uploads\/2024\/10\/8223722980_5f3ee7c400_o-300x199.jpg 300w, https:\/\/www.escapadarural.com\/blog\/wp-content\/uploads\/2024\/10\/8223722980_5f3ee7c400_o-400x266.jpg 400w, https:\/\/www.escapadarural.com\/blog\/wp-content\/uploads\/2024\/10\/8223722980_5f3ee7c400_o-600x399.jpg 600w, https:\/\/www.escapadarural.com\/blog\/wp-content\/uploads\/2024\/10\/8223722980_5f3ee7c400_o.jpg 700w\" sizes=\"auto, (max-width: 700px) 100vw, 700px\" \/><figcaption class=\"wp-element-caption\">Caser\u00edo Igartubeiti. Por Igartubeiti Baserria<\/figcaption><\/figure>\n\n\n\n<p>La imagen tradicional que tenemos del Pa\u00eds Vasco es la de montes y campas verdes salteadas con caser\u00edos. Una estampa buc\u00f3lica e idealizada que, sin embargo, no representa la mayor parte del territorio. El <em>baserri <\/em>viene de \u201cbaso\u201d (bosque) y \u201cherria\u201d (pueblo), por lo que formaban parte del \u201cpueblo del bosque\u201d. Hoy no hay caser\u00edos con m\u00e1s de 500 a\u00f1os de antig\u00fcedad, aunque s\u00ed se han hallado vestigios de comunidades anteriores; el <em>baserri <\/em>m\u00e1s antiguo del que se tiene constancia en la actualidad es Besoitaormaetxea, en Berriz (Vizcaya), en el cual se encontraron cimientos del siglo XI.<\/p>\n\n\n\n<p>Estas construcciones de la arquitectura popular vasca son las habituales en el paisaje rural de la vertiente cant\u00e1brica. En cambio, hay una buena parte del Pa\u00eds Vasco con un paisaje mediterr\u00e1neo, como la llanura alavesa, e incluso arrozales, como los de las Bardenas Reales, que forma parte del espacio conocido como Euskal Herria.<\/p>\n\n\n\n<blockquote class=\"wp-block-quote is-layout-flow wp-block-quote-is-layout-flow\">\n<p>La imagen tradicional que tenemos del Pa\u00eds Vasco es la de montes y campas verdes salteadas con caser\u00edos. Una estampa buc\u00f3lica e idealizada que, sin embargo, no representa la mayor parte del territorio<\/p>\n<\/blockquote>\n\n\n\n<p>As\u00ed que si quieres descubrir paisajes con caser\u00edos tradicionales en los que muy probablemente ver\u00e1s alg\u00fan Eguzkilore, hay algunas comarcas clave: el <a href=\"\/casas-rurales\/goierri\">Goierri<\/a>, en el interior de Guip\u00fazcoa, que combina zonas muy industrializadas con grandes f\u00e1bricas alrededor de la A-1 con preciosas panor\u00e1micas de caser\u00edos, como la que podemos obtener en Lazkaomendi, con el monte Txindoki de fondo.<\/p>\n\n\n\n<p>En Vizcaya vale la pena visitar Zeanuri, una peque\u00f1a localidad que est\u00e1 en el valle de Arratia, a las faldas de la m\u00edtica cumbre del <a href=\"\/casas-rurales\/gorbeia\">Gorbeia<\/a>, y que es uno de los pueblos con m\u00e1s caser\u00edos en su n\u00facleo rural. La costa tambi\u00e9n nos ofrece un precioso paisaje de contrastes con el mar hacia el norte y caser\u00edos y verdes campas hacia el interior; unos pocos ejemplos de ello son Zarautz, Getaria o Lekeitio.<\/p>\n","protected":false},"excerpt":{"rendered":"<p>Si has viajado alguna vez por zonas rurales del Pa\u00eds Vasco, sobre todo por las del paisaje de campas verdes y \u201cbaserris\u201d (caser\u00edos), te habr\u00e1 llamado la atenci\u00f3n que muchas de sus construcciones tradicionales tienen una especie de cardos secos en la puerta de entrada. Hablamos de los caser\u00edos del Pa\u00eds Vasco.<\/p>\n","protected":false},"author":123,"featured_media":91808,"comment_status":"open","ping_status":"open","sticky":false,"template":"","format":"standard","meta":{"_acf_changed":false,"om_disable_all_campaigns":false,"footnotes":""},"categories":[231],"tags":[456,440,450,451],"class_list":["post-75118","post","type-post","status-publish","format-standard","has-post-thumbnail","hentry","category-arte-y-cultura","tag-caserio","tag-historias-y-curiosidades","tag-que-ver-en-pais-vasco","tag-que-ver-en-el-pais-vasco"],"acf":[],"featured_image_src":"https:\/\/www.escapadarural.com\/blog\/wp-content\/uploads\/2024\/10\/eguzkilores.webp","author_info":{"display_name":"Raquel Andr\u00e9s","author_link":"https:\/\/www.escapadarural.com\/blog\/autor\/raquel\/"},"yoast_head":"<!-- This site is optimized with the Yoast SEO plugin v27.5 - https:\/\/yoast.com\/product\/yoast-seo-wordpress\/ -->\n<title>\u00bfPor qu\u00e9 se ponen \u201ceguzkilores\u201d en los caser\u00edos del Pa\u00eds Vasco? - EscapadaRural<\/title>\n<meta name=\"robots\" content=\"index, follow, max-snippet:-1, max-image-preview:large, max-video-preview:-1\" \/>\n<link rel=\"canonical\" href=\"https:\/\/www.escapadarural.com\/blog\/eguzkilores-caserios-pais-vasco\/\" \/>\n<meta property=\"og:locale\" content=\"es_ES\" \/>\n<meta property=\"og:type\" content=\"article\" \/>\n<meta property=\"og:title\" content=\"\u00bfPor qu\u00e9 se ponen \u201ceguzkilores\u201d en los caser\u00edos del Pa\u00eds Vasco? - EscapadaRural\" \/>\n<meta property=\"og:description\" content=\"Si has viajado alguna vez por zonas rurales del Pa\u00eds Vasco, sobre todo por las del paisaje de campas verdes y \u201cbaserris\u201d (caser\u00edos), te habr\u00e1 llamado la atenci\u00f3n que muchas de sus construcciones tradicionales tienen una especie de cardos secos en la puerta de entrada. Hablamos de los caser\u00edos del Pa\u00eds Vasco.\" \/>\n<meta property=\"og:url\" content=\"https:\/\/www.escapadarural.com\/blog\/eguzkilores-caserios-pais-vasco\/\" \/>\n<meta property=\"og:site_name\" content=\"Magazine de viajes de EscapadaRural\" \/>\n<meta property=\"article:publisher\" content=\"https:\/\/www.facebook.com\/escapadarural\" \/>\n<meta property=\"article:published_time\" content=\"2024-06-05T07:43:31+00:00\" \/>\n<meta property=\"article:modified_time\" content=\"2025-06-17T14:24:41+00:00\" \/>\n<meta property=\"og:image\" content=\"https:\/\/www.escapadarural.com\/blog\/wp-content\/uploads\/2024\/10\/eguzkilores.webp\" \/>\n\t<meta property=\"og:image:width\" content=\"1024\" \/>\n\t<meta property=\"og:image:height\" content=\"683\" \/>\n\t<meta property=\"og:image:type\" content=\"image\/webp\" \/>\n<meta name=\"author\" content=\"Raquel Andr\u00e9s\" \/>\n<meta name=\"twitter:card\" content=\"summary_large_image\" \/>\n<meta name=\"twitter:label1\" content=\"Escrito por\" \/>\n\t<meta name=\"twitter:data1\" content=\"Raquel Andr\u00e9s\" \/>\n\t<meta name=\"twitter:label2\" content=\"Tiempo de lectura\" \/>\n\t<meta name=\"twitter:data2\" content=\"6 minutos\" \/>\n<script type=\"application\/ld+json\" class=\"yoast-schema-graph\">{\"@context\":\"https:\\\/\\\/schema.org\",\"@graph\":[{\"@type\":\"Article\",\"@id\":\"https:\\\/\\\/www.escapadarural.com\\\/blog\\\/eguzkilores-caserios-pais-vasco\\\/#article\",\"isPartOf\":{\"@id\":\"https:\\\/\\\/www.escapadarural.com\\\/blog\\\/eguzkilores-caserios-pais-vasco\\\/\"},\"author\":{\"name\":\"Raquel Andr\u00e9s\",\"@id\":\"https:\\\/\\\/www.escapadarural.com\\\/blog\\\/#\\\/schema\\\/person\\\/67be061eb00d8315fa8642e01b88c894\"},\"headline\":\"\u00bfPor qu\u00e9 se ponen \u201ceguzkilores\u201d en los caser\u00edos del Pa\u00eds Vasco?\",\"datePublished\":\"2024-06-05T07:43:31+00:00\",\"dateModified\":\"2025-06-17T14:24:41+00:00\",\"mainEntityOfPage\":{\"@id\":\"https:\\\/\\\/www.escapadarural.com\\\/blog\\\/eguzkilores-caserios-pais-vasco\\\/\"},\"wordCount\":1249,\"commentCount\":0,\"publisher\":{\"@id\":\"https:\\\/\\\/www.escapadarural.com\\\/blog\\\/#organization\"},\"image\":{\"@id\":\"https:\\\/\\\/www.escapadarural.com\\\/blog\\\/eguzkilores-caserios-pais-vasco\\\/#primaryimage\"},\"thumbnailUrl\":\"https:\\\/\\\/www.escapadarural.com\\\/blog\\\/wp-content\\\/uploads\\\/2024\\\/10\\\/eguzkilores.webp\",\"keywords\":[\"Caser\u00edo\",\"Historias y Curiosidades\",\"Pa\u00eds Vasco\",\"Pa\u00eds Vasco\"],\"articleSection\":[\"Arte y Cultura\"],\"inLanguage\":\"es\",\"potentialAction\":[{\"@type\":\"CommentAction\",\"name\":\"Comment\",\"target\":[\"https:\\\/\\\/www.escapadarural.com\\\/blog\\\/eguzkilores-caserios-pais-vasco\\\/#respond\"]}]},{\"@type\":\"WebPage\",\"@id\":\"https:\\\/\\\/www.escapadarural.com\\\/blog\\\/eguzkilores-caserios-pais-vasco\\\/\",\"url\":\"https:\\\/\\\/www.escapadarural.com\\\/blog\\\/eguzkilores-caserios-pais-vasco\\\/\",\"name\":\"\u00bfPor qu\u00e9 se ponen \u201ceguzkilores\u201d en los caser\u00edos del Pa\u00eds Vasco? - EscapadaRural\",\"isPartOf\":{\"@id\":\"https:\\\/\\\/www.escapadarural.com\\\/blog\\\/#website\"},\"primaryImageOfPage\":{\"@id\":\"https:\\\/\\\/www.escapadarural.com\\\/blog\\\/eguzkilores-caserios-pais-vasco\\\/#primaryimage\"},\"image\":{\"@id\":\"https:\\\/\\\/www.escapadarural.com\\\/blog\\\/eguzkilores-caserios-pais-vasco\\\/#primaryimage\"},\"thumbnailUrl\":\"https:\\\/\\\/www.escapadarural.com\\\/blog\\\/wp-content\\\/uploads\\\/2024\\\/10\\\/eguzkilores.webp\",\"datePublished\":\"2024-06-05T07:43:31+00:00\",\"dateModified\":\"2025-06-17T14:24:41+00:00\",\"breadcrumb\":{\"@id\":\"https:\\\/\\\/www.escapadarural.com\\\/blog\\\/eguzkilores-caserios-pais-vasco\\\/#breadcrumb\"},\"inLanguage\":\"es\",\"potentialAction\":[{\"@type\":\"ReadAction\",\"target\":[\"https:\\\/\\\/www.escapadarural.com\\\/blog\\\/eguzkilores-caserios-pais-vasco\\\/\"]}]},{\"@type\":\"ImageObject\",\"inLanguage\":\"es\",\"@id\":\"https:\\\/\\\/www.escapadarural.com\\\/blog\\\/eguzkilores-caserios-pais-vasco\\\/#primaryimage\",\"url\":\"https:\\\/\\\/www.escapadarural.com\\\/blog\\\/wp-content\\\/uploads\\\/2024\\\/10\\\/eguzkilores.webp\",\"contentUrl\":\"https:\\\/\\\/www.escapadarural.com\\\/blog\\\/wp-content\\\/uploads\\\/2024\\\/10\\\/eguzkilores.webp\",\"width\":1024,\"height\":683,\"caption\":\"Eguzkilores del caser\u00edo vasco. Por Imagenatural\"},{\"@type\":\"BreadcrumbList\",\"@id\":\"https:\\\/\\\/www.escapadarural.com\\\/blog\\\/eguzkilores-caserios-pais-vasco\\\/#breadcrumb\",\"itemListElement\":[{\"@type\":\"ListItem\",\"position\":1,\"name\":\"Inicio\",\"item\":\"https:\\\/\\\/www.escapadarural.com\\\/blog\\\/\"},{\"@type\":\"ListItem\",\"position\":2,\"name\":\"Arte y Cultura\",\"item\":\"https:\\\/\\\/www.escapadarural.com\\\/blog\\\/categoria\\\/arte-y-cultura\\\/\"},{\"@type\":\"ListItem\",\"position\":3,\"name\":\"\u00bfPor qu\u00e9 se ponen \u201ceguzkilores\u201d en los caser\u00edos del Pa\u00eds Vasco?\"}]},{\"@type\":\"WebSite\",\"@id\":\"https:\\\/\\\/www.escapadarural.com\\\/blog\\\/#website\",\"url\":\"https:\\\/\\\/www.escapadarural.com\\\/blog\\\/\",\"name\":\"Blog de viajes | turismo rural, alojamientos e inspiraci\u00f3n\",\"description\":\"Alojamientos rurales e inspiraci\u00f3n para tus escapadas\",\"publisher\":{\"@id\":\"https:\\\/\\\/www.escapadarural.com\\\/blog\\\/#organization\"},\"alternateName\":\"Magazine de viajes de EscapadaRural\",\"potentialAction\":[{\"@type\":\"SearchAction\",\"target\":{\"@type\":\"EntryPoint\",\"urlTemplate\":\"https:\\\/\\\/www.escapadarural.com\\\/blog\\\/?s={search_term_string}\"},\"query-input\":{\"@type\":\"PropertyValueSpecification\",\"valueRequired\":true,\"valueName\":\"search_term_string\"}}],\"inLanguage\":\"es\"},{\"@type\":\"Organization\",\"@id\":\"https:\\\/\\\/www.escapadarural.com\\\/blog\\\/#organization\",\"name\":\"EscapadaRural\",\"url\":\"https:\\\/\\\/www.escapadarural.com\\\/blog\\\/\",\"logo\":{\"@type\":\"ImageObject\",\"inLanguage\":\"es\",\"@id\":\"https:\\\/\\\/www.escapadarural.com\\\/blog\\\/#\\\/schema\\\/logo\\\/image\\\/\",\"url\":\"https:\\\/\\\/www.escapadarural.com\\\/blog\\\/wp-content\\\/uploads\\\/2024\\\/10\\\/cropped-cropped-escapada-rural-icon-mag-3.png\",\"contentUrl\":\"https:\\\/\\\/www.escapadarural.com\\\/blog\\\/wp-content\\\/uploads\\\/2024\\\/10\\\/cropped-cropped-escapada-rural-icon-mag-3.png\",\"width\":512,\"height\":512,\"caption\":\"EscapadaRural\"},\"image\":{\"@id\":\"https:\\\/\\\/www.escapadarural.com\\\/blog\\\/#\\\/schema\\\/logo\\\/image\\\/\"},\"sameAs\":[\"https:\\\/\\\/www.facebook.com\\\/escapadarural\",\"https:\\\/\\\/www.instagram.com\\\/escapadarural\\\/\",\"https:\\\/\\\/www.youtube.com\\\/@escapadaruralcom\"]},{\"@type\":\"Person\",\"@id\":\"https:\\\/\\\/www.escapadarural.com\\\/blog\\\/#\\\/schema\\\/person\\\/67be061eb00d8315fa8642e01b88c894\",\"name\":\"Raquel Andr\u00e9s\",\"image\":{\"@type\":\"ImageObject\",\"inLanguage\":\"es\",\"@id\":\"https:\\\/\\\/secure.gravatar.com\\\/avatar\\\/b45840531462f3cafb335a9fc5c0bfda2c07c3df4b82b304b923526b85cc6cb5?s=96&d=mm&r=g\",\"url\":\"https:\\\/\\\/secure.gravatar.com\\\/avatar\\\/b45840531462f3cafb335a9fc5c0bfda2c07c3df4b82b304b923526b85cc6cb5?s=96&d=mm&r=g\",\"contentUrl\":\"https:\\\/\\\/secure.gravatar.com\\\/avatar\\\/b45840531462f3cafb335a9fc5c0bfda2c07c3df4b82b304b923526b85cc6cb5?s=96&d=mm&r=g\",\"caption\":\"Raquel Andr\u00e9s\"},\"description\":\"Periodista y aventurera. Me has podido leer en Escapada Rural, Diari Nosaltres La Veu, La Vanguardia, El Salto y otros medios. Habitante y amante de las zonas rurales, sea cual sea el destino. Procuro escaparme una vez por semana con las botas de monta\u00f1a, el arn\u00e9s o el neopreno. Tambi\u00e9n soy un intento de baserritarra.\",\"url\":\"https:\\\/\\\/www.escapadarural.com\\\/blog\\\/autor\\\/raquel\\\/\"}]}<\/script>\n<!-- \/ Yoast SEO plugin. -->","yoast_head_json":{"title":"\u00bfPor qu\u00e9 se ponen \u201ceguzkilores\u201d en los caser\u00edos del Pa\u00eds Vasco? - EscapadaRural","robots":{"index":"index","follow":"follow","max-snippet":"max-snippet:-1","max-image-preview":"max-image-preview:large","max-video-preview":"max-video-preview:-1"},"canonical":"https:\/\/www.escapadarural.com\/blog\/eguzkilores-caserios-pais-vasco\/","og_locale":"es_ES","og_type":"article","og_title":"\u00bfPor qu\u00e9 se ponen \u201ceguzkilores\u201d en los caser\u00edos del Pa\u00eds Vasco? - EscapadaRural","og_description":"Si has viajado alguna vez por zonas rurales del Pa\u00eds Vasco, sobre todo por las del paisaje de campas verdes y \u201cbaserris\u201d (caser\u00edos), te habr\u00e1 llamado la atenci\u00f3n que muchas de sus construcciones tradicionales tienen una especie de cardos secos en la puerta de entrada. Hablamos de los caser\u00edos del Pa\u00eds Vasco.","og_url":"https:\/\/www.escapadarural.com\/blog\/eguzkilores-caserios-pais-vasco\/","og_site_name":"Magazine de viajes de EscapadaRural","article_publisher":"https:\/\/www.facebook.com\/escapadarural","article_published_time":"2024-06-05T07:43:31+00:00","article_modified_time":"2025-06-17T14:24:41+00:00","og_image":[{"width":1024,"height":683,"url":"https:\/\/www.escapadarural.com\/blog\/wp-content\/uploads\/2024\/10\/eguzkilores.webp","type":"image\/webp"}],"author":"Raquel Andr\u00e9s","twitter_card":"summary_large_image","twitter_misc":{"Escrito por":"Raquel Andr\u00e9s","Tiempo de lectura":"6 minutos"},"schema":{"@context":"https:\/\/schema.org","@graph":[{"@type":"Article","@id":"https:\/\/www.escapadarural.com\/blog\/eguzkilores-caserios-pais-vasco\/#article","isPartOf":{"@id":"https:\/\/www.escapadarural.com\/blog\/eguzkilores-caserios-pais-vasco\/"},"author":{"name":"Raquel Andr\u00e9s","@id":"https:\/\/www.escapadarural.com\/blog\/#\/schema\/person\/67be061eb00d8315fa8642e01b88c894"},"headline":"\u00bfPor qu\u00e9 se ponen \u201ceguzkilores\u201d en los caser\u00edos del Pa\u00eds Vasco?","datePublished":"2024-06-05T07:43:31+00:00","dateModified":"2025-06-17T14:24:41+00:00","mainEntityOfPage":{"@id":"https:\/\/www.escapadarural.com\/blog\/eguzkilores-caserios-pais-vasco\/"},"wordCount":1249,"commentCount":0,"publisher":{"@id":"https:\/\/www.escapadarural.com\/blog\/#organization"},"image":{"@id":"https:\/\/www.escapadarural.com\/blog\/eguzkilores-caserios-pais-vasco\/#primaryimage"},"thumbnailUrl":"https:\/\/www.escapadarural.com\/blog\/wp-content\/uploads\/2024\/10\/eguzkilores.webp","keywords":["Caser\u00edo","Historias y Curiosidades","Pa\u00eds Vasco","Pa\u00eds Vasco"],"articleSection":["Arte y Cultura"],"inLanguage":"es","potentialAction":[{"@type":"CommentAction","name":"Comment","target":["https:\/\/www.escapadarural.com\/blog\/eguzkilores-caserios-pais-vasco\/#respond"]}]},{"@type":"WebPage","@id":"https:\/\/www.escapadarural.com\/blog\/eguzkilores-caserios-pais-vasco\/","url":"https:\/\/www.escapadarural.com\/blog\/eguzkilores-caserios-pais-vasco\/","name":"\u00bfPor qu\u00e9 se ponen \u201ceguzkilores\u201d en los caser\u00edos del Pa\u00eds Vasco? - EscapadaRural","isPartOf":{"@id":"https:\/\/www.escapadarural.com\/blog\/#website"},"primaryImageOfPage":{"@id":"https:\/\/www.escapadarural.com\/blog\/eguzkilores-caserios-pais-vasco\/#primaryimage"},"image":{"@id":"https:\/\/www.escapadarural.com\/blog\/eguzkilores-caserios-pais-vasco\/#primaryimage"},"thumbnailUrl":"https:\/\/www.escapadarural.com\/blog\/wp-content\/uploads\/2024\/10\/eguzkilores.webp","datePublished":"2024-06-05T07:43:31+00:00","dateModified":"2025-06-17T14:24:41+00:00","breadcrumb":{"@id":"https:\/\/www.escapadarural.com\/blog\/eguzkilores-caserios-pais-vasco\/#breadcrumb"},"inLanguage":"es","potentialAction":[{"@type":"ReadAction","target":["https:\/\/www.escapadarural.com\/blog\/eguzkilores-caserios-pais-vasco\/"]}]},{"@type":"ImageObject","inLanguage":"es","@id":"https:\/\/www.escapadarural.com\/blog\/eguzkilores-caserios-pais-vasco\/#primaryimage","url":"https:\/\/www.escapadarural.com\/blog\/wp-content\/uploads\/2024\/10\/eguzkilores.webp","contentUrl":"https:\/\/www.escapadarural.com\/blog\/wp-content\/uploads\/2024\/10\/eguzkilores.webp","width":1024,"height":683,"caption":"Eguzkilores del caser\u00edo vasco. Por Imagenatural"},{"@type":"BreadcrumbList","@id":"https:\/\/www.escapadarural.com\/blog\/eguzkilores-caserios-pais-vasco\/#breadcrumb","itemListElement":[{"@type":"ListItem","position":1,"name":"Inicio","item":"https:\/\/www.escapadarural.com\/blog\/"},{"@type":"ListItem","position":2,"name":"Arte y Cultura","item":"https:\/\/www.escapadarural.com\/blog\/categoria\/arte-y-cultura\/"},{"@type":"ListItem","position":3,"name":"\u00bfPor qu\u00e9 se ponen \u201ceguzkilores\u201d en los caser\u00edos del Pa\u00eds Vasco?"}]},{"@type":"WebSite","@id":"https:\/\/www.escapadarural.com\/blog\/#website","url":"https:\/\/www.escapadarural.com\/blog\/","name":"Blog de viajes | turismo rural, alojamientos e inspiraci\u00f3n","description":"Alojamientos rurales e inspiraci\u00f3n para tus escapadas","publisher":{"@id":"https:\/\/www.escapadarural.com\/blog\/#organization"},"alternateName":"Magazine de viajes de EscapadaRural","potentialAction":[{"@type":"SearchAction","target":{"@type":"EntryPoint","urlTemplate":"https:\/\/www.escapadarural.com\/blog\/?s={search_term_string}"},"query-input":{"@type":"PropertyValueSpecification","valueRequired":true,"valueName":"search_term_string"}}],"inLanguage":"es"},{"@type":"Organization","@id":"https:\/\/www.escapadarural.com\/blog\/#organization","name":"EscapadaRural","url":"https:\/\/www.escapadarural.com\/blog\/","logo":{"@type":"ImageObject","inLanguage":"es","@id":"https:\/\/www.escapadarural.com\/blog\/#\/schema\/logo\/image\/","url":"https:\/\/www.escapadarural.com\/blog\/wp-content\/uploads\/2024\/10\/cropped-cropped-escapada-rural-icon-mag-3.png","contentUrl":"https:\/\/www.escapadarural.com\/blog\/wp-content\/uploads\/2024\/10\/cropped-cropped-escapada-rural-icon-mag-3.png","width":512,"height":512,"caption":"EscapadaRural"},"image":{"@id":"https:\/\/www.escapadarural.com\/blog\/#\/schema\/logo\/image\/"},"sameAs":["https:\/\/www.facebook.com\/escapadarural","https:\/\/www.instagram.com\/escapadarural\/","https:\/\/www.youtube.com\/@escapadaruralcom"]},{"@type":"Person","@id":"https:\/\/www.escapadarural.com\/blog\/#\/schema\/person\/67be061eb00d8315fa8642e01b88c894","name":"Raquel Andr\u00e9s","image":{"@type":"ImageObject","inLanguage":"es","@id":"https:\/\/secure.gravatar.com\/avatar\/b45840531462f3cafb335a9fc5c0bfda2c07c3df4b82b304b923526b85cc6cb5?s=96&d=mm&r=g","url":"https:\/\/secure.gravatar.com\/avatar\/b45840531462f3cafb335a9fc5c0bfda2c07c3df4b82b304b923526b85cc6cb5?s=96&d=mm&r=g","contentUrl":"https:\/\/secure.gravatar.com\/avatar\/b45840531462f3cafb335a9fc5c0bfda2c07c3df4b82b304b923526b85cc6cb5?s=96&d=mm&r=g","caption":"Raquel Andr\u00e9s"},"description":"Periodista y aventurera. Me has podido leer en Escapada Rural, Diari Nosaltres La Veu, La Vanguardia, El Salto y otros medios. Habitante y amante de las zonas rurales, sea cual sea el destino. Procuro escaparme una vez por semana con las botas de monta\u00f1a, el arn\u00e9s o el neopreno. Tambi\u00e9n soy un intento de baserritarra.","url":"https:\/\/www.escapadarural.com\/blog\/autor\/raquel\/"}]}},"_links":{"self":[{"href":"https:\/\/www.escapadarural.com\/blog\/wp-json\/wp\/v2\/posts\/75118","targetHints":{"allow":["GET"]}}],"collection":[{"href":"https:\/\/www.escapadarural.com\/blog\/wp-json\/wp\/v2\/posts"}],"about":[{"href":"https:\/\/www.escapadarural.com\/blog\/wp-json\/wp\/v2\/types\/post"}],"author":[{"embeddable":true,"href":"https:\/\/www.escapadarural.com\/blog\/wp-json\/wp\/v2\/users\/123"}],"replies":[{"embeddable":true,"href":"https:\/\/www.escapadarural.com\/blog\/wp-json\/wp\/v2\/comments?post=75118"}],"version-history":[{"count":0,"href":"https:\/\/www.escapadarural.com\/blog\/wp-json\/wp\/v2\/posts\/75118\/revisions"}],"wp:featuredmedia":[{"embeddable":true,"href":"https:\/\/www.escapadarural.com\/blog\/wp-json\/wp\/v2\/media\/91808"}],"wp:attachment":[{"href":"https:\/\/www.escapadarural.com\/blog\/wp-json\/wp\/v2\/media?parent=75118"}],"wp:term":[{"taxonomy":"category","embeddable":true,"href":"https:\/\/www.escapadarural.com\/blog\/wp-json\/wp\/v2\/categories?post=75118"},{"taxonomy":"post_tag","embeddable":true,"href":"https:\/\/www.escapadarural.com\/blog\/wp-json\/wp\/v2\/tags?post=75118"}],"curies":[{"name":"wp","href":"https:\/\/api.w.org\/{rel}","templated":true}]}}