{"id":75285,"date":"2024-05-28T08:00:24","date_gmt":"2024-05-28T07:00:24","guid":{"rendered":"https:\/\/www.escapadarural.com\/blog\/?p=75285"},"modified":"2025-01-27T23:31:58","modified_gmt":"2025-01-27T21:31:58","slug":"el-crimen-que-destapo-un-paraiso-rural","status":"publish","type":"post","link":"https:\/\/www.escapadarural.com\/blog\/el-crimen-que-destapo-un-paraiso-rural\/","title":{"rendered":"El crimen que descubri\u00f3 un para\u00edso rural"},"content":{"rendered":"\n<figure class=\"wp-block-image size-full\"><img loading=\"lazy\" decoding=\"async\" width=\"1024\" height=\"768\" src=\"https:\/\/www.escapadarural.com\/blog\/wp-content\/uploads\/2024\/10\/Cuevas-1-4.webp\" alt=\"Calle de Fago, una localidad marcada por el crimen. Por Lozano Manzanedo\" class=\"wp-image-75396\"\/><figcaption class=\"wp-element-caption\">Calle de Fago. Por Lozano Manzanedo<\/figcaption><\/figure>\n\n\n\n<p>Fago deber\u00eda ser conocido por su belleza natural, oculta entre las sierras pirenaicas de <a href=\"https:\/\/www.escapadarural.com\/blog\/pueblos-mas-bonitos-de-huesca\/\">Huesca<\/a>, por sus calles empedradas, sus tejados empinados, sus casas combinadas de piedra, madera y tejas rojas o sus balconadas con trabajadas barandillas de madera. Tambi\u00e9n deber\u00eda ser conocido por su privilegiada ubicaci\u00f3n en la cabecera del r\u00edo Majones, o por la <strong>ermita de San Crist\u00f3bal<\/strong> o la\u00a0<strong>parroquia de San Andr\u00e9s<\/strong>, del siglo XVI.<\/p>\n\n\n\n<p>O, por qu\u00e9 no, Fago deber\u00eda ser conocido porque es uno de los pueblos m\u00e1s peque\u00f1os de Huesca, con solo 26 personas censadas en 2023.<\/p>\n\n\n\n<div class=\"wp-block-buttons is-layout-flex wp-block-buttons-is-layout-flex\">\n<div class=\"wp-block-button\"><a class=\"wp-block-button__link wp-element-button\">Casas rurales en Fago<\/a><\/div>\n<\/div>\n\n\n\n<h2 class=\"wp-block-heading\">Conviviendo con el estigma<\/h2>\n\n\n\n<p>Sin embargo, muchos habr\u00e9is escuchado hablar de esta localidad porque en 2007 se convirti\u00f3 en el escenario de uno de los cr\u00edmenes m\u00e1s medi\u00e1ticos de la <strong>cr\u00f3nica negra<\/strong> de Espa\u00f1a. El de su entonces alcalde, Miguel Jos\u00e9 Grima Masi\u00e1 (PP). Desde ese momento, Fago convive injustamente con ese <strong>estigma<\/strong>.<\/p>\n\n\n\n<p>El 13 de enero de ese a\u00f1o el edil apareci\u00f3 muerto con varios impactos de bala en la carretera que une el pueblo de Majones con Fago. Miguel Grima volv\u00eda la noche anterior de una reuni\u00f3n con otros alcaldes de su partido en Jaca, pero un mont\u00f3n de piedras colocadas en  medio del camino le obligaron a detener su coche. Le emboscaron.<\/p>\n\n\n\n<p>Encontraron su cuerpo con dos disparos de escopeta en el pecho y su coche a 20 kil\u00f3metros del lugar del crimen. En Fago se hizo el silencio.<\/p>\n\n\n\n<figure class=\"wp-block-image size-full is-resized\"><img loading=\"lazy\" decoding=\"async\" width=\"1024\" height=\"606\" src=\"https:\/\/www.escapadarural.com\/blog\/wp-content\/uploads\/2024\/10\/Fago11.webp\" alt=\"Techos y chimeneas t\u00edpicas de Fago. Por LBM1948\" class=\"wp-image-92003\" style=\"aspect-ratio:1.6897689768976898;width:780px;height:auto\" srcset=\"https:\/\/www.escapadarural.com\/blog\/wp-content\/uploads\/2024\/10\/Fago11-200x118.webp 200w, https:\/\/www.escapadarural.com\/blog\/wp-content\/uploads\/2024\/10\/Fago11-300x178.webp 300w, https:\/\/www.escapadarural.com\/blog\/wp-content\/uploads\/2024\/10\/Fago11-400x237.webp 400w, https:\/\/www.escapadarural.com\/blog\/wp-content\/uploads\/2024\/10\/Fago11-600x355.webp 600w, https:\/\/www.escapadarural.com\/blog\/wp-content\/uploads\/2024\/10\/Fago11-768x455.webp 768w, https:\/\/www.escapadarural.com\/blog\/wp-content\/uploads\/2024\/10\/Fago11-800x473.webp 800w, https:\/\/www.escapadarural.com\/blog\/wp-content\/uploads\/2024\/10\/Fago11.webp 1024w\" sizes=\"auto, (max-width: 1024px) 100vw, 1024px\" \/><figcaption class=\"wp-element-caption\">Techos y chimeneas t\u00edpicas de Fago. Por <a href=\"https:\/\/commons.wikimedia.org\/wiki\/File:Huesca_(provincia)_1982_06.jpg\" target=\"_blank\" rel=\"noreferrer noopener nofollow\">LBM1948<\/a><\/figcaption><\/figure>\n\n\n\n<h2 class=\"wp-block-heading\">Un pueblo dividido <\/h2>\n\n\n\n<p>Conviene saber que en el momento del crimen, esta localidad oscense estaba dividida e irritada profundamente por la gesti\u00f3n del alcalde. De hecho, seg\u00fan declar\u00f3 a <em>RTVE<\/em> el subteniente de la Unidad Central Operativa de la Guardia Civil, Jos\u00e9 Mart\u00edn: \u00abFago ten\u00eda una problem\u00e1tica importante, y cuando decimos importante, es considerable\u00bb. Grima ten\u00eda diversos litigios con varios habitantes de su localidad y de la vecina&nbsp;Ans\u00f3, con la que desde siempre est\u00e1 mancomunada.<\/p>\n\n\n\n<p>Algunos lo acusaban de tomarse la justicia por su mano, multando de forma indiscriminada e imponiendo impuestos municipales abusivos como, por ejemplo, el pago de 375 euros por poner mesas en la terraza del \u00fanico bar del pueblo. <\/p>\n\n\n\n<figure class=\"wp-block-image size-full\"><img loading=\"lazy\" decoding=\"async\" width=\"1024\" height=\"768\" src=\"https:\/\/www.escapadarural.com\/blog\/wp-content\/uploads\/2024\/10\/Fago3.webp\" alt=\"Casa Marieta, en Fago. Por Javier Mendiara Ca\u00f1ardo\" class=\"wp-image-92004\" srcset=\"https:\/\/www.escapadarural.com\/blog\/wp-content\/uploads\/2024\/10\/Fago3-200x150.webp 200w, https:\/\/www.escapadarural.com\/blog\/wp-content\/uploads\/2024\/10\/Fago3-300x225.webp 300w, https:\/\/www.escapadarural.com\/blog\/wp-content\/uploads\/2024\/10\/Fago3-400x300.webp 400w, https:\/\/www.escapadarural.com\/blog\/wp-content\/uploads\/2024\/10\/Fago3-600x450.webp 600w, https:\/\/www.escapadarural.com\/blog\/wp-content\/uploads\/2024\/10\/Fago3-768x576.webp 768w, https:\/\/www.escapadarural.com\/blog\/wp-content\/uploads\/2024\/10\/Fago3-800x600.webp 800w, https:\/\/www.escapadarural.com\/blog\/wp-content\/uploads\/2024\/10\/Fago3.webp 1024w\" sizes=\"auto, (max-width: 1024px) 100vw, 1024px\" \/><figcaption class=\"wp-element-caption\">Casa Marieta, en Fago. Por Javier Mendiara Ca\u00f1ardo<\/figcaption><\/figure>\n\n\n\n<p>Grima, por su parte, tambi\u00e9n hab\u00eda presentado varias denuncias tras encontrarse su coche con los neum\u00e1ticos rajados o los frenos manipulados. Seg\u00fan declar\u00f3 alg\u00fan compa\u00f1ero de su partido, el alcalde viv\u00eda amenazado de muerte y el miedo le hab\u00eda hecho renunciar a presentarse a futuras elecciones.<\/p>\n\n\n\n<p>Otros, como Sergio Vaudagnotto, un periodista argentino que vivi\u00f3 en Ans\u00f3 (localidad vecina) durante varios a\u00f1os, lo recuerdan como alguien que hab\u00eda llegado a ese pueblo casi fronterizo, casi perdido en el mapa (y tal vez un poco en el tiempo) \u00abpara ser libre, para ser monte, para ser viento, dejando atr\u00e1s el bienestar que le aseguraba la posici\u00f3n econ\u00f3mica de su familia en Zaragoza\u00bb. <\/p>\n\n\n\n<p>Vaudagnotto cont\u00f3 en una carta a<em> <a href=\"https:\/\/www.20minutos.es\/noticia\/193271\/0\/carta\/fago\/amigo\/\" target=\"_blank\" rel=\"noreferrer noopener nofollow\">20 Minutos<\/a><\/em>, que Grima \u00abbuscaba un Fago mejor\u00bb, y eso es algo que algunos no le perdonaron. \u00abSe indignaba&nbsp;cuando alguno de los ganaderos tiraba al agua del canal que cruza el pueblo el fiemo (esti\u00e9rcol) que juntaba en su nave o&nbsp;cuando un guarda forestal cuidaba su propio ganado en lugar de los animales salvajes. Miguel era frontal y entonces denunciaba todas y cada una de las irregularidades\u00bb. <\/p>\n\n\n\n<h2 class=\"wp-block-heading\">Repercusi\u00f3n internacional<\/h2>\n\n\n\n<figure class=\"wp-block-image size-large\"><a href=\"https:\/\/www.escapadarural.com\/blog\/wp-content\/uploads\/Fago__Huesca__Espana_-_panoramio-1-scaled.jpg\"><img decoding=\"async\" src=\"https:\/\/www.escapadarural.com\/blog\/wp-content\/uploads\/2024\/10\/Fago__Huesca__Espana_-_panoramio-1-1024x768-1.jpg\" alt=\"Fago. Por McBodes\" class=\"wp-image-75318\"\/><\/a><figcaption class=\"wp-element-caption\"> Fago. Por McBodes<\/figcaption><\/figure>\n\n\n\n<p>La enemistad manifiesta de un grupo de vecinos con la v\u00edctima despert\u00f3 el inter\u00e9s de la Guardia Civil y, por supuesto, de los medios de comunicaci\u00f3n nacionales e internacionales. Se interrog\u00f3 a todas las personas censadas en ese momento y se hicieron m\u00faltiples registros, lo que indign\u00f3 a los habitantes, que se sintieron se\u00f1alados, simplemente, por haber tenido discrepancias con el alcalde. <\/p>\n\n\n\n<p>Los periodistas hac\u00edan guardia en cada calle con la esperanza de conseguir declaraciones. Ten\u00edan sed de informaci\u00f3n. Pero nadie quer\u00eda hablar. Excepto un ganadero y guarda forestal llamado Santiago Mainar Sauras que, al igual que el alcalde, hab\u00eda llegado desde Zaragoza, dejando su trabajo como ingeniero t\u00e9cnico agr\u00f3nomo, para instalarse en un entorno rural. <\/p>\n\n\n\n<p>El hombre, que a\u00f1os atr\u00e1s hab\u00eda sido candidato a la alcald\u00eda con el PSOE, abri\u00f3 de par en par las puertas de su casa a los periodistas, mostrando ante las c\u00e1maras su profundo rechazo hacia la persona de Grima. Lo describi\u00f3 como alguien que posiblemente sufr\u00eda \u00abalg\u00fan tipo de problema mental\u00bb, adem\u00e1s de un tirano. No obstante, descartaba la idea de que sus broncas con los vecinos pudiesen haber sido el m\u00f3vil del crimen.  <\/p>\n\n\n\n<h2 class=\"wp-block-heading\">Giro radical: Detienen a Mainar<\/h2>\n\n\n\n<figure class=\"wp-block-image size-full\"><a href=\"https:\/\/www.escapadarural.com\/blog\/wp-content\/uploads\/2024\/10\/Fago2.webp\"><img decoding=\"async\" src=\"https:\/\/www.escapadarural.com\/blog\/wp-content\/uploads\/2024\/10\/Fago2.webp\" alt=\"Parroquia de San Andr\u00e9s, en Fago (Huesca). Por Lozano Manzanedo\" class=\"wp-image-75454\"\/><\/a><figcaption class=\"wp-element-caption\">Parroquia de San Andr\u00e9s, en Fago (Huesca). Por <a href=\"https:\/\/commons.wikimedia.org\/wiki\/File:Fago._San_Andr%C3%A9s.jpg\" target=\"_blank\" rel=\"noreferrer noopener nofollow\">Lozano Manzanedo<\/a><\/figcaption><\/figure>\n\n\n\n<p>Tres semanas despu\u00e9s, un informe sobre los restos de ADN que aparecieron en la caja de cambios y el volante del coche de la v\u00edctima se\u00f1al\u00f3 como presunto autor del crimen a Santiago Mainar, que fue detenido el 2 de febrero de 2007 en su propia finca, mientras daba de comer al ganado. <\/p>\n\n\n\n<p>Pero esas no ser\u00edan las \u00fanicas dos pruebas que consiguieron contra el guarda los agentes encargados del caso, ya que d\u00edas antes la Guardia Civil lo hab\u00eda sometido a la prueba de la parafina, un m\u00e9todo que usa bal\u00edstica forense para determinar si alguien ha disparado un arma. Mainar dio positivo con restos de p\u00f3lvora en su mano izquierda. Conviene saber que es zurdo. <\/p>\n\n\n\n<p>La noticia sorprendi\u00f3 a algunas personas, pero lo que nadie imaginaba es lo que pasar\u00eda despu\u00e9s. El guarda forestal confes\u00f3 el crimen en su propia casa, ante la Guardia Civil, un secretario judicial y una abogada de oficio. <\/p>\n\n\n\n<figure class=\"wp-block-image size-large\"><a href=\"https:\/\/www.escapadarural.com\/blog\/wp-content\/uploads\/Fago1.webp\"><img decoding=\"async\" src=\"https:\/\/www.escapadarural.com\/blog\/wp-content\/uploads\/2024\/10\/Fago1-768x1024-1.webp\" alt=\"Fago. Por Lozano Manzanedo\" class=\"wp-image-75473\"\/><\/a><figcaption class=\"wp-element-caption\">Fago. Por <a href=\"https:\/\/upload.wikimedia.org\/wikipedia\/commons\/8\/8b\/Foz_de_Fago._Entrada.jpg\" target=\"_blank\" rel=\"noreferrer noopener nofollow\">Lozano Manzanedo<\/a><\/figcaption><\/figure>\n\n\n\n<p>\u00abLo he matado porque me ten\u00eda harto\u00bb. As\u00ed, a sabiendas de que lo grababan, Mainar reconoci\u00f3 los hechos y cont\u00f3 con pelos y se\u00f1ales, durante m\u00e1s de cuatro horas, c\u00f3mo hab\u00eda matado al alcalde. De hecho, seg\u00fan el subteniente de la Guardia Civil, Jos\u00e9 Mart\u00edn, \u00abdio detalles que no hab\u00edan trascendido a la prensa\u00bb y que solo pod\u00eda saber alguien que hubiese participado en los hechos. \u00abDibuj\u00f3 las piedras, d\u00f3nde estaba el veh\u00edculo y explic\u00f3 que Grima cay\u00f3 fulminado y su muerte fue instant\u00e1nea\u00bb.  <\/p>\n\n\n\n<blockquote class=\"wp-block-quote is-layout-flow wp-block-quote-is-layout-flow\">\n<p>Lo he matado porque me ten\u00eda harto<\/p>\n<cite> Santiago Mainar<\/cite><\/blockquote>\n\n\n\n<h2 class=\"wp-block-heading\">Heridas abiertas<\/h2>\n\n\n\n<p>No todos en Fago se desprendieron de la animadversi\u00f3n hacia Miguel Grima, ni siquiera despu\u00e9s de su muerte. Muestra de ello fue la profanaci\u00f3n de un monolito que se hab\u00eda colocado en su memoria en el lugar donde se encontr\u00f3 su cuerpo.  <\/p>\n\n\n\n<p>Seg\u00fan avanz\u00f3 el <em>Heraldo de Arag\u00f3n<\/em> el 28 de enero de 2008, el peque\u00f1o monumento apareci\u00f3 con un tach\u00f3n sobre la frase \u00abaqu\u00ed fue vilmente asesinado Miguel Grima Masi\u00e1\u00bb. Las palabras \u00abvilmente asesinado\u00bb fueron tachadas y sustituidas en rotulador negro por la palabra \u00abajusticiado\u00bb. El autor tambi\u00e9n aprovech\u00f3 para justificar el asesinato del ex alcalde y acusar a la v\u00edctima de \u00abhacer la pu\u00f1eta a los vecinos\u00bb.<\/p>\n\n\n\n<figure class=\"wp-block-gallery has-nested-images columns-default is-cropped wp-block-gallery-1 is-layout-flex wp-block-gallery-is-layout-flex\">\n<figure class=\"wp-block-image size-large\"><img decoding=\"async\" data-id=\"76236\" src=\"https:\/\/www.escapadarural.com\/blog\/wp-content\/uploads\/2024\/10\/Fago16.webp\" alt=\"\" class=\"wp-image-76236\"\/><figcaption class=\"wp-element-caption\">\u00abFotograma del documental &#8216;Fago'\u00bb<a href=\"https:\/\/www.rtve.es\/play\/videos\/victimas-del-misterio\/victimas-del-misterio-fago\/5388946\/\" target=\"_blank\" rel=\"noreferrer noopener nofollow\"> emitido en RTVE<\/a><\/figcaption><\/figure>\n\n\n\n<figure class=\"wp-block-image size-large\"><img loading=\"lazy\" decoding=\"async\" width=\"1024\" height=\"576\" data-id=\"76235\" src=\"https:\/\/www.escapadarural.com\/blog\/wp-content\/uploads\/2024\/10\/Fago15.webp\" alt=\"Monolito en memoria del alcalde de Fago, Miguel Grima\" class=\"wp-image-76235\"\/><figcaption class=\"wp-element-caption\">\u00abFotograma del documental &#8216;Fago'\u00bb emitido en RTVE<\/figcaption><\/figure>\n<\/figure>\n\n\n\n<p>Este hecho fue inmediatamente denunciado ante la Guardia Civil de Jaca por el actual alcalde de Fago, Enrique Barcos Barcos (PP). Tambi\u00e9n fue repudiado por los vecinos, que defendieron el derecho al descanso eterno de Miguel Grima. <\/p>\n\n\n\n<h2 class=\"wp-block-heading\">Condenado a 20 a\u00f1os de prisi\u00f3n<\/h2>\n\n\n\n<p>El 4 de diciembre de 2009 Santiago Mainar fue condenado a 20 a\u00f1os y 9 meses de c\u00e1rcel por la Audiencia Provincial de Huesca en un juicio al que asistieron hasta 200 periodistas de 50 medios de comunicaci\u00f3n diferentes. Eso, a pesar de que en sede judicial se retract\u00f3 de su confesi\u00f3n inicial, asegurando que lo hizo tras llegar a un pacto con la Guardia Civil para que Fago recuperase la paz.  <\/p>\n\n\n\n<p>\u00abYo no he matado a nadie. Pero, sinceramente, se lo digo de coraz\u00f3n: prefiero que me acusen de dar muerte a un tirano, que de ampararlo pol\u00edticamente,&nbsp;de connivirlo judicialmente, de silenciarlo medi\u00e1ticamente y de resignarme como ciudadano\u00bb, aleg\u00f3 en su \u00faltima palabra antes de que el caso quedara visto para sentencia.<\/p>\n\n\n\n<p>Mainar sigue en prisi\u00f3n decidido a cumplir el resto de la condena sin disfrutar de permiso penitenciario alguno, en se\u00f1al de <a href=\"https:\/\/www.heraldo.es\/noticias\/aragon\/2023\/01\/07\/con-15-anos-cumplidos-en-prision-por-el-crimen-de-fago-mainar-da-la-espalda-a-la-libertad-1622868.html\" target=\"_blank\">protesta<\/a> contra un sistema que le ha \u00abcastigado sin merecerlo\u00bb.  Mientras, los vecinos siguen guardando silencio e intentan recuperar la normalidad y cerrar sus heridas para siempre.<\/p>\n","protected":false},"excerpt":{"rendered":"<p>Fago deber\u00eda conocerse por su belleza natural, oculta entre las sierras pirenaicas de Huesca. Pero a muchos os sonar\u00e1 por ser escenario de un macabro crimen en 2007.<\/p>\n","protected":false},"author":156,"featured_media":75396,"comment_status":"open","ping_status":"open","sticky":false,"template":"","format":"standard","meta":{"_acf_changed":false,"om_disable_all_campaigns":false,"footnotes":""},"categories":[191],"tags":[415],"class_list":["post-75285","post","type-post","status-publish","format-standard","has-post-thumbnail","hentry","category-destinos","tag-fago"],"acf":[],"featured_image_src":"https:\/\/www.escapadarural.com\/blog\/wp-content\/uploads\/2024\/05\/Cuevas-1-4.webp","author_info":{"display_name":"Ver\u00f3nica G\u00f3mez","author_link":"https:\/\/www.escapadarural.com\/blog\/autor\/veronica-gomez\/"},"yoast_head":"<!-- This site is optimized with the Yoast SEO plugin v27.5 - https:\/\/yoast.com\/product\/yoast-seo-wordpress\/ -->\n<title>El crimen que descubri\u00f3 un para\u00edso rural - EscapadaRural<\/title>\n<meta name=\"robots\" content=\"index, follow, max-snippet:-1, max-image-preview:large, max-video-preview:-1\" \/>\n<link rel=\"canonical\" href=\"https:\/\/www.escapadarural.com\/blog\/el-crimen-que-destapo-un-paraiso-rural\/\" \/>\n<meta property=\"og:locale\" content=\"es_ES\" \/>\n<meta property=\"og:type\" content=\"article\" \/>\n<meta property=\"og:title\" content=\"El crimen que descubri\u00f3 un para\u00edso rural - EscapadaRural\" \/>\n<meta property=\"og:description\" content=\"Fago deber\u00eda conocerse por su belleza natural, oculta entre las sierras pirenaicas de Huesca. Pero a muchos os sonar\u00e1 por ser escenario de un macabro crimen en 2007.\" \/>\n<meta property=\"og:url\" content=\"https:\/\/www.escapadarural.com\/blog\/el-crimen-que-destapo-un-paraiso-rural\/\" \/>\n<meta property=\"og:site_name\" content=\"Magazine de viajes de EscapadaRural\" \/>\n<meta property=\"article:publisher\" content=\"https:\/\/www.facebook.com\/escapadarural\" \/>\n<meta property=\"article:published_time\" content=\"2024-05-28T07:00:24+00:00\" \/>\n<meta property=\"article:modified_time\" content=\"2025-01-27T21:31:58+00:00\" \/>\n<meta property=\"og:image\" content=\"https:\/\/www.escapadarural.com\/blog\/wp-content\/uploads\/2024\/05\/Cuevas-1-4.webp\" \/>\n\t<meta property=\"og:image:width\" content=\"1024\" \/>\n\t<meta property=\"og:image:height\" content=\"768\" \/>\n\t<meta property=\"og:image:type\" content=\"image\/webp\" \/>\n<meta name=\"author\" content=\"Ver\u00f3nica G\u00f3mez\" \/>\n<meta name=\"twitter:card\" content=\"summary_large_image\" \/>\n<meta name=\"twitter:label1\" content=\"Escrito por\" \/>\n\t<meta name=\"twitter:data1\" content=\"Ver\u00f3nica G\u00f3mez\" \/>\n\t<meta name=\"twitter:label2\" content=\"Tiempo de lectura\" \/>\n\t<meta name=\"twitter:data2\" content=\"7 minutos\" \/>\n<script type=\"application\/ld+json\" class=\"yoast-schema-graph\">{\"@context\":\"https:\\\/\\\/schema.org\",\"@graph\":[{\"@type\":\"Article\",\"@id\":\"https:\\\/\\\/www.escapadarural.com\\\/blog\\\/el-crimen-que-destapo-un-paraiso-rural\\\/#article\",\"isPartOf\":{\"@id\":\"https:\\\/\\\/www.escapadarural.com\\\/blog\\\/el-crimen-que-destapo-un-paraiso-rural\\\/\"},\"author\":{\"name\":\"Ver\u00f3nica G\u00f3mez\",\"@id\":\"https:\\\/\\\/www.escapadarural.com\\\/blog\\\/#\\\/schema\\\/person\\\/4140cb320c90a6ca94d284d6884f5b4e\"},\"headline\":\"El crimen que descubri\u00f3 un para\u00edso rural\",\"datePublished\":\"2024-05-28T07:00:24+00:00\",\"dateModified\":\"2025-01-27T21:31:58+00:00\",\"mainEntityOfPage\":{\"@id\":\"https:\\\/\\\/www.escapadarural.com\\\/blog\\\/el-crimen-que-destapo-un-paraiso-rural\\\/\"},\"wordCount\":1471,\"commentCount\":4,\"publisher\":{\"@id\":\"https:\\\/\\\/www.escapadarural.com\\\/blog\\\/#organization\"},\"image\":{\"@id\":\"https:\\\/\\\/www.escapadarural.com\\\/blog\\\/el-crimen-que-destapo-un-paraiso-rural\\\/#primaryimage\"},\"thumbnailUrl\":\"https:\\\/\\\/www.escapadarural.com\\\/blog\\\/wp-content\\\/uploads\\\/2024\\\/05\\\/Cuevas-1-4.webp\",\"keywords\":[\"Fago\"],\"articleSection\":[\"Destinos\"],\"inLanguage\":\"es\",\"potentialAction\":[{\"@type\":\"CommentAction\",\"name\":\"Comment\",\"target\":[\"https:\\\/\\\/www.escapadarural.com\\\/blog\\\/el-crimen-que-destapo-un-paraiso-rural\\\/#respond\"]}]},{\"@type\":\"WebPage\",\"@id\":\"https:\\\/\\\/www.escapadarural.com\\\/blog\\\/el-crimen-que-destapo-un-paraiso-rural\\\/\",\"url\":\"https:\\\/\\\/www.escapadarural.com\\\/blog\\\/el-crimen-que-destapo-un-paraiso-rural\\\/\",\"name\":\"El crimen que descubri\u00f3 un para\u00edso rural - EscapadaRural\",\"isPartOf\":{\"@id\":\"https:\\\/\\\/www.escapadarural.com\\\/blog\\\/#website\"},\"primaryImageOfPage\":{\"@id\":\"https:\\\/\\\/www.escapadarural.com\\\/blog\\\/el-crimen-que-destapo-un-paraiso-rural\\\/#primaryimage\"},\"image\":{\"@id\":\"https:\\\/\\\/www.escapadarural.com\\\/blog\\\/el-crimen-que-destapo-un-paraiso-rural\\\/#primaryimage\"},\"thumbnailUrl\":\"https:\\\/\\\/www.escapadarural.com\\\/blog\\\/wp-content\\\/uploads\\\/2024\\\/05\\\/Cuevas-1-4.webp\",\"datePublished\":\"2024-05-28T07:00:24+00:00\",\"dateModified\":\"2025-01-27T21:31:58+00:00\",\"breadcrumb\":{\"@id\":\"https:\\\/\\\/www.escapadarural.com\\\/blog\\\/el-crimen-que-destapo-un-paraiso-rural\\\/#breadcrumb\"},\"inLanguage\":\"es\",\"potentialAction\":[{\"@type\":\"ReadAction\",\"target\":[\"https:\\\/\\\/www.escapadarural.com\\\/blog\\\/el-crimen-que-destapo-un-paraiso-rural\\\/\"]}]},{\"@type\":\"ImageObject\",\"inLanguage\":\"es\",\"@id\":\"https:\\\/\\\/www.escapadarural.com\\\/blog\\\/el-crimen-que-destapo-un-paraiso-rural\\\/#primaryimage\",\"url\":\"https:\\\/\\\/www.escapadarural.com\\\/blog\\\/wp-content\\\/uploads\\\/2024\\\/05\\\/Cuevas-1-4.webp\",\"contentUrl\":\"https:\\\/\\\/www.escapadarural.com\\\/blog\\\/wp-content\\\/uploads\\\/2024\\\/05\\\/Cuevas-1-4.webp\",\"width\":1024,\"height\":768,\"caption\":\"Calle de Fago. Por Lozano Manzanedo\"},{\"@type\":\"BreadcrumbList\",\"@id\":\"https:\\\/\\\/www.escapadarural.com\\\/blog\\\/el-crimen-que-destapo-un-paraiso-rural\\\/#breadcrumb\",\"itemListElement\":[{\"@type\":\"ListItem\",\"position\":1,\"name\":\"Inicio\",\"item\":\"https:\\\/\\\/www.escapadarural.com\\\/blog\\\/\"},{\"@type\":\"ListItem\",\"position\":2,\"name\":\"Destinos\",\"item\":\"https:\\\/\\\/www.escapadarural.com\\\/blog\\\/categoria\\\/destinos\\\/\"},{\"@type\":\"ListItem\",\"position\":3,\"name\":\"El crimen que descubri\u00f3 un para\u00edso rural\"}]},{\"@type\":\"WebSite\",\"@id\":\"https:\\\/\\\/www.escapadarural.com\\\/blog\\\/#website\",\"url\":\"https:\\\/\\\/www.escapadarural.com\\\/blog\\\/\",\"name\":\"Blog de viajes | turismo rural, alojamientos e inspiraci\u00f3n\",\"description\":\"Alojamientos rurales e inspiraci\u00f3n para tus escapadas\",\"publisher\":{\"@id\":\"https:\\\/\\\/www.escapadarural.com\\\/blog\\\/#organization\"},\"alternateName\":\"Magazine de viajes de EscapadaRural\",\"potentialAction\":[{\"@type\":\"SearchAction\",\"target\":{\"@type\":\"EntryPoint\",\"urlTemplate\":\"https:\\\/\\\/www.escapadarural.com\\\/blog\\\/?s={search_term_string}\"},\"query-input\":{\"@type\":\"PropertyValueSpecification\",\"valueRequired\":true,\"valueName\":\"search_term_string\"}}],\"inLanguage\":\"es\"},{\"@type\":\"Organization\",\"@id\":\"https:\\\/\\\/www.escapadarural.com\\\/blog\\\/#organization\",\"name\":\"EscapadaRural\",\"url\":\"https:\\\/\\\/www.escapadarural.com\\\/blog\\\/\",\"logo\":{\"@type\":\"ImageObject\",\"inLanguage\":\"es\",\"@id\":\"https:\\\/\\\/www.escapadarural.com\\\/blog\\\/#\\\/schema\\\/logo\\\/image\\\/\",\"url\":\"https:\\\/\\\/www.escapadarural.com\\\/blog\\\/wp-content\\\/uploads\\\/2024\\\/10\\\/cropped-cropped-escapada-rural-icon-mag-3.png\",\"contentUrl\":\"https:\\\/\\\/www.escapadarural.com\\\/blog\\\/wp-content\\\/uploads\\\/2024\\\/10\\\/cropped-cropped-escapada-rural-icon-mag-3.png\",\"width\":512,\"height\":512,\"caption\":\"EscapadaRural\"},\"image\":{\"@id\":\"https:\\\/\\\/www.escapadarural.com\\\/blog\\\/#\\\/schema\\\/logo\\\/image\\\/\"},\"sameAs\":[\"https:\\\/\\\/www.facebook.com\\\/escapadarural\",\"https:\\\/\\\/www.instagram.com\\\/escapadarural\\\/\",\"https:\\\/\\\/www.youtube.com\\\/@escapadaruralcom\"]},{\"@type\":\"Person\",\"@id\":\"https:\\\/\\\/www.escapadarural.com\\\/blog\\\/#\\\/schema\\\/person\\\/4140cb320c90a6ca94d284d6884f5b4e\",\"name\":\"Ver\u00f3nica G\u00f3mez\",\"image\":{\"@type\":\"ImageObject\",\"inLanguage\":\"es\",\"@id\":\"https:\\\/\\\/secure.gravatar.com\\\/avatar\\\/a14c3f7acd3c2787ced9245c8239291aa98d78e70607ab29f4388e265c55669f?s=96&d=mm&r=g\",\"url\":\"https:\\\/\\\/secure.gravatar.com\\\/avatar\\\/a14c3f7acd3c2787ced9245c8239291aa98d78e70607ab29f4388e265c55669f?s=96&d=mm&r=g\",\"contentUrl\":\"https:\\\/\\\/secure.gravatar.com\\\/avatar\\\/a14c3f7acd3c2787ced9245c8239291aa98d78e70607ab29f4388e265c55669f?s=96&d=mm&r=g\",\"caption\":\"Ver\u00f3nica G\u00f3mez\"},\"description\":\"Periodista, madre de Hugo y Enzo a tiempo completo e investigadora incansable, dir\u00eda que hasta cuando duermo. Antes en Cr\u00f3nica Global, El Liberal y El Mundo Catalunya\",\"url\":\"https:\\\/\\\/www.escapadarural.com\\\/blog\\\/autor\\\/veronica-gomez\\\/\"}]}<\/script>\n<!-- \/ Yoast SEO plugin. -->","yoast_head_json":{"title":"El crimen que descubri\u00f3 un para\u00edso rural - EscapadaRural","robots":{"index":"index","follow":"follow","max-snippet":"max-snippet:-1","max-image-preview":"max-image-preview:large","max-video-preview":"max-video-preview:-1"},"canonical":"https:\/\/www.escapadarural.com\/blog\/el-crimen-que-destapo-un-paraiso-rural\/","og_locale":"es_ES","og_type":"article","og_title":"El crimen que descubri\u00f3 un para\u00edso rural - EscapadaRural","og_description":"Fago deber\u00eda conocerse por su belleza natural, oculta entre las sierras pirenaicas de Huesca. Pero a muchos os sonar\u00e1 por ser escenario de un macabro crimen en 2007.","og_url":"https:\/\/www.escapadarural.com\/blog\/el-crimen-que-destapo-un-paraiso-rural\/","og_site_name":"Magazine de viajes de EscapadaRural","article_publisher":"https:\/\/www.facebook.com\/escapadarural","article_published_time":"2024-05-28T07:00:24+00:00","article_modified_time":"2025-01-27T21:31:58+00:00","og_image":[{"width":1024,"height":768,"url":"https:\/\/www.escapadarural.com\/blog\/wp-content\/uploads\/2024\/05\/Cuevas-1-4.webp","type":"image\/webp"}],"author":"Ver\u00f3nica G\u00f3mez","twitter_card":"summary_large_image","twitter_misc":{"Escrito por":"Ver\u00f3nica G\u00f3mez","Tiempo de lectura":"7 minutos"},"schema":{"@context":"https:\/\/schema.org","@graph":[{"@type":"Article","@id":"https:\/\/www.escapadarural.com\/blog\/el-crimen-que-destapo-un-paraiso-rural\/#article","isPartOf":{"@id":"https:\/\/www.escapadarural.com\/blog\/el-crimen-que-destapo-un-paraiso-rural\/"},"author":{"name":"Ver\u00f3nica G\u00f3mez","@id":"https:\/\/www.escapadarural.com\/blog\/#\/schema\/person\/4140cb320c90a6ca94d284d6884f5b4e"},"headline":"El crimen que descubri\u00f3 un para\u00edso rural","datePublished":"2024-05-28T07:00:24+00:00","dateModified":"2025-01-27T21:31:58+00:00","mainEntityOfPage":{"@id":"https:\/\/www.escapadarural.com\/blog\/el-crimen-que-destapo-un-paraiso-rural\/"},"wordCount":1471,"commentCount":4,"publisher":{"@id":"https:\/\/www.escapadarural.com\/blog\/#organization"},"image":{"@id":"https:\/\/www.escapadarural.com\/blog\/el-crimen-que-destapo-un-paraiso-rural\/#primaryimage"},"thumbnailUrl":"https:\/\/www.escapadarural.com\/blog\/wp-content\/uploads\/2024\/05\/Cuevas-1-4.webp","keywords":["Fago"],"articleSection":["Destinos"],"inLanguage":"es","potentialAction":[{"@type":"CommentAction","name":"Comment","target":["https:\/\/www.escapadarural.com\/blog\/el-crimen-que-destapo-un-paraiso-rural\/#respond"]}]},{"@type":"WebPage","@id":"https:\/\/www.escapadarural.com\/blog\/el-crimen-que-destapo-un-paraiso-rural\/","url":"https:\/\/www.escapadarural.com\/blog\/el-crimen-que-destapo-un-paraiso-rural\/","name":"El crimen que descubri\u00f3 un para\u00edso rural - EscapadaRural","isPartOf":{"@id":"https:\/\/www.escapadarural.com\/blog\/#website"},"primaryImageOfPage":{"@id":"https:\/\/www.escapadarural.com\/blog\/el-crimen-que-destapo-un-paraiso-rural\/#primaryimage"},"image":{"@id":"https:\/\/www.escapadarural.com\/blog\/el-crimen-que-destapo-un-paraiso-rural\/#primaryimage"},"thumbnailUrl":"https:\/\/www.escapadarural.com\/blog\/wp-content\/uploads\/2024\/05\/Cuevas-1-4.webp","datePublished":"2024-05-28T07:00:24+00:00","dateModified":"2025-01-27T21:31:58+00:00","breadcrumb":{"@id":"https:\/\/www.escapadarural.com\/blog\/el-crimen-que-destapo-un-paraiso-rural\/#breadcrumb"},"inLanguage":"es","potentialAction":[{"@type":"ReadAction","target":["https:\/\/www.escapadarural.com\/blog\/el-crimen-que-destapo-un-paraiso-rural\/"]}]},{"@type":"ImageObject","inLanguage":"es","@id":"https:\/\/www.escapadarural.com\/blog\/el-crimen-que-destapo-un-paraiso-rural\/#primaryimage","url":"https:\/\/www.escapadarural.com\/blog\/wp-content\/uploads\/2024\/05\/Cuevas-1-4.webp","contentUrl":"https:\/\/www.escapadarural.com\/blog\/wp-content\/uploads\/2024\/05\/Cuevas-1-4.webp","width":1024,"height":768,"caption":"Calle de Fago. Por Lozano Manzanedo"},{"@type":"BreadcrumbList","@id":"https:\/\/www.escapadarural.com\/blog\/el-crimen-que-destapo-un-paraiso-rural\/#breadcrumb","itemListElement":[{"@type":"ListItem","position":1,"name":"Inicio","item":"https:\/\/www.escapadarural.com\/blog\/"},{"@type":"ListItem","position":2,"name":"Destinos","item":"https:\/\/www.escapadarural.com\/blog\/categoria\/destinos\/"},{"@type":"ListItem","position":3,"name":"El crimen que descubri\u00f3 un para\u00edso rural"}]},{"@type":"WebSite","@id":"https:\/\/www.escapadarural.com\/blog\/#website","url":"https:\/\/www.escapadarural.com\/blog\/","name":"Blog de viajes | turismo rural, alojamientos e inspiraci\u00f3n","description":"Alojamientos rurales e inspiraci\u00f3n para tus escapadas","publisher":{"@id":"https:\/\/www.escapadarural.com\/blog\/#organization"},"alternateName":"Magazine de viajes de EscapadaRural","potentialAction":[{"@type":"SearchAction","target":{"@type":"EntryPoint","urlTemplate":"https:\/\/www.escapadarural.com\/blog\/?s={search_term_string}"},"query-input":{"@type":"PropertyValueSpecification","valueRequired":true,"valueName":"search_term_string"}}],"inLanguage":"es"},{"@type":"Organization","@id":"https:\/\/www.escapadarural.com\/blog\/#organization","name":"EscapadaRural","url":"https:\/\/www.escapadarural.com\/blog\/","logo":{"@type":"ImageObject","inLanguage":"es","@id":"https:\/\/www.escapadarural.com\/blog\/#\/schema\/logo\/image\/","url":"https:\/\/www.escapadarural.com\/blog\/wp-content\/uploads\/2024\/10\/cropped-cropped-escapada-rural-icon-mag-3.png","contentUrl":"https:\/\/www.escapadarural.com\/blog\/wp-content\/uploads\/2024\/10\/cropped-cropped-escapada-rural-icon-mag-3.png","width":512,"height":512,"caption":"EscapadaRural"},"image":{"@id":"https:\/\/www.escapadarural.com\/blog\/#\/schema\/logo\/image\/"},"sameAs":["https:\/\/www.facebook.com\/escapadarural","https:\/\/www.instagram.com\/escapadarural\/","https:\/\/www.youtube.com\/@escapadaruralcom"]},{"@type":"Person","@id":"https:\/\/www.escapadarural.com\/blog\/#\/schema\/person\/4140cb320c90a6ca94d284d6884f5b4e","name":"Ver\u00f3nica G\u00f3mez","image":{"@type":"ImageObject","inLanguage":"es","@id":"https:\/\/secure.gravatar.com\/avatar\/a14c3f7acd3c2787ced9245c8239291aa98d78e70607ab29f4388e265c55669f?s=96&d=mm&r=g","url":"https:\/\/secure.gravatar.com\/avatar\/a14c3f7acd3c2787ced9245c8239291aa98d78e70607ab29f4388e265c55669f?s=96&d=mm&r=g","contentUrl":"https:\/\/secure.gravatar.com\/avatar\/a14c3f7acd3c2787ced9245c8239291aa98d78e70607ab29f4388e265c55669f?s=96&d=mm&r=g","caption":"Ver\u00f3nica G\u00f3mez"},"description":"Periodista, madre de Hugo y Enzo a tiempo completo e investigadora incansable, dir\u00eda que hasta cuando duermo. Antes en Cr\u00f3nica Global, El Liberal y El Mundo Catalunya","url":"https:\/\/www.escapadarural.com\/blog\/autor\/veronica-gomez\/"}]}},"_links":{"self":[{"href":"https:\/\/www.escapadarural.com\/blog\/wp-json\/wp\/v2\/posts\/75285","targetHints":{"allow":["GET"]}}],"collection":[{"href":"https:\/\/www.escapadarural.com\/blog\/wp-json\/wp\/v2\/posts"}],"about":[{"href":"https:\/\/www.escapadarural.com\/blog\/wp-json\/wp\/v2\/types\/post"}],"author":[{"embeddable":true,"href":"https:\/\/www.escapadarural.com\/blog\/wp-json\/wp\/v2\/users\/156"}],"replies":[{"embeddable":true,"href":"https:\/\/www.escapadarural.com\/blog\/wp-json\/wp\/v2\/comments?post=75285"}],"version-history":[{"count":0,"href":"https:\/\/www.escapadarural.com\/blog\/wp-json\/wp\/v2\/posts\/75285\/revisions"}],"wp:featuredmedia":[{"embeddable":true,"href":"https:\/\/www.escapadarural.com\/blog\/wp-json\/wp\/v2\/media\/75396"}],"wp:attachment":[{"href":"https:\/\/www.escapadarural.com\/blog\/wp-json\/wp\/v2\/media?parent=75285"}],"wp:term":[{"taxonomy":"category","embeddable":true,"href":"https:\/\/www.escapadarural.com\/blog\/wp-json\/wp\/v2\/categories?post=75285"},{"taxonomy":"post_tag","embeddable":true,"href":"https:\/\/www.escapadarural.com\/blog\/wp-json\/wp\/v2\/tags?post=75285"}],"curies":[{"name":"wp","href":"https:\/\/api.w.org\/{rel}","templated":true}]}}