{"id":75320,"date":"2024-05-22T12:18:32","date_gmt":"2024-05-22T11:18:32","guid":{"rendered":"https:\/\/www.escapadarural.com\/blog\/?p=75320"},"modified":"2026-02-17T17:40:30","modified_gmt":"2026-02-17T16:40:30","slug":"imprescindibles-navarra-medieval","status":"publish","type":"post","link":"https:\/\/www.escapadarural.com\/blog\/imprescindibles-navarra-medieval\/","title":{"rendered":"Los imprescindibles de la Navarra medieval: castillos, cantos gregorianos y v\u00edas verdes"},"content":{"rendered":"\n<figure class=\"wp-block-image size-large\"><img decoding=\"async\" src=\"https:\/\/www.escapadarural.com\/blog\/wp-content\/uploads\/2024\/10\/Monasterio-de-San-Salvador-de-Leyre_Francis-Vaquero_Turismo-de-Navarra-1024x576-1.jpg\" alt=\"Monasterio de San Salvador de Leyre\" class=\"wp-image-67196\"\/><figcaption class=\"wp-element-caption\">Monasterio de Leyre. Por: Francis Vaquero &#8211; Turismo de Navarra<\/figcaption><\/figure>\n\n\n\n<p>Valles y foces, cascadas y cuevas pirenaicas, campos de cereal y vi\u00f1edos, llanuras y huertas, paisajes des\u00e9rticos. <strong>Navarra es uno de esos destinos que lo tienen todo<\/strong> y, al mismo tiempo, se libra de las masificaciones de otros lugares. Perfecto para desconectar y huir del mundanal ruido.<\/p>\n\n\n\n<p>Y si algo define esta comunidad aut\u00f3noma es su hospitalidad, alojamientos con mucho encanto y una gastronom\u00eda afamada y con opciones para todos. Ah, y <strong>lidera la calidad de vida en Espa\u00f1a<\/strong> desde hace 15 a\u00f1os. \u00a1Por algo ser\u00e1!<\/p>\n\n\n\n<p>Esta primavera te invitamos a conocer sus atractivos tur\u00edsticos con planes por la<strong> Navarra medieval<\/strong> que te acercar\u00e1n a castillos y santuarios hist\u00f3ricos, pueblos de ensue\u00f1o y parajes de gran belleza natural. \u00bfTe animas a descubrir un destino m\u00e1gico?<\/p>\n\n\n\n<div class=\"wp-block-buttons is-layout-flex wp-block-buttons-is-layout-flex\">\n<div class=\"wp-block-button\"><a class=\"wp-block-button__link wp-element-button\" href=\"\/casas-rurales\/navarra\" target=\"_blank\" rel=\"noreferrer noopener\">Casas rurales en Navarra<\/a><\/div>\n<\/div>\n\n\n\n<h2 class=\"wp-block-heading\" id=\"h-de-castillos-por-navarra\"><strong>De castillos por Navarra<\/strong><\/h2>\n\n\n\n<figure class=\"wp-block-image size-large\"><img decoding=\"async\" src=\"https:\/\/www.escapadarural.com\/blog\/wp-content\/uploads\/2024\/10\/Palacio-Real-de-Olite_Javier-Campos_Turismo-de-Navarra-1-1024x683-1.jpg\" alt=\"Palacio de Olite\" class=\"wp-image-63226\"\/><figcaption class=\"wp-element-caption\">Palacio de Olite. Por: Javier Campos &#8211; Turismo de Navarra<\/figcaption><\/figure>\n\n\n\n<p>Si hay un sitio en Navarra que nos sumergir\u00e1 en la Edad Media de lleno es <strong><a href=\"https:\/\/www.visitnavarra.es\/es\/olite?utm_source=bc&amp;utm_medium=escapadarural&amp;utm_campaign=primavera\" target=\"_blank\" rel=\"noreferrer noopener\">Olite<\/a><\/strong>. Es un pueblo con calles empedradas, caserones nobles, galer\u00edas medievales e iglesias g\u00f3ticas y renacentistas. En un entorno as\u00ed, casi podr\u00e9is escuchar a los comerciantes de la \u00e9poca cantando las mercanc\u00edas que tra\u00edan y a los pobladores charlando animadamente en un d\u00eda de mercado.<\/p>\n\n\n\n<p><\/p>\n\n\n\n<p>Por encima de todo, sobresale el impresionante castillo g\u00f3tico de Olite, el <strong>Palacio Real<\/strong>, con su muralla y sus torres. Una parada obligatoria. Para hacer que sea m\u00e1s divertida y realista, especialmente si vais con peques, \u00bfpor qu\u00e9 no hac\u00e9is una visita teatralizada? Son recorridos de unos 90 minutos en los que Do\u00f1a Leonor de Trast\u00e1mara y Carlos III cobran vida y os tratan como hu\u00e9spedes.<\/p>\n\n\n\n<p>No dej\u00e9is Olite sin conocer a fondo uno de sus l\u00edquidos m\u00e1s preciados en <strong>Enozentrum<\/strong>. Tres plantas que nos explican la evoluci\u00f3n hist\u00f3rica del <strong>caldo navarro con Denominaci\u00f3n de Origen<\/strong>, su contexto universal, los mitos y rituales vinculados a \u00e9l, el trabajo del viticultor en el campo, el mundo de la enolog\u00eda y la elaboraci\u00f3n del vino en la bodega\u2026 y hasta descubrir la teor\u00eda pr\u00e1ctica que se hace en las catas o degustaciones. As\u00ed, la pr\u00f3xima vez que pid\u00e1is un vino, os podr\u00e9is hacer los interesantes.<\/p>\n\n\n\n<p>A menos de 20 kil\u00f3metros hacia el este se encuentra <strong><a href=\"https:\/\/www.visitnavarra.es\/es\/planifica-viaje\/rutas-por-navarra\/olite-ujue?utm_source=bc&amp;utm_medium=escapadarural&amp;utm_campaign=primavera\" target=\"_blank\" rel=\"noreferrer noopener\">Uju\u00e9<\/a><\/strong>, un pueblo de postal con callejuelas de piedra, antiguas casonas y que est\u00e1 presidido, en lo alto del monte, por el santuario-fortaleza de Santa Mar\u00eda de Uju\u00e9. Despu\u00e9s de pasear por su n\u00facleo hist\u00f3rico, no pod\u00e9is iros sin probar sus exquisitas y aut\u00e9nticas migas de pastor servidas en brasero; algunos restaurantes t\u00edpicos para probarlas son el Mes\u00f3n Las Torres, el Asador Uxue y Casa Urrutia. Hablar de gastronom\u00eda en la Zona Media navarra quiere decir, tambi\u00e9n, degustar sus deliciosas garrapi\u00f1adas, sus tortas de txantxigorri o sus afamados esp\u00e1rragos blancos. \u00a1Deliciosos!<\/p>\n\n\n\n<div class=\"wp-block-buttons is-layout-flex wp-block-buttons-is-layout-flex\">\n<div class=\"wp-block-button\"><a class=\"wp-block-button__link wp-element-button\" href=\"\/casas-rurales\/olite-erriberri\">Casas rurales en Olite<\/a><\/div>\n<\/div>\n\n\n\n<h2 class=\"wp-block-heading\" id=\"h-hacia-el-pirineo-con-mas-castillos-foces-y-monasterios\"><strong>Hacia el Pirineo con m\u00e1s castillos, foces y monasterios<\/strong><\/h2>\n\n\n\n<figure class=\"wp-block-image size-large\"><img decoding=\"async\" src=\"https:\/\/www.escapadarural.com\/blog\/wp-content\/uploads\/2024\/10\/Via-Verde-del-Irati_Javier-Campos_Turismo-de-Navarra-1024x683-1.jpg\" alt=\"V\u00eda verde de Irati, Navarra\" class=\"wp-image-75323\"\/><figcaption class=\"wp-element-caption\">V\u00eda Verde del Irati. Por: Javier Campos &#8211; Turismo de Navarra<\/figcaption><\/figure>\n\n\n\n<p>Vamos a oxigenarnos a la naturaleza m\u00e1s salvaje de los valles pre-pirenaicos del este de Navarra con actividades para toda la familia y parajes espectaculares. Te proponemos conocer la <a href=\"https:\/\/www.visitnavarra.es\/es\/foces-lumbier-arbaiun\" target=\"_blank\" rel=\"noreferrer noopener nofollow\">Foz de Arbaiun y la Foz de Lumbier<\/a>, que son dos gargantas que han sido esculpidas por los r\u00edos Salazar e Irati con el paso de los siglos. Tambi\u00e9n son los mayores santuarios navarros de aves rapaces, as\u00ed que levantad la mirada hacia el cielo de vez en cuando.<\/p>\n\n\n\n<p>Si no ten\u00e9is ganas de caminar, pod\u00e9is acercarte al mirador de Iso en coche, en la carretera NA-2160, para tener una panor\u00e1mica de la <strong>Foz de Arbaiun<\/strong> que os dejar\u00e1 mudos. Es la m\u00e1s extensa e imponente de todas las que hay en Navarra, una gran garganta modelada por el sinuoso r\u00edo Salazar con casi 6 kil\u00f3metros de paredes de hasta 400 metros de altura. Es Reserva Natural y Zona de Especial Protecci\u00f3n de las Aves y, para conocer a fondo todo lo que puedes divisar, os recomendamos acercaros antes al Centro de Interpretaci\u00f3n, que est\u00e1 en el pueblo de Lumbier.<\/p>\n\n\n\n<p>Seguimos con planes de naturaleza. Nos vamos a la Reserva Natural de la Foz de Lumbier para vivir una aventura a pie o en bicicleta sencilla, apta para toda la familia, con la <strong>V\u00eda Verde del Irati<\/strong>: sigue el trazado del tren que conectaba Pamplona, Aoiz y Sang\u00fcesa a trav\u00e9s de 6,4 kil\u00f3metros con poco desnivel, zigzagueando entre Li\u00e9dena y Lumbier y cruzando un ca\u00f1\u00f3n con espectaculares paredes de m\u00e1s de 100 metros. Mirad hacia arriba de vez en cuando, porque no es dif\u00edcil toparse durante la ruta con alg\u00fan ejemplar de uno de los habitantes estrella del lugar: los buitres leonados.<\/p>\n\n\n\n<div class=\"wp-block-buttons is-layout-flex wp-block-buttons-is-layout-flex\">\n<div class=\"wp-block-button\"><a class=\"wp-block-button__link wp-element-button\" href=\"\/casas-rurales\/selva-de-irati\">Casas rurales en Selva de Irati<\/a><\/div>\n<\/div>\n\n\n\n<h2 class=\"wp-block-heading\" id=\"h-el-castillo-de-javier-y-el-monasterio-de-leyre\"><strong>El Castillo de Javier y el Monasterio de Leyre<\/strong><\/h2>\n\n\n\n<figure class=\"wp-block-image size-large\"><img decoding=\"async\" src=\"https:\/\/www.escapadarural.com\/blog\/wp-content\/uploads\/2024\/10\/Castillo-de-Javier_Francis-Vaquero_Turismo-de-Navarra-1024x576-1.jpg\" alt=\"Castillo de Javier\" class=\"wp-image-75322\"\/><figcaption class=\"wp-element-caption\">Castillo de Javier. Por: Francis Vaquero &#8211; Turismo de Navarra<\/figcaption><\/figure>\n\n\n\n<p>Hacia el este, no muy lejos de Lumbier y Li\u00e9dena, pod\u00e9is seguir con la inmersi\u00f3n por la Navarra medieval. El <strong><a href=\"https:\/\/www.visitnavarra.es\/es\/planifica-viaje\/rutas-por-navarra\/leyre-javier-sanguesa?utm_source=bc&amp;utm_medium=escapadarural&amp;utm_campaign=primavera\" target=\"_blank\" rel=\"noreferrer noopener\">Castillo de Javier<\/a><\/strong> es una construcci\u00f3n muy querida por los navarros porque es el hogar de su patr\u00f3n, San Francisco Javier. Se puede visitar la habitaci\u00f3n del Santo, la capilla de San Miguel, el museo\u2026 y los m\u00e1s j\u00f3venes de la familia podr\u00e1n entretenerse con dioramas pedag\u00f3gicos de la fortaleza. Uno de los puntos que m\u00e1s inter\u00e9s suscita es la <strong>Torre del Homenaje<\/strong> y el puente levadizo.<\/p>\n\n\n\n<p>Una menci\u00f3n especial merece el<strong> Monasterio de Leyre<\/strong>, del siglo IX. Es uno de los conjuntos arquitect\u00f3nicos m\u00e1s relevantes de Navarra, cerca del municipio de Yesa y junto a la frontera con Arag\u00f3n. De hecho, est\u00e1 declarado Monumento Nacional por ser una de las muestras m\u00e1s representativas y antiguas del arte rom\u00e1nico en la Pen\u00ednsula Ib\u00e9rica.<\/p>\n\n\n\n<p>En la actualidad est\u00e1 habitado por una <strong>Comunidad Benedictina<\/strong> y, si quer\u00e9is tener una experiencia m\u00edstica excepcional, pod\u00e9is alojaros en su hotel de 32 habitaciones. Tambi\u00e9n hay restaurante y bar con terraza y vistas al embalse de Yesa y a las cumbres pirenaicas. Y si algo destaca de este templo son sus misas y cantos gregorianos que entonan los monjes benedictinos.<\/p>\n\n\n\n<div class=\"wp-block-buttons is-layout-flex wp-block-buttons-is-layout-flex\">\n<div class=\"wp-block-button\"><a class=\"wp-block-button__link wp-element-button\" href=\"\/casas-rurales\/yesa\">Casas rurales cerca de Yesa<\/a><\/div>\n<\/div>\n\n\n\n<div class=\"wp-block-kevinbatdorf-animate-in-view\" animatein=\"animate-in-view\" enabled=\"1\" once=\"1\" direction=\"1\" threshold=\"1\" timing=\"1\" offset=\"2rem\">\n<p>Contenido patrocinado por<\/p>\n<\/div>\n\n\n\n<figure class=\"wp-block-image size-full\"><img loading=\"lazy\" decoding=\"async\" width=\"800\" height=\"150\" src=\"https:\/\/www.escapadarural.com\/blog\/wp-content\/uploads\/2024\/10\/logo-navarra-2024-1.jpg\" alt=\"Logo Navarra\" class=\"wp-image-92141\" srcset=\"https:\/\/www.escapadarural.com\/blog\/wp-content\/uploads\/2024\/10\/logo-navarra-2024-1-200x38.jpg 200w, https:\/\/www.escapadarural.com\/blog\/wp-content\/uploads\/2024\/10\/logo-navarra-2024-1-300x56.jpg 300w, https:\/\/www.escapadarural.com\/blog\/wp-content\/uploads\/2024\/10\/logo-navarra-2024-1-400x75.jpg 400w, https:\/\/www.escapadarural.com\/blog\/wp-content\/uploads\/2024\/10\/logo-navarra-2024-1-600x113.jpg 600w, https:\/\/www.escapadarural.com\/blog\/wp-content\/uploads\/2024\/10\/logo-navarra-2024-1-768x144.jpg 768w, https:\/\/www.escapadarural.com\/blog\/wp-content\/uploads\/2024\/10\/logo-navarra-2024-1.jpg 800w\" sizes=\"auto, (max-width: 800px) 100vw, 800px\" \/><\/figure>\n","protected":false},"excerpt":{"rendered":"<p>Te invitamos a conocer la Navarra medieval que te acercar\u00e1 a castillos y santuarios hist\u00f3ricos, pueblos de ensue\u00f1o y bonitos parajes. \u00bfVienes?<\/p>\n","protected":false},"author":123,"featured_media":75322,"comment_status":"open","ping_status":"open","sticky":false,"template":"","format":"standard","meta":{"_acf_changed":false,"om_disable_all_campaigns":false,"footnotes":""},"categories":[191],"tags":[260,417,418,6764,419,420,421,422,212,274,423],"class_list":["post-75320","post","type-post","status-publish","format-standard","has-post-thumbnail","hentry","category-destinos","tag-articulo","tag-castillo-de-javier","tag-foz-de-arbaiun","tag-imprescindibles","tag-medieval","tag-monasterio-de-leyre","tag-que-ver-en-navarra","tag-olite","tag-pueblos","tag-turismo-rural","tag-via-verde-del-irati"],"acf":[],"featured_image_src":"https:\/\/www.escapadarural.com\/blog\/wp-content\/uploads\/2024\/05\/Castillo-de-Javier_Francis-Vaquero_Turismo-de-Navarra-scaled-1.jpg","author_info":{"display_name":"Raquel Andr\u00e9s","author_link":"https:\/\/www.escapadarural.com\/blog\/autor\/raquel\/"},"yoast_head":"<!-- This site is optimized with the Yoast SEO plugin v27.5 - https:\/\/yoast.com\/product\/yoast-seo-wordpress\/ -->\n<title>Los imprescindibles de la Navarra medieval: castillos, cantos gregorianos y v\u00edas verdes - EscapadaRural<\/title>\n<meta name=\"robots\" content=\"index, follow, max-snippet:-1, max-image-preview:large, max-video-preview:-1\" \/>\n<link rel=\"canonical\" href=\"https:\/\/www.escapadarural.com\/blog\/imprescindibles-navarra-medieval\/\" \/>\n<meta property=\"og:locale\" content=\"es_ES\" \/>\n<meta property=\"og:type\" content=\"article\" \/>\n<meta property=\"og:title\" content=\"Los imprescindibles de la Navarra medieval: castillos, cantos gregorianos y v\u00edas verdes - EscapadaRural\" \/>\n<meta property=\"og:description\" content=\"Te invitamos a conocer la Navarra medieval que te acercar\u00e1 a castillos y santuarios hist\u00f3ricos, pueblos de ensue\u00f1o y bonitos parajes. \u00bfVienes?\" \/>\n<meta property=\"og:url\" content=\"https:\/\/www.escapadarural.com\/blog\/imprescindibles-navarra-medieval\/\" \/>\n<meta property=\"og:site_name\" content=\"Magazine de viajes de EscapadaRural\" \/>\n<meta property=\"article:publisher\" content=\"https:\/\/www.facebook.com\/escapadarural\" \/>\n<meta property=\"article:published_time\" content=\"2024-05-22T11:18:32+00:00\" \/>\n<meta property=\"article:modified_time\" content=\"2026-02-17T16:40:30+00:00\" \/>\n<meta property=\"og:image\" content=\"https:\/\/www.escapadarural.com\/blog\/wp-content\/uploads\/2024\/05\/Castillo-de-Javier_Francis-Vaquero_Turismo-de-Navarra-scaled-1.jpg?v=1771346431\" \/>\n\t<meta property=\"og:image:width\" content=\"2048\" \/>\n\t<meta property=\"og:image:height\" content=\"1151\" \/>\n\t<meta property=\"og:image:type\" content=\"image\/jpeg\" \/>\n<meta name=\"author\" content=\"Raquel Andr\u00e9s\" \/>\n<meta name=\"twitter:card\" content=\"summary_large_image\" \/>\n<meta name=\"twitter:label1\" content=\"Escrito por\" \/>\n\t<meta name=\"twitter:data1\" content=\"Raquel Andr\u00e9s\" \/>\n\t<meta name=\"twitter:label2\" content=\"Tiempo de lectura\" \/>\n\t<meta name=\"twitter:data2\" content=\"6 minutos\" \/>\n<script type=\"application\/ld+json\" class=\"yoast-schema-graph\">{\"@context\":\"https:\\\/\\\/schema.org\",\"@graph\":[{\"@type\":\"Article\",\"@id\":\"https:\\\/\\\/www.escapadarural.com\\\/blog\\\/imprescindibles-navarra-medieval\\\/#article\",\"isPartOf\":{\"@id\":\"https:\\\/\\\/www.escapadarural.com\\\/blog\\\/imprescindibles-navarra-medieval\\\/\"},\"author\":{\"name\":\"Raquel Andr\u00e9s\",\"@id\":\"https:\\\/\\\/www.escapadarural.com\\\/blog\\\/#\\\/schema\\\/person\\\/67be061eb00d8315fa8642e01b88c894\"},\"headline\":\"Los imprescindibles de la Navarra medieval: castillos, cantos gregorianos y v\u00edas verdes\",\"datePublished\":\"2024-05-22T11:18:32+00:00\",\"dateModified\":\"2026-02-17T16:40:30+00:00\",\"mainEntityOfPage\":{\"@id\":\"https:\\\/\\\/www.escapadarural.com\\\/blog\\\/imprescindibles-navarra-medieval\\\/\"},\"wordCount\":1110,\"commentCount\":1,\"publisher\":{\"@id\":\"https:\\\/\\\/www.escapadarural.com\\\/blog\\\/#organization\"},\"image\":{\"@id\":\"https:\\\/\\\/www.escapadarural.com\\\/blog\\\/imprescindibles-navarra-medieval\\\/#primaryimage\"},\"thumbnailUrl\":\"https:\\\/\\\/www.escapadarural.com\\\/blog\\\/wp-content\\\/uploads\\\/2024\\\/05\\\/Castillo-de-Javier_Francis-Vaquero_Turismo-de-Navarra-scaled-1.jpg\",\"keywords\":[\"art\u00edculo\",\"Castillo de Javier\",\"Foz de Arbaiun\",\"Imprescindibles\",\"Medieval\",\"Monasterio de Leyre\",\"Navarra\",\"Olite\",\"pueblos\",\"turismo rural\",\"V\u00eda Verde del Irati\"],\"articleSection\":[\"Destinos\"],\"inLanguage\":\"es\",\"potentialAction\":[{\"@type\":\"CommentAction\",\"name\":\"Comment\",\"target\":[\"https:\\\/\\\/www.escapadarural.com\\\/blog\\\/imprescindibles-navarra-medieval\\\/#respond\"]}]},{\"@type\":\"WebPage\",\"@id\":\"https:\\\/\\\/www.escapadarural.com\\\/blog\\\/imprescindibles-navarra-medieval\\\/\",\"url\":\"https:\\\/\\\/www.escapadarural.com\\\/blog\\\/imprescindibles-navarra-medieval\\\/\",\"name\":\"Los imprescindibles de la Navarra medieval: castillos, cantos gregorianos y v\u00edas verdes - EscapadaRural\",\"isPartOf\":{\"@id\":\"https:\\\/\\\/www.escapadarural.com\\\/blog\\\/#website\"},\"primaryImageOfPage\":{\"@id\":\"https:\\\/\\\/www.escapadarural.com\\\/blog\\\/imprescindibles-navarra-medieval\\\/#primaryimage\"},\"image\":{\"@id\":\"https:\\\/\\\/www.escapadarural.com\\\/blog\\\/imprescindibles-navarra-medieval\\\/#primaryimage\"},\"thumbnailUrl\":\"https:\\\/\\\/www.escapadarural.com\\\/blog\\\/wp-content\\\/uploads\\\/2024\\\/05\\\/Castillo-de-Javier_Francis-Vaquero_Turismo-de-Navarra-scaled-1.jpg\",\"datePublished\":\"2024-05-22T11:18:32+00:00\",\"dateModified\":\"2026-02-17T16:40:30+00:00\",\"breadcrumb\":{\"@id\":\"https:\\\/\\\/www.escapadarural.com\\\/blog\\\/imprescindibles-navarra-medieval\\\/#breadcrumb\"},\"inLanguage\":\"es\",\"potentialAction\":[{\"@type\":\"ReadAction\",\"target\":[\"https:\\\/\\\/www.escapadarural.com\\\/blog\\\/imprescindibles-navarra-medieval\\\/\"]}]},{\"@type\":\"ImageObject\",\"inLanguage\":\"es\",\"@id\":\"https:\\\/\\\/www.escapadarural.com\\\/blog\\\/imprescindibles-navarra-medieval\\\/#primaryimage\",\"url\":\"https:\\\/\\\/www.escapadarural.com\\\/blog\\\/wp-content\\\/uploads\\\/2024\\\/05\\\/Castillo-de-Javier_Francis-Vaquero_Turismo-de-Navarra-scaled-1.jpg\",\"contentUrl\":\"https:\\\/\\\/www.escapadarural.com\\\/blog\\\/wp-content\\\/uploads\\\/2024\\\/05\\\/Castillo-de-Javier_Francis-Vaquero_Turismo-de-Navarra-scaled-1.jpg\",\"width\":2048,\"height\":1151,\"caption\":\"Castillo de Javier. Por: Francis Vaquero - Turismo de Navarra\"},{\"@type\":\"BreadcrumbList\",\"@id\":\"https:\\\/\\\/www.escapadarural.com\\\/blog\\\/imprescindibles-navarra-medieval\\\/#breadcrumb\",\"itemListElement\":[{\"@type\":\"ListItem\",\"position\":1,\"name\":\"Inicio\",\"item\":\"https:\\\/\\\/www.escapadarural.com\\\/blog\\\/\"},{\"@type\":\"ListItem\",\"position\":2,\"name\":\"Destinos\",\"item\":\"https:\\\/\\\/www.escapadarural.com\\\/blog\\\/categoria\\\/destinos\\\/\"},{\"@type\":\"ListItem\",\"position\":3,\"name\":\"Los imprescindibles de la Navarra medieval: castillos, cantos gregorianos y v\u00edas verdes\"}]},{\"@type\":\"WebSite\",\"@id\":\"https:\\\/\\\/www.escapadarural.com\\\/blog\\\/#website\",\"url\":\"https:\\\/\\\/www.escapadarural.com\\\/blog\\\/\",\"name\":\"Blog de viajes | turismo rural, alojamientos e inspiraci\u00f3n\",\"description\":\"Alojamientos rurales e inspiraci\u00f3n para tus escapadas\",\"publisher\":{\"@id\":\"https:\\\/\\\/www.escapadarural.com\\\/blog\\\/#organization\"},\"alternateName\":\"Magazine de viajes de EscapadaRural\",\"potentialAction\":[{\"@type\":\"SearchAction\",\"target\":{\"@type\":\"EntryPoint\",\"urlTemplate\":\"https:\\\/\\\/www.escapadarural.com\\\/blog\\\/?s={search_term_string}\"},\"query-input\":{\"@type\":\"PropertyValueSpecification\",\"valueRequired\":true,\"valueName\":\"search_term_string\"}}],\"inLanguage\":\"es\"},{\"@type\":\"Organization\",\"@id\":\"https:\\\/\\\/www.escapadarural.com\\\/blog\\\/#organization\",\"name\":\"EscapadaRural\",\"url\":\"https:\\\/\\\/www.escapadarural.com\\\/blog\\\/\",\"logo\":{\"@type\":\"ImageObject\",\"inLanguage\":\"es\",\"@id\":\"https:\\\/\\\/www.escapadarural.com\\\/blog\\\/#\\\/schema\\\/logo\\\/image\\\/\",\"url\":\"https:\\\/\\\/www.escapadarural.com\\\/blog\\\/wp-content\\\/uploads\\\/2024\\\/10\\\/cropped-cropped-escapada-rural-icon-mag-3.png\",\"contentUrl\":\"https:\\\/\\\/www.escapadarural.com\\\/blog\\\/wp-content\\\/uploads\\\/2024\\\/10\\\/cropped-cropped-escapada-rural-icon-mag-3.png\",\"width\":512,\"height\":512,\"caption\":\"EscapadaRural\"},\"image\":{\"@id\":\"https:\\\/\\\/www.escapadarural.com\\\/blog\\\/#\\\/schema\\\/logo\\\/image\\\/\"},\"sameAs\":[\"https:\\\/\\\/www.facebook.com\\\/escapadarural\",\"https:\\\/\\\/www.instagram.com\\\/escapadarural\\\/\",\"https:\\\/\\\/www.youtube.com\\\/@escapadaruralcom\"]},{\"@type\":\"Person\",\"@id\":\"https:\\\/\\\/www.escapadarural.com\\\/blog\\\/#\\\/schema\\\/person\\\/67be061eb00d8315fa8642e01b88c894\",\"name\":\"Raquel Andr\u00e9s\",\"image\":{\"@type\":\"ImageObject\",\"inLanguage\":\"es\",\"@id\":\"https:\\\/\\\/secure.gravatar.com\\\/avatar\\\/b45840531462f3cafb335a9fc5c0bfda2c07c3df4b82b304b923526b85cc6cb5?s=96&d=mm&r=g\",\"url\":\"https:\\\/\\\/secure.gravatar.com\\\/avatar\\\/b45840531462f3cafb335a9fc5c0bfda2c07c3df4b82b304b923526b85cc6cb5?s=96&d=mm&r=g\",\"contentUrl\":\"https:\\\/\\\/secure.gravatar.com\\\/avatar\\\/b45840531462f3cafb335a9fc5c0bfda2c07c3df4b82b304b923526b85cc6cb5?s=96&d=mm&r=g\",\"caption\":\"Raquel Andr\u00e9s\"},\"description\":\"Periodista y aventurera. Me has podido leer en Escapada Rural, Diari Nosaltres La Veu, La Vanguardia, El Salto y otros medios. Habitante y amante de las zonas rurales, sea cual sea el destino. Procuro escaparme una vez por semana con las botas de monta\u00f1a, el arn\u00e9s o el neopreno. Tambi\u00e9n soy un intento de baserritarra.\",\"url\":\"https:\\\/\\\/www.escapadarural.com\\\/blog\\\/autor\\\/raquel\\\/\"}]}<\/script>\n<!-- \/ Yoast SEO plugin. -->","yoast_head_json":{"title":"Los imprescindibles de la Navarra medieval: castillos, cantos gregorianos y v\u00edas verdes - EscapadaRural","robots":{"index":"index","follow":"follow","max-snippet":"max-snippet:-1","max-image-preview":"max-image-preview:large","max-video-preview":"max-video-preview:-1"},"canonical":"https:\/\/www.escapadarural.com\/blog\/imprescindibles-navarra-medieval\/","og_locale":"es_ES","og_type":"article","og_title":"Los imprescindibles de la Navarra medieval: castillos, cantos gregorianos y v\u00edas verdes - EscapadaRural","og_description":"Te invitamos a conocer la Navarra medieval que te acercar\u00e1 a castillos y santuarios hist\u00f3ricos, pueblos de ensue\u00f1o y bonitos parajes. \u00bfVienes?","og_url":"https:\/\/www.escapadarural.com\/blog\/imprescindibles-navarra-medieval\/","og_site_name":"Magazine de viajes de EscapadaRural","article_publisher":"https:\/\/www.facebook.com\/escapadarural","article_published_time":"2024-05-22T11:18:32+00:00","article_modified_time":"2026-02-17T16:40:30+00:00","og_image":[{"width":2048,"height":1151,"url":"https:\/\/www.escapadarural.com\/blog\/wp-content\/uploads\/2024\/05\/Castillo-de-Javier_Francis-Vaquero_Turismo-de-Navarra-scaled-1.jpg?v=1771346431","type":"image\/jpeg"}],"author":"Raquel Andr\u00e9s","twitter_card":"summary_large_image","twitter_misc":{"Escrito por":"Raquel Andr\u00e9s","Tiempo de lectura":"6 minutos"},"schema":{"@context":"https:\/\/schema.org","@graph":[{"@type":"Article","@id":"https:\/\/www.escapadarural.com\/blog\/imprescindibles-navarra-medieval\/#article","isPartOf":{"@id":"https:\/\/www.escapadarural.com\/blog\/imprescindibles-navarra-medieval\/"},"author":{"name":"Raquel Andr\u00e9s","@id":"https:\/\/www.escapadarural.com\/blog\/#\/schema\/person\/67be061eb00d8315fa8642e01b88c894"},"headline":"Los imprescindibles de la Navarra medieval: castillos, cantos gregorianos y v\u00edas verdes","datePublished":"2024-05-22T11:18:32+00:00","dateModified":"2026-02-17T16:40:30+00:00","mainEntityOfPage":{"@id":"https:\/\/www.escapadarural.com\/blog\/imprescindibles-navarra-medieval\/"},"wordCount":1110,"commentCount":1,"publisher":{"@id":"https:\/\/www.escapadarural.com\/blog\/#organization"},"image":{"@id":"https:\/\/www.escapadarural.com\/blog\/imprescindibles-navarra-medieval\/#primaryimage"},"thumbnailUrl":"https:\/\/www.escapadarural.com\/blog\/wp-content\/uploads\/2024\/05\/Castillo-de-Javier_Francis-Vaquero_Turismo-de-Navarra-scaled-1.jpg","keywords":["art\u00edculo","Castillo de Javier","Foz de Arbaiun","Imprescindibles","Medieval","Monasterio de Leyre","Navarra","Olite","pueblos","turismo rural","V\u00eda Verde del Irati"],"articleSection":["Destinos"],"inLanguage":"es","potentialAction":[{"@type":"CommentAction","name":"Comment","target":["https:\/\/www.escapadarural.com\/blog\/imprescindibles-navarra-medieval\/#respond"]}]},{"@type":"WebPage","@id":"https:\/\/www.escapadarural.com\/blog\/imprescindibles-navarra-medieval\/","url":"https:\/\/www.escapadarural.com\/blog\/imprescindibles-navarra-medieval\/","name":"Los imprescindibles de la Navarra medieval: castillos, cantos gregorianos y v\u00edas verdes - EscapadaRural","isPartOf":{"@id":"https:\/\/www.escapadarural.com\/blog\/#website"},"primaryImageOfPage":{"@id":"https:\/\/www.escapadarural.com\/blog\/imprescindibles-navarra-medieval\/#primaryimage"},"image":{"@id":"https:\/\/www.escapadarural.com\/blog\/imprescindibles-navarra-medieval\/#primaryimage"},"thumbnailUrl":"https:\/\/www.escapadarural.com\/blog\/wp-content\/uploads\/2024\/05\/Castillo-de-Javier_Francis-Vaquero_Turismo-de-Navarra-scaled-1.jpg","datePublished":"2024-05-22T11:18:32+00:00","dateModified":"2026-02-17T16:40:30+00:00","breadcrumb":{"@id":"https:\/\/www.escapadarural.com\/blog\/imprescindibles-navarra-medieval\/#breadcrumb"},"inLanguage":"es","potentialAction":[{"@type":"ReadAction","target":["https:\/\/www.escapadarural.com\/blog\/imprescindibles-navarra-medieval\/"]}]},{"@type":"ImageObject","inLanguage":"es","@id":"https:\/\/www.escapadarural.com\/blog\/imprescindibles-navarra-medieval\/#primaryimage","url":"https:\/\/www.escapadarural.com\/blog\/wp-content\/uploads\/2024\/05\/Castillo-de-Javier_Francis-Vaquero_Turismo-de-Navarra-scaled-1.jpg","contentUrl":"https:\/\/www.escapadarural.com\/blog\/wp-content\/uploads\/2024\/05\/Castillo-de-Javier_Francis-Vaquero_Turismo-de-Navarra-scaled-1.jpg","width":2048,"height":1151,"caption":"Castillo de Javier. Por: Francis Vaquero - Turismo de Navarra"},{"@type":"BreadcrumbList","@id":"https:\/\/www.escapadarural.com\/blog\/imprescindibles-navarra-medieval\/#breadcrumb","itemListElement":[{"@type":"ListItem","position":1,"name":"Inicio","item":"https:\/\/www.escapadarural.com\/blog\/"},{"@type":"ListItem","position":2,"name":"Destinos","item":"https:\/\/www.escapadarural.com\/blog\/categoria\/destinos\/"},{"@type":"ListItem","position":3,"name":"Los imprescindibles de la Navarra medieval: castillos, cantos gregorianos y v\u00edas verdes"}]},{"@type":"WebSite","@id":"https:\/\/www.escapadarural.com\/blog\/#website","url":"https:\/\/www.escapadarural.com\/blog\/","name":"Blog de viajes | turismo rural, alojamientos e inspiraci\u00f3n","description":"Alojamientos rurales e inspiraci\u00f3n para tus escapadas","publisher":{"@id":"https:\/\/www.escapadarural.com\/blog\/#organization"},"alternateName":"Magazine de viajes de EscapadaRural","potentialAction":[{"@type":"SearchAction","target":{"@type":"EntryPoint","urlTemplate":"https:\/\/www.escapadarural.com\/blog\/?s={search_term_string}"},"query-input":{"@type":"PropertyValueSpecification","valueRequired":true,"valueName":"search_term_string"}}],"inLanguage":"es"},{"@type":"Organization","@id":"https:\/\/www.escapadarural.com\/blog\/#organization","name":"EscapadaRural","url":"https:\/\/www.escapadarural.com\/blog\/","logo":{"@type":"ImageObject","inLanguage":"es","@id":"https:\/\/www.escapadarural.com\/blog\/#\/schema\/logo\/image\/","url":"https:\/\/www.escapadarural.com\/blog\/wp-content\/uploads\/2024\/10\/cropped-cropped-escapada-rural-icon-mag-3.png","contentUrl":"https:\/\/www.escapadarural.com\/blog\/wp-content\/uploads\/2024\/10\/cropped-cropped-escapada-rural-icon-mag-3.png","width":512,"height":512,"caption":"EscapadaRural"},"image":{"@id":"https:\/\/www.escapadarural.com\/blog\/#\/schema\/logo\/image\/"},"sameAs":["https:\/\/www.facebook.com\/escapadarural","https:\/\/www.instagram.com\/escapadarural\/","https:\/\/www.youtube.com\/@escapadaruralcom"]},{"@type":"Person","@id":"https:\/\/www.escapadarural.com\/blog\/#\/schema\/person\/67be061eb00d8315fa8642e01b88c894","name":"Raquel Andr\u00e9s","image":{"@type":"ImageObject","inLanguage":"es","@id":"https:\/\/secure.gravatar.com\/avatar\/b45840531462f3cafb335a9fc5c0bfda2c07c3df4b82b304b923526b85cc6cb5?s=96&d=mm&r=g","url":"https:\/\/secure.gravatar.com\/avatar\/b45840531462f3cafb335a9fc5c0bfda2c07c3df4b82b304b923526b85cc6cb5?s=96&d=mm&r=g","contentUrl":"https:\/\/secure.gravatar.com\/avatar\/b45840531462f3cafb335a9fc5c0bfda2c07c3df4b82b304b923526b85cc6cb5?s=96&d=mm&r=g","caption":"Raquel Andr\u00e9s"},"description":"Periodista y aventurera. Me has podido leer en Escapada Rural, Diari Nosaltres La Veu, La Vanguardia, El Salto y otros medios. Habitante y amante de las zonas rurales, sea cual sea el destino. Procuro escaparme una vez por semana con las botas de monta\u00f1a, el arn\u00e9s o el neopreno. Tambi\u00e9n soy un intento de baserritarra.","url":"https:\/\/www.escapadarural.com\/blog\/autor\/raquel\/"}]}},"_links":{"self":[{"href":"https:\/\/www.escapadarural.com\/blog\/wp-json\/wp\/v2\/posts\/75320","targetHints":{"allow":["GET"]}}],"collection":[{"href":"https:\/\/www.escapadarural.com\/blog\/wp-json\/wp\/v2\/posts"}],"about":[{"href":"https:\/\/www.escapadarural.com\/blog\/wp-json\/wp\/v2\/types\/post"}],"author":[{"embeddable":true,"href":"https:\/\/www.escapadarural.com\/blog\/wp-json\/wp\/v2\/users\/123"}],"replies":[{"embeddable":true,"href":"https:\/\/www.escapadarural.com\/blog\/wp-json\/wp\/v2\/comments?post=75320"}],"version-history":[{"count":0,"href":"https:\/\/www.escapadarural.com\/blog\/wp-json\/wp\/v2\/posts\/75320\/revisions"}],"wp:featuredmedia":[{"embeddable":true,"href":"https:\/\/www.escapadarural.com\/blog\/wp-json\/wp\/v2\/media\/75322"}],"wp:attachment":[{"href":"https:\/\/www.escapadarural.com\/blog\/wp-json\/wp\/v2\/media?parent=75320"}],"wp:term":[{"taxonomy":"category","embeddable":true,"href":"https:\/\/www.escapadarural.com\/blog\/wp-json\/wp\/v2\/categories?post=75320"},{"taxonomy":"post_tag","embeddable":true,"href":"https:\/\/www.escapadarural.com\/blog\/wp-json\/wp\/v2\/tags?post=75320"}],"curies":[{"name":"wp","href":"https:\/\/api.w.org\/{rel}","templated":true}]}}