{"id":76936,"date":"2024-06-03T06:52:00","date_gmt":"2024-06-03T05:52:00","guid":{"rendered":"https:\/\/www.escapadarural.com\/blog\/?p=76936"},"modified":"2025-05-28T12:51:52","modified_gmt":"2025-05-28T10:51:52","slug":"dia-del-medioambiente-destinos","status":"publish","type":"post","link":"https:\/\/www.escapadarural.com\/blog\/dia-del-medioambiente-destinos\/","title":{"rendered":"10 destinos rurales para celebrar el D\u00eda del Medioambiente"},"content":{"rendered":"\n<p>El 5 de junio es el <strong>D\u00eda del Medioambiente<\/strong> y qu\u00e9 mejor manera para celebrarlo que ir de escapada a<strong> los destinos rurales m\u00e1s espectaculares de Espa\u00f1a<\/strong>. Adem\u00e1s, hemos hecho una selecci\u00f3n de parajes naturales diversos y escondidos que te dejar\u00e1n con la boca abierta. As\u00ed que, sin m\u00e1s dilaci\u00f3n, \u00a1presta atenci\u00f3n a estos para\u00edsos porque querr\u00e1s repetir!<\/p>\n\n\n\n<div class=\"wp-block-buttons is-layout-flex wp-block-buttons-is-layout-flex\">\n<div class=\"wp-block-button\"><a class=\"wp-block-button__link wp-element-button\" href=\"\/casas-rurales\" target=\"_blank\" rel=\"noreferrer noopener\">Encuentra tu alojamiento<\/a><\/div>\n<\/div>\n\n\n\n<h2 class=\"wp-block-heading\" id=\"h-las-dunas-de-maspalomas-las-palmas-400-hectareas-de-arena-fina\">Las dunas de Maspalomas (<a href=\"\/casas-rurales\/las-palmas\" target=\"_blank\" rel=\"noreferrer noopener\">Las Palmas<\/a>), 400 hect\u00e1reas de arena fina<\/h2>\n\n\n\n<figure class=\"wp-block-image size-full\"><img loading=\"lazy\" decoding=\"async\" width=\"1024\" height=\"682\" src=\"https:\/\/www.escapadarural.com\/blog\/wp-content\/uploads\/2024\/10\/AdobeStock_245003949.webp\" alt=\"Dunas de Maspalomas\" class=\"wp-image-91840\" srcset=\"https:\/\/www.escapadarural.com\/blog\/wp-content\/uploads\/2024\/10\/AdobeStock_245003949-200x133.webp 200w, https:\/\/www.escapadarural.com\/blog\/wp-content\/uploads\/2024\/10\/AdobeStock_245003949-300x200.webp 300w, https:\/\/www.escapadarural.com\/blog\/wp-content\/uploads\/2024\/10\/AdobeStock_245003949-400x266.webp 400w, https:\/\/www.escapadarural.com\/blog\/wp-content\/uploads\/2024\/10\/AdobeStock_245003949-600x400.webp 600w, https:\/\/www.escapadarural.com\/blog\/wp-content\/uploads\/2024\/10\/AdobeStock_245003949-768x512.webp 768w, https:\/\/www.escapadarural.com\/blog\/wp-content\/uploads\/2024\/10\/AdobeStock_245003949-800x533.webp 800w, https:\/\/www.escapadarural.com\/blog\/wp-content\/uploads\/2024\/10\/AdobeStock_245003949.webp 1024w\" sizes=\"auto, (max-width: 1024px) 100vw, 1024px\" \/><figcaption class=\"wp-element-caption\">Por: Yannik Photography<\/figcaption><\/figure>\n\n\n\n<p><strong>Las Dunas de Maspalomas<\/strong> son un tesoro natural \u00fanico en Espa\u00f1a. Con m\u00e1s de 400 hect\u00e1reas de arena dorada, estas dunas ofrecen un paisaje impresionante que evoca la majestuosidad del desierto del S\u00e1hara. Situadas frente al Atl\u00e1ntico, brindan un ambiente de serenidad y tranquilidad incomparables.<\/p>\n\n\n\n<p>Adem\u00e1s de su belleza esc\u00e9nica, la <strong>Reserva Natural Especial de las Dunas de Maspalomas <\/strong>alberga una biodiversidad fascinante. En este paisaje des\u00e9rtico, podemos encontrar una variedad de insectos y reptiles que son propios de climas c\u00e1lidos y h\u00famedos, como el lagarto gigante de Gran Canaria.<\/p>\n\n\n\n<p>Para pasar la noche y completar el D\u00eda del Medioambiente, te recomendamos la <a href=\"\/casa-rural\/las-palmas\/finca-casa-de-la-virgen\">Finca Casa de la Virgen<\/a>. Se encuentra a 1 hora en coche de las dunas y dispone de 2 alojamientos que se alquilan de forma independiente. El Pajar de La Virgen es para 4 personas y la Casa de La Virgen es para 6 personas, todo ello acompa\u00f1ado de un paisaje impresionante.<\/p>\n\n\n\n<div class=\"wp-block-buttons is-layout-flex wp-block-buttons-is-layout-flex\">\n<div class=\"wp-block-button\"><a class=\"wp-block-button__link wp-element-button\" href=\"\/casa-rural\/las-palmas\/finca-casa-de-la-virgen\" target=\"_blank\" rel=\"noreferrer noopener\">Reservar<\/a><\/div>\n<\/div>\n\n\n\n<h2 class=\"wp-block-heading\" id=\"h-laguna-rosa-de-la-mata-y-torrevieja-alicante-un-lago-rosa-precioso\">Laguna rosa de La Mata y Torrevieja (<a href=\"\/casas-rurales\/alicante\" target=\"_blank\" rel=\"noreferrer noopener\">Alicante<\/a>), un lago rosa precioso<\/h2>\n\n\n\n<figure class=\"wp-block-image size-full\"><img decoding=\"async\" src=\"https:\/\/www.escapadarural.com\/blog\/wp-content\/uploads\/2024\/10\/AdobeStock_366022505.webp\" alt=\"lago de sal rosa de las salinas de Torrevieja\" class=\"wp-image-76938\"\/><figcaption class=\"wp-element-caption\">Por: Helena GARCIA<\/figcaption><\/figure>\n\n\n\n<p><strong>La laguna de La Mata y Torrevieja <\/strong>destaca como uno de los lugares naturales m\u00e1s alucinantes de Espa\u00f1a. Su singularidad radica en su alta concentraci\u00f3n de sal, albergando cerca de 350 gramos por litro de agua. Esto crea un entorno \u00fanico donde la vegetaci\u00f3n apenas puede sobrevivir.<\/p>\n\n\n\n<p>Este fen\u00f3meno ha llevado a que algunos lo denominen como el \u201cMar Muerto valenciano\u201d. El peculiar color rosado de sus aguas se debe a la <strong>presencia de una bacteria<\/strong> que produce un pigmento en respuesta a la salinidad. No obstante, esta laguna es mucho m\u00e1s que un espect\u00e1culo visual. Es un ecosistema fascinante que alberga una biodiversidad adaptada a condiciones extremas, brindando un escenario impresionante que invita a la reflexi\u00f3n sobre la fuerza y la belleza de la naturaleza.<\/p>\n\n\n\n<p>Para descansar, te recomendamos<strong> <\/strong><a href=\"\/casa-rural\/alicante\/casa-naranja---la-carrasca\">La Carrasc<\/a><strong>a<\/strong>. Esta casa rural se encuentra en Catral, un pueblo a tan solo 25 minutos en coche de la laguna. Fue rehabilitada en 2005 y dispone de todas las comodidades modernas.<\/p>\n\n\n\n<div class=\"wp-block-buttons is-layout-flex wp-block-buttons-is-layout-flex\">\n<div class=\"wp-block-button\"><a class=\"wp-block-button__link wp-element-button\" href=\"\/casa-rural\/alicante\/casa-naranja---la-carrasca\" target=\"_blank\" rel=\"noreferrer noopener\">Reservar<\/a><\/div>\n<\/div>\n\n\n\n<h2 class=\"wp-block-heading\" id=\"h-el-nacimiento-del-rio-cuervo-un-espectaculo-de-la-naturaleza\">El Nacimiento del R\u00edo Cuervo, un espect\u00e1culo de la naturaleza<\/h2>\n\n\n\n<figure class=\"wp-block-image size-large\"><img decoding=\"async\" src=\"https:\/\/www.escapadarural.com\/blog\/wp-content\/uploads\/2024\/10\/nacimiento-cuervo-1024x647-1.jpg\" alt=\"Destinos rurales que visitar: Nacimiento del r\u00edo Cuervo\" class=\"wp-image-64565\"\/><figcaption class=\"wp-element-caption\">Nacimiento del r\u00edo Cuervo. Por drakis<\/figcaption><\/figure>\n\n\n\n<p><strong>El nacimiento del r\u00edo Cuervo<\/strong>, situado en la serran\u00eda de Cuenca, es uno de los destinos rurales que m\u00e1s impresiona por su belleza \u00fanica. El r\u00edo surge de una red de manantiales que forman un laberinto de hilos de agua, creando una vista espectacular mientras se filtran entre el musgo. Es accesible desde Vega del Codorno y el sendero que acompa\u00f1a al r\u00edo ofrece m\u00faltiples miradores para contemplar este paisaje excepcional en toda su grandeza.<\/p>\n\n\n\n<p>Para iniciar esta aventura, te recomendamos descansar en <a href=\"\/casa-rural\/cuenca\/la-casa-de-la-herreria\">La Casa de la Herrer\u00eda<\/a>, en la propia aldea de Vega del Codorno. Esta casa rural es una nueva construcci\u00f3n que respeta el estilo arquitect\u00f3nico local. Con 4 habitaciones dobles, cada una con ba\u00f1o, es accesible para personas con discapacidad. Adem\u00e1s, dispone de un sal\u00f3n comedor con chimenea, biblioteca y ventanas amplias para disfrutar de las vistas al valle del r\u00edo Cuervo.<\/p>\n\n\n\n<div class=\"wp-block-buttons is-layout-flex wp-block-buttons-is-layout-flex\">\n<div class=\"wp-block-button\"><a class=\"wp-block-button__link wp-element-button\" href=\"\/casa-rural\/cuenca\/la-casa-de-la-herreria\" target=\"_blank\" rel=\"noreferrer noopener\">Reservar<\/a><\/div>\n<\/div>\n\n\n\n<h2 class=\"wp-block-heading\" id=\"h-riu-de-la-canaleta-tarragona-un-espacio-natural-ideal-para-un-bano\">Riu de la Canaleta (<a href=\"\/casas-rurales\/tarragona\" target=\"_blank\" rel=\"noreferrer noopener\">Tarragona<\/a>), un espacio natural ideal para un ba\u00f1o<\/h2>\n\n\n\n<figure class=\"wp-block-image size-full\"><img loading=\"lazy\" decoding=\"async\" width=\"1024\" height=\"768\" src=\"https:\/\/www.escapadarural.com\/blog\/wp-content\/uploads\/2024\/10\/AdobeStock_451764504.webp\" alt=\"D\u00eda del Medioambiente: Riu de la Canaleta\" class=\"wp-image-76943\"\/><figcaption class=\"wp-element-caption\">Por: Miky Munilla<\/figcaption><\/figure>\n\n\n\n<p><strong>El <em>riu de la Canaleta<\/em> <\/strong>ofrece un paisaje impresionante con estrechos y piscinas naturales, conocido como el balneario de la Fontcalda. Su agua minero-medicinal a 28 \u00b0C, proveniente de la Font dels Xorros, hace que sea una estampa ideal para el ba\u00f1o. Es un paraje natural que se encuentra rodeado de tranquilidad, albergando un santuario trinitario del siglo XIV y un balneario del siglo XIX. Adem\u00e1s, la V\u00eda Verde de la Terra Alta se encuentra en las cercan\u00edas, as\u00ed que se puede combinar con excursiones a pie o en bicicleta.<\/p>\n\n\n\n<p>Para recuperar energ\u00edas, te aconsejamos hospedarte en <a href=\"\/casa-rural\/tarragona\/ca-lazaro\">Ca L\u00e1zaro<\/a>, en Bot. Se encuentra a tan solo 25 minutos en coche y es una casa tradicional con capacidad para 5 personas. Construida en el siglo XIX (y reformada en 2005), conserva su estructura original. Es una apuesta familiar por el turismo rural, ofreciendo una experiencia aut\u00e9ntica y respetuosa con el entorno.<\/p>\n\n\n\n<div class=\"wp-block-buttons is-layout-flex wp-block-buttons-is-layout-flex\">\n<div class=\"wp-block-button\"><a class=\"wp-block-button__link wp-element-button\" href=\"\/casa-rural\/tarragona\/ca-lazaro\" target=\"_blank\" rel=\"noreferrer noopener\">Reservar<\/a><\/div>\n<\/div>\n\n\n\n<h2 class=\"wp-block-heading\" id=\"h-la-gruta-de-las-maravillas-huelva-una-maravilla-de-la-naturaleza\">La Gruta de las Maravillas (<a href=\"\/casas-rurales\/huelva\" target=\"_blank\" rel=\"noreferrer noopener\">Huelva<\/a>), una maravilla de la naturaleza<\/h2>\n\n\n\n<figure class=\"wp-block-image size-large\"><img decoding=\"async\" src=\"https:\/\/www.escapadarural.com\/blog\/wp-content\/uploads\/2024\/10\/gruta-de-las-maravillas-1-1024x718-2.jpg\" alt=\"Paisajes de Espa\u00f1a: Gruta de las Maravillas\" class=\"wp-image-58850\"\/><figcaption class=\"wp-element-caption\">Gruta de las Maravillas. Por: makasana photo<\/figcaption><\/figure>\n\n\n\n<p><strong>La Gruta de las Maravillas en Aracena<\/strong> es una impresionante cueva descubierta en el siglo XIX. Su recorrido circular de 45 minutos te lleva a trav\u00e9s de diversas salas con formaciones y lagos de colores \u00fanicos. Cada sala es una maravilla que vale la pena descubrir, siendo uno de los destinos rurales mejor escondidos de Espa\u00f1a.<\/p>\n\n\n\n<p>Para pasar la noche en un pueblo estrat\u00e9gico, te recomendamos la casa rural <a href=\"\/casa-rural\/huelva\/casa-rural-la-tortuga\">La Tortuga<\/a>, a tan solo 15 minutos en coche de la gruta. Cuenta con 6 habitaciones en total y dispone de todo lo necesario para sentirte c\u00f3modo. Es m\u00e1s, tiene zona para barbacoa, terraza con p\u00e9rgola y zona deportiva.<\/p>\n\n\n\n<div class=\"wp-block-buttons is-layout-flex wp-block-buttons-is-layout-flex\">\n<div class=\"wp-block-button\"><a class=\"wp-block-button__link wp-element-button\" href=\"\/casa-rural\/huelva\/casa-rural-la-tortuga\" target=\"_blank\" rel=\"noreferrer noopener\">Reservar<\/a><\/div>\n<\/div>\n\n\n\n<h2 class=\"wp-block-heading\" id=\"h-la-muralla-china-de-finestres-huesca-un-escenario-de-pelicula\">La Muralla China de Finestres (<a href=\"\/casas-rurales\/huesca\" target=\"_blank\" rel=\"noreferrer noopener\">Huesca<\/a>), un escenario de pel\u00edcula<\/h2>\n\n\n\n<figure class=\"wp-block-image size-large\"><img decoding=\"async\" src=\"https:\/\/www.escapadarural.com\/blog\/wp-content\/uploads\/2024\/10\/AdobeStock_186369715-1024x439-1.jpeg\" alt=\"Muralla de Finestres\" class=\"wp-image-28616\"\/><figcaption class=\"wp-element-caption\">D\u00eda del medioambiente. Por Santi Rodr\u00edguez<\/figcaption><\/figure>\n\n\n\n<p><strong>La Muralla China de Finestres <\/strong>es un lugar natural impresionante y poco conocido. Se compone de altas rocas de caliza que forman una muralla natural, separando el monte del Embalse de Canelles. A diferencia de la Gran Muralla China, esta maravilla es puramente obra de la naturaleza, lo que la hace a\u00fan m\u00e1s sorprendente. Su belleza y singularidad la convierten en uno de los lugares m\u00e1s impresionantes de Espa\u00f1a. No te olvides de llevar la c\u00e1mara porque \u00a1merece ser subido a Instagram!<\/p>\n\n\n\n<p>Para disfrutar del anochecer, te aconsejamos <a href=\"\/casa-rural\/huesca\/alins-casa-rural\">Alins Casa Rural<\/a>. Se encuentra en el pueblo de Alins, a 1 hora en coche de la muralla. Se encuentra entre vi\u00f1edos y campos de cultivo, fusionando comodidades modernas con la est\u00e9tica tradicional.<\/p>\n\n\n\n<div class=\"wp-block-buttons is-layout-flex wp-block-buttons-is-layout-flex\">\n<div class=\"wp-block-button\"><a class=\"wp-block-button__link wp-element-button\" href=\"\/casa-rural\/huesca\/alins-casa-rural\" target=\"_blank\" rel=\"noreferrer noopener\">Reservar<\/a><\/div>\n<\/div>\n\n\n\n<h2 class=\"wp-block-heading\" id=\"h-playa-de-gulpiyuri-asturias-la-playa-mas-pequena-del-mundo\">Playa de Gulpiyuri (<a href=\"\/casas-rurales\/asturias\" target=\"_blank\" rel=\"noreferrer noopener\">Asturias<\/a>), la playa m\u00e1s peque\u00f1a del mundo<\/h2>\n\n\n\n<figure class=\"wp-block-image size-large\"><img decoding=\"async\" src=\"https:\/\/www.escapadarural.com\/blog\/wp-content\/uploads\/2024\/10\/gulpiyuri-2-1024x683-2.jpg\" alt=\"Qu\u00e9 hacer en verano en Asturias: visitar la playa de Gulpiyuri\" class=\"wp-image-68549\"\/><figcaption class=\"wp-element-caption\">Gulpiyuri. Por Dartagnan1980<\/figcaption><\/figure>\n\n\n\n<p><strong>La playa de Gulpiyuri <\/strong>en Asturias es impresionante por ser una playa de interior \u00fanica, sin salida al mar directa. El agua del Cant\u00e1brico se filtra entre los acantilados, creando una costa de 40 metros de arena blanca y agua cristalina. Para poder llegar hasta ella, un camino serpentea los campos, consiguiendo que la llegada sea a\u00fan m\u00e1s sorprendente.<\/p>\n\n\n\n<p>Para completar el itinerario como se merece, te recomendamos alojarte en <a href=\"\/casa-rural\/asturias\/casa-grau-1\">Casa Grau<\/a>. Se encuentra en Llanes, a tan solo 5 minutos del centro. Esta casa se encuentra rodeada de playas, calas, bosques y sendas. Con capacidad para 6 personas, cuenta con 3 habitaciones dobles, 2 ba\u00f1os, amplio sal\u00f3n comedor con chimenea, cocina, porche con una amplia mesa y barbacoa y jard\u00edn.<\/p>\n\n\n\n<div class=\"wp-block-buttons is-layout-flex wp-block-buttons-is-layout-flex\">\n<div class=\"wp-block-button\"><a class=\"wp-block-button__link wp-element-button\" href=\"\/casa-rural\/asturias\/casa-grau-1\" target=\"_blank\" rel=\"noreferrer noopener\">Reservar<\/a><\/div>\n<\/div>\n\n\n\n<h2 class=\"wp-block-heading\" id=\"h-barrancas-de-burujon-toledo-un-paisaje-fuera-de-lo-habitual\">Barrancas de Buruj\u00f3n (<a href=\"\/casas-rurales\/toledo\" target=\"_blank\" rel=\"noreferrer noopener\">Toledo<\/a>), un paisaje fuera de lo habitual<\/h2>\n\n\n\n<figure class=\"wp-block-image size-large\"><img decoding=\"async\" src=\"https:\/\/www.escapadarural.com\/blog\/wp-content\/uploads\/2024\/10\/barrancas-4832627_1920-1024x683-1.jpg\" alt=\"Barrancas de Buruj\u00f3n\" class=\"wp-image-40758\"\/><figcaption class=\"wp-element-caption\">D\u00eda del Medioambiente. Fuente: pixabay.com<\/figcaption><\/figure>\n\n\n\n<p><strong>Las Barrancas de Buruj\u00f3n <\/strong>destacan por su espectacular paisaje, formado por el embalse de Castrej\u00f3n y c\u00e1rcavas arcillosas de tonos rojizos. Se encuentra entre Albarreal de Tajo, Buruj\u00f3n y La Puebla de Montalb\u00e1n, siendo unas formaciones naturales que crean un entorno \u00fanico e impresionante en la regi\u00f3n. Sin duda, es un paraje natural digno de fotografiar.<\/p>\n\n\n\n<p>Al anochecer, te recomendamos<strong> <\/strong><a href=\"\/casa-rural\/toledo\/el-rincon-de-burujon\">El Rinc\u00f3n de Buruj\u00f3n<\/a>, en el propio pueblo. Dispone de un jacuzzi \u00fanico, barbacoa y sol\u00e1rium, por lo que es ideal para disfrutar en pareja, con familiares o amigos. Est\u00e1 totalmente equipada y cuenta con privacidad total, garantizando una experiencia exclusiva.<\/p>\n\n\n\n<div class=\"wp-block-buttons is-layout-flex wp-block-buttons-is-layout-flex\">\n<div class=\"wp-block-button\"><a class=\"wp-block-button__link wp-element-button\" href=\"\/casa-rural\/toledo\/el-rincon-de-burujon\" target=\"_blank\" rel=\"noreferrer noopener\">Reservar<\/a><\/div>\n<\/div>\n\n\n\n<h2 class=\"wp-block-heading\" id=\"h-fuente-de-cantabria-y-su-mirador-en-teleferico\">Fuente D\u00e9 (<a href=\"\/casas-rurales\/cantabria\" target=\"_blank\" rel=\"noreferrer noopener\">Cantabria<\/a>) y su mirador en telef\u00e9rico<\/h2>\n\n\n\n<figure class=\"wp-block-image size-full\"><img decoding=\"async\" src=\"https:\/\/www.escapadarural.com\/blog\/wp-content\/uploads\/2024\/10\/AdobeStock_381961929.webp\" alt=\"Telef\u00e9rico de Fuente D\u00e9, Cantabria. D\u00eda del Medioambiente\" class=\"wp-image-76944\"\/><figcaption class=\"wp-element-caption\">D\u00eda del Medioambiente. Por: Luis GA<\/figcaption><\/figure>\n\n\n\n<p><strong>Fuente D\u00e9 <\/strong>es un parador en Cantabria perfecto para pasar el D\u00eda del Medioambiente. Es famoso por su telef\u00e9rico que lleva al Mirador del Cable, ofreciendo vistas impresionantes de los Picos de Europa. Es el punto de partida de diversos senderos y ofrece una experiencia \u00fanica con un desnivel de 753 metros.<\/p>\n\n\n\n<p>Para recuperar energ\u00edas, te recomendamos <a href=\"\/casa-rural\/cantabria\/casa-el-agero\">Casa El Agero<\/a>, en Potes. Se encuentra a tan solo 25 minutos en coche y tiene una capacidad para 15 personas. Cuenta con varias habitaciones (todas con ba\u00f1o), televisi\u00f3n, wifi y calefacci\u00f3n. Adem\u00e1s, ofrece una cocina americana completamente equipada, incluyendo lavavajillas, lavadora y horno. Cuenta con una terraza que est\u00e1 ubicada en un entorno ideal para disfrutar de la naturaleza y la tranquilidad.<\/p>\n\n\n\n<div class=\"wp-block-buttons is-layout-flex wp-block-buttons-is-layout-flex\">\n<div class=\"wp-block-button\"><a class=\"wp-block-button__link wp-element-button\" href=\"\/casa-rural\/cantabria\/casa-el-agero\" target=\"_blank\" rel=\"noreferrer noopener\">Reservar<\/a><\/div>\n<\/div>\n\n\n\n<h2 class=\"wp-block-heading\" id=\"h-el-meandro-del-melero-salamanca-ideal-para-visitar-en-el-dia-del-medioambiente\">El meandro del Melero (<a href=\"\/casas-rurales\/salamanca\" target=\"_blank\" rel=\"noreferrer noopener\">Salamanca<\/a>), ideal para visitar en el D\u00eda del Medioambiente<\/h2>\n\n\n\n<figure class=\"wp-block-image size-large\"><img decoding=\"async\" src=\"https:\/\/www.escapadarural.com\/blog\/wp-content\/uploads\/2024\/10\/A_MEANDRO_MELERO_07-1024x682-1.jpg\" alt=\"Meandro del Melero, Las Hurdes\" class=\"wp-image-63350\"\/><figcaption class=\"wp-element-caption\">D\u00eda del Medioambiente. Por: \u00a9 Turismo de Extremadura<\/figcaption><\/figure>\n\n\n\n<p><strong>El Meandro del Melero <\/strong>es uno de los destinos rurales m\u00e1s bonitos de Espa\u00f1a, donde el r\u00edo Alag\u00f3n rodea la Isla de Romerosa en una curva impresionante. El mirador de La Antigua es la mejor opci\u00f3n para observar este fen\u00f3meno natural que simula una serpiente gigante acu\u00e1tica. Te recomendamos ir al atardecer, ya que el ambiente es m\u00e1gico.<\/p>\n\n\n\n<p>Cuando llega la noche, te aconsejamos descansar en <a href=\"\/casa-rural\/caceres\/sabores-hurdanos\">Sabores Hurdanos<\/a>. Se encuentra en las Mestas, a 15 minutos en coche del Meandro. Dispone de dos apartamentos, ofreciendo lo mejor de la arquitectura tradicional con todas las comodidades modernas. Cada apartamento cuenta con sal\u00f3n-cocina-comedor, habitaci\u00f3n doble, ba\u00f1o y chimenea. Tambi\u00e9n disponen de aire acondicionado, calefacci\u00f3n, lavavajillas, lavadora y todo lo que puedas necesitar para una estancia confortable.<\/p>\n\n\n\n<div class=\"wp-block-buttons is-layout-flex wp-block-buttons-is-layout-flex\">\n<div class=\"wp-block-button\"><a class=\"wp-block-button__link wp-element-button\" href=\"\/casa-rural\/caceres\/sabores-hurdanos\" target=\"_blank\" rel=\"noreferrer noopener\">Reservar<\/a><\/div>\n<\/div>\n","protected":false},"excerpt":{"rendered":"<p>Para celebrar el D\u00eda del Medioambiente te recomendamos 10 destinos rurales espectaculares que visitar este a\u00f1o. \u00bfVienes?<\/p>\n","protected":false},"author":85,"featured_media":63350,"comment_status":"open","ping_status":"open","sticky":false,"template":"","format":"standard","meta":{"_acf_changed":false,"om_disable_all_campaigns":false,"footnotes":""},"categories":[191],"tags":[260,473,474,215,274],"class_list":["post-76936","post","type-post","status-publish","format-standard","has-post-thumbnail","hentry","category-destinos","tag-articulo","tag-destinos-rurales","tag-dia-del-medioambiente","tag-listado","tag-turismo-rural"],"acf":[],"featured_image_src":"https:\/\/www.escapadarural.com\/blog\/wp-content\/uploads\/2023\/06\/A_MEANDRO_MELERO_07.jpg","author_info":{"display_name":"Redacci\u00f3n ER","author_link":"https:\/\/www.escapadarural.com\/blog\/autor\/admin\/"},"yoast_head":"<!-- This site is optimized with the Yoast SEO plugin v27.2 - https:\/\/yoast.com\/product\/yoast-seo-wordpress\/ -->\n<title>10 destinos rurales para celebrar el D\u00eda del Medioambiente - EscapadaRural<\/title>\n<meta name=\"robots\" content=\"index, follow, max-snippet:-1, max-image-preview:large, max-video-preview:-1\" \/>\n<link rel=\"canonical\" href=\"https:\/\/www.escapadarural.com\/blog\/dia-del-medioambiente-destinos\/\" \/>\n<meta property=\"og:locale\" content=\"es_ES\" \/>\n<meta property=\"og:type\" content=\"article\" \/>\n<meta property=\"og:title\" content=\"10 destinos rurales para celebrar el D\u00eda del Medioambiente - EscapadaRural\" \/>\n<meta property=\"og:description\" content=\"Para celebrar el D\u00eda del Medioambiente te recomendamos 10 destinos rurales espectaculares que visitar este a\u00f1o. \u00bfVienes?\" \/>\n<meta property=\"og:url\" content=\"https:\/\/www.escapadarural.com\/blog\/dia-del-medioambiente-destinos\/\" \/>\n<meta property=\"og:site_name\" content=\"Magazine de viajes de EscapadaRural\" \/>\n<meta property=\"article:publisher\" content=\"https:\/\/www.facebook.com\/escapadarural\" \/>\n<meta property=\"article:published_time\" content=\"2024-06-03T05:52:00+00:00\" \/>\n<meta property=\"article:modified_time\" content=\"2025-05-28T10:51:52+00:00\" \/>\n<meta property=\"og:image\" content=\"https:\/\/www.escapadarural.com\/blog\/wp-content\/uploads\/2023\/06\/A_MEANDRO_MELERO_07.jpg\" \/>\n\t<meta property=\"og:image:width\" content=\"1280\" \/>\n\t<meta property=\"og:image:height\" content=\"853\" \/>\n\t<meta property=\"og:image:type\" content=\"image\/jpeg\" \/>\n<meta name=\"author\" content=\"Redacci\u00f3n ER\" \/>\n<meta name=\"twitter:card\" content=\"summary_large_image\" \/>\n<meta name=\"twitter:label1\" content=\"Escrito por\" \/>\n\t<meta name=\"twitter:data1\" content=\"Redacci\u00f3n ER\" \/>\n\t<meta name=\"twitter:label2\" content=\"Tiempo de lectura\" \/>\n\t<meta name=\"twitter:data2\" content=\"8 minutos\" \/>\n<script type=\"application\/ld+json\" class=\"yoast-schema-graph\">{\"@context\":\"https:\/\/schema.org\",\"@graph\":[{\"@type\":\"Article\",\"@id\":\"https:\/\/www.escapadarural.com\/blog\/dia-del-medioambiente-destinos\/#article\",\"isPartOf\":{\"@id\":\"https:\/\/www.escapadarural.com\/blog\/dia-del-medioambiente-destinos\/\"},\"author\":{\"name\":\"Redacci\u00f3n ER\",\"@id\":\"https:\/\/www.escapadarural.com\/blog\/#\/schema\/person\/bd5b0d7ad308a0bf4efed73e8308b4fa\"},\"headline\":\"10 destinos rurales para celebrar el D\u00eda del Medioambiente\",\"datePublished\":\"2024-06-03T05:52:00+00:00\",\"dateModified\":\"2025-05-28T10:51:52+00:00\",\"mainEntityOfPage\":{\"@id\":\"https:\/\/www.escapadarural.com\/blog\/dia-del-medioambiente-destinos\/\"},\"wordCount\":1633,\"commentCount\":0,\"publisher\":{\"@id\":\"https:\/\/www.escapadarural.com\/blog\/#organization\"},\"image\":{\"@id\":\"https:\/\/www.escapadarural.com\/blog\/dia-del-medioambiente-destinos\/#primaryimage\"},\"thumbnailUrl\":\"https:\/\/www.escapadarural.com\/blog\/wp-content\/uploads\/2023\/06\/A_MEANDRO_MELERO_07.jpg\",\"keywords\":[\"art\u00edculo\",\"destinos rurales\",\"D\u00eda del Medioambiente\",\"Listado\",\"turismo rural\"],\"articleSection\":[\"Destinos\"],\"inLanguage\":\"es\",\"potentialAction\":[{\"@type\":\"CommentAction\",\"name\":\"Comment\",\"target\":[\"https:\/\/www.escapadarural.com\/blog\/dia-del-medioambiente-destinos\/#respond\"]}]},{\"@type\":\"WebPage\",\"@id\":\"https:\/\/www.escapadarural.com\/blog\/dia-del-medioambiente-destinos\/\",\"url\":\"https:\/\/www.escapadarural.com\/blog\/dia-del-medioambiente-destinos\/\",\"name\":\"10 destinos rurales para celebrar el D\u00eda del Medioambiente - EscapadaRural\",\"isPartOf\":{\"@id\":\"https:\/\/www.escapadarural.com\/blog\/#website\"},\"primaryImageOfPage\":{\"@id\":\"https:\/\/www.escapadarural.com\/blog\/dia-del-medioambiente-destinos\/#primaryimage\"},\"image\":{\"@id\":\"https:\/\/www.escapadarural.com\/blog\/dia-del-medioambiente-destinos\/#primaryimage\"},\"thumbnailUrl\":\"https:\/\/www.escapadarural.com\/blog\/wp-content\/uploads\/2023\/06\/A_MEANDRO_MELERO_07.jpg\",\"datePublished\":\"2024-06-03T05:52:00+00:00\",\"dateModified\":\"2025-05-28T10:51:52+00:00\",\"breadcrumb\":{\"@id\":\"https:\/\/www.escapadarural.com\/blog\/dia-del-medioambiente-destinos\/#breadcrumb\"},\"inLanguage\":\"es\",\"potentialAction\":[{\"@type\":\"ReadAction\",\"target\":[\"https:\/\/www.escapadarural.com\/blog\/dia-del-medioambiente-destinos\/\"]}]},{\"@type\":\"ImageObject\",\"inLanguage\":\"es\",\"@id\":\"https:\/\/www.escapadarural.com\/blog\/dia-del-medioambiente-destinos\/#primaryimage\",\"url\":\"https:\/\/www.escapadarural.com\/blog\/wp-content\/uploads\/2023\/06\/A_MEANDRO_MELERO_07.jpg\",\"contentUrl\":\"https:\/\/www.escapadarural.com\/blog\/wp-content\/uploads\/2023\/06\/A_MEANDRO_MELERO_07.jpg\",\"width\":1280,\"height\":853,\"caption\":\"Por: \u00a9 Turismo de Extremadura\"},{\"@type\":\"BreadcrumbList\",\"@id\":\"https:\/\/www.escapadarural.com\/blog\/dia-del-medioambiente-destinos\/#breadcrumb\",\"itemListElement\":[{\"@type\":\"ListItem\",\"position\":1,\"name\":\"Inicio\",\"item\":\"https:\/\/www.escapadarural.com\/blog\/\"},{\"@type\":\"ListItem\",\"position\":2,\"name\":\"Destinos\",\"item\":\"https:\/\/www.escapadarural.com\/blog\/categoria\/destinos\/\"},{\"@type\":\"ListItem\",\"position\":3,\"name\":\"10 destinos rurales para celebrar el D\u00eda del Medioambiente\"}]},{\"@type\":\"WebSite\",\"@id\":\"https:\/\/www.escapadarural.com\/blog\/#website\",\"url\":\"https:\/\/www.escapadarural.com\/blog\/\",\"name\":\"Blog de viajes | turismo rural, alojamientos e inspiraci\u00f3n\",\"description\":\"Alojamientos rurales e inspiraci\u00f3n para tus escapadas\",\"publisher\":{\"@id\":\"https:\/\/www.escapadarural.com\/blog\/#organization\"},\"alternateName\":\"Magazine de viajes de EscapadaRural\",\"potentialAction\":[{\"@type\":\"SearchAction\",\"target\":{\"@type\":\"EntryPoint\",\"urlTemplate\":\"https:\/\/www.escapadarural.com\/blog\/?s={search_term_string}\"},\"query-input\":{\"@type\":\"PropertyValueSpecification\",\"valueRequired\":true,\"valueName\":\"search_term_string\"}}],\"inLanguage\":\"es\"},{\"@type\":\"Organization\",\"@id\":\"https:\/\/www.escapadarural.com\/blog\/#organization\",\"name\":\"EscapadaRural\",\"url\":\"https:\/\/www.escapadarural.com\/blog\/\",\"logo\":{\"@type\":\"ImageObject\",\"inLanguage\":\"es\",\"@id\":\"https:\/\/www.escapadarural.com\/blog\/#\/schema\/logo\/image\/\",\"url\":\"https:\/\/www.escapadarural.com\/blog\/wp-content\/uploads\/2024\/10\/cropped-cropped-escapada-rural-icon-mag-3.png\",\"contentUrl\":\"https:\/\/www.escapadarural.com\/blog\/wp-content\/uploads\/2024\/10\/cropped-cropped-escapada-rural-icon-mag-3.png\",\"width\":512,\"height\":512,\"caption\":\"EscapadaRural\"},\"image\":{\"@id\":\"https:\/\/www.escapadarural.com\/blog\/#\/schema\/logo\/image\/\"},\"sameAs\":[\"https:\/\/www.facebook.com\/escapadarural\",\"https:\/\/www.instagram.com\/escapadarural\/\",\"https:\/\/www.youtube.com\/@escapadaruralcom\"]},{\"@type\":\"Person\",\"@id\":\"https:\/\/www.escapadarural.com\/blog\/#\/schema\/person\/bd5b0d7ad308a0bf4efed73e8308b4fa\",\"name\":\"Redacci\u00f3n ER\",\"image\":{\"@type\":\"ImageObject\",\"inLanguage\":\"es\",\"@id\":\"https:\/\/www.escapadarural.com\/blog\/wp-content\/uploads\/2024\/10\/cropped-cropped-escapada-rural-icon-mag-3-96x96.png\",\"url\":\"https:\/\/www.escapadarural.com\/blog\/wp-content\/uploads\/2024\/10\/cropped-cropped-escapada-rural-icon-mag-3-96x96.png\",\"contentUrl\":\"https:\/\/www.escapadarural.com\/blog\/wp-content\/uploads\/2024\/10\/cropped-cropped-escapada-rural-icon-mag-3-96x96.png\",\"caption\":\"Redacci\u00f3n ER\"},\"description\":\"Nos encanta inspirar a viajeros y ayudar a los propietarios con nuestros contenidos\",\"url\":\"https:\/\/www.escapadarural.com\/blog\/autor\/admin\/\"}]}<\/script>\n<!-- \/ Yoast SEO plugin. -->","yoast_head_json":{"title":"10 destinos rurales para celebrar el D\u00eda del Medioambiente - EscapadaRural","robots":{"index":"index","follow":"follow","max-snippet":"max-snippet:-1","max-image-preview":"max-image-preview:large","max-video-preview":"max-video-preview:-1"},"canonical":"https:\/\/www.escapadarural.com\/blog\/dia-del-medioambiente-destinos\/","og_locale":"es_ES","og_type":"article","og_title":"10 destinos rurales para celebrar el D\u00eda del Medioambiente - EscapadaRural","og_description":"Para celebrar el D\u00eda del Medioambiente te recomendamos 10 destinos rurales espectaculares que visitar este a\u00f1o. \u00bfVienes?","og_url":"https:\/\/www.escapadarural.com\/blog\/dia-del-medioambiente-destinos\/","og_site_name":"Magazine de viajes de EscapadaRural","article_publisher":"https:\/\/www.facebook.com\/escapadarural","article_published_time":"2024-06-03T05:52:00+00:00","article_modified_time":"2025-05-28T10:51:52+00:00","og_image":[{"width":1280,"height":853,"url":"https:\/\/www.escapadarural.com\/blog\/wp-content\/uploads\/2023\/06\/A_MEANDRO_MELERO_07.jpg","type":"image\/jpeg"}],"author":"Redacci\u00f3n ER","twitter_card":"summary_large_image","twitter_misc":{"Escrito por":"Redacci\u00f3n ER","Tiempo de lectura":"8 minutos"},"schema":{"@context":"https:\/\/schema.org","@graph":[{"@type":"Article","@id":"https:\/\/www.escapadarural.com\/blog\/dia-del-medioambiente-destinos\/#article","isPartOf":{"@id":"https:\/\/www.escapadarural.com\/blog\/dia-del-medioambiente-destinos\/"},"author":{"name":"Redacci\u00f3n ER","@id":"https:\/\/www.escapadarural.com\/blog\/#\/schema\/person\/bd5b0d7ad308a0bf4efed73e8308b4fa"},"headline":"10 destinos rurales para celebrar el D\u00eda del Medioambiente","datePublished":"2024-06-03T05:52:00+00:00","dateModified":"2025-05-28T10:51:52+00:00","mainEntityOfPage":{"@id":"https:\/\/www.escapadarural.com\/blog\/dia-del-medioambiente-destinos\/"},"wordCount":1633,"commentCount":0,"publisher":{"@id":"https:\/\/www.escapadarural.com\/blog\/#organization"},"image":{"@id":"https:\/\/www.escapadarural.com\/blog\/dia-del-medioambiente-destinos\/#primaryimage"},"thumbnailUrl":"https:\/\/www.escapadarural.com\/blog\/wp-content\/uploads\/2023\/06\/A_MEANDRO_MELERO_07.jpg","keywords":["art\u00edculo","destinos rurales","D\u00eda del Medioambiente","Listado","turismo rural"],"articleSection":["Destinos"],"inLanguage":"es","potentialAction":[{"@type":"CommentAction","name":"Comment","target":["https:\/\/www.escapadarural.com\/blog\/dia-del-medioambiente-destinos\/#respond"]}]},{"@type":"WebPage","@id":"https:\/\/www.escapadarural.com\/blog\/dia-del-medioambiente-destinos\/","url":"https:\/\/www.escapadarural.com\/blog\/dia-del-medioambiente-destinos\/","name":"10 destinos rurales para celebrar el D\u00eda del Medioambiente - EscapadaRural","isPartOf":{"@id":"https:\/\/www.escapadarural.com\/blog\/#website"},"primaryImageOfPage":{"@id":"https:\/\/www.escapadarural.com\/blog\/dia-del-medioambiente-destinos\/#primaryimage"},"image":{"@id":"https:\/\/www.escapadarural.com\/blog\/dia-del-medioambiente-destinos\/#primaryimage"},"thumbnailUrl":"https:\/\/www.escapadarural.com\/blog\/wp-content\/uploads\/2023\/06\/A_MEANDRO_MELERO_07.jpg","datePublished":"2024-06-03T05:52:00+00:00","dateModified":"2025-05-28T10:51:52+00:00","breadcrumb":{"@id":"https:\/\/www.escapadarural.com\/blog\/dia-del-medioambiente-destinos\/#breadcrumb"},"inLanguage":"es","potentialAction":[{"@type":"ReadAction","target":["https:\/\/www.escapadarural.com\/blog\/dia-del-medioambiente-destinos\/"]}]},{"@type":"ImageObject","inLanguage":"es","@id":"https:\/\/www.escapadarural.com\/blog\/dia-del-medioambiente-destinos\/#primaryimage","url":"https:\/\/www.escapadarural.com\/blog\/wp-content\/uploads\/2023\/06\/A_MEANDRO_MELERO_07.jpg","contentUrl":"https:\/\/www.escapadarural.com\/blog\/wp-content\/uploads\/2023\/06\/A_MEANDRO_MELERO_07.jpg","width":1280,"height":853,"caption":"Por: \u00a9 Turismo de Extremadura"},{"@type":"BreadcrumbList","@id":"https:\/\/www.escapadarural.com\/blog\/dia-del-medioambiente-destinos\/#breadcrumb","itemListElement":[{"@type":"ListItem","position":1,"name":"Inicio","item":"https:\/\/www.escapadarural.com\/blog\/"},{"@type":"ListItem","position":2,"name":"Destinos","item":"https:\/\/www.escapadarural.com\/blog\/categoria\/destinos\/"},{"@type":"ListItem","position":3,"name":"10 destinos rurales para celebrar el D\u00eda del Medioambiente"}]},{"@type":"WebSite","@id":"https:\/\/www.escapadarural.com\/blog\/#website","url":"https:\/\/www.escapadarural.com\/blog\/","name":"Blog de viajes | turismo rural, alojamientos e inspiraci\u00f3n","description":"Alojamientos rurales e inspiraci\u00f3n para tus escapadas","publisher":{"@id":"https:\/\/www.escapadarural.com\/blog\/#organization"},"alternateName":"Magazine de viajes de EscapadaRural","potentialAction":[{"@type":"SearchAction","target":{"@type":"EntryPoint","urlTemplate":"https:\/\/www.escapadarural.com\/blog\/?s={search_term_string}"},"query-input":{"@type":"PropertyValueSpecification","valueRequired":true,"valueName":"search_term_string"}}],"inLanguage":"es"},{"@type":"Organization","@id":"https:\/\/www.escapadarural.com\/blog\/#organization","name":"EscapadaRural","url":"https:\/\/www.escapadarural.com\/blog\/","logo":{"@type":"ImageObject","inLanguage":"es","@id":"https:\/\/www.escapadarural.com\/blog\/#\/schema\/logo\/image\/","url":"https:\/\/www.escapadarural.com\/blog\/wp-content\/uploads\/2024\/10\/cropped-cropped-escapada-rural-icon-mag-3.png","contentUrl":"https:\/\/www.escapadarural.com\/blog\/wp-content\/uploads\/2024\/10\/cropped-cropped-escapada-rural-icon-mag-3.png","width":512,"height":512,"caption":"EscapadaRural"},"image":{"@id":"https:\/\/www.escapadarural.com\/blog\/#\/schema\/logo\/image\/"},"sameAs":["https:\/\/www.facebook.com\/escapadarural","https:\/\/www.instagram.com\/escapadarural\/","https:\/\/www.youtube.com\/@escapadaruralcom"]},{"@type":"Person","@id":"https:\/\/www.escapadarural.com\/blog\/#\/schema\/person\/bd5b0d7ad308a0bf4efed73e8308b4fa","name":"Redacci\u00f3n ER","image":{"@type":"ImageObject","inLanguage":"es","@id":"https:\/\/www.escapadarural.com\/blog\/wp-content\/uploads\/2024\/10\/cropped-cropped-escapada-rural-icon-mag-3-96x96.png","url":"https:\/\/www.escapadarural.com\/blog\/wp-content\/uploads\/2024\/10\/cropped-cropped-escapada-rural-icon-mag-3-96x96.png","contentUrl":"https:\/\/www.escapadarural.com\/blog\/wp-content\/uploads\/2024\/10\/cropped-cropped-escapada-rural-icon-mag-3-96x96.png","caption":"Redacci\u00f3n ER"},"description":"Nos encanta inspirar a viajeros y ayudar a los propietarios con nuestros contenidos","url":"https:\/\/www.escapadarural.com\/blog\/autor\/admin\/"}]}},"_links":{"self":[{"href":"https:\/\/www.escapadarural.com\/blog\/wp-json\/wp\/v2\/posts\/76936","targetHints":{"allow":["GET"]}}],"collection":[{"href":"https:\/\/www.escapadarural.com\/blog\/wp-json\/wp\/v2\/posts"}],"about":[{"href":"https:\/\/www.escapadarural.com\/blog\/wp-json\/wp\/v2\/types\/post"}],"author":[{"embeddable":true,"href":"https:\/\/www.escapadarural.com\/blog\/wp-json\/wp\/v2\/users\/85"}],"replies":[{"embeddable":true,"href":"https:\/\/www.escapadarural.com\/blog\/wp-json\/wp\/v2\/comments?post=76936"}],"version-history":[{"count":0,"href":"https:\/\/www.escapadarural.com\/blog\/wp-json\/wp\/v2\/posts\/76936\/revisions"}],"wp:featuredmedia":[{"embeddable":true,"href":"https:\/\/www.escapadarural.com\/blog\/wp-json\/wp\/v2\/media\/63350"}],"wp:attachment":[{"href":"https:\/\/www.escapadarural.com\/blog\/wp-json\/wp\/v2\/media?parent=76936"}],"wp:term":[{"taxonomy":"category","embeddable":true,"href":"https:\/\/www.escapadarural.com\/blog\/wp-json\/wp\/v2\/categories?post=76936"},{"taxonomy":"post_tag","embeddable":true,"href":"https:\/\/www.escapadarural.com\/blog\/wp-json\/wp\/v2\/tags?post=76936"}],"curies":[{"name":"wp","href":"https:\/\/api.w.org\/{rel}","templated":true}]}}