{"id":77770,"date":"2024-06-11T16:22:00","date_gmt":"2024-06-11T15:22:00","guid":{"rendered":"https:\/\/www.escapadarural.com\/blog\/?p=77770"},"modified":"2026-02-06T10:44:20","modified_gmt":"2026-02-06T09:44:20","slug":"imprescindibles-provincia-de-burgos","status":"publish","type":"post","link":"https:\/\/www.escapadarural.com\/blog\/imprescindibles-provincia-de-burgos\/","title":{"rendered":"Imprescindibles que ver este verano en la provincia de Burgos"},"content":{"rendered":"\n<figure class=\"wp-block-image size-full\"><a href=\"https:\/\/www.escapadarural.com\/blog\/wp-content\/uploads\/2024\/10\/AdobeStock_298854767.webp\"><img loading=\"lazy\" decoding=\"async\" width=\"1024\" height=\"768\" src=\"https:\/\/www.escapadarural.com\/blog\/wp-content\/uploads\/2024\/10\/AdobeStock_298854767.webp\" alt=\"Desfiladero de la Yecla, imprescindible de Burgos\" class=\"wp-image-91667\" srcset=\"https:\/\/www.escapadarural.com\/blog\/wp-content\/uploads\/2024\/10\/AdobeStock_298854767-200x150.webp 200w, https:\/\/www.escapadarural.com\/blog\/wp-content\/uploads\/2024\/10\/AdobeStock_298854767-300x225.webp 300w, https:\/\/www.escapadarural.com\/blog\/wp-content\/uploads\/2024\/10\/AdobeStock_298854767-400x300.webp 400w, https:\/\/www.escapadarural.com\/blog\/wp-content\/uploads\/2024\/10\/AdobeStock_298854767-600x450.webp 600w, https:\/\/www.escapadarural.com\/blog\/wp-content\/uploads\/2024\/10\/AdobeStock_298854767-768x576.webp 768w, https:\/\/www.escapadarural.com\/blog\/wp-content\/uploads\/2024\/10\/AdobeStock_298854767-800x600.webp 800w, https:\/\/www.escapadarural.com\/blog\/wp-content\/uploads\/2024\/10\/AdobeStock_298854767.webp 1024w\" sizes=\"auto, (max-width: 1024px) 100vw, 1024px\" \/><\/a><figcaption class=\"wp-element-caption\">Imprescindibles de la provincia de Burgos. Por: jcmarcos<\/figcaption><\/figure>\n\n\n\n<p>Cu\u00e1ntas veces habremos dicho eso de que conocemos destinos lejanos y ex\u00f3ticos m\u00e1s que nuestra tierra. Tendemos a pensar que, si no cogemos un avi\u00f3n a un lugar rec\u00f3ndito en la otra parte del planeta, no hemos viajado como toca este verano. Pero lo cierto es que tenemos para\u00edsos naturales mucho m\u00e1s cerca de lo que pensamos.<\/p>\n\n\n\n<p>La<strong> provincia de Burgos<\/strong> es un aut\u00e9ntico diamante en bruto que debes descubrir si te gusta el turismo rural, huir de las masificaciones y explorar rincones inolvidables.<\/p>\n\n\n\n<p>Y Burgos tiene algo que se agradece mucho en los meses de verano con el avance del cambio clim\u00e1tico: temperaturas moderadas y frescas, especialmente al anochecer. Esta provincia tiene un paisaje muy diverso, desde las monta\u00f1as de la <strong>Cordillera Cant\u00e1brica<\/strong> al norte, hasta el relieve suave de la Ribera del Ebro y los Montes del Sistema Ib\u00e9rico, los sobrecogedores ca\u00f1ones del Ebro y los valles y p\u00e1ramos de la meseta castellana.<\/p>\n\n\n\n<p>Un espect\u00e1culo natural que se complementa con un rico patrimonio art\u00edstico. Por no hablar, por supuesto, de su excelente enogastronom\u00eda.<\/p>\n\n\n\n<p>Vamos a visitar dos destinos que no pueden faltar en tu escapada de verano en Burgos: el <strong>Parque Natural de las Lagunas Glaciares de Neila<\/strong> y el <strong>Parque Natural Sabinares del Arlanza y La Yecla<\/strong>. Te explicamos por qu\u00e9 son paradas obligatorias.<\/p>\n\n\n\n<div class=\"wp-block-buttons is-layout-flex wp-block-buttons-is-layout-flex\">\n<div class=\"wp-block-button\"><a class=\"wp-block-button__link wp-element-button\" href=\"\/casas-rurales\/burgos\" target=\"_blank\" rel=\"noreferrer noopener\">Casas rurales en Burgos<\/a><\/div>\n<\/div>\n\n\n\n<h2 class=\"wp-block-heading\"><strong>Lagunas glaciares por alta monta\u00f1a<\/strong><\/h2>\n\n\n\n<figure class=\"wp-block-image size-large\"><a href=\"https:\/\/www.escapadarural.com\/blog\/wp-content\/uploads\/2024\/10\/lagunas-negra-y-larga-en-el-parque-natural-de-las-lagunas-de-neila-burgos-espana-stockpack-adobe-stock-1024x684-2.jpg\"><img decoding=\"async\" src=\"https:\/\/www.escapadarural.com\/blog\/wp-content\/uploads\/2024\/10\/lagunas-negra-y-larga-en-el-parque-natural-de-las-lagunas-de-neila-burgos-espana-stockpack-adobe-stock-1024x684-2.jpg\" alt=\"Lagunas Negra y Larga en el Parque Natural de las Lagunas de Neila, Burgos (Espa\u00f1a)\" class=\"wp-image-23897\" \/><\/a><figcaption class=\"wp-element-caption\">Lagunas Negra y Larga en el Parque Natural de las Lagunas de Neila, Burgos. Por Noradoa<\/figcaption><\/figure>\n\n\n\n<p>Para adentrarnos en el <strong>Parque Natural de las Lagunas Glaciares de Neila<\/strong> tenemos que ir al sur de la Sierra de la Demanda, enclave conocido, entre otras cosas, por haber sido escenario de parte de la m\u00edtica pel\u00edcula <em>El bueno, el feo y el malo<\/em> (\u00a1hay hasta una ruta que sigue los pasos del film!). Los accesos a este pulm\u00f3n verde de Burgos en la frontera con Soria est\u00e1n en las localidades de Neila y Quintanar de la Sierra.<\/p>\n\n\n\n<p>En este punto hallaremos un sorprendente paisaje de alta monta\u00f1a muy singular, con formaciones geol\u00f3gicas de origen glaciar. As\u00ed, es posible admirar lagunas a entre 1.700 y 1.900 metros de altitud, en medio de un circo de monta\u00f1as cuyas cimas superan los 2.000 metros. Las dos m\u00e1s impresionantes son las<strong> lagunas Negra y Larga<\/strong>, y la laguna de La Cascada es de las m\u00e1s visitadas porque es la que est\u00e1 a menor altitud. Es un para\u00edso para senderistas y escaladores.<\/p>\n\n\n\n<p>Hay varias rutas se\u00f1alizadas, como la <strong>Ruta de las Lagunas<\/strong>, una circular que las recorre todas en 8 kil\u00f3metros; no es demasiado exigente, pero no hay que olvidar que es alta monta\u00f1a. Otra, como la <strong>Ruta laguna Larga y Negra<\/strong>, es de 4 kil\u00f3metros (lineal) sin apenas desnivel y est\u00e1 recomendada para ir con ni\u00f1os peque\u00f1os. Otro paseo sencillo e ideal para familias es el m\u00e1gico <strong>Sendero de los Abuelos<\/strong>, una circular de menos de dos kil\u00f3metros que pasa por pinares con ejemplares de m\u00e1s de 450 a\u00f1os de antig\u00fcedad, m\u00e1s 20 de metros de altura y di\u00e1metros de 1,5 metros.<\/p>\n\n\n\n<figure class=\"wp-block-image size-large\"><a href=\"https:\/\/www.escapadarural.com\/blog\/wp-content\/uploads\/2024\/10\/las-calderas-1024x683-2.jpg\"><img decoding=\"async\" src=\"https:\/\/www.escapadarural.com\/blog\/wp-content\/uploads\/2024\/10\/las-calderas-1024x683-2.jpg\" alt=\"Las Calderas de Palacios\" class=\"wp-image-62092\" \/><\/a><figcaption class=\"wp-element-caption\">Las Calderas de Palacios. Por Jose Aldeguer<\/figcaption><\/figure>\n\n\n\n<p>Los que quieran algo m\u00e1s de ca\u00f1a y panor\u00e1micas inolvidables, no deben perderse la <strong>Ruta de las Calderas<\/strong>: es un recorrido lineal no marcado (imprescindible llevar <em>track<\/em>) que suma 20 kil\u00f3metros entre ida y vuelta; nos acerca a un paisaje salvaje y tiene alg\u00fan tramo un poco t\u00e9cnico, en el que hay que hacer alguna trepada, aconsejable solo para personas con experiencia en la monta\u00f1a.<\/p>\n\n\n\n<p>Adem\u00e1s, el Parque Natural de las Lagunas Glaciares de Neila y su entorno se ha convertido en un centro de peregrinaje de los amantes del ciclismo. No es para menos: con un \u00faltimo duro ascenso en la zona acaba todos los a\u00f1os la <strong>Vuelta a Burgos<\/strong>. Para los amantes de la BTT, \u00a1hay m\u00e1s de 200 kil\u00f3metros de rutas balizadas! <\/p>\n\n\n\n<p>Complementa toda esta naturaleza exuberante con dosis de patrimonio como la ermita visigoda de Quintanilla de las Vi\u00f1as o la iglesia de San Miguel de Neila, con un \u00e1bside rom\u00e1nico. Y acompa\u00f1a todas estas aventuras con contundentes platos locales, como el ajo carretero, una caldereta con carne de oveja machorra y verduras preparada a fuego lento.<\/p>\n\n\n\n<h2 class=\"wp-block-heading\"><strong>Parque Natural Sabinares del Arlanza y La Yecla<\/strong><\/h2>\n\n\n\n<figure class=\"wp-block-image size-full\"><a href=\"https:\/\/www.escapadarural.com\/blog\/wp-content\/uploads\/2024\/10\/AdobeStock_625537621.jpeg\"><img decoding=\"async\" src=\"https:\/\/www.escapadarural.com\/blog\/wp-content\/uploads\/2024\/10\/AdobeStock_625537621.jpeg\" alt=\"Sabinares del Arlanza, Burgos\" class=\"wp-image-77771\" \/><\/a><figcaption class=\"wp-element-caption\">Por: TORI<\/figcaption><\/figure>\n\n\n\n<p>El segundo destino que os recomendamos en Burgos para una escapada en verano est\u00e1 en el sur: el <strong>Parque Natural Sabinares del Arlanza y La Yecla<\/strong>. Atenci\u00f3n, porque aqu\u00ed se encuentra uno de los sabinares m\u00e1s grandes y mejor conservados del mundo, con ejemplares que superan los dos mil a\u00f1os de antig\u00fcedad.<\/p>\n\n\n\n<p>Es un paraje con un relieve rocoso y grandes cortados calizos pr\u00e1cticamente inaccesibles, en los que, si tenemos un poco de suerte y miramos hacia arriba, podremos divisar aves rapaces. Tambi\u00e9n habitan el lugar otros animales apasionantes como el lobo, la nutria, el gato mont\u00e9s o la gineta.<\/p>\n\n\n\n<p>Una ruta imprescindible, espectacular y sencilla es la del <strong>Desfiladero de La Yecla<\/strong>: desde Santo Domingo de Silos son apenas 7 kil\u00f3metros (de ida, m\u00e1s otros tantos de vuelta) sin casi desnivel, por lo que es apropiado para todos los p\u00fablicos. Pasa por un puente y un tramo de pasarelas que conduce por las Pe\u00f1as de Cervera, con una estrecha garganta excavada en la roca caliza y moldeada por el agua. En algunos puntos llega a una anchura m\u00e1xima de dos metros.<\/p>\n\n\n\n<figure class=\"wp-block-image size-full\"><a href=\"https:\/\/www.escapadarural.com\/blog\/wp-content\/uploads\/2024\/10\/AdobeStock_109602258.webp\"><img decoding=\"async\" src=\"https:\/\/www.escapadarural.com\/blog\/wp-content\/uploads\/2024\/10\/AdobeStock_109602258.webp\" alt=\"Desfiladero de la Yecla, Burgos\" class=\"wp-image-77773\" \/><\/a><figcaption class=\"wp-element-caption\">Por: Noradoa<\/figcaption><\/figure>\n\n\n\n<p>La visita a este conmovedor destino debe ir de la mano de un paseo por el cercano municipio de <strong>Santo Domingo de Silos<\/strong>, que est\u00e1 en el coraz\u00f3n del parque natural. Es un peque\u00f1o pueblo que alberga un impresionante monasterio que representa una de las obras m\u00e1s importantes del arte medieval en Europa. Y es que cuenta con el claustro rom\u00e1nico m\u00e1s bonito del continente, con capitales y otras tallas en la piedra que os dejar\u00e1n boquiabiertos. Tomaos vuestro tiempo para contemplar todos sus detalles y curiosidades.<\/p>\n\n\n\n<p>\u00bfQu\u00e9 ser\u00eda de un viaje sin degustar la gastronom\u00eda local? Esta zona de <strong>Burgos <\/strong>presume de tener uno de <strong>los mejores lechazos de raza churra<\/strong> asados en horno con le\u00f1a de encina, sin olvidar las mollejas de cordero y la morcilla. \u00a1As\u00ed que ya sabes qu\u00e9 pedir en el restaurante!<\/p>\n\n\n\n<p>Contenido patrocinado por<\/p>\n\n\n\n<figure class=\"wp-block-image size-full\"><img decoding=\"async\" src=\"https:\/\/www.escapadarural.com\/blog\/wp-content\/uploads\/2024\/10\/Logo-Burgos-1.jpg\" alt=\"Logo Burgos\" class=\"wp-image-77585\" \/><\/figure>\n","protected":false},"excerpt":{"rendered":"<p>Te recomendamos dos destinos que no pueden faltar en tu escapada de verano en Burgos: las Lagunas Glaciares de Neila y Sabinares del Arlanza<\/p>\n","protected":false},"author":123,"featured_media":184879,"comment_status":"open","ping_status":"open","sticky":false,"template":"","format":"standard","meta":{"_acf_changed":false,"om_disable_all_campaigns":false,"footnotes":""},"categories":[1379],"tags":[260,439,6764,436,507,274],"class_list":["post-77770","post","type-post","status-publish","format-standard","has-post-thumbnail","hentry","category-rutas-y-excursiones","tag-articulo","tag-que-ver-en-burgos","tag-imprescindibles","tag-imprescindibles-burgos","tag-provincia-de-burgos","tag-turismo-rural"],"acf":[],"featured_image_src":"https:\/\/www.escapadarural.com\/blog\/wp-content\/uploads\/2024\/12\/08_LoMasRutas_Tobera_Noradoa_AdobeStock_109399183_WP11.webp","author_info":{"display_name":"Raquel Andr\u00e9s","author_link":"https:\/\/www.escapadarural.com\/blog\/autor\/raquel\/"},"yoast_head":"<!-- This site is optimized with the Yoast SEO plugin v27.5 - https:\/\/yoast.com\/product\/yoast-seo-wordpress\/ -->\n<title>Imprescindibles que ver este verano en la provincia de Burgos - EscapadaRural<\/title>\n<meta name=\"robots\" content=\"index, follow, max-snippet:-1, max-image-preview:large, max-video-preview:-1\" \/>\n<link rel=\"canonical\" href=\"https:\/\/www.escapadarural.com\/blog\/imprescindibles-provincia-de-burgos\/\" \/>\n<meta property=\"og:locale\" content=\"es_ES\" \/>\n<meta property=\"og:type\" content=\"article\" \/>\n<meta property=\"og:title\" content=\"Imprescindibles que ver este verano en la provincia de Burgos - EscapadaRural\" \/>\n<meta property=\"og:description\" content=\"Te recomendamos dos destinos que no pueden faltar en tu escapada de verano en Burgos: las Lagunas Glaciares de Neila y Sabinares del Arlanza\" \/>\n<meta property=\"og:url\" content=\"https:\/\/www.escapadarural.com\/blog\/imprescindibles-provincia-de-burgos\/\" \/>\n<meta property=\"og:site_name\" content=\"Magazine de viajes de EscapadaRural\" \/>\n<meta property=\"article:publisher\" content=\"https:\/\/www.facebook.com\/escapadarural\" \/>\n<meta property=\"article:published_time\" content=\"2024-06-11T15:22:00+00:00\" \/>\n<meta property=\"article:modified_time\" content=\"2026-02-06T09:44:20+00:00\" \/>\n<meta property=\"og:image\" content=\"https:\/\/www.escapadarural.com\/blog\/wp-content\/uploads\/2024\/12\/08_LoMasRutas_Tobera_Noradoa_AdobeStock_109399183_WP11.webp\" \/>\n\t<meta property=\"og:image:width\" content=\"1024\" \/>\n\t<meta property=\"og:image:height\" content=\"684\" \/>\n\t<meta property=\"og:image:type\" content=\"image\/webp\" \/>\n<meta name=\"author\" content=\"Raquel Andr\u00e9s\" \/>\n<meta name=\"twitter:card\" content=\"summary_large_image\" \/>\n<meta name=\"twitter:label1\" content=\"Escrito por\" \/>\n\t<meta name=\"twitter:data1\" content=\"Raquel Andr\u00e9s\" \/>\n\t<meta name=\"twitter:label2\" content=\"Tiempo de lectura\" \/>\n\t<meta name=\"twitter:data2\" content=\"7 minutos\" \/>\n<script type=\"application\/ld+json\" class=\"yoast-schema-graph\">{\"@context\":\"https:\\\/\\\/schema.org\",\"@graph\":[{\"@type\":\"Article\",\"@id\":\"https:\\\/\\\/www.escapadarural.com\\\/blog\\\/imprescindibles-provincia-de-burgos\\\/#article\",\"isPartOf\":{\"@id\":\"https:\\\/\\\/www.escapadarural.com\\\/blog\\\/imprescindibles-provincia-de-burgos\\\/\"},\"author\":{\"name\":\"Raquel Andr\u00e9s\",\"@id\":\"https:\\\/\\\/www.escapadarural.com\\\/blog\\\/#\\\/schema\\\/person\\\/67be061eb00d8315fa8642e01b88c894\"},\"headline\":\"Imprescindibles que ver este verano en la provincia de Burgos\",\"datePublished\":\"2024-06-11T15:22:00+00:00\",\"dateModified\":\"2026-02-06T09:44:20+00:00\",\"mainEntityOfPage\":{\"@id\":\"https:\\\/\\\/www.escapadarural.com\\\/blog\\\/imprescindibles-provincia-de-burgos\\\/\"},\"wordCount\":1107,\"commentCount\":1,\"publisher\":{\"@id\":\"https:\\\/\\\/www.escapadarural.com\\\/blog\\\/#organization\"},\"image\":{\"@id\":\"https:\\\/\\\/www.escapadarural.com\\\/blog\\\/imprescindibles-provincia-de-burgos\\\/#primaryimage\"},\"thumbnailUrl\":\"https:\\\/\\\/www.escapadarural.com\\\/blog\\\/wp-content\\\/uploads\\\/2024\\\/12\\\/08_LoMasRutas_Tobera_Noradoa_AdobeStock_109399183_WP11.webp\",\"keywords\":[\"art\u00edculo\",\"Burgos\",\"Imprescindibles\",\"Imprescindibles de la provincia de Burgos\",\"Provincia de Burgos\",\"turismo rural\"],\"articleSection\":[\"Rutas y excursiones\"],\"inLanguage\":\"es\",\"potentialAction\":[{\"@type\":\"CommentAction\",\"name\":\"Comment\",\"target\":[\"https:\\\/\\\/www.escapadarural.com\\\/blog\\\/imprescindibles-provincia-de-burgos\\\/#respond\"]}]},{\"@type\":\"WebPage\",\"@id\":\"https:\\\/\\\/www.escapadarural.com\\\/blog\\\/imprescindibles-provincia-de-burgos\\\/\",\"url\":\"https:\\\/\\\/www.escapadarural.com\\\/blog\\\/imprescindibles-provincia-de-burgos\\\/\",\"name\":\"Imprescindibles que ver este verano en la provincia de Burgos - EscapadaRural\",\"isPartOf\":{\"@id\":\"https:\\\/\\\/www.escapadarural.com\\\/blog\\\/#website\"},\"primaryImageOfPage\":{\"@id\":\"https:\\\/\\\/www.escapadarural.com\\\/blog\\\/imprescindibles-provincia-de-burgos\\\/#primaryimage\"},\"image\":{\"@id\":\"https:\\\/\\\/www.escapadarural.com\\\/blog\\\/imprescindibles-provincia-de-burgos\\\/#primaryimage\"},\"thumbnailUrl\":\"https:\\\/\\\/www.escapadarural.com\\\/blog\\\/wp-content\\\/uploads\\\/2024\\\/12\\\/08_LoMasRutas_Tobera_Noradoa_AdobeStock_109399183_WP11.webp\",\"datePublished\":\"2024-06-11T15:22:00+00:00\",\"dateModified\":\"2026-02-06T09:44:20+00:00\",\"breadcrumb\":{\"@id\":\"https:\\\/\\\/www.escapadarural.com\\\/blog\\\/imprescindibles-provincia-de-burgos\\\/#breadcrumb\"},\"inLanguage\":\"es\",\"potentialAction\":[{\"@type\":\"ReadAction\",\"target\":[\"https:\\\/\\\/www.escapadarural.com\\\/blog\\\/imprescindibles-provincia-de-burgos\\\/\"]}]},{\"@type\":\"ImageObject\",\"inLanguage\":\"es\",\"@id\":\"https:\\\/\\\/www.escapadarural.com\\\/blog\\\/imprescindibles-provincia-de-burgos\\\/#primaryimage\",\"url\":\"https:\\\/\\\/www.escapadarural.com\\\/blog\\\/wp-content\\\/uploads\\\/2024\\\/12\\\/08_LoMasRutas_Tobera_Noradoa_AdobeStock_109399183_WP11.webp\",\"contentUrl\":\"https:\\\/\\\/www.escapadarural.com\\\/blog\\\/wp-content\\\/uploads\\\/2024\\\/12\\\/08_LoMasRutas_Tobera_Noradoa_AdobeStock_109399183_WP11.webp\",\"width\":1024,\"height\":684,\"caption\":\"Ruta por las cascadas de Tobera, en Burgos. Por Noradoa.\"},{\"@type\":\"BreadcrumbList\",\"@id\":\"https:\\\/\\\/www.escapadarural.com\\\/blog\\\/imprescindibles-provincia-de-burgos\\\/#breadcrumb\",\"itemListElement\":[{\"@type\":\"ListItem\",\"position\":1,\"name\":\"Inicio\",\"item\":\"https:\\\/\\\/www.escapadarural.com\\\/blog\\\/\"},{\"@type\":\"ListItem\",\"position\":2,\"name\":\"Rutas y excursiones\",\"item\":\"https:\\\/\\\/www.escapadarural.com\\\/blog\\\/categoria\\\/rutas-y-excursiones\\\/\"},{\"@type\":\"ListItem\",\"position\":3,\"name\":\"Imprescindibles que ver este verano en la provincia de Burgos\"}]},{\"@type\":\"WebSite\",\"@id\":\"https:\\\/\\\/www.escapadarural.com\\\/blog\\\/#website\",\"url\":\"https:\\\/\\\/www.escapadarural.com\\\/blog\\\/\",\"name\":\"Blog de viajes | turismo rural, alojamientos e inspiraci\u00f3n\",\"description\":\"Alojamientos rurales e inspiraci\u00f3n para tus escapadas\",\"publisher\":{\"@id\":\"https:\\\/\\\/www.escapadarural.com\\\/blog\\\/#organization\"},\"alternateName\":\"Magazine de viajes de EscapadaRural\",\"potentialAction\":[{\"@type\":\"SearchAction\",\"target\":{\"@type\":\"EntryPoint\",\"urlTemplate\":\"https:\\\/\\\/www.escapadarural.com\\\/blog\\\/?s={search_term_string}\"},\"query-input\":{\"@type\":\"PropertyValueSpecification\",\"valueRequired\":true,\"valueName\":\"search_term_string\"}}],\"inLanguage\":\"es\"},{\"@type\":\"Organization\",\"@id\":\"https:\\\/\\\/www.escapadarural.com\\\/blog\\\/#organization\",\"name\":\"EscapadaRural\",\"url\":\"https:\\\/\\\/www.escapadarural.com\\\/blog\\\/\",\"logo\":{\"@type\":\"ImageObject\",\"inLanguage\":\"es\",\"@id\":\"https:\\\/\\\/www.escapadarural.com\\\/blog\\\/#\\\/schema\\\/logo\\\/image\\\/\",\"url\":\"https:\\\/\\\/www.escapadarural.com\\\/blog\\\/wp-content\\\/uploads\\\/2024\\\/10\\\/cropped-cropped-escapada-rural-icon-mag-3.png\",\"contentUrl\":\"https:\\\/\\\/www.escapadarural.com\\\/blog\\\/wp-content\\\/uploads\\\/2024\\\/10\\\/cropped-cropped-escapada-rural-icon-mag-3.png\",\"width\":512,\"height\":512,\"caption\":\"EscapadaRural\"},\"image\":{\"@id\":\"https:\\\/\\\/www.escapadarural.com\\\/blog\\\/#\\\/schema\\\/logo\\\/image\\\/\"},\"sameAs\":[\"https:\\\/\\\/www.facebook.com\\\/escapadarural\",\"https:\\\/\\\/www.instagram.com\\\/escapadarural\\\/\",\"https:\\\/\\\/www.youtube.com\\\/@escapadaruralcom\"]},{\"@type\":\"Person\",\"@id\":\"https:\\\/\\\/www.escapadarural.com\\\/blog\\\/#\\\/schema\\\/person\\\/67be061eb00d8315fa8642e01b88c894\",\"name\":\"Raquel Andr\u00e9s\",\"image\":{\"@type\":\"ImageObject\",\"inLanguage\":\"es\",\"@id\":\"https:\\\/\\\/secure.gravatar.com\\\/avatar\\\/b45840531462f3cafb335a9fc5c0bfda2c07c3df4b82b304b923526b85cc6cb5?s=96&d=mm&r=g\",\"url\":\"https:\\\/\\\/secure.gravatar.com\\\/avatar\\\/b45840531462f3cafb335a9fc5c0bfda2c07c3df4b82b304b923526b85cc6cb5?s=96&d=mm&r=g\",\"contentUrl\":\"https:\\\/\\\/secure.gravatar.com\\\/avatar\\\/b45840531462f3cafb335a9fc5c0bfda2c07c3df4b82b304b923526b85cc6cb5?s=96&d=mm&r=g\",\"caption\":\"Raquel Andr\u00e9s\"},\"description\":\"Periodista y aventurera. Me has podido leer en Escapada Rural, Diari Nosaltres La Veu, La Vanguardia, El Salto y otros medios. Habitante y amante de las zonas rurales, sea cual sea el destino. Procuro escaparme una vez por semana con las botas de monta\u00f1a, el arn\u00e9s o el neopreno. Tambi\u00e9n soy un intento de baserritarra.\",\"url\":\"https:\\\/\\\/www.escapadarural.com\\\/blog\\\/autor\\\/raquel\\\/\"}]}<\/script>\n<!-- \/ Yoast SEO plugin. -->","yoast_head_json":{"title":"Imprescindibles que ver este verano en la provincia de Burgos - EscapadaRural","robots":{"index":"index","follow":"follow","max-snippet":"max-snippet:-1","max-image-preview":"max-image-preview:large","max-video-preview":"max-video-preview:-1"},"canonical":"https:\/\/www.escapadarural.com\/blog\/imprescindibles-provincia-de-burgos\/","og_locale":"es_ES","og_type":"article","og_title":"Imprescindibles que ver este verano en la provincia de Burgos - EscapadaRural","og_description":"Te recomendamos dos destinos que no pueden faltar en tu escapada de verano en Burgos: las Lagunas Glaciares de Neila y Sabinares del Arlanza","og_url":"https:\/\/www.escapadarural.com\/blog\/imprescindibles-provincia-de-burgos\/","og_site_name":"Magazine de viajes de EscapadaRural","article_publisher":"https:\/\/www.facebook.com\/escapadarural","article_published_time":"2024-06-11T15:22:00+00:00","article_modified_time":"2026-02-06T09:44:20+00:00","og_image":[{"width":1024,"height":684,"url":"https:\/\/www.escapadarural.com\/blog\/wp-content\/uploads\/2024\/12\/08_LoMasRutas_Tobera_Noradoa_AdobeStock_109399183_WP11.webp","type":"image\/webp"}],"author":"Raquel Andr\u00e9s","twitter_card":"summary_large_image","twitter_misc":{"Escrito por":"Raquel Andr\u00e9s","Tiempo de lectura":"7 minutos"},"schema":{"@context":"https:\/\/schema.org","@graph":[{"@type":"Article","@id":"https:\/\/www.escapadarural.com\/blog\/imprescindibles-provincia-de-burgos\/#article","isPartOf":{"@id":"https:\/\/www.escapadarural.com\/blog\/imprescindibles-provincia-de-burgos\/"},"author":{"name":"Raquel Andr\u00e9s","@id":"https:\/\/www.escapadarural.com\/blog\/#\/schema\/person\/67be061eb00d8315fa8642e01b88c894"},"headline":"Imprescindibles que ver este verano en la provincia de Burgos","datePublished":"2024-06-11T15:22:00+00:00","dateModified":"2026-02-06T09:44:20+00:00","mainEntityOfPage":{"@id":"https:\/\/www.escapadarural.com\/blog\/imprescindibles-provincia-de-burgos\/"},"wordCount":1107,"commentCount":1,"publisher":{"@id":"https:\/\/www.escapadarural.com\/blog\/#organization"},"image":{"@id":"https:\/\/www.escapadarural.com\/blog\/imprescindibles-provincia-de-burgos\/#primaryimage"},"thumbnailUrl":"https:\/\/www.escapadarural.com\/blog\/wp-content\/uploads\/2024\/12\/08_LoMasRutas_Tobera_Noradoa_AdobeStock_109399183_WP11.webp","keywords":["art\u00edculo","Burgos","Imprescindibles","Imprescindibles de la provincia de Burgos","Provincia de Burgos","turismo rural"],"articleSection":["Rutas y excursiones"],"inLanguage":"es","potentialAction":[{"@type":"CommentAction","name":"Comment","target":["https:\/\/www.escapadarural.com\/blog\/imprescindibles-provincia-de-burgos\/#respond"]}]},{"@type":"WebPage","@id":"https:\/\/www.escapadarural.com\/blog\/imprescindibles-provincia-de-burgos\/","url":"https:\/\/www.escapadarural.com\/blog\/imprescindibles-provincia-de-burgos\/","name":"Imprescindibles que ver este verano en la provincia de Burgos - EscapadaRural","isPartOf":{"@id":"https:\/\/www.escapadarural.com\/blog\/#website"},"primaryImageOfPage":{"@id":"https:\/\/www.escapadarural.com\/blog\/imprescindibles-provincia-de-burgos\/#primaryimage"},"image":{"@id":"https:\/\/www.escapadarural.com\/blog\/imprescindibles-provincia-de-burgos\/#primaryimage"},"thumbnailUrl":"https:\/\/www.escapadarural.com\/blog\/wp-content\/uploads\/2024\/12\/08_LoMasRutas_Tobera_Noradoa_AdobeStock_109399183_WP11.webp","datePublished":"2024-06-11T15:22:00+00:00","dateModified":"2026-02-06T09:44:20+00:00","breadcrumb":{"@id":"https:\/\/www.escapadarural.com\/blog\/imprescindibles-provincia-de-burgos\/#breadcrumb"},"inLanguage":"es","potentialAction":[{"@type":"ReadAction","target":["https:\/\/www.escapadarural.com\/blog\/imprescindibles-provincia-de-burgos\/"]}]},{"@type":"ImageObject","inLanguage":"es","@id":"https:\/\/www.escapadarural.com\/blog\/imprescindibles-provincia-de-burgos\/#primaryimage","url":"https:\/\/www.escapadarural.com\/blog\/wp-content\/uploads\/2024\/12\/08_LoMasRutas_Tobera_Noradoa_AdobeStock_109399183_WP11.webp","contentUrl":"https:\/\/www.escapadarural.com\/blog\/wp-content\/uploads\/2024\/12\/08_LoMasRutas_Tobera_Noradoa_AdobeStock_109399183_WP11.webp","width":1024,"height":684,"caption":"Ruta por las cascadas de Tobera, en Burgos. Por Noradoa."},{"@type":"BreadcrumbList","@id":"https:\/\/www.escapadarural.com\/blog\/imprescindibles-provincia-de-burgos\/#breadcrumb","itemListElement":[{"@type":"ListItem","position":1,"name":"Inicio","item":"https:\/\/www.escapadarural.com\/blog\/"},{"@type":"ListItem","position":2,"name":"Rutas y excursiones","item":"https:\/\/www.escapadarural.com\/blog\/categoria\/rutas-y-excursiones\/"},{"@type":"ListItem","position":3,"name":"Imprescindibles que ver este verano en la provincia de Burgos"}]},{"@type":"WebSite","@id":"https:\/\/www.escapadarural.com\/blog\/#website","url":"https:\/\/www.escapadarural.com\/blog\/","name":"Blog de viajes | turismo rural, alojamientos e inspiraci\u00f3n","description":"Alojamientos rurales e inspiraci\u00f3n para tus escapadas","publisher":{"@id":"https:\/\/www.escapadarural.com\/blog\/#organization"},"alternateName":"Magazine de viajes de EscapadaRural","potentialAction":[{"@type":"SearchAction","target":{"@type":"EntryPoint","urlTemplate":"https:\/\/www.escapadarural.com\/blog\/?s={search_term_string}"},"query-input":{"@type":"PropertyValueSpecification","valueRequired":true,"valueName":"search_term_string"}}],"inLanguage":"es"},{"@type":"Organization","@id":"https:\/\/www.escapadarural.com\/blog\/#organization","name":"EscapadaRural","url":"https:\/\/www.escapadarural.com\/blog\/","logo":{"@type":"ImageObject","inLanguage":"es","@id":"https:\/\/www.escapadarural.com\/blog\/#\/schema\/logo\/image\/","url":"https:\/\/www.escapadarural.com\/blog\/wp-content\/uploads\/2024\/10\/cropped-cropped-escapada-rural-icon-mag-3.png","contentUrl":"https:\/\/www.escapadarural.com\/blog\/wp-content\/uploads\/2024\/10\/cropped-cropped-escapada-rural-icon-mag-3.png","width":512,"height":512,"caption":"EscapadaRural"},"image":{"@id":"https:\/\/www.escapadarural.com\/blog\/#\/schema\/logo\/image\/"},"sameAs":["https:\/\/www.facebook.com\/escapadarural","https:\/\/www.instagram.com\/escapadarural\/","https:\/\/www.youtube.com\/@escapadaruralcom"]},{"@type":"Person","@id":"https:\/\/www.escapadarural.com\/blog\/#\/schema\/person\/67be061eb00d8315fa8642e01b88c894","name":"Raquel Andr\u00e9s","image":{"@type":"ImageObject","inLanguage":"es","@id":"https:\/\/secure.gravatar.com\/avatar\/b45840531462f3cafb335a9fc5c0bfda2c07c3df4b82b304b923526b85cc6cb5?s=96&d=mm&r=g","url":"https:\/\/secure.gravatar.com\/avatar\/b45840531462f3cafb335a9fc5c0bfda2c07c3df4b82b304b923526b85cc6cb5?s=96&d=mm&r=g","contentUrl":"https:\/\/secure.gravatar.com\/avatar\/b45840531462f3cafb335a9fc5c0bfda2c07c3df4b82b304b923526b85cc6cb5?s=96&d=mm&r=g","caption":"Raquel Andr\u00e9s"},"description":"Periodista y aventurera. Me has podido leer en Escapada Rural, Diari Nosaltres La Veu, La Vanguardia, El Salto y otros medios. Habitante y amante de las zonas rurales, sea cual sea el destino. Procuro escaparme una vez por semana con las botas de monta\u00f1a, el arn\u00e9s o el neopreno. Tambi\u00e9n soy un intento de baserritarra.","url":"https:\/\/www.escapadarural.com\/blog\/autor\/raquel\/"}]}},"_links":{"self":[{"href":"https:\/\/www.escapadarural.com\/blog\/wp-json\/wp\/v2\/posts\/77770","targetHints":{"allow":["GET"]}}],"collection":[{"href":"https:\/\/www.escapadarural.com\/blog\/wp-json\/wp\/v2\/posts"}],"about":[{"href":"https:\/\/www.escapadarural.com\/blog\/wp-json\/wp\/v2\/types\/post"}],"author":[{"embeddable":true,"href":"https:\/\/www.escapadarural.com\/blog\/wp-json\/wp\/v2\/users\/123"}],"replies":[{"embeddable":true,"href":"https:\/\/www.escapadarural.com\/blog\/wp-json\/wp\/v2\/comments?post=77770"}],"version-history":[{"count":0,"href":"https:\/\/www.escapadarural.com\/blog\/wp-json\/wp\/v2\/posts\/77770\/revisions"}],"wp:featuredmedia":[{"embeddable":true,"href":"https:\/\/www.escapadarural.com\/blog\/wp-json\/wp\/v2\/media\/184879"}],"wp:attachment":[{"href":"https:\/\/www.escapadarural.com\/blog\/wp-json\/wp\/v2\/media?parent=77770"}],"wp:term":[{"taxonomy":"category","embeddable":true,"href":"https:\/\/www.escapadarural.com\/blog\/wp-json\/wp\/v2\/categories?post=77770"},{"taxonomy":"post_tag","embeddable":true,"href":"https:\/\/www.escapadarural.com\/blog\/wp-json\/wp\/v2\/tags?post=77770"}],"curies":[{"name":"wp","href":"https:\/\/api.w.org\/{rel}","templated":true}]}}