{"id":78379,"date":"2024-07-03T09:05:59","date_gmt":"2024-07-03T08:05:59","guid":{"rendered":"https:\/\/www.escapadarural.com\/blog\/?p=78379"},"modified":"2025-03-27T16:29:33","modified_gmt":"2025-03-27T14:29:33","slug":"el-laberinto-de-los-pirineos","status":"publish","type":"post","link":"https:\/\/www.escapadarural.com\/blog\/el-laberinto-de-los-pirineos\/","title":{"rendered":"El gran laberinto de los Pirineos: 3 kil\u00f3metros de desconcierto"},"content":{"rendered":"\n<figure class=\"wp-block-image size-full\"><a href=\"https:\/\/www.escapadarural.com\/blog\/wp-content\/uploads\/2024\/10\/laberinto_telera.webp\"><img decoding=\"async\" src=\"https:\/\/www.escapadarural.com\/blog\/wp-content\/uploads\/2024\/10\/laberinto_telera.webp\" alt=\"Laberinto de los Pirineos\" class=\"wp-image-78381\"\/><\/a><figcaption class=\"wp-element-caption\">Laberinto de los Pirineos, a los pies de la Sierra de la Partacua. Por Laberinto de los Pirineos<\/figcaption><\/figure>\n\n\n\n<p>En oto\u00f1o de 2019, Juan Fanlo Belio vio en televisi\u00f3n un reportaje dedicado al Laberinto de Villapresente, en Cantabria. Un regalo que el empresario del sector de la jardiner\u00eda Emilio P\u00e9rez le hizo a su hija en 2017 ya que, en aquel momento, estaba sin trabajo. Ahora, es ella la encargada de mantener en marcha el conocido como el \u2018laberinto m\u00e1s grande de Espa\u00f1a\u2019.  A Fanlo, la idea le pareci\u00f3 tan buena que, despu\u00e9s de darle algunas vueltas, decidi\u00f3 montar uno propio en <strong><a href=\"\/casas-rurales\/piedrafita-de-jaca\" data-type=\"link\" data-id=\"https:\/\/www.escapadarural.com\/casas-rurales?l=piedrafita-de-jaca\" target=\"_blank\" rel=\"noreferrer noopener nofollow\">Piedrafita de Jaca<\/a>, en <a href=\"\/casas-rurales\/huesca\">Huesca<\/a>: el Laberinto de los Pirineos<\/strong>, que acaba de abrir sus puertas.<\/p>\n\n\n\n<p>\u201cMe decid\u00ed a lanzarme para buscar una estabilidad econ\u00f3mica para compaginar con el trabajo de invierno\u201d, dice Juan Fanlo a EscapadaRural. El emprendedor part\u00eda con la ventaja de tener un terreno propiedad de su familia de 5.000 metros cuadrados, donde ahora hay unos <strong>4.000 cipreses plantados<\/strong> de manera que forman la encrucijada de este laberinto de tres kil\u00f3metros. Tiene una entrada y una salida principales, adem\u00e1s de cinco salidas de emergencia por si alg\u00fan aventurero se agobia y decide abandonar la mara\u00f1a de pasillos.<\/p>\n\n\n\n<figure class=\"wp-block-image size-full\"><a href=\"https:\/\/www.escapadarural.com\/blog\/wp-content\/uploads\/2024\/10\/laberinto-de-los-pirineos.webp\" target=\"_blank\" rel=\"noreferrer noopener\"><img decoding=\"async\" src=\"https:\/\/www.escapadarural.com\/blog\/wp-content\/uploads\/2024\/10\/laberinto-de-los-pirineos.webp\" alt=\"Laberinto de los Pirineos\" class=\"wp-image-78382\"\/><\/a><figcaption class=\"wp-element-caption\">Laberinto de los Pirineos en Piedrafita de Jaca. Por Laberinto de los Pirineos<\/figcaption><\/figure>\n\n\n\n<p>Fanlo Belio explica que: \u201cEs una actividad para todos los p\u00fablicos, desde familias con ni\u00f1os, parejas o grupos de amigos\u201d. Aunque la decisi\u00f3n de montar el laberinto la tom\u00f3 hace cinco a\u00f1os, la pandemia de la COVID-19 ralentiz\u00f3 el proyecto como ocurri\u00f3 con casi todos los aspectos de la vida, as\u00ed que la apertura se ha pospuesto hasta ahora. Adem\u00e1s, ha tenido que esperar a que la naturaleza hiciera su trabajo y los <strong>\u00e1rboles alcanzasen una altura de 2,5 metros<\/strong>.&nbsp;<\/p>\n\n\n\n<p>De hecho, no tiene una estimaci\u00f3n aproximada de los visitantes que tendr\u00e1, aunque seguramente no sean pocos. \u201cLa verdad que al ser una actividad tan novedosa y no encontrarse nada parecido por el entorno no tenemos una previsi\u00f3n con exactitud\u201d, afirma el responsable. Lo que s\u00ed sabe con certeza es que lo que m\u00e1s le gustar\u00e1 a la gente que lo pruebe es: \u201cPoder perderse de una forma controlada en la naturaleza y sus vistas\u201d, sostiene.&nbsp;<\/p>\n\n\n\n<figure class=\"wp-block-image size-full\"><a href=\"https:\/\/www.escapadarural.com\/blog\/wp-content\/uploads\/2024\/10\/laberinto_cabana.webp\"><img decoding=\"async\" src=\"https:\/\/www.escapadarural.com\/blog\/wp-content\/uploads\/2024\/10\/laberinto_cabana.webp\" alt=\"Laberinto de los Pirineos\" class=\"wp-image-78383\"\/><\/a><figcaption class=\"wp-element-caption\">Laberinto de los Pirineos en Piedrafita de Jaca. Por Laberinto de los Pirineos<\/figcaption><\/figure>\n\n\n\n<p>Adem\u00e1s de ofrecer la oportunidad de meterse en la piel de <em>Alicia en el Pa\u00eds de las Maravillas<\/em> durante un rato, en el <strong>Laberinto de los Pirineos<\/strong> tambi\u00e9n tienen una peque\u00f1a caba\u00f1a en la que se recogen o adquieren las entradas y donde tambi\u00e9n se venden refrescos y snacks de avituallamiento. Asimismo, hay una zona de picnic con vistas al embalse de Bubal y al Valle de Tena.<\/p>\n\n\n\n<p>El laberinto no solo es para personas, sino que <strong>las mascotas<\/strong> tambi\u00e9n est\u00e1n invitadas a recorrerlo (con correas y sistemas para recoger sus necesidades). De hecho, la \u2018atracci\u00f3n\u2019 tiene sus dos mascotas propias: se trata de Niebla y Ton, dos hermanos de la raza Pointer que nacieron durante el proceso de plantaci\u00f3n de los cipreses. Ellos se conocen bien los pasillos y los recovecos de este rinc\u00f3n del Pirineo oscense porque han crecido a la sombra de sus \u00e1rboles.&nbsp;<\/p>\n\n\n\n<h2 class=\"wp-block-heading\" id=\"h-un-laberinto-junto-a-lagos-glaciares\">Un laberinto junto a lagos glaciares<\/h2>\n\n\n\n<figure class=\"wp-block-image size-full\"><a href=\"https:\/\/www.escapadarural.com\/blog\/wp-content\/uploads\/2024\/10\/cabana.webp\"><img decoding=\"async\" src=\"https:\/\/www.escapadarural.com\/blog\/wp-content\/uploads\/2024\/10\/cabana.webp\" alt=\"Laberinto de los Pirineos\" class=\"wp-image-78385\"\/><\/a><figcaption class=\"wp-element-caption\">Caba\u00f1a del Laberinto de los Pirineos. Por Laberinto de los Pirineos<\/figcaption><\/figure>\n\n\n\n<p>Asimismo, para quienes quieran aprovechar el viaje y conocer algo m\u00e1s de la zona, Juan Fanlo recomienda hacer una excursi\u00f3n al <strong>ib\u00f3n de Piedrafita<\/strong>, ya que es \u201cmuy bonito\u201d y \u201caccesible para toda la familia\u201d [un ib\u00f3n es un lago de monta\u00f1a de origen glaciar].<\/p>\n\n\n\n<p>Hay varios puntos de partida, aunque el m\u00e1s popular es el p\u00e1rking del parque faun\u00edstico Lacuniacha (<a href=\"https:\/\/www.escapadarural.com\/blog\/destinos-a-los-que-puedes-llegar-en-tren\/\" title=\"Destinos incre\u00edbles a los que puedes llegar en tren\"  data-wpil-monitor-id=\"964\">en el pueblo no hay demasiados lugares en donde dejar el coche)<\/a>. Se trata de una ruta circular de nueve kil\u00f3metros que se completa en dos horas y media aproximadamente y pasa por el barranco de Boj y el bosque del barranco del Sarronal, entre otros lugares adem\u00e1s del ib\u00f3n.&nbsp;<\/p>\n\n\n\n<h2 class=\"wp-block-heading\" id=\"h-que-ver-en-piedrafita-de-jaca\">Qu\u00e9 ver en <strong>Piedrafita de Jaca<\/strong><\/h2>\n\n\n\n<figure class=\"wp-block-image size-full\"><a href=\"https:\/\/www.escapadarural.com\/blog\/wp-content\/uploads\/2024\/10\/Vistas_Valle_Tena.webp\"><img decoding=\"async\" src=\"https:\/\/www.escapadarural.com\/blog\/wp-content\/uploads\/2024\/10\/Vistas_Valle_Tena.webp\" alt=\"Laberinto de los Pirineos\" class=\"wp-image-78384\"\/><\/a><figcaption class=\"wp-element-caption\">Vistas al valle del Tena desde el Laberinto de los Pirineos. Por Laberinto de los Pirineos<\/figcaption><\/figure>\n\n\n\n<p>El Laberinto de los Pirineos se encuentra en el t\u00e9rmino municipal de Piedrafita de Jaca, un pueblo que en su escasa superficie condensa todos los rasgos de identidad de la zona en la que se ubica. Emplazado en l<strong>a comarca de <a href=\"\/casas-rurales\/alto-gallego\" data-type=\"link\" data-id=\"https:\/\/www.escapadarural.com\/casas-rurales?l=alto-gallego\">Alto G\u00e1llego<\/a><\/strong>, su arquitectura es una fiel representaci\u00f3n de la arquitectura popular pirenaica con sus paredes de piedra, tejados de pizarra y las arcadas de piedra de los soportales. La mayor\u00eda de las casas y los apartamentos son segundas residencias: el censo oficial de habitantes de 2023 fue de 54 personas.<\/p>\n\n\n\n<p>Uno de los edificios emblem\u00e1ticos y tambi\u00e9n representativo de la arquitectura de la zona es el del ayuntamiento, que se encuentra a la entrada del pueblo. El punto neur\u00e1lgico es la Plaza Mayor, en el casco hist\u00f3rico, que est\u00e1 presidida por la casa Silvestre, de planta cuadrada, arco conopial y doble altura. Es t\u00edpica de la sierra de la Partacua, a cuyos pies se encuentra el pueblo.&nbsp;<\/p>\n\n\n\n<figure class=\"wp-block-image size-large\"><a href=\"https:\/\/www.escapadarural.com\/blog\/wp-content\/uploads\/2024\/11\/AdobeStock_497959528-scaled-1.jpeg\"><img decoding=\"async\" src=\"https:\/\/www.escapadarural.com\/blog\/wp-content\/uploads\/2024\/10\/AdobeStock_497959528-1024x683-1.jpeg\" alt=\"Piedrafita de Jaca\" class=\"wp-image-56974\"\/><\/a><figcaption class=\"wp-element-caption\">Piedrafita de Jaca. Por N\u00e9stor MN<\/figcaption><\/figure>\n\n\n\n<p>La iglesia parroquial est\u00e1 consagrada a San Andr\u00e9s Ap\u00f3stol. El edificio data de 1960, aunque se sabe que hubo otro anterior del siglo XVI, pero de \u00e9l solo queda la referencia de una portada con fecha de 1566. En el interior de la iglesia actual se pueden ver retablos del siglo XVI y principios del XVII que estuvieron en la antigua y se han conservado.<\/p>\n\n\n\n<p>Como curiosidad, los visitantes se pueden acercar a la <strong>trilladora de la \u2018Era de Chiros\u00e9<\/strong>, tambi\u00e9n en la entrada de la localidad. Se trata de una m\u00e1quina para trillar [separar el grano de la paja en cereales como el trigo] que se utiliz\u00f3 a mediados del siglo XX en la agricultura de subsistencia que se realizaba en el Valle de Tena. Ahora est\u00e1 expuesta junto a un panel informativo.<\/p>\n\n\n\n<p>Un gran punto de inter\u00e9s de Piedrafita de Jaca es el <strong>Centro de Interpretaci\u00f3n de la brujer\u00eda en el Alto G\u00e1llego<\/strong>, situado en los antiguos lavaderos del pueblo. La localidad tiene una gran tradici\u00f3n relacionada con las brujas: tanta, que a sus vecinos tambi\u00e9n se les conoce como \u2018brujones\u2019. En esta instituci\u00f3n se recogen documentos e historias relacionadas con el tema y se someten a un riguroso an\u00e1lisis. Adem\u00e1s, tambi\u00e9n se organizan actividades como \u2018El tren de las brujas\u2019, en la noche del 31 de octubre. Laberintos, brujer\u00edas\u2026 \u00bfqui\u00e9n dijo miedo?<\/p>\n","protected":false},"excerpt":{"rendered":"<p>La sierra de la Partacua, en el Pirineo de Huesca, tiene una nueva atracci\u00f3n tur\u00edsica a sus pies: el Laberinto de los Pirineos en Piedrafita de Jaca, con un recorrido de 3 kil\u00f3metros.<\/p>\n","protected":false},"author":114,"featured_media":91240,"comment_status":"open","ping_status":"open","sticky":false,"template":"","format":"standard","meta":{"_acf_changed":false,"om_disable_all_campaigns":false,"footnotes":""},"categories":[191],"tags":[5321,6013,511,532,5713,5714],"class_list":["post-78379","post","type-post","status-publish","format-standard","has-post-thumbnail","hentry","category-destinos","tag-alto-gallego","tag-que-ver-en-aragon","tag-familia","tag-laberinto","tag-laberinto-de-los-pirineos","tag-piedrafita-de-jaca"],"acf":[],"featured_image_src":"https:\/\/www.escapadarural.com\/blog\/wp-content\/uploads\/2024\/10\/laberinto_telera.webp","author_info":{"display_name":"Carmen L\u00f3pez","author_link":"https:\/\/www.escapadarural.com\/blog\/autor\/carmenlopez\/"},"yoast_head":"<!-- This site is optimized with the Yoast SEO plugin v27.5 - https:\/\/yoast.com\/product\/yoast-seo-wordpress\/ -->\n<title>El gran laberinto de los Pirineos: 3 kil\u00f3metros de desconcierto - EscapadaRural<\/title>\n<meta name=\"robots\" content=\"index, follow, max-snippet:-1, max-image-preview:large, max-video-preview:-1\" \/>\n<link rel=\"canonical\" href=\"https:\/\/www.escapadarural.com\/blog\/el-laberinto-de-los-pirineos\/\" \/>\n<meta property=\"og:locale\" content=\"es_ES\" \/>\n<meta property=\"og:type\" content=\"article\" \/>\n<meta property=\"og:title\" content=\"El gran laberinto de los Pirineos: 3 kil\u00f3metros de desconcierto - EscapadaRural\" \/>\n<meta property=\"og:description\" content=\"La sierra de la Partacua, en el Pirineo de Huesca, tiene una nueva atracci\u00f3n tur\u00edsica a sus pies: el Laberinto de los Pirineos en Piedrafita de Jaca, con un recorrido de 3 kil\u00f3metros.\" \/>\n<meta property=\"og:url\" content=\"https:\/\/www.escapadarural.com\/blog\/el-laberinto-de-los-pirineos\/\" \/>\n<meta property=\"og:site_name\" content=\"Magazine de viajes de EscapadaRural\" \/>\n<meta property=\"article:publisher\" content=\"https:\/\/www.facebook.com\/escapadarural\" \/>\n<meta property=\"article:published_time\" content=\"2024-07-03T08:05:59+00:00\" \/>\n<meta property=\"article:modified_time\" content=\"2025-03-27T14:29:33+00:00\" \/>\n<meta property=\"og:image\" content=\"https:\/\/www.escapadarural.com\/blog\/wp-content\/uploads\/2024\/10\/laberinto_telera.webp\" \/>\n\t<meta property=\"og:image:width\" content=\"1024\" \/>\n\t<meta property=\"og:image:height\" content=\"617\" \/>\n\t<meta property=\"og:image:type\" content=\"image\/webp\" \/>\n<meta name=\"author\" content=\"Carmen L\u00f3pez\" \/>\n<meta name=\"twitter:card\" content=\"summary_large_image\" \/>\n<meta name=\"twitter:label1\" content=\"Escrito por\" \/>\n\t<meta name=\"twitter:data1\" content=\"Carmen L\u00f3pez\" \/>\n\t<meta name=\"twitter:label2\" content=\"Tiempo de lectura\" \/>\n\t<meta name=\"twitter:data2\" content=\"7 minutos\" \/>\n<script type=\"application\/ld+json\" class=\"yoast-schema-graph\">{\"@context\":\"https:\\\/\\\/schema.org\",\"@graph\":[{\"@type\":\"Article\",\"@id\":\"https:\\\/\\\/www.escapadarural.com\\\/blog\\\/el-laberinto-de-los-pirineos\\\/#article\",\"isPartOf\":{\"@id\":\"https:\\\/\\\/www.escapadarural.com\\\/blog\\\/el-laberinto-de-los-pirineos\\\/\"},\"author\":{\"name\":\"Carmen L\u00f3pez\",\"@id\":\"https:\\\/\\\/www.escapadarural.com\\\/blog\\\/#\\\/schema\\\/person\\\/42dfdff6118172efc6a04c8ae599a2ce\"},\"headline\":\"El gran laberinto de los Pirineos: 3 kil\u00f3metros de desconcierto\",\"datePublished\":\"2024-07-03T08:05:59+00:00\",\"dateModified\":\"2025-03-27T14:29:33+00:00\",\"mainEntityOfPage\":{\"@id\":\"https:\\\/\\\/www.escapadarural.com\\\/blog\\\/el-laberinto-de-los-pirineos\\\/\"},\"wordCount\":1145,\"commentCount\":0,\"publisher\":{\"@id\":\"https:\\\/\\\/www.escapadarural.com\\\/blog\\\/#organization\"},\"image\":{\"@id\":\"https:\\\/\\\/www.escapadarural.com\\\/blog\\\/el-laberinto-de-los-pirineos\\\/#primaryimage\"},\"thumbnailUrl\":\"https:\\\/\\\/www.escapadarural.com\\\/blog\\\/wp-content\\\/uploads\\\/2024\\\/10\\\/laberinto_telera.webp\",\"keywords\":[\"Alto G\u00e1llego\",\"Arag\u00f3n\",\"Familia\",\"laberinto\",\"laberinto de los pirineos\",\"piedrafita de jaca\"],\"articleSection\":[\"Destinos\"],\"inLanguage\":\"es\",\"potentialAction\":[{\"@type\":\"CommentAction\",\"name\":\"Comment\",\"target\":[\"https:\\\/\\\/www.escapadarural.com\\\/blog\\\/el-laberinto-de-los-pirineos\\\/#respond\"]}]},{\"@type\":\"WebPage\",\"@id\":\"https:\\\/\\\/www.escapadarural.com\\\/blog\\\/el-laberinto-de-los-pirineos\\\/\",\"url\":\"https:\\\/\\\/www.escapadarural.com\\\/blog\\\/el-laberinto-de-los-pirineos\\\/\",\"name\":\"El gran laberinto de los Pirineos: 3 kil\u00f3metros de desconcierto - EscapadaRural\",\"isPartOf\":{\"@id\":\"https:\\\/\\\/www.escapadarural.com\\\/blog\\\/#website\"},\"primaryImageOfPage\":{\"@id\":\"https:\\\/\\\/www.escapadarural.com\\\/blog\\\/el-laberinto-de-los-pirineos\\\/#primaryimage\"},\"image\":{\"@id\":\"https:\\\/\\\/www.escapadarural.com\\\/blog\\\/el-laberinto-de-los-pirineos\\\/#primaryimage\"},\"thumbnailUrl\":\"https:\\\/\\\/www.escapadarural.com\\\/blog\\\/wp-content\\\/uploads\\\/2024\\\/10\\\/laberinto_telera.webp\",\"datePublished\":\"2024-07-03T08:05:59+00:00\",\"dateModified\":\"2025-03-27T14:29:33+00:00\",\"breadcrumb\":{\"@id\":\"https:\\\/\\\/www.escapadarural.com\\\/blog\\\/el-laberinto-de-los-pirineos\\\/#breadcrumb\"},\"inLanguage\":\"es\",\"potentialAction\":[{\"@type\":\"ReadAction\",\"target\":[\"https:\\\/\\\/www.escapadarural.com\\\/blog\\\/el-laberinto-de-los-pirineos\\\/\"]}]},{\"@type\":\"ImageObject\",\"inLanguage\":\"es\",\"@id\":\"https:\\\/\\\/www.escapadarural.com\\\/blog\\\/el-laberinto-de-los-pirineos\\\/#primaryimage\",\"url\":\"https:\\\/\\\/www.escapadarural.com\\\/blog\\\/wp-content\\\/uploads\\\/2024\\\/10\\\/laberinto_telera.webp\",\"contentUrl\":\"https:\\\/\\\/www.escapadarural.com\\\/blog\\\/wp-content\\\/uploads\\\/2024\\\/10\\\/laberinto_telera.webp\",\"width\":1024,\"height\":617,\"caption\":\"Un frondoso bosque verde con un jard\u00edn circular y un peque\u00f1o edificio en primer plano, rodeado de altas y escarpadas monta\u00f1as parcialmente cubiertas de nieve bajo un cielo parcialmente nublado.\"},{\"@type\":\"BreadcrumbList\",\"@id\":\"https:\\\/\\\/www.escapadarural.com\\\/blog\\\/el-laberinto-de-los-pirineos\\\/#breadcrumb\",\"itemListElement\":[{\"@type\":\"ListItem\",\"position\":1,\"name\":\"Inicio\",\"item\":\"https:\\\/\\\/www.escapadarural.com\\\/blog\\\/\"},{\"@type\":\"ListItem\",\"position\":2,\"name\":\"Destinos\",\"item\":\"https:\\\/\\\/www.escapadarural.com\\\/blog\\\/categoria\\\/destinos\\\/\"},{\"@type\":\"ListItem\",\"position\":3,\"name\":\"El gran laberinto de los Pirineos: 3 kil\u00f3metros de desconcierto\"}]},{\"@type\":\"WebSite\",\"@id\":\"https:\\\/\\\/www.escapadarural.com\\\/blog\\\/#website\",\"url\":\"https:\\\/\\\/www.escapadarural.com\\\/blog\\\/\",\"name\":\"Blog de viajes | turismo rural, alojamientos e inspiraci\u00f3n\",\"description\":\"Alojamientos rurales e inspiraci\u00f3n para tus escapadas\",\"publisher\":{\"@id\":\"https:\\\/\\\/www.escapadarural.com\\\/blog\\\/#organization\"},\"alternateName\":\"Magazine de viajes de EscapadaRural\",\"potentialAction\":[{\"@type\":\"SearchAction\",\"target\":{\"@type\":\"EntryPoint\",\"urlTemplate\":\"https:\\\/\\\/www.escapadarural.com\\\/blog\\\/?s={search_term_string}\"},\"query-input\":{\"@type\":\"PropertyValueSpecification\",\"valueRequired\":true,\"valueName\":\"search_term_string\"}}],\"inLanguage\":\"es\"},{\"@type\":\"Organization\",\"@id\":\"https:\\\/\\\/www.escapadarural.com\\\/blog\\\/#organization\",\"name\":\"EscapadaRural\",\"url\":\"https:\\\/\\\/www.escapadarural.com\\\/blog\\\/\",\"logo\":{\"@type\":\"ImageObject\",\"inLanguage\":\"es\",\"@id\":\"https:\\\/\\\/www.escapadarural.com\\\/blog\\\/#\\\/schema\\\/logo\\\/image\\\/\",\"url\":\"https:\\\/\\\/www.escapadarural.com\\\/blog\\\/wp-content\\\/uploads\\\/2024\\\/10\\\/cropped-cropped-escapada-rural-icon-mag-3.png\",\"contentUrl\":\"https:\\\/\\\/www.escapadarural.com\\\/blog\\\/wp-content\\\/uploads\\\/2024\\\/10\\\/cropped-cropped-escapada-rural-icon-mag-3.png\",\"width\":512,\"height\":512,\"caption\":\"EscapadaRural\"},\"image\":{\"@id\":\"https:\\\/\\\/www.escapadarural.com\\\/blog\\\/#\\\/schema\\\/logo\\\/image\\\/\"},\"sameAs\":[\"https:\\\/\\\/www.facebook.com\\\/escapadarural\",\"https:\\\/\\\/www.instagram.com\\\/escapadarural\\\/\",\"https:\\\/\\\/www.youtube.com\\\/@escapadaruralcom\"]},{\"@type\":\"Person\",\"@id\":\"https:\\\/\\\/www.escapadarural.com\\\/blog\\\/#\\\/schema\\\/person\\\/42dfdff6118172efc6a04c8ae599a2ce\",\"name\":\"Carmen L\u00f3pez\",\"image\":{\"@type\":\"ImageObject\",\"inLanguage\":\"es\",\"@id\":\"https:\\\/\\\/www.escapadarural.com\\\/blog\\\/wp-content\\\/uploads\\\/2024\\\/11\\\/cropped-perfil_eldiario-96x96-1-96x96.jpeg\",\"url\":\"https:\\\/\\\/www.escapadarural.com\\\/blog\\\/wp-content\\\/uploads\\\/2024\\\/11\\\/cropped-perfil_eldiario-96x96-1-96x96.jpeg\",\"contentUrl\":\"https:\\\/\\\/www.escapadarural.com\\\/blog\\\/wp-content\\\/uploads\\\/2024\\\/11\\\/cropped-perfil_eldiario-96x96-1-96x96.jpeg\",\"caption\":\"Carmen L\u00f3pez\"},\"description\":\"Soy periodista y escribo sobre cosas que importan en sitios que interesan desde hace m\u00e1s de una d\u00e9cada.\",\"url\":\"https:\\\/\\\/www.escapadarural.com\\\/blog\\\/autor\\\/carmenlopez\\\/\"}]}<\/script>\n<!-- \/ Yoast SEO plugin. -->","yoast_head_json":{"title":"El gran laberinto de los Pirineos: 3 kil\u00f3metros de desconcierto - EscapadaRural","robots":{"index":"index","follow":"follow","max-snippet":"max-snippet:-1","max-image-preview":"max-image-preview:large","max-video-preview":"max-video-preview:-1"},"canonical":"https:\/\/www.escapadarural.com\/blog\/el-laberinto-de-los-pirineos\/","og_locale":"es_ES","og_type":"article","og_title":"El gran laberinto de los Pirineos: 3 kil\u00f3metros de desconcierto - EscapadaRural","og_description":"La sierra de la Partacua, en el Pirineo de Huesca, tiene una nueva atracci\u00f3n tur\u00edsica a sus pies: el Laberinto de los Pirineos en Piedrafita de Jaca, con un recorrido de 3 kil\u00f3metros.","og_url":"https:\/\/www.escapadarural.com\/blog\/el-laberinto-de-los-pirineos\/","og_site_name":"Magazine de viajes de EscapadaRural","article_publisher":"https:\/\/www.facebook.com\/escapadarural","article_published_time":"2024-07-03T08:05:59+00:00","article_modified_time":"2025-03-27T14:29:33+00:00","og_image":[{"width":1024,"height":617,"url":"https:\/\/www.escapadarural.com\/blog\/wp-content\/uploads\/2024\/10\/laberinto_telera.webp","type":"image\/webp"}],"author":"Carmen L\u00f3pez","twitter_card":"summary_large_image","twitter_misc":{"Escrito por":"Carmen L\u00f3pez","Tiempo de lectura":"7 minutos"},"schema":{"@context":"https:\/\/schema.org","@graph":[{"@type":"Article","@id":"https:\/\/www.escapadarural.com\/blog\/el-laberinto-de-los-pirineos\/#article","isPartOf":{"@id":"https:\/\/www.escapadarural.com\/blog\/el-laberinto-de-los-pirineos\/"},"author":{"name":"Carmen L\u00f3pez","@id":"https:\/\/www.escapadarural.com\/blog\/#\/schema\/person\/42dfdff6118172efc6a04c8ae599a2ce"},"headline":"El gran laberinto de los Pirineos: 3 kil\u00f3metros de desconcierto","datePublished":"2024-07-03T08:05:59+00:00","dateModified":"2025-03-27T14:29:33+00:00","mainEntityOfPage":{"@id":"https:\/\/www.escapadarural.com\/blog\/el-laberinto-de-los-pirineos\/"},"wordCount":1145,"commentCount":0,"publisher":{"@id":"https:\/\/www.escapadarural.com\/blog\/#organization"},"image":{"@id":"https:\/\/www.escapadarural.com\/blog\/el-laberinto-de-los-pirineos\/#primaryimage"},"thumbnailUrl":"https:\/\/www.escapadarural.com\/blog\/wp-content\/uploads\/2024\/10\/laberinto_telera.webp","keywords":["Alto G\u00e1llego","Arag\u00f3n","Familia","laberinto","laberinto de los pirineos","piedrafita de jaca"],"articleSection":["Destinos"],"inLanguage":"es","potentialAction":[{"@type":"CommentAction","name":"Comment","target":["https:\/\/www.escapadarural.com\/blog\/el-laberinto-de-los-pirineos\/#respond"]}]},{"@type":"WebPage","@id":"https:\/\/www.escapadarural.com\/blog\/el-laberinto-de-los-pirineos\/","url":"https:\/\/www.escapadarural.com\/blog\/el-laberinto-de-los-pirineos\/","name":"El gran laberinto de los Pirineos: 3 kil\u00f3metros de desconcierto - EscapadaRural","isPartOf":{"@id":"https:\/\/www.escapadarural.com\/blog\/#website"},"primaryImageOfPage":{"@id":"https:\/\/www.escapadarural.com\/blog\/el-laberinto-de-los-pirineos\/#primaryimage"},"image":{"@id":"https:\/\/www.escapadarural.com\/blog\/el-laberinto-de-los-pirineos\/#primaryimage"},"thumbnailUrl":"https:\/\/www.escapadarural.com\/blog\/wp-content\/uploads\/2024\/10\/laberinto_telera.webp","datePublished":"2024-07-03T08:05:59+00:00","dateModified":"2025-03-27T14:29:33+00:00","breadcrumb":{"@id":"https:\/\/www.escapadarural.com\/blog\/el-laberinto-de-los-pirineos\/#breadcrumb"},"inLanguage":"es","potentialAction":[{"@type":"ReadAction","target":["https:\/\/www.escapadarural.com\/blog\/el-laberinto-de-los-pirineos\/"]}]},{"@type":"ImageObject","inLanguage":"es","@id":"https:\/\/www.escapadarural.com\/blog\/el-laberinto-de-los-pirineos\/#primaryimage","url":"https:\/\/www.escapadarural.com\/blog\/wp-content\/uploads\/2024\/10\/laberinto_telera.webp","contentUrl":"https:\/\/www.escapadarural.com\/blog\/wp-content\/uploads\/2024\/10\/laberinto_telera.webp","width":1024,"height":617,"caption":"Un frondoso bosque verde con un jard\u00edn circular y un peque\u00f1o edificio en primer plano, rodeado de altas y escarpadas monta\u00f1as parcialmente cubiertas de nieve bajo un cielo parcialmente nublado."},{"@type":"BreadcrumbList","@id":"https:\/\/www.escapadarural.com\/blog\/el-laberinto-de-los-pirineos\/#breadcrumb","itemListElement":[{"@type":"ListItem","position":1,"name":"Inicio","item":"https:\/\/www.escapadarural.com\/blog\/"},{"@type":"ListItem","position":2,"name":"Destinos","item":"https:\/\/www.escapadarural.com\/blog\/categoria\/destinos\/"},{"@type":"ListItem","position":3,"name":"El gran laberinto de los Pirineos: 3 kil\u00f3metros de desconcierto"}]},{"@type":"WebSite","@id":"https:\/\/www.escapadarural.com\/blog\/#website","url":"https:\/\/www.escapadarural.com\/blog\/","name":"Blog de viajes | turismo rural, alojamientos e inspiraci\u00f3n","description":"Alojamientos rurales e inspiraci\u00f3n para tus escapadas","publisher":{"@id":"https:\/\/www.escapadarural.com\/blog\/#organization"},"alternateName":"Magazine de viajes de EscapadaRural","potentialAction":[{"@type":"SearchAction","target":{"@type":"EntryPoint","urlTemplate":"https:\/\/www.escapadarural.com\/blog\/?s={search_term_string}"},"query-input":{"@type":"PropertyValueSpecification","valueRequired":true,"valueName":"search_term_string"}}],"inLanguage":"es"},{"@type":"Organization","@id":"https:\/\/www.escapadarural.com\/blog\/#organization","name":"EscapadaRural","url":"https:\/\/www.escapadarural.com\/blog\/","logo":{"@type":"ImageObject","inLanguage":"es","@id":"https:\/\/www.escapadarural.com\/blog\/#\/schema\/logo\/image\/","url":"https:\/\/www.escapadarural.com\/blog\/wp-content\/uploads\/2024\/10\/cropped-cropped-escapada-rural-icon-mag-3.png","contentUrl":"https:\/\/www.escapadarural.com\/blog\/wp-content\/uploads\/2024\/10\/cropped-cropped-escapada-rural-icon-mag-3.png","width":512,"height":512,"caption":"EscapadaRural"},"image":{"@id":"https:\/\/www.escapadarural.com\/blog\/#\/schema\/logo\/image\/"},"sameAs":["https:\/\/www.facebook.com\/escapadarural","https:\/\/www.instagram.com\/escapadarural\/","https:\/\/www.youtube.com\/@escapadaruralcom"]},{"@type":"Person","@id":"https:\/\/www.escapadarural.com\/blog\/#\/schema\/person\/42dfdff6118172efc6a04c8ae599a2ce","name":"Carmen L\u00f3pez","image":{"@type":"ImageObject","inLanguage":"es","@id":"https:\/\/www.escapadarural.com\/blog\/wp-content\/uploads\/2024\/11\/cropped-perfil_eldiario-96x96-1-96x96.jpeg","url":"https:\/\/www.escapadarural.com\/blog\/wp-content\/uploads\/2024\/11\/cropped-perfil_eldiario-96x96-1-96x96.jpeg","contentUrl":"https:\/\/www.escapadarural.com\/blog\/wp-content\/uploads\/2024\/11\/cropped-perfil_eldiario-96x96-1-96x96.jpeg","caption":"Carmen L\u00f3pez"},"description":"Soy periodista y escribo sobre cosas que importan en sitios que interesan desde hace m\u00e1s de una d\u00e9cada.","url":"https:\/\/www.escapadarural.com\/blog\/autor\/carmenlopez\/"}]}},"_links":{"self":[{"href":"https:\/\/www.escapadarural.com\/blog\/wp-json\/wp\/v2\/posts\/78379","targetHints":{"allow":["GET"]}}],"collection":[{"href":"https:\/\/www.escapadarural.com\/blog\/wp-json\/wp\/v2\/posts"}],"about":[{"href":"https:\/\/www.escapadarural.com\/blog\/wp-json\/wp\/v2\/types\/post"}],"author":[{"embeddable":true,"href":"https:\/\/www.escapadarural.com\/blog\/wp-json\/wp\/v2\/users\/114"}],"replies":[{"embeddable":true,"href":"https:\/\/www.escapadarural.com\/blog\/wp-json\/wp\/v2\/comments?post=78379"}],"version-history":[{"count":0,"href":"https:\/\/www.escapadarural.com\/blog\/wp-json\/wp\/v2\/posts\/78379\/revisions"}],"wp:featuredmedia":[{"embeddable":true,"href":"https:\/\/www.escapadarural.com\/blog\/wp-json\/wp\/v2\/media\/91240"}],"wp:attachment":[{"href":"https:\/\/www.escapadarural.com\/blog\/wp-json\/wp\/v2\/media?parent=78379"}],"wp:term":[{"taxonomy":"category","embeddable":true,"href":"https:\/\/www.escapadarural.com\/blog\/wp-json\/wp\/v2\/categories?post=78379"},{"taxonomy":"post_tag","embeddable":true,"href":"https:\/\/www.escapadarural.com\/blog\/wp-json\/wp\/v2\/tags?post=78379"}],"curies":[{"name":"wp","href":"https:\/\/api.w.org\/{rel}","templated":true}]}}