{"id":7842,"date":"2016-10-13T18:08:59","date_gmt":"2016-10-13T18:08:59","guid":{"rendered":"http:\/\/15.188.81.248\/2016\/10\/13\/el-pedraforca-la-montana-magica-de-barcelona\/"},"modified":"2025-01-16T14:52:31","modified_gmt":"2025-01-16T12:52:31","slug":"el-pedraforca-la-montana-magica-de-barcelona","status":"publish","type":"post","link":"https:\/\/www.escapadarural.com\/blog\/el-pedraforca-la-montana-magica-de-barcelona\/","title":{"rendered":"El Pedraforca, la monta\u00f1a m\u00e1gica de Barcelona"},"content":{"rendered":"\n<figure class=\"wp-block-image size-large\"><a href=\"https:\/\/www.escapadarural.com\/blog\/wp-content\/uploads\/2016\/10\/subir-1.jpg\"><img decoding=\"async\" src=\"https:\/\/www.escapadarural.com\/blog\/wp-content\/uploads\/2016\/10\/subir-1.jpg\" alt=\"Pedraforca\" class=\"wp-image-30147\"\/><\/a><figcaption class=\"wp-element-caption\">Fuente: Gonzalo Sanguinetti_Diputaci\u00f3 de Barcelona<\/figcaption><\/figure>\n\n\n\n<p><br>El peculiar perfil en forma de U del <strong><a rel=\"noopener noreferrer\" href=\"https:\/\/www.barcelonaesmoltmes.cat\/es\" target=\"_blank\" class=\"rank-math-link\">Pedraforca<\/a>,<\/strong> en el Parque Natural de Cad\u00ed-Moixer\u00f2, ha sido suficiente para declararla <strong>una de las monta\u00f1as m\u00e1s populares y m\u00e1gicas de la provincia de Barcelona<\/strong>. Con una base de s\u00f3lo 3 km, el macizo emerge por encima de los 2.500 metros sorprendiendo a propios y extra\u00f1os.<\/p>\n\n\n\n<p>Y es que este afamado monumento natural, situado en la comarca barcelonesa del Bergued\u00e0, es un buen reclamo, y regalo, para los aficionados a la escalada. <strong>No hay una monta\u00f1a con m\u00e1s v\u00edas de escalada en toda Catalu\u00f1a.<\/strong> Se ha trepado por ella desde todos sus \u00e1ngulos, ya que su magnetismo es palpable incluso para los que realizan un turismo de monta\u00f1a de menor intensidad. La cara norte es la m\u00e1s impresionante: 800 metros de pared brutal que sobresale desde el Valle del Gresolet. No obstante, si quieres disfrutar tranquilamente de la naturaleza, Pedraforca te ofrece diferente alternativas de senderismo y la mayor\u00eda son ideales para escaparse en familia o con amigos. \u00bfQuieres conocerlas?<br><\/p>\n\n\n\n<!--more-->\n\n\n<div class=\"wp-block-image\">\n<figure class=\"aligncenter size-large\"><a href=\"https:\/\/www.escapadarural.com\/blog\/wp-content\/uploads\/2016\/10\/155Bergueda-Pedraforca-copia-1.jpg\"><img decoding=\"async\" src=\"https:\/\/www.escapadarural.com\/blog\/wp-content\/uploads\/2016\/10\/155Bergueda-Pedraforca-copia-1.jpg\" alt=\"Pedraforca\" class=\"wp-image-30146\"\/><\/a><figcaption class=\"wp-element-caption\">Fuente: Gonzalo Sanguinetti_Diputaci\u00f3 de Barcelona<\/figcaption><\/figure>\n<\/div>\n\n\n<h2 class=\"wp-block-heading\">Curiosidades de la fauna y flora en el Pedraforca<\/h2>\n\n\n\n<p><br>Es indiscutible que la naturaleza en Pedraforca rebosa. Es el juguete perfecto para los ge\u00f3logos, pues son sabedores de la complejidad y riqueza \u00fanica que posee esta monta\u00f1a.<\/p>\n\n\n\n<p>Se form\u00f3 en varias etapas, cuando se levantaban los Pirineos. En la zona superior, por ejemplo, hay materiales que corresponden al Jur\u00e1sico, y la erosi\u00f3n de los elementos blandos del Cret\u00e1cico ha otorgado a Pedraforca su caracter\u00edstica silueta, formada por dos picos.<\/p>\n\n\n\n<p>La altura del Pedraforca condiciona la vegetaci\u00f3n que le rodea. Bajo los 1.700 m de altitud, se disponen robledales, avellanos, arces e incluso rosales. Es la zona que la mayor\u00eda de visitantes admira.<\/p>\n\n\n\n<p><strong>Por encima de los 1.700 metros<\/strong> el decorado cambia. Hasta los 2.300 rodea el Pedraforca un clima de monta\u00f1a que ha dado majestuosas con\u00edferas de abeto, pino negro, sotobosque de boj y t\u00e9 de bosque. Sobre los 2.300 metros, <strong>existen unas limitaciones dur\u00edsimas para la vida vegetal y animal<\/strong> y en estas condiciones <strong>solo se han podido adaptar dos especies ancestrales:<\/strong> \u201cl\u2019orella d\u2019\u00f3s\u201d (Ramonda myconi), de hace unos 25 millones de a\u00f1os, es considerada un f\u00f3sil viviente. Y la \u201cCorona del rey\u201d (Saxifraga longifolia), que se asent\u00f3 durante las primeras glaciaciones, hace 1 mill\u00f3n de a\u00f1os, y sirvi\u00f3 como remedio popular para los pastores en los partos dif\u00edciles del ganado.<\/p>\n\n\n\n<figure class=\"wp-block-image size-large\"><a href=\"https:\/\/www.escapadarural.com\/blog\/wp-content\/uploads\/2016\/10\/subir1-1.jpg\"><img decoding=\"async\" src=\"https:\/\/www.escapadarural.com\/blog\/wp-content\/uploads\/2016\/10\/subir1-1-1024x681.jpg\" alt=\"Pedraforca\" class=\"wp-image-30145\"\/><\/a><figcaption class=\"wp-element-caption\">Fuente: Josep Cano_Diputaci\u00f3 de Barcelona\n\n<\/figcaption><\/figure>\n\n\n\n<p>\u00bfY qu\u00e9 <strong>animales<\/strong> conforman la comunidad del Pedraforca? Hay de todo: mam\u00edferos, aves, reptiles y anfibios e invertebrados.<\/p>\n\n\n\n<p>Los mam\u00edferos que mejor se han acondicionado a este clima de monta\u00f1a son las cabras, que se\u00f1orean las cimas del macizo. Tambi\u00e9n corren conejos por las laderas del Pedraforca, zorros, topos y musara\u00f1as. En cuanto a las aves, son curios\u00edsimos los urogallos del Macizo (un animal escurridizo y colorido), entre otros p\u00e1jaros de excepci\u00f3n para los amantes del turismo ornitol\u00f3gico. Por \u00faltimo, la excepcional comunidad de mariposas provoca carreras entre ni\u00f1os y adultos. Unos seres fant\u00e1sticos que con sus coloridos y aleteos alimentan la magia y las leyendas del lugar.<\/p>\n\n\n\n<h2 class=\"wp-block-heading\"><strong>Leyendas que enriquecen<\/strong><\/h2>\n\n\n\n<p><a rel=\"noopener noreferrer\" href=\"https:\/\/www.barcelonaesmoltmes.cat\/es\/web\/descobreix\/detall\/-\/dades\/H0XtQmAswXNg\/detall\/17_17001_11\/Paratge-Natural-d'Inter%C3%A8s-Nacional--del-mass%C3%ADs-del-Pedraforca\" target=\"_blank\" class=\"rank-math-link\">La monta\u00f1a m\u00e1gica de Barcelona<\/a> siempre ha sido foco de leyendas. Y el collado entre los dos picos de la monta\u00f1a el paraje de los aquelarres. Dicen que se celebraban en las noches de San Juan, 23 de junio, y de San Silvestre, el 31 de diciembre. Las brujas sub\u00edan en sus escobas o andando desde G\u00f3sol, un peque\u00f1o pueblo a los pies del Pedraforca. Arriba, en la cima, se pueden revivir aquellos momentos. Calderos, gatos negros, huesos y conjuros formaban parte de las noches de brujer\u00eda.<\/p>\n\n\n\n<p>Sin embargo, <strong>la leyenda por antonomasia es la que narra el por qu\u00e9 de los dos picos en el Pedraforca<\/strong>. Cuentan que hace muchos siglos en esta monta\u00f1a m\u00e1gica se alzaba un majestuoso castillo. Su due\u00f1o, al principio comprensible y justo con sus vecinos, se convirti\u00f3 en un hombre cruel. Cansados de su mal humor los habitantes acudieron a la anciana que habitaba en el bosque del Gresolet y la mujer les dijo que reclamasen ayuda a los \u00e1ngeles del cielo y que aquella misma noche se encerrasen en casa y no hiciesen caso de los fuertes ruidos.<\/p>\n\n\n\n<p>A media noche, comenzaron unos chillidos escalofriantes. Aquel siniestro personaje que apareci\u00f3 en el castillo era el demonio enfrent\u00e1ndose a un ej\u00e9rcito de \u00e1ngeles. Pronto, los gritos se mezclaron con los crujidos de los muros del castillo que acab\u00f3 cayendo monta\u00f1a abajo. La lucha que dur\u00f3 tres d\u00edas y tres noches cubri\u00f3 la cima de una espesa polvareda. Cuando la contienda termin\u00f3, la monta\u00f1a apareci\u00f3 partida en dos.<\/p>\n\n\n\n<p>Fueron los \u00e1ngeles quienes salvaron a los caballeros del castillo pero, como castigo por su codicia, fueron condenados a reconstruirlo. Desde entonces, por las noches se sienten ruidos. Dicen que son los caballeros transportando piedras. Pero cuando sale el sol todo lo que han construido rueda ladera abajo.<\/p>\n\n\n\n<h2 class=\"wp-block-heading\"><strong>Ocio para toda la familia en Pedraforca<\/strong><\/h2>\n\n\n\n<figure class=\"wp-block-image size-large\"><a href=\"https:\/\/www.escapadarural.com\/blog\/wp-content\/uploads\/2016\/10\/Refugio-copia-1.jpg\"><img decoding=\"async\" src=\"https:\/\/www.escapadarural.com\/blog\/wp-content\/uploads\/2016\/10\/Refugio-copia-1-1024x681.jpg\" alt=\"Pedraforca\" class=\"wp-image-30144\"\/><\/a><figcaption class=\"wp-element-caption\">Fuente: Josep Cano_Diputaci\u00f3 de Barcelona\n\n<\/figcaption><\/figure>\n\n\n\n<p>S\u00ed que es cierto que la ascensi\u00f3n al Pedraforca no es apta para cualquiera. El v\u00e9rtigo puede traicionarte, y tu forma f\u00edsica tiene que ser la id\u00f3nea. Adem\u00e1s, el d\u00eda debe acompa\u00f1arte. No obstante, llegar a la cima es una verdadera satisfacci\u00f3n. Desde arriba las vistas son extraordinarias, as\u00ed que, si puedes, no te las pierdas.<\/p>\n\n\n\n<p>Sin embargo, <strong>para las familias con ni\u00f1os y amigos m\u00e1s prudentes tambi\u00e9n hay varias opciones para el disfrute<\/strong>. Una de ellas, la m\u00e1s com\u00fan quiz\u00e1, es salir desde el pueblo de Saldes, por una pista asfaltada, y llegar hasta el mirador de Gresolet. Ah\u00ed, una vista panor\u00e1mica impresionante sobre la cordillera del Cad\u00ed te dar\u00e1 la bienvenida. Por el camino no corras, pues los infinitos recovecos para admirar y contactar con el destino ser\u00e1n tus aliados.<\/p>\n\n\n\n<p>Otra de las posibilidades, no menos interesante, es la ruta denominada Pedraforca 360\u00ba. Un recorrido circular que comienza en la plaza de G\u00f3sol, situada a la izquierda del Ayuntamiento. Organiza una escapada de dos d\u00edas para divisar y conocer Pedraforca al completo, haciendo noche en el refugio de monta\u00f1a, Llu\u00eds Estasen. No obstante, la comarca del Bergued\u00e0 tiene una amplia oferta de alojamientos rurales para los que deseen hacer una escapada alternativa.<\/p>\n\n\n\n<p><strong>La lista de rutas y actividades suma y sigue:<\/strong> p\u00edcnics, barbacoas, gastronom\u00eda local, ferias y eventos, paseos a caballo o en BTT e incluso centros de aventura para los m\u00e1s peque\u00f1os de la casa es lo que te espera. Las actividades de ocio en el entorno de Pedraforca son casi ilimitadas. \u00c9chales un ojo a todas ellas y elige c\u00f3mo pasar unos d\u00edas cerca de la monta\u00f1a m\u00e1gica de Barcelona.<\/p>\n\n\n\n<figure class=\"wp-block-image size-large\"><a href=\"https:\/\/www.escapadarural.com\/blog\/wp-content\/uploads\/2016\/10\/Subir-1-1.jpg\"><img decoding=\"async\" src=\"https:\/\/www.escapadarural.com\/blog\/wp-content\/uploads\/2016\/10\/Subir-1-1-1024x683.jpg\" alt=\"Pedraforca\" class=\"wp-image-30143\"\/><\/a><figcaption class=\"wp-element-caption\">Fuente: Manel Cuesta_Diputaci\u00f3 de Barcelona\n\n<\/figcaption><\/figure>\n\n\n\n<h2 class=\"wp-block-heading\"><strong>Miradores a vista de p\u00e1jaro<\/strong><\/h2>\n\n\n\n<p>El Pedraforca ofrece unas preciosas panor\u00e1micas que dejan al descubierto la cultura, la historia y la naturaleza del lugar. Sus <strong>m\u00faltiples miradores<\/strong> atesoran fotograf\u00edas \u00fanicas. Y en cada uno de ellos encontrar\u00e1s una estatua de dos personajes y sus respectivas descripciones, adaptadas tanto para adultos como para ni\u00f1os.<\/p>\n\n\n\n<p>Puedes asomarte al mirador del Pedraforca o al mirador de Gresolet y descubrir, en primera persona, el paisaje que tendr\u00e1s a tus pies.<\/p>\n","protected":false},"excerpt":{"rendered":"<p>El peculiar perfil en forma de U del Pedraforca, en el Parque Natural de Cad\u00ed-Moixer\u00f2, ha sido suficiente para declararla una de las monta\u00f1as m\u00e1s populares y m\u00e1gicas de la provincia de Barcelona. Con una base de s\u00f3lo 3 km, el macizo emerge por encima de los 2.500 metros sorprendiendo a propios y extra\u00f1os.<\/p>\n","protected":false},"author":98,"featured_media":105559,"comment_status":"open","ping_status":"closed","sticky":false,"template":"","format":"standard","meta":{"_acf_changed":false,"om_disable_all_campaigns":false,"footnotes":""},"categories":[191],"tags":[260,211,1325,1895,5994,511,579,866,1896],"class_list":["post-7842","post","type-post","status-publish","format-standard","has-post-thumbnail","hentry","category-destinos","tag-articulo","tag-que-ver-en-barcelona","tag-bergueda-2","tag-cadi-moixero","tag-que-ver-en-cataluna","tag-familia","tag-parque-natural","tag-parques-naturales","tag-pedraforca"],"acf":[],"featured_image_src":"https:\/\/www.escapadarural.com\/blog\/wp-content\/uploads\/2024\/10\/subir-1-1.jpg","author_info":{"display_name":"Miryam Tejada","author_link":"https:\/\/www.escapadarural.com\/blog\/autor\/miryam\/"},"yoast_head":"<!-- This site is optimized with the Yoast SEO plugin v27.5 - https:\/\/yoast.com\/product\/yoast-seo-wordpress\/ -->\n<title>El Pedraforca, la monta\u00f1a m\u00e1gica de Barcelona - EscapadaRural<\/title>\n<meta name=\"robots\" content=\"index, follow, max-snippet:-1, max-image-preview:large, max-video-preview:-1\" \/>\n<link rel=\"canonical\" href=\"https:\/\/www.escapadarural.com\/blog\/el-pedraforca-la-montana-magica-de-barcelona\/\" \/>\n<meta property=\"og:locale\" content=\"es_ES\" \/>\n<meta property=\"og:type\" content=\"article\" \/>\n<meta property=\"og:title\" content=\"El Pedraforca, la monta\u00f1a m\u00e1gica de Barcelona - EscapadaRural\" \/>\n<meta property=\"og:description\" content=\"El peculiar perfil en forma de U del Pedraforca, en el Parque Natural de Cad\u00ed-Moixer\u00f2, ha sido suficiente para declararla una de las monta\u00f1as m\u00e1s populares y m\u00e1gicas de la provincia de Barcelona. Con una base de s\u00f3lo 3 km, el macizo emerge por encima de los 2.500 metros sorprendiendo a propios y extra\u00f1os.\" \/>\n<meta property=\"og:url\" content=\"https:\/\/www.escapadarural.com\/blog\/el-pedraforca-la-montana-magica-de-barcelona\/\" \/>\n<meta property=\"og:site_name\" content=\"Magazine de viajes de EscapadaRural\" \/>\n<meta property=\"article:publisher\" content=\"https:\/\/www.facebook.com\/escapadarural\" \/>\n<meta property=\"article:published_time\" content=\"2016-10-13T18:08:59+00:00\" \/>\n<meta property=\"article:modified_time\" content=\"2025-01-16T12:52:31+00:00\" \/>\n<meta property=\"og:image\" content=\"https:\/\/app.escapadarural.com\/blog\/wp-content\/uploads\/2024\/10\/subir-1-1.jpg\" \/>\n\t<meta property=\"og:image:width\" content=\"800\" \/>\n\t<meta property=\"og:image:height\" content=\"540\" \/>\n\t<meta property=\"og:image:type\" content=\"image\/jpeg\" \/>\n<meta name=\"author\" content=\"Miryam Tejada\" \/>\n<meta name=\"twitter:card\" content=\"summary_large_image\" \/>\n<meta name=\"twitter:label1\" content=\"Escrito por\" \/>\n\t<meta name=\"twitter:data1\" content=\"Miryam Tejada\" \/>\n\t<meta name=\"twitter:label2\" content=\"Tiempo de lectura\" \/>\n\t<meta name=\"twitter:data2\" content=\"6 minutos\" \/>\n<script type=\"application\/ld+json\" class=\"yoast-schema-graph\">{\"@context\":\"https:\\\/\\\/schema.org\",\"@graph\":[{\"@type\":\"Article\",\"@id\":\"https:\\\/\\\/www.escapadarural.com\\\/blog\\\/el-pedraforca-la-montana-magica-de-barcelona\\\/#article\",\"isPartOf\":{\"@id\":\"https:\\\/\\\/www.escapadarural.com\\\/blog\\\/el-pedraforca-la-montana-magica-de-barcelona\\\/\"},\"author\":{\"name\":\"Miryam Tejada\",\"@id\":\"https:\\\/\\\/www.escapadarural.com\\\/blog\\\/#\\\/schema\\\/person\\\/3a79b504f208fd6cf3bb52c608e311f0\"},\"headline\":\"El Pedraforca, la monta\u00f1a m\u00e1gica de Barcelona\",\"datePublished\":\"2016-10-13T18:08:59+00:00\",\"dateModified\":\"2025-01-16T12:52:31+00:00\",\"mainEntityOfPage\":{\"@id\":\"https:\\\/\\\/www.escapadarural.com\\\/blog\\\/el-pedraforca-la-montana-magica-de-barcelona\\\/\"},\"wordCount\":1278,\"commentCount\":0,\"publisher\":{\"@id\":\"https:\\\/\\\/www.escapadarural.com\\\/blog\\\/#organization\"},\"image\":{\"@id\":\"https:\\\/\\\/www.escapadarural.com\\\/blog\\\/el-pedraforca-la-montana-magica-de-barcelona\\\/#primaryimage\"},\"thumbnailUrl\":\"https:\\\/\\\/www.escapadarural.com\\\/blog\\\/wp-content\\\/uploads\\\/2024\\\/10\\\/subir-1-1.jpg\",\"keywords\":[\"art\u00edculo\",\"Barcelona\",\"Bergueda\",\"Cad\u00ed-Moixer\u00f3\",\"Catalu\u00f1a\",\"Familia\",\"Parque Natural\",\"Parques Naturales\",\"Pedraforca\"],\"articleSection\":[\"Destinos\"],\"inLanguage\":\"es\",\"potentialAction\":[{\"@type\":\"CommentAction\",\"name\":\"Comment\",\"target\":[\"https:\\\/\\\/www.escapadarural.com\\\/blog\\\/el-pedraforca-la-montana-magica-de-barcelona\\\/#respond\"]}]},{\"@type\":\"WebPage\",\"@id\":\"https:\\\/\\\/www.escapadarural.com\\\/blog\\\/el-pedraforca-la-montana-magica-de-barcelona\\\/\",\"url\":\"https:\\\/\\\/www.escapadarural.com\\\/blog\\\/el-pedraforca-la-montana-magica-de-barcelona\\\/\",\"name\":\"El Pedraforca, la monta\u00f1a m\u00e1gica de Barcelona - EscapadaRural\",\"isPartOf\":{\"@id\":\"https:\\\/\\\/www.escapadarural.com\\\/blog\\\/#website\"},\"primaryImageOfPage\":{\"@id\":\"https:\\\/\\\/www.escapadarural.com\\\/blog\\\/el-pedraforca-la-montana-magica-de-barcelona\\\/#primaryimage\"},\"image\":{\"@id\":\"https:\\\/\\\/www.escapadarural.com\\\/blog\\\/el-pedraforca-la-montana-magica-de-barcelona\\\/#primaryimage\"},\"thumbnailUrl\":\"https:\\\/\\\/www.escapadarural.com\\\/blog\\\/wp-content\\\/uploads\\\/2024\\\/10\\\/subir-1-1.jpg\",\"datePublished\":\"2016-10-13T18:08:59+00:00\",\"dateModified\":\"2025-01-16T12:52:31+00:00\",\"breadcrumb\":{\"@id\":\"https:\\\/\\\/www.escapadarural.com\\\/blog\\\/el-pedraforca-la-montana-magica-de-barcelona\\\/#breadcrumb\"},\"inLanguage\":\"es\",\"potentialAction\":[{\"@type\":\"ReadAction\",\"target\":[\"https:\\\/\\\/www.escapadarural.com\\\/blog\\\/el-pedraforca-la-montana-magica-de-barcelona\\\/\"]}]},{\"@type\":\"ImageObject\",\"inLanguage\":\"es\",\"@id\":\"https:\\\/\\\/www.escapadarural.com\\\/blog\\\/el-pedraforca-la-montana-magica-de-barcelona\\\/#primaryimage\",\"url\":\"https:\\\/\\\/www.escapadarural.com\\\/blog\\\/wp-content\\\/uploads\\\/2024\\\/10\\\/subir-1-1.jpg\",\"contentUrl\":\"https:\\\/\\\/www.escapadarural.com\\\/blog\\\/wp-content\\\/uploads\\\/2024\\\/10\\\/subir-1-1.jpg\",\"width\":800,\"height\":540,\"caption\":\"Dos excursionistas con mochilas caminan por un estrecho sendero de monta\u00f1a rodeado de \u00e1rboles y vegetaci\u00f3n, con altos picos rocosos y un cielo azul con estelas de aviones de fondo.\"},{\"@type\":\"BreadcrumbList\",\"@id\":\"https:\\\/\\\/www.escapadarural.com\\\/blog\\\/el-pedraforca-la-montana-magica-de-barcelona\\\/#breadcrumb\",\"itemListElement\":[{\"@type\":\"ListItem\",\"position\":1,\"name\":\"Inicio\",\"item\":\"https:\\\/\\\/www.escapadarural.com\\\/blog\\\/\"},{\"@type\":\"ListItem\",\"position\":2,\"name\":\"Destinos\",\"item\":\"https:\\\/\\\/www.escapadarural.com\\\/blog\\\/categoria\\\/destinos\\\/\"},{\"@type\":\"ListItem\",\"position\":3,\"name\":\"El Pedraforca, la monta\u00f1a m\u00e1gica de Barcelona\"}]},{\"@type\":\"WebSite\",\"@id\":\"https:\\\/\\\/www.escapadarural.com\\\/blog\\\/#website\",\"url\":\"https:\\\/\\\/www.escapadarural.com\\\/blog\\\/\",\"name\":\"Blog de viajes | turismo rural, alojamientos e inspiraci\u00f3n\",\"description\":\"Alojamientos rurales e inspiraci\u00f3n para tus escapadas\",\"publisher\":{\"@id\":\"https:\\\/\\\/www.escapadarural.com\\\/blog\\\/#organization\"},\"alternateName\":\"Magazine de viajes de EscapadaRural\",\"potentialAction\":[{\"@type\":\"SearchAction\",\"target\":{\"@type\":\"EntryPoint\",\"urlTemplate\":\"https:\\\/\\\/www.escapadarural.com\\\/blog\\\/?s={search_term_string}\"},\"query-input\":{\"@type\":\"PropertyValueSpecification\",\"valueRequired\":true,\"valueName\":\"search_term_string\"}}],\"inLanguage\":\"es\"},{\"@type\":\"Organization\",\"@id\":\"https:\\\/\\\/www.escapadarural.com\\\/blog\\\/#organization\",\"name\":\"EscapadaRural\",\"url\":\"https:\\\/\\\/www.escapadarural.com\\\/blog\\\/\",\"logo\":{\"@type\":\"ImageObject\",\"inLanguage\":\"es\",\"@id\":\"https:\\\/\\\/www.escapadarural.com\\\/blog\\\/#\\\/schema\\\/logo\\\/image\\\/\",\"url\":\"https:\\\/\\\/www.escapadarural.com\\\/blog\\\/wp-content\\\/uploads\\\/2024\\\/10\\\/cropped-cropped-escapada-rural-icon-mag-3.png\",\"contentUrl\":\"https:\\\/\\\/www.escapadarural.com\\\/blog\\\/wp-content\\\/uploads\\\/2024\\\/10\\\/cropped-cropped-escapada-rural-icon-mag-3.png\",\"width\":512,\"height\":512,\"caption\":\"EscapadaRural\"},\"image\":{\"@id\":\"https:\\\/\\\/www.escapadarural.com\\\/blog\\\/#\\\/schema\\\/logo\\\/image\\\/\"},\"sameAs\":[\"https:\\\/\\\/www.facebook.com\\\/escapadarural\",\"https:\\\/\\\/www.instagram.com\\\/escapadarural\\\/\",\"https:\\\/\\\/www.youtube.com\\\/@escapadaruralcom\"]},{\"@type\":\"Person\",\"@id\":\"https:\\\/\\\/www.escapadarural.com\\\/blog\\\/#\\\/schema\\\/person\\\/3a79b504f208fd6cf3bb52c608e311f0\",\"name\":\"Miryam Tejada\",\"image\":{\"@type\":\"ImageObject\",\"inLanguage\":\"es\",\"@id\":\"https:\\\/\\\/www.escapadarural.com\\\/blog\\\/wp-content\\\/uploads\\\/2024\\\/12\\\/cropped-PXL_20240524_141044774.PORTRAIT.ORIGINAL-1-scaled-2-96x96.jpg\",\"url\":\"https:\\\/\\\/www.escapadarural.com\\\/blog\\\/wp-content\\\/uploads\\\/2024\\\/12\\\/cropped-PXL_20240524_141044774.PORTRAIT.ORIGINAL-1-scaled-2-96x96.jpg\",\"contentUrl\":\"https:\\\/\\\/www.escapadarural.com\\\/blog\\\/wp-content\\\/uploads\\\/2024\\\/12\\\/cropped-PXL_20240524_141044774.PORTRAIT.ORIGINAL-1-scaled-2-96x96.jpg\",\"caption\":\"Miryam Tejada\"},\"description\":\"Mi t\u00edtulo universitario dice que soy licenciada en periodismo, pero realmente soy una todoterreno a la que le pill\u00f3 la transici\u00f3n del mundo anal\u00f3gico al digital de pleno. Es decir, soy millennial, y eso lo que conlleva, seg\u00fan las habladur\u00edas, es que me dejo llevar y priorizo mi bienestar. O lo que es lo mismo, soy una apasionada de los viajes y las experiencias, del simple hecho de tomar unas cervezas entre amigas, organizar una buena comilona en la sociedad con sobremesa larga incluida o pasar las tardes en el parque con mis gemelos.\",\"url\":\"https:\\\/\\\/www.escapadarural.com\\\/blog\\\/autor\\\/miryam\\\/\"}]}<\/script>\n<!-- \/ Yoast SEO plugin. -->","yoast_head_json":{"title":"El Pedraforca, la monta\u00f1a m\u00e1gica de Barcelona - EscapadaRural","robots":{"index":"index","follow":"follow","max-snippet":"max-snippet:-1","max-image-preview":"max-image-preview:large","max-video-preview":"max-video-preview:-1"},"canonical":"https:\/\/www.escapadarural.com\/blog\/el-pedraforca-la-montana-magica-de-barcelona\/","og_locale":"es_ES","og_type":"article","og_title":"El Pedraforca, la monta\u00f1a m\u00e1gica de Barcelona - EscapadaRural","og_description":"El peculiar perfil en forma de U del Pedraforca, en el Parque Natural de Cad\u00ed-Moixer\u00f2, ha sido suficiente para declararla una de las monta\u00f1as m\u00e1s populares y m\u00e1gicas de la provincia de Barcelona. Con una base de s\u00f3lo 3 km, el macizo emerge por encima de los 2.500 metros sorprendiendo a propios y extra\u00f1os.","og_url":"https:\/\/www.escapadarural.com\/blog\/el-pedraforca-la-montana-magica-de-barcelona\/","og_site_name":"Magazine de viajes de EscapadaRural","article_publisher":"https:\/\/www.facebook.com\/escapadarural","article_published_time":"2016-10-13T18:08:59+00:00","article_modified_time":"2025-01-16T12:52:31+00:00","og_image":[{"width":800,"height":540,"url":"https:\/\/app.escapadarural.com\/blog\/wp-content\/uploads\/2024\/10\/subir-1-1.jpg","type":"image\/jpeg"}],"author":"Miryam Tejada","twitter_card":"summary_large_image","twitter_misc":{"Escrito por":"Miryam Tejada","Tiempo de lectura":"6 minutos"},"schema":{"@context":"https:\/\/schema.org","@graph":[{"@type":"Article","@id":"https:\/\/www.escapadarural.com\/blog\/el-pedraforca-la-montana-magica-de-barcelona\/#article","isPartOf":{"@id":"https:\/\/www.escapadarural.com\/blog\/el-pedraforca-la-montana-magica-de-barcelona\/"},"author":{"name":"Miryam Tejada","@id":"https:\/\/www.escapadarural.com\/blog\/#\/schema\/person\/3a79b504f208fd6cf3bb52c608e311f0"},"headline":"El Pedraforca, la monta\u00f1a m\u00e1gica de Barcelona","datePublished":"2016-10-13T18:08:59+00:00","dateModified":"2025-01-16T12:52:31+00:00","mainEntityOfPage":{"@id":"https:\/\/www.escapadarural.com\/blog\/el-pedraforca-la-montana-magica-de-barcelona\/"},"wordCount":1278,"commentCount":0,"publisher":{"@id":"https:\/\/www.escapadarural.com\/blog\/#organization"},"image":{"@id":"https:\/\/www.escapadarural.com\/blog\/el-pedraforca-la-montana-magica-de-barcelona\/#primaryimage"},"thumbnailUrl":"https:\/\/www.escapadarural.com\/blog\/wp-content\/uploads\/2024\/10\/subir-1-1.jpg","keywords":["art\u00edculo","Barcelona","Bergueda","Cad\u00ed-Moixer\u00f3","Catalu\u00f1a","Familia","Parque Natural","Parques Naturales","Pedraforca"],"articleSection":["Destinos"],"inLanguage":"es","potentialAction":[{"@type":"CommentAction","name":"Comment","target":["https:\/\/www.escapadarural.com\/blog\/el-pedraforca-la-montana-magica-de-barcelona\/#respond"]}]},{"@type":"WebPage","@id":"https:\/\/www.escapadarural.com\/blog\/el-pedraforca-la-montana-magica-de-barcelona\/","url":"https:\/\/www.escapadarural.com\/blog\/el-pedraforca-la-montana-magica-de-barcelona\/","name":"El Pedraforca, la monta\u00f1a m\u00e1gica de Barcelona - EscapadaRural","isPartOf":{"@id":"https:\/\/www.escapadarural.com\/blog\/#website"},"primaryImageOfPage":{"@id":"https:\/\/www.escapadarural.com\/blog\/el-pedraforca-la-montana-magica-de-barcelona\/#primaryimage"},"image":{"@id":"https:\/\/www.escapadarural.com\/blog\/el-pedraforca-la-montana-magica-de-barcelona\/#primaryimage"},"thumbnailUrl":"https:\/\/www.escapadarural.com\/blog\/wp-content\/uploads\/2024\/10\/subir-1-1.jpg","datePublished":"2016-10-13T18:08:59+00:00","dateModified":"2025-01-16T12:52:31+00:00","breadcrumb":{"@id":"https:\/\/www.escapadarural.com\/blog\/el-pedraforca-la-montana-magica-de-barcelona\/#breadcrumb"},"inLanguage":"es","potentialAction":[{"@type":"ReadAction","target":["https:\/\/www.escapadarural.com\/blog\/el-pedraforca-la-montana-magica-de-barcelona\/"]}]},{"@type":"ImageObject","inLanguage":"es","@id":"https:\/\/www.escapadarural.com\/blog\/el-pedraforca-la-montana-magica-de-barcelona\/#primaryimage","url":"https:\/\/www.escapadarural.com\/blog\/wp-content\/uploads\/2024\/10\/subir-1-1.jpg","contentUrl":"https:\/\/www.escapadarural.com\/blog\/wp-content\/uploads\/2024\/10\/subir-1-1.jpg","width":800,"height":540,"caption":"Dos excursionistas con mochilas caminan por un estrecho sendero de monta\u00f1a rodeado de \u00e1rboles y vegetaci\u00f3n, con altos picos rocosos y un cielo azul con estelas de aviones de fondo."},{"@type":"BreadcrumbList","@id":"https:\/\/www.escapadarural.com\/blog\/el-pedraforca-la-montana-magica-de-barcelona\/#breadcrumb","itemListElement":[{"@type":"ListItem","position":1,"name":"Inicio","item":"https:\/\/www.escapadarural.com\/blog\/"},{"@type":"ListItem","position":2,"name":"Destinos","item":"https:\/\/www.escapadarural.com\/blog\/categoria\/destinos\/"},{"@type":"ListItem","position":3,"name":"El Pedraforca, la monta\u00f1a m\u00e1gica de Barcelona"}]},{"@type":"WebSite","@id":"https:\/\/www.escapadarural.com\/blog\/#website","url":"https:\/\/www.escapadarural.com\/blog\/","name":"Blog de viajes | turismo rural, alojamientos e inspiraci\u00f3n","description":"Alojamientos rurales e inspiraci\u00f3n para tus escapadas","publisher":{"@id":"https:\/\/www.escapadarural.com\/blog\/#organization"},"alternateName":"Magazine de viajes de EscapadaRural","potentialAction":[{"@type":"SearchAction","target":{"@type":"EntryPoint","urlTemplate":"https:\/\/www.escapadarural.com\/blog\/?s={search_term_string}"},"query-input":{"@type":"PropertyValueSpecification","valueRequired":true,"valueName":"search_term_string"}}],"inLanguage":"es"},{"@type":"Organization","@id":"https:\/\/www.escapadarural.com\/blog\/#organization","name":"EscapadaRural","url":"https:\/\/www.escapadarural.com\/blog\/","logo":{"@type":"ImageObject","inLanguage":"es","@id":"https:\/\/www.escapadarural.com\/blog\/#\/schema\/logo\/image\/","url":"https:\/\/www.escapadarural.com\/blog\/wp-content\/uploads\/2024\/10\/cropped-cropped-escapada-rural-icon-mag-3.png","contentUrl":"https:\/\/www.escapadarural.com\/blog\/wp-content\/uploads\/2024\/10\/cropped-cropped-escapada-rural-icon-mag-3.png","width":512,"height":512,"caption":"EscapadaRural"},"image":{"@id":"https:\/\/www.escapadarural.com\/blog\/#\/schema\/logo\/image\/"},"sameAs":["https:\/\/www.facebook.com\/escapadarural","https:\/\/www.instagram.com\/escapadarural\/","https:\/\/www.youtube.com\/@escapadaruralcom"]},{"@type":"Person","@id":"https:\/\/www.escapadarural.com\/blog\/#\/schema\/person\/3a79b504f208fd6cf3bb52c608e311f0","name":"Miryam Tejada","image":{"@type":"ImageObject","inLanguage":"es","@id":"https:\/\/www.escapadarural.com\/blog\/wp-content\/uploads\/2024\/12\/cropped-PXL_20240524_141044774.PORTRAIT.ORIGINAL-1-scaled-2-96x96.jpg","url":"https:\/\/www.escapadarural.com\/blog\/wp-content\/uploads\/2024\/12\/cropped-PXL_20240524_141044774.PORTRAIT.ORIGINAL-1-scaled-2-96x96.jpg","contentUrl":"https:\/\/www.escapadarural.com\/blog\/wp-content\/uploads\/2024\/12\/cropped-PXL_20240524_141044774.PORTRAIT.ORIGINAL-1-scaled-2-96x96.jpg","caption":"Miryam Tejada"},"description":"Mi t\u00edtulo universitario dice que soy licenciada en periodismo, pero realmente soy una todoterreno a la que le pill\u00f3 la transici\u00f3n del mundo anal\u00f3gico al digital de pleno. Es decir, soy millennial, y eso lo que conlleva, seg\u00fan las habladur\u00edas, es que me dejo llevar y priorizo mi bienestar. O lo que es lo mismo, soy una apasionada de los viajes y las experiencias, del simple hecho de tomar unas cervezas entre amigas, organizar una buena comilona en la sociedad con sobremesa larga incluida o pasar las tardes en el parque con mis gemelos.","url":"https:\/\/www.escapadarural.com\/blog\/autor\/miryam\/"}]}},"_links":{"self":[{"href":"https:\/\/www.escapadarural.com\/blog\/wp-json\/wp\/v2\/posts\/7842","targetHints":{"allow":["GET"]}}],"collection":[{"href":"https:\/\/www.escapadarural.com\/blog\/wp-json\/wp\/v2\/posts"}],"about":[{"href":"https:\/\/www.escapadarural.com\/blog\/wp-json\/wp\/v2\/types\/post"}],"author":[{"embeddable":true,"href":"https:\/\/www.escapadarural.com\/blog\/wp-json\/wp\/v2\/users\/98"}],"replies":[{"embeddable":true,"href":"https:\/\/www.escapadarural.com\/blog\/wp-json\/wp\/v2\/comments?post=7842"}],"version-history":[{"count":0,"href":"https:\/\/www.escapadarural.com\/blog\/wp-json\/wp\/v2\/posts\/7842\/revisions"}],"wp:featuredmedia":[{"embeddable":true,"href":"https:\/\/www.escapadarural.com\/blog\/wp-json\/wp\/v2\/media\/105559"}],"wp:attachment":[{"href":"https:\/\/www.escapadarural.com\/blog\/wp-json\/wp\/v2\/media?parent=7842"}],"wp:term":[{"taxonomy":"category","embeddable":true,"href":"https:\/\/www.escapadarural.com\/blog\/wp-json\/wp\/v2\/categories?post=7842"},{"taxonomy":"post_tag","embeddable":true,"href":"https:\/\/www.escapadarural.com\/blog\/wp-json\/wp\/v2\/tags?post=7842"}],"curies":[{"name":"wp","href":"https:\/\/api.w.org\/{rel}","templated":true}]}}