{"id":7892,"date":"2016-10-31T10:38:53","date_gmt":"2016-10-31T10:38:53","guid":{"rendered":"http:\/\/15.188.81.248\/2016\/10\/31\/como-celebrar-la-noche-de-difuntos-en-soria\/"},"modified":"2025-01-16T15:03:15","modified_gmt":"2025-01-16T13:03:15","slug":"como-celebrar-la-noche-de-difuntos-en-soria","status":"publish","type":"post","link":"https:\/\/www.escapadarural.com\/blog\/como-celebrar-la-noche-de-difuntos-en-soria\/","title":{"rendered":"C\u00f3mo celebrar la Noche de Difuntos en Soria"},"content":{"rendered":"\n<figure class=\"wp-block-embed is-type-video is-provider-youtube wp-block-embed-youtube wp-embed-aspect-16-9 wp-has-aspect-ratio\"><div class=\"wp-block-embed__wrapper\">\n<span class=\"EWmnpwEnZMG3QuheCXGURRATAqIxyZvd0dv69PSoYDthg078VHra2FXB1zSqcB2QiD4icFjtwK7lbu9VHPjUgLzOyk3sOs8l\"><div class=\"video-shortcode\"><iframe title=\"Spot Festival de las Animas Soria 2016\" width=\"1200\" height=\"675\" src=\"https:\/\/www.youtube.com\/embed\/3tmbQ-xY3kI?feature=oembed\" frameborder=\"0\" allow=\"accelerometer; autoplay; clipboard-write; encrypted-media; gyroscope; picture-in-picture; web-share\" referrerpolicy=\"strict-origin-when-cross-origin\" allowfullscreen><\/iframe><\/div><\/span>\n<\/div><\/figure>\n\n\n\n<p>Soria propone para la <strong>Noche de Difuntos<\/strong> vivir una noche terror\u00edfica con B\u00e9cquer, con su \u00abMonte de las \u00c1nimas\u00bb y con su pasacalles de t\u00edteres gigantes, esqueletos y monjes templarios. Se trata de una semana llena de actividades para toda la familia: lecturas teatralizadas,carreras nocturnas, c\u00e1nticos a los muertos, \u00f3peras de terror y recreaciones de ritos celtas a los muertos.<\/p>\n\n\n\n<!--more-->\n\n\n\n<figure class=\"wp-block-image size-large\"><a href=\"https:\/\/www.escapadarural.com\/blog\/wp-content\/uploads\/2016\/10\/concurso-relatos-terror-festival-animas-soria-2016-bases-1-scaled.jpg\"><img decoding=\"async\" src=\"https:\/\/www.escapadarural.com\/blog\/wp-content\/uploads\/2016\/10\/concurso-relatos-terror-festival-animas-soria-2016-bases-1-1024x681.jpg\" alt=\"Noche de los Difuntos de Soria\" class=\"wp-image-29735\"\/><\/a><figcaption class=\"wp-element-caption\">Fuente: Festival de las \u00c1nimas de Soria<\/figcaption><\/figure>\n\n\n\n<p>El Festival de las \u00c1nimas cumple 30 a\u00f1os ininterrumpidos celebr\u00e1ndose en la ciudad de <a href=\"https:\/\/www.escapadarural.com\/casas-rurales\/soria\">Soria<\/a>. Una cita con el terror, las leyendas y el misterio que este a\u00f1o se llena de actividades por toda la provincia. La Asociaci\u00f3n Cultural Amigos de las \u00c1nimas y el Ayuntamiento de Soria proponen una forma diferente de celebrar la Noche de Difuntos (noche del martes 1 de noviembre) rememorando la leyenda de <em>El Monte de las \u00c1nimas<\/em>, obra del poeta Gustavo Adolfo B\u00e9cquer (1836-1870) que tiene como origen y escenario la ciudad de Soria. Una larga noche de miedo en la que no faltar\u00e1n los esqueletos, los monjes templarios, el fuego y una historia aterradora.<\/p>\n\n\n\n<p>Esta trig\u00e9sima edici\u00f3n de la Noche de las \u00c1nimas comenzar\u00e1 con un pasacalles y un paseo nocturno donde los visitantes recorrer\u00e1n las calles m\u00e1s antiguas, las ruinas y los monumentos de la ciudad de Soria hasta llegar al puente de piedra donde nace el citado Monte de las \u00c1nimas <strong>guiados por candiles y antorchas y acompa\u00f1ados de inmensos esqueletos<\/strong>, estandartes medievales, t\u00edteres gigantes, monjes templarios y otros espectros de la noche.<\/p>\n\n\n\n<p>M\u00fasica en directo y <strong>pirotecnia<\/strong> acompa\u00f1ar\u00e1n este t\u00e9trico pasacalles que recrear\u00e1 el ambiente l\u00fagubre, fr\u00edo y misterioso t\u00edpico de esta Noche de Difuntos. Adem\u00e1s este a\u00f1o el fantasmag\u00f3rico desfile de esqueletos ir\u00e1 acompa\u00f1ado de un grupo infantil de tambores templarios junto con dos grupos de m\u00fasica folk.<\/p>\n\n\n\n<p>A los pies del Monte de las \u00c1nimas, junto a una gran hoguera y con la \u00fanica luz de la noche y de las antorchas que nos han acompa\u00f1ado, se realizar\u00e1 la lectura de la leyenda de <a href=\"https:\/\/es.wikipedia.org\/wiki\/Gustavo_Adolfo_B%C3%A9cquer\" target=\"_blank\"><strong>Gustavo Adolfo B\u00e9cquer<\/strong><\/a>. Este a\u00f1o correr\u00e1 a cargo de D. Miguel \u00c1ngel Jenner, conocido actor de doblaje y voz en castellano de actores como Samuel L. Jackson.<\/p>\n\n\n<div class=\"wp-block-image\">\n<figure class=\"aligncenter size-large\"><a href=\"https:\/\/www.escapadarural.com\/blog\/wp-content\/uploads\/2016\/10\/Animas-Soria_CopyAngelHernandez_1a-1-scaled.jpg\"><img decoding=\"async\" src=\"https:\/\/www.escapadarural.com\/blog\/wp-content\/uploads\/2016\/10\/Animas-Soria_CopyAngelHernandez_1a-1-683x1024.jpg\" alt=\"Noche de los Difuntos\" class=\"wp-image-29734\"\/><\/a><figcaption class=\"wp-element-caption\">Fuente: Festival de las \u00c1nimas de Soria<\/figcaption><\/figure>\n<\/div>\n\n\n<p><em>La Noche de Difuntos me despert\u00f3 a no s\u00e9 qu\u00e9 hora el doble de las campanas. Su ta\u00f1ido mon\u00f3tono y eterno me trajo a las mientes esta tradici\u00f3n que o\u00ed hace poco en Soria [&#8230;]. Yo la o\u00ed en el mismo lugar que acaeci\u00f3 y la he escrito volviendo algunas veces la cabeza con miedo, cuando sent\u00eda crujir los cristales de mi balc\u00f3n, estremecidos por el aire fr\u00edo de la noche [&#8230;].<\/em> (Texto de la leyenda becqueriana).<\/p>\n\n\n\n<p>As\u00ed comienza esta leyenda que el propio Gustavo Adolfo B\u00e9cquer escuch\u00f3 en su viaje por tierras sorianas y que decidi\u00f3 publicar en 1862. Esta historia ha perdurado en el cancionero popular de la ciudad y narra los hechos acaecidos una noche medieval a 1 de noviembre. El monte de las \u00e1nimas que se asienta a pocos metros de la ciudad de Soria y que bordea el Duero fue un lugar de <strong>refugio de templarios<\/strong> durante la reconquista:<\/p>\n\n\n\n<p><em>Y desde entonces dicen que cuando llega la noche de Difuntos se oye doblar sola la campana de la capilla y que las \u00e1nimas de los muertos, envueltas en jirones de sus sudarios, corren como en una cacer\u00eda fant\u00e1stica por entre las bre\u00f1as y los zarzales. Los ciervos braman espantados, los lobos a\u00fallan, las culebras dan horrorosos silbidos. Y al otro d\u00eda se han visto impresas en la nieve las huellas de los descarnados pies de los esqueletos. Por eso en Soria lo llamamos el Monte de las \u00c1nimas y por eso he querido salir de \u00e9l antes que cierre la noche.<em> (Texto de la leyenda becqueriana)<\/em><\/em><\/p>\n\n\n\n<p>La Noche de las \u00c1nimas es el broche final a una semana donde Soria ser\u00e1 el centro del terror en Espa\u00f1a con actividades para toda la familia. Del lunes 24 al jueves 28 de octubre las ruinas de la Iglesia de San Nicol\u00e1s ser\u00e1n el escenario de lecturas de cuentos de terror donde no faltar\u00e1 Lovecraft, Poe o Quiroga.<\/p>\n\n\n\n<p>Este a\u00f1o, se podr\u00e1 participar en el <strong>I Concurso de Cuentos y de Fotograf\u00eda de Terror Festival de las \u00c1nimas<\/strong> con un premio de 300\u20ac al ganador de cada una de las modalidades y que est\u00e1 abierto a todos los escritores y fot\u00f3grafos aficionados al mundo del misterio. El s\u00e1bado 29 de octubre se celebrar\u00e1 una carrera nocturna por el r\u00edo Duero y el Monte de las \u00c1nimas como la que se celebra todos los a\u00f1os en la Noche de Muertos de M\u00e9xico. Para el 30 de octubre se ha preparado una noche de cine con la proyecci\u00f3n en las ruinas de San Nicol\u00e1s de la pel\u00edcula <em>El Jovencito Frankenstein<\/em>.<\/p>\n\n\n\n<p>Ser\u00e1 <strong>el lunes 31 de octubre<\/strong>, Noche de los Muertos, cuando habr\u00e1 muchas actividades en la provincia de Soria para llamar la atenci\u00f3n de los muertos. El pueblo de <a href=\"https:\/\/www.escapadarural.com\/casas-rurales\/tajueco\">Tajueco<\/a> volver\u00e1 a salir para pasear por sus calles a la luz de candiles y velas y cantar misereres de m\u00e1s de 100 a\u00f1os de antig\u00fcedad y que los ancianos del lugar ense\u00f1an a los ni\u00f1os. C\u00e1nticos que estremecen en la noche soriana. Y en Numancia se recrear\u00e1 el curioso <a href=\"https:\/\/es.wikipedia.org\/wiki\/Samhain\" target=\"_blank\"><em>Samha\u00edn<\/em><\/a>. Este es un rito celtib\u00e9rico que se celebraba a principios de noviembre en memoria de los difuntos y antepasados. Soria recupera esta tradici\u00f3n tan ancestral y a la luz de las hogueras y el fuego se plantar\u00e1 una inmensa estela funeraria de piedra (menhir). Todas estas actividades ser\u00e1n el anticipo a una Noche de Difuntos \u00fanica en Espa\u00f1a.<\/p>\n\n\n\n<p>Las actividades del Festival de las \u00c1nimas <strong>finalizar\u00e1n el s\u00e1bado 5 de noviembre<\/strong> con la representaci\u00f3n de la \u00f3pera <em>La ca\u00edda de la Casa de Usher<\/em>, basada en el cuento de terror de Edgar Alan Poe en el Teatro de la Audiencia de Soria.<\/p>\n\n\n\n<p>M\u00e1s informaci\u00f3n | <a href=\"https:\/\/www.festivaldelasanimas.com\/\" target=\"_blank\">Festival de las \u00c1nimas<\/a><\/p>\n","protected":false},"excerpt":{"rendered":"<p>Soria propone para la Noche de Difuntos vivir una noche terror\u00edfica con B\u00e9cquer, con su \u201cMonte de las \u00c1nimas\u201d y con su pasacalles de t\u00edteres gigantes, esqueletos y monjes templarios. \u00bfTe apuntas?<\/p>\n","protected":false},"author":136,"featured_media":105528,"comment_status":"open","ping_status":"closed","sticky":false,"template":"","format":"standard","meta":{"_acf_changed":false,"om_disable_all_campaigns":false,"footnotes":""},"categories":[231],"tags":[260,1914,1014,664,1915,321],"class_list":["post-7892","post","type-post","status-publish","format-standard","has-post-thumbnail","hentry","category-arte-y-cultura","tag-articulo","tag-becquer","tag-eventos","tag-halloween","tag-noche-de-difuntos","tag-que-ver-en-soria"],"acf":[],"featured_image_src":"https:\/\/www.escapadarural.com\/blog\/wp-content\/uploads\/2024\/10\/concurso-relatos-terror-festival-animas-soria-2016-bases-1-1024x681-3.jpg","author_info":{"display_name":"Escapada Rural","author_link":"https:\/\/www.escapadarural.com\/blog\/autor\/user\/"},"yoast_head":"<!-- This site is optimized with the Yoast SEO plugin v27.5 - https:\/\/yoast.com\/product\/yoast-seo-wordpress\/ -->\n<title>C\u00f3mo celebrar la Noche de Difuntos en Soria - EscapadaRural<\/title>\n<meta name=\"robots\" content=\"index, follow, max-snippet:-1, max-image-preview:large, max-video-preview:-1\" \/>\n<link rel=\"canonical\" href=\"https:\/\/www.escapadarural.com\/blog\/como-celebrar-la-noche-de-difuntos-en-soria\/\" \/>\n<meta property=\"og:locale\" content=\"es_ES\" \/>\n<meta property=\"og:type\" content=\"article\" \/>\n<meta property=\"og:title\" content=\"C\u00f3mo celebrar la Noche de Difuntos en Soria - EscapadaRural\" \/>\n<meta property=\"og:description\" content=\"Soria propone para la Noche de Difuntos vivir una noche terror\u00edfica con B\u00e9cquer, con su \u201cMonte de las \u00c1nimas\u201d y con su pasacalles de t\u00edteres gigantes, esqueletos y monjes templarios. \u00bfTe apuntas?\" \/>\n<meta property=\"og:url\" content=\"https:\/\/www.escapadarural.com\/blog\/como-celebrar-la-noche-de-difuntos-en-soria\/\" \/>\n<meta property=\"og:site_name\" content=\"Magazine de viajes de EscapadaRural\" \/>\n<meta property=\"article:publisher\" content=\"https:\/\/www.facebook.com\/escapadarural\" \/>\n<meta property=\"article:author\" content=\"https:\/\/www.facebook.com\/escapadarural\" \/>\n<meta property=\"article:published_time\" content=\"2016-10-31T10:38:53+00:00\" \/>\n<meta property=\"article:modified_time\" content=\"2025-01-16T13:03:15+00:00\" \/>\n<meta property=\"og:image\" content=\"https:\/\/app.escapadarural.com\/blog\/wp-content\/uploads\/2024\/10\/concurso-relatos-terror-festival-animas-soria-2016-bases-1-1024x681-3.jpg\" \/>\n\t<meta property=\"og:image:width\" content=\"1024\" \/>\n\t<meta property=\"og:image:height\" content=\"681\" \/>\n\t<meta property=\"og:image:type\" content=\"image\/jpeg\" \/>\n<meta name=\"author\" content=\"Escapada Rural\" \/>\n<meta name=\"twitter:card\" content=\"summary_large_image\" \/>\n<meta name=\"twitter:creator\" content=\"@https:\/\/x.com\/i\/flow\/login?redirect_after_login=escapadarural\" \/>\n<meta name=\"twitter:label1\" content=\"Escrito por\" \/>\n\t<meta name=\"twitter:data1\" content=\"Escapada Rural\" \/>\n\t<meta name=\"twitter:label2\" content=\"Tiempo de lectura\" \/>\n\t<meta name=\"twitter:data2\" content=\"5 minutos\" \/>\n<script type=\"application\/ld+json\" class=\"yoast-schema-graph\">{\"@context\":\"https:\\\/\\\/schema.org\",\"@graph\":[{\"@type\":\"Article\",\"@id\":\"https:\\\/\\\/www.escapadarural.com\\\/blog\\\/como-celebrar-la-noche-de-difuntos-en-soria\\\/#article\",\"isPartOf\":{\"@id\":\"https:\\\/\\\/www.escapadarural.com\\\/blog\\\/como-celebrar-la-noche-de-difuntos-en-soria\\\/\"},\"author\":{\"name\":\"Escapada Rural\",\"@id\":\"https:\\\/\\\/www.escapadarural.com\\\/blog\\\/#\\\/schema\\\/person\\\/d9ee55ff3e0cef41d6eac8922b4f972c\"},\"headline\":\"C\u00f3mo celebrar la Noche de Difuntos en Soria\",\"datePublished\":\"2016-10-31T10:38:53+00:00\",\"dateModified\":\"2025-01-16T13:03:15+00:00\",\"mainEntityOfPage\":{\"@id\":\"https:\\\/\\\/www.escapadarural.com\\\/blog\\\/como-celebrar-la-noche-de-difuntos-en-soria\\\/\"},\"wordCount\":1067,\"commentCount\":0,\"publisher\":{\"@id\":\"https:\\\/\\\/www.escapadarural.com\\\/blog\\\/#organization\"},\"image\":{\"@id\":\"https:\\\/\\\/www.escapadarural.com\\\/blog\\\/como-celebrar-la-noche-de-difuntos-en-soria\\\/#primaryimage\"},\"thumbnailUrl\":\"https:\\\/\\\/www.escapadarural.com\\\/blog\\\/wp-content\\\/uploads\\\/2024\\\/10\\\/concurso-relatos-terror-festival-animas-soria-2016-bases-1-1024x681-3.jpg\",\"keywords\":[\"art\u00edculo\",\"B\u00e9cquer\",\"Eventos\",\"Halloween\",\"Noche de Difuntos\",\"Soria\"],\"articleSection\":[\"Arte y Cultura\"],\"inLanguage\":\"es\",\"potentialAction\":[{\"@type\":\"CommentAction\",\"name\":\"Comment\",\"target\":[\"https:\\\/\\\/www.escapadarural.com\\\/blog\\\/como-celebrar-la-noche-de-difuntos-en-soria\\\/#respond\"]}]},{\"@type\":\"WebPage\",\"@id\":\"https:\\\/\\\/www.escapadarural.com\\\/blog\\\/como-celebrar-la-noche-de-difuntos-en-soria\\\/\",\"url\":\"https:\\\/\\\/www.escapadarural.com\\\/blog\\\/como-celebrar-la-noche-de-difuntos-en-soria\\\/\",\"name\":\"C\u00f3mo celebrar la Noche de Difuntos en Soria - EscapadaRural\",\"isPartOf\":{\"@id\":\"https:\\\/\\\/www.escapadarural.com\\\/blog\\\/#website\"},\"primaryImageOfPage\":{\"@id\":\"https:\\\/\\\/www.escapadarural.com\\\/blog\\\/como-celebrar-la-noche-de-difuntos-en-soria\\\/#primaryimage\"},\"image\":{\"@id\":\"https:\\\/\\\/www.escapadarural.com\\\/blog\\\/como-celebrar-la-noche-de-difuntos-en-soria\\\/#primaryimage\"},\"thumbnailUrl\":\"https:\\\/\\\/www.escapadarural.com\\\/blog\\\/wp-content\\\/uploads\\\/2024\\\/10\\\/concurso-relatos-terror-festival-animas-soria-2016-bases-1-1024x681-3.jpg\",\"datePublished\":\"2016-10-31T10:38:53+00:00\",\"dateModified\":\"2025-01-16T13:03:15+00:00\",\"breadcrumb\":{\"@id\":\"https:\\\/\\\/www.escapadarural.com\\\/blog\\\/como-celebrar-la-noche-de-difuntos-en-soria\\\/#breadcrumb\"},\"inLanguage\":\"es\",\"potentialAction\":[{\"@type\":\"ReadAction\",\"target\":[\"https:\\\/\\\/www.escapadarural.com\\\/blog\\\/como-celebrar-la-noche-de-difuntos-en-soria\\\/\"]}]},{\"@type\":\"ImageObject\",\"inLanguage\":\"es\",\"@id\":\"https:\\\/\\\/www.escapadarural.com\\\/blog\\\/como-celebrar-la-noche-de-difuntos-en-soria\\\/#primaryimage\",\"url\":\"https:\\\/\\\/www.escapadarural.com\\\/blog\\\/wp-content\\\/uploads\\\/2024\\\/10\\\/concurso-relatos-terror-festival-animas-soria-2016-bases-1-1024x681-3.jpg\",\"contentUrl\":\"https:\\\/\\\/www.escapadarural.com\\\/blog\\\/wp-content\\\/uploads\\\/2024\\\/10\\\/concurso-relatos-terror-festival-animas-soria-2016-bases-1-1024x681-3.jpg\",\"width\":1024,\"height\":681,\"caption\":\"Un grupo de personas vestidas con t\u00fanicas marrones encapuchadas permanecen al aire libre por la noche, sosteniendo antorchas. Una persona habla en un podio. En el suelo hay velas de colores y a la derecha arde una gran hoguera. La escena es dram\u00e1tica y ritual.\"},{\"@type\":\"BreadcrumbList\",\"@id\":\"https:\\\/\\\/www.escapadarural.com\\\/blog\\\/como-celebrar-la-noche-de-difuntos-en-soria\\\/#breadcrumb\",\"itemListElement\":[{\"@type\":\"ListItem\",\"position\":1,\"name\":\"Inicio\",\"item\":\"https:\\\/\\\/www.escapadarural.com\\\/blog\\\/\"},{\"@type\":\"ListItem\",\"position\":2,\"name\":\"Arte y Cultura\",\"item\":\"https:\\\/\\\/www.escapadarural.com\\\/blog\\\/categoria\\\/arte-y-cultura\\\/\"},{\"@type\":\"ListItem\",\"position\":3,\"name\":\"C\u00f3mo celebrar la Noche de Difuntos en Soria\"}]},{\"@type\":\"WebSite\",\"@id\":\"https:\\\/\\\/www.escapadarural.com\\\/blog\\\/#website\",\"url\":\"https:\\\/\\\/www.escapadarural.com\\\/blog\\\/\",\"name\":\"Blog de viajes | turismo rural, alojamientos e inspiraci\u00f3n\",\"description\":\"Alojamientos rurales e inspiraci\u00f3n para tus escapadas\",\"publisher\":{\"@id\":\"https:\\\/\\\/www.escapadarural.com\\\/blog\\\/#organization\"},\"alternateName\":\"Magazine de viajes de EscapadaRural\",\"potentialAction\":[{\"@type\":\"SearchAction\",\"target\":{\"@type\":\"EntryPoint\",\"urlTemplate\":\"https:\\\/\\\/www.escapadarural.com\\\/blog\\\/?s={search_term_string}\"},\"query-input\":{\"@type\":\"PropertyValueSpecification\",\"valueRequired\":true,\"valueName\":\"search_term_string\"}}],\"inLanguage\":\"es\"},{\"@type\":\"Organization\",\"@id\":\"https:\\\/\\\/www.escapadarural.com\\\/blog\\\/#organization\",\"name\":\"EscapadaRural\",\"url\":\"https:\\\/\\\/www.escapadarural.com\\\/blog\\\/\",\"logo\":{\"@type\":\"ImageObject\",\"inLanguage\":\"es\",\"@id\":\"https:\\\/\\\/www.escapadarural.com\\\/blog\\\/#\\\/schema\\\/logo\\\/image\\\/\",\"url\":\"https:\\\/\\\/www.escapadarural.com\\\/blog\\\/wp-content\\\/uploads\\\/2024\\\/10\\\/cropped-cropped-escapada-rural-icon-mag-3.png\",\"contentUrl\":\"https:\\\/\\\/www.escapadarural.com\\\/blog\\\/wp-content\\\/uploads\\\/2024\\\/10\\\/cropped-cropped-escapada-rural-icon-mag-3.png\",\"width\":512,\"height\":512,\"caption\":\"EscapadaRural\"},\"image\":{\"@id\":\"https:\\\/\\\/www.escapadarural.com\\\/blog\\\/#\\\/schema\\\/logo\\\/image\\\/\"},\"sameAs\":[\"https:\\\/\\\/www.facebook.com\\\/escapadarural\",\"https:\\\/\\\/www.instagram.com\\\/escapadarural\\\/\",\"https:\\\/\\\/www.youtube.com\\\/@escapadaruralcom\"]},{\"@type\":\"Person\",\"@id\":\"https:\\\/\\\/www.escapadarural.com\\\/blog\\\/#\\\/schema\\\/person\\\/d9ee55ff3e0cef41d6eac8922b4f972c\",\"name\":\"Escapada Rural\",\"image\":{\"@type\":\"ImageObject\",\"inLanguage\":\"es\",\"@id\":\"https:\\\/\\\/www.escapadarural.com\\\/blog\\\/wp-content\\\/uploads\\\/2024\\\/10\\\/cropped-cropped-escapada-rural-icon-mag-3-96x96.png\",\"url\":\"https:\\\/\\\/www.escapadarural.com\\\/blog\\\/wp-content\\\/uploads\\\/2024\\\/10\\\/cropped-cropped-escapada-rural-icon-mag-3-96x96.png\",\"contentUrl\":\"https:\\\/\\\/www.escapadarural.com\\\/blog\\\/wp-content\\\/uploads\\\/2024\\\/10\\\/cropped-cropped-escapada-rural-icon-mag-3-96x96.png\",\"caption\":\"Escapada Rural\"},\"sameAs\":[\"https:\\\/\\\/www.facebook.com\\\/escapadarural\",\"https:\\\/\\\/www.linkedin.com\\\/company\\\/escapada-rural\\\/?originalSubdomain=es\",\"https:\\\/\\\/x.com\\\/https:\\\/\\\/x.com\\\/i\\\/flow\\\/login?redirect_after_login=escapadarural\"],\"url\":\"https:\\\/\\\/www.escapadarural.com\\\/blog\\\/autor\\\/user\\\/\"}]}<\/script>\n<!-- \/ Yoast SEO plugin. -->","yoast_head_json":{"title":"C\u00f3mo celebrar la Noche de Difuntos en Soria - EscapadaRural","robots":{"index":"index","follow":"follow","max-snippet":"max-snippet:-1","max-image-preview":"max-image-preview:large","max-video-preview":"max-video-preview:-1"},"canonical":"https:\/\/www.escapadarural.com\/blog\/como-celebrar-la-noche-de-difuntos-en-soria\/","og_locale":"es_ES","og_type":"article","og_title":"C\u00f3mo celebrar la Noche de Difuntos en Soria - EscapadaRural","og_description":"Soria propone para la Noche de Difuntos vivir una noche terror\u00edfica con B\u00e9cquer, con su \u201cMonte de las \u00c1nimas\u201d y con su pasacalles de t\u00edteres gigantes, esqueletos y monjes templarios. \u00bfTe apuntas?","og_url":"https:\/\/www.escapadarural.com\/blog\/como-celebrar-la-noche-de-difuntos-en-soria\/","og_site_name":"Magazine de viajes de EscapadaRural","article_publisher":"https:\/\/www.facebook.com\/escapadarural","article_author":"https:\/\/www.facebook.com\/escapadarural","article_published_time":"2016-10-31T10:38:53+00:00","article_modified_time":"2025-01-16T13:03:15+00:00","og_image":[{"width":1024,"height":681,"url":"https:\/\/app.escapadarural.com\/blog\/wp-content\/uploads\/2024\/10\/concurso-relatos-terror-festival-animas-soria-2016-bases-1-1024x681-3.jpg","type":"image\/jpeg"}],"author":"Escapada Rural","twitter_card":"summary_large_image","twitter_creator":"@https:\/\/x.com\/i\/flow\/login?redirect_after_login=escapadarural","twitter_misc":{"Escrito por":"Escapada Rural","Tiempo de lectura":"5 minutos"},"schema":{"@context":"https:\/\/schema.org","@graph":[{"@type":"Article","@id":"https:\/\/www.escapadarural.com\/blog\/como-celebrar-la-noche-de-difuntos-en-soria\/#article","isPartOf":{"@id":"https:\/\/www.escapadarural.com\/blog\/como-celebrar-la-noche-de-difuntos-en-soria\/"},"author":{"name":"Escapada Rural","@id":"https:\/\/www.escapadarural.com\/blog\/#\/schema\/person\/d9ee55ff3e0cef41d6eac8922b4f972c"},"headline":"C\u00f3mo celebrar la Noche de Difuntos en Soria","datePublished":"2016-10-31T10:38:53+00:00","dateModified":"2025-01-16T13:03:15+00:00","mainEntityOfPage":{"@id":"https:\/\/www.escapadarural.com\/blog\/como-celebrar-la-noche-de-difuntos-en-soria\/"},"wordCount":1067,"commentCount":0,"publisher":{"@id":"https:\/\/www.escapadarural.com\/blog\/#organization"},"image":{"@id":"https:\/\/www.escapadarural.com\/blog\/como-celebrar-la-noche-de-difuntos-en-soria\/#primaryimage"},"thumbnailUrl":"https:\/\/www.escapadarural.com\/blog\/wp-content\/uploads\/2024\/10\/concurso-relatos-terror-festival-animas-soria-2016-bases-1-1024x681-3.jpg","keywords":["art\u00edculo","B\u00e9cquer","Eventos","Halloween","Noche de Difuntos","Soria"],"articleSection":["Arte y Cultura"],"inLanguage":"es","potentialAction":[{"@type":"CommentAction","name":"Comment","target":["https:\/\/www.escapadarural.com\/blog\/como-celebrar-la-noche-de-difuntos-en-soria\/#respond"]}]},{"@type":"WebPage","@id":"https:\/\/www.escapadarural.com\/blog\/como-celebrar-la-noche-de-difuntos-en-soria\/","url":"https:\/\/www.escapadarural.com\/blog\/como-celebrar-la-noche-de-difuntos-en-soria\/","name":"C\u00f3mo celebrar la Noche de Difuntos en Soria - EscapadaRural","isPartOf":{"@id":"https:\/\/www.escapadarural.com\/blog\/#website"},"primaryImageOfPage":{"@id":"https:\/\/www.escapadarural.com\/blog\/como-celebrar-la-noche-de-difuntos-en-soria\/#primaryimage"},"image":{"@id":"https:\/\/www.escapadarural.com\/blog\/como-celebrar-la-noche-de-difuntos-en-soria\/#primaryimage"},"thumbnailUrl":"https:\/\/www.escapadarural.com\/blog\/wp-content\/uploads\/2024\/10\/concurso-relatos-terror-festival-animas-soria-2016-bases-1-1024x681-3.jpg","datePublished":"2016-10-31T10:38:53+00:00","dateModified":"2025-01-16T13:03:15+00:00","breadcrumb":{"@id":"https:\/\/www.escapadarural.com\/blog\/como-celebrar-la-noche-de-difuntos-en-soria\/#breadcrumb"},"inLanguage":"es","potentialAction":[{"@type":"ReadAction","target":["https:\/\/www.escapadarural.com\/blog\/como-celebrar-la-noche-de-difuntos-en-soria\/"]}]},{"@type":"ImageObject","inLanguage":"es","@id":"https:\/\/www.escapadarural.com\/blog\/como-celebrar-la-noche-de-difuntos-en-soria\/#primaryimage","url":"https:\/\/www.escapadarural.com\/blog\/wp-content\/uploads\/2024\/10\/concurso-relatos-terror-festival-animas-soria-2016-bases-1-1024x681-3.jpg","contentUrl":"https:\/\/www.escapadarural.com\/blog\/wp-content\/uploads\/2024\/10\/concurso-relatos-terror-festival-animas-soria-2016-bases-1-1024x681-3.jpg","width":1024,"height":681,"caption":"Un grupo de personas vestidas con t\u00fanicas marrones encapuchadas permanecen al aire libre por la noche, sosteniendo antorchas. Una persona habla en un podio. En el suelo hay velas de colores y a la derecha arde una gran hoguera. La escena es dram\u00e1tica y ritual."},{"@type":"BreadcrumbList","@id":"https:\/\/www.escapadarural.com\/blog\/como-celebrar-la-noche-de-difuntos-en-soria\/#breadcrumb","itemListElement":[{"@type":"ListItem","position":1,"name":"Inicio","item":"https:\/\/www.escapadarural.com\/blog\/"},{"@type":"ListItem","position":2,"name":"Arte y Cultura","item":"https:\/\/www.escapadarural.com\/blog\/categoria\/arte-y-cultura\/"},{"@type":"ListItem","position":3,"name":"C\u00f3mo celebrar la Noche de Difuntos en Soria"}]},{"@type":"WebSite","@id":"https:\/\/www.escapadarural.com\/blog\/#website","url":"https:\/\/www.escapadarural.com\/blog\/","name":"Blog de viajes | turismo rural, alojamientos e inspiraci\u00f3n","description":"Alojamientos rurales e inspiraci\u00f3n para tus escapadas","publisher":{"@id":"https:\/\/www.escapadarural.com\/blog\/#organization"},"alternateName":"Magazine de viajes de EscapadaRural","potentialAction":[{"@type":"SearchAction","target":{"@type":"EntryPoint","urlTemplate":"https:\/\/www.escapadarural.com\/blog\/?s={search_term_string}"},"query-input":{"@type":"PropertyValueSpecification","valueRequired":true,"valueName":"search_term_string"}}],"inLanguage":"es"},{"@type":"Organization","@id":"https:\/\/www.escapadarural.com\/blog\/#organization","name":"EscapadaRural","url":"https:\/\/www.escapadarural.com\/blog\/","logo":{"@type":"ImageObject","inLanguage":"es","@id":"https:\/\/www.escapadarural.com\/blog\/#\/schema\/logo\/image\/","url":"https:\/\/www.escapadarural.com\/blog\/wp-content\/uploads\/2024\/10\/cropped-cropped-escapada-rural-icon-mag-3.png","contentUrl":"https:\/\/www.escapadarural.com\/blog\/wp-content\/uploads\/2024\/10\/cropped-cropped-escapada-rural-icon-mag-3.png","width":512,"height":512,"caption":"EscapadaRural"},"image":{"@id":"https:\/\/www.escapadarural.com\/blog\/#\/schema\/logo\/image\/"},"sameAs":["https:\/\/www.facebook.com\/escapadarural","https:\/\/www.instagram.com\/escapadarural\/","https:\/\/www.youtube.com\/@escapadaruralcom"]},{"@type":"Person","@id":"https:\/\/www.escapadarural.com\/blog\/#\/schema\/person\/d9ee55ff3e0cef41d6eac8922b4f972c","name":"Escapada Rural","image":{"@type":"ImageObject","inLanguage":"es","@id":"https:\/\/www.escapadarural.com\/blog\/wp-content\/uploads\/2024\/10\/cropped-cropped-escapada-rural-icon-mag-3-96x96.png","url":"https:\/\/www.escapadarural.com\/blog\/wp-content\/uploads\/2024\/10\/cropped-cropped-escapada-rural-icon-mag-3-96x96.png","contentUrl":"https:\/\/www.escapadarural.com\/blog\/wp-content\/uploads\/2024\/10\/cropped-cropped-escapada-rural-icon-mag-3-96x96.png","caption":"Escapada Rural"},"sameAs":["https:\/\/www.facebook.com\/escapadarural","https:\/\/www.linkedin.com\/company\/escapada-rural\/?originalSubdomain=es","https:\/\/x.com\/https:\/\/x.com\/i\/flow\/login?redirect_after_login=escapadarural"],"url":"https:\/\/www.escapadarural.com\/blog\/autor\/user\/"}]}},"_links":{"self":[{"href":"https:\/\/www.escapadarural.com\/blog\/wp-json\/wp\/v2\/posts\/7892","targetHints":{"allow":["GET"]}}],"collection":[{"href":"https:\/\/www.escapadarural.com\/blog\/wp-json\/wp\/v2\/posts"}],"about":[{"href":"https:\/\/www.escapadarural.com\/blog\/wp-json\/wp\/v2\/types\/post"}],"author":[{"embeddable":true,"href":"https:\/\/www.escapadarural.com\/blog\/wp-json\/wp\/v2\/users\/136"}],"replies":[{"embeddable":true,"href":"https:\/\/www.escapadarural.com\/blog\/wp-json\/wp\/v2\/comments?post=7892"}],"version-history":[{"count":0,"href":"https:\/\/www.escapadarural.com\/blog\/wp-json\/wp\/v2\/posts\/7892\/revisions"}],"wp:featuredmedia":[{"embeddable":true,"href":"https:\/\/www.escapadarural.com\/blog\/wp-json\/wp\/v2\/media\/105528"}],"wp:attachment":[{"href":"https:\/\/www.escapadarural.com\/blog\/wp-json\/wp\/v2\/media?parent=7892"}],"wp:term":[{"taxonomy":"category","embeddable":true,"href":"https:\/\/www.escapadarural.com\/blog\/wp-json\/wp\/v2\/categories?post=7892"},{"taxonomy":"post_tag","embeddable":true,"href":"https:\/\/www.escapadarural.com\/blog\/wp-json\/wp\/v2\/tags?post=7892"}],"curies":[{"name":"wp","href":"https:\/\/api.w.org\/{rel}","templated":true}]}}