{"id":80791,"date":"2024-08-27T08:00:00","date_gmt":"2024-08-27T07:00:00","guid":{"rendered":"https:\/\/www.escapadarural.com\/blog\/?p=80791"},"modified":"2026-02-17T17:01:31","modified_gmt":"2026-02-17T16:01:31","slug":"estaciones-de-esqui-en-verano","status":"publish","type":"post","link":"https:\/\/www.escapadarural.com\/blog\/estaciones-de-esqui-en-verano\/","title":{"rendered":"5 estaciones de esqu\u00ed que tambi\u00e9n abren en verano"},"content":{"rendered":"\n<figure class=\"wp-block-image size-large\"><img decoding=\"async\" src=\"https:\/\/www.escapadarural.com\/blog\/wp-content\/uploads\/2024\/10\/AdobeStock_128082696-1024x683-1.jpeg\" alt=\"Estaciones de esqu\u00ed abiertas en verano. Por rouda100\" class=\"wp-image-81101\"\/><figcaption class=\"wp-element-caption\">Estaciones de esqu\u00ed abiertas en verano. Por rouda100<\/figcaption><\/figure>\n\n\n\n<p>Las estaciones de esqu\u00ed suelen estar muy solicitadas durante los meses de inverno pero, cuando llega la primavera, su popularidad se ve claramente afectada. Pero\u2026 \u00bfPor qu\u00e9? La verdad es que son varios los factores que afectan pero uno de los principales es, sin lugar a dudas, el desconocimiento. El no saber que la mayor parte de las <a href=\"https:\/\/www.escapadarural.com\/blog\/las-mejores-estaciones-de-esqui-de-espana-para-ir-con-ninos\/\" data-type=\"link\" data-id=\"https:\/\/www.escapadarural.com\/blog\/las-mejores-estaciones-de-esqui-de-espana-para-ir-con-ninos\/\">estaciones<\/a> siguen abiertas en verano y que, adem\u00e1s, <strong>ofrecen gran cantidad de actividades aptas para toda la familia<\/strong>.<\/p>\n\n\n\n<p>Es por ello que, en este <a href=\"https:\/\/www.escapadarural.com\/blog\/rutas-para-olvidar-la-cuesta-de-enero\/\" title=\"Descubre 4 rutas de senderismo para olvidar la cuesta de enero\"  data-wpil-monitor-id=\"883\">art\u00edculo<\/a>, quer\u00eda contactar con varias estaciones, ver si est\u00e1n abiertas y conocer de primera mano todo lo que ofrecen. Quiz\u00e1s te sorprenda, ya que ni yo misma me esperaba tanta variedad y diversidad de actividades. <strong>Las hay para todos los gustos.<\/strong><\/p>\n\n\n\n<h2 class=\"wp-block-heading has-text-align-left\" id=\"h-la-molina-cataluna\">La Molina, Catalu\u00f1a<\/h2>\n\n\n\n<figure class=\"wp-block-image size-large\"><img decoding=\"async\" src=\"https:\/\/www.escapadarural.com\/blog\/wp-content\/uploads\/2024\/10\/AdobeStock_403973737-1024x683-1.jpeg\" alt=\"Estaci\u00f3n de esqu\u00ed La Molina en verano. Por sergio\" class=\"wp-image-81104\"\/><figcaption class=\"wp-element-caption\">Estaci\u00f3n de esqu\u00ed La Molina en verano. Por sergio<\/figcaption><\/figure>\n\n\n\n<p>Uno de sus esl\u00f3ganes es \u201cDeporte y monta\u00f1a todo el a\u00f1o\u201d y no es para menos. <strong>La estaci\u00f3n de <a href=\"\/casas-rurales\/la-molina\" data-type=\"link\" data-id=\"https:\/\/www.escapadarural.com\/casas-rurales?l=la-molina\">La Molina<\/a><\/strong>, a tan solo 150 kil\u00f3metros de Barcelona, <strong>ofrece una agenda repleta de actividades<\/strong>. Toma nota. Desde un tranquilo paseo en telecabina hasta la cima, en el refugio de Niu de l\u2019\u00c0gila, a 2.537 metros de altura, hasta actividades en el lago, el cual si vas durante los meses de inverno lo m\u00e1s normal es que te lo encuentres congelado. Hablamos del lago de la Molina donde hay kayaks, patinetes de agua e incluso bicicletas acu\u00e1ticas. Has o\u00eddo bien, se trata de una nueva modalidad donde podr\u00e1s ir en bici encima del agua.<\/p>\n\n\n\n<p>Para los m\u00e1s atrevidos y amantes de la bicicleta, <strong>la Molina es hogar de un <em>bike park<\/em> con 12 circuitos<\/strong>. Es apto para todos los niveles y tal y como explican en la web: <em>\u201cSe convierte un a\u00f1o m\u00e1s en una referencia del descenso, enduro, BTT y MTB\u201d<\/em>. Llama la atenci\u00f3n un circuito de interpretaci\u00f3n de fauna, circuito circular pensado para hacerse a pie y para familias que quieran estar rodeados de naturaleza y, por supuesto, aprender m\u00e1s de ella y de muchas especies animales que habitan en los bosques catalanes.<\/p>\n\n\n\n<p>No todo va a ser deporte. <strong>La Molina tambi\u00e9n puede ser un destino en el que refrescarse y relajarse<\/strong>, que es lo que suele apetecer cuando se tienen algunos d\u00edas libres. Es por ello que se puede disfrutar de una maravillosa piscina en plena monta\u00f1a hasta bien entrado septiembre. Un oasis rodeado de verde a precios muy asequibles (entre 5 y 8 euros).<\/p>\n\n\n\n<h2 class=\"wp-block-heading has-text-align-left\" id=\"h-sierra-nevada-andalucia\">Sierra Nevada, Andaluc\u00eda<\/h2>\n\n\n\n<figure class=\"wp-block-image size-full\"><img loading=\"lazy\" decoding=\"async\" width=\"1000\" height=\"596\" src=\"https:\/\/www.escapadarural.com\/blog\/wp-content\/uploads\/2014\/05\/Parque-Nacional-Sierra-Nevada.-Granada-3-1.jpg\" alt=\"Sierra Nevada, Juego de Tronos\" class=\"wp-image-114406\" srcset=\"https:\/\/www.escapadarural.com\/blog\/wp-content\/uploads\/2014\/05\/Parque-Nacional-Sierra-Nevada.-Granada-3-1-200x119.jpg 200w, https:\/\/www.escapadarural.com\/blog\/wp-content\/uploads\/2014\/05\/Parque-Nacional-Sierra-Nevada.-Granada-3-1-300x179.jpg 300w, https:\/\/www.escapadarural.com\/blog\/wp-content\/uploads\/2014\/05\/Parque-Nacional-Sierra-Nevada.-Granada-3-1-400x238.jpg 400w, https:\/\/www.escapadarural.com\/blog\/wp-content\/uploads\/2014\/05\/Parque-Nacional-Sierra-Nevada.-Granada-3-1-600x358.jpg 600w, https:\/\/www.escapadarural.com\/blog\/wp-content\/uploads\/2014\/05\/Parque-Nacional-Sierra-Nevada.-Granada-3-1-768x458.jpg 768w, https:\/\/www.escapadarural.com\/blog\/wp-content\/uploads\/2014\/05\/Parque-Nacional-Sierra-Nevada.-Granada-3-1-800x477.jpg 800w, https:\/\/www.escapadarural.com\/blog\/wp-content\/uploads\/2014\/05\/Parque-Nacional-Sierra-Nevada.-Granada-3-1.jpg 1000w\" sizes=\"auto, (max-width: 1000px) 100vw, 1000px\" \/><figcaption class=\"wp-element-caption\">Sierra Nevada<\/figcaption><\/figure>\n\n\n\n<p>En la propia p\u00e1gina web de <a href=\"\/casas-rurales\/sierra-nevada\" data-type=\"link\" data-id=\"https:\/\/www.escapadarural.com\/casas-rurales?l=sierra-nevada\">Sierra Nevada<\/a> lo primero que se puede leer es: \u201c<em>Disfruta Sierra Nevada en verano<\/em>\u201d. Hay <strong>algunos remontes<\/strong> que est\u00e1n abiertos durante los meses de m\u00e1s calor como el telecabina Al-\u00c1ndalus o el telesilla Veleta. Pero, \u00bfcu\u00e1l es su funci\u00f3n? Pues bien, conocer el entorno andaluz desde otro punto de vista y disfrutar de unas vistas fascinantes y un entorno y paisaje inigualable. Normalmente est\u00e1n abiertos hasta finales de agosto y es una actividad en la que toda la familia puede participar.<\/p>\n\n\n\n<p>Tambi\u00e9n puede ser una muy buena opci\u00f3n <strong>animarse y apuntarse a actividades de astronom\u00eda<\/strong>, ver incre\u00edbles amaneceres o anocheceres acompa\u00f1ados de telescopios y expertos en la materia. Si lo que nos apetece son actividades de agua, ir a <strong>refrescarse a la piscina del club<\/strong>.<\/p>\n\n\n\n<p>No pod\u00eda dejar de hablar de Sierra Nevada sin antes nombrar lo que quiz\u00e1s sea <strong>la actividad m\u00e1s popular, Mirlo Blanco.<\/strong> Un parque de actividades abierto tanto en verano como en invierno donde se encuentran desde divertidos toboganes a descender con roscos e incluso un trineo ruso, que viene a ser una monta\u00f1a rusa en plena naturaleza y con 500 metros de descenso.<\/p>\n\n\n\n<h2 class=\"wp-block-heading has-text-align-left\" id=\"h-candanchu-aragon\">Candanch\u00fa, Arag\u00f3n<\/h2>\n\n\n\n<figure class=\"wp-block-image size-large\"><img decoding=\"async\" src=\"https:\/\/www.escapadarural.com\/blog\/wp-content\/uploads\/2024\/10\/AdobeStock_285226165-1024x683-1.jpeg\" alt=\"Senderismo en Candanch\u00fa. Por Halfpoint\" class=\"wp-image-81121\"\/><figcaption class=\"wp-element-caption\">Senderismo en Candanch\u00fa. Por Halfpoint<\/figcaption><\/figure>\n\n\n\n<p>En este caso, el slogan por el que opta Candanch\u00fa es \u201cDisfruta de otra manera\u201d. Y es que tal y como cuentan desde la propia estaci\u00f3n, \u201c<em>La monta\u00f1a de Candanch\u00fa es un lugar perfecto para explorar durante los meses de verano\u201d. <\/em>La estaci\u00f3n <strong>ofrece variedad en senderos y rutas<\/strong> por lo que ser\u00eda el destino perfecto para todas aquellas personas que buscan hacer ruta. Combina bastante variedad (m\u00e1s de 15) y paisajes de ensue\u00f1o con vistas panor\u00e1micas a los Pirineos.<\/p>\n\n\n\n<p>Otra actividad totalmente distinta a las propuestas anteriormente es acercarse hasta el aer\u00f3dromo de Santa Cilia. Est\u00e1 en el coraz\u00f3n del Pirineo de <a href=\"https:\/\/www.escapadarural.com\/blog\/pueblos-mas-bonitos-de-huesca\/\" data-type=\"link\" data-id=\"https:\/\/www.escapadarural.com\/blog\/pueblos-mas-bonitos-de-huesca\/\">Huesca<\/a>, donde puedes un vuelo en avioneta y darte un chapuz\u00f3n en su piscina.<\/p>\n\n\n\n<h2 class=\"wp-block-heading has-text-align-left\" id=\"h-aramon-formigal-panticosa-aragon\">Aram\u00f3n Formigal-Panticosa, Arag\u00f3n<\/h2>\n\n\n\n<figure class=\"wp-block-image size-large\"><img decoding=\"async\" src=\"https:\/\/www.escapadarural.com\/blog\/wp-content\/uploads\/2024\/10\/AdobeStock_454910549-1024x683-1.jpeg\" alt=\"Pasarela de Panticosa. Por lugarteva\" class=\"wp-image-81131\"\/><figcaption class=\"wp-element-caption\">Pasarela de Panticosa. Por lugarteva<\/figcaption><\/figure>\n\n\n\n<p><strong>La principal atracci\u00f3n y con m\u00e1s popularidad es el ya conocido telecabina de <a href=\"\/casas-rurales\/panticosa\" data-type=\"link\" data-id=\"https:\/\/www.escapadarural.com\/casas-rurales?l=panticosa\">Panticosa<\/a><\/strong> con el que ascender hasta una cota de 1.900 metros y, una vez all\u00ed, realizar alguno de los muchos paseos y rutas que salen desde lo alto. \u00bfQu\u00e9 excursiones se pueden hacer? Pues desde conocer los lagos de Los Asnos y Sabocos hasta acercarte e intentar coronar el pico Mandilar.<\/p>\n\n\n\n<p>Otra opci\u00f3n que no deja indiferente a nadie es darle una oportunidad a las<strong> <a href=\"https:\/\/www.escapadarural.com\/blog\/pasarelas-de-panticosa-huesca\/\" data-type=\"link\" data-id=\"https:\/\/www.escapadarural.com\/blog\/pasarelas-de-panticosa-huesca\/\">pasarelas de Panticosa<\/a><\/strong>, las cuales salen del r\u00edo Calder\u00e9s de Panticosa y que har\u00e1n que vueles sobre 160 metros de desnivel. Son pasarelas ancladas en la pared del congosto y se calcula que para poder completar el recorrido se necesita al menos una hora. Si quieres seguir sintiendo esa adrenalina entonces se recomienda deslizarte, ya sea de d\u00eda o de noche, por lo que son <strong>las tirolinas dobles m\u00e1s largas de Europa<\/strong>, en el precioso <a href=\"https:\/\/www.escapadarural.com\/blog\/los-valles-mas-bonitos-de-espana\/\" data-type=\"link\" data-id=\"https:\/\/www.escapadarural.com\/blog\/los-valles-mas-bonitos-de-espana\/\">valle de Tena<\/a>. \u00a1Con casi 1 kil\u00f3metro de longitud!<\/p>\n\n\n\n<h2 class=\"wp-block-heading has-text-align-left\" id=\"h-estacion-de-esqui-baqueira-beret\">Estaci\u00f3n de esqu\u00ed Baqueira-Beret<\/h2>\n\n\n\n<figure class=\"wp-block-image size-large\"><img decoding=\"async\" src=\"https:\/\/www.escapadarural.com\/blog\/wp-content\/uploads\/2024\/10\/IMG_6253-1024x668-1.jpg\" alt=\"Ruta de senderismo en Baqueira-Beret. Por Instagram de Baqueira. @baqueira_beret\" class=\"wp-image-81136\"\/><figcaption class=\"wp-element-caption\">Ruta de senderismo en Baqueira-Beret. Por Instagram de Baqueira. @baqueira_beret<\/figcaption><\/figure>\n\n\n\n<p><strong>Baqueira ofrece <em>forfaits<\/em> de verano con los que poder hacer BTT y dar paseos.<\/strong> Tambi\u00e9n tiene lo que se conoce como BaqueiraPASS Verano, que da acceso a todo lo nombrado anteriormente hasta que termina la temporada (31 de agosto). Baqueira anima a todos a pasar las vacaciones en su estaci\u00f3n y as\u00ed descubrir sus alrededores haciendo senderismo, apto para todos los niveles, sesiones de yoga rodeados de naturaleza e incluso alguna bajada de rafting o descenso de barrancos.<\/p>\n","protected":false},"excerpt":{"rendered":"<p>Las estaciones de esqu\u00ed tambi\u00e9n est\u00e1n abiertas en verano. Sin nieve pero con muchas actividades aptas para todos. \u00bfLo sab\u00edas? Hay para todos los gustos.<\/p>\n","protected":false},"author":151,"featured_media":90482,"comment_status":"open","ping_status":"open","sticky":false,"template":"","format":"standard","meta":{"_acf_changed":false,"om_disable_all_campaigns":false,"footnotes":""},"categories":[191],"tags":[5819,1752,710,1754,511,1456,217],"class_list":["post-80791","post","type-post","status-publish","format-standard","has-post-thumbnail","hentry","category-destinos","tag-baqueira","tag-candanchu","tag-cerdanya","tag-estaciones-de-esqui","tag-familia","tag-sierra-nevada","tag-verano"],"acf":[],"featured_image_src":"https:\/\/www.escapadarural.com\/blog\/wp-content\/uploads\/2024\/10\/AdobeStock_128082696-1024x683-1.jpeg","author_info":{"display_name":"Alba Feliz","author_link":"https:\/\/www.escapadarural.com\/blog\/autor\/alba\/"},"yoast_head":"<!-- This site is optimized with the Yoast SEO plugin v27.5 - https:\/\/yoast.com\/product\/yoast-seo-wordpress\/ -->\n<title>5 estaciones de esqu\u00ed que tambi\u00e9n abren en verano - EscapadaRural<\/title>\n<meta name=\"robots\" content=\"index, follow, max-snippet:-1, max-image-preview:large, max-video-preview:-1\" \/>\n<link rel=\"canonical\" href=\"https:\/\/www.escapadarural.com\/blog\/estaciones-de-esqui-en-verano\/\" \/>\n<meta property=\"og:locale\" content=\"es_ES\" \/>\n<meta property=\"og:type\" content=\"article\" \/>\n<meta property=\"og:title\" content=\"5 estaciones de esqu\u00ed que tambi\u00e9n abren en verano - EscapadaRural\" \/>\n<meta property=\"og:description\" content=\"Las estaciones de esqu\u00ed tambi\u00e9n est\u00e1n abiertas en verano. Sin nieve pero con muchas actividades aptas para todos. \u00bfLo sab\u00edas? Hay para todos los gustos.\" \/>\n<meta property=\"og:url\" content=\"https:\/\/www.escapadarural.com\/blog\/estaciones-de-esqui-en-verano\/\" \/>\n<meta property=\"og:site_name\" content=\"Magazine de viajes de EscapadaRural\" \/>\n<meta property=\"article:publisher\" content=\"https:\/\/www.facebook.com\/escapadarural\" \/>\n<meta property=\"article:published_time\" content=\"2024-08-27T07:00:00+00:00\" \/>\n<meta property=\"article:modified_time\" content=\"2026-02-17T16:01:31+00:00\" \/>\n<meta property=\"og:image\" content=\"https:\/\/www.escapadarural.com\/blog\/wp-content\/uploads\/2024\/10\/AdobeStock_128082696-1024x683-1.jpeg\" \/>\n\t<meta property=\"og:image:width\" content=\"1024\" \/>\n\t<meta property=\"og:image:height\" content=\"683\" \/>\n\t<meta property=\"og:image:type\" content=\"image\/jpeg\" \/>\n<meta name=\"author\" content=\"Alba Feliz\" \/>\n<meta name=\"twitter:card\" content=\"summary_large_image\" \/>\n<meta name=\"twitter:label1\" content=\"Escrito por\" \/>\n\t<meta name=\"twitter:data1\" content=\"Alba Feliz\" \/>\n\t<meta name=\"twitter:label2\" content=\"Tiempo de lectura\" \/>\n\t<meta name=\"twitter:data2\" content=\"6 minutos\" \/>\n<script type=\"application\/ld+json\" class=\"yoast-schema-graph\">{\"@context\":\"https:\\\/\\\/schema.org\",\"@graph\":[{\"@type\":\"Article\",\"@id\":\"https:\\\/\\\/www.escapadarural.com\\\/blog\\\/estaciones-de-esqui-en-verano\\\/#article\",\"isPartOf\":{\"@id\":\"https:\\\/\\\/www.escapadarural.com\\\/blog\\\/estaciones-de-esqui-en-verano\\\/\"},\"author\":{\"name\":\"Alba Feliz\",\"@id\":\"https:\\\/\\\/www.escapadarural.com\\\/blog\\\/#\\\/schema\\\/person\\\/65271b7b847121ab7a4f8c3be624d420\"},\"headline\":\"5 estaciones de esqu\u00ed que tambi\u00e9n abren en verano\",\"datePublished\":\"2024-08-27T07:00:00+00:00\",\"dateModified\":\"2026-02-17T16:01:31+00:00\",\"mainEntityOfPage\":{\"@id\":\"https:\\\/\\\/www.escapadarural.com\\\/blog\\\/estaciones-de-esqui-en-verano\\\/\"},\"wordCount\":1062,\"commentCount\":0,\"publisher\":{\"@id\":\"https:\\\/\\\/www.escapadarural.com\\\/blog\\\/#organization\"},\"image\":{\"@id\":\"https:\\\/\\\/www.escapadarural.com\\\/blog\\\/estaciones-de-esqui-en-verano\\\/#primaryimage\"},\"thumbnailUrl\":\"https:\\\/\\\/www.escapadarural.com\\\/blog\\\/wp-content\\\/uploads\\\/2024\\\/10\\\/AdobeStock_128082696-1024x683-1.jpeg\",\"keywords\":[\"Baqueira\",\"Candanch\u00fa\",\"Cerdanya\",\"estaciones de esqu\u00ed\",\"Familia\",\"Sierra Nevada\",\"verano\"],\"articleSection\":[\"Destinos\"],\"inLanguage\":\"es\",\"potentialAction\":[{\"@type\":\"CommentAction\",\"name\":\"Comment\",\"target\":[\"https:\\\/\\\/www.escapadarural.com\\\/blog\\\/estaciones-de-esqui-en-verano\\\/#respond\"]}]},{\"@type\":\"WebPage\",\"@id\":\"https:\\\/\\\/www.escapadarural.com\\\/blog\\\/estaciones-de-esqui-en-verano\\\/\",\"url\":\"https:\\\/\\\/www.escapadarural.com\\\/blog\\\/estaciones-de-esqui-en-verano\\\/\",\"name\":\"5 estaciones de esqu\u00ed que tambi\u00e9n abren en verano - EscapadaRural\",\"isPartOf\":{\"@id\":\"https:\\\/\\\/www.escapadarural.com\\\/blog\\\/#website\"},\"primaryImageOfPage\":{\"@id\":\"https:\\\/\\\/www.escapadarural.com\\\/blog\\\/estaciones-de-esqui-en-verano\\\/#primaryimage\"},\"image\":{\"@id\":\"https:\\\/\\\/www.escapadarural.com\\\/blog\\\/estaciones-de-esqui-en-verano\\\/#primaryimage\"},\"thumbnailUrl\":\"https:\\\/\\\/www.escapadarural.com\\\/blog\\\/wp-content\\\/uploads\\\/2024\\\/10\\\/AdobeStock_128082696-1024x683-1.jpeg\",\"datePublished\":\"2024-08-27T07:00:00+00:00\",\"dateModified\":\"2026-02-17T16:01:31+00:00\",\"breadcrumb\":{\"@id\":\"https:\\\/\\\/www.escapadarural.com\\\/blog\\\/estaciones-de-esqui-en-verano\\\/#breadcrumb\"},\"inLanguage\":\"es\",\"potentialAction\":[{\"@type\":\"ReadAction\",\"target\":[\"https:\\\/\\\/www.escapadarural.com\\\/blog\\\/estaciones-de-esqui-en-verano\\\/\"]}]},{\"@type\":\"ImageObject\",\"inLanguage\":\"es\",\"@id\":\"https:\\\/\\\/www.escapadarural.com\\\/blog\\\/estaciones-de-esqui-en-verano\\\/#primaryimage\",\"url\":\"https:\\\/\\\/www.escapadarural.com\\\/blog\\\/wp-content\\\/uploads\\\/2024\\\/10\\\/AdobeStock_128082696-1024x683-1.jpeg\",\"contentUrl\":\"https:\\\/\\\/www.escapadarural.com\\\/blog\\\/wp-content\\\/uploads\\\/2024\\\/10\\\/AdobeStock_128082696-1024x683-1.jpeg\",\"width\":1024,\"height\":683,\"caption\":\"Las sillas del telesilla cuelgan sobre una ladera verde y cubierta de hierba, con altos pinos y un cielo azul parcialmente nublado de fondo.\"},{\"@type\":\"BreadcrumbList\",\"@id\":\"https:\\\/\\\/www.escapadarural.com\\\/blog\\\/estaciones-de-esqui-en-verano\\\/#breadcrumb\",\"itemListElement\":[{\"@type\":\"ListItem\",\"position\":1,\"name\":\"Inicio\",\"item\":\"https:\\\/\\\/www.escapadarural.com\\\/blog\\\/\"},{\"@type\":\"ListItem\",\"position\":2,\"name\":\"Destinos\",\"item\":\"https:\\\/\\\/www.escapadarural.com\\\/blog\\\/categoria\\\/destinos\\\/\"},{\"@type\":\"ListItem\",\"position\":3,\"name\":\"5 estaciones de esqu\u00ed que tambi\u00e9n abren en verano\"}]},{\"@type\":\"WebSite\",\"@id\":\"https:\\\/\\\/www.escapadarural.com\\\/blog\\\/#website\",\"url\":\"https:\\\/\\\/www.escapadarural.com\\\/blog\\\/\",\"name\":\"Blog de viajes | turismo rural, alojamientos e inspiraci\u00f3n\",\"description\":\"Alojamientos rurales e inspiraci\u00f3n para tus escapadas\",\"publisher\":{\"@id\":\"https:\\\/\\\/www.escapadarural.com\\\/blog\\\/#organization\"},\"alternateName\":\"Magazine de viajes de EscapadaRural\",\"potentialAction\":[{\"@type\":\"SearchAction\",\"target\":{\"@type\":\"EntryPoint\",\"urlTemplate\":\"https:\\\/\\\/www.escapadarural.com\\\/blog\\\/?s={search_term_string}\"},\"query-input\":{\"@type\":\"PropertyValueSpecification\",\"valueRequired\":true,\"valueName\":\"search_term_string\"}}],\"inLanguage\":\"es\"},{\"@type\":\"Organization\",\"@id\":\"https:\\\/\\\/www.escapadarural.com\\\/blog\\\/#organization\",\"name\":\"EscapadaRural\",\"url\":\"https:\\\/\\\/www.escapadarural.com\\\/blog\\\/\",\"logo\":{\"@type\":\"ImageObject\",\"inLanguage\":\"es\",\"@id\":\"https:\\\/\\\/www.escapadarural.com\\\/blog\\\/#\\\/schema\\\/logo\\\/image\\\/\",\"url\":\"https:\\\/\\\/www.escapadarural.com\\\/blog\\\/wp-content\\\/uploads\\\/2024\\\/10\\\/cropped-cropped-escapada-rural-icon-mag-3.png\",\"contentUrl\":\"https:\\\/\\\/www.escapadarural.com\\\/blog\\\/wp-content\\\/uploads\\\/2024\\\/10\\\/cropped-cropped-escapada-rural-icon-mag-3.png\",\"width\":512,\"height\":512,\"caption\":\"EscapadaRural\"},\"image\":{\"@id\":\"https:\\\/\\\/www.escapadarural.com\\\/blog\\\/#\\\/schema\\\/logo\\\/image\\\/\"},\"sameAs\":[\"https:\\\/\\\/www.facebook.com\\\/escapadarural\",\"https:\\\/\\\/www.instagram.com\\\/escapadarural\\\/\",\"https:\\\/\\\/www.youtube.com\\\/@escapadaruralcom\"]},{\"@type\":\"Person\",\"@id\":\"https:\\\/\\\/www.escapadarural.com\\\/blog\\\/#\\\/schema\\\/person\\\/65271b7b847121ab7a4f8c3be624d420\",\"name\":\"Alba Feliz\",\"image\":{\"@type\":\"ImageObject\",\"inLanguage\":\"es\",\"@id\":\"https:\\\/\\\/www.escapadarural.com\\\/blog\\\/wp-content\\\/uploads\\\/2024\\\/11\\\/cropped-alba-96x96.jpg\",\"url\":\"https:\\\/\\\/www.escapadarural.com\\\/blog\\\/wp-content\\\/uploads\\\/2024\\\/11\\\/cropped-alba-96x96.jpg\",\"contentUrl\":\"https:\\\/\\\/www.escapadarural.com\\\/blog\\\/wp-content\\\/uploads\\\/2024\\\/11\\\/cropped-alba-96x96.jpg\",\"caption\":\"Alba Feliz\"},\"description\":\"Redactora, productora audiovisual y graduada en turismo y direcci\u00f3n hotelera. Creo firmemente que viajar abre la mente y permite conocer otras realidades que quiz\u00e1s desconocemos. Me apasiona la fotograf\u00eda anal\u00f3gica (la de toda la vida) y darle una oportunidad a los destinos menos conocidos.\",\"url\":\"https:\\\/\\\/www.escapadarural.com\\\/blog\\\/autor\\\/alba\\\/\"}]}<\/script>\n<!-- \/ Yoast SEO plugin. -->","yoast_head_json":{"title":"5 estaciones de esqu\u00ed que tambi\u00e9n abren en verano - EscapadaRural","robots":{"index":"index","follow":"follow","max-snippet":"max-snippet:-1","max-image-preview":"max-image-preview:large","max-video-preview":"max-video-preview:-1"},"canonical":"https:\/\/www.escapadarural.com\/blog\/estaciones-de-esqui-en-verano\/","og_locale":"es_ES","og_type":"article","og_title":"5 estaciones de esqu\u00ed que tambi\u00e9n abren en verano - EscapadaRural","og_description":"Las estaciones de esqu\u00ed tambi\u00e9n est\u00e1n abiertas en verano. Sin nieve pero con muchas actividades aptas para todos. \u00bfLo sab\u00edas? Hay para todos los gustos.","og_url":"https:\/\/www.escapadarural.com\/blog\/estaciones-de-esqui-en-verano\/","og_site_name":"Magazine de viajes de EscapadaRural","article_publisher":"https:\/\/www.facebook.com\/escapadarural","article_published_time":"2024-08-27T07:00:00+00:00","article_modified_time":"2026-02-17T16:01:31+00:00","og_image":[{"width":1024,"height":683,"url":"https:\/\/www.escapadarural.com\/blog\/wp-content\/uploads\/2024\/10\/AdobeStock_128082696-1024x683-1.jpeg","type":"image\/jpeg"}],"author":"Alba Feliz","twitter_card":"summary_large_image","twitter_misc":{"Escrito por":"Alba Feliz","Tiempo de lectura":"6 minutos"},"schema":{"@context":"https:\/\/schema.org","@graph":[{"@type":"Article","@id":"https:\/\/www.escapadarural.com\/blog\/estaciones-de-esqui-en-verano\/#article","isPartOf":{"@id":"https:\/\/www.escapadarural.com\/blog\/estaciones-de-esqui-en-verano\/"},"author":{"name":"Alba Feliz","@id":"https:\/\/www.escapadarural.com\/blog\/#\/schema\/person\/65271b7b847121ab7a4f8c3be624d420"},"headline":"5 estaciones de esqu\u00ed que tambi\u00e9n abren en verano","datePublished":"2024-08-27T07:00:00+00:00","dateModified":"2026-02-17T16:01:31+00:00","mainEntityOfPage":{"@id":"https:\/\/www.escapadarural.com\/blog\/estaciones-de-esqui-en-verano\/"},"wordCount":1062,"commentCount":0,"publisher":{"@id":"https:\/\/www.escapadarural.com\/blog\/#organization"},"image":{"@id":"https:\/\/www.escapadarural.com\/blog\/estaciones-de-esqui-en-verano\/#primaryimage"},"thumbnailUrl":"https:\/\/www.escapadarural.com\/blog\/wp-content\/uploads\/2024\/10\/AdobeStock_128082696-1024x683-1.jpeg","keywords":["Baqueira","Candanch\u00fa","Cerdanya","estaciones de esqu\u00ed","Familia","Sierra Nevada","verano"],"articleSection":["Destinos"],"inLanguage":"es","potentialAction":[{"@type":"CommentAction","name":"Comment","target":["https:\/\/www.escapadarural.com\/blog\/estaciones-de-esqui-en-verano\/#respond"]}]},{"@type":"WebPage","@id":"https:\/\/www.escapadarural.com\/blog\/estaciones-de-esqui-en-verano\/","url":"https:\/\/www.escapadarural.com\/blog\/estaciones-de-esqui-en-verano\/","name":"5 estaciones de esqu\u00ed que tambi\u00e9n abren en verano - EscapadaRural","isPartOf":{"@id":"https:\/\/www.escapadarural.com\/blog\/#website"},"primaryImageOfPage":{"@id":"https:\/\/www.escapadarural.com\/blog\/estaciones-de-esqui-en-verano\/#primaryimage"},"image":{"@id":"https:\/\/www.escapadarural.com\/blog\/estaciones-de-esqui-en-verano\/#primaryimage"},"thumbnailUrl":"https:\/\/www.escapadarural.com\/blog\/wp-content\/uploads\/2024\/10\/AdobeStock_128082696-1024x683-1.jpeg","datePublished":"2024-08-27T07:00:00+00:00","dateModified":"2026-02-17T16:01:31+00:00","breadcrumb":{"@id":"https:\/\/www.escapadarural.com\/blog\/estaciones-de-esqui-en-verano\/#breadcrumb"},"inLanguage":"es","potentialAction":[{"@type":"ReadAction","target":["https:\/\/www.escapadarural.com\/blog\/estaciones-de-esqui-en-verano\/"]}]},{"@type":"ImageObject","inLanguage":"es","@id":"https:\/\/www.escapadarural.com\/blog\/estaciones-de-esqui-en-verano\/#primaryimage","url":"https:\/\/www.escapadarural.com\/blog\/wp-content\/uploads\/2024\/10\/AdobeStock_128082696-1024x683-1.jpeg","contentUrl":"https:\/\/www.escapadarural.com\/blog\/wp-content\/uploads\/2024\/10\/AdobeStock_128082696-1024x683-1.jpeg","width":1024,"height":683,"caption":"Las sillas del telesilla cuelgan sobre una ladera verde y cubierta de hierba, con altos pinos y un cielo azul parcialmente nublado de fondo."},{"@type":"BreadcrumbList","@id":"https:\/\/www.escapadarural.com\/blog\/estaciones-de-esqui-en-verano\/#breadcrumb","itemListElement":[{"@type":"ListItem","position":1,"name":"Inicio","item":"https:\/\/www.escapadarural.com\/blog\/"},{"@type":"ListItem","position":2,"name":"Destinos","item":"https:\/\/www.escapadarural.com\/blog\/categoria\/destinos\/"},{"@type":"ListItem","position":3,"name":"5 estaciones de esqu\u00ed que tambi\u00e9n abren en verano"}]},{"@type":"WebSite","@id":"https:\/\/www.escapadarural.com\/blog\/#website","url":"https:\/\/www.escapadarural.com\/blog\/","name":"Blog de viajes | turismo rural, alojamientos e inspiraci\u00f3n","description":"Alojamientos rurales e inspiraci\u00f3n para tus escapadas","publisher":{"@id":"https:\/\/www.escapadarural.com\/blog\/#organization"},"alternateName":"Magazine de viajes de EscapadaRural","potentialAction":[{"@type":"SearchAction","target":{"@type":"EntryPoint","urlTemplate":"https:\/\/www.escapadarural.com\/blog\/?s={search_term_string}"},"query-input":{"@type":"PropertyValueSpecification","valueRequired":true,"valueName":"search_term_string"}}],"inLanguage":"es"},{"@type":"Organization","@id":"https:\/\/www.escapadarural.com\/blog\/#organization","name":"EscapadaRural","url":"https:\/\/www.escapadarural.com\/blog\/","logo":{"@type":"ImageObject","inLanguage":"es","@id":"https:\/\/www.escapadarural.com\/blog\/#\/schema\/logo\/image\/","url":"https:\/\/www.escapadarural.com\/blog\/wp-content\/uploads\/2024\/10\/cropped-cropped-escapada-rural-icon-mag-3.png","contentUrl":"https:\/\/www.escapadarural.com\/blog\/wp-content\/uploads\/2024\/10\/cropped-cropped-escapada-rural-icon-mag-3.png","width":512,"height":512,"caption":"EscapadaRural"},"image":{"@id":"https:\/\/www.escapadarural.com\/blog\/#\/schema\/logo\/image\/"},"sameAs":["https:\/\/www.facebook.com\/escapadarural","https:\/\/www.instagram.com\/escapadarural\/","https:\/\/www.youtube.com\/@escapadaruralcom"]},{"@type":"Person","@id":"https:\/\/www.escapadarural.com\/blog\/#\/schema\/person\/65271b7b847121ab7a4f8c3be624d420","name":"Alba Feliz","image":{"@type":"ImageObject","inLanguage":"es","@id":"https:\/\/www.escapadarural.com\/blog\/wp-content\/uploads\/2024\/11\/cropped-alba-96x96.jpg","url":"https:\/\/www.escapadarural.com\/blog\/wp-content\/uploads\/2024\/11\/cropped-alba-96x96.jpg","contentUrl":"https:\/\/www.escapadarural.com\/blog\/wp-content\/uploads\/2024\/11\/cropped-alba-96x96.jpg","caption":"Alba Feliz"},"description":"Redactora, productora audiovisual y graduada en turismo y direcci\u00f3n hotelera. Creo firmemente que viajar abre la mente y permite conocer otras realidades que quiz\u00e1s desconocemos. Me apasiona la fotograf\u00eda anal\u00f3gica (la de toda la vida) y darle una oportunidad a los destinos menos conocidos.","url":"https:\/\/www.escapadarural.com\/blog\/autor\/alba\/"}]}},"_links":{"self":[{"href":"https:\/\/www.escapadarural.com\/blog\/wp-json\/wp\/v2\/posts\/80791","targetHints":{"allow":["GET"]}}],"collection":[{"href":"https:\/\/www.escapadarural.com\/blog\/wp-json\/wp\/v2\/posts"}],"about":[{"href":"https:\/\/www.escapadarural.com\/blog\/wp-json\/wp\/v2\/types\/post"}],"author":[{"embeddable":true,"href":"https:\/\/www.escapadarural.com\/blog\/wp-json\/wp\/v2\/users\/151"}],"replies":[{"embeddable":true,"href":"https:\/\/www.escapadarural.com\/blog\/wp-json\/wp\/v2\/comments?post=80791"}],"version-history":[{"count":0,"href":"https:\/\/www.escapadarural.com\/blog\/wp-json\/wp\/v2\/posts\/80791\/revisions"}],"wp:featuredmedia":[{"embeddable":true,"href":"https:\/\/www.escapadarural.com\/blog\/wp-json\/wp\/v2\/media\/90482"}],"wp:attachment":[{"href":"https:\/\/www.escapadarural.com\/blog\/wp-json\/wp\/v2\/media?parent=80791"}],"wp:term":[{"taxonomy":"category","embeddable":true,"href":"https:\/\/www.escapadarural.com\/blog\/wp-json\/wp\/v2\/categories?post=80791"},{"taxonomy":"post_tag","embeddable":true,"href":"https:\/\/www.escapadarural.com\/blog\/wp-json\/wp\/v2\/tags?post=80791"}],"curies":[{"name":"wp","href":"https:\/\/api.w.org\/{rel}","templated":true}]}}