{"id":80911,"date":"2024-08-29T08:00:00","date_gmt":"2024-08-29T07:00:00","guid":{"rendered":"https:\/\/www.escapadarural.com\/blog\/?p=80911"},"modified":"2025-08-04T12:18:33","modified_gmt":"2025-08-04T10:18:33","slug":"un-pueblo-que-resucito-en-el-bierzo","status":"publish","type":"post","link":"https:\/\/www.escapadarural.com\/blog\/un-pueblo-que-resucito-en-el-bierzo\/","title":{"rendered":"El pueblo que resucit\u00f3 gracias a una asociaci\u00f3n ornitol\u00f3gica"},"content":{"rendered":"\n<figure class=\"wp-block-image size-full\"><a href=\"https:\/\/www.escapadarural.com\/blog\/wp-content\/uploads\/2024\/10\/vista-aerea-de-palacios-de-compludo_WP_09.webp\"><img decoding=\"async\" src=\"https:\/\/www.escapadarural.com\/blog\/wp-content\/uploads\/2024\/10\/vista-aerea-de-palacios-de-compludo_WP_09.webp\" alt=\"Un pueblo que resucit\u00f3\" class=\"wp-image-80946\"\/><\/a><figcaption class=\"wp-element-caption\">Palacios de Compludo. Por Tyto Alba<\/figcaption><\/figure>\n\n\n\n<p>Si algo tengo claro, es que Espa\u00f1a no te la acabas. Igual te encuentras un pueblo que se vuelve <a href=\"https:\/\/www.escapadarural.com\/blog\/peralejos-suspira-por-bruce-springsteen\/\">viral por su amor a Bruce Springsteen<\/a> como a otro que exorciza a sus habitantes 24 veces al d\u00eda desde la campana del ayuntamiento. Y cuando crees haber visto casi de todo, descubres que hay un pueblo en Teruel que tiene 100 fuentes para 134 habitantes. Pues bien, ahora resulta que en el <strong>valle de Compludo<\/strong>, (Le\u00f3n) hay un pueblo que resucit\u00f3 gracias a una asociaci\u00f3n ornitol\u00f3gica y pas\u00f3 de ser un aut\u00e9ntico cementerio rural a un bello campo de mariposas y aves. \u00bfNos acompa\u00f1as?<\/p>\n\n\n\n<p>Nadie pon\u00eda en duda que aquello era el <em>c&#8217;est fini<\/em> de <strong>Palacios de Compludo<\/strong>. Corr\u00eda el a\u00f1o 1987 y sus dos \u00faltimas habitantes, <strong>dos ancianas agotadas, hac\u00edan sus maletas para marcharse a <a href=\"\/casas-rurales\/ponferrada\">Ponferrada<\/a><\/strong>. Aquellos caminos embarrados y empinados ya no eran aptos para ellas. Tras su marcha, el pueblo se convirti\u00f3 en un padr\u00f3n vac\u00edo y en un blanco f\u00e1cil para el <strong>furtivismo<\/strong>, los <strong>saqueadores<\/strong> y las llamas provocadas por alg\u00fan que otro pir\u00f3mano que rondaba la zona. <\/p>\n\n\n\n<div class=\"wp-block-buttons is-layout-flex wp-block-buttons-is-layout-flex\">\n<div class=\"wp-block-button\"><a class=\"wp-block-button__link wp-element-button\" href=\"\/casas-rurales\/el-bierzo\">Alojamientos rurales en el Bierzo<\/a><\/div>\n<\/div>\n\n\n\n<h2 class=\"wp-block-heading\" id=\"h-ayudenme-a-salvar-palacios-de-compludo\">\u00abAy\u00fadenme a salvar Palacios de Compludo\u00bb<\/h2>\n\n\n\n<figure class=\"wp-block-image size-full\"><a href=\"https:\/\/www.escapadarural.com\/blog\/wp-content\/uploads\/2024\/10\/palacios-de-compludo_wp_08_WP_16.webp\"><img decoding=\"async\" src=\"https:\/\/www.escapadarural.com\/blog\/wp-content\/uploads\/2024\/10\/palacios-de-compludo_wp_08_WP_16.webp\" alt=\"\" class=\"wp-image-81006\"\/><\/a><figcaption class=\"wp-element-caption\">Por Tyto Alba<\/figcaption><\/figure>\n\n\n\n<p>Recuerda el nombre de Francisco Beneitez, &#8216;Quico&#8217;, porque ser\u00e1 una pieza clave en esta historia. Tambi\u00e9n, el de Miguel \u00c1ngel Gallego, presidente de la Asociaci\u00f3n de Estudios Ornitol\u00f3gicos de El Bierzo <a href=\"http:\/\/www.tytoalba.es\/\" target=\"_blank\" rel=\"noreferrer noopener nofollow\">Tyto Alba<\/a>, formada por m\u00e1s de un centenar de personas, en su mayor\u00eda <strong>bi\u00f3logos<\/strong>, <strong>ambientalistas<\/strong> e ingenieros forestales, entre otros voluntarios. Ellos (perd\u00f3n por el <em>spoiler<\/em> inesperado) ser\u00edan quienes devolver\u00edan a la vida el pueblo abandonado.<\/p>\n\n\n\n<p>Fue en el a\u00f1o 1992 (despu\u00e9s de varios a\u00f1os sin que nadie habitase el pueblo) cuando la asociaci\u00f3n Tyto Alba recibi\u00f3 una llamada desesperada de Beneitez, comunicando que las cabras se hab\u00edan comido los 300 nogales que semanas atr\u00e1s la asociaci\u00f3n hab\u00eda dado para plantarlos en Palacios de Compludo, una aldea situada al sur del municipio de Ponferrada.<\/p>\n\n\n\n<p>\u00abA los pocos d\u00edas me veo subiendo en un Lada Niva por una pista forestal con largos tramos cubiertos de capas de hielo. El paisano Quico, de unos 70 a\u00f1os, mantiene firme el volante a duras penas y me dice que no me preocupe, que para bajar es peor\u00bb, explica Miguel \u00c1ngel Gallego.<\/p>\n\n\n\n<figure class=\"wp-block-image size-full\"><img decoding=\"async\" src=\"https:\/\/www.escapadarural.com\/blog\/wp-content\/uploads\/2024\/10\/palacios-de-compludo-antes-de-la-rehabilitacion_wp_06_WP_12.webp\" alt=\"\" class=\"wp-image-81003\"\/><figcaption class=\"wp-element-caption\">Palacios de Compludo (Le\u00f3n), antes de la rehabilitaci\u00f3n. Foto Tyto Alba<\/figcaption><\/figure>\n\n\n\n<p>A Quico, \u2013cuenta el presidente de Tyto Alba a EscapadaRural\u2013 \u00ablo abandonaron sus padres con solo cinco a\u00f1os y tuvo que buscarse la vida por la zona con el pastoreo\u00bb. Y aunque nunca tuvo propiedades all\u00ed, se dej\u00f3 la piel para convencernos de que lo ayud\u00e1semos a <strong>reforestar<\/strong> <strong>el<\/strong> <strong>monte<\/strong> y revivir el pueblo. \u00abNos dec\u00eda que hab\u00eda muchas<strong> \u00e1guilas reales<\/strong> en la zona y todo lo que se le ocurr\u00eda para intentar salirse con la suya. Nos convenci\u00f3 a base de jam\u00f3n y vino\u00bb, bromea Gallego. \u00abLa verdad es que ten\u00eda capacidad de liderazgo el paisano\u00bb.<\/p>\n\n\n\n<blockquote class=\"wp-block-quote is-layout-flow wp-block-quote-is-layout-flow\">\n<p>Nos convenci\u00f3 a base de jam\u00f3n y vino<\/p>\n<cite>Miguel \u00c1ngel Gallego, presidente de Tyto Alba<\/cite><\/blockquote>\n\n\n\n<p>En menos de un a\u00f1o se hab\u00eda constituido la asociaci\u00f3n de propietarios El Nogal, que agrup\u00f3 pr\u00e1cticamente a todos los propietarios de la localidad, y en la que Tyto Alba se integr\u00f3 llevando la secretar\u00eda, con el objetivo de sacar el ganado, reforestar el monte e intentar  recuperar el pueblo. <\/p>\n\n\n\n<p>Pues a<strong> los nogales se fueron sumando cerezos y despu\u00e9s casta\u00f1os y pinos<\/strong>, mientras que en el pueblo se empezaron a restaurar las primeras ruinas y a desbrozar calle a calle. Aquello empezaba a tener vida. <\/p>\n\n\n\n<p>\u00bfQuieres ver parte del resultado?<\/p>\n\n\n\n<figure class=\"wp-block-image size-full\"><img decoding=\"async\" src=\"https:\/\/www.escapadarural.com\/blog\/wp-content\/uploads\/2024\/10\/68781719_2101652840143769_4709369328678469632_n.jpg\" alt=\"\" class=\"wp-image-81005\"\/><figcaption class=\"wp-element-caption\">Antes y despu\u00e9s de la reforestaci\u00f3n del monte. Foto Tyto Alba<\/figcaption><\/figure>\n\n\n\n<figure class=\"wp-block-image size-full\"><img decoding=\"async\" src=\"https:\/\/www.escapadarural.com\/blog\/wp-content\/uploads\/2024\/10\/69143858_2101652730143780_8733514932093452288_n-1_WP_03.webp\" alt=\"\" class=\"wp-image-80912\"\/><figcaption class=\"wp-element-caption\">Palacios de Compludo en el Bierzo. Foto cedida por Tyto Alba El Bierzo<\/figcaption><\/figure>\n\n\n\n<p>Se firm\u00f3 un acuerdo de colaboraci\u00f3n para conservar el enclave entre Tyto Alba, la Sociedad Espa\u00f1ola de Ornitolog\u00eda (SEO\/BirdLife), la Asociaci\u00f3n de vecinos El Nogal y el Ayuntamiento de Ponferrada (propietario del monte). <\/p>\n\n\n\n<p>Y as\u00ed fue como se estableci\u00f3  la<strong> primera reserva ornitol\u00f3gica de la monta\u00f1a cant\u00e1brica<\/strong>, con una superficie de 969 hect\u00e1reas. En ella, detalla Tyto Alba,  se ha registrado la presencia de m\u00e1s de 80 especies de mariposas diurnas, 4 especies de anfibios, 11 de reptiles, 93 especies de aves y 25 de mam\u00edferos.<\/p>\n\n\n\n<figure class=\"wp-block-gallery has-nested-images columns-default is-cropped wp-block-gallery-1 is-layout-flex wp-block-gallery-is-layout-flex\">\n<figure class=\"wp-block-image size-large\"><img decoding=\"async\" data-id=\"81048\" src=\"https:\/\/www.escapadarural.com\/blog\/wp-content\/uploads\/2024\/10\/buho-chico_WP_01-774x1024-1.webp\" alt=\"\" class=\"wp-image-81048\"\/><figcaption class=\"wp-element-caption\">B\u00faho chico. Por Diego Delso<\/figcaption><\/figure>\n\n\n\n<figure class=\"wp-block-image size-large\"><img decoding=\"async\" data-id=\"81049\" src=\"https:\/\/www.escapadarural.com\/blog\/wp-content\/uploads\/2024\/10\/carabo_WP_02.webp\" alt=\"\" class=\"wp-image-81049\"\/><figcaption class=\"wp-element-caption\">Carabo. Por <a href=\"https:\/\/commons.wikimedia.org\/wiki\/Category:Strix_aluco#\/media\/File:01_Waldkauz.jpg\" target=\"_blank\" rel=\"noreferrer noopener nofollow\">Dignatur<\/a><\/figcaption><\/figure>\n\n\n\n<figure class=\"wp-block-image size-large\"><img decoding=\"async\" data-id=\"81050\" src=\"https:\/\/www.escapadarural.com\/blog\/wp-content\/uploads\/2024\/10\/gavilan_WP_03.webp\" alt=\"\" class=\"wp-image-81050\"\/><figcaption class=\"wp-element-caption\">Gavil\u00e1n. Por \tMike Atkins<\/figcaption><\/figure>\n\n\n\n<figure class=\"wp-block-image size-large\"><img decoding=\"async\" data-id=\"81051\" src=\"https:\/\/www.escapadarural.com\/blog\/wp-content\/uploads\/2024\/10\/trepador-azul_WP_05.webp\" alt=\"\" class=\"wp-image-81051\"\/><figcaption class=\"wp-element-caption\">Trepador azul. Por Wood_Nuthatch.jpg: Ron Knight<\/figcaption><\/figure>\n\n\n\n<figure class=\"wp-block-image size-large\"><img decoding=\"async\" data-id=\"81052\" src=\"https:\/\/www.escapadarural.com\/blog\/wp-content\/uploads\/2024\/10\/perdiz_WP_04.webp\" alt=\"\" class=\"wp-image-81052\"\/><figcaption class=\"wp-element-caption\">Perdiz pardilla. Por Ekaterina Chernetsova (Papchinskaya)<\/figcaption><\/figure>\n\n\n\n<figure class=\"wp-block-image size-large\"><img decoding=\"async\" data-id=\"81075\" src=\"https:\/\/www.escapadarural.com\/blog\/wp-content\/uploads\/2024\/10\/mochuelo-comun.-tyto-alba_WP_01.webp\" alt=\"\" class=\"wp-image-81075\"\/><figcaption class=\"wp-element-caption\">Mochuelo com\u00fan. Tyto Alba<\/figcaption><\/figure>\n<\/figure>\n\n\n\n<p>Un dato importante que destaca el presidente de Tyto Alba es que \u00abdesde la creaci\u00f3n de la reserva no ha habido ning\u00fan incendio, un hecho ins\u00f3lito en un Bierzo devastado cada verano por los fuegos\u00bb, celebra.<\/p>\n\n\n\n<h2 class=\"wp-block-heading\" id=\"h-un-pueblo-que-resucito-y-se-convirtio-en-el-lugar-mas-estudiado-del-bierzo\">Un pueblo que resucit\u00f3 y se convirti\u00f3 en el lugar m\u00e1s estudiado del Bierzo<\/h2>\n\n\n\n<p>Otro de los motivos que hizo realidad el proyecto, seg\u00fan Miguel \u00c1ngel, fue el acuerdo alcanzado con la Universidad de Le\u00f3n. \u00abUno de sus catedr\u00e1ticos, <strong>Francisco Purroy<\/strong>, &#8216;Pancho&#8217;, fue un personaje clave porque se compr\u00f3 una casa en Palacios y envi\u00f3 a muchos estudiantes a la zona\u00bb, explica. \u00abImag\u00ednate, aquello pas\u00f3 de estar abandonado a ser el lugar m\u00e1s estudiado de todo el Bierzo. All\u00ed se estudiaron los p\u00e1jaros, las mariposas, las lagartijas. Vamos, se estudi\u00f3 todo\u00bb.<\/p>\n\n\n\n<figure class=\"wp-block-image size-full\"><img decoding=\"async\" src=\"https:\/\/www.escapadarural.com\/blog\/wp-content\/uploads\/2024\/10\/valle-de-compludo_wp_17_WP_36.webp\" alt=\"\" class=\"wp-image-81007\"\/><figcaption class=\"wp-element-caption\">Perspectiva del noroeste de la reserva. Foto Tyto Alba<\/figcaption><\/figure>\n\n\n\n<p>Esta actitud proactiva y positiva gener\u00f3 un ambiente favorable que foment\u00f3 que los vecinos reconstruyesen sus antiguas moradas, respetando la arquitectura de balconadas de casta\u00f1o, muros de piedra viva y tejados de pizarra. \u00abTambi\u00e9n compraron ruinas y las adecuaron como residencia de vacaciones varias personas de fuera. Sobre todo, de Madrid, atra\u00eddas por la naturalidad del paisaje\u00bb. <\/p>\n\n\n\n<p>Ahora, es habitual ver a grupos de visitantes recorriendo las calles de Palacios de Compludo, disfrutando de su historia, de su entorno, de su fauna y de las actividades que Tyto Alba organiza para conectarlos con el medio. Entre ellas, la <strong>liberaci\u00f3n de p\u00e1jaros capturados<\/strong> en las redes, el <strong>anillamiento cient\u00edfico de aves <\/strong>o<strong> talleres de murci\u00e9lagos<\/strong>, en los que los participantes visitan casas viejas para la <strong>observaci\u00f3n de murci\u00e9lagos <\/strong>y realizan una salida nocturna para identificar especies mediante el uso de detectores de ultrasonidos.<\/p>\n\n\n\n<h2 class=\"wp-block-heading\" id=\"h-ruta-valle-del-oso\">Ruta Valle del Oso<\/h2>\n\n\n\n<figure class=\"wp-block-image size-full\"><img decoding=\"async\" src=\"https:\/\/www.escapadarural.com\/blog\/wp-content\/uploads\/2024\/10\/32743093_1827522100890179_4467635731602341888_n_WP_01.webp\" alt=\"\" class=\"wp-image-81033\"\/><figcaption class=\"wp-element-caption\">Cartel de Ruta Valle del Oso. Por Tyto Alba<\/figcaption><\/figure>\n\n\n\n<p>Desde Palacios de Compludo parte una ruta<strong> circular de 4 kil\u00f3metros<\/strong> de longitud y escaso desnivel que atraviesa diferentes ecosistemas, como el peque\u00f1o encinar de la solana, la umbr\u00eda del bosque de ribera, el gualt\u00f3n o cascada (en este caso, el de arriba), el melojar y el bosque mixto. Adem\u00e1s, se pueden apreciar las huellas dejadas por los diferentes usos tradicionales realizados por el hombre durante el siglo pasado. <\/p>\n\n\n\n<p>La adecuaci\u00f3n de esta ruta interpretativa ha sido realizada por voluntarios y escolares y ha requerido de actuaciones como desbroces para su apertura y mantenimiento, plantaci\u00f3n de frutales silvestres, construcci\u00f3n de escaleras realizadas en piedra para salvar ciertos desniveles, se\u00f1alizaci\u00f3n con tablas talladas en madera, instalaci\u00f3n de cajas-nido y de peque\u00f1os paneles sobre los usos tradicionales, etc.<\/p>\n\n\n\n<figure class=\"wp-block-gallery has-nested-images columns-default is-cropped wp-block-gallery-2 is-layout-flex wp-block-gallery-is-layout-flex\">\n<figure class=\"wp-block-image size-large\"><img decoding=\"async\" data-id=\"81035\" src=\"https:\/\/www.escapadarural.com\/blog\/wp-content\/uploads\/2024\/10\/32764673_1827522527556803_4885351584952745984_n_WP_02.webp\" alt=\"\" class=\"wp-image-81035\"\/><figcaption class=\"wp-element-caption\">Recorrido Ruta Valle del Oso. Tyto Alba<\/figcaption><\/figure>\n\n\n\n<figure class=\"wp-block-image size-large\"><img decoding=\"async\" data-id=\"81036\" src=\"https:\/\/www.escapadarural.com\/blog\/wp-content\/uploads\/2024\/10\/32778142_1827523044223418_2707626990617231360_n_WP_03.webp\" alt=\"\" class=\"wp-image-81036\"\/><figcaption class=\"wp-element-caption\">Ruta Valle del Oso. Tyto Alba<\/figcaption><\/figure>\n\n\n\n<figure class=\"wp-block-image size-large\"><img decoding=\"async\" data-id=\"81037\" src=\"https:\/\/www.escapadarural.com\/blog\/wp-content\/uploads\/2024\/10\/32928293_1827522714223451_7615150360688066560_n_WP_10-683x1024-1.webp\" alt=\"\" class=\"wp-image-81037\"\/><figcaption class=\"wp-element-caption\">Panel indicador Gualt\u00f3n de Arriba. Tyto Alba<\/figcaption><\/figure>\n<\/figure>\n\n\n\n<p>Miguel \u00c1ngel Gallego ha explicado a EscapadaRural que, aunque habitualmente la senda puede estar algo invadida por la vegetaci\u00f3n, en estos momentos se encuentra totalmente desbrozada, por lo que es transitable al 100%.<\/p>\n\n\n\n<p>Esta ruta no presenta dificultades t\u00e9cnicas rese\u00f1ables que no sean las de caminar con precauci\u00f3n por senderos peque\u00f1os con fuertes pendientes hacia el valle en algunos tramos. Tambi\u00e9n tener sentido com\u00fan para saber desistir cuando las condiciones clim\u00e1ticas no sean las m\u00e1s adecuadas para andar por esta zona y prestar atenci\u00f3n a lo que te vas a encontrar.<\/p>\n\n\n\n<h2 class=\"wp-block-heading\" id=\"h-conoce-los-gualtones\">Conoce los \u00abgualtones\u00bb<\/h2>\n\n\n\n<p>Gracias al tes\u00f3n de Quico y a la empat\u00eda de Tyto Alba, muchos viajeros est\u00e1n siendo testigos de un aut\u00e9ntico espect\u00e1culo natural escondido en ese trocito de valle que un d\u00eda pas\u00f3 a la historia. El colectivo conservacionista ha explicado a EscapadaRural c\u00f3mo paulatinamente se fue reforestando el monte y dot\u00e1ndolo con alguna que otra pasarela de madera para que puedas contemplar con tus propios ojos un aut\u00e9ntico regalo de sonido y agua en el coraz\u00f3n del Bierzo. <\/p>\n\n\n\n<p>Gualt\u00f3n de arriba, Gualt\u00f3n de abajo y Gualt\u00f3n de enmedio. S\u00ed, estamos de acuerdo con Miguel \u00c1ngel en que nadie se estruj\u00f3 mucho los sesos para nombrarlos. Y ni falta que hace.<\/p>\n\n\n\n<h2 class=\"wp-block-heading\" id=\"h-bienvenidos-al-gualton-de-arriba\">Bienvenidos al Gualt\u00f3n de Arriba<\/h2>\n\n\n\n<figure class=\"wp-block-image size-large\"><img decoding=\"async\" src=\"https:\/\/www.escapadarural.com\/blog\/wp-content\/uploads\/2024\/10\/gualton4_WP_05-685x1024-1.webp\" alt=\"\" class=\"wp-image-80949\"\/><figcaption class=\"wp-element-caption\">Por Tyto Alba<\/figcaption><\/figure>\n\n\n\n<figure class=\"wp-block-gallery has-nested-images columns-default is-cropped wp-block-gallery-3 is-layout-flex wp-block-gallery-is-layout-flex\">\n<figure class=\"wp-block-image size-large\"><img decoding=\"async\" data-id=\"81038\" src=\"https:\/\/www.escapadarural.com\/blog\/wp-content\/uploads\/2024\/10\/32802227_1827523314223391_6713672180212695040_n_WP_05-683x1024-1.webp\" alt=\"\" class=\"wp-image-81038\"\/><figcaption class=\"wp-element-caption\">Gualt\u00f3n de Arriba. Tyto Alba<\/figcaption><\/figure>\n\n\n\n<figure class=\"wp-block-image size-large\"><img decoding=\"async\" data-id=\"81039\" src=\"https:\/\/www.escapadarural.com\/blog\/wp-content\/uploads\/2024\/10\/32806138_1827523274223395_6068697538372829184_n_WP_06-683x1024-1.webp\" alt=\"\" class=\"wp-image-81039\"\/><figcaption class=\"wp-element-caption\">Gualt\u00f3n de Arriba. Tyto Alba<\/figcaption><\/figure>\n\n\n\n<figure class=\"wp-block-image size-large\"><img decoding=\"async\" data-id=\"81040\" src=\"https:\/\/www.escapadarural.com\/blog\/wp-content\/uploads\/2024\/10\/32808421_1827523340890055_7813312412194439168_n_WP_07-683x1024-1.webp\" alt=\"\" class=\"wp-image-81040\"\/><figcaption class=\"wp-element-caption\">Gualt\u00f3n de Arriba. Tyto Alba<\/figcaption><\/figure>\n<\/figure>\n\n\n\n<p>Despu\u00e9s de ver esto no s\u00e9 si querr\u00e1s abandonar el lugar porque parece sacado de un sue\u00f1o. Eso s\u00ed, te conviene saber que el de arriba no es el \u00fanico &#8216;gualt\u00f3n&#8217; o cascada que podr\u00e1s ver en la zona (tampoco la m\u00e1s espectacular, seg\u00fan Miguel \u00c1ngel. De hecho, a lo largo de la ruta del Valle del Oso existe la posibilidad de hacer desv\u00edo para ver el Gualt\u00f3n de enmedio. \u00abEl de abajo tiene un acceso m\u00e1s complicado y por eso es el menos visitado, aunque el m\u00e1s bonito\u00bb, reconoce el presidente de Tyto Alba. <\/p>\n\n\n\n<figure class=\"wp-block-image size-large\"><img decoding=\"async\" src=\"https:\/\/www.escapadarural.com\/blog\/wp-content\/uploads\/2024\/10\/gualton3_WP_04-685x1024-1.webp\" alt=\"\" class=\"wp-image-80948\"\/><figcaption class=\"wp-element-caption\">Gualt\u00f3n de Abajo. Por Tyto Alba<\/figcaption><\/figure>\n\n\n\n<figure class=\"wp-block-image size-large is-resized\"><img decoding=\"async\" src=\"https:\/\/www.escapadarural.com\/blog\/wp-content\/uploads\/2024\/10\/8e6ab4ad-0b81-4fd9-aa67-fe983d19545f_WP_01-768x1024-1.webp\" alt=\"\" class=\"wp-image-81041\" style=\"aspect-ratio:0.75;width:780px;height:auto\"\/><figcaption class=\"wp-element-caption\">Gualt\u00f3n de Enmedio. Por Tyto Alba<\/figcaption><\/figure>\n\n\n\n<p>Gallego considera que el valle de Compludo es uno de los mejor conservados de los montes Aquilianos. Extensos robledales, encinares, <strong>casta\u00f1os centenarios<\/strong> y bosques de ribera que jalonan r\u00edos limpios y libres han permitido la <strong>reproducci\u00f3n de una importante fauna<\/strong>.<\/p>\n\n\n\n<p>\u00abAqu\u00ed vive el <strong>\u00e1guila real<\/strong>, el lobo, la nutria y el desm\u00e1n, claros referentes de una naturaleza bien conservada. N\u00facleos rurales con una <strong>arquitectura rural pr\u00e1cticamente inalterada<\/strong>, con balconadas de casta\u00f1o, losa irregular y piedra vista. Edificios singulares y numerosos rincones cargados de historia completan la riqueza de estos parajes\u00bb. As\u00ed resume Tyto Alba la resurrecci\u00f3n de Palacios de Compludo, un lugar que pas\u00f3 de ser un aut\u00e9ntico cementerio rural a un campo de agua, aves y mariposas. <\/p>\n\n\n\n<figure class=\"wp-block-video\"><video controls src=\"https:\/\/www.escapadarural.com\/blog\/wp-content\/uploads\/2024\/11\/WhatsApp-Video-2024-08-07-at-16.53.42.mp4\"><\/video><figcaption class=\"wp-element-caption\">Varias especies de mariposas vuelan sobre la lavanda en Palacios de Compludo. Tyto Alba<\/figcaption><\/figure>\n","protected":false},"excerpt":{"rendered":"<p>A Espa\u00f1a no te la acabas. Igual encuentras un pueblo que se vuelve viral por su amor a Bruce Springsteen como otro que exorciza a sus habitantes 24 veces al d\u00eda desde la campana del ayuntamiento. Pues ahora resulta que en el Valle leon\u00e9s de Compludo hay un pueblo que resucit\u00f3 gracias a una asociaci\u00f3n ornitol\u00f3gica.<\/p>\n","protected":false},"author":156,"featured_media":90434,"comment_status":"open","ping_status":"open","sticky":false,"template":"","format":"standard","meta":{"_acf_changed":false,"om_disable_all_campaigns":false,"footnotes":""},"categories":[191],"tags":[5820,591,2123,5821],"class_list":["post-80911","post","type-post","status-publish","format-standard","has-post-thumbnail","hentry","category-destinos","tag-que-ver-en-el-bierzo","tag-que-ver-en-leon","tag-ponferrada","tag-valles-de-compludo"],"acf":[],"featured_image_src":"https:\/\/www.escapadarural.com\/blog\/wp-content\/uploads\/2024\/10\/vista-aerea-de-palacios-de-compludo_WP_09.webp","author_info":{"display_name":"Ver\u00f3nica G\u00f3mez","author_link":"https:\/\/www.escapadarural.com\/blog\/autor\/veronica-gomez\/"},"yoast_head":"<!-- This site is optimized with the Yoast SEO plugin v27.5 - https:\/\/yoast.com\/product\/yoast-seo-wordpress\/ -->\n<title>El pueblo que resucit\u00f3 gracias a una asociaci\u00f3n ornitol\u00f3gica - EscapadaRural<\/title>\n<meta name=\"robots\" content=\"index, follow, max-snippet:-1, max-image-preview:large, max-video-preview:-1\" \/>\n<link rel=\"canonical\" href=\"https:\/\/www.escapadarural.com\/blog\/un-pueblo-que-resucito-en-el-bierzo\/\" \/>\n<meta property=\"og:locale\" content=\"es_ES\" \/>\n<meta property=\"og:type\" content=\"article\" \/>\n<meta property=\"og:title\" content=\"El pueblo que resucit\u00f3 gracias a una asociaci\u00f3n ornitol\u00f3gica - EscapadaRural\" \/>\n<meta property=\"og:description\" content=\"A Espa\u00f1a no te la acabas. Igual encuentras un pueblo que se vuelve viral por su amor a Bruce Springsteen como otro que exorciza a sus habitantes 24 veces al d\u00eda desde la campana del ayuntamiento. Pues ahora resulta que en el Valle leon\u00e9s de Compludo hay un pueblo que resucit\u00f3 gracias a una asociaci\u00f3n ornitol\u00f3gica.\" \/>\n<meta property=\"og:url\" content=\"https:\/\/www.escapadarural.com\/blog\/un-pueblo-que-resucito-en-el-bierzo\/\" \/>\n<meta property=\"og:site_name\" content=\"Magazine de viajes de EscapadaRural\" \/>\n<meta property=\"article:publisher\" content=\"https:\/\/www.facebook.com\/escapadarural\" \/>\n<meta property=\"article:published_time\" content=\"2024-08-29T07:00:00+00:00\" \/>\n<meta property=\"article:modified_time\" content=\"2025-08-04T10:18:33+00:00\" \/>\n<meta property=\"og:image\" content=\"https:\/\/www.escapadarural.com\/blog\/wp-content\/uploads\/2024\/10\/vista-aerea-de-palacios-de-compludo_WP_09.webp?v=1754302714\" \/>\n\t<meta property=\"og:image:width\" content=\"1024\" \/>\n\t<meta property=\"og:image:height\" content=\"685\" \/>\n\t<meta property=\"og:image:type\" content=\"image\/webp\" \/>\n<meta name=\"author\" content=\"Ver\u00f3nica G\u00f3mez\" \/>\n<meta name=\"twitter:card\" content=\"summary_large_image\" \/>\n<meta name=\"twitter:label1\" content=\"Escrito por\" \/>\n\t<meta name=\"twitter:data1\" content=\"Ver\u00f3nica G\u00f3mez\" \/>\n\t<meta name=\"twitter:label2\" content=\"Tiempo de lectura\" \/>\n\t<meta name=\"twitter:data2\" content=\"13 minutos\" \/>\n<script type=\"application\/ld+json\" class=\"yoast-schema-graph\">{\"@context\":\"https:\\\/\\\/schema.org\",\"@graph\":[{\"@type\":\"Article\",\"@id\":\"https:\\\/\\\/www.escapadarural.com\\\/blog\\\/un-pueblo-que-resucito-en-el-bierzo\\\/#article\",\"isPartOf\":{\"@id\":\"https:\\\/\\\/www.escapadarural.com\\\/blog\\\/un-pueblo-que-resucito-en-el-bierzo\\\/\"},\"author\":{\"name\":\"Ver\u00f3nica G\u00f3mez\",\"@id\":\"https:\\\/\\\/www.escapadarural.com\\\/blog\\\/#\\\/schema\\\/person\\\/4140cb320c90a6ca94d284d6884f5b4e\"},\"headline\":\"El pueblo que resucit\u00f3 gracias a una asociaci\u00f3n ornitol\u00f3gica\",\"datePublished\":\"2024-08-29T07:00:00+00:00\",\"dateModified\":\"2025-08-04T10:18:33+00:00\",\"mainEntityOfPage\":{\"@id\":\"https:\\\/\\\/www.escapadarural.com\\\/blog\\\/un-pueblo-que-resucito-en-el-bierzo\\\/\"},\"wordCount\":1784,\"commentCount\":5,\"publisher\":{\"@id\":\"https:\\\/\\\/www.escapadarural.com\\\/blog\\\/#organization\"},\"image\":{\"@id\":\"https:\\\/\\\/www.escapadarural.com\\\/blog\\\/un-pueblo-que-resucito-en-el-bierzo\\\/#primaryimage\"},\"thumbnailUrl\":\"https:\\\/\\\/www.escapadarural.com\\\/blog\\\/wp-content\\\/uploads\\\/2024\\\/10\\\/vista-aerea-de-palacios-de-compludo_WP_09.webp\",\"keywords\":[\"El Bierzo\",\"Le\u00f3n\",\"Ponferrada\",\"Valles de Compludo\"],\"articleSection\":[\"Destinos\"],\"inLanguage\":\"es\",\"potentialAction\":[{\"@type\":\"CommentAction\",\"name\":\"Comment\",\"target\":[\"https:\\\/\\\/www.escapadarural.com\\\/blog\\\/un-pueblo-que-resucito-en-el-bierzo\\\/#respond\"]}]},{\"@type\":\"WebPage\",\"@id\":\"https:\\\/\\\/www.escapadarural.com\\\/blog\\\/un-pueblo-que-resucito-en-el-bierzo\\\/\",\"url\":\"https:\\\/\\\/www.escapadarural.com\\\/blog\\\/un-pueblo-que-resucito-en-el-bierzo\\\/\",\"name\":\"El pueblo que resucit\u00f3 gracias a una asociaci\u00f3n ornitol\u00f3gica - EscapadaRural\",\"isPartOf\":{\"@id\":\"https:\\\/\\\/www.escapadarural.com\\\/blog\\\/#website\"},\"primaryImageOfPage\":{\"@id\":\"https:\\\/\\\/www.escapadarural.com\\\/blog\\\/un-pueblo-que-resucito-en-el-bierzo\\\/#primaryimage\"},\"image\":{\"@id\":\"https:\\\/\\\/www.escapadarural.com\\\/blog\\\/un-pueblo-que-resucito-en-el-bierzo\\\/#primaryimage\"},\"thumbnailUrl\":\"https:\\\/\\\/www.escapadarural.com\\\/blog\\\/wp-content\\\/uploads\\\/2024\\\/10\\\/vista-aerea-de-palacios-de-compludo_WP_09.webp\",\"datePublished\":\"2024-08-29T07:00:00+00:00\",\"dateModified\":\"2025-08-04T10:18:33+00:00\",\"breadcrumb\":{\"@id\":\"https:\\\/\\\/www.escapadarural.com\\\/blog\\\/un-pueblo-que-resucito-en-el-bierzo\\\/#breadcrumb\"},\"inLanguage\":\"es\",\"potentialAction\":[{\"@type\":\"ReadAction\",\"target\":[\"https:\\\/\\\/www.escapadarural.com\\\/blog\\\/un-pueblo-que-resucito-en-el-bierzo\\\/\"]}]},{\"@type\":\"ImageObject\",\"inLanguage\":\"es\",\"@id\":\"https:\\\/\\\/www.escapadarural.com\\\/blog\\\/un-pueblo-que-resucito-en-el-bierzo\\\/#primaryimage\",\"url\":\"https:\\\/\\\/www.escapadarural.com\\\/blog\\\/wp-content\\\/uploads\\\/2024\\\/10\\\/vista-aerea-de-palacios-de-compludo_WP_09.webp\",\"contentUrl\":\"https:\\\/\\\/www.escapadarural.com\\\/blog\\\/wp-content\\\/uploads\\\/2024\\\/10\\\/vista-aerea-de-palacios-de-compludo_WP_09.webp\",\"width\":1024,\"height\":685,\"caption\":\"Un peque\u00f1o pueblo con casas de piedra y tejados de pizarra enclavado entre \u00e1rboles verdes y oto\u00f1ales en la ladera de una colina, con grandes monta\u00f1as boscosas al fondo bajo un cielo nublado.\"},{\"@type\":\"BreadcrumbList\",\"@id\":\"https:\\\/\\\/www.escapadarural.com\\\/blog\\\/un-pueblo-que-resucito-en-el-bierzo\\\/#breadcrumb\",\"itemListElement\":[{\"@type\":\"ListItem\",\"position\":1,\"name\":\"Inicio\",\"item\":\"https:\\\/\\\/www.escapadarural.com\\\/blog\\\/\"},{\"@type\":\"ListItem\",\"position\":2,\"name\":\"Destinos\",\"item\":\"https:\\\/\\\/www.escapadarural.com\\\/blog\\\/categoria\\\/destinos\\\/\"},{\"@type\":\"ListItem\",\"position\":3,\"name\":\"El pueblo que resucit\u00f3 gracias a una asociaci\u00f3n ornitol\u00f3gica\"}]},{\"@type\":\"WebSite\",\"@id\":\"https:\\\/\\\/www.escapadarural.com\\\/blog\\\/#website\",\"url\":\"https:\\\/\\\/www.escapadarural.com\\\/blog\\\/\",\"name\":\"Blog de viajes | turismo rural, alojamientos e inspiraci\u00f3n\",\"description\":\"Alojamientos rurales e inspiraci\u00f3n para tus escapadas\",\"publisher\":{\"@id\":\"https:\\\/\\\/www.escapadarural.com\\\/blog\\\/#organization\"},\"alternateName\":\"Magazine de viajes de EscapadaRural\",\"potentialAction\":[{\"@type\":\"SearchAction\",\"target\":{\"@type\":\"EntryPoint\",\"urlTemplate\":\"https:\\\/\\\/www.escapadarural.com\\\/blog\\\/?s={search_term_string}\"},\"query-input\":{\"@type\":\"PropertyValueSpecification\",\"valueRequired\":true,\"valueName\":\"search_term_string\"}}],\"inLanguage\":\"es\"},{\"@type\":\"Organization\",\"@id\":\"https:\\\/\\\/www.escapadarural.com\\\/blog\\\/#organization\",\"name\":\"EscapadaRural\",\"url\":\"https:\\\/\\\/www.escapadarural.com\\\/blog\\\/\",\"logo\":{\"@type\":\"ImageObject\",\"inLanguage\":\"es\",\"@id\":\"https:\\\/\\\/www.escapadarural.com\\\/blog\\\/#\\\/schema\\\/logo\\\/image\\\/\",\"url\":\"https:\\\/\\\/www.escapadarural.com\\\/blog\\\/wp-content\\\/uploads\\\/2024\\\/10\\\/cropped-cropped-escapada-rural-icon-mag-3.png\",\"contentUrl\":\"https:\\\/\\\/www.escapadarural.com\\\/blog\\\/wp-content\\\/uploads\\\/2024\\\/10\\\/cropped-cropped-escapada-rural-icon-mag-3.png\",\"width\":512,\"height\":512,\"caption\":\"EscapadaRural\"},\"image\":{\"@id\":\"https:\\\/\\\/www.escapadarural.com\\\/blog\\\/#\\\/schema\\\/logo\\\/image\\\/\"},\"sameAs\":[\"https:\\\/\\\/www.facebook.com\\\/escapadarural\",\"https:\\\/\\\/www.instagram.com\\\/escapadarural\\\/\",\"https:\\\/\\\/www.youtube.com\\\/@escapadaruralcom\"]},{\"@type\":\"Person\",\"@id\":\"https:\\\/\\\/www.escapadarural.com\\\/blog\\\/#\\\/schema\\\/person\\\/4140cb320c90a6ca94d284d6884f5b4e\",\"name\":\"Ver\u00f3nica G\u00f3mez\",\"image\":{\"@type\":\"ImageObject\",\"inLanguage\":\"es\",\"@id\":\"https:\\\/\\\/secure.gravatar.com\\\/avatar\\\/a14c3f7acd3c2787ced9245c8239291aa98d78e70607ab29f4388e265c55669f?s=96&d=mm&r=g\",\"url\":\"https:\\\/\\\/secure.gravatar.com\\\/avatar\\\/a14c3f7acd3c2787ced9245c8239291aa98d78e70607ab29f4388e265c55669f?s=96&d=mm&r=g\",\"contentUrl\":\"https:\\\/\\\/secure.gravatar.com\\\/avatar\\\/a14c3f7acd3c2787ced9245c8239291aa98d78e70607ab29f4388e265c55669f?s=96&d=mm&r=g\",\"caption\":\"Ver\u00f3nica G\u00f3mez\"},\"description\":\"Periodista, madre de Hugo y Enzo a tiempo completo e investigadora incansable, dir\u00eda que hasta cuando duermo. Antes en Cr\u00f3nica Global, El Liberal y El Mundo Catalunya\",\"url\":\"https:\\\/\\\/www.escapadarural.com\\\/blog\\\/autor\\\/veronica-gomez\\\/\"}]}<\/script>\n<!-- \/ Yoast SEO plugin. -->","yoast_head_json":{"title":"El pueblo que resucit\u00f3 gracias a una asociaci\u00f3n ornitol\u00f3gica - EscapadaRural","robots":{"index":"index","follow":"follow","max-snippet":"max-snippet:-1","max-image-preview":"max-image-preview:large","max-video-preview":"max-video-preview:-1"},"canonical":"https:\/\/www.escapadarural.com\/blog\/un-pueblo-que-resucito-en-el-bierzo\/","og_locale":"es_ES","og_type":"article","og_title":"El pueblo que resucit\u00f3 gracias a una asociaci\u00f3n ornitol\u00f3gica - EscapadaRural","og_description":"A Espa\u00f1a no te la acabas. Igual encuentras un pueblo que se vuelve viral por su amor a Bruce Springsteen como otro que exorciza a sus habitantes 24 veces al d\u00eda desde la campana del ayuntamiento. Pues ahora resulta que en el Valle leon\u00e9s de Compludo hay un pueblo que resucit\u00f3 gracias a una asociaci\u00f3n ornitol\u00f3gica.","og_url":"https:\/\/www.escapadarural.com\/blog\/un-pueblo-que-resucito-en-el-bierzo\/","og_site_name":"Magazine de viajes de EscapadaRural","article_publisher":"https:\/\/www.facebook.com\/escapadarural","article_published_time":"2024-08-29T07:00:00+00:00","article_modified_time":"2025-08-04T10:18:33+00:00","og_image":[{"width":1024,"height":685,"url":"https:\/\/www.escapadarural.com\/blog\/wp-content\/uploads\/2024\/10\/vista-aerea-de-palacios-de-compludo_WP_09.webp?v=1754302714","type":"image\/webp"}],"author":"Ver\u00f3nica G\u00f3mez","twitter_card":"summary_large_image","twitter_misc":{"Escrito por":"Ver\u00f3nica G\u00f3mez","Tiempo de lectura":"13 minutos"},"schema":{"@context":"https:\/\/schema.org","@graph":[{"@type":"Article","@id":"https:\/\/www.escapadarural.com\/blog\/un-pueblo-que-resucito-en-el-bierzo\/#article","isPartOf":{"@id":"https:\/\/www.escapadarural.com\/blog\/un-pueblo-que-resucito-en-el-bierzo\/"},"author":{"name":"Ver\u00f3nica G\u00f3mez","@id":"https:\/\/www.escapadarural.com\/blog\/#\/schema\/person\/4140cb320c90a6ca94d284d6884f5b4e"},"headline":"El pueblo que resucit\u00f3 gracias a una asociaci\u00f3n ornitol\u00f3gica","datePublished":"2024-08-29T07:00:00+00:00","dateModified":"2025-08-04T10:18:33+00:00","mainEntityOfPage":{"@id":"https:\/\/www.escapadarural.com\/blog\/un-pueblo-que-resucito-en-el-bierzo\/"},"wordCount":1784,"commentCount":5,"publisher":{"@id":"https:\/\/www.escapadarural.com\/blog\/#organization"},"image":{"@id":"https:\/\/www.escapadarural.com\/blog\/un-pueblo-que-resucito-en-el-bierzo\/#primaryimage"},"thumbnailUrl":"https:\/\/www.escapadarural.com\/blog\/wp-content\/uploads\/2024\/10\/vista-aerea-de-palacios-de-compludo_WP_09.webp","keywords":["El Bierzo","Le\u00f3n","Ponferrada","Valles de Compludo"],"articleSection":["Destinos"],"inLanguage":"es","potentialAction":[{"@type":"CommentAction","name":"Comment","target":["https:\/\/www.escapadarural.com\/blog\/un-pueblo-que-resucito-en-el-bierzo\/#respond"]}]},{"@type":"WebPage","@id":"https:\/\/www.escapadarural.com\/blog\/un-pueblo-que-resucito-en-el-bierzo\/","url":"https:\/\/www.escapadarural.com\/blog\/un-pueblo-que-resucito-en-el-bierzo\/","name":"El pueblo que resucit\u00f3 gracias a una asociaci\u00f3n ornitol\u00f3gica - EscapadaRural","isPartOf":{"@id":"https:\/\/www.escapadarural.com\/blog\/#website"},"primaryImageOfPage":{"@id":"https:\/\/www.escapadarural.com\/blog\/un-pueblo-que-resucito-en-el-bierzo\/#primaryimage"},"image":{"@id":"https:\/\/www.escapadarural.com\/blog\/un-pueblo-que-resucito-en-el-bierzo\/#primaryimage"},"thumbnailUrl":"https:\/\/www.escapadarural.com\/blog\/wp-content\/uploads\/2024\/10\/vista-aerea-de-palacios-de-compludo_WP_09.webp","datePublished":"2024-08-29T07:00:00+00:00","dateModified":"2025-08-04T10:18:33+00:00","breadcrumb":{"@id":"https:\/\/www.escapadarural.com\/blog\/un-pueblo-que-resucito-en-el-bierzo\/#breadcrumb"},"inLanguage":"es","potentialAction":[{"@type":"ReadAction","target":["https:\/\/www.escapadarural.com\/blog\/un-pueblo-que-resucito-en-el-bierzo\/"]}]},{"@type":"ImageObject","inLanguage":"es","@id":"https:\/\/www.escapadarural.com\/blog\/un-pueblo-que-resucito-en-el-bierzo\/#primaryimage","url":"https:\/\/www.escapadarural.com\/blog\/wp-content\/uploads\/2024\/10\/vista-aerea-de-palacios-de-compludo_WP_09.webp","contentUrl":"https:\/\/www.escapadarural.com\/blog\/wp-content\/uploads\/2024\/10\/vista-aerea-de-palacios-de-compludo_WP_09.webp","width":1024,"height":685,"caption":"Un peque\u00f1o pueblo con casas de piedra y tejados de pizarra enclavado entre \u00e1rboles verdes y oto\u00f1ales en la ladera de una colina, con grandes monta\u00f1as boscosas al fondo bajo un cielo nublado."},{"@type":"BreadcrumbList","@id":"https:\/\/www.escapadarural.com\/blog\/un-pueblo-que-resucito-en-el-bierzo\/#breadcrumb","itemListElement":[{"@type":"ListItem","position":1,"name":"Inicio","item":"https:\/\/www.escapadarural.com\/blog\/"},{"@type":"ListItem","position":2,"name":"Destinos","item":"https:\/\/www.escapadarural.com\/blog\/categoria\/destinos\/"},{"@type":"ListItem","position":3,"name":"El pueblo que resucit\u00f3 gracias a una asociaci\u00f3n ornitol\u00f3gica"}]},{"@type":"WebSite","@id":"https:\/\/www.escapadarural.com\/blog\/#website","url":"https:\/\/www.escapadarural.com\/blog\/","name":"Blog de viajes | turismo rural, alojamientos e inspiraci\u00f3n","description":"Alojamientos rurales e inspiraci\u00f3n para tus escapadas","publisher":{"@id":"https:\/\/www.escapadarural.com\/blog\/#organization"},"alternateName":"Magazine de viajes de EscapadaRural","potentialAction":[{"@type":"SearchAction","target":{"@type":"EntryPoint","urlTemplate":"https:\/\/www.escapadarural.com\/blog\/?s={search_term_string}"},"query-input":{"@type":"PropertyValueSpecification","valueRequired":true,"valueName":"search_term_string"}}],"inLanguage":"es"},{"@type":"Organization","@id":"https:\/\/www.escapadarural.com\/blog\/#organization","name":"EscapadaRural","url":"https:\/\/www.escapadarural.com\/blog\/","logo":{"@type":"ImageObject","inLanguage":"es","@id":"https:\/\/www.escapadarural.com\/blog\/#\/schema\/logo\/image\/","url":"https:\/\/www.escapadarural.com\/blog\/wp-content\/uploads\/2024\/10\/cropped-cropped-escapada-rural-icon-mag-3.png","contentUrl":"https:\/\/www.escapadarural.com\/blog\/wp-content\/uploads\/2024\/10\/cropped-cropped-escapada-rural-icon-mag-3.png","width":512,"height":512,"caption":"EscapadaRural"},"image":{"@id":"https:\/\/www.escapadarural.com\/blog\/#\/schema\/logo\/image\/"},"sameAs":["https:\/\/www.facebook.com\/escapadarural","https:\/\/www.instagram.com\/escapadarural\/","https:\/\/www.youtube.com\/@escapadaruralcom"]},{"@type":"Person","@id":"https:\/\/www.escapadarural.com\/blog\/#\/schema\/person\/4140cb320c90a6ca94d284d6884f5b4e","name":"Ver\u00f3nica G\u00f3mez","image":{"@type":"ImageObject","inLanguage":"es","@id":"https:\/\/secure.gravatar.com\/avatar\/a14c3f7acd3c2787ced9245c8239291aa98d78e70607ab29f4388e265c55669f?s=96&d=mm&r=g","url":"https:\/\/secure.gravatar.com\/avatar\/a14c3f7acd3c2787ced9245c8239291aa98d78e70607ab29f4388e265c55669f?s=96&d=mm&r=g","contentUrl":"https:\/\/secure.gravatar.com\/avatar\/a14c3f7acd3c2787ced9245c8239291aa98d78e70607ab29f4388e265c55669f?s=96&d=mm&r=g","caption":"Ver\u00f3nica G\u00f3mez"},"description":"Periodista, madre de Hugo y Enzo a tiempo completo e investigadora incansable, dir\u00eda que hasta cuando duermo. Antes en Cr\u00f3nica Global, El Liberal y El Mundo Catalunya","url":"https:\/\/www.escapadarural.com\/blog\/autor\/veronica-gomez\/"}]}},"_links":{"self":[{"href":"https:\/\/www.escapadarural.com\/blog\/wp-json\/wp\/v2\/posts\/80911","targetHints":{"allow":["GET"]}}],"collection":[{"href":"https:\/\/www.escapadarural.com\/blog\/wp-json\/wp\/v2\/posts"}],"about":[{"href":"https:\/\/www.escapadarural.com\/blog\/wp-json\/wp\/v2\/types\/post"}],"author":[{"embeddable":true,"href":"https:\/\/www.escapadarural.com\/blog\/wp-json\/wp\/v2\/users\/156"}],"replies":[{"embeddable":true,"href":"https:\/\/www.escapadarural.com\/blog\/wp-json\/wp\/v2\/comments?post=80911"}],"version-history":[{"count":0,"href":"https:\/\/www.escapadarural.com\/blog\/wp-json\/wp\/v2\/posts\/80911\/revisions"}],"wp:featuredmedia":[{"embeddable":true,"href":"https:\/\/www.escapadarural.com\/blog\/wp-json\/wp\/v2\/media\/90434"}],"wp:attachment":[{"href":"https:\/\/www.escapadarural.com\/blog\/wp-json\/wp\/v2\/media?parent=80911"}],"wp:term":[{"taxonomy":"category","embeddable":true,"href":"https:\/\/www.escapadarural.com\/blog\/wp-json\/wp\/v2\/categories?post=80911"},{"taxonomy":"post_tag","embeddable":true,"href":"https:\/\/www.escapadarural.com\/blog\/wp-json\/wp\/v2\/tags?post=80911"}],"curies":[{"name":"wp","href":"https:\/\/api.w.org\/{rel}","templated":true}]}}