{"id":81276,"date":"2024-08-24T08:00:00","date_gmt":"2024-08-24T07:00:00","guid":{"rendered":"https:\/\/www.escapadarural.com\/blog\/?p=81276"},"modified":"2025-03-13T14:29:34","modified_gmt":"2025-03-13T12:29:34","slug":"espacios-naturales-protegidos-en-baleares","status":"publish","type":"post","link":"https:\/\/www.escapadarural.com\/blog\/espacios-naturales-protegidos-en-baleares\/","title":{"rendered":"Albuferas y salinas, los espacios naturales protegidos en Baleares"},"content":{"rendered":"\n<figure class=\"wp-block-image size-large\"><img decoding=\"async\" src=\"https:\/\/www.escapadarural.com\/blog\/wp-content\/uploads\/2024\/10\/Albufera-de-s-Grau-med-1-1024x757-1.jpg\" alt=\"Albufera des Grau. Por Jaume Capell\u00e0, Newlink Spain. Espacios naturales protegidos en Baleares\" class=\"wp-image-81284\"\/><figcaption class=\"wp-element-caption\">Albufera des Grau. Por Jaume Capell\u00e0, Newlink Spain<\/figcaption><\/figure>\n\n\n\n<p>La protecci\u00f3n del medio ambiente en las Islas Baleares no es solo una <strong>prioridad<\/strong>, sino una forma de vida. Este compromiso se refleja en la conservaci\u00f3n de sus albuferas y salinas, aut\u00e9nticos santuarios de <strong>biodiversidad<\/strong> que no solo preservan la riqueza natural del Mediterr\u00e1neo, sino que demuestran c\u00f3mo el desarrollo sostenible y la conservaci\u00f3n de los ecosistemas es posible y esencial. Estos son algunos de los espacios naturales protegidos en Baleares:<\/p>\n\n\n\n<p><strong>El Parque Natural de s&#8217;Albufera de Mallorca y las Salinas de Es Trenc<\/strong><\/p>\n\n\n\n<figure class=\"wp-block-image size-large\"><img decoding=\"async\" src=\"https:\/\/www.escapadarural.com\/blog\/wp-content\/uploads\/2022\/06\/majorca-es-trenc-ses-arenes-beach-in-balearic-islands-spain-july-2020-stockpack-adobe-stock-1024x583-1.jpg\" alt=\"Es Trenc\" class=\"wp-image-52531\"\/><figcaption class=\"wp-element-caption\">Es Trenc. Por Martin Valigursky <\/figcaption><\/figure>\n\n\n\n<p>En Mallorca, la Albufera de Alcudia es <strong>el humedal m\u00e1s grande y significativo<\/strong> de las Islas Baleares. Extendi\u00e9ndose sobre una vasta \u00e1rea de m\u00e1s de 1.600 hect\u00e1reas, este ecosistema es un santuario para m\u00e1s de <strong>270 especies de aves<\/strong>, muchas de ellas migratorias, que encuentran en estas aguas un lugar esencial para su supervivencia. Entre las especies m\u00e1s notables se encuentran el \u00e1guila pescadora, el calam\u00f3n y el aguilucho lagunero. Adem\u00e1s, su flora acu\u00e1tica, dominada por <strong>juncos, carrizos y plantas subacu\u00e1ticas<\/strong>, es vital para la purificaci\u00f3n del agua y sirve de refugio para una multitud de organismos.&nbsp;<\/p>\n\n\n\n<p>Por otro lado, las <strong>Salinas de Es Trenc<\/strong>, situadas en el sur de la isla y activas desde la \u00e9poca romana, m\u00e1s all\u00e1 de ser productoras de sal de alta calidad, tambi\u00e9n son el h\u00e1bitat de especies como el flamenco rosado, la cig\u00fce\u00f1uela y la avoceta.<\/p>\n\n\n\n<p><strong>La Albufera des Grau y las salinas de Fornells&nbsp;<\/strong><\/p>\n\n\n\n<figure class=\"wp-block-image size-large\"><img decoding=\"async\" src=\"https:\/\/www.escapadarural.com\/blog\/wp-content\/uploads\/2024\/10\/Albufera-Es-Grau-1024x691-1.jpg\" alt=\"Albufera Es Grau\" class=\"wp-image-81286\"\/><figcaption class=\"wp-element-caption\">Albufera Es Grau. Por Newlink Spain<\/figcaption><\/figure>\n\n\n\n<p>Una de las zonas m\u00e1s importantes para la conservaci\u00f3n de la biodiversidad en Menorca es la <strong>Albufera des Grau<\/strong>, que abarca m\u00e1s de 5.000 hect\u00e1reas y entre las que no solo se encuentra la albufera sino tambi\u00e9n una diversidad de h\u00e1bitats costeros, islotes y bosques mediterr\u00e1neos. La Albufera des Grau es un <strong>humedal de agua dulce<\/strong> que alberga especies end\u00e9micas de la isla como el lagarto balear y la tortuga mediterr\u00e1nea, as\u00ed como una gran variedad de aves acu\u00e1ticas, incluyendo la focha com\u00fan, el \u00e1nade real y el zampull\u00edn cuellinegro.<\/p>\n\n\n\n<p>Las <strong>Salinas de Fornells<\/strong>, situadas en el norte de la isla, son otro ejemplo de la estrecha relaci\u00f3n entre el ser humano y la naturaleza en Menorca. Estas salinas son un \u00e1rea protegida en la que conviven aves como la avoceta, el chorlitejo patinegro y el cormor\u00e1n mo\u00f1udo. La conservaci\u00f3n de las salinas no solo beneficia a las especies que dependen de ellas, sino que tambi\u00e9n contribuye a la econom\u00eda local a trav\u00e9s del ecoturismo y la producci\u00f3n sostenible de sal.<\/p>\n\n\n\n<p><strong>Parque Natural de Ses Salines de Ibiza y Formentera<\/strong>&nbsp;<\/p>\n\n\n\n<figure class=\"wp-block-image size-large\"><img decoding=\"async\" src=\"https:\/\/www.escapadarural.com\/blog\/wp-content\/uploads\/2024\/10\/Ses-Salines-1024x744-1.jpg\" alt=\"Ses Salines\" class=\"wp-image-81291\"\/><figcaption class=\"wp-element-caption\">Ses Salines. Por Newlink Spain<\/figcaption><\/figure>\n\n\n\n<p>El <strong>Parque Natural de Ses Salines<\/strong>, que abarca tanto Ibiza como Formentera, es otro de los enclaves naturales m\u00e1s emblem\u00e1ticos del archipi\u00e9lago. Este parque, que se extiende entre las Islas Pitiusas, es crucial para las <strong>aves migratorias<\/strong> que lo utilizan como una parada esencial en su ruta entre \u00c1frica y Europa, como el flamenco rosado, el \u00e1guila pescadora y el charr\u00e1n.<\/p>\n\n\n\n<p>Adem\u00e1s de sus salinas, el parque cuenta con praderas submarinas de <strong><em>Posidonia oceanica<\/em><\/strong>, que son fundamentales para la salud de las aguas costeras de ambas islas. Estas praderas act\u00faan como filtros naturales, mejorando la calidad del agua y protegiendo las costas de la erosi\u00f3n. Tambi\u00e9n proporcionan h\u00e1bitats esenciales para peces, moluscos y crust\u00e1ceos, enriqueciendo la biodiversidad marina.&nbsp;<\/p>\n\n\n\n<p><strong>Mejora de la accesibilidad y de los observatorios de las albuferas<\/strong><\/p>\n\n\n\n<figure class=\"wp-block-image size-large\"><img decoding=\"async\" src=\"https:\/\/www.escapadarural.com\/blog\/wp-content\/uploads\/2024\/10\/Albufera-de-Mallorca-1024x691-1.jpg\" alt=\"Albufera de Mallorca. Por Eduardo Miralles, Newlink Spain\" class=\"wp-image-81283\"\/><figcaption class=\"wp-element-caption\">Albufera de Mallorca. Por Eduardo Miralles, Newlink Spain<\/figcaption><\/figure>\n\n\n\n<p>El <strong>Impuesto de Turismo Sostenible<\/strong> (ITS) est\u00e1 impulsando un proyecto clave para mejorar la conservaci\u00f3n y la accesibilidad en estos espacios naturales de las islas, pues el aumento del turismo ha generado la necesidad de optimizar los itinerarios y las instalaciones para garantizar tanto la seguridad de los visitantes como la protecci\u00f3n de los ecosistemas.&nbsp;<\/p>\n\n\n\n<p>En el Parque Natural de s&#8217;Albufera de Mallorca, se abordar\u00e1n problemas de estado y drenaje en cuatro caminos principales y se mejorar\u00e1 el acceso al centro de informaci\u00f3n y edificios de gesti\u00f3n, adem\u00e1s de reparar un malec\u00f3n deteriorado por las crecidas.<\/p>\n\n\n\n<p>En <strong>Menorca<\/strong>, el enfoque estar\u00e1 en tres itinerarios del Parque Natural de s&#8217;Albufera d&#8217;Es Grau: el azul de \u00abSa Gola\u00bb, el verde de \u00abSanta Matrona\u00bb y el rojo de \u00abCala Llimpa\u00bb. Se llevar\u00e1 a cabo mantenimiento general, correcci\u00f3n de fen\u00f3menos erosivos y mejoras en los miradores para ofrecer una experiencia m\u00e1s segura y enriquecedora.<\/p>\n\n\n\n<p>Por \u00faltimo, en el Parque Natural de Ses Salines d&#8217;Eivissa i Formentera, se mejorar\u00e1 el itinerario que conecta los estanques de Can Marroig con el centro de interpretaci\u00f3n del parque. Se instalar\u00e1 una plataforma elevada para la observaci\u00f3n de aves y se mejorar\u00e1 la se\u00f1alizaci\u00f3n interpretativa, facilitando as\u00ed la experiencia de los visitantes y promoviendo la conservaci\u00f3n de la biodiversidad local.<\/p>\n\n\n\n<div class=\"wp-block-buttons is-layout-flex wp-block-buttons-is-layout-flex\">\n<div class=\"wp-block-button\"><a class=\"wp-block-button__link wp-element-button\" href=\"https:\/\/www.escapadarural.com\/casas-rurales\/islas-baleares\">Alojamientos en Baleares<\/a><\/div>\n<\/div>\n\n\n\n<p>M\u00e1s informaci\u00f3n y material: <a href=\"http:\/\/www.illesbalears.travel\" target=\"_blank\">www.illesbalears.travel<\/a><\/p>\n\n\n\n<p><a href=\"https:\/\/www.escapadarural.com\/blog\/categoria\/notas-de-prensa\/\" title=\"Notas de prensa\"  data-wpil-monitor-id=\"887\">Nota de prensa<\/a> de Newlink Spain<\/p>\n","protected":false},"excerpt":{"rendered":"<p>La protecci\u00f3n del medio ambiente en las Islas Baleares no es solo una prioridad, sino una forma de vida. Este compromiso se refleja en la conservaci\u00f3n de sus albuferas y salinas, aut\u00e9nticos santuarios de biodiversidad que no solo preservan la riqueza natural del Mediterr\u00e1neo, sino que demuestran c\u00f3mo el desarrollo sostenible y la conservaci\u00f3n de los ecosistemas es posible y esencial.<\/p>\n","protected":false},"author":136,"featured_media":90524,"comment_status":"open","ping_status":"open","sticky":false,"template":"","format":"standard","meta":{"_acf_changed":false,"om_disable_all_campaigns":false,"footnotes":""},"categories":[191],"tags":[5830,5832,1280,408,409,412,410,411,866,2885],"class_list":["post-81276","post","type-post","status-publish","format-standard","has-post-thumbnail","hentry","category-destinos","tag-albuferas","tag-espacios-naturales-protegidos","tag-espacios-protegidos","tag-formentera","tag-ibiza","tag-que-ver-en-islas-baleares","tag-mallorca","tag-menorca","tag-parques-naturales","tag-salinas"],"acf":[],"featured_image_src":"https:\/\/www.escapadarural.com\/blog\/wp-content\/uploads\/2024\/10\/Albufera-de-s-Grau-med-1-1024x757-1.jpg","author_info":{"display_name":"Escapada Rural","author_link":"https:\/\/www.escapadarural.com\/blog\/autor\/user\/"},"yoast_head":"<!-- This site is optimized with the Yoast SEO plugin v27.5 - https:\/\/yoast.com\/product\/yoast-seo-wordpress\/ -->\n<title>Albuferas y salinas, los espacios naturales protegidos en Baleares - EscapadaRural<\/title>\n<meta name=\"robots\" content=\"index, follow, max-snippet:-1, max-image-preview:large, max-video-preview:-1\" \/>\n<link rel=\"canonical\" href=\"https:\/\/www.escapadarural.com\/blog\/espacios-naturales-protegidos-en-baleares\/\" \/>\n<meta property=\"og:locale\" content=\"es_ES\" \/>\n<meta property=\"og:type\" content=\"article\" \/>\n<meta property=\"og:title\" content=\"Albuferas y salinas, los espacios naturales protegidos en Baleares - EscapadaRural\" \/>\n<meta property=\"og:description\" content=\"La protecci\u00f3n del medio ambiente en las Islas Baleares no es solo una prioridad, sino una forma de vida. Este compromiso se refleja en la conservaci\u00f3n de sus albuferas y salinas, aut\u00e9nticos santuarios de biodiversidad que no solo preservan la riqueza natural del Mediterr\u00e1neo, sino que demuestran c\u00f3mo el desarrollo sostenible y la conservaci\u00f3n de los ecosistemas es posible y esencial.\" \/>\n<meta property=\"og:url\" content=\"https:\/\/www.escapadarural.com\/blog\/espacios-naturales-protegidos-en-baleares\/\" \/>\n<meta property=\"og:site_name\" content=\"Magazine de viajes de EscapadaRural\" \/>\n<meta property=\"article:publisher\" content=\"https:\/\/www.facebook.com\/escapadarural\" \/>\n<meta property=\"article:author\" content=\"https:\/\/www.facebook.com\/escapadarural\" \/>\n<meta property=\"article:published_time\" content=\"2024-08-24T07:00:00+00:00\" \/>\n<meta property=\"article:modified_time\" content=\"2025-03-13T12:29:34+00:00\" \/>\n<meta property=\"og:image\" content=\"https:\/\/www.escapadarural.com\/blog\/wp-content\/uploads\/2024\/10\/Albufera-de-s-Grau-med-1-1024x757-1.jpg\" \/>\n\t<meta property=\"og:image:width\" content=\"1024\" \/>\n\t<meta property=\"og:image:height\" content=\"757\" \/>\n\t<meta property=\"og:image:type\" content=\"image\/jpeg\" \/>\n<meta name=\"author\" content=\"Escapada Rural\" \/>\n<meta name=\"twitter:card\" content=\"summary_large_image\" \/>\n<meta name=\"twitter:creator\" content=\"@https:\/\/x.com\/i\/flow\/login?redirect_after_login=escapadarural\" \/>\n<meta name=\"twitter:label1\" content=\"Escrito por\" \/>\n\t<meta name=\"twitter:data1\" content=\"Escapada Rural\" \/>\n\t<meta name=\"twitter:label2\" content=\"Tiempo de lectura\" \/>\n\t<meta name=\"twitter:data2\" content=\"5 minutos\" \/>\n<script type=\"application\/ld+json\" class=\"yoast-schema-graph\">{\"@context\":\"https:\\\/\\\/schema.org\",\"@graph\":[{\"@type\":\"Article\",\"@id\":\"https:\\\/\\\/www.escapadarural.com\\\/blog\\\/espacios-naturales-protegidos-en-baleares\\\/#article\",\"isPartOf\":{\"@id\":\"https:\\\/\\\/www.escapadarural.com\\\/blog\\\/espacios-naturales-protegidos-en-baleares\\\/\"},\"author\":{\"name\":\"Escapada Rural\",\"@id\":\"https:\\\/\\\/www.escapadarural.com\\\/blog\\\/#\\\/schema\\\/person\\\/d9ee55ff3e0cef41d6eac8922b4f972c\"},\"headline\":\"Albuferas y salinas, los espacios naturales protegidos en Baleares\",\"datePublished\":\"2024-08-24T07:00:00+00:00\",\"dateModified\":\"2025-03-13T12:29:34+00:00\",\"mainEntityOfPage\":{\"@id\":\"https:\\\/\\\/www.escapadarural.com\\\/blog\\\/espacios-naturales-protegidos-en-baleares\\\/\"},\"wordCount\":889,\"commentCount\":0,\"publisher\":{\"@id\":\"https:\\\/\\\/www.escapadarural.com\\\/blog\\\/#organization\"},\"image\":{\"@id\":\"https:\\\/\\\/www.escapadarural.com\\\/blog\\\/espacios-naturales-protegidos-en-baleares\\\/#primaryimage\"},\"thumbnailUrl\":\"https:\\\/\\\/www.escapadarural.com\\\/blog\\\/wp-content\\\/uploads\\\/2024\\\/10\\\/Albufera-de-s-Grau-med-1-1024x757-1.jpg\",\"keywords\":[\"Albuferas\",\"Espacios naturales protegidos\",\"Espacios Protegidos\",\"Formentera\",\"Ibiza\",\"Islas Baleares\",\"Mallorca\",\"Menorca\",\"Parques Naturales\",\"Salinas\"],\"articleSection\":[\"Destinos\"],\"inLanguage\":\"es\",\"potentialAction\":[{\"@type\":\"CommentAction\",\"name\":\"Comment\",\"target\":[\"https:\\\/\\\/www.escapadarural.com\\\/blog\\\/espacios-naturales-protegidos-en-baleares\\\/#respond\"]}]},{\"@type\":\"WebPage\",\"@id\":\"https:\\\/\\\/www.escapadarural.com\\\/blog\\\/espacios-naturales-protegidos-en-baleares\\\/\",\"url\":\"https:\\\/\\\/www.escapadarural.com\\\/blog\\\/espacios-naturales-protegidos-en-baleares\\\/\",\"name\":\"Albuferas y salinas, los espacios naturales protegidos en Baleares - EscapadaRural\",\"isPartOf\":{\"@id\":\"https:\\\/\\\/www.escapadarural.com\\\/blog\\\/#website\"},\"primaryImageOfPage\":{\"@id\":\"https:\\\/\\\/www.escapadarural.com\\\/blog\\\/espacios-naturales-protegidos-en-baleares\\\/#primaryimage\"},\"image\":{\"@id\":\"https:\\\/\\\/www.escapadarural.com\\\/blog\\\/espacios-naturales-protegidos-en-baleares\\\/#primaryimage\"},\"thumbnailUrl\":\"https:\\\/\\\/www.escapadarural.com\\\/blog\\\/wp-content\\\/uploads\\\/2024\\\/10\\\/Albufera-de-s-Grau-med-1-1024x757-1.jpg\",\"datePublished\":\"2024-08-24T07:00:00+00:00\",\"dateModified\":\"2025-03-13T12:29:34+00:00\",\"breadcrumb\":{\"@id\":\"https:\\\/\\\/www.escapadarural.com\\\/blog\\\/espacios-naturales-protegidos-en-baleares\\\/#breadcrumb\"},\"inLanguage\":\"es\",\"potentialAction\":[{\"@type\":\"ReadAction\",\"target\":[\"https:\\\/\\\/www.escapadarural.com\\\/blog\\\/espacios-naturales-protegidos-en-baleares\\\/\"]}]},{\"@type\":\"ImageObject\",\"inLanguage\":\"es\",\"@id\":\"https:\\\/\\\/www.escapadarural.com\\\/blog\\\/espacios-naturales-protegidos-en-baleares\\\/#primaryimage\",\"url\":\"https:\\\/\\\/www.escapadarural.com\\\/blog\\\/wp-content\\\/uploads\\\/2024\\\/10\\\/Albufera-de-s-Grau-med-1-1024x757-1.jpg\",\"contentUrl\":\"https:\\\/\\\/www.escapadarural.com\\\/blog\\\/wp-content\\\/uploads\\\/2024\\\/10\\\/Albufera-de-s-Grau-med-1-1024x757-1.jpg\",\"width\":1024,\"height\":757,\"caption\":\"Un estrecho camino de tierra bordeado de rocas y hierba alta cruza un lago azul y conduce hacia una colina verde y cubierta de \u00e1rboles bajo un cielo azul despejado.\"},{\"@type\":\"BreadcrumbList\",\"@id\":\"https:\\\/\\\/www.escapadarural.com\\\/blog\\\/espacios-naturales-protegidos-en-baleares\\\/#breadcrumb\",\"itemListElement\":[{\"@type\":\"ListItem\",\"position\":1,\"name\":\"Inicio\",\"item\":\"https:\\\/\\\/www.escapadarural.com\\\/blog\\\/\"},{\"@type\":\"ListItem\",\"position\":2,\"name\":\"Destinos\",\"item\":\"https:\\\/\\\/www.escapadarural.com\\\/blog\\\/categoria\\\/destinos\\\/\"},{\"@type\":\"ListItem\",\"position\":3,\"name\":\"Albuferas y salinas, los espacios naturales protegidos en Baleares\"}]},{\"@type\":\"WebSite\",\"@id\":\"https:\\\/\\\/www.escapadarural.com\\\/blog\\\/#website\",\"url\":\"https:\\\/\\\/www.escapadarural.com\\\/blog\\\/\",\"name\":\"Blog de viajes | turismo rural, alojamientos e inspiraci\u00f3n\",\"description\":\"Alojamientos rurales e inspiraci\u00f3n para tus escapadas\",\"publisher\":{\"@id\":\"https:\\\/\\\/www.escapadarural.com\\\/blog\\\/#organization\"},\"alternateName\":\"Magazine de viajes de EscapadaRural\",\"potentialAction\":[{\"@type\":\"SearchAction\",\"target\":{\"@type\":\"EntryPoint\",\"urlTemplate\":\"https:\\\/\\\/www.escapadarural.com\\\/blog\\\/?s={search_term_string}\"},\"query-input\":{\"@type\":\"PropertyValueSpecification\",\"valueRequired\":true,\"valueName\":\"search_term_string\"}}],\"inLanguage\":\"es\"},{\"@type\":\"Organization\",\"@id\":\"https:\\\/\\\/www.escapadarural.com\\\/blog\\\/#organization\",\"name\":\"EscapadaRural\",\"url\":\"https:\\\/\\\/www.escapadarural.com\\\/blog\\\/\",\"logo\":{\"@type\":\"ImageObject\",\"inLanguage\":\"es\",\"@id\":\"https:\\\/\\\/www.escapadarural.com\\\/blog\\\/#\\\/schema\\\/logo\\\/image\\\/\",\"url\":\"https:\\\/\\\/www.escapadarural.com\\\/blog\\\/wp-content\\\/uploads\\\/2024\\\/10\\\/cropped-cropped-escapada-rural-icon-mag-3.png\",\"contentUrl\":\"https:\\\/\\\/www.escapadarural.com\\\/blog\\\/wp-content\\\/uploads\\\/2024\\\/10\\\/cropped-cropped-escapada-rural-icon-mag-3.png\",\"width\":512,\"height\":512,\"caption\":\"EscapadaRural\"},\"image\":{\"@id\":\"https:\\\/\\\/www.escapadarural.com\\\/blog\\\/#\\\/schema\\\/logo\\\/image\\\/\"},\"sameAs\":[\"https:\\\/\\\/www.facebook.com\\\/escapadarural\",\"https:\\\/\\\/www.instagram.com\\\/escapadarural\\\/\",\"https:\\\/\\\/www.youtube.com\\\/@escapadaruralcom\"]},{\"@type\":\"Person\",\"@id\":\"https:\\\/\\\/www.escapadarural.com\\\/blog\\\/#\\\/schema\\\/person\\\/d9ee55ff3e0cef41d6eac8922b4f972c\",\"name\":\"Escapada Rural\",\"image\":{\"@type\":\"ImageObject\",\"inLanguage\":\"es\",\"@id\":\"https:\\\/\\\/www.escapadarural.com\\\/blog\\\/wp-content\\\/uploads\\\/2024\\\/10\\\/cropped-cropped-escapada-rural-icon-mag-3-96x96.png\",\"url\":\"https:\\\/\\\/www.escapadarural.com\\\/blog\\\/wp-content\\\/uploads\\\/2024\\\/10\\\/cropped-cropped-escapada-rural-icon-mag-3-96x96.png\",\"contentUrl\":\"https:\\\/\\\/www.escapadarural.com\\\/blog\\\/wp-content\\\/uploads\\\/2024\\\/10\\\/cropped-cropped-escapada-rural-icon-mag-3-96x96.png\",\"caption\":\"Escapada Rural\"},\"sameAs\":[\"https:\\\/\\\/www.facebook.com\\\/escapadarural\",\"https:\\\/\\\/www.linkedin.com\\\/company\\\/escapada-rural\\\/?originalSubdomain=es\",\"https:\\\/\\\/x.com\\\/https:\\\/\\\/x.com\\\/i\\\/flow\\\/login?redirect_after_login=escapadarural\"],\"url\":\"https:\\\/\\\/www.escapadarural.com\\\/blog\\\/autor\\\/user\\\/\"}]}<\/script>\n<!-- \/ Yoast SEO plugin. -->","yoast_head_json":{"title":"Albuferas y salinas, los espacios naturales protegidos en Baleares - EscapadaRural","robots":{"index":"index","follow":"follow","max-snippet":"max-snippet:-1","max-image-preview":"max-image-preview:large","max-video-preview":"max-video-preview:-1"},"canonical":"https:\/\/www.escapadarural.com\/blog\/espacios-naturales-protegidos-en-baleares\/","og_locale":"es_ES","og_type":"article","og_title":"Albuferas y salinas, los espacios naturales protegidos en Baleares - EscapadaRural","og_description":"La protecci\u00f3n del medio ambiente en las Islas Baleares no es solo una prioridad, sino una forma de vida. Este compromiso se refleja en la conservaci\u00f3n de sus albuferas y salinas, aut\u00e9nticos santuarios de biodiversidad que no solo preservan la riqueza natural del Mediterr\u00e1neo, sino que demuestran c\u00f3mo el desarrollo sostenible y la conservaci\u00f3n de los ecosistemas es posible y esencial.","og_url":"https:\/\/www.escapadarural.com\/blog\/espacios-naturales-protegidos-en-baleares\/","og_site_name":"Magazine de viajes de EscapadaRural","article_publisher":"https:\/\/www.facebook.com\/escapadarural","article_author":"https:\/\/www.facebook.com\/escapadarural","article_published_time":"2024-08-24T07:00:00+00:00","article_modified_time":"2025-03-13T12:29:34+00:00","og_image":[{"width":1024,"height":757,"url":"https:\/\/www.escapadarural.com\/blog\/wp-content\/uploads\/2024\/10\/Albufera-de-s-Grau-med-1-1024x757-1.jpg","type":"image\/jpeg"}],"author":"Escapada Rural","twitter_card":"summary_large_image","twitter_creator":"@https:\/\/x.com\/i\/flow\/login?redirect_after_login=escapadarural","twitter_misc":{"Escrito por":"Escapada Rural","Tiempo de lectura":"5 minutos"},"schema":{"@context":"https:\/\/schema.org","@graph":[{"@type":"Article","@id":"https:\/\/www.escapadarural.com\/blog\/espacios-naturales-protegidos-en-baleares\/#article","isPartOf":{"@id":"https:\/\/www.escapadarural.com\/blog\/espacios-naturales-protegidos-en-baleares\/"},"author":{"name":"Escapada Rural","@id":"https:\/\/www.escapadarural.com\/blog\/#\/schema\/person\/d9ee55ff3e0cef41d6eac8922b4f972c"},"headline":"Albuferas y salinas, los espacios naturales protegidos en Baleares","datePublished":"2024-08-24T07:00:00+00:00","dateModified":"2025-03-13T12:29:34+00:00","mainEntityOfPage":{"@id":"https:\/\/www.escapadarural.com\/blog\/espacios-naturales-protegidos-en-baleares\/"},"wordCount":889,"commentCount":0,"publisher":{"@id":"https:\/\/www.escapadarural.com\/blog\/#organization"},"image":{"@id":"https:\/\/www.escapadarural.com\/blog\/espacios-naturales-protegidos-en-baleares\/#primaryimage"},"thumbnailUrl":"https:\/\/www.escapadarural.com\/blog\/wp-content\/uploads\/2024\/10\/Albufera-de-s-Grau-med-1-1024x757-1.jpg","keywords":["Albuferas","Espacios naturales protegidos","Espacios Protegidos","Formentera","Ibiza","Islas Baleares","Mallorca","Menorca","Parques Naturales","Salinas"],"articleSection":["Destinos"],"inLanguage":"es","potentialAction":[{"@type":"CommentAction","name":"Comment","target":["https:\/\/www.escapadarural.com\/blog\/espacios-naturales-protegidos-en-baleares\/#respond"]}]},{"@type":"WebPage","@id":"https:\/\/www.escapadarural.com\/blog\/espacios-naturales-protegidos-en-baleares\/","url":"https:\/\/www.escapadarural.com\/blog\/espacios-naturales-protegidos-en-baleares\/","name":"Albuferas y salinas, los espacios naturales protegidos en Baleares - EscapadaRural","isPartOf":{"@id":"https:\/\/www.escapadarural.com\/blog\/#website"},"primaryImageOfPage":{"@id":"https:\/\/www.escapadarural.com\/blog\/espacios-naturales-protegidos-en-baleares\/#primaryimage"},"image":{"@id":"https:\/\/www.escapadarural.com\/blog\/espacios-naturales-protegidos-en-baleares\/#primaryimage"},"thumbnailUrl":"https:\/\/www.escapadarural.com\/blog\/wp-content\/uploads\/2024\/10\/Albufera-de-s-Grau-med-1-1024x757-1.jpg","datePublished":"2024-08-24T07:00:00+00:00","dateModified":"2025-03-13T12:29:34+00:00","breadcrumb":{"@id":"https:\/\/www.escapadarural.com\/blog\/espacios-naturales-protegidos-en-baleares\/#breadcrumb"},"inLanguage":"es","potentialAction":[{"@type":"ReadAction","target":["https:\/\/www.escapadarural.com\/blog\/espacios-naturales-protegidos-en-baleares\/"]}]},{"@type":"ImageObject","inLanguage":"es","@id":"https:\/\/www.escapadarural.com\/blog\/espacios-naturales-protegidos-en-baleares\/#primaryimage","url":"https:\/\/www.escapadarural.com\/blog\/wp-content\/uploads\/2024\/10\/Albufera-de-s-Grau-med-1-1024x757-1.jpg","contentUrl":"https:\/\/www.escapadarural.com\/blog\/wp-content\/uploads\/2024\/10\/Albufera-de-s-Grau-med-1-1024x757-1.jpg","width":1024,"height":757,"caption":"Un estrecho camino de tierra bordeado de rocas y hierba alta cruza un lago azul y conduce hacia una colina verde y cubierta de \u00e1rboles bajo un cielo azul despejado."},{"@type":"BreadcrumbList","@id":"https:\/\/www.escapadarural.com\/blog\/espacios-naturales-protegidos-en-baleares\/#breadcrumb","itemListElement":[{"@type":"ListItem","position":1,"name":"Inicio","item":"https:\/\/www.escapadarural.com\/blog\/"},{"@type":"ListItem","position":2,"name":"Destinos","item":"https:\/\/www.escapadarural.com\/blog\/categoria\/destinos\/"},{"@type":"ListItem","position":3,"name":"Albuferas y salinas, los espacios naturales protegidos en Baleares"}]},{"@type":"WebSite","@id":"https:\/\/www.escapadarural.com\/blog\/#website","url":"https:\/\/www.escapadarural.com\/blog\/","name":"Blog de viajes | turismo rural, alojamientos e inspiraci\u00f3n","description":"Alojamientos rurales e inspiraci\u00f3n para tus escapadas","publisher":{"@id":"https:\/\/www.escapadarural.com\/blog\/#organization"},"alternateName":"Magazine de viajes de EscapadaRural","potentialAction":[{"@type":"SearchAction","target":{"@type":"EntryPoint","urlTemplate":"https:\/\/www.escapadarural.com\/blog\/?s={search_term_string}"},"query-input":{"@type":"PropertyValueSpecification","valueRequired":true,"valueName":"search_term_string"}}],"inLanguage":"es"},{"@type":"Organization","@id":"https:\/\/www.escapadarural.com\/blog\/#organization","name":"EscapadaRural","url":"https:\/\/www.escapadarural.com\/blog\/","logo":{"@type":"ImageObject","inLanguage":"es","@id":"https:\/\/www.escapadarural.com\/blog\/#\/schema\/logo\/image\/","url":"https:\/\/www.escapadarural.com\/blog\/wp-content\/uploads\/2024\/10\/cropped-cropped-escapada-rural-icon-mag-3.png","contentUrl":"https:\/\/www.escapadarural.com\/blog\/wp-content\/uploads\/2024\/10\/cropped-cropped-escapada-rural-icon-mag-3.png","width":512,"height":512,"caption":"EscapadaRural"},"image":{"@id":"https:\/\/www.escapadarural.com\/blog\/#\/schema\/logo\/image\/"},"sameAs":["https:\/\/www.facebook.com\/escapadarural","https:\/\/www.instagram.com\/escapadarural\/","https:\/\/www.youtube.com\/@escapadaruralcom"]},{"@type":"Person","@id":"https:\/\/www.escapadarural.com\/blog\/#\/schema\/person\/d9ee55ff3e0cef41d6eac8922b4f972c","name":"Escapada Rural","image":{"@type":"ImageObject","inLanguage":"es","@id":"https:\/\/www.escapadarural.com\/blog\/wp-content\/uploads\/2024\/10\/cropped-cropped-escapada-rural-icon-mag-3-96x96.png","url":"https:\/\/www.escapadarural.com\/blog\/wp-content\/uploads\/2024\/10\/cropped-cropped-escapada-rural-icon-mag-3-96x96.png","contentUrl":"https:\/\/www.escapadarural.com\/blog\/wp-content\/uploads\/2024\/10\/cropped-cropped-escapada-rural-icon-mag-3-96x96.png","caption":"Escapada Rural"},"sameAs":["https:\/\/www.facebook.com\/escapadarural","https:\/\/www.linkedin.com\/company\/escapada-rural\/?originalSubdomain=es","https:\/\/x.com\/https:\/\/x.com\/i\/flow\/login?redirect_after_login=escapadarural"],"url":"https:\/\/www.escapadarural.com\/blog\/autor\/user\/"}]}},"_links":{"self":[{"href":"https:\/\/www.escapadarural.com\/blog\/wp-json\/wp\/v2\/posts\/81276","targetHints":{"allow":["GET"]}}],"collection":[{"href":"https:\/\/www.escapadarural.com\/blog\/wp-json\/wp\/v2\/posts"}],"about":[{"href":"https:\/\/www.escapadarural.com\/blog\/wp-json\/wp\/v2\/types\/post"}],"author":[{"embeddable":true,"href":"https:\/\/www.escapadarural.com\/blog\/wp-json\/wp\/v2\/users\/136"}],"replies":[{"embeddable":true,"href":"https:\/\/www.escapadarural.com\/blog\/wp-json\/wp\/v2\/comments?post=81276"}],"version-history":[{"count":0,"href":"https:\/\/www.escapadarural.com\/blog\/wp-json\/wp\/v2\/posts\/81276\/revisions"}],"wp:featuredmedia":[{"embeddable":true,"href":"https:\/\/www.escapadarural.com\/blog\/wp-json\/wp\/v2\/media\/90524"}],"wp:attachment":[{"href":"https:\/\/www.escapadarural.com\/blog\/wp-json\/wp\/v2\/media?parent=81276"}],"wp:term":[{"taxonomy":"category","embeddable":true,"href":"https:\/\/www.escapadarural.com\/blog\/wp-json\/wp\/v2\/categories?post=81276"},{"taxonomy":"post_tag","embeddable":true,"href":"https:\/\/www.escapadarural.com\/blog\/wp-json\/wp\/v2\/tags?post=81276"}],"curies":[{"name":"wp","href":"https:\/\/api.w.org\/{rel}","templated":true}]}}