{"id":81295,"date":"2024-09-10T06:33:00","date_gmt":"2024-09-10T05:33:00","guid":{"rendered":"https:\/\/www.escapadarural.com\/blog\/?p=81295"},"modified":"2026-02-17T17:03:59","modified_gmt":"2026-02-17T16:03:59","slug":"ideas-para-un-otono-sostenible","status":"publish","type":"post","link":"https:\/\/www.escapadarural.com\/blog\/ideas-para-un-otono-sostenible\/","title":{"rendered":"Las mejores ideas para un oto\u00f1o sostenible en la naturaleza"},"content":{"rendered":"\n<figure class=\"wp-block-image size-full\"><img loading=\"lazy\" decoding=\"async\" width=\"2048\" height=\"1365\" src=\"https:\/\/www.escapadarural.com\/blog\/wp-content\/uploads\/2024\/11\/AdobeStock_299258436-scaled-1.jpeg\" alt=\"Ramas de haya con hojas de color ocre en oto\u00f1o con la Cascada del Xiblu al fondo. Hayedo de Montegrande. Ruta de senderismo. Cordillera Cant\u00e1brica, Asturias, Espa\u00f1a de LFRabanedo\" class=\"wp-image-108639\" srcset=\"https:\/\/www.escapadarural.com\/blog\/wp-content\/uploads\/2024\/11\/AdobeStock_299258436-scaled-1-200x133.jpeg 200w, https:\/\/www.escapadarural.com\/blog\/wp-content\/uploads\/2024\/11\/AdobeStock_299258436-scaled-1-300x200.jpeg 300w, https:\/\/www.escapadarural.com\/blog\/wp-content\/uploads\/2024\/11\/AdobeStock_299258436-scaled-1-400x267.jpeg 400w, https:\/\/www.escapadarural.com\/blog\/wp-content\/uploads\/2024\/11\/AdobeStock_299258436-scaled-1-600x400.jpeg 600w, https:\/\/www.escapadarural.com\/blog\/wp-content\/uploads\/2024\/11\/AdobeStock_299258436-scaled-1-768x512.jpeg 768w, https:\/\/www.escapadarural.com\/blog\/wp-content\/uploads\/2024\/11\/AdobeStock_299258436-scaled-1-800x533.jpeg 800w, https:\/\/www.escapadarural.com\/blog\/wp-content\/uploads\/2024\/11\/AdobeStock_299258436-scaled-1-1024x683.jpeg 1024w, https:\/\/www.escapadarural.com\/blog\/wp-content\/uploads\/2024\/11\/AdobeStock_299258436-scaled-1-1200x800.jpeg 1200w, https:\/\/www.escapadarural.com\/blog\/wp-content\/uploads\/2024\/11\/AdobeStock_299258436-scaled-1-1536x1024.jpeg 1536w, https:\/\/www.escapadarural.com\/blog\/wp-content\/uploads\/2024\/11\/AdobeStock_299258436-scaled-1.jpeg 2048w\" sizes=\"auto, (max-width: 2048px) 100vw, 2048px\" \/><figcaption class=\"wp-element-caption\">Hayedo de Montegrande. Cordillera Cant\u00e1brica, Asturias. Por: LFRabanedo<\/figcaption><\/figure>\n\n\n\n<p>Las hojas doradas crujen bajo tus pies mientras el aire fresco acaricia tu rostro. Es el indicador de que <strong>el oto\u00f1o ha llegado<\/strong>, trayendo consigo, adem\u00e1s del espect\u00e1culo de colores, una oportunidad \u00fanica para reconectar con la naturaleza de manera sostenible, sin tanto bullicio y con unos colores \u00fanicos.<\/p>\n\n\n\n<p>En este art\u00edculo <strong>te presentaremos actividades<\/strong> para disfrutar de esta \u00e9poca especial del a\u00f1o, respetando la naturaleza y la cultura del lugar, para que as\u00ed podamos seguir gozando de estos lugares durante todo el a\u00f1o.<\/p>\n\n\n\n<p>Acomp\u00e1\u00f1anos en este recorrido por la magia del oto\u00f1o con las mejores recomendaciones de qu\u00e9 hacer en la naturaleza y qu\u00e9 lugares visitar.<\/p>\n\n\n\n<div class=\"wp-block-buttons is-layout-flex wp-block-buttons-is-layout-flex\">\n<div class=\"wp-block-button\"><a class=\"wp-block-button__link wp-element-button\" href=\"\/casas-rurales\" target=\"_blank\" rel=\"noreferrer noopener\">Encuentra tu alojamiento<\/a><\/div>\n<\/div>\n\n\n\n<h2 class=\"wp-block-heading\" id=\"h-como-planificar-la-visita-a-los-bosques-otonales\">C\u00f3mo planificar la visita a los bosques oto\u00f1ales<\/h2>\n\n\n\n<figure class=\"wp-block-image size-full\"><img loading=\"lazy\" decoding=\"async\" width=\"2048\" height=\"1356\" src=\"https:\/\/www.escapadarural.com\/blog\/wp-content\/uploads\/2024\/11\/AdobeStock_216985076-scaled-1.jpeg\" alt=\"El fot\u00f3grafo est\u00e1 tomando una foto de un paisaje del oto\u00f1o en el casta\u00f1ar de El Tiemblo, Espa\u00f1a de DoloresGiraldez\" class=\"wp-image-108640\" srcset=\"https:\/\/www.escapadarural.com\/blog\/wp-content\/uploads\/2024\/11\/AdobeStock_216985076-scaled-1-200x132.jpeg 200w, https:\/\/www.escapadarural.com\/blog\/wp-content\/uploads\/2024\/11\/AdobeStock_216985076-scaled-1-300x199.jpeg 300w, https:\/\/www.escapadarural.com\/blog\/wp-content\/uploads\/2024\/11\/AdobeStock_216985076-scaled-1-400x265.jpeg 400w, https:\/\/www.escapadarural.com\/blog\/wp-content\/uploads\/2024\/11\/AdobeStock_216985076-scaled-1-600x397.jpeg 600w, https:\/\/www.escapadarural.com\/blog\/wp-content\/uploads\/2024\/11\/AdobeStock_216985076-scaled-1-768x509.jpeg 768w, https:\/\/www.escapadarural.com\/blog\/wp-content\/uploads\/2024\/11\/AdobeStock_216985076-scaled-1-800x530.jpeg 800w, https:\/\/www.escapadarural.com\/blog\/wp-content\/uploads\/2024\/11\/AdobeStock_216985076-scaled-1-1024x678.jpeg 1024w, https:\/\/www.escapadarural.com\/blog\/wp-content\/uploads\/2024\/11\/AdobeStock_216985076-scaled-1-1200x795.jpeg 1200w, https:\/\/www.escapadarural.com\/blog\/wp-content\/uploads\/2024\/11\/AdobeStock_216985076-scaled-1-1536x1017.jpeg 1536w, https:\/\/www.escapadarural.com\/blog\/wp-content\/uploads\/2024\/11\/AdobeStock_216985076-scaled-1.jpeg 2048w\" sizes=\"auto, (max-width: 2048px) 100vw, 2048px\" \/><figcaption class=\"wp-element-caption\">casta\u00f1ar de El Tiemblo. Por: DoloresGiraldez<\/figcaption><\/figure>\n\n\n\n<p>Los <a href=\"https:\/\/www.biospheresustainable.com\/es\/comunidad\/centre- dainformacio-montseny\/3175\" target=\"_blank\" rel=\"noreferrer noopener nofollow\">bosques <\/a>son la estrella indiscutible de esta \u00e9poca del a\u00f1o, as\u00ed que vamos a ver los mejores consejos para que disfrutes a\u00fan m\u00e1s de tus escapadas a ellos.<\/p>\n\n\n\n<p>En primer lugar, <strong>respeta siempre los senderos marcados<\/strong> para evitar da\u00f1ar la vegetaci\u00f3n y no perturbar la fauna, especialmente durante la \u00e9poca de apareamiento de ciertos animales, como por ejemplo los ciervos.<\/p>\n\n\n\n<p>Es \u00e9poca de<strong> recolecci\u00f3n de setas y frutos silvestres<\/strong>, y como somos muchos los que disfrutamos con estos manjares de la naturaleza, tienes que informarte de las regulaciones locales sobre su recogida y de las especies protegidas para recolectar la cantidad justa.<\/p>\n\n\n\n<p>En cuanto a las setas, utiliza t\u00e9cnicas de recolecci\u00f3n que no da\u00f1en el micelio o las plantas. Para esto lo mejor es aprender apunt\u00e1ndote a un grupo de mic\u00f3logos, que te ense\u00f1ar\u00e1n todas las t\u00e9cnicas. Lleva las setas siempre en una <strong>cesta de mimbre<\/strong> para difuminar sus esporas y, por supuesto, recoge solo las que vayas a consumir.<\/p>\n\n\n\n<p>Por supuesto, cuando vayas a visitar los bosques lleva <strong>ropa fina y ropa de abrigo<\/strong>, porque en las estaciones de entretiempo el clima puede cambiar muy r\u00e1pido.<\/p>\n\n\n\n<p>Y, finalmente, ense\u00f1a a otros viajeros tus <strong>buenas pr\u00e1cticas<\/strong> para que ellos tambi\u00e9n puedan seguirlas. Por ejemplo, compartiendo tus experiencias sostenibles y responsables en redes sociales.<\/p>\n\n\n\n<h2 class=\"wp-block-heading\" id=\"h-crea-arte-efimero\">Crea arte ef\u00edmero<\/h2>\n\n\n\n<p>Ha surgido una nueva tendencia pl\u00e1stica, y es la del <strong>arte ef\u00edmero con hojas de oto\u00f1o<\/strong>. Esta pr\u00e1ctica sostenible fusiona creatividad y conciencia ambiental para hacer m\u00e1s bonita nuestras vidas. En esta forma de expresi\u00f3n art\u00edstica utilizamos hojas ca\u00eddas y otros elementos naturales, como pi\u00f1as o ramitas, para crear obras temporales destinadas a ser apreciadas por poco tiempo antes de reintegrarse al ciclo natural.<\/p>\n\n\n\n<p>Los autores de estas obras recolectan hojas de diversos colores y formas del suelo, respetando el entorno. Siempre recogen hojas sueltas y secas, nunca las arrancan de los \u00e1rboles o arbustos.<\/p>\n\n\n\n<p>T\u00fa mismo puedes convertirte en artista con estos materiales, con los que puedes <strong>dise\u00f1ar mandalas, esculturas, mensajes<\/strong> o incluso instalaciones naturales en lugares poco transitados. Este proceso fomenta tanto la conexi\u00f3n con la naturaleza y el mindfulness, como educa sobre los ciclos estacionales.<\/p>\n\n\n\n<p>Como buen <strong>arte ef\u00edmero<\/strong> tiene fecha de caducidad, marcado por la naturaleza, por eso hacer unas fotograf\u00edas o v\u00eddeos a la obra creada har\u00e1 que perdure en la memoria, adem\u00e1s de permitir compartirla, inspirando a otros a crear sus propias obras.<\/p>\n\n\n\n<p>Lo bueno de esta pr\u00e1ctica es que no deja huella permanente, ya que evita el uso de adhesivos o fijadores, adem\u00e1s de barnices. Todo se tiene que hacer con<strong> elementos naturales <\/strong>que te encuentras en la zona.<\/p>\n\n\n\n<p>Adem\u00e1s de su valor art\u00edstico, el arte ef\u00edmero sirve como herramienta educativa sobre biodiversidad y sostenibilidad.<\/p>\n\n\n\n<h2 class=\"wp-block-heading\" id=\"h-que-lugares-visitar-en-otono\">Qu\u00e9 lugares visitar en oto\u00f1o<\/h2>\n\n\n\n<figure class=\"wp-block-image size-full\"><img loading=\"lazy\" decoding=\"async\" width=\"1080\" height=\"1080\" src=\"https:\/\/www.escapadarural.com\/blog\/wp-content\/uploads\/2025\/03\/ordesa-y-monte-perdido.webp\" alt=\"Senderismo en Cola de Caballo, Huesca\" class=\"wp-image-195439\" srcset=\"https:\/\/www.escapadarural.com\/blog\/wp-content\/uploads\/2025\/03\/ordesa-y-monte-perdido-66x66.webp 66w, https:\/\/www.escapadarural.com\/blog\/wp-content\/uploads\/2025\/03\/ordesa-y-monte-perdido-150x150.webp 150w, https:\/\/www.escapadarural.com\/blog\/wp-content\/uploads\/2025\/03\/ordesa-y-monte-perdido-200x200.webp 200w, https:\/\/www.escapadarural.com\/blog\/wp-content\/uploads\/2025\/03\/ordesa-y-monte-perdido-300x300.webp 300w, https:\/\/www.escapadarural.com\/blog\/wp-content\/uploads\/2025\/03\/ordesa-y-monte-perdido-400x400.webp 400w, https:\/\/www.escapadarural.com\/blog\/wp-content\/uploads\/2025\/03\/ordesa-y-monte-perdido-600x600.webp 600w, https:\/\/www.escapadarural.com\/blog\/wp-content\/uploads\/2025\/03\/ordesa-y-monte-perdido-768x768.webp 768w, https:\/\/www.escapadarural.com\/blog\/wp-content\/uploads\/2025\/03\/ordesa-y-monte-perdido-800x800.webp 800w, https:\/\/www.escapadarural.com\/blog\/wp-content\/uploads\/2025\/03\/ordesa-y-monte-perdido-1024x1024.webp 1024w, https:\/\/www.escapadarural.com\/blog\/wp-content\/uploads\/2025\/03\/ordesa-y-monte-perdido.webp 1080w\" sizes=\"auto, (max-width: 1080px) 100vw, 1080px\" \/><figcaption class=\"wp-element-caption\">Parque Nacional de Ordesa y Monte Perdido, Huesca. Por: Pablo Eskuder<\/figcaption><\/figure>\n\n\n\n<p>Tras estas buenas ideas para hacer en oto\u00f1o, ahora vamos a mostrarle los lugares m\u00e1s espectaculares y asombrosos para visitar durante esta \u00e9poca del a\u00f1o. Destinos donde <strong>los bosques son los protagonistas<\/strong> para que puedas practicar el arte ef\u00edmero y disfrutar con su colorido.<\/p>\n\n\n\n<p>El primer lugar que recomendarte es el <strong>Parque Nacional de Ordesa y Monte Perdido<\/strong>, en <a href=\"\/casas-rurales\/aragon\" target=\"_blank\" rel=\"noreferrer noopener\">Arag\u00f3n<\/a>. Este Parque Nacional, de los primeros de Espa\u00f1a, ofrece un espect\u00e1culo oto\u00f1al incomparable. Sus profundos ca\u00f1ones, cascadas cristalinas y senderos rodeados de hayas doradas crean un paisaje de ensue\u00f1o. El parque implementa pr\u00e1cticas de turismo sostenible, limitando el acceso en veh\u00edculos privados y promoviendo la conservaci\u00f3n de su rica biodiversidad.<\/p>\n\n\n\n<p>En <a href=\"\/casas-rurales\/huelva\" target=\"_blank\" rel=\"noreferrer noopener\">Huelva<\/a>, tierra de dehesa, la <strong><a href=\"https:\/\/www.biospheresustainable.com\/es\/destino\/sierra-de-aracena-y-picos-de- aroche\/66\" target=\"_blank\" rel=\"noreferrer noopener nofollow\">Sierra de Aracena y Picos de Aroche<\/a><\/strong> se transforma en un tapiz de colores c\u00e1lidos. Sus bosques de casta\u00f1os no solo ofrecen un fest\u00edn visual, sino tambi\u00e9n gastron\u00f3mico con la tradicional recolecci\u00f3n de setas. La regi\u00f3n fomenta el ecoturismo y los alojamientos rurales certificados en pr\u00e1cticas ecol\u00f3gicas.<\/p>\n\n\n\n<p>Otra gran opci\u00f3n es el <strong>Valle del Jerte,<\/strong> en <a href=\"\/casas-rurales\/caceres\" target=\"_blank\" rel=\"noreferrer noopener\">C\u00e1ceres<\/a>. C\u00e9lebre por sus cerezos en primavera, se reinventa en oto\u00f1o. Los \u00e1rboles se ti\u00f1en de tonos ocres y rojos, creando un mosaico crom\u00e1tico impresionante. Aqu\u00ed se promueven actividades de agroturismo y rutas etnobot\u00e1nicas que conectan a los visitantes con las tradiciones locales.<\/p>\n\n\n\n<figure class=\"wp-block-image size-full\"><img loading=\"lazy\" decoding=\"async\" width=\"1024\" height=\"683\" src=\"https:\/\/www.escapadarural.com\/blog\/wp-content\/uploads\/2025\/02\/02_RocadelRey_Zamariain_JuanCarlos_AdobeStock_671515009_WP02.webp\" alt=\"El mirador de Zamariain, en la Selva de Irati (Navarra), es otro de os enclaves naturales que nos recuerdan a la Roca del Rey Le\u00f3n.\" class=\"wp-image-193012\" srcset=\"https:\/\/www.escapadarural.com\/blog\/wp-content\/uploads\/2025\/02\/02_RocadelRey_Zamariain_JuanCarlos_AdobeStock_671515009_WP02-200x133.webp 200w, https:\/\/www.escapadarural.com\/blog\/wp-content\/uploads\/2025\/02\/02_RocadelRey_Zamariain_JuanCarlos_AdobeStock_671515009_WP02-300x200.webp 300w, https:\/\/www.escapadarural.com\/blog\/wp-content\/uploads\/2025\/02\/02_RocadelRey_Zamariain_JuanCarlos_AdobeStock_671515009_WP02-400x267.webp 400w, https:\/\/www.escapadarural.com\/blog\/wp-content\/uploads\/2025\/02\/02_RocadelRey_Zamariain_JuanCarlos_AdobeStock_671515009_WP02-600x400.webp 600w, https:\/\/www.escapadarural.com\/blog\/wp-content\/uploads\/2025\/02\/02_RocadelRey_Zamariain_JuanCarlos_AdobeStock_671515009_WP02-768x512.webp 768w, https:\/\/www.escapadarural.com\/blog\/wp-content\/uploads\/2025\/02\/02_RocadelRey_Zamariain_JuanCarlos_AdobeStock_671515009_WP02-800x534.webp 800w, https:\/\/www.escapadarural.com\/blog\/wp-content\/uploads\/2025\/02\/02_RocadelRey_Zamariain_JuanCarlos_AdobeStock_671515009_WP02.webp 1024w\" sizes=\"auto, (max-width: 1024px) 100vw, 1024px\" \/><figcaption class=\"wp-element-caption\">El mirador de Zamariain, en la Selva de Irati (Navarra), es otro de os enclaves naturales que nos recuerdan a la Roca del Rey Le\u00f3n. Por Juan Carlos.<\/figcaption><\/figure>\n\n\n\n<p>Al norte, en el <strong>Parque Natural de Somiedo<\/strong>, en <a href=\"\/casas-rurales\/asturias\" target=\"_blank\" rel=\"noreferrer noopener\">Asturias<\/a>, declarado Reserva de la Biosfera, te sorprender\u00e1s con sus lagos de origen glaciar rodeados de bosques oto\u00f1ales. Es un lugar privilegiado para la observaci\u00f3n responsable de fauna, incluyendo el emblem\u00e1tico oso pardo cant\u00e1brico. Es dif\u00edcil de observar, pero no imposible. El parque es un ejemplo de c\u00f3mo el turismo puede contribuir al desarrollo local sostenible.<\/p>\n\n\n\n<p>La zona volc\u00e1nica de<strong> La Garrotxa<\/strong>, en <a href=\"\/casas-rurales\/girona\" target=\"_blank\" rel=\"noreferrer noopener\">Girona<\/a>, cautiva con su singular paisaje de conos volc\u00e1nicos dormidos cubiertos de hayedos que se tornan rojizos en oto\u00f1o. Esta regi\u00f3n es pionera en iniciativas de turismo sostenible y educaci\u00f3n ambiental,<br>ofreciendo experiencias \u00fanicas de agroturismo y productos locales ecol\u00f3gicos. <a href=\"https:\/\/www.biospheresustainable.com\/es\/comunidad\/anigami-experinncies\/1607\" target=\"_blank\" rel=\"noreferrer noopener nofollow\">Actividades en la zona con Anigami<\/a>.<\/p>\n\n\n\n<p>Por \u00faltimo, la<strong> Selva de Irati<\/strong>, a caballo entre <a href=\"\/casas-rurales\/navarra\" target=\"_blank\" rel=\"noreferrer noopener\">Navarra <\/a>y los Pirineos Atl\u00e1nticos en Francia, es el segundo hayedo-abetal m\u00e1s extenso de Europa. En oto\u00f1o, sus m\u00e1s de 17.000 hect\u00e1reas se convierten en un espect\u00e1culo de colores que quita el aliento. Ofrece rutas de senderismo para todos los niveles y la oportunidad de observar fauna como ciervos y p\u00e1jaros carpinteros en su h\u00e1bitat natural.<\/p>\n\n\n\n<p>Aunque todos estos destinos son extraordinarios, la Selva de Irati destaca como el lugar m\u00e1s emblem\u00e1tico para visitar en oto\u00f1o. Su vasta extensi\u00f3n, incre\u00edble biodiversidad y el fascinante contraste crom\u00e1tico de sus bosques crean un <strong>paisaje \u00fanico en Espa\u00f1a<\/strong>. Adem\u00e1s, la regi\u00f3n ha apostado fuerte por un turismo responsable, implementando l\u00edmites de visitantes y programas de conservaci\u00f3n que aseguran la preservaci\u00f3n de este tesoro natural.<\/p>\n\n\n\n<h2 class=\"wp-block-heading\" id=\"h-apuntate-a-la-vendimia-ecologica\">Ap\u00fantate a la vendimia ecol\u00f3gica<\/h2>\n\n\n\n<p>El oto\u00f1o es \u00e9poca de <strong>recoger los frutos de la cosecha<\/strong>, y qu\u00e9 mejor que adentrarnos en el interesante mundo de la vendimia ecol\u00f3gica en Espa\u00f1a, una pr\u00e1ctica que combina la tradici\u00f3n vin\u00edcola con el cuidado del medio ambiente. Tanto est\u00e1 gustando que est\u00e1 en crecimiento en los \u00faltimos a\u00f1os.<\/p>\n\n\n\n<p>Imagina los vi\u00f1edos en oto\u00f1o, con racimos maduros listos para ser cosechados. En la vendimia ecol\u00f3gica, este proceso tradicional se realiza con un enfoque respetuoso con el entorno.<\/p>\n\n\n\n<p>Las<strong> bodegas sostenibles<\/strong> prescinden de pesticidas y fertilizantes qu\u00edmicos. En su lugar, se emplean m\u00e9todos naturales para el control de plagas y el enriquecimiento del suelo, como el compostaje y la rotaci\u00f3n de cultivos. Es un enfoque que busca el equilibrio entre el cultivo y su ecosistema, ofreciendo un producto con mejor calidad.<\/p>\n\n\n\n<p>La recolecci\u00f3n de la uva se realiza principalmente a mano. Esta pr\u00e1ctica no solo asegura una selecci\u00f3n cuidadosa de los racimos, sino que tambi\u00e9n reduce la huella de carbono al minimizar el uso de maquinaria. Adem\u00e1s, fomenta el empleo local y mantiene vivas las tradiciones rurales.<\/p>\n\n\n\n<figure class=\"wp-block-image size-full\"><img loading=\"lazy\" decoding=\"async\" width=\"1024\" height=\"576\" src=\"https:\/\/www.escapadarural.com\/blog\/wp-content\/uploads\/2024\/10\/VinedosenotonoRiojaAlavesa-1024x576-4.webp\" alt=\"\" class=\"wp-image-95289\" srcset=\"https:\/\/www.escapadarural.com\/blog\/wp-content\/uploads\/2024\/10\/VinedosenotonoRiojaAlavesa-1024x576-4-200x113.webp 200w, https:\/\/www.escapadarural.com\/blog\/wp-content\/uploads\/2024\/10\/VinedosenotonoRiojaAlavesa-1024x576-4-300x169.webp 300w, https:\/\/www.escapadarural.com\/blog\/wp-content\/uploads\/2024\/10\/VinedosenotonoRiojaAlavesa-1024x576-4-400x225.webp 400w, https:\/\/www.escapadarural.com\/blog\/wp-content\/uploads\/2024\/10\/VinedosenotonoRiojaAlavesa-1024x576-4-600x338.webp 600w, https:\/\/www.escapadarural.com\/blog\/wp-content\/uploads\/2024\/10\/VinedosenotonoRiojaAlavesa-1024x576-4-768x432.webp 768w, https:\/\/www.escapadarural.com\/blog\/wp-content\/uploads\/2024\/10\/VinedosenotonoRiojaAlavesa-1024x576-4-800x450.webp 800w, https:\/\/www.escapadarural.com\/blog\/wp-content\/uploads\/2024\/10\/VinedosenotonoRiojaAlavesa-1024x576-4.webp 1024w\" sizes=\"auto, (max-width: 1024px) 100vw, 1024px\" \/><figcaption class=\"wp-element-caption\">Por BillionPhotos.com<\/figcaption><\/figure>\n\n\n\n<p>Si quieres experimentar de primera mano este proceso, muchas <strong>bodegas ecol\u00f3gicas<\/strong> ofrecen actividades de enoturismo sostenible durante la temporada de vendimia. Puedes participar de diversas maneras: algunas bodegas permiten a los visitantes recoger uvas durante unas horas, experimentando el trabajo manual de la cosecha.<\/p>\n\n\n\n<p>Otras ofrecen la tradicional experiencia de pisar las uvas, una pr\u00e1ctica que se mantiene en algunas regiones, como <a href=\"https:\/\/www.biospheresustainable.com\/es\/destino\/rioja-alavesa\/12\" target=\"_blank\" rel=\"noreferrer noopener nofollow\">La Rioja<\/a>, por su valor cultural y tur\u00edstico. Si prefieres una experiencia menos activa, puedes optar por tours guiados donde observar\u00e1s el proceso de vendimia y aprender\u00e1s sobre viticultura ecol\u00f3gica.<\/p>\n\n\n\n<p>Estas visitas suelen incluir una <strong>degustaci\u00f3n de vinos org\u00e1nicos<\/strong> y, en ocasiones, comidas con productos locales de temporada. Al participar en estas actividades, no solo vives una experiencia \u00fanica, sino que tambi\u00e9n apoyas la econom\u00eda local de manera responsable.<\/p>\n\n\n\n<p>Estas actividades y destinos nos demuestran que es posible disfrutar de la <strong>belleza oto\u00f1al <\/strong>mientras contribuimos positivamente a la conservaci\u00f3n de nuestro entorno. La sostenibilidad en oto\u00f1o no se trata solo de preservar el paisaje, sino de formar parte de \u00e9l de manera respetuosa.<\/p>\n\n\n\n<p>Te animamos a que este oto\u00f1o salgas a explorar estos lugares y pruebes estas actividades con una nueva perspectiva. Cada peque\u00f1a acci\u00f3n, desde crear una obra de arte con hojas hasta elegir un vino ecol\u00f3gico, suma en nuestro esfuerzo colectivo por un turismo m\u00e1s sostenible.<\/p>\n\n\n\n<p>Este contenido es una colaboraci\u00f3n de <\/p>\n\n\n\n<h2 class=\"wp-block-heading\" id=\"h-mas-ideas-para-una-escapada-de-otono\">M\u00e1s ideas para una escapada de oto\u00f1o<\/h2>\n\n\n<section class=\"wp-block-ub-post-grid ub-block-post-grid align  is-equal-height preserve-post-image-aspect-ratio\" style=\"\" id=\"ub-post-grid-\"><div class=\"ub-post-grid-items is-grid columns-2\" style=\"row-gap: 32px; column-gap: 32px; \"><article id=\"post-213906\" class=\"ub-post-grid-item post-213906 post type-post status-publish format-standard has-post-thumbnail hentry category-destinos category-rutas-y-excursiones tag-amigos tag-que-ver-en-andalucia tag-caminito-del-rey tag-frigiliana tag-que-ver-en-malaga tag-otono tag-pareja tag-primavera tag-senderismo\" style=\"\"><div class=\"ub-block-post-grid-image\" style=\"\"><a href=\"https:\/\/www.escapadarural.com\/blog\/ruta-acequia-lizar-otro-caminito-del-rey-malaga\/\" rel=\"bookmark\" aria-hidden=\"true\" tabindex=\"-1\"><img loading=\"lazy\" decoding=\"async\" width=\"2048\" height=\"1365\" src=\"https:\/\/www.escapadarural.com\/blog\/wp-content\/uploads\/2026\/02\/AdobeStock_450481709-scaled.jpeg\" class=\"attachment-full size-full\" alt=\"Pasarela met\u00e1lica en la ruta de la acequia L\u00edzar (M\u00e1laga). Por eunikas\" style=\"max-width: 600px; \" srcset=\"https:\/\/www.escapadarural.com\/blog\/wp-content\/uploads\/2026\/02\/AdobeStock_450481709-200x133.jpeg 200w, https:\/\/www.escapadarural.com\/blog\/wp-content\/uploads\/2026\/02\/AdobeStock_450481709-300x200.jpeg 300w, https:\/\/www.escapadarural.com\/blog\/wp-content\/uploads\/2026\/02\/AdobeStock_450481709-400x267.jpeg 400w, https:\/\/www.escapadarural.com\/blog\/wp-content\/uploads\/2026\/02\/AdobeStock_450481709-600x400.jpeg 600w, https:\/\/www.escapadarural.com\/blog\/wp-content\/uploads\/2026\/02\/AdobeStock_450481709-768x512.jpeg 768w, https:\/\/www.escapadarural.com\/blog\/wp-content\/uploads\/2026\/02\/AdobeStock_450481709-800x533.jpeg 800w, https:\/\/www.escapadarural.com\/blog\/wp-content\/uploads\/2026\/02\/AdobeStock_450481709-1024x683.jpeg 1024w, https:\/\/www.escapadarural.com\/blog\/wp-content\/uploads\/2026\/02\/AdobeStock_450481709-1200x800.jpeg 1200w, https:\/\/www.escapadarural.com\/blog\/wp-content\/uploads\/2026\/02\/AdobeStock_450481709-1536x1024.jpeg 1536w, https:\/\/www.escapadarural.com\/blog\/wp-content\/uploads\/2026\/02\/AdobeStock_450481709-scaled.jpeg 2048w\" sizes=\"auto, (max-width: 2048px) 100vw, 2048px\"><\/a><\/div><div class=\"ub-block-post-grid-text\" style=\"\"><div class=\"ub-block-post-grid-header-content\"><header class=\"ub-block-post-grid-header\"><h3 class=\"ub-block-post-grid-title\"><a style=\"\" href=\"https:\/\/www.escapadarural.com\/blog\/ruta-acequia-lizar-otro-caminito-del-rey-malaga\/\" rel=\"bookmark\">El otro Caminito del Rey en M\u00e1laga: pasarelas sobre el vac\u00edo, vistas de infarto\u2026 y sin masificaciones<\/a><\/h3><\/header><\/div><div class=\"ub-block-post-grid-excerpt\"><div class=\"ub-block-post-grid-excerpt-text\" style=\"\"><p>La Ruta de la Acequia L\u00edzar es un sendero poco conocido que sigue un tramo por pasarelas en altura y sale del precioso pueblo de Frigiliana<\/p>\n<\/div><p><a class=\"ub-block-post-grid-more-link ub-text-link\" style=\"\" href=\"https:\/\/www.escapadarural.com\/blog\/ruta-acequia-lizar-otro-caminito-del-rey-malaga\/\" rel=\"bookmark\">Leer <span class=\"screen-reader-text\">El otro Caminito del Rey en M\u00e1laga: pasarelas sobre el vac\u00edo, vistas de infarto\u2026 y sin masificaciones<\/span><\/a><\/p><\/div><\/div><\/article>\n<article id=\"post-8021\" class=\"ub-post-grid-item post-8021 post type-post status-publish format-standard has-post-thumbnail hentry category-destinos category-rutas-y-excursiones tag-que-ver-en-albacete tag-amigos tag-articulo tag-calares tag-cascadas tag-castilla-la-mancha tag-familia tag-mascota tag-otono tag-pareja tag-parque-natural tag-parque-natural-de-los-calares-del-mundo-y-de-la-sima tag-parques-naturales tag-podcast tag-primavera tag-rio-mundo tag-riopar tag-rios tag-senderismo\" style=\"\"><div class=\"ub-block-post-grid-image\" style=\"\"><a href=\"https:\/\/www.escapadarural.com\/blog\/como-ver-el-nacimiento-del-rio-mundo\/\" rel=\"bookmark\" aria-hidden=\"true\" tabindex=\"-1\"><img loading=\"lazy\" decoding=\"async\" width=\"2048\" height=\"1367\" src=\"https:\/\/www.escapadarural.com\/blog\/wp-content\/uploads\/2019\/06\/rio-mundo-5.jpg\" class=\"attachment-full size-full\" alt=\"Nacimiento del r\u00edo Mundo, en Albacete.\" style=\"max-width: 600px; \" srcset=\"https:\/\/www.escapadarural.com\/blog\/wp-content\/uploads\/2019\/06\/rio-mundo-5-200x133.jpg 200w, https:\/\/www.escapadarural.com\/blog\/wp-content\/uploads\/2019\/06\/rio-mundo-5-300x200.jpg 300w, https:\/\/www.escapadarural.com\/blog\/wp-content\/uploads\/2019\/06\/rio-mundo-5-400x267.jpg 400w, https:\/\/www.escapadarural.com\/blog\/wp-content\/uploads\/2019\/06\/rio-mundo-5-600x400.jpg 600w, https:\/\/www.escapadarural.com\/blog\/wp-content\/uploads\/2019\/06\/rio-mundo-5-768x513.jpg 768w, https:\/\/www.escapadarural.com\/blog\/wp-content\/uploads\/2019\/06\/rio-mundo-5-800x534.jpg 800w, https:\/\/www.escapadarural.com\/blog\/wp-content\/uploads\/2019\/06\/rio-mundo-5-1024x684.jpg 1024w, https:\/\/www.escapadarural.com\/blog\/wp-content\/uploads\/2019\/06\/rio-mundo-5-1200x801.jpg 1200w, https:\/\/www.escapadarural.com\/blog\/wp-content\/uploads\/2019\/06\/rio-mundo-5-1536x1025.jpg 1536w, https:\/\/www.escapadarural.com\/blog\/wp-content\/uploads\/2019\/06\/rio-mundo-5.jpg 2048w\" sizes=\"auto, (max-width: 2048px) 100vw, 2048px\"><\/a><\/div><div class=\"ub-block-post-grid-text\" style=\"\"><div class=\"ub-block-post-grid-header-content\"><header class=\"ub-block-post-grid-header\"><h3 class=\"ub-block-post-grid-title\"><a style=\"\" href=\"https:\/\/www.escapadarural.com\/blog\/como-ver-el-nacimiento-del-rio-mundo\/\" rel=\"bookmark\">Cascadas, un \u00abrevent\u00f3n\u00bb y miradores: c\u00f3mo ver el nacimiento del r\u00edo Mundo en Albacete<\/a><\/h3><\/header><\/div><div class=\"ub-block-post-grid-excerpt\"><div class=\"ub-block-post-grid-excerpt-text\" style=\"\"><p>Entre los puntos naturales m\u00e1s impactantes de la provincia de Albacete, se encuentra el nacimiento del r\u00edo Mundo. Aqu\u00ed te contamos c\u00f3mo verlo.<\/p>\n<\/div><p><a class=\"ub-block-post-grid-more-link ub-text-link\" style=\"\" href=\"https:\/\/www.escapadarural.com\/blog\/como-ver-el-nacimiento-del-rio-mundo\/\" rel=\"bookmark\">Leer <span class=\"screen-reader-text\">Cascadas, un \u00abrevent\u00f3n\u00bb y miradores: c\u00f3mo ver el nacimiento del r\u00edo Mundo en Albacete<\/span><\/a><\/p><\/div><\/div><\/article>\n<article id=\"post-211870\" class=\"ub-post-grid-item post-211870 post type-post status-publish format-standard has-post-thumbnail hentry category-arte-y-cultura category-destinos tag-que-ver-en-a-coruna tag-amigos tag-brujas tag-familia tag-que-ver-en-galicia tag-grupos tag-que-ver-en-lugo tag-otono tag-que-ver-en-ourense tag-pareja tag-que-ver-en-pontevedra tag-queimada tag-todos-los-santos tag-verano\" style=\"\"><div class=\"ub-block-post-grid-image\" style=\"\"><a href=\"https:\/\/www.escapadarural.com\/blog\/donde-ver-una-queimada-galicia\/\" rel=\"bookmark\" aria-hidden=\"true\" tabindex=\"-1\"><img loading=\"lazy\" decoding=\"async\" width=\"2048\" height=\"1367\" src=\"https:\/\/www.escapadarural.com\/blog\/wp-content\/uploads\/2025\/12\/AdobeStock_475076533-scaled.jpeg\" class=\"attachment-full size-full\" alt=\"Los ingredientes de la queimada en Galicia. Por Fran Rodr\u00edguez\" style=\"max-width: 600px; \" srcset=\"https:\/\/www.escapadarural.com\/blog\/wp-content\/uploads\/2025\/12\/AdobeStock_475076533-200x134.jpeg 200w, https:\/\/www.escapadarural.com\/blog\/wp-content\/uploads\/2025\/12\/AdobeStock_475076533-300x200.jpeg 300w, https:\/\/www.escapadarural.com\/blog\/wp-content\/uploads\/2025\/12\/AdobeStock_475076533-400x267.jpeg 400w, https:\/\/www.escapadarural.com\/blog\/wp-content\/uploads\/2025\/12\/AdobeStock_475076533-600x401.jpeg 600w, https:\/\/www.escapadarural.com\/blog\/wp-content\/uploads\/2025\/12\/AdobeStock_475076533-768x513.jpeg 768w, https:\/\/www.escapadarural.com\/blog\/wp-content\/uploads\/2025\/12\/AdobeStock_475076533-800x534.jpeg 800w, https:\/\/www.escapadarural.com\/blog\/wp-content\/uploads\/2025\/12\/AdobeStock_475076533-1024x684.jpeg 1024w, https:\/\/www.escapadarural.com\/blog\/wp-content\/uploads\/2025\/12\/AdobeStock_475076533-1200x801.jpeg 1200w, https:\/\/www.escapadarural.com\/blog\/wp-content\/uploads\/2025\/12\/AdobeStock_475076533-1536x1025.jpeg 1536w, https:\/\/www.escapadarural.com\/blog\/wp-content\/uploads\/2025\/12\/AdobeStock_475076533-scaled.jpeg 2048w\" sizes=\"auto, (max-width: 2048px) 100vw, 2048px\"><\/a><\/div><div class=\"ub-block-post-grid-text\" style=\"\"><div class=\"ub-block-post-grid-header-content\"><header class=\"ub-block-post-grid-header\"><h3 class=\"ub-block-post-grid-title\"><a style=\"\" href=\"https:\/\/www.escapadarural.com\/blog\/donde-ver-una-queimada-galicia\/\" rel=\"bookmark\">Brujas, fuego y aguardiente: d\u00f3nde vivir una aut\u00e9ntica y ancestral queimada en Galicia \ud83e\uddd9\u200d\u2640\ufe0f<\/a><\/h3><\/header><\/div><div class=\"ub-block-post-grid-excerpt\"><div class=\"ub-block-post-grid-excerpt-text\" style=\"\"><p>Estos lugares mantienen vivo el rito ancestral gallego para ahuyentar a los malos esp\u00edritus <\/p>\n<\/div><p><a class=\"ub-block-post-grid-more-link ub-text-link\" style=\"\" href=\"https:\/\/www.escapadarural.com\/blog\/donde-ver-una-queimada-galicia\/\" rel=\"bookmark\">Leer <span class=\"screen-reader-text\">Brujas, fuego y aguardiente: d\u00f3nde vivir una aut\u00e9ntica y ancestral queimada en Galicia \ud83e\uddd9\u200d\u2640\ufe0f<\/span><\/a><\/p><\/div><\/div><\/article>\n<article id=\"post-212185\" class=\"ub-post-grid-item post-212185 post type-post status-publish format-standard has-post-thumbnail hentry category-destinos tag-desconexion tag-detox-digital tag-espana tag-familia tag-que-ver-en-guadalajara tag-que-ver-en-huesca tag-que-ver-en-leon tag-naturaleza tag-otono tag-pareja tag-picos-de-europa-leon tag-pirineo-aragones tag-pueblos tag-pueblos-aislados tag-verano\" style=\"\"><div class=\"ub-block-post-grid-image\" style=\"\"><a href=\"https:\/\/www.escapadarural.com\/blog\/detox-digital-pueblos-sin-apenas-cobertura\/\" rel=\"bookmark\" aria-hidden=\"true\" tabindex=\"-1\"><img loading=\"lazy\" decoding=\"async\" width=\"2048\" height=\"1366\" src=\"https:\/\/www.escapadarural.com\/blog\/wp-content\/uploads\/2026\/01\/AdobeStock_271658736-scaled.jpeg\" class=\"attachment-full size-full\" alt=\"Una persona con el tel\u00e9fono m\u00f3vil en la monta\u00f1a. Por Adri\u00e1n\" style=\"max-width: 600px; \" srcset=\"https:\/\/www.escapadarural.com\/blog\/wp-content\/uploads\/2026\/01\/AdobeStock_271658736-200x133.jpeg 200w, https:\/\/www.escapadarural.com\/blog\/wp-content\/uploads\/2026\/01\/AdobeStock_271658736-300x200.jpeg 300w, https:\/\/www.escapadarural.com\/blog\/wp-content\/uploads\/2026\/01\/AdobeStock_271658736-400x267.jpeg 400w, https:\/\/www.escapadarural.com\/blog\/wp-content\/uploads\/2026\/01\/AdobeStock_271658736-600x400.jpeg 600w, https:\/\/www.escapadarural.com\/blog\/wp-content\/uploads\/2026\/01\/AdobeStock_271658736-768x512.jpeg 768w, https:\/\/www.escapadarural.com\/blog\/wp-content\/uploads\/2026\/01\/AdobeStock_271658736-800x533.jpeg 800w, https:\/\/www.escapadarural.com\/blog\/wp-content\/uploads\/2026\/01\/AdobeStock_271658736-1024x683.jpeg 1024w, https:\/\/www.escapadarural.com\/blog\/wp-content\/uploads\/2026\/01\/AdobeStock_271658736-1200x800.jpeg 1200w, https:\/\/www.escapadarural.com\/blog\/wp-content\/uploads\/2026\/01\/AdobeStock_271658736-1536x1024.jpeg 1536w, https:\/\/www.escapadarural.com\/blog\/wp-content\/uploads\/2026\/01\/AdobeStock_271658736-scaled.jpeg 2048w\" sizes=\"auto, (max-width: 2048px) 100vw, 2048px\"><\/a><\/div><div class=\"ub-block-post-grid-text\" style=\"\"><div class=\"ub-block-post-grid-header-content\"><header class=\"ub-block-post-grid-header\"><h3 class=\"ub-block-post-grid-title\"><a style=\"\" href=\"https:\/\/www.escapadarural.com\/blog\/detox-digital-pueblos-sin-apenas-cobertura\/\" rel=\"bookmark\">\u2018Detox\u2019 digital en la monta\u00f1a: pueblos sin apenas cobertura<\/a><\/h3><\/header><\/div><div class=\"ub-block-post-grid-excerpt\"><div class=\"ub-block-post-grid-excerpt-text\" style=\"\"><p>\u00bfNecesitas que \u2018te obliguen\u2019 a no mirar el m\u00f3vil? \u00bfTus hijos est\u00e1n enganchados a las pantallas? \u00a1Descubre estos destinos con poca se\u00f1al!<\/p>\n<\/div><p><a class=\"ub-block-post-grid-more-link ub-text-link\" style=\"\" href=\"https:\/\/www.escapadarural.com\/blog\/detox-digital-pueblos-sin-apenas-cobertura\/\" rel=\"bookmark\">Leer <span class=\"screen-reader-text\">\u2018Detox\u2019 digital en la monta\u00f1a: pueblos sin apenas cobertura<\/span><\/a><\/p><\/div><\/div><\/article>\n<article id=\"post-210896\" class=\"ub-post-grid-item post-210896 post type-post status-publish format-standard has-post-thumbnail hentry category-arte-y-cultura category-destinos tag-que-ver-en-avila tag-bosques tag-castanar-de-el-tiemblo tag-que-ver-en-castilla-y-leon tag-el-tiemblo tag-familia tag-ninos tag-otono tag-poblado-de-duendes tag-rutas-con-ninos\" style=\"\"><div class=\"ub-block-post-grid-image\" style=\"\"><a href=\"https:\/\/www.escapadarural.com\/blog\/poblado-de-los-duendes-de-el-tiemblo-avila\/\" rel=\"bookmark\" aria-hidden=\"true\" tabindex=\"-1\"><img loading=\"lazy\" decoding=\"async\" width=\"1610\" height=\"1204\" src=\"https:\/\/www.escapadarural.com\/blog\/wp-content\/uploads\/2025\/11\/Captura-de-pantalla-2025-11-22-a-las-11.23.08.png\" class=\"attachment-full size-full\" alt=\"Poblado de los duendes de El Tiemblo. Cortes\u00eda de Jos\u00e9 Luj\u00e1n.\" style=\"max-width: 600px; \" srcset=\"https:\/\/www.escapadarural.com\/blog\/wp-content\/uploads\/2025\/11\/Captura-de-pantalla-2025-11-22-a-las-11.23.08-200x150.png 200w, https:\/\/www.escapadarural.com\/blog\/wp-content\/uploads\/2025\/11\/Captura-de-pantalla-2025-11-22-a-las-11.23.08-300x224.png 300w, https:\/\/www.escapadarural.com\/blog\/wp-content\/uploads\/2025\/11\/Captura-de-pantalla-2025-11-22-a-las-11.23.08-400x299.png 400w, https:\/\/www.escapadarural.com\/blog\/wp-content\/uploads\/2025\/11\/Captura-de-pantalla-2025-11-22-a-las-11.23.08-600x449.png 600w, https:\/\/www.escapadarural.com\/blog\/wp-content\/uploads\/2025\/11\/Captura-de-pantalla-2025-11-22-a-las-11.23.08-768x574.png 768w, https:\/\/www.escapadarural.com\/blog\/wp-content\/uploads\/2025\/11\/Captura-de-pantalla-2025-11-22-a-las-11.23.08-800x598.png 800w, https:\/\/www.escapadarural.com\/blog\/wp-content\/uploads\/2025\/11\/Captura-de-pantalla-2025-11-22-a-las-11.23.08-1024x766.png 1024w, https:\/\/www.escapadarural.com\/blog\/wp-content\/uploads\/2025\/11\/Captura-de-pantalla-2025-11-22-a-las-11.23.08-1200x897.png 1200w, https:\/\/www.escapadarural.com\/blog\/wp-content\/uploads\/2025\/11\/Captura-de-pantalla-2025-11-22-a-las-11.23.08-1536x1149.png 1536w, https:\/\/www.escapadarural.com\/blog\/wp-content\/uploads\/2025\/11\/Captura-de-pantalla-2025-11-22-a-las-11.23.08.png 1610w\" sizes=\"auto, (max-width: 1610px) 100vw, 1610px\"><\/a><\/div><div class=\"ub-block-post-grid-text\" style=\"\"><div class=\"ub-block-post-grid-header-content\"><header class=\"ub-block-post-grid-header\"><h3 class=\"ub-block-post-grid-title\"><a style=\"\" href=\"https:\/\/www.escapadarural.com\/blog\/poblado-de-los-duendes-de-el-tiemblo-avila\/\" rel=\"bookmark\">El poblado de los duendes de El Tiemblo, un lugar m\u00e1gico en \u00c1vila<\/a><\/h3><\/header><\/div><div class=\"ub-block-post-grid-excerpt\"><div class=\"ub-block-post-grid-excerpt-text\" style=\"\"><p>En los jardines de El Tiemblo, al lado de su famoso casta\u00f1ar, hay un poblado de duendes abierto a todos los que quieran conocer su magia.<\/p>\n<\/div><p><a class=\"ub-block-post-grid-more-link ub-text-link\" style=\"\" href=\"https:\/\/www.escapadarural.com\/blog\/poblado-de-los-duendes-de-el-tiemblo-avila\/\" rel=\"bookmark\">Leer <span class=\"screen-reader-text\">El poblado de los duendes de El Tiemblo, un lugar m\u00e1gico en \u00c1vila<\/span><\/a><\/p><\/div><\/div><\/article>\n<article id=\"post-210598\" class=\"ub-post-grid-item post-210598 post type-post status-publish format-standard has-post-thumbnail hentry category-destinos tag-que-ver-en-alicante tag-que-ver-en-avila tag-bosques tag-familia tag-que-ver-en-granada tag-que-ver-en-huesca tag-que-ver-en-madrid tag-otono tag-parques-naturales tag-senderismo tag-que-ver-en-zamora\" style=\"\"><div class=\"ub-block-post-grid-image\" style=\"\"><a href=\"https:\/\/www.escapadarural.com\/blog\/destinos-de-otono-que-no-son-tan-conocidos\/\" rel=\"bookmark\" aria-hidden=\"true\" tabindex=\"-1\"><img loading=\"lazy\" decoding=\"async\" width=\"2048\" height=\"1367\" src=\"https:\/\/www.escapadarural.com\/blog\/wp-content\/uploads\/2025\/11\/AdobeStock_986598001-scaled.jpeg\" class=\"attachment-full size-full\" alt=\"Cerrada del r\u00edo Castril, en la sierra de Castril (Granada). Por M. Perfectti\" style=\"max-width: 600px; \" srcset=\"https:\/\/www.escapadarural.com\/blog\/wp-content\/uploads\/2025\/11\/AdobeStock_986598001-200x134.jpeg 200w, https:\/\/www.escapadarural.com\/blog\/wp-content\/uploads\/2025\/11\/AdobeStock_986598001-300x200.jpeg 300w, https:\/\/www.escapadarural.com\/blog\/wp-content\/uploads\/2025\/11\/AdobeStock_986598001-400x267.jpeg 400w, https:\/\/www.escapadarural.com\/blog\/wp-content\/uploads\/2025\/11\/AdobeStock_986598001-600x401.jpeg 600w, https:\/\/www.escapadarural.com\/blog\/wp-content\/uploads\/2025\/11\/AdobeStock_986598001-768x513.jpeg 768w, https:\/\/www.escapadarural.com\/blog\/wp-content\/uploads\/2025\/11\/AdobeStock_986598001-800x534.jpeg 800w, https:\/\/www.escapadarural.com\/blog\/wp-content\/uploads\/2025\/11\/AdobeStock_986598001-1024x684.jpeg 1024w, https:\/\/www.escapadarural.com\/blog\/wp-content\/uploads\/2025\/11\/AdobeStock_986598001-1200x801.jpeg 1200w, https:\/\/www.escapadarural.com\/blog\/wp-content\/uploads\/2025\/11\/AdobeStock_986598001-1536x1025.jpeg 1536w, https:\/\/www.escapadarural.com\/blog\/wp-content\/uploads\/2025\/11\/AdobeStock_986598001-scaled.jpeg 2048w\" sizes=\"auto, (max-width: 2048px) 100vw, 2048px\"><\/a><\/div><div class=\"ub-block-post-grid-text\" style=\"\"><div class=\"ub-block-post-grid-header-content\"><header class=\"ub-block-post-grid-header\"><h3 class=\"ub-block-post-grid-title\"><a style=\"\" href=\"https:\/\/www.escapadarural.com\/blog\/destinos-de-otono-que-no-son-tan-conocidos\/\" rel=\"bookmark\">Destinos de oto\u00f1o que no son tan conocidos<\/a><\/h3><\/header><\/div><div class=\"ub-block-post-grid-excerpt\"><div class=\"ub-block-post-grid-excerpt-text\" style=\"\"><p>Estos destinos ofrecen el color y la tranquilidad que el viajero busca en oto\u00f1o cuando las temperaturas caen.<\/p>\n<\/div><p><a class=\"ub-block-post-grid-more-link ub-text-link\" style=\"\" href=\"https:\/\/www.escapadarural.com\/blog\/destinos-de-otono-que-no-son-tan-conocidos\/\" rel=\"bookmark\">Leer <span class=\"screen-reader-text\">Destinos de oto\u00f1o que no son tan conocidos<\/span><\/a><\/p><\/div><\/div><\/article>\n<\/div><\/section>","protected":false},"excerpt":{"rendered":"<p>Hoy te presentaremos actividades para disfrutar del oto\u00f1o, respetando de una manera sostenible la naturaleza y la cultura del lugar. \u00bfVienes?<\/p>\n","protected":false},"author":85,"featured_media":185629,"comment_status":"open","ping_status":"open","sticky":false,"template":"","format":"standard","meta":{"_acf_changed":false,"om_disable_all_campaigns":false,"footnotes":""},"categories":[191],"tags":[260,740,1500,2951,1281,274,4543],"class_list":["post-81295","post","type-post","status-publish","format-standard","has-post-thumbnail","hentry","category-destinos","tag-articulo","tag-bosque","tag-otono","tag-setas","tag-sostenibilidad","tag-turismo-rural","tag-vendimia"],"acf":[],"featured_image_src":"https:\/\/www.escapadarural.com\/blog\/wp-content\/uploads\/2023\/12\/AdobeStock_40694262.jpeg","author_info":{"display_name":"Redacci\u00f3n ER","author_link":"https:\/\/www.escapadarural.com\/blog\/autor\/admin\/"},"yoast_head":"<!-- This site is optimized with the Yoast SEO plugin v27.5 - https:\/\/yoast.com\/product\/yoast-seo-wordpress\/ -->\n<title>Las mejores ideas para un oto\u00f1o sostenible en la naturaleza - EscapadaRural<\/title>\n<meta name=\"robots\" content=\"index, follow, max-snippet:-1, max-image-preview:large, max-video-preview:-1\" \/>\n<link rel=\"canonical\" href=\"https:\/\/www.escapadarural.com\/blog\/ideas-para-un-otono-sostenible\/\" \/>\n<meta property=\"og:locale\" content=\"es_ES\" \/>\n<meta property=\"og:type\" content=\"article\" \/>\n<meta property=\"og:title\" content=\"Las mejores ideas para un oto\u00f1o sostenible en la naturaleza - EscapadaRural\" \/>\n<meta property=\"og:description\" content=\"Hoy te presentaremos actividades para disfrutar del oto\u00f1o, respetando de una manera sostenible la naturaleza y la cultura del lugar. \u00bfVienes?\" \/>\n<meta property=\"og:url\" content=\"https:\/\/www.escapadarural.com\/blog\/ideas-para-un-otono-sostenible\/\" \/>\n<meta property=\"og:site_name\" content=\"Magazine de viajes de EscapadaRural\" \/>\n<meta property=\"article:publisher\" content=\"https:\/\/www.facebook.com\/escapadarural\" \/>\n<meta property=\"article:published_time\" content=\"2024-09-10T05:33:00+00:00\" \/>\n<meta property=\"article:modified_time\" content=\"2026-02-17T16:03:59+00:00\" \/>\n<meta property=\"og:image\" content=\"https:\/\/www.escapadarural.com\/blog\/wp-content\/uploads\/2023\/12\/AdobeStock_40694262.jpeg\" \/>\n\t<meta property=\"og:image:width\" content=\"1024\" \/>\n\t<meta property=\"og:image:height\" content=\"679\" \/>\n\t<meta property=\"og:image:type\" content=\"image\/jpeg\" \/>\n<meta name=\"author\" content=\"Redacci\u00f3n ER\" \/>\n<meta name=\"twitter:card\" content=\"summary_large_image\" \/>\n<meta name=\"twitter:label1\" content=\"Escrito por\" \/>\n\t<meta name=\"twitter:data1\" content=\"Redacci\u00f3n ER\" \/>\n\t<meta name=\"twitter:label2\" content=\"Tiempo de lectura\" \/>\n\t<meta name=\"twitter:data2\" content=\"10 minutos\" \/>\n<script type=\"application\/ld+json\" class=\"yoast-schema-graph\">{\"@context\":\"https:\\\/\\\/schema.org\",\"@graph\":[{\"@type\":\"Article\",\"@id\":\"https:\\\/\\\/www.escapadarural.com\\\/blog\\\/ideas-para-un-otono-sostenible\\\/#article\",\"isPartOf\":{\"@id\":\"https:\\\/\\\/www.escapadarural.com\\\/blog\\\/ideas-para-un-otono-sostenible\\\/\"},\"author\":{\"name\":\"Redacci\u00f3n ER\",\"@id\":\"https:\\\/\\\/www.escapadarural.com\\\/blog\\\/#\\\/schema\\\/person\\\/bd5b0d7ad308a0bf4efed73e8308b4fa\"},\"headline\":\"Las mejores ideas para un oto\u00f1o sostenible en la naturaleza\",\"datePublished\":\"2024-09-10T05:33:00+00:00\",\"dateModified\":\"2026-02-17T16:03:59+00:00\",\"mainEntityOfPage\":{\"@id\":\"https:\\\/\\\/www.escapadarural.com\\\/blog\\\/ideas-para-un-otono-sostenible\\\/\"},\"wordCount\":1672,\"commentCount\":0,\"publisher\":{\"@id\":\"https:\\\/\\\/www.escapadarural.com\\\/blog\\\/#organization\"},\"image\":{\"@id\":\"https:\\\/\\\/www.escapadarural.com\\\/blog\\\/ideas-para-un-otono-sostenible\\\/#primaryimage\"},\"thumbnailUrl\":\"https:\\\/\\\/www.escapadarural.com\\\/blog\\\/wp-content\\\/uploads\\\/2023\\\/12\\\/AdobeStock_40694262.jpeg\",\"keywords\":[\"art\u00edculo\",\"Bosque\",\"Oto\u00f1o\",\"Setas\",\"Sostenibilidad\",\"turismo rural\",\"vendimia\"],\"articleSection\":[\"Destinos\"],\"inLanguage\":\"es\",\"potentialAction\":[{\"@type\":\"CommentAction\",\"name\":\"Comment\",\"target\":[\"https:\\\/\\\/www.escapadarural.com\\\/blog\\\/ideas-para-un-otono-sostenible\\\/#respond\"]}]},{\"@type\":\"WebPage\",\"@id\":\"https:\\\/\\\/www.escapadarural.com\\\/blog\\\/ideas-para-un-otono-sostenible\\\/\",\"url\":\"https:\\\/\\\/www.escapadarural.com\\\/blog\\\/ideas-para-un-otono-sostenible\\\/\",\"name\":\"Las mejores ideas para un oto\u00f1o sostenible en la naturaleza - EscapadaRural\",\"isPartOf\":{\"@id\":\"https:\\\/\\\/www.escapadarural.com\\\/blog\\\/#website\"},\"primaryImageOfPage\":{\"@id\":\"https:\\\/\\\/www.escapadarural.com\\\/blog\\\/ideas-para-un-otono-sostenible\\\/#primaryimage\"},\"image\":{\"@id\":\"https:\\\/\\\/www.escapadarural.com\\\/blog\\\/ideas-para-un-otono-sostenible\\\/#primaryimage\"},\"thumbnailUrl\":\"https:\\\/\\\/www.escapadarural.com\\\/blog\\\/wp-content\\\/uploads\\\/2023\\\/12\\\/AdobeStock_40694262.jpeg\",\"datePublished\":\"2024-09-10T05:33:00+00:00\",\"dateModified\":\"2026-02-17T16:03:59+00:00\",\"breadcrumb\":{\"@id\":\"https:\\\/\\\/www.escapadarural.com\\\/blog\\\/ideas-para-un-otono-sostenible\\\/#breadcrumb\"},\"inLanguage\":\"es\",\"potentialAction\":[{\"@type\":\"ReadAction\",\"target\":[\"https:\\\/\\\/www.escapadarural.com\\\/blog\\\/ideas-para-un-otono-sostenible\\\/\"]}]},{\"@type\":\"ImageObject\",\"inLanguage\":\"es\",\"@id\":\"https:\\\/\\\/www.escapadarural.com\\\/blog\\\/ideas-para-un-otono-sostenible\\\/#primaryimage\",\"url\":\"https:\\\/\\\/www.escapadarural.com\\\/blog\\\/wp-content\\\/uploads\\\/2023\\\/12\\\/AdobeStock_40694262.jpeg\",\"contentUrl\":\"https:\\\/\\\/www.escapadarural.com\\\/blog\\\/wp-content\\\/uploads\\\/2023\\\/12\\\/AdobeStock_40694262.jpeg\",\"width\":1024,\"height\":679,\"caption\":\"Por: irantzuarb\"},{\"@type\":\"BreadcrumbList\",\"@id\":\"https:\\\/\\\/www.escapadarural.com\\\/blog\\\/ideas-para-un-otono-sostenible\\\/#breadcrumb\",\"itemListElement\":[{\"@type\":\"ListItem\",\"position\":1,\"name\":\"Inicio\",\"item\":\"https:\\\/\\\/www.escapadarural.com\\\/blog\\\/\"},{\"@type\":\"ListItem\",\"position\":2,\"name\":\"Destinos\",\"item\":\"https:\\\/\\\/www.escapadarural.com\\\/blog\\\/categoria\\\/destinos\\\/\"},{\"@type\":\"ListItem\",\"position\":3,\"name\":\"Las mejores ideas para un oto\u00f1o sostenible en la naturaleza\"}]},{\"@type\":\"WebSite\",\"@id\":\"https:\\\/\\\/www.escapadarural.com\\\/blog\\\/#website\",\"url\":\"https:\\\/\\\/www.escapadarural.com\\\/blog\\\/\",\"name\":\"Blog de viajes | turismo rural, alojamientos e inspiraci\u00f3n\",\"description\":\"Alojamientos rurales e inspiraci\u00f3n para tus escapadas\",\"publisher\":{\"@id\":\"https:\\\/\\\/www.escapadarural.com\\\/blog\\\/#organization\"},\"alternateName\":\"Magazine de viajes de EscapadaRural\",\"potentialAction\":[{\"@type\":\"SearchAction\",\"target\":{\"@type\":\"EntryPoint\",\"urlTemplate\":\"https:\\\/\\\/www.escapadarural.com\\\/blog\\\/?s={search_term_string}\"},\"query-input\":{\"@type\":\"PropertyValueSpecification\",\"valueRequired\":true,\"valueName\":\"search_term_string\"}}],\"inLanguage\":\"es\"},{\"@type\":\"Organization\",\"@id\":\"https:\\\/\\\/www.escapadarural.com\\\/blog\\\/#organization\",\"name\":\"EscapadaRural\",\"url\":\"https:\\\/\\\/www.escapadarural.com\\\/blog\\\/\",\"logo\":{\"@type\":\"ImageObject\",\"inLanguage\":\"es\",\"@id\":\"https:\\\/\\\/www.escapadarural.com\\\/blog\\\/#\\\/schema\\\/logo\\\/image\\\/\",\"url\":\"https:\\\/\\\/www.escapadarural.com\\\/blog\\\/wp-content\\\/uploads\\\/2024\\\/10\\\/cropped-cropped-escapada-rural-icon-mag-3.png\",\"contentUrl\":\"https:\\\/\\\/www.escapadarural.com\\\/blog\\\/wp-content\\\/uploads\\\/2024\\\/10\\\/cropped-cropped-escapada-rural-icon-mag-3.png\",\"width\":512,\"height\":512,\"caption\":\"EscapadaRural\"},\"image\":{\"@id\":\"https:\\\/\\\/www.escapadarural.com\\\/blog\\\/#\\\/schema\\\/logo\\\/image\\\/\"},\"sameAs\":[\"https:\\\/\\\/www.facebook.com\\\/escapadarural\",\"https:\\\/\\\/www.instagram.com\\\/escapadarural\\\/\",\"https:\\\/\\\/www.youtube.com\\\/@escapadaruralcom\"]},{\"@type\":\"Person\",\"@id\":\"https:\\\/\\\/www.escapadarural.com\\\/blog\\\/#\\\/schema\\\/person\\\/bd5b0d7ad308a0bf4efed73e8308b4fa\",\"name\":\"Redacci\u00f3n ER\",\"image\":{\"@type\":\"ImageObject\",\"inLanguage\":\"es\",\"@id\":\"https:\\\/\\\/www.escapadarural.com\\\/blog\\\/wp-content\\\/uploads\\\/2024\\\/10\\\/cropped-cropped-escapada-rural-icon-mag-3-96x96.png\",\"url\":\"https:\\\/\\\/www.escapadarural.com\\\/blog\\\/wp-content\\\/uploads\\\/2024\\\/10\\\/cropped-cropped-escapada-rural-icon-mag-3-96x96.png\",\"contentUrl\":\"https:\\\/\\\/www.escapadarural.com\\\/blog\\\/wp-content\\\/uploads\\\/2024\\\/10\\\/cropped-cropped-escapada-rural-icon-mag-3-96x96.png\",\"caption\":\"Redacci\u00f3n ER\"},\"description\":\"Nos encanta inspirar a viajeros y ayudar a los propietarios con nuestros contenidos\",\"url\":\"https:\\\/\\\/www.escapadarural.com\\\/blog\\\/autor\\\/admin\\\/\"}]}<\/script>\n<!-- \/ Yoast SEO plugin. -->","yoast_head_json":{"title":"Las mejores ideas para un oto\u00f1o sostenible en la naturaleza - EscapadaRural","robots":{"index":"index","follow":"follow","max-snippet":"max-snippet:-1","max-image-preview":"max-image-preview:large","max-video-preview":"max-video-preview:-1"},"canonical":"https:\/\/www.escapadarural.com\/blog\/ideas-para-un-otono-sostenible\/","og_locale":"es_ES","og_type":"article","og_title":"Las mejores ideas para un oto\u00f1o sostenible en la naturaleza - EscapadaRural","og_description":"Hoy te presentaremos actividades para disfrutar del oto\u00f1o, respetando de una manera sostenible la naturaleza y la cultura del lugar. \u00bfVienes?","og_url":"https:\/\/www.escapadarural.com\/blog\/ideas-para-un-otono-sostenible\/","og_site_name":"Magazine de viajes de EscapadaRural","article_publisher":"https:\/\/www.facebook.com\/escapadarural","article_published_time":"2024-09-10T05:33:00+00:00","article_modified_time":"2026-02-17T16:03:59+00:00","og_image":[{"width":1024,"height":679,"url":"https:\/\/www.escapadarural.com\/blog\/wp-content\/uploads\/2023\/12\/AdobeStock_40694262.jpeg","type":"image\/jpeg"}],"author":"Redacci\u00f3n ER","twitter_card":"summary_large_image","twitter_misc":{"Escrito por":"Redacci\u00f3n ER","Tiempo de lectura":"10 minutos"},"schema":{"@context":"https:\/\/schema.org","@graph":[{"@type":"Article","@id":"https:\/\/www.escapadarural.com\/blog\/ideas-para-un-otono-sostenible\/#article","isPartOf":{"@id":"https:\/\/www.escapadarural.com\/blog\/ideas-para-un-otono-sostenible\/"},"author":{"name":"Redacci\u00f3n ER","@id":"https:\/\/www.escapadarural.com\/blog\/#\/schema\/person\/bd5b0d7ad308a0bf4efed73e8308b4fa"},"headline":"Las mejores ideas para un oto\u00f1o sostenible en la naturaleza","datePublished":"2024-09-10T05:33:00+00:00","dateModified":"2026-02-17T16:03:59+00:00","mainEntityOfPage":{"@id":"https:\/\/www.escapadarural.com\/blog\/ideas-para-un-otono-sostenible\/"},"wordCount":1672,"commentCount":0,"publisher":{"@id":"https:\/\/www.escapadarural.com\/blog\/#organization"},"image":{"@id":"https:\/\/www.escapadarural.com\/blog\/ideas-para-un-otono-sostenible\/#primaryimage"},"thumbnailUrl":"https:\/\/www.escapadarural.com\/blog\/wp-content\/uploads\/2023\/12\/AdobeStock_40694262.jpeg","keywords":["art\u00edculo","Bosque","Oto\u00f1o","Setas","Sostenibilidad","turismo rural","vendimia"],"articleSection":["Destinos"],"inLanguage":"es","potentialAction":[{"@type":"CommentAction","name":"Comment","target":["https:\/\/www.escapadarural.com\/blog\/ideas-para-un-otono-sostenible\/#respond"]}]},{"@type":"WebPage","@id":"https:\/\/www.escapadarural.com\/blog\/ideas-para-un-otono-sostenible\/","url":"https:\/\/www.escapadarural.com\/blog\/ideas-para-un-otono-sostenible\/","name":"Las mejores ideas para un oto\u00f1o sostenible en la naturaleza - EscapadaRural","isPartOf":{"@id":"https:\/\/www.escapadarural.com\/blog\/#website"},"primaryImageOfPage":{"@id":"https:\/\/www.escapadarural.com\/blog\/ideas-para-un-otono-sostenible\/#primaryimage"},"image":{"@id":"https:\/\/www.escapadarural.com\/blog\/ideas-para-un-otono-sostenible\/#primaryimage"},"thumbnailUrl":"https:\/\/www.escapadarural.com\/blog\/wp-content\/uploads\/2023\/12\/AdobeStock_40694262.jpeg","datePublished":"2024-09-10T05:33:00+00:00","dateModified":"2026-02-17T16:03:59+00:00","breadcrumb":{"@id":"https:\/\/www.escapadarural.com\/blog\/ideas-para-un-otono-sostenible\/#breadcrumb"},"inLanguage":"es","potentialAction":[{"@type":"ReadAction","target":["https:\/\/www.escapadarural.com\/blog\/ideas-para-un-otono-sostenible\/"]}]},{"@type":"ImageObject","inLanguage":"es","@id":"https:\/\/www.escapadarural.com\/blog\/ideas-para-un-otono-sostenible\/#primaryimage","url":"https:\/\/www.escapadarural.com\/blog\/wp-content\/uploads\/2023\/12\/AdobeStock_40694262.jpeg","contentUrl":"https:\/\/www.escapadarural.com\/blog\/wp-content\/uploads\/2023\/12\/AdobeStock_40694262.jpeg","width":1024,"height":679,"caption":"Por: irantzuarb"},{"@type":"BreadcrumbList","@id":"https:\/\/www.escapadarural.com\/blog\/ideas-para-un-otono-sostenible\/#breadcrumb","itemListElement":[{"@type":"ListItem","position":1,"name":"Inicio","item":"https:\/\/www.escapadarural.com\/blog\/"},{"@type":"ListItem","position":2,"name":"Destinos","item":"https:\/\/www.escapadarural.com\/blog\/categoria\/destinos\/"},{"@type":"ListItem","position":3,"name":"Las mejores ideas para un oto\u00f1o sostenible en la naturaleza"}]},{"@type":"WebSite","@id":"https:\/\/www.escapadarural.com\/blog\/#website","url":"https:\/\/www.escapadarural.com\/blog\/","name":"Blog de viajes | turismo rural, alojamientos e inspiraci\u00f3n","description":"Alojamientos rurales e inspiraci\u00f3n para tus escapadas","publisher":{"@id":"https:\/\/www.escapadarural.com\/blog\/#organization"},"alternateName":"Magazine de viajes de EscapadaRural","potentialAction":[{"@type":"SearchAction","target":{"@type":"EntryPoint","urlTemplate":"https:\/\/www.escapadarural.com\/blog\/?s={search_term_string}"},"query-input":{"@type":"PropertyValueSpecification","valueRequired":true,"valueName":"search_term_string"}}],"inLanguage":"es"},{"@type":"Organization","@id":"https:\/\/www.escapadarural.com\/blog\/#organization","name":"EscapadaRural","url":"https:\/\/www.escapadarural.com\/blog\/","logo":{"@type":"ImageObject","inLanguage":"es","@id":"https:\/\/www.escapadarural.com\/blog\/#\/schema\/logo\/image\/","url":"https:\/\/www.escapadarural.com\/blog\/wp-content\/uploads\/2024\/10\/cropped-cropped-escapada-rural-icon-mag-3.png","contentUrl":"https:\/\/www.escapadarural.com\/blog\/wp-content\/uploads\/2024\/10\/cropped-cropped-escapada-rural-icon-mag-3.png","width":512,"height":512,"caption":"EscapadaRural"},"image":{"@id":"https:\/\/www.escapadarural.com\/blog\/#\/schema\/logo\/image\/"},"sameAs":["https:\/\/www.facebook.com\/escapadarural","https:\/\/www.instagram.com\/escapadarural\/","https:\/\/www.youtube.com\/@escapadaruralcom"]},{"@type":"Person","@id":"https:\/\/www.escapadarural.com\/blog\/#\/schema\/person\/bd5b0d7ad308a0bf4efed73e8308b4fa","name":"Redacci\u00f3n ER","image":{"@type":"ImageObject","inLanguage":"es","@id":"https:\/\/www.escapadarural.com\/blog\/wp-content\/uploads\/2024\/10\/cropped-cropped-escapada-rural-icon-mag-3-96x96.png","url":"https:\/\/www.escapadarural.com\/blog\/wp-content\/uploads\/2024\/10\/cropped-cropped-escapada-rural-icon-mag-3-96x96.png","contentUrl":"https:\/\/www.escapadarural.com\/blog\/wp-content\/uploads\/2024\/10\/cropped-cropped-escapada-rural-icon-mag-3-96x96.png","caption":"Redacci\u00f3n ER"},"description":"Nos encanta inspirar a viajeros y ayudar a los propietarios con nuestros contenidos","url":"https:\/\/www.escapadarural.com\/blog\/autor\/admin\/"}]}},"_links":{"self":[{"href":"https:\/\/www.escapadarural.com\/blog\/wp-json\/wp\/v2\/posts\/81295","targetHints":{"allow":["GET"]}}],"collection":[{"href":"https:\/\/www.escapadarural.com\/blog\/wp-json\/wp\/v2\/posts"}],"about":[{"href":"https:\/\/www.escapadarural.com\/blog\/wp-json\/wp\/v2\/types\/post"}],"author":[{"embeddable":true,"href":"https:\/\/www.escapadarural.com\/blog\/wp-json\/wp\/v2\/users\/85"}],"replies":[{"embeddable":true,"href":"https:\/\/www.escapadarural.com\/blog\/wp-json\/wp\/v2\/comments?post=81295"}],"version-history":[{"count":0,"href":"https:\/\/www.escapadarural.com\/blog\/wp-json\/wp\/v2\/posts\/81295\/revisions"}],"wp:featuredmedia":[{"embeddable":true,"href":"https:\/\/www.escapadarural.com\/blog\/wp-json\/wp\/v2\/media\/185629"}],"wp:attachment":[{"href":"https:\/\/www.escapadarural.com\/blog\/wp-json\/wp\/v2\/media?parent=81295"}],"wp:term":[{"taxonomy":"category","embeddable":true,"href":"https:\/\/www.escapadarural.com\/blog\/wp-json\/wp\/v2\/categories?post=81295"},{"taxonomy":"post_tag","embeddable":true,"href":"https:\/\/www.escapadarural.com\/blog\/wp-json\/wp\/v2\/tags?post=81295"}],"curies":[{"name":"wp","href":"https:\/\/api.w.org\/{rel}","templated":true}]}}