{"id":81303,"date":"2024-09-02T08:33:16","date_gmt":"2024-09-02T07:33:16","guid":{"rendered":"https:\/\/www.escapadarural.com\/blog\/?p=81303"},"modified":"2025-03-12T18:10:03","modified_gmt":"2025-03-12T16:10:03","slug":"altar-rocas-ermita-markina","status":"publish","type":"post","link":"https:\/\/www.escapadarural.com\/blog\/altar-rocas-ermita-markina\/","title":{"rendered":"Un altar entre 3 grandes rocas: as\u00ed es la ermita de Markina"},"content":{"rendered":"\n<figure class=\"wp-block-image size-large\"><img decoding=\"async\" src=\"https:\/\/www.escapadarural.com\/blog\/wp-content\/uploads\/2024\/10\/markina-1024x681-3.jpg\" alt=\"Ermita de San Miguel de Arretxinaga de Markina\" class=\"wp-image-81306\"\/><figcaption class=\"wp-element-caption\">Ermita de San Miguel de Arretxinaga de Markina. Por Markina-Xemein Turismoa<\/figcaption><\/figure>\n\n\n\n<p>Hay templos religiosos de inter\u00e9s por su estilo, antig\u00fcedad y estado de conservaci\u00f3n. Por la riqueza art\u00edstica que guardan sus muros, con impresionantes vidrieras y frescos, o por el gran valor de su arquitectura. Otros, despiertan nuestra curiosidad por alguna peculiaridad. Es el caso de la <strong>ermita de San Miguel de Arretxinaga<\/strong>, ubicada en el <strong>municipio de Markina<\/strong> (<a href=\"\/casas-rurales\/vizcaya\">Vizcaya<\/a>) y que nos sorprende con un elemento de lo m\u00e1s singular: tres grandes rocas que forman una peque\u00f1a capilla que alberga la figura del Arc\u00e1ngel San Miguel.<\/p>\n\n\n\n<p>\u00bfPor qu\u00e9 vale la pena visitar la ermita de Markina? \u00bfDe d\u00f3nde han salido esas misteriosas y enormes piedras? Te explicamos toda su historia.<\/p>\n\n\n\n<div class=\"wp-block-buttons is-layout-flex wp-block-buttons-is-layout-flex\">\n<div class=\"wp-block-button\"><a class=\"wp-block-button__link wp-element-button\" href=\"\/casas-rurales\/markina-xemein\">Alojamientos rurales en Markina-Xemein<\/a><\/div>\n<\/div>\n\n\n\n<h2 class=\"wp-block-heading\" id=\"h-un-templo-del-siglo-xviii-sobre-antiguas-ruinas\"><strong>Un templo del siglo XVIII sobre antiguas ruinas<\/strong><\/h2>\n\n\n\n<figure class=\"wp-block-image size-full\"><a href=\"https:\/\/www.escapadarural.com\/blog\/wp-content\/uploads\/2024\/10\/28349012372_bfc6da7396_k_WP_01-1.webp\"><img decoding=\"async\" src=\"https:\/\/www.escapadarural.com\/blog\/wp-content\/uploads\/2024\/10\/28349012372_bfc6da7396_k_WP_01-1.webp\" alt=\"Ermita de San Miguel de Arretxinaga de Markina\" class=\"wp-image-81820\"\/><\/a><figcaption class=\"wp-element-caption\">Ermita de San Miguel de Arretxinaga de Markina. Por Markina-Xemein Turismoa<\/figcaption><\/figure>\n\n\n\n<p>Antes de nada, vamos a acercarnos a la historia de este peque\u00f1o templo&nbsp; de Markina-Xemein, ubicado entre montes. La <strong>ermita de San Miguel de Arretxinaga se construy\u00f3 en el siglo XVIII<\/strong> en el mismo sitio en el que yac\u00edan las ruinas de la anterior que hab\u00eda existido en el pueblo. La vieja construcci\u00f3n vino de la mano de la corriente espiritual cristiana que se desarroll\u00f3 en la Alta Edad Media; y es que el Pa\u00eds Vasco es un territorio que tradicionalmente hab\u00eda basado sus creencias en la mitolog\u00eda.<\/p>\n\n\n\n<p>La actual iglesia tiene unos or\u00edgenes que se remontan al a\u00f1o 1734, cuando comenzaron unas obras que acabar\u00edan siete a\u00f1os despu\u00e9s. Se alza en un bonito enclave en el que confluyen los r\u00edos Artibai y Urko Ibaia, en el norte del pueblo de Markina-Xemein. Por fuera, la fachada no llamar\u00e1 mucho nuestra atenci\u00f3n. Se alz\u00f3 con una <strong>planta hexagonal con un dise\u00f1o sobrio<\/strong>, con paredes de piedra sin labrar y un tejado piramidal de seis lados de tejas. La c\u00fapula cuenta con seis nervios, que se unen en el centro por una clave de decoraci\u00f3n vegetal.<\/p>\n\n\n\n<figure class=\"wp-block-image size-full\"><a href=\"https:\/\/www.escapadarural.com\/blog\/wp-content\/uploads\/2024\/10\/33027652546_0580d2c85d_o_WP_03-1.webp\"><img decoding=\"async\" src=\"https:\/\/www.escapadarural.com\/blog\/wp-content\/uploads\/2024\/10\/33027652546_0580d2c85d_o_WP_03-1.webp\" alt=\"Markina-Xemein\" class=\"wp-image-81827\"\/><\/a><figcaption class=\"wp-element-caption\">Por Markina-Xemein Turismoa<\/figcaption><\/figure>\n\n\n\n<p>Si entramos, la cosa cambia: aunque el acceso es sencillo, adintelado y con un peque\u00f1o campanario en su eje superior, r\u00e1pidamente atraer\u00e1n nuestra mirada <strong>tres grandes rocas que crean una peque\u00f1a capilla<\/strong>. Se sujetan entre s\u00ed y albergan en su interior la figura del Arc\u00e1ngel San Miguel, que aparece empu\u00f1ando una lanza contra una representaci\u00f3n del demonio que yace bajo sus pies en forma de drag\u00f3n.<\/p>\n\n\n\n<h2 class=\"wp-block-heading\" id=\"h-de-donde-salen-esas-tres-rocas-enormes-de-la-ermita-de-markina\"><strong>\u00bfDe d\u00f3nde salen esas tres rocas enormes de la ermita de Markina?<\/strong><\/h2>\n\n\n\n<figure class=\"wp-block-image size-large\"><img decoding=\"async\" src=\"https:\/\/www.escapadarural.com\/blog\/wp-content\/uploads\/2024\/10\/AdobeStock_248491128-1024x768-2.jpeg\" alt=\"Panor\u00e1mica de Markina\" class=\"wp-image-81308\"\/><figcaption class=\"wp-element-caption\">Panor\u00e1mica de Markina. Por nomadkate<\/figcaption><\/figure>\n\n\n\n<p>El origen de la impresionante formaci\u00f3n geol\u00f3gica que ejerce de altar en el interior de la ermita de Markina todav\u00eda est\u00e1 en debate. El nombre del lugar da unas pistas: Arretxinaga significa, etimol\u00f3gicamente, <strong>\u201clugar o sitio donde yacen o est\u00e1n echadas las piedras\u201d<\/strong>. Lo que se sabe es que son piezas que tienen m\u00e1s de 40 millones de a\u00f1os, aunque llevan mucho menos tiempo en el interior del templo, l\u00f3gicamente.<\/p>\n\n\n\n<p>Algunas teor\u00edas se\u00f1alan que se tratar\u00eda de un <strong>dolmen prehist\u00f3rico<\/strong> que la entrada del cristianismo al Pa\u00eds Vasco habr\u00eda hecho propio y asimilado. Otros ge\u00f3logos consideran que ser\u00eda, simplemente, un capricho de la naturaleza que cuadrar\u00eda perfectamente con el contexto en el que se encuentra.<\/p>\n\n\n\n<blockquote class=\"wp-block-quote is-layout-flow wp-block-quote-is-layout-flow\">\n<p>Unas teor\u00edas se\u00f1alan que se tratar\u00eda de un dolmen prehist\u00f3rico. Otros ge\u00f3logos apuntan a que ser\u00eda, simplemente, un capricho de la naturaleza<\/p>\n<\/blockquote>\n\n\n\n<figure class=\"wp-block-embed is-type-video is-provider-youtube wp-block-embed-youtube wp-embed-aspect-16-9 wp-has-aspect-ratio\"><div class=\"wp-block-embed__wrapper\">\n<span class=\"V\"><div class=\"video-shortcode\"><iframe title=\"1  Markina  Arretxinaga 360\" width=\"1200\" height=\"675\" src=\"https:\/\/www.youtube.com\/embed\/k_lWB1nF0UE?feature=oembed\" frameborder=\"0\" allow=\"accelerometer; autoplay; clipboard-write; encrypted-media; gyroscope; picture-in-picture; web-share\" referrerpolicy=\"strict-origin-when-cross-origin\" allowfullscreen><\/iframe><\/div><\/span>\n<\/div><\/figure>\n\n\n\n<p>Aunque no sepamos su origen a ciencia cierta, como pasa con todo elemento peculiar vinculado a lo divino, alrededor de las piedras de la ermita de Markina han surgido a lo largo de los siglos <strong>diferentes creencias y supersticiones<\/strong>. Existe una leyenda popular que dice que las personas que se quieran casar antes de un a\u00f1o, tienen que pasar tres veces por debajo de las rocas.<\/p>\n\n\n\n<p>Por otro lado, hay documentos del siglo XIX que desvelan que los <strong>habitantes del pueblo les atribu\u00edan virtudes milagrosas<\/strong> como curar enfermedades a quienes las tocaban. Incluso se dec\u00eda que la ermita se hab\u00eda levantado espec\u00edficamente en ese emplazamiento para aguardar y proteger unas rocas a las que se les confer\u00eda un car\u00e1cter sagrado.<\/p>\n\n\n\n<h2 class=\"wp-block-heading\" id=\"h-que-ver-en-markina-xemein\"><strong>\u00bfQu\u00e9 ver en Markina-Xemein?<\/strong><\/h2>\n\n\n\n<figure class=\"wp-block-image size-full\"><a href=\"https:\/\/www.escapadarural.com\/blog\/wp-content\/uploads\/2024\/10\/32942584411_95634f0a87_o_WP_02-1.webp\"><img decoding=\"async\" src=\"https:\/\/www.escapadarural.com\/blog\/wp-content\/uploads\/2024\/10\/32942584411_95634f0a87_o_WP_02-1.webp\" alt=\"Markina-Xemein\" class=\"wp-image-81824\"\/><\/a><figcaption class=\"wp-element-caption\">Por Markina-Xemein Turismoa<\/figcaption><\/figure>\n\n\n\n<p><a href=\"https:\/\/markinaxemeinturismoa.eus\/es\/\" data-type=\"link\" data-id=\"https:\/\/markinaxemeinturismoa.eus\/es\/\" target=\"_blank\" rel=\"noreferrer noopener nofollow\">Markina-Xemein<\/a> es un animado pueblo del interior de Vizcaya de unos 5.000 habitantes, a unos 40 minutos en coche desde Bilbao. Adem\u00e1s de conocer las sorprendes figuras p\u00e9treas reconvertidas en altar de la ermita, puedes aprovechar la escapada para descubrir otros atractivos del municipio. Un imprescindible es el <strong>palacio Sortalekua<\/strong>, que en la actualidad alberga el Ayuntamiento de Markina-Xemein, un espectacular edificio del siglo XVII.<\/p>\n\n\n\n<p>Sigue la ruta tur\u00edstica por Markina-Xemein admirando la <strong>fuente Goiko Portala<\/strong> y bebiendo de sus aguas. Construida el a\u00f1o 1787, en la parte baja de la columna tiene varias circunferencias con textos en euskera. Al lado, en el centro del n\u00facleo urbano, est\u00e1 la <strong>iglesia del Carmen<\/strong>, con una fachada de piedra de arenisca que le confiere un color amarillento a la fachada.<\/p>\n\n\n\n<figure class=\"wp-block-image size-full\"><a href=\"https:\/\/www.escapadarural.com\/blog\/wp-content\/uploads\/2024\/10\/AdobeStock_264377912_WP_04.webp\"><img decoding=\"async\" src=\"https:\/\/www.escapadarural.com\/blog\/wp-content\/uploads\/2024\/10\/AdobeStock_264377912_WP_04.webp\" alt=\"Markina-Xemein\" class=\"wp-image-81829\"\/><\/a><figcaption class=\"wp-element-caption\">Markina-Xemein. Por Imagenatural<\/figcaption><\/figure>\n\n\n\n<p>La <strong>pelota vasca es el deporte aut\u00f3ctono<\/strong> por excelencia del Pa\u00eds Vasco. Los frontones suelen ser espacios dignos de ver en todos los pueblos y Markina-Xemein no es una excepci\u00f3n. De hecho, su trinquete, del siglo XVIII, es conocido internacionalmente como \u201cUniversidad de la Pelota\u201d, ya que ha sido la <strong>cuna de los grandes pelotaris de cesta punta<\/strong> que han hecho fortuna por todo el mundo. Si quieres adentrarte m\u00e1s en este fascinante deporte, en la oficina de turismo local ofrecen visitas guiadas.<\/p>\n\n\n\n<p>Hay otras construcciones en el pueblo que despertar\u00e1n tu inter\u00e9s por la belleza de su arquitectura, como <strong>Kontzekupe<\/strong>, en pleno casco hist\u00f3rico, que fue el antiguo ayuntamiento y cuenta con un enorme p\u00f3rtico en su planta baja. O el <strong>palacio de Murga<\/strong>, que dentro tiene la torre medieval Bidarte. Tambi\u00e9n vale la pena pasar por la <strong>iglesia de Santa Maria, que es Monumento Nacional de Euskadi<\/strong>, data del siglo XVI y exhibe un llamativo retablo en las paredes de su interior.<\/p>\n\n\n\n<figure class=\"wp-block-image size-large\"><img decoding=\"async\" src=\"https:\/\/www.escapadarural.com\/blog\/wp-content\/uploads\/2024\/10\/AdobeStock_264377937-1024x683-2.jpeg\" alt=\"El pueblo de Markina\" class=\"wp-image-81307\"\/><figcaption class=\"wp-element-caption\">El pueblo de Markina. Por Imagenatural<\/figcaption><\/figure>\n\n\n\n<p>No dej\u00e9is de visitar la <strong>casa de cultura Uhagon<\/strong>, un verdadero punto de encuentro en Markina-Xemein con una atractiva terraza en la que hacer una pausa a tomar algo. Tiene sala de exposiciones, de conferencias y cafeter\u00eda. Aunque hoy es un templo cultural, en el pasado lleg\u00f3 a utilizarse este espacio como cuartel. Tambi\u00e9n es interesante acercarse al palacio Patrokua, en cuyo jard\u00edn se muestra un monumento que homenajea al cura Juan Antonio Moguel, que fue el autor de la primera novela publicada en euskera. Por \u00faltimo, os recomendamos pasar por un edificio civil, pero impactante: la <strong>pescader\u00eda municipal<\/strong>, emblem\u00e1tica y con una arquitectura singular.<\/p>\n","protected":false},"excerpt":{"rendered":"<p>La ermita de San Miguel de Arretxinaga de Markina est\u00e1 envuelta de misterio, ya que cuenta con una peque\u00f1a capilla compuesta de tres grandes rocas que protegen a la figura del arc\u00e1ngel San Miguel. <\/p>\n","protected":false},"author":123,"featured_media":90334,"comment_status":"open","ping_status":"open","sticky":false,"template":"","format":"standard","meta":{"_acf_changed":false,"om_disable_all_campaigns":false,"footnotes":""},"categories":[231],"tags":[1679,5835,870,450,737],"class_list":["post-81303","post","type-post","status-publish","format-standard","has-post-thumbnail","hentry","category-arte-y-cultura","tag-ermita","tag-markina","tag-monumentos","tag-que-ver-en-pais-vasco","tag-que-ver-en-vizcaya"],"acf":[],"featured_image_src":"https:\/\/www.escapadarural.com\/blog\/wp-content\/uploads\/2024\/10\/markina-1024x681-3.jpg","author_info":{"display_name":"Raquel Andr\u00e9s","author_link":"https:\/\/www.escapadarural.com\/blog\/autor\/raquel\/"},"yoast_head":"<!-- This site is optimized with the Yoast SEO plugin v27.5 - https:\/\/yoast.com\/product\/yoast-seo-wordpress\/ -->\n<title>Un altar entre 3 grandes rocas: as\u00ed es la ermita de Markina - EscapadaRural<\/title>\n<meta name=\"robots\" content=\"index, follow, max-snippet:-1, max-image-preview:large, max-video-preview:-1\" \/>\n<link rel=\"canonical\" href=\"https:\/\/www.escapadarural.com\/blog\/altar-rocas-ermita-markina\/\" \/>\n<meta property=\"og:locale\" content=\"es_ES\" \/>\n<meta property=\"og:type\" content=\"article\" \/>\n<meta property=\"og:title\" content=\"Un altar entre 3 grandes rocas: as\u00ed es la ermita de Markina - EscapadaRural\" \/>\n<meta property=\"og:description\" content=\"La ermita de San Miguel de Arretxinaga de Markina est\u00e1 envuelta de misterio, ya que cuenta con una peque\u00f1a capilla compuesta de tres grandes rocas que protegen a la figura del arc\u00e1ngel San Miguel.\" \/>\n<meta property=\"og:url\" content=\"https:\/\/www.escapadarural.com\/blog\/altar-rocas-ermita-markina\/\" \/>\n<meta property=\"og:site_name\" content=\"Magazine de viajes de EscapadaRural\" \/>\n<meta property=\"article:publisher\" content=\"https:\/\/www.facebook.com\/escapadarural\" \/>\n<meta property=\"article:published_time\" content=\"2024-09-02T07:33:16+00:00\" \/>\n<meta property=\"article:modified_time\" content=\"2025-03-12T16:10:03+00:00\" \/>\n<meta property=\"og:image\" content=\"https:\/\/app.escapadarural.com\/blog\/wp-content\/uploads\/2024\/10\/markina-1024x681-3.jpg\" \/>\n\t<meta property=\"og:image:width\" content=\"1024\" \/>\n\t<meta property=\"og:image:height\" content=\"681\" \/>\n\t<meta property=\"og:image:type\" content=\"image\/jpeg\" \/>\n<meta name=\"author\" content=\"Raquel Andr\u00e9s\" \/>\n<meta name=\"twitter:card\" content=\"summary_large_image\" \/>\n<meta name=\"twitter:label1\" content=\"Escrito por\" \/>\n\t<meta name=\"twitter:data1\" content=\"Raquel Andr\u00e9s\" \/>\n\t<meta name=\"twitter:label2\" content=\"Tiempo de lectura\" \/>\n\t<meta name=\"twitter:data2\" content=\"7 minutos\" \/>\n<script type=\"application\/ld+json\" class=\"yoast-schema-graph\">{\"@context\":\"https:\\\/\\\/schema.org\",\"@graph\":[{\"@type\":\"Article\",\"@id\":\"https:\\\/\\\/www.escapadarural.com\\\/blog\\\/altar-rocas-ermita-markina\\\/#article\",\"isPartOf\":{\"@id\":\"https:\\\/\\\/www.escapadarural.com\\\/blog\\\/altar-rocas-ermita-markina\\\/\"},\"author\":{\"name\":\"Raquel Andr\u00e9s\",\"@id\":\"https:\\\/\\\/www.escapadarural.com\\\/blog\\\/#\\\/schema\\\/person\\\/67be061eb00d8315fa8642e01b88c894\"},\"headline\":\"Un altar entre 3 grandes rocas: as\u00ed es la ermita de Markina\",\"datePublished\":\"2024-09-02T07:33:16+00:00\",\"dateModified\":\"2025-03-12T16:10:03+00:00\",\"mainEntityOfPage\":{\"@id\":\"https:\\\/\\\/www.escapadarural.com\\\/blog\\\/altar-rocas-ermita-markina\\\/\"},\"wordCount\":1186,\"commentCount\":0,\"publisher\":{\"@id\":\"https:\\\/\\\/www.escapadarural.com\\\/blog\\\/#organization\"},\"image\":{\"@id\":\"https:\\\/\\\/www.escapadarural.com\\\/blog\\\/altar-rocas-ermita-markina\\\/#primaryimage\"},\"thumbnailUrl\":\"https:\\\/\\\/www.escapadarural.com\\\/blog\\\/wp-content\\\/uploads\\\/2024\\\/10\\\/markina-1024x681-3.jpg\",\"keywords\":[\"Ermita\",\"markina\",\"Monumentos\",\"Pa\u00eds Vasco\",\"Vizcaya\"],\"articleSection\":[\"Arte y Cultura\"],\"inLanguage\":\"es\",\"potentialAction\":[{\"@type\":\"CommentAction\",\"name\":\"Comment\",\"target\":[\"https:\\\/\\\/www.escapadarural.com\\\/blog\\\/altar-rocas-ermita-markina\\\/#respond\"]}]},{\"@type\":\"WebPage\",\"@id\":\"https:\\\/\\\/www.escapadarural.com\\\/blog\\\/altar-rocas-ermita-markina\\\/\",\"url\":\"https:\\\/\\\/www.escapadarural.com\\\/blog\\\/altar-rocas-ermita-markina\\\/\",\"name\":\"Un altar entre 3 grandes rocas: as\u00ed es la ermita de Markina - EscapadaRural\",\"isPartOf\":{\"@id\":\"https:\\\/\\\/www.escapadarural.com\\\/blog\\\/#website\"},\"primaryImageOfPage\":{\"@id\":\"https:\\\/\\\/www.escapadarural.com\\\/blog\\\/altar-rocas-ermita-markina\\\/#primaryimage\"},\"image\":{\"@id\":\"https:\\\/\\\/www.escapadarural.com\\\/blog\\\/altar-rocas-ermita-markina\\\/#primaryimage\"},\"thumbnailUrl\":\"https:\\\/\\\/www.escapadarural.com\\\/blog\\\/wp-content\\\/uploads\\\/2024\\\/10\\\/markina-1024x681-3.jpg\",\"datePublished\":\"2024-09-02T07:33:16+00:00\",\"dateModified\":\"2025-03-12T16:10:03+00:00\",\"breadcrumb\":{\"@id\":\"https:\\\/\\\/www.escapadarural.com\\\/blog\\\/altar-rocas-ermita-markina\\\/#breadcrumb\"},\"inLanguage\":\"es\",\"potentialAction\":[{\"@type\":\"ReadAction\",\"target\":[\"https:\\\/\\\/www.escapadarural.com\\\/blog\\\/altar-rocas-ermita-markina\\\/\"]}]},{\"@type\":\"ImageObject\",\"inLanguage\":\"es\",\"@id\":\"https:\\\/\\\/www.escapadarural.com\\\/blog\\\/altar-rocas-ermita-markina\\\/#primaryimage\",\"url\":\"https:\\\/\\\/www.escapadarural.com\\\/blog\\\/wp-content\\\/uploads\\\/2024\\\/10\\\/markina-1024x681-3.jpg\",\"contentUrl\":\"https:\\\/\\\/www.escapadarural.com\\\/blog\\\/wp-content\\\/uploads\\\/2024\\\/10\\\/markina-1024x681-3.jpg\",\"width\":1024,\"height\":681,\"caption\":\"Dos enormes rocas se alzan en el interior de un luminoso edificio abovedado de paredes blancas y altas ventanas; entre las rocas hay una peque\u00f1a estatua de una persona.\"},{\"@type\":\"BreadcrumbList\",\"@id\":\"https:\\\/\\\/www.escapadarural.com\\\/blog\\\/altar-rocas-ermita-markina\\\/#breadcrumb\",\"itemListElement\":[{\"@type\":\"ListItem\",\"position\":1,\"name\":\"Inicio\",\"item\":\"https:\\\/\\\/www.escapadarural.com\\\/blog\\\/\"},{\"@type\":\"ListItem\",\"position\":2,\"name\":\"Arte y Cultura\",\"item\":\"https:\\\/\\\/www.escapadarural.com\\\/blog\\\/categoria\\\/arte-y-cultura\\\/\"},{\"@type\":\"ListItem\",\"position\":3,\"name\":\"Un altar entre 3 grandes rocas: as\u00ed es la ermita de Markina\"}]},{\"@type\":\"WebSite\",\"@id\":\"https:\\\/\\\/www.escapadarural.com\\\/blog\\\/#website\",\"url\":\"https:\\\/\\\/www.escapadarural.com\\\/blog\\\/\",\"name\":\"Blog de viajes | turismo rural, alojamientos e inspiraci\u00f3n\",\"description\":\"Alojamientos rurales e inspiraci\u00f3n para tus escapadas\",\"publisher\":{\"@id\":\"https:\\\/\\\/www.escapadarural.com\\\/blog\\\/#organization\"},\"alternateName\":\"Magazine de viajes de EscapadaRural\",\"potentialAction\":[{\"@type\":\"SearchAction\",\"target\":{\"@type\":\"EntryPoint\",\"urlTemplate\":\"https:\\\/\\\/www.escapadarural.com\\\/blog\\\/?s={search_term_string}\"},\"query-input\":{\"@type\":\"PropertyValueSpecification\",\"valueRequired\":true,\"valueName\":\"search_term_string\"}}],\"inLanguage\":\"es\"},{\"@type\":\"Organization\",\"@id\":\"https:\\\/\\\/www.escapadarural.com\\\/blog\\\/#organization\",\"name\":\"EscapadaRural\",\"url\":\"https:\\\/\\\/www.escapadarural.com\\\/blog\\\/\",\"logo\":{\"@type\":\"ImageObject\",\"inLanguage\":\"es\",\"@id\":\"https:\\\/\\\/www.escapadarural.com\\\/blog\\\/#\\\/schema\\\/logo\\\/image\\\/\",\"url\":\"https:\\\/\\\/www.escapadarural.com\\\/blog\\\/wp-content\\\/uploads\\\/2024\\\/10\\\/cropped-cropped-escapada-rural-icon-mag-3.png\",\"contentUrl\":\"https:\\\/\\\/www.escapadarural.com\\\/blog\\\/wp-content\\\/uploads\\\/2024\\\/10\\\/cropped-cropped-escapada-rural-icon-mag-3.png\",\"width\":512,\"height\":512,\"caption\":\"EscapadaRural\"},\"image\":{\"@id\":\"https:\\\/\\\/www.escapadarural.com\\\/blog\\\/#\\\/schema\\\/logo\\\/image\\\/\"},\"sameAs\":[\"https:\\\/\\\/www.facebook.com\\\/escapadarural\",\"https:\\\/\\\/www.instagram.com\\\/escapadarural\\\/\",\"https:\\\/\\\/www.youtube.com\\\/@escapadaruralcom\"]},{\"@type\":\"Person\",\"@id\":\"https:\\\/\\\/www.escapadarural.com\\\/blog\\\/#\\\/schema\\\/person\\\/67be061eb00d8315fa8642e01b88c894\",\"name\":\"Raquel Andr\u00e9s\",\"image\":{\"@type\":\"ImageObject\",\"inLanguage\":\"es\",\"@id\":\"https:\\\/\\\/secure.gravatar.com\\\/avatar\\\/b45840531462f3cafb335a9fc5c0bfda2c07c3df4b82b304b923526b85cc6cb5?s=96&d=mm&r=g\",\"url\":\"https:\\\/\\\/secure.gravatar.com\\\/avatar\\\/b45840531462f3cafb335a9fc5c0bfda2c07c3df4b82b304b923526b85cc6cb5?s=96&d=mm&r=g\",\"contentUrl\":\"https:\\\/\\\/secure.gravatar.com\\\/avatar\\\/b45840531462f3cafb335a9fc5c0bfda2c07c3df4b82b304b923526b85cc6cb5?s=96&d=mm&r=g\",\"caption\":\"Raquel Andr\u00e9s\"},\"description\":\"Periodista y aventurera. Me has podido leer en Escapada Rural, Diari Nosaltres La Veu, La Vanguardia, El Salto y otros medios. Habitante y amante de las zonas rurales, sea cual sea el destino. Procuro escaparme una vez por semana con las botas de monta\u00f1a, el arn\u00e9s o el neopreno. Tambi\u00e9n soy un intento de baserritarra.\",\"url\":\"https:\\\/\\\/www.escapadarural.com\\\/blog\\\/autor\\\/raquel\\\/\"}]}<\/script>\n<!-- \/ Yoast SEO plugin. -->","yoast_head_json":{"title":"Un altar entre 3 grandes rocas: as\u00ed es la ermita de Markina - EscapadaRural","robots":{"index":"index","follow":"follow","max-snippet":"max-snippet:-1","max-image-preview":"max-image-preview:large","max-video-preview":"max-video-preview:-1"},"canonical":"https:\/\/www.escapadarural.com\/blog\/altar-rocas-ermita-markina\/","og_locale":"es_ES","og_type":"article","og_title":"Un altar entre 3 grandes rocas: as\u00ed es la ermita de Markina - EscapadaRural","og_description":"La ermita de San Miguel de Arretxinaga de Markina est\u00e1 envuelta de misterio, ya que cuenta con una peque\u00f1a capilla compuesta de tres grandes rocas que protegen a la figura del arc\u00e1ngel San Miguel.","og_url":"https:\/\/www.escapadarural.com\/blog\/altar-rocas-ermita-markina\/","og_site_name":"Magazine de viajes de EscapadaRural","article_publisher":"https:\/\/www.facebook.com\/escapadarural","article_published_time":"2024-09-02T07:33:16+00:00","article_modified_time":"2025-03-12T16:10:03+00:00","og_image":[{"width":1024,"height":681,"url":"https:\/\/app.escapadarural.com\/blog\/wp-content\/uploads\/2024\/10\/markina-1024x681-3.jpg","type":"image\/jpeg"}],"author":"Raquel Andr\u00e9s","twitter_card":"summary_large_image","twitter_misc":{"Escrito por":"Raquel Andr\u00e9s","Tiempo de lectura":"7 minutos"},"schema":{"@context":"https:\/\/schema.org","@graph":[{"@type":"Article","@id":"https:\/\/www.escapadarural.com\/blog\/altar-rocas-ermita-markina\/#article","isPartOf":{"@id":"https:\/\/www.escapadarural.com\/blog\/altar-rocas-ermita-markina\/"},"author":{"name":"Raquel Andr\u00e9s","@id":"https:\/\/www.escapadarural.com\/blog\/#\/schema\/person\/67be061eb00d8315fa8642e01b88c894"},"headline":"Un altar entre 3 grandes rocas: as\u00ed es la ermita de Markina","datePublished":"2024-09-02T07:33:16+00:00","dateModified":"2025-03-12T16:10:03+00:00","mainEntityOfPage":{"@id":"https:\/\/www.escapadarural.com\/blog\/altar-rocas-ermita-markina\/"},"wordCount":1186,"commentCount":0,"publisher":{"@id":"https:\/\/www.escapadarural.com\/blog\/#organization"},"image":{"@id":"https:\/\/www.escapadarural.com\/blog\/altar-rocas-ermita-markina\/#primaryimage"},"thumbnailUrl":"https:\/\/www.escapadarural.com\/blog\/wp-content\/uploads\/2024\/10\/markina-1024x681-3.jpg","keywords":["Ermita","markina","Monumentos","Pa\u00eds Vasco","Vizcaya"],"articleSection":["Arte y Cultura"],"inLanguage":"es","potentialAction":[{"@type":"CommentAction","name":"Comment","target":["https:\/\/www.escapadarural.com\/blog\/altar-rocas-ermita-markina\/#respond"]}]},{"@type":"WebPage","@id":"https:\/\/www.escapadarural.com\/blog\/altar-rocas-ermita-markina\/","url":"https:\/\/www.escapadarural.com\/blog\/altar-rocas-ermita-markina\/","name":"Un altar entre 3 grandes rocas: as\u00ed es la ermita de Markina - EscapadaRural","isPartOf":{"@id":"https:\/\/www.escapadarural.com\/blog\/#website"},"primaryImageOfPage":{"@id":"https:\/\/www.escapadarural.com\/blog\/altar-rocas-ermita-markina\/#primaryimage"},"image":{"@id":"https:\/\/www.escapadarural.com\/blog\/altar-rocas-ermita-markina\/#primaryimage"},"thumbnailUrl":"https:\/\/www.escapadarural.com\/blog\/wp-content\/uploads\/2024\/10\/markina-1024x681-3.jpg","datePublished":"2024-09-02T07:33:16+00:00","dateModified":"2025-03-12T16:10:03+00:00","breadcrumb":{"@id":"https:\/\/www.escapadarural.com\/blog\/altar-rocas-ermita-markina\/#breadcrumb"},"inLanguage":"es","potentialAction":[{"@type":"ReadAction","target":["https:\/\/www.escapadarural.com\/blog\/altar-rocas-ermita-markina\/"]}]},{"@type":"ImageObject","inLanguage":"es","@id":"https:\/\/www.escapadarural.com\/blog\/altar-rocas-ermita-markina\/#primaryimage","url":"https:\/\/www.escapadarural.com\/blog\/wp-content\/uploads\/2024\/10\/markina-1024x681-3.jpg","contentUrl":"https:\/\/www.escapadarural.com\/blog\/wp-content\/uploads\/2024\/10\/markina-1024x681-3.jpg","width":1024,"height":681,"caption":"Dos enormes rocas se alzan en el interior de un luminoso edificio abovedado de paredes blancas y altas ventanas; entre las rocas hay una peque\u00f1a estatua de una persona."},{"@type":"BreadcrumbList","@id":"https:\/\/www.escapadarural.com\/blog\/altar-rocas-ermita-markina\/#breadcrumb","itemListElement":[{"@type":"ListItem","position":1,"name":"Inicio","item":"https:\/\/www.escapadarural.com\/blog\/"},{"@type":"ListItem","position":2,"name":"Arte y Cultura","item":"https:\/\/www.escapadarural.com\/blog\/categoria\/arte-y-cultura\/"},{"@type":"ListItem","position":3,"name":"Un altar entre 3 grandes rocas: as\u00ed es la ermita de Markina"}]},{"@type":"WebSite","@id":"https:\/\/www.escapadarural.com\/blog\/#website","url":"https:\/\/www.escapadarural.com\/blog\/","name":"Blog de viajes | turismo rural, alojamientos e inspiraci\u00f3n","description":"Alojamientos rurales e inspiraci\u00f3n para tus escapadas","publisher":{"@id":"https:\/\/www.escapadarural.com\/blog\/#organization"},"alternateName":"Magazine de viajes de EscapadaRural","potentialAction":[{"@type":"SearchAction","target":{"@type":"EntryPoint","urlTemplate":"https:\/\/www.escapadarural.com\/blog\/?s={search_term_string}"},"query-input":{"@type":"PropertyValueSpecification","valueRequired":true,"valueName":"search_term_string"}}],"inLanguage":"es"},{"@type":"Organization","@id":"https:\/\/www.escapadarural.com\/blog\/#organization","name":"EscapadaRural","url":"https:\/\/www.escapadarural.com\/blog\/","logo":{"@type":"ImageObject","inLanguage":"es","@id":"https:\/\/www.escapadarural.com\/blog\/#\/schema\/logo\/image\/","url":"https:\/\/www.escapadarural.com\/blog\/wp-content\/uploads\/2024\/10\/cropped-cropped-escapada-rural-icon-mag-3.png","contentUrl":"https:\/\/www.escapadarural.com\/blog\/wp-content\/uploads\/2024\/10\/cropped-cropped-escapada-rural-icon-mag-3.png","width":512,"height":512,"caption":"EscapadaRural"},"image":{"@id":"https:\/\/www.escapadarural.com\/blog\/#\/schema\/logo\/image\/"},"sameAs":["https:\/\/www.facebook.com\/escapadarural","https:\/\/www.instagram.com\/escapadarural\/","https:\/\/www.youtube.com\/@escapadaruralcom"]},{"@type":"Person","@id":"https:\/\/www.escapadarural.com\/blog\/#\/schema\/person\/67be061eb00d8315fa8642e01b88c894","name":"Raquel Andr\u00e9s","image":{"@type":"ImageObject","inLanguage":"es","@id":"https:\/\/secure.gravatar.com\/avatar\/b45840531462f3cafb335a9fc5c0bfda2c07c3df4b82b304b923526b85cc6cb5?s=96&d=mm&r=g","url":"https:\/\/secure.gravatar.com\/avatar\/b45840531462f3cafb335a9fc5c0bfda2c07c3df4b82b304b923526b85cc6cb5?s=96&d=mm&r=g","contentUrl":"https:\/\/secure.gravatar.com\/avatar\/b45840531462f3cafb335a9fc5c0bfda2c07c3df4b82b304b923526b85cc6cb5?s=96&d=mm&r=g","caption":"Raquel Andr\u00e9s"},"description":"Periodista y aventurera. Me has podido leer en Escapada Rural, Diari Nosaltres La Veu, La Vanguardia, El Salto y otros medios. Habitante y amante de las zonas rurales, sea cual sea el destino. Procuro escaparme una vez por semana con las botas de monta\u00f1a, el arn\u00e9s o el neopreno. Tambi\u00e9n soy un intento de baserritarra.","url":"https:\/\/www.escapadarural.com\/blog\/autor\/raquel\/"}]}},"_links":{"self":[{"href":"https:\/\/www.escapadarural.com\/blog\/wp-json\/wp\/v2\/posts\/81303","targetHints":{"allow":["GET"]}}],"collection":[{"href":"https:\/\/www.escapadarural.com\/blog\/wp-json\/wp\/v2\/posts"}],"about":[{"href":"https:\/\/www.escapadarural.com\/blog\/wp-json\/wp\/v2\/types\/post"}],"author":[{"embeddable":true,"href":"https:\/\/www.escapadarural.com\/blog\/wp-json\/wp\/v2\/users\/123"}],"replies":[{"embeddable":true,"href":"https:\/\/www.escapadarural.com\/blog\/wp-json\/wp\/v2\/comments?post=81303"}],"version-history":[{"count":0,"href":"https:\/\/www.escapadarural.com\/blog\/wp-json\/wp\/v2\/posts\/81303\/revisions"}],"wp:featuredmedia":[{"embeddable":true,"href":"https:\/\/www.escapadarural.com\/blog\/wp-json\/wp\/v2\/media\/90334"}],"wp:attachment":[{"href":"https:\/\/www.escapadarural.com\/blog\/wp-json\/wp\/v2\/media?parent=81303"}],"wp:term":[{"taxonomy":"category","embeddable":true,"href":"https:\/\/www.escapadarural.com\/blog\/wp-json\/wp\/v2\/categories?post=81303"},{"taxonomy":"post_tag","embeddable":true,"href":"https:\/\/www.escapadarural.com\/blog\/wp-json\/wp\/v2\/tags?post=81303"}],"curies":[{"name":"wp","href":"https:\/\/api.w.org\/{rel}","templated":true}]}}