{"id":81315,"date":"2024-09-14T08:00:00","date_gmt":"2024-09-14T07:00:00","guid":{"rendered":"https:\/\/www.escapadarural.com\/blog\/?p=81315"},"modified":"2025-05-26T13:32:36","modified_gmt":"2025-05-26T11:32:36","slug":"muixeranga-algemesi-baile-castellers","status":"publish","type":"post","link":"https:\/\/www.escapadarural.com\/blog\/muixeranga-algemesi-baile-castellers\/","title":{"rendered":"La Muixeranga de Algemes\u00ed, el \u2018baile valenciano\u2019 del que nacieron los \u201ccastellers\u201d"},"content":{"rendered":"\n<figure class=\"wp-block-image size-large\"><a href=\"https:\/\/www.escapadarural.com\/blog\/wp-content\/uploads\/2024\/11\/1200px-Algemesi_MDS_-_Nova_Muixeranga_02.jpg\"><img decoding=\"async\" src=\"https:\/\/www.escapadarural.com\/blog\/wp-content\/uploads\/2024\/10\/1200px-Algemesi_MDS_-_Nova_Muixeranga_02-1024x683-8.jpg\" alt=\"Muixeranga de Algemes\u00ed\" class=\"wp-image-81317\"\/><\/a><figcaption class=\"wp-element-caption\">Muixeranga de Algemes\u00ed. Por <a href=\"https:\/\/es.m.wikipedia.org\/wiki\/Archivo:Algemes%C3%AD_MDS_-_Nova_Muixeranga_02.jpg\" target=\"_blank\" rel=\"noreferrer noopener nofollow\">Rafa Esteve <\/a><\/figcaption><\/figure>\n\n\n\n<p>A principios de septiembre se celebra la fiesta de la Mare de D\u00e9u de la Salut en el pueblo valenciano de Algemes\u00ed, una celebraci\u00f3n que est\u00e1 declarada <strong>Patrimonio Inmaterial de la Humanidad<\/strong> por la Unesco. Todo el pueblo se viste de gala esos d\u00edas en los que bien merece una visita. Y si algo destaca especialmente es la Muixeranga, una danza acompa\u00f1ada por las melod\u00edas de la <em>dol\u00e7aina<\/em> y el <em>tabalet<\/em> que es el origen de los \u201c<em>castells<\/em>\u201d catalanes.<\/p>\n\n\n\n<p>Si bien en Catalu\u00f1a los <em>castells<\/em> y sus <em>castellers<\/em> se han hecho conocidos por su altura y espectacularidad, en su cuna se mantiene como un <strong>baile festivo y no competitivo<\/strong> con cada vez m\u00e1s <em>collas<\/em> (agrupaciones) repartidas por toda la geograf\u00eda valenciana. Vamos a conocer su historia y los paralelismos de unas torres humanas que son hermanas.<\/p>\n\n\n\n<div class=\"wp-block-buttons is-layout-flex wp-block-buttons-is-layout-flex\">\n<div class=\"wp-block-button\"><a class=\"wp-block-button__link wp-element-button\" href=\"\/casas-rurales\/valencia\">Alojamientos rurales en Valencia<\/a><\/div>\n<\/div>\n\n\n\n<h2 class=\"wp-block-heading\" id=\"h-el-origen-de-las-torres-humanas\"><strong>El origen de las torres humanas<\/strong><\/h2>\n\n\n\n<p>Seg\u00fan el escritor y periodista Maximiliano Thous, la \u201cmuixeranga\u201d naci\u00f3 el siglo XVII. As\u00ed lo consider\u00f3 tras hallar varias referencias a una cierto \u201cbaile valenciano\u201d que se interpretaba en <strong>festividades religiosas<\/strong> por toda la pen\u00ednsula, desde Madrid hasta Bilbao o el Corpus de Sevilla. El libro <em>Breu hist\u00f2ria dels castells i la muixeranga als Pa\u00efsos Catalans<\/em> de Jordi Bertran relata que la primera danza documentada hecha en Catalu\u00f1a fue en 1688 en Br\u00e0fim (Tarragona).<\/p>\n\n\n\n<p>La acogida fue tal que la ciudad de Tarragona celebr\u00f3 la entrada del rey Carlos III con este \u201cbaile de los valencianos\u201d. Poco a poco fue extendi\u00e9ndose a otros municipios de la zona. Los catalanes fueron un paso m\u00e1s all\u00e1 y, a finales del siglo XVIII, consiguieron hacer la <strong>primera torre humana de seis pisos<\/strong>. El impulso definitivo de la muixeranga por Catalu\u00f1a lleg\u00f3 a principios del siglo XX, cuando se produjo una emigraci\u00f3n masiva de valencianos al Delta del Ebro para plantar arroz.<\/p>\n\n\n\n<figure class=\"wp-block-image size-large\"><a href=\"https:\/\/www.escapadarural.com\/blog\/wp-content\/uploads\/2024\/11\/AdobeStock_459571173_Editorial_Use_Only-scaled-1.jpeg\"><img decoding=\"async\" src=\"https:\/\/www.escapadarural.com\/blog\/wp-content\/uploads\/2024\/10\/AdobeStock_459571173_Editorial_Use_Only-681x1024-8.jpeg\" alt=\"Monumento a la Muixeranga en Algemes\u00ed\" class=\"wp-image-81318\"\/><\/a><figcaption class=\"wp-element-caption\">Monumento a la Muixeranga en Algemes\u00ed. Por Laura Primo<\/figcaption><\/figure>\n\n\n\n<p>Adem\u00e1s de la t\u00e9cnica agr\u00edcola, exportaron su manera de cocinar, sus construcciones t\u00edpicas (las barracas) y sus danzas. Entonces <strong>se multiplicaron las agrupaciones de castellers<\/strong>, que apostaban m\u00e1s por la espectacularidad de la verticalidad. Conforme fueron perfeccionando la t\u00e9cnica, los catalanes <strong>llegaron hasta los diez pisos<\/strong>. De hecho, en Tarragona se celebra un importante concurso de <em>castells<\/em> cada dos a\u00f1os. En cambio, la muixeranga valenciana se ha mantenido como una representaci\u00f3n festiva, con su t\u00e9cnica primitiva y no competitiva.<\/p>\n\n\n\n<p>Tras un periodo de decadencia en el siglo XX, estas torres humanas han recobrado un nuevo impulso que perdura hasta la actualidad y que se debe, especialmente, al nacimiento de la <strong>Nova Muixeranga d\u2019Algemes\u00ed en 1997<\/strong>. Era la primera del pueblo que incorporaba mujeres, un camino contra la discriminaci\u00f3n que hab\u00eda abierto de forma pionera la muixeranga el <em>Ball dels Locos<\/em> de la cercana L\u2019Olleria un a\u00f1o antes. En la actualidad, las mujeres y las ni\u00f1as son habituales en la mayor\u00eda de las agrupaciones.<\/p>\n\n\n\n<blockquote class=\"wp-block-quote is-layout-flow wp-block-quote-is-layout-flow\">\n<p>El nacimiento de la Nova Muixeranga d\u2019Algemes\u00ed en 1997, la primera del pueblo que incorporaba mujeres, supuso un impulso a este baile tradicional<\/p>\n<\/blockquote>\n\n\n\n<p>Hoy las <strong>torres humanas, muixerangas y <em>castells<\/em><\/strong>, son todo un ejemplo de manifestaci\u00f3n cultural que est\u00e1 a caballo entre la tradici\u00f3n y el deporte. Sus representaciones, con menor o mayor espectacularidad, son todo un ejemplo de esfuerzo, de superaci\u00f3n y, sobre todo, de trabajo en equipo. Las collas o agrupaciones suelen estar abiertas a todo el mundo: no importa origen ni edad de las personas, ya que hay un papel para todos, \u00a1hasta para el ni\u00f1o o la ni\u00f1a que corona la torre humana!<\/p>\n\n\n\n<figure class=\"wp-block-image size-full\"><a href=\"https:\/\/www.escapadarural.com\/blog\/wp-content\/uploads\/2024\/10\/Placa_major_dAlgemesi-7.jpg\"><img decoding=\"async\" src=\"https:\/\/www.escapadarural.com\/blog\/wp-content\/uploads\/2024\/10\/Placa_major_dAlgemesi-7.jpg\" alt=\"Plaza Major de Algemes\u00ed\" class=\"wp-image-81319\"\/><\/a><figcaption class=\"wp-element-caption\">Plaza Major de Algemes\u00ed. Por <a href=\"https:\/\/es.m.wikipedia.org\/wiki\/Archivo:Pla%C3%A7a_major_d%27Algemes%C3%AD.jpg\" target=\"_blank\" rel=\"noreferrer noopener nofollow\">Altorrijos<\/a><\/figcaption><\/figure>\n\n\n\n<p>Es habitual ver una muixeranga en muchas fiestas valencianas e, incluso, al t\u00e9rmino de manifestaciones reivindicativas. Eso s\u00ed, <strong>la m\u00e1s emblem\u00e1tica sigue siendo la de Algemes\u00ed<\/strong>, donde van acompa\u00f1adas de otros bailes como <em>Els Bastonets<\/em>, <em>La Carxofa<\/em>, <em>Les Pastoretes<\/em>, <em>Les Llauradores<\/em> y <em>Els Tornejants<\/em>. Entremezcla tradiciones de las culturas que han poblado el lugar, desde la jud\u00eda hasta la romana, cristiana y musulmana, y es un verdadero espect\u00e1culo visual de danza, m\u00fasica y colorida indumentaria.<\/p>\n\n\n\n<p>\u00bfTe animas a conocerla? Siempre puedes adentrarte en la historia, indumentaria y m\u00fasica de esta celebraci\u00f3n en el Museu Valenci\u00e0 de la Festa, ubicado en un edificio renacentista.<\/p>\n\n\n\n<h2 class=\"wp-block-heading\" id=\"h-que-ver-en-algemesi\"><strong>\u00bfQu\u00e9 ver en Algemes\u00ed?<\/strong><\/h2>\n\n\n\n<p>Si pasas por el pueblo de la muixeranga m\u00e1s reconocida, no debes dejar de visitar su amplio patrimonio hist\u00f3rico. En \u00e9l destaca la bas\u00edlica de San Jaime Ap\u00f3stol, un gran conjunto arquitect\u00f3nico que integra varios templos y que est\u00e1 declarado <strong>Monumento Hist\u00f3rico Art\u00edstico Nacional<\/strong>.<\/p>\n\n\n\n<p>Otro punto de inter\u00e9s es la <strong>casa de la Se\u00f1ora Pepa<\/strong>, un espacio conventual muy conocido en el que est\u00e1 el pozo (o \u201cpouet\u201d, como dicen en valenciano) de la Mare de D\u00e9u. Por cierto, fue en la capilla de la Troballa (hallazgo) de Algemes\u00ed donde dicen que se encontr\u00f3 la imagen de la Mare de D\u00e9u de la Salut, a quien se dedican la fiestas del pueblo.<\/p>\n\n\n\n<p>Algemes\u00ed tiene un importante patrimonio arquitect\u00f3nico, cultural y festivo, pero tambi\u00e9n un entorno natural que vale la pena conocer. Y es que este pueblo que est\u00e1 entre las comarcas de la Ribera Alta y Ribera Baja presenta un paisaje agrario que no pod\u00eda ser m\u00e1s valenciano, entre campos de naranjos, caquis y los arrozales del <a href=\"\/casas-rurales\/l-albufera-valenciana\">Parque Natural de l\u2019Albufera<\/a>.<\/p>\n\n\n\n<p>En el t\u00e9rmino municipal de Algemes\u00ed est\u00e1 la <strong>Llacuna del Samaruc de l\u2019Albufera<\/strong>, un tesoro poco conocido a solo 10 kil\u00f3metros del casco urbano y en el que se puede hacer a pie o en bici una sencilla Ruta Ambiental y Saludable que est\u00e1 se\u00f1alizada. Lo m\u00e1s destacable de este espacio es poder <strong>contemplar el <em>samaruc<\/em><\/strong>, un peque\u00f1o pez de agua dulce que es todo un s\u00edmbolo de este enclave valenciano; se mueve entre nen\u00fafares que est\u00e1n a la sombra de sauces, olmos, chopos y otras especies. Se hacen visitas guiadas.<\/p>\n\n\n\n<p>Otro destino natural de inter\u00e9s en Algemes\u00ed es el paraje de <strong>la Xopera<\/strong>, un bonito bosque de ribera con una rica vegetaci\u00f3n y una zona l\u00fadica y de ocio con merenderos, bar, columpios y hasta una tirolina de 20 metros. Adem\u00e1s, se puede practicar pirag\u00fcismo en la confluencia del r\u00edo Magro con el r\u00edo J\u00facar. Un buen lugar para ir a pasar el d\u00eda.<\/p>\n","protected":false},"excerpt":{"rendered":"<p>El pueblo valenciano de Algemes\u00ed destaca por la Muixeranga, una danza que es el origen de los \u201ccastells\u201d catalanes<\/p>\n","protected":false},"author":123,"featured_media":89119,"comment_status":"open","ping_status":"open","sticky":false,"template":"","format":"standard","meta":{"_acf_changed":false,"om_disable_all_campaigns":false,"footnotes":""},"categories":[231],"tags":[5852,5853,469,821,5854,602],"class_list":["post-81315","post","type-post","status-publish","format-standard","has-post-thumbnail","hentry","category-arte-y-cultura","tag-algemesi","tag-castellers","tag-que-ver-en-la-comunidad-valenciana","tag-fiestas","tag-muixeranga","tag-que-ver-en-valencia"],"acf":[],"featured_image_src":"https:\/\/www.escapadarural.com\/blog\/wp-content\/uploads\/2024\/10\/1200px-Algemesi_MDS_-_Nova_Muixeranga_02-1024x683-8.jpg","author_info":{"display_name":"Raquel Andr\u00e9s","author_link":"https:\/\/www.escapadarural.com\/blog\/autor\/raquel\/"},"yoast_head":"<!-- This site is optimized with the Yoast SEO plugin v27.5 - https:\/\/yoast.com\/product\/yoast-seo-wordpress\/ -->\n<title>La Muixeranga de Algemes\u00ed, el \u2018baile valenciano\u2019 del que nacieron los \u201ccastellers\u201d - EscapadaRural<\/title>\n<meta name=\"robots\" content=\"index, follow, max-snippet:-1, max-image-preview:large, max-video-preview:-1\" \/>\n<link rel=\"canonical\" href=\"https:\/\/www.escapadarural.com\/blog\/muixeranga-algemesi-baile-castellers\/\" \/>\n<meta property=\"og:locale\" content=\"es_ES\" \/>\n<meta property=\"og:type\" content=\"article\" \/>\n<meta property=\"og:title\" content=\"La Muixeranga de Algemes\u00ed, el \u2018baile valenciano\u2019 del que nacieron los \u201ccastellers\u201d - EscapadaRural\" \/>\n<meta property=\"og:description\" content=\"El pueblo valenciano de Algemes\u00ed destaca por la Muixeranga, una danza que es el origen de los \u201ccastells\u201d catalanes\" \/>\n<meta property=\"og:url\" content=\"https:\/\/www.escapadarural.com\/blog\/muixeranga-algemesi-baile-castellers\/\" \/>\n<meta property=\"og:site_name\" content=\"Magazine de viajes de EscapadaRural\" \/>\n<meta property=\"article:publisher\" content=\"https:\/\/www.facebook.com\/escapadarural\" \/>\n<meta property=\"article:published_time\" content=\"2024-09-14T07:00:00+00:00\" \/>\n<meta property=\"article:modified_time\" content=\"2025-05-26T11:32:36+00:00\" \/>\n<meta property=\"og:image\" content=\"https:\/\/app.escapadarural.com\/blog\/wp-content\/uploads\/2024\/10\/1200px-Algemesi_MDS_-_Nova_Muixeranga_02-1024x683-8.jpg\" \/>\n\t<meta property=\"og:image:width\" content=\"1024\" \/>\n\t<meta property=\"og:image:height\" content=\"683\" \/>\n\t<meta property=\"og:image:type\" content=\"image\/jpeg\" \/>\n<meta name=\"author\" content=\"Raquel Andr\u00e9s\" \/>\n<meta name=\"twitter:card\" content=\"summary_large_image\" \/>\n<meta name=\"twitter:label1\" content=\"Escrito por\" \/>\n\t<meta name=\"twitter:data1\" content=\"Raquel Andr\u00e9s\" \/>\n\t<meta name=\"twitter:label2\" content=\"Tiempo de lectura\" \/>\n\t<meta name=\"twitter:data2\" content=\"6 minutos\" \/>\n<script type=\"application\/ld+json\" class=\"yoast-schema-graph\">{\"@context\":\"https:\\\/\\\/schema.org\",\"@graph\":[{\"@type\":\"Article\",\"@id\":\"https:\\\/\\\/www.escapadarural.com\\\/blog\\\/muixeranga-algemesi-baile-castellers\\\/#article\",\"isPartOf\":{\"@id\":\"https:\\\/\\\/www.escapadarural.com\\\/blog\\\/muixeranga-algemesi-baile-castellers\\\/\"},\"author\":{\"name\":\"Raquel Andr\u00e9s\",\"@id\":\"https:\\\/\\\/www.escapadarural.com\\\/blog\\\/#\\\/schema\\\/person\\\/67be061eb00d8315fa8642e01b88c894\"},\"headline\":\"La Muixeranga de Algemes\u00ed, el \u2018baile valenciano\u2019 del que nacieron los \u201ccastellers\u201d\",\"datePublished\":\"2024-09-14T07:00:00+00:00\",\"dateModified\":\"2025-05-26T11:32:36+00:00\",\"mainEntityOfPage\":{\"@id\":\"https:\\\/\\\/www.escapadarural.com\\\/blog\\\/muixeranga-algemesi-baile-castellers\\\/\"},\"wordCount\":1119,\"commentCount\":0,\"publisher\":{\"@id\":\"https:\\\/\\\/www.escapadarural.com\\\/blog\\\/#organization\"},\"image\":{\"@id\":\"https:\\\/\\\/www.escapadarural.com\\\/blog\\\/muixeranga-algemesi-baile-castellers\\\/#primaryimage\"},\"thumbnailUrl\":\"https:\\\/\\\/www.escapadarural.com\\\/blog\\\/wp-content\\\/uploads\\\/2024\\\/10\\\/1200px-Algemesi_MDS_-_Nova_Muixeranga_02-1024x683-8.jpg\",\"keywords\":[\"algemes\u00ed\",\"castellers\",\"Comunidad Valenciana\",\"Fiestas\",\"muixeranga\",\"Valencia\"],\"articleSection\":[\"Arte y Cultura\"],\"inLanguage\":\"es\",\"potentialAction\":[{\"@type\":\"CommentAction\",\"name\":\"Comment\",\"target\":[\"https:\\\/\\\/www.escapadarural.com\\\/blog\\\/muixeranga-algemesi-baile-castellers\\\/#respond\"]}]},{\"@type\":\"WebPage\",\"@id\":\"https:\\\/\\\/www.escapadarural.com\\\/blog\\\/muixeranga-algemesi-baile-castellers\\\/\",\"url\":\"https:\\\/\\\/www.escapadarural.com\\\/blog\\\/muixeranga-algemesi-baile-castellers\\\/\",\"name\":\"La Muixeranga de Algemes\u00ed, el \u2018baile valenciano\u2019 del que nacieron los \u201ccastellers\u201d - EscapadaRural\",\"isPartOf\":{\"@id\":\"https:\\\/\\\/www.escapadarural.com\\\/blog\\\/#website\"},\"primaryImageOfPage\":{\"@id\":\"https:\\\/\\\/www.escapadarural.com\\\/blog\\\/muixeranga-algemesi-baile-castellers\\\/#primaryimage\"},\"image\":{\"@id\":\"https:\\\/\\\/www.escapadarural.com\\\/blog\\\/muixeranga-algemesi-baile-castellers\\\/#primaryimage\"},\"thumbnailUrl\":\"https:\\\/\\\/www.escapadarural.com\\\/blog\\\/wp-content\\\/uploads\\\/2024\\\/10\\\/1200px-Algemesi_MDS_-_Nova_Muixeranga_02-1024x683-8.jpg\",\"datePublished\":\"2024-09-14T07:00:00+00:00\",\"dateModified\":\"2025-05-26T11:32:36+00:00\",\"breadcrumb\":{\"@id\":\"https:\\\/\\\/www.escapadarural.com\\\/blog\\\/muixeranga-algemesi-baile-castellers\\\/#breadcrumb\"},\"inLanguage\":\"es\",\"potentialAction\":[{\"@type\":\"ReadAction\",\"target\":[\"https:\\\/\\\/www.escapadarural.com\\\/blog\\\/muixeranga-algemesi-baile-castellers\\\/\"]}]},{\"@type\":\"ImageObject\",\"inLanguage\":\"es\",\"@id\":\"https:\\\/\\\/www.escapadarural.com\\\/blog\\\/muixeranga-algemesi-baile-castellers\\\/#primaryimage\",\"url\":\"https:\\\/\\\/www.escapadarural.com\\\/blog\\\/wp-content\\\/uploads\\\/2024\\\/10\\\/1200px-Algemesi_MDS_-_Nova_Muixeranga_02-1024x683-8.jpg\",\"contentUrl\":\"https:\\\/\\\/www.escapadarural.com\\\/blog\\\/wp-content\\\/uploads\\\/2024\\\/10\\\/1200px-Algemesi_MDS_-_Nova_Muixeranga_02-1024x683-8.jpg\",\"width\":1024,\"height\":683,\"caption\":\"Artistas ataviados con coloridos trajes a rayas rojas, verdes y blancas forman torres humanas frente a un hist\u00f3rico edificio de piedra con tallas ornamentales y estatuas sobre la entrada.\"},{\"@type\":\"BreadcrumbList\",\"@id\":\"https:\\\/\\\/www.escapadarural.com\\\/blog\\\/muixeranga-algemesi-baile-castellers\\\/#breadcrumb\",\"itemListElement\":[{\"@type\":\"ListItem\",\"position\":1,\"name\":\"Inicio\",\"item\":\"https:\\\/\\\/www.escapadarural.com\\\/blog\\\/\"},{\"@type\":\"ListItem\",\"position\":2,\"name\":\"Arte y Cultura\",\"item\":\"https:\\\/\\\/www.escapadarural.com\\\/blog\\\/categoria\\\/arte-y-cultura\\\/\"},{\"@type\":\"ListItem\",\"position\":3,\"name\":\"La Muixeranga de Algemes\u00ed, el \u2018baile valenciano\u2019 del que nacieron los \u201ccastellers\u201d\"}]},{\"@type\":\"WebSite\",\"@id\":\"https:\\\/\\\/www.escapadarural.com\\\/blog\\\/#website\",\"url\":\"https:\\\/\\\/www.escapadarural.com\\\/blog\\\/\",\"name\":\"Blog de viajes | turismo rural, alojamientos e inspiraci\u00f3n\",\"description\":\"Alojamientos rurales e inspiraci\u00f3n para tus escapadas\",\"publisher\":{\"@id\":\"https:\\\/\\\/www.escapadarural.com\\\/blog\\\/#organization\"},\"alternateName\":\"Magazine de viajes de EscapadaRural\",\"potentialAction\":[{\"@type\":\"SearchAction\",\"target\":{\"@type\":\"EntryPoint\",\"urlTemplate\":\"https:\\\/\\\/www.escapadarural.com\\\/blog\\\/?s={search_term_string}\"},\"query-input\":{\"@type\":\"PropertyValueSpecification\",\"valueRequired\":true,\"valueName\":\"search_term_string\"}}],\"inLanguage\":\"es\"},{\"@type\":\"Organization\",\"@id\":\"https:\\\/\\\/www.escapadarural.com\\\/blog\\\/#organization\",\"name\":\"EscapadaRural\",\"url\":\"https:\\\/\\\/www.escapadarural.com\\\/blog\\\/\",\"logo\":{\"@type\":\"ImageObject\",\"inLanguage\":\"es\",\"@id\":\"https:\\\/\\\/www.escapadarural.com\\\/blog\\\/#\\\/schema\\\/logo\\\/image\\\/\",\"url\":\"https:\\\/\\\/www.escapadarural.com\\\/blog\\\/wp-content\\\/uploads\\\/2024\\\/10\\\/cropped-cropped-escapada-rural-icon-mag-3.png\",\"contentUrl\":\"https:\\\/\\\/www.escapadarural.com\\\/blog\\\/wp-content\\\/uploads\\\/2024\\\/10\\\/cropped-cropped-escapada-rural-icon-mag-3.png\",\"width\":512,\"height\":512,\"caption\":\"EscapadaRural\"},\"image\":{\"@id\":\"https:\\\/\\\/www.escapadarural.com\\\/blog\\\/#\\\/schema\\\/logo\\\/image\\\/\"},\"sameAs\":[\"https:\\\/\\\/www.facebook.com\\\/escapadarural\",\"https:\\\/\\\/www.instagram.com\\\/escapadarural\\\/\",\"https:\\\/\\\/www.youtube.com\\\/@escapadaruralcom\"]},{\"@type\":\"Person\",\"@id\":\"https:\\\/\\\/www.escapadarural.com\\\/blog\\\/#\\\/schema\\\/person\\\/67be061eb00d8315fa8642e01b88c894\",\"name\":\"Raquel Andr\u00e9s\",\"image\":{\"@type\":\"ImageObject\",\"inLanguage\":\"es\",\"@id\":\"https:\\\/\\\/secure.gravatar.com\\\/avatar\\\/b45840531462f3cafb335a9fc5c0bfda2c07c3df4b82b304b923526b85cc6cb5?s=96&d=mm&r=g\",\"url\":\"https:\\\/\\\/secure.gravatar.com\\\/avatar\\\/b45840531462f3cafb335a9fc5c0bfda2c07c3df4b82b304b923526b85cc6cb5?s=96&d=mm&r=g\",\"contentUrl\":\"https:\\\/\\\/secure.gravatar.com\\\/avatar\\\/b45840531462f3cafb335a9fc5c0bfda2c07c3df4b82b304b923526b85cc6cb5?s=96&d=mm&r=g\",\"caption\":\"Raquel Andr\u00e9s\"},\"description\":\"Periodista y aventurera. Me has podido leer en Escapada Rural, Diari Nosaltres La Veu, La Vanguardia, El Salto y otros medios. Habitante y amante de las zonas rurales, sea cual sea el destino. Procuro escaparme una vez por semana con las botas de monta\u00f1a, el arn\u00e9s o el neopreno. Tambi\u00e9n soy un intento de baserritarra.\",\"url\":\"https:\\\/\\\/www.escapadarural.com\\\/blog\\\/autor\\\/raquel\\\/\"}]}<\/script>\n<!-- \/ Yoast SEO plugin. -->","yoast_head_json":{"title":"La Muixeranga de Algemes\u00ed, el \u2018baile valenciano\u2019 del que nacieron los \u201ccastellers\u201d - EscapadaRural","robots":{"index":"index","follow":"follow","max-snippet":"max-snippet:-1","max-image-preview":"max-image-preview:large","max-video-preview":"max-video-preview:-1"},"canonical":"https:\/\/www.escapadarural.com\/blog\/muixeranga-algemesi-baile-castellers\/","og_locale":"es_ES","og_type":"article","og_title":"La Muixeranga de Algemes\u00ed, el \u2018baile valenciano\u2019 del que nacieron los \u201ccastellers\u201d - EscapadaRural","og_description":"El pueblo valenciano de Algemes\u00ed destaca por la Muixeranga, una danza que es el origen de los \u201ccastells\u201d catalanes","og_url":"https:\/\/www.escapadarural.com\/blog\/muixeranga-algemesi-baile-castellers\/","og_site_name":"Magazine de viajes de EscapadaRural","article_publisher":"https:\/\/www.facebook.com\/escapadarural","article_published_time":"2024-09-14T07:00:00+00:00","article_modified_time":"2025-05-26T11:32:36+00:00","og_image":[{"width":1024,"height":683,"url":"https:\/\/app.escapadarural.com\/blog\/wp-content\/uploads\/2024\/10\/1200px-Algemesi_MDS_-_Nova_Muixeranga_02-1024x683-8.jpg","type":"image\/jpeg"}],"author":"Raquel Andr\u00e9s","twitter_card":"summary_large_image","twitter_misc":{"Escrito por":"Raquel Andr\u00e9s","Tiempo de lectura":"6 minutos"},"schema":{"@context":"https:\/\/schema.org","@graph":[{"@type":"Article","@id":"https:\/\/www.escapadarural.com\/blog\/muixeranga-algemesi-baile-castellers\/#article","isPartOf":{"@id":"https:\/\/www.escapadarural.com\/blog\/muixeranga-algemesi-baile-castellers\/"},"author":{"name":"Raquel Andr\u00e9s","@id":"https:\/\/www.escapadarural.com\/blog\/#\/schema\/person\/67be061eb00d8315fa8642e01b88c894"},"headline":"La Muixeranga de Algemes\u00ed, el \u2018baile valenciano\u2019 del que nacieron los \u201ccastellers\u201d","datePublished":"2024-09-14T07:00:00+00:00","dateModified":"2025-05-26T11:32:36+00:00","mainEntityOfPage":{"@id":"https:\/\/www.escapadarural.com\/blog\/muixeranga-algemesi-baile-castellers\/"},"wordCount":1119,"commentCount":0,"publisher":{"@id":"https:\/\/www.escapadarural.com\/blog\/#organization"},"image":{"@id":"https:\/\/www.escapadarural.com\/blog\/muixeranga-algemesi-baile-castellers\/#primaryimage"},"thumbnailUrl":"https:\/\/www.escapadarural.com\/blog\/wp-content\/uploads\/2024\/10\/1200px-Algemesi_MDS_-_Nova_Muixeranga_02-1024x683-8.jpg","keywords":["algemes\u00ed","castellers","Comunidad Valenciana","Fiestas","muixeranga","Valencia"],"articleSection":["Arte y Cultura"],"inLanguage":"es","potentialAction":[{"@type":"CommentAction","name":"Comment","target":["https:\/\/www.escapadarural.com\/blog\/muixeranga-algemesi-baile-castellers\/#respond"]}]},{"@type":"WebPage","@id":"https:\/\/www.escapadarural.com\/blog\/muixeranga-algemesi-baile-castellers\/","url":"https:\/\/www.escapadarural.com\/blog\/muixeranga-algemesi-baile-castellers\/","name":"La Muixeranga de Algemes\u00ed, el \u2018baile valenciano\u2019 del que nacieron los \u201ccastellers\u201d - EscapadaRural","isPartOf":{"@id":"https:\/\/www.escapadarural.com\/blog\/#website"},"primaryImageOfPage":{"@id":"https:\/\/www.escapadarural.com\/blog\/muixeranga-algemesi-baile-castellers\/#primaryimage"},"image":{"@id":"https:\/\/www.escapadarural.com\/blog\/muixeranga-algemesi-baile-castellers\/#primaryimage"},"thumbnailUrl":"https:\/\/www.escapadarural.com\/blog\/wp-content\/uploads\/2024\/10\/1200px-Algemesi_MDS_-_Nova_Muixeranga_02-1024x683-8.jpg","datePublished":"2024-09-14T07:00:00+00:00","dateModified":"2025-05-26T11:32:36+00:00","breadcrumb":{"@id":"https:\/\/www.escapadarural.com\/blog\/muixeranga-algemesi-baile-castellers\/#breadcrumb"},"inLanguage":"es","potentialAction":[{"@type":"ReadAction","target":["https:\/\/www.escapadarural.com\/blog\/muixeranga-algemesi-baile-castellers\/"]}]},{"@type":"ImageObject","inLanguage":"es","@id":"https:\/\/www.escapadarural.com\/blog\/muixeranga-algemesi-baile-castellers\/#primaryimage","url":"https:\/\/www.escapadarural.com\/blog\/wp-content\/uploads\/2024\/10\/1200px-Algemesi_MDS_-_Nova_Muixeranga_02-1024x683-8.jpg","contentUrl":"https:\/\/www.escapadarural.com\/blog\/wp-content\/uploads\/2024\/10\/1200px-Algemesi_MDS_-_Nova_Muixeranga_02-1024x683-8.jpg","width":1024,"height":683,"caption":"Artistas ataviados con coloridos trajes a rayas rojas, verdes y blancas forman torres humanas frente a un hist\u00f3rico edificio de piedra con tallas ornamentales y estatuas sobre la entrada."},{"@type":"BreadcrumbList","@id":"https:\/\/www.escapadarural.com\/blog\/muixeranga-algemesi-baile-castellers\/#breadcrumb","itemListElement":[{"@type":"ListItem","position":1,"name":"Inicio","item":"https:\/\/www.escapadarural.com\/blog\/"},{"@type":"ListItem","position":2,"name":"Arte y Cultura","item":"https:\/\/www.escapadarural.com\/blog\/categoria\/arte-y-cultura\/"},{"@type":"ListItem","position":3,"name":"La Muixeranga de Algemes\u00ed, el \u2018baile valenciano\u2019 del que nacieron los \u201ccastellers\u201d"}]},{"@type":"WebSite","@id":"https:\/\/www.escapadarural.com\/blog\/#website","url":"https:\/\/www.escapadarural.com\/blog\/","name":"Blog de viajes | turismo rural, alojamientos e inspiraci\u00f3n","description":"Alojamientos rurales e inspiraci\u00f3n para tus escapadas","publisher":{"@id":"https:\/\/www.escapadarural.com\/blog\/#organization"},"alternateName":"Magazine de viajes de EscapadaRural","potentialAction":[{"@type":"SearchAction","target":{"@type":"EntryPoint","urlTemplate":"https:\/\/www.escapadarural.com\/blog\/?s={search_term_string}"},"query-input":{"@type":"PropertyValueSpecification","valueRequired":true,"valueName":"search_term_string"}}],"inLanguage":"es"},{"@type":"Organization","@id":"https:\/\/www.escapadarural.com\/blog\/#organization","name":"EscapadaRural","url":"https:\/\/www.escapadarural.com\/blog\/","logo":{"@type":"ImageObject","inLanguage":"es","@id":"https:\/\/www.escapadarural.com\/blog\/#\/schema\/logo\/image\/","url":"https:\/\/www.escapadarural.com\/blog\/wp-content\/uploads\/2024\/10\/cropped-cropped-escapada-rural-icon-mag-3.png","contentUrl":"https:\/\/www.escapadarural.com\/blog\/wp-content\/uploads\/2024\/10\/cropped-cropped-escapada-rural-icon-mag-3.png","width":512,"height":512,"caption":"EscapadaRural"},"image":{"@id":"https:\/\/www.escapadarural.com\/blog\/#\/schema\/logo\/image\/"},"sameAs":["https:\/\/www.facebook.com\/escapadarural","https:\/\/www.instagram.com\/escapadarural\/","https:\/\/www.youtube.com\/@escapadaruralcom"]},{"@type":"Person","@id":"https:\/\/www.escapadarural.com\/blog\/#\/schema\/person\/67be061eb00d8315fa8642e01b88c894","name":"Raquel Andr\u00e9s","image":{"@type":"ImageObject","inLanguage":"es","@id":"https:\/\/secure.gravatar.com\/avatar\/b45840531462f3cafb335a9fc5c0bfda2c07c3df4b82b304b923526b85cc6cb5?s=96&d=mm&r=g","url":"https:\/\/secure.gravatar.com\/avatar\/b45840531462f3cafb335a9fc5c0bfda2c07c3df4b82b304b923526b85cc6cb5?s=96&d=mm&r=g","contentUrl":"https:\/\/secure.gravatar.com\/avatar\/b45840531462f3cafb335a9fc5c0bfda2c07c3df4b82b304b923526b85cc6cb5?s=96&d=mm&r=g","caption":"Raquel Andr\u00e9s"},"description":"Periodista y aventurera. Me has podido leer en Escapada Rural, Diari Nosaltres La Veu, La Vanguardia, El Salto y otros medios. Habitante y amante de las zonas rurales, sea cual sea el destino. Procuro escaparme una vez por semana con las botas de monta\u00f1a, el arn\u00e9s o el neopreno. Tambi\u00e9n soy un intento de baserritarra.","url":"https:\/\/www.escapadarural.com\/blog\/autor\/raquel\/"}]}},"_links":{"self":[{"href":"https:\/\/www.escapadarural.com\/blog\/wp-json\/wp\/v2\/posts\/81315","targetHints":{"allow":["GET"]}}],"collection":[{"href":"https:\/\/www.escapadarural.com\/blog\/wp-json\/wp\/v2\/posts"}],"about":[{"href":"https:\/\/www.escapadarural.com\/blog\/wp-json\/wp\/v2\/types\/post"}],"author":[{"embeddable":true,"href":"https:\/\/www.escapadarural.com\/blog\/wp-json\/wp\/v2\/users\/123"}],"replies":[{"embeddable":true,"href":"https:\/\/www.escapadarural.com\/blog\/wp-json\/wp\/v2\/comments?post=81315"}],"version-history":[{"count":0,"href":"https:\/\/www.escapadarural.com\/blog\/wp-json\/wp\/v2\/posts\/81315\/revisions"}],"wp:featuredmedia":[{"embeddable":true,"href":"https:\/\/www.escapadarural.com\/blog\/wp-json\/wp\/v2\/media\/89119"}],"wp:attachment":[{"href":"https:\/\/www.escapadarural.com\/blog\/wp-json\/wp\/v2\/media?parent=81315"}],"wp:term":[{"taxonomy":"category","embeddable":true,"href":"https:\/\/www.escapadarural.com\/blog\/wp-json\/wp\/v2\/categories?post=81315"},{"taxonomy":"post_tag","embeddable":true,"href":"https:\/\/www.escapadarural.com\/blog\/wp-json\/wp\/v2\/tags?post=81315"}],"curies":[{"name":"wp","href":"https:\/\/api.w.org\/{rel}","templated":true}]}}