{"id":81409,"date":"2024-09-08T08:00:00","date_gmt":"2024-09-08T07:00:00","guid":{"rendered":"https:\/\/www.escapadarural.com\/blog\/?p=81409"},"modified":"2025-12-10T11:37:47","modified_gmt":"2025-12-10T10:37:47","slug":"ruta-del-hayacorva-parque-saja-besaya","status":"publish","type":"post","link":"https:\/\/www.escapadarural.com\/blog\/ruta-del-hayacorva-parque-saja-besaya\/","title":{"rendered":"Ruta del Hayacorva, un paseo por el Parque Natural Saja-Besaya de Cantabria"},"content":{"rendered":"\n<p>El <a href=\"\/casas-rurales\/saja-besaya\"><strong>Parque Natural Saja-Besaya<\/strong><\/a> es un paraje verde de 24.500 hect\u00e1reas situado en la zona&nbsp;centro-occidental de Cantabria. Ese enorme pulm\u00f3n se puede recorrer a pie siguiendo diferentes caminos entre \u00e1rboles y vegetaci\u00f3n. Uno de los m\u00e1s asequibles es <strong>la ruta del Hayacorva<\/strong>, que transita el sector nordeste del parque a trav\u00e9s de pistas forestales. Se trata de un plan de senderismo perfecto para los aficionados a la bot\u00e1nica y la naturaleza en general.<\/p>\n\n\n\n<div class=\"wp-block-buttons is-layout-flex wp-block-buttons-is-layout-flex\">\n<div class=\"wp-block-button\"><a class=\"wp-block-button__link wp-element-button\" href=\"\/casas-rurales\/cantabria\">Alojamientos rurales en Cantabria<\/a><\/div>\n<\/div>\n\n\n\n<h2 class=\"wp-block-heading\" id=\"h-ruta-del-hayacorva\">Ruta del Hayacorva<\/h2>\n\n\n\n<p>La ruta, que es circular, tiene un recorrido de 13 kil\u00f3metros y una duraci\u00f3n de cuatro horas ida y vuelta, siempre por pistas forestales. El desnivel de <strong>ascenso y descenso es de 417 metros<\/strong>. La dificultad es f\u00e1cil-media, ya que en algunos tramos la pista puede ser un poco resbaladiza, aunque con el calzado adecuado no deber\u00eda haber demasiado problema. Como siempre, hay que tener en cuenta que se necesita ropa apta para el senderismo y agua suficiente.<\/p>\n\n\n<div style=\"background-color: #dff0d8; color: #3c763d; border-left-color: #3c763d; \" class=\"ub-styled-box ub-notification-box wp-block-ub-styled-box\" id=\"ub-styled-box-6607e1ae-3202-450d-a4d2-7ae6ba8da113\">\n<p id=\"ub-styled-box-notification-content-\">Longitud: 13 kil\u00f3metros<\/p>\n\n\n\n<p>Dificultad: media<\/p>\n\n\n\n<p>Tipo de ruta: circular<\/p>\n\n\n<\/div>\n\n\n<p>El \u00e1rea recreativa Casa del Monte, cercana al pueblo <a href=\"\/casas-rurales\/ucieda-de-arriba\" data-type=\"link\" data-id=\"https:\/\/www.escapadarural.com\/casas-rurales?l=ucieda-de-arriba\"><strong>Ucieda<\/strong><\/a>, es el punto de inicio de la ruta a pie (aunque se puede avanzar con el coche un poco m\u00e1s). El camino tira hacia el este e inicialmente se atraviesa un espacio que se llama Casa del T\u00edo Mero antes de llegar al cruce de caminos. All\u00ed se toma el de la izquierda y se inicia la ascensi\u00f3n, que es f\u00e1cil de superar.<\/p>\n\n\n\n<p>Una vez <strong>recorridos unos cuatro kil\u00f3metros<\/strong>, el camino se allana ligeramente y el bosque deja ver partes de los Picos de Europa. Al continuar el camino se llega a una nueva bifurcaci\u00f3n y se ha de escoger la senda de la izquierda hacia el refugio de Urizosas si se quiere continuar la ruta y llegar al pie del Alto del Toral (la cumbre m\u00e1s elevada de los montes de Ucieda), el punto m\u00e1s alto del recorrido. La de la derecha se dirige de nuevo hacia el punto de partida.<\/p>\n\n\n\n<figure class=\"wp-block-image size-full\"><img decoding=\"async\" src=\"https:\/\/www.escapadarural.com\/blog\/wp-content\/uploads\/2024\/10\/AdobeStock_408670760_WP_02-2.webp\" alt=\"R\u00edo Bayones, Uceda\" class=\"wp-image-82148\"\/><figcaption class=\"wp-element-caption\">R\u00edo Bayones, Uceda. Por IV\u00c1N VIEITO GARC\u00cdA<\/figcaption><\/figure>\n\n\n\n<p>Quien haya decidido caminar hacia la izquierda se encontrar\u00e1 con el mencionado refugio (que, si no han cambiado las cosas, no est\u00e1 en buen estado) y la base del Toral. Desde ah\u00ed se inicia el descenso hasta la Casa del Monte, el lugar perfecto para relajarse y reponer fuerzas despu\u00e9s de la caminata.<\/p>\n\n\n\n<div class=\"wp-block-buttons is-layout-flex wp-block-buttons-is-layout-flex\">\n<div class=\"wp-block-button\"><a class=\"wp-block-button__link wp-element-button\" href=\"\/casas-rurales\/ucieda-de-arriba\">Alojamientos rurales en Ucieda<\/a><\/div>\n<\/div>\n\n\n<h2 style=\"font-size: 21px;letter-spacing: 0px;text-transform: None;font-family: u0022PT Serifu0022, serif;font-weight: Normal;line-height: 31px\" class=\"ub_advanced_heading wp-block-ub-advanced-heading\" id=\"ub-advanced-heading-a2fa24b3-20a1-4631-b1df-d85a9022251e\" data-blockid=\"a2fa24b3-20a1-4631-b1df-d85a9022251e\">Flora y fauna en la ruta del Hayacorva<\/h2>\n\n\n<p>El Parque&nbsp;Natural&nbsp;Saja-Besaya se cre\u00f3 en 1988 para proteger el entorno y a todos los seres vivos que habitan en \u00e9l, animales y vegetales. Una gran parte est\u00e1 cubierta por <strong>bosques frondosos<\/strong> de diferentes especies, sobre todo robles y hayas. En el recorrido de la <a href=\"https:\/\/redcantabrarural.com\/wp-content\/uploads\/03-SAJA-HAYACORVA.pdf\" data-type=\"link\" data-id=\"https:\/\/redcantabrarural.com\/wp-content\/uploads\/03-SAJA-HAYACORVA.pdf\" target=\"_blank\" rel=\"noreferrer noopener nofollow\">ruta del Hayacorva<\/a> (PR-S112) se pueden ver formaciones de tojo y brezal, hayas y robles.&nbsp;<\/p>\n\n\n\n<figure class=\"wp-block-image size-large\"><img decoding=\"async\" src=\"https:\/\/www.escapadarural.com\/blog\/wp-content\/uploads\/2024\/10\/rana_saja_ucieda-1024x768-3.jpeg\" alt=\"\" class=\"wp-image-81464\"\/><figcaption class=\"wp-element-caption\">Rana bermeja en la Ruta del Hayacorva, Parque Natural del Saja-Besaya. Por Tolo.<\/figcaption><\/figure>\n\n\n\n<p>En cuanto a los <strong>animales que pueblan la zona<\/strong> hay aves como p\u00e1jaros carpinteros, pinzones, buitres leonados, mochuelos y lechuzas, entre otros. El grupo de los mam\u00edferos est\u00e1 representado por zorros, martas, erizos, tejones, corzos, venados y topos ib\u00e9ricos, aunque tambi\u00e9n se pueden encontrar ejemplares de gardu\u00f1as. Asimismo, hay anfibios como salamandras, sapos o tritones y reptiles como culebras de collar, lagartijas roqueras y v\u00edboras cant\u00e1bricas. En el r\u00edo Bayones, que fluye al lado de la ruta, la trucha com\u00fan es la reina.&nbsp;<\/p>\n\n\n<h2 style=\"font-size: 21px;letter-spacing: 0px;text-transform: None;font-family: u0022PT Serifu0022, serif;font-weight: Normal;line-height: 31px\" class=\"ub_advanced_heading wp-block-ub-advanced-heading\" id=\"ub-advanced-heading-cd5ceea3-b54d-4ef4-97f2-08a965dc3630\" data-blockid=\"cd5ceea3-b54d-4ef4-97f2-08a965dc3630\"><\/h2>\n\n\n<figure class=\"wp-block-image size-large\"><img decoding=\"async\" src=\"https:\/\/www.escapadarural.com\/blog\/wp-content\/uploads\/2024\/10\/iglesia_ucieda-1024x768-3.jpeg\" alt=\"\" class=\"wp-image-81462\"\/><figcaption class=\"wp-element-caption\">Iglesia de Ucieda. Por acaballero67.<\/figcaption><\/figure>\n\n\n\n<p>Un dato curioso al respecto de Ucieda, el pueblo relacionado con la ruta del Hayacorva, es que su gentilicio no se parece ni remotamente al nombre de la localidad. Sus vecinos son conocidos como garuyu\/os y garuya\/as, un nombre que posiblemente provenga del dialecto cabu\u00e9rnigo, ya que la localidad se encuentra en el <strong>valle de Cabu\u00e9rniga<\/strong>.<\/p>\n\n\n\n<p>Seg\u00fan el INE, en 2023 la poblaci\u00f3n de Ucieda era de 523 habitantes. El pueblo, pese a que no ocupa demasiado espacio, est\u00e1 dividido en cuatro barrios: barrio de Arriba, barrio de Abajo, La Cuesta y Meca. Adem\u00e1s, el r\u00edo de los Vados lo cruza. Su origen se remonta a la Edad Media y <strong>el bosque ha sido desde siempre esencial para su actividad<\/strong> (tanto para la construcci\u00f3n de casas y utensilios como para la alimentaci\u00f3n del ganado, por ejemplo).<\/p>\n\n\n\n<p>Pero m\u00e1s all\u00e1 de la naturaleza, <strong>Ucieda tiene un interesante patrimonio<\/strong> en forma de edificaciones. La m\u00e1s emblem\u00e1tica es la Casona de la Canal, que data del siglo XVII. Fue propiedad de la familia de Jos\u00e9 de La Canal, un religioso espa\u00f1ol que lleg\u00f3 a ser director de la Real Academia de la Historia en el siglo XIX, entre otros logros. De planta rectangular, dos pisos y tejado a dos aguas, est\u00e1 incluida en el Inventario General del patrimonio Cultural de Cantabria como Bien Inventariado.<\/p>\n\n\n\n<figure class=\"wp-block-image size-full\"><img decoding=\"async\" src=\"https:\/\/www.escapadarural.com\/blog\/wp-content\/uploads\/2024\/10\/AdobeStock_408670070_WP_01-2.webp\" alt=\"Ermita del Moral, Ucieda. \" class=\"wp-image-82149\"\/><figcaption class=\"wp-element-caption\">Ermita del Moral, Ucieda. Por IV\u00c1N VIEITO GARC\u00cdA<\/figcaption><\/figure>\n\n\n\n<p>Adem\u00e1s, hay otras m\u00e1s recientes que tambi\u00e9n son interesantes como la casa de Escagedo, del siglo XVIII, la de Mar\u00eda Blanchard, de la misma \u00e9poca y el palacio de Quir\u00f3s, del siglo XII, aunque no est\u00e1 muy bien conservada.<\/p>\n\n\n\n<p>En cuanto a las muestras de <strong>arquitectura sacra<\/strong> caben destacar la iglesia de San Juli\u00e1n y Santa Basilisa, del siglo XII y la ermita del Moral. Dentro del conjunto se incluye el humilladero de 1890 (\u201clugar devoto que suele haber a las entradas o salidas de los pueblos y junto a los caminos, con una cruz o imagen\u201d, dice la RAE) que est\u00e1 en la carretera que lleva al monte de Ucieda.<\/p>\n\n\n\n<p>Los amantes de las <strong>tradiciones gastron\u00f3micas<\/strong> tienen una cita en el pueblo el primer domingo del mes de septiembre, jornada en la que se celebra la <strong>fiesta del cocido monta\u00f1\u00e9s<\/strong>, plato t\u00edpico de la regi\u00f3n. Un d\u00eda que empieza con una ruta de senderismo y se completa con un buen plato de cuchara es un plan estupendo, sin duda.<\/p>\n","protected":false},"excerpt":{"rendered":"<p>La Ruta del Hayacorva recorre una parte del Parque Natural Saja-Besaya, uno de los pulmones de Cantabria.<\/p>\n","protected":false},"author":114,"featured_media":106379,"comment_status":"open","ping_status":"open","sticky":false,"template":"","format":"standard","meta":{"_acf_changed":false,"om_disable_all_campaigns":false,"footnotes":""},"categories":[1379],"tags":[224,5837,866,5838,5839],"class_list":["post-81409","post","type-post","status-publish","format-standard","has-post-thumbnail","hentry","category-rutas-y-excursiones","tag-que-ver-en-cantabria","tag-parque-natural-saja-besaya","tag-parques-naturales","tag-ruta-del-hayacorva","tag-ucieda"],"acf":[],"featured_image_src":"https:\/\/www.escapadarural.com\/blog\/wp-content\/uploads\/2024\/09\/saja_ucieda-585x585.jpeg.webp","author_info":{"display_name":"Carmen L\u00f3pez","author_link":"https:\/\/www.escapadarural.com\/blog\/autor\/carmenlopez\/"},"yoast_head":"<!-- This site is optimized with the Yoast SEO plugin v27.5 - https:\/\/yoast.com\/product\/yoast-seo-wordpress\/ -->\n<title>Ruta del Hayacorva, un paseo por el Parque Natural Saja-Besaya de Cantabria - EscapadaRural<\/title>\n<meta name=\"robots\" content=\"index, follow, max-snippet:-1, max-image-preview:large, max-video-preview:-1\" \/>\n<link rel=\"canonical\" href=\"https:\/\/www.escapadarural.com\/blog\/ruta-del-hayacorva-parque-saja-besaya\/\" \/>\n<meta property=\"og:locale\" content=\"es_ES\" \/>\n<meta property=\"og:type\" content=\"article\" \/>\n<meta property=\"og:title\" content=\"Ruta del Hayacorva, un paseo por el Parque Natural Saja-Besaya de Cantabria - EscapadaRural\" \/>\n<meta property=\"og:description\" content=\"La Ruta del Hayacorva recorre una parte del Parque Natural Saja-Besaya, uno de los pulmones de Cantabria.\" \/>\n<meta property=\"og:url\" content=\"https:\/\/www.escapadarural.com\/blog\/ruta-del-hayacorva-parque-saja-besaya\/\" \/>\n<meta property=\"og:site_name\" content=\"Magazine de viajes de EscapadaRural\" \/>\n<meta property=\"article:publisher\" content=\"https:\/\/www.facebook.com\/escapadarural\" \/>\n<meta property=\"article:published_time\" content=\"2024-09-08T07:00:00+00:00\" \/>\n<meta property=\"article:modified_time\" content=\"2025-12-10T10:37:47+00:00\" \/>\n<meta property=\"og:image\" content=\"https:\/\/www.escapadarural.com\/blog\/wp-content\/uploads\/2024\/09\/saja_ucieda-585x585.jpeg.webp?v=1765363067\" \/>\n\t<meta property=\"og:image:width\" content=\"585\" \/>\n\t<meta property=\"og:image:height\" content=\"585\" \/>\n\t<meta property=\"og:image:type\" content=\"image\/webp\" \/>\n<meta name=\"author\" content=\"Carmen L\u00f3pez\" \/>\n<meta name=\"twitter:card\" content=\"summary_large_image\" \/>\n<meta name=\"twitter:label1\" content=\"Escrito por\" \/>\n\t<meta name=\"twitter:data1\" content=\"Carmen L\u00f3pez\" \/>\n\t<meta name=\"twitter:label2\" content=\"Tiempo de lectura\" \/>\n\t<meta name=\"twitter:data2\" content=\"6 minutos\" \/>\n<script type=\"application\/ld+json\" class=\"yoast-schema-graph\">{\"@context\":\"https:\\\/\\\/schema.org\",\"@graph\":[{\"@type\":\"Article\",\"@id\":\"https:\\\/\\\/www.escapadarural.com\\\/blog\\\/ruta-del-hayacorva-parque-saja-besaya\\\/#article\",\"isPartOf\":{\"@id\":\"https:\\\/\\\/www.escapadarural.com\\\/blog\\\/ruta-del-hayacorva-parque-saja-besaya\\\/\"},\"author\":{\"name\":\"Carmen L\u00f3pez\",\"@id\":\"https:\\\/\\\/www.escapadarural.com\\\/blog\\\/#\\\/schema\\\/person\\\/42dfdff6118172efc6a04c8ae599a2ce\"},\"headline\":\"Ruta del Hayacorva, un paseo por el Parque Natural Saja-Besaya de Cantabria\",\"datePublished\":\"2024-09-08T07:00:00+00:00\",\"dateModified\":\"2025-12-10T10:37:47+00:00\",\"mainEntityOfPage\":{\"@id\":\"https:\\\/\\\/www.escapadarural.com\\\/blog\\\/ruta-del-hayacorva-parque-saja-besaya\\\/\"},\"wordCount\":1023,\"commentCount\":0,\"publisher\":{\"@id\":\"https:\\\/\\\/www.escapadarural.com\\\/blog\\\/#organization\"},\"image\":{\"@id\":\"https:\\\/\\\/www.escapadarural.com\\\/blog\\\/ruta-del-hayacorva-parque-saja-besaya\\\/#primaryimage\"},\"thumbnailUrl\":\"https:\\\/\\\/www.escapadarural.com\\\/blog\\\/wp-content\\\/uploads\\\/2024\\\/09\\\/saja_ucieda-585x585.jpeg.webp\",\"keywords\":[\"Cantabria\",\"Parque Natural Saja-Besaya\",\"Parques Naturales\",\"Ruta del Hayacorva\",\"ucieda\"],\"articleSection\":[\"Rutas y excursiones\"],\"inLanguage\":\"es\",\"potentialAction\":[{\"@type\":\"CommentAction\",\"name\":\"Comment\",\"target\":[\"https:\\\/\\\/www.escapadarural.com\\\/blog\\\/ruta-del-hayacorva-parque-saja-besaya\\\/#respond\"]}]},{\"@type\":\"WebPage\",\"@id\":\"https:\\\/\\\/www.escapadarural.com\\\/blog\\\/ruta-del-hayacorva-parque-saja-besaya\\\/\",\"url\":\"https:\\\/\\\/www.escapadarural.com\\\/blog\\\/ruta-del-hayacorva-parque-saja-besaya\\\/\",\"name\":\"Ruta del Hayacorva, un paseo por el Parque Natural Saja-Besaya de Cantabria - EscapadaRural\",\"isPartOf\":{\"@id\":\"https:\\\/\\\/www.escapadarural.com\\\/blog\\\/#website\"},\"primaryImageOfPage\":{\"@id\":\"https:\\\/\\\/www.escapadarural.com\\\/blog\\\/ruta-del-hayacorva-parque-saja-besaya\\\/#primaryimage\"},\"image\":{\"@id\":\"https:\\\/\\\/www.escapadarural.com\\\/blog\\\/ruta-del-hayacorva-parque-saja-besaya\\\/#primaryimage\"},\"thumbnailUrl\":\"https:\\\/\\\/www.escapadarural.com\\\/blog\\\/wp-content\\\/uploads\\\/2024\\\/09\\\/saja_ucieda-585x585.jpeg.webp\",\"datePublished\":\"2024-09-08T07:00:00+00:00\",\"dateModified\":\"2025-12-10T10:37:47+00:00\",\"breadcrumb\":{\"@id\":\"https:\\\/\\\/www.escapadarural.com\\\/blog\\\/ruta-del-hayacorva-parque-saja-besaya\\\/#breadcrumb\"},\"inLanguage\":\"es\",\"potentialAction\":[{\"@type\":\"ReadAction\",\"target\":[\"https:\\\/\\\/www.escapadarural.com\\\/blog\\\/ruta-del-hayacorva-parque-saja-besaya\\\/\"]}]},{\"@type\":\"ImageObject\",\"inLanguage\":\"es\",\"@id\":\"https:\\\/\\\/www.escapadarural.com\\\/blog\\\/ruta-del-hayacorva-parque-saja-besaya\\\/#primaryimage\",\"url\":\"https:\\\/\\\/www.escapadarural.com\\\/blog\\\/wp-content\\\/uploads\\\/2024\\\/09\\\/saja_ucieda-585x585.jpeg.webp\",\"contentUrl\":\"https:\\\/\\\/www.escapadarural.com\\\/blog\\\/wp-content\\\/uploads\\\/2024\\\/09\\\/saja_ucieda-585x585.jpeg.webp\",\"width\":585,\"height\":585,\"caption\":\"Saja, Ucieda\"},{\"@type\":\"BreadcrumbList\",\"@id\":\"https:\\\/\\\/www.escapadarural.com\\\/blog\\\/ruta-del-hayacorva-parque-saja-besaya\\\/#breadcrumb\",\"itemListElement\":[{\"@type\":\"ListItem\",\"position\":1,\"name\":\"Inicio\",\"item\":\"https:\\\/\\\/www.escapadarural.com\\\/blog\\\/\"},{\"@type\":\"ListItem\",\"position\":2,\"name\":\"Rutas y excursiones\",\"item\":\"https:\\\/\\\/www.escapadarural.com\\\/blog\\\/categoria\\\/rutas-y-excursiones\\\/\"},{\"@type\":\"ListItem\",\"position\":3,\"name\":\"Ruta del Hayacorva, un paseo por el Parque Natural Saja-Besaya de Cantabria\"}]},{\"@type\":\"WebSite\",\"@id\":\"https:\\\/\\\/www.escapadarural.com\\\/blog\\\/#website\",\"url\":\"https:\\\/\\\/www.escapadarural.com\\\/blog\\\/\",\"name\":\"Blog de viajes | turismo rural, alojamientos e inspiraci\u00f3n\",\"description\":\"Alojamientos rurales e inspiraci\u00f3n para tus escapadas\",\"publisher\":{\"@id\":\"https:\\\/\\\/www.escapadarural.com\\\/blog\\\/#organization\"},\"alternateName\":\"Magazine de viajes de EscapadaRural\",\"potentialAction\":[{\"@type\":\"SearchAction\",\"target\":{\"@type\":\"EntryPoint\",\"urlTemplate\":\"https:\\\/\\\/www.escapadarural.com\\\/blog\\\/?s={search_term_string}\"},\"query-input\":{\"@type\":\"PropertyValueSpecification\",\"valueRequired\":true,\"valueName\":\"search_term_string\"}}],\"inLanguage\":\"es\"},{\"@type\":\"Organization\",\"@id\":\"https:\\\/\\\/www.escapadarural.com\\\/blog\\\/#organization\",\"name\":\"EscapadaRural\",\"url\":\"https:\\\/\\\/www.escapadarural.com\\\/blog\\\/\",\"logo\":{\"@type\":\"ImageObject\",\"inLanguage\":\"es\",\"@id\":\"https:\\\/\\\/www.escapadarural.com\\\/blog\\\/#\\\/schema\\\/logo\\\/image\\\/\",\"url\":\"https:\\\/\\\/www.escapadarural.com\\\/blog\\\/wp-content\\\/uploads\\\/2024\\\/10\\\/cropped-cropped-escapada-rural-icon-mag-3.png\",\"contentUrl\":\"https:\\\/\\\/www.escapadarural.com\\\/blog\\\/wp-content\\\/uploads\\\/2024\\\/10\\\/cropped-cropped-escapada-rural-icon-mag-3.png\",\"width\":512,\"height\":512,\"caption\":\"EscapadaRural\"},\"image\":{\"@id\":\"https:\\\/\\\/www.escapadarural.com\\\/blog\\\/#\\\/schema\\\/logo\\\/image\\\/\"},\"sameAs\":[\"https:\\\/\\\/www.facebook.com\\\/escapadarural\",\"https:\\\/\\\/www.instagram.com\\\/escapadarural\\\/\",\"https:\\\/\\\/www.youtube.com\\\/@escapadaruralcom\"]},{\"@type\":\"Person\",\"@id\":\"https:\\\/\\\/www.escapadarural.com\\\/blog\\\/#\\\/schema\\\/person\\\/42dfdff6118172efc6a04c8ae599a2ce\",\"name\":\"Carmen L\u00f3pez\",\"image\":{\"@type\":\"ImageObject\",\"inLanguage\":\"es\",\"@id\":\"https:\\\/\\\/www.escapadarural.com\\\/blog\\\/wp-content\\\/uploads\\\/2024\\\/11\\\/cropped-perfil_eldiario-96x96-1-96x96.jpeg\",\"url\":\"https:\\\/\\\/www.escapadarural.com\\\/blog\\\/wp-content\\\/uploads\\\/2024\\\/11\\\/cropped-perfil_eldiario-96x96-1-96x96.jpeg\",\"contentUrl\":\"https:\\\/\\\/www.escapadarural.com\\\/blog\\\/wp-content\\\/uploads\\\/2024\\\/11\\\/cropped-perfil_eldiario-96x96-1-96x96.jpeg\",\"caption\":\"Carmen L\u00f3pez\"},\"description\":\"Soy periodista y escribo sobre cosas que importan en sitios que interesan desde hace m\u00e1s de una d\u00e9cada.\",\"url\":\"https:\\\/\\\/www.escapadarural.com\\\/blog\\\/autor\\\/carmenlopez\\\/\"}]}<\/script>\n<!-- \/ Yoast SEO plugin. -->","yoast_head_json":{"title":"Ruta del Hayacorva, un paseo por el Parque Natural Saja-Besaya de Cantabria - EscapadaRural","robots":{"index":"index","follow":"follow","max-snippet":"max-snippet:-1","max-image-preview":"max-image-preview:large","max-video-preview":"max-video-preview:-1"},"canonical":"https:\/\/www.escapadarural.com\/blog\/ruta-del-hayacorva-parque-saja-besaya\/","og_locale":"es_ES","og_type":"article","og_title":"Ruta del Hayacorva, un paseo por el Parque Natural Saja-Besaya de Cantabria - EscapadaRural","og_description":"La Ruta del Hayacorva recorre una parte del Parque Natural Saja-Besaya, uno de los pulmones de Cantabria.","og_url":"https:\/\/www.escapadarural.com\/blog\/ruta-del-hayacorva-parque-saja-besaya\/","og_site_name":"Magazine de viajes de EscapadaRural","article_publisher":"https:\/\/www.facebook.com\/escapadarural","article_published_time":"2024-09-08T07:00:00+00:00","article_modified_time":"2025-12-10T10:37:47+00:00","og_image":[{"width":585,"height":585,"url":"https:\/\/www.escapadarural.com\/blog\/wp-content\/uploads\/2024\/09\/saja_ucieda-585x585.jpeg.webp?v=1765363067","type":"image\/webp"}],"author":"Carmen L\u00f3pez","twitter_card":"summary_large_image","twitter_misc":{"Escrito por":"Carmen L\u00f3pez","Tiempo de lectura":"6 minutos"},"schema":{"@context":"https:\/\/schema.org","@graph":[{"@type":"Article","@id":"https:\/\/www.escapadarural.com\/blog\/ruta-del-hayacorva-parque-saja-besaya\/#article","isPartOf":{"@id":"https:\/\/www.escapadarural.com\/blog\/ruta-del-hayacorva-parque-saja-besaya\/"},"author":{"name":"Carmen L\u00f3pez","@id":"https:\/\/www.escapadarural.com\/blog\/#\/schema\/person\/42dfdff6118172efc6a04c8ae599a2ce"},"headline":"Ruta del Hayacorva, un paseo por el Parque Natural Saja-Besaya de Cantabria","datePublished":"2024-09-08T07:00:00+00:00","dateModified":"2025-12-10T10:37:47+00:00","mainEntityOfPage":{"@id":"https:\/\/www.escapadarural.com\/blog\/ruta-del-hayacorva-parque-saja-besaya\/"},"wordCount":1023,"commentCount":0,"publisher":{"@id":"https:\/\/www.escapadarural.com\/blog\/#organization"},"image":{"@id":"https:\/\/www.escapadarural.com\/blog\/ruta-del-hayacorva-parque-saja-besaya\/#primaryimage"},"thumbnailUrl":"https:\/\/www.escapadarural.com\/blog\/wp-content\/uploads\/2024\/09\/saja_ucieda-585x585.jpeg.webp","keywords":["Cantabria","Parque Natural Saja-Besaya","Parques Naturales","Ruta del Hayacorva","ucieda"],"articleSection":["Rutas y excursiones"],"inLanguage":"es","potentialAction":[{"@type":"CommentAction","name":"Comment","target":["https:\/\/www.escapadarural.com\/blog\/ruta-del-hayacorva-parque-saja-besaya\/#respond"]}]},{"@type":"WebPage","@id":"https:\/\/www.escapadarural.com\/blog\/ruta-del-hayacorva-parque-saja-besaya\/","url":"https:\/\/www.escapadarural.com\/blog\/ruta-del-hayacorva-parque-saja-besaya\/","name":"Ruta del Hayacorva, un paseo por el Parque Natural Saja-Besaya de Cantabria - EscapadaRural","isPartOf":{"@id":"https:\/\/www.escapadarural.com\/blog\/#website"},"primaryImageOfPage":{"@id":"https:\/\/www.escapadarural.com\/blog\/ruta-del-hayacorva-parque-saja-besaya\/#primaryimage"},"image":{"@id":"https:\/\/www.escapadarural.com\/blog\/ruta-del-hayacorva-parque-saja-besaya\/#primaryimage"},"thumbnailUrl":"https:\/\/www.escapadarural.com\/blog\/wp-content\/uploads\/2024\/09\/saja_ucieda-585x585.jpeg.webp","datePublished":"2024-09-08T07:00:00+00:00","dateModified":"2025-12-10T10:37:47+00:00","breadcrumb":{"@id":"https:\/\/www.escapadarural.com\/blog\/ruta-del-hayacorva-parque-saja-besaya\/#breadcrumb"},"inLanguage":"es","potentialAction":[{"@type":"ReadAction","target":["https:\/\/www.escapadarural.com\/blog\/ruta-del-hayacorva-parque-saja-besaya\/"]}]},{"@type":"ImageObject","inLanguage":"es","@id":"https:\/\/www.escapadarural.com\/blog\/ruta-del-hayacorva-parque-saja-besaya\/#primaryimage","url":"https:\/\/www.escapadarural.com\/blog\/wp-content\/uploads\/2024\/09\/saja_ucieda-585x585.jpeg.webp","contentUrl":"https:\/\/www.escapadarural.com\/blog\/wp-content\/uploads\/2024\/09\/saja_ucieda-585x585.jpeg.webp","width":585,"height":585,"caption":"Saja, Ucieda"},{"@type":"BreadcrumbList","@id":"https:\/\/www.escapadarural.com\/blog\/ruta-del-hayacorva-parque-saja-besaya\/#breadcrumb","itemListElement":[{"@type":"ListItem","position":1,"name":"Inicio","item":"https:\/\/www.escapadarural.com\/blog\/"},{"@type":"ListItem","position":2,"name":"Rutas y excursiones","item":"https:\/\/www.escapadarural.com\/blog\/categoria\/rutas-y-excursiones\/"},{"@type":"ListItem","position":3,"name":"Ruta del Hayacorva, un paseo por el Parque Natural Saja-Besaya de Cantabria"}]},{"@type":"WebSite","@id":"https:\/\/www.escapadarural.com\/blog\/#website","url":"https:\/\/www.escapadarural.com\/blog\/","name":"Blog de viajes | turismo rural, alojamientos e inspiraci\u00f3n","description":"Alojamientos rurales e inspiraci\u00f3n para tus escapadas","publisher":{"@id":"https:\/\/www.escapadarural.com\/blog\/#organization"},"alternateName":"Magazine de viajes de EscapadaRural","potentialAction":[{"@type":"SearchAction","target":{"@type":"EntryPoint","urlTemplate":"https:\/\/www.escapadarural.com\/blog\/?s={search_term_string}"},"query-input":{"@type":"PropertyValueSpecification","valueRequired":true,"valueName":"search_term_string"}}],"inLanguage":"es"},{"@type":"Organization","@id":"https:\/\/www.escapadarural.com\/blog\/#organization","name":"EscapadaRural","url":"https:\/\/www.escapadarural.com\/blog\/","logo":{"@type":"ImageObject","inLanguage":"es","@id":"https:\/\/www.escapadarural.com\/blog\/#\/schema\/logo\/image\/","url":"https:\/\/www.escapadarural.com\/blog\/wp-content\/uploads\/2024\/10\/cropped-cropped-escapada-rural-icon-mag-3.png","contentUrl":"https:\/\/www.escapadarural.com\/blog\/wp-content\/uploads\/2024\/10\/cropped-cropped-escapada-rural-icon-mag-3.png","width":512,"height":512,"caption":"EscapadaRural"},"image":{"@id":"https:\/\/www.escapadarural.com\/blog\/#\/schema\/logo\/image\/"},"sameAs":["https:\/\/www.facebook.com\/escapadarural","https:\/\/www.instagram.com\/escapadarural\/","https:\/\/www.youtube.com\/@escapadaruralcom"]},{"@type":"Person","@id":"https:\/\/www.escapadarural.com\/blog\/#\/schema\/person\/42dfdff6118172efc6a04c8ae599a2ce","name":"Carmen L\u00f3pez","image":{"@type":"ImageObject","inLanguage":"es","@id":"https:\/\/www.escapadarural.com\/blog\/wp-content\/uploads\/2024\/11\/cropped-perfil_eldiario-96x96-1-96x96.jpeg","url":"https:\/\/www.escapadarural.com\/blog\/wp-content\/uploads\/2024\/11\/cropped-perfil_eldiario-96x96-1-96x96.jpeg","contentUrl":"https:\/\/www.escapadarural.com\/blog\/wp-content\/uploads\/2024\/11\/cropped-perfil_eldiario-96x96-1-96x96.jpeg","caption":"Carmen L\u00f3pez"},"description":"Soy periodista y escribo sobre cosas que importan en sitios que interesan desde hace m\u00e1s de una d\u00e9cada.","url":"https:\/\/www.escapadarural.com\/blog\/autor\/carmenlopez\/"}]}},"_links":{"self":[{"href":"https:\/\/www.escapadarural.com\/blog\/wp-json\/wp\/v2\/posts\/81409","targetHints":{"allow":["GET"]}}],"collection":[{"href":"https:\/\/www.escapadarural.com\/blog\/wp-json\/wp\/v2\/posts"}],"about":[{"href":"https:\/\/www.escapadarural.com\/blog\/wp-json\/wp\/v2\/types\/post"}],"author":[{"embeddable":true,"href":"https:\/\/www.escapadarural.com\/blog\/wp-json\/wp\/v2\/users\/114"}],"replies":[{"embeddable":true,"href":"https:\/\/www.escapadarural.com\/blog\/wp-json\/wp\/v2\/comments?post=81409"}],"version-history":[{"count":0,"href":"https:\/\/www.escapadarural.com\/blog\/wp-json\/wp\/v2\/posts\/81409\/revisions"}],"wp:featuredmedia":[{"embeddable":true,"href":"https:\/\/www.escapadarural.com\/blog\/wp-json\/wp\/v2\/media\/106379"}],"wp:attachment":[{"href":"https:\/\/www.escapadarural.com\/blog\/wp-json\/wp\/v2\/media?parent=81409"}],"wp:term":[{"taxonomy":"category","embeddable":true,"href":"https:\/\/www.escapadarural.com\/blog\/wp-json\/wp\/v2\/categories?post=81409"},{"taxonomy":"post_tag","embeddable":true,"href":"https:\/\/www.escapadarural.com\/blog\/wp-json\/wp\/v2\/tags?post=81409"}],"curies":[{"name":"wp","href":"https:\/\/api.w.org\/{rel}","templated":true}]}}