{"id":8185,"date":"2018-03-26T14:23:23","date_gmt":"2018-03-26T14:23:23","guid":{"rendered":"http:\/\/15.188.81.248\/2018\/03\/26\/cuando-ver-los-cerezos-en-flor-del-valle-del-jerte\/"},"modified":"2026-02-05T14:20:17","modified_gmt":"2026-02-05T13:20:17","slug":"cerezos-en-flor-del-valle-del-jerte","status":"publish","type":"post","link":"https:\/\/www.escapadarural.com\/blog\/cerezos-en-flor-del-valle-del-jerte\/","title":{"rendered":"Cu\u00e1ndo ver los cerezos en flor del Valle del Jerte"},"content":{"rendered":"\n<figure class=\"wp-block-image size-large\"><img loading=\"lazy\" decoding=\"async\" width=\"900\" height=\"579\" src=\"https:\/\/www.escapadarural.com\/blog\/wp-content\/uploads\/2011\/03\/cerezos-en-flor-valle-del-jerte-10-2-1.jpg\" alt=\"Cerezos Valle del Jerte\" class=\"wp-image-112793\" srcset=\"https:\/\/www.escapadarural.com\/blog\/wp-content\/uploads\/2011\/03\/cerezos-en-flor-valle-del-jerte-10-2-1-200x129.jpg 200w, https:\/\/www.escapadarural.com\/blog\/wp-content\/uploads\/2011\/03\/cerezos-en-flor-valle-del-jerte-10-2-1-300x193.jpg 300w, https:\/\/www.escapadarural.com\/blog\/wp-content\/uploads\/2011\/03\/cerezos-en-flor-valle-del-jerte-10-2-1-400x257.jpg 400w, https:\/\/www.escapadarural.com\/blog\/wp-content\/uploads\/2011\/03\/cerezos-en-flor-valle-del-jerte-10-2-1-600x386.jpg 600w, https:\/\/www.escapadarural.com\/blog\/wp-content\/uploads\/2011\/03\/cerezos-en-flor-valle-del-jerte-10-2-1-768x494.jpg 768w, https:\/\/www.escapadarural.com\/blog\/wp-content\/uploads\/2011\/03\/cerezos-en-flor-valle-del-jerte-10-2-1-800x515.jpg 800w, https:\/\/www.escapadarural.com\/blog\/wp-content\/uploads\/2011\/03\/cerezos-en-flor-valle-del-jerte-10-2-1.jpg 900w\" sizes=\"auto, (max-width: 900px) 100vw, 900px\" \/><figcaption class=\"wp-element-caption\">Por V\u00edctor Ferrando<\/figcaption><\/figure>\n\n\n\n<p>Con la llegada del mes de marzo, las temperaturas comienzan a suavizarse en la Pen\u00ednsula. Por fin dejaremos atr\u00e1s los meses m\u00e1s duros del invierno. La duraci\u00f3n de los d\u00edas se va estirando poquito a poco dej\u00e1ndonos m\u00e1s minutos de Sol. Y la naturaleza inicia sigilosa uno de sus procesos m\u00e1s complejos y bonitos en busca de la ansiada primavera: <strong>la floraci\u00f3n<\/strong> de los cerezos del<strong><a href=\"https:\/\/www.escapadarural.com\/casas-rurales\/valle-del-jerte\" class=\"rank-math-link\"> Valle del Jerte<\/a><\/strong>.<\/p>\n\n\n\n<p>Aqu\u00ed, al norte de la provincia de <strong>C\u00e1ceres<\/strong>, miles de cerezos aguardan impacientes a la llegada de estos d\u00edas para dejarnos un espect\u00e1culo sin igual de colores entre blancos y rosados.<\/p>\n\n\n\n<figure class=\"wp-block-image size-large\"><img loading=\"lazy\" decoding=\"async\" width=\"900\" height=\"579\" src=\"https:\/\/www.escapadarural.com\/blog\/wp-content\/uploads\/2018\/03\/cerezos-en-flor-valle-del-jerte-9.jpg\" alt=\"Cerezos Valle del Jerte\" class=\"wp-image-27416\" srcset=\"https:\/\/www.escapadarural.com\/blog\/wp-content\/uploads\/2018\/03\/cerezos-en-flor-valle-del-jerte-9-200x129.jpg 200w, https:\/\/www.escapadarural.com\/blog\/wp-content\/uploads\/2018\/03\/cerezos-en-flor-valle-del-jerte-9-300x193.jpg 300w, https:\/\/www.escapadarural.com\/blog\/wp-content\/uploads\/2018\/03\/cerezos-en-flor-valle-del-jerte-9-400x257.jpg 400w, https:\/\/www.escapadarural.com\/blog\/wp-content\/uploads\/2018\/03\/cerezos-en-flor-valle-del-jerte-9-600x386.jpg 600w, https:\/\/www.escapadarural.com\/blog\/wp-content\/uploads\/2018\/03\/cerezos-en-flor-valle-del-jerte-9-768x494.jpg 768w, https:\/\/www.escapadarural.com\/blog\/wp-content\/uploads\/2018\/03\/cerezos-en-flor-valle-del-jerte-9-800x515.jpg 800w, https:\/\/www.escapadarural.com\/blog\/wp-content\/uploads\/2018\/03\/cerezos-en-flor-valle-del-jerte-9.jpg 900w\" sizes=\"auto, (max-width: 900px) 100vw, 900px\" \/><figcaption class=\"wp-element-caption\">Por V\u00edctor Ferrando<\/figcaption><\/figure>\n\n\n\n<p>La <strong>floraci\u00f3n de los Cerezos en el <a href=\"https:\/\/www.escapadarural.com\/blog\/mirador-de-la-memoria-valle-del-jerte\/\" title=\"Los hombres que miraban fijamente el Valle del Jerte\" data-wpil-monitor-id=\"267\">Valle del Jerte<\/a><\/strong> suele darse a finales del mes de marzo. Depender\u00e1 de la dureza del invierno que sea una semana u otra la ideal para contemplar las incre\u00edbles estampas de las orillas del R\u00edo Jerte cubiertas de un manto blanco casi como la nieve. Y conforme llega, en unos pocos d\u00edas, los p\u00e9talos de esas flores caer\u00e1n al suelo y desaparecer\u00e1n. En su lugar, poco despu\u00e9s, comenzar\u00e1n a brotar las famosas cerezas que meses m\u00e1s tarde llegar\u00e1n a nuestros mercados con su cl\u00e1sico color rojo intenso. Y del mercado a la mesa, \u00bfa qui\u00e9n no le gustan las cerezas del Jerte?<\/p>\n\n\n\n<p>El valle tiene una extensi\u00f3n de unas pocas decenas de kil\u00f3metros. <strong>Comienza en el <a href=\"https:\/\/www.escapadarural.com\/casas-rurales\/tornavacas\">Puerto de Tornavacas<\/a><\/strong>, casi en la provincia de Salamanca, y termina en el Embalse de <a href=\"https:\/\/www.escapadarural.com\/casas-rurales\/plasencia\">Plasencia<\/a>, casi llegando a esta bonita ciudad cacere\u00f1a. Por su interior, las cristalinas aguas el r\u00edo Jerte fluyen tranquilas ajenas a lo que las rodea. Como si con ellas no fuera todo lo que a su alrededor sucede, que no es poco.<\/p>\n\n\n\n<figure class=\"wp-block-image size-large\"><img decoding=\"async\" src=\"https:\/\/www.escapadarural.com\/blog\/wp-content\/uploads\/2018\/03\/cerezos-en-flor-valle-del-jerte-8.jpg\" alt=\"Cerezos Valle del Jerte\" class=\"wp-image-27414\"\/><figcaption class=\"wp-element-caption\">Por V\u00edctor Ferrando<\/figcaption><\/figure>\n\n\n\n<p>Los Cerezos en Flor es algo dif\u00edcil de describir con palabras. Por mucho que lo hayas visto en fotos no te esperas lo que te vas a encontrar all\u00ed. Si llegas por el norte y vas bajando el Puerto de Tornavacas, llegar\u00e1 un momento en que tomas una curva y de pronto el paisaje cambia por completo. Si lo haces desde el sur, o desde la Vera, la sensaci\u00f3n ser\u00e1 similar. Hasta donde alcance tu vista, <strong>todo estar\u00e1 cubierto de peque\u00f1os \u00e1rboles blancos<\/strong>, como bolas de algod\u00f3n salpicando las laderas de las monta\u00f1as.<\/p>\n\n\n\n<figure class=\"wp-block-image size-large\"><img decoding=\"async\" src=\"https:\/\/www.escapadarural.com\/blog\/wp-content\/uploads\/2018\/03\/cerezos-en-flor-valle-del-jerte-7.jpg\" alt=\"Cerezos Valle del Jerte\" class=\"wp-image-27412\"\/><figcaption class=\"wp-element-caption\">Por V\u00edctor Ferrando<\/figcaption><\/figure>\n\n\n\n<p>Con motivo de la floraci\u00f3n de los Cerezos, en el Valle del Jerte se organizan diversas <strong>actividades<\/strong>. Desde el a\u00f1o 2010 est\u00e1 considerada como Fiesta de Inter\u00e9s Nacional. La programaci\u00f3n, que incluye sesiones de teatro, m\u00fasica o gastronom\u00eda, se divide en <strong>tres partes<\/strong>:<\/p>\n\n\n\n<p><strong>La primera es la llamada Despertar del Valle<\/strong>. Suele coincidir con la llegada del <a href=\"https:\/\/es.wikipedia.org\/wiki\/Equinoccio\" target=\"_blank\">equinoccio<\/a> de primavera, superando la mitad del mes de marzo, aunque hay que estar muy pendientes de la programaci\u00f3n oficial. En este momento, el Valle del Jerte inicia su proceso de transformaci\u00f3n. Las nieves de las cumbres se funden lentamente llenando de agua las gargantas y valles que bajan con fuerza hasta el valle principal. En las plantas y arbustos, millones de peque\u00f1os puntos verdes comienzan a brotar. Sus ramas nos muestran claramente que la primavera est\u00e1 al caer.<\/p>\n\n\n\n<p><strong>La segunda parte es el Cerezo en Flor<\/strong>. En apenas unos d\u00edas la naturaleza sigue con su cambio y estos peque\u00f1os puntos verdes dar\u00e1n paso a ramas m\u00e1s grandes y coloridas flores. El marr\u00f3n pasar\u00e1 a convertirse en un manto multicolor donde amarillos, rojos, morados y blancos cubrir\u00e1n pr\u00e1cticamente todo lo que puedas ver. Y por supuesto, los miles de cerezos plantados a lo largo y ancho del valle cubrir\u00e1n sus ramas de un intenso blanco dando paso a unos d\u00edas de belleza sin igual. La floraci\u00f3n de los cerezos estar\u00e1 en su m\u00e1ximo esplendor a finales de marzo o primeros de abril. Y tan pronto llega como se va.<\/p>\n\n\n\n<p><strong>La tercera y \u00faltima parte de esta fiesta es la Lluvia de P\u00e9talos<\/strong>. Las flores apenas aguantan un par de semanas en el \u00e1rbol. Menos a\u00fan si llega un inesperado cambio del tiempo, haciendo el fr\u00edo que se marchiten y desaparezcan. Pero a\u00fan durante unos cuantos d\u00edas m\u00e1s podremos disfrutar de otra fase de la floraci\u00f3n. En este caso las flores caen al suelo cubriendo todo el valle de p\u00e9talos que con el viento se mover\u00e1n de un lado a otro dando ese efecto de lluvia. Tras la ca\u00edda de las flores, los \u00e1rboles ya est\u00e1n te\u00f1idos de verde.<\/p>\n\n\n\n<figure class=\"wp-block-image size-large\"><img decoding=\"async\" src=\"https:\/\/www.escapadarural.com\/blog\/wp-content\/uploads\/2018\/03\/cerezos-en-flor-valle-del-jerte-4.jpg\" alt=\"Cerezos Valle del Jerte\" class=\"wp-image-27413\"\/><figcaption class=\"wp-element-caption\">Por V\u00edctor Ferrando<\/figcaption><\/figure>\n\n\n\n<p>Una de las mejores formas de ver los Cerezos en Flor es sali\u00e9ndonos de la carretera principal. Ir pegados al ri\u00f3 Jerte nos dar\u00e1 una visi\u00f3n general de los pueblos y las laderas cubiertas de flores, pero las mejores vistas est\u00e1n desde zonas m\u00e1s altas. Por ejemplo, puedes tomar la carretera que va a la Vera, llegando hasta <a href=\"https:\/\/www.escapadarural.com\/casas-rurales\/piornal\"><strong>Piornal<\/strong><\/a>. O en sentido contrario direcci\u00f3n a Rebollar. Aunque son muchos los caminos que puedes tomar desde los pueblos. Eso s\u00ed, siempre es recomendable preguntar los locales para que te recomienden.<\/p>\n\n\n\n<p>\u00bfYa est\u00e1s decidido a visitar el Valle del Jerte durante su fiesta de los Cerezos en Flor? En ese caso has de saber que <strong>miles de personas<\/strong> tambi\u00e9n han tomado esa decisi\u00f3n. La zona es muy bonita. Est\u00e1 formada por peque\u00f1os pueblos en los que hay muchas <strong>casas rurales<\/strong>, pero insuficientes para alojar a todos los visitantes que a\u00f1o tras a\u00f1o acuden a la llamada de la primavera. Por eso <strong>te recomiendo que te anticipes<\/strong> y reserves tu alojamiento rural lo antes posible.<\/p>\n\n\n\n<figure class=\"wp-block-image size-large\"><img decoding=\"async\" src=\"https:\/\/www.escapadarural.com\/blog\/wp-content\/uploads\/2018\/03\/cerezos-en-flor-valle-del-jerte-5.jpg\" alt=\"Cerezos Valle del Jerte\" class=\"wp-image-27411\"\/><figcaption class=\"wp-element-caption\">Por V\u00edctor Ferrando<\/figcaption><\/figure>\n\n\n\n<p>Una opci\u00f3n para disfrutar de un fin de semana completo puede ser alojarte en otra zona. La <a href=\"https:\/\/www.escapadarural.com\/casas-rurales\/la-vera_zona-turistica\"><strong>Comarca de la Vera<\/strong><\/a> tiene bonitos pueblos. <a href=\"https:\/\/www.escapadarural.com\/blog\/cronica-de-una-escapada-a-hervas\/\">Herv\u00e1s<\/a> tambi\u00e9n es maravilloso, y la propia Plasencia con sus murallas. Puedes pasar un d\u00eda en una zona y otro d\u00eda viendo los Cerezos en Flor. Tambi\u00e9n puedes aprovechar para llegar hasta <strong>la Garganta de los Infiernos<\/strong> en uno de sus momentos m\u00e1s bonitos. Si eliges las fechas adecuadas, regresar\u00e1s de tu viaje con un bonito recuerdo de esta preciosa zona del norte de Extremadura.<\/p>\n","protected":false},"excerpt":{"rendered":"<p>Sin duda uno de los lugares m\u00e1s famosos y bonitos es el Valle del Jerte. Aqu\u00ed, al norte de la provincia de C\u00e1ceres, miles de cerezos aguardan impacientes a la llegada de estos d\u00edas para dejarnos un espect\u00e1culo sin igual de colores entre blancos y rosados&#8230;<\/p>\n","protected":false},"author":103,"featured_media":27416,"comment_status":"open","ping_status":"closed","sticky":false,"template":"","format":"standard","meta":{"_acf_changed":false,"om_disable_all_campaigns":false,"footnotes":""},"categories":[191],"tags":[6324,673,243,257,1806],"class_list":["post-8185","post","type-post","status-publish","format-standard","has-post-thumbnail","hentry","category-destinos","tag-caceres","tag-cerezos-en-flor","tag-que-ver-en-extremadura","tag-primavera","tag-valle-del-jerte"],"acf":[],"featured_image_src":"https:\/\/www.escapadarural.com\/blog\/wp-content\/uploads\/2018\/03\/cerezos-en-flor-valle-del-jerte-9.jpg","author_info":{"display_name":"V\u00edctor Ferrando","author_link":"https:\/\/www.escapadarural.com\/blog\/autor\/victorferrando\/"},"yoast_head":"<!-- This site is optimized with the Yoast SEO plugin v27.2 - https:\/\/yoast.com\/product\/yoast-seo-wordpress\/ -->\n<title>Cu\u00e1ndo ver los cerezos en flor del Valle del Jerte - EscapadaRural<\/title>\n<meta name=\"robots\" content=\"index, follow, max-snippet:-1, max-image-preview:large, max-video-preview:-1\" \/>\n<link rel=\"canonical\" href=\"https:\/\/www.escapadarural.com\/blog\/cerezos-en-flor-del-valle-del-jerte\/\" \/>\n<meta property=\"og:locale\" content=\"es_ES\" \/>\n<meta property=\"og:type\" content=\"article\" \/>\n<meta property=\"og:title\" content=\"Cu\u00e1ndo ver los cerezos en flor del Valle del Jerte - EscapadaRural\" \/>\n<meta property=\"og:description\" content=\"Sin duda uno de los lugares m\u00e1s famosos y bonitos es el Valle del Jerte. Aqu\u00ed, al norte de la provincia de C\u00e1ceres, miles de cerezos aguardan impacientes a la llegada de estos d\u00edas para dejarnos un espect\u00e1culo sin igual de colores entre blancos y rosados...\" \/>\n<meta property=\"og:url\" content=\"https:\/\/www.escapadarural.com\/blog\/cerezos-en-flor-del-valle-del-jerte\/\" \/>\n<meta property=\"og:site_name\" content=\"Magazine de viajes de EscapadaRural\" \/>\n<meta property=\"article:publisher\" content=\"https:\/\/www.facebook.com\/escapadarural\" \/>\n<meta property=\"article:published_time\" content=\"2018-03-26T14:23:23+00:00\" \/>\n<meta property=\"article:modified_time\" content=\"2026-02-05T13:20:17+00:00\" \/>\n<meta property=\"og:image\" content=\"https:\/\/www.escapadarural.com\/blog\/wp-content\/uploads\/2018\/03\/cerezos-en-flor-valle-del-jerte-9.jpg\" \/>\n\t<meta property=\"og:image:width\" content=\"900\" \/>\n\t<meta property=\"og:image:height\" content=\"579\" \/>\n\t<meta property=\"og:image:type\" content=\"image\/jpeg\" \/>\n<meta name=\"author\" content=\"V\u00edctor Ferrando\" \/>\n<meta name=\"twitter:card\" content=\"summary_large_image\" \/>\n<meta name=\"twitter:label1\" content=\"Escrito por\" \/>\n\t<meta name=\"twitter:data1\" content=\"V\u00edctor Ferrando\" \/>\n\t<meta name=\"twitter:label2\" content=\"Tiempo de lectura\" \/>\n\t<meta name=\"twitter:data2\" content=\"7 minutos\" \/>\n<script type=\"application\/ld+json\" class=\"yoast-schema-graph\">{\"@context\":\"https:\/\/schema.org\",\"@graph\":[{\"@type\":\"Article\",\"@id\":\"https:\/\/www.escapadarural.com\/blog\/cerezos-en-flor-del-valle-del-jerte\/#article\",\"isPartOf\":{\"@id\":\"https:\/\/www.escapadarural.com\/blog\/cerezos-en-flor-del-valle-del-jerte\/\"},\"author\":{\"name\":\"V\u00edctor Ferrando\",\"@id\":\"https:\/\/www.escapadarural.com\/blog\/#\/schema\/person\/de7f84eecf712cc79327d46a6a8ad14d\"},\"headline\":\"Cu\u00e1ndo ver los cerezos en flor del Valle del Jerte\",\"datePublished\":\"2018-03-26T14:23:23+00:00\",\"dateModified\":\"2026-02-05T13:20:17+00:00\",\"mainEntityOfPage\":{\"@id\":\"https:\/\/www.escapadarural.com\/blog\/cerezos-en-flor-del-valle-del-jerte\/\"},\"wordCount\":1098,\"commentCount\":4,\"publisher\":{\"@id\":\"https:\/\/www.escapadarural.com\/blog\/#organization\"},\"image\":{\"@id\":\"https:\/\/www.escapadarural.com\/blog\/cerezos-en-flor-del-valle-del-jerte\/#primaryimage\"},\"thumbnailUrl\":\"https:\/\/www.escapadarural.com\/blog\/wp-content\/uploads\/2018\/03\/cerezos-en-flor-valle-del-jerte-9.jpg\",\"keywords\":[\"caceres\",\"cerezos en flor\",\"Extremadura\",\"Primavera\",\"Valle del Jerte\"],\"articleSection\":[\"Destinos\"],\"inLanguage\":\"es\",\"potentialAction\":[{\"@type\":\"CommentAction\",\"name\":\"Comment\",\"target\":[\"https:\/\/www.escapadarural.com\/blog\/cerezos-en-flor-del-valle-del-jerte\/#respond\"]}]},{\"@type\":\"WebPage\",\"@id\":\"https:\/\/www.escapadarural.com\/blog\/cerezos-en-flor-del-valle-del-jerte\/\",\"url\":\"https:\/\/www.escapadarural.com\/blog\/cerezos-en-flor-del-valle-del-jerte\/\",\"name\":\"Cu\u00e1ndo ver los cerezos en flor del Valle del Jerte - EscapadaRural\",\"isPartOf\":{\"@id\":\"https:\/\/www.escapadarural.com\/blog\/#website\"},\"primaryImageOfPage\":{\"@id\":\"https:\/\/www.escapadarural.com\/blog\/cerezos-en-flor-del-valle-del-jerte\/#primaryimage\"},\"image\":{\"@id\":\"https:\/\/www.escapadarural.com\/blog\/cerezos-en-flor-del-valle-del-jerte\/#primaryimage\"},\"thumbnailUrl\":\"https:\/\/www.escapadarural.com\/blog\/wp-content\/uploads\/2018\/03\/cerezos-en-flor-valle-del-jerte-9.jpg\",\"datePublished\":\"2018-03-26T14:23:23+00:00\",\"dateModified\":\"2026-02-05T13:20:17+00:00\",\"breadcrumb\":{\"@id\":\"https:\/\/www.escapadarural.com\/blog\/cerezos-en-flor-del-valle-del-jerte\/#breadcrumb\"},\"inLanguage\":\"es\",\"potentialAction\":[{\"@type\":\"ReadAction\",\"target\":[\"https:\/\/www.escapadarural.com\/blog\/cerezos-en-flor-del-valle-del-jerte\/\"]}]},{\"@type\":\"ImageObject\",\"inLanguage\":\"es\",\"@id\":\"https:\/\/www.escapadarural.com\/blog\/cerezos-en-flor-del-valle-del-jerte\/#primaryimage\",\"url\":\"https:\/\/www.escapadarural.com\/blog\/wp-content\/uploads\/2018\/03\/cerezos-en-flor-valle-del-jerte-9.jpg\",\"contentUrl\":\"https:\/\/www.escapadarural.com\/blog\/wp-content\/uploads\/2018\/03\/cerezos-en-flor-valle-del-jerte-9.jpg\",\"width\":900,\"height\":579,\"caption\":\"Por V\u00edctor Ferrando\"},{\"@type\":\"BreadcrumbList\",\"@id\":\"https:\/\/www.escapadarural.com\/blog\/cerezos-en-flor-del-valle-del-jerte\/#breadcrumb\",\"itemListElement\":[{\"@type\":\"ListItem\",\"position\":1,\"name\":\"Inicio\",\"item\":\"https:\/\/www.escapadarural.com\/blog\/\"},{\"@type\":\"ListItem\",\"position\":2,\"name\":\"Destinos\",\"item\":\"https:\/\/www.escapadarural.com\/blog\/categoria\/destinos\/\"},{\"@type\":\"ListItem\",\"position\":3,\"name\":\"Cu\u00e1ndo ver los cerezos en flor del Valle del Jerte\"}]},{\"@type\":\"WebSite\",\"@id\":\"https:\/\/www.escapadarural.com\/blog\/#website\",\"url\":\"https:\/\/www.escapadarural.com\/blog\/\",\"name\":\"Blog de viajes | turismo rural, alojamientos e inspiraci\u00f3n\",\"description\":\"Alojamientos rurales e inspiraci\u00f3n para tus escapadas\",\"publisher\":{\"@id\":\"https:\/\/www.escapadarural.com\/blog\/#organization\"},\"alternateName\":\"Magazine de viajes de EscapadaRural\",\"potentialAction\":[{\"@type\":\"SearchAction\",\"target\":{\"@type\":\"EntryPoint\",\"urlTemplate\":\"https:\/\/www.escapadarural.com\/blog\/?s={search_term_string}\"},\"query-input\":{\"@type\":\"PropertyValueSpecification\",\"valueRequired\":true,\"valueName\":\"search_term_string\"}}],\"inLanguage\":\"es\"},{\"@type\":\"Organization\",\"@id\":\"https:\/\/www.escapadarural.com\/blog\/#organization\",\"name\":\"EscapadaRural\",\"url\":\"https:\/\/www.escapadarural.com\/blog\/\",\"logo\":{\"@type\":\"ImageObject\",\"inLanguage\":\"es\",\"@id\":\"https:\/\/www.escapadarural.com\/blog\/#\/schema\/logo\/image\/\",\"url\":\"https:\/\/www.escapadarural.com\/blog\/wp-content\/uploads\/2024\/10\/cropped-cropped-escapada-rural-icon-mag-3.png\",\"contentUrl\":\"https:\/\/www.escapadarural.com\/blog\/wp-content\/uploads\/2024\/10\/cropped-cropped-escapada-rural-icon-mag-3.png\",\"width\":512,\"height\":512,\"caption\":\"EscapadaRural\"},\"image\":{\"@id\":\"https:\/\/www.escapadarural.com\/blog\/#\/schema\/logo\/image\/\"},\"sameAs\":[\"https:\/\/www.facebook.com\/escapadarural\",\"https:\/\/www.instagram.com\/escapadarural\/\",\"https:\/\/www.youtube.com\/@escapadaruralcom\"]},{\"@type\":\"Person\",\"@id\":\"https:\/\/www.escapadarural.com\/blog\/#\/schema\/person\/de7f84eecf712cc79327d46a6a8ad14d\",\"name\":\"V\u00edctor Ferrando\",\"image\":{\"@type\":\"ImageObject\",\"inLanguage\":\"es\",\"@id\":\"https:\/\/secure.gravatar.com\/avatar\/894ca87f82452fc2d4e81b2b17e7c1651aa21730a6865c35cb6c6e237a4a2f4f?s=96&d=mm&r=g\",\"url\":\"https:\/\/secure.gravatar.com\/avatar\/894ca87f82452fc2d4e81b2b17e7c1651aa21730a6865c35cb6c6e237a4a2f4f?s=96&d=mm&r=g\",\"contentUrl\":\"https:\/\/secure.gravatar.com\/avatar\/894ca87f82452fc2d4e81b2b17e7c1651aa21730a6865c35cb6c6e237a4a2f4f?s=96&d=mm&r=g\",\"caption\":\"V\u00edctor Ferrando\"},\"url\":\"https:\/\/www.escapadarural.com\/blog\/autor\/victorferrando\/\"}]}<\/script>\n<!-- \/ Yoast SEO plugin. -->","yoast_head_json":{"title":"Cu\u00e1ndo ver los cerezos en flor del Valle del Jerte - EscapadaRural","robots":{"index":"index","follow":"follow","max-snippet":"max-snippet:-1","max-image-preview":"max-image-preview:large","max-video-preview":"max-video-preview:-1"},"canonical":"https:\/\/www.escapadarural.com\/blog\/cerezos-en-flor-del-valle-del-jerte\/","og_locale":"es_ES","og_type":"article","og_title":"Cu\u00e1ndo ver los cerezos en flor del Valle del Jerte - EscapadaRural","og_description":"Sin duda uno de los lugares m\u00e1s famosos y bonitos es el Valle del Jerte. Aqu\u00ed, al norte de la provincia de C\u00e1ceres, miles de cerezos aguardan impacientes a la llegada de estos d\u00edas para dejarnos un espect\u00e1culo sin igual de colores entre blancos y rosados...","og_url":"https:\/\/www.escapadarural.com\/blog\/cerezos-en-flor-del-valle-del-jerte\/","og_site_name":"Magazine de viajes de EscapadaRural","article_publisher":"https:\/\/www.facebook.com\/escapadarural","article_published_time":"2018-03-26T14:23:23+00:00","article_modified_time":"2026-02-05T13:20:17+00:00","og_image":[{"width":900,"height":579,"url":"https:\/\/www.escapadarural.com\/blog\/wp-content\/uploads\/2018\/03\/cerezos-en-flor-valle-del-jerte-9.jpg","type":"image\/jpeg"}],"author":"V\u00edctor Ferrando","twitter_card":"summary_large_image","twitter_misc":{"Escrito por":"V\u00edctor Ferrando","Tiempo de lectura":"7 minutos"},"schema":{"@context":"https:\/\/schema.org","@graph":[{"@type":"Article","@id":"https:\/\/www.escapadarural.com\/blog\/cerezos-en-flor-del-valle-del-jerte\/#article","isPartOf":{"@id":"https:\/\/www.escapadarural.com\/blog\/cerezos-en-flor-del-valle-del-jerte\/"},"author":{"name":"V\u00edctor Ferrando","@id":"https:\/\/www.escapadarural.com\/blog\/#\/schema\/person\/de7f84eecf712cc79327d46a6a8ad14d"},"headline":"Cu\u00e1ndo ver los cerezos en flor del Valle del Jerte","datePublished":"2018-03-26T14:23:23+00:00","dateModified":"2026-02-05T13:20:17+00:00","mainEntityOfPage":{"@id":"https:\/\/www.escapadarural.com\/blog\/cerezos-en-flor-del-valle-del-jerte\/"},"wordCount":1098,"commentCount":4,"publisher":{"@id":"https:\/\/www.escapadarural.com\/blog\/#organization"},"image":{"@id":"https:\/\/www.escapadarural.com\/blog\/cerezos-en-flor-del-valle-del-jerte\/#primaryimage"},"thumbnailUrl":"https:\/\/www.escapadarural.com\/blog\/wp-content\/uploads\/2018\/03\/cerezos-en-flor-valle-del-jerte-9.jpg","keywords":["caceres","cerezos en flor","Extremadura","Primavera","Valle del Jerte"],"articleSection":["Destinos"],"inLanguage":"es","potentialAction":[{"@type":"CommentAction","name":"Comment","target":["https:\/\/www.escapadarural.com\/blog\/cerezos-en-flor-del-valle-del-jerte\/#respond"]}]},{"@type":"WebPage","@id":"https:\/\/www.escapadarural.com\/blog\/cerezos-en-flor-del-valle-del-jerte\/","url":"https:\/\/www.escapadarural.com\/blog\/cerezos-en-flor-del-valle-del-jerte\/","name":"Cu\u00e1ndo ver los cerezos en flor del Valle del Jerte - EscapadaRural","isPartOf":{"@id":"https:\/\/www.escapadarural.com\/blog\/#website"},"primaryImageOfPage":{"@id":"https:\/\/www.escapadarural.com\/blog\/cerezos-en-flor-del-valle-del-jerte\/#primaryimage"},"image":{"@id":"https:\/\/www.escapadarural.com\/blog\/cerezos-en-flor-del-valle-del-jerte\/#primaryimage"},"thumbnailUrl":"https:\/\/www.escapadarural.com\/blog\/wp-content\/uploads\/2018\/03\/cerezos-en-flor-valle-del-jerte-9.jpg","datePublished":"2018-03-26T14:23:23+00:00","dateModified":"2026-02-05T13:20:17+00:00","breadcrumb":{"@id":"https:\/\/www.escapadarural.com\/blog\/cerezos-en-flor-del-valle-del-jerte\/#breadcrumb"},"inLanguage":"es","potentialAction":[{"@type":"ReadAction","target":["https:\/\/www.escapadarural.com\/blog\/cerezos-en-flor-del-valle-del-jerte\/"]}]},{"@type":"ImageObject","inLanguage":"es","@id":"https:\/\/www.escapadarural.com\/blog\/cerezos-en-flor-del-valle-del-jerte\/#primaryimage","url":"https:\/\/www.escapadarural.com\/blog\/wp-content\/uploads\/2018\/03\/cerezos-en-flor-valle-del-jerte-9.jpg","contentUrl":"https:\/\/www.escapadarural.com\/blog\/wp-content\/uploads\/2018\/03\/cerezos-en-flor-valle-del-jerte-9.jpg","width":900,"height":579,"caption":"Por V\u00edctor Ferrando"},{"@type":"BreadcrumbList","@id":"https:\/\/www.escapadarural.com\/blog\/cerezos-en-flor-del-valle-del-jerte\/#breadcrumb","itemListElement":[{"@type":"ListItem","position":1,"name":"Inicio","item":"https:\/\/www.escapadarural.com\/blog\/"},{"@type":"ListItem","position":2,"name":"Destinos","item":"https:\/\/www.escapadarural.com\/blog\/categoria\/destinos\/"},{"@type":"ListItem","position":3,"name":"Cu\u00e1ndo ver los cerezos en flor del Valle del Jerte"}]},{"@type":"WebSite","@id":"https:\/\/www.escapadarural.com\/blog\/#website","url":"https:\/\/www.escapadarural.com\/blog\/","name":"Blog de viajes | turismo rural, alojamientos e inspiraci\u00f3n","description":"Alojamientos rurales e inspiraci\u00f3n para tus escapadas","publisher":{"@id":"https:\/\/www.escapadarural.com\/blog\/#organization"},"alternateName":"Magazine de viajes de EscapadaRural","potentialAction":[{"@type":"SearchAction","target":{"@type":"EntryPoint","urlTemplate":"https:\/\/www.escapadarural.com\/blog\/?s={search_term_string}"},"query-input":{"@type":"PropertyValueSpecification","valueRequired":true,"valueName":"search_term_string"}}],"inLanguage":"es"},{"@type":"Organization","@id":"https:\/\/www.escapadarural.com\/blog\/#organization","name":"EscapadaRural","url":"https:\/\/www.escapadarural.com\/blog\/","logo":{"@type":"ImageObject","inLanguage":"es","@id":"https:\/\/www.escapadarural.com\/blog\/#\/schema\/logo\/image\/","url":"https:\/\/www.escapadarural.com\/blog\/wp-content\/uploads\/2024\/10\/cropped-cropped-escapada-rural-icon-mag-3.png","contentUrl":"https:\/\/www.escapadarural.com\/blog\/wp-content\/uploads\/2024\/10\/cropped-cropped-escapada-rural-icon-mag-3.png","width":512,"height":512,"caption":"EscapadaRural"},"image":{"@id":"https:\/\/www.escapadarural.com\/blog\/#\/schema\/logo\/image\/"},"sameAs":["https:\/\/www.facebook.com\/escapadarural","https:\/\/www.instagram.com\/escapadarural\/","https:\/\/www.youtube.com\/@escapadaruralcom"]},{"@type":"Person","@id":"https:\/\/www.escapadarural.com\/blog\/#\/schema\/person\/de7f84eecf712cc79327d46a6a8ad14d","name":"V\u00edctor Ferrando","image":{"@type":"ImageObject","inLanguage":"es","@id":"https:\/\/secure.gravatar.com\/avatar\/894ca87f82452fc2d4e81b2b17e7c1651aa21730a6865c35cb6c6e237a4a2f4f?s=96&d=mm&r=g","url":"https:\/\/secure.gravatar.com\/avatar\/894ca87f82452fc2d4e81b2b17e7c1651aa21730a6865c35cb6c6e237a4a2f4f?s=96&d=mm&r=g","contentUrl":"https:\/\/secure.gravatar.com\/avatar\/894ca87f82452fc2d4e81b2b17e7c1651aa21730a6865c35cb6c6e237a4a2f4f?s=96&d=mm&r=g","caption":"V\u00edctor Ferrando"},"url":"https:\/\/www.escapadarural.com\/blog\/autor\/victorferrando\/"}]}},"_links":{"self":[{"href":"https:\/\/www.escapadarural.com\/blog\/wp-json\/wp\/v2\/posts\/8185","targetHints":{"allow":["GET"]}}],"collection":[{"href":"https:\/\/www.escapadarural.com\/blog\/wp-json\/wp\/v2\/posts"}],"about":[{"href":"https:\/\/www.escapadarural.com\/blog\/wp-json\/wp\/v2\/types\/post"}],"author":[{"embeddable":true,"href":"https:\/\/www.escapadarural.com\/blog\/wp-json\/wp\/v2\/users\/103"}],"replies":[{"embeddable":true,"href":"https:\/\/www.escapadarural.com\/blog\/wp-json\/wp\/v2\/comments?post=8185"}],"version-history":[{"count":0,"href":"https:\/\/www.escapadarural.com\/blog\/wp-json\/wp\/v2\/posts\/8185\/revisions"}],"wp:featuredmedia":[{"embeddable":true,"href":"https:\/\/www.escapadarural.com\/blog\/wp-json\/wp\/v2\/media\/27416"}],"wp:attachment":[{"href":"https:\/\/www.escapadarural.com\/blog\/wp-json\/wp\/v2\/media?parent=8185"}],"wp:term":[{"taxonomy":"category","embeddable":true,"href":"https:\/\/www.escapadarural.com\/blog\/wp-json\/wp\/v2\/categories?post=8185"},{"taxonomy":"post_tag","embeddable":true,"href":"https:\/\/www.escapadarural.com\/blog\/wp-json\/wp\/v2\/tags?post=8185"}],"curies":[{"name":"wp","href":"https:\/\/api.w.org\/{rel}","templated":true}]}}