{"id":81914,"date":"2024-09-23T08:00:00","date_gmt":"2024-09-23T07:00:00","guid":{"rendered":"https:\/\/www.escapadarural.com\/blog\/?p=81914"},"modified":"2025-03-12T17:59:45","modified_gmt":"2025-03-12T15:59:45","slug":"bolibar-pueblo-vasco-nombre-bolivia","status":"publish","type":"post","link":"https:\/\/www.escapadarural.com\/blog\/bolibar-pueblo-vasco-nombre-bolivia\/","title":{"rendered":"Bolibar, el pueblo vasco que acab\u00f3 dando nombre a Bolivia"},"content":{"rendered":"\n<figure class=\"wp-block-image size-large\"><img decoding=\"async\" src=\"https:\/\/www.escapadarural.com\/blog\/wp-content\/uploads\/2024\/10\/AdobeStock_258974108-1024x683-9.jpeg\" alt=\"El pueblo de Bolibar\" class=\"wp-image-81917\"\/><figcaption class=\"wp-element-caption\">El pueblo de Bolibar. Por Imagenatural<\/figcaption><\/figure>\n\n\n\n<p>En el interior de <a href=\"\/casas-rurales\/vizcaya\">Vizcaya<\/a>, a 50 kil\u00f3metros de Bilbao, est\u00e1 el municipio de Ziortza-Bolibar. De apenas 400 habitantes, no es de los m\u00e1s conocidos del Pa\u00eds Vasco y su nombre seguramente no te suene. Ahora bien, \u00bfqu\u00e9 te parece si te decimos que de este peque\u00f1o n\u00facleo poblacional sali\u00f3 la <strong>raz\u00f3n de que Bolivia, al otro lado del Atl\u00e1ntico, se llame as\u00ed<\/strong>?<\/p>\n\n\n\n<p>Aunque es un hecho bastante desconocido, lo cierto es que los antecesores de Sim\u00f3n Bol\u00edvar \u2018el Libertador\u2019 eran de este pueblecito vasco. De ah\u00ed viene su apellido: <em>Bolibar<\/em>, ya que en euskera no existen ni los acentos ni las uves. Su familia lo castellaniz\u00f3 una vez asentada en las Am\u00e9ricas. Este hecho no pasa por alto en la localidad que export\u00f3 el apellido, hasta el punto en que hoy exhiben <strong>diferentes monumentos dedicados al l\u00edder<\/strong> que contribuy\u00f3 a la independencia de Venezuela, Colombia, Ecuador, Per\u00fa, Panam\u00e1 y Bolivia en el siglo XIX. Te acercamos esta historia tan curiosa.<\/p>\n\n\n\n<div class=\"wp-block-buttons is-layout-flex wp-block-buttons-is-layout-flex\">\n<div class=\"wp-block-button\"><a class=\"wp-block-button__link wp-element-button\" href=\"\/casas-rurales\/bolibar\">Alojamientos rurales en Ziortza-Bolibar<\/a><\/div>\n<\/div>\n\n\n\n<h2 class=\"wp-block-heading\" id=\"h-una-emigracion-clave-en-el-siglo-xvi\"><strong>Una emigraci\u00f3n clave en el siglo XVI<\/strong><\/h2>\n\n\n\n<figure class=\"wp-block-image size-large\"><img decoding=\"async\" src=\"https:\/\/www.escapadarural.com\/blog\/wp-content\/uploads\/2024\/10\/AdobeStock_258974193-1024x683-10.jpeg\" alt=\"Panor\u00e1mica del pueblo de Bolibar\" class=\"wp-image-81920\"\/><figcaption class=\"wp-element-caption\">Vista panor\u00e1mica de Bolibar. Por Imagenatural<\/figcaption><\/figure>\n\n\n\n<p>A mediados del siglo XVI, muchos vascos iniciaron una emigraci\u00f3n hacia las Am\u00e9ricas en busca de fortuna. Sim\u00f3n \u201cel Viejo\u201d, hijo del caser\u00edo Errementarikua (del Herrero) de Bolibar, <strong>parti\u00f3 hacia Santo Domingo<\/strong>. En aquel viaje que seguro que tuvo sus complicaciones \u2013entonces el crucero no ten\u00eda ni servicio de cafeter\u00eda, ni internet, ni <em>sol\u00e1rium<\/em>-, no llegar\u00eda a hacerse la idea de lo trascendental que ser\u00eda su incursi\u00f3n en el devenir de la Historia universal y, concretamente, de Sudam\u00e9rica.<\/p>\n\n\n\n<p>Damos un salto temporal para llegar hasta <strong>su descendiente Sim\u00f3n Bol\u00edvar<\/strong>, que naci\u00f3 en Caracas (Venezuela) en 1783. Su recorrido por diferentes batallas por el continente y su papel esencial en ellas hizo que se ganara el apodo de \u201cel Libertador\u201d. De su nombre \u2013y, por extensi\u00f3n, del pueblo vasco de Bolibar- deriv\u00f3 la denominaci\u00f3n de pa\u00edses sudamericanos como la Rep\u00fablica Bolivariana de Venezuela o la misma Bolivia (antes Rep\u00fablica de Bol\u00edvar o Rep\u00fablica Bol\u00edvar).<\/p>\n\n\n\n<blockquote class=\"wp-block-quote is-layout-flow wp-block-quote-is-layout-flow\">\n<p>El gobierno de Venezuela mand\u00f3 erigir un monolito en honor de Sim\u00f3n Bol\u00edvar en 1927 en la plaza de Bolibar y financi\u00f3 la construcci\u00f3n de escuelas y del front\u00f3n<\/p>\n<\/blockquote>\n\n\n\n<p>Curiosamente, <strong>los pa\u00edses de Am\u00e9rica del Sur nunca se olvidaron del pueblo de origen<\/strong> del personaje militar, hoy llamado oficialmente Ziortza-Bolibar, al que han agradecido con diferentes gestos haber \u201cparido\u201d a los Bol\u00edvar. As\u00ed, como explican desde el mismo Ayuntamiento de Ziortza-Bolibar, el Gobierno de Venezuela mand\u00f3 erigir un <strong>monolito en honor de Sim\u00f3n Bol\u00edvar<\/strong> en 1927 en la plaza de Bolibar, donde a\u00fan permanece. Ya en la d\u00e9cada de los 50, desde el otro lado del Atl\u00e1ntico ayudaron a financiar la construcci\u00f3n de las escuelas y del front\u00f3n de Bolibar.<\/p>\n\n\n\n<h2 class=\"wp-block-heading\" id=\"h-los-monumentos-a-simon-bolivar-en-bolibar\"><strong>Los monumentos a Sim\u00f3n Bol\u00edvar en Bolibar<\/strong><\/h2>\n\n\n\n<figure class=\"wp-block-image size-large\"><img decoding=\"async\" src=\"https:\/\/www.escapadarural.com\/blog\/wp-content\/uploads\/2024\/10\/bol-1024x683-9.jpg\" alt=\"Cer\u00e1mica de Bolibar\" class=\"wp-image-81924\"\/><figcaption class=\"wp-element-caption\">Cer\u00e1mica de Bolibar. Por txakel<\/figcaption><\/figure>\n\n\n\n<p>Podemos decir que los grandes atractivos tur\u00edsticos del n\u00facleo de Bolibar son, en la actualidad, los que recuerdan la figura del conocido como \u201cel Libertador\u201d de Am\u00e9rica del Sur. Como dec\u00edamos, en la plaza central est\u00e1 el monolito en homenaje a Sim\u00f3n Bol\u00edvar, obra del arquitecto Pedro Ispizua y en el que figura el tradicional escudo familiar vasco y un bajorrelieve en bronce con la figura del \u201cLibertador\u201d. Por otro lado, en el siglo XVI se erigi\u00f3, sobre el solar que habitaron los antiguos Bolibar, un <strong>palacio de estilo renacentista<\/strong>, que conserva dos ventanas con la forma primitiva y en una de ellas se puede leer la fecha \u201c1542\u201d.<\/p>\n\n\n\n<p>A\u00fan hay m\u00e1s. Coincidiendo con la efem\u00e9ride de los 200 a\u00f1os del nacimiento del h\u00e9roe en Sudam\u00e9rica, en 1983 se inaugur\u00f3 el <strong>Museo Sim\u00f3n Bol\u00edvar<\/strong> en el <a href=\"https:\/\/www.escapadarural.com\/blog\/eguzkilores-caserios-pais-vasco\" target=\"_blank\" rel=\"noreferrer noopener\">caser\u00edo<\/a> Errementarikua. En la puerta de la entrada se exhibe un busto del personaje. La primera planta es, en realidad, una muestra etnogr\u00e1fica que exhibe <strong>c\u00f3mo era la vida en Bolibar<\/strong> y en la comarca durante la Edad Media, con interesantes elementos de la \u00e9poca. Una segunda planta est\u00e1 dedicada, ahora s\u00ed, a la trayectoria personal y pol\u00edtica de Sim\u00f3n Bol\u00edvar \u201cel Libertador\u201d; tambi\u00e9n se pueden ver colecciones de la historia de Venezuela.<\/p>\n\n\n\n<p>La entrada al <a href=\"https:\/\/simonbolivarmuseoa.com\/\" target=\"_blank\" rel=\"noreferrer noopener nofollow\">Museo Sim\u00f3n Bol\u00edvar<\/a> es gratuita y abre de martes a viernes de 10h a 13h. Los s\u00e1bados, domingos y festivos es visitable de 12h a 14h. Solo abre por las tardes en julio y agosto, de 17h a 19h. Los lunes est\u00e1 cerrado.<\/p>\n\n\n\n<h2 class=\"wp-block-heading\" id=\"h-el-otro-gran-atractivo-de-bolibar-el-monasterio-de-zenarruza\"><strong>El otro gran atractivo de Bolibar: el monasterio de Zenarruza<\/strong><\/h2>\n\n\n\n<p>En Bolibar tambi\u00e9n podemos visitar otro elemento patrimonial de gran valor: el monasterio de Zenarruza, un <strong>templo g\u00f3tico<\/strong> del que se han encontrado restos del siglo XI. Se trata de un conjunto religioso que antes era una colegiata y que hoy est\u00e1 integrado por una iglesia, un claustro, una hospeder\u00eda, la casa del abad, las casas de colonos, dos puertas de acceso y dependencias que albergan la comunidad cisterciense, as\u00ed como las antiguas casas de can\u00f3nigos y el patio.<\/p>\n\n\n\n<figure class=\"wp-block-image size-large\"><img decoding=\"async\" src=\"https:\/\/www.escapadarural.com\/blog\/wp-content\/uploads\/2024\/10\/AdobeStock_258974181-1024x683-10.jpeg\" alt=\"Monasterio de Zenarruza, en Bolibar\" class=\"wp-image-81918\"\/><figcaption class=\"wp-element-caption\">Monasterio de Zenarruza. Por Imagenatural<\/figcaption><\/figure>\n\n\n\n<p>Este conjunto est\u00e1 <strong>declarado Monumento Nacional de Euskadi<\/strong> y en la actualidad es punto de paso de muchos peregrinos que hacen el Camino de Santiago del Norte, ya que tiene alojamiento para ellos. Los mismos monjes del lugar son quienes cuidan a los visitantes, prepar\u00e1ndoles la cena y el desayuno. Adem\u00e1s, los que quieran (no es obligatorio), pueden participar en la liturgia de la comunidad en la iglesia. Tambi\u00e9n hay servicio de hospeder\u00eda con pensi\u00f3n abierto al p\u00fablico general.<\/p>\n\n\n\n<p>La edificaci\u00f3n es muy bonita, pero el enclave la hace a\u00fan m\u00e1s impresionante, entre verdes prados. Seg\u00fan la leyenda, la construcci\u00f3n se levant\u00f3 en este precioso emplazamiento por la <strong>indicaci\u00f3n de un \u00e1guila<\/strong> que tom\u00f3 una calavera en una ermita (la de Santa Luc\u00eda de Garai, en Gerrikaitz) y la dej\u00f3 caer sobre esta loma. Sea como fuere, hoy es un lugar muy apropiado para dedicarse a la espiritualidad o, simplemente, descansar y relajarse. Abre de lunes a s\u00e1bados de 10.15h a 13.30h y de 16h a 19h.<\/p>\n\n\n\n<figure class=\"wp-block-image size-large\"><img decoding=\"async\" src=\"https:\/\/www.escapadarural.com\/blog\/wp-content\/uploads\/2024\/10\/AdobeStock_264377894-1024x683-10.jpeg\" alt=\"Monasterio de Zenarruza, en Bolibar\" class=\"wp-image-81919\"\/><figcaption class=\"wp-element-caption\">Monasterio de Zenarruza. Por Imagenatural<\/figcaption><\/figure>\n\n\n\n<p>Por aqu\u00ed tambi\u00e9n pasa la \u201c<strong>Ruta del vino y del pescado<\/strong>\u201d, que une Ziortza-Bolibar con Ondarroa y Lekeitio, ambos en la costa, un recorrido por las rutas comerciales de trueque de estos productos.<\/p>\n\n\n\n<p>Se puede llegar en coche hasta el mismo monasterio. Eso s\u00ed, los que lleguen haciendo el Camino de Santiago deben estar prevenidos de que les espera una <strong>subida de unos 150 metros<\/strong> por unas escaleras hasta el templo.<\/p>\n","protected":false},"excerpt":{"rendered":"<p>En el interior de Vizcaya, a 50 kil\u00f3metros de Bilbao, est\u00e1 el municipio de Ziortza &#8211; Bolibar. De apenas 400 habitantes, dio nombre a Bolivia, al otro lado del Atl\u00e1ntico<\/p>\n","protected":false},"author":123,"featured_media":87133,"comment_status":"open","ping_status":"open","sticky":false,"template":"","format":"standard","meta":{"_acf_changed":false,"om_disable_all_campaigns":false,"footnotes":""},"categories":[191],"tags":[5864,5865,440,450,212,737,5866],"class_list":["post-81914","post","type-post","status-publish","format-standard","has-post-thumbnail","hentry","category-destinos","tag-bolibar","tag-bolivia","tag-historias-y-curiosidades","tag-que-ver-en-pais-vasco","tag-pueblos","tag-que-ver-en-vizcaya","tag-zenarruza"],"acf":[],"featured_image_src":"https:\/\/www.escapadarural.com\/blog\/wp-content\/uploads\/2024\/10\/AdobeStock_258974108-1024x683-9.jpeg","author_info":{"display_name":"Raquel Andr\u00e9s","author_link":"https:\/\/www.escapadarural.com\/blog\/autor\/raquel\/"},"yoast_head":"<!-- This site is optimized with the Yoast SEO plugin v27.5 - https:\/\/yoast.com\/product\/yoast-seo-wordpress\/ -->\n<title>Bolibar, el pueblo vasco que acab\u00f3 dando nombre a Bolivia - EscapadaRural<\/title>\n<meta name=\"robots\" content=\"index, follow, max-snippet:-1, max-image-preview:large, max-video-preview:-1\" \/>\n<link rel=\"canonical\" href=\"https:\/\/www.escapadarural.com\/blog\/bolibar-pueblo-vasco-nombre-bolivia\/\" \/>\n<meta property=\"og:locale\" content=\"es_ES\" \/>\n<meta property=\"og:type\" content=\"article\" \/>\n<meta property=\"og:title\" content=\"Bolibar, el pueblo vasco que acab\u00f3 dando nombre a Bolivia - EscapadaRural\" \/>\n<meta property=\"og:description\" content=\"En el interior de Vizcaya, a 50 kil\u00f3metros de Bilbao, est\u00e1 el municipio de Ziortza - Bolibar. De apenas 400 habitantes, dio nombre a Bolivia, al otro lado del Atl\u00e1ntico\" \/>\n<meta property=\"og:url\" content=\"https:\/\/www.escapadarural.com\/blog\/bolibar-pueblo-vasco-nombre-bolivia\/\" \/>\n<meta property=\"og:site_name\" content=\"Magazine de viajes de EscapadaRural\" \/>\n<meta property=\"article:publisher\" content=\"https:\/\/www.facebook.com\/escapadarural\" \/>\n<meta property=\"article:published_time\" content=\"2024-09-23T07:00:00+00:00\" \/>\n<meta property=\"article:modified_time\" content=\"2025-03-12T15:59:45+00:00\" \/>\n<meta property=\"og:image\" content=\"https:\/\/www.escapadarural.com\/blog\/wp-content\/uploads\/2024\/10\/AdobeStock_258974108-1024x683-9.jpeg\" \/>\n\t<meta property=\"og:image:width\" content=\"1024\" \/>\n\t<meta property=\"og:image:height\" content=\"683\" \/>\n\t<meta property=\"og:image:type\" content=\"image\/jpeg\" \/>\n<meta name=\"author\" content=\"Raquel Andr\u00e9s\" \/>\n<meta name=\"twitter:card\" content=\"summary_large_image\" \/>\n<meta name=\"twitter:label1\" content=\"Escrito por\" \/>\n\t<meta name=\"twitter:data1\" content=\"Raquel Andr\u00e9s\" \/>\n\t<meta name=\"twitter:label2\" content=\"Tiempo de lectura\" \/>\n\t<meta name=\"twitter:data2\" content=\"6 minutos\" \/>\n<script type=\"application\/ld+json\" class=\"yoast-schema-graph\">{\"@context\":\"https:\\\/\\\/schema.org\",\"@graph\":[{\"@type\":\"Article\",\"@id\":\"https:\\\/\\\/www.escapadarural.com\\\/blog\\\/bolibar-pueblo-vasco-nombre-bolivia\\\/#article\",\"isPartOf\":{\"@id\":\"https:\\\/\\\/www.escapadarural.com\\\/blog\\\/bolibar-pueblo-vasco-nombre-bolivia\\\/\"},\"author\":{\"name\":\"Raquel Andr\u00e9s\",\"@id\":\"https:\\\/\\\/www.escapadarural.com\\\/blog\\\/#\\\/schema\\\/person\\\/67be061eb00d8315fa8642e01b88c894\"},\"headline\":\"Bolibar, el pueblo vasco que acab\u00f3 dando nombre a Bolivia\",\"datePublished\":\"2024-09-23T07:00:00+00:00\",\"dateModified\":\"2025-03-12T15:59:45+00:00\",\"mainEntityOfPage\":{\"@id\":\"https:\\\/\\\/www.escapadarural.com\\\/blog\\\/bolibar-pueblo-vasco-nombre-bolivia\\\/\"},\"wordCount\":1155,\"commentCount\":0,\"publisher\":{\"@id\":\"https:\\\/\\\/www.escapadarural.com\\\/blog\\\/#organization\"},\"image\":{\"@id\":\"https:\\\/\\\/www.escapadarural.com\\\/blog\\\/bolibar-pueblo-vasco-nombre-bolivia\\\/#primaryimage\"},\"thumbnailUrl\":\"https:\\\/\\\/www.escapadarural.com\\\/blog\\\/wp-content\\\/uploads\\\/2024\\\/10\\\/AdobeStock_258974108-1024x683-9.jpeg\",\"keywords\":[\"bolibar\",\"bolivia\",\"Historias y Curiosidades\",\"Pa\u00eds Vasco\",\"pueblos\",\"Vizcaya\",\"zenarruza\"],\"articleSection\":[\"Destinos\"],\"inLanguage\":\"es\",\"potentialAction\":[{\"@type\":\"CommentAction\",\"name\":\"Comment\",\"target\":[\"https:\\\/\\\/www.escapadarural.com\\\/blog\\\/bolibar-pueblo-vasco-nombre-bolivia\\\/#respond\"]}]},{\"@type\":\"WebPage\",\"@id\":\"https:\\\/\\\/www.escapadarural.com\\\/blog\\\/bolibar-pueblo-vasco-nombre-bolivia\\\/\",\"url\":\"https:\\\/\\\/www.escapadarural.com\\\/blog\\\/bolibar-pueblo-vasco-nombre-bolivia\\\/\",\"name\":\"Bolibar, el pueblo vasco que acab\u00f3 dando nombre a Bolivia - EscapadaRural\",\"isPartOf\":{\"@id\":\"https:\\\/\\\/www.escapadarural.com\\\/blog\\\/#website\"},\"primaryImageOfPage\":{\"@id\":\"https:\\\/\\\/www.escapadarural.com\\\/blog\\\/bolibar-pueblo-vasco-nombre-bolivia\\\/#primaryimage\"},\"image\":{\"@id\":\"https:\\\/\\\/www.escapadarural.com\\\/blog\\\/bolibar-pueblo-vasco-nombre-bolivia\\\/#primaryimage\"},\"thumbnailUrl\":\"https:\\\/\\\/www.escapadarural.com\\\/blog\\\/wp-content\\\/uploads\\\/2024\\\/10\\\/AdobeStock_258974108-1024x683-9.jpeg\",\"datePublished\":\"2024-09-23T07:00:00+00:00\",\"dateModified\":\"2025-03-12T15:59:45+00:00\",\"breadcrumb\":{\"@id\":\"https:\\\/\\\/www.escapadarural.com\\\/blog\\\/bolibar-pueblo-vasco-nombre-bolivia\\\/#breadcrumb\"},\"inLanguage\":\"es\",\"potentialAction\":[{\"@type\":\"ReadAction\",\"target\":[\"https:\\\/\\\/www.escapadarural.com\\\/blog\\\/bolibar-pueblo-vasco-nombre-bolivia\\\/\"]}]},{\"@type\":\"ImageObject\",\"inLanguage\":\"es\",\"@id\":\"https:\\\/\\\/www.escapadarural.com\\\/blog\\\/bolibar-pueblo-vasco-nombre-bolivia\\\/#primaryimage\",\"url\":\"https:\\\/\\\/www.escapadarural.com\\\/blog\\\/wp-content\\\/uploads\\\/2024\\\/10\\\/AdobeStock_258974108-1024x683-9.jpeg\",\"contentUrl\":\"https:\\\/\\\/www.escapadarural.com\\\/blog\\\/wp-content\\\/uploads\\\/2024\\\/10\\\/AdobeStock_258974108-1024x683-9.jpeg\",\"width\":1024,\"height\":683,\"caption\":\"Una peque\u00f1a plaza con un monumento hist\u00f3rico de piedra, edificios tradicionales de dos plantas con balcones de madera y un tel\u00f3n de fondo de verdes colinas cubiertas de \u00e1rboles bajo un cielo azul.\"},{\"@type\":\"BreadcrumbList\",\"@id\":\"https:\\\/\\\/www.escapadarural.com\\\/blog\\\/bolibar-pueblo-vasco-nombre-bolivia\\\/#breadcrumb\",\"itemListElement\":[{\"@type\":\"ListItem\",\"position\":1,\"name\":\"Inicio\",\"item\":\"https:\\\/\\\/www.escapadarural.com\\\/blog\\\/\"},{\"@type\":\"ListItem\",\"position\":2,\"name\":\"Destinos\",\"item\":\"https:\\\/\\\/www.escapadarural.com\\\/blog\\\/categoria\\\/destinos\\\/\"},{\"@type\":\"ListItem\",\"position\":3,\"name\":\"Bolibar, el pueblo vasco que acab\u00f3 dando nombre a Bolivia\"}]},{\"@type\":\"WebSite\",\"@id\":\"https:\\\/\\\/www.escapadarural.com\\\/blog\\\/#website\",\"url\":\"https:\\\/\\\/www.escapadarural.com\\\/blog\\\/\",\"name\":\"Blog de viajes | turismo rural, alojamientos e inspiraci\u00f3n\",\"description\":\"Alojamientos rurales e inspiraci\u00f3n para tus escapadas\",\"publisher\":{\"@id\":\"https:\\\/\\\/www.escapadarural.com\\\/blog\\\/#organization\"},\"alternateName\":\"Magazine de viajes de EscapadaRural\",\"potentialAction\":[{\"@type\":\"SearchAction\",\"target\":{\"@type\":\"EntryPoint\",\"urlTemplate\":\"https:\\\/\\\/www.escapadarural.com\\\/blog\\\/?s={search_term_string}\"},\"query-input\":{\"@type\":\"PropertyValueSpecification\",\"valueRequired\":true,\"valueName\":\"search_term_string\"}}],\"inLanguage\":\"es\"},{\"@type\":\"Organization\",\"@id\":\"https:\\\/\\\/www.escapadarural.com\\\/blog\\\/#organization\",\"name\":\"EscapadaRural\",\"url\":\"https:\\\/\\\/www.escapadarural.com\\\/blog\\\/\",\"logo\":{\"@type\":\"ImageObject\",\"inLanguage\":\"es\",\"@id\":\"https:\\\/\\\/www.escapadarural.com\\\/blog\\\/#\\\/schema\\\/logo\\\/image\\\/\",\"url\":\"https:\\\/\\\/www.escapadarural.com\\\/blog\\\/wp-content\\\/uploads\\\/2024\\\/10\\\/cropped-cropped-escapada-rural-icon-mag-3.png\",\"contentUrl\":\"https:\\\/\\\/www.escapadarural.com\\\/blog\\\/wp-content\\\/uploads\\\/2024\\\/10\\\/cropped-cropped-escapada-rural-icon-mag-3.png\",\"width\":512,\"height\":512,\"caption\":\"EscapadaRural\"},\"image\":{\"@id\":\"https:\\\/\\\/www.escapadarural.com\\\/blog\\\/#\\\/schema\\\/logo\\\/image\\\/\"},\"sameAs\":[\"https:\\\/\\\/www.facebook.com\\\/escapadarural\",\"https:\\\/\\\/www.instagram.com\\\/escapadarural\\\/\",\"https:\\\/\\\/www.youtube.com\\\/@escapadaruralcom\"]},{\"@type\":\"Person\",\"@id\":\"https:\\\/\\\/www.escapadarural.com\\\/blog\\\/#\\\/schema\\\/person\\\/67be061eb00d8315fa8642e01b88c894\",\"name\":\"Raquel Andr\u00e9s\",\"image\":{\"@type\":\"ImageObject\",\"inLanguage\":\"es\",\"@id\":\"https:\\\/\\\/secure.gravatar.com\\\/avatar\\\/b45840531462f3cafb335a9fc5c0bfda2c07c3df4b82b304b923526b85cc6cb5?s=96&d=mm&r=g\",\"url\":\"https:\\\/\\\/secure.gravatar.com\\\/avatar\\\/b45840531462f3cafb335a9fc5c0bfda2c07c3df4b82b304b923526b85cc6cb5?s=96&d=mm&r=g\",\"contentUrl\":\"https:\\\/\\\/secure.gravatar.com\\\/avatar\\\/b45840531462f3cafb335a9fc5c0bfda2c07c3df4b82b304b923526b85cc6cb5?s=96&d=mm&r=g\",\"caption\":\"Raquel Andr\u00e9s\"},\"description\":\"Periodista y aventurera. Me has podido leer en Escapada Rural, Diari Nosaltres La Veu, La Vanguardia, El Salto y otros medios. Habitante y amante de las zonas rurales, sea cual sea el destino. Procuro escaparme una vez por semana con las botas de monta\u00f1a, el arn\u00e9s o el neopreno. Tambi\u00e9n soy un intento de baserritarra.\",\"url\":\"https:\\\/\\\/www.escapadarural.com\\\/blog\\\/autor\\\/raquel\\\/\"}]}<\/script>\n<!-- \/ Yoast SEO plugin. -->","yoast_head_json":{"title":"Bolibar, el pueblo vasco que acab\u00f3 dando nombre a Bolivia - EscapadaRural","robots":{"index":"index","follow":"follow","max-snippet":"max-snippet:-1","max-image-preview":"max-image-preview:large","max-video-preview":"max-video-preview:-1"},"canonical":"https:\/\/www.escapadarural.com\/blog\/bolibar-pueblo-vasco-nombre-bolivia\/","og_locale":"es_ES","og_type":"article","og_title":"Bolibar, el pueblo vasco que acab\u00f3 dando nombre a Bolivia - EscapadaRural","og_description":"En el interior de Vizcaya, a 50 kil\u00f3metros de Bilbao, est\u00e1 el municipio de Ziortza - Bolibar. De apenas 400 habitantes, dio nombre a Bolivia, al otro lado del Atl\u00e1ntico","og_url":"https:\/\/www.escapadarural.com\/blog\/bolibar-pueblo-vasco-nombre-bolivia\/","og_site_name":"Magazine de viajes de EscapadaRural","article_publisher":"https:\/\/www.facebook.com\/escapadarural","article_published_time":"2024-09-23T07:00:00+00:00","article_modified_time":"2025-03-12T15:59:45+00:00","og_image":[{"width":1024,"height":683,"url":"https:\/\/www.escapadarural.com\/blog\/wp-content\/uploads\/2024\/10\/AdobeStock_258974108-1024x683-9.jpeg","type":"image\/jpeg"}],"author":"Raquel Andr\u00e9s","twitter_card":"summary_large_image","twitter_misc":{"Escrito por":"Raquel Andr\u00e9s","Tiempo de lectura":"6 minutos"},"schema":{"@context":"https:\/\/schema.org","@graph":[{"@type":"Article","@id":"https:\/\/www.escapadarural.com\/blog\/bolibar-pueblo-vasco-nombre-bolivia\/#article","isPartOf":{"@id":"https:\/\/www.escapadarural.com\/blog\/bolibar-pueblo-vasco-nombre-bolivia\/"},"author":{"name":"Raquel Andr\u00e9s","@id":"https:\/\/www.escapadarural.com\/blog\/#\/schema\/person\/67be061eb00d8315fa8642e01b88c894"},"headline":"Bolibar, el pueblo vasco que acab\u00f3 dando nombre a Bolivia","datePublished":"2024-09-23T07:00:00+00:00","dateModified":"2025-03-12T15:59:45+00:00","mainEntityOfPage":{"@id":"https:\/\/www.escapadarural.com\/blog\/bolibar-pueblo-vasco-nombre-bolivia\/"},"wordCount":1155,"commentCount":0,"publisher":{"@id":"https:\/\/www.escapadarural.com\/blog\/#organization"},"image":{"@id":"https:\/\/www.escapadarural.com\/blog\/bolibar-pueblo-vasco-nombre-bolivia\/#primaryimage"},"thumbnailUrl":"https:\/\/www.escapadarural.com\/blog\/wp-content\/uploads\/2024\/10\/AdobeStock_258974108-1024x683-9.jpeg","keywords":["bolibar","bolivia","Historias y Curiosidades","Pa\u00eds Vasco","pueblos","Vizcaya","zenarruza"],"articleSection":["Destinos"],"inLanguage":"es","potentialAction":[{"@type":"CommentAction","name":"Comment","target":["https:\/\/www.escapadarural.com\/blog\/bolibar-pueblo-vasco-nombre-bolivia\/#respond"]}]},{"@type":"WebPage","@id":"https:\/\/www.escapadarural.com\/blog\/bolibar-pueblo-vasco-nombre-bolivia\/","url":"https:\/\/www.escapadarural.com\/blog\/bolibar-pueblo-vasco-nombre-bolivia\/","name":"Bolibar, el pueblo vasco que acab\u00f3 dando nombre a Bolivia - EscapadaRural","isPartOf":{"@id":"https:\/\/www.escapadarural.com\/blog\/#website"},"primaryImageOfPage":{"@id":"https:\/\/www.escapadarural.com\/blog\/bolibar-pueblo-vasco-nombre-bolivia\/#primaryimage"},"image":{"@id":"https:\/\/www.escapadarural.com\/blog\/bolibar-pueblo-vasco-nombre-bolivia\/#primaryimage"},"thumbnailUrl":"https:\/\/www.escapadarural.com\/blog\/wp-content\/uploads\/2024\/10\/AdobeStock_258974108-1024x683-9.jpeg","datePublished":"2024-09-23T07:00:00+00:00","dateModified":"2025-03-12T15:59:45+00:00","breadcrumb":{"@id":"https:\/\/www.escapadarural.com\/blog\/bolibar-pueblo-vasco-nombre-bolivia\/#breadcrumb"},"inLanguage":"es","potentialAction":[{"@type":"ReadAction","target":["https:\/\/www.escapadarural.com\/blog\/bolibar-pueblo-vasco-nombre-bolivia\/"]}]},{"@type":"ImageObject","inLanguage":"es","@id":"https:\/\/www.escapadarural.com\/blog\/bolibar-pueblo-vasco-nombre-bolivia\/#primaryimage","url":"https:\/\/www.escapadarural.com\/blog\/wp-content\/uploads\/2024\/10\/AdobeStock_258974108-1024x683-9.jpeg","contentUrl":"https:\/\/www.escapadarural.com\/blog\/wp-content\/uploads\/2024\/10\/AdobeStock_258974108-1024x683-9.jpeg","width":1024,"height":683,"caption":"Una peque\u00f1a plaza con un monumento hist\u00f3rico de piedra, edificios tradicionales de dos plantas con balcones de madera y un tel\u00f3n de fondo de verdes colinas cubiertas de \u00e1rboles bajo un cielo azul."},{"@type":"BreadcrumbList","@id":"https:\/\/www.escapadarural.com\/blog\/bolibar-pueblo-vasco-nombre-bolivia\/#breadcrumb","itemListElement":[{"@type":"ListItem","position":1,"name":"Inicio","item":"https:\/\/www.escapadarural.com\/blog\/"},{"@type":"ListItem","position":2,"name":"Destinos","item":"https:\/\/www.escapadarural.com\/blog\/categoria\/destinos\/"},{"@type":"ListItem","position":3,"name":"Bolibar, el pueblo vasco que acab\u00f3 dando nombre a Bolivia"}]},{"@type":"WebSite","@id":"https:\/\/www.escapadarural.com\/blog\/#website","url":"https:\/\/www.escapadarural.com\/blog\/","name":"Blog de viajes | turismo rural, alojamientos e inspiraci\u00f3n","description":"Alojamientos rurales e inspiraci\u00f3n para tus escapadas","publisher":{"@id":"https:\/\/www.escapadarural.com\/blog\/#organization"},"alternateName":"Magazine de viajes de EscapadaRural","potentialAction":[{"@type":"SearchAction","target":{"@type":"EntryPoint","urlTemplate":"https:\/\/www.escapadarural.com\/blog\/?s={search_term_string}"},"query-input":{"@type":"PropertyValueSpecification","valueRequired":true,"valueName":"search_term_string"}}],"inLanguage":"es"},{"@type":"Organization","@id":"https:\/\/www.escapadarural.com\/blog\/#organization","name":"EscapadaRural","url":"https:\/\/www.escapadarural.com\/blog\/","logo":{"@type":"ImageObject","inLanguage":"es","@id":"https:\/\/www.escapadarural.com\/blog\/#\/schema\/logo\/image\/","url":"https:\/\/www.escapadarural.com\/blog\/wp-content\/uploads\/2024\/10\/cropped-cropped-escapada-rural-icon-mag-3.png","contentUrl":"https:\/\/www.escapadarural.com\/blog\/wp-content\/uploads\/2024\/10\/cropped-cropped-escapada-rural-icon-mag-3.png","width":512,"height":512,"caption":"EscapadaRural"},"image":{"@id":"https:\/\/www.escapadarural.com\/blog\/#\/schema\/logo\/image\/"},"sameAs":["https:\/\/www.facebook.com\/escapadarural","https:\/\/www.instagram.com\/escapadarural\/","https:\/\/www.youtube.com\/@escapadaruralcom"]},{"@type":"Person","@id":"https:\/\/www.escapadarural.com\/blog\/#\/schema\/person\/67be061eb00d8315fa8642e01b88c894","name":"Raquel Andr\u00e9s","image":{"@type":"ImageObject","inLanguage":"es","@id":"https:\/\/secure.gravatar.com\/avatar\/b45840531462f3cafb335a9fc5c0bfda2c07c3df4b82b304b923526b85cc6cb5?s=96&d=mm&r=g","url":"https:\/\/secure.gravatar.com\/avatar\/b45840531462f3cafb335a9fc5c0bfda2c07c3df4b82b304b923526b85cc6cb5?s=96&d=mm&r=g","contentUrl":"https:\/\/secure.gravatar.com\/avatar\/b45840531462f3cafb335a9fc5c0bfda2c07c3df4b82b304b923526b85cc6cb5?s=96&d=mm&r=g","caption":"Raquel Andr\u00e9s"},"description":"Periodista y aventurera. Me has podido leer en Escapada Rural, Diari Nosaltres La Veu, La Vanguardia, El Salto y otros medios. Habitante y amante de las zonas rurales, sea cual sea el destino. Procuro escaparme una vez por semana con las botas de monta\u00f1a, el arn\u00e9s o el neopreno. Tambi\u00e9n soy un intento de baserritarra.","url":"https:\/\/www.escapadarural.com\/blog\/autor\/raquel\/"}]}},"_links":{"self":[{"href":"https:\/\/www.escapadarural.com\/blog\/wp-json\/wp\/v2\/posts\/81914","targetHints":{"allow":["GET"]}}],"collection":[{"href":"https:\/\/www.escapadarural.com\/blog\/wp-json\/wp\/v2\/posts"}],"about":[{"href":"https:\/\/www.escapadarural.com\/blog\/wp-json\/wp\/v2\/types\/post"}],"author":[{"embeddable":true,"href":"https:\/\/www.escapadarural.com\/blog\/wp-json\/wp\/v2\/users\/123"}],"replies":[{"embeddable":true,"href":"https:\/\/www.escapadarural.com\/blog\/wp-json\/wp\/v2\/comments?post=81914"}],"version-history":[{"count":0,"href":"https:\/\/www.escapadarural.com\/blog\/wp-json\/wp\/v2\/posts\/81914\/revisions"}],"wp:featuredmedia":[{"embeddable":true,"href":"https:\/\/www.escapadarural.com\/blog\/wp-json\/wp\/v2\/media\/87133"}],"wp:attachment":[{"href":"https:\/\/www.escapadarural.com\/blog\/wp-json\/wp\/v2\/media?parent=81914"}],"wp:term":[{"taxonomy":"category","embeddable":true,"href":"https:\/\/www.escapadarural.com\/blog\/wp-json\/wp\/v2\/categories?post=81914"},{"taxonomy":"post_tag","embeddable":true,"href":"https:\/\/www.escapadarural.com\/blog\/wp-json\/wp\/v2\/tags?post=81914"}],"curies":[{"name":"wp","href":"https:\/\/api.w.org\/{rel}","templated":true}]}}