{"id":81983,"date":"2024-09-17T07:01:00","date_gmt":"2024-09-17T06:01:00","guid":{"rendered":"https:\/\/www.escapadarural.com\/blog\/?p=81983"},"modified":"2025-03-12T18:02:18","modified_gmt":"2025-03-12T16:02:18","slug":"playas-con-leyenda-negra","status":"publish","type":"post","link":"https:\/\/www.escapadarural.com\/blog\/playas-con-leyenda-negra\/","title":{"rendered":"3 playas con leyenda negra en Espa\u00f1a que hoy lucen hermosas y radiantes"},"content":{"rendered":"\n<figure class=\"wp-block-image size-full\"><a href=\"https:\/\/www.escapadarural.com\/blog\/wp-content\/uploads\/2024\/10\/MuxiaLourido_JuliaMunozLozano_AdobeStock_287556574_WP07-7.webp\"><img decoding=\"async\" src=\"https:\/\/www.escapadarural.com\/blog\/wp-content\/uploads\/2024\/10\/MuxiaLourido_JuliaMunozLozano_AdobeStock_287556574_WP07-7.webp\" alt=\"Playas con leyenda negra: playa de Lourido (Mux\u00eda), una de las primeras en recibir el chapapote del Prestige en 2002.\" class=\"wp-image-82040\"\/><\/a><figcaption class=\"wp-element-caption\">Playa de Lourido (Mux\u00eda), una de las primeras en recibir el chapapote del Prestige en 2002. Por Julia Mu\u00f1oz Lozano.<\/figcaption><\/figure>\n\n\n\n<p>Hay ciertos <strong>lugares en Espa\u00f1a que han quedado marcados<\/strong> en la memoria colectiva por los hechos que acontecieron en ellos. Espacios con un pasado tr\u00e1gico o una leyenda negra a sus espaldas, que han luchado a lo largo de los a\u00f1os para superar sus estigmas y recobrar la vitalidad que un d\u00eda tuvieron. O que, incluso, intentaron aprovechar los sucesos que los pusieron en el mapa como palanca para su desarrollo tur\u00edstico.<\/p>\n\n\n\n<p>Entre estos emplazamientos estigmatizados por la tragedia hay un buen n\u00famero de playas con leyenda negra que hoy en d\u00eda, una vez superadas (que no olvidadas) sus respectivas tragedias, se han convertido en <strong>algunas de las m\u00e1s visitadas de Espa\u00f1a<\/strong>. Son playas que arrastran un pasado oscuro, pero que en el presente lucen radiantes y esperan un futuro esperanzador. \u00bfNos acompa\u00f1as y te las ense\u00f1amos?<\/p>\n\n\n\n<div class=\"wp-block-buttons is-layout-flex wp-block-buttons-is-layout-flex\">\n<div class=\"wp-block-button\"><a class=\"wp-block-button__link wp-element-button\" href=\"https:\/\/www.escapadarural.com\/casas-rurales?l=espana&amp;f=46\">Alojamientos rurales cerca de la playa<\/a><\/div>\n<\/div>\n\n\n\n<h2 class=\"wp-block-heading\" id=\"h-playas-de-muxia-en-la-costa-da-morte-galicia\"><strong>Playas de Mux\u00eda, en la Costa da Morte (Galicia)<\/strong><\/h2>\n\n\n\n<p>Uno de los sucesos que m\u00e1s ha marcado la historia reciente de Espa\u00f1a ha sido el <strong>vertido del Prestige<\/strong>. Una ma\u00f1ana de noviembre del 2002 desayunamos con la noticia del accidente de un petrolero junto a las costas gallegas. Muchos habitantes de <a href=\"https:\/\/www.escapadarural.com\/casas-rurales\/muxia\">Mux\u00eda<\/a> acudieron aquel d\u00eda al santuario de la Virgen de la Barca, el lugar donde, seg\u00fan la leyenda, la virgen se apareci\u00f3 al ap\u00f3stol Santiago para indicarle su camino. Desde all\u00ed pudieron contemplar perfectamente un inmenso barco a la deriva cuyo nombre no iban a olvidar nunca m\u00e1s.<\/p>\n\n\n\n<figure class=\"wp-block-image size-full\"><a href=\"https:\/\/www.escapadarural.com\/blog\/wp-content\/uploads\/2024\/10\/MuxiaSantuario_MaxMaximov_AdobeStock_498765550_WP08-7.webp\"><img decoding=\"async\" src=\"https:\/\/www.escapadarural.com\/blog\/wp-content\/uploads\/2024\/10\/MuxiaSantuario_MaxMaximov_AdobeStock_498765550_WP08-7.webp\" alt=\"Atardecer en el Santuario de la Virgen de la Barca (Mux\u00eda).\" class=\"wp-image-82041\"\/><\/a><figcaption class=\"wp-element-caption\">Atardecer en el Santuario de la Virgen de la Barca (Mux\u00eda). Por  Max Maximov.<\/figcaption><\/figure>\n\n\n\n<p>No eran conscientes entonces los mujianos de la tragedia que se les ven\u00eda encima. Despu\u00e9s de la sorpresa inicial y tras d\u00edas de incertidumbre, la p\u00e9sima gesti\u00f3n del suceso provoc\u00f3 un <strong>inmenso desastre medioambiental<\/strong>, cuyo epicentro se situ\u00f3 en esta peque\u00f1a localidad de la abrupta y remota <a href=\"https:\/\/www.escapadarural.com\/casas-rurales\/costa-da-morte\">Costa da Morte<\/a>. Las playas se ti\u00f1eron de negro por culpa del chapapote que se escap\u00f3 del carguero y, durante aquellos d\u00edas, semanas y meses, pareci\u00f3 que el futuro de esta rec\u00f3ndita costa gallega quedaba condenado para siempre.<\/p>\n\n\n\n<p>Sin duda Mux\u00eda result\u00f3 se\u00f1alada y profundamente da\u00f1ada por una tragedia ecol\u00f3gica sin precedentes. Pero, m\u00e1s de veinte a\u00f1os despu\u00e9s, la imagen que hoy ofrece la Costa da Morte nada tiene que ver con aquellas playas y rocas tiznadas de petr\u00f3leo. Parad\u00f3jicamente, a pesar de sus consecuencias negativas, <strong>el vertido del Prestige tuvo tambi\u00e9n otros efectos <\/strong>que tiempo despu\u00e9s podemos valorar de forma diferente.<\/p>\n\n\n\n<p>El primero, desde luego, es la <strong>ola de solidaridad<\/strong> que desat\u00f3 el desastre. Miles de voluntarios acudieron desde todos los puntos de Espa\u00f1a a colaborar en la limpieza de las playas gallegas. Cada d\u00eda aparec\u00eda en los telediarios Mux\u00eda, donde riadas de personas enfundadas en trajes blancos bajaban a las playas a recoger con palas el chapapote. Una imagen impactante, gracias a la cual toda Espa\u00f1a supo colocar a esta peque\u00f1a localidad coru\u00f1esa en el mapa.<\/p>\n\n\n\n<figure class=\"wp-block-image size-full\"><a href=\"https:\/\/www.escapadarural.com\/blog\/wp-content\/uploads\/2024\/10\/Muxia1_ARCam_AdobeStock_308544752_WP05-7.webp\"><img decoding=\"async\" src=\"https:\/\/www.escapadarural.com\/blog\/wp-content\/uploads\/2024\/10\/Muxia1_ARCam_AdobeStock_308544752_WP05-7.webp\" alt=\"La Costa da Morte, en el entorno de Mux\u00eda (Galicia).\" class=\"wp-image-82042\"\/><\/a><figcaption class=\"wp-element-caption\">La Costa da Morte, en el entorno de Mux\u00eda (Galicia). Por ARCam.<\/figcaption><\/figure>\n\n\n\n<p>Mux\u00eda hab\u00eda vivido hasta entonces de la pesca, como uno m\u00e1s de los pueblos y aldeas de la rec\u00f3ndita y olvidada Costa da Morte. Pero a partir de entonces la cosa cambi\u00f3. Como impulso a la recuperaci\u00f3n de la zona cero de la cat\u00e1strofe, el gobierno aprob\u00f3 el llamado <strong>\u2018Plan Galicia\u2019<\/strong>, que se defini\u00f3 como \u00abun conjunto de medidas destinadas a paliar a corto plazo las consecuencias econ\u00f3micas y sociales del Prestige y, a medio y largo plazo, impulsar el desarrollo social y econ\u00f3mico de Galicia\u00bb.<\/p>\n\n\n\n<p>Gracias a aquel paquete de medidas y ayudas econ\u00f3micas, al esfuerzo de los gallegos con la ayuda de gente de toda Espa\u00f1a y a la repercusi\u00f3n que tom\u00f3 la tragedia del Prestige, <strong>la Costa da Morte tiene ahora el turismo como el eje de su econom\u00eda<\/strong> y desarrollo. En Mux\u00eda se levanta hoy el Parador Nacional de la Costa da Morte, una de las medidas estrella del plan Galicia que, tras a\u00f1os de espera, se inaugur\u00f3 finalmente en 2019.<\/p>\n\n\n\n<p>La <strong>playa de Lourido, la de Lago o la de O Coido<\/strong>, protagonistas entonces de aquellas im\u00e1genes negras, han recuperado su esplendor y la pureza salvaje t\u00edpica del litoral atl\u00e1ntico. La Costa da Morte luce radiante y atrae cada a\u00f1o a un mayor n\u00famero de turistas a este rinc\u00f3n de Espa\u00f1a que, hace poco m\u00e1s de veinte a\u00f1os, parec\u00eda olvidado, defenestrado y sin futuro.<\/p>\n\n\n\n<figure class=\"wp-block-image size-full\"><a href=\"https:\/\/www.escapadarural.com\/blog\/wp-content\/uploads\/2024\/10\/Muxia2_JB_AdobeStock_417816553_WP06-7.webp\"><img decoding=\"async\" src=\"https:\/\/www.escapadarural.com\/blog\/wp-content\/uploads\/2024\/10\/Muxia2_JB_AdobeStock_417816553_WP06-7.webp\" alt=\"Imagen de una playa en Mux\u00eda (Costa da Morte, Galicia).\" class=\"wp-image-82044\"\/><\/a><figcaption class=\"wp-element-caption\">Imagen de una playa en Mux\u00eda (Costa da Morte, Galicia). Por JB.<\/figcaption><\/figure>\n\n\n\n<h2 class=\"wp-block-heading\" id=\"h-playa-de-quitapellejos-en-palomares-almeria\"><strong>Playa de Quitapellejos, en Palomares (Almer\u00eda)<\/strong><\/h2>\n\n\n\n<p>Quiz\u00e1s no sepas de qu\u00e9 te estamos hablando si nombramos la playa de Quitapellejos, pero seguro que conoces la historia del accidente nuclear de Palomares. O, mejor dicho, del <strong>\u2018incidente de Palomares\u2019<\/strong>, como se denomin\u00f3 de forma oficial.<\/p>\n\n\n\n<figure class=\"wp-block-image size-full\"><a href=\"https:\/\/www.escapadarural.com\/blog\/wp-content\/uploads\/2024\/10\/Quitapellejos1_MariaJose_AdobeStock_336612621_WP09-8.webp\"><img decoding=\"async\" src=\"https:\/\/www.escapadarural.com\/blog\/wp-content\/uploads\/2024\/10\/Quitapellejos1_MariaJose_AdobeStock_336612621_WP09-8.webp\" alt=\"Playa de Quitapellejos, en la pedan\u00eda de Palomares (Cuevas del Almanzora, Almer\u00eda).\" class=\"wp-image-82048\"\/><\/a><figcaption class=\"wp-element-caption\">Playa de Quitapellejos, en la pedan\u00eda de Palomares (Cuevas del Almanzora, Almer\u00eda). Por Mar\u00eda Jos\u00e9.<\/figcaption><\/figure>\n\n\n\n<p>En enero de 1966, <strong>un bombardero estadounidense y un avi\u00f3n de reabastecimiento colisionaron en el aire<\/strong> mientras realizaban una maniobra de repostaje en pleno vuelo sobre la playa de Palomares, en la costa almeriense. Siete de los once tripulantes de las aeronaves fallecieron en el suceso, pero la cosa pudo ser todav\u00eda mucho peor.<\/p>\n\n\n\n<p>El bombardero portaba <strong>cuatro bombas termonucleares<\/strong> capaces de producir un desastre nuclear de la magnitud del tristemente famoso accidente de Chern\u00f3bil, en Ucrania. Las bombas ten\u00edan una potencia que multiplicaba por 70 a las que hab\u00edan destruido Hiroshima y Nagasaki al final de la Segunda Guerra Mundial. As\u00ed que el p\u00e1nico y la alarma no tardaron en cundir entre la poblaci\u00f3n de esta pedan\u00eda mar\u00edtima perteneciente a <a href=\"https:\/\/www.escapadarural.com\/casas-rurales\/cuevas-del-almanzora\">Cuevas del Almanzora<\/a>.<\/p>\n\n\n\n<p>Por suerte, los artefactos no llegaron a explotar y se evitaron males mayores, aunque s\u00ed que existi\u00f3 fuga de material radiactivo por los desperfectos que sufrieron las bombas al chocar con el suelo o el mar. La b\u00fasqueda de las bombas se extendi\u00f3 durante meses hasta que se localiz\u00f3 la \u00faltima de ellas en pleno Mediterr\u00e1neo, gracias a las indicaciones de un pescador que vio caer el artefacto, llamado Francisco Sim\u00f3, que pas\u00f3 a ser conocido como <strong>\u2018Paco el de la bomba\u2019<\/strong>.<\/p>\n\n\n\n<figure class=\"wp-block-image size-full is-resized\"><a href=\"https:\/\/www.escapadarural.com\/blog\/wp-content\/uploads\/2024\/10\/Quitapellejos3_anetlanda_AdobeStock_361477006_WP11-8.webp\"><img decoding=\"async\" src=\"https:\/\/www.escapadarural.com\/blog\/wp-content\/uploads\/2024\/10\/Quitapellejos3_anetlanda_AdobeStock_361477006_WP11-8.webp\" alt=\"Playa de Quitapellejos, en la pedan\u00eda de Palomares (Cuevas del Almanzora, Almer\u00eda).\" class=\"wp-image-82050\" style=\"aspect-ratio:1.499267935578331;width:780px;height:auto\"\/><\/a><figcaption class=\"wp-element-caption\">Playa de Quitapellejos, en la pedan\u00eda de Palomares (Cuevas del Almanzora, Almer\u00eda). Por anetlanda.<\/figcaption><\/figure>\n\n\n\n<p>Las autoridades de la \u00e9poca, en colaboraci\u00f3n con sus aliados norteamericanos, llevaron a cabo la limpieza de la zona afectada, se llevaron parte de los residuos a cementerios nucleares y enterraron el resto en zonas seguras. A pesar del <strong>desconocimiento reinante en aquella \u00e9poca sobre la energ\u00eda nuclear<\/strong>, la poblaci\u00f3n de la zona afectada se mostr\u00f3 sumamente preocupada por los posibles efectos de la radiaci\u00f3n en las personas y en el territorio.<\/p>\n\n\n\n<p>As\u00ed que, con el objetivo de tranquilizar a los habitantes del entorno de Palomares, el ministro de Informaci\u00f3n y Turismo, Manuel Fraga, y el embajador norteamericano de la \u00e9poca, Angier Biddle Duke, decidieron que un <strong>ba\u00f1o televisado<\/strong> en Quitapellejos era la mejor forma de escenificar que las playas estaban a salvo de la contaminaci\u00f3n radiactiva.<\/p>\n\n\n\n<figure class=\"wp-block-image size-full\"><a href=\"https:\/\/www.escapadarural.com\/blog\/wp-content\/uploads\/2024\/10\/Quitapellejos2_anetlanda_AdobeStock_441147753_WP10-7.webp\"><img decoding=\"async\" src=\"https:\/\/www.escapadarural.com\/blog\/wp-content\/uploads\/2024\/10\/Quitapellejos2_anetlanda_AdobeStock_441147753_WP10-7.webp\" alt=\"Playa de Quitapellejos, en la pedan\u00eda de Palomares (Cuevas del Almanzora, Almer\u00eda).\" class=\"wp-image-82051\"\/><\/a><figcaption class=\"wp-element-caption\">Playa de Quitapellejos, en la pedan\u00eda de Palomares (Cuevas del Almanzora, Almer\u00eda). Por anetlanda.<\/figcaption><\/figure>\n\n\n\n<p>Casi sesenta a\u00f1os despu\u00e9s de aquello, Palomares sigue luchando por quitarse de encima el estigma del incidente nuclear. Hay un <strong>proyecto que pretende urbanizar el entorno de la playa<\/strong> para convertirla en un centro tur\u00edstico de primer orden, con m\u00e1s de 1.600 viviendas, un hotel de lujo, zonas verdes e infantiles, pistas deportivas y un paseo mar\u00edtimo. Todo con el objetivo de revitalizar Palomares y aprovechar su potencial: el que ofrece una imponente playa de arena dorada de cerca de un kil\u00f3metro y medio de extensi\u00f3n.<\/p>\n\n\n\n<p>Mientras sigue esperando que el proyecto se materialice, hoy en d\u00eda la playa de Quitapellejos est\u00e1 flanqueada por un frondoso bosque de pinos y eucaliptos, cuenta con los servicios b\u00e1sicos (incluido un chiringuito) e incluso dispone de accesos adaptados para personas con movilidad reducida. Una gran opci\u00f3n para encontrar <strong>sosiego y tranquilidad a orillas del Mediterr\u00e1neo<\/strong>.<\/p>\n\n\n\n<figure class=\"wp-block-embed is-type-video is-provider-youtube wp-block-embed-youtube wp-embed-aspect-4-3 wp-has-aspect-ratio\"><div class=\"wp-block-embed__wrapper\">\n<span class=\"rbCNm1boK7FHsG1kiLRWj4c4YO2exJS3ZVYzz6vqgRvX0wP6NwrdfBxQtZjmuWEPcdSfUI8D\"><div class=\"video-shortcode\"><iframe title=\"Fraga en Palomares\" width=\"1200\" height=\"900\" src=\"https:\/\/www.youtube.com\/embed\/_S0eznojoXI?feature=oembed\" frameborder=\"0\" allow=\"accelerometer; autoplay; clipboard-write; encrypted-media; gyroscope; picture-in-picture; web-share\" referrerpolicy=\"strict-origin-when-cross-origin\" allowfullscreen><\/iframe><\/div><\/span>\n<\/div><figcaption class=\"wp-element-caption\">El m\u00edtico ba\u00f1o de Fraga y el embajador norteamericano en Palomares.<\/figcaption><\/figure>\n\n\n\n<h2 class=\"wp-block-heading\" id=\"h-playa-de-cofete-en-fuerteventura-islas-canarias\"><strong>Playa de Cofete, en Fuerteventura (Islas Canarias)<\/strong><\/h2>\n\n\n\n<p>Una enigm\u00e1tica edificaci\u00f3n con una gran leyenda negra a sus espaldas preside <strong>una de las playas m\u00e1s grandes de Espa\u00f1a<\/strong>. La playa es la de Cofete, en P\u00e1jara (<a href=\"https:\/\/www.escapadarural.com\/casas-rurales\/fuerteventura\">Fuerteventura<\/a>), que con sus casi catorce kil\u00f3metros de longitud es la m\u00e1s larga del archipi\u00e9lago canario y se sit\u00faa en el podio de las m\u00e1s extensas del pa\u00eds. Y el edificio es la casa Winter, una imponente villa que mand\u00f3 levantar el ingeniero alem\u00e1n Gustav Winter durante la Segunda Guerra Mundial. La mansi\u00f3n ha estado envuelta desde su construcci\u00f3n en un halo de misterio.<\/p>\n\n\n\n<figure class=\"wp-block-image size-full\"><a href=\"https:\/\/www.escapadarural.com\/blog\/wp-content\/uploads\/2024\/10\/Cofete2_Dave_AdobeStock_841529610_WP02-7.webp\"><img decoding=\"async\" src=\"https:\/\/www.escapadarural.com\/blog\/wp-content\/uploads\/2024\/10\/Cofete2_Dave_AdobeStock_841529610_WP02-7.webp\" alt=\"La misteriosa Casa Winter, junto a la playa de Cofete (Fuerteventura). \" class=\"wp-image-82052\"\/><\/a><figcaption class=\"wp-element-caption\">La misteriosa Casa Winter, junto a la playa de Cofete (Fuerteventura). Por Dave.<\/figcaption><\/figure>\n\n\n\n<p>El caso es que la mansi\u00f3n de Winter se construy\u00f3 supuestamente como <strong>residencia vacacional del alem\u00e1n<\/strong>, aunque desde el principio despert\u00f3 numerosas dudas e interrogantes entre los habitantes de la isla. La mayor\u00eda de estas cuestiones no tienen una respuesta clara y concluyente, o al menos dan pie a todo tipo de teor\u00edas de la conspiraci\u00f3n.<\/p>\n\n\n\n<p>La primera e inevitable pregunta que le surge a cualquier visitante al ver la casa hace referencia a su ubicaci\u00f3n. \u00bfPor qu\u00e9 plantar una edificaci\u00f3n de tal magnitud en <strong>el paraje m\u00e1s aislado de Fuerteventura<\/strong>, con un acceso complicado y un clima inh\u00f3spito, siempre azotado por el viento?<\/p>\n\n\n\n<p>De hecho, <strong>el escritor Alberto V\u00e1zquez-Figueroa<\/strong>, autor de <em>Fuerteventura<\/em> (novela en la que aparece la casa Winter), dijo en una entrevista a <em>Canarias Ahora<\/em> que \u201ca nadie se le ocurre hacer un caser\u00f3n como aquel en un lugar tan perdido. Si ahora para llegar te juegas la vida, en los a\u00f1os 40 deb\u00eda ser mucho m\u00e1s peligroso. Algo muy importante ten\u00edan que esconder para construir ese monstruo en un sitio absolutamente inaccesible\u201d.<\/p>\n\n\n\n<figure class=\"wp-block-image size-full\"><a href=\"https:\/\/www.escapadarural.com\/blog\/wp-content\/uploads\/2024\/10\/Cofete4_imagesef_AdobeStock_732027293_WP04-8.webp\"><img decoding=\"async\" src=\"https:\/\/www.escapadarural.com\/blog\/wp-content\/uploads\/2024\/10\/Cofete4_imagesef_AdobeStock_732027293_WP04-8.webp\" alt=\"Situaci\u00f3n de la Casa Winter, en la ladera, junto a la playa de Cofete (Fuerteventura). \" class=\"wp-image-82053\"\/><\/a><figcaption class=\"wp-element-caption\">Situaci\u00f3n de la Casa Winter, en la ladera, junto a la playa de Cofete (Fuerteventura). Por imagesef.<\/figcaption><\/figure>\n\n\n\n<p>A partir de aqu\u00ed, <strong>el secretismo y el misterio <\/strong>que siempre han acompa\u00f1ado al m\u00edtico edificio han alimentado esas teor\u00edas conspiranoicas. Cuando adquiri\u00f3 los terrenos, con el visto bueno del r\u00e9gimen franquista, Gustav Winter decidi\u00f3 vallar la pen\u00ednsula de Jand\u00eda para evitar las miradas indiscretas hacia lo que all\u00ed suced\u00eda de los majoreros, que fueron desalojados del sur de su isla. As\u00ed, esta separaci\u00f3n entre el norte y el sur de Fuerteventura se mantuvo hasta los a\u00f1os 50. A los locales solo se les permit\u00eda cruzar la valla para colaborar en la construcci\u00f3n y ten\u00edan prohibido contar lo que ve\u00edan all\u00ed.<\/p>\n\n\n\n<p>La leyenda m\u00e1s extendida acerca de la utilidad de la casa es que serv\u00eda como <strong>base de paso para los submarinos alemanes<\/strong> durante la Segunda Guerra Mundial. Incluso se dice que los aparatos podr\u00edan haber tenido acceso directo al edificio a trav\u00e9s de una serie de galer\u00edas subterr\u00e1neas de origen volc\u00e1nico, que se comunican con el oc\u00e9ano Atl\u00e1ntico. El acceso a la zona subterr\u00e1nea de la casa permanece sellado a d\u00eda de hoy.<\/p>\n\n\n\n<figure class=\"wp-block-image size-full\"><a href=\"https:\/\/www.escapadarural.com\/blog\/wp-content\/uploads\/2024\/10\/Cofete3_FullframeFactory_AdobeStock_353847068_WP03-7.webp\"><img decoding=\"async\" src=\"https:\/\/www.escapadarural.com\/blog\/wp-content\/uploads\/2024\/10\/Cofete3_FullframeFactory_AdobeStock_353847068_WP03-7.webp\" alt=\"Vista de la playa de Cofete desde la Casa Winter (Fuerteventura). \" class=\"wp-image-82054\"\/><\/a><figcaption class=\"wp-element-caption\">Vista de la playa de Cofete desde la Casa Winter (Fuerteventura). Por FullframeFactory.<\/figcaption><\/figure>\n\n\n\n<p>Asimismo, se cree que la casa pudo ser utilizada como <strong>refugio para oficiales nazis<\/strong> durante y tras la guerra, que incluso habr\u00edan celebrado en ella fiestas donde no faltaban el alcohol y las prostitutas. La estrecha relaci\u00f3n de Winter con el nazismo le hizo figurar en una lista negra de 104 oficiales nazis, elaborada por los servicios de inteligencia de los aliados y fechada en 1945.<\/p>\n\n\n\n<p>Otros restos y vestigios alrededor de la casa respaldan estas teor\u00edas. Por ejemplo, en la pen\u00ednsula de Jand\u00eda, pr\u00f3xima a la casa, se habilit\u00f3 una peque\u00f1a <strong>pista de aterrizaje<\/strong> donde podr\u00edan haber llegado los oficiales alemanes. La casa, adem\u00e1s, dispon\u00eda de un<strong> torre\u00f3n con visi\u00f3n 360\u00ba<\/strong>, desde el cual se podr\u00edan vigilar perfectamente las llegadas y salidas tanto de avionetas como de submarinos o embarcaciones.<\/p>\n\n\n\n<figure class=\"wp-block-image size-full\"><a href=\"https:\/\/www.escapadarural.com\/blog\/wp-content\/uploads\/2024\/10\/Cofete1_Neissl_AdobeStock_84817974_WP01-7.webp\"><img decoding=\"async\" src=\"https:\/\/www.escapadarural.com\/blog\/wp-content\/uploads\/2024\/10\/Cofete1_Neissl_AdobeStock_84817974_WP01-7.webp\" alt=\"Dunas en la playa de Cofete, en Fuerteventura.\" class=\"wp-image-82055\"\/><\/a><figcaption class=\"wp-element-caption\">Dunas en la playa de Cofete, en Fuerteventura. Por Neissl.<\/figcaption><\/figure>\n\n\n\n<p>Adem\u00e1s, junto a la casa se pueden encontrar todav\u00eda <strong>restos de una v\u00eda f\u00e9rrea<\/strong> en direcci\u00f3n a la monta\u00f1a y de una <strong>vagoneta Krupp de la \u00e9poca<\/strong>, empresa alemana con una relaci\u00f3n probada con el nazismo. Vecinos de Fuerteventura aseguraron recordar <strong>explosiones en la zona<\/strong>, lo que se ha interpretado como pruebas de la intenci\u00f3n de Winter de abrir un paso bajo la monta\u00f1a en direcci\u00f3n a Morro Jable. All\u00ed pretend\u00eda instalar un puerto en condiciones mucho m\u00e1s favorables que las que ofrece la playa de Cofete, que de esta manera habr\u00eda tenido acceso directo a la casa.<\/p>\n\n\n\n<p>Todas estas y otras leyendas alrededor de la <a href=\"https:\/\/casawinter.com\/\" target=\"_blank\" rel=\"noreferrer noopener nofollow\">Casa Winter<\/a> han convertido el lugar en <strong>punto de atracci\u00f3n para numerosos turistas <\/strong>apasionados por la historia y el misterio. Lo cierto es que el enclave en el que se construy\u00f3, inh\u00f3spito y aislado, encierra a su vez una belleza singular, salvaje, casi virgen. Una playa kilom\u00e9trica que carece de cualquier servicio, pero que sigue haciendo las delicias de los turistas que buscan calma y soledad.<\/p>\n","protected":false},"excerpt":{"rendered":"<p>En Espa\u00f1a hay playas con leyenda negra que hoy en d\u00eda, una vez superadas sus respectivas tragedias, lucen radiantes y esperan un futuro esperanzador.<\/p>\n","protected":false},"author":157,"featured_media":88531,"comment_status":"open","ping_status":"open","sticky":false,"template":"","format":"standard","meta":{"_acf_changed":false,"om_disable_all_campaigns":false,"footnotes":""},"categories":[191],"tags":[1715,1807,330,5857,5858,4426,5859,192,4291],"class_list":["post-81983","post","type-post","status-publish","format-standard","has-post-thumbnail","hentry","category-destinos","tag-casa-winter","tag-costa-da-morte","tag-fuerteventura","tag-muxia","tag-palomares","tag-playa-de-cofete","tag-playa-de-quitapellejos","tag-playas","tag-playas-de-espana"],"acf":[],"featured_image_src":"https:\/\/www.escapadarural.com\/blog\/wp-content\/uploads\/2024\/10\/MuxiaLourido_JuliaMunozLozano_AdobeStock_287556574_WP07-7.webp","author_info":{"display_name":"Miguel Perez","author_link":"https:\/\/www.escapadarural.com\/blog\/autor\/miguel-perez\/"},"yoast_head":"<!-- This site is optimized with the Yoast SEO plugin v27.5 - https:\/\/yoast.com\/product\/yoast-seo-wordpress\/ -->\n<title>3 playas con leyenda negra en Espa\u00f1a que hoy lucen hermosas y radiantes - EscapadaRural<\/title>\n<meta name=\"robots\" content=\"index, follow, max-snippet:-1, max-image-preview:large, max-video-preview:-1\" \/>\n<link rel=\"canonical\" href=\"https:\/\/www.escapadarural.com\/blog\/playas-con-leyenda-negra\/\" \/>\n<meta property=\"og:locale\" content=\"es_ES\" \/>\n<meta property=\"og:type\" content=\"article\" \/>\n<meta property=\"og:title\" content=\"3 playas con leyenda negra en Espa\u00f1a que hoy lucen hermosas y radiantes - EscapadaRural\" \/>\n<meta property=\"og:description\" content=\"En Espa\u00f1a hay playas con leyenda negra que hoy en d\u00eda, una vez superadas sus respectivas tragedias, lucen radiantes y esperan un futuro esperanzador.\" \/>\n<meta property=\"og:url\" content=\"https:\/\/www.escapadarural.com\/blog\/playas-con-leyenda-negra\/\" \/>\n<meta property=\"og:site_name\" content=\"Magazine de viajes de EscapadaRural\" \/>\n<meta property=\"article:publisher\" content=\"https:\/\/www.facebook.com\/escapadarural\" \/>\n<meta property=\"article:author\" content=\"#\" \/>\n<meta property=\"article:published_time\" content=\"2024-09-17T06:01:00+00:00\" \/>\n<meta property=\"article:modified_time\" content=\"2025-03-12T16:02:18+00:00\" \/>\n<meta property=\"og:image\" content=\"https:\/\/www.escapadarural.com\/blog\/wp-content\/uploads\/2024\/10\/MuxiaLourido_JuliaMunozLozano_AdobeStock_287556574_WP07-7.webp\" \/>\n\t<meta property=\"og:image:width\" content=\"1024\" \/>\n\t<meta property=\"og:image:height\" content=\"629\" \/>\n\t<meta property=\"og:image:type\" content=\"image\/webp\" \/>\n<meta name=\"author\" content=\"Miguel Perez\" \/>\n<meta name=\"twitter:card\" content=\"summary_large_image\" \/>\n<meta name=\"twitter:creator\" content=\"@#\" \/>\n<meta name=\"twitter:label1\" content=\"Escrito por\" \/>\n\t<meta name=\"twitter:data1\" content=\"Miguel Perez\" \/>\n\t<meta name=\"twitter:label2\" content=\"Tiempo de lectura\" \/>\n\t<meta name=\"twitter:data2\" content=\"13 minutos\" \/>\n<script type=\"application\/ld+json\" class=\"yoast-schema-graph\">{\"@context\":\"https:\\\/\\\/schema.org\",\"@graph\":[{\"@type\":\"Article\",\"@id\":\"https:\\\/\\\/www.escapadarural.com\\\/blog\\\/playas-con-leyenda-negra\\\/#article\",\"isPartOf\":{\"@id\":\"https:\\\/\\\/www.escapadarural.com\\\/blog\\\/playas-con-leyenda-negra\\\/\"},\"author\":{\"name\":\"Miguel Perez\",\"@id\":\"https:\\\/\\\/www.escapadarural.com\\\/blog\\\/#\\\/schema\\\/person\\\/ea17306ba0ae76670daf8e5008db21dd\"},\"headline\":\"3 playas con leyenda negra en Espa\u00f1a que hoy lucen hermosas y radiantes\",\"datePublished\":\"2024-09-17T06:01:00+00:00\",\"dateModified\":\"2025-03-12T16:02:18+00:00\",\"mainEntityOfPage\":{\"@id\":\"https:\\\/\\\/www.escapadarural.com\\\/blog\\\/playas-con-leyenda-negra\\\/\"},\"wordCount\":2341,\"commentCount\":0,\"publisher\":{\"@id\":\"https:\\\/\\\/www.escapadarural.com\\\/blog\\\/#organization\"},\"image\":{\"@id\":\"https:\\\/\\\/www.escapadarural.com\\\/blog\\\/playas-con-leyenda-negra\\\/#primaryimage\"},\"thumbnailUrl\":\"https:\\\/\\\/www.escapadarural.com\\\/blog\\\/wp-content\\\/uploads\\\/2024\\\/10\\\/MuxiaLourido_JuliaMunozLozano_AdobeStock_287556574_WP07-7.webp\",\"keywords\":[\"Casa Winter\",\"Costa da Morte\",\"Fuerteventura\",\"Mux\u00eda\",\"Palomares\",\"Playa de Cofete\",\"Playa de Quitapellejos\",\"playas\",\"playas de Espa\u00f1a\"],\"articleSection\":[\"Destinos\"],\"inLanguage\":\"es\",\"potentialAction\":[{\"@type\":\"CommentAction\",\"name\":\"Comment\",\"target\":[\"https:\\\/\\\/www.escapadarural.com\\\/blog\\\/playas-con-leyenda-negra\\\/#respond\"]}]},{\"@type\":\"WebPage\",\"@id\":\"https:\\\/\\\/www.escapadarural.com\\\/blog\\\/playas-con-leyenda-negra\\\/\",\"url\":\"https:\\\/\\\/www.escapadarural.com\\\/blog\\\/playas-con-leyenda-negra\\\/\",\"name\":\"3 playas con leyenda negra en Espa\u00f1a que hoy lucen hermosas y radiantes - EscapadaRural\",\"isPartOf\":{\"@id\":\"https:\\\/\\\/www.escapadarural.com\\\/blog\\\/#website\"},\"primaryImageOfPage\":{\"@id\":\"https:\\\/\\\/www.escapadarural.com\\\/blog\\\/playas-con-leyenda-negra\\\/#primaryimage\"},\"image\":{\"@id\":\"https:\\\/\\\/www.escapadarural.com\\\/blog\\\/playas-con-leyenda-negra\\\/#primaryimage\"},\"thumbnailUrl\":\"https:\\\/\\\/www.escapadarural.com\\\/blog\\\/wp-content\\\/uploads\\\/2024\\\/10\\\/MuxiaLourido_JuliaMunozLozano_AdobeStock_287556574_WP07-7.webp\",\"datePublished\":\"2024-09-17T06:01:00+00:00\",\"dateModified\":\"2025-03-12T16:02:18+00:00\",\"breadcrumb\":{\"@id\":\"https:\\\/\\\/www.escapadarural.com\\\/blog\\\/playas-con-leyenda-negra\\\/#breadcrumb\"},\"inLanguage\":\"es\",\"potentialAction\":[{\"@type\":\"ReadAction\",\"target\":[\"https:\\\/\\\/www.escapadarural.com\\\/blog\\\/playas-con-leyenda-negra\\\/\"]}]},{\"@type\":\"ImageObject\",\"inLanguage\":\"es\",\"@id\":\"https:\\\/\\\/www.escapadarural.com\\\/blog\\\/playas-con-leyenda-negra\\\/#primaryimage\",\"url\":\"https:\\\/\\\/www.escapadarural.com\\\/blog\\\/wp-content\\\/uploads\\\/2024\\\/10\\\/MuxiaLourido_JuliaMunozLozano_AdobeStock_287556574_WP07-7.webp\",\"contentUrl\":\"https:\\\/\\\/www.escapadarural.com\\\/blog\\\/wp-content\\\/uploads\\\/2024\\\/10\\\/MuxiaLourido_JuliaMunozLozano_AdobeStock_287556574_WP07-7.webp\",\"width\":1024,\"height\":629,\"caption\":\"Vista de una costa rocosa con una peque\u00f1a playa de arena, rodeada de arbustos verdes y un oc\u00e9ano azul claro bajo un cielo brillante.\"},{\"@type\":\"BreadcrumbList\",\"@id\":\"https:\\\/\\\/www.escapadarural.com\\\/blog\\\/playas-con-leyenda-negra\\\/#breadcrumb\",\"itemListElement\":[{\"@type\":\"ListItem\",\"position\":1,\"name\":\"Inicio\",\"item\":\"https:\\\/\\\/www.escapadarural.com\\\/blog\\\/\"},{\"@type\":\"ListItem\",\"position\":2,\"name\":\"Destinos\",\"item\":\"https:\\\/\\\/www.escapadarural.com\\\/blog\\\/categoria\\\/destinos\\\/\"},{\"@type\":\"ListItem\",\"position\":3,\"name\":\"3 playas con leyenda negra en Espa\u00f1a que hoy lucen hermosas y radiantes\"}]},{\"@type\":\"WebSite\",\"@id\":\"https:\\\/\\\/www.escapadarural.com\\\/blog\\\/#website\",\"url\":\"https:\\\/\\\/www.escapadarural.com\\\/blog\\\/\",\"name\":\"Blog de viajes | turismo rural, alojamientos e inspiraci\u00f3n\",\"description\":\"Alojamientos rurales e inspiraci\u00f3n para tus escapadas\",\"publisher\":{\"@id\":\"https:\\\/\\\/www.escapadarural.com\\\/blog\\\/#organization\"},\"alternateName\":\"Magazine de viajes de EscapadaRural\",\"potentialAction\":[{\"@type\":\"SearchAction\",\"target\":{\"@type\":\"EntryPoint\",\"urlTemplate\":\"https:\\\/\\\/www.escapadarural.com\\\/blog\\\/?s={search_term_string}\"},\"query-input\":{\"@type\":\"PropertyValueSpecification\",\"valueRequired\":true,\"valueName\":\"search_term_string\"}}],\"inLanguage\":\"es\"},{\"@type\":\"Organization\",\"@id\":\"https:\\\/\\\/www.escapadarural.com\\\/blog\\\/#organization\",\"name\":\"EscapadaRural\",\"url\":\"https:\\\/\\\/www.escapadarural.com\\\/blog\\\/\",\"logo\":{\"@type\":\"ImageObject\",\"inLanguage\":\"es\",\"@id\":\"https:\\\/\\\/www.escapadarural.com\\\/blog\\\/#\\\/schema\\\/logo\\\/image\\\/\",\"url\":\"https:\\\/\\\/www.escapadarural.com\\\/blog\\\/wp-content\\\/uploads\\\/2024\\\/10\\\/cropped-cropped-escapada-rural-icon-mag-3.png\",\"contentUrl\":\"https:\\\/\\\/www.escapadarural.com\\\/blog\\\/wp-content\\\/uploads\\\/2024\\\/10\\\/cropped-cropped-escapada-rural-icon-mag-3.png\",\"width\":512,\"height\":512,\"caption\":\"EscapadaRural\"},\"image\":{\"@id\":\"https:\\\/\\\/www.escapadarural.com\\\/blog\\\/#\\\/schema\\\/logo\\\/image\\\/\"},\"sameAs\":[\"https:\\\/\\\/www.facebook.com\\\/escapadarural\",\"https:\\\/\\\/www.instagram.com\\\/escapadarural\\\/\",\"https:\\\/\\\/www.youtube.com\\\/@escapadaruralcom\"]},{\"@type\":\"Person\",\"@id\":\"https:\\\/\\\/www.escapadarural.com\\\/blog\\\/#\\\/schema\\\/person\\\/ea17306ba0ae76670daf8e5008db21dd\",\"name\":\"Miguel Perez\",\"image\":{\"@type\":\"ImageObject\",\"inLanguage\":\"es\",\"@id\":\"https:\\\/\\\/www.escapadarural.com\\\/blog\\\/wp-content\\\/uploads\\\/2024\\\/11\\\/cropped-Miguel-Perez-96x96.jpg\",\"url\":\"https:\\\/\\\/www.escapadarural.com\\\/blog\\\/wp-content\\\/uploads\\\/2024\\\/11\\\/cropped-Miguel-Perez-96x96.jpg\",\"contentUrl\":\"https:\\\/\\\/www.escapadarural.com\\\/blog\\\/wp-content\\\/uploads\\\/2024\\\/11\\\/cropped-Miguel-Perez-96x96.jpg\",\"caption\":\"Miguel Perez\"},\"description\":\"Me encanta el f\u00fatbol, leer, viajar, descubrir nuevos destinos y cont\u00e1rtelos\",\"sameAs\":[\"#\",\"https:\\\/\\\/x.com\\\/#\"],\"url\":\"https:\\\/\\\/www.escapadarural.com\\\/blog\\\/autor\\\/miguel-perez\\\/\"}]}<\/script>\n<!-- \/ Yoast SEO plugin. -->","yoast_head_json":{"title":"3 playas con leyenda negra en Espa\u00f1a que hoy lucen hermosas y radiantes - EscapadaRural","robots":{"index":"index","follow":"follow","max-snippet":"max-snippet:-1","max-image-preview":"max-image-preview:large","max-video-preview":"max-video-preview:-1"},"canonical":"https:\/\/www.escapadarural.com\/blog\/playas-con-leyenda-negra\/","og_locale":"es_ES","og_type":"article","og_title":"3 playas con leyenda negra en Espa\u00f1a que hoy lucen hermosas y radiantes - EscapadaRural","og_description":"En Espa\u00f1a hay playas con leyenda negra que hoy en d\u00eda, una vez superadas sus respectivas tragedias, lucen radiantes y esperan un futuro esperanzador.","og_url":"https:\/\/www.escapadarural.com\/blog\/playas-con-leyenda-negra\/","og_site_name":"Magazine de viajes de EscapadaRural","article_publisher":"https:\/\/www.facebook.com\/escapadarural","article_author":"#","article_published_time":"2024-09-17T06:01:00+00:00","article_modified_time":"2025-03-12T16:02:18+00:00","og_image":[{"width":1024,"height":629,"url":"https:\/\/www.escapadarural.com\/blog\/wp-content\/uploads\/2024\/10\/MuxiaLourido_JuliaMunozLozano_AdobeStock_287556574_WP07-7.webp","type":"image\/webp"}],"author":"Miguel Perez","twitter_card":"summary_large_image","twitter_creator":"@#","twitter_misc":{"Escrito por":"Miguel Perez","Tiempo de lectura":"13 minutos"},"schema":{"@context":"https:\/\/schema.org","@graph":[{"@type":"Article","@id":"https:\/\/www.escapadarural.com\/blog\/playas-con-leyenda-negra\/#article","isPartOf":{"@id":"https:\/\/www.escapadarural.com\/blog\/playas-con-leyenda-negra\/"},"author":{"name":"Miguel Perez","@id":"https:\/\/www.escapadarural.com\/blog\/#\/schema\/person\/ea17306ba0ae76670daf8e5008db21dd"},"headline":"3 playas con leyenda negra en Espa\u00f1a que hoy lucen hermosas y radiantes","datePublished":"2024-09-17T06:01:00+00:00","dateModified":"2025-03-12T16:02:18+00:00","mainEntityOfPage":{"@id":"https:\/\/www.escapadarural.com\/blog\/playas-con-leyenda-negra\/"},"wordCount":2341,"commentCount":0,"publisher":{"@id":"https:\/\/www.escapadarural.com\/blog\/#organization"},"image":{"@id":"https:\/\/www.escapadarural.com\/blog\/playas-con-leyenda-negra\/#primaryimage"},"thumbnailUrl":"https:\/\/www.escapadarural.com\/blog\/wp-content\/uploads\/2024\/10\/MuxiaLourido_JuliaMunozLozano_AdobeStock_287556574_WP07-7.webp","keywords":["Casa Winter","Costa da Morte","Fuerteventura","Mux\u00eda","Palomares","Playa de Cofete","Playa de Quitapellejos","playas","playas de Espa\u00f1a"],"articleSection":["Destinos"],"inLanguage":"es","potentialAction":[{"@type":"CommentAction","name":"Comment","target":["https:\/\/www.escapadarural.com\/blog\/playas-con-leyenda-negra\/#respond"]}]},{"@type":"WebPage","@id":"https:\/\/www.escapadarural.com\/blog\/playas-con-leyenda-negra\/","url":"https:\/\/www.escapadarural.com\/blog\/playas-con-leyenda-negra\/","name":"3 playas con leyenda negra en Espa\u00f1a que hoy lucen hermosas y radiantes - EscapadaRural","isPartOf":{"@id":"https:\/\/www.escapadarural.com\/blog\/#website"},"primaryImageOfPage":{"@id":"https:\/\/www.escapadarural.com\/blog\/playas-con-leyenda-negra\/#primaryimage"},"image":{"@id":"https:\/\/www.escapadarural.com\/blog\/playas-con-leyenda-negra\/#primaryimage"},"thumbnailUrl":"https:\/\/www.escapadarural.com\/blog\/wp-content\/uploads\/2024\/10\/MuxiaLourido_JuliaMunozLozano_AdobeStock_287556574_WP07-7.webp","datePublished":"2024-09-17T06:01:00+00:00","dateModified":"2025-03-12T16:02:18+00:00","breadcrumb":{"@id":"https:\/\/www.escapadarural.com\/blog\/playas-con-leyenda-negra\/#breadcrumb"},"inLanguage":"es","potentialAction":[{"@type":"ReadAction","target":["https:\/\/www.escapadarural.com\/blog\/playas-con-leyenda-negra\/"]}]},{"@type":"ImageObject","inLanguage":"es","@id":"https:\/\/www.escapadarural.com\/blog\/playas-con-leyenda-negra\/#primaryimage","url":"https:\/\/www.escapadarural.com\/blog\/wp-content\/uploads\/2024\/10\/MuxiaLourido_JuliaMunozLozano_AdobeStock_287556574_WP07-7.webp","contentUrl":"https:\/\/www.escapadarural.com\/blog\/wp-content\/uploads\/2024\/10\/MuxiaLourido_JuliaMunozLozano_AdobeStock_287556574_WP07-7.webp","width":1024,"height":629,"caption":"Vista de una costa rocosa con una peque\u00f1a playa de arena, rodeada de arbustos verdes y un oc\u00e9ano azul claro bajo un cielo brillante."},{"@type":"BreadcrumbList","@id":"https:\/\/www.escapadarural.com\/blog\/playas-con-leyenda-negra\/#breadcrumb","itemListElement":[{"@type":"ListItem","position":1,"name":"Inicio","item":"https:\/\/www.escapadarural.com\/blog\/"},{"@type":"ListItem","position":2,"name":"Destinos","item":"https:\/\/www.escapadarural.com\/blog\/categoria\/destinos\/"},{"@type":"ListItem","position":3,"name":"3 playas con leyenda negra en Espa\u00f1a que hoy lucen hermosas y radiantes"}]},{"@type":"WebSite","@id":"https:\/\/www.escapadarural.com\/blog\/#website","url":"https:\/\/www.escapadarural.com\/blog\/","name":"Blog de viajes | turismo rural, alojamientos e inspiraci\u00f3n","description":"Alojamientos rurales e inspiraci\u00f3n para tus escapadas","publisher":{"@id":"https:\/\/www.escapadarural.com\/blog\/#organization"},"alternateName":"Magazine de viajes de EscapadaRural","potentialAction":[{"@type":"SearchAction","target":{"@type":"EntryPoint","urlTemplate":"https:\/\/www.escapadarural.com\/blog\/?s={search_term_string}"},"query-input":{"@type":"PropertyValueSpecification","valueRequired":true,"valueName":"search_term_string"}}],"inLanguage":"es"},{"@type":"Organization","@id":"https:\/\/www.escapadarural.com\/blog\/#organization","name":"EscapadaRural","url":"https:\/\/www.escapadarural.com\/blog\/","logo":{"@type":"ImageObject","inLanguage":"es","@id":"https:\/\/www.escapadarural.com\/blog\/#\/schema\/logo\/image\/","url":"https:\/\/www.escapadarural.com\/blog\/wp-content\/uploads\/2024\/10\/cropped-cropped-escapada-rural-icon-mag-3.png","contentUrl":"https:\/\/www.escapadarural.com\/blog\/wp-content\/uploads\/2024\/10\/cropped-cropped-escapada-rural-icon-mag-3.png","width":512,"height":512,"caption":"EscapadaRural"},"image":{"@id":"https:\/\/www.escapadarural.com\/blog\/#\/schema\/logo\/image\/"},"sameAs":["https:\/\/www.facebook.com\/escapadarural","https:\/\/www.instagram.com\/escapadarural\/","https:\/\/www.youtube.com\/@escapadaruralcom"]},{"@type":"Person","@id":"https:\/\/www.escapadarural.com\/blog\/#\/schema\/person\/ea17306ba0ae76670daf8e5008db21dd","name":"Miguel Perez","image":{"@type":"ImageObject","inLanguage":"es","@id":"https:\/\/www.escapadarural.com\/blog\/wp-content\/uploads\/2024\/11\/cropped-Miguel-Perez-96x96.jpg","url":"https:\/\/www.escapadarural.com\/blog\/wp-content\/uploads\/2024\/11\/cropped-Miguel-Perez-96x96.jpg","contentUrl":"https:\/\/www.escapadarural.com\/blog\/wp-content\/uploads\/2024\/11\/cropped-Miguel-Perez-96x96.jpg","caption":"Miguel Perez"},"description":"Me encanta el f\u00fatbol, leer, viajar, descubrir nuevos destinos y cont\u00e1rtelos","sameAs":["#","https:\/\/x.com\/#"],"url":"https:\/\/www.escapadarural.com\/blog\/autor\/miguel-perez\/"}]}},"_links":{"self":[{"href":"https:\/\/www.escapadarural.com\/blog\/wp-json\/wp\/v2\/posts\/81983","targetHints":{"allow":["GET"]}}],"collection":[{"href":"https:\/\/www.escapadarural.com\/blog\/wp-json\/wp\/v2\/posts"}],"about":[{"href":"https:\/\/www.escapadarural.com\/blog\/wp-json\/wp\/v2\/types\/post"}],"author":[{"embeddable":true,"href":"https:\/\/www.escapadarural.com\/blog\/wp-json\/wp\/v2\/users\/157"}],"replies":[{"embeddable":true,"href":"https:\/\/www.escapadarural.com\/blog\/wp-json\/wp\/v2\/comments?post=81983"}],"version-history":[{"count":0,"href":"https:\/\/www.escapadarural.com\/blog\/wp-json\/wp\/v2\/posts\/81983\/revisions"}],"wp:featuredmedia":[{"embeddable":true,"href":"https:\/\/www.escapadarural.com\/blog\/wp-json\/wp\/v2\/media\/88531"}],"wp:attachment":[{"href":"https:\/\/www.escapadarural.com\/blog\/wp-json\/wp\/v2\/media?parent=81983"}],"wp:term":[{"taxonomy":"category","embeddable":true,"href":"https:\/\/www.escapadarural.com\/blog\/wp-json\/wp\/v2\/categories?post=81983"},{"taxonomy":"post_tag","embeddable":true,"href":"https:\/\/www.escapadarural.com\/blog\/wp-json\/wp\/v2\/tags?post=81983"}],"curies":[{"name":"wp","href":"https:\/\/api.w.org\/{rel}","templated":true}]}}