{"id":8226,"date":"2017-03-13T12:37:54","date_gmt":"2017-03-13T12:37:54","guid":{"rendered":"http:\/\/15.188.81.248\/2017\/03\/13\/consejos-y-curiosidades-sobre-las-fallas-de-valencia\/"},"modified":"2026-02-05T14:13:55","modified_gmt":"2026-02-05T13:13:55","slug":"consejos-y-curiosidades-sobre-las-fallas-de-valencia","status":"publish","type":"post","link":"https:\/\/www.escapadarural.com\/blog\/consejos-y-curiosidades-sobre-las-fallas-de-valencia\/","title":{"rendered":"Consejos y curiosidades sobre las Fallas de Valencia"},"content":{"rendered":"\n<figure class=\"wp-block-image size-large\"><a href=\"https:\/\/www.escapadarural.com\/blog\/wp-content\/uploads\/2017\/03\/crema-falla-valencia-3-1.jpg\"><img decoding=\"async\" src=\"https:\/\/www.escapadarural.com\/blog\/wp-content\/uploads\/2017\/03\/crema-falla-valencia-3-1.jpg\" alt=\"Fallas de Valencia\" class=\"wp-image-29345\"\/><\/a><figcaption class=\"wp-element-caption\">Fuente: V\u00edctor Ferrando<\/figcaption><\/figure>\n\n\n\n<p>Seguro que habr\u00e1s escuchado hablar muchas veces de la fiesta grande de la ciudad de Valencia. Un acontecimiento que durante <strong>cinco d\u00edas<\/strong> transforma profundamente la ciudad, convirti\u00e9ndola en un territorio casi salvaje de ruido y fuego sin descanso. Casi una semana en la que miles de personas toman las calles y solo est\u00e1 permitido pasarlo bien. S\u00ed, hablo de las <strong>Fallas de Valencia<\/strong>, una fiesta muy especial que todos los a\u00f1os se celebra <strong>del 15 al 19 de marzo<\/strong>.<\/p>\n\n\n\n<p>Las fallas se llevan celebrando en la ciudad de Valencia <strong>al menos desde el siglo XVIII<\/strong>. Entonces, los maestros carpinteros de la ciudad del Turia, coincidiendo con el d\u00eda de San Jos\u00e9, patr\u00f3n del gremio, amontonaban grandes cantidades de objetos de madera que eran quemados a la media noche.<\/p>\n\n\n\n<!--more-->\n\n\n\n<p>Con el paso del tiempo, se comenz\u00f3 a dar forma a peque\u00f1os monumentos. La preocupaci\u00f3n por la est\u00e9tica fue creciendo hasta el punto de transformar unos simples montones de madera en figuras. Figuras que representaban escenas cotidianas, en muchos casos criticando de forma sat\u00edrica sucesos del momento. Incluso, durante la dictadura, algunas fallas se arriesgaban a burlar la censura.<\/p>\n\n\n\n<p>Al llegar el siglo XX, el Ayuntamiento de Valencia comenz\u00f3 a otorgar <strong>premios a los mejores monumentos falleros<\/strong>. Esta circunstancia dio alas a la fiesta. La transformaci\u00f3n de una simple tradici\u00f3n en una fiesta popular hizo que surgieran m\u00e1s acontecimientos en torno a la ella. Tambi\u00e9n los valencianos a\u00f1adieron la p\u00f3lvora, en forma de petardos y <em>masclet\u00e0s<\/em>, y poco a poco se fue convirtiendo en lo que es ahora.<\/p>\n\n\n\n<p>A d\u00eda de hoy, <strong>el monumento requiere meses de fabricaci\u00f3n<\/strong>, y varios d\u00edas de montaje. Pero cada d\u00eda 15 de marzo queda \u00abplantado\u00bb. Durante los d\u00edas de fiesta, centenares de monumentos grandes y otros tantos infantiles, permanecen en las calles para que locales y visitantes puedan admirarlos. <strong>800 obras de arte cargadas de cr\u00edtica social<\/strong>, en ocasiones m\u00e1s acertadas y otras no tanto. En ellos no faltar\u00e1n los pol\u00edticos de turno, los futbolistas y famosillos de moda, y otras escenas relacionadas con los acontecimientos de la ciudad o del mundo.<\/p>\n\n\n\n<p>Si nunca has ido a las Fallas, es el momento de hacerlo. Este 2017 han sido <strong>declaradas Patrimonio de la Humanidad<\/strong> por la Unesco. Un merecido reconocimiento a a\u00f1os de fiesta y tradici\u00f3n, que nuevamente da un impulso a la fiesta, que comienza a ser conocida internacionalmente.<\/p>\n\n\n\n<p>Aqu\u00ed te voy a dar algunas recomendaciones y consejos para disfrutar de las Fallas casi <strong>como un local<\/strong>.<\/p>\n\n\n\n<h2 class=\"wp-block-heading title-rute\">Los monumentos m\u00e1s importantes que visitar si vienes a Valencia en Fallas<\/h2>\n\n\n<div class=\"wp-block-image\">\n<figure class=\"aligncenter size-large\"><a href=\"https:\/\/www.escapadarural.com\/blog\/wp-content\/uploads\/2017\/03\/falla-especial-valencia-3-1.jpg\"><img decoding=\"async\" src=\"https:\/\/www.escapadarural.com\/blog\/wp-content\/uploads\/2017\/03\/falla-especial-valencia-3-1.jpg\" alt=\"Fallas de Valencia\" class=\"wp-image-29344\"\/><\/a><figcaption class=\"wp-element-caption\">Fuente: V\u00edctor Ferrando<\/figcaption><\/figure>\n<\/div>\n\n\n<p>En las fallas, como en muchas otras cosas, <strong>el tama\u00f1o importa<\/strong>. As\u00ed que en muchas ocasiones quien tiene m\u00e1s dinero para hacer una falla grande es quien se lleva los premios. <strong>Las fallas de Secci\u00f3n Especial son las m\u00e1s grandes<\/strong>, las m\u00e1s caras, y por tanto las m\u00e1s visitadas, aunque yo no dejar\u00eda de caminar por la ciudad pues muchas otras con menor presupuesto tambi\u00e9n tienen su encanto.<\/p>\n\n\n\n<p>Varias son las fallas que aspiran a lograr el preciado primer premio de la Secci\u00f3n Especial, la mayor\u00eda repartidas por el centro de la ciudad o por el barrio de Ruzafa. Aunque tambi\u00e9n las hay en otros barrios.<\/p>\n\n\n\n<p>La falla de la Plaza del Pilar, encajonada en una peque\u00f1a plaza es una de las que m\u00e1s destacan, pues el reducido espacio disponible la hace parecer a\u00fan m\u00e1s grande de lo que es. Otras como Sueca-Literaro Azor\u00edn o Cuba-Literazo Azor\u00edn, en Ruzafa, est\u00e1n siempre en lo m\u00e1s alto de las listas de premios.<\/p>\n\n\n\n<p>Por supuesto, no nos podemos olvidar de otras fallas con gran historia como Convento Jerusal\u00e9n-Matem\u00e1tico Marzal, en pleno centro, que siempre plantan monumentos que no dejan indiferentes a nadie. O la falla de L&#8217;Antiga de Campanar, que tras unos a\u00f1os de baj\u00f3n se ha colocado de nuevo entre las aspirantes a estar en lo m\u00e1s alto.<\/p>\n\n\n\n<h2 class=\"wp-block-heading title-rute\">Qu\u00e9 es una <em>masclet\u00e0<\/em> y consejos para disfrutarla sin miedo<\/h2>\n\n\n<div class=\"wp-block-image\">\n<figure class=\"aligncenter size-large\"><a href=\"https:\/\/www.escapadarural.com\/blog\/wp-content\/uploads\/2017\/03\/fallas-infantiles-valencia-1.jpg\"><img decoding=\"async\" src=\"https:\/\/www.escapadarural.com\/blog\/wp-content\/uploads\/2017\/03\/fallas-infantiles-valencia-1.jpg\" alt=\"Fallas de Valencia\" class=\"wp-image-29343\"\/><\/a><figcaption class=\"wp-element-caption\">Fuente: V\u00edctor Ferrando<\/figcaption><\/figure>\n<\/div>\n\n\n<p>Todos los d\u00edas, desde el 1 al 19 de marzo, se dispara a las 14:00 horas una <em>masclet\u00e0<\/em> en la Plaza del Ayuntamiento de Valencia. Cada d\u00eda una empresa de <strong>pirotecnia<\/strong> diferente tiene la oportunidad de lucirse creando un espect\u00e1culo en el que el sonido es el principal ingrediente. <strong>120 Kg de p\u00f3lvora se queman en unos 6 minutos<\/strong>, creando un estruendo que va creciendo conforme avanzan los segundos y que desemboca en un \u00abterremoto\u00bb final apote\u00f3sico.<\/p>\n\n\n\n<p>Si nunca has visto en directo una <em>masclet\u00e0<\/em>, <strong>te recomiendo que no te adentres mucho en la plaza<\/strong>. Una vez dentro y con la plaza llena de gente es muy complicado salir. Y una vez comienzan a estallar los petardos puedes llegar a pasarlo muy mal. Pero es algo que no te debes perder por nada del mundo. Y si te gusta, al d\u00eda siguiente tendr\u00e1s la oportunidad de acercarte m\u00e1s.<\/p>\n\n\n\n<p>Para los d\u00edas de fallas, entre el 15 y el 19 de marzo, es mejor <strong>acudir a la plaza una hora antes<\/strong> para poder tener un buen sitio. Si llegas pasadas las 13:30 h, es f\u00e1cil que ya no puedas acceder a la plaza y meterte de lleno en el ambiente, aunque de todas formas la escuchar\u00e1s.<\/p>\n\n\n\n<h2 class=\"wp-block-heading title-rute\">La Ofrenda de flores a la Virgen de los Desamparados<\/h2>\n\n\n<div class=\"wp-block-image\">\n<figure class=\"aligncenter size-large\"><a href=\"https:\/\/www.escapadarural.com\/blog\/wp-content\/uploads\/2017\/03\/falla-especial-valencia-6-1.jpg\"><img decoding=\"async\" src=\"https:\/\/www.escapadarural.com\/blog\/wp-content\/uploads\/2017\/03\/falla-especial-valencia-6-1.jpg\" alt=\"Fallas de Valencia\" class=\"wp-image-29342\"\/><\/a><figcaption class=\"wp-element-caption\">Fuente: V\u00edctor Ferrando<\/figcaption><\/figure>\n<\/div>\n\n\n<p>Uno de los <strong>actos m\u00e1s emotivos<\/strong> que se realizan durante la Semana Fallera es la Ofrenda a la Virgen de los Desamparados. Curiosamente, hasta la gente menos creyente se viste con sus mejores galas para participar en esta procesi\u00f3n.<\/p>\n\n\n\n<p>Durante dos tardes, las del 17 y 18 de marzo, m\u00e1s de 100.000 falleros y falleras pasar\u00e1n ordenadamente por la Plaza de la Virgen de Valencia para hacer entrega de un ramo de flores a la virgen. Con \u00e9l, se confeccionar\u00e1 un colorido manto para la gran imagen de la Virgen de los Desamparados. Tambi\u00e9n un enorme tapiz que cubrir\u00e1 durante varias semanas la fachada de la Bas\u00edlica.<\/p>\n\n\n\n<h2 class=\"wp-block-heading title-rute\">Espect\u00e1culos de fuegos artificiales y <em>la Nit del Foc<\/em><\/h2>\n\n\n<div class=\"wp-block-image\">\n<figure class=\"aligncenter size-large\"><a href=\"https:\/\/www.escapadarural.com\/blog\/wp-content\/uploads\/2017\/03\/crema-falla-valencia-1.jpg\"><img decoding=\"async\" src=\"https:\/\/www.escapadarural.com\/blog\/wp-content\/uploads\/2017\/03\/crema-falla-valencia-1.jpg\" alt=\"Fallas de Valencia\" class=\"wp-image-29341\"\/><\/a><figcaption class=\"wp-element-caption\">Fuente: V\u00edctor Ferrando<\/figcaption><\/figure>\n<\/div>\n\n\n<p>Son varias las noches en las que se disparan espect\u00e1culos de fuegos artificiales durante las Fallas. Esto sucede en el antiguo cauce del R\u00edo Turia, hoy convertido en un enorme jard\u00edn que atraviesa la ciudad.<\/p>\n\n\n\n<p>La noche del 18 de marzo, cuando termina la Ofrenda, se dispara el mayor de estos espect\u00e1culos. Se trata de la <em>Nit del Foc<\/em>, \u00abla noche del fuego\u00bb. Durante una media hora ilumina la noche valenciana llenando el cielo de color y el ambiente de ruido. Sin duda te sorprender\u00e1.<\/p>\n\n\n\n<h2 class=\"wp-block-heading title-rute\">El momento cumbre: <em>La crem\u00e0<\/em><\/h2>\n\n\n<div class=\"wp-block-image\">\n<figure class=\"aligncenter size-large\"><a href=\"https:\/\/www.escapadarural.com\/blog\/wp-content\/uploads\/2017\/03\/crema-falla-valencia-2-1.jpg\"><img decoding=\"async\" src=\"https:\/\/www.escapadarural.com\/blog\/wp-content\/uploads\/2017\/03\/crema-falla-valencia-2-1.jpg\" alt=\"Fallas de Valencia\" class=\"wp-image-29340\"\/><\/a><figcaption class=\"wp-element-caption\">Fuente: V\u00edctor Ferrando<\/figcaption><\/figure>\n<\/div>\n\n<div class=\"wp-block-image\">\n<figure class=\"aligncenter size-large\"><a href=\"https:\/\/www.escapadarural.com\/blog\/wp-content\/uploads\/2017\/03\/falla-especial-valencia-5-1.jpg\"><img decoding=\"async\" src=\"https:\/\/www.escapadarural.com\/blog\/wp-content\/uploads\/2017\/03\/falla-especial-valencia-5-1.jpg\" alt=\"Fallas de Valencia\" class=\"wp-image-29339\"\/><\/a><figcaption class=\"wp-element-caption\">Fuente: V\u00edctor Ferrando<\/figcaption><\/figure>\n<\/div>\n\n\n<p><strong>Muchas personas no lo entienden<\/strong>. Los valencianos gastan millones de euros en crear unos bonitos monumentos para luego quemarlos en un rato durante la noche del d\u00eda 19 de marzo. Pero en esto consisten las fallas: hay que quemar, purificar, dar la bienvenida a la primavera y cerrar un ciclo que dura 365 d\u00edas para volver a comenzar a planificar las fallas del siguiente a\u00f1o.<\/p>\n\n\n\n<p>Durante la noche del 19 de marzo se queman primero los monumentos infantiles, sobre las 22:00 horas. Despu\u00e9s se cena y m\u00e1s tarde, a la media noche, se prende fuego a las grandes.<\/p>\n\n\n\n<p>Los valencianos falleros suelen ver quemar la falla de su barrio. Pero los visitantes suelen ir a ver la Falla del Ayuntamiento. Esto tiene un problema y es que la plaza se llena de gente horas antes, por lo que si no te gustan las aglomeraciones tal vez prefieras ir a ver quemar una falla de Secci\u00f3n Especial o una de barrio.<\/p>\n\n\n\n<h2 class=\"wp-block-heading title-rute\">M\u00e1s cosas que deber\u00edas saber sobre las Fallas de Valencia<\/h2>\n\n\n<div class=\"wp-block-image\">\n<figure class=\"aligncenter size-large\"><a href=\"https:\/\/www.escapadarural.com\/blog\/wp-content\/uploads\/2017\/03\/falleras-valencia-1.jpg\"><img decoding=\"async\" src=\"https:\/\/www.escapadarural.com\/blog\/wp-content\/uploads\/2017\/03\/falleras-valencia-1.jpg\" alt=\"Fallas de Valencia\" class=\"wp-image-29338\"\/><\/a><figcaption class=\"wp-element-caption\">Fuente: V\u00edctor Ferrando<\/figcaption><\/figure>\n<\/div>\n\n\n<p>Cada a\u00f1o, una Fallera Mayor y una Fallera Mayor Infantil, representan a todas las falleras de la ciudad. Ser\u00e1n acompa\u00f1adas por la Corte de Honor, formada por otras doce falleras.<\/p>\n\n\n\n<p>Durante todo el mes de marzo, pero especialmente durante los cinco d\u00edas de fallas, pueden explotar en la ciudad millones de petardos. Especialmente los ni\u00f1os y j\u00f3venes, pero tambi\u00e9n muchos adultos, se encargan de que las explosiones no cesen.<\/p>\n\n\n\n<p>Durante los d\u00edas de fiesta, en cada una de las fallas se dispara una peque\u00f1a <em>masclet\u00e0<\/em>. De 14 a 15 de la tarde, toda la ciudad se convierte en un incesante y atronador terremoto.<\/p>\n\n\n\n<p>Hay <strong>casi 400 comisiones falleras<\/strong> dentro de la ciudad. Esto hace que cuando camines por la ciudad te encuentres con un monumento cada 3 o 4 calles. <strong>Adem\u00e1s hay otras 400 fallas infantiles<\/strong>, que son las creadas para los ni\u00f1os.<\/p>\n\n\n\n<p>El Ayuntamiento tiene su propia falla, fuera de concurso. Todos los a\u00f1os se planta en la plaza principal de la ciudad, junto al lugar donde se dispara la <em>masclet\u00e0<\/em>, un gran monumento. En los \u00faltimos a\u00f1os, se han introducido en esta falla nuevos materiales. Incluso algunos efectos de luces y sonido para darle un toque diferente.<\/p>\n\n\n\n<p><strong>A todo se le llama Falla<\/strong>. Fallas es el nombre de la fiesta, pero tambi\u00e9n es el nombre que recibe el monumento a quemar, y los grupos de personas que se juntan en un barrio para crearlo. Por tanto, la falla se disfruta, la falla se quema y la falla es la gente.<\/p>\n\n\n\n<p>Cada a\u00f1o se selecciona un mu\u00f1eco, llamado <strong><em>Ninot<\/em><\/strong>, de cada falla. Todos ellos se re\u00fanen en una exposici\u00f3n para que el p\u00fablico vote por el que m\u00e1s le gusta. <strong>El ganador ser\u00e1 indultado y no se quemar\u00e1<\/strong>.<\/p>\n\n\n\n<p>Las fallas cuestan mucho dinero. Las m\u00e1s modestas apenas superan unos pocos miles de euros, pero las grandes fallas manejan presupuestos de varios cientos de miles de euros. Incluso en los a\u00f1os de Nou Campanar, <strong>se roz\u00f3 el mill\u00f3n de euros<\/strong> en un imponente monumento que se consumi\u00f3 en unos pocos minutos.<\/p>\n\n\n\n<p>Los valencianos se visten de fallero y fallera. Aunque el traje que destaca es el de la mujer, en los \u00faltimos a\u00f1os el atuendo masculino ha ganado protagonismo, dejando de lado un sobrio traje negro para llenarse de color. El mejor momento para verlos es durante la Ofrenda.<\/p>\n\n\n\n<p>Y lo m\u00e1s importante: disfrutar de la fiesta.<\/p>\n","protected":false},"excerpt":{"rendered":"<p>Las Fallas volver\u00e1n a arder del del 15 al 19 de marzo. Casi una semana en la que solo est\u00e1 permitido pasarlo bien&#8230;<\/p>\n","protected":false},"author":103,"featured_media":105389,"comment_status":"open","ping_status":"closed","sticky":false,"template":"","format":"standard","meta":{"_acf_changed":false,"om_disable_all_campaigns":false,"footnotes":""},"categories":[231],"tags":[260,716,1587,1946,625,257,602],"class_list":["post-8226","post","type-post","status-publish","format-standard","has-post-thumbnail","hentry","category-arte-y-cultura","tag-articulo","tag-consejos","tag-fallas","tag-fallas-de-valencia","tag-folclore-y-tradiciones","tag-primavera","tag-que-ver-en-valencia"],"acf":[],"featured_image_src":"https:\/\/www.escapadarural.com\/blog\/wp-content\/uploads\/2024\/10\/crema-falla-valencia-3-1-2.jpg","author_info":{"display_name":"V\u00edctor Ferrando","author_link":"https:\/\/www.escapadarural.com\/blog\/autor\/victorferrando\/"},"yoast_head":"<!-- This site is optimized with the Yoast SEO plugin v27.5 - https:\/\/yoast.com\/product\/yoast-seo-wordpress\/ -->\n<title>Consejos y curiosidades sobre las Fallas de Valencia - EscapadaRural<\/title>\n<meta name=\"robots\" content=\"index, follow, max-snippet:-1, max-image-preview:large, max-video-preview:-1\" \/>\n<link rel=\"canonical\" href=\"https:\/\/www.escapadarural.com\/blog\/consejos-y-curiosidades-sobre-las-fallas-de-valencia\/\" \/>\n<meta property=\"og:locale\" content=\"es_ES\" \/>\n<meta property=\"og:type\" content=\"article\" \/>\n<meta property=\"og:title\" content=\"Consejos y curiosidades sobre las Fallas de Valencia - EscapadaRural\" \/>\n<meta property=\"og:description\" content=\"Las Fallas volver\u00e1n a arder del del 15 al 19 de marzo. Casi una semana en la que solo est\u00e1 permitido pasarlo bien...\" \/>\n<meta property=\"og:url\" content=\"https:\/\/www.escapadarural.com\/blog\/consejos-y-curiosidades-sobre-las-fallas-de-valencia\/\" \/>\n<meta property=\"og:site_name\" content=\"Magazine de viajes de EscapadaRural\" \/>\n<meta property=\"article:publisher\" content=\"https:\/\/www.facebook.com\/escapadarural\" \/>\n<meta property=\"article:published_time\" content=\"2017-03-13T12:37:54+00:00\" \/>\n<meta property=\"article:modified_time\" content=\"2026-02-05T13:13:55+00:00\" \/>\n<meta property=\"og:image\" content=\"https:\/\/www.escapadarural.com\/blog\/wp-content\/uploads\/2024\/10\/crema-falla-valencia-3-1-2.jpg\" \/>\n\t<meta property=\"og:image:width\" content=\"900\" \/>\n\t<meta property=\"og:image:height\" content=\"579\" \/>\n\t<meta property=\"og:image:type\" content=\"image\/jpeg\" \/>\n<meta name=\"author\" content=\"V\u00edctor Ferrando\" \/>\n<meta name=\"twitter:card\" content=\"summary_large_image\" \/>\n<meta name=\"twitter:label1\" content=\"Escrito por\" \/>\n\t<meta name=\"twitter:data1\" content=\"V\u00edctor Ferrando\" \/>\n\t<meta name=\"twitter:label2\" content=\"Tiempo de lectura\" \/>\n\t<meta name=\"twitter:data2\" content=\"9 minutos\" \/>\n<script type=\"application\/ld+json\" class=\"yoast-schema-graph\">{\"@context\":\"https:\\\/\\\/schema.org\",\"@graph\":[{\"@type\":\"Article\",\"@id\":\"https:\\\/\\\/www.escapadarural.com\\\/blog\\\/consejos-y-curiosidades-sobre-las-fallas-de-valencia\\\/#article\",\"isPartOf\":{\"@id\":\"https:\\\/\\\/www.escapadarural.com\\\/blog\\\/consejos-y-curiosidades-sobre-las-fallas-de-valencia\\\/\"},\"author\":{\"name\":\"V\u00edctor Ferrando\",\"@id\":\"https:\\\/\\\/www.escapadarural.com\\\/blog\\\/#\\\/schema\\\/person\\\/de7f84eecf712cc79327d46a6a8ad14d\"},\"headline\":\"Consejos y curiosidades sobre las Fallas de Valencia\",\"datePublished\":\"2017-03-13T12:37:54+00:00\",\"dateModified\":\"2026-02-05T13:13:55+00:00\",\"mainEntityOfPage\":{\"@id\":\"https:\\\/\\\/www.escapadarural.com\\\/blog\\\/consejos-y-curiosidades-sobre-las-fallas-de-valencia\\\/\"},\"wordCount\":1759,\"commentCount\":1,\"publisher\":{\"@id\":\"https:\\\/\\\/www.escapadarural.com\\\/blog\\\/#organization\"},\"image\":{\"@id\":\"https:\\\/\\\/www.escapadarural.com\\\/blog\\\/consejos-y-curiosidades-sobre-las-fallas-de-valencia\\\/#primaryimage\"},\"thumbnailUrl\":\"https:\\\/\\\/www.escapadarural.com\\\/blog\\\/wp-content\\\/uploads\\\/2024\\\/10\\\/crema-falla-valencia-3-1-2.jpg\",\"keywords\":[\"art\u00edculo\",\"consejos\",\"Fallas\",\"Fallas de Valencia\",\"Folclore y tradiciones\",\"Primavera\",\"Valencia\"],\"articleSection\":[\"Arte y Cultura\"],\"inLanguage\":\"es\",\"potentialAction\":[{\"@type\":\"CommentAction\",\"name\":\"Comment\",\"target\":[\"https:\\\/\\\/www.escapadarural.com\\\/blog\\\/consejos-y-curiosidades-sobre-las-fallas-de-valencia\\\/#respond\"]}]},{\"@type\":\"WebPage\",\"@id\":\"https:\\\/\\\/www.escapadarural.com\\\/blog\\\/consejos-y-curiosidades-sobre-las-fallas-de-valencia\\\/\",\"url\":\"https:\\\/\\\/www.escapadarural.com\\\/blog\\\/consejos-y-curiosidades-sobre-las-fallas-de-valencia\\\/\",\"name\":\"Consejos y curiosidades sobre las Fallas de Valencia - EscapadaRural\",\"isPartOf\":{\"@id\":\"https:\\\/\\\/www.escapadarural.com\\\/blog\\\/#website\"},\"primaryImageOfPage\":{\"@id\":\"https:\\\/\\\/www.escapadarural.com\\\/blog\\\/consejos-y-curiosidades-sobre-las-fallas-de-valencia\\\/#primaryimage\"},\"image\":{\"@id\":\"https:\\\/\\\/www.escapadarural.com\\\/blog\\\/consejos-y-curiosidades-sobre-las-fallas-de-valencia\\\/#primaryimage\"},\"thumbnailUrl\":\"https:\\\/\\\/www.escapadarural.com\\\/blog\\\/wp-content\\\/uploads\\\/2024\\\/10\\\/crema-falla-valencia-3-1-2.jpg\",\"datePublished\":\"2017-03-13T12:37:54+00:00\",\"dateModified\":\"2026-02-05T13:13:55+00:00\",\"breadcrumb\":{\"@id\":\"https:\\\/\\\/www.escapadarural.com\\\/blog\\\/consejos-y-curiosidades-sobre-las-fallas-de-valencia\\\/#breadcrumb\"},\"inLanguage\":\"es\",\"potentialAction\":[{\"@type\":\"ReadAction\",\"target\":[\"https:\\\/\\\/www.escapadarural.com\\\/blog\\\/consejos-y-curiosidades-sobre-las-fallas-de-valencia\\\/\"]}]},{\"@type\":\"ImageObject\",\"inLanguage\":\"es\",\"@id\":\"https:\\\/\\\/www.escapadarural.com\\\/blog\\\/consejos-y-curiosidades-sobre-las-fallas-de-valencia\\\/#primaryimage\",\"url\":\"https:\\\/\\\/www.escapadarural.com\\\/blog\\\/wp-content\\\/uploads\\\/2024\\\/10\\\/crema-falla-valencia-3-1-2.jpg\",\"contentUrl\":\"https:\\\/\\\/www.escapadarural.com\\\/blog\\\/wp-content\\\/uploads\\\/2024\\\/10\\\/crema-falla-valencia-3-1-2.jpg\",\"width\":900,\"height\":579,\"caption\":\"Una estatua grande y colorida arde con chispas brillantes y humo durante un festival nocturno, mientras la gente cercana observa y controla el fuego. La escena es dram\u00e1tica y animada, iluminada por el ardiente despliegue.\"},{\"@type\":\"BreadcrumbList\",\"@id\":\"https:\\\/\\\/www.escapadarural.com\\\/blog\\\/consejos-y-curiosidades-sobre-las-fallas-de-valencia\\\/#breadcrumb\",\"itemListElement\":[{\"@type\":\"ListItem\",\"position\":1,\"name\":\"Inicio\",\"item\":\"https:\\\/\\\/www.escapadarural.com\\\/blog\\\/\"},{\"@type\":\"ListItem\",\"position\":2,\"name\":\"Arte y Cultura\",\"item\":\"https:\\\/\\\/www.escapadarural.com\\\/blog\\\/categoria\\\/arte-y-cultura\\\/\"},{\"@type\":\"ListItem\",\"position\":3,\"name\":\"Consejos y curiosidades sobre las Fallas de Valencia\"}]},{\"@type\":\"WebSite\",\"@id\":\"https:\\\/\\\/www.escapadarural.com\\\/blog\\\/#website\",\"url\":\"https:\\\/\\\/www.escapadarural.com\\\/blog\\\/\",\"name\":\"Blog de viajes | turismo rural, alojamientos e inspiraci\u00f3n\",\"description\":\"Alojamientos rurales e inspiraci\u00f3n para tus escapadas\",\"publisher\":{\"@id\":\"https:\\\/\\\/www.escapadarural.com\\\/blog\\\/#organization\"},\"alternateName\":\"Magazine de viajes de EscapadaRural\",\"potentialAction\":[{\"@type\":\"SearchAction\",\"target\":{\"@type\":\"EntryPoint\",\"urlTemplate\":\"https:\\\/\\\/www.escapadarural.com\\\/blog\\\/?s={search_term_string}\"},\"query-input\":{\"@type\":\"PropertyValueSpecification\",\"valueRequired\":true,\"valueName\":\"search_term_string\"}}],\"inLanguage\":\"es\"},{\"@type\":\"Organization\",\"@id\":\"https:\\\/\\\/www.escapadarural.com\\\/blog\\\/#organization\",\"name\":\"EscapadaRural\",\"url\":\"https:\\\/\\\/www.escapadarural.com\\\/blog\\\/\",\"logo\":{\"@type\":\"ImageObject\",\"inLanguage\":\"es\",\"@id\":\"https:\\\/\\\/www.escapadarural.com\\\/blog\\\/#\\\/schema\\\/logo\\\/image\\\/\",\"url\":\"https:\\\/\\\/www.escapadarural.com\\\/blog\\\/wp-content\\\/uploads\\\/2024\\\/10\\\/cropped-cropped-escapada-rural-icon-mag-3.png\",\"contentUrl\":\"https:\\\/\\\/www.escapadarural.com\\\/blog\\\/wp-content\\\/uploads\\\/2024\\\/10\\\/cropped-cropped-escapada-rural-icon-mag-3.png\",\"width\":512,\"height\":512,\"caption\":\"EscapadaRural\"},\"image\":{\"@id\":\"https:\\\/\\\/www.escapadarural.com\\\/blog\\\/#\\\/schema\\\/logo\\\/image\\\/\"},\"sameAs\":[\"https:\\\/\\\/www.facebook.com\\\/escapadarural\",\"https:\\\/\\\/www.instagram.com\\\/escapadarural\\\/\",\"https:\\\/\\\/www.youtube.com\\\/@escapadaruralcom\"]},{\"@type\":\"Person\",\"@id\":\"https:\\\/\\\/www.escapadarural.com\\\/blog\\\/#\\\/schema\\\/person\\\/de7f84eecf712cc79327d46a6a8ad14d\",\"name\":\"V\u00edctor Ferrando\",\"image\":{\"@type\":\"ImageObject\",\"inLanguage\":\"es\",\"@id\":\"https:\\\/\\\/secure.gravatar.com\\\/avatar\\\/894ca87f82452fc2d4e81b2b17e7c1651aa21730a6865c35cb6c6e237a4a2f4f?s=96&d=mm&r=g\",\"url\":\"https:\\\/\\\/secure.gravatar.com\\\/avatar\\\/894ca87f82452fc2d4e81b2b17e7c1651aa21730a6865c35cb6c6e237a4a2f4f?s=96&d=mm&r=g\",\"contentUrl\":\"https:\\\/\\\/secure.gravatar.com\\\/avatar\\\/894ca87f82452fc2d4e81b2b17e7c1651aa21730a6865c35cb6c6e237a4a2f4f?s=96&d=mm&r=g\",\"caption\":\"V\u00edctor Ferrando\"},\"url\":\"https:\\\/\\\/www.escapadarural.com\\\/blog\\\/autor\\\/victorferrando\\\/\"}]}<\/script>\n<!-- \/ Yoast SEO plugin. -->","yoast_head_json":{"title":"Consejos y curiosidades sobre las Fallas de Valencia - EscapadaRural","robots":{"index":"index","follow":"follow","max-snippet":"max-snippet:-1","max-image-preview":"max-image-preview:large","max-video-preview":"max-video-preview:-1"},"canonical":"https:\/\/www.escapadarural.com\/blog\/consejos-y-curiosidades-sobre-las-fallas-de-valencia\/","og_locale":"es_ES","og_type":"article","og_title":"Consejos y curiosidades sobre las Fallas de Valencia - EscapadaRural","og_description":"Las Fallas volver\u00e1n a arder del del 15 al 19 de marzo. Casi una semana en la que solo est\u00e1 permitido pasarlo bien...","og_url":"https:\/\/www.escapadarural.com\/blog\/consejos-y-curiosidades-sobre-las-fallas-de-valencia\/","og_site_name":"Magazine de viajes de EscapadaRural","article_publisher":"https:\/\/www.facebook.com\/escapadarural","article_published_time":"2017-03-13T12:37:54+00:00","article_modified_time":"2026-02-05T13:13:55+00:00","og_image":[{"width":900,"height":579,"url":"https:\/\/www.escapadarural.com\/blog\/wp-content\/uploads\/2024\/10\/crema-falla-valencia-3-1-2.jpg","type":"image\/jpeg"}],"author":"V\u00edctor Ferrando","twitter_card":"summary_large_image","twitter_misc":{"Escrito por":"V\u00edctor Ferrando","Tiempo de lectura":"9 minutos"},"schema":{"@context":"https:\/\/schema.org","@graph":[{"@type":"Article","@id":"https:\/\/www.escapadarural.com\/blog\/consejos-y-curiosidades-sobre-las-fallas-de-valencia\/#article","isPartOf":{"@id":"https:\/\/www.escapadarural.com\/blog\/consejos-y-curiosidades-sobre-las-fallas-de-valencia\/"},"author":{"name":"V\u00edctor Ferrando","@id":"https:\/\/www.escapadarural.com\/blog\/#\/schema\/person\/de7f84eecf712cc79327d46a6a8ad14d"},"headline":"Consejos y curiosidades sobre las Fallas de Valencia","datePublished":"2017-03-13T12:37:54+00:00","dateModified":"2026-02-05T13:13:55+00:00","mainEntityOfPage":{"@id":"https:\/\/www.escapadarural.com\/blog\/consejos-y-curiosidades-sobre-las-fallas-de-valencia\/"},"wordCount":1759,"commentCount":1,"publisher":{"@id":"https:\/\/www.escapadarural.com\/blog\/#organization"},"image":{"@id":"https:\/\/www.escapadarural.com\/blog\/consejos-y-curiosidades-sobre-las-fallas-de-valencia\/#primaryimage"},"thumbnailUrl":"https:\/\/www.escapadarural.com\/blog\/wp-content\/uploads\/2024\/10\/crema-falla-valencia-3-1-2.jpg","keywords":["art\u00edculo","consejos","Fallas","Fallas de Valencia","Folclore y tradiciones","Primavera","Valencia"],"articleSection":["Arte y Cultura"],"inLanguage":"es","potentialAction":[{"@type":"CommentAction","name":"Comment","target":["https:\/\/www.escapadarural.com\/blog\/consejos-y-curiosidades-sobre-las-fallas-de-valencia\/#respond"]}]},{"@type":"WebPage","@id":"https:\/\/www.escapadarural.com\/blog\/consejos-y-curiosidades-sobre-las-fallas-de-valencia\/","url":"https:\/\/www.escapadarural.com\/blog\/consejos-y-curiosidades-sobre-las-fallas-de-valencia\/","name":"Consejos y curiosidades sobre las Fallas de Valencia - EscapadaRural","isPartOf":{"@id":"https:\/\/www.escapadarural.com\/blog\/#website"},"primaryImageOfPage":{"@id":"https:\/\/www.escapadarural.com\/blog\/consejos-y-curiosidades-sobre-las-fallas-de-valencia\/#primaryimage"},"image":{"@id":"https:\/\/www.escapadarural.com\/blog\/consejos-y-curiosidades-sobre-las-fallas-de-valencia\/#primaryimage"},"thumbnailUrl":"https:\/\/www.escapadarural.com\/blog\/wp-content\/uploads\/2024\/10\/crema-falla-valencia-3-1-2.jpg","datePublished":"2017-03-13T12:37:54+00:00","dateModified":"2026-02-05T13:13:55+00:00","breadcrumb":{"@id":"https:\/\/www.escapadarural.com\/blog\/consejos-y-curiosidades-sobre-las-fallas-de-valencia\/#breadcrumb"},"inLanguage":"es","potentialAction":[{"@type":"ReadAction","target":["https:\/\/www.escapadarural.com\/blog\/consejos-y-curiosidades-sobre-las-fallas-de-valencia\/"]}]},{"@type":"ImageObject","inLanguage":"es","@id":"https:\/\/www.escapadarural.com\/blog\/consejos-y-curiosidades-sobre-las-fallas-de-valencia\/#primaryimage","url":"https:\/\/www.escapadarural.com\/blog\/wp-content\/uploads\/2024\/10\/crema-falla-valencia-3-1-2.jpg","contentUrl":"https:\/\/www.escapadarural.com\/blog\/wp-content\/uploads\/2024\/10\/crema-falla-valencia-3-1-2.jpg","width":900,"height":579,"caption":"Una estatua grande y colorida arde con chispas brillantes y humo durante un festival nocturno, mientras la gente cercana observa y controla el fuego. La escena es dram\u00e1tica y animada, iluminada por el ardiente despliegue."},{"@type":"BreadcrumbList","@id":"https:\/\/www.escapadarural.com\/blog\/consejos-y-curiosidades-sobre-las-fallas-de-valencia\/#breadcrumb","itemListElement":[{"@type":"ListItem","position":1,"name":"Inicio","item":"https:\/\/www.escapadarural.com\/blog\/"},{"@type":"ListItem","position":2,"name":"Arte y Cultura","item":"https:\/\/www.escapadarural.com\/blog\/categoria\/arte-y-cultura\/"},{"@type":"ListItem","position":3,"name":"Consejos y curiosidades sobre las Fallas de Valencia"}]},{"@type":"WebSite","@id":"https:\/\/www.escapadarural.com\/blog\/#website","url":"https:\/\/www.escapadarural.com\/blog\/","name":"Blog de viajes | turismo rural, alojamientos e inspiraci\u00f3n","description":"Alojamientos rurales e inspiraci\u00f3n para tus escapadas","publisher":{"@id":"https:\/\/www.escapadarural.com\/blog\/#organization"},"alternateName":"Magazine de viajes de EscapadaRural","potentialAction":[{"@type":"SearchAction","target":{"@type":"EntryPoint","urlTemplate":"https:\/\/www.escapadarural.com\/blog\/?s={search_term_string}"},"query-input":{"@type":"PropertyValueSpecification","valueRequired":true,"valueName":"search_term_string"}}],"inLanguage":"es"},{"@type":"Organization","@id":"https:\/\/www.escapadarural.com\/blog\/#organization","name":"EscapadaRural","url":"https:\/\/www.escapadarural.com\/blog\/","logo":{"@type":"ImageObject","inLanguage":"es","@id":"https:\/\/www.escapadarural.com\/blog\/#\/schema\/logo\/image\/","url":"https:\/\/www.escapadarural.com\/blog\/wp-content\/uploads\/2024\/10\/cropped-cropped-escapada-rural-icon-mag-3.png","contentUrl":"https:\/\/www.escapadarural.com\/blog\/wp-content\/uploads\/2024\/10\/cropped-cropped-escapada-rural-icon-mag-3.png","width":512,"height":512,"caption":"EscapadaRural"},"image":{"@id":"https:\/\/www.escapadarural.com\/blog\/#\/schema\/logo\/image\/"},"sameAs":["https:\/\/www.facebook.com\/escapadarural","https:\/\/www.instagram.com\/escapadarural\/","https:\/\/www.youtube.com\/@escapadaruralcom"]},{"@type":"Person","@id":"https:\/\/www.escapadarural.com\/blog\/#\/schema\/person\/de7f84eecf712cc79327d46a6a8ad14d","name":"V\u00edctor Ferrando","image":{"@type":"ImageObject","inLanguage":"es","@id":"https:\/\/secure.gravatar.com\/avatar\/894ca87f82452fc2d4e81b2b17e7c1651aa21730a6865c35cb6c6e237a4a2f4f?s=96&d=mm&r=g","url":"https:\/\/secure.gravatar.com\/avatar\/894ca87f82452fc2d4e81b2b17e7c1651aa21730a6865c35cb6c6e237a4a2f4f?s=96&d=mm&r=g","contentUrl":"https:\/\/secure.gravatar.com\/avatar\/894ca87f82452fc2d4e81b2b17e7c1651aa21730a6865c35cb6c6e237a4a2f4f?s=96&d=mm&r=g","caption":"V\u00edctor Ferrando"},"url":"https:\/\/www.escapadarural.com\/blog\/autor\/victorferrando\/"}]}},"_links":{"self":[{"href":"https:\/\/www.escapadarural.com\/blog\/wp-json\/wp\/v2\/posts\/8226","targetHints":{"allow":["GET"]}}],"collection":[{"href":"https:\/\/www.escapadarural.com\/blog\/wp-json\/wp\/v2\/posts"}],"about":[{"href":"https:\/\/www.escapadarural.com\/blog\/wp-json\/wp\/v2\/types\/post"}],"author":[{"embeddable":true,"href":"https:\/\/www.escapadarural.com\/blog\/wp-json\/wp\/v2\/users\/103"}],"replies":[{"embeddable":true,"href":"https:\/\/www.escapadarural.com\/blog\/wp-json\/wp\/v2\/comments?post=8226"}],"version-history":[{"count":0,"href":"https:\/\/www.escapadarural.com\/blog\/wp-json\/wp\/v2\/posts\/8226\/revisions"}],"wp:featuredmedia":[{"embeddable":true,"href":"https:\/\/www.escapadarural.com\/blog\/wp-json\/wp\/v2\/media\/105389"}],"wp:attachment":[{"href":"https:\/\/www.escapadarural.com\/blog\/wp-json\/wp\/v2\/media?parent=8226"}],"wp:term":[{"taxonomy":"category","embeddable":true,"href":"https:\/\/www.escapadarural.com\/blog\/wp-json\/wp\/v2\/categories?post=8226"},{"taxonomy":"post_tag","embeddable":true,"href":"https:\/\/www.escapadarural.com\/blog\/wp-json\/wp\/v2\/tags?post=8226"}],"curies":[{"name":"wp","href":"https:\/\/api.w.org\/{rel}","templated":true}]}}