{"id":8232,"date":"2017-03-23T16:14:48","date_gmt":"2017-03-23T15:14:48","guid":{"rendered":"http:\/\/15.188.81.248\/2017\/03\/23\/asi-sera-el-balcon-de-cristal-del-salto-del-nervion\/"},"modified":"2025-01-15T11:00:36","modified_gmt":"2025-01-15T09:00:36","slug":"asi-sera-el-balcon-de-cristal-del-salto-del-nervion","status":"publish","type":"post","link":"https:\/\/www.escapadarural.com\/blog\/asi-sera-el-balcon-de-cristal-del-salto-del-nervion\/","title":{"rendered":"As\u00ed ser\u00e1 el balc\u00f3n de cristal del Salto del Nervi\u00f3n"},"content":{"rendered":"\n<figure class=\"wp-block-image size-large\"><a href=\"https:\/\/www.escapadarural.com\/blog\/wp-content\/uploads\/2017\/03\/MonteSantiago_01-1-scaled.jpg\"><img decoding=\"async\" src=\"https:\/\/www.escapadarural.com\/blog\/wp-content\/uploads\/2017\/03\/MonteSantiago_01-1-1024x724.jpg\" alt=\"Mirador Salto del Nervi\u00f3n\" class=\"wp-image-29288\"\/><\/a><figcaption>Fuente: Consejer\u00eda de Fomento y Medio Ambiente de la Junta de Castilla y Le\u00f3n<\/figcaption><\/figure>\n\n\n\n<p>Hacia 2019, el Salto del Nervi\u00f3n tendr\u00e1 un mirador de cristal suspendido sobre un abismo de m\u00e1s de 200 m si se aprueba el proyecto en 2017. El Salto del Nervi\u00f3n <a href=\"https:\/\/www.escapadarural.com\/blog\/el-salto-de-agua-mas-grande-de-espana\/\">es la cascada m\u00e1s grande de Espa\u00f1a<\/a> con 222 metros de altura y uno de los barrancos donde anidan los buitres del pa\u00eds, entre otras aves rapaces.<\/p>\n\n\n\n<p>En la actualidad hay una plataforma que se suspende unos metros sobre el barranco, mientras que en el dise\u00f1o del nuevo proyecto se busca la integraci\u00f3n con el paisaje, pero con una estructura claramente visible para evitar que los buitres choquen contra \u00e9l.<\/p>\n\n\n\n<p>El objetivo es que los visitantes sientan la emoci\u00f3n de verse en un habit\u00e1culo de cristal sostenidos sobre el vac\u00edo por unas \u00abcostillas de acero\u00bb.<\/p>\n\n\n\n<!--more-->\n\n\n\n<h2 class=\"title-rute wp-block-heading\">Unas costillas de acero<\/h2>\n\n\n\n<figure class=\"wp-block-image size-large\"><a href=\"https:\/\/www.escapadarural.com\/blog\/wp-content\/uploads\/2017\/03\/MonteSantiago_02-1-scaled.jpg\"><img decoding=\"async\" src=\"https:\/\/www.escapadarural.com\/blog\/wp-content\/uploads\/2017\/03\/MonteSantiago_02-1-1024x663.jpg\" alt=\"Mirador Salto del Nervi\u00f3n\" class=\"wp-image-29287\"\/><\/a><figcaption>Fuente: Consejer\u00eda de Fomento y Medio Ambiente de la Junta de Castilla y Le\u00f3n<\/figcaption><\/figure>\n\n\n\n<figure class=\"wp-block-image size-large\"><a href=\"https:\/\/www.escapadarural.com\/blog\/wp-content\/uploads\/2017\/03\/MonteSantiago_03-1-scaled.jpg\"><img decoding=\"async\" src=\"https:\/\/www.escapadarural.com\/blog\/wp-content\/uploads\/2017\/03\/MonteSantiago_03-1-1024x681.jpg\" alt=\"Mirador Salto del Nervi\u00f3n\" class=\"wp-image-29286\"\/><\/a><figcaption>Fuente: Consejer\u00eda de Fomento y Medio Ambiente de la Junta de Castilla y Le\u00f3n<\/figcaption><\/figure>\n\n\n\n<p>De acuerdo con la simulaci\u00f3n, el nuevo mirador del Nervi\u00f3n ser\u00e1 un balc\u00f3n de cristal y tr\u00e1mex (rejilla de acero) agarrado por unas costillas de acero corten incrustadas en el borde del barranco, como la estructura enorme, invisible y dura de un animal legendario.<\/p>\n\n\n\n<p>El <a href=\"https:\/\/es.wikipedia.org\/wiki\/Acero_corten\" target=\"_blank\">acero corten<\/a> es una composici\u00f3n qu\u00edmica con unas caracter\u00edsticas de oxidaci\u00f3n que protejen la pieza de la corrosi\u00f3n atmosf\u00e9rica, \u00absin perder pr\u00e1cticamente sus caracter\u00edsticas mec\u00e1nicas\u00bb, seg\u00fan se indica en el borrador del proyecto.<\/p>\n\n\n\n<h2 class=\"title-rute wp-block-heading\">Un espacio ZEPA integrado en la Red Natura 2000 entre dos provincias<\/h2>\n\n\n\n<figure class=\"wp-block-image size-large\"><a href=\"https:\/\/www.escapadarural.com\/blog\/wp-content\/uploads\/2017\/03\/Salto-del-Nervi\u00f3n-1-1-scaled.jpg\"><img decoding=\"async\" src=\"https:\/\/www.escapadarural.com\/blog\/wp-content\/uploads\/2017\/03\/Salto-del-Nervi\u00f3n-1-1-1024x680.jpg\" alt=\"Salto del Nervi\u00f3n\" class=\"wp-image-29285\"\/><\/a><figcaption>Por: Alberto Loyo<\/figcaption><\/figure>\n\n\n\n<figure class=\"wp-block-image size-large\"><a href=\"https:\/\/www.escapadarural.com\/blog\/wp-content\/uploads\/2019\/11\/Salto-del-Nervi\u00f3n-2-1.jpg\"><img decoding=\"async\" src=\"https:\/\/www.escapadarural.com\/blog\/wp-content\/uploads\/2019\/11\/Salto-del-Nervi\u00f3n-2-1.jpg\" alt=\"Salto del Nervi\u00f3n\" class=\"wp-image-23114\"\/><\/a><figcaption>Salto del Nervi\u00f3n. Por Mimadeo<\/figcaption><\/figure>\n\n\n\n<p>El Monte Santiago, rodeado por un bosque de hayas, est\u00e1 declarado Zona de Especial Protecci\u00f3n para las Aves (ZEPA) y se integra en los espacios protegidos de la Red Natural 2000. Por ello, aunque todav\u00eda est\u00e1 en fase de evaluaci\u00f3n y el proyecto no est\u00e1 aprobado, se han levantado algunas voces contra la injerencia sobre el medio ambiente.<\/p>\n\n\n\n<p>Desde la Junta de Castilla y Le\u00f3n aseguran que \u00abse establecer\u00e1 un riguroso control de su desarrollo constructivo para garantizar la sostenibilidad de los materiales empleados, la eficiencia energ\u00e9tica de todos los procesos de ejecuci\u00f3n y el respeto exquisito al entorno natural y paisaj\u00edstico en el que se implanta\u00bb.<\/p>\n\n\n\n<p>Por otro lado, el Valle de Delika pertenece al Ayuntamiento de Amurrio (\u00c1lava) y se podr\u00eda invadir su territorio, desde Burgos, dependiendo de la longitud del nuevo mirador del Nervi\u00f3n y el espacio a\u00e9reo que ocupe.<\/p>\n\n\n\n<p>La alcaldesa de Amurrio, Josune Irabien, explic\u00f3 a <em>Diario de Noticias de \u00c1lava<\/em> que \u00aben cuestiones est\u00e9ticas te puede gustar m\u00e1s o menos, pero otra cosa es que se invada nuestro espacio o que incumpla las normativas ambientales que rigen en la zona\u00bb.<\/p>\n\n\n\n<p>El Ayuntamiento de Amurrio explic\u00f3 a EscapadaRural.com que se ha enviado una carta a la Junta de Castilla y Le\u00f3n para conocer el proyecto porque lo que sabe hasta el momento es \u00ablo que ha aparecido en los medios de comunicaci\u00f3n\u00bb.<\/p>\n\n\n\n<p>Saray Maestro de la Fuente, responsable de Prensa de la Consejer\u00eda de Fomento y Medio Ambiente de la Junta de Castilla y Le\u00f3n, explica que todav\u00eda est\u00e1n en fase de estudio y que es pronto para saber m\u00e1s detalles de un proyecto que se integra en un programa con 46 actuaciones m\u00e1s en los espacios naturales de Castilla y Le\u00f3n.<\/p>\n\n\n\n<h2 class=\"title-rute wp-block-heading\">La nueva Red de Miradores de Castilla y Le\u00f3n<\/h2>\n\n\n\n<p>El nuevo mirador del Salto del Nervi\u00f3n se enmarcan en el Programa de Infraestructuras Tur\u00edsticas en Espacios Naturales de la Junta de Castilla y Le\u00f3n y lo anunci\u00f3 por primera vez Juan Vicente Herrera, el presidente de la Junta, en la pasada edici\u00f3n de Fitur.<\/p>\n\n\n\n<p>El programa, con un presupuesto de 26 M\u20ac, contempla 46 actuaciones sobre dos ejes en Parques Naturales de la comunidad: equipamientos y creaci\u00f3n de alojamientos.<\/p>\n\n\n\n<p>El proyecto de Salto del Nervi\u00f3n se incluye en la partida de equipamientos, a la que se destinar\u00e1n 13,5 M\u20ac en total.<\/p>\n\n\n\n<p>Sobre el eje de nuevos equipamientos <a href=\"https:\/\/www.escapadarural.com\/blog\/wp-content\/uploads\/2017\/03\/Red-de-miradores.pdf\">se han proyectado<\/a> 14 actuaciones para la Red de Miradores y 17 actuaciones para instalaciones de turismo activo como un funicular, una pasarela flotante, una v\u00eda ferrata o un parque de aventuras en un equipamiento minero.<\/p>\n\n\n\n<p>Las obras se financiar\u00e1n a trav\u00e9s de un pr\u00e9stamo con el Banco Europeo de Inversi\u00f3n, el Banco del Consejo de Europa y la cooperaci\u00f3n de las diputaciones provinciales.<\/p>\n\n\n\n<p>La Consejer\u00eda de Fomento y Medio Ambiente de Castilla y Le\u00f3n prev\u00e9 instalar el balc\u00f3n de cristal del Nervi\u00f3n en 2019.<\/p>\n\n\n\n<figure class=\"wp-block-embed-youtube wp-block-embed is-type-video is-provider-youtube wp-embed-aspect-16-9 wp-has-aspect-ratio\"><div class=\"wp-block-embed__wrapper\">\n<span class=\"3iLjiwxHPusvAlJSGkaSGVZetXrjz6z78DdvKKQOC5X4euT9s6RN4gLop7c2mrdhEMU\"><div class=\"video-shortcode\"><iframe title=\"Salto del Nervi\u00f3n, la cascada m\u00e1s grande de Espa\u00f1a\" width=\"1200\" height=\"675\" src=\"https:\/\/www.youtube.com\/embed\/GzvJ70pr0B8?feature=oembed\" frameborder=\"0\" allow=\"accelerometer; autoplay; clipboard-write; encrypted-media; gyroscope; picture-in-picture; web-share\" referrerpolicy=\"strict-origin-when-cross-origin\" allowfullscreen><\/iframe><\/div><\/span>\n<\/div><\/figure>\n","protected":false},"excerpt":{"rendered":"<p>El Salto del Nervi\u00f3n tendr\u00e1 un mirador de cristal suspendido sobre un abismo de m\u00e1s de 200 m en 2019&#8230;<\/p>\n","protected":false},"author":136,"featured_media":105382,"comment_status":"open","ping_status":"closed","sticky":false,"template":"","format":"standard","meta":{"_acf_changed":false,"om_disable_all_campaigns":false,"footnotes":""},"categories":[390],"tags":[736,439,440,1950,1951],"class_list":["post-8232","post","type-post","status-publish","format-standard","has-post-thumbnail","hentry","category-noticias","tag-que-ver-en-alava","tag-que-ver-en-burgos","tag-historias-y-curiosidades","tag-mirador","tag-salto-del-nervion"],"acf":[],"featured_image_src":"https:\/\/www.escapadarural.com\/blog\/wp-content\/uploads\/2024\/10\/MonteSantiago_01-1-1024x724-2.jpg","author_info":{"display_name":"Escapada Rural","author_link":"https:\/\/www.escapadarural.com\/blog\/autor\/user\/"},"yoast_head":"<!-- This site is optimized with the Yoast SEO plugin v27.5 - https:\/\/yoast.com\/product\/yoast-seo-wordpress\/ -->\n<title>As\u00ed ser\u00e1 el balc\u00f3n de cristal del Salto del Nervi\u00f3n - EscapadaRural<\/title>\n<meta name=\"robots\" content=\"index, follow, max-snippet:-1, max-image-preview:large, max-video-preview:-1\" \/>\n<link rel=\"canonical\" href=\"https:\/\/www.escapadarural.com\/blog\/asi-sera-el-balcon-de-cristal-del-salto-del-nervion\/\" \/>\n<meta property=\"og:locale\" content=\"es_ES\" \/>\n<meta property=\"og:type\" content=\"article\" \/>\n<meta property=\"og:title\" content=\"As\u00ed ser\u00e1 el balc\u00f3n de cristal del Salto del Nervi\u00f3n - EscapadaRural\" \/>\n<meta property=\"og:description\" content=\"El Salto del Nervi\u00f3n tendr\u00e1 un mirador de cristal suspendido sobre un abismo de m\u00e1s de 200 m en 2019...\" \/>\n<meta property=\"og:url\" content=\"https:\/\/www.escapadarural.com\/blog\/asi-sera-el-balcon-de-cristal-del-salto-del-nervion\/\" \/>\n<meta property=\"og:site_name\" content=\"Magazine de viajes de EscapadaRural\" \/>\n<meta property=\"article:publisher\" content=\"https:\/\/www.facebook.com\/escapadarural\" \/>\n<meta property=\"article:author\" content=\"https:\/\/www.facebook.com\/escapadarural\" \/>\n<meta property=\"article:published_time\" content=\"2017-03-23T15:14:48+00:00\" \/>\n<meta property=\"article:modified_time\" content=\"2025-01-15T09:00:36+00:00\" \/>\n<meta property=\"og:image\" content=\"https:\/\/www.escapadarural.com\/blog\/wp-content\/uploads\/2024\/10\/MonteSantiago_01-1-1024x724-2.jpg\" \/>\n\t<meta property=\"og:image:width\" content=\"1024\" \/>\n\t<meta property=\"og:image:height\" content=\"724\" \/>\n\t<meta property=\"og:image:type\" content=\"image\/jpeg\" \/>\n<meta name=\"author\" content=\"Escapada Rural\" \/>\n<meta name=\"twitter:card\" content=\"summary_large_image\" \/>\n<meta name=\"twitter:creator\" content=\"@https:\/\/x.com\/i\/flow\/login?redirect_after_login=escapadarural\" \/>\n<meta name=\"twitter:label1\" content=\"Escrito por\" \/>\n\t<meta name=\"twitter:data1\" content=\"Escapada Rural\" \/>\n\t<meta name=\"twitter:label2\" content=\"Tiempo de lectura\" \/>\n\t<meta name=\"twitter:data2\" content=\"4 minutos\" \/>\n<script type=\"application\/ld+json\" class=\"yoast-schema-graph\">{\"@context\":\"https:\\\/\\\/schema.org\",\"@graph\":[{\"@type\":\"Article\",\"@id\":\"https:\\\/\\\/www.escapadarural.com\\\/blog\\\/asi-sera-el-balcon-de-cristal-del-salto-del-nervion\\\/#article\",\"isPartOf\":{\"@id\":\"https:\\\/\\\/www.escapadarural.com\\\/blog\\\/asi-sera-el-balcon-de-cristal-del-salto-del-nervion\\\/\"},\"author\":{\"name\":\"Escapada Rural\",\"@id\":\"https:\\\/\\\/www.escapadarural.com\\\/blog\\\/#\\\/schema\\\/person\\\/d9ee55ff3e0cef41d6eac8922b4f972c\"},\"headline\":\"As\u00ed ser\u00e1 el balc\u00f3n de cristal del Salto del Nervi\u00f3n\",\"datePublished\":\"2017-03-23T15:14:48+00:00\",\"dateModified\":\"2025-01-15T09:00:36+00:00\",\"mainEntityOfPage\":{\"@id\":\"https:\\\/\\\/www.escapadarural.com\\\/blog\\\/asi-sera-el-balcon-de-cristal-del-salto-del-nervion\\\/\"},\"wordCount\":833,\"commentCount\":25,\"publisher\":{\"@id\":\"https:\\\/\\\/www.escapadarural.com\\\/blog\\\/#organization\"},\"image\":{\"@id\":\"https:\\\/\\\/www.escapadarural.com\\\/blog\\\/asi-sera-el-balcon-de-cristal-del-salto-del-nervion\\\/#primaryimage\"},\"thumbnailUrl\":\"https:\\\/\\\/www.escapadarural.com\\\/blog\\\/wp-content\\\/uploads\\\/2024\\\/10\\\/MonteSantiago_01-1-1024x724-2.jpg\",\"keywords\":[\"\u00c1lava\",\"Burgos\",\"Historias y Curiosidades\",\"Mirador\",\"Salto del Nervi\u00f3n\"],\"articleSection\":[\"Noticias\"],\"inLanguage\":\"es\",\"potentialAction\":[{\"@type\":\"CommentAction\",\"name\":\"Comment\",\"target\":[\"https:\\\/\\\/www.escapadarural.com\\\/blog\\\/asi-sera-el-balcon-de-cristal-del-salto-del-nervion\\\/#respond\"]}]},{\"@type\":\"WebPage\",\"@id\":\"https:\\\/\\\/www.escapadarural.com\\\/blog\\\/asi-sera-el-balcon-de-cristal-del-salto-del-nervion\\\/\",\"url\":\"https:\\\/\\\/www.escapadarural.com\\\/blog\\\/asi-sera-el-balcon-de-cristal-del-salto-del-nervion\\\/\",\"name\":\"As\u00ed ser\u00e1 el balc\u00f3n de cristal del Salto del Nervi\u00f3n - EscapadaRural\",\"isPartOf\":{\"@id\":\"https:\\\/\\\/www.escapadarural.com\\\/blog\\\/#website\"},\"primaryImageOfPage\":{\"@id\":\"https:\\\/\\\/www.escapadarural.com\\\/blog\\\/asi-sera-el-balcon-de-cristal-del-salto-del-nervion\\\/#primaryimage\"},\"image\":{\"@id\":\"https:\\\/\\\/www.escapadarural.com\\\/blog\\\/asi-sera-el-balcon-de-cristal-del-salto-del-nervion\\\/#primaryimage\"},\"thumbnailUrl\":\"https:\\\/\\\/www.escapadarural.com\\\/blog\\\/wp-content\\\/uploads\\\/2024\\\/10\\\/MonteSantiago_01-1-1024x724-2.jpg\",\"datePublished\":\"2017-03-23T15:14:48+00:00\",\"dateModified\":\"2025-01-15T09:00:36+00:00\",\"breadcrumb\":{\"@id\":\"https:\\\/\\\/www.escapadarural.com\\\/blog\\\/asi-sera-el-balcon-de-cristal-del-salto-del-nervion\\\/#breadcrumb\"},\"inLanguage\":\"es\",\"potentialAction\":[{\"@type\":\"ReadAction\",\"target\":[\"https:\\\/\\\/www.escapadarural.com\\\/blog\\\/asi-sera-el-balcon-de-cristal-del-salto-del-nervion\\\/\"]}]},{\"@type\":\"ImageObject\",\"inLanguage\":\"es\",\"@id\":\"https:\\\/\\\/www.escapadarural.com\\\/blog\\\/asi-sera-el-balcon-de-cristal-del-salto-del-nervion\\\/#primaryimage\",\"url\":\"https:\\\/\\\/www.escapadarural.com\\\/blog\\\/wp-content\\\/uploads\\\/2024\\\/10\\\/MonteSantiago_01-1-1024x724-2.jpg\",\"contentUrl\":\"https:\\\/\\\/www.escapadarural.com\\\/blog\\\/wp-content\\\/uploads\\\/2024\\\/10\\\/MonteSantiago_01-1-1024x724-2.jpg\",\"width\":1024,\"height\":724,\"caption\":\"Un moderno mirador de metal oxidado y cristal se extiende sobre un escarpado acantilado junto a una alta cascada, con acantilados rocosos y hierba verde rodeando el dram\u00e1tico paisaje.\"},{\"@type\":\"BreadcrumbList\",\"@id\":\"https:\\\/\\\/www.escapadarural.com\\\/blog\\\/asi-sera-el-balcon-de-cristal-del-salto-del-nervion\\\/#breadcrumb\",\"itemListElement\":[{\"@type\":\"ListItem\",\"position\":1,\"name\":\"Inicio\",\"item\":\"https:\\\/\\\/www.escapadarural.com\\\/blog\\\/\"},{\"@type\":\"ListItem\",\"position\":2,\"name\":\"Noticias\",\"item\":\"https:\\\/\\\/www.escapadarural.com\\\/blog\\\/categoria\\\/noticias\\\/\"},{\"@type\":\"ListItem\",\"position\":3,\"name\":\"As\u00ed ser\u00e1 el balc\u00f3n de cristal del Salto del Nervi\u00f3n\"}]},{\"@type\":\"WebSite\",\"@id\":\"https:\\\/\\\/www.escapadarural.com\\\/blog\\\/#website\",\"url\":\"https:\\\/\\\/www.escapadarural.com\\\/blog\\\/\",\"name\":\"Blog de viajes | turismo rural, alojamientos e inspiraci\u00f3n\",\"description\":\"Alojamientos rurales e inspiraci\u00f3n para tus escapadas\",\"publisher\":{\"@id\":\"https:\\\/\\\/www.escapadarural.com\\\/blog\\\/#organization\"},\"alternateName\":\"Magazine de viajes de EscapadaRural\",\"potentialAction\":[{\"@type\":\"SearchAction\",\"target\":{\"@type\":\"EntryPoint\",\"urlTemplate\":\"https:\\\/\\\/www.escapadarural.com\\\/blog\\\/?s={search_term_string}\"},\"query-input\":{\"@type\":\"PropertyValueSpecification\",\"valueRequired\":true,\"valueName\":\"search_term_string\"}}],\"inLanguage\":\"es\"},{\"@type\":\"Organization\",\"@id\":\"https:\\\/\\\/www.escapadarural.com\\\/blog\\\/#organization\",\"name\":\"EscapadaRural\",\"url\":\"https:\\\/\\\/www.escapadarural.com\\\/blog\\\/\",\"logo\":{\"@type\":\"ImageObject\",\"inLanguage\":\"es\",\"@id\":\"https:\\\/\\\/www.escapadarural.com\\\/blog\\\/#\\\/schema\\\/logo\\\/image\\\/\",\"url\":\"https:\\\/\\\/www.escapadarural.com\\\/blog\\\/wp-content\\\/uploads\\\/2024\\\/10\\\/cropped-cropped-escapada-rural-icon-mag-3.png\",\"contentUrl\":\"https:\\\/\\\/www.escapadarural.com\\\/blog\\\/wp-content\\\/uploads\\\/2024\\\/10\\\/cropped-cropped-escapada-rural-icon-mag-3.png\",\"width\":512,\"height\":512,\"caption\":\"EscapadaRural\"},\"image\":{\"@id\":\"https:\\\/\\\/www.escapadarural.com\\\/blog\\\/#\\\/schema\\\/logo\\\/image\\\/\"},\"sameAs\":[\"https:\\\/\\\/www.facebook.com\\\/escapadarural\",\"https:\\\/\\\/www.instagram.com\\\/escapadarural\\\/\",\"https:\\\/\\\/www.youtube.com\\\/@escapadaruralcom\"]},{\"@type\":\"Person\",\"@id\":\"https:\\\/\\\/www.escapadarural.com\\\/blog\\\/#\\\/schema\\\/person\\\/d9ee55ff3e0cef41d6eac8922b4f972c\",\"name\":\"Escapada Rural\",\"image\":{\"@type\":\"ImageObject\",\"inLanguage\":\"es\",\"@id\":\"https:\\\/\\\/www.escapadarural.com\\\/blog\\\/wp-content\\\/uploads\\\/2024\\\/10\\\/cropped-cropped-escapada-rural-icon-mag-3-96x96.png\",\"url\":\"https:\\\/\\\/www.escapadarural.com\\\/blog\\\/wp-content\\\/uploads\\\/2024\\\/10\\\/cropped-cropped-escapada-rural-icon-mag-3-96x96.png\",\"contentUrl\":\"https:\\\/\\\/www.escapadarural.com\\\/blog\\\/wp-content\\\/uploads\\\/2024\\\/10\\\/cropped-cropped-escapada-rural-icon-mag-3-96x96.png\",\"caption\":\"Escapada Rural\"},\"sameAs\":[\"https:\\\/\\\/www.facebook.com\\\/escapadarural\",\"https:\\\/\\\/www.linkedin.com\\\/company\\\/escapada-rural\\\/?originalSubdomain=es\",\"https:\\\/\\\/x.com\\\/https:\\\/\\\/x.com\\\/i\\\/flow\\\/login?redirect_after_login=escapadarural\"],\"url\":\"https:\\\/\\\/www.escapadarural.com\\\/blog\\\/autor\\\/user\\\/\"}]}<\/script>\n<!-- \/ Yoast SEO plugin. -->","yoast_head_json":{"title":"As\u00ed ser\u00e1 el balc\u00f3n de cristal del Salto del Nervi\u00f3n - EscapadaRural","robots":{"index":"index","follow":"follow","max-snippet":"max-snippet:-1","max-image-preview":"max-image-preview:large","max-video-preview":"max-video-preview:-1"},"canonical":"https:\/\/www.escapadarural.com\/blog\/asi-sera-el-balcon-de-cristal-del-salto-del-nervion\/","og_locale":"es_ES","og_type":"article","og_title":"As\u00ed ser\u00e1 el balc\u00f3n de cristal del Salto del Nervi\u00f3n - EscapadaRural","og_description":"El Salto del Nervi\u00f3n tendr\u00e1 un mirador de cristal suspendido sobre un abismo de m\u00e1s de 200 m en 2019...","og_url":"https:\/\/www.escapadarural.com\/blog\/asi-sera-el-balcon-de-cristal-del-salto-del-nervion\/","og_site_name":"Magazine de viajes de EscapadaRural","article_publisher":"https:\/\/www.facebook.com\/escapadarural","article_author":"https:\/\/www.facebook.com\/escapadarural","article_published_time":"2017-03-23T15:14:48+00:00","article_modified_time":"2025-01-15T09:00:36+00:00","og_image":[{"width":1024,"height":724,"url":"https:\/\/www.escapadarural.com\/blog\/wp-content\/uploads\/2024\/10\/MonteSantiago_01-1-1024x724-2.jpg","type":"image\/jpeg"}],"author":"Escapada Rural","twitter_card":"summary_large_image","twitter_creator":"@https:\/\/x.com\/i\/flow\/login?redirect_after_login=escapadarural","twitter_misc":{"Escrito por":"Escapada Rural","Tiempo de lectura":"4 minutos"},"schema":{"@context":"https:\/\/schema.org","@graph":[{"@type":"Article","@id":"https:\/\/www.escapadarural.com\/blog\/asi-sera-el-balcon-de-cristal-del-salto-del-nervion\/#article","isPartOf":{"@id":"https:\/\/www.escapadarural.com\/blog\/asi-sera-el-balcon-de-cristal-del-salto-del-nervion\/"},"author":{"name":"Escapada Rural","@id":"https:\/\/www.escapadarural.com\/blog\/#\/schema\/person\/d9ee55ff3e0cef41d6eac8922b4f972c"},"headline":"As\u00ed ser\u00e1 el balc\u00f3n de cristal del Salto del Nervi\u00f3n","datePublished":"2017-03-23T15:14:48+00:00","dateModified":"2025-01-15T09:00:36+00:00","mainEntityOfPage":{"@id":"https:\/\/www.escapadarural.com\/blog\/asi-sera-el-balcon-de-cristal-del-salto-del-nervion\/"},"wordCount":833,"commentCount":25,"publisher":{"@id":"https:\/\/www.escapadarural.com\/blog\/#organization"},"image":{"@id":"https:\/\/www.escapadarural.com\/blog\/asi-sera-el-balcon-de-cristal-del-salto-del-nervion\/#primaryimage"},"thumbnailUrl":"https:\/\/www.escapadarural.com\/blog\/wp-content\/uploads\/2024\/10\/MonteSantiago_01-1-1024x724-2.jpg","keywords":["\u00c1lava","Burgos","Historias y Curiosidades","Mirador","Salto del Nervi\u00f3n"],"articleSection":["Noticias"],"inLanguage":"es","potentialAction":[{"@type":"CommentAction","name":"Comment","target":["https:\/\/www.escapadarural.com\/blog\/asi-sera-el-balcon-de-cristal-del-salto-del-nervion\/#respond"]}]},{"@type":"WebPage","@id":"https:\/\/www.escapadarural.com\/blog\/asi-sera-el-balcon-de-cristal-del-salto-del-nervion\/","url":"https:\/\/www.escapadarural.com\/blog\/asi-sera-el-balcon-de-cristal-del-salto-del-nervion\/","name":"As\u00ed ser\u00e1 el balc\u00f3n de cristal del Salto del Nervi\u00f3n - EscapadaRural","isPartOf":{"@id":"https:\/\/www.escapadarural.com\/blog\/#website"},"primaryImageOfPage":{"@id":"https:\/\/www.escapadarural.com\/blog\/asi-sera-el-balcon-de-cristal-del-salto-del-nervion\/#primaryimage"},"image":{"@id":"https:\/\/www.escapadarural.com\/blog\/asi-sera-el-balcon-de-cristal-del-salto-del-nervion\/#primaryimage"},"thumbnailUrl":"https:\/\/www.escapadarural.com\/blog\/wp-content\/uploads\/2024\/10\/MonteSantiago_01-1-1024x724-2.jpg","datePublished":"2017-03-23T15:14:48+00:00","dateModified":"2025-01-15T09:00:36+00:00","breadcrumb":{"@id":"https:\/\/www.escapadarural.com\/blog\/asi-sera-el-balcon-de-cristal-del-salto-del-nervion\/#breadcrumb"},"inLanguage":"es","potentialAction":[{"@type":"ReadAction","target":["https:\/\/www.escapadarural.com\/blog\/asi-sera-el-balcon-de-cristal-del-salto-del-nervion\/"]}]},{"@type":"ImageObject","inLanguage":"es","@id":"https:\/\/www.escapadarural.com\/blog\/asi-sera-el-balcon-de-cristal-del-salto-del-nervion\/#primaryimage","url":"https:\/\/www.escapadarural.com\/blog\/wp-content\/uploads\/2024\/10\/MonteSantiago_01-1-1024x724-2.jpg","contentUrl":"https:\/\/www.escapadarural.com\/blog\/wp-content\/uploads\/2024\/10\/MonteSantiago_01-1-1024x724-2.jpg","width":1024,"height":724,"caption":"Un moderno mirador de metal oxidado y cristal se extiende sobre un escarpado acantilado junto a una alta cascada, con acantilados rocosos y hierba verde rodeando el dram\u00e1tico paisaje."},{"@type":"BreadcrumbList","@id":"https:\/\/www.escapadarural.com\/blog\/asi-sera-el-balcon-de-cristal-del-salto-del-nervion\/#breadcrumb","itemListElement":[{"@type":"ListItem","position":1,"name":"Inicio","item":"https:\/\/www.escapadarural.com\/blog\/"},{"@type":"ListItem","position":2,"name":"Noticias","item":"https:\/\/www.escapadarural.com\/blog\/categoria\/noticias\/"},{"@type":"ListItem","position":3,"name":"As\u00ed ser\u00e1 el balc\u00f3n de cristal del Salto del Nervi\u00f3n"}]},{"@type":"WebSite","@id":"https:\/\/www.escapadarural.com\/blog\/#website","url":"https:\/\/www.escapadarural.com\/blog\/","name":"Blog de viajes | turismo rural, alojamientos e inspiraci\u00f3n","description":"Alojamientos rurales e inspiraci\u00f3n para tus escapadas","publisher":{"@id":"https:\/\/www.escapadarural.com\/blog\/#organization"},"alternateName":"Magazine de viajes de EscapadaRural","potentialAction":[{"@type":"SearchAction","target":{"@type":"EntryPoint","urlTemplate":"https:\/\/www.escapadarural.com\/blog\/?s={search_term_string}"},"query-input":{"@type":"PropertyValueSpecification","valueRequired":true,"valueName":"search_term_string"}}],"inLanguage":"es"},{"@type":"Organization","@id":"https:\/\/www.escapadarural.com\/blog\/#organization","name":"EscapadaRural","url":"https:\/\/www.escapadarural.com\/blog\/","logo":{"@type":"ImageObject","inLanguage":"es","@id":"https:\/\/www.escapadarural.com\/blog\/#\/schema\/logo\/image\/","url":"https:\/\/www.escapadarural.com\/blog\/wp-content\/uploads\/2024\/10\/cropped-cropped-escapada-rural-icon-mag-3.png","contentUrl":"https:\/\/www.escapadarural.com\/blog\/wp-content\/uploads\/2024\/10\/cropped-cropped-escapada-rural-icon-mag-3.png","width":512,"height":512,"caption":"EscapadaRural"},"image":{"@id":"https:\/\/www.escapadarural.com\/blog\/#\/schema\/logo\/image\/"},"sameAs":["https:\/\/www.facebook.com\/escapadarural","https:\/\/www.instagram.com\/escapadarural\/","https:\/\/www.youtube.com\/@escapadaruralcom"]},{"@type":"Person","@id":"https:\/\/www.escapadarural.com\/blog\/#\/schema\/person\/d9ee55ff3e0cef41d6eac8922b4f972c","name":"Escapada Rural","image":{"@type":"ImageObject","inLanguage":"es","@id":"https:\/\/www.escapadarural.com\/blog\/wp-content\/uploads\/2024\/10\/cropped-cropped-escapada-rural-icon-mag-3-96x96.png","url":"https:\/\/www.escapadarural.com\/blog\/wp-content\/uploads\/2024\/10\/cropped-cropped-escapada-rural-icon-mag-3-96x96.png","contentUrl":"https:\/\/www.escapadarural.com\/blog\/wp-content\/uploads\/2024\/10\/cropped-cropped-escapada-rural-icon-mag-3-96x96.png","caption":"Escapada Rural"},"sameAs":["https:\/\/www.facebook.com\/escapadarural","https:\/\/www.linkedin.com\/company\/escapada-rural\/?originalSubdomain=es","https:\/\/x.com\/https:\/\/x.com\/i\/flow\/login?redirect_after_login=escapadarural"],"url":"https:\/\/www.escapadarural.com\/blog\/autor\/user\/"}]}},"_links":{"self":[{"href":"https:\/\/www.escapadarural.com\/blog\/wp-json\/wp\/v2\/posts\/8232","targetHints":{"allow":["GET"]}}],"collection":[{"href":"https:\/\/www.escapadarural.com\/blog\/wp-json\/wp\/v2\/posts"}],"about":[{"href":"https:\/\/www.escapadarural.com\/blog\/wp-json\/wp\/v2\/types\/post"}],"author":[{"embeddable":true,"href":"https:\/\/www.escapadarural.com\/blog\/wp-json\/wp\/v2\/users\/136"}],"replies":[{"embeddable":true,"href":"https:\/\/www.escapadarural.com\/blog\/wp-json\/wp\/v2\/comments?post=8232"}],"version-history":[{"count":0,"href":"https:\/\/www.escapadarural.com\/blog\/wp-json\/wp\/v2\/posts\/8232\/revisions"}],"wp:featuredmedia":[{"embeddable":true,"href":"https:\/\/www.escapadarural.com\/blog\/wp-json\/wp\/v2\/media\/105382"}],"wp:attachment":[{"href":"https:\/\/www.escapadarural.com\/blog\/wp-json\/wp\/v2\/media?parent=8232"}],"wp:term":[{"taxonomy":"category","embeddable":true,"href":"https:\/\/www.escapadarural.com\/blog\/wp-json\/wp\/v2\/categories?post=8232"},{"taxonomy":"post_tag","embeddable":true,"href":"https:\/\/www.escapadarural.com\/blog\/wp-json\/wp\/v2\/tags?post=8232"}],"curies":[{"name":"wp","href":"https:\/\/api.w.org\/{rel}","templated":true}]}}