{"id":83141,"date":"2024-10-05T08:00:00","date_gmt":"2024-10-05T07:00:00","guid":{"rendered":"https:\/\/www.escapadarural.com\/blog\/?p=83141"},"modified":"2025-08-04T11:22:45","modified_gmt":"2025-08-04T09:22:45","slug":"mont-roig-del-camp-el-maestro-que-prometio-el-mar","status":"publish","type":"post","link":"https:\/\/www.escapadarural.com\/blog\/mont-roig-del-camp-el-maestro-que-prometio-el-mar\/","title":{"rendered":"Mont-roig del Camp, el pueblo de &#8216;El maestro que prometi\u00f3 el mar&#8217;"},"content":{"rendered":"\n<p>Cuando Antoni Benaiges naci\u00f3 en 1903 en la localidad tarraconense de <strong>Mont-roig del Camp<\/strong>, seguramente nadie pens\u00f3 que acabar\u00eda siendo una persona famosa un siglo despu\u00e9s. Desafortunadamente, no pas\u00f3 a la historia por su buena suerte, pero s\u00ed por haber cambiado la vida de los ni\u00f1os de los que fue profesor en Ba\u00f1uelos de Bureba, <a href=\"\/casas-rurales\/burgos\">Burgos<\/a>. O, al menos, por haberlo intentado.<\/p>\n\n\n\n<div class=\"wp-block-buttons is-layout-flex wp-block-buttons-is-layout-flex\">\n<div class=\"wp-block-button\"><a class=\"wp-block-button__link wp-element-button\" href=\"\/casas-rurales\/tarragona\">Alojamientos rurales en Tarragona<\/a><\/div>\n<\/div>\n\n\n\n<p>El final de <strong>su biograf\u00eda<\/strong> es similar a la de muchos de los que desaparecieron en la Guerra Civil por sus ideales. Su nombre sali\u00f3 a la luz hace unos a\u00f1os, cuando una persona de Ba\u00f1uelos <strong>apareci\u00f3 en la fosa de La Pedraja<\/strong>, donde se estaban exhumando restos de los fusilados en el conflicto, para decir que ah\u00ed se encontraba el que hab\u00eda sido maestro de su pueblo, Antoni Benaiges.&nbsp;<\/p>\n\n\n\n<p>Ese docente empez\u00f3 a trabajar en aquella <strong>escuela rural<\/strong> en 1934, despu\u00e9s de haber impartido clase en Vilanova i la Geltr\u00fa. All\u00ed conoci\u00f3 las t\u00e9cnicas de ense\u00f1anza de C\u00e9lestin Freinet y las aplic\u00f3 despu\u00e9s en sus clases. As\u00ed, ense\u00f1\u00f3 a sus alumnos y alumnas a utilizar una peque\u00f1a imprenta para hacer cuadernos con sus escritos, que se intercambiaban con otros centros educativos que segu\u00edan la misma l\u00ednea educativa.&nbsp;<\/p>\n\n\n\n<figure class=\"wp-block-image size-large\"><a href=\"https:\/\/www.escapadarural.com\/blog\/wp-content\/uploads\/2024\/11\/El_maestro_que_prometiao_el_mar-473569677-large.jpg\"><img decoding=\"async\" src=\"https:\/\/www.escapadarural.com\/blog\/wp-content\/uploads\/2024\/10\/El_maestro_que_prometiao_el_mar-473569677-large-710x1024-11.jpg\" alt=\"Cartel de la pel\u00edcula 'El maestro que prometi\u00f3 el mar'\" class=\"wp-image-83142\"\/><\/a><figcaption class=\"wp-element-caption\">Cartel de la pel\u00edcula &#8216;El maestro que prometi\u00f3 el mar&#8217;<\/figcaption><\/figure>\n\n\n\n<p>Sus familiares a\u00fan conservaban uno de ellos: <em>El mar, la visi\u00f3n de unos ni\u00f1os que no lo han visto nunca<\/em>. \u00c9l hab\u00eda prometido a sus estudiantes que les llevar\u00eda de excursi\u00f3n a su pueblo natal para que pudieran conocerlo, pero el golpe de Estado lleg\u00f3 antes y nunca pudo cumplir <strong>su promesa<\/strong>.<\/p>\n\n\n\n<p>Sergi Bernal, Francisco Ferr\u00e1ndiz y Queralt Sol\u00e9 contaron <strong>esta historia<\/strong> en el libro <em>Antoni Benaiges. El maestro que prometi\u00f3 el mar<\/em>, que despu\u00e9s se adaptar\u00eda al cine con el mismo t\u00edtulo. La pel\u00edcula, dirigida por Patr\u00edcia Font y producida por Francesc Escribano, est\u00e1 protagonizada por Enric Auquer y sus localizaciones se reparten entre Ametlla del Vall\u00e8s, Barcelona, Gualba, Llinars del Vall\u00e8s (Parc de Montnegre i Corredor), Mura, Vilanova i la Geltr\u00fa y Burgos.<\/p>\n\n\n\n<h2 class=\"wp-block-heading\" id=\"h-como-es-mont-roig-del-camp\"><strong>C\u00f3mo es Mont-roig del Camp<\/strong><\/h2>\n\n\n\n<p>El pueblo de Antoni Benaiges pertenece al <a href=\"\/casas-rurales\/camp-de-tarragona\" target=\"_blank\" rel=\"noreferrer noopener\"><strong>Camp de Tarragona<\/strong><\/a>, en la comarca del Baix Camp. El primer documento en el que se menciona su existencia data de 1118. Es el a\u00f1o en el que Ram\u00f3n Berenguer III le encarga al arzobispo de Tarragona, Sant Oleguer, que se haga cargo de ese territorio. As\u00ed naci\u00f3 el que acabar\u00e1 siendo lugar de origen del maestro que prometi\u00f3 ver el mar.<\/p>\n\n\n\n<figure class=\"wp-block-image size-large\"><a href=\"https:\/\/www.escapadarural.com\/blog\/wp-content\/uploads\/2024\/11\/Miami-Playa-en-Mont-roig-del-Camp-scaled-1.jpeg\"><img decoding=\"async\" src=\"https:\/\/www.escapadarural.com\/blog\/wp-content\/uploads\/2024\/10\/Miami-Playa-en-Mont-roig-del-Camp-1024x684-12.jpeg\" alt=\"Miami Playa en Mont-roig del Camp. Por ggfoto.\" class=\"wp-image-83149\"\/><\/a><figcaption class=\"wp-element-caption\">Miami Playa en Mont-roig del Camp. Por ggfoto.<\/figcaption><\/figure>\n\n\n\n<p>Actualmente, hay censadas unas 13.000 personas, pero en verano la cifra se multiplica porque acoge a un gran n\u00famero de veraneantes. De hecho, en 2023 la Generalitat le otorg\u00f3 la denominaci\u00f3n de<strong> municipio tur\u00edstico.<\/strong> Tiene varios n\u00facleos poblacionales: Mont-roig, Miami Platja, Las Poblas y numerosas urbanizaciones.&nbsp;<\/p>\n\n\n\n<p>Sus playas son uno de sus mayores atractivos. Desde la desembocadura de la<strong> riera de Riudecanyes<\/strong> \u2013entre Cambrils y Mont-roig del Camp\u2013 hay un gran n\u00famero de calas v\u00edrgenes de guijarros o arena, de playas cristalinas como la&nbsp;Casa dels Lladres.&nbsp;<\/p>\n\n\n\n<figure class=\"wp-block-image size-large\"><a href=\"https:\/\/www.escapadarural.com\/blog\/wp-content\/uploads\/2024\/11\/la-playa-de-la-Casa-dels-Lladres-scaled-1.jpeg\"><img decoding=\"async\" src=\"https:\/\/www.escapadarural.com\/blog\/wp-content\/uploads\/2024\/10\/la-playa-de-la-Casa-dels-Lladres-1024x683-12.jpeg\" alt=\"Playa Casa dels Lladres en Mont-roig del Camp. Por  lunamarina. \" class=\"wp-image-83145\"\/><\/a><figcaption class=\"wp-element-caption\">Playa Casa dels Lladres en Mont-roig del Camp. Por lunamarina. <\/figcaption><\/figure>\n\n\n\n<p>Una de las playas m\u00e1s conocidas, que adem\u00e1s era la preferida de Joan Mir\u00f3, es la de <strong>la Pixerota<\/strong>. De hecho, una de las primeras obras del artista se llama <em>Playa de Mont-roig<\/em> y ahora se puede ver un t\u00f3tem recordatorio en el lugar donde se estima que la pint\u00f3.&nbsp;<\/p>\n\n\n\n<p>Tambi\u00e9n destaca <strong>el Estany Salat<\/strong>, una zona h\u00fameda del litoral que forma parte de la Red Natura 2000 y que es parada habitual de p\u00e1jaros migratorios, adem\u00e1s del h\u00e1bitat natural del pez llamado fartet.&nbsp;<\/p>\n\n\n\n<p>Otro punto de inter\u00e9s, aunque en otro \u00e1mbito, es la <strong>iglesia de Sant Miquel<\/strong>, edificada en las ruinas de lo que en su momento fue el castillo medieval de Mont-roig del Camp, que se empez\u00f3 a construir en 1780, aunque sus obras se pararon en 1835 y no se utiliz\u00f3 como lugar de misa hasta el a\u00f1o 1946. En un principio, la idea era sustituir a la conocida como iglesia Vieja, pero esta a\u00fan se sigue utilizando porque la \u2019nueva\u2019 o catedral del Baix Camp sigue inacabada pese a todo el tiempo que ha transcurrido.<\/p>\n\n\n\n<p>Tambi\u00e9n resulta interesante visitar la <strong>zona medieval de Mont-roig<\/strong>, en la que a\u00fan quedan vestigios de su antigua muralla y dos portales: el d\u2019Avall y el de la Canal. Entre otros recuerdos interesantes de la Edad Media, una \u00e9poca hist\u00f3rica que tiene muchos seguidores, est\u00e1n la c\u00e1rcel y la torre de la casa de los Torrells o torre de los moros.<\/p>\n\n\n\n<h2 class=\"wp-block-heading\" id=\"h-ruta-hasta-la-ermita-de-la-virgen-de-la-roca\">Ruta hasta la ermita de la virgen de la Roca<\/h2>\n\n\n\n<figure class=\"wp-block-image size-large\"><a href=\"https:\/\/www.escapadarural.com\/blog\/wp-content\/uploads\/2024\/11\/ermita-de-la-virgen-de-la-Roca-scaled-1.jpeg\"><img decoding=\"async\" src=\"https:\/\/www.escapadarural.com\/blog\/wp-content\/uploads\/2024\/10\/ermita-de-la-virgen-de-la-Roca-1024x684-11.jpeg\" alt=\"Ermita de la virgen de la Roca en Mont-roig del Camp. Por ggfoto.\" class=\"wp-image-83144\"\/><\/a><figcaption class=\"wp-element-caption\">Ermita de la virgen de la Roca en Mont-roig del Camp. Por ggfoto.<\/figcaption><\/figure>\n\n\n\n<p>Quienes deseen dedicar un poco de tiempo al <strong>senderismo <\/strong>durante su visita, pueden emprender la senda circular que va desde el pueblo hasta la ermita de la virgen de la Roca, a la que tambi\u00e9n se conoce como faro de los marineros.<\/p>\n\n\n<div style=\"background-color: #dff0d8; color: #3c763d; border-left-color: #3c763d; \" class=\"ub-styled-box ub-notification-box wp-block-ub-styled-box\" id=\"ub-styled-box-7f727bc4-43d7-4010-8d86-953b6c01482e\">\n<p id=\"ub-styled-box-notification-content-\"><strong>Longitud<\/strong>: 6 kil\u00f3metros<\/p>\n\n\n\n<p><strong>Dificultad<\/strong>: moderada<\/p>\n\n\n\n<p><strong>Tipo de ruta<\/strong>: circular<\/p>\n\n\n<\/div>\n\n\n<p>La distancia a recorrer es de unos 6 kil\u00f3metros y se completa en algo menos de dos horas. El nivel de <strong>dificultad es moderado<\/strong>, con un desnivel tanto positivo como negativo de 277 metros. Para comenzar hay que coger el camino de la iglesia vieja hasta la monta\u00f1a del Areny, que pasa por la famosa piedra de los \u00c1ngeles.&nbsp;<\/p>\n\n\n\n<p>M\u00e1s adelante se encuentra el cruce del camino de los Carlins, aunque cualquiera de las opciones lleva a las <strong>Escaleras del Diablo<\/strong> que se deben subir para alcanzar la ermita. Su propio nombre indica que se requiere tener un buen estado f\u00edsico, no es una ruta demasiado apta para ni\u00f1os. Desde la cima se puede disfrutar de unas vistas espectaculares y desde all\u00ed se emprende un camino adoquinado que llega hasta el camino de inicio que se toma para volver al pueblo.<\/p>\n\n\n\n<figure class=\"wp-block-embed is-type-video is-provider-youtube wp-block-embed-youtube wp-embed-aspect-16-9 wp-has-aspect-ratio\"><div class=\"wp-block-embed__wrapper\">\n<span class=\"jxwyE\"><div class=\"video-shortcode\"><iframe title=\"EL MAESTRO QUE PROMETI\u00d3 EL MAR. Tr\u00e1iler oficial. 10 de noviembre en cines.\" width=\"1200\" height=\"675\" src=\"https:\/\/www.youtube.com\/embed\/UkWExYIkrY8?feature=oembed\" frameborder=\"0\" allow=\"accelerometer; autoplay; clipboard-write; encrypted-media; gyroscope; picture-in-picture; web-share\" referrerpolicy=\"strict-origin-when-cross-origin\" allowfullscreen><\/iframe><\/div><\/span>\n<\/div><\/figure>\n","protected":false},"excerpt":{"rendered":"<p>La pel\u00edcula &#8216;El maestro que prometi\u00f3 el mar&#8217; cuenta la historia de Antoni Benaiges, un maestro republicano que naci\u00f3 en Mont-roig del Camp.<\/p>\n","protected":false},"author":114,"featured_media":108531,"comment_status":"open","ping_status":"open","sticky":false,"template":"","format":"standard","meta":{"_acf_changed":false,"om_disable_all_campaigns":false,"footnotes":""},"categories":[231],"tags":[5901,3906,537],"class_list":["post-83141","post","type-post","status-publish","format-standard","has-post-thumbnail","hentry","category-arte-y-cultura","tag-mont-roig-del-camp","tag-pelicula","tag-que-ver-en-tarragona"],"acf":[],"featured_image_src":"https:\/\/www.escapadarural.com\/blog\/wp-content\/uploads\/2024\/11\/motn_roig_164980365-1.jpg","author_info":{"display_name":"Carmen L\u00f3pez","author_link":"https:\/\/www.escapadarural.com\/blog\/autor\/carmenlopez\/"},"yoast_head":"<!-- This site is optimized with the Yoast SEO plugin v27.5 - https:\/\/yoast.com\/product\/yoast-seo-wordpress\/ -->\n<title>Mont-roig del Camp, el pueblo de &#039;El maestro que prometi\u00f3 el mar&#039; - EscapadaRural<\/title>\n<meta name=\"robots\" content=\"index, follow, max-snippet:-1, max-image-preview:large, max-video-preview:-1\" \/>\n<link rel=\"canonical\" href=\"https:\/\/www.escapadarural.com\/blog\/mont-roig-del-camp-el-maestro-que-prometio-el-mar\/\" \/>\n<meta property=\"og:locale\" content=\"es_ES\" \/>\n<meta property=\"og:type\" content=\"article\" \/>\n<meta property=\"og:title\" content=\"Mont-roig del Camp, el pueblo de &#039;El maestro que prometi\u00f3 el mar&#039; - EscapadaRural\" \/>\n<meta property=\"og:description\" content=\"La pel\u00edcula &#039;El maestro que prometi\u00f3 el mar&#039; cuenta la historia de Antoni Benaiges, un maestro republicano que naci\u00f3 en Mont-roig del Camp.\" \/>\n<meta property=\"og:url\" content=\"https:\/\/www.escapadarural.com\/blog\/mont-roig-del-camp-el-maestro-que-prometio-el-mar\/\" \/>\n<meta property=\"og:site_name\" content=\"Magazine de viajes de EscapadaRural\" \/>\n<meta property=\"article:publisher\" content=\"https:\/\/www.facebook.com\/escapadarural\" \/>\n<meta property=\"article:published_time\" content=\"2024-10-05T07:00:00+00:00\" \/>\n<meta property=\"article:modified_time\" content=\"2025-08-04T09:22:45+00:00\" \/>\n<meta property=\"og:image\" content=\"https:\/\/www.escapadarural.com\/blog\/wp-content\/uploads\/2024\/11\/motn_roig_164980365-1.jpg?v=1754299366\" \/>\n\t<meta property=\"og:image:width\" content=\"2048\" \/>\n\t<meta property=\"og:image:height\" content=\"1367\" \/>\n\t<meta property=\"og:image:type\" content=\"image\/jpeg\" \/>\n<meta name=\"author\" content=\"Carmen L\u00f3pez\" \/>\n<meta name=\"twitter:card\" content=\"summary_large_image\" \/>\n<meta name=\"twitter:label1\" content=\"Escrito por\" \/>\n\t<meta name=\"twitter:data1\" content=\"Carmen L\u00f3pez\" \/>\n\t<meta name=\"twitter:label2\" content=\"Tiempo de lectura\" \/>\n\t<meta name=\"twitter:data2\" content=\"6 minutos\" \/>\n<script type=\"application\/ld+json\" class=\"yoast-schema-graph\">{\"@context\":\"https:\\\/\\\/schema.org\",\"@graph\":[{\"@type\":\"Article\",\"@id\":\"https:\\\/\\\/www.escapadarural.com\\\/blog\\\/mont-roig-del-camp-el-maestro-que-prometio-el-mar\\\/#article\",\"isPartOf\":{\"@id\":\"https:\\\/\\\/www.escapadarural.com\\\/blog\\\/mont-roig-del-camp-el-maestro-que-prometio-el-mar\\\/\"},\"author\":{\"name\":\"Carmen L\u00f3pez\",\"@id\":\"https:\\\/\\\/www.escapadarural.com\\\/blog\\\/#\\\/schema\\\/person\\\/42dfdff6118172efc6a04c8ae599a2ce\"},\"headline\":\"Mont-roig del Camp, el pueblo de &#8216;El maestro que prometi\u00f3 el mar&#8217;\",\"datePublished\":\"2024-10-05T07:00:00+00:00\",\"dateModified\":\"2025-08-04T09:22:45+00:00\",\"mainEntityOfPage\":{\"@id\":\"https:\\\/\\\/www.escapadarural.com\\\/blog\\\/mont-roig-del-camp-el-maestro-que-prometio-el-mar\\\/\"},\"wordCount\":1052,\"commentCount\":0,\"publisher\":{\"@id\":\"https:\\\/\\\/www.escapadarural.com\\\/blog\\\/#organization\"},\"image\":{\"@id\":\"https:\\\/\\\/www.escapadarural.com\\\/blog\\\/mont-roig-del-camp-el-maestro-que-prometio-el-mar\\\/#primaryimage\"},\"thumbnailUrl\":\"https:\\\/\\\/www.escapadarural.com\\\/blog\\\/wp-content\\\/uploads\\\/2024\\\/11\\\/motn_roig_164980365-1.jpg\",\"keywords\":[\"Mont-roig del Camp\",\"pelicula\",\"Tarragona\"],\"articleSection\":[\"Arte y Cultura\"],\"inLanguage\":\"es\",\"potentialAction\":[{\"@type\":\"CommentAction\",\"name\":\"Comment\",\"target\":[\"https:\\\/\\\/www.escapadarural.com\\\/blog\\\/mont-roig-del-camp-el-maestro-que-prometio-el-mar\\\/#respond\"]}]},{\"@type\":\"WebPage\",\"@id\":\"https:\\\/\\\/www.escapadarural.com\\\/blog\\\/mont-roig-del-camp-el-maestro-que-prometio-el-mar\\\/\",\"url\":\"https:\\\/\\\/www.escapadarural.com\\\/blog\\\/mont-roig-del-camp-el-maestro-que-prometio-el-mar\\\/\",\"name\":\"Mont-roig del Camp, el pueblo de 'El maestro que prometi\u00f3 el mar' - EscapadaRural\",\"isPartOf\":{\"@id\":\"https:\\\/\\\/www.escapadarural.com\\\/blog\\\/#website\"},\"primaryImageOfPage\":{\"@id\":\"https:\\\/\\\/www.escapadarural.com\\\/blog\\\/mont-roig-del-camp-el-maestro-que-prometio-el-mar\\\/#primaryimage\"},\"image\":{\"@id\":\"https:\\\/\\\/www.escapadarural.com\\\/blog\\\/mont-roig-del-camp-el-maestro-que-prometio-el-mar\\\/#primaryimage\"},\"thumbnailUrl\":\"https:\\\/\\\/www.escapadarural.com\\\/blog\\\/wp-content\\\/uploads\\\/2024\\\/11\\\/motn_roig_164980365-1.jpg\",\"datePublished\":\"2024-10-05T07:00:00+00:00\",\"dateModified\":\"2025-08-04T09:22:45+00:00\",\"breadcrumb\":{\"@id\":\"https:\\\/\\\/www.escapadarural.com\\\/blog\\\/mont-roig-del-camp-el-maestro-que-prometio-el-mar\\\/#breadcrumb\"},\"inLanguage\":\"es\",\"potentialAction\":[{\"@type\":\"ReadAction\",\"target\":[\"https:\\\/\\\/www.escapadarural.com\\\/blog\\\/mont-roig-del-camp-el-maestro-que-prometio-el-mar\\\/\"]}]},{\"@type\":\"ImageObject\",\"inLanguage\":\"es\",\"@id\":\"https:\\\/\\\/www.escapadarural.com\\\/blog\\\/mont-roig-del-camp-el-maestro-que-prometio-el-mar\\\/#primaryimage\",\"url\":\"https:\\\/\\\/www.escapadarural.com\\\/blog\\\/wp-content\\\/uploads\\\/2024\\\/11\\\/motn_roig_164980365-1.jpg\",\"contentUrl\":\"https:\\\/\\\/www.escapadarural.com\\\/blog\\\/wp-content\\\/uploads\\\/2024\\\/11\\\/motn_roig_164980365-1.jpg\",\"width\":2048,\"height\":1367,\"caption\":\"Mont-roig del Camp. Por ggfoto\"},{\"@type\":\"BreadcrumbList\",\"@id\":\"https:\\\/\\\/www.escapadarural.com\\\/blog\\\/mont-roig-del-camp-el-maestro-que-prometio-el-mar\\\/#breadcrumb\",\"itemListElement\":[{\"@type\":\"ListItem\",\"position\":1,\"name\":\"Inicio\",\"item\":\"https:\\\/\\\/www.escapadarural.com\\\/blog\\\/\"},{\"@type\":\"ListItem\",\"position\":2,\"name\":\"Arte y Cultura\",\"item\":\"https:\\\/\\\/www.escapadarural.com\\\/blog\\\/categoria\\\/arte-y-cultura\\\/\"},{\"@type\":\"ListItem\",\"position\":3,\"name\":\"Mont-roig del Camp, el pueblo de &#8216;El maestro que prometi\u00f3 el mar&#8217;\"}]},{\"@type\":\"WebSite\",\"@id\":\"https:\\\/\\\/www.escapadarural.com\\\/blog\\\/#website\",\"url\":\"https:\\\/\\\/www.escapadarural.com\\\/blog\\\/\",\"name\":\"Blog de viajes | turismo rural, alojamientos e inspiraci\u00f3n\",\"description\":\"Alojamientos rurales e inspiraci\u00f3n para tus escapadas\",\"publisher\":{\"@id\":\"https:\\\/\\\/www.escapadarural.com\\\/blog\\\/#organization\"},\"alternateName\":\"Magazine de viajes de EscapadaRural\",\"potentialAction\":[{\"@type\":\"SearchAction\",\"target\":{\"@type\":\"EntryPoint\",\"urlTemplate\":\"https:\\\/\\\/www.escapadarural.com\\\/blog\\\/?s={search_term_string}\"},\"query-input\":{\"@type\":\"PropertyValueSpecification\",\"valueRequired\":true,\"valueName\":\"search_term_string\"}}],\"inLanguage\":\"es\"},{\"@type\":\"Organization\",\"@id\":\"https:\\\/\\\/www.escapadarural.com\\\/blog\\\/#organization\",\"name\":\"EscapadaRural\",\"url\":\"https:\\\/\\\/www.escapadarural.com\\\/blog\\\/\",\"logo\":{\"@type\":\"ImageObject\",\"inLanguage\":\"es\",\"@id\":\"https:\\\/\\\/www.escapadarural.com\\\/blog\\\/#\\\/schema\\\/logo\\\/image\\\/\",\"url\":\"https:\\\/\\\/www.escapadarural.com\\\/blog\\\/wp-content\\\/uploads\\\/2024\\\/10\\\/cropped-cropped-escapada-rural-icon-mag-3.png\",\"contentUrl\":\"https:\\\/\\\/www.escapadarural.com\\\/blog\\\/wp-content\\\/uploads\\\/2024\\\/10\\\/cropped-cropped-escapada-rural-icon-mag-3.png\",\"width\":512,\"height\":512,\"caption\":\"EscapadaRural\"},\"image\":{\"@id\":\"https:\\\/\\\/www.escapadarural.com\\\/blog\\\/#\\\/schema\\\/logo\\\/image\\\/\"},\"sameAs\":[\"https:\\\/\\\/www.facebook.com\\\/escapadarural\",\"https:\\\/\\\/www.instagram.com\\\/escapadarural\\\/\",\"https:\\\/\\\/www.youtube.com\\\/@escapadaruralcom\"]},{\"@type\":\"Person\",\"@id\":\"https:\\\/\\\/www.escapadarural.com\\\/blog\\\/#\\\/schema\\\/person\\\/42dfdff6118172efc6a04c8ae599a2ce\",\"name\":\"Carmen L\u00f3pez\",\"image\":{\"@type\":\"ImageObject\",\"inLanguage\":\"es\",\"@id\":\"https:\\\/\\\/www.escapadarural.com\\\/blog\\\/wp-content\\\/uploads\\\/2024\\\/11\\\/cropped-perfil_eldiario-96x96-1-96x96.jpeg\",\"url\":\"https:\\\/\\\/www.escapadarural.com\\\/blog\\\/wp-content\\\/uploads\\\/2024\\\/11\\\/cropped-perfil_eldiario-96x96-1-96x96.jpeg\",\"contentUrl\":\"https:\\\/\\\/www.escapadarural.com\\\/blog\\\/wp-content\\\/uploads\\\/2024\\\/11\\\/cropped-perfil_eldiario-96x96-1-96x96.jpeg\",\"caption\":\"Carmen L\u00f3pez\"},\"description\":\"Soy periodista y escribo sobre cosas que importan en sitios que interesan desde hace m\u00e1s de una d\u00e9cada.\",\"url\":\"https:\\\/\\\/www.escapadarural.com\\\/blog\\\/autor\\\/carmenlopez\\\/\"}]}<\/script>\n<!-- \/ Yoast SEO plugin. -->","yoast_head_json":{"title":"Mont-roig del Camp, el pueblo de 'El maestro que prometi\u00f3 el mar' - EscapadaRural","robots":{"index":"index","follow":"follow","max-snippet":"max-snippet:-1","max-image-preview":"max-image-preview:large","max-video-preview":"max-video-preview:-1"},"canonical":"https:\/\/www.escapadarural.com\/blog\/mont-roig-del-camp-el-maestro-que-prometio-el-mar\/","og_locale":"es_ES","og_type":"article","og_title":"Mont-roig del Camp, el pueblo de 'El maestro que prometi\u00f3 el mar' - EscapadaRural","og_description":"La pel\u00edcula 'El maestro que prometi\u00f3 el mar' cuenta la historia de Antoni Benaiges, un maestro republicano que naci\u00f3 en Mont-roig del Camp.","og_url":"https:\/\/www.escapadarural.com\/blog\/mont-roig-del-camp-el-maestro-que-prometio-el-mar\/","og_site_name":"Magazine de viajes de EscapadaRural","article_publisher":"https:\/\/www.facebook.com\/escapadarural","article_published_time":"2024-10-05T07:00:00+00:00","article_modified_time":"2025-08-04T09:22:45+00:00","og_image":[{"width":2048,"height":1367,"url":"https:\/\/www.escapadarural.com\/blog\/wp-content\/uploads\/2024\/11\/motn_roig_164980365-1.jpg?v=1754299366","type":"image\/jpeg"}],"author":"Carmen L\u00f3pez","twitter_card":"summary_large_image","twitter_misc":{"Escrito por":"Carmen L\u00f3pez","Tiempo de lectura":"6 minutos"},"schema":{"@context":"https:\/\/schema.org","@graph":[{"@type":"Article","@id":"https:\/\/www.escapadarural.com\/blog\/mont-roig-del-camp-el-maestro-que-prometio-el-mar\/#article","isPartOf":{"@id":"https:\/\/www.escapadarural.com\/blog\/mont-roig-del-camp-el-maestro-que-prometio-el-mar\/"},"author":{"name":"Carmen L\u00f3pez","@id":"https:\/\/www.escapadarural.com\/blog\/#\/schema\/person\/42dfdff6118172efc6a04c8ae599a2ce"},"headline":"Mont-roig del Camp, el pueblo de &#8216;El maestro que prometi\u00f3 el mar&#8217;","datePublished":"2024-10-05T07:00:00+00:00","dateModified":"2025-08-04T09:22:45+00:00","mainEntityOfPage":{"@id":"https:\/\/www.escapadarural.com\/blog\/mont-roig-del-camp-el-maestro-que-prometio-el-mar\/"},"wordCount":1052,"commentCount":0,"publisher":{"@id":"https:\/\/www.escapadarural.com\/blog\/#organization"},"image":{"@id":"https:\/\/www.escapadarural.com\/blog\/mont-roig-del-camp-el-maestro-que-prometio-el-mar\/#primaryimage"},"thumbnailUrl":"https:\/\/www.escapadarural.com\/blog\/wp-content\/uploads\/2024\/11\/motn_roig_164980365-1.jpg","keywords":["Mont-roig del Camp","pelicula","Tarragona"],"articleSection":["Arte y Cultura"],"inLanguage":"es","potentialAction":[{"@type":"CommentAction","name":"Comment","target":["https:\/\/www.escapadarural.com\/blog\/mont-roig-del-camp-el-maestro-que-prometio-el-mar\/#respond"]}]},{"@type":"WebPage","@id":"https:\/\/www.escapadarural.com\/blog\/mont-roig-del-camp-el-maestro-que-prometio-el-mar\/","url":"https:\/\/www.escapadarural.com\/blog\/mont-roig-del-camp-el-maestro-que-prometio-el-mar\/","name":"Mont-roig del Camp, el pueblo de 'El maestro que prometi\u00f3 el mar' - EscapadaRural","isPartOf":{"@id":"https:\/\/www.escapadarural.com\/blog\/#website"},"primaryImageOfPage":{"@id":"https:\/\/www.escapadarural.com\/blog\/mont-roig-del-camp-el-maestro-que-prometio-el-mar\/#primaryimage"},"image":{"@id":"https:\/\/www.escapadarural.com\/blog\/mont-roig-del-camp-el-maestro-que-prometio-el-mar\/#primaryimage"},"thumbnailUrl":"https:\/\/www.escapadarural.com\/blog\/wp-content\/uploads\/2024\/11\/motn_roig_164980365-1.jpg","datePublished":"2024-10-05T07:00:00+00:00","dateModified":"2025-08-04T09:22:45+00:00","breadcrumb":{"@id":"https:\/\/www.escapadarural.com\/blog\/mont-roig-del-camp-el-maestro-que-prometio-el-mar\/#breadcrumb"},"inLanguage":"es","potentialAction":[{"@type":"ReadAction","target":["https:\/\/www.escapadarural.com\/blog\/mont-roig-del-camp-el-maestro-que-prometio-el-mar\/"]}]},{"@type":"ImageObject","inLanguage":"es","@id":"https:\/\/www.escapadarural.com\/blog\/mont-roig-del-camp-el-maestro-que-prometio-el-mar\/#primaryimage","url":"https:\/\/www.escapadarural.com\/blog\/wp-content\/uploads\/2024\/11\/motn_roig_164980365-1.jpg","contentUrl":"https:\/\/www.escapadarural.com\/blog\/wp-content\/uploads\/2024\/11\/motn_roig_164980365-1.jpg","width":2048,"height":1367,"caption":"Mont-roig del Camp. Por ggfoto"},{"@type":"BreadcrumbList","@id":"https:\/\/www.escapadarural.com\/blog\/mont-roig-del-camp-el-maestro-que-prometio-el-mar\/#breadcrumb","itemListElement":[{"@type":"ListItem","position":1,"name":"Inicio","item":"https:\/\/www.escapadarural.com\/blog\/"},{"@type":"ListItem","position":2,"name":"Arte y Cultura","item":"https:\/\/www.escapadarural.com\/blog\/categoria\/arte-y-cultura\/"},{"@type":"ListItem","position":3,"name":"Mont-roig del Camp, el pueblo de &#8216;El maestro que prometi\u00f3 el mar&#8217;"}]},{"@type":"WebSite","@id":"https:\/\/www.escapadarural.com\/blog\/#website","url":"https:\/\/www.escapadarural.com\/blog\/","name":"Blog de viajes | turismo rural, alojamientos e inspiraci\u00f3n","description":"Alojamientos rurales e inspiraci\u00f3n para tus escapadas","publisher":{"@id":"https:\/\/www.escapadarural.com\/blog\/#organization"},"alternateName":"Magazine de viajes de EscapadaRural","potentialAction":[{"@type":"SearchAction","target":{"@type":"EntryPoint","urlTemplate":"https:\/\/www.escapadarural.com\/blog\/?s={search_term_string}"},"query-input":{"@type":"PropertyValueSpecification","valueRequired":true,"valueName":"search_term_string"}}],"inLanguage":"es"},{"@type":"Organization","@id":"https:\/\/www.escapadarural.com\/blog\/#organization","name":"EscapadaRural","url":"https:\/\/www.escapadarural.com\/blog\/","logo":{"@type":"ImageObject","inLanguage":"es","@id":"https:\/\/www.escapadarural.com\/blog\/#\/schema\/logo\/image\/","url":"https:\/\/www.escapadarural.com\/blog\/wp-content\/uploads\/2024\/10\/cropped-cropped-escapada-rural-icon-mag-3.png","contentUrl":"https:\/\/www.escapadarural.com\/blog\/wp-content\/uploads\/2024\/10\/cropped-cropped-escapada-rural-icon-mag-3.png","width":512,"height":512,"caption":"EscapadaRural"},"image":{"@id":"https:\/\/www.escapadarural.com\/blog\/#\/schema\/logo\/image\/"},"sameAs":["https:\/\/www.facebook.com\/escapadarural","https:\/\/www.instagram.com\/escapadarural\/","https:\/\/www.youtube.com\/@escapadaruralcom"]},{"@type":"Person","@id":"https:\/\/www.escapadarural.com\/blog\/#\/schema\/person\/42dfdff6118172efc6a04c8ae599a2ce","name":"Carmen L\u00f3pez","image":{"@type":"ImageObject","inLanguage":"es","@id":"https:\/\/www.escapadarural.com\/blog\/wp-content\/uploads\/2024\/11\/cropped-perfil_eldiario-96x96-1-96x96.jpeg","url":"https:\/\/www.escapadarural.com\/blog\/wp-content\/uploads\/2024\/11\/cropped-perfil_eldiario-96x96-1-96x96.jpeg","contentUrl":"https:\/\/www.escapadarural.com\/blog\/wp-content\/uploads\/2024\/11\/cropped-perfil_eldiario-96x96-1-96x96.jpeg","caption":"Carmen L\u00f3pez"},"description":"Soy periodista y escribo sobre cosas que importan en sitios que interesan desde hace m\u00e1s de una d\u00e9cada.","url":"https:\/\/www.escapadarural.com\/blog\/autor\/carmenlopez\/"}]}},"_links":{"self":[{"href":"https:\/\/www.escapadarural.com\/blog\/wp-json\/wp\/v2\/posts\/83141","targetHints":{"allow":["GET"]}}],"collection":[{"href":"https:\/\/www.escapadarural.com\/blog\/wp-json\/wp\/v2\/posts"}],"about":[{"href":"https:\/\/www.escapadarural.com\/blog\/wp-json\/wp\/v2\/types\/post"}],"author":[{"embeddable":true,"href":"https:\/\/www.escapadarural.com\/blog\/wp-json\/wp\/v2\/users\/114"}],"replies":[{"embeddable":true,"href":"https:\/\/www.escapadarural.com\/blog\/wp-json\/wp\/v2\/comments?post=83141"}],"version-history":[{"count":0,"href":"https:\/\/www.escapadarural.com\/blog\/wp-json\/wp\/v2\/posts\/83141\/revisions"}],"wp:featuredmedia":[{"embeddable":true,"href":"https:\/\/www.escapadarural.com\/blog\/wp-json\/wp\/v2\/media\/108531"}],"wp:attachment":[{"href":"https:\/\/www.escapadarural.com\/blog\/wp-json\/wp\/v2\/media?parent=83141"}],"wp:term":[{"taxonomy":"category","embeddable":true,"href":"https:\/\/www.escapadarural.com\/blog\/wp-json\/wp\/v2\/categories?post=83141"},{"taxonomy":"post_tag","embeddable":true,"href":"https:\/\/www.escapadarural.com\/blog\/wp-json\/wp\/v2\/tags?post=83141"}],"curies":[{"name":"wp","href":"https:\/\/api.w.org\/{rel}","templated":true}]}}