{"id":83287,"date":"2013-09-30T09:15:14","date_gmt":"2013-09-30T09:15:14","guid":{"rendered":"http:\/\/15.188.81.248\/2013\/09\/30\/guia-practica-para-descubrir-los-caminos-de-pasion-andaluces\/"},"modified":"2025-07-25T13:50:06","modified_gmt":"2025-07-25T11:50:06","slug":"guia-practica-para-descubrir-los-caminos-de-pasion-andaluces","status":"publish","type":"post","link":"https:\/\/www.escapadarural.com\/blog\/guia-practica-para-descubrir-los-caminos-de-pasion-andaluces\/","title":{"rendered":"Gu\u00eda pr\u00e1ctica para descubrir los Caminos de Pasi\u00f3n andaluces"},"content":{"rendered":"\n<figure class=\"wp-block-image size-large\"><img decoding=\"async\" src=\"https:\/\/www.escapadarural.com\/blog\/wp-content\/uploads\/2013\/09\/Patios-cordobeses-51-2.jpg\" alt=\"Patios cordobeses\" class=\"wp-image-28498\"\/><figcaption class=\"wp-element-caption\">Fuente: trabantos<\/figcaption><\/figure>\n\n\n\n<p>Cuando veas un olivo ve hacia \u00e9l como se dice que se va hacia la luz, es decir, con la emoci\u00f3n de lo desconocido y la promesa de una buena vida. En este punto trata de avistar dos olivos m\u00e1s, pero juntos, y lleva tus pasos hacia ellos. Entonces busca tres olivos m\u00e1s, luego cuatro, cinco, seis y siete. Tarde o temprano ver\u00e1s millones de lo olivos, lo que quiere decir que has llegado a C\u00f3doba, la luz, y que empieza tu buena vida, los <a href=\"https:\/\/www.caminosdepasion.com\/\" target=\"_blank\"><strong>Caminos de Pasi\u00f3n<\/strong><\/a>.<\/p>\n\n\n\n<p>Caminos de Pasi\u00f3n es una propuesta cultural y gastron\u00f3mica de 8 pueblos de C\u00f3rdoba, Sevilla y Ja\u00e9n. Se articulan en torno a la cercan\u00eda entre ellos y por un eje tem\u00e1tico: la Semana Santa, declarada de Fiesta de Inter\u00e9s Tur\u00edstica en cada t\u00e9rmino. Pero despu\u00e9s de recorrer los Caminos de Pasi\u00f3n, hemos comprobado que la Semana Santa es un pretexto como podr\u00eda ser el aceite de oliva, el jamoncito o la sonrisa permanente de su gente <em>(hente)<\/em> para crear una ruta singular y diversa de identidad colectiva.<\/p>\n\n\n\n<p>Te proponemos una ruta por los 8 pueblos durante cuatro d\u00edas, tal y como lo hemos experimentado durante el blogtrip de Caminos de Pasi\u00f3n, el #Pasiontrip. Junto con otros compa\u00f1eros, entre risas y comilonas, hemos descubierto un patrimonio incalculable y oficios artesanos, con los que te preguntas qu\u00e9 hacen, para que nos entendamos, cinco obras de <a href=\"https:\/\/es.wikipedia.org\/wiki\/Jos%C3%A9_de_Ribera\" target=\"_blank\">Jos\u00e9 de Ribera<\/a> en una colegiata de Osuna o por qu\u00e9 diablos nadie nos ha hablado antes de la confecci\u00f3n manual del cordob\u00e1n, pongamos por caso.<\/p>\n\n\n\n<p>Menci\u00f3n aparte merece la gastronom\u00eda de los pueblos que integran los Caminos de Pasi\u00f3n. \u00abDonde comes mal no vuelves\u00bb, se dice con toda raz\u00f3n, y de ser cierto (que s\u00ed, que s\u00ed) no hubi\u00e9semos abandonado Andaluc\u00eda. No es que quisi\u00e9ramos volver, es que no nos quer\u00edamos ir. Jos\u00e9 Antonio Rodr\u00edguez, productor artesano del an\u00eds Los Hermanos, nos dijo que un problema muy actual es que no sabemos ni qu\u00e9 comemos ni qu\u00e9 bebemos. Lo cogemos del s\u00faper y para casa.<\/p>\n\n\n\n<p>Y lo dijo, Jos\u00e9 Antonio, justo antes de mostrarnos c\u00f3mo elabora junto con su hermano el an\u00eds que vende, o la ginebra o el pachar\u00e1n. As\u00ed que la frase sobre nuestra ignorancia alimentaria reson\u00f3 como un trueno al verlo trabajar. No era una m\u00e1quina, era un hombre con un producto exquisito. Y si te preguntas qu\u00e9 hace el pachar\u00e1n en Andaluc\u00eda en lugar de en Euskadi, si tiras de ese hilo, acabar\u00e1s deshilvanando la complicada madeja de la historia peninsular.<\/p>\n\n\n\n<p>Lo mismo ocurrir\u00e1 si tiras del hilo del aceite de oliva, del cante o de la Semana Santa. Caminos de Pasi\u00f3n es un recorrido emocionante y transversal que recorre toda la cultura de los 8 pueblos. Quiero decir que las cosas est\u00e1n ligadas por una relaci\u00f3n de necesidad, \u00abde tal forma que la ausencia de la m\u00e1s in\u00fatil\u00bb, como dec\u00eda el escritor, \u00abpodr\u00eda provocar una cadena de cat\u00e1strofes, igual que la extinci\u00f3n de un mosquito ser\u00eda suficiente para ocasionar la aniquilaci\u00f3n de un ecosistema\u00bb. As\u00ed se articulan los Caminos de Pasi\u00f3n, con peque\u00f1os engranajes culturales que accionan una m\u00e1quina superior.<\/p>\n\n\n\n<p>En cuanto al tiempo, t\u00f3mate cuatro o cinco d\u00edas. Cinco quiz\u00e1s, mejor que cuatro, para apasionarte tranquilamente. Lo que ver\u00e1s a continuaci\u00f3n tambi\u00e9n puedes disfrutarlo t\u00fa. Te recomendamos que contactes con la oficina de turismo del pueblo en cuesti\u00f3n para que un gu\u00eda, maj\u00edsimos como los nuestros, enriquezca la visita.<\/p>\n\n\n\n<h2 class=\"wp-block-heading\" id=\"0-d%C3%ADa-1-baena-y-alcal%C3%A1-la-real\">D\u00eda 1. Baena y Alcal\u00e1 la Real<\/h2>\n\n\n\n<h3 class=\"wp-block-heading\" id=\"1-ma%C3%B1ana-baena\">Ma\u00f1ana. Baena<\/h3>\n\n\n\n<ul class=\"wp-block-list\">\n<li>10:00 h Visita al Museo del Aceite, Museo Arqueol\u00f3gico y barrio de la Almedina<\/li>\n\n\n\n<li>13:00 h Visita a la Almazara N\u00fa\u00f1ez de Prado y comida<\/li>\n<\/ul>\n\n\n\n<h3 class=\"wp-block-heading\" id=\"2-tarde-alcal%C3%A1-la-real\">Tarde. Alcal\u00e1 la Real<\/h3>\n\n\n\n<ul class=\"wp-block-list\">\n<li>19:30 h Visita nocturna y teatralizada a la Fortaleza de la Mota<\/li>\n\n\n\n<li>21:00 h Cena y pernoctaci\u00f3n en el Hotel Rural Sierra de la Martina<\/li>\n<\/ul>\n\n\n\n<p>En Baena lo aprendimos todo sobre el aceite de oliva. Todav\u00eda no hab\u00edamos hecho una cata y ya disfrut\u00e1bamos del <strong>\u00f3leoturismo<\/strong>. En la Almazara N\u00fa\u00f1ez de Prado, una dinast\u00eda de productores de aceite de oliva con 160.000 olivos y 700 hect\u00e1reas, descubrimos c\u00f3mo se recoge, produce y elabora el aceite de oliva virgen extra. Est\u00e1 riqu\u00edsimo, por supuesto, y el propio N\u00fa\u00f1ez de Prado ilustraba la explicaci\u00f3n. Una actividad gratauita. En el Museo del Aceite, un antiguo molino con 800 m2 de exposici\u00f3n y a 4 min andando desde la Almazara, recibimos m\u00e1s explicaciones y usos del aceite de oliva. No creo que ninguno de nosotros vuelva a tomar el aceite de oliva \u00abnormal\u00bb de nuestras casas despu\u00e9s de esa informaci\u00f3n.<\/p>\n\n\n\n<p>En el Museo hist\u00f3rico y arqueol\u00f3gico de Baena descubrimos <strong>el tesoro de Torreparedones<\/strong>, un yacimiento con 3.500 a\u00f1os de silencio en el que aparecieron joyas de la cultura \u00edbera y romana. El Museo se ubica en la Casa de la Tercia (s. XVIII), un almacen de grano, semillas y bodega de aceite y lugar de administraci\u00f3n de diezmos. Impresionaron especialmente los bustos de Claudio y Augusto, adem\u00e1s de las grandes esculturas con la armadura completa y el togado con la t\u00e9cnica art\u00edsticas de pa\u00f1os mojados.<\/p>\n\n\n\n<p>En la <strong>Fortaleza de la Mota<\/strong>, en un mont\u00edculo sobre la ciudad de Alcal\u00e1 la Real, nos sumergimos en la \u00e9poca: s. XIV, rey Alfonso XI. Asistimos a un paseo narrado por una villa fortificada a m\u00e1s de 1.000 m de altitud. Al paso nos sal\u00edan personajes de la vida cotidiana de la Fortaleza, una vez tomada por los cristianos a los musulmanes. Es una actividad completamente recomendable, con una puesta en escena impecable que concluye con el espect\u00e1culo audiovisual en el interior de la Abad\u00eda de Patronato Real, independiente de cualquier di\u00f3cesis.<\/p>\n\n\n\n<p>La cena, aut\u00e9ntica, elaborada por los propietarios del hotel rural Sierra de la Martina, nos restituy\u00f3 por completo. Eso y el silencio del valle.<\/p>\n\n\n\n<h2 class=\"wp-block-heading\" id=\"3-d%C3%ADa-2-priego-de-c%C3%B3rdoba-y-cabra\">D\u00eda 2. Priego de C\u00f3rdoba y Cabra<\/h2>\n\n\n\n<figure class=\"wp-block-image size-large\"><img decoding=\"async\" src=\"https:\/\/www.escapadarural.com\/blog\/wp-content\/uploads\/2013\/09\/cordoba_priego-1-2.jpg\" alt=\"Priego de C\u00f3rdoba\" class=\"wp-image-28125\"\/><figcaption class=\"wp-element-caption\">Fuente: Turismo Andaluz<\/figcaption><\/figure>\n\n\n\n<h3 class=\"wp-block-heading\" id=\"4-ma%C3%B1ana-priego-de-c%C3%B3rdoba\">Ma\u00f1ana. Priego de C\u00f3rdoba<\/h3>\n\n\n\n<ul class=\"wp-block-list\">\n<li>9:00 h Ruta de senderismo por la Sierra de la Martina guiado por Natureda<\/li>\n\n\n\n<li>12:00 h Visita guiada por el casco antiguo y barrio de la Villa<\/li>\n\n\n\n<li>13:00 h Cata de aceite DO Priego de C\u00f3rdoba y comida en el Balc\u00f3n del Adarve<\/li>\n<\/ul>\n\n\n\n<h3 class=\"wp-block-heading\" id=\"5-tarde-cabra\">Tarde. Cabra<\/h3>\n\n\n\n<ul class=\"wp-block-list\">\n<li>17:00 h <a href=\"https:\/\/www.horsense.es\/\" target=\"_blank\">Actividad Horsense<\/a>, caballos y crecimiento personal<\/li>\n\n\n\n<li>19:00 h Ruta ciclo tur\u00edstica por la V\u00eda Verde de la Subb\u00e9tica<\/li>\n\n\n\n<li>20:30 h Visita al Museo de la Pasi\u00f3n y cena en Mes\u00f3n la Casilla<\/li>\n<\/ul>\n\n\n\n<p>De Priego de C\u00f3rdoba se dice que es uno de los pueblos m\u00e1s bonitos de Andaluc\u00eda. No es de extra\u00f1ar, cuando lo visitas. Pasear por el barrio de la Villa es pasear por un laberinto blanco de calles y flores colgadas de las fachadas. Un rojo y un verde contra un blanco es una batalla perdida para el viajero. Tiene que rendirse ante ello. Y as\u00ed lo hicimos, buscando sombras y rincones e imaginando la vida de los musulmanes que dise\u00f1aron el entramado.<\/p>\n\n\n\n<p>Despu\u00e9s del paseo por este y otros rincones de Priego, una cata de aceite de oliva en el patio tradicional de la Hospeder\u00eda San Francisco. El lugar es encantador y la cata enriquecededora. La compa\u00f1eroa de la Denominaci\u00f3n de Origen de Priego de C\u00f3rdoba ilustr\u00f3 con tres vasitos c\u00f3mo llevar a cabo la cata. El color del aceite no es tan importante como el olor y los sabores. Y para olerlos y saborearlos hay que hacerlo bien, con m\u00e9todo. Muy recomendable. Luc\u00eda Gonz\u00e1lez, t\u00e9cnico de turismo de <a href=\"https:\/\/www.turismodepriego.com\/\" target=\"_blank\">Priego de C\u00f3rdoba<\/a>, es una mujer encantadora que resolver\u00e1 todas vuestras dudas para disfrutar de una experiencia al completo en Priego.<\/p>\n\n\n\n<p>Despu\u00e9s de comer en el Balc\u00f3n del Adarve, all\u00ed en Priego, nos dirigimos a Cabra. All\u00ed nos explic\u00f3 Carmen Valenzuela su propuesta de crecimiento personal con caballos, tanto para una persona como para parejas, familias o equipos de empresa. Participamos en breve de una peque\u00f1a actividad, \u00absusurrar a los caballos\u00bb, y nos fuimos directos a la V\u00eda Verde de la Subb\u00e9tica. Aqu\u00ed tienes 60 km para montar en bicicleta o dar un paseo por una antigua v\u00eda de ferrocarril, acondicionada y sin dificultades.<\/p>\n\n\n\n<p>Para acabar el d\u00eda, puedes visitar el Museo de la Pasi\u00f3n, el Museo Aguilar y Eslava. En este espacio, entre otros documentos, ver\u00e1s una exposici\u00f3n permanente con un dise\u00f1o atractivo sobre la S\u00e1bana Santa o la S\u00edndone de Tur\u00edn. La propuesta est\u00e1 ah\u00ed, para creyentes y no creyentes, documentando y actualizando datos con las \u00faltimas investigaciones. Si es verdad que parece un tema acabado, por cuanto se ha datado el objeto con Carbono14 conluyendo que es del siglo XII, pero la propuesta es, en cuanto a dise\u00f1o, interesante.<\/p>\n\n\n\n<p>Nos hemos dado sin problema a la cena del Mes\u00f3n la Casilla. Sin problema y rechupete\u00e1ndonos los dedos.<\/p>\n\n\n\n<h2 class=\"wp-block-heading\" id=\"6-d%C3%ADa-3-lucena-y-puente-genil\">D\u00eda 3. Lucena y Puente Genil<\/h2>\n\n\n\n<figure class=\"wp-block-image size-large\"><img loading=\"lazy\" decoding=\"async\" width=\"960\" height=\"640\" src=\"https:\/\/www.escapadarural.com\/blog\/wp-content\/uploads\/2013\/09\/lucena_subbetica_Cordoba-1-2.jpg\" alt=\"Lucena, C\u00f3rdoba\" class=\"wp-image-111864\" srcset=\"https:\/\/www.escapadarural.com\/blog\/wp-content\/uploads\/2013\/09\/lucena_subbetica_Cordoba-1-2-200x133.jpg 200w, https:\/\/www.escapadarural.com\/blog\/wp-content\/uploads\/2013\/09\/lucena_subbetica_Cordoba-1-2-300x200.jpg 300w, https:\/\/www.escapadarural.com\/blog\/wp-content\/uploads\/2013\/09\/lucena_subbetica_Cordoba-1-2-400x267.jpg 400w, https:\/\/www.escapadarural.com\/blog\/wp-content\/uploads\/2013\/09\/lucena_subbetica_Cordoba-1-2-600x400.jpg 600w, https:\/\/www.escapadarural.com\/blog\/wp-content\/uploads\/2013\/09\/lucena_subbetica_Cordoba-1-2-768x512.jpg 768w, https:\/\/www.escapadarural.com\/blog\/wp-content\/uploads\/2013\/09\/lucena_subbetica_Cordoba-1-2-800x533.jpg 800w, https:\/\/www.escapadarural.com\/blog\/wp-content\/uploads\/2013\/09\/lucena_subbetica_Cordoba-1-2.jpg 960w\" sizes=\"auto, (max-width: 960px) 100vw, 960px\" \/><figcaption class=\"wp-element-caption\">Lucena, C\u00f3rdoba. Fuente: Turismo Andaluz<\/figcaption><\/figure>\n\n\n\n<h3 class=\"wp-block-heading\" id=\"7-ma%C3%B1ana-lucena\">Ma\u00f1ana. Lucena<\/h3>\n\n\n\n<ul class=\"wp-block-list\">\n<li>9:00 h Visita guiada al Castillo del Moral, Palacio de los Condes de Santa Ana, iglesia de San Mateo y Necr\u00f3polis jud\u00eda<\/li>\n\n\n\n<li>12:00 h Visita a la alfarer\u00eda tradicional <a href=\"https:\/\/www.facebook.com\/ceramica.granados\/\" target=\"_blank\">Cer\u00e1micas Granados<\/a><\/li>\n<\/ul>\n\n\n\n<h3 class=\"wp-block-heading\" id=\"8-tarde-puente-genil\">Tarde. Puente Genil<\/h3>\n\n\n\n<ul class=\"wp-block-list\">\n<li>17:00 h Visita a Fuente \u00c1lamo<\/li>\n\n\n\n<li>21:00 h Cena en el restaurante Casa Pedro<\/li>\n<\/ul>\n\n\n\n<p>La visita guiada que nos propuso Maira, de la oficina de turismo de Lucena, fue completa y muy did\u00e1ctica. Pasamos por el Castillo, por el Palacio de los Condes de Santa Ana, por la iglesia de San Mateo y Necr\u00f3polis jud\u00eda. En todos los lugares nos ilustr\u00f3 con leyendas mezcladas con simpat\u00eda, nos acerc\u00f3 el patrimonio religioso de una forma apasionada y nos inici\u00f3 en la cultura jud\u00eda sobre la necr\u00f3polis que acaban de inaugurar en Lucena.<\/p>\n\n\n\n<p>La visita a la alfarer\u00eda tradicional pone los pies sobre la tierra. C\u00f3mo una familia de 7 generaciones de alfareros sigue esforz\u00e1ndose en mantener un oficio antiqu\u00edsimo, con piezas de mucha calidad, y con un m\u00e9todo desarrollado durante siglos. En el tiempo del pl\u00e1stico y el conglomerado, ya no nos quedaba sitio para el barro hasta que Granados nos ense\u00f1a en 10 minutos c\u00f3mo elabora tres piezas diferentes. El proceso es hipnotizante, con el torno y la concentraci\u00f3n del alfarero, y me van dando ganas de llevar mi cocina con todas esas piezas. \u00abC\u00f3mo se conservar\u00eda\u00bb, pienso, imaginando el agua fresquita en esa vasija a la que va dando forma delante de m\u00ed.<\/p>\n\n\n\n<p>La siguiente propuesta no tiene nada que ver con los oficios, pero s\u00ed con la precisi\u00f3n y la historia. El yacimiento de Fuente \u00c1lamo en Puente Genil es una verdadera joya. \u00abLa villa romana de Fuente \u00c1lamo posee uno de los conjuntos de mosaicos figurativos y geom\u00e9tricos m\u00e1s importantes de Espa\u00f1a\u00bb, reza el folleto. Y hay que darle la raz\u00f3n, porque se certifica en cuanto ves los mosaicos imperecederos<\/p>\n\n\n\n<p>No olvid\u00e9is la carne de membrillo que produce La G\u00f3ndola, en Puente Genil.<\/p>\n\n\n\n<h2 class=\"wp-block-heading\" id=\"9-d%C3%ADa-4-osuna-y-carmona\">D\u00eda 4. Osuna y Carmona<\/h2>\n\n\n\n<figure class=\"wp-block-image size-large\"><img decoding=\"async\" src=\"https:\/\/www.escapadarural.com\/blog\/wp-content\/uploads\/2015\/04\/Caminos-de-Pasion-Osuna-1-2.jpg\" alt=\"Colegiata de Osuna\" class=\"wp-image-115041\"\/><figcaption class=\"wp-element-caption\">Colegiata de Osuna<\/figcaption><\/figure>\n\n\n\n<h3 class=\"wp-block-heading\" id=\"10-ma%C3%B1ana-osuna\">Ma\u00f1ana. Osuna<\/h3>\n\n\n\n<ul class=\"wp-block-list\">\n<li>10:00 h Visita a la Colegiata y la Antigua Universidad<\/li>\n\n\n\n<li>12:00 h Visita al antiguo <a href=\"https:\/\/www.arte2.es\" target=\"_blank\">taller de cordob\u00e1n<\/a><\/li>\n\n\n\n<li>13:30 h Comida en la Taberna El Raspao<\/li>\n<\/ul>\n\n\n\n<h3 class=\"wp-block-heading\" id=\"11-tarde-carmona\">Tarde. Carmona<\/h3>\n\n\n\n<ul class=\"wp-block-list\">\n<li>17:00 h Visita y actividades en la Destiler\u00eda de An\u00eds los Hermanos<\/li>\n\n\n\n<li>19:00 h Paseo guiado por el casco hist\u00f3rico de Carmona<\/li>\n\n\n\n<li>21:00 h Cena en el Parador Nacional de Carmona<\/li>\n<\/ul>\n\n\n\n<p>El \u00faltimo d\u00eda recorremos Osuna y lo primero que hacemos es sorprendernos con todo su patrimonio. Entramos en la Colegiata, o iglesia colegial, un edificio renacentista regentado por Rosario, quien nos hace una visita interesante y divertida. En su interior, jam\u00e1s lo hubi\u00e9ramos pensado, se esconden cinco obras de Jos\u00e9 de Ribera, una talla de Juan de Mesa y tablas flamencas del XVI. As\u00ed dicho quiz\u00e1s no le deis el valor que tiene, pero es incalculable y Rosario tiene el don de multiplicarlo con sus sentencias.<\/p>\n\n\n\n<p>Nadie lo hubiera pensado tampoco, pero Osuna conserva su Universidad. Aun esta viva, por lo que veras estudiantes en su patio medieval y entre sus pasillos. En una capilla estaban dando una clase magistral. Excepcional.<\/p>\n\n\n\n<p>Por la tarde pod\u00e9is acercaros a Carmona, despu\u00e9s de comer en la Taberna El Raspao (si cen\u00e1is quiz\u00e1s os encontr\u00e9is con una sesi\u00f3n de cante y guitarra espa\u00f1ola). All\u00ed os recomendamos la visita a la destiler\u00eda de An\u00eds Los Hermanos, la mas antigua de Andaluc\u00eda, desde 1880. Contin\u00faan elaborando el producto (y la ginebra y el pachar\u00e1n), tal y como lo hac\u00edan hace mas de 100 a\u00f1os. Tienes la oportunidad de participar en el proceso, de hacer una cata, de comer con los artesanos. Es una experiencia muy grata y el producto de mucha calidad, de manera que es muy recomendable.<\/p>\n\n\n\n<p>El paseo guiado por Carmona te revelara los secretos del Alc\u00e1zar de la Puerta de Sevilla. De origen medieval, se hallaron \u00e1nforas fenicias, de la cual una, que representaba un grifo mitol\u00f3gico, se ha escogido el dise\u00f1o de la bandera de Carmona. Es un museo hecho un pueblo, aunque presumiblemente no consideraras lo mismo de no ser por las explicaciones de la gu\u00eda de la Oficina de Turismo. Es monumental, pero se necesita una explicaci\u00f3n.<\/p>\n\n\n\n<p>La cena y la vista de la vega de Carmona, que sobrecoge, en el Parador.<\/p>\n\n\n\n<p>Mas informaci\u00f3n | <a href=\"https:\/\/www.caminosdepasion.com\" target=\"_blank\">Caminos de Pasi\u00f3n<\/a><\/p>\n","protected":false},"excerpt":{"rendered":"<p>8 pueblos de Andaluc\u00eda en una ruta guiada por la gastronom\u00eda, el arte y la naturaleza<\/p>\n","protected":false},"author":136,"featured_media":28023,"comment_status":"open","ping_status":"closed","sticky":false,"template":"","format":"standard","meta":{"_acf_changed":false,"om_disable_all_campaigns":false,"footnotes":""},"categories":[191],"tags":[1081,448,1082,733,1083,1084,1085,1086,1087,1088],"class_list":["post-83287","post","type-post","status-publish","format-standard","has-post-thumbnail","hentry","category-destinos","tag-alcala-la-real","tag-que-ver-en-andalucia","tag-baena","tag-cabra","tag-caminos-de-pasion","tag-carmona","tag-lucena","tag-osuna","tag-puente-genil","tag-semana-santa"],"acf":[],"featured_image_src":"https:\/\/www.escapadarural.com\/blog\/wp-content\/uploads\/2017\/09\/Patio_Cordoba_Andalucia-1.jpg","author_info":{"display_name":"Escapada Rural","author_link":"https:\/\/www.escapadarural.com\/blog\/autor\/user\/"},"yoast_head":"<!-- This site is optimized with the Yoast SEO plugin v27.5 - https:\/\/yoast.com\/product\/yoast-seo-wordpress\/ -->\n<title>Gu\u00eda pr\u00e1ctica para descubrir los Caminos de Pasi\u00f3n andaluces - EscapadaRural<\/title>\n<meta name=\"robots\" content=\"index, follow, max-snippet:-1, max-image-preview:large, max-video-preview:-1\" \/>\n<link rel=\"canonical\" href=\"https:\/\/www.escapadarural.com\/blog\/guia-practica-para-descubrir-los-caminos-de-pasion-andaluces\/\" \/>\n<meta property=\"og:locale\" content=\"es_ES\" \/>\n<meta property=\"og:type\" content=\"article\" \/>\n<meta property=\"og:title\" content=\"Gu\u00eda pr\u00e1ctica para descubrir los Caminos de Pasi\u00f3n andaluces - EscapadaRural\" \/>\n<meta property=\"og:description\" content=\"8 pueblos de Andaluc\u00eda en una ruta guiada por la gastronom\u00eda, el arte y la naturaleza\" \/>\n<meta property=\"og:url\" content=\"https:\/\/www.escapadarural.com\/blog\/guia-practica-para-descubrir-los-caminos-de-pasion-andaluces\/\" \/>\n<meta property=\"og:site_name\" content=\"Magazine de viajes de EscapadaRural\" \/>\n<meta property=\"article:publisher\" content=\"https:\/\/www.facebook.com\/escapadarural\" \/>\n<meta property=\"article:author\" content=\"https:\/\/www.facebook.com\/escapadarural\" \/>\n<meta property=\"article:published_time\" content=\"2013-09-30T09:15:14+00:00\" \/>\n<meta property=\"article:modified_time\" content=\"2025-07-25T11:50:06+00:00\" \/>\n<meta property=\"og:image\" content=\"https:\/\/www.escapadarural.com\/blog\/wp-content\/uploads\/2017\/09\/Patio_Cordoba_Andalucia-1.jpg?v=1753444207\" \/>\n\t<meta property=\"og:image:width\" content=\"960\" \/>\n\t<meta property=\"og:image:height\" content=\"640\" \/>\n\t<meta property=\"og:image:type\" content=\"image\/jpeg\" \/>\n<meta name=\"author\" content=\"Escapada Rural\" \/>\n<meta name=\"twitter:card\" content=\"summary_large_image\" \/>\n<meta name=\"twitter:creator\" content=\"@https:\/\/x.com\/i\/flow\/login?redirect_after_login=escapadarural\" \/>\n<meta name=\"twitter:label1\" content=\"Escrito por\" \/>\n\t<meta name=\"twitter:data1\" content=\"Escapada Rural\" \/>\n\t<meta name=\"twitter:label2\" content=\"Tiempo de lectura\" \/>\n\t<meta name=\"twitter:data2\" content=\"12 minutos\" \/>\n<script type=\"application\/ld+json\" class=\"yoast-schema-graph\">{\"@context\":\"https:\\\/\\\/schema.org\",\"@graph\":[{\"@type\":\"Article\",\"@id\":\"https:\\\/\\\/www.escapadarural.com\\\/blog\\\/guia-practica-para-descubrir-los-caminos-de-pasion-andaluces\\\/#article\",\"isPartOf\":{\"@id\":\"https:\\\/\\\/www.escapadarural.com\\\/blog\\\/guia-practica-para-descubrir-los-caminos-de-pasion-andaluces\\\/\"},\"author\":{\"name\":\"Escapada Rural\",\"@id\":\"https:\\\/\\\/www.escapadarural.com\\\/blog\\\/#\\\/schema\\\/person\\\/d9ee55ff3e0cef41d6eac8922b4f972c\"},\"headline\":\"Gu\u00eda pr\u00e1ctica para descubrir los Caminos de Pasi\u00f3n andaluces\",\"datePublished\":\"2013-09-30T09:15:14+00:00\",\"dateModified\":\"2025-07-25T11:50:06+00:00\",\"mainEntityOfPage\":{\"@id\":\"https:\\\/\\\/www.escapadarural.com\\\/blog\\\/guia-practica-para-descubrir-los-caminos-de-pasion-andaluces\\\/\"},\"wordCount\":2325,\"commentCount\":0,\"publisher\":{\"@id\":\"https:\\\/\\\/www.escapadarural.com\\\/blog\\\/#organization\"},\"image\":{\"@id\":\"https:\\\/\\\/www.escapadarural.com\\\/blog\\\/guia-practica-para-descubrir-los-caminos-de-pasion-andaluces\\\/#primaryimage\"},\"thumbnailUrl\":\"https:\\\/\\\/www.escapadarural.com\\\/blog\\\/wp-content\\\/uploads\\\/2017\\\/09\\\/Patio_Cordoba_Andalucia-1.jpg\",\"keywords\":[\"Alcala la Real\",\"Andaluc\u00eda\",\"Baena\",\"cabra\",\"Caminos de Pasion\",\"Carmona\",\"Lucena\",\"Osuna\",\"Puente Genil\",\"Semana Santa\"],\"articleSection\":[\"Destinos\"],\"inLanguage\":\"es\",\"potentialAction\":[{\"@type\":\"CommentAction\",\"name\":\"Comment\",\"target\":[\"https:\\\/\\\/www.escapadarural.com\\\/blog\\\/guia-practica-para-descubrir-los-caminos-de-pasion-andaluces\\\/#respond\"]}]},{\"@type\":\"WebPage\",\"@id\":\"https:\\\/\\\/www.escapadarural.com\\\/blog\\\/guia-practica-para-descubrir-los-caminos-de-pasion-andaluces\\\/\",\"url\":\"https:\\\/\\\/www.escapadarural.com\\\/blog\\\/guia-practica-para-descubrir-los-caminos-de-pasion-andaluces\\\/\",\"name\":\"Gu\u00eda pr\u00e1ctica para descubrir los Caminos de Pasi\u00f3n andaluces - EscapadaRural\",\"isPartOf\":{\"@id\":\"https:\\\/\\\/www.escapadarural.com\\\/blog\\\/#website\"},\"primaryImageOfPage\":{\"@id\":\"https:\\\/\\\/www.escapadarural.com\\\/blog\\\/guia-practica-para-descubrir-los-caminos-de-pasion-andaluces\\\/#primaryimage\"},\"image\":{\"@id\":\"https:\\\/\\\/www.escapadarural.com\\\/blog\\\/guia-practica-para-descubrir-los-caminos-de-pasion-andaluces\\\/#primaryimage\"},\"thumbnailUrl\":\"https:\\\/\\\/www.escapadarural.com\\\/blog\\\/wp-content\\\/uploads\\\/2017\\\/09\\\/Patio_Cordoba_Andalucia-1.jpg\",\"datePublished\":\"2013-09-30T09:15:14+00:00\",\"dateModified\":\"2025-07-25T11:50:06+00:00\",\"breadcrumb\":{\"@id\":\"https:\\\/\\\/www.escapadarural.com\\\/blog\\\/guia-practica-para-descubrir-los-caminos-de-pasion-andaluces\\\/#breadcrumb\"},\"inLanguage\":\"es\",\"potentialAction\":[{\"@type\":\"ReadAction\",\"target\":[\"https:\\\/\\\/www.escapadarural.com\\\/blog\\\/guia-practica-para-descubrir-los-caminos-de-pasion-andaluces\\\/\"]}]},{\"@type\":\"ImageObject\",\"inLanguage\":\"es\",\"@id\":\"https:\\\/\\\/www.escapadarural.com\\\/blog\\\/guia-practica-para-descubrir-los-caminos-de-pasion-andaluces\\\/#primaryimage\",\"url\":\"https:\\\/\\\/www.escapadarural.com\\\/blog\\\/wp-content\\\/uploads\\\/2017\\\/09\\\/Patio_Cordoba_Andalucia-1.jpg\",\"contentUrl\":\"https:\\\/\\\/www.escapadarural.com\\\/blog\\\/wp-content\\\/uploads\\\/2017\\\/09\\\/Patio_Cordoba_Andalucia-1.jpg\",\"width\":960,\"height\":640,\"caption\":\"Fuente: Priego de C\u00f3rdoba\"},{\"@type\":\"BreadcrumbList\",\"@id\":\"https:\\\/\\\/www.escapadarural.com\\\/blog\\\/guia-practica-para-descubrir-los-caminos-de-pasion-andaluces\\\/#breadcrumb\",\"itemListElement\":[{\"@type\":\"ListItem\",\"position\":1,\"name\":\"Inicio\",\"item\":\"https:\\\/\\\/www.escapadarural.com\\\/blog\\\/\"},{\"@type\":\"ListItem\",\"position\":2,\"name\":\"Destinos\",\"item\":\"https:\\\/\\\/www.escapadarural.com\\\/blog\\\/categoria\\\/destinos\\\/\"},{\"@type\":\"ListItem\",\"position\":3,\"name\":\"Gu\u00eda pr\u00e1ctica para descubrir los Caminos de Pasi\u00f3n andaluces\"}]},{\"@type\":\"WebSite\",\"@id\":\"https:\\\/\\\/www.escapadarural.com\\\/blog\\\/#website\",\"url\":\"https:\\\/\\\/www.escapadarural.com\\\/blog\\\/\",\"name\":\"Blog de viajes | turismo rural, alojamientos e inspiraci\u00f3n\",\"description\":\"Alojamientos rurales e inspiraci\u00f3n para tus escapadas\",\"publisher\":{\"@id\":\"https:\\\/\\\/www.escapadarural.com\\\/blog\\\/#organization\"},\"alternateName\":\"Magazine de viajes de EscapadaRural\",\"potentialAction\":[{\"@type\":\"SearchAction\",\"target\":{\"@type\":\"EntryPoint\",\"urlTemplate\":\"https:\\\/\\\/www.escapadarural.com\\\/blog\\\/?s={search_term_string}\"},\"query-input\":{\"@type\":\"PropertyValueSpecification\",\"valueRequired\":true,\"valueName\":\"search_term_string\"}}],\"inLanguage\":\"es\"},{\"@type\":\"Organization\",\"@id\":\"https:\\\/\\\/www.escapadarural.com\\\/blog\\\/#organization\",\"name\":\"EscapadaRural\",\"url\":\"https:\\\/\\\/www.escapadarural.com\\\/blog\\\/\",\"logo\":{\"@type\":\"ImageObject\",\"inLanguage\":\"es\",\"@id\":\"https:\\\/\\\/www.escapadarural.com\\\/blog\\\/#\\\/schema\\\/logo\\\/image\\\/\",\"url\":\"https:\\\/\\\/www.escapadarural.com\\\/blog\\\/wp-content\\\/uploads\\\/2024\\\/10\\\/cropped-cropped-escapada-rural-icon-mag-3.png\",\"contentUrl\":\"https:\\\/\\\/www.escapadarural.com\\\/blog\\\/wp-content\\\/uploads\\\/2024\\\/10\\\/cropped-cropped-escapada-rural-icon-mag-3.png\",\"width\":512,\"height\":512,\"caption\":\"EscapadaRural\"},\"image\":{\"@id\":\"https:\\\/\\\/www.escapadarural.com\\\/blog\\\/#\\\/schema\\\/logo\\\/image\\\/\"},\"sameAs\":[\"https:\\\/\\\/www.facebook.com\\\/escapadarural\",\"https:\\\/\\\/www.instagram.com\\\/escapadarural\\\/\",\"https:\\\/\\\/www.youtube.com\\\/@escapadaruralcom\"]},{\"@type\":\"Person\",\"@id\":\"https:\\\/\\\/www.escapadarural.com\\\/blog\\\/#\\\/schema\\\/person\\\/d9ee55ff3e0cef41d6eac8922b4f972c\",\"name\":\"Escapada Rural\",\"image\":{\"@type\":\"ImageObject\",\"inLanguage\":\"es\",\"@id\":\"https:\\\/\\\/www.escapadarural.com\\\/blog\\\/wp-content\\\/uploads\\\/2024\\\/10\\\/cropped-cropped-escapada-rural-icon-mag-3-96x96.png\",\"url\":\"https:\\\/\\\/www.escapadarural.com\\\/blog\\\/wp-content\\\/uploads\\\/2024\\\/10\\\/cropped-cropped-escapada-rural-icon-mag-3-96x96.png\",\"contentUrl\":\"https:\\\/\\\/www.escapadarural.com\\\/blog\\\/wp-content\\\/uploads\\\/2024\\\/10\\\/cropped-cropped-escapada-rural-icon-mag-3-96x96.png\",\"caption\":\"Escapada Rural\"},\"sameAs\":[\"https:\\\/\\\/www.facebook.com\\\/escapadarural\",\"https:\\\/\\\/www.linkedin.com\\\/company\\\/escapada-rural\\\/?originalSubdomain=es\",\"https:\\\/\\\/x.com\\\/https:\\\/\\\/x.com\\\/i\\\/flow\\\/login?redirect_after_login=escapadarural\"],\"url\":\"https:\\\/\\\/www.escapadarural.com\\\/blog\\\/autor\\\/user\\\/\"}]}<\/script>\n<!-- \/ Yoast SEO plugin. -->","yoast_head_json":{"title":"Gu\u00eda pr\u00e1ctica para descubrir los Caminos de Pasi\u00f3n andaluces - EscapadaRural","robots":{"index":"index","follow":"follow","max-snippet":"max-snippet:-1","max-image-preview":"max-image-preview:large","max-video-preview":"max-video-preview:-1"},"canonical":"https:\/\/www.escapadarural.com\/blog\/guia-practica-para-descubrir-los-caminos-de-pasion-andaluces\/","og_locale":"es_ES","og_type":"article","og_title":"Gu\u00eda pr\u00e1ctica para descubrir los Caminos de Pasi\u00f3n andaluces - EscapadaRural","og_description":"8 pueblos de Andaluc\u00eda en una ruta guiada por la gastronom\u00eda, el arte y la naturaleza","og_url":"https:\/\/www.escapadarural.com\/blog\/guia-practica-para-descubrir-los-caminos-de-pasion-andaluces\/","og_site_name":"Magazine de viajes de EscapadaRural","article_publisher":"https:\/\/www.facebook.com\/escapadarural","article_author":"https:\/\/www.facebook.com\/escapadarural","article_published_time":"2013-09-30T09:15:14+00:00","article_modified_time":"2025-07-25T11:50:06+00:00","og_image":[{"width":960,"height":640,"url":"https:\/\/www.escapadarural.com\/blog\/wp-content\/uploads\/2017\/09\/Patio_Cordoba_Andalucia-1.jpg?v=1753444207","type":"image\/jpeg"}],"author":"Escapada Rural","twitter_card":"summary_large_image","twitter_creator":"@https:\/\/x.com\/i\/flow\/login?redirect_after_login=escapadarural","twitter_misc":{"Escrito por":"Escapada Rural","Tiempo de lectura":"12 minutos"},"schema":{"@context":"https:\/\/schema.org","@graph":[{"@type":"Article","@id":"https:\/\/www.escapadarural.com\/blog\/guia-practica-para-descubrir-los-caminos-de-pasion-andaluces\/#article","isPartOf":{"@id":"https:\/\/www.escapadarural.com\/blog\/guia-practica-para-descubrir-los-caminos-de-pasion-andaluces\/"},"author":{"name":"Escapada Rural","@id":"https:\/\/www.escapadarural.com\/blog\/#\/schema\/person\/d9ee55ff3e0cef41d6eac8922b4f972c"},"headline":"Gu\u00eda pr\u00e1ctica para descubrir los Caminos de Pasi\u00f3n andaluces","datePublished":"2013-09-30T09:15:14+00:00","dateModified":"2025-07-25T11:50:06+00:00","mainEntityOfPage":{"@id":"https:\/\/www.escapadarural.com\/blog\/guia-practica-para-descubrir-los-caminos-de-pasion-andaluces\/"},"wordCount":2325,"commentCount":0,"publisher":{"@id":"https:\/\/www.escapadarural.com\/blog\/#organization"},"image":{"@id":"https:\/\/www.escapadarural.com\/blog\/guia-practica-para-descubrir-los-caminos-de-pasion-andaluces\/#primaryimage"},"thumbnailUrl":"https:\/\/www.escapadarural.com\/blog\/wp-content\/uploads\/2017\/09\/Patio_Cordoba_Andalucia-1.jpg","keywords":["Alcala la Real","Andaluc\u00eda","Baena","cabra","Caminos de Pasion","Carmona","Lucena","Osuna","Puente Genil","Semana Santa"],"articleSection":["Destinos"],"inLanguage":"es","potentialAction":[{"@type":"CommentAction","name":"Comment","target":["https:\/\/www.escapadarural.com\/blog\/guia-practica-para-descubrir-los-caminos-de-pasion-andaluces\/#respond"]}]},{"@type":"WebPage","@id":"https:\/\/www.escapadarural.com\/blog\/guia-practica-para-descubrir-los-caminos-de-pasion-andaluces\/","url":"https:\/\/www.escapadarural.com\/blog\/guia-practica-para-descubrir-los-caminos-de-pasion-andaluces\/","name":"Gu\u00eda pr\u00e1ctica para descubrir los Caminos de Pasi\u00f3n andaluces - EscapadaRural","isPartOf":{"@id":"https:\/\/www.escapadarural.com\/blog\/#website"},"primaryImageOfPage":{"@id":"https:\/\/www.escapadarural.com\/blog\/guia-practica-para-descubrir-los-caminos-de-pasion-andaluces\/#primaryimage"},"image":{"@id":"https:\/\/www.escapadarural.com\/blog\/guia-practica-para-descubrir-los-caminos-de-pasion-andaluces\/#primaryimage"},"thumbnailUrl":"https:\/\/www.escapadarural.com\/blog\/wp-content\/uploads\/2017\/09\/Patio_Cordoba_Andalucia-1.jpg","datePublished":"2013-09-30T09:15:14+00:00","dateModified":"2025-07-25T11:50:06+00:00","breadcrumb":{"@id":"https:\/\/www.escapadarural.com\/blog\/guia-practica-para-descubrir-los-caminos-de-pasion-andaluces\/#breadcrumb"},"inLanguage":"es","potentialAction":[{"@type":"ReadAction","target":["https:\/\/www.escapadarural.com\/blog\/guia-practica-para-descubrir-los-caminos-de-pasion-andaluces\/"]}]},{"@type":"ImageObject","inLanguage":"es","@id":"https:\/\/www.escapadarural.com\/blog\/guia-practica-para-descubrir-los-caminos-de-pasion-andaluces\/#primaryimage","url":"https:\/\/www.escapadarural.com\/blog\/wp-content\/uploads\/2017\/09\/Patio_Cordoba_Andalucia-1.jpg","contentUrl":"https:\/\/www.escapadarural.com\/blog\/wp-content\/uploads\/2017\/09\/Patio_Cordoba_Andalucia-1.jpg","width":960,"height":640,"caption":"Fuente: Priego de C\u00f3rdoba"},{"@type":"BreadcrumbList","@id":"https:\/\/www.escapadarural.com\/blog\/guia-practica-para-descubrir-los-caminos-de-pasion-andaluces\/#breadcrumb","itemListElement":[{"@type":"ListItem","position":1,"name":"Inicio","item":"https:\/\/www.escapadarural.com\/blog\/"},{"@type":"ListItem","position":2,"name":"Destinos","item":"https:\/\/www.escapadarural.com\/blog\/categoria\/destinos\/"},{"@type":"ListItem","position":3,"name":"Gu\u00eda pr\u00e1ctica para descubrir los Caminos de Pasi\u00f3n andaluces"}]},{"@type":"WebSite","@id":"https:\/\/www.escapadarural.com\/blog\/#website","url":"https:\/\/www.escapadarural.com\/blog\/","name":"Blog de viajes | turismo rural, alojamientos e inspiraci\u00f3n","description":"Alojamientos rurales e inspiraci\u00f3n para tus escapadas","publisher":{"@id":"https:\/\/www.escapadarural.com\/blog\/#organization"},"alternateName":"Magazine de viajes de EscapadaRural","potentialAction":[{"@type":"SearchAction","target":{"@type":"EntryPoint","urlTemplate":"https:\/\/www.escapadarural.com\/blog\/?s={search_term_string}"},"query-input":{"@type":"PropertyValueSpecification","valueRequired":true,"valueName":"search_term_string"}}],"inLanguage":"es"},{"@type":"Organization","@id":"https:\/\/www.escapadarural.com\/blog\/#organization","name":"EscapadaRural","url":"https:\/\/www.escapadarural.com\/blog\/","logo":{"@type":"ImageObject","inLanguage":"es","@id":"https:\/\/www.escapadarural.com\/blog\/#\/schema\/logo\/image\/","url":"https:\/\/www.escapadarural.com\/blog\/wp-content\/uploads\/2024\/10\/cropped-cropped-escapada-rural-icon-mag-3.png","contentUrl":"https:\/\/www.escapadarural.com\/blog\/wp-content\/uploads\/2024\/10\/cropped-cropped-escapada-rural-icon-mag-3.png","width":512,"height":512,"caption":"EscapadaRural"},"image":{"@id":"https:\/\/www.escapadarural.com\/blog\/#\/schema\/logo\/image\/"},"sameAs":["https:\/\/www.facebook.com\/escapadarural","https:\/\/www.instagram.com\/escapadarural\/","https:\/\/www.youtube.com\/@escapadaruralcom"]},{"@type":"Person","@id":"https:\/\/www.escapadarural.com\/blog\/#\/schema\/person\/d9ee55ff3e0cef41d6eac8922b4f972c","name":"Escapada Rural","image":{"@type":"ImageObject","inLanguage":"es","@id":"https:\/\/www.escapadarural.com\/blog\/wp-content\/uploads\/2024\/10\/cropped-cropped-escapada-rural-icon-mag-3-96x96.png","url":"https:\/\/www.escapadarural.com\/blog\/wp-content\/uploads\/2024\/10\/cropped-cropped-escapada-rural-icon-mag-3-96x96.png","contentUrl":"https:\/\/www.escapadarural.com\/blog\/wp-content\/uploads\/2024\/10\/cropped-cropped-escapada-rural-icon-mag-3-96x96.png","caption":"Escapada Rural"},"sameAs":["https:\/\/www.facebook.com\/escapadarural","https:\/\/www.linkedin.com\/company\/escapada-rural\/?originalSubdomain=es","https:\/\/x.com\/https:\/\/x.com\/i\/flow\/login?redirect_after_login=escapadarural"],"url":"https:\/\/www.escapadarural.com\/blog\/autor\/user\/"}]}},"_links":{"self":[{"href":"https:\/\/www.escapadarural.com\/blog\/wp-json\/wp\/v2\/posts\/83287","targetHints":{"allow":["GET"]}}],"collection":[{"href":"https:\/\/www.escapadarural.com\/blog\/wp-json\/wp\/v2\/posts"}],"about":[{"href":"https:\/\/www.escapadarural.com\/blog\/wp-json\/wp\/v2\/types\/post"}],"author":[{"embeddable":true,"href":"https:\/\/www.escapadarural.com\/blog\/wp-json\/wp\/v2\/users\/136"}],"replies":[{"embeddable":true,"href":"https:\/\/www.escapadarural.com\/blog\/wp-json\/wp\/v2\/comments?post=83287"}],"version-history":[{"count":0,"href":"https:\/\/www.escapadarural.com\/blog\/wp-json\/wp\/v2\/posts\/83287\/revisions"}],"wp:featuredmedia":[{"embeddable":true,"href":"https:\/\/www.escapadarural.com\/blog\/wp-json\/wp\/v2\/media\/28023"}],"wp:attachment":[{"href":"https:\/\/www.escapadarural.com\/blog\/wp-json\/wp\/v2\/media?parent=83287"}],"wp:term":[{"taxonomy":"category","embeddable":true,"href":"https:\/\/www.escapadarural.com\/blog\/wp-json\/wp\/v2\/categories?post=83287"},{"taxonomy":"post_tag","embeddable":true,"href":"https:\/\/www.escapadarural.com\/blog\/wp-json\/wp\/v2\/tags?post=83287"}],"curies":[{"name":"wp","href":"https:\/\/api.w.org\/{rel}","templated":true}]}}