{"id":84017,"date":"2024-07-02T07:00:00","date_gmt":"2024-07-02T06:00:00","guid":{"rendered":"https:\/\/www.escapadarural.com\/blog\/?p=78394"},"modified":"2025-04-23T15:43:52","modified_gmt":"2025-04-23T13:43:52","slug":"festivales-de-verano-pueblos","status":"publish","type":"post","link":"https:\/\/www.escapadarural.com\/blog\/festivales-de-verano-pueblos\/","title":{"rendered":"Cinco festivales de verano en pueblos que luchan contra la despoblaci\u00f3n rural"},"content":{"rendered":"\n<figure class=\"wp-block-image size-full\"><a href=\"https:\/\/www.escapadarural.com\/blog\/wp-content\/uploads\/2024\/10\/Sinsal_2023_Sabado2_Olalla_LojoWP05.webp\"><img decoding=\"async\" src=\"https:\/\/www.escapadarural.com\/blog\/wp-content\/uploads\/2024\/10\/Sinsal_2023_Sabado2_Olalla_LojoWP05.webp\" alt=\"Imagen del festival de verano Sinsal, en la isla de San Sim\u00f3n (Pontevedra). Unos de los festivales que se celebran en pueblos de menos de 1.000 habitantes y que luchan contra la despoblaci\u00f3n rural.\" class=\"wp-image-78422\"\/><\/a><figcaption class=\"wp-element-caption\">Imagen del festival de verano Sinsal, en la isla de San Sim\u00f3n (Pontevedra). Por Olalla Lojo.<\/figcaption><\/figure>\n\n\n\n<p>Cuando se acerca el buen tiempo, llega la<strong> temporada de los festivales<\/strong>. Los festivaleros se frotan las manos ante una oferta de eventos musicales que en Espa\u00f1a es cada vez m\u00e1s amplia y diversa. El boom de los festivales de verano en los \u00faltimos a\u00f1os ha favorecido que surjan propuestas muy diversas, para todos los gustos. Hay donde elegir, el p\u00fablico lo agradece y responde.<\/p>\n\n\n\n<p>Por un lado, tenemos los macrofestivales, que se celebran en grandes recintos de grandes ciudades, con los grupos punteros del momento y decenas de miles de asistentes. Pero en el otro extremo, en Espa\u00f1a existe tambi\u00e9n un circuito de <strong>eventos musicales de formato m\u00e1s reducido<\/strong>, que apuestan por la diversidad y la calidad de sus propuestas, la sostenibilidad como bandera y el desarrollo rural como misi\u00f3n.<\/p>\n\n\n\n<p>Nuestra propuesta se enmarca en esta segunda categor\u00eda. Te presentamos <strong>cinco festivales de verano que se celebran en pueblos de 1.000 habitantes o menos<\/strong> y que tienen la lucha contra la despoblaci\u00f3n como uno de sus objetivos principales.&nbsp;<\/p>\n\n\n\n<div class=\"wp-block-buttons is-layout-flex wp-block-buttons-is-layout-flex\">\n<div class=\"wp-block-button\"><a class=\"wp-block-button__link wp-element-button\" href=\"\/casas-rurales\">Encuentra tu alojamiento en Escapada Rural<\/a><\/div>\n<\/div>\n\n\n\n<h2 class=\"wp-block-heading\" id=\"h-leturalma-el-festival-de-verano-de-letur-albacete-promovido-por-rozalen\"><strong>LeturAlma, el festival de verano de Letur (Albacete)<\/strong> promovido por Rozal\u00e9n<\/h2>\n\n\n\n<figure class=\"wp-block-image size-full\"><a href=\"https:\/\/www.escapadarural.com\/blog\/wp-content\/uploads\/2024\/10\/leturalma_WP07.webp\"><img decoding=\"async\" src=\"https:\/\/www.escapadarural.com\/blog\/wp-content\/uploads\/2024\/10\/leturalma_WP07.webp\" alt=\"Imagen del festival de verano Leturalma, en Letur (Albacete). Uno de los festivales que se celebran en pueblos de menos de 1.000 habitantes y que luchan contra la despoblaci\u00f3n rural.\" class=\"wp-image-78707\"\/><\/a><figcaption class=\"wp-element-caption\">Imagen del festival de verano Leturalma, en Letur (Albacete). Por Chema Morag\u00f3n (imagen cortes\u00eda de LeturAlma).<\/figcaption><\/figure>\n\n\n\n<p>\u2018El festival m\u00e1s bonico del verano\u2019. As\u00ed se autodefine el <strong>LeturAlma, el festival que la artista Rozal\u00e9n impulsa<\/strong> cada a\u00f1o en su pueblo natal, <a href=\"\/casas-rurales\/letur\">Letur<\/a>. La localidad, en la provincia de Albacete, tiene censados poco m\u00e1s de 900 habitantes. El evento atrae m\u00e1s personas en cada edici\u00f3n y el pasado verano logr\u00f3 colgar el cartel de <em>sold out<\/em> en hoteles, casas rurales, restaurantes y dem\u00e1s negocios tur\u00edsticos de la comarca de la Sierra del Segura, con alrededor de 24.000 asistentes en los tres d\u00edas que dura el festival.<\/p>\n\n\n\n<p>LeturAlma naci\u00f3 con el objetivo de luchar contra la despoblaci\u00f3n rural y de conservar la identidad propia de los pueblos de la comarca. Para ello organiza y promueve un fin de semana repleto de talleres y actividades culturales para toda la familia: teatro, mercadillos, clases de baile, animaci\u00f3n\u2026 La zona cuenta con numerosos atractivos que explorar y opciones de turismo rural. Y, por supuesto, el festival ofrece un cartel musical de primer orden, encabezado por la artista local m\u00e1s reconocida: Rozal\u00e9n.<\/p>\n\n\n<div style=\"background-color: #dff0d8; color: #3c763d; border-left-color: #3c763d; \" class=\"ub-styled-box ub-notification-box wp-block-ub-styled-box\" id=\"ub-styled-box-c158fd38-6934-4db1-91cf-1007ebe4ae2d\">\n<h2 style=\"text-align: center;font-size: 21px;letter-spacing: 0px;text-transform: None;font-family: u0022PT Serifu0022, serif;font-weight: Normal;line-height: 31px\" class=\"ub_advanced_heading wp-block-ub-advanced-heading\" id=\"ub-advanced-heading-341a7afe-40fb-4fee-b059-d0e8577dec9f\" data-blockid=\"341a7afe-40fb-4fee-b059-d0e8577dec9f\"><\/h2>\n\n\n<p class=\"has-text-align-center\"><strong>D\u00f3nde:<\/strong> Letur, Albacete (<a href=\"https:\/\/maps.app.goo.gl\/aaPaCDXLAQqMPDKV8\" target=\"_blank\" rel=\"noreferrer noopener nofollow\">google maps<\/a>)<\/p>\n\n\n\n<p class=\"has-text-align-center\"><strong>Cu\u00e1ndo:<\/strong> del 18 al 20 de julio<\/p>\n\n\n\n<p class=\"has-text-align-center\"><strong>M\u00e1s informaci\u00f3n y entradas:<\/strong> <a href=\"http:\/\/leturalma.es\" target=\"_blank\" rel=\"noreferrer noopener nofollow\">leturalma.es<\/a>\u00a0<\/p>\n\n\n<\/div>\n\n\n<h2 class=\"wp-block-heading\" id=\"h-reggaeboa-el-festival-de-reggae-de-balboa-leon\"><strong>Reggaeboa, el festival de reggae de Balboa (Le\u00f3n)<\/strong><\/h2>\n\n\n\n<figure class=\"wp-block-image size-full\"><a href=\"https:\/\/www.escapadarural.com\/blog\/wp-content\/uploads\/2024\/10\/Reggaeboa1WP02.webp\"><img decoding=\"async\" src=\"https:\/\/www.escapadarural.com\/blog\/wp-content\/uploads\/2024\/10\/Reggaeboa1WP02.webp\" alt=\"Imagen del festival Reggaaeboa, en Balboa (Le\u00f3n). Uno de los festivales que se celebran en pueblos de menos de 1.000 habitantes y que luchan contra la despoblaci\u00f3n rural.\" class=\"wp-image-78424\"\/><\/a><figcaption class=\"wp-element-caption\">Imagen del festival Reggaaeboa, en Balboa (Le\u00f3n). Imagen cortes\u00eda de Reggaeboa.<\/figcaption><\/figure>\n\n\n\n<p>Los amantes del <strong>reggae y de otros subg\u00e9neros musicales con ra\u00edces jamaicanas<\/strong> tienen una cita anual ineludible: el festival Reggaeboa. El evento se celebra en la peque\u00f1a y pintoresca localidad de <a href=\"\/casas-rurales\/balboa\">Balboa<\/a>, en la provincia de Le\u00f3n, situada en un entorno natural espectacular que permite a los asistentes huir del bullicio y sentirse en contacto con la <strong>Madre Tierra<\/strong>. El festival tambi\u00e9n hace una decidida apuesta por la sostenibilidad y la convivencia, con una<strong> aforo limitado <\/strong>a menos de 2.000 personas en un pueblo de apenas 300 habitantes.<\/p>\n\n\n\n<p>As\u00ed, la comarca de <a href=\"\/casas-rurales\/el-bierzo\">El Bierzo<\/a> acoge cada verano a numerosos artistas de nivel internacional en el <strong>escenario de su festival, que est\u00e1 enclavado en la roca<\/strong> y presidido por dos enormes troncos de casta\u00f1o que sujetan el techo. El Reggaeboa suele agotar sus entradas, con p\u00fablico de procedencia muy diversa. El festival, que cumplir\u00e1 ya su <strong>d\u00e9cimo tercera edici\u00f3n<\/strong> este verano, ha conseguido consolidarse en el mapa europeo de festivales del g\u00e9nero y, a su vez, est\u00e1 contribuyendo a promocionar Balboa como un atractivo destino de turismo rural.<\/p>\n\n\n<div style=\"background-color: #dff0d8; color: #3c763d; border-left-color: #3c763d; \" class=\"ub-styled-box ub-notification-box wp-block-ub-styled-box\" id=\"ub-styled-box-d771daad-6b1c-42bc-be00-38bea17fe7e4\">\n<h2 style=\"text-align: center;font-size: 21px;letter-spacing: 0px;text-transform: None;font-family: u0022PT Serifu0022, serif;font-weight: Normal;line-height: 31px\" class=\"ub_advanced_heading wp-block-ub-advanced-heading\" id=\"ub-advanced-heading-cc40030f-97f5-457b-b032-1493e60f4e9a\" data-blockid=\"cc40030f-97f5-457b-b032-1493e60f4e9a\"><\/h2>\n\n\n<p class=\"has-text-align-center\"><strong>D\u00f3nde:<\/strong> Balboa, Le\u00f3n (<a href=\"https:\/\/maps.app.goo.gl\/eRierMqqGXs1FRoJA\" target=\"_blank\" rel=\"noreferrer noopener nofollow\">google maps<\/a>)<\/p>\n\n\n\n<p class=\"has-text-align-center\"><strong>Cu\u00e1ndo:<\/strong> del 26 al 28 de julio<\/p>\n\n\n\n<p class=\"has-text-align-center\"><strong>M\u00e1s informaci\u00f3n y entradas:<\/strong> <a href=\"http:\/\/reggaeboa.com\" target=\"_blank\" rel=\"noreferrer noopener nofollow\">reggaeboa.com<\/a>\u00a0<\/p>\n\n\n<\/div>\n\n\n<h2 class=\"wp-block-heading\" id=\"h-festival-sinsal-cartel-sorpresa-en-la-isla-deshabitada-de-san-simon-pontevedra\"><strong>Festival Sinsal: cartel sorpresa en la isla deshabitada de San Sim\u00f3n (Pontevedra)<\/strong><\/h2>\n\n\n\n<figure class=\"wp-block-image size-full\"><a href=\"https:\/\/www.escapadarural.com\/blog\/wp-content\/uploads\/2024\/10\/Sinsal_sabado_Olalla_Lojo_2_2023_96_WP02.webp\"><img decoding=\"async\" src=\"https:\/\/www.escapadarural.com\/blog\/wp-content\/uploads\/2024\/10\/Sinsal_sabado_Olalla_Lojo_2_2023_96_WP02.webp\" alt=\"Imagen del festival de verano Sinsal, en la isla de San Sim\u00f3n (Pontevedra). Uno de los festivales que se celebran en pueblos de menos de 1.000 habitantes y que luchan contra la despoblaci\u00f3n rural.\" class=\"wp-image-78439\"\/><\/a><figcaption class=\"wp-element-caption\">Imagen del festival de verano Sinsal, en la isla de San Sim\u00f3n (Pontevedra). Por Olalla Lojo.<\/figcaption><\/figure>\n\n\n\n<p>Uno de los eventos sonoros m\u00e1s cuidados del panorama nacional, <strong>organizado desde un punto de vista diferente, es el festival Sinsal<\/strong>, que se celebra en la isla de San Sim\u00f3n, en la <a href=\"\/casas-rurales\/ria-de-vigo-e-baixo-mino\">R\u00eda de Vigo<\/a>. La principal singularidad de este festival es que su cartel, que propone una muestra de arte contempor\u00e1neo encabezada por la m\u00fasica,<strong> se mantiene en secreto hasta que los espectadores desembarcan en la isla<\/strong>. La asistencia es limitada, ya que solo acoge a 800 personas por d\u00eda. Las entradas suelen agotarse nada m\u00e1s salir a la venta.&nbsp;<\/p>\n\n\n\n<p>El archipi\u00e9lago de San Sim\u00f3n, que pertenece al municipio de <a href=\"\/casas-rurales\/redondela\">Redondela<\/a> y se encuentra actualmente deshabitado, est\u00e1 declarado <strong>Bien de Inter\u00e9s Cultural<\/strong>. Durante el festival se organizan distintas actividades para dar a conocer su patrimonio hist\u00f3rico, cultural y natural. Otra de las se\u00f1as de identidad del festival es la <strong>sostenibilidad y la concienciaci\u00f3n medioambiental<\/strong>, con diversas iniciativas para generar un impacto ambiental nulo que le han valido premios y distinciones. Este a\u00f1o, la organizaci\u00f3n ha avanzado un paso m\u00e1s, poniendo en marcha una iniciativa que promueve la autogesti\u00f3n de los residuos que generan los asistentes al festival.<\/p>\n\n\n<div style=\"background-color: #dff0d8; color: #3c763d; border-left-color: #3c763d; \" class=\"ub-styled-box ub-notification-box wp-block-ub-styled-box\" id=\"ub-styled-box-94e91822-a2ea-47f8-85b5-95b4ef774b2a\">\n<h2 style=\"text-align: center;font-size: 21px;letter-spacing: 0px;text-transform: None;font-family: u0022PT Serifu0022, serif;font-weight: Normal;line-height: 31px\" class=\"ub_advanced_heading wp-block-ub-advanced-heading\" id=\"ub-advanced-heading-1334c315-f8fa-45a8-a7fa-4e408b8a7e8b\" data-blockid=\"1334c315-f8fa-45a8-a7fa-4e408b8a7e8b\"><\/h2>\n\n\n<p class=\"has-text-align-center\"><strong>D\u00f3nde:<\/strong> Isla de San Sim\u00f3n, Pontevedra (<a href=\"https:\/\/maps.app.goo.gl\/SMAWzNzNs8pM7DCD7\" target=\"_blank\" rel=\"noreferrer noopener nofollow\">google maps<\/a>)<\/p>\n\n\n\n<p class=\"has-text-align-center\"><strong>Cu\u00e1ndo:<\/strong> del 26 al 28 de julio<\/p>\n\n\n\n<p class=\"has-text-align-center\"><strong>M\u00e1s informaci\u00f3n y entradas:<\/strong> <a href=\"http:\/\/reggaeboa.com\/\" target=\"_blank\" rel=\"noreferrer noopener nofollow\"><\/a><a href=\"http:\/\/festival.sins.al\/es\" target=\"_blank\" rel=\"noreferrer noopener nofollow\">festival.sins.al<\/a><\/p>\n\n\n<\/div>\n\n\n<h2 class=\"wp-block-heading\" id=\"h-brizna-en-ayerbe-huesca-uno-de-los-festivales-de-verano-que-no-paran-de-crecer\"><strong>Brizna, en Ayerbe (Huesca): uno de los festivales de verano que no paran de crecer<\/strong><\/h2>\n\n\n\n<figure class=\"wp-block-image size-full\"><a href=\"https:\/\/www.escapadarural.com\/blog\/wp-content\/uploads\/2024\/10\/brizna_200821_176_WP01.webp\"><img decoding=\"async\" src=\"https:\/\/www.escapadarural.com\/blog\/wp-content\/uploads\/2024\/10\/brizna_200821_176_WP01.webp\" alt=\"Imagen del festival Brizna, en Ayerbe (Huesca). Uno de los festivales que se celebran en pueblos de menos de 1.000 habitantes y que luchan contra la despoblaci\u00f3n rural.\" class=\"wp-image-78440\"\/><\/a><figcaption class=\"wp-element-caption\">Imagen del festival Brizna, en Ayerbe (Huesca). Por Santa M\u00f3nica Films.<\/figcaption><\/figure>\n\n\n\n<p>El precioso pueblo oscense de <a href=\"\/casas-rurales\/ayerbe\">Ayerbe<\/a>, que supera por muy poco el millar de habitantes, acoge un festival que en poco tiempo ha logrado consolidarse como referencia de los eventos musicales del medio rural. Se trata del <strong>Brizna, el festival de las artes de Ayerbe<\/strong>, que ofrece una propuesta de muestras art\u00edsticas diversas dirigida a un<strong> p\u00fablico multigeneracional<\/strong>, encabezada por un cartel musical de primera calidad.<\/p>\n\n\n\n<p>Desde su puesta en marcha en el 2021, el proyecto que acoge este peque\u00f1o pueblo de la <a href=\"\/casas-rurales\/hoya-de-huesca\">Hoya de Huesca<\/a> ha tenido una gran acogida y no ha parado de crecer. De 2.000 asistentes en su edici\u00f3n inicial, pas\u00f3 a 3.000 en la siguiente y a 7.000 en la \u00faltima. De hecho, para la edici\u00f3n de este a\u00f1o, la organizaci\u00f3n se ha visto obligada a redise\u00f1ar el espacio, que consiste en un <strong>recinto amurallado con pacas de paja<\/strong>. Todo un s\u00edmbolo de \u201creivindicaci\u00f3n de la cultura\u201d para \u201cvisibilizar y potenciar el crecimiento del entorno\u201d, de una manera \u201csostenible, igualitaria y ecol\u00f3gica\u201d, como propugna la organizaci\u00f3n.<\/p>\n\n\n<div style=\"background-color: #dff0d8; color: #3c763d; border-left-color: #3c763d; \" class=\"ub-styled-box ub-notification-box wp-block-ub-styled-box\" id=\"ub-styled-box-180bd436-cc46-49b3-bfed-6820c71b9d37\">\n<h2 style=\"text-align: center;font-size: 21px;letter-spacing: 0px;text-transform: None;font-family: u0022PT Serifu0022, serif;font-weight: Normal;line-height: 31px\" class=\"ub_advanced_heading wp-block-ub-advanced-heading\" id=\"ub-advanced-heading-bc001959-1c22-43fc-af8d-b9d0251fc32a\" data-blockid=\"bc001959-1c22-43fc-af8d-b9d0251fc32a\"><\/h2>\n\n\n<p class=\"has-text-align-center\"><strong>D\u00f3nde:<\/strong> Ayerbe, Huesca (<a href=\"https:\/\/maps.app.goo.gl\/1z8U1ZYpThWJ9twV6\" target=\"_blank\" rel=\"noreferrer noopener nofollow\">google maps<\/a>)<\/p>\n\n\n\n<p class=\"has-text-align-center\"><strong>Cu\u00e1ndo:<\/strong> del 2 al 4 de agosto<\/p>\n\n\n\n<p class=\"has-text-align-center\"><strong>M\u00e1s informaci\u00f3n y entradas:<\/strong> <a href=\"http:\/\/briznafestival.com\" target=\"_blank\" rel=\"noreferrer noopener nofollow\">briznafestival.com<\/a><\/p>\n\n\n<\/div>\n\n\n<h2 class=\"wp-block-heading\" id=\"h-sierra-sonora-el-festival-rural-de-viniegra-de-abajo-la-rioja\"><strong>Sierra Sonora, el festival rural de Viniegra de Abajo (La Rioja)<\/strong><\/h2>\n\n\n\n<figure class=\"wp-block-image size-full\"><a href=\"https:\/\/www.escapadarural.com\/blog\/wp-content\/uploads\/2024\/10\/SierraSonora-145WP03.webp\"><img decoding=\"async\" src=\"https:\/\/www.escapadarural.com\/blog\/wp-content\/uploads\/2024\/10\/SierraSonora-145WP03.webp\" alt=\"Imagen del festival de verano Sierra Sonora, en Viniegra de Abajo (La Rioja). Uno de los festivales que se celebran en pueblos de menos de 1.000 habitantes y que luchan contra la despoblaci\u00f3n rural.\" class=\"wp-image-78428\"\/><\/a><figcaption class=\"wp-element-caption\">Imagen del festival de verano Sierra Sonora, en Viniegra de Abajo (La Rioja). Imagen cortes\u00eda de Sierra Sonora.<\/figcaption><\/figure>\n\n\n\n<p>La \u00faltima parada de nuestro particular circuito festivalero nos lleva hasta <a href=\"\/casas-rurales\/viniegra-de-abajo\">Viniegra de Abajo<\/a>, en La Rioja. Este pintoresco <strong>pueblo a caballo entre tres provincias (La Rioja, Soria y Burgos)<\/strong>, cuyo censo no alcanza los 100 habitantes, organiza el festival Sierra Sonora. Una cita consolidada ya en el calendario cultural despu\u00e9s de cuatro a\u00f1os y 13 ediciones, ya que celebra <strong>una edici\u00f3n en cada estaci\u00f3n del a\u00f1o<\/strong>. La de verano se desarrolla a principios de agosto.<\/p>\n\n\n\n<p>El festival propone distintas iniciativas culturales a lo largo del fin de semana, siempre con la m\u00fasica como cabeza de cartel. Sus<strong> premisas ineludibles son el respeto a la naturaleza y la lucha contra la despoblaci\u00f3n<\/strong>. Viniegra de Abajo es un pueblo de la <a href=\"\/casas-rurales\/valle-del-najerilla\">comarca del Alto Najerilla<\/a> que tiene mucho encanto, un entorno m\u00e1gico y una espectacular gastronom\u00eda, a la que el evento otorga tambi\u00e9n un papel muy destacado en su propuesta.&nbsp;<\/p>\n\n\n<div style=\"background-color: #dff0d8; color: #3c763d; border-left-color: #3c763d; \" class=\"ub-styled-box ub-notification-box wp-block-ub-styled-box\" id=\"ub-styled-box-530cca73-c611-4c73-9911-67e578f49d2a\">\n<h2 style=\"text-align: center;font-size: 21px;letter-spacing: 0px;text-transform: None;font-family: u0022PT Serifu0022, serif;font-weight: Normal;line-height: 31px\" class=\"ub_advanced_heading wp-block-ub-advanced-heading\" id=\"ub-advanced-heading-bb827c8a-3801-48e6-befd-307fc2ffc008\" data-blockid=\"bb827c8a-3801-48e6-befd-307fc2ffc008\"><\/h2>\n\n\n<p class=\"has-text-align-center\"><strong>D\u00f3nde:<\/strong> Viniegra de Abajo, La Rioja (<a href=\"https:\/\/maps.app.goo.gl\/waL7YWJYkoikQEQF7\" target=\"_blank\" rel=\"noreferrer noopener nofollow\">google maps<\/a>)<\/p>\n\n\n\n<p class=\"has-text-align-center\"><strong>Cu\u00e1ndo:<\/strong> del 8 al 10 de agosto<\/p>\n\n\n\n<p class=\"has-text-align-center\"><strong>M\u00e1s informaci\u00f3n y entradas:<\/strong> <a href=\"http:\/\/sierrasonora.es\" target=\"_blank\" rel=\"noreferrer noopener nofollow\">sierrasonora.es<\/a><\/p>\n\n\n<\/div>\n\n\n<h2 class=\"wp-block-heading\" id=\"h-mas-sobre-la-despoblacion-en-espana\">M\u00e1s sobre la despoblaci\u00f3n en Espa\u00f1a<\/h2>\n\n\n<section class=\"wp-block-ub-post-grid ub-block-post-grid align  is-equal-height preserve-post-image-aspect-ratio\" style=\"\" id=\"ub-post-grid-\"><div class=\"ub-post-grid-items is-list\" style=\"row-gap: 32px; column-gap: 32px; \"><article id=\"post-83824\" class=\"ub-post-grid-item post-83824 post type-post status-publish format-standard has-post-thumbnail hentry category-destinos tag-aragon tag-despoblacion tag-embalse-de-yesa tag-familia tag-que-ver-en-navarra tag-pantano-de-yesa tag-pareja tag-termas tag-termas-romanas tag-tiermas tag-yesa tag-que-ver-en-zaragoza\" style=\"\"><div class=\"ub-block-post-grid-image\" style=\"\"><a href=\"https:\/\/www.escapadarural.com\/blog\/termas-romanas-pantano-de-yesa\/\" rel=\"bookmark\" aria-hidden=\"true\" tabindex=\"-1\"><img loading=\"lazy\" decoding=\"async\" width=\"1024\" height=\"683\" src=\"https:\/\/www.escapadarural.com\/blog\/wp-content\/uploads\/2024\/11\/AdobeStock_294177345-1024x683-2-1.jpeg\" class=\"attachment-full size-full\" alt=\"Personas ba\u00f1\u00e1ndose en el spa natural de Tiermas, en el embalse de Yesa.\" style=\"max-width: 600px; \" srcset=\"https:\/\/www.escapadarural.com\/blog\/wp-content\/uploads\/2024\/11\/AdobeStock_294177345-1024x683-2-1-200x133.jpeg 200w, https:\/\/www.escapadarural.com\/blog\/wp-content\/uploads\/2024\/11\/AdobeStock_294177345-1024x683-2-1-300x200.jpeg 300w, https:\/\/www.escapadarural.com\/blog\/wp-content\/uploads\/2024\/11\/AdobeStock_294177345-1024x683-2-1-400x267.jpeg 400w, https:\/\/www.escapadarural.com\/blog\/wp-content\/uploads\/2024\/11\/AdobeStock_294177345-1024x683-2-1-600x400.jpeg 600w, https:\/\/www.escapadarural.com\/blog\/wp-content\/uploads\/2024\/11\/AdobeStock_294177345-1024x683-2-1-768x512.jpeg 768w, https:\/\/www.escapadarural.com\/blog\/wp-content\/uploads\/2024\/11\/AdobeStock_294177345-1024x683-2-1-800x534.jpeg 800w, https:\/\/www.escapadarural.com\/blog\/wp-content\/uploads\/2024\/11\/AdobeStock_294177345-1024x683-2-1.jpeg 1024w\" sizes=\"auto, (max-width: 1024px) 100vw, 1024px\"><\/a><\/div><div class=\"ub-block-post-grid-text\" style=\"\"><div class=\"ub-block-post-grid-header-content\"><header class=\"ub-block-post-grid-header\"><h3 class=\"ub-block-post-grid-title\"><a style=\"\" href=\"https:\/\/www.escapadarural.com\/blog\/termas-romanas-pantano-de-yesa\/\" rel=\"bookmark\">Las termas romanas que emergen cuando baja el agua del pantano de Yesa<\/a><\/h3><div class=\"ub-block-post-grid-author\" itemprop=\"author\"><a class=\"ub-text-link\" style=\"\" href=\"https:\/\/www.escapadarural.com\/blog\/autor\/raquel\/\" itemprop=\"url\" rel=\"author\"><span itemprop=\"name\">Raquel Andr\u00e9s<\/span><\/a><\/div><time datetime=\"2026-01-16T10:36:59+01:00\" class=\"ub-block-post-grid-date\" style=\"\" itemprop=\"datePublished\">16 de enero de 2026<\/time><\/header><\/div><div class=\"ub-block-post-grid-excerpt\"><div class=\"ub-block-post-grid-excerpt-text\" style=\"\"><p>Cada a\u00f1o, cuando baja el agua, afloran antiguas termas romanas en el pueblo abandonado de Tiermas, en el pantano de Yesa<\/p>\n<\/div><\/div><\/div><\/article>\n<article id=\"post-200840\" class=\"ub-post-grid-item post-200840 post type-post status-publish format-standard has-post-thumbnail hentry category-arte-y-cultura tag-andalucia tag-que-ver-en-cadiz tag-circo tag-circolivo tag-despoblacion tag-prado-del-rey tag-sierra-de-cadiz\" style=\"\"><div class=\"ub-block-post-grid-image\" style=\"\"><a href=\"https:\/\/www.escapadarural.com\/blog\/circolivo-circo-sierra-de-cadiz\/\" rel=\"bookmark\" aria-hidden=\"true\" tabindex=\"-1\"><img loading=\"lazy\" decoding=\"async\" width=\"1600\" height=\"900\" src=\"https:\/\/www.escapadarural.com\/blog\/wp-content\/uploads\/2025\/05\/WhatsApp-Image-2025-05-15-at-13.58.01.jpeg\" class=\"attachment-full size-full\" alt=\"Taller de circo para adultos. Foto cedida por Circolivo\" style=\"max-width: 600px; \" srcset=\"https:\/\/www.escapadarural.com\/blog\/wp-content\/uploads\/2025\/05\/WhatsApp-Image-2025-05-15-at-13.58.01-200x113.jpeg 200w, https:\/\/www.escapadarural.com\/blog\/wp-content\/uploads\/2025\/05\/WhatsApp-Image-2025-05-15-at-13.58.01-300x169.jpeg 300w, https:\/\/www.escapadarural.com\/blog\/wp-content\/uploads\/2025\/05\/WhatsApp-Image-2025-05-15-at-13.58.01-400x225.jpeg 400w, https:\/\/www.escapadarural.com\/blog\/wp-content\/uploads\/2025\/05\/WhatsApp-Image-2025-05-15-at-13.58.01-600x338.jpeg 600w, https:\/\/www.escapadarural.com\/blog\/wp-content\/uploads\/2025\/05\/WhatsApp-Image-2025-05-15-at-13.58.01-768x432.jpeg 768w, https:\/\/www.escapadarural.com\/blog\/wp-content\/uploads\/2025\/05\/WhatsApp-Image-2025-05-15-at-13.58.01-800x450.jpeg 800w, https:\/\/www.escapadarural.com\/blog\/wp-content\/uploads\/2025\/05\/WhatsApp-Image-2025-05-15-at-13.58.01-1024x576.jpeg 1024w, https:\/\/www.escapadarural.com\/blog\/wp-content\/uploads\/2025\/05\/WhatsApp-Image-2025-05-15-at-13.58.01-1200x675.jpeg 1200w, https:\/\/www.escapadarural.com\/blog\/wp-content\/uploads\/2025\/05\/WhatsApp-Image-2025-05-15-at-13.58.01-1536x864.jpeg 1536w, https:\/\/www.escapadarural.com\/blog\/wp-content\/uploads\/2025\/05\/WhatsApp-Image-2025-05-15-at-13.58.01.jpeg 1600w\" sizes=\"auto, (max-width: 1600px) 100vw, 1600px\"><\/a><\/div><div class=\"ub-block-post-grid-text\" style=\"\"><div class=\"ub-block-post-grid-header-content\"><header class=\"ub-block-post-grid-header\"><h3 class=\"ub-block-post-grid-title\"><a style=\"\" href=\"https:\/\/www.escapadarural.com\/blog\/circolivo-circo-sierra-de-cadiz\/\" rel=\"bookmark\">Circolivo, la escuela de circo que fija poblaci\u00f3n en la sierra de C\u00e1diz<\/a><\/h3><div class=\"ub-block-post-grid-author\" itemprop=\"author\"><a class=\"ub-text-link\" style=\"\" href=\"https:\/\/www.escapadarural.com\/blog\/autor\/raquel\/\" itemprop=\"url\" rel=\"author\"><span itemprop=\"name\">Raquel Andr\u00e9s<\/span><\/a><\/div><time datetime=\"2025-06-05T08:00:00+02:00\" class=\"ub-block-post-grid-date\" style=\"\" itemprop=\"datePublished\">5 de junio de 2025<\/time><\/header><\/div><div class=\"ub-block-post-grid-excerpt\"><div class=\"ub-block-post-grid-excerpt-text\" style=\"\"><p>Circolivo es un proyecto de circo social y rural con \u00e9xito en Prado del Rey que busca llevar el arte m\u00e1s all\u00e1 de las ciudades<\/p>\n<\/div><\/div><\/div><\/article>\n<article id=\"post-188612\" class=\"ub-post-grid-item post-188612 post type-post status-publish format-standard has-post-thumbnail hentry category-destinos tag-que-ver-en-alicante tag-que-ver-en-la-comunidad-valenciana tag-despoblacion tag-gastronomia tag-salinas\" style=\"\"><div class=\"ub-block-post-grid-image\" style=\"\"><a href=\"https:\/\/www.escapadarural.com\/blog\/salinas-crea-un-tinder-local\/\" rel=\"bookmark\" aria-hidden=\"true\" tabindex=\"-1\"><img loading=\"lazy\" decoding=\"async\" width=\"1024\" height=\"768\" src=\"https:\/\/www.escapadarural.com\/blog\/wp-content\/uploads\/2025\/01\/img_7766_WP_10.webp\" class=\"attachment-full size-full\" alt=\"Mariachis durante la 7\u00aa ruta de las tapas en Salinas (Alicante). Por Ayuntamiento de Salinas\" style=\"max-width: 600px; \" srcset=\"https:\/\/www.escapadarural.com\/blog\/wp-content\/uploads\/2025\/01\/img_7766_WP_10-200x150.webp 200w, https:\/\/www.escapadarural.com\/blog\/wp-content\/uploads\/2025\/01\/img_7766_WP_10-300x225.webp 300w, https:\/\/www.escapadarural.com\/blog\/wp-content\/uploads\/2025\/01\/img_7766_WP_10-400x300.webp 400w, https:\/\/www.escapadarural.com\/blog\/wp-content\/uploads\/2025\/01\/img_7766_WP_10-600x450.webp 600w, https:\/\/www.escapadarural.com\/blog\/wp-content\/uploads\/2025\/01\/img_7766_WP_10-768x576.webp 768w, https:\/\/www.escapadarural.com\/blog\/wp-content\/uploads\/2025\/01\/img_7766_WP_10-800x600.webp 800w, https:\/\/www.escapadarural.com\/blog\/wp-content\/uploads\/2025\/01\/img_7766_WP_10.webp 1024w\" sizes=\"auto, (max-width: 1024px) 100vw, 1024px\"><\/a><\/div><div class=\"ub-block-post-grid-text\" style=\"\"><div class=\"ub-block-post-grid-header-content\"><header class=\"ub-block-post-grid-header\"><h3 class=\"ub-block-post-grid-title\"><a style=\"\" href=\"https:\/\/www.escapadarural.com\/blog\/salinas-crea-un-tinder-local\/\" rel=\"bookmark\">IA, tapas y amor, Salinas repite su Tinder local contra la despoblaci\u00f3n<\/a><\/h3><div class=\"ub-block-post-grid-author\" itemprop=\"author\"><a class=\"ub-text-link\" style=\"\" href=\"https:\/\/www.escapadarural.com\/blog\/autor\/veronica-gomez\/\" itemprop=\"url\" rel=\"author\"><span itemprop=\"name\">Ver\u00f3nica G\u00f3mez<\/span><\/a><\/div><time datetime=\"2025-03-21T08:00:00+01:00\" class=\"ub-block-post-grid-date\" style=\"\" itemprop=\"datePublished\">21 de marzo de 2025<\/time><\/header><\/div><div class=\"ub-block-post-grid-excerpt\"><div class=\"ub-block-post-grid-excerpt-text\" style=\"\"><p>Salinas (Alicante) apuesta por la innovaci\u00f3n y la tecnolog\u00eda para luchar contra la despoblaci\u00f3n. Us\u00f3 la IA para crear un Tinder local.<\/p>\n<\/div><\/div><\/div><\/article>\n<article id=\"post-82215\" class=\"ub-post-grid-item post-82215 post type-post status-publish format-standard has-post-thumbnail hentry category-destinos tag-caneto tag-despoblacion tag-escuela-rural tag-familia tag-que-ver-en-huesca tag-valle-de-fueva\" style=\"\"><div class=\"ub-block-post-grid-image\" style=\"\"><a href=\"https:\/\/www.escapadarural.com\/blog\/pulso-a-la-despoblacion-en-la-fueva\/\" rel=\"bookmark\" aria-hidden=\"true\" tabindex=\"-1\"><img loading=\"lazy\" decoding=\"async\" width=\"1024\" height=\"683\" src=\"https:\/\/www.escapadarural.com\/blog\/wp-content\/uploads\/2024\/10\/adobestock_396545254_WP_01-8.webp\" class=\"attachment-full size-full\" alt=\"Un r\u00edo de color turquesa serpentea por un ca\u00f1\u00f3n escarpado y rocoso con escarpados acantilados y una exuberante vegetaci\u00f3n verde bajo un cielo despejado. El agua refleja las paredes del ca\u00f1\u00f3n, creando un paisaje tranquilo y pintoresco.\" style=\"max-width: 600px; \" srcset=\"https:\/\/www.escapadarural.com\/blog\/wp-content\/uploads\/2024\/10\/adobestock_396545254_WP_01-8-200x133.webp 200w, https:\/\/www.escapadarural.com\/blog\/wp-content\/uploads\/2024\/10\/adobestock_396545254_WP_01-8-300x200.webp 300w, https:\/\/www.escapadarural.com\/blog\/wp-content\/uploads\/2024\/10\/adobestock_396545254_WP_01-8-400x267.webp 400w, https:\/\/www.escapadarural.com\/blog\/wp-content\/uploads\/2024\/10\/adobestock_396545254_WP_01-8-600x400.webp 600w, https:\/\/www.escapadarural.com\/blog\/wp-content\/uploads\/2024\/10\/adobestock_396545254_WP_01-8-768x512.webp 768w, https:\/\/www.escapadarural.com\/blog\/wp-content\/uploads\/2024\/10\/adobestock_396545254_WP_01-8-800x534.webp 800w, https:\/\/www.escapadarural.com\/blog\/wp-content\/uploads\/2024\/10\/adobestock_396545254_WP_01-8.webp 1024w\" sizes=\"auto, (max-width: 1024px) 100vw, 1024px\"><\/a><\/div><div class=\"ub-block-post-grid-text\" style=\"\"><div class=\"ub-block-post-grid-header-content\"><header class=\"ub-block-post-grid-header\"><h3 class=\"ub-block-post-grid-title\"><a style=\"\" href=\"https:\/\/www.escapadarural.com\/blog\/pulso-a-la-despoblacion-en-la-fueva\/\" rel=\"bookmark\">Pulso a la despoblaci\u00f3n: este para\u00edso rural salva \u2018in extremis\u2019 una de sus escuelas<\/a><\/h3><div class=\"ub-block-post-grid-author\" itemprop=\"author\"><a class=\"ub-text-link\" style=\"\" href=\"https:\/\/www.escapadarural.com\/blog\/autor\/veronica-gomez\/\" itemprop=\"url\" rel=\"author\"><span itemprop=\"name\">Ver\u00f3nica G\u00f3mez<\/span><\/a><\/div><time datetime=\"2024-09-21T08:00:00+02:00\" class=\"ub-block-post-grid-date\" style=\"\" itemprop=\"datePublished\">21 de septiembre de 2024<\/time><\/header><\/div><div class=\"ub-block-post-grid-excerpt\"><div class=\"ub-block-post-grid-excerpt-text\" style=\"\"><p>El Valle de Fueva (Huesca) es un para\u00edso rural que acoge m\u00e1s de 25 n\u00facleos habitados. Uno de ellos Caneto, donde varias familias han echado un pulso a la despoblaci\u00f3n salvando in extremis su escuela.<\/p>\n<\/div><\/div><\/div><\/article>\n<article id=\"post-84020\" class=\"ub-post-grid-item post-84020 post type-post status-publish format-standard has-post-thumbnail hentry category-arte-y-cultura tag-aula-rural tag-que-ver-en-castilla-la-mancha tag-despoblacion tag-espana-vacia tag-que-ver-en-guadalajara tag-historias-y-curiosidades tag-pueblos-negros tag-umbralejo\" style=\"\"><div class=\"ub-block-post-grid-image\" style=\"\"><a href=\"https:\/\/www.escapadarural.com\/blog\/umbralejo-aula-rural-en-guadalajara\/\" rel=\"bookmark\" aria-hidden=\"true\" tabindex=\"-1\"><img loading=\"lazy\" decoding=\"async\" width=\"2048\" height=\"1366\" src=\"https:\/\/www.escapadarural.com\/blog\/wp-content\/uploads\/2024\/03\/umbralejo-scaled-1.jpg\" class=\"attachment-full size-full\" alt=\"Umbralejo. Por Ricardo Ferrando\" style=\"max-width: 600px; \" srcset=\"https:\/\/www.escapadarural.com\/blog\/wp-content\/uploads\/2024\/03\/umbralejo-scaled-1-200x133.jpg 200w, https:\/\/www.escapadarural.com\/blog\/wp-content\/uploads\/2024\/03\/umbralejo-scaled-1-300x200.jpg 300w, https:\/\/www.escapadarural.com\/blog\/wp-content\/uploads\/2024\/03\/umbralejo-scaled-1-400x267.jpg 400w, https:\/\/www.escapadarural.com\/blog\/wp-content\/uploads\/2024\/03\/umbralejo-scaled-1-600x400.jpg 600w, https:\/\/www.escapadarural.com\/blog\/wp-content\/uploads\/2024\/03\/umbralejo-scaled-1-768x512.jpg 768w, https:\/\/www.escapadarural.com\/blog\/wp-content\/uploads\/2024\/03\/umbralejo-scaled-1-800x534.jpg 800w, https:\/\/www.escapadarural.com\/blog\/wp-content\/uploads\/2024\/03\/umbralejo-scaled-1-1024x683.jpg 1024w, https:\/\/www.escapadarural.com\/blog\/wp-content\/uploads\/2024\/03\/umbralejo-scaled-1-1200x800.jpg 1200w, https:\/\/www.escapadarural.com\/blog\/wp-content\/uploads\/2024\/03\/umbralejo-scaled-1-1536x1025.jpg 1536w, https:\/\/www.escapadarural.com\/blog\/wp-content\/uploads\/2024\/03\/umbralejo-scaled-1.jpg 2048w\" sizes=\"auto, (max-width: 2048px) 100vw, 2048px\"><\/a><\/div><div class=\"ub-block-post-grid-text\" style=\"\"><div class=\"ub-block-post-grid-header-content\"><header class=\"ub-block-post-grid-header\"><h3 class=\"ub-block-post-grid-title\"><a style=\"\" href=\"https:\/\/www.escapadarural.com\/blog\/umbralejo-aula-rural-en-guadalajara\/\" rel=\"bookmark\">Umbralejo, el pueblo negro abandonado y reconvertido en aula rural<\/a><\/h3><div class=\"ub-block-post-grid-author\" itemprop=\"author\"><a class=\"ub-text-link\" style=\"\" href=\"https:\/\/www.escapadarural.com\/blog\/autor\/carmenlopez\/\" itemprop=\"url\" rel=\"author\"><span itemprop=\"name\">Carmen L\u00f3pez<\/span><\/a><\/div><time datetime=\"2024-07-01T10:57:00+02:00\" class=\"ub-block-post-grid-date\" style=\"\" itemprop=\"datePublished\">1 de julio de 2024<\/time><\/header><\/div><div class=\"ub-block-post-grid-excerpt\"><div class=\"ub-block-post-grid-excerpt-text\" style=\"\"><p>Umbralejo, uno de los pueblos negros de Guadalajara que ha pasado de estar abandonado ha ser reconvertido en un centro educativo.<\/p>\n<\/div><\/div><\/div><\/article>\n<article id=\"post-55237\" class=\"ub-post-grid-item post-55237 post type-post status-publish format-standard has-post-thumbnail hentry category-destinos tag-bandujo tag-bulnes tag-cuevas-del-agua tag-despoblacion tag-listado tag-lo-mas-leido-en-febrero tag-os-de-civis tag-paradilla-de-gordon tag-pueblos tag-pueblos-aislados tag-pueblos-bonitos\" style=\"\"><div class=\"ub-block-post-grid-image\" style=\"\"><a href=\"https:\/\/www.escapadarural.com\/blog\/pueblos-aislados-en-espana\/\" rel=\"bookmark\" aria-hidden=\"true\" tabindex=\"-1\"><img loading=\"lazy\" decoding=\"async\" width=\"2048\" height=\"1367\" src=\"https:\/\/www.escapadarural.com\/blog\/wp-content\/uploads\/2022\/10\/shutterstock_627042074.jpg\" class=\"attachment-full size-full\" alt=\"Bulnes, Asturias\" style=\"max-width: 600px; \" srcset=\"https:\/\/www.escapadarural.com\/blog\/wp-content\/uploads\/2022\/10\/shutterstock_627042074-200x133.jpg 200w, https:\/\/www.escapadarural.com\/blog\/wp-content\/uploads\/2022\/10\/shutterstock_627042074-300x200.jpg 300w, https:\/\/www.escapadarural.com\/blog\/wp-content\/uploads\/2022\/10\/shutterstock_627042074-400x267.jpg 400w, https:\/\/www.escapadarural.com\/blog\/wp-content\/uploads\/2022\/10\/shutterstock_627042074-600x400.jpg 600w, https:\/\/www.escapadarural.com\/blog\/wp-content\/uploads\/2022\/10\/shutterstock_627042074-768x513.jpg 768w, https:\/\/www.escapadarural.com\/blog\/wp-content\/uploads\/2022\/10\/shutterstock_627042074-800x534.jpg 800w, https:\/\/www.escapadarural.com\/blog\/wp-content\/uploads\/2022\/10\/shutterstock_627042074-1024x684.jpg 1024w, https:\/\/www.escapadarural.com\/blog\/wp-content\/uploads\/2022\/10\/shutterstock_627042074-1200x801.jpg 1200w, https:\/\/www.escapadarural.com\/blog\/wp-content\/uploads\/2022\/10\/shutterstock_627042074-1536x1025.jpg 1536w, https:\/\/www.escapadarural.com\/blog\/wp-content\/uploads\/2022\/10\/shutterstock_627042074.jpg 2048w\" sizes=\"auto, (max-width: 2048px) 100vw, 2048px\"><\/a><\/div><div class=\"ub-block-post-grid-text\" style=\"\"><div class=\"ub-block-post-grid-header-content\"><header class=\"ub-block-post-grid-header\"><h3 class=\"ub-block-post-grid-title\"><a style=\"\" href=\"https:\/\/www.escapadarural.com\/blog\/pueblos-aislados-en-espana\/\" rel=\"bookmark\">Los pueblos m\u00e1s aislados de Espa\u00f1a<\/a><\/h3><div class=\"ub-block-post-grid-author\" itemprop=\"author\"><a class=\"ub-text-link\" style=\"\" href=\"https:\/\/www.escapadarural.com\/blog\/autor\/alba\/\" itemprop=\"url\" rel=\"author\"><span itemprop=\"name\">Alba Feliz<\/span><\/a><\/div><time datetime=\"2024-02-13T11:19:15+01:00\" class=\"ub-block-post-grid-date\" style=\"\" itemprop=\"datePublished\">13 de febrero de 2024<\/time><\/header><\/div><div class=\"ub-block-post-grid-excerpt\"><div class=\"ub-block-post-grid-excerpt-text\" style=\"\"><p>Espa\u00f1a esconde varios pueblos aislados que suelen estar apartados de las principales carreteras y, en algunos casos, para acceder a ellos hay que ir andando o funicular. <\/p>\n<\/div><\/div><\/div><\/article>\n<article id=\"post-3594\" class=\"ub-post-grid-item post-3594 post type-post status-publish format-standard has-post-thumbnail hentry category-arte-y-cultura tag-castillo tag-despoblacion tag-historias-y-curiosidades tag-listado tag-lugares-abandonados tag-misterio tag-monumentos tag-paranormal tag-ruinas\" style=\"\"><div class=\"ub-block-post-grid-image\" style=\"\"><a href=\"https:\/\/www.escapadarural.com\/blog\/lugares-abandonados-mas-espectaculares-de-espana\/\" rel=\"bookmark\" aria-hidden=\"true\" tabindex=\"-1\"><img loading=\"lazy\" decoding=\"async\" width=\"1000\" height=\"669\" src=\"https:\/\/www.escapadarural.com\/blog\/wp-content\/uploads\/2023\/08\/Sanatorio-de-Cesurasm.jpg\" class=\"attachment-full size-full\" alt=\"Un edificio de hormig\u00f3n abandonado y cubierto de maleza se alza en un bosque brumoso. La hiedra y la vegetaci\u00f3n cubren sus paredes y ventanas, mientras altos \u00e1rboles rodean la estructura y un camino de tierra pasa junto a ella.\" style=\"max-width: 600px; \" srcset=\"https:\/\/www.escapadarural.com\/blog\/wp-content\/uploads\/2023\/08\/Sanatorio-de-Cesurasm-200x134.jpg 200w, https:\/\/www.escapadarural.com\/blog\/wp-content\/uploads\/2023\/08\/Sanatorio-de-Cesurasm-300x201.jpg 300w, https:\/\/www.escapadarural.com\/blog\/wp-content\/uploads\/2023\/08\/Sanatorio-de-Cesurasm-400x268.jpg 400w, https:\/\/www.escapadarural.com\/blog\/wp-content\/uploads\/2023\/08\/Sanatorio-de-Cesurasm-600x401.jpg 600w, https:\/\/www.escapadarural.com\/blog\/wp-content\/uploads\/2023\/08\/Sanatorio-de-Cesurasm-768x514.jpg 768w, https:\/\/www.escapadarural.com\/blog\/wp-content\/uploads\/2023\/08\/Sanatorio-de-Cesurasm-800x535.jpg 800w, https:\/\/www.escapadarural.com\/blog\/wp-content\/uploads\/2023\/08\/Sanatorio-de-Cesurasm.jpg 1000w\" sizes=\"auto, (max-width: 1000px) 100vw, 1000px\"><\/a><\/div><div class=\"ub-block-post-grid-text\" style=\"\"><div class=\"ub-block-post-grid-header-content\"><header class=\"ub-block-post-grid-header\"><h3 class=\"ub-block-post-grid-title\"><a style=\"\" href=\"https:\/\/www.escapadarural.com\/blog\/lugares-abandonados-mas-espectaculares-de-espana\/\" rel=\"bookmark\">Los 25 lugares abandonados m\u00e1s espectaculares de Espa\u00f1a<\/a><\/h3><div class=\"ub-block-post-grid-author\" itemprop=\"author\"><a class=\"ub-text-link\" style=\"\" href=\"https:\/\/www.escapadarural.com\/blog\/autor\/laura\/\" itemprop=\"url\" rel=\"author\"><span itemprop=\"name\">Laura Fern\u00e1ndez<\/span><\/a><\/div><time datetime=\"2023-08-21T07:38:00+02:00\" class=\"ub-block-post-grid-date\" style=\"\" itemprop=\"datePublished\">21 de agosto de 2023<\/time><\/header><\/div><div class=\"ub-block-post-grid-excerpt\"><div class=\"ub-block-post-grid-excerpt-text\" style=\"\"><p>Los 26 lugares abandonados en Espa\u00f1a que m\u00e1s nos sobrecogen. \u00bfTe atreves a descubrirlos?<\/p>\n<\/div><\/div><\/div><\/article>\n<article id=\"post-63688\" class=\"ub-post-grid-item post-63688 post type-post status-publish format-standard has-post-thumbnail hentry category-arte-y-cultura tag-articulo tag-despoblacion tag-que-ver-en-guadalajara tag-historias-y-curiosidades tag-la-vereda tag-pueblos-abandonados tag-sierra-de-ayllon\" style=\"\"><div class=\"ub-block-post-grid-image\" style=\"\"><a href=\"https:\/\/www.escapadarural.com\/blog\/la-vereda-pueblo-abandonado-y-reconstruido\/\" rel=\"bookmark\" aria-hidden=\"true\" tabindex=\"-1\"><img loading=\"lazy\" decoding=\"async\" width=\"1024\" height=\"576\" src=\"https:\/\/www.escapadarural.com\/blog\/wp-content\/uploads\/2024\/10\/La-Vereda-Guadalajara-1024x576-1.jpg\" class=\"attachment-full size-full\" alt=\"La Vereda, pueblo negro deshabitado en Guadalajara. Por Borjaanimal\" style=\"max-width: 600px; \" srcset=\"https:\/\/www.escapadarural.com\/blog\/wp-content\/uploads\/2024\/10\/La-Vereda-Guadalajara-1024x576-1-200x113.jpg 200w, https:\/\/www.escapadarural.com\/blog\/wp-content\/uploads\/2024\/10\/La-Vereda-Guadalajara-1024x576-1-300x169.jpg 300w, https:\/\/www.escapadarural.com\/blog\/wp-content\/uploads\/2024\/10\/La-Vereda-Guadalajara-1024x576-1-400x225.jpg 400w, https:\/\/www.escapadarural.com\/blog\/wp-content\/uploads\/2024\/10\/La-Vereda-Guadalajara-1024x576-1-600x338.jpg 600w, https:\/\/www.escapadarural.com\/blog\/wp-content\/uploads\/2024\/10\/La-Vereda-Guadalajara-1024x576-1-768x432.jpg 768w, https:\/\/www.escapadarural.com\/blog\/wp-content\/uploads\/2024\/10\/La-Vereda-Guadalajara-1024x576-1-800x450.jpg 800w, https:\/\/www.escapadarural.com\/blog\/wp-content\/uploads\/2024\/10\/La-Vereda-Guadalajara-1024x576-1.jpg 1024w\" sizes=\"auto, (max-width: 1024px) 100vw, 1024px\"><\/a><\/div><div class=\"ub-block-post-grid-text\" style=\"\"><div class=\"ub-block-post-grid-header-content\"><header class=\"ub-block-post-grid-header\"><h3 class=\"ub-block-post-grid-title\"><a style=\"\" href=\"https:\/\/www.escapadarural.com\/blog\/la-vereda-pueblo-abandonado-y-reconstruido\/\" rel=\"bookmark\">La Vereda: reconstruir un pueblo abandonado \u201cpor amor al arte\u201d<\/a><\/h3><div class=\"ub-block-post-grid-author\" itemprop=\"author\"><a class=\"ub-text-link\" style=\"\" href=\"https:\/\/www.escapadarural.com\/blog\/autor\/raquel\/\" itemprop=\"url\" rel=\"author\"><span itemprop=\"name\">Raquel Andr\u00e9s<\/span><\/a><\/div><time datetime=\"2023-08-03T08:34:21+02:00\" class=\"ub-block-post-grid-date\" style=\"\" itemprop=\"datePublished\">3 de agosto de 2023<\/time><\/header><\/div><div class=\"ub-block-post-grid-excerpt\"><div class=\"ub-block-post-grid-excerpt-text\" style=\"\"><p>Un grupo de j\u00f3venes de Madrid crearon una asociaci\u00f3n cultural con la idea de reconstruir el pueblo abandonado de La Vereda. La idea era conservar el patrimonio de la zona. <\/p>\n<\/div><\/div><\/div><\/article>\n<article id=\"post-63249\" class=\"ub-post-grid-item post-63249 post type-post status-publish format-standard has-post-thumbnail hentry category-destinos tag-arevalo-de-la-sierra tag-articulo tag-que-ver-en-castilla-y-leon tag-despoblacion tag-pueblos tag-que-ver-en-soria\" style=\"\"><div class=\"ub-block-post-grid-image\" style=\"\"><a href=\"https:\/\/www.escapadarural.com\/blog\/carta-de-amor-a-arevalo-de-la-sierra\/\" rel=\"bookmark\" aria-hidden=\"true\" tabindex=\"-1\"><img loading=\"lazy\" decoding=\"async\" width=\"1024\" height=\"576\" src=\"https:\/\/www.escapadarural.com\/blog\/wp-content\/uploads\/2024\/10\/Arevalo_de_la_Sierra-1024x576-1.jpg\" class=\"attachment-full size-full\" alt=\"Vista a\u00e9rea de un peque\u00f1o pueblo rural rodeado de campos verdes, \u00e1rboles dispersos y colinas al fondo bajo un cielo nublado. El pueblo tiene edificios de tejados rojos agrupados y carreteras estrechas.\" style=\"max-width: 600px; \" srcset=\"https:\/\/www.escapadarural.com\/blog\/wp-content\/uploads\/2024\/10\/Arevalo_de_la_Sierra-1024x576-1-200x113.jpg 200w, https:\/\/www.escapadarural.com\/blog\/wp-content\/uploads\/2024\/10\/Arevalo_de_la_Sierra-1024x576-1-300x169.jpg 300w, https:\/\/www.escapadarural.com\/blog\/wp-content\/uploads\/2024\/10\/Arevalo_de_la_Sierra-1024x576-1-400x225.jpg 400w, https:\/\/www.escapadarural.com\/blog\/wp-content\/uploads\/2024\/10\/Arevalo_de_la_Sierra-1024x576-1-600x338.jpg 600w, https:\/\/www.escapadarural.com\/blog\/wp-content\/uploads\/2024\/10\/Arevalo_de_la_Sierra-1024x576-1-768x432.jpg 768w, https:\/\/www.escapadarural.com\/blog\/wp-content\/uploads\/2024\/10\/Arevalo_de_la_Sierra-1024x576-1-800x450.jpg 800w, https:\/\/www.escapadarural.com\/blog\/wp-content\/uploads\/2024\/10\/Arevalo_de_la_Sierra-1024x576-1.jpg 1024w\" sizes=\"auto, (max-width: 1024px) 100vw, 1024px\"><\/a><\/div><div class=\"ub-block-post-grid-text\" style=\"\"><div class=\"ub-block-post-grid-header-content\"><header class=\"ub-block-post-grid-header\"><h3 class=\"ub-block-post-grid-title\"><a style=\"\" href=\"https:\/\/www.escapadarural.com\/blog\/carta-de-amor-a-arevalo-de-la-sierra\/\" rel=\"bookmark\">Ar\u00e9valo de la Sierra: el pueblo con el acebal m\u00e1s grande de Europa que se resiste a desaparecer<\/a><\/h3><div class=\"ub-block-post-grid-author\" itemprop=\"author\"><a class=\"ub-text-link\" style=\"\" href=\"https:\/\/www.escapadarural.com\/blog\/autor\/alba\/\" itemprop=\"url\" rel=\"author\"><span itemprop=\"name\">Alba Feliz<\/span><\/a><\/div><time datetime=\"2023-07-26T12:17:41+02:00\" class=\"ub-block-post-grid-date\" style=\"\" itemprop=\"datePublished\">26 de julio de 2023<\/time><\/header><\/div><div class=\"ub-block-post-grid-excerpt\"><div class=\"ub-block-post-grid-excerpt-text\" style=\"\"><p>Ar\u00e9valo de la Sierra es un peque\u00f1o pueblo que, a pesar de contar con 16 habitantes, se resiste a desaparecer. Cuenta con el mayor acebal de Europa y est\u00e1 situado a los pies del la conocida \u00abpeque\u00f1a Suiza soriana\u00bb<\/p>\n<\/div><\/div><\/div><\/article>\n<article id=\"post-42493\" class=\"ub-post-grid-item post-42493 post type-post status-publish format-standard has-post-thumbnail hentry category-destinos tag-cesarero-gonzalez tag-couto-mixto tag-despoblacion tag-que-ver-en-galicia tag-historia tag-historias-y-curiosidades tag-independencia tag-luis-garcia-mana tag-meaus tag-que-ver-en-ourense tag-portugal tag-republica tag-rubias tag-santiago\" style=\"\"><div class=\"ub-block-post-grid-image\" style=\"\"><a href=\"https:\/\/www.escapadarural.com\/blog\/el-couto-mixto-una-vieja-republica-gallega\/\" rel=\"bookmark\" aria-hidden=\"true\" tabindex=\"-1\"><img loading=\"lazy\" decoding=\"async\" width=\"1024\" height=\"768\" src=\"https:\/\/www.escapadarural.com\/blog\/wp-content\/uploads\/2021\/10\/01-Delfin-Brandon-ultimo-juez-del-Couto-Mixto-se-mosquea-un-poco-cuando-Cesareo-Gonzalez-le-agarra-el-baston-de-mando.webp\" class=\"attachment-full size-full\" alt=\"Delf\u00edn Brand\u00f3n, \u00faltimo juez del Couto Mixto, se mosquea un poco cuando Ces\u00e1reo Gonz\u00e1lez le agarra el bast\u00f3n de mando. Por Ander Izagirre.\" style=\"max-width: 600px; \" srcset=\"https:\/\/www.escapadarural.com\/blog\/wp-content\/uploads\/2021\/10\/01-Delfin-Brandon-ultimo-juez-del-Couto-Mixto-se-mosquea-un-poco-cuando-Cesareo-Gonzalez-le-agarra-el-baston-de-mando-200x150.webp 200w, https:\/\/www.escapadarural.com\/blog\/wp-content\/uploads\/2021\/10\/01-Delfin-Brandon-ultimo-juez-del-Couto-Mixto-se-mosquea-un-poco-cuando-Cesareo-Gonzalez-le-agarra-el-baston-de-mando-300x225.webp 300w, https:\/\/www.escapadarural.com\/blog\/wp-content\/uploads\/2021\/10\/01-Delfin-Brandon-ultimo-juez-del-Couto-Mixto-se-mosquea-un-poco-cuando-Cesareo-Gonzalez-le-agarra-el-baston-de-mando-400x300.webp 400w, https:\/\/www.escapadarural.com\/blog\/wp-content\/uploads\/2021\/10\/01-Delfin-Brandon-ultimo-juez-del-Couto-Mixto-se-mosquea-un-poco-cuando-Cesareo-Gonzalez-le-agarra-el-baston-de-mando-600x450.webp 600w, https:\/\/www.escapadarural.com\/blog\/wp-content\/uploads\/2021\/10\/01-Delfin-Brandon-ultimo-juez-del-Couto-Mixto-se-mosquea-un-poco-cuando-Cesareo-Gonzalez-le-agarra-el-baston-de-mando-768x576.webp 768w, https:\/\/www.escapadarural.com\/blog\/wp-content\/uploads\/2021\/10\/01-Delfin-Brandon-ultimo-juez-del-Couto-Mixto-se-mosquea-un-poco-cuando-Cesareo-Gonzalez-le-agarra-el-baston-de-mando-800x600.webp 800w, https:\/\/www.escapadarural.com\/blog\/wp-content\/uploads\/2021\/10\/01-Delfin-Brandon-ultimo-juez-del-Couto-Mixto-se-mosquea-un-poco-cuando-Cesareo-Gonzalez-le-agarra-el-baston-de-mando.webp 1024w\" sizes=\"auto, (max-width: 1024px) 100vw, 1024px\"><\/a><\/div><div class=\"ub-block-post-grid-text\" style=\"\"><div class=\"ub-block-post-grid-header-content\"><header class=\"ub-block-post-grid-header\"><h3 class=\"ub-block-post-grid-title\"><a style=\"\" href=\"https:\/\/www.escapadarural.com\/blog\/el-couto-mixto-una-vieja-republica-gallega\/\" rel=\"bookmark\">Renace el Couto Mixto, una vieja rep\u00fablica gallega sin apenas habitantes<\/a><\/h3><div class=\"ub-block-post-grid-author\" itemprop=\"author\"><a class=\"ub-text-link\" style=\"\" href=\"https:\/\/www.escapadarural.com\/blog\/autor\/ander\/\" itemprop=\"url\" rel=\"author\"><span itemprop=\"name\">Ander Izagirre<\/span><\/a><\/div><time datetime=\"2021-10-11T08:00:00+02:00\" class=\"ub-block-post-grid-date\" style=\"\" itemprop=\"datePublished\">11 de octubre de 2021<\/time><\/header><\/div><div class=\"ub-block-post-grid-excerpt\"><div class=\"ub-block-post-grid-excerpt-text\" style=\"\"><p>El granjero Ces\u00e1reo Gonz\u00e1lez es uno de los tres homes de acordo, representantes de las tres aldeas ourensanas que formaron durante siete siglos el Couto Mixto, un territorio independiente de Espa\u00f1a y Portugal. Lucha por recuperar la historia olvidada de su rep\u00fablica, con la esperanza de que sirva para dar vida a unos pueblos que languidecen hacia la extinci\u00f3n.<\/p>\n<\/div><\/div><\/div><\/article>\n<\/div><\/section>","protected":false},"excerpt":{"rendered":"<p>Te presentamos cinco festivales de verano que se celebran en pueblos de 1.000 habitantes o menos y que tienen la lucha contra la despoblaci\u00f3n como objetivo<\/p>\n","protected":false},"author":157,"featured_media":91280,"comment_status":"open","ping_status":"open","sticky":false,"template":"","format":"standard","meta":{"_acf_changed":false,"om_disable_all_campaigns":false,"footnotes":""},"categories":[231],"tags":[3461,2423,503,215],"class_list":["post-84017","post","type-post","status-publish","format-standard","has-post-thumbnail","hentry","category-arte-y-cultura","tag-cultura-rural","tag-despoblacion","tag-festivales-de-musica","tag-listado"],"acf":[],"featured_image_src":"https:\/\/www.escapadarural.com\/blog\/wp-content\/uploads\/2024\/10\/Sinsal_2023_Sabado2_Olalla_LojoWP05.webp","author_info":{"display_name":"Miguel Perez","author_link":"https:\/\/www.escapadarural.com\/blog\/autor\/miguel-perez\/"},"yoast_head":"<!-- This site is optimized with the Yoast SEO plugin v27.2 - https:\/\/yoast.com\/product\/yoast-seo-wordpress\/ -->\n<title>Cinco festivales de verano en pueblos que luchan contra la despoblaci\u00f3n rural - EscapadaRural<\/title>\n<meta name=\"robots\" content=\"index, follow, max-snippet:-1, max-image-preview:large, max-video-preview:-1\" \/>\n<link rel=\"canonical\" href=\"https:\/\/www.escapadarural.com\/blog\/festivales-de-verano-pueblos\/\" \/>\n<meta property=\"og:locale\" content=\"es_ES\" \/>\n<meta property=\"og:type\" content=\"article\" \/>\n<meta property=\"og:title\" content=\"Cinco festivales de verano en pueblos que luchan contra la despoblaci\u00f3n rural - EscapadaRural\" \/>\n<meta property=\"og:description\" content=\"Te presentamos cinco festivales de verano que se celebran en pueblos de 1.000 habitantes o menos y que tienen la lucha contra la despoblaci\u00f3n como objetivo\" \/>\n<meta property=\"og:url\" content=\"https:\/\/www.escapadarural.com\/blog\/festivales-de-verano-pueblos\/\" \/>\n<meta property=\"og:site_name\" content=\"Magazine de viajes de EscapadaRural\" \/>\n<meta property=\"article:publisher\" content=\"https:\/\/www.facebook.com\/escapadarural\" \/>\n<meta property=\"article:author\" content=\"#\" \/>\n<meta property=\"article:published_time\" content=\"2024-07-02T06:00:00+00:00\" \/>\n<meta property=\"article:modified_time\" content=\"2025-04-23T13:43:52+00:00\" \/>\n<meta property=\"og:image\" content=\"https:\/\/www.escapadarural.com\/blog\/wp-content\/uploads\/2024\/10\/Sinsal_2023_Sabado2_Olalla_LojoWP05.webp\" \/>\n\t<meta property=\"og:image:width\" content=\"1024\" \/>\n\t<meta property=\"og:image:height\" content=\"683\" \/>\n\t<meta property=\"og:image:type\" content=\"image\/webp\" \/>\n<meta name=\"author\" content=\"Miguel Perez\" \/>\n<meta name=\"twitter:card\" content=\"summary_large_image\" \/>\n<meta name=\"twitter:creator\" content=\"@#\" \/>\n<meta name=\"twitter:label1\" content=\"Escrito por\" \/>\n\t<meta name=\"twitter:data1\" content=\"Miguel Perez\" \/>\n\t<meta name=\"twitter:label2\" content=\"Tiempo de lectura\" \/>\n\t<meta name=\"twitter:data2\" content=\"8 minutos\" \/>\n<script type=\"application\/ld+json\" class=\"yoast-schema-graph\">{\"@context\":\"https:\/\/schema.org\",\"@graph\":[{\"@type\":\"Article\",\"@id\":\"https:\/\/www.escapadarural.com\/blog\/festivales-de-verano-pueblos\/#article\",\"isPartOf\":{\"@id\":\"https:\/\/www.escapadarural.com\/blog\/festivales-de-verano-pueblos\/\"},\"author\":{\"name\":\"Miguel Perez\",\"@id\":\"https:\/\/www.escapadarural.com\/blog\/#\/schema\/person\/ea17306ba0ae76670daf8e5008db21dd\"},\"headline\":\"Cinco festivales de verano en pueblos que luchan contra la despoblaci\u00f3n rural\",\"datePublished\":\"2024-07-02T06:00:00+00:00\",\"dateModified\":\"2025-04-23T13:43:52+00:00\",\"mainEntityOfPage\":{\"@id\":\"https:\/\/www.escapadarural.com\/blog\/festivales-de-verano-pueblos\/\"},\"wordCount\":1381,\"commentCount\":0,\"publisher\":{\"@id\":\"https:\/\/www.escapadarural.com\/blog\/#organization\"},\"image\":{\"@id\":\"https:\/\/www.escapadarural.com\/blog\/festivales-de-verano-pueblos\/#primaryimage\"},\"thumbnailUrl\":\"https:\/\/www.escapadarural.com\/blog\/wp-content\/uploads\/2024\/10\/Sinsal_2023_Sabado2_Olalla_LojoWP05.webp\",\"keywords\":[\"cultura rural\",\"despoblaci\u00f3n\",\"Festivales de M\u00fasica\",\"Listado\"],\"articleSection\":[\"Arte y Cultura\"],\"inLanguage\":\"es\",\"potentialAction\":[{\"@type\":\"CommentAction\",\"name\":\"Comment\",\"target\":[\"https:\/\/www.escapadarural.com\/blog\/festivales-de-verano-pueblos\/#respond\"]}]},{\"@type\":\"WebPage\",\"@id\":\"https:\/\/www.escapadarural.com\/blog\/festivales-de-verano-pueblos\/\",\"url\":\"https:\/\/www.escapadarural.com\/blog\/festivales-de-verano-pueblos\/\",\"name\":\"Cinco festivales de verano en pueblos que luchan contra la despoblaci\u00f3n rural - EscapadaRural\",\"isPartOf\":{\"@id\":\"https:\/\/www.escapadarural.com\/blog\/#website\"},\"primaryImageOfPage\":{\"@id\":\"https:\/\/www.escapadarural.com\/blog\/festivales-de-verano-pueblos\/#primaryimage\"},\"image\":{\"@id\":\"https:\/\/www.escapadarural.com\/blog\/festivales-de-verano-pueblos\/#primaryimage\"},\"thumbnailUrl\":\"https:\/\/www.escapadarural.com\/blog\/wp-content\/uploads\/2024\/10\/Sinsal_2023_Sabado2_Olalla_LojoWP05.webp\",\"datePublished\":\"2024-07-02T06:00:00+00:00\",\"dateModified\":\"2025-04-23T13:43:52+00:00\",\"breadcrumb\":{\"@id\":\"https:\/\/www.escapadarural.com\/blog\/festivales-de-verano-pueblos\/#breadcrumb\"},\"inLanguage\":\"es\",\"potentialAction\":[{\"@type\":\"ReadAction\",\"target\":[\"https:\/\/www.escapadarural.com\/blog\/festivales-de-verano-pueblos\/\"]}]},{\"@type\":\"ImageObject\",\"inLanguage\":\"es\",\"@id\":\"https:\/\/www.escapadarural.com\/blog\/festivales-de-verano-pueblos\/#primaryimage\",\"url\":\"https:\/\/www.escapadarural.com\/blog\/wp-content\/uploads\/2024\/10\/Sinsal_2023_Sabado2_Olalla_LojoWP05.webp\",\"contentUrl\":\"https:\/\/www.escapadarural.com\/blog\/wp-content\/uploads\/2024\/10\/Sinsal_2023_Sabado2_Olalla_LojoWP05.webp\",\"width\":1024,\"height\":683,\"caption\":\"Una artista vestida de blanco y con una larga trenza est\u00e1 de pie en el escenario frente a una gran multitud al aire libre, con monta\u00f1as y agua visibles al fondo bajo un cielo brillante.\"},{\"@type\":\"BreadcrumbList\",\"@id\":\"https:\/\/www.escapadarural.com\/blog\/festivales-de-verano-pueblos\/#breadcrumb\",\"itemListElement\":[{\"@type\":\"ListItem\",\"position\":1,\"name\":\"Inicio\",\"item\":\"https:\/\/www.escapadarural.com\/blog\/\"},{\"@type\":\"ListItem\",\"position\":2,\"name\":\"Arte y Cultura\",\"item\":\"https:\/\/www.escapadarural.com\/blog\/categoria\/arte-y-cultura\/\"},{\"@type\":\"ListItem\",\"position\":3,\"name\":\"Cinco festivales de verano en pueblos que luchan contra la despoblaci\u00f3n rural\"}]},{\"@type\":\"WebSite\",\"@id\":\"https:\/\/www.escapadarural.com\/blog\/#website\",\"url\":\"https:\/\/www.escapadarural.com\/blog\/\",\"name\":\"Blog de viajes | turismo rural, alojamientos e inspiraci\u00f3n\",\"description\":\"Alojamientos rurales e inspiraci\u00f3n para tus escapadas\",\"publisher\":{\"@id\":\"https:\/\/www.escapadarural.com\/blog\/#organization\"},\"alternateName\":\"Magazine de viajes de EscapadaRural\",\"potentialAction\":[{\"@type\":\"SearchAction\",\"target\":{\"@type\":\"EntryPoint\",\"urlTemplate\":\"https:\/\/www.escapadarural.com\/blog\/?s={search_term_string}\"},\"query-input\":{\"@type\":\"PropertyValueSpecification\",\"valueRequired\":true,\"valueName\":\"search_term_string\"}}],\"inLanguage\":\"es\"},{\"@type\":\"Organization\",\"@id\":\"https:\/\/www.escapadarural.com\/blog\/#organization\",\"name\":\"EscapadaRural\",\"url\":\"https:\/\/www.escapadarural.com\/blog\/\",\"logo\":{\"@type\":\"ImageObject\",\"inLanguage\":\"es\",\"@id\":\"https:\/\/www.escapadarural.com\/blog\/#\/schema\/logo\/image\/\",\"url\":\"https:\/\/www.escapadarural.com\/blog\/wp-content\/uploads\/2024\/10\/cropped-cropped-escapada-rural-icon-mag-3.png\",\"contentUrl\":\"https:\/\/www.escapadarural.com\/blog\/wp-content\/uploads\/2024\/10\/cropped-cropped-escapada-rural-icon-mag-3.png\",\"width\":512,\"height\":512,\"caption\":\"EscapadaRural\"},\"image\":{\"@id\":\"https:\/\/www.escapadarural.com\/blog\/#\/schema\/logo\/image\/\"},\"sameAs\":[\"https:\/\/www.facebook.com\/escapadarural\",\"https:\/\/www.instagram.com\/escapadarural\/\",\"https:\/\/www.youtube.com\/@escapadaruralcom\"]},{\"@type\":\"Person\",\"@id\":\"https:\/\/www.escapadarural.com\/blog\/#\/schema\/person\/ea17306ba0ae76670daf8e5008db21dd\",\"name\":\"Miguel Perez\",\"image\":{\"@type\":\"ImageObject\",\"inLanguage\":\"es\",\"@id\":\"https:\/\/www.escapadarural.com\/blog\/wp-content\/uploads\/2024\/11\/cropped-Miguel-Perez-96x96.jpg\",\"url\":\"https:\/\/www.escapadarural.com\/blog\/wp-content\/uploads\/2024\/11\/cropped-Miguel-Perez-96x96.jpg\",\"contentUrl\":\"https:\/\/www.escapadarural.com\/blog\/wp-content\/uploads\/2024\/11\/cropped-Miguel-Perez-96x96.jpg\",\"caption\":\"Miguel Perez\"},\"description\":\"Me encanta el f\u00fatbol, leer, viajar, descubrir nuevos destinos y cont\u00e1rtelos\",\"sameAs\":[\"#\",\"https:\/\/x.com\/#\"],\"url\":\"https:\/\/www.escapadarural.com\/blog\/autor\/miguel-perez\/\"}]}<\/script>\n<!-- \/ Yoast SEO plugin. -->","yoast_head_json":{"title":"Cinco festivales de verano en pueblos que luchan contra la despoblaci\u00f3n rural - EscapadaRural","robots":{"index":"index","follow":"follow","max-snippet":"max-snippet:-1","max-image-preview":"max-image-preview:large","max-video-preview":"max-video-preview:-1"},"canonical":"https:\/\/www.escapadarural.com\/blog\/festivales-de-verano-pueblos\/","og_locale":"es_ES","og_type":"article","og_title":"Cinco festivales de verano en pueblos que luchan contra la despoblaci\u00f3n rural - EscapadaRural","og_description":"Te presentamos cinco festivales de verano que se celebran en pueblos de 1.000 habitantes o menos y que tienen la lucha contra la despoblaci\u00f3n como objetivo","og_url":"https:\/\/www.escapadarural.com\/blog\/festivales-de-verano-pueblos\/","og_site_name":"Magazine de viajes de EscapadaRural","article_publisher":"https:\/\/www.facebook.com\/escapadarural","article_author":"#","article_published_time":"2024-07-02T06:00:00+00:00","article_modified_time":"2025-04-23T13:43:52+00:00","og_image":[{"width":1024,"height":683,"url":"https:\/\/www.escapadarural.com\/blog\/wp-content\/uploads\/2024\/10\/Sinsal_2023_Sabado2_Olalla_LojoWP05.webp","type":"image\/webp"}],"author":"Miguel Perez","twitter_card":"summary_large_image","twitter_creator":"@#","twitter_misc":{"Escrito por":"Miguel Perez","Tiempo de lectura":"8 minutos"},"schema":{"@context":"https:\/\/schema.org","@graph":[{"@type":"Article","@id":"https:\/\/www.escapadarural.com\/blog\/festivales-de-verano-pueblos\/#article","isPartOf":{"@id":"https:\/\/www.escapadarural.com\/blog\/festivales-de-verano-pueblos\/"},"author":{"name":"Miguel Perez","@id":"https:\/\/www.escapadarural.com\/blog\/#\/schema\/person\/ea17306ba0ae76670daf8e5008db21dd"},"headline":"Cinco festivales de verano en pueblos que luchan contra la despoblaci\u00f3n rural","datePublished":"2024-07-02T06:00:00+00:00","dateModified":"2025-04-23T13:43:52+00:00","mainEntityOfPage":{"@id":"https:\/\/www.escapadarural.com\/blog\/festivales-de-verano-pueblos\/"},"wordCount":1381,"commentCount":0,"publisher":{"@id":"https:\/\/www.escapadarural.com\/blog\/#organization"},"image":{"@id":"https:\/\/www.escapadarural.com\/blog\/festivales-de-verano-pueblos\/#primaryimage"},"thumbnailUrl":"https:\/\/www.escapadarural.com\/blog\/wp-content\/uploads\/2024\/10\/Sinsal_2023_Sabado2_Olalla_LojoWP05.webp","keywords":["cultura rural","despoblaci\u00f3n","Festivales de M\u00fasica","Listado"],"articleSection":["Arte y Cultura"],"inLanguage":"es","potentialAction":[{"@type":"CommentAction","name":"Comment","target":["https:\/\/www.escapadarural.com\/blog\/festivales-de-verano-pueblos\/#respond"]}]},{"@type":"WebPage","@id":"https:\/\/www.escapadarural.com\/blog\/festivales-de-verano-pueblos\/","url":"https:\/\/www.escapadarural.com\/blog\/festivales-de-verano-pueblos\/","name":"Cinco festivales de verano en pueblos que luchan contra la despoblaci\u00f3n rural - EscapadaRural","isPartOf":{"@id":"https:\/\/www.escapadarural.com\/blog\/#website"},"primaryImageOfPage":{"@id":"https:\/\/www.escapadarural.com\/blog\/festivales-de-verano-pueblos\/#primaryimage"},"image":{"@id":"https:\/\/www.escapadarural.com\/blog\/festivales-de-verano-pueblos\/#primaryimage"},"thumbnailUrl":"https:\/\/www.escapadarural.com\/blog\/wp-content\/uploads\/2024\/10\/Sinsal_2023_Sabado2_Olalla_LojoWP05.webp","datePublished":"2024-07-02T06:00:00+00:00","dateModified":"2025-04-23T13:43:52+00:00","breadcrumb":{"@id":"https:\/\/www.escapadarural.com\/blog\/festivales-de-verano-pueblos\/#breadcrumb"},"inLanguage":"es","potentialAction":[{"@type":"ReadAction","target":["https:\/\/www.escapadarural.com\/blog\/festivales-de-verano-pueblos\/"]}]},{"@type":"ImageObject","inLanguage":"es","@id":"https:\/\/www.escapadarural.com\/blog\/festivales-de-verano-pueblos\/#primaryimage","url":"https:\/\/www.escapadarural.com\/blog\/wp-content\/uploads\/2024\/10\/Sinsal_2023_Sabado2_Olalla_LojoWP05.webp","contentUrl":"https:\/\/www.escapadarural.com\/blog\/wp-content\/uploads\/2024\/10\/Sinsal_2023_Sabado2_Olalla_LojoWP05.webp","width":1024,"height":683,"caption":"Una artista vestida de blanco y con una larga trenza est\u00e1 de pie en el escenario frente a una gran multitud al aire libre, con monta\u00f1as y agua visibles al fondo bajo un cielo brillante."},{"@type":"BreadcrumbList","@id":"https:\/\/www.escapadarural.com\/blog\/festivales-de-verano-pueblos\/#breadcrumb","itemListElement":[{"@type":"ListItem","position":1,"name":"Inicio","item":"https:\/\/www.escapadarural.com\/blog\/"},{"@type":"ListItem","position":2,"name":"Arte y Cultura","item":"https:\/\/www.escapadarural.com\/blog\/categoria\/arte-y-cultura\/"},{"@type":"ListItem","position":3,"name":"Cinco festivales de verano en pueblos que luchan contra la despoblaci\u00f3n rural"}]},{"@type":"WebSite","@id":"https:\/\/www.escapadarural.com\/blog\/#website","url":"https:\/\/www.escapadarural.com\/blog\/","name":"Blog de viajes | turismo rural, alojamientos e inspiraci\u00f3n","description":"Alojamientos rurales e inspiraci\u00f3n para tus escapadas","publisher":{"@id":"https:\/\/www.escapadarural.com\/blog\/#organization"},"alternateName":"Magazine de viajes de EscapadaRural","potentialAction":[{"@type":"SearchAction","target":{"@type":"EntryPoint","urlTemplate":"https:\/\/www.escapadarural.com\/blog\/?s={search_term_string}"},"query-input":{"@type":"PropertyValueSpecification","valueRequired":true,"valueName":"search_term_string"}}],"inLanguage":"es"},{"@type":"Organization","@id":"https:\/\/www.escapadarural.com\/blog\/#organization","name":"EscapadaRural","url":"https:\/\/www.escapadarural.com\/blog\/","logo":{"@type":"ImageObject","inLanguage":"es","@id":"https:\/\/www.escapadarural.com\/blog\/#\/schema\/logo\/image\/","url":"https:\/\/www.escapadarural.com\/blog\/wp-content\/uploads\/2024\/10\/cropped-cropped-escapada-rural-icon-mag-3.png","contentUrl":"https:\/\/www.escapadarural.com\/blog\/wp-content\/uploads\/2024\/10\/cropped-cropped-escapada-rural-icon-mag-3.png","width":512,"height":512,"caption":"EscapadaRural"},"image":{"@id":"https:\/\/www.escapadarural.com\/blog\/#\/schema\/logo\/image\/"},"sameAs":["https:\/\/www.facebook.com\/escapadarural","https:\/\/www.instagram.com\/escapadarural\/","https:\/\/www.youtube.com\/@escapadaruralcom"]},{"@type":"Person","@id":"https:\/\/www.escapadarural.com\/blog\/#\/schema\/person\/ea17306ba0ae76670daf8e5008db21dd","name":"Miguel Perez","image":{"@type":"ImageObject","inLanguage":"es","@id":"https:\/\/www.escapadarural.com\/blog\/wp-content\/uploads\/2024\/11\/cropped-Miguel-Perez-96x96.jpg","url":"https:\/\/www.escapadarural.com\/blog\/wp-content\/uploads\/2024\/11\/cropped-Miguel-Perez-96x96.jpg","contentUrl":"https:\/\/www.escapadarural.com\/blog\/wp-content\/uploads\/2024\/11\/cropped-Miguel-Perez-96x96.jpg","caption":"Miguel Perez"},"description":"Me encanta el f\u00fatbol, leer, viajar, descubrir nuevos destinos y cont\u00e1rtelos","sameAs":["#","https:\/\/x.com\/#"],"url":"https:\/\/www.escapadarural.com\/blog\/autor\/miguel-perez\/"}]}},"_links":{"self":[{"href":"https:\/\/www.escapadarural.com\/blog\/wp-json\/wp\/v2\/posts\/84017","targetHints":{"allow":["GET"]}}],"collection":[{"href":"https:\/\/www.escapadarural.com\/blog\/wp-json\/wp\/v2\/posts"}],"about":[{"href":"https:\/\/www.escapadarural.com\/blog\/wp-json\/wp\/v2\/types\/post"}],"author":[{"embeddable":true,"href":"https:\/\/www.escapadarural.com\/blog\/wp-json\/wp\/v2\/users\/157"}],"replies":[{"embeddable":true,"href":"https:\/\/www.escapadarural.com\/blog\/wp-json\/wp\/v2\/comments?post=84017"}],"version-history":[{"count":0,"href":"https:\/\/www.escapadarural.com\/blog\/wp-json\/wp\/v2\/posts\/84017\/revisions"}],"wp:featuredmedia":[{"embeddable":true,"href":"https:\/\/www.escapadarural.com\/blog\/wp-json\/wp\/v2\/media\/91280"}],"wp:attachment":[{"href":"https:\/\/www.escapadarural.com\/blog\/wp-json\/wp\/v2\/media?parent=84017"}],"wp:term":[{"taxonomy":"category","embeddable":true,"href":"https:\/\/www.escapadarural.com\/blog\/wp-json\/wp\/v2\/categories?post=84017"},{"taxonomy":"post_tag","embeddable":true,"href":"https:\/\/www.escapadarural.com\/blog\/wp-json\/wp\/v2\/tags?post=84017"}],"curies":[{"name":"wp","href":"https:\/\/api.w.org\/{rel}","templated":true}]}}