{"id":84020,"date":"2024-07-01T10:57:00","date_gmt":"2024-07-01T09:57:00","guid":{"rendered":"https:\/\/www.escapadarural.com\/blog\/?p=78692"},"modified":"2025-02-10T18:53:10","modified_gmt":"2025-02-10T16:53:10","slug":"umbralejo-aula-rural-en-guadalajara","status":"publish","type":"post","link":"https:\/\/www.escapadarural.com\/blog\/umbralejo-aula-rural-en-guadalajara\/","title":{"rendered":"Umbralejo, el pueblo negro abandonado y reconvertido en aula rural"},"content":{"rendered":"\n<p>En cuesti\u00f3n de n\u00facleos de poblaci\u00f3n, nunca (o casi nunca) hay que darlo todo por perdido. Aldeas o pedan\u00edas cuyo censo baj\u00f3 hasta niveles \u00ednfimos, o directamente quedaron deshabitadas por el \u00e9xodo rural, de pronto vuelven a tomar vida. Quiz\u00e1 no de la forma en la que existieron en el pasado, pero s\u00ed con gente nueva que transita sus calles para disfrutar de su ambiente y arquitectura, e incluso aprender. Es el caso de <strong>Umbralejo, <\/strong>un pueblo de la <a href=\"\/casas-rurales\/sierra-de-ayllon\" data-type=\"link\" data-id=\"https:\/\/www.escapadarural.com\/casas-rurales\/sierra-de-ayllon\">sierra de Ayll\u00f3n<\/a> (Guadalajara), que en la d\u00e9cada de los 60 fue abandonado y que ahora es un centro educativo.&nbsp;<\/p>\n\n\n\n<p>El final feliz de esta historia es responsabilidad del Ministerio de Educaci\u00f3n, Formaci\u00f3n Profesional y Deportes as\u00ed como del Ministerio para la Transici\u00f3n Ecol\u00f3gica y el Reto Demogr\u00e1fico, Ministerio de Transportes, Movilidad y Agenda Urbana. En 1984, estas entidades pusieron en marcha el \u2018Programa de recuperaci\u00f3n y utilizaci\u00f3n educativa de pueblos abandonados (PRUEPA)\u2019 en el que se incluyen las localidades de B\u00fabal en Huesca, <a href=\"https:\/\/www.escapadarural.com\/blog\/granadilla-el-pueblo-expropiado-al-que-sus-habitantes-quieren-volver\/\">Granadilla<\/a> en C\u00e1ceres y Umbralejo en <a href=\"\/casas-rurales\/guadalajara\">Guadalajara<\/a>. <\/p>\n\n\n\n<p>En su caso, tambi\u00e9n intervino en la \u2018operaci\u00f3n\u2019 la Consejer\u00eda de Educaci\u00f3n de la Junta de Comunidades de Castilla-La Mancha (JCCM). Es decir, los j\u00f3venes son el futuro de los pueblos y hay que explicarles c\u00f3mo se vive en ellos, seg\u00fan la administraci\u00f3n p\u00fablica (con raz\u00f3n).<\/p>\n\n\n\n<figure class=\"wp-block-image size-large\"><a href=\"https:\/\/www.escapadarural.com\/blog\/wp-content\/uploads\/2024\/11\/Captura-de-pantalla-2024-06-28-a-las-13.02.17.png\"><img decoding=\"async\" src=\"https:\/\/www.escapadarural.com\/blog\/wp-content\/uploads\/2024\/10\/Captura-de-pantalla-2024-06-28-a-las-13.02.17-1024x576-1.png\" alt=\"\" class=\"wp-image-78693\"\/><\/a><figcaption class=\"wp-element-caption\">Umbralejo. Por Arturo Francisco Barbero<\/figcaption><\/figure>\n\n\n\n<p>Los objetivos de esta iniciativa, que ya tiene cuarenta a\u00f1os, son m\u00faltiples y variados. Se intenta concienciar a los chavales que participan de la <strong>importancia de llevar una vida saludable<\/strong>, de las amenazas al medio ambiente que existen (y probablemente existir\u00e1n) y de las opciones de utilizar su tiempo libre en actividades enriquecedoras y  diferentes a las que est\u00e1n habituados. <\/p>\n\n\n\n<p>Al entrar en contacto con el mundo rural tambi\u00e9n conocen el patrimonio y el origen de muchas cosas que puede que no se hayan planteado, desarrollan esp\u00edritu cr\u00edtico y aprenden a trabajar tanto de forma individual como en equipo. Todas estas ense\u00f1anzas servir\u00edan tambi\u00e9n para los adultos, pero el programa est\u00e1 destinado a estudiantes de edades comprendidas entre los 14 y 17 a\u00f1os que, en su mayor\u00eda, viven en ciudades (si no, seguramente ya sabr\u00edan muchas de estas cosas).<\/p>\n\n\n\n<p>Desde su puesta en marcha, el proyecto ha evolucionado en funci\u00f3n de las necesidades de los pueblos.  En el caso de Umbralejo, si bien al inicio las actividades se centraron m\u00e1s en su recuperaci\u00f3n f\u00edsica \u2013el abandono no es la mejor forma de conservaci\u00f3n\u2013 en los \u00faltimos tiempos, los asistentes participan en talleres de artesan\u00eda, cer\u00e1mica o la cester\u00eda. Tambi\u00e9n practican labores propias del entorno, como el cuidado del ganado y de las huertas o hacen servicios a la comunidad. Adem\u00e1s, dise\u00f1an itinerarios por los alrededores y  actividades. Es decir, durante una semana (de s\u00e1bado a domingo), 50 estudiantes se convierten en habitantes del pueblo.<\/p>\n\n\n\n<figure class=\"wp-block-image size-large\"><a href=\"https:\/\/www.escapadarural.com\/blog\/wp-content\/uploads\/2024\/11\/Umbralejo.png\"><img decoding=\"async\" src=\"https:\/\/www.escapadarural.com\/blog\/wp-content\/uploads\/2024\/10\/Umbralejo-1024x575-1.png\" alt=\"Umbralejo\" class=\"wp-image-78694\"\/><\/a><figcaption class=\"wp-element-caption\">Umbralejo, antes abandonado y ahora aula rural. Por Mperezreviriego<\/figcaption><\/figure>\n\n\n\n<p>Los chavales y chavalas comparten casa (pero no habitaciones) y durante su estancia deben organizar turnos de cocina y mantenimiento del hogar, as\u00ed como aprender a convivir unos con otros. El aprendizaje va m\u00e1s all\u00e1 del mundo rural, ya que compartir el espacio no es tarea f\u00e1cil, sobre todo en un entorno desconocido y que no est\u00e1 provisto de todas las comodidades. Umbralejo est\u00e1 reconstruido y en buen estado de mantenimiento, pero sus construcciones y servicios no son los de un hotel de cinco estrellas. Y eso es, precisamente, lo interesante de todo el programa.<\/p>\n\n\n\n<h2 class=\"wp-block-heading\" id=\"h-umbralejo-parte-de-los-pueblos-negros-nbsp\">Umbralejo, parte de los pueblos negros<strong>&nbsp;<\/strong><\/h2>\n\n\n\n<p>Umbralejo, que se ubica en el valle del r\u00edo Sorbe a casi 1.300 metros de altura, es uno de los ejemplos m\u00e1s representativos del conjunto de <a href=\"https:\/\/www.escapadarural.com\/blog\/pueblos-negros-mas-bonitos-de-guadalajara\/\">pueblos negros de Guadalajara<\/a>. El motivo del nombre no es dif\u00edcil de adivinar: ese color oscuro es el que predomina en sus construcciones porque est\u00e1n hechas de pizarra y cuarcita, materiales que abundaban en la zona. Todav\u00eda mantiene su estructura medieval con la que se erigi\u00f3 al principio de sus tiempos y la casa mejor conservada es la que acoge el Museo Etnogr\u00e1fico. Adem\u00e1s de los estudiantes, los particulares tambi\u00e9n pueden entrar a conocer sus calles, pero han de pedir cita previa.<\/p>\n\n\n\n<figure class=\"wp-block-image size-large\"><a href=\"https:\/\/www.escapadarural.com\/blog\/wp-content\/uploads\/2024\/11\/ruta-pueblos-negros-scaled-1.jpg\"><img decoding=\"async\" src=\"https:\/\/www.escapadarural.com\/blog\/wp-content\/uploads\/2024\/10\/ruta-pueblos-negros-1024x768-1.jpg\" alt=\"Pueblos de arquitectura negra de Guadalajara\" class=\"wp-image-59544\"\/><\/a><figcaption class=\"wp-element-caption\">Pueblos de arquitectura negra de Guadalajara. Por LasPecasDeIrene<\/figcaption><\/figure>\n\n\n\n<p>Adem\u00e1s de esta localidad, hay otros pueblos con el mismo tono caracter\u00edstico y, de hecho, existe la <a href=\"https:\/\/www.escapadarural.com\/blog\/ruta-por-los-pueblos-negros-guadalajara\/\">Ruta de los pueblos negros de Guadalajara<\/a> (es decir, un tour que se para en los m\u00e1s bonitos o en mejor estado). Por ejemplo, Valverde de los Arroyos es uno de los m\u00e1s visitados, que tambi\u00e9n tiene un Museo Etnogr\u00e1fico adem\u00e1s de una iglesia consagrada a San Ildefonso y una plaza mayor construidas con pizarra.&nbsp;<\/p>\n\n\n\n<p>La Vereda sufri\u00f3 el mismo desalojo que Umbralejo cuando su poblaci\u00f3n se fue a vivir a las ciudades en busca de otros medios de sustento pero, felizmente, tambi\u00e9n se ha rehabilitado. En su caso, la vuelta a la vida es responsabilidad de la Asociaci\u00f3n cultural La Vereda, que ha conseguido que los visitantes regresen a la localidad. Entre sus puntos de inter\u00e9s, adem\u00e1s de la arquitectura de las casas, est\u00e1 la iglesia de la Inmaculada Concepci\u00f3n.<\/p>\n\n\n\n<p><a href=\"https:\/\/www.escapadarural.com\/blog\/campillo-de-ranas-bodas-lgtbi\/\">Campillo de Ranas<\/a> y su pedan\u00eda Roblelacasa son otras dos paradas de esa ruta, que tambi\u00e9n podr\u00eda llevar el nombre de \u2018la pizarra\u2019. Entre sus principales atractivos ajenos al color de sus casas est\u00e1 el mirador de la fuente de las Ranas, tambi\u00e9n conocido como \u2018el roble hueco\u2019, especialmente indicado para disfrutar de las puestas de sol. Sin duda, un buen motivo para darse una vuelta por la sierra de Ayll\u00f3n y sus alrededores.<\/p>\n\n\n\n<p> \u00bfA qui\u00e9n no le puede apetecer conocer esos pueblos que han vuelto a la vida? Son, sin duda, una esperanza para el futuro.<\/p>\n\n\n\n<h2 class=\"wp-block-heading\" id=\"h-mas-sobre-pueblos-negros\">M\u00e1s sobre pueblos negros<\/h2>\n\n\n<section class=\"wp-block-ub-post-grid ub-block-post-grid align  is-equal-height preserve-post-image-aspect-ratio\" style=\"\" id=\"ub-post-grid-\"><div class=\"ub-post-grid-items is-grid columns-2\" style=\"row-gap: 32px; column-gap: 32px; \"><article id=\"post-8453\" class=\"ub-post-grid-item post-8453 post type-post status-publish format-standard has-post-thumbnail hentry category-rutas-y-excursiones tag-almiruete tag-arquitectura tag-campillo-de-ranas tag-que-ver-en-guadalajara tag-majaelrayo tag-palancares tag-pueblos tag-pueblos-bonitos tag-pueblos-negros tag-robleluengo tag-tamajon\" style=\"\"><div class=\"ub-block-post-grid-image\" style=\"\"><a href=\"https:\/\/www.escapadarural.com\/blog\/ruta-por-los-pueblos-negros-guadalajara\/\" rel=\"bookmark\" aria-hidden=\"true\" tabindex=\"-1\"><img loading=\"lazy\" decoding=\"async\" width=\"1024\" height=\"658\" src=\"https:\/\/www.escapadarural.com\/blog\/wp-content\/uploads\/2024\/10\/ruta-pueblos-negros-guadalajara-2-1-1024x658-3.jpg\" class=\"attachment-full size-full\" alt=\"Una plaza de piedra con una fuente central, rodeada de los r\u00fasticos edificios de piedra t\u00edpicos de los pueblos negros y una torre de iglesia bajo un cielo azul con nubes dispersas. La gente pasea y se re\u00fane cerca de la fuente y los edificios.\" style=\"max-width: 600px; \" srcset=\"https:\/\/www.escapadarural.com\/blog\/wp-content\/uploads\/2024\/10\/ruta-pueblos-negros-guadalajara-2-1-1024x658-3-200x129.jpg 200w, https:\/\/www.escapadarural.com\/blog\/wp-content\/uploads\/2024\/10\/ruta-pueblos-negros-guadalajara-2-1-1024x658-3-300x193.jpg 300w, https:\/\/www.escapadarural.com\/blog\/wp-content\/uploads\/2024\/10\/ruta-pueblos-negros-guadalajara-2-1-1024x658-3-400x257.jpg 400w, https:\/\/www.escapadarural.com\/blog\/wp-content\/uploads\/2024\/10\/ruta-pueblos-negros-guadalajara-2-1-1024x658-3-600x386.jpg 600w, https:\/\/www.escapadarural.com\/blog\/wp-content\/uploads\/2024\/10\/ruta-pueblos-negros-guadalajara-2-1-1024x658-3-768x494.jpg 768w, https:\/\/www.escapadarural.com\/blog\/wp-content\/uploads\/2024\/10\/ruta-pueblos-negros-guadalajara-2-1-1024x658-3-800x514.jpg 800w, https:\/\/www.escapadarural.com\/blog\/wp-content\/uploads\/2024\/10\/ruta-pueblos-negros-guadalajara-2-1-1024x658-3.jpg 1024w\" sizes=\"auto, (max-width: 1024px) 100vw, 1024px\"><\/a><\/div><div class=\"ub-block-post-grid-text\" style=\"\"><div class=\"ub-block-post-grid-header-content\"><header class=\"ub-block-post-grid-header\"><h3 class=\"ub-block-post-grid-title\"><a style=\"\" href=\"https:\/\/www.escapadarural.com\/blog\/ruta-por-los-pueblos-negros-guadalajara\/\" rel=\"bookmark\">Ruta por los Pueblos Negros, la Guadalajara m\u00e1s rural<\/a><\/h3><\/header><\/div><div class=\"ub-block-post-grid-excerpt\"><div class=\"ub-block-post-grid-excerpt-text\" style=\"\"><p>Muy cerca de Madrid, en la provincia de Guadalajara, se encuentra la Ruta de los Pueblos Negros. Se trata de una fant\u00e1stica opci\u00f3n para pasar un fin de semana rural, con amigos, en pareja o en familia, tanto por los propios pueblos que componen la ruta como por los lugares naturales que la rodean\u2026<\/p>\n<\/div><p><a class=\"ub-block-post-grid-more-link ub-text-link\" style=\"\" href=\"https:\/\/www.escapadarural.com\/blog\/ruta-por-los-pueblos-negros-guadalajara\/\" rel=\"bookmark\">Leer <span class=\"screen-reader-text\">Ruta por los Pueblos Negros, la Guadalajara m\u00e1s rural<\/span><\/a><\/p><\/div><\/div><\/article>\n<article id=\"post-73298\" class=\"ub-post-grid-item post-73298 post type-post status-publish format-standard has-post-thumbnail hentry category-destinos tag-alquite tag-becerril tag-que-ver-en-castilla-y-leon tag-el-muyo tag-madriguera tag-martin-munoz-de-ayllon tag-pueblos tag-pueblos-negros tag-pueblos-rojos tag-riaza tag-que-ver-en-segovia tag-serracin tag-sierra-de-ayllon tag-villacorta\" style=\"\"><div class=\"ub-block-post-grid-image\" style=\"\"><a href=\"https:\/\/www.escapadarural.com\/blog\/madriguera-el-pueblo-rojo-de-segovia\/\" rel=\"bookmark\" aria-hidden=\"true\" tabindex=\"-1\"><img loading=\"lazy\" decoding=\"async\" width=\"1024\" height=\"574\" src=\"https:\/\/www.escapadarural.com\/blog\/wp-content\/uploads\/2024\/10\/Madriguera_segovia3WP03.webp\" class=\"attachment-full size-full\" alt=\"Madriguera, Segovia. Por Al Carrera\" style=\"max-width: 600px; \" srcset=\"https:\/\/www.escapadarural.com\/blog\/wp-content\/uploads\/2024\/10\/Madriguera_segovia3WP03-200x112.webp 200w, https:\/\/www.escapadarural.com\/blog\/wp-content\/uploads\/2024\/10\/Madriguera_segovia3WP03-300x168.webp 300w, https:\/\/www.escapadarural.com\/blog\/wp-content\/uploads\/2024\/10\/Madriguera_segovia3WP03-400x224.webp 400w, https:\/\/www.escapadarural.com\/blog\/wp-content\/uploads\/2024\/10\/Madriguera_segovia3WP03-600x336.webp 600w, https:\/\/www.escapadarural.com\/blog\/wp-content\/uploads\/2024\/10\/Madriguera_segovia3WP03-768x431.webp 768w, https:\/\/www.escapadarural.com\/blog\/wp-content\/uploads\/2024\/10\/Madriguera_segovia3WP03-800x448.webp 800w, https:\/\/www.escapadarural.com\/blog\/wp-content\/uploads\/2024\/10\/Madriguera_segovia3WP03.webp 1024w\" sizes=\"auto, (max-width: 1024px) 100vw, 1024px\"><\/a><\/div><div class=\"ub-block-post-grid-text\" style=\"\"><div class=\"ub-block-post-grid-header-content\"><header class=\"ub-block-post-grid-header\"><h3 class=\"ub-block-post-grid-title\"><a style=\"\" href=\"https:\/\/www.escapadarural.com\/blog\/madriguera-el-pueblo-rojo-de-segovia\/\" rel=\"bookmark\">El pueblo rojo de Segovia<\/a><\/h3><\/header><\/div><div class=\"ub-block-post-grid-excerpt\"><div class=\"ub-block-post-grid-excerpt-text\" style=\"\"><p>En la zona baja de la sierra de Ayll\u00f3n, en Segovia, existe un grupo de pueblos denominados como \u2018rojos\u2019 por el color de sus calles y sus casas. Al incursionar en ellos da la sensaci\u00f3n de haberse colocado unas gafas de colores tintados o de vivir en un perpetuo atardecer sobre todo en uno de ellos: Madriguera.<\/p>\n<\/div><p><a class=\"ub-block-post-grid-more-link ub-text-link\" style=\"\" href=\"https:\/\/www.escapadarural.com\/blog\/madriguera-el-pueblo-rojo-de-segovia\/\" rel=\"bookmark\">Leer <span class=\"screen-reader-text\">El pueblo rojo de Segovia<\/span><\/a><\/p><\/div><\/div><\/article>\n<article id=\"post-70866\" class=\"ub-post-grid-item post-70866 post type-post status-publish format-standard has-post-thumbnail hentry category-destinos tag-que-ver-en-castilla-la-mancha tag-que-ver-en-guadalajara tag-listado tag-pueblos tag-pueblos-bonitos tag-pueblos-negros\" style=\"\"><div class=\"ub-block-post-grid-image\" style=\"\"><a href=\"https:\/\/www.escapadarural.com\/blog\/pueblos-negros-mas-bonitos-de-guadalajara\/\" rel=\"bookmark\" aria-hidden=\"true\" tabindex=\"-1\"><img loading=\"lazy\" decoding=\"async\" width=\"2048\" height=\"1407\" src=\"https:\/\/www.escapadarural.com\/blog\/wp-content\/uploads\/2024\/03\/valverde-de-los-arroyos-1-scaled-1.jpg\" class=\"attachment-full size-full\" alt=\"Valverde de los arroyos, en Guadalajara. Pueblos negros. Por RA_fotografia\" style=\"max-width: 600px; \" srcset=\"https:\/\/www.escapadarural.com\/blog\/wp-content\/uploads\/2024\/03\/valverde-de-los-arroyos-1-scaled-1-200x137.jpg 200w, https:\/\/www.escapadarural.com\/blog\/wp-content\/uploads\/2024\/03\/valverde-de-los-arroyos-1-scaled-1-300x206.jpg 300w, https:\/\/www.escapadarural.com\/blog\/wp-content\/uploads\/2024\/03\/valverde-de-los-arroyos-1-scaled-1-400x275.jpg 400w, https:\/\/www.escapadarural.com\/blog\/wp-content\/uploads\/2024\/03\/valverde-de-los-arroyos-1-scaled-1-600x412.jpg 600w, https:\/\/www.escapadarural.com\/blog\/wp-content\/uploads\/2024\/03\/valverde-de-los-arroyos-1-scaled-1-768x528.jpg 768w, https:\/\/www.escapadarural.com\/blog\/wp-content\/uploads\/2024\/03\/valverde-de-los-arroyos-1-scaled-1-800x550.jpg 800w, https:\/\/www.escapadarural.com\/blog\/wp-content\/uploads\/2024\/03\/valverde-de-los-arroyos-1-scaled-1-1024x704.jpg 1024w, https:\/\/www.escapadarural.com\/blog\/wp-content\/uploads\/2024\/03\/valverde-de-los-arroyos-1-scaled-1-1200x824.jpg 1200w, https:\/\/www.escapadarural.com\/blog\/wp-content\/uploads\/2024\/03\/valverde-de-los-arroyos-1-scaled-1-1536x1055.jpg 1536w, https:\/\/www.escapadarural.com\/blog\/wp-content\/uploads\/2024\/03\/valverde-de-los-arroyos-1-scaled-1.jpg 2048w\" sizes=\"auto, (max-width: 2048px) 100vw, 2048px\"><\/a><\/div><div class=\"ub-block-post-grid-text\" style=\"\"><div class=\"ub-block-post-grid-header-content\"><header class=\"ub-block-post-grid-header\"><h3 class=\"ub-block-post-grid-title\"><a style=\"\" href=\"https:\/\/www.escapadarural.com\/blog\/pueblos-negros-mas-bonitos-de-guadalajara\/\" rel=\"bookmark\">Los 5 pueblos negros de Guadalajara m\u00e1s bonitos<\/a><\/h3><\/header><\/div><div class=\"ub-block-post-grid-excerpt\"><div class=\"ub-block-post-grid-excerpt-text\" style=\"\"><p>Casas de piedra, tejados de pizarra\u2026 Estos son solo algunos de los pueblos negros m\u00e1s bonitos de Guadalajara, aunque hay muchos m\u00e1s. <\/p>\n<\/div><p><a class=\"ub-block-post-grid-more-link ub-text-link\" style=\"\" href=\"https:\/\/www.escapadarural.com\/blog\/pueblos-negros-mas-bonitos-de-guadalajara\/\" rel=\"bookmark\">Leer <span class=\"screen-reader-text\">Los 5 pueblos negros de Guadalajara m\u00e1s bonitos<\/span><\/a><\/p><\/div><\/div><\/article>\n<article id=\"post-62243\" class=\"ub-post-grid-item post-62243 post type-post status-publish format-standard has-post-thumbnail hentry category-rutas-y-excursiones tag-que-ver-en-albacete tag-alcala-del-jucar tag-articulo tag-barrancas-del-burujon tag-castilla-la-mancha tag-que-ver-en-ciudad-real tag-que-ver-en-cuenca tag-que-ver-en-guadalajara tag-imprescindibles-castilla-la-mancha tag-lagunas-de-ruidera tag-pueblos-negros tag-serrania-de-cuenca tag-que-ver-en-toledo tag-turismo-rural\" style=\"\"><div class=\"ub-block-post-grid-image\" style=\"\"><a href=\"https:\/\/www.escapadarural.com\/blog\/experiencias-de-cine-en-castilla-la-mancha\/\" rel=\"bookmark\" aria-hidden=\"true\" tabindex=\"-1\"><img loading=\"lazy\" decoding=\"async\" width=\"1024\" height=\"731\" src=\"https:\/\/www.escapadarural.com\/blog\/wp-content\/uploads\/2024\/10\/AdobeStock_276813847-1024x731-2.jpeg\" class=\"attachment-full size-full\" alt=\"Una terraza de madera con una barandilla r\u00fastica da a un lago azul claro rodeado de colinas verdes y juncos bajo un cielo brillante con nubes blancas dispersas.\" style=\"max-width: 600px; \" srcset=\"https:\/\/www.escapadarural.com\/blog\/wp-content\/uploads\/2024\/10\/AdobeStock_276813847-1024x731-2-200x143.jpeg 200w, https:\/\/www.escapadarural.com\/blog\/wp-content\/uploads\/2024\/10\/AdobeStock_276813847-1024x731-2-300x214.jpeg 300w, https:\/\/www.escapadarural.com\/blog\/wp-content\/uploads\/2024\/10\/AdobeStock_276813847-1024x731-2-400x286.jpeg 400w, https:\/\/www.escapadarural.com\/blog\/wp-content\/uploads\/2024\/10\/AdobeStock_276813847-1024x731-2-600x428.jpeg 600w, https:\/\/www.escapadarural.com\/blog\/wp-content\/uploads\/2024\/10\/AdobeStock_276813847-1024x731-2-768x548.jpeg 768w, https:\/\/www.escapadarural.com\/blog\/wp-content\/uploads\/2024\/10\/AdobeStock_276813847-1024x731-2-800x571.jpeg 800w, https:\/\/www.escapadarural.com\/blog\/wp-content\/uploads\/2024\/10\/AdobeStock_276813847-1024x731-2.jpeg 1024w\" sizes=\"auto, (max-width: 1024px) 100vw, 1024px\"><\/a><\/div><div class=\"ub-block-post-grid-text\" style=\"\"><div class=\"ub-block-post-grid-header-content\"><header class=\"ub-block-post-grid-header\"><h3 class=\"ub-block-post-grid-title\"><a style=\"\" href=\"https:\/\/www.escapadarural.com\/blog\/experiencias-de-cine-en-castilla-la-mancha\/\" rel=\"bookmark\">Diez experiencias \u00abde cine\u00bb en Castilla-La Mancha<\/a><\/h3><\/header><\/div><div class=\"ub-block-post-grid-excerpt\"><div class=\"ub-block-post-grid-excerpt-text\" style=\"\"><p>Castilla-La Mancha es la tercera comunidad aut\u00f3noma en superficie, donde descubriremos una gastronom\u00eda aut\u00e9ntica, unos parajes naturales vibrantes y mucho m\u00e1s.<\/p>\n<\/div><p><a class=\"ub-block-post-grid-more-link ub-text-link\" style=\"\" href=\"https:\/\/www.escapadarural.com\/blog\/experiencias-de-cine-en-castilla-la-mancha\/\" rel=\"bookmark\">Leer <span class=\"screen-reader-text\">Diez experiencias \u00abde cine\u00bb en Castilla-La Mancha<\/span><\/a><\/p><\/div><\/div><\/article>\n<\/div><\/section>","protected":false},"excerpt":{"rendered":"<p>Umbralejo, uno de los pueblos negros de Guadalajara que ha pasado de estar abandonado ha ser reconvertido en un centro educativo.<\/p>\n","protected":false},"author":114,"featured_media":71156,"comment_status":"open","ping_status":"open","sticky":false,"template":"","format":"standard","meta":{"_acf_changed":false,"om_disable_all_campaigns":false,"footnotes":""},"categories":[231],"tags":[5706,6029,2423,2487,341,440,347,5707],"class_list":["post-84020","post","type-post","status-publish","format-standard","has-post-thumbnail","hentry","category-arte-y-cultura","tag-aula-rural","tag-que-ver-en-castilla-la-mancha","tag-despoblacion","tag-espana-vacia","tag-que-ver-en-guadalajara","tag-historias-y-curiosidades","tag-pueblos-negros","tag-umbralejo"],"acf":[],"featured_image_src":"https:\/\/www.escapadarural.com\/blog\/wp-content\/uploads\/2024\/03\/umbralejo-scaled-1.jpg","author_info":{"display_name":"Carmen L\u00f3pez","author_link":"https:\/\/www.escapadarural.com\/blog\/autor\/carmenlopez\/"},"yoast_head":"<!-- This site is optimized with the Yoast SEO plugin v27.5 - https:\/\/yoast.com\/product\/yoast-seo-wordpress\/ -->\n<title>Umbralejo, el pueblo negro abandonado y reconvertido en aula rural - EscapadaRural<\/title>\n<meta name=\"robots\" content=\"index, follow, max-snippet:-1, max-image-preview:large, max-video-preview:-1\" \/>\n<link rel=\"canonical\" href=\"https:\/\/www.escapadarural.com\/blog\/umbralejo-aula-rural-en-guadalajara\/\" \/>\n<meta property=\"og:locale\" content=\"es_ES\" \/>\n<meta property=\"og:type\" content=\"article\" \/>\n<meta property=\"og:title\" content=\"Umbralejo, el pueblo negro abandonado y reconvertido en aula rural - EscapadaRural\" \/>\n<meta property=\"og:description\" content=\"Umbralejo, uno de los pueblos negros de Guadalajara que ha pasado de estar abandonado ha ser reconvertido en un centro educativo.\" \/>\n<meta property=\"og:url\" content=\"https:\/\/www.escapadarural.com\/blog\/umbralejo-aula-rural-en-guadalajara\/\" \/>\n<meta property=\"og:site_name\" content=\"Magazine de viajes de EscapadaRural\" \/>\n<meta property=\"article:publisher\" content=\"https:\/\/www.facebook.com\/escapadarural\" \/>\n<meta property=\"article:published_time\" content=\"2024-07-01T09:57:00+00:00\" \/>\n<meta property=\"article:modified_time\" content=\"2025-02-10T16:53:10+00:00\" \/>\n<meta property=\"og:image\" content=\"https:\/\/www.escapadarural.com\/blog\/wp-content\/uploads\/2024\/03\/umbralejo-scaled-1.jpg\" \/>\n\t<meta property=\"og:image:width\" content=\"2048\" \/>\n\t<meta property=\"og:image:height\" content=\"1366\" \/>\n\t<meta property=\"og:image:type\" content=\"image\/jpeg\" \/>\n<meta name=\"author\" content=\"Carmen L\u00f3pez\" \/>\n<meta name=\"twitter:card\" content=\"summary_large_image\" \/>\n<meta name=\"twitter:label1\" content=\"Escrito por\" \/>\n\t<meta name=\"twitter:data1\" content=\"Carmen L\u00f3pez\" \/>\n\t<meta name=\"twitter:label2\" content=\"Tiempo de lectura\" \/>\n\t<meta name=\"twitter:data2\" content=\"6 minutos\" \/>\n<script type=\"application\/ld+json\" class=\"yoast-schema-graph\">{\"@context\":\"https:\\\/\\\/schema.org\",\"@graph\":[{\"@type\":\"Article\",\"@id\":\"https:\\\/\\\/www.escapadarural.com\\\/blog\\\/umbralejo-aula-rural-en-guadalajara\\\/#article\",\"isPartOf\":{\"@id\":\"https:\\\/\\\/www.escapadarural.com\\\/blog\\\/umbralejo-aula-rural-en-guadalajara\\\/\"},\"author\":{\"name\":\"Carmen L\u00f3pez\",\"@id\":\"https:\\\/\\\/www.escapadarural.com\\\/blog\\\/#\\\/schema\\\/person\\\/42dfdff6118172efc6a04c8ae599a2ce\"},\"headline\":\"Umbralejo, el pueblo negro abandonado y reconvertido en aula rural\",\"datePublished\":\"2024-07-01T09:57:00+00:00\",\"dateModified\":\"2025-02-10T16:53:10+00:00\",\"mainEntityOfPage\":{\"@id\":\"https:\\\/\\\/www.escapadarural.com\\\/blog\\\/umbralejo-aula-rural-en-guadalajara\\\/\"},\"wordCount\":1027,\"commentCount\":0,\"publisher\":{\"@id\":\"https:\\\/\\\/www.escapadarural.com\\\/blog\\\/#organization\"},\"image\":{\"@id\":\"https:\\\/\\\/www.escapadarural.com\\\/blog\\\/umbralejo-aula-rural-en-guadalajara\\\/#primaryimage\"},\"thumbnailUrl\":\"https:\\\/\\\/www.escapadarural.com\\\/blog\\\/wp-content\\\/uploads\\\/2024\\\/03\\\/umbralejo-scaled-1.jpg\",\"keywords\":[\"aula rural\",\"Castilla-La Mancha\",\"despoblaci\u00f3n\",\"Espa\u00f1a vac\u00eda\",\"Guadalajara\",\"Historias y Curiosidades\",\"Pueblos Negros\",\"umbralejo\"],\"articleSection\":[\"Arte y Cultura\"],\"inLanguage\":\"es\",\"potentialAction\":[{\"@type\":\"CommentAction\",\"name\":\"Comment\",\"target\":[\"https:\\\/\\\/www.escapadarural.com\\\/blog\\\/umbralejo-aula-rural-en-guadalajara\\\/#respond\"]}]},{\"@type\":\"WebPage\",\"@id\":\"https:\\\/\\\/www.escapadarural.com\\\/blog\\\/umbralejo-aula-rural-en-guadalajara\\\/\",\"url\":\"https:\\\/\\\/www.escapadarural.com\\\/blog\\\/umbralejo-aula-rural-en-guadalajara\\\/\",\"name\":\"Umbralejo, el pueblo negro abandonado y reconvertido en aula rural - EscapadaRural\",\"isPartOf\":{\"@id\":\"https:\\\/\\\/www.escapadarural.com\\\/blog\\\/#website\"},\"primaryImageOfPage\":{\"@id\":\"https:\\\/\\\/www.escapadarural.com\\\/blog\\\/umbralejo-aula-rural-en-guadalajara\\\/#primaryimage\"},\"image\":{\"@id\":\"https:\\\/\\\/www.escapadarural.com\\\/blog\\\/umbralejo-aula-rural-en-guadalajara\\\/#primaryimage\"},\"thumbnailUrl\":\"https:\\\/\\\/www.escapadarural.com\\\/blog\\\/wp-content\\\/uploads\\\/2024\\\/03\\\/umbralejo-scaled-1.jpg\",\"datePublished\":\"2024-07-01T09:57:00+00:00\",\"dateModified\":\"2025-02-10T16:53:10+00:00\",\"breadcrumb\":{\"@id\":\"https:\\\/\\\/www.escapadarural.com\\\/blog\\\/umbralejo-aula-rural-en-guadalajara\\\/#breadcrumb\"},\"inLanguage\":\"es\",\"potentialAction\":[{\"@type\":\"ReadAction\",\"target\":[\"https:\\\/\\\/www.escapadarural.com\\\/blog\\\/umbralejo-aula-rural-en-guadalajara\\\/\"]}]},{\"@type\":\"ImageObject\",\"inLanguage\":\"es\",\"@id\":\"https:\\\/\\\/www.escapadarural.com\\\/blog\\\/umbralejo-aula-rural-en-guadalajara\\\/#primaryimage\",\"url\":\"https:\\\/\\\/www.escapadarural.com\\\/blog\\\/wp-content\\\/uploads\\\/2024\\\/03\\\/umbralejo-scaled-1.jpg\",\"contentUrl\":\"https:\\\/\\\/www.escapadarural.com\\\/blog\\\/wp-content\\\/uploads\\\/2024\\\/03\\\/umbralejo-scaled-1.jpg\",\"width\":2048,\"height\":1366,\"caption\":\"Umbralejo. Por Ricardo Ferrando\"},{\"@type\":\"BreadcrumbList\",\"@id\":\"https:\\\/\\\/www.escapadarural.com\\\/blog\\\/umbralejo-aula-rural-en-guadalajara\\\/#breadcrumb\",\"itemListElement\":[{\"@type\":\"ListItem\",\"position\":1,\"name\":\"Inicio\",\"item\":\"https:\\\/\\\/www.escapadarural.com\\\/blog\\\/\"},{\"@type\":\"ListItem\",\"position\":2,\"name\":\"Arte y Cultura\",\"item\":\"https:\\\/\\\/www.escapadarural.com\\\/blog\\\/categoria\\\/arte-y-cultura\\\/\"},{\"@type\":\"ListItem\",\"position\":3,\"name\":\"Umbralejo, el pueblo negro abandonado y reconvertido en aula rural\"}]},{\"@type\":\"WebSite\",\"@id\":\"https:\\\/\\\/www.escapadarural.com\\\/blog\\\/#website\",\"url\":\"https:\\\/\\\/www.escapadarural.com\\\/blog\\\/\",\"name\":\"Blog de viajes | turismo rural, alojamientos e inspiraci\u00f3n\",\"description\":\"Alojamientos rurales e inspiraci\u00f3n para tus escapadas\",\"publisher\":{\"@id\":\"https:\\\/\\\/www.escapadarural.com\\\/blog\\\/#organization\"},\"alternateName\":\"Magazine de viajes de EscapadaRural\",\"potentialAction\":[{\"@type\":\"SearchAction\",\"target\":{\"@type\":\"EntryPoint\",\"urlTemplate\":\"https:\\\/\\\/www.escapadarural.com\\\/blog\\\/?s={search_term_string}\"},\"query-input\":{\"@type\":\"PropertyValueSpecification\",\"valueRequired\":true,\"valueName\":\"search_term_string\"}}],\"inLanguage\":\"es\"},{\"@type\":\"Organization\",\"@id\":\"https:\\\/\\\/www.escapadarural.com\\\/blog\\\/#organization\",\"name\":\"EscapadaRural\",\"url\":\"https:\\\/\\\/www.escapadarural.com\\\/blog\\\/\",\"logo\":{\"@type\":\"ImageObject\",\"inLanguage\":\"es\",\"@id\":\"https:\\\/\\\/www.escapadarural.com\\\/blog\\\/#\\\/schema\\\/logo\\\/image\\\/\",\"url\":\"https:\\\/\\\/www.escapadarural.com\\\/blog\\\/wp-content\\\/uploads\\\/2024\\\/10\\\/cropped-cropped-escapada-rural-icon-mag-3.png\",\"contentUrl\":\"https:\\\/\\\/www.escapadarural.com\\\/blog\\\/wp-content\\\/uploads\\\/2024\\\/10\\\/cropped-cropped-escapada-rural-icon-mag-3.png\",\"width\":512,\"height\":512,\"caption\":\"EscapadaRural\"},\"image\":{\"@id\":\"https:\\\/\\\/www.escapadarural.com\\\/blog\\\/#\\\/schema\\\/logo\\\/image\\\/\"},\"sameAs\":[\"https:\\\/\\\/www.facebook.com\\\/escapadarural\",\"https:\\\/\\\/www.instagram.com\\\/escapadarural\\\/\",\"https:\\\/\\\/www.youtube.com\\\/@escapadaruralcom\"]},{\"@type\":\"Person\",\"@id\":\"https:\\\/\\\/www.escapadarural.com\\\/blog\\\/#\\\/schema\\\/person\\\/42dfdff6118172efc6a04c8ae599a2ce\",\"name\":\"Carmen L\u00f3pez\",\"image\":{\"@type\":\"ImageObject\",\"inLanguage\":\"es\",\"@id\":\"https:\\\/\\\/www.escapadarural.com\\\/blog\\\/wp-content\\\/uploads\\\/2024\\\/11\\\/cropped-perfil_eldiario-96x96-1-96x96.jpeg\",\"url\":\"https:\\\/\\\/www.escapadarural.com\\\/blog\\\/wp-content\\\/uploads\\\/2024\\\/11\\\/cropped-perfil_eldiario-96x96-1-96x96.jpeg\",\"contentUrl\":\"https:\\\/\\\/www.escapadarural.com\\\/blog\\\/wp-content\\\/uploads\\\/2024\\\/11\\\/cropped-perfil_eldiario-96x96-1-96x96.jpeg\",\"caption\":\"Carmen L\u00f3pez\"},\"description\":\"Soy periodista y escribo sobre cosas que importan en sitios que interesan desde hace m\u00e1s de una d\u00e9cada.\",\"url\":\"https:\\\/\\\/www.escapadarural.com\\\/blog\\\/autor\\\/carmenlopez\\\/\"}]}<\/script>\n<!-- \/ Yoast SEO plugin. -->","yoast_head_json":{"title":"Umbralejo, el pueblo negro abandonado y reconvertido en aula rural - EscapadaRural","robots":{"index":"index","follow":"follow","max-snippet":"max-snippet:-1","max-image-preview":"max-image-preview:large","max-video-preview":"max-video-preview:-1"},"canonical":"https:\/\/www.escapadarural.com\/blog\/umbralejo-aula-rural-en-guadalajara\/","og_locale":"es_ES","og_type":"article","og_title":"Umbralejo, el pueblo negro abandonado y reconvertido en aula rural - EscapadaRural","og_description":"Umbralejo, uno de los pueblos negros de Guadalajara que ha pasado de estar abandonado ha ser reconvertido en un centro educativo.","og_url":"https:\/\/www.escapadarural.com\/blog\/umbralejo-aula-rural-en-guadalajara\/","og_site_name":"Magazine de viajes de EscapadaRural","article_publisher":"https:\/\/www.facebook.com\/escapadarural","article_published_time":"2024-07-01T09:57:00+00:00","article_modified_time":"2025-02-10T16:53:10+00:00","og_image":[{"width":2048,"height":1366,"url":"https:\/\/www.escapadarural.com\/blog\/wp-content\/uploads\/2024\/03\/umbralejo-scaled-1.jpg","type":"image\/jpeg"}],"author":"Carmen L\u00f3pez","twitter_card":"summary_large_image","twitter_misc":{"Escrito por":"Carmen L\u00f3pez","Tiempo de lectura":"6 minutos"},"schema":{"@context":"https:\/\/schema.org","@graph":[{"@type":"Article","@id":"https:\/\/www.escapadarural.com\/blog\/umbralejo-aula-rural-en-guadalajara\/#article","isPartOf":{"@id":"https:\/\/www.escapadarural.com\/blog\/umbralejo-aula-rural-en-guadalajara\/"},"author":{"name":"Carmen L\u00f3pez","@id":"https:\/\/www.escapadarural.com\/blog\/#\/schema\/person\/42dfdff6118172efc6a04c8ae599a2ce"},"headline":"Umbralejo, el pueblo negro abandonado y reconvertido en aula rural","datePublished":"2024-07-01T09:57:00+00:00","dateModified":"2025-02-10T16:53:10+00:00","mainEntityOfPage":{"@id":"https:\/\/www.escapadarural.com\/blog\/umbralejo-aula-rural-en-guadalajara\/"},"wordCount":1027,"commentCount":0,"publisher":{"@id":"https:\/\/www.escapadarural.com\/blog\/#organization"},"image":{"@id":"https:\/\/www.escapadarural.com\/blog\/umbralejo-aula-rural-en-guadalajara\/#primaryimage"},"thumbnailUrl":"https:\/\/www.escapadarural.com\/blog\/wp-content\/uploads\/2024\/03\/umbralejo-scaled-1.jpg","keywords":["aula rural","Castilla-La Mancha","despoblaci\u00f3n","Espa\u00f1a vac\u00eda","Guadalajara","Historias y Curiosidades","Pueblos Negros","umbralejo"],"articleSection":["Arte y Cultura"],"inLanguage":"es","potentialAction":[{"@type":"CommentAction","name":"Comment","target":["https:\/\/www.escapadarural.com\/blog\/umbralejo-aula-rural-en-guadalajara\/#respond"]}]},{"@type":"WebPage","@id":"https:\/\/www.escapadarural.com\/blog\/umbralejo-aula-rural-en-guadalajara\/","url":"https:\/\/www.escapadarural.com\/blog\/umbralejo-aula-rural-en-guadalajara\/","name":"Umbralejo, el pueblo negro abandonado y reconvertido en aula rural - EscapadaRural","isPartOf":{"@id":"https:\/\/www.escapadarural.com\/blog\/#website"},"primaryImageOfPage":{"@id":"https:\/\/www.escapadarural.com\/blog\/umbralejo-aula-rural-en-guadalajara\/#primaryimage"},"image":{"@id":"https:\/\/www.escapadarural.com\/blog\/umbralejo-aula-rural-en-guadalajara\/#primaryimage"},"thumbnailUrl":"https:\/\/www.escapadarural.com\/blog\/wp-content\/uploads\/2024\/03\/umbralejo-scaled-1.jpg","datePublished":"2024-07-01T09:57:00+00:00","dateModified":"2025-02-10T16:53:10+00:00","breadcrumb":{"@id":"https:\/\/www.escapadarural.com\/blog\/umbralejo-aula-rural-en-guadalajara\/#breadcrumb"},"inLanguage":"es","potentialAction":[{"@type":"ReadAction","target":["https:\/\/www.escapadarural.com\/blog\/umbralejo-aula-rural-en-guadalajara\/"]}]},{"@type":"ImageObject","inLanguage":"es","@id":"https:\/\/www.escapadarural.com\/blog\/umbralejo-aula-rural-en-guadalajara\/#primaryimage","url":"https:\/\/www.escapadarural.com\/blog\/wp-content\/uploads\/2024\/03\/umbralejo-scaled-1.jpg","contentUrl":"https:\/\/www.escapadarural.com\/blog\/wp-content\/uploads\/2024\/03\/umbralejo-scaled-1.jpg","width":2048,"height":1366,"caption":"Umbralejo. Por Ricardo Ferrando"},{"@type":"BreadcrumbList","@id":"https:\/\/www.escapadarural.com\/blog\/umbralejo-aula-rural-en-guadalajara\/#breadcrumb","itemListElement":[{"@type":"ListItem","position":1,"name":"Inicio","item":"https:\/\/www.escapadarural.com\/blog\/"},{"@type":"ListItem","position":2,"name":"Arte y Cultura","item":"https:\/\/www.escapadarural.com\/blog\/categoria\/arte-y-cultura\/"},{"@type":"ListItem","position":3,"name":"Umbralejo, el pueblo negro abandonado y reconvertido en aula rural"}]},{"@type":"WebSite","@id":"https:\/\/www.escapadarural.com\/blog\/#website","url":"https:\/\/www.escapadarural.com\/blog\/","name":"Blog de viajes | turismo rural, alojamientos e inspiraci\u00f3n","description":"Alojamientos rurales e inspiraci\u00f3n para tus escapadas","publisher":{"@id":"https:\/\/www.escapadarural.com\/blog\/#organization"},"alternateName":"Magazine de viajes de EscapadaRural","potentialAction":[{"@type":"SearchAction","target":{"@type":"EntryPoint","urlTemplate":"https:\/\/www.escapadarural.com\/blog\/?s={search_term_string}"},"query-input":{"@type":"PropertyValueSpecification","valueRequired":true,"valueName":"search_term_string"}}],"inLanguage":"es"},{"@type":"Organization","@id":"https:\/\/www.escapadarural.com\/blog\/#organization","name":"EscapadaRural","url":"https:\/\/www.escapadarural.com\/blog\/","logo":{"@type":"ImageObject","inLanguage":"es","@id":"https:\/\/www.escapadarural.com\/blog\/#\/schema\/logo\/image\/","url":"https:\/\/www.escapadarural.com\/blog\/wp-content\/uploads\/2024\/10\/cropped-cropped-escapada-rural-icon-mag-3.png","contentUrl":"https:\/\/www.escapadarural.com\/blog\/wp-content\/uploads\/2024\/10\/cropped-cropped-escapada-rural-icon-mag-3.png","width":512,"height":512,"caption":"EscapadaRural"},"image":{"@id":"https:\/\/www.escapadarural.com\/blog\/#\/schema\/logo\/image\/"},"sameAs":["https:\/\/www.facebook.com\/escapadarural","https:\/\/www.instagram.com\/escapadarural\/","https:\/\/www.youtube.com\/@escapadaruralcom"]},{"@type":"Person","@id":"https:\/\/www.escapadarural.com\/blog\/#\/schema\/person\/42dfdff6118172efc6a04c8ae599a2ce","name":"Carmen L\u00f3pez","image":{"@type":"ImageObject","inLanguage":"es","@id":"https:\/\/www.escapadarural.com\/blog\/wp-content\/uploads\/2024\/11\/cropped-perfil_eldiario-96x96-1-96x96.jpeg","url":"https:\/\/www.escapadarural.com\/blog\/wp-content\/uploads\/2024\/11\/cropped-perfil_eldiario-96x96-1-96x96.jpeg","contentUrl":"https:\/\/www.escapadarural.com\/blog\/wp-content\/uploads\/2024\/11\/cropped-perfil_eldiario-96x96-1-96x96.jpeg","caption":"Carmen L\u00f3pez"},"description":"Soy periodista y escribo sobre cosas que importan en sitios que interesan desde hace m\u00e1s de una d\u00e9cada.","url":"https:\/\/www.escapadarural.com\/blog\/autor\/carmenlopez\/"}]}},"_links":{"self":[{"href":"https:\/\/www.escapadarural.com\/blog\/wp-json\/wp\/v2\/posts\/84020","targetHints":{"allow":["GET"]}}],"collection":[{"href":"https:\/\/www.escapadarural.com\/blog\/wp-json\/wp\/v2\/posts"}],"about":[{"href":"https:\/\/www.escapadarural.com\/blog\/wp-json\/wp\/v2\/types\/post"}],"author":[{"embeddable":true,"href":"https:\/\/www.escapadarural.com\/blog\/wp-json\/wp\/v2\/users\/114"}],"replies":[{"embeddable":true,"href":"https:\/\/www.escapadarural.com\/blog\/wp-json\/wp\/v2\/comments?post=84020"}],"version-history":[{"count":0,"href":"https:\/\/www.escapadarural.com\/blog\/wp-json\/wp\/v2\/posts\/84020\/revisions"}],"wp:featuredmedia":[{"embeddable":true,"href":"https:\/\/www.escapadarural.com\/blog\/wp-json\/wp\/v2\/media\/71156"}],"wp:attachment":[{"href":"https:\/\/www.escapadarural.com\/blog\/wp-json\/wp\/v2\/media?parent=84020"}],"wp:term":[{"taxonomy":"category","embeddable":true,"href":"https:\/\/www.escapadarural.com\/blog\/wp-json\/wp\/v2\/categories?post=84020"},{"taxonomy":"post_tag","embeddable":true,"href":"https:\/\/www.escapadarural.com\/blog\/wp-json\/wp\/v2\/tags?post=84020"}],"curies":[{"name":"wp","href":"https:\/\/api.w.org\/{rel}","templated":true}]}}