{"id":84021,"date":"2024-07-02T06:55:57","date_gmt":"2024-07-02T05:55:57","guid":{"rendered":"https:\/\/www.escapadarural.com\/blog\/?p=78701"},"modified":"2025-01-15T10:46:52","modified_gmt":"2025-01-15T08:46:52","slug":"impacto-economico-turismo-rural-2024","status":"publish","type":"post","link":"https:\/\/www.escapadarural.com\/blog\/impacto-economico-turismo-rural-2024\/","title":{"rendered":"El gasto del turismo rural aumentar\u00e1 un 4,7% este verano"},"content":{"rendered":"\n<figure class=\"wp-block-image size-full\"><img decoding=\"async\" src=\"https:\/\/www.escapadarural.com\/blog\/wp-content\/uploads\/2024\/10\/Guadalupe-Foto-PHB.cz-Richard-Semik.jpg\" alt=\"Guadalupe\" class=\"wp-image-18934\"\/><figcaption class=\"wp-element-caption\">Fuente: PHB.cz (Richard Semik) \/ Shutterstock<\/figcaption><\/figure>\n\n\n\n<p>El <strong>turismo rural<\/strong>, adem\u00e1s de ser una actividad que dinamiza el entorno rural a nivel social, tiene un <strong>impacto econ\u00f3mico <\/strong>en el destino que <strong>ha aumentado un 4,7%<\/strong> en el \u00faltimo a\u00f1o, pasando de un gasto de 81 euros a <strong>85 euros por persona y d\u00eda<\/strong>.<\/p>\n\n\n\n<p>La distribuci\u00f3n de este gasto se reparte en entre el alojamiento (35%) &#8211; que alcanza una media de 30 euros por persona y noche -, y el gasto medio en destino (65%) &#8211; que es de 55 euros por persona y d\u00eda. Este gasto en destino va dedicado, principalmente, al consumo en restauraci\u00f3n (56%), compra de productos locales (28%) y actividades de ocio (15%) que pueden estar orientadas tanto a conocer el destino, sus tradiciones, oficios y patrimonio como a pr\u00e1cticas deportivas u otros.<\/p>\n\n\n\n<p>En \u00e9poca de verano, cuando los viajeros rurales suelen pernoctar en el alojamiento durante 6 noches y realizar turismo rural con la familia, el gasto medio por escapada superar\u00e1 ligeramente los <strong>2.000 euros<\/strong>.&nbsp;<\/p>\n\n\n\n<p><\/p>\n\n\n<div class=\"infogram-embed\" data-id=\"5f4a4cdf-1d55-4c88-bcb5-7b093ebadb2b\" data-type=\"interactive\" data-title=\"Gasto TR por CCAA 2024\"><\/div>\n<p><script>!function(e,n,i,s){var d=\"InfogramEmbeds\";var o=e.getElementsByTagName(n)[0];if(window[d]&&window[d].initialized)window[d].process&&window[d].process();else if(!e.getElementById(i)){var r=e.createElement(n);r.async=1,r.id=i,r.src=s,o.parentNode.insertBefore(r,o)}}(document,\"script\",\"infogram-async\",\"https:\/\/e.infogram.com\/js\/dist\/embed-loader-min.js\");<\/script><\/p>\n<div style=\"padding:8px 0;font-family:Arial!important;font-size:13px!important;line-height:15px!important;text-align:center;border-top:1px solid #dadada;margin:0 30px\"><a href=\"https:\/\/infogram.com\/5f4a4cdf-1d55-4c88-bcb5-7b093ebadb2b\" style=\"color:#989898!important;text-decoration:none!important;\" target=\"_blank\" rel=\"noopener\">Gasto TR por CCAA 2024<\/a><br \/><a href=\"https:\/\/infogram.com\" style=\"color:#989898!important;text-decoration:none!important;\" target=\"_blank\" rel=\"nofollow noopener\">Infogram<\/a><\/div>\n\n\n<div class=\"infogram-embed\" data-id=\"ab155910-30da-4271-b012-2ef48c1698de\" data-type=\"interactive\" data-title=\"Gasto TR por provincia 2024\"><\/div>\n<p><script>!function(e,n,i,s){var d=\"InfogramEmbeds\";var o=e.getElementsByTagName(n)[0];if(window[d]&&window[d].initialized)window[d].process&&window[d].process();else if(!e.getElementById(i)){var r=e.createElement(n);r.async=1,r.id=i,r.src=s,o.parentNode.insertBefore(r,o)}}(document,\"script\",\"infogram-async\",\"https:\/\/e.infogram.com\/js\/dist\/embed-loader-min.js\");<\/script><\/p>\n<div style=\"padding:8px 0;font-family:Arial!important;font-size:13px!important;line-height:15px!important;text-align:center;border-top:1px solid #dadada;margin:0 30px\"><a href=\"https:\/\/infogram.com\/ab155910-30da-4271-b012-2ef48c1698de\" style=\"color:#989898!important;text-decoration:none!important;\" target=\"_blank\" rel=\"noopener\">Gasto TR por provincia 2024<\/a><br \/><a href=\"https:\/\/infogram.com\" style=\"color:#989898!important;text-decoration:none!important;\" target=\"_blank\" rel=\"nofollow noopener\">Infogram<\/a><\/div>\n\n\n\n<p>Son datos del <strong>Observatorio de Turismo Rural 2023-2024<\/strong>, el proyecto de investigaci\u00f3n sobre turismo rural m\u00e1s grande de Espa\u00f1a liderado por EscapadaRural, CETT-UB y Netquest que, en su 8\u00aa edici\u00f3n, analiza las respuestas de cerca de 10.000 viajeros rurales que manifestaron querer ir de turismo rural a lo largo de este a\u00f1o.&nbsp;<\/p>\n","protected":false},"excerpt":{"rendered":"<p>En EscapadaRural hemos analizado el impacto econ\u00f3mico que generar\u00e1 el turismo rural este verano en el destino visitado y que alcanza m\u00e1ximos de hasta los 88 euros por persona y d\u00eda<\/p>\n","protected":false},"author":144,"featured_media":91287,"comment_status":"open","ping_status":"open","sticky":false,"template":"","format":"standard","meta":{"_acf_changed":false,"om_disable_all_campaigns":false,"footnotes":""},"categories":[191,390,964,5610],"tags":[260,971,1591,274],"class_list":["post-84021","post","type-post","status-publish","format-standard","has-post-thumbnail","hentry","category-destinos","category-noticias","category-otr","category-observatorio-turismo-rural-2023","tag-articulo","tag-observatorio-del-turismo-rural","tag-otr","tag-turismo-rural"],"acf":[],"featured_image_src":"https:\/\/www.escapadarural.com\/blog\/wp-content\/uploads\/2024\/10\/Guadalupe-Foto-PHB.cz-Richard-Semik.jpg","author_info":{"display_name":"Judith Monmany","author_link":"https:\/\/www.escapadarural.com\/blog\/autor\/judith-monmany\/"},"yoast_head":"<!-- This site is optimized with the Yoast SEO plugin v27.5 - https:\/\/yoast.com\/product\/yoast-seo-wordpress\/ -->\n<title>El gasto del turismo rural aumentar\u00e1 un 4,7% este verano - EscapadaRural<\/title>\n<meta name=\"robots\" content=\"index, follow, max-snippet:-1, max-image-preview:large, max-video-preview:-1\" \/>\n<link rel=\"canonical\" href=\"https:\/\/www.escapadarural.com\/blog\/impacto-economico-turismo-rural-2024\/\" \/>\n<meta property=\"og:locale\" content=\"es_ES\" \/>\n<meta property=\"og:type\" content=\"article\" \/>\n<meta property=\"og:title\" content=\"El gasto del turismo rural aumentar\u00e1 un 4,7% este verano - EscapadaRural\" \/>\n<meta property=\"og:description\" content=\"En EscapadaRural hemos analizado el impacto econ\u00f3mico que generar\u00e1 el turismo rural este verano en el destino visitado y que alcanza m\u00e1ximos de hasta los 88 euros por persona y d\u00eda\" \/>\n<meta property=\"og:url\" content=\"https:\/\/www.escapadarural.com\/blog\/impacto-economico-turismo-rural-2024\/\" \/>\n<meta property=\"og:site_name\" content=\"Magazine de viajes de EscapadaRural\" \/>\n<meta property=\"article:publisher\" content=\"https:\/\/www.facebook.com\/escapadarural\" \/>\n<meta property=\"article:published_time\" content=\"2024-07-02T05:55:57+00:00\" \/>\n<meta property=\"article:modified_time\" content=\"2025-01-15T08:46:52+00:00\" \/>\n<meta property=\"og:image\" content=\"https:\/\/www.escapadarural.com\/blog\/wp-content\/uploads\/2024\/10\/Guadalupe-Foto-PHB.cz-Richard-Semik.jpg\" \/>\n\t<meta property=\"og:image:width\" content=\"1024\" \/>\n\t<meta property=\"og:image:height\" content=\"682\" \/>\n\t<meta property=\"og:image:type\" content=\"image\/jpeg\" \/>\n<meta name=\"author\" content=\"Judith Monmany\" \/>\n<meta name=\"twitter:card\" content=\"summary_large_image\" \/>\n<meta name=\"twitter:label1\" content=\"Escrito por\" \/>\n\t<meta name=\"twitter:data1\" content=\"Judith Monmany\" \/>\n\t<meta name=\"twitter:label2\" content=\"Tiempo de lectura\" \/>\n\t<meta name=\"twitter:data2\" content=\"1 minuto\" \/>\n<script type=\"application\/ld+json\" class=\"yoast-schema-graph\">{\"@context\":\"https:\\\/\\\/schema.org\",\"@graph\":[{\"@type\":\"Article\",\"@id\":\"https:\\\/\\\/www.escapadarural.com\\\/blog\\\/impacto-economico-turismo-rural-2024\\\/#article\",\"isPartOf\":{\"@id\":\"https:\\\/\\\/www.escapadarural.com\\\/blog\\\/impacto-economico-turismo-rural-2024\\\/\"},\"author\":{\"name\":\"Judith Monmany\",\"@id\":\"https:\\\/\\\/www.escapadarural.com\\\/blog\\\/#\\\/schema\\\/person\\\/25786969bae765c9b5eadf92da1dcffd\"},\"headline\":\"El gasto del turismo rural aumentar\u00e1 un 4,7% este verano\",\"datePublished\":\"2024-07-02T05:55:57+00:00\",\"dateModified\":\"2025-01-15T08:46:52+00:00\",\"mainEntityOfPage\":{\"@id\":\"https:\\\/\\\/www.escapadarural.com\\\/blog\\\/impacto-economico-turismo-rural-2024\\\/\"},\"wordCount\":241,\"commentCount\":0,\"publisher\":{\"@id\":\"https:\\\/\\\/www.escapadarural.com\\\/blog\\\/#organization\"},\"image\":{\"@id\":\"https:\\\/\\\/www.escapadarural.com\\\/blog\\\/impacto-economico-turismo-rural-2024\\\/#primaryimage\"},\"thumbnailUrl\":\"https:\\\/\\\/www.escapadarural.com\\\/blog\\\/wp-content\\\/uploads\\\/2024\\\/10\\\/Guadalupe-Foto-PHB.cz-Richard-Semik.jpg\",\"keywords\":[\"art\u00edculo\",\"Observatorio del Turismo Rural\",\"OTR\",\"turismo rural\"],\"articleSection\":[\"Destinos\",\"Noticias\",\"OTR\",\"OTR 2023\"],\"inLanguage\":\"es\",\"potentialAction\":[{\"@type\":\"CommentAction\",\"name\":\"Comment\",\"target\":[\"https:\\\/\\\/www.escapadarural.com\\\/blog\\\/impacto-economico-turismo-rural-2024\\\/#respond\"]}]},{\"@type\":\"WebPage\",\"@id\":\"https:\\\/\\\/www.escapadarural.com\\\/blog\\\/impacto-economico-turismo-rural-2024\\\/\",\"url\":\"https:\\\/\\\/www.escapadarural.com\\\/blog\\\/impacto-economico-turismo-rural-2024\\\/\",\"name\":\"El gasto del turismo rural aumentar\u00e1 un 4,7% este verano - EscapadaRural\",\"isPartOf\":{\"@id\":\"https:\\\/\\\/www.escapadarural.com\\\/blog\\\/#website\"},\"primaryImageOfPage\":{\"@id\":\"https:\\\/\\\/www.escapadarural.com\\\/blog\\\/impacto-economico-turismo-rural-2024\\\/#primaryimage\"},\"image\":{\"@id\":\"https:\\\/\\\/www.escapadarural.com\\\/blog\\\/impacto-economico-turismo-rural-2024\\\/#primaryimage\"},\"thumbnailUrl\":\"https:\\\/\\\/www.escapadarural.com\\\/blog\\\/wp-content\\\/uploads\\\/2024\\\/10\\\/Guadalupe-Foto-PHB.cz-Richard-Semik.jpg\",\"datePublished\":\"2024-07-02T05:55:57+00:00\",\"dateModified\":\"2025-01-15T08:46:52+00:00\",\"breadcrumb\":{\"@id\":\"https:\\\/\\\/www.escapadarural.com\\\/blog\\\/impacto-economico-turismo-rural-2024\\\/#breadcrumb\"},\"inLanguage\":\"es\",\"potentialAction\":[{\"@type\":\"ReadAction\",\"target\":[\"https:\\\/\\\/www.escapadarural.com\\\/blog\\\/impacto-economico-turismo-rural-2024\\\/\"]}]},{\"@type\":\"ImageObject\",\"inLanguage\":\"es\",\"@id\":\"https:\\\/\\\/www.escapadarural.com\\\/blog\\\/impacto-economico-turismo-rural-2024\\\/#primaryimage\",\"url\":\"https:\\\/\\\/www.escapadarural.com\\\/blog\\\/wp-content\\\/uploads\\\/2024\\\/10\\\/Guadalupe-Foto-PHB.cz-Richard-Semik.jpg\",\"contentUrl\":\"https:\\\/\\\/www.escapadarural.com\\\/blog\\\/wp-content\\\/uploads\\\/2024\\\/10\\\/Guadalupe-Foto-PHB.cz-Richard-Semik.jpg\",\"width\":1024,\"height\":682,\"caption\":\"Vista a\u00e9rea del Real Monasterio de Guadalupe, un gran edificio hist\u00f3rico de piedra con torres y chapiteles, rodeado de casas de tejados blancos y verdes colinas en Extremadura, Espa\u00f1a.\"},{\"@type\":\"BreadcrumbList\",\"@id\":\"https:\\\/\\\/www.escapadarural.com\\\/blog\\\/impacto-economico-turismo-rural-2024\\\/#breadcrumb\",\"itemListElement\":[{\"@type\":\"ListItem\",\"position\":1,\"name\":\"Inicio\",\"item\":\"https:\\\/\\\/www.escapadarural.com\\\/blog\\\/\"},{\"@type\":\"ListItem\",\"position\":2,\"name\":\"Destinos\",\"item\":\"https:\\\/\\\/www.escapadarural.com\\\/blog\\\/categoria\\\/destinos\\\/\"},{\"@type\":\"ListItem\",\"position\":3,\"name\":\"El gasto del turismo rural aumentar\u00e1 un 4,7% este verano\"}]},{\"@type\":\"WebSite\",\"@id\":\"https:\\\/\\\/www.escapadarural.com\\\/blog\\\/#website\",\"url\":\"https:\\\/\\\/www.escapadarural.com\\\/blog\\\/\",\"name\":\"Blog de viajes | turismo rural, alojamientos e inspiraci\u00f3n\",\"description\":\"Alojamientos rurales e inspiraci\u00f3n para tus escapadas\",\"publisher\":{\"@id\":\"https:\\\/\\\/www.escapadarural.com\\\/blog\\\/#organization\"},\"alternateName\":\"Magazine de viajes de EscapadaRural\",\"potentialAction\":[{\"@type\":\"SearchAction\",\"target\":{\"@type\":\"EntryPoint\",\"urlTemplate\":\"https:\\\/\\\/www.escapadarural.com\\\/blog\\\/?s={search_term_string}\"},\"query-input\":{\"@type\":\"PropertyValueSpecification\",\"valueRequired\":true,\"valueName\":\"search_term_string\"}}],\"inLanguage\":\"es\"},{\"@type\":\"Organization\",\"@id\":\"https:\\\/\\\/www.escapadarural.com\\\/blog\\\/#organization\",\"name\":\"EscapadaRural\",\"url\":\"https:\\\/\\\/www.escapadarural.com\\\/blog\\\/\",\"logo\":{\"@type\":\"ImageObject\",\"inLanguage\":\"es\",\"@id\":\"https:\\\/\\\/www.escapadarural.com\\\/blog\\\/#\\\/schema\\\/logo\\\/image\\\/\",\"url\":\"https:\\\/\\\/www.escapadarural.com\\\/blog\\\/wp-content\\\/uploads\\\/2024\\\/10\\\/cropped-cropped-escapada-rural-icon-mag-3.png\",\"contentUrl\":\"https:\\\/\\\/www.escapadarural.com\\\/blog\\\/wp-content\\\/uploads\\\/2024\\\/10\\\/cropped-cropped-escapada-rural-icon-mag-3.png\",\"width\":512,\"height\":512,\"caption\":\"EscapadaRural\"},\"image\":{\"@id\":\"https:\\\/\\\/www.escapadarural.com\\\/blog\\\/#\\\/schema\\\/logo\\\/image\\\/\"},\"sameAs\":[\"https:\\\/\\\/www.facebook.com\\\/escapadarural\",\"https:\\\/\\\/www.instagram.com\\\/escapadarural\\\/\",\"https:\\\/\\\/www.youtube.com\\\/@escapadaruralcom\"]},{\"@type\":\"Person\",\"@id\":\"https:\\\/\\\/www.escapadarural.com\\\/blog\\\/#\\\/schema\\\/person\\\/25786969bae765c9b5eadf92da1dcffd\",\"name\":\"Judith Monmany\",\"image\":{\"@type\":\"ImageObject\",\"inLanguage\":\"es\",\"@id\":\"https:\\\/\\\/secure.gravatar.com\\\/avatar\\\/1754df140325b983610fbba984e4f092ec9249b645010699d0749b7a1ade7c37?s=96&d=mm&r=g\",\"url\":\"https:\\\/\\\/secure.gravatar.com\\\/avatar\\\/1754df140325b983610fbba984e4f092ec9249b645010699d0749b7a1ade7c37?s=96&d=mm&r=g\",\"contentUrl\":\"https:\\\/\\\/secure.gravatar.com\\\/avatar\\\/1754df140325b983610fbba984e4f092ec9249b645010699d0749b7a1ade7c37?s=96&d=mm&r=g\",\"caption\":\"Judith Monmany\"},\"url\":\"https:\\\/\\\/www.escapadarural.com\\\/blog\\\/autor\\\/judith-monmany\\\/\"}]}<\/script>\n<!-- \/ Yoast SEO plugin. -->","yoast_head_json":{"title":"El gasto del turismo rural aumentar\u00e1 un 4,7% este verano - EscapadaRural","robots":{"index":"index","follow":"follow","max-snippet":"max-snippet:-1","max-image-preview":"max-image-preview:large","max-video-preview":"max-video-preview:-1"},"canonical":"https:\/\/www.escapadarural.com\/blog\/impacto-economico-turismo-rural-2024\/","og_locale":"es_ES","og_type":"article","og_title":"El gasto del turismo rural aumentar\u00e1 un 4,7% este verano - EscapadaRural","og_description":"En EscapadaRural hemos analizado el impacto econ\u00f3mico que generar\u00e1 el turismo rural este verano en el destino visitado y que alcanza m\u00e1ximos de hasta los 88 euros por persona y d\u00eda","og_url":"https:\/\/www.escapadarural.com\/blog\/impacto-economico-turismo-rural-2024\/","og_site_name":"Magazine de viajes de EscapadaRural","article_publisher":"https:\/\/www.facebook.com\/escapadarural","article_published_time":"2024-07-02T05:55:57+00:00","article_modified_time":"2025-01-15T08:46:52+00:00","og_image":[{"width":1024,"height":682,"url":"https:\/\/www.escapadarural.com\/blog\/wp-content\/uploads\/2024\/10\/Guadalupe-Foto-PHB.cz-Richard-Semik.jpg","type":"image\/jpeg"}],"author":"Judith Monmany","twitter_card":"summary_large_image","twitter_misc":{"Escrito por":"Judith Monmany","Tiempo de lectura":"1 minuto"},"schema":{"@context":"https:\/\/schema.org","@graph":[{"@type":"Article","@id":"https:\/\/www.escapadarural.com\/blog\/impacto-economico-turismo-rural-2024\/#article","isPartOf":{"@id":"https:\/\/www.escapadarural.com\/blog\/impacto-economico-turismo-rural-2024\/"},"author":{"name":"Judith Monmany","@id":"https:\/\/www.escapadarural.com\/blog\/#\/schema\/person\/25786969bae765c9b5eadf92da1dcffd"},"headline":"El gasto del turismo rural aumentar\u00e1 un 4,7% este verano","datePublished":"2024-07-02T05:55:57+00:00","dateModified":"2025-01-15T08:46:52+00:00","mainEntityOfPage":{"@id":"https:\/\/www.escapadarural.com\/blog\/impacto-economico-turismo-rural-2024\/"},"wordCount":241,"commentCount":0,"publisher":{"@id":"https:\/\/www.escapadarural.com\/blog\/#organization"},"image":{"@id":"https:\/\/www.escapadarural.com\/blog\/impacto-economico-turismo-rural-2024\/#primaryimage"},"thumbnailUrl":"https:\/\/www.escapadarural.com\/blog\/wp-content\/uploads\/2024\/10\/Guadalupe-Foto-PHB.cz-Richard-Semik.jpg","keywords":["art\u00edculo","Observatorio del Turismo Rural","OTR","turismo rural"],"articleSection":["Destinos","Noticias","OTR","OTR 2023"],"inLanguage":"es","potentialAction":[{"@type":"CommentAction","name":"Comment","target":["https:\/\/www.escapadarural.com\/blog\/impacto-economico-turismo-rural-2024\/#respond"]}]},{"@type":"WebPage","@id":"https:\/\/www.escapadarural.com\/blog\/impacto-economico-turismo-rural-2024\/","url":"https:\/\/www.escapadarural.com\/blog\/impacto-economico-turismo-rural-2024\/","name":"El gasto del turismo rural aumentar\u00e1 un 4,7% este verano - EscapadaRural","isPartOf":{"@id":"https:\/\/www.escapadarural.com\/blog\/#website"},"primaryImageOfPage":{"@id":"https:\/\/www.escapadarural.com\/blog\/impacto-economico-turismo-rural-2024\/#primaryimage"},"image":{"@id":"https:\/\/www.escapadarural.com\/blog\/impacto-economico-turismo-rural-2024\/#primaryimage"},"thumbnailUrl":"https:\/\/www.escapadarural.com\/blog\/wp-content\/uploads\/2024\/10\/Guadalupe-Foto-PHB.cz-Richard-Semik.jpg","datePublished":"2024-07-02T05:55:57+00:00","dateModified":"2025-01-15T08:46:52+00:00","breadcrumb":{"@id":"https:\/\/www.escapadarural.com\/blog\/impacto-economico-turismo-rural-2024\/#breadcrumb"},"inLanguage":"es","potentialAction":[{"@type":"ReadAction","target":["https:\/\/www.escapadarural.com\/blog\/impacto-economico-turismo-rural-2024\/"]}]},{"@type":"ImageObject","inLanguage":"es","@id":"https:\/\/www.escapadarural.com\/blog\/impacto-economico-turismo-rural-2024\/#primaryimage","url":"https:\/\/www.escapadarural.com\/blog\/wp-content\/uploads\/2024\/10\/Guadalupe-Foto-PHB.cz-Richard-Semik.jpg","contentUrl":"https:\/\/www.escapadarural.com\/blog\/wp-content\/uploads\/2024\/10\/Guadalupe-Foto-PHB.cz-Richard-Semik.jpg","width":1024,"height":682,"caption":"Vista a\u00e9rea del Real Monasterio de Guadalupe, un gran edificio hist\u00f3rico de piedra con torres y chapiteles, rodeado de casas de tejados blancos y verdes colinas en Extremadura, Espa\u00f1a."},{"@type":"BreadcrumbList","@id":"https:\/\/www.escapadarural.com\/blog\/impacto-economico-turismo-rural-2024\/#breadcrumb","itemListElement":[{"@type":"ListItem","position":1,"name":"Inicio","item":"https:\/\/www.escapadarural.com\/blog\/"},{"@type":"ListItem","position":2,"name":"Destinos","item":"https:\/\/www.escapadarural.com\/blog\/categoria\/destinos\/"},{"@type":"ListItem","position":3,"name":"El gasto del turismo rural aumentar\u00e1 un 4,7% este verano"}]},{"@type":"WebSite","@id":"https:\/\/www.escapadarural.com\/blog\/#website","url":"https:\/\/www.escapadarural.com\/blog\/","name":"Blog de viajes | turismo rural, alojamientos e inspiraci\u00f3n","description":"Alojamientos rurales e inspiraci\u00f3n para tus escapadas","publisher":{"@id":"https:\/\/www.escapadarural.com\/blog\/#organization"},"alternateName":"Magazine de viajes de EscapadaRural","potentialAction":[{"@type":"SearchAction","target":{"@type":"EntryPoint","urlTemplate":"https:\/\/www.escapadarural.com\/blog\/?s={search_term_string}"},"query-input":{"@type":"PropertyValueSpecification","valueRequired":true,"valueName":"search_term_string"}}],"inLanguage":"es"},{"@type":"Organization","@id":"https:\/\/www.escapadarural.com\/blog\/#organization","name":"EscapadaRural","url":"https:\/\/www.escapadarural.com\/blog\/","logo":{"@type":"ImageObject","inLanguage":"es","@id":"https:\/\/www.escapadarural.com\/blog\/#\/schema\/logo\/image\/","url":"https:\/\/www.escapadarural.com\/blog\/wp-content\/uploads\/2024\/10\/cropped-cropped-escapada-rural-icon-mag-3.png","contentUrl":"https:\/\/www.escapadarural.com\/blog\/wp-content\/uploads\/2024\/10\/cropped-cropped-escapada-rural-icon-mag-3.png","width":512,"height":512,"caption":"EscapadaRural"},"image":{"@id":"https:\/\/www.escapadarural.com\/blog\/#\/schema\/logo\/image\/"},"sameAs":["https:\/\/www.facebook.com\/escapadarural","https:\/\/www.instagram.com\/escapadarural\/","https:\/\/www.youtube.com\/@escapadaruralcom"]},{"@type":"Person","@id":"https:\/\/www.escapadarural.com\/blog\/#\/schema\/person\/25786969bae765c9b5eadf92da1dcffd","name":"Judith Monmany","image":{"@type":"ImageObject","inLanguage":"es","@id":"https:\/\/secure.gravatar.com\/avatar\/1754df140325b983610fbba984e4f092ec9249b645010699d0749b7a1ade7c37?s=96&d=mm&r=g","url":"https:\/\/secure.gravatar.com\/avatar\/1754df140325b983610fbba984e4f092ec9249b645010699d0749b7a1ade7c37?s=96&d=mm&r=g","contentUrl":"https:\/\/secure.gravatar.com\/avatar\/1754df140325b983610fbba984e4f092ec9249b645010699d0749b7a1ade7c37?s=96&d=mm&r=g","caption":"Judith Monmany"},"url":"https:\/\/www.escapadarural.com\/blog\/autor\/judith-monmany\/"}]}},"_links":{"self":[{"href":"https:\/\/www.escapadarural.com\/blog\/wp-json\/wp\/v2\/posts\/84021","targetHints":{"allow":["GET"]}}],"collection":[{"href":"https:\/\/www.escapadarural.com\/blog\/wp-json\/wp\/v2\/posts"}],"about":[{"href":"https:\/\/www.escapadarural.com\/blog\/wp-json\/wp\/v2\/types\/post"}],"author":[{"embeddable":true,"href":"https:\/\/www.escapadarural.com\/blog\/wp-json\/wp\/v2\/users\/144"}],"replies":[{"embeddable":true,"href":"https:\/\/www.escapadarural.com\/blog\/wp-json\/wp\/v2\/comments?post=84021"}],"version-history":[{"count":0,"href":"https:\/\/www.escapadarural.com\/blog\/wp-json\/wp\/v2\/posts\/84021\/revisions"}],"wp:featuredmedia":[{"embeddable":true,"href":"https:\/\/www.escapadarural.com\/blog\/wp-json\/wp\/v2\/media\/91287"}],"wp:attachment":[{"href":"https:\/\/www.escapadarural.com\/blog\/wp-json\/wp\/v2\/media?parent=84021"}],"wp:term":[{"taxonomy":"category","embeddable":true,"href":"https:\/\/www.escapadarural.com\/blog\/wp-json\/wp\/v2\/categories?post=84021"},{"taxonomy":"post_tag","embeddable":true,"href":"https:\/\/www.escapadarural.com\/blog\/wp-json\/wp\/v2\/tags?post=84021"}],"curies":[{"name":"wp","href":"https:\/\/api.w.org\/{rel}","templated":true}]}}