{"id":84032,"date":"2024-07-19T07:00:00","date_gmt":"2024-07-19T06:00:00","guid":{"rendered":"https:\/\/www.escapadarural.com\/blog\/?p=78588"},"modified":"2025-10-22T12:28:16","modified_gmt":"2025-10-22T10:28:16","slug":"jesus-vallejo-medallista-olimpico","status":"publish","type":"post","link":"https:\/\/www.escapadarural.com\/blog\/jesus-vallejo-medallista-olimpico\/","title":{"rendered":"\u201cAprend\u00ed a jugar al f\u00fatbol en el pabell\u00f3n de Loscos y ahora lleva mi nombre\u201d, entrevista a Jes\u00fas Vallejo"},"content":{"rendered":"\n<h3 class=\"wp-block-heading\" id=\"h-medallistas-olimpicos-rurales-2-5-jesus-vallejo\">Medallistas ol\u00edmpicos rurales 2\/5: Jes\u00fas Vallejo<\/h3>\n\n\n\n<p>Segunda entrega del serial de entrevistas <strong><a href=\"\/blog\/tag\/medallistas-olimpicos-rurales\/\">Medallistas ol\u00edmpicos rurales<\/a><\/strong> en EscapadaRural<strong>.<\/strong> Los Juegos Ol\u00edmpicos de Par\u00eds 2024 nos sirven como excusa para descubrir las ra\u00edces rurales de cinco deportistas que han logrado subir a un podio ol\u00edmpico. En la segunda entrega, charlamos con el <a href=\"https:\/\/www.escapadarural.com\/blog\/casas-rurales-con-piscina-climatizada\/\">futbolista<\/a> aragon\u00e9s <strong>Jes\u00fas Vallejo<\/strong>, medalla de <strong>plata en Tokyo 2020<\/strong>, que dio sus primeras patadas al bal\u00f3n en un pabell\u00f3n deportivo de su pueblo que ahora lleva su nombre.<\/p>\n\n\n\n<figure class=\"wp-block-image size-full\"><a href=\"https:\/\/www.escapadarural.com\/blog\/wp-content\/uploads\/2024\/10\/JESUS_Vallejo_medallaWP10.webp\"><img decoding=\"async\" src=\"https:\/\/www.escapadarural.com\/blog\/wp-content\/uploads\/2024\/10\/JESUS_Vallejo_medallaWP10.webp\" alt=\"El medallista ol\u00edmpico Jes\u00fas Vallejo, en el podio de Tokyo 2020 con su medalla de plata.\" class=\"wp-image-78612\"\/><\/a><figcaption class=\"wp-element-caption\">Jes\u00fas Vallejo, en el podio de Tokyo 2020 con su medalla de plata. Imagen cortes\u00eda de Jes\u00fas Vallejo.<\/figcaption><\/figure>\n\n\n\n<p><strong>Jes\u00fas Vallejo L\u00e1zaro<\/strong> (Zaragoza, 1997) tiene grabados a fuego sus veranos infantiles de f\u00fatbol y bicicleta en <strong>Loscos <\/strong>(<a href=\"\/casas-rurales\/teruel\">Teruel<\/a>). En su pueblo materno, en la comarca del Jiloca, dio sus primeras patadas al bal\u00f3n este futbolista que, siendo todav\u00eda adolescente, <strong>se hizo profesional en el Real Zaragoza<\/strong>. Despu\u00e9s de solo un a\u00f1o compitiendo con los mayores, <strong>fich\u00f3 por el Real Madrid<\/strong>.<\/p>\n\n\n\n<p><strong>En el Bernab\u00e9u gan\u00f3 Ligas y Champions<\/strong> y comparti\u00f3 vestuario con los mejores futbolistas del mundo: Cristiano Ronaldo, Benzema, Modric\u2026 Tambi\u00e9n ha jugado en Alemania, Inglaterra y <a href=\"\/casas-rurales\/granada\">Granada<\/a>, cargando una enorme mochila de vivencias, incluida la que \u00e9l m\u00e1s ansiaba: los Juegos Ol\u00edmpicos. Vallejo capitane\u00f3 a la selecci\u00f3n espa\u00f1ola de f\u00fatbol que consigui\u00f3 la medalla de plata en Tokyo 2020.<\/p>\n\n\n\n<div class=\"wp-block-buttons is-layout-flex wp-block-buttons-is-layout-flex\">\n<div class=\"wp-block-button\"><a class=\"wp-block-button__link wp-element-button\" href=\"\/casas-rurales\/comarca-del-jiloca\">Alojamientos rurales en la comarca del Jiloca<\/a><\/div>\n<\/div>\n\n\n\n<p><\/p>\n\n\n\n<ul class=\"wp-block-list\">\n<li><strong>Usted naci\u00f3 en Zaragoza, pero tiene ra\u00edces en un peque\u00f1o pueblo de Teruel.<\/strong><\/li>\n<\/ul>\n\n\n\n<p>En Zaragoza viv\u00edan mis padres, as\u00ed que nac\u00ed y viv\u00ed all\u00ed. Loscos es el pueblo donde naci\u00f3 mi madre, en el que he pasado todos los veranos desde que tengo uso de raz\u00f3n. All\u00ed es donde aprend\u00ed a jugar al f\u00fatbol, en el pabell\u00f3n de San Roque. De Loscos son mis mejores amigos, los de toda la vida, que a\u00fan conservo. Y de Loscos son los mejores recuerdos de mi infancia.<\/p>\n\n\n\n<ul class=\"wp-block-list\">\n<li><strong>\u00bfC\u00f3mo eran esos veranos en el pueblo?<\/strong><\/li>\n<\/ul>\n\n\n\n<p>En cuanto termin\u00e1bamos el colegio nos \u00edbamos all\u00ed, desde finales de junio hasta principios de septiembre. Guardo miles de an\u00e9cdotas, de ir todos los d\u00edas a las piscinas, o de las <a href=\"https:\/\/www.escapadarural.com\/blog\/rutas-en-bici-en-andalucia-otono\/\" title=\"4 rutas en bici por Andaluc\u00eda para hacer en oto\u00f1o\" data-wpil-monitor-id=\"904\">rutas en bici<\/a> hasta otros pueblos. Nos encantaba hacer una panzada de kil\u00f3metros, incluso siendo muy peque\u00f1os. Las primeras amistades, los amigos con los que mejor relaci\u00f3n conservo, porque tenemos muchas cosas en com\u00fan, son de los veranos en Loscos. Habernos criado juntos en el pueblo nos ha unido mucho. Tambi\u00e9n \u00edbamos alg\u00fan fin de semana, en las vacaciones de Semana Santa y en Navidad, por supuesto.<\/p>\n\n\n\n<ul class=\"wp-block-list\">\n<li><strong>Era una vida alternativa a la que viv\u00eda en su ciudad, Zaragoza.<\/strong><\/li>\n<\/ul>\n\n\n\n<p>Es que en Loscos apenas pas\u00e1bamos por casa: para ir al ba\u00f1o, para comer y para dormir, poco m\u00e1s. Eso, en la ciudad, no lo puedes hacer. Ahora voy a Loscos y pr\u00e1cticamente solo veo a los chavales con el m\u00f3vil y la tablet. Y me da mucha pena. Se est\u00e1n perdiendo las gymkhanas, las bicis, las acampadas\u2026 los veranos del pueblo, en definitiva.<\/p>\n\n\n\n<ul class=\"wp-block-list\">\n<li><strong>\u00bfDice que fue en Loscos donde aprendi\u00f3 a jugar al f\u00fatbol?<\/strong><\/li>\n<\/ul>\n\n\n\n<p>Lo recuerdo como si fuese ayer. Fue el pabell\u00f3n de San Roque, junto a la ermita de Loscos. De hecho, cuando yo era ni\u00f1o todav\u00eda no hab\u00eda pabell\u00f3n, sino un descampado de tierra con dos porter\u00edas muy grandes. Ya en el 2004 o el 2005 construyeron el pabell\u00f3n, lo pavimentaron y pusieron porter\u00edas de f\u00fatbol sala. Las dimensiones segu\u00edan sin ser reglamentarias, pero fue un gran avance. All\u00ed es donde nos hemos criado jugando al f\u00fatbol, con mi amigo \u00d3scar Villanueva, que hoy es jugador profesional de f\u00fatbol sala, y con el resto de ni\u00f1os. Jug\u00e1bamos hasta que se pon\u00eda el sol. Y si hubiera tenido focos, hubi\u00e9ramos jugado tambi\u00e9n por la noche.<\/p>\n\n\n\n<figure class=\"wp-block-image size-full\"><a href=\"https:\/\/www.escapadarural.com\/blog\/wp-content\/uploads\/2024\/10\/83BE9547-78D2-4687-96AC-109C4423C592WP05.webp\"><img decoding=\"async\" src=\"https:\/\/www.escapadarural.com\/blog\/wp-content\/uploads\/2024\/10\/83BE9547-78D2-4687-96AC-109C4423C592WP05.webp\" alt=\"El medallista ol\u00edmpico Jes\u00fas Vallejo (de rojo), jugando al f\u00fatbol en el pabell\u00f3n de Loscos, en una imagen de su infancia. Al fondo, puede apreciarse el pueblo.\" class=\"wp-image-78619\"\/><\/a><figcaption class=\"wp-element-caption\">Jes\u00fas Vallejo (de rojo), jugando al f\u00fatbol en el pabell\u00f3n de Loscos, en una imagen de su infancia. Al fondo, puede apreciarse el pueblo. Por Jos\u00e9 Miguel Sim\u00f3n.<\/figcaption><\/figure>\n\n\n\n<ul class=\"wp-block-list\">\n<li><strong>\u00bfJugar en esas condiciones le permiti\u00f3 aprender un f\u00fatbol distinto?<\/strong><\/li>\n<\/ul>\n\n\n\n<p>Por supuesto que s\u00ed, porque no hab\u00eda tantas reglas. \u00c9ramos libres de hacer filigranas, no exist\u00eda la estrategia ni la t\u00e1ctica. Nos ayud\u00e1bamos de las paredes del pabell\u00f3n, como si fuese \u2018street football\u2019, pero solo en un lateral, porque en el otro no hab\u00eda pared. Entonces, la tendencia era jugar en esa zona, claro. Ahora el pabell\u00f3n me parece muy peque\u00f1o, pero por aquel entonces llegar hasta la otra porter\u00eda ya era todo un hito. Jug\u00e1bamos todos en cualquier posici\u00f3n, hasta de porteros. Chicos y chicas mezclados, lo que entonces no era tan habitual. Y tambi\u00e9n ven\u00edan a jugar chavales de otros pueblos, porque era el \u00fanico pabell\u00f3n en muchos kil\u00f3metros a la redonda. Se montaba un ambientazo. Creo que, aunque a veces no seas consciente, s\u00ed que se te quedan muchas cosas de las que aprendes durante esos primeros a\u00f1os.<\/p>\n\n\n\n<ul class=\"wp-block-list\">\n<li><strong>Ah\u00ed comienza una trayectoria muy precoz.<\/strong><\/li>\n<\/ul>\n\n\n\n<p>Mis primeros pasos en el f\u00fatbol fueron un bal\u00f3n, unos chavales, todos mezclados y a jugar, sin normas. Despu\u00e9s comenc\u00e9 a practicar el f\u00fatbol sala en el colegio. Y en seguida pas\u00e9 al campo grande, en el Club Deportivo Oliver, en un barrio humilde de Zaragoza. El Real Zaragoza me fich\u00f3 para su cantera en categor\u00eda alev\u00edn. Ah\u00ed s\u00ed que los entrenamientos son ya cada vez m\u00e1s intensos y met\u00f3dicos, con el objetivo de intentar formar jugadores para el primer equipo. M\u00e1s parecido al f\u00fatbol profesional.<\/p>\n\n\n\n<ul class=\"wp-block-list\">\n<li><strong>\u00bfY c\u00f3mo lo compaginaba para poder seguir yendo a Loscos?<\/strong><\/li>\n<\/ul>\n\n\n\n<p>Cuando eres alev\u00edn, los entrenamientos comienzan a finales de agosto y no hay problema. Pero cuando vas creciendo, las pretemporadas se adelantan. A inicios de agosto ya ten\u00edamos que entrenar en Zaragoza. Lo que hac\u00edamos era subir y bajar todos los d\u00edas a la Ciudad Deportiva desde Loscos, unos 45 minutos en coche, y otro tanto de vuelta. Tuve que dejar de ir con los amigos a la pe\u00f1a por la noche, como hac\u00eda antes. Hab\u00eda que cenar pronto y acostarse, porque al d\u00eda siguiente tocaba otro viaje a Zaragoza. La misma rutina durante seis o siete veranos. El mismo a\u00f1o que debut\u00e9 como profesional todav\u00eda me escapaba al pueblo en cuanto nos daban alg\u00fan d\u00eda libre. Iba a descansar y volv\u00eda. Mi padre me ten\u00eda que venir a buscar, porque ten\u00eda 17 a\u00f1os y no ten\u00eda carn\u00e9 de conducir. Desde ni\u00f1o me he tomado muy en serio el f\u00fatbol, quiz\u00e1s demasiado, y le he dado mucha importancia al tema de la alimentaci\u00f3n, al descanso y a cuidarme.<\/p>\n\n\n\n<figure class=\"wp-block-image size-full\"><a href=\"https:\/\/www.escapadarural.com\/blog\/wp-content\/uploads\/2024\/10\/4E16AE5F-D4E8-4115-8A59-066CA5D4AC27WP01.webp\"><img decoding=\"async\" src=\"https:\/\/www.escapadarural.com\/blog\/wp-content\/uploads\/2024\/10\/4E16AE5F-D4E8-4115-8A59-066CA5D4AC27WP01.webp\" alt=\"El medallista ol\u00edmpico Jes\u00fas Vallejo (centro), en una imagen de la infancia con la bicicleta, en Loscos (Teruel). \" class=\"wp-image-78620\"\/><\/a><figcaption class=\"wp-element-caption\">Jes\u00fas Vallejo (centro), en una imagen de la infancia con la bicicleta, en Loscos (Teruel). Por Jos\u00e9 Miguel Sim\u00f3n.<\/figcaption><\/figure>\n\n\n\n<ul class=\"wp-block-list\">\n<li><strong>La cara sacrificada del deporte profesional, la que no se ve.<\/strong>&nbsp;<\/li>\n<\/ul>\n\n\n\n<p>Para m\u00ed el pueblo fue el sacrificio m\u00e1s grande. Hay personas que piensan que las vacaciones son hacer un gran viaje, irte muy lejos. Yo eso no lo echaba de menos, y sin embargo las horas de pueblo\u2026 eso s\u00ed que fue un sacrificio.<\/p>\n\n\n\n<ul class=\"wp-block-list\">\n<li><strong>Su trayectoria posterior le ha llevado al Real Madrid, Eintracht de Frankfurt, Wolverhampton y Granada. En su pueblo pueden presumir de futbolista.<\/strong><\/li>\n<\/ul>\n\n\n\n<p>Para m\u00ed es algo muy emotivo. Tras conseguir la medalla de plata en los Juegos Ol\u00edmpicos, en el 2021, le pusieron mi nombre a ese mismo pabell\u00f3n en el que yo hab\u00eda jugado desde peque\u00f1ito. Me hizo much\u00edsima ilusi\u00f3n. Cada vez que voy, me vienen sin querer recuerdos de la infancia, de cuando ten\u00eda 6 o 7 a\u00f1os y estaba all\u00ed jugando con mis amigos. En el pabell\u00f3n de Loscos aprend\u00ed a jugar al f\u00fatbol, y ahora lleva mi nombre. Son recuerdos inolvidables.<\/p>\n\n\n\n<ul class=\"wp-block-list\">\n<li><strong>Decimos que en su pueblo presumen de usted, pero es que usted tambi\u00e9n presume de Loscos.<\/strong><\/li>\n<\/ul>\n\n\n\n<p>Una de las cosas de las que m\u00e1s me enorgullezco es de haberle dado visibilidad y movimiento al pueblo. Como ejemplo, poco despu\u00e9s de mi debut con el Real Zaragoza se cre\u00f3 la Pe\u00f1a Zaragocista de Loscos, que ahora ya lleva diez a\u00f1os funcionando. El presidente es mi t\u00edo Jos\u00e9 Antonio. Van a los partidos a La Romareda, organizan viajes, est\u00e1n gestionando que alg\u00fan jugador pueda ir un d\u00eda al pueblo. Hay que dar vidilla a todos estos <a href=\"https:\/\/www.escapadarural.com\/blog\/pueblos-a-menos-de-una-hora-de-lisboa\/\" title=\"6 pueblos maravillosos a menos de una hora de Lisboa\" data-wpil-monitor-id=\"903\">pueblos que esconden un tesoro maravilloso<\/a>.<\/p>\n\n\n\n<ul class=\"wp-block-list\">\n<li><strong>\u00bfTen\u00eda usted el sue\u00f1o ol\u00edmpico desde peque\u00f1o?<\/strong><\/li>\n<\/ul>\n\n\n\n<p>Yo siempre hab\u00eda querido participar en unos Juegos Ol\u00edmpicos. Quiz\u00e1s en el mundo del f\u00fatbol, los Juegos no tienen tanto nombre como una Champions o un Mundial. Pero es que yo, antes que futbolista, me siento deportista. Entonces, quer\u00eda vivirlo desde dentro. De hecho, se acercaban los Juegos de Tokyo 2020 y, como sab\u00eda que en el Real Madrid hab\u00eda mucha competencia para jugar, decid\u00ed irme cedido en 2019 al Wolverhampton, con la idea de tener muchos minutos y que el seleccionador contase conmigo. En Inglaterra tampoco jugaba mucho, as\u00ed que en enero volv\u00ed a cambiar de equipo. Me fui al Granada y all\u00ed s\u00ed que pude jugar mucho y aumentar mis posibilidades de ir, pero entonces lleg\u00f3 el covid y se pospusieron los Juegos hasta el 2021. En esa tesitura, decid\u00ed quedarme otro a\u00f1o cedido en el Granada, con el mismo prop\u00f3sito. Y finalmente lo consegu\u00ed.<\/p>\n\n\n<div id=\"ub-testimonial-62ab210f-be6e-4ae3-87e8-25b3966f537a\">\n\t\t\t<div id=\"ub_testimonial_62ab210f-be6e-4ae3-87e8-25b3966f537a\" class=\"wp-block-ub-testimonial ub_testimonial\" style=\"background-color: #f4f6f6; \">\n\t\t\t\t<div class=\"ub_testimonial_img\" style=\"\">\n\t\t\t\t\t<img loading=\"lazy\" decoding=\"async\" src=\"https:\/\/www.escapadarural.com\/blog\/wp-content\/uploads\/2024\/11\/Foto4x3_1798WP08.webp\" alt=\"\" height=\"100\" width=\"100\">\n\t\t\t\t<\/div>\n\t\t\t\t<div class=\"ub_testimonial_content\">\n\t\t\t\t\t<p class=\"ub_testimonial_text\" style=\"font-size: 17px; text-align: justify; \">\u00abAntes que futbolista, me siento deportista. Aunque en el mundo del f\u00fatbol tienen m\u00e1s nombre una Champions o un Mundial, yo siempre quise participar en los Juegos Ol\u00edmpicos\u00bb<\/p>\n\t\t\t\t<\/div>\n\t\t\t\t<div class=\"ub_testimonial_sign\">\n\t\t\t\t\t<p class=\"ub_testimonial_author\" style=\"text-align: right; \">Jes\u00fas Vallejo<\/p>\n\t\t\t\t\t<p class=\"ub_testimonial_author_role\" style=\"text-align: right; \">Futbolista y medallista ol\u00edmpico<\/p>\n\t\t\t\t<\/div>\n\t\t\t<\/div>\n\t\t<\/div>\n\n\n<ul class=\"wp-block-list\">\n<li><strong>\u00bfY c\u00f3mo lo vivi\u00f3? Todos los que han participado, hablan de un ambiente especial.<\/strong><\/li>\n<\/ul>\n\n\n\n<p>Para m\u00ed, como deportista, es lo m\u00e1s grande que hay, los Juegos Ol\u00edmpicos son muy especiales. Y eso que nosotros tuvimos muy mala suerte, porque todav\u00eda hab\u00eda muchas medidas anti-covid. Aunque est\u00e1bamos en la villa ol\u00edmpica, no pod\u00edamos desplazarnos a ver otras competiciones. Es una espinita que se me qued\u00f3 clavada, porque a mi me hubiese encantado, por ejemplo, vivir ese aut\u00e9ntico ambiente ol\u00edmpico: asistir a la final de los 100 metros lisos, ir a ver a Javier G\u00f3mez Noya en el triatl\u00f3n, a los \u2018Hispanos\u2019 de balonmano o a \u2018La Familia\u2019 de baloncesto. Nos tuvimos que conformar con la convivencia en la villa, pero he decir que eso s\u00ed que lo disfrut\u00e9 mucho.<\/p>\n\n\n\n<ul class=\"wp-block-list\">\n<li><strong>\u00bfQu\u00e9 recuerdos tiene de la villa ol\u00edmpica?<\/strong><\/li>\n<\/ul>\n\n\n\n<p>Por ejemplo, le ped\u00ed una foto a Javier G\u00f3mez Noya, el triatleta, y se qued\u00f3 un poco extra\u00f1ado\u2026 S\u00e9 que \u00e9l es madridista y le sorprendi\u00f3 que un jugador del Real Madrid le pidiese una foto. Yo le admiro y le sigo mucho, he le\u00eddo sus libros y siempre ha sido un referente para m\u00ed a nivel deportivo. Tambi\u00e9n me hice fotos con Djokovic, otro \u00eddolo. El \u00faltimo d\u00eda en la villa, despu\u00e9s de haber conseguido la medalla, recuerdo que no hab\u00edamos dormido nada y bajamos a desayunar. All\u00ed nos encontramos con la selecci\u00f3n de balonmano, que tambi\u00e9n hab\u00eda ganado medalla el d\u00eda anterior. Estuvimos desayunando juntos, \u00a1no veas lo que comen esos animales! Hay un mont\u00f3n de vivencias que quedan para el recuerdo. Claro que hubiera preferido que nos hubiese tocado en Par\u00eds, como los Juegos de este a\u00f1o, porque as\u00ed hubiera podido venir nuestra familia y no hay medidas anti-covid, pero bueno, Tokio 2020 tambi\u00e9n estuvo muy bien. Pude cumplir un sue\u00f1o.<\/p>\n\n\n\n<ul class=\"wp-block-list\">\n<li><strong>\u00bfVolver\u00e1 a unos Juegos como espectador para sacarse esa espina?<\/strong><\/li>\n<\/ul>\n\n\n\n<p>No me lo hab\u00eda planteado, pero es una gran idea. En Par\u00eds ser\u00e1 complicado, porque estaremos ya de pretemporada. Si no podemos ahora, lo dejaremos para m\u00e1s adelante, cuando ya me haya retirado del f\u00fatbol y tenga m\u00e1s tiempo libre. Me encantar\u00eda vivir tambi\u00e9n unos Juegos desde las gradas.<\/p>\n\n\n\n<figure class=\"wp-block-image size-full\"><a href=\"https:\/\/www.escapadarural.com\/blog\/wp-content\/uploads\/2024\/10\/2z5a9561WP07.webp\"><img decoding=\"async\" src=\"https:\/\/www.escapadarural.com\/blog\/wp-content\/uploads\/2024\/10\/2z5a9561WP07.webp\" alt=\"El medallista ol\u00edmpico Jes\u00fas Vallejo, homenajeado en el Ayuntamiento de Zaragoza tras proclamarse campe\u00f3n de Europa Sub-21 con Espa\u00f1a, en 2019.\" class=\"wp-image-78621\"\/><\/a><figcaption class=\"wp-element-caption\">Jes\u00fas Vallejo, homenajeado en el Ayuntamiento de Zaragoza tras proclamarse campe\u00f3n de Europa Sub-21 con Espa\u00f1a, en 2019. Por Ayuntamiento de Zaragoza.<\/figcaption><\/figure>\n\n\n\n<ul class=\"wp-block-list\">\n<li><strong>\u00bfC\u00f3mo fue su primera visita a Loscos despu\u00e9s de lograr la medalla ol\u00edmpica?<\/strong><\/li>\n<\/ul>\n\n\n\n<p>Me hicieron un recibimiento espectacular. Nada m\u00e1s volver de Tokio tuve que quedarme en Madrid entrenando, pero en cuanto tuve un par de d\u00edas libres viaj\u00e9 a Loscos. Coincidi\u00f3 con el d\u00eda de San Roque, el 16 de agosto, que son las fiestas del pueblo. Estaba todo a rebosar de gente. Despu\u00e9s de la misa, se hizo el acto de inauguraci\u00f3n del pabell\u00f3n, que pas\u00f3 a llamarse Jes\u00fas Vallejo L\u00e1zaro. Incluyeron el apellido L\u00e1zaro porque mi madre es la del pueblo, claro. Fue muy chulo. Todo el mundo quer\u00eda hacerse fotos conmigo y con la medalla. Yo se la colgaba a los ni\u00f1os. Al principio les hac\u00eda mucha ilusi\u00f3n, pero a los pocos segundos notaban el peso en el cuello y se la quitaban. \u00a1Es que no veas c\u00f3mo pesa! Fue un d\u00eda precioso, que recordar\u00e9 siempre.&nbsp;<\/p>\n\n\n\n<ul class=\"wp-block-list\">\n<li><strong>Hemos hablado mucho de su pueblo, pero no lo conocemos todav\u00eda. Cu\u00e9ntenos, \u00bfc\u00f3mo es Loscos?<\/strong><\/li>\n<\/ul>\n\n\n\n<p>Es un peque\u00f1o pueblo de la provincia de Teruel, el primero m\u00e1s cercano a Zaragoza por esa zona. All\u00ed hay dos paisajes muy diferentes: a un lado la llanura y el desierto; hacia el otro, la vista ofrece monta\u00f1as y valles. Loscos es un pueblo muy llano, lo que es una gran suerte, porque los pueblos de la zona, por la general, est\u00e1n llenos de cuestas. Tiene censados unos 150 habitantes, pero en invierno apenas puedes encontrar 15 personas. En verano se multiplica la poblaci\u00f3n, que puede llegar hasta las 500 personas. Las casas y las calles siguen estando bien conservadas. \u00daltimamente han construido molinos e\u00f3licos y ha entrado dinero al pueblo, as\u00ed que se han podido hacer muchas obras. Recientemente se ha construido un gimnasio, se ha cubierto la pista de f\u00fatbol y se han hecho unas piscinas nuevas. Es un pueblo muy c\u00f3modo, la gente est\u00e1 empezando a conocerlo y apreciarlo. Tiene un restaurante que me encanta, el <a href=\"https:\/\/www.facebook.com\/p\/Mes%C3%B3n-de-Loscos-El-Cazador-100068202912970\/?locale=es_ES\" target=\"_blank\" rel=\"noreferrer noopener nofollow\">Mes\u00f3n El Cazador<\/a>. Es una zona tambi\u00e9n de caza, de perdices y codornices, de jabal\u00edes y liebres. Es un pueblo en el que merece la pena pasar, al menos, un fin de semana.<\/p>\n\n\n\n<figure class=\"wp-block-image size-full\"><a href=\"https:\/\/www.escapadarural.com\/blog\/wp-content\/uploads\/2024\/10\/Loscos_AdobeStock_248748718_WP11.webp\"><img decoding=\"async\" src=\"https:\/\/www.escapadarural.com\/blog\/wp-content\/uploads\/2024\/10\/Loscos_AdobeStock_248748718_WP11.webp\" alt=\"Imagen de la ermita de San Roque, en Loscos (Teruel).\" class=\"wp-image-78622\"\/><\/a><figcaption class=\"wp-element-caption\">Imagen de la ermita de San Roque, en Loscos (Teruel). Por Jorge Anastacio.<\/figcaption><\/figure>\n\n\n\n<ul class=\"wp-block-list\">\n<li><strong>Actualmente, \u00bfcon qu\u00e9 frecuencia puede ir?<\/strong><\/li>\n<\/ul>\n\n\n\n<p>Intento seguir yendo todo lo que puedo, aunque no es todo lo que me gustar\u00eda. No tenemos mucho descanso, solemos ir en junio alguna semana.<\/p>\n\n\n\n<ul class=\"wp-block-list\">\n<li><strong>\u00bfMantiene el contacto con la gente del pueblo?<\/strong><\/li>\n<\/ul>\n\n\n\n<p>Curiosamente, mi primo ha sido elegido alcalde recientemente, as\u00ed que s\u00ed. \u00c9l es uno de los que viven all\u00ed todo el a\u00f1o, es agricultor. Cuando voy, me gusta empaparme de los oficios tradicionales, como la agricultura y la ganader\u00eda. Tambi\u00e9n tengo un amigo que es ganadero. El abuelo de otro amigo era mec\u00e1nico, y cuando \u00e9ramos peque\u00f1os \u00edbamos a verle trabajar al taller\u2026 Me encanta aprender sobre otras cosas y saber que hay vida m\u00e1s all\u00e1 de la ciudad y del f\u00fatbol, peque\u00f1as cosas de las que tambi\u00e9n se puede disfrutar.&nbsp;<\/p>\n\n\n\n<ul class=\"wp-block-list\">\n<li><strong>Entonces, \u00bfLoscos es donde encuentra esas peque\u00f1as cosas que le hacen disfrutar?<\/strong><\/li>\n<\/ul>\n\n\n\n<p>Loscos es mi lugar de refugio, es tranquilidad. Hasta hace poco, no hab\u00eda cobertura. All\u00ed la gente te valora y te quiere como eres. Para m\u00ed, el pueblo tiene muchas ventajas. Estar rodeado de naturaleza. Poder descansar mucho mejor que en la ciudad. Loscos es estar con tus amigos, rodearse de personas que no tienen nada que ver con el f\u00fatbol, con ese ambiente tan exigente. Las an\u00e9cdotas de tus abuelos. En Loscos estoy como en otro mundo, es una gozada cada vez que vuelvo. Siempre es un chute de bienestar rodearme de mi gente, poder practicar otros deportes, jugar pachangas en el pabell\u00f3n, sin ninguna presi\u00f3n, coger las bicis y hacer alguna ruta, estar en la naturaleza. Es desconectar y cargar pilas para poder seguir adelante.<\/p>\n","protected":false},"excerpt":{"rendered":"<p>Segunda entrega del serial de entrevistas &#8216;Medallistas ol\u00edmpicos rurales&#8217;. Charlamos con el futbolista aragon\u00e9s Jes\u00fas Vallejo, medalla de plata en Tokyo 2020<\/p>\n","protected":false},"author":157,"featured_media":91042,"comment_status":"open","ping_status":"open","sticky":false,"template":"","format":"standard","meta":{"_acf_changed":false,"om_disable_all_campaigns":false,"footnotes":""},"categories":[231],"tags":[6013,1093,5742,5743,5718,398],"class_list":["post-84032","post","type-post","status-publish","format-standard","has-post-thumbnail","hentry","category-arte-y-cultura","tag-que-ver-en-aragon","tag-futbol","tag-jesus-vallejo","tag-loscos","tag-medallistas-olimpicos-rurales","tag-que-ver-en-teruel"],"acf":[],"featured_image_src":"https:\/\/www.escapadarural.com\/blog\/wp-content\/uploads\/2024\/10\/JESUS_Vallejo_medallaWP10.webp","author_info":{"display_name":"Miguel Perez","author_link":"https:\/\/www.escapadarural.com\/blog\/autor\/miguel-perez\/"},"yoast_head":"<!-- This site is optimized with the Yoast SEO plugin v27.5 - https:\/\/yoast.com\/product\/yoast-seo-wordpress\/ -->\n<title>\u201cAprend\u00ed a jugar al f\u00fatbol en el pabell\u00f3n de Loscos y ahora lleva mi nombre\u201d, entrevista a Jes\u00fas Vallejo - EscapadaRural<\/title>\n<meta name=\"description\" content=\"Jes\u00fas Vallejo, medalla de plata en Tokyo 2020, dio sus primeras patadas al bal\u00f3n en un pabell\u00f3n de Loscos que ahora lleva su nombre\" \/>\n<meta name=\"robots\" content=\"index, follow, max-snippet:-1, max-image-preview:large, max-video-preview:-1\" \/>\n<link rel=\"canonical\" href=\"https:\/\/www.escapadarural.com\/blog\/jesus-vallejo-medallista-olimpico\/\" \/>\n<meta property=\"og:locale\" content=\"es_ES\" \/>\n<meta property=\"og:type\" content=\"article\" \/>\n<meta property=\"og:title\" content=\"\u201cAprend\u00ed a jugar al f\u00fatbol en el pabell\u00f3n de Loscos y ahora lleva mi nombre\u201d, entrevista a Jes\u00fas Vallejo - EscapadaRural\" \/>\n<meta property=\"og:description\" content=\"Jes\u00fas Vallejo, medalla de plata en Tokyo 2020, dio sus primeras patadas al bal\u00f3n en un pabell\u00f3n de Loscos que ahora lleva su nombre\" \/>\n<meta property=\"og:url\" content=\"https:\/\/www.escapadarural.com\/blog\/jesus-vallejo-medallista-olimpico\/\" \/>\n<meta property=\"og:site_name\" content=\"Magazine de viajes de EscapadaRural\" \/>\n<meta property=\"article:publisher\" content=\"https:\/\/www.facebook.com\/escapadarural\" \/>\n<meta property=\"article:author\" content=\"#\" \/>\n<meta property=\"article:published_time\" content=\"2024-07-19T06:00:00+00:00\" \/>\n<meta property=\"article:modified_time\" content=\"2025-10-22T10:28:16+00:00\" \/>\n<meta property=\"og:image\" content=\"https:\/\/www.escapadarural.com\/blog\/wp-content\/uploads\/2024\/10\/JESUS_Vallejo_medallaWP10.webp?v=1761128897\" \/>\n\t<meta property=\"og:image:width\" content=\"1024\" \/>\n\t<meta property=\"og:image:height\" content=\"883\" \/>\n\t<meta property=\"og:image:type\" content=\"image\/webp\" \/>\n<meta name=\"author\" content=\"Miguel Perez\" \/>\n<meta name=\"twitter:card\" content=\"summary_large_image\" \/>\n<meta name=\"twitter:creator\" content=\"@#\" \/>\n<meta name=\"twitter:label1\" content=\"Escrito por\" \/>\n\t<meta name=\"twitter:data1\" content=\"Miguel Perez\" \/>\n\t<meta name=\"twitter:label2\" content=\"Tiempo de lectura\" \/>\n\t<meta name=\"twitter:data2\" content=\"14 minutos\" \/>\n<script type=\"application\/ld+json\" class=\"yoast-schema-graph\">{\"@context\":\"https:\\\/\\\/schema.org\",\"@graph\":[{\"@type\":\"Article\",\"@id\":\"https:\\\/\\\/www.escapadarural.com\\\/blog\\\/jesus-vallejo-medallista-olimpico\\\/#article\",\"isPartOf\":{\"@id\":\"https:\\\/\\\/www.escapadarural.com\\\/blog\\\/jesus-vallejo-medallista-olimpico\\\/\"},\"author\":{\"name\":\"Miguel Perez\",\"@id\":\"https:\\\/\\\/www.escapadarural.com\\\/blog\\\/#\\\/schema\\\/person\\\/ea17306ba0ae76670daf8e5008db21dd\"},\"headline\":\"\u201cAprend\u00ed a jugar al f\u00fatbol en el pabell\u00f3n de Loscos y ahora lleva mi nombre\u201d, entrevista a Jes\u00fas Vallejo\",\"datePublished\":\"2024-07-19T06:00:00+00:00\",\"dateModified\":\"2025-10-22T10:28:16+00:00\",\"mainEntityOfPage\":{\"@id\":\"https:\\\/\\\/www.escapadarural.com\\\/blog\\\/jesus-vallejo-medallista-olimpico\\\/\"},\"wordCount\":2763,\"commentCount\":0,\"publisher\":{\"@id\":\"https:\\\/\\\/www.escapadarural.com\\\/blog\\\/#organization\"},\"image\":{\"@id\":\"https:\\\/\\\/www.escapadarural.com\\\/blog\\\/jesus-vallejo-medallista-olimpico\\\/#primaryimage\"},\"thumbnailUrl\":\"https:\\\/\\\/www.escapadarural.com\\\/blog\\\/wp-content\\\/uploads\\\/2024\\\/10\\\/JESUS_Vallejo_medallaWP10.webp\",\"keywords\":[\"Arag\u00f3n\",\"F\u00fatbol\",\"Jes\u00fas Vallejo\",\"Loscos\",\"Medallistas ol\u00edmpicos rurales\",\"Teruel\"],\"articleSection\":[\"Arte y Cultura\"],\"inLanguage\":\"es\",\"potentialAction\":[{\"@type\":\"CommentAction\",\"name\":\"Comment\",\"target\":[\"https:\\\/\\\/www.escapadarural.com\\\/blog\\\/jesus-vallejo-medallista-olimpico\\\/#respond\"]}]},{\"@type\":\"WebPage\",\"@id\":\"https:\\\/\\\/www.escapadarural.com\\\/blog\\\/jesus-vallejo-medallista-olimpico\\\/\",\"url\":\"https:\\\/\\\/www.escapadarural.com\\\/blog\\\/jesus-vallejo-medallista-olimpico\\\/\",\"name\":\"\u201cAprend\u00ed a jugar al f\u00fatbol en el pabell\u00f3n de Loscos y ahora lleva mi nombre\u201d, entrevista a Jes\u00fas Vallejo - EscapadaRural\",\"isPartOf\":{\"@id\":\"https:\\\/\\\/www.escapadarural.com\\\/blog\\\/#website\"},\"primaryImageOfPage\":{\"@id\":\"https:\\\/\\\/www.escapadarural.com\\\/blog\\\/jesus-vallejo-medallista-olimpico\\\/#primaryimage\"},\"image\":{\"@id\":\"https:\\\/\\\/www.escapadarural.com\\\/blog\\\/jesus-vallejo-medallista-olimpico\\\/#primaryimage\"},\"thumbnailUrl\":\"https:\\\/\\\/www.escapadarural.com\\\/blog\\\/wp-content\\\/uploads\\\/2024\\\/10\\\/JESUS_Vallejo_medallaWP10.webp\",\"datePublished\":\"2024-07-19T06:00:00+00:00\",\"dateModified\":\"2025-10-22T10:28:16+00:00\",\"description\":\"Jes\u00fas Vallejo, medalla de plata en Tokyo 2020, dio sus primeras patadas al bal\u00f3n en un pabell\u00f3n de Loscos que ahora lleva su nombre\",\"breadcrumb\":{\"@id\":\"https:\\\/\\\/www.escapadarural.com\\\/blog\\\/jesus-vallejo-medallista-olimpico\\\/#breadcrumb\"},\"inLanguage\":\"es\",\"potentialAction\":[{\"@type\":\"ReadAction\",\"target\":[\"https:\\\/\\\/www.escapadarural.com\\\/blog\\\/jesus-vallejo-medallista-olimpico\\\/\"]}]},{\"@type\":\"ImageObject\",\"inLanguage\":\"es\",\"@id\":\"https:\\\/\\\/www.escapadarural.com\\\/blog\\\/jesus-vallejo-medallista-olimpico\\\/#primaryimage\",\"url\":\"https:\\\/\\\/www.escapadarural.com\\\/blog\\\/wp-content\\\/uploads\\\/2024\\\/10\\\/JESUS_Vallejo_medallaWP10.webp\",\"contentUrl\":\"https:\\\/\\\/www.escapadarural.com\\\/blog\\\/wp-content\\\/uploads\\\/2024\\\/10\\\/JESUS_Vallejo_medallaWP10.webp\",\"width\":1024,\"height\":883,\"caption\":\"Un atleta masculino con un ch\u00e1ndal blanco y rojo de Espa\u00f1a sostiene un ramo de flores y muestra una medalla de plata con Tokio 2020 en la cinta, de pie delante de un fondo de estadio.\"},{\"@type\":\"BreadcrumbList\",\"@id\":\"https:\\\/\\\/www.escapadarural.com\\\/blog\\\/jesus-vallejo-medallista-olimpico\\\/#breadcrumb\",\"itemListElement\":[{\"@type\":\"ListItem\",\"position\":1,\"name\":\"Inicio\",\"item\":\"https:\\\/\\\/www.escapadarural.com\\\/blog\\\/\"},{\"@type\":\"ListItem\",\"position\":2,\"name\":\"Arte y Cultura\",\"item\":\"https:\\\/\\\/www.escapadarural.com\\\/blog\\\/categoria\\\/arte-y-cultura\\\/\"},{\"@type\":\"ListItem\",\"position\":3,\"name\":\"\u201cAprend\u00ed a jugar al f\u00fatbol en el pabell\u00f3n de Loscos y ahora lleva mi nombre\u201d, entrevista a Jes\u00fas Vallejo\"}]},{\"@type\":\"WebSite\",\"@id\":\"https:\\\/\\\/www.escapadarural.com\\\/blog\\\/#website\",\"url\":\"https:\\\/\\\/www.escapadarural.com\\\/blog\\\/\",\"name\":\"Blog de viajes | turismo rural, alojamientos e inspiraci\u00f3n\",\"description\":\"Alojamientos rurales e inspiraci\u00f3n para tus escapadas\",\"publisher\":{\"@id\":\"https:\\\/\\\/www.escapadarural.com\\\/blog\\\/#organization\"},\"alternateName\":\"Magazine de viajes de EscapadaRural\",\"potentialAction\":[{\"@type\":\"SearchAction\",\"target\":{\"@type\":\"EntryPoint\",\"urlTemplate\":\"https:\\\/\\\/www.escapadarural.com\\\/blog\\\/?s={search_term_string}\"},\"query-input\":{\"@type\":\"PropertyValueSpecification\",\"valueRequired\":true,\"valueName\":\"search_term_string\"}}],\"inLanguage\":\"es\"},{\"@type\":\"Organization\",\"@id\":\"https:\\\/\\\/www.escapadarural.com\\\/blog\\\/#organization\",\"name\":\"EscapadaRural\",\"url\":\"https:\\\/\\\/www.escapadarural.com\\\/blog\\\/\",\"logo\":{\"@type\":\"ImageObject\",\"inLanguage\":\"es\",\"@id\":\"https:\\\/\\\/www.escapadarural.com\\\/blog\\\/#\\\/schema\\\/logo\\\/image\\\/\",\"url\":\"https:\\\/\\\/www.escapadarural.com\\\/blog\\\/wp-content\\\/uploads\\\/2024\\\/10\\\/cropped-cropped-escapada-rural-icon-mag-3.png\",\"contentUrl\":\"https:\\\/\\\/www.escapadarural.com\\\/blog\\\/wp-content\\\/uploads\\\/2024\\\/10\\\/cropped-cropped-escapada-rural-icon-mag-3.png\",\"width\":512,\"height\":512,\"caption\":\"EscapadaRural\"},\"image\":{\"@id\":\"https:\\\/\\\/www.escapadarural.com\\\/blog\\\/#\\\/schema\\\/logo\\\/image\\\/\"},\"sameAs\":[\"https:\\\/\\\/www.facebook.com\\\/escapadarural\",\"https:\\\/\\\/www.instagram.com\\\/escapadarural\\\/\",\"https:\\\/\\\/www.youtube.com\\\/@escapadaruralcom\"]},{\"@type\":\"Person\",\"@id\":\"https:\\\/\\\/www.escapadarural.com\\\/blog\\\/#\\\/schema\\\/person\\\/ea17306ba0ae76670daf8e5008db21dd\",\"name\":\"Miguel Perez\",\"image\":{\"@type\":\"ImageObject\",\"inLanguage\":\"es\",\"@id\":\"https:\\\/\\\/www.escapadarural.com\\\/blog\\\/wp-content\\\/uploads\\\/2024\\\/11\\\/cropped-Miguel-Perez-96x96.jpg\",\"url\":\"https:\\\/\\\/www.escapadarural.com\\\/blog\\\/wp-content\\\/uploads\\\/2024\\\/11\\\/cropped-Miguel-Perez-96x96.jpg\",\"contentUrl\":\"https:\\\/\\\/www.escapadarural.com\\\/blog\\\/wp-content\\\/uploads\\\/2024\\\/11\\\/cropped-Miguel-Perez-96x96.jpg\",\"caption\":\"Miguel Perez\"},\"description\":\"Me encanta el f\u00fatbol, leer, viajar, descubrir nuevos destinos y cont\u00e1rtelos\",\"sameAs\":[\"#\",\"https:\\\/\\\/x.com\\\/#\"],\"url\":\"https:\\\/\\\/www.escapadarural.com\\\/blog\\\/autor\\\/miguel-perez\\\/\"}]}<\/script>\n<!-- \/ Yoast SEO plugin. -->","yoast_head_json":{"title":"\u201cAprend\u00ed a jugar al f\u00fatbol en el pabell\u00f3n de Loscos y ahora lleva mi nombre\u201d, entrevista a Jes\u00fas Vallejo - EscapadaRural","description":"Jes\u00fas Vallejo, medalla de plata en Tokyo 2020, dio sus primeras patadas al bal\u00f3n en un pabell\u00f3n de Loscos que ahora lleva su nombre","robots":{"index":"index","follow":"follow","max-snippet":"max-snippet:-1","max-image-preview":"max-image-preview:large","max-video-preview":"max-video-preview:-1"},"canonical":"https:\/\/www.escapadarural.com\/blog\/jesus-vallejo-medallista-olimpico\/","og_locale":"es_ES","og_type":"article","og_title":"\u201cAprend\u00ed a jugar al f\u00fatbol en el pabell\u00f3n de Loscos y ahora lleva mi nombre\u201d, entrevista a Jes\u00fas Vallejo - EscapadaRural","og_description":"Jes\u00fas Vallejo, medalla de plata en Tokyo 2020, dio sus primeras patadas al bal\u00f3n en un pabell\u00f3n de Loscos que ahora lleva su nombre","og_url":"https:\/\/www.escapadarural.com\/blog\/jesus-vallejo-medallista-olimpico\/","og_site_name":"Magazine de viajes de EscapadaRural","article_publisher":"https:\/\/www.facebook.com\/escapadarural","article_author":"#","article_published_time":"2024-07-19T06:00:00+00:00","article_modified_time":"2025-10-22T10:28:16+00:00","og_image":[{"width":1024,"height":883,"url":"https:\/\/www.escapadarural.com\/blog\/wp-content\/uploads\/2024\/10\/JESUS_Vallejo_medallaWP10.webp?v=1761128897","type":"image\/webp"}],"author":"Miguel Perez","twitter_card":"summary_large_image","twitter_creator":"@#","twitter_misc":{"Escrito por":"Miguel Perez","Tiempo de lectura":"14 minutos"},"schema":{"@context":"https:\/\/schema.org","@graph":[{"@type":"Article","@id":"https:\/\/www.escapadarural.com\/blog\/jesus-vallejo-medallista-olimpico\/#article","isPartOf":{"@id":"https:\/\/www.escapadarural.com\/blog\/jesus-vallejo-medallista-olimpico\/"},"author":{"name":"Miguel Perez","@id":"https:\/\/www.escapadarural.com\/blog\/#\/schema\/person\/ea17306ba0ae76670daf8e5008db21dd"},"headline":"\u201cAprend\u00ed a jugar al f\u00fatbol en el pabell\u00f3n de Loscos y ahora lleva mi nombre\u201d, entrevista a Jes\u00fas Vallejo","datePublished":"2024-07-19T06:00:00+00:00","dateModified":"2025-10-22T10:28:16+00:00","mainEntityOfPage":{"@id":"https:\/\/www.escapadarural.com\/blog\/jesus-vallejo-medallista-olimpico\/"},"wordCount":2763,"commentCount":0,"publisher":{"@id":"https:\/\/www.escapadarural.com\/blog\/#organization"},"image":{"@id":"https:\/\/www.escapadarural.com\/blog\/jesus-vallejo-medallista-olimpico\/#primaryimage"},"thumbnailUrl":"https:\/\/www.escapadarural.com\/blog\/wp-content\/uploads\/2024\/10\/JESUS_Vallejo_medallaWP10.webp","keywords":["Arag\u00f3n","F\u00fatbol","Jes\u00fas Vallejo","Loscos","Medallistas ol\u00edmpicos rurales","Teruel"],"articleSection":["Arte y Cultura"],"inLanguage":"es","potentialAction":[{"@type":"CommentAction","name":"Comment","target":["https:\/\/www.escapadarural.com\/blog\/jesus-vallejo-medallista-olimpico\/#respond"]}]},{"@type":"WebPage","@id":"https:\/\/www.escapadarural.com\/blog\/jesus-vallejo-medallista-olimpico\/","url":"https:\/\/www.escapadarural.com\/blog\/jesus-vallejo-medallista-olimpico\/","name":"\u201cAprend\u00ed a jugar al f\u00fatbol en el pabell\u00f3n de Loscos y ahora lleva mi nombre\u201d, entrevista a Jes\u00fas Vallejo - EscapadaRural","isPartOf":{"@id":"https:\/\/www.escapadarural.com\/blog\/#website"},"primaryImageOfPage":{"@id":"https:\/\/www.escapadarural.com\/blog\/jesus-vallejo-medallista-olimpico\/#primaryimage"},"image":{"@id":"https:\/\/www.escapadarural.com\/blog\/jesus-vallejo-medallista-olimpico\/#primaryimage"},"thumbnailUrl":"https:\/\/www.escapadarural.com\/blog\/wp-content\/uploads\/2024\/10\/JESUS_Vallejo_medallaWP10.webp","datePublished":"2024-07-19T06:00:00+00:00","dateModified":"2025-10-22T10:28:16+00:00","description":"Jes\u00fas Vallejo, medalla de plata en Tokyo 2020, dio sus primeras patadas al bal\u00f3n en un pabell\u00f3n de Loscos que ahora lleva su nombre","breadcrumb":{"@id":"https:\/\/www.escapadarural.com\/blog\/jesus-vallejo-medallista-olimpico\/#breadcrumb"},"inLanguage":"es","potentialAction":[{"@type":"ReadAction","target":["https:\/\/www.escapadarural.com\/blog\/jesus-vallejo-medallista-olimpico\/"]}]},{"@type":"ImageObject","inLanguage":"es","@id":"https:\/\/www.escapadarural.com\/blog\/jesus-vallejo-medallista-olimpico\/#primaryimage","url":"https:\/\/www.escapadarural.com\/blog\/wp-content\/uploads\/2024\/10\/JESUS_Vallejo_medallaWP10.webp","contentUrl":"https:\/\/www.escapadarural.com\/blog\/wp-content\/uploads\/2024\/10\/JESUS_Vallejo_medallaWP10.webp","width":1024,"height":883,"caption":"Un atleta masculino con un ch\u00e1ndal blanco y rojo de Espa\u00f1a sostiene un ramo de flores y muestra una medalla de plata con Tokio 2020 en la cinta, de pie delante de un fondo de estadio."},{"@type":"BreadcrumbList","@id":"https:\/\/www.escapadarural.com\/blog\/jesus-vallejo-medallista-olimpico\/#breadcrumb","itemListElement":[{"@type":"ListItem","position":1,"name":"Inicio","item":"https:\/\/www.escapadarural.com\/blog\/"},{"@type":"ListItem","position":2,"name":"Arte y Cultura","item":"https:\/\/www.escapadarural.com\/blog\/categoria\/arte-y-cultura\/"},{"@type":"ListItem","position":3,"name":"\u201cAprend\u00ed a jugar al f\u00fatbol en el pabell\u00f3n de Loscos y ahora lleva mi nombre\u201d, entrevista a Jes\u00fas Vallejo"}]},{"@type":"WebSite","@id":"https:\/\/www.escapadarural.com\/blog\/#website","url":"https:\/\/www.escapadarural.com\/blog\/","name":"Blog de viajes | turismo rural, alojamientos e inspiraci\u00f3n","description":"Alojamientos rurales e inspiraci\u00f3n para tus escapadas","publisher":{"@id":"https:\/\/www.escapadarural.com\/blog\/#organization"},"alternateName":"Magazine de viajes de EscapadaRural","potentialAction":[{"@type":"SearchAction","target":{"@type":"EntryPoint","urlTemplate":"https:\/\/www.escapadarural.com\/blog\/?s={search_term_string}"},"query-input":{"@type":"PropertyValueSpecification","valueRequired":true,"valueName":"search_term_string"}}],"inLanguage":"es"},{"@type":"Organization","@id":"https:\/\/www.escapadarural.com\/blog\/#organization","name":"EscapadaRural","url":"https:\/\/www.escapadarural.com\/blog\/","logo":{"@type":"ImageObject","inLanguage":"es","@id":"https:\/\/www.escapadarural.com\/blog\/#\/schema\/logo\/image\/","url":"https:\/\/www.escapadarural.com\/blog\/wp-content\/uploads\/2024\/10\/cropped-cropped-escapada-rural-icon-mag-3.png","contentUrl":"https:\/\/www.escapadarural.com\/blog\/wp-content\/uploads\/2024\/10\/cropped-cropped-escapada-rural-icon-mag-3.png","width":512,"height":512,"caption":"EscapadaRural"},"image":{"@id":"https:\/\/www.escapadarural.com\/blog\/#\/schema\/logo\/image\/"},"sameAs":["https:\/\/www.facebook.com\/escapadarural","https:\/\/www.instagram.com\/escapadarural\/","https:\/\/www.youtube.com\/@escapadaruralcom"]},{"@type":"Person","@id":"https:\/\/www.escapadarural.com\/blog\/#\/schema\/person\/ea17306ba0ae76670daf8e5008db21dd","name":"Miguel Perez","image":{"@type":"ImageObject","inLanguage":"es","@id":"https:\/\/www.escapadarural.com\/blog\/wp-content\/uploads\/2024\/11\/cropped-Miguel-Perez-96x96.jpg","url":"https:\/\/www.escapadarural.com\/blog\/wp-content\/uploads\/2024\/11\/cropped-Miguel-Perez-96x96.jpg","contentUrl":"https:\/\/www.escapadarural.com\/blog\/wp-content\/uploads\/2024\/11\/cropped-Miguel-Perez-96x96.jpg","caption":"Miguel Perez"},"description":"Me encanta el f\u00fatbol, leer, viajar, descubrir nuevos destinos y cont\u00e1rtelos","sameAs":["#","https:\/\/x.com\/#"],"url":"https:\/\/www.escapadarural.com\/blog\/autor\/miguel-perez\/"}]}},"_links":{"self":[{"href":"https:\/\/www.escapadarural.com\/blog\/wp-json\/wp\/v2\/posts\/84032","targetHints":{"allow":["GET"]}}],"collection":[{"href":"https:\/\/www.escapadarural.com\/blog\/wp-json\/wp\/v2\/posts"}],"about":[{"href":"https:\/\/www.escapadarural.com\/blog\/wp-json\/wp\/v2\/types\/post"}],"author":[{"embeddable":true,"href":"https:\/\/www.escapadarural.com\/blog\/wp-json\/wp\/v2\/users\/157"}],"replies":[{"embeddable":true,"href":"https:\/\/www.escapadarural.com\/blog\/wp-json\/wp\/v2\/comments?post=84032"}],"version-history":[{"count":0,"href":"https:\/\/www.escapadarural.com\/blog\/wp-json\/wp\/v2\/posts\/84032\/revisions"}],"wp:featuredmedia":[{"embeddable":true,"href":"https:\/\/www.escapadarural.com\/blog\/wp-json\/wp\/v2\/media\/91042"}],"wp:attachment":[{"href":"https:\/\/www.escapadarural.com\/blog\/wp-json\/wp\/v2\/media?parent=84032"}],"wp:term":[{"taxonomy":"category","embeddable":true,"href":"https:\/\/www.escapadarural.com\/blog\/wp-json\/wp\/v2\/categories?post=84032"},{"taxonomy":"post_tag","embeddable":true,"href":"https:\/\/www.escapadarural.com\/blog\/wp-json\/wp\/v2\/tags?post=84032"}],"curies":[{"name":"wp","href":"https:\/\/api.w.org\/{rel}","templated":true}]}}