{"id":84033,"date":"2024-07-23T07:00:00","date_gmt":"2024-07-23T06:00:00","guid":{"rendered":"https:\/\/www.escapadarural.com\/blog\/?p=78627"},"modified":"2025-03-13T15:23:27","modified_gmt":"2025-03-13T13:23:27","slug":"antonio-vazquez-medallista-olimpico","status":"publish","type":"post","link":"https:\/\/www.escapadarural.com\/blog\/antonio-vazquez-medallista-olimpico\/","title":{"rendered":"\u201cCuando lanc\u00e9 la \u00faltima flecha y ganamos el oro, igual podr\u00eda haber estado en Barcelona que en Levinco, rodeado de vacas\u201d, entrevista a Antonio V\u00e1zquez"},"content":{"rendered":"\n<h3 class=\"wp-block-heading\" id=\"h-medallistas-olimpicos-rurales-3-5-antonio-vazquez\"><strong>Medallistas ol\u00edmpicos rurales (3\/5)<\/strong>: Antonio V\u00e1zquez<\/h3>\n\n\n\n<p>Tercera entrega del serial de entrevistas <strong><a href=\"\/blog\/tag\/medallistas-olimpicos-rurales\/\">Medallistas ol\u00edmpicos rurales<\/a><\/strong> en EscapadaRural<strong>.<\/strong> Los Juegos Ol\u00edmpicos de Par\u00eds 2024 nos sirven como excusa para descubrir las ra\u00edces rurales de cinco deportistas que han logrado subir a un podio ol\u00edmpico. En la tercera entrega, charlamos con el tirador asturiano <strong>Antonio V\u00e1zquez<\/strong>, miembro del equipo de tiro con arco que gan\u00f3 la medalla de <strong>oro en Barcelona 1992<\/strong>.<\/p>\n\n\n\n<figure class=\"wp-block-image size-full\"><a href=\"https:\/\/www.escapadarural.com\/blog\/wp-content\/uploads\/2024\/10\/AntonioVazquezActual2.webp\"><img decoding=\"async\" src=\"https:\/\/www.escapadarural.com\/blog\/wp-content\/uploads\/2024\/10\/AntonioVazquezActual2.webp\" alt=\"Antonio V\u00e1zquez, en una imagen actual en por las calles de El Pino, en el valle de Aller.\" class=\"wp-image-79505\"\/><\/a><figcaption class=\"wp-element-caption\">Antonio V\u00e1zquez, en una imagen actual en por las calles de El Pino, en el valle de Aller. Imagen cedida por Antonio V\u00e1zquez.<\/figcaption><\/figure>\n\n\n\n<p>Dicen que el entorno forja el car\u00e1cter de una persona. Al menos, ayuda a definir c\u00f3mo se comporta. Es el caso de <strong>Antonio V\u00e1zquez Megido<\/strong> (Levinco, 1961). Cuando era un ni\u00f1o y viv\u00eda en Oviedo, Antonio esperaba con ansia el fin de semana para poder escaparse a su pueblo. En las Cuencas Mineras asturianas pod\u00eda ser el chaval que corr\u00eda libre, sin miedo a los coches. Que encontraba la serenidad en el verdor de los montes.<\/p>\n\n\n\n<p>Bien pudo haber estado all\u00ed su mente cuando, a\u00f1os m\u00e1s tarde, lanz\u00f3 las tres \u00faltimas flechas de la final de tiro con arco por equipos de los <strong>Juegos Ol\u00edmpicos de Barcelona, en 1992<\/strong>. All\u00ed, junto a Juan Carlos Holgado y Alfonso Men\u00e9ndez, consigui\u00f3 una <strong>medalla de oro<\/strong> tan inesperada como merecida, que plant\u00f3 a todo un pa\u00eds delante del televisor a la hora de comer. M\u00e1s de treinta a\u00f1os despu\u00e9s, todav\u00eda guarda frescos en su memoria los detalles de la competici\u00f3n. Igual que sus recuerdos de ni\u00f1ez en el <a href=\"\/casas-rurales\/aller\">valle de Aller<\/a>.<\/p>\n\n\n\n<div class=\"wp-block-buttons is-layout-flex wp-block-buttons-is-layout-flex\">\n<div class=\"wp-block-button\"><a class=\"wp-block-button__link wp-element-button\">Alojamientos rurales en Asturias<\/a><\/div>\n<\/div>\n\n\n\n<p><\/p>\n\n\n\n<ul class=\"wp-block-list\">\n<li><strong>Usted tiene ra\u00edces mineras.<\/strong><\/li>\n<\/ul>\n\n\n\n<p>Nac\u00ed en Levinco, un peque\u00f1o pueblo del concejo de Aller, en las Cuencas Mineras de Asturias. Hoy apenas supera los 100 habitantes. Mi padre era el vigilante en La Carinsa, la mina de carb\u00f3n a cielo abierto. Y mi madre hac\u00eda de maestra. Ella era de El Pino, un pueblo cercano; cuando yo ten\u00eda poco m\u00e1s de un a\u00f1o, nos mudamos all\u00ed. Despu\u00e9s, m\u00e1s o menos cuando cumpl\u00ed los seis, reubicaron a mi padre en las oficinas de La Hunosa, en Oviedo, y nos trasladamos a la ciudad.&nbsp;<\/p>\n\n\n\n<ul class=\"wp-block-list\">\n<li><strong>Un cambio radical.<\/strong><\/li>\n<\/ul>\n\n\n\n<p>Es cierto que nunca perdimos el contacto con el pueblo, porque \u00edbamos todos los fines de semana. Pero mudarnos a Oviedo, para m\u00ed, fue como entrar en la c\u00e1rcel. Estaba acostumbrado a correr por el pueblo, a jugar por la calle, andar con la bicicleta, caerme en la tierra\u2026 en definitiva, a tener libertad. Recuerdo estar jugando partidos de f\u00fatbol en mitad de la carretera. A lo mejor ten\u00edas que apartarte cada media hora porque ven\u00eda un coche, o el autob\u00fas de Felechosa, que transportaba a los mineros al trabajo. De repente vives en la ciudad y ya es: \u201cNo salgas, que te va a atropellar un coche\u201d.<\/p>\n\n\n\n<ul class=\"wp-block-list\">\n<li><strong>Im\u00e1genes que quedan grabadas en la memoria.<\/strong><\/li>\n<\/ul>\n\n\n\n<p>Todav\u00eda lo tengo metido en la cabeza. Lo recuerdo mucho. Salir por San Isidro, a la Collada de Valverde o al pico Torres, donde llev\u00e1bamos a las vacas a pastar en verano. Un t\u00edo m\u00edo ten\u00eda una vaquer\u00eda, y nos llevaba a mi primo y a m\u00ed a ver a las vacas, al prado\u2026. Las vistas que hab\u00eda, eso era impagable. Las noches estrelladas, tirados en la hierba mirando las estrellas. Eso era indescriptible, emocionant\u00edsimo.<\/p>\n\n\n\n<ul class=\"wp-block-list\">\n<li><strong>Qu\u00e9 diferente la vida rural de la vida urbana\u2026<\/strong><\/li>\n<\/ul>\n\n\n\n<p>Por suerte nunca perdimos la relaci\u00f3n con el pueblo. Mi abuela segu\u00eda viviendo all\u00ed y la visit\u00e1bamos cada semana. All\u00ed jugaba con mis primos en la calle. La t\u00edpica vida de pueblo, que me encanta.&nbsp;<\/p>\n\n\n\n<ul class=\"wp-block-list\">\n<li><strong>Vamos, que estaba deseando que llegaran los fines de semana.<\/strong><\/li>\n<\/ul>\n\n\n\n<p>S\u00ed, y el verano. Era acabar el curso y marcharnos all\u00ed dos meses.&nbsp;<\/p>\n\n\n<div id=\"ub-testimonial-856a948d-cb6a-48c7-8b23-89c4ee558d50\">\n\t\t\t<div id=\"ub_testimonial_856a948d-cb6a-48c7-8b23-89c4ee558d50\" class=\"wp-block-ub-testimonial ub_testimonial\" style=\"background-color: #f4f6f6; \">\n\t\t\t\t<div class=\"ub_testimonial_img\" style=\"\">\n\t\t\t\t\t<img loading=\"lazy\" decoding=\"async\" src=\"https:\/\/www.escapadarural.com\/blog\/wp-content\/uploads\/2024\/11\/AntonioVazquez_cita.webp\" alt=\"\" height=\"100\" width=\"100\">\n\t\t\t\t<\/div>\n\t\t\t\t<div class=\"ub_testimonial_content\">\n\t\t\t\t\t<p class=\"ub_testimonial_text\" style=\"font-size: 17px; text-align: justify; \">Mudarnos a Oviedo, para m\u00ed, fue como entrar en la c\u00e1rcel. Estaba acostumbrado a correr por el pueblo, a jugar por la calle, andar con la bicicleta, caerme en la tierra\u2026 en definitiva, a tener libertad<\/p>\n\t\t\t\t<\/div>\n\t\t\t\t<div class=\"ub_testimonial_sign\">\n\t\t\t\t\t<p class=\"ub_testimonial_author\" style=\"text-align: right; \">Antonio V\u00e1zquez Megido<\/p>\n\t\t\t\t\t<p class=\"ub_testimonial_author_role\" style=\"text-align: right; \">Medalla de oro en Tiro con Arco en Barcelona &#8217;92<\/p>\n\t\t\t\t<\/div>\n\t\t\t<\/div>\n\t\t<\/div>\n\n\n<ul class=\"wp-block-list\">\n<li><strong>\u00bfC\u00f3mo empieza su historia con el tiro con arco?<\/strong><\/li>\n<\/ul>\n\n\n\n<p>Como suceden muchas cosas, por casualidad. Con 16 a\u00f1os, cuando estudiaba BUP, me quedaron algunas asignaturas para verano: matem\u00e1ticas, ingl\u00e9s, lenguaje\u2026 As\u00ed que me apuntaron a clases de recuperaci\u00f3n. El profesor daba las clases en su casa, que era un \u00e1tico. Ten\u00eda colgada una diana, y le pregunt\u00e9 qu\u00e9 era eso. Me contest\u00f3 que una diana de tiro con arco.<\/p>\n\n\n\n<ul class=\"wp-block-list\">\n<li><strong>\u00bfA qu\u00e9 le sonaba aquello?<\/strong><\/li>\n<\/ul>\n\n\n\n<p>Le pregunt\u00e9: \u201c\u00bfUn arco como los indios?\u201d. Entonces me explic\u00f3 de qu\u00e9 iba el deporte. Y me dijo que, si me gustaba, me dejaba un arco y unas flechas, y me llevaba a practicar con \u00e9l. Y contest\u00e9: \u201cPues bueno, venga\u201d.<\/p>\n\n\n\n<ul class=\"wp-block-list\">\n<li><strong>Se lanz\u00f3.<\/strong><\/li>\n<\/ul>\n\n\n\n<p>Nunca mejor dicho. Quedamos el fin de semana, y as\u00ed empec\u00e9. \u00c9l mismo me entrenaba. Como no me gustaba salir de fiesta, mis ratos libres los pasaba practicando en una sala de la calle Azc\u00e1rraga, en Oviedo. Se me pasaba el tiempo sin darme cuenta, hasta que se hac\u00eda tarde y me ten\u00eda que ir a casa.<\/p>\n\n\n\n<ul class=\"wp-block-list\">\n<li><strong>El tiro con arco no deja de ser un deporte rural, de cazadores\u2026<\/strong><\/li>\n<\/ul>\n\n\n\n<p>As\u00ed es. De hecho, en verano me llevaba al arco al pueblo y practicaba en la monta\u00f1a, donde ten\u00edamos las vacas. Preparaba mis dianas entre las pacas y lanzaba mis flechazos mientras los animales pastaban. \u00a1Hab\u00eda que buscarse la vida para entrenar!<\/p>\n\n\n\n<figure class=\"wp-block-image size-full\"><a href=\"https:\/\/www.escapadarural.com\/blog\/wp-content\/uploads\/2024\/10\/Equipo_Nacional_JJOO_Seul_1988_WP04.webp\"><img decoding=\"async\" src=\"https:\/\/www.escapadarural.com\/blog\/wp-content\/uploads\/2024\/10\/Equipo_Nacional_JJOO_Seul_1988_WP04.webp\" alt=\"El medallista ol\u00edmpico Antonio V\u00e1zquez (segundo por la izquierda), junto al resto del equipo ol\u00edmpico espalo de tiro con arco de los Juegos Ol\u00edmpicos de Se\u00fal 1988.\" class=\"wp-image-78641\"\/><\/a><figcaption class=\"wp-element-caption\">Antonio V\u00e1zquez (segundo por la izquierda), junto al resto del equipo ol\u00edmpico espalo de tiro con arco de los Juegos Ol\u00edmpicos de Se\u00fal 1988.  Imagen cortes\u00eda de la <a href=\"https:\/\/www.federarco.es\/\" target=\"_blank\" rel=\"noreferrer noopener nofollow\">RFETA<\/a>.<\/figcaption><\/figure>\n\n\n\n<ul class=\"wp-block-list\">\n<li><strong>\u00bfCu\u00e1ndo se dio cuenta de que pod\u00eda destacar?<\/strong><\/li>\n<\/ul>\n\n\n\n<p>Poco a poco comenc\u00e9 a dedicarme m\u00e1s en serio al tiro con arco, aunque no se puede decir que de forma profesional, porque no se puede vivir de ello. Empec\u00e9 a despuntar y en 1979 entr\u00e9 en el equipo nacional. Comenc\u00e9 a ir a concentraciones en Madrid. Ese a\u00f1o se disputaba el torneo clasificatorio para los Juegos Ol\u00edmpicos de Mosc\u00fa (1980), en el que di la sorpresa y me clasifiqu\u00e9.<\/p>\n\n\n\n<ul class=\"wp-block-list\">\n<li><strong>Se present\u00f3 en Mosc\u00fa con 19 a\u00f1os.<\/strong><\/li>\n<\/ul>\n\n\n\n<p>Qued\u00e9 en el puesto 29, que no est\u00e1 tan mal para un principiante. Pero ten\u00eda que seguir evolucionando. El entrenador era Tom\u00e1s Cerra, un pionero del tiro con arco en Asturias y en Espa\u00f1a, que me ense\u00f1\u00f3 much\u00edsimo. A los siguientes Juegos, en Los \u00c1ngeles, no pude ir porque me toc\u00f3 hacer el servicio militar. S\u00ed que fui a los de Se\u00fal, en 1988, y Barcelona, en el 92, donde ganamos la medalla de oro por equipos. La de Atlanta, cuatro a\u00f1os despu\u00e9s, fue mi \u00faltima olimpiada.<\/p>\n\n\n\n<ul class=\"wp-block-list\">\n<li><strong>\u00bfDurante todo ese tiempo sigui\u00f3 teniendo relaci\u00f3n con Levinco?<\/strong><\/li>\n<\/ul>\n\n\n\n<p>Nunca la he perdido, a pesar de que ya no est\u00e1n ni mis abuelos, ni mis padres. Sigo yendo a \u2018Casa Abuela\u2019, como decimos nosotros. Voy con mi hermana, y me gusta llevar tambi\u00e9n a los ni\u00f1os. El verano pasado estuvimos quince d\u00edas en la casa. Cuando pasamos por Levinco, les digo: \u201cAqu\u00ed fue donde nac\u00ed, aqu\u00ed iba yo a la escuela, aqu\u00ed ven\u00edamos a lavar la ropa\u201d&#8230; Me hace muy feliz.<\/p>\n\n\n\n<figure class=\"wp-block-image size-full\"><a href=\"https:\/\/www.escapadarural.com\/blog\/wp-content\/uploads\/2024\/10\/AntonioVazquez_actual_WP03.webp\"><img decoding=\"async\" src=\"https:\/\/www.escapadarural.com\/blog\/wp-content\/uploads\/2024\/10\/AntonioVazquez_actual_WP03.webp\" alt=\"El medallista ol\u00edmpico Antonio V\u00e1zquez, en una imagen actual junto a sus hijos en un mirador de El Pino, en el valle de Aller.\" class=\"wp-image-78639\"\/><\/a><figcaption class=\"wp-element-caption\">Antonio V\u00e1zquez, en una imagen actual junto a sus hijos en un mirador de El Pino, en el valle de Aller. Imagen cedida por Antonio V\u00e1zquez.<\/figcaption><\/figure>\n\n\n\n<ul class=\"wp-block-list\">\n<li><strong>\u00bfLe ayud\u00f3 en algo el hecho de provenir de un entorno rural?<\/strong><\/li>\n<\/ul>\n\n\n\n<p>Estoy convencido de que s\u00ed. Me escapaba del ajetreo y del agobio de la ciudad buscando la relajaci\u00f3n. Estar en mi entorno y respirar aire puro, me daba serenidad. Incluso me llevaba el arco, porque no era lo mismo entrenar en una sala que ponerte a tirar al aire libre, rodeado de naturaleza, vacas y prados. El tiro con arco es un deporte que requiere relajaci\u00f3n, estar tranquilo. En ese sentido, el ambiente del pueblo ayuda. No s\u00e9 si es una ventaja, pero a m\u00ed me ayudaba a estar relajado, sin distorsiones.<\/p>\n\n\n\n<ul class=\"wp-block-list\">\n<li><strong>Ahora me dir\u00e1 que cuando estaba en el campo de tiro de Barcelona, lanzando esas tres \u00faltimas flechas, su mente estaba en Levinco.<\/strong><\/li>\n<\/ul>\n\n\n\n<p>Casi podr\u00eda decir que s\u00ed (r\u00ede). Durante la preparaci\u00f3n para los Juegos de Barcelona, nosotros hab\u00edamos practicado la <a href=\"https:\/\/www.sofrologia.com\/que-es-la-sofrologia\/\" target=\"_blank\" rel=\"noreferrer noopener nofollow\">sofrolog\u00eda<\/a>. Es una disciplina en la que se practican t\u00e9cnicas que ayudan a mantener la atenci\u00f3n, sin factores externos que te puedan distraer de, en este caso, la l\u00ednea de tiro. Se trata de relajarse, imaginarse cosas tranquilas\u2026<\/p>\n\n\n\n<ul class=\"wp-block-list\">\n<li><strong>Como estar lanzando flechas contra las pacas, rodeado de vacas pastando en el prado.<\/strong><\/li>\n<\/ul>\n\n\n\n<p>Algo as\u00ed. Al acabar la competici\u00f3n, recuerdo que me preguntaban: \u201c\u00bfPero t\u00fa no escuchabas al t\u00edo aquel tocando el bombo?\u201d. \u201cAh, pues no me enter\u00e9\u201d. \u201c\u00bfY los flashes de las c\u00e1maras?\u201d. \u201cPues tampoco me di cuenta\u201d. De hecho, lo de las c\u00e1maras lo prohibieron poco despu\u00e9s, porque pod\u00eda molestar a los tiradores. Digamos que yo estaba a lo que ten\u00eda que estar: en mi l\u00ednea de tiro, con mi arquito y la diana all\u00ed al fondo.<\/p>\n\n\n\n<figure class=\"wp-block-image size-full\"><a href=\"https:\/\/www.escapadarural.com\/blog\/wp-content\/uploads\/2024\/10\/Antonio_Vazquez_RFETA.webp\"><img decoding=\"async\" src=\"https:\/\/www.escapadarural.com\/blog\/wp-content\/uploads\/2024\/10\/Antonio_Vazquez_RFETA.webp\" alt=\"El medallista ol\u00edmpico Antonio V\u00e1zquez (derecha), junto a Juan  Carlos Holgado y Alfonso Men\u00e9ndez, posando con su medalla tras la competici\u00f3n.\" class=\"wp-image-78637\"\/><\/a><figcaption class=\"wp-element-caption\">Antonio V\u00e1zquez (derecha), junto a Juan  Carlos Holgado y Alfonso Men\u00e9ndez, posando con su medalla tras la competici\u00f3n. Imagen cortes\u00eda de la <a href=\"https:\/\/www.federarco.es\/\" target=\"_blank\" rel=\"noreferrer noopener nofollow\">RFETA<\/a>.<\/figcaption><\/figure>\n\n\n\n<ul class=\"wp-block-list\">\n<li><strong>Mientras, millones de espa\u00f1oles estaban pendientes de usted frente al televisor.<\/strong><\/li>\n<\/ul>\n\n\n\n<p>La competici\u00f3n tuvo much\u00edsima audiencia. Cortaron el telediario para emitirla en directo. Incluso se retras\u00f3 el inicio para que el rey, que estaba de camino al campo de tiro, pudiera verla desde las gradas. Cuando entr\u00e9 a lanzar mi \u00faltima tanda, me quedaban solo 40 segundos para hacer tres tiros\u2026 Lanc\u00e9 mi \u00faltima flecha cuando el equipo finland\u00e9s ya hab\u00eda terminado. Despu\u00e9s me dijeron que mi rival me miraba fijamente, como para ponerme nervioso. Pero ni me enter\u00e9. De ese tiro depend\u00eda todo. Si met\u00eda m\u00e1s de siete puntos, gan\u00e1bamos. Si met\u00eda menos, pues medalla de plata, que tambi\u00e9n estaba muy bien. En ese momento, lo \u00fanico que me importaba era tirar cerca del centro de la diana. Nada me distra\u00eda. Me hubiera dado igual estar en Barcelona, en la monta\u00f1a o en Levinco, cuando lanzaba flechas rodeado de vacas. Y por suerte, met\u00ed un nueve.<\/p>\n\n\n\n<ul class=\"wp-block-list\">\n<li><strong>Qu\u00e9 recuerdo.<\/strong><\/li>\n<\/ul>\n\n\n\n<p>Imborrable. Ir a una olimp\u00edada ya es lo m\u00e1ximo, pero ganar un oro, te deja sin palabras. Todav\u00eda tengo frescos los detalles de la competici\u00f3n, desde los dieciseisavos de final, hasta que ganamos el oro. Pero ya le digo, que solo de la competici\u00f3n. Por ejemplo, a Juan Carlos (Holgado) le amonestaron por entrar a la l\u00ednea de tiro antes de que saliera Alfonso. Recuerdo comentarlo con Viktor, nuestro entrenador. Tambi\u00e9n del reloj de 40 segundos cuando entr\u00e9 a lanzar la tanda decisiva, pensando \u201cqu\u00e9 poco tiempo tengo\u201d. De hecho, yo lanzaba el \u00faltimo porque era el m\u00e1s r\u00e1pido de los tres. Recuerdo pensar: \u201cSi se me cae una flecha, ya no me da tiempo a lanzar las tres\u201d. Ten\u00eda que ser \u2018pim, pam, pum\u2019. Y no de cualquier manera, hab\u00eda que sumar los puntos. De todo lo externo, del p\u00fablico, el bombo, los flashes, el rey\u2026 yo no fui consciente.<\/p>\n\n\n<div class=\"wp-block-image\">\n<figure class=\"aligncenter size-full\"><a href=\"https:\/\/www.escapadarural.com\/blog\/wp-content\/uploads\/2024\/10\/equipo_BCN_92-CAMPOSANSEBASTIAN.webp\"><img decoding=\"async\" src=\"https:\/\/www.escapadarural.com\/blog\/wp-content\/uploads\/2024\/10\/equipo_BCN_92-CAMPOSANSEBASTIAN.webp\" alt=\"El medallista ol\u00edmpico Antonio V\u00e1zquez (al fondo), junto al resto del equipo de tiro con arco que logr\u00f3 la medalla de oro en Barcelona '92.\" class=\"wp-image-78736\"\/><\/a><figcaption class=\"wp-element-caption\">Antonio V\u00e1zquez (al fondo), junto al resto del equipo de tiro con arco que logr\u00f3 la medalla de oro en Barcelona &#8217;92. Imagen cortes\u00eda de la RFETA.<\/figcaption><\/figure>\n<\/div>\n\n\n<ul class=\"wp-block-list\">\n<li><strong>Y sumaron los puntos necesarios. Qu\u00e9 momento.<\/strong><\/li>\n<\/ul>\n\n\n\n<p>Recuerdo darme la vuelta hacia Alfonso, que miraba por el catalejo a ver d\u00f3nde se clavaba la flecha. Se gir\u00f3, cerr\u00f3 el pu\u00f1o y entonces ya fuimos conscientes de que hab\u00edamos ganado, y nos llevamos las manos a la cabeza. \u201cLa que hemos liado\u201d, pensaba yo.<\/p>\n\n\n\n<ul class=\"wp-block-list\">\n<li><strong>Despu\u00e9s toca bajar de la nube y volver a la realidad. Y al pueblo, supongo.<\/strong><\/li>\n<\/ul>\n\n\n\n<p>En Levinco me hicieron un gran homenaje, un recibimiento con gaiteros y sidra. Para un pueblo tan peque\u00f1o, tener un medallista ol\u00edmpico era una cosa inaudita. Le pusieron mi nombre a la calle principal del pueblo, que ahora se llama \u2018Avenida V\u00e1zquez Megido\u2019. Este a\u00f1o me han llamado para dar el preg\u00f3n de las fiestas, aunque no podr\u00e9 asistir. Mandar\u00e9 un v\u00eddeo.<\/p>\n\n\n\n<ul class=\"wp-block-list\">\n<li><strong>As\u00ed que siguen presumiendo de medallista ol\u00edmpico, m\u00e1s de 30 a\u00f1os despu\u00e9s.<\/strong><\/li>\n<\/ul>\n\n\n\n<p>Est\u00e1n s\u00faper orgullosos de m\u00ed. Tambi\u00e9n le pusieron mi nombre al pabell\u00f3n de Moreda, en el concejo de Aller. Pero a m\u00ed, por mi forma de ser, me agobia un poquito eso de la fama. Le contar\u00e9 una an\u00e9cdota que me ocurri\u00f3 pocos d\u00edas despu\u00e9s de los Juegos. En Oviedo, la gente me reconoc\u00eda y me paraba por la calle. Yo entonces llevaba el pelo muy largo, como a lo afro. Me dec\u00edan: \u201cT\u00fa eres el de la medalla, \u00bfno?\u201d. Ya estaba cansado de contar tantas veces la misma historia. As\u00ed que decid\u00ed cortarme el pelo. Un cambio de imagen. La peluquer\u00eda estaba como a 500 metros de casa. Entre saludos y felicitaciones, me cost\u00f3 una hora llegar. Le dije al peluquero que lo quer\u00eda \u201cbien peladito\u201d. Me contest\u00f3: \u201cPero c\u00f3mo vas a cortarte el pelo, si es tu identidad\u201d. Y yo: \u201cCorta, corta. Si t\u00fa no quieres, me voy a otra peluquer\u00eda\u201d. Cuando sal\u00ed de all\u00ed, llegu\u00e9 a casa en un minuto (r\u00ede a carcajadas). Ya no me reconoc\u00eda nadie, \u00a1qu\u00e9 alivio!<\/p>\n\n\n\n<figure class=\"wp-block-image size-full\"><a href=\"https:\/\/www.escapadarural.com\/blog\/wp-content\/uploads\/2024\/10\/HocesDelPino_AdobeStock_25007480.webp\"><img decoding=\"async\" src=\"https:\/\/www.escapadarural.com\/blog\/wp-content\/uploads\/2024\/10\/HocesDelPino_AdobeStock_25007480.webp\" alt=\"Sendero de las Hoces del Pino, en el concejo de Aller (Asturias). \" class=\"wp-image-78642\"\/><\/a><figcaption class=\"wp-element-caption\">Sendero de las Hoces del Pino, en el concejo de Aller (Asturias). Por StockPhotoAstur<\/figcaption><\/figure>\n\n\n\n<ul class=\"wp-block-list\">\n<li><strong>\u00bfTodav\u00eda lanza flechazos?<\/strong><\/li>\n<\/ul>\n\n\n\n<p>S\u00ed, me apasiona el tiro con arco. Despu\u00e9s de mis \u00faltimas olimpiadas, segu\u00ed en el centro de alto rendimiento de Madrid durante un par de a\u00f1os. Pero entonces la cosa empez\u00f3 a decaer y, por circunstancias de la vida, me traslad\u00e9 a Ibiza. All\u00ed hay un centro de tiro con arco muy grande, donde estuve trabajando hasta el 2011. Posteriormente me traslad\u00e9 a Barcelona, donde he seguido vinculado al tiro con arco. Soy entrenador en un club y llevo el plan de tecnificaci\u00f3n de la Federaci\u00f3n Catalana, trabajando con ni\u00f1os entre 9 y 20 a\u00f1os.<\/p>\n\n\n\n<ul class=\"wp-block-list\">\n<li><strong>\u00bfQu\u00e9 ense\u00f1anzas le ha dejado el deporte?<\/strong><\/li>\n<\/ul>\n\n\n\n<p>El tiro con arco me ense\u00f1\u00f3 a ser calmado, a tener paciencia, lo que he intentado aplicar a mi forma de enfocar la vida. Tambi\u00e9n intento ense\u00f1arle esto a los ni\u00f1os. Deben tomarse las cosas con m\u00e1s tranquilidad, y no hablo solo del deporte.&nbsp;<\/p>\n\n\n\n<ul class=\"wp-block-list\">\n<li><strong>Deber\u00edan pasar temporadas en el pueblo.<\/strong><\/li>\n<\/ul>\n\n\n\n<p>Ya le digo. En cuanto acaba el colegio, yo me voy para all\u00ed un mes con mis hijos, nos hinchamos de tranquilidad y nos dejarnos de tanto tubo de escape. Intentamos coincidir con alguno de mis primos y sus hijos. En la zona hay muchos atractivos, todo el concejo de Aller es una maravilla donde llenarte de ox\u00edgeno. Con el desarrollo del turismo rural, la gente que no ha tenido contacto con ese entorno se est\u00e1 dando cuenta de las ventajas que tiene. Los pueblos son el mejor relajante.<\/p>\n","protected":false},"excerpt":{"rendered":"<p>Tercera entrega del serial de entrevistas &#8216;Medallistas ol\u00edmpicos rurales&#8217;, con el tirador con arco asturiano Antonio V\u00e1zquez, medalla de oro en Barcelona &#8217;92<\/p>\n","protected":false},"author":157,"featured_media":91007,"comment_status":"open","ping_status":"open","sticky":false,"template":"","format":"standard","meta":{"_acf_changed":false,"om_disable_all_campaigns":false,"footnotes":""},"categories":[231],"tags":[2886,5744,246,5745,5718],"class_list":["post-84033","post","type-post","status-publish","format-standard","has-post-thumbnail","hentry","category-arte-y-cultura","tag-aller","tag-antonio-vazquez","tag-que-ver-en-asturias","tag-levinco","tag-medallistas-olimpicos-rurales"],"acf":[],"featured_image_src":"https:\/\/www.escapadarural.com\/blog\/wp-content\/uploads\/2024\/10\/AntonioVazquezActual2.webp","author_info":{"display_name":"Miguel Perez","author_link":"https:\/\/www.escapadarural.com\/blog\/autor\/miguel-perez\/"},"yoast_head":"<!-- This site is optimized with the Yoast SEO plugin v27.5 - https:\/\/yoast.com\/product\/yoast-seo-wordpress\/ -->\n<title>\u201cCuando lanc\u00e9 la \u00faltima flecha y ganamos el oro, igual podr\u00eda haber estado en Barcelona que en Levinco, rodeado de vacas\u201d, entrevista a Antonio V\u00e1zquez - EscapadaRural<\/title>\n<meta name=\"robots\" content=\"index, follow, max-snippet:-1, max-image-preview:large, max-video-preview:-1\" \/>\n<link rel=\"canonical\" href=\"https:\/\/www.escapadarural.com\/blog\/antonio-vazquez-medallista-olimpico\/\" \/>\n<meta property=\"og:locale\" content=\"es_ES\" \/>\n<meta property=\"og:type\" content=\"article\" \/>\n<meta property=\"og:title\" content=\"\u201cCuando lanc\u00e9 la \u00faltima flecha y ganamos el oro, igual podr\u00eda haber estado en Barcelona que en Levinco, rodeado de vacas\u201d, entrevista a Antonio V\u00e1zquez - EscapadaRural\" \/>\n<meta property=\"og:description\" content=\"Tercera entrega del serial de entrevistas &#039;Medallistas ol\u00edmpicos rurales&#039;, con el tirador con arco asturiano Antonio V\u00e1zquez, medalla de oro en Barcelona &#039;92\" \/>\n<meta property=\"og:url\" content=\"https:\/\/www.escapadarural.com\/blog\/antonio-vazquez-medallista-olimpico\/\" \/>\n<meta property=\"og:site_name\" content=\"Magazine de viajes de EscapadaRural\" \/>\n<meta property=\"article:publisher\" content=\"https:\/\/www.facebook.com\/escapadarural\" \/>\n<meta property=\"article:author\" content=\"#\" \/>\n<meta property=\"article:published_time\" content=\"2024-07-23T06:00:00+00:00\" \/>\n<meta property=\"article:modified_time\" content=\"2025-03-13T13:23:27+00:00\" \/>\n<meta property=\"og:image\" content=\"https:\/\/app.escapadarural.com\/blog\/wp-content\/uploads\/2024\/10\/AntonioVazquezActual2.webp\" \/>\n\t<meta property=\"og:image:width\" content=\"1024\" \/>\n\t<meta property=\"og:image:height\" content=\"941\" \/>\n\t<meta property=\"og:image:type\" content=\"image\/webp\" \/>\n<meta name=\"author\" content=\"Miguel Perez\" \/>\n<meta name=\"twitter:card\" content=\"summary_large_image\" \/>\n<meta name=\"twitter:creator\" content=\"@#\" \/>\n<meta name=\"twitter:label1\" content=\"Escrito por\" \/>\n\t<meta name=\"twitter:data1\" content=\"Miguel Perez\" \/>\n\t<meta name=\"twitter:label2\" content=\"Tiempo de lectura\" \/>\n\t<meta name=\"twitter:data2\" content=\"13 minutos\" \/>\n<script type=\"application\/ld+json\" class=\"yoast-schema-graph\">{\"@context\":\"https:\\\/\\\/schema.org\",\"@graph\":[{\"@type\":\"Article\",\"@id\":\"https:\\\/\\\/www.escapadarural.com\\\/blog\\\/antonio-vazquez-medallista-olimpico\\\/#article\",\"isPartOf\":{\"@id\":\"https:\\\/\\\/www.escapadarural.com\\\/blog\\\/antonio-vazquez-medallista-olimpico\\\/\"},\"author\":{\"name\":\"Miguel Perez\",\"@id\":\"https:\\\/\\\/www.escapadarural.com\\\/blog\\\/#\\\/schema\\\/person\\\/ea17306ba0ae76670daf8e5008db21dd\"},\"headline\":\"\u201cCuando lanc\u00e9 la \u00faltima flecha y ganamos el oro, igual podr\u00eda haber estado en Barcelona que en Levinco, rodeado de vacas\u201d, entrevista a Antonio V\u00e1zquez\",\"datePublished\":\"2024-07-23T06:00:00+00:00\",\"dateModified\":\"2025-03-13T13:23:27+00:00\",\"mainEntityOfPage\":{\"@id\":\"https:\\\/\\\/www.escapadarural.com\\\/blog\\\/antonio-vazquez-medallista-olimpico\\\/\"},\"wordCount\":2555,\"commentCount\":0,\"publisher\":{\"@id\":\"https:\\\/\\\/www.escapadarural.com\\\/blog\\\/#organization\"},\"image\":{\"@id\":\"https:\\\/\\\/www.escapadarural.com\\\/blog\\\/antonio-vazquez-medallista-olimpico\\\/#primaryimage\"},\"thumbnailUrl\":\"https:\\\/\\\/www.escapadarural.com\\\/blog\\\/wp-content\\\/uploads\\\/2024\\\/10\\\/AntonioVazquezActual2.webp\",\"keywords\":[\"aller\",\"Antonio V\u00e1zquez\",\"Asturias\",\"Levinco\",\"Medallistas ol\u00edmpicos rurales\"],\"articleSection\":[\"Arte y Cultura\"],\"inLanguage\":\"es\",\"potentialAction\":[{\"@type\":\"CommentAction\",\"name\":\"Comment\",\"target\":[\"https:\\\/\\\/www.escapadarural.com\\\/blog\\\/antonio-vazquez-medallista-olimpico\\\/#respond\"]}]},{\"@type\":\"WebPage\",\"@id\":\"https:\\\/\\\/www.escapadarural.com\\\/blog\\\/antonio-vazquez-medallista-olimpico\\\/\",\"url\":\"https:\\\/\\\/www.escapadarural.com\\\/blog\\\/antonio-vazquez-medallista-olimpico\\\/\",\"name\":\"\u201cCuando lanc\u00e9 la \u00faltima flecha y ganamos el oro, igual podr\u00eda haber estado en Barcelona que en Levinco, rodeado de vacas\u201d, entrevista a Antonio V\u00e1zquez - EscapadaRural\",\"isPartOf\":{\"@id\":\"https:\\\/\\\/www.escapadarural.com\\\/blog\\\/#website\"},\"primaryImageOfPage\":{\"@id\":\"https:\\\/\\\/www.escapadarural.com\\\/blog\\\/antonio-vazquez-medallista-olimpico\\\/#primaryimage\"},\"image\":{\"@id\":\"https:\\\/\\\/www.escapadarural.com\\\/blog\\\/antonio-vazquez-medallista-olimpico\\\/#primaryimage\"},\"thumbnailUrl\":\"https:\\\/\\\/www.escapadarural.com\\\/blog\\\/wp-content\\\/uploads\\\/2024\\\/10\\\/AntonioVazquezActual2.webp\",\"datePublished\":\"2024-07-23T06:00:00+00:00\",\"dateModified\":\"2025-03-13T13:23:27+00:00\",\"breadcrumb\":{\"@id\":\"https:\\\/\\\/www.escapadarural.com\\\/blog\\\/antonio-vazquez-medallista-olimpico\\\/#breadcrumb\"},\"inLanguage\":\"es\",\"potentialAction\":[{\"@type\":\"ReadAction\",\"target\":[\"https:\\\/\\\/www.escapadarural.com\\\/blog\\\/antonio-vazquez-medallista-olimpico\\\/\"]}]},{\"@type\":\"ImageObject\",\"inLanguage\":\"es\",\"@id\":\"https:\\\/\\\/www.escapadarural.com\\\/blog\\\/antonio-vazquez-medallista-olimpico\\\/#primaryimage\",\"url\":\"https:\\\/\\\/www.escapadarural.com\\\/blog\\\/wp-content\\\/uploads\\\/2024\\\/10\\\/AntonioVazquezActual2.webp\",\"contentUrl\":\"https:\\\/\\\/www.escapadarural.com\\\/blog\\\/wp-content\\\/uploads\\\/2024\\\/10\\\/AntonioVazquezActual2.webp\",\"width\":1024,\"height\":941,\"caption\":\"Un hombre mayor y un ni\u00f1o peque\u00f1o sonr\u00eden en una carretera rural. El hombre lleva un casco rojo y el ni\u00f1o un bast\u00f3n. Detr\u00e1s de ellos hay muros de piedra, casas y colinas verdes bajo un cielo nublado.\"},{\"@type\":\"BreadcrumbList\",\"@id\":\"https:\\\/\\\/www.escapadarural.com\\\/blog\\\/antonio-vazquez-medallista-olimpico\\\/#breadcrumb\",\"itemListElement\":[{\"@type\":\"ListItem\",\"position\":1,\"name\":\"Inicio\",\"item\":\"https:\\\/\\\/www.escapadarural.com\\\/blog\\\/\"},{\"@type\":\"ListItem\",\"position\":2,\"name\":\"Arte y Cultura\",\"item\":\"https:\\\/\\\/www.escapadarural.com\\\/blog\\\/categoria\\\/arte-y-cultura\\\/\"},{\"@type\":\"ListItem\",\"position\":3,\"name\":\"\u201cCuando lanc\u00e9 la \u00faltima flecha y ganamos el oro, igual podr\u00eda haber estado en Barcelona que en Levinco, rodeado de vacas\u201d, entrevista a Antonio V\u00e1zquez\"}]},{\"@type\":\"WebSite\",\"@id\":\"https:\\\/\\\/www.escapadarural.com\\\/blog\\\/#website\",\"url\":\"https:\\\/\\\/www.escapadarural.com\\\/blog\\\/\",\"name\":\"Blog de viajes | turismo rural, alojamientos e inspiraci\u00f3n\",\"description\":\"Alojamientos rurales e inspiraci\u00f3n para tus escapadas\",\"publisher\":{\"@id\":\"https:\\\/\\\/www.escapadarural.com\\\/blog\\\/#organization\"},\"alternateName\":\"Magazine de viajes de EscapadaRural\",\"potentialAction\":[{\"@type\":\"SearchAction\",\"target\":{\"@type\":\"EntryPoint\",\"urlTemplate\":\"https:\\\/\\\/www.escapadarural.com\\\/blog\\\/?s={search_term_string}\"},\"query-input\":{\"@type\":\"PropertyValueSpecification\",\"valueRequired\":true,\"valueName\":\"search_term_string\"}}],\"inLanguage\":\"es\"},{\"@type\":\"Organization\",\"@id\":\"https:\\\/\\\/www.escapadarural.com\\\/blog\\\/#organization\",\"name\":\"EscapadaRural\",\"url\":\"https:\\\/\\\/www.escapadarural.com\\\/blog\\\/\",\"logo\":{\"@type\":\"ImageObject\",\"inLanguage\":\"es\",\"@id\":\"https:\\\/\\\/www.escapadarural.com\\\/blog\\\/#\\\/schema\\\/logo\\\/image\\\/\",\"url\":\"https:\\\/\\\/www.escapadarural.com\\\/blog\\\/wp-content\\\/uploads\\\/2024\\\/10\\\/cropped-cropped-escapada-rural-icon-mag-3.png\",\"contentUrl\":\"https:\\\/\\\/www.escapadarural.com\\\/blog\\\/wp-content\\\/uploads\\\/2024\\\/10\\\/cropped-cropped-escapada-rural-icon-mag-3.png\",\"width\":512,\"height\":512,\"caption\":\"EscapadaRural\"},\"image\":{\"@id\":\"https:\\\/\\\/www.escapadarural.com\\\/blog\\\/#\\\/schema\\\/logo\\\/image\\\/\"},\"sameAs\":[\"https:\\\/\\\/www.facebook.com\\\/escapadarural\",\"https:\\\/\\\/www.instagram.com\\\/escapadarural\\\/\",\"https:\\\/\\\/www.youtube.com\\\/@escapadaruralcom\"]},{\"@type\":\"Person\",\"@id\":\"https:\\\/\\\/www.escapadarural.com\\\/blog\\\/#\\\/schema\\\/person\\\/ea17306ba0ae76670daf8e5008db21dd\",\"name\":\"Miguel Perez\",\"image\":{\"@type\":\"ImageObject\",\"inLanguage\":\"es\",\"@id\":\"https:\\\/\\\/www.escapadarural.com\\\/blog\\\/wp-content\\\/uploads\\\/2024\\\/11\\\/cropped-Miguel-Perez-96x96.jpg\",\"url\":\"https:\\\/\\\/www.escapadarural.com\\\/blog\\\/wp-content\\\/uploads\\\/2024\\\/11\\\/cropped-Miguel-Perez-96x96.jpg\",\"contentUrl\":\"https:\\\/\\\/www.escapadarural.com\\\/blog\\\/wp-content\\\/uploads\\\/2024\\\/11\\\/cropped-Miguel-Perez-96x96.jpg\",\"caption\":\"Miguel Perez\"},\"description\":\"Me encanta el f\u00fatbol, leer, viajar, descubrir nuevos destinos y cont\u00e1rtelos\",\"sameAs\":[\"#\",\"https:\\\/\\\/x.com\\\/#\"],\"url\":\"https:\\\/\\\/www.escapadarural.com\\\/blog\\\/autor\\\/miguel-perez\\\/\"}]}<\/script>\n<!-- \/ Yoast SEO plugin. -->","yoast_head_json":{"title":"\u201cCuando lanc\u00e9 la \u00faltima flecha y ganamos el oro, igual podr\u00eda haber estado en Barcelona que en Levinco, rodeado de vacas\u201d, entrevista a Antonio V\u00e1zquez - EscapadaRural","robots":{"index":"index","follow":"follow","max-snippet":"max-snippet:-1","max-image-preview":"max-image-preview:large","max-video-preview":"max-video-preview:-1"},"canonical":"https:\/\/www.escapadarural.com\/blog\/antonio-vazquez-medallista-olimpico\/","og_locale":"es_ES","og_type":"article","og_title":"\u201cCuando lanc\u00e9 la \u00faltima flecha y ganamos el oro, igual podr\u00eda haber estado en Barcelona que en Levinco, rodeado de vacas\u201d, entrevista a Antonio V\u00e1zquez - EscapadaRural","og_description":"Tercera entrega del serial de entrevistas 'Medallistas ol\u00edmpicos rurales', con el tirador con arco asturiano Antonio V\u00e1zquez, medalla de oro en Barcelona '92","og_url":"https:\/\/www.escapadarural.com\/blog\/antonio-vazquez-medallista-olimpico\/","og_site_name":"Magazine de viajes de EscapadaRural","article_publisher":"https:\/\/www.facebook.com\/escapadarural","article_author":"#","article_published_time":"2024-07-23T06:00:00+00:00","article_modified_time":"2025-03-13T13:23:27+00:00","og_image":[{"width":1024,"height":941,"url":"https:\/\/app.escapadarural.com\/blog\/wp-content\/uploads\/2024\/10\/AntonioVazquezActual2.webp","type":"image\/webp"}],"author":"Miguel Perez","twitter_card":"summary_large_image","twitter_creator":"@#","twitter_misc":{"Escrito por":"Miguel Perez","Tiempo de lectura":"13 minutos"},"schema":{"@context":"https:\/\/schema.org","@graph":[{"@type":"Article","@id":"https:\/\/www.escapadarural.com\/blog\/antonio-vazquez-medallista-olimpico\/#article","isPartOf":{"@id":"https:\/\/www.escapadarural.com\/blog\/antonio-vazquez-medallista-olimpico\/"},"author":{"name":"Miguel Perez","@id":"https:\/\/www.escapadarural.com\/blog\/#\/schema\/person\/ea17306ba0ae76670daf8e5008db21dd"},"headline":"\u201cCuando lanc\u00e9 la \u00faltima flecha y ganamos el oro, igual podr\u00eda haber estado en Barcelona que en Levinco, rodeado de vacas\u201d, entrevista a Antonio V\u00e1zquez","datePublished":"2024-07-23T06:00:00+00:00","dateModified":"2025-03-13T13:23:27+00:00","mainEntityOfPage":{"@id":"https:\/\/www.escapadarural.com\/blog\/antonio-vazquez-medallista-olimpico\/"},"wordCount":2555,"commentCount":0,"publisher":{"@id":"https:\/\/www.escapadarural.com\/blog\/#organization"},"image":{"@id":"https:\/\/www.escapadarural.com\/blog\/antonio-vazquez-medallista-olimpico\/#primaryimage"},"thumbnailUrl":"https:\/\/www.escapadarural.com\/blog\/wp-content\/uploads\/2024\/10\/AntonioVazquezActual2.webp","keywords":["aller","Antonio V\u00e1zquez","Asturias","Levinco","Medallistas ol\u00edmpicos rurales"],"articleSection":["Arte y Cultura"],"inLanguage":"es","potentialAction":[{"@type":"CommentAction","name":"Comment","target":["https:\/\/www.escapadarural.com\/blog\/antonio-vazquez-medallista-olimpico\/#respond"]}]},{"@type":"WebPage","@id":"https:\/\/www.escapadarural.com\/blog\/antonio-vazquez-medallista-olimpico\/","url":"https:\/\/www.escapadarural.com\/blog\/antonio-vazquez-medallista-olimpico\/","name":"\u201cCuando lanc\u00e9 la \u00faltima flecha y ganamos el oro, igual podr\u00eda haber estado en Barcelona que en Levinco, rodeado de vacas\u201d, entrevista a Antonio V\u00e1zquez - EscapadaRural","isPartOf":{"@id":"https:\/\/www.escapadarural.com\/blog\/#website"},"primaryImageOfPage":{"@id":"https:\/\/www.escapadarural.com\/blog\/antonio-vazquez-medallista-olimpico\/#primaryimage"},"image":{"@id":"https:\/\/www.escapadarural.com\/blog\/antonio-vazquez-medallista-olimpico\/#primaryimage"},"thumbnailUrl":"https:\/\/www.escapadarural.com\/blog\/wp-content\/uploads\/2024\/10\/AntonioVazquezActual2.webp","datePublished":"2024-07-23T06:00:00+00:00","dateModified":"2025-03-13T13:23:27+00:00","breadcrumb":{"@id":"https:\/\/www.escapadarural.com\/blog\/antonio-vazquez-medallista-olimpico\/#breadcrumb"},"inLanguage":"es","potentialAction":[{"@type":"ReadAction","target":["https:\/\/www.escapadarural.com\/blog\/antonio-vazquez-medallista-olimpico\/"]}]},{"@type":"ImageObject","inLanguage":"es","@id":"https:\/\/www.escapadarural.com\/blog\/antonio-vazquez-medallista-olimpico\/#primaryimage","url":"https:\/\/www.escapadarural.com\/blog\/wp-content\/uploads\/2024\/10\/AntonioVazquezActual2.webp","contentUrl":"https:\/\/www.escapadarural.com\/blog\/wp-content\/uploads\/2024\/10\/AntonioVazquezActual2.webp","width":1024,"height":941,"caption":"Un hombre mayor y un ni\u00f1o peque\u00f1o sonr\u00eden en una carretera rural. El hombre lleva un casco rojo y el ni\u00f1o un bast\u00f3n. Detr\u00e1s de ellos hay muros de piedra, casas y colinas verdes bajo un cielo nublado."},{"@type":"BreadcrumbList","@id":"https:\/\/www.escapadarural.com\/blog\/antonio-vazquez-medallista-olimpico\/#breadcrumb","itemListElement":[{"@type":"ListItem","position":1,"name":"Inicio","item":"https:\/\/www.escapadarural.com\/blog\/"},{"@type":"ListItem","position":2,"name":"Arte y Cultura","item":"https:\/\/www.escapadarural.com\/blog\/categoria\/arte-y-cultura\/"},{"@type":"ListItem","position":3,"name":"\u201cCuando lanc\u00e9 la \u00faltima flecha y ganamos el oro, igual podr\u00eda haber estado en Barcelona que en Levinco, rodeado de vacas\u201d, entrevista a Antonio V\u00e1zquez"}]},{"@type":"WebSite","@id":"https:\/\/www.escapadarural.com\/blog\/#website","url":"https:\/\/www.escapadarural.com\/blog\/","name":"Blog de viajes | turismo rural, alojamientos e inspiraci\u00f3n","description":"Alojamientos rurales e inspiraci\u00f3n para tus escapadas","publisher":{"@id":"https:\/\/www.escapadarural.com\/blog\/#organization"},"alternateName":"Magazine de viajes de EscapadaRural","potentialAction":[{"@type":"SearchAction","target":{"@type":"EntryPoint","urlTemplate":"https:\/\/www.escapadarural.com\/blog\/?s={search_term_string}"},"query-input":{"@type":"PropertyValueSpecification","valueRequired":true,"valueName":"search_term_string"}}],"inLanguage":"es"},{"@type":"Organization","@id":"https:\/\/www.escapadarural.com\/blog\/#organization","name":"EscapadaRural","url":"https:\/\/www.escapadarural.com\/blog\/","logo":{"@type":"ImageObject","inLanguage":"es","@id":"https:\/\/www.escapadarural.com\/blog\/#\/schema\/logo\/image\/","url":"https:\/\/www.escapadarural.com\/blog\/wp-content\/uploads\/2024\/10\/cropped-cropped-escapada-rural-icon-mag-3.png","contentUrl":"https:\/\/www.escapadarural.com\/blog\/wp-content\/uploads\/2024\/10\/cropped-cropped-escapada-rural-icon-mag-3.png","width":512,"height":512,"caption":"EscapadaRural"},"image":{"@id":"https:\/\/www.escapadarural.com\/blog\/#\/schema\/logo\/image\/"},"sameAs":["https:\/\/www.facebook.com\/escapadarural","https:\/\/www.instagram.com\/escapadarural\/","https:\/\/www.youtube.com\/@escapadaruralcom"]},{"@type":"Person","@id":"https:\/\/www.escapadarural.com\/blog\/#\/schema\/person\/ea17306ba0ae76670daf8e5008db21dd","name":"Miguel Perez","image":{"@type":"ImageObject","inLanguage":"es","@id":"https:\/\/www.escapadarural.com\/blog\/wp-content\/uploads\/2024\/11\/cropped-Miguel-Perez-96x96.jpg","url":"https:\/\/www.escapadarural.com\/blog\/wp-content\/uploads\/2024\/11\/cropped-Miguel-Perez-96x96.jpg","contentUrl":"https:\/\/www.escapadarural.com\/blog\/wp-content\/uploads\/2024\/11\/cropped-Miguel-Perez-96x96.jpg","caption":"Miguel Perez"},"description":"Me encanta el f\u00fatbol, leer, viajar, descubrir nuevos destinos y cont\u00e1rtelos","sameAs":["#","https:\/\/x.com\/#"],"url":"https:\/\/www.escapadarural.com\/blog\/autor\/miguel-perez\/"}]}},"_links":{"self":[{"href":"https:\/\/www.escapadarural.com\/blog\/wp-json\/wp\/v2\/posts\/84033","targetHints":{"allow":["GET"]}}],"collection":[{"href":"https:\/\/www.escapadarural.com\/blog\/wp-json\/wp\/v2\/posts"}],"about":[{"href":"https:\/\/www.escapadarural.com\/blog\/wp-json\/wp\/v2\/types\/post"}],"author":[{"embeddable":true,"href":"https:\/\/www.escapadarural.com\/blog\/wp-json\/wp\/v2\/users\/157"}],"replies":[{"embeddable":true,"href":"https:\/\/www.escapadarural.com\/blog\/wp-json\/wp\/v2\/comments?post=84033"}],"version-history":[{"count":0,"href":"https:\/\/www.escapadarural.com\/blog\/wp-json\/wp\/v2\/posts\/84033\/revisions"}],"wp:featuredmedia":[{"embeddable":true,"href":"https:\/\/www.escapadarural.com\/blog\/wp-json\/wp\/v2\/media\/91007"}],"wp:attachment":[{"href":"https:\/\/www.escapadarural.com\/blog\/wp-json\/wp\/v2\/media?parent=84033"}],"wp:term":[{"taxonomy":"category","embeddable":true,"href":"https:\/\/www.escapadarural.com\/blog\/wp-json\/wp\/v2\/categories?post=84033"},{"taxonomy":"post_tag","embeddable":true,"href":"https:\/\/www.escapadarural.com\/blog\/wp-json\/wp\/v2\/tags?post=84033"}],"curies":[{"name":"wp","href":"https:\/\/api.w.org\/{rel}","templated":true}]}}