{"id":84036,"date":"2024-07-26T07:00:00","date_gmt":"2024-07-26T06:00:00","guid":{"rendered":"https:\/\/www.escapadarural.com\/blog\/?p=78746"},"modified":"2025-03-13T15:20:12","modified_gmt":"2025-03-13T13:20:12","slug":"carlos-coloma-medallista-olimpico","status":"publish","type":"post","link":"https:\/\/www.escapadarural.com\/blog\/carlos-coloma-medallista-olimpico\/","title":{"rendered":"\u201cLa medalla ol\u00edmpica me abri\u00f3 las puertas para desarrollar mis proyectos\u201d, entrevista a Carlos Coloma"},"content":{"rendered":"\n<h3 class=\"wp-block-heading\" id=\"h-medallistas-olimpicos-rurales-4-5-carlos-coloma\"><strong>Medallistas ol\u00edmpicos rurales (4\/5)<\/strong>:<strong> Carlos Coloma<\/strong><\/h3>\n\n\n\n<p>Cuarta entrega del serial de entrevistas <strong><a href=\"\/blog\/tag\/medallistas-olimpicos-rurales\/\">Medallistas ol\u00edmpicos rurales<\/a><\/strong> en EscapadaRural<strong>.<\/strong> Los Juegos Ol\u00edmpicos de Par\u00eds 2024 nos sirven como excusa para descubrir las ra\u00edces rurales de cinco deportistas que han logrado subir a un podio ol\u00edmpico. En la cuarta entrega, charlamos con el ciclista riojano <strong>Carlos Coloma<\/strong>, medalla de <strong>bronce en R\u00edo 2016<\/strong>, que con su \u00e9xito ol\u00edmpico alcanz\u00f3 la repercusi\u00f3n que le ha permitido desarrollar sus proyectos.<\/p>\n\n\n\n<figure class=\"wp-block-image size-full\"><a href=\"https:\/\/www.escapadarural.com\/blog\/wp-content\/uploads\/2024\/10\/CarlosColoma_01_WP01.webp\"><img decoding=\"async\" src=\"https:\/\/www.escapadarural.com\/blog\/wp-content\/uploads\/2024\/10\/CarlosColoma_01_WP01.webp\" alt=\"El medallista ol\u00edmpico rural, Carlos Coloma, junto a la l\u00ednea de meta de la carrera de mountain bike La Rioja Bike Race.\" class=\"wp-image-78752\"\/><\/a><figcaption class=\"wp-element-caption\">Carlos Coloma, junto a la l\u00ednea de meta de la carrera de <em>mountain bike<\/em> La Rioja Bike Race. Imagen cortes\u00eda de BH Coloma Team.<\/figcaption><\/figure>\n\n\n\n<p><strong>Carlos Coloma Nicol\u00e1s <\/strong>(Albelda de Iregua, 1981) alcanz\u00f3 el \u00e9xito muy pronto. El reconocimiento del gran p\u00fablico, sin embargo, tard\u00f3 mucho m\u00e1s en llegar. <strong>A los 18 a\u00f1os fue subcampe\u00f3n del mundo j\u00fanior<\/strong> en Suecia. A ese hito le siguieron largos a\u00f1os de trabajo en la sombra, viajes silenciosos y triunfos desapercibidos. Hasta que con 35 a\u00f1os, siendo ya un veterano, consigui\u00f3 la recompensa a toda una vida dedicada al <em>mountain bike<\/em>: la <strong>medalla de bronce en los Juegos Ol\u00edmpicos de R\u00edo 2016<\/strong>.<\/p>\n\n\n\n<p>El ciclista riojano es consciente de que esa foto con el preciado metal ol\u00edmpico fue la que le allan\u00f3 el camino (si es que se puede recorrer un camino llano en el mundo del<em> mountain bike<\/em>) para poder desarrollar <strong>todos los proyectos que lidera hoy en d\u00eda<\/strong>. Tiene un equipo ciclista profesional en su pueblo, ha puesto en marcha cuatro escuelas de ciclismo para ni\u00f1os y ni\u00f1as, y colabora con el Gobierno de La Rioja en el \u00e1mbito del desarrollo tur\u00edstico rural, entre otras cosas.<\/p>\n\n\n\n<div class=\"wp-block-buttons is-layout-flex wp-block-buttons-is-layout-flex\">\n<div class=\"wp-block-button\"><a class=\"wp-block-button__link wp-element-button\" href=\"\/casas-rurales\/la-rioja\">Alojamientos rurales en La Rioja<\/a><\/div>\n<\/div>\n\n\n\n<p><\/p>\n\n\n\n<ul class=\"wp-block-list\">\n<li><strong>La suya es toda una vida dedicada a la bicicleta.<\/strong><\/li>\n<\/ul>\n\n\n\n<p>De peque\u00f1o aprend\u00ed a montar por las calles de mi pueblo y, desde entonces, me dedico al <em>mountain bike<\/em>. Cuando era ni\u00f1o, lo compaginaba con otros deportes como el f\u00fatbol, la pelota mano y el taekwondo. Pero en 1999 corr\u00ed mi primer mundial en Suecia, y se me dio bastante bien: fui subcampe\u00f3n del mundo junior. Entr\u00e9 a formar parte de un equipo profesional y, desde entonces, todo ha pasado muy r\u00e1pido.<\/p>\n\n\n\n<ul class=\"wp-block-list\">\n<li><strong>\u00bfC\u00f3mo naci\u00f3 esa pasi\u00f3n por el ciclismo de monta\u00f1a?<\/strong><\/li>\n<\/ul>\n\n\n\n<p>En mi casa siempre se ha practicado ciclismo, desde mi abuelo. \u00c9l fue el iniciador. A finales de los 80, mi primo trajo una de las primeras<em> mountain bikes<\/em> a casa. Mi padre la prob\u00f3, le gust\u00f3 much\u00edsimo y empez\u00f3 a competir, ya a principios de los 90. Mi primera carrera fue en el 93-94. Me encant\u00f3 el deporte: la t\u00e9cnica que exig\u00eda sobre la bicicleta de monta\u00f1a, los paisajes que se recorren\u2026 Me enganch\u00f3 completamente. As\u00ed que, en 1995, decid\u00ed dejar el resto de deportes y centrarme en el <em>mountain bike<\/em>.<\/p>\n\n\n\n<ul class=\"wp-block-list\">\n<li><strong>Es cierto que el entorno rural favorece la pr\u00e1ctica del <em>mountain bike<\/em>.<\/strong><\/li>\n<\/ul>\n\n\n\n<p>Sin ninguna duda. Nac\u00ed, crec\u00ed y vivo en una zona privilegiada para el <em>mountain bike<\/em>. Soy de <a href=\"\/casas-rurales\/albelda-de-iregua\">Albelda de Iregua<\/a>, un pueblito de 3.500 habitantes, situado cerca de Logro\u00f1o. Es un lugar ideal: muy pocos habitantes, muy poco tr\u00e1fico y un entorno espectacular para recorrer.<\/p>\n\n\n\n<figure class=\"wp-block-image size-full\"><a href=\"https:\/\/www.escapadarural.com\/blog\/wp-content\/uploads\/2024\/10\/Entrada_Albelda_de_Iregua_WP02.webp\"><img decoding=\"async\" src=\"https:\/\/www.escapadarural.com\/blog\/wp-content\/uploads\/2024\/10\/Entrada_Albelda_de_Iregua_WP02.webp\" alt=\"Entrada a Albelda de Iregua, el pueblo del medallista ol\u00edmpico Carlos Coloma.\" class=\"wp-image-78753\"\/><\/a><figcaption class=\"wp-element-caption\">Entrada a Albelda de Iregua, el pueblo del medallista ol\u00edmpico Carlos Coloma. Por <a href=\"https:\/\/commons.wikimedia.org\/wiki\/File:Entrada_Albelda_de_Iregua.jpg\" target=\"_blank\">Arist\u00f3steles<\/a>.<\/figcaption><\/figure>\n\n\n\n<ul class=\"wp-block-list\">\n<li><strong>\u00bfQu\u00e9 le aport\u00f3 vivir en ese entorno para su desarrollo deportivo?<\/strong><\/li>\n<\/ul>\n\n\n\n<p>Siempre digo que a m\u00ed el pueblo me ense\u00f1\u00f3 la t\u00e9cnica. Esa pericia que cog\u00ed de peque\u00f1ito, andando en bicicleta por el pueblo, saltando por los senderos con mi BH California\u2026 toda esa parte de juego mezclado con t\u00e9cnica ciclista, me la dio el pueblo. Estaba todo el d\u00eda para arriba y para abajo: al front\u00f3n, a la plaza, al parque\u2026 siempre en bicicleta. Crec\u00ed en un ambiente con muy poco tr\u00e1fico, donde mis padres me daban mucha libertad. Eso no lo tienes en la ciudad. Es un ambiente muy saludable y adem\u00e1s, a m\u00ed me dio ese plus de t\u00e9cnica y de equilibrio.<\/p>\n\n\n\n<ul class=\"wp-block-list\">\n<li><strong>Las ense\u00f1anzas de la calle.<\/strong><\/li>\n<\/ul>\n\n\n\n<p>Son importantes, sin ninguna duda. Ahora tengo dos ni\u00f1os, que se est\u00e1n criando en este ambiente. Aunque reconozco que la ciudad tiene otro tipo de ventajas, para mi la vida en el pueblo, en un entorno rural, no se le puede comparar ni de lejos.<\/p>\n\n\n\n<ul class=\"wp-block-list\">\n<li><strong>\u00bfC\u00f3mo se da cuenta de que esa pasi\u00f3n puede convertirse en profesi\u00f3n?<\/strong><\/li>\n<\/ul>\n\n\n\n<p>A principios de los 2000, nuestro deporte empez\u00f3 a crecer. Se organizaban cada vez m\u00e1s carreras internacionales, la mayor\u00eda en <a href=\"https:\/\/www.escapadarural.com\/blog\/los-jardines-mas-bonitos-de-espana\/\" title=\"Los 5 jardines m\u00e1s bonitos de la Espa\u00f1a rural\"  data-wpil-monitor-id=\"898\">entornos rurales y zonas de monta\u00f1a muy bonitas<\/a>. Pude conocer pa\u00edses como Suiza, Italia, Francia, Sud\u00e1frica, Estados Unidos, Canad\u00e1\u2026 Entonces me di cuenta de que pod\u00eda dedicarme al <em>mountain bike<\/em> de forma profesional, vivir de mi pasi\u00f3n y viajar por todo el mundo. Me sent\u00eda, y todav\u00eda me siento, una de las personas m\u00e1s privilegiadas del mundo, porque puedo mezclar el trabajo con la pasi\u00f3n.<\/p>\n\n\n\n<ul class=\"wp-block-list\">\n<li><strong>\u201cElige un trabajo que te guste y no tendr\u00e1s que trabajar ni un d\u00eda de tu vida\u201d.<\/strong><\/li>\n<\/ul>\n\n\n\n<p>Firmo debajo de esa cita. Yo me sacrifico y me esfuerzo mucho, le dedico muchas horas al d\u00eda para llevar todos mis proyectos hacia delante. Pero es mi pasi\u00f3n y, por lo tanto, no me lo tomo como un trabajo. No me cuesta. Tengo la ambici\u00f3n de hacer mi deporte mejor para los ni\u00f1os y para mis corredores.<\/p>\n\n\n<div id=\"ub-testimonial-c35c3c45-4cff-468c-8d71-3e17bd791675\">\n\t\t\t<div id=\"ub_testimonial_c35c3c45-4cff-468c-8d71-3e17bd791675\" class=\"wp-block-ub-testimonial ub_testimonial\" style=\"background-color: #f4f6f6; \">\n\t\t\t\t<div class=\"ub_testimonial_img\" style=\"\">\n\t\t\t\t\t<img loading=\"lazy\" decoding=\"async\" src=\"https:\/\/www.escapadarural.com\/blog\/wp-content\/uploads\/2024\/11\/CarlosColoma_03_WP03.webp\" alt=\"\" height=\"100\" width=\"100\">\n\t\t\t\t<\/div>\n\t\t\t\t<div class=\"ub_testimonial_content\">\n\t\t\t\t\t<p class=\"ub_testimonial_text\" style=\"font-size: 17px; text-align: justify; \">A m\u00ed el pueblo me ense\u00f1\u00f3 la t\u00e9cnica. Esa pericia que cog\u00ed de peque\u00f1ito, andando en bicicleta por el pueblo, saltando por los senderos con mi BH California\u2026 me dio ese plus de t\u00e9cnica y de equilibriou<\/p>\n\t\t\t\t<\/div>\n\t\t\t\t<div class=\"ub_testimonial_sign\">\n\t\t\t\t\t<p class=\"ub_testimonial_author\" style=\"text-align: right; \">Carlos Coloma<\/p>\n\t\t\t\t\t<p class=\"ub_testimonial_author_role\" style=\"text-align: right; \">Ciclista ol\u00edmpico<\/p>\n\t\t\t\t<\/div>\n\t\t\t<\/div>\n\t\t<\/div>\n\n\n<ul class=\"wp-block-list\">\n<li><strong>Tras muchos a\u00f1os de trabajo en la sombra, lleg\u00f3 el gran pelotazo: la medalla ol\u00edmpica.<\/strong><\/li>\n<\/ul>\n\n\n\n<p>Durante muchos a\u00f1os me esforc\u00e9 mucho en el d\u00eda a d\u00eda. Gan\u00e9 carreras de <em>mountain bike<\/em>, fui campe\u00f3n del mundo, obtuve medallas en mundiales y europeos\u2026 Pero lo que me ha hecho ser reconocido a nivel nacional e internacional, en un 80 o 90%, se lo debo a la medalla ol\u00edmpica. Tiene mucha repercusi\u00f3n, todo coge una dimensi\u00f3n brutal. La gente te pone cara, te conocen todos los medios de comunicaci\u00f3n y se te abren muchas puertas.<\/p>\n\n\n\n<ul class=\"wp-block-list\">\n<li><strong>Usted necesitaba esa llave para desarrollar todos los proyectos que ten\u00eda en mente.<\/strong><\/li>\n<\/ul>\n\n\n\n<p>Hay muchas maneras de arrancar un proyecto. El m\u00edo viene desde hace much\u00edsimos a\u00f1os. Tenemos un equipo profesional de ciclismo de monta\u00f1a en mi pueblo, con una gran estructura. Y desde mucho antes, ya trabaj\u00e1bamos en la formaci\u00f3n con las escuelas de ciclismo, en las que tratamos de potenciar, sobre todo, los valores de trabajo y perseverancia en los m\u00e1s peque\u00f1os. No dir\u00e9 que est\u00e1 siendo un camino f\u00e1cil, pero est\u00e1 siendo muy bonito. Y cuando vas a buscar recursos y apoyo, la medalla ol\u00edmpica te abre puertas, como digo.<\/p>\n\n\n\n<ul class=\"wp-block-list\">\n<li><strong>\u00bfNos explica esa labor de formaci\u00f3n con los m\u00e1s j\u00f3venes?<\/strong><\/li>\n<\/ul>\n\n\n\n<p>En 2012 creamos en La Rioja nuestra primera escuela de ciclismo, el Coloma Bike Club. Arranc\u00f3 con siete ni\u00f1os. Actualmente tenemos cuatro escuelas: la de La Rioja tiene m\u00e1s de 120 ni\u00f1os y ni\u00f1as, tenemos otra en <a href=\"\/casas-rurales\/la-nucia\">La Nuc\u00eda<\/a> (Alicante), con 50 ni\u00f1os y ni\u00f1as, otra en <a href=\"\/casas-rurales\/baza\">Baza<\/a>, en la casa de David Valero, uno de nuestros corredores profesionales, que tambi\u00e9n tiene m\u00e1s de 120 ni\u00f1os y ni\u00f1as. Y acabamos de abrir otra escuela en M\u00e1laga, que est\u00e1 empezando a crecer. La idea era dar continuidad a esa experiencia que yo estaba cogiendo por todo el mundo, transmitirla para que los ni\u00f1os mejoraran en el <em>mountain bike<\/em>. Pero en nuestras escuelas no solo aprenden a competir en bicicleta. Les ense\u00f1amos mec\u00e1nica, mantenimiento y limpieza del material, educaci\u00f3n vial, nutrici\u00f3n\u2026 Desde el principio, pero m\u00e1s si cabe con el crecimiento de nuestra estructura, hemos potenciado mucho la formaci\u00f3n en valores. Queremos hacer ver a los ni\u00f1os que si se sacrifican por conseguir sus objetivos y ayudar a los compa\u00f1eros a lograrlos tambi\u00e9n, se van a convertir en mejores personas. Esa ense\u00f1anza les va a servir para cualquier aspecto de su vida, y es donde estamos invirtiendo nuestros mayores esfuerzos.<\/p>\n\n\n\n<figure class=\"wp-block-image size-full\"><a href=\"https:\/\/www.escapadarural.com\/blog\/wp-content\/uploads\/2024\/10\/CarlosColoma_04_WP04.webp\"><img decoding=\"async\" src=\"https:\/\/www.escapadarural.com\/blog\/wp-content\/uploads\/2024\/10\/CarlosColoma_04_WP04.webp\" alt=\"Carlos Coloma, junto a algunos alumnos del Coloma Bike Club, su escuela de ciclismo para ni\u00f1os y ni\u00f1as.\" class=\"wp-image-78758\"\/><\/a><figcaption class=\"wp-element-caption\">Carlos Coloma, junto a algunos alumnos del Coloma Bike Club, su escuela de ciclismo para ni\u00f1os y ni\u00f1as. Imagen cortes\u00eda de BH Coloma Team.<\/figcaption><\/figure>\n\n\n\n<ul class=\"wp-block-list\">\n<li><strong>Compagina esta labor con la de liderar un equipo ciclista profesional: el BH Coloma Team.<\/strong><\/li>\n<\/ul>\n\n\n\n<p>Arrancamos en el a\u00f1o 2019, bajo el nombre BH Templo Caf\u00e9s, cuando yo todav\u00eda estaba en activo. Actualmente se llama BH Coloma Team, con BH Bikes como principal patrocinador. El equipo creci\u00f3 con tres corredores, y ahora tiene siete ciclistas profesionales, adem\u00e1s de un equipo junior con otros seis corredores. Tenemos una corredora americana, una portuguesa y un corredor argentino. Estamos en el top 15 del <em>ranking<\/em> mundial, con lo cual somos categor\u00eda \u00e9lite UCI. En esta categor\u00eda s\u00f3lo hay 15 equipos en todo el mundo. Ahora estamos en plena fase de expansi\u00f3n, tanto a nivel de instalaciones, con una nueva sede que estamos construyendo en el pueblo, como de estructura: veh\u00edculos, <em>paddock<\/em>, corredores, personal\u2026 Estamos invirtiendo muchas horas y un gran esfuerzo mental, pero debo decir que est\u00e1 resultando realmente gratificante. Han sido seis a\u00f1os de mucho trabajo y, sobre todo, de buscar muchos apoyos y patrocinios.<\/p>\n\n\n\n<ul class=\"wp-block-list\">\n<li><strong>Uno de sus patrocinadores es Deporte y Turismo del Gobierno de La Rioja, con el que colabora en el \u00e1mbito del desarrollo tur\u00edstico rural.<\/strong><\/li>\n<\/ul>\n\n\n\n<p>Intentamos que la gente entienda que dentro de esta peque\u00f1a regi\u00f3n del norte de Espa\u00f1a se puede vivir muy bien y se puede practicar deporte de calidad. Queremos dar a conocer su cultura y su gastronom\u00eda, por supuesto con la cultura del vino, tan importante para los riojanos. Creemos que el mill\u00f3n de seguidores que tiene nuestra estructura puede ser importante para la comunidad, y viceversa.<\/p>\n\n\n\n<ul class=\"wp-block-list\">\n<li><strong>En esa labor de difusi\u00f3n le dan mucha importancia a las redes sociales.<\/strong><\/li>\n<\/ul>\n\n\n\n<p>Tenemos un equipo muy potente a nivel de comunicaci\u00f3n. Personalmente me gusta invertir en ello, porque considero muy importante dar a conocer lo que hacemos, la filosof\u00eda del equipo y de sus corredores. Y nos hace ser m\u00e1s visibles ante las grandes marcas. Estamos en un punto en el que nos hace falta apoyo de una gran marca que acompa\u00f1e a BH, porque nuestra estructura es muy grande: mec\u00e1nicos, masajistas, preparadores, m\u00e9dicos, corredores\u2026 Sin una buena comunicaci\u00f3n, nunca podremos llegar a conseguir nuestros objetivos.<\/p>\n\n\n\n<ul class=\"wp-block-list\">\n<li><strong>\u00bfQu\u00e9 iniciativas tienen pr\u00f3ximamente?<\/strong><\/li>\n<\/ul>\n\n\n\n<p>Vamos a presentar una prueba para octubre, con filosof\u00eda familiar, relacionada con el <em>mountain bike<\/em>. Durante todo el a\u00f1o me gusta colaborar con cualquier iniciativa que surge de mi pueblo, como el desaf\u00edo Albelda, una prueba para <em>runners<\/em>. Me parece que el mejor legado que le podemos dejar a Albelda de Iregua es que la gente practique deporte y tenga ambici\u00f3n por superarse. El deporte te activa f\u00edsica y mentalmente. En nuestro pueblo vecino, Lardero, vamos a arrancar con la escuela de ni\u00f1os y la nueva sede del equipo profesional. Al final La Rioja es muy peque\u00f1ita y todos nos apoyamos mucho. Es una tierra privilegiada, muy involucrada en el desarrollo del turismo rural y activo.<\/p>\n\n\n\n<figure class=\"wp-block-image size-full is-resized\"><a href=\"https:\/\/www.escapadarural.com\/blog\/wp-content\/uploads\/2024\/10\/Carlos_COLOMA_NICOLAS_1_WP05.webp\"><img decoding=\"async\" src=\"https:\/\/www.escapadarural.com\/blog\/wp-content\/uploads\/2024\/10\/Carlos_COLOMA_NICOLAS_1_WP05.webp\" alt=\"El ciclista riojano Carlos Coloma, en plena competici\u00f3n internacional.\" class=\"wp-image-78760\" style=\"aspect-ratio:1.3333333333333333;width:780px;height:auto\"\/><\/a><figcaption class=\"wp-element-caption\">El ciclista riojano Carlos Coloma, en plena competici\u00f3n internacional. Por <a href=\"https:\/\/commons.wikimedia.org\/wiki\/File:Carlos_COLOMA_NICOLAS.JPG\" target=\"_blank\">Vanbasten 23<\/a>.<\/figcaption><\/figure>\n\n\n\n<ul class=\"wp-block-list\">\n<li><strong>Incluso la capital, Logro\u00f1o, tiene un poco ese aroma de pueblo, \u00bfno?<\/strong><\/li>\n<\/ul>\n\n\n\n<p>Es as\u00ed. Hace poco hemos estado celebrado La Rioja Bike Race, una prueba de <em>mountain bike<\/em> por etapas, consolidada y conocida en todo el mundo. Han venido amigos de fuera, y todos se sorprenden cuando conocen Logro\u00f1o. Es una ciudad peque\u00f1a, de 150.000 habitantes, pero tiene de todo, y es muy c\u00f3moda y accesible. Adem\u00e1s, la gente es muy cercana. No lo digo porque sea riojano, pero quien no conozca La Rioja, sin duda es un destino que tiene que ponerse en la agenda.<\/p>\n\n\n\n<ul class=\"wp-block-list\">\n<li><strong>Es un gran embajador de su tierra, por lo que vemos.<\/strong><\/li>\n<\/ul>\n\n\n\n<p>Siempre lo he sido, a lo largo de toda mi trayectoria, y con mucha honra. En el a\u00f1o 2017 me nombraron Riojano Ilustre. Creo que solo somos dos deportistas en toda la historia de La Rioja. En 2019 fui designado embajador de La Rioja Turismo. Hicimos un <a href=\"https:\/\/www.youtube.com\/watch?v=_bxRykUxQFA\" target=\"_blank\" rel=\"noreferrer noopener nofollow\">spot de televisi\u00f3n<\/a> muy bonito y una campa\u00f1a tur\u00edstica muy potente, bajo el nombre <a href=\"https:\/\/www.lariojaconcoloma.com\/\" target=\"_blank\" rel=\"noreferrer noopener nofollow\">La Rioja con Coloma<\/a>. Ser profeta en tu tierra es muy dif\u00edcil, pero en mi caso no considero que sea as\u00ed. Sigo teniendo mi casa en Albelda de Iregua y paso en La Rioja todo el tiempo que puedo, a pesar de todo lo que viajo. Siempre me he sentido muy querido por los riojanos, por mi gente. Por eso defiendo a La Rioja siempre y me vuelco a tope en todo lo que me propone mi pueblo.<\/p>\n\n\n\n<ul class=\"wp-block-list\">\n<li><strong>Albelda de Iregua tambi\u00e9n se volc\u00f3 con usted cuando volvi\u00f3 de R\u00edo con la medalla ol\u00edmpica. \u00bfC\u00f3mo recuerda ese d\u00eda?<\/strong><\/li>\n<\/ul>\n\n\n\n<p>Fue incre\u00edble. Yo imaginaba que habr\u00eda mucha gente, que iba a pasar un buen rato y poder compartir con todo el mundo mi medalla. El vuelo desde R\u00edo se retras\u00f3, y tuvieron que esperar varias horas. Pero cuando entr\u00e9 por la recta que lleva al centro del pueblo y vi la cola de coches y la gente que hab\u00eda, me qued\u00e9 sin palabras. Llegu\u00e9 a la plaza y estaba a reventar, todo el mundo con el bigote pintado. Nos lo hab\u00edamos dejado los corredores espa\u00f1oles como se\u00f1a de identidad. <a href=\"https:\/\/www.youtube.com\/watch?v=u5inK7TS_bI\" target=\"_blank\" rel=\"noreferrer noopener nofollow\">Las im\u00e1genes son alucinantes<\/a>. Es algo incomparable, un momento que nunca olvidar\u00e9. Al mismo nivel del momento de cruzar la l\u00ednea de meta y de cuando me colgaron la medalla.<\/p>\n\n\n\n<ul class=\"wp-block-list\">\n<li><strong>\u00bfSiente que sin aquel triunfo en R\u00edo, todo lo que ha construido despu\u00e9s en torno al <em>mountain bike<\/em> no existir\u00eda?<\/strong><\/li>\n<\/ul>\n\n\n\n<p>Lo veo as\u00ed. La repercusi\u00f3n medi\u00e1tica que tuvo la carrera de R\u00edo dio a conocer toda la trayectoria que llevaba detr\u00e1s y supuso el impulso que necesit\u00e1bamos. Nos dio la oportunidad a m\u00ed y al equipo de que nos conociera m\u00e1s gente. Y despu\u00e9s de la medalla que yo consegu\u00ed en R\u00edo, lleg\u00f3 la de nuestro corredor David Valero, en Tokio 2020, donde tambi\u00e9n logr\u00f3 un bronce. Ahora todas las expectativas est\u00e1n centradas en nuestro equipo y en nuestra selecci\u00f3n. El verdadero m\u00e9rito de los equipos es tener siempre objetivos. La carrera nunca termina. Y ya se sabe: no hay dos sin tres.<\/p>\n","protected":false},"excerpt":{"rendered":"<p>Cuarta entrega de &#8216;Medallistas ol\u00edmpicos rurales&#8217;, en la que entrevistamos al ciclista Carlos Coloma, medalla de bronce en mountain bike en los Juegos de R\u00edo 2016<\/p>\n","protected":false},"author":157,"featured_media":90969,"comment_status":"open","ping_status":"open","sticky":false,"template":"","format":"standard","meta":{"_acf_changed":false,"om_disable_all_campaigns":false,"footnotes":""},"categories":[231],"tags":[5748,5749,518,5718],"class_list":["post-84036","post","type-post","status-publish","format-standard","has-post-thumbnail","hentry","category-arte-y-cultura","tag-albelda-de-iregua","tag-carlos-coloma","tag-que-ver-en-la-rioja","tag-medallistas-olimpicos-rurales"],"acf":[],"featured_image_src":"https:\/\/www.escapadarural.com\/blog\/wp-content\/uploads\/2024\/10\/CarlosColoma_01_WP01.webp","author_info":{"display_name":"Miguel Perez","author_link":"https:\/\/www.escapadarural.com\/blog\/autor\/miguel-perez\/"},"yoast_head":"<!-- This site is optimized with the Yoast SEO plugin v27.5 - https:\/\/yoast.com\/product\/yoast-seo-wordpress\/ -->\n<title>\u201cLa medalla ol\u00edmpica me abri\u00f3 las puertas para desarrollar mis proyectos\u201d, entrevista a Carlos Coloma - EscapadaRural<\/title>\n<meta name=\"robots\" content=\"index, follow, max-snippet:-1, max-image-preview:large, max-video-preview:-1\" \/>\n<link rel=\"canonical\" href=\"https:\/\/www.escapadarural.com\/blog\/carlos-coloma-medallista-olimpico\/\" \/>\n<meta property=\"og:locale\" content=\"es_ES\" \/>\n<meta property=\"og:type\" content=\"article\" \/>\n<meta property=\"og:title\" content=\"\u201cLa medalla ol\u00edmpica me abri\u00f3 las puertas para desarrollar mis proyectos\u201d, entrevista a Carlos Coloma - EscapadaRural\" \/>\n<meta property=\"og:description\" content=\"Cuarta entrega de &#039;Medallistas ol\u00edmpicos rurales&#039;, en la que entrevistamos al ciclista Carlos Coloma, medalla de bronce en mountain bike en los Juegos de R\u00edo 2016\" \/>\n<meta property=\"og:url\" content=\"https:\/\/www.escapadarural.com\/blog\/carlos-coloma-medallista-olimpico\/\" \/>\n<meta property=\"og:site_name\" content=\"Magazine de viajes de EscapadaRural\" \/>\n<meta property=\"article:publisher\" content=\"https:\/\/www.facebook.com\/escapadarural\" \/>\n<meta property=\"article:author\" content=\"#\" \/>\n<meta property=\"article:published_time\" content=\"2024-07-26T06:00:00+00:00\" \/>\n<meta property=\"article:modified_time\" content=\"2025-03-13T13:20:12+00:00\" \/>\n<meta property=\"og:image\" content=\"https:\/\/www.escapadarural.com\/blog\/wp-content\/uploads\/2024\/10\/CarlosColoma_01_WP01.webp\" \/>\n\t<meta property=\"og:image:width\" content=\"1024\" \/>\n\t<meta property=\"og:image:height\" content=\"576\" \/>\n\t<meta property=\"og:image:type\" content=\"image\/webp\" \/>\n<meta name=\"author\" content=\"Miguel Perez\" \/>\n<meta name=\"twitter:card\" content=\"summary_large_image\" \/>\n<meta name=\"twitter:creator\" content=\"@#\" \/>\n<meta name=\"twitter:label1\" content=\"Escrito por\" \/>\n\t<meta name=\"twitter:data1\" content=\"Miguel Perez\" \/>\n\t<meta name=\"twitter:label2\" content=\"Tiempo de lectura\" \/>\n\t<meta name=\"twitter:data2\" content=\"12 minutos\" \/>\n<script type=\"application\/ld+json\" class=\"yoast-schema-graph\">{\"@context\":\"https:\\\/\\\/schema.org\",\"@graph\":[{\"@type\":\"Article\",\"@id\":\"https:\\\/\\\/www.escapadarural.com\\\/blog\\\/carlos-coloma-medallista-olimpico\\\/#article\",\"isPartOf\":{\"@id\":\"https:\\\/\\\/www.escapadarural.com\\\/blog\\\/carlos-coloma-medallista-olimpico\\\/\"},\"author\":{\"name\":\"Miguel Perez\",\"@id\":\"https:\\\/\\\/www.escapadarural.com\\\/blog\\\/#\\\/schema\\\/person\\\/ea17306ba0ae76670daf8e5008db21dd\"},\"headline\":\"\u201cLa medalla ol\u00edmpica me abri\u00f3 las puertas para desarrollar mis proyectos\u201d, entrevista a Carlos Coloma\",\"datePublished\":\"2024-07-26T06:00:00+00:00\",\"dateModified\":\"2025-03-13T13:20:12+00:00\",\"mainEntityOfPage\":{\"@id\":\"https:\\\/\\\/www.escapadarural.com\\\/blog\\\/carlos-coloma-medallista-olimpico\\\/\"},\"wordCount\":2465,\"commentCount\":1,\"publisher\":{\"@id\":\"https:\\\/\\\/www.escapadarural.com\\\/blog\\\/#organization\"},\"image\":{\"@id\":\"https:\\\/\\\/www.escapadarural.com\\\/blog\\\/carlos-coloma-medallista-olimpico\\\/#primaryimage\"},\"thumbnailUrl\":\"https:\\\/\\\/www.escapadarural.com\\\/blog\\\/wp-content\\\/uploads\\\/2024\\\/10\\\/CarlosColoma_01_WP01.webp\",\"keywords\":[\"Albelda de Iregua\",\"Carlos Coloma\",\"La Rioja\",\"Medallistas ol\u00edmpicos rurales\"],\"articleSection\":[\"Arte y Cultura\"],\"inLanguage\":\"es\",\"potentialAction\":[{\"@type\":\"CommentAction\",\"name\":\"Comment\",\"target\":[\"https:\\\/\\\/www.escapadarural.com\\\/blog\\\/carlos-coloma-medallista-olimpico\\\/#respond\"]}]},{\"@type\":\"WebPage\",\"@id\":\"https:\\\/\\\/www.escapadarural.com\\\/blog\\\/carlos-coloma-medallista-olimpico\\\/\",\"url\":\"https:\\\/\\\/www.escapadarural.com\\\/blog\\\/carlos-coloma-medallista-olimpico\\\/\",\"name\":\"\u201cLa medalla ol\u00edmpica me abri\u00f3 las puertas para desarrollar mis proyectos\u201d, entrevista a Carlos Coloma - EscapadaRural\",\"isPartOf\":{\"@id\":\"https:\\\/\\\/www.escapadarural.com\\\/blog\\\/#website\"},\"primaryImageOfPage\":{\"@id\":\"https:\\\/\\\/www.escapadarural.com\\\/blog\\\/carlos-coloma-medallista-olimpico\\\/#primaryimage\"},\"image\":{\"@id\":\"https:\\\/\\\/www.escapadarural.com\\\/blog\\\/carlos-coloma-medallista-olimpico\\\/#primaryimage\"},\"thumbnailUrl\":\"https:\\\/\\\/www.escapadarural.com\\\/blog\\\/wp-content\\\/uploads\\\/2024\\\/10\\\/CarlosColoma_01_WP01.webp\",\"datePublished\":\"2024-07-26T06:00:00+00:00\",\"dateModified\":\"2025-03-13T13:20:12+00:00\",\"breadcrumb\":{\"@id\":\"https:\\\/\\\/www.escapadarural.com\\\/blog\\\/carlos-coloma-medallista-olimpico\\\/#breadcrumb\"},\"inLanguage\":\"es\",\"potentialAction\":[{\"@type\":\"ReadAction\",\"target\":[\"https:\\\/\\\/www.escapadarural.com\\\/blog\\\/carlos-coloma-medallista-olimpico\\\/\"]}]},{\"@type\":\"ImageObject\",\"inLanguage\":\"es\",\"@id\":\"https:\\\/\\\/www.escapadarural.com\\\/blog\\\/carlos-coloma-medallista-olimpico\\\/#primaryimage\",\"url\":\"https:\\\/\\\/www.escapadarural.com\\\/blog\\\/wp-content\\\/uploads\\\/2024\\\/10\\\/CarlosColoma_01_WP01.webp\",\"contentUrl\":\"https:\\\/\\\/www.escapadarural.com\\\/blog\\\/wp-content\\\/uploads\\\/2024\\\/10\\\/CarlosColoma_01_WP01.webp\",\"width\":1024,\"height\":576,\"caption\":\"Un ciclista sonriente con maillot rojo y negro bajo la pancarta de meta de la Carrera Ciclista de La Rioja 2024 en Logro\u00f1o, con los logotipos de los patrocinadores del evento y \u00e1rboles visibles al fondo.\"},{\"@type\":\"BreadcrumbList\",\"@id\":\"https:\\\/\\\/www.escapadarural.com\\\/blog\\\/carlos-coloma-medallista-olimpico\\\/#breadcrumb\",\"itemListElement\":[{\"@type\":\"ListItem\",\"position\":1,\"name\":\"Inicio\",\"item\":\"https:\\\/\\\/www.escapadarural.com\\\/blog\\\/\"},{\"@type\":\"ListItem\",\"position\":2,\"name\":\"Arte y Cultura\",\"item\":\"https:\\\/\\\/www.escapadarural.com\\\/blog\\\/categoria\\\/arte-y-cultura\\\/\"},{\"@type\":\"ListItem\",\"position\":3,\"name\":\"\u201cLa medalla ol\u00edmpica me abri\u00f3 las puertas para desarrollar mis proyectos\u201d, entrevista a Carlos Coloma\"}]},{\"@type\":\"WebSite\",\"@id\":\"https:\\\/\\\/www.escapadarural.com\\\/blog\\\/#website\",\"url\":\"https:\\\/\\\/www.escapadarural.com\\\/blog\\\/\",\"name\":\"Blog de viajes | turismo rural, alojamientos e inspiraci\u00f3n\",\"description\":\"Alojamientos rurales e inspiraci\u00f3n para tus escapadas\",\"publisher\":{\"@id\":\"https:\\\/\\\/www.escapadarural.com\\\/blog\\\/#organization\"},\"alternateName\":\"Magazine de viajes de EscapadaRural\",\"potentialAction\":[{\"@type\":\"SearchAction\",\"target\":{\"@type\":\"EntryPoint\",\"urlTemplate\":\"https:\\\/\\\/www.escapadarural.com\\\/blog\\\/?s={search_term_string}\"},\"query-input\":{\"@type\":\"PropertyValueSpecification\",\"valueRequired\":true,\"valueName\":\"search_term_string\"}}],\"inLanguage\":\"es\"},{\"@type\":\"Organization\",\"@id\":\"https:\\\/\\\/www.escapadarural.com\\\/blog\\\/#organization\",\"name\":\"EscapadaRural\",\"url\":\"https:\\\/\\\/www.escapadarural.com\\\/blog\\\/\",\"logo\":{\"@type\":\"ImageObject\",\"inLanguage\":\"es\",\"@id\":\"https:\\\/\\\/www.escapadarural.com\\\/blog\\\/#\\\/schema\\\/logo\\\/image\\\/\",\"url\":\"https:\\\/\\\/www.escapadarural.com\\\/blog\\\/wp-content\\\/uploads\\\/2024\\\/10\\\/cropped-cropped-escapada-rural-icon-mag-3.png\",\"contentUrl\":\"https:\\\/\\\/www.escapadarural.com\\\/blog\\\/wp-content\\\/uploads\\\/2024\\\/10\\\/cropped-cropped-escapada-rural-icon-mag-3.png\",\"width\":512,\"height\":512,\"caption\":\"EscapadaRural\"},\"image\":{\"@id\":\"https:\\\/\\\/www.escapadarural.com\\\/blog\\\/#\\\/schema\\\/logo\\\/image\\\/\"},\"sameAs\":[\"https:\\\/\\\/www.facebook.com\\\/escapadarural\",\"https:\\\/\\\/www.instagram.com\\\/escapadarural\\\/\",\"https:\\\/\\\/www.youtube.com\\\/@escapadaruralcom\"]},{\"@type\":\"Person\",\"@id\":\"https:\\\/\\\/www.escapadarural.com\\\/blog\\\/#\\\/schema\\\/person\\\/ea17306ba0ae76670daf8e5008db21dd\",\"name\":\"Miguel Perez\",\"image\":{\"@type\":\"ImageObject\",\"inLanguage\":\"es\",\"@id\":\"https:\\\/\\\/www.escapadarural.com\\\/blog\\\/wp-content\\\/uploads\\\/2024\\\/11\\\/cropped-Miguel-Perez-96x96.jpg\",\"url\":\"https:\\\/\\\/www.escapadarural.com\\\/blog\\\/wp-content\\\/uploads\\\/2024\\\/11\\\/cropped-Miguel-Perez-96x96.jpg\",\"contentUrl\":\"https:\\\/\\\/www.escapadarural.com\\\/blog\\\/wp-content\\\/uploads\\\/2024\\\/11\\\/cropped-Miguel-Perez-96x96.jpg\",\"caption\":\"Miguel Perez\"},\"description\":\"Me encanta el f\u00fatbol, leer, viajar, descubrir nuevos destinos y cont\u00e1rtelos\",\"sameAs\":[\"#\",\"https:\\\/\\\/x.com\\\/#\"],\"url\":\"https:\\\/\\\/www.escapadarural.com\\\/blog\\\/autor\\\/miguel-perez\\\/\"}]}<\/script>\n<!-- \/ Yoast SEO plugin. -->","yoast_head_json":{"title":"\u201cLa medalla ol\u00edmpica me abri\u00f3 las puertas para desarrollar mis proyectos\u201d, entrevista a Carlos Coloma - EscapadaRural","robots":{"index":"index","follow":"follow","max-snippet":"max-snippet:-1","max-image-preview":"max-image-preview:large","max-video-preview":"max-video-preview:-1"},"canonical":"https:\/\/www.escapadarural.com\/blog\/carlos-coloma-medallista-olimpico\/","og_locale":"es_ES","og_type":"article","og_title":"\u201cLa medalla ol\u00edmpica me abri\u00f3 las puertas para desarrollar mis proyectos\u201d, entrevista a Carlos Coloma - EscapadaRural","og_description":"Cuarta entrega de 'Medallistas ol\u00edmpicos rurales', en la que entrevistamos al ciclista Carlos Coloma, medalla de bronce en mountain bike en los Juegos de R\u00edo 2016","og_url":"https:\/\/www.escapadarural.com\/blog\/carlos-coloma-medallista-olimpico\/","og_site_name":"Magazine de viajes de EscapadaRural","article_publisher":"https:\/\/www.facebook.com\/escapadarural","article_author":"#","article_published_time":"2024-07-26T06:00:00+00:00","article_modified_time":"2025-03-13T13:20:12+00:00","og_image":[{"width":1024,"height":576,"url":"https:\/\/www.escapadarural.com\/blog\/wp-content\/uploads\/2024\/10\/CarlosColoma_01_WP01.webp","type":"image\/webp"}],"author":"Miguel Perez","twitter_card":"summary_large_image","twitter_creator":"@#","twitter_misc":{"Escrito por":"Miguel Perez","Tiempo de lectura":"12 minutos"},"schema":{"@context":"https:\/\/schema.org","@graph":[{"@type":"Article","@id":"https:\/\/www.escapadarural.com\/blog\/carlos-coloma-medallista-olimpico\/#article","isPartOf":{"@id":"https:\/\/www.escapadarural.com\/blog\/carlos-coloma-medallista-olimpico\/"},"author":{"name":"Miguel Perez","@id":"https:\/\/www.escapadarural.com\/blog\/#\/schema\/person\/ea17306ba0ae76670daf8e5008db21dd"},"headline":"\u201cLa medalla ol\u00edmpica me abri\u00f3 las puertas para desarrollar mis proyectos\u201d, entrevista a Carlos Coloma","datePublished":"2024-07-26T06:00:00+00:00","dateModified":"2025-03-13T13:20:12+00:00","mainEntityOfPage":{"@id":"https:\/\/www.escapadarural.com\/blog\/carlos-coloma-medallista-olimpico\/"},"wordCount":2465,"commentCount":1,"publisher":{"@id":"https:\/\/www.escapadarural.com\/blog\/#organization"},"image":{"@id":"https:\/\/www.escapadarural.com\/blog\/carlos-coloma-medallista-olimpico\/#primaryimage"},"thumbnailUrl":"https:\/\/www.escapadarural.com\/blog\/wp-content\/uploads\/2024\/10\/CarlosColoma_01_WP01.webp","keywords":["Albelda de Iregua","Carlos Coloma","La Rioja","Medallistas ol\u00edmpicos rurales"],"articleSection":["Arte y Cultura"],"inLanguage":"es","potentialAction":[{"@type":"CommentAction","name":"Comment","target":["https:\/\/www.escapadarural.com\/blog\/carlos-coloma-medallista-olimpico\/#respond"]}]},{"@type":"WebPage","@id":"https:\/\/www.escapadarural.com\/blog\/carlos-coloma-medallista-olimpico\/","url":"https:\/\/www.escapadarural.com\/blog\/carlos-coloma-medallista-olimpico\/","name":"\u201cLa medalla ol\u00edmpica me abri\u00f3 las puertas para desarrollar mis proyectos\u201d, entrevista a Carlos Coloma - EscapadaRural","isPartOf":{"@id":"https:\/\/www.escapadarural.com\/blog\/#website"},"primaryImageOfPage":{"@id":"https:\/\/www.escapadarural.com\/blog\/carlos-coloma-medallista-olimpico\/#primaryimage"},"image":{"@id":"https:\/\/www.escapadarural.com\/blog\/carlos-coloma-medallista-olimpico\/#primaryimage"},"thumbnailUrl":"https:\/\/www.escapadarural.com\/blog\/wp-content\/uploads\/2024\/10\/CarlosColoma_01_WP01.webp","datePublished":"2024-07-26T06:00:00+00:00","dateModified":"2025-03-13T13:20:12+00:00","breadcrumb":{"@id":"https:\/\/www.escapadarural.com\/blog\/carlos-coloma-medallista-olimpico\/#breadcrumb"},"inLanguage":"es","potentialAction":[{"@type":"ReadAction","target":["https:\/\/www.escapadarural.com\/blog\/carlos-coloma-medallista-olimpico\/"]}]},{"@type":"ImageObject","inLanguage":"es","@id":"https:\/\/www.escapadarural.com\/blog\/carlos-coloma-medallista-olimpico\/#primaryimage","url":"https:\/\/www.escapadarural.com\/blog\/wp-content\/uploads\/2024\/10\/CarlosColoma_01_WP01.webp","contentUrl":"https:\/\/www.escapadarural.com\/blog\/wp-content\/uploads\/2024\/10\/CarlosColoma_01_WP01.webp","width":1024,"height":576,"caption":"Un ciclista sonriente con maillot rojo y negro bajo la pancarta de meta de la Carrera Ciclista de La Rioja 2024 en Logro\u00f1o, con los logotipos de los patrocinadores del evento y \u00e1rboles visibles al fondo."},{"@type":"BreadcrumbList","@id":"https:\/\/www.escapadarural.com\/blog\/carlos-coloma-medallista-olimpico\/#breadcrumb","itemListElement":[{"@type":"ListItem","position":1,"name":"Inicio","item":"https:\/\/www.escapadarural.com\/blog\/"},{"@type":"ListItem","position":2,"name":"Arte y Cultura","item":"https:\/\/www.escapadarural.com\/blog\/categoria\/arte-y-cultura\/"},{"@type":"ListItem","position":3,"name":"\u201cLa medalla ol\u00edmpica me abri\u00f3 las puertas para desarrollar mis proyectos\u201d, entrevista a Carlos Coloma"}]},{"@type":"WebSite","@id":"https:\/\/www.escapadarural.com\/blog\/#website","url":"https:\/\/www.escapadarural.com\/blog\/","name":"Blog de viajes | turismo rural, alojamientos e inspiraci\u00f3n","description":"Alojamientos rurales e inspiraci\u00f3n para tus escapadas","publisher":{"@id":"https:\/\/www.escapadarural.com\/blog\/#organization"},"alternateName":"Magazine de viajes de EscapadaRural","potentialAction":[{"@type":"SearchAction","target":{"@type":"EntryPoint","urlTemplate":"https:\/\/www.escapadarural.com\/blog\/?s={search_term_string}"},"query-input":{"@type":"PropertyValueSpecification","valueRequired":true,"valueName":"search_term_string"}}],"inLanguage":"es"},{"@type":"Organization","@id":"https:\/\/www.escapadarural.com\/blog\/#organization","name":"EscapadaRural","url":"https:\/\/www.escapadarural.com\/blog\/","logo":{"@type":"ImageObject","inLanguage":"es","@id":"https:\/\/www.escapadarural.com\/blog\/#\/schema\/logo\/image\/","url":"https:\/\/www.escapadarural.com\/blog\/wp-content\/uploads\/2024\/10\/cropped-cropped-escapada-rural-icon-mag-3.png","contentUrl":"https:\/\/www.escapadarural.com\/blog\/wp-content\/uploads\/2024\/10\/cropped-cropped-escapada-rural-icon-mag-3.png","width":512,"height":512,"caption":"EscapadaRural"},"image":{"@id":"https:\/\/www.escapadarural.com\/blog\/#\/schema\/logo\/image\/"},"sameAs":["https:\/\/www.facebook.com\/escapadarural","https:\/\/www.instagram.com\/escapadarural\/","https:\/\/www.youtube.com\/@escapadaruralcom"]},{"@type":"Person","@id":"https:\/\/www.escapadarural.com\/blog\/#\/schema\/person\/ea17306ba0ae76670daf8e5008db21dd","name":"Miguel Perez","image":{"@type":"ImageObject","inLanguage":"es","@id":"https:\/\/www.escapadarural.com\/blog\/wp-content\/uploads\/2024\/11\/cropped-Miguel-Perez-96x96.jpg","url":"https:\/\/www.escapadarural.com\/blog\/wp-content\/uploads\/2024\/11\/cropped-Miguel-Perez-96x96.jpg","contentUrl":"https:\/\/www.escapadarural.com\/blog\/wp-content\/uploads\/2024\/11\/cropped-Miguel-Perez-96x96.jpg","caption":"Miguel Perez"},"description":"Me encanta el f\u00fatbol, leer, viajar, descubrir nuevos destinos y cont\u00e1rtelos","sameAs":["#","https:\/\/x.com\/#"],"url":"https:\/\/www.escapadarural.com\/blog\/autor\/miguel-perez\/"}]}},"_links":{"self":[{"href":"https:\/\/www.escapadarural.com\/blog\/wp-json\/wp\/v2\/posts\/84036","targetHints":{"allow":["GET"]}}],"collection":[{"href":"https:\/\/www.escapadarural.com\/blog\/wp-json\/wp\/v2\/posts"}],"about":[{"href":"https:\/\/www.escapadarural.com\/blog\/wp-json\/wp\/v2\/types\/post"}],"author":[{"embeddable":true,"href":"https:\/\/www.escapadarural.com\/blog\/wp-json\/wp\/v2\/users\/157"}],"replies":[{"embeddable":true,"href":"https:\/\/www.escapadarural.com\/blog\/wp-json\/wp\/v2\/comments?post=84036"}],"version-history":[{"count":0,"href":"https:\/\/www.escapadarural.com\/blog\/wp-json\/wp\/v2\/posts\/84036\/revisions"}],"wp:featuredmedia":[{"embeddable":true,"href":"https:\/\/www.escapadarural.com\/blog\/wp-json\/wp\/v2\/media\/90969"}],"wp:attachment":[{"href":"https:\/\/www.escapadarural.com\/blog\/wp-json\/wp\/v2\/media?parent=84036"}],"wp:term":[{"taxonomy":"category","embeddable":true,"href":"https:\/\/www.escapadarural.com\/blog\/wp-json\/wp\/v2\/categories?post=84036"},{"taxonomy":"post_tag","embeddable":true,"href":"https:\/\/www.escapadarural.com\/blog\/wp-json\/wp\/v2\/tags?post=84036"}],"curies":[{"name":"wp","href":"https:\/\/api.w.org\/{rel}","templated":true}]}}