{"id":84044,"date":"2024-07-25T07:13:00","date_gmt":"2024-07-25T06:13:00","guid":{"rendered":"https:\/\/www.escapadarural.com\/blog\/?p=79545"},"modified":"2025-03-13T15:20:41","modified_gmt":"2025-03-13T13:20:41","slug":"alella-el-pueblo-de-cucurella","status":"publish","type":"post","link":"https:\/\/www.escapadarural.com\/blog\/alella-el-pueblo-de-cucurella\/","title":{"rendered":"Alella piensa en rojo: vino, palacetes y el pelo de Cucurella"},"content":{"rendered":"\n<figure class=\"wp-block-image size-full\"><a href=\"https:\/\/www.escapadarural.com\/blog\/wp-content\/uploads\/2024\/10\/adobestock_182425764_WP_13.webp\"><img decoding=\"async\" src=\"https:\/\/www.escapadarural.com\/blog\/wp-content\/uploads\/2024\/10\/adobestock_182425764_WP_13.webp\" alt=\"\" class=\"wp-image-79812\"\/><\/a><figcaption class=\"wp-element-caption\">Vista a\u00e9rea de vi\u00f1edos con el mar de fondo en Alella (Barcelona)<\/figcaption><\/figure>\n\n\n\n<p>Adem\u00e1s de ser la capital vin\u00edcola del <strong>Maresme<\/strong>, es el lugar en el que creci\u00f3 dando sus primeros balonazos y toques uno de los recientes campeones de la Eurocopa 2024. S\u00ed, te hablamos de Alella (Barcelona) y<strong> Marc Cucurella<\/strong>, el jugador de la Roja que, valga la redundancia, ha cumplido la promesa que hizo de te\u00f1irse el pelo de rojo si la selecci\u00f3n espa\u00f1ola se alzaba con el t\u00edtulo. Pues dicho y hecho.<\/p>\n\n\n\n<p>Toda esta historia del pelo de Cucurella la puso de moda la afici\u00f3n del Chelsea, que dedic\u00f3 al futbolista una canci\u00f3n haciendo referencia a su melena. Pues bien, al de Alella no solo le encant\u00f3, sino que empez\u00f3 a sacar partido a su &#8216;pelaso&#8217;.<\/p>\n\n\n\n<figure class=\"wp-block-image size-full\"><a href=\"https:\/\/www.escapadarural.com\/blog\/wp-content\/uploads\/2024\/10\/cucurella_getafe_WP_12.webp\"><img decoding=\"async\" src=\"https:\/\/www.escapadarural.com\/blog\/wp-content\/uploads\/2024\/10\/cucurella_getafe_WP_12.webp\" alt=\"Cucurella disputando un partido de Europa League con el Getafe. Por F\u00fatbol ru\" class=\"wp-image-79679\"\/><\/a><figcaption class=\"wp-element-caption\">Cucurella disputando un partido de Europa League con el Getafe. Por F\u00fatbol ru<\/figcaption><\/figure>\n\n\n\n<div class=\"wp-block-buttons is-layout-flex wp-block-buttons-is-layout-flex\">\n<div class=\"wp-block-button\"><a class=\"wp-block-button__link wp-element-button\" href=\"\/casas-rurales\/el-maresme\">Alojamientos rurales en el Maresme<\/a><\/div>\n<\/div>\n\n\n\n<h2 class=\"wp-block-heading\" id=\"h-que-ver-en-alella\">Qu\u00e9 ver en Alella<\/h2>\n\n\n\n<p>Vi\u00f1edos, d\u00f3lmenes, restos ib\u00e9ricos, ermitas, castillos y fuentes son algunos de los tesoros que podr\u00e1s descubrir en esta ciudad milenaria de larga tradici\u00f3n vitivin\u00edcola que el jugador de La Roja ha puesto m\u00e1s de moda todav\u00eda, si cabe, entre los amantes del buen turismo.<\/p>\n\n\n\n<figure class=\"wp-block-image size-full\"><a href=\"https:\/\/www.escapadarural.com\/blog\/wp-content\/uploads\/2024\/10\/adobestock_51470742_wp_05_WP_09.webp\"><img decoding=\"async\" src=\"https:\/\/www.escapadarural.com\/blog\/wp-content\/uploads\/2024\/10\/adobestock_51470742_wp_05_WP_09.webp\" alt=\"\" class=\"wp-image-79814\"\/><\/a><figcaption class=\"wp-element-caption\">Iglesia de Sant Feliu en Alella (Barcelona). Por Nejron Photo<\/figcaption><\/figure>\n\n\n\n<p>Uno de los puntos emblem\u00e1ticos de la localidad es la <strong>iglesia de Sant Feliu<\/strong>, una construcci\u00f3n g\u00f3tica del siglo XIV que domina el paisaje con su impresionante campanario. <\/p>\n\n\n\n<p>Adem\u00e1s,&nbsp;<strong>el municipio del Maresme alberga varias mas\u00edas tradicionales catalanas<\/strong>, muchas de las cuales han sido transformadas en bodegas y <a href=\"https:\/\/www.escapadarural.com\/blog\/casas-para-transportarse-a-otros-paises\/\" title=\"Casas rurales para transportarse a otros pa\u00edses\"  data-wpil-monitor-id=\"899\">casas rurales<\/a>, ofreciendo una experiencia aut\u00e9ntica a los visitantes.<\/p>\n\n\n\n<h2 class=\"wp-block-heading\" id=\"h-residencia-de-gobernadores-catalanes\">Residencia de gobernadores catalanes<\/h2>\n\n\n\n<figure class=\"wp-block-image size-large\"><a href=\"https:\/\/www.escapadarural.com\/blog\/wp-content\/uploads\/2024\/11\/la_torre_del_governador_alella2_WP_46.webp\"><img decoding=\"async\" src=\"https:\/\/www.escapadarural.com\/blog\/wp-content\/uploads\/2024\/10\/la_torre_del_governador_alella2_WP_46-683x1024-1.webp\" alt=\"\" class=\"wp-image-79816\"\/><\/a><figcaption class=\"wp-element-caption\">La torre del Gobernador en Alella (Barcelona). Por <a href=\"https:\/\/commons.wikimedia.org\/wiki\/File:La_Torre_del_Governador_(Alella)2.jpg\" target=\"_blank\" rel=\"noreferrer noopener nofollow\">Carlos Pino And\u00fajar<\/a><\/figcaption><\/figure>\n\n\n\n<p>La<strong> Torre del Gobernador<\/strong> es uno de los edificios m\u00e1s visitados de Alella y debe su nombre a que fue residencia de distintos gobernadores de Catalu\u00f1a. Uno de los \u00faltimos propietarios fue el pol\u00edtico y empresario <strong>Antoni Borrell<\/strong>, quien configur\u00f3 la propiedad actual y la dot\u00f3 de los distintos elementos modernistas que exhibe.<\/p>\n\n\n\n<p>Un paseo por la torre te invitar\u00e1 a dar un repaso a la historia, desde la edad moderna hasta el siglo XX, disfrutando, adem\u00e1s, de imponentes jardines rom\u00e1nticos.<\/p>\n\n\n\n<h2 class=\"wp-block-heading\" id=\"h-regalate-un-tour-por-este-paraiso-del-vino\">Reg\u00e1late un tour por este para\u00edso del vino<\/h2>\n\n\n\n<figure class=\"wp-block-image size-full\"><img decoding=\"async\" src=\"https:\/\/www.escapadarural.com\/blog\/wp-content\/uploads\/2024\/10\/adobestock_244384222_WP_01.webp\" alt=\"\" class=\"wp-image-79819\"\/><figcaption class=\"wp-element-caption\">Alella en Barcelona. Por Tomas<\/figcaption><\/figure>\n\n\n\n<p>La <a href=\"https:\/\/www.escapadarural.com\/blog\/pueblo-con-mas-denominaciones-de-origen\/\" title=\"Un para\u00edso del sabor a orillas del Ebro: el pueblo con m\u00e1s Denominaciones de Origen\"  data-wpil-monitor-id=\"900\">Denominaci\u00f3n de Origen<\/a> (D.O) Alella es la m\u00e1s peque\u00f1a de&nbsp;Catalu\u00f1a, adem\u00e1s de una de las m\u00e1s antiguas, as\u00ed que disfrutar de la&nbsp;<strong>Ruta del Vino DO Alella<\/strong>&nbsp;es una experiencia que no te puedes perder si decides visitar el municipio catal\u00e1n. A trav\u00e9s de ella te acercar\u00e1s a la larga&nbsp;tradici\u00f3n hist\u00f3rica de sus vinos, que se remonta a la <strong>\u00e9poca romana<\/strong>. <\/p>\n\n\n\n<figure class=\"wp-block-image size-full\"><a href=\"https:\/\/www.escapadarural.com\/blog\/wp-content\/uploads\/2024\/10\/adobestock_516413928_editorial_use_only_WP_06.webp\"><img decoding=\"async\" src=\"https:\/\/www.escapadarural.com\/blog\/wp-content\/uploads\/2024\/10\/adobestock_516413928_editorial_use_only_WP_06.webp\" alt=\"\" class=\"wp-image-79655\"\/><\/a><figcaption class=\"wp-element-caption\">Ruta del vino en Alella (Barcelona). Por Manuel Milan<\/figcaption><\/figure>\n\n\n\n<p>La localidad cuenta con las bodegas Alta Alella, Bodega Bouquet d\u2019Alella, Alella Vin\u00edcola, Celler de les Aus, Can Roda, Roura, Ravent\u00f3s d\u2019Alella, Joaquim Batllte i Serralada de Marina. En ellas podr\u00e1s disfrutar de catas y <strong>tours guiados<\/strong> para conocer al detalle el proceso de elaboraci\u00f3n del vino que se produce en la comarca. <\/p>\n\n\n\n<p>\u00bfTe imaginas disfrutando de un picnic en medio de preciosos vi\u00f1edos y con vistas al mar? \u00a1No te lo pierdas!<a href=\"https:\/\/www.bouquetdalella.com\/es\/producto\/picnic-entre-vinyes\/\" target=\"_blank\"><\/a><\/p>\n\n\n\n<h2 class=\"wp-block-heading\" id=\"h-mucho-mas-que-el-pueblo-de-cucurella\">Mucho m\u00e1s que el pueblo de Cucurella<\/h2>\n\n\n\n<figure class=\"wp-block-image size-full\"><a href=\"https:\/\/www.escapadarural.com\/blog\/wp-content\/uploads\/2024\/10\/adobestock_244396372_WP_14.webp\"><img decoding=\"async\" src=\"https:\/\/www.escapadarural.com\/blog\/wp-content\/uploads\/2024\/10\/adobestock_244396372_WP_14.webp\" alt=\"\" class=\"wp-image-79810\"\/><\/a><figcaption class=\"wp-element-caption\">Vista a\u00e9rea de Alella (Barcelona). Por Tom\u00e1s <\/figcaption><\/figure>\n\n\n\n<p>Su ubicaci\u00f3n entre el mar y la monta\u00f1a convierte a este municipio del Maresme en un destino ideal para los amantes del <strong>senderismo<\/strong> y las <strong>rutas en bicicleta<\/strong>. Podr\u00e1s hacer rutas inolvidables por el <a href=\"https:\/\/parcs.diba.cat\/web\/litoral\" target=\"_blank\" rel=\"noreferrer noopener nofollow\">Parc de la Serralada Litoral<\/a>, donde disfrutar\u00e1s de unas vistas inmejorables. Y si lo que te gusta es darte un buen chapuz\u00f3n, tambi\u00e9n est\u00e1s de suerte, porque Alella est\u00e1 a tiro de piedra de las playas de El Masnou y <a href=\"\/casas-rurales\/montgat\">Montgat<\/a>.<\/p>\n\n\n\n<p>Como ves, este rinc\u00f3n catal\u00e1n es, adem\u00e1s del lugar que vio crecer a una de las estrellas de la<strong> Selecci\u00f3n Espa\u00f1ola de f\u00fatbol<\/strong>, un destino que te atrapar\u00e1 con su historia, cultura y naturaleza. <\/p>\n\n\n\n<figure class=\"wp-block-embed is-type-video is-provider-youtube wp-block-embed-youtube wp-embed-aspect-16-9 wp-has-aspect-ratio\"><div class=\"wp-block-embed__wrapper\">\n<span class=\"xGPlRtkTDHJUQAIKgM0FV4X6zn9Wr3\"><div class=\"video-shortcode\"><iframe title=\"Cucurella cumple su promesa y se ti\u00f1e el pelo de rojo\" width=\"1200\" height=\"675\" src=\"https:\/\/www.youtube.com\/embed\/TzdsS9mxj2Y?feature=oembed\" frameborder=\"0\" allow=\"accelerometer; autoplay; clipboard-write; encrypted-media; gyroscope; picture-in-picture; web-share\" referrerpolicy=\"strict-origin-when-cross-origin\" allowfullscreen><\/iframe><\/div><\/span>\n<\/div><\/figure>\n","protected":false},"excerpt":{"rendered":"<p>Adem\u00e1s de ser la capital vin\u00edcola del Maresme es el lugar en el que creci\u00f3 dando sus primeros balonazos y toques uno de los recientes campeones de la Eurocopa 2024. S\u00ed, te hablamos de Alella (Barcelona) y Marc Cucurella, el jugador de &#8216;La roja&#8217; que, valga la redundancia, ha decidido cumplir la promesa de te\u00f1irse el pelo de rojo tras hacerse con el t\u00edtulo. <\/p>\n","protected":false},"author":156,"featured_media":90974,"comment_status":"open","ping_status":"open","sticky":false,"template":"","format":"standard","meta":{"_acf_changed":false,"om_disable_all_campaigns":false,"footnotes":""},"categories":[191],"tags":[5761,211,5762,5763,5764],"class_list":["post-84044","post","type-post","status-publish","format-standard","has-post-thumbnail","hentry","category-destinos","tag-alella","tag-que-ver-en-barcelona","tag-la-roja","tag-marc-cucurella","tag-maresme"],"acf":[],"featured_image_src":"https:\/\/www.escapadarural.com\/blog\/wp-content\/uploads\/2024\/10\/adobestock_182425764_WP_13.webp","author_info":{"display_name":"Ver\u00f3nica G\u00f3mez","author_link":"https:\/\/www.escapadarural.com\/blog\/autor\/veronica-gomez\/"},"yoast_head":"<!-- This site is optimized with the Yoast SEO plugin v27.5 - https:\/\/yoast.com\/product\/yoast-seo-wordpress\/ -->\n<title>Alella piensa en rojo: vino, palacetes y el pelo de Cucurella - EscapadaRural<\/title>\n<meta name=\"robots\" content=\"index, follow, max-snippet:-1, max-image-preview:large, max-video-preview:-1\" \/>\n<link rel=\"canonical\" href=\"https:\/\/www.escapadarural.com\/blog\/alella-el-pueblo-de-cucurella\/\" \/>\n<meta property=\"og:locale\" content=\"es_ES\" \/>\n<meta property=\"og:type\" content=\"article\" \/>\n<meta property=\"og:title\" content=\"Alella piensa en rojo: vino, palacetes y el pelo de Cucurella - EscapadaRural\" \/>\n<meta property=\"og:description\" content=\"Adem\u00e1s de ser la capital vin\u00edcola del Maresme es el lugar en el que creci\u00f3 dando sus primeros balonazos y toques uno de los recientes campeones de la Eurocopa 2024. S\u00ed, te hablamos de Alella (Barcelona) y Marc Cucurella, el jugador de &#039;La roja&#039; que, valga la redundancia, ha decidido cumplir la promesa de te\u00f1irse el pelo de rojo tras hacerse con el t\u00edtulo.\" \/>\n<meta property=\"og:url\" content=\"https:\/\/www.escapadarural.com\/blog\/alella-el-pueblo-de-cucurella\/\" \/>\n<meta property=\"og:site_name\" content=\"Magazine de viajes de EscapadaRural\" \/>\n<meta property=\"article:publisher\" content=\"https:\/\/www.facebook.com\/escapadarural\" \/>\n<meta property=\"article:published_time\" content=\"2024-07-25T06:13:00+00:00\" \/>\n<meta property=\"article:modified_time\" content=\"2025-03-13T13:20:41+00:00\" \/>\n<meta property=\"og:image\" content=\"https:\/\/www.escapadarural.com\/blog\/wp-content\/uploads\/2024\/10\/adobestock_182425764_WP_13.webp\" \/>\n\t<meta property=\"og:image:width\" content=\"1024\" \/>\n\t<meta property=\"og:image:height\" content=\"683\" \/>\n\t<meta property=\"og:image:type\" content=\"image\/webp\" \/>\n<meta name=\"author\" content=\"Ver\u00f3nica G\u00f3mez\" \/>\n<meta name=\"twitter:card\" content=\"summary_large_image\" \/>\n<meta name=\"twitter:label1\" content=\"Escrito por\" \/>\n\t<meta name=\"twitter:data1\" content=\"Ver\u00f3nica G\u00f3mez\" \/>\n\t<meta name=\"twitter:label2\" content=\"Tiempo de lectura\" \/>\n\t<meta name=\"twitter:data2\" content=\"5 minutos\" \/>\n<script type=\"application\/ld+json\" class=\"yoast-schema-graph\">{\"@context\":\"https:\\\/\\\/schema.org\",\"@graph\":[{\"@type\":\"Article\",\"@id\":\"https:\\\/\\\/www.escapadarural.com\\\/blog\\\/alella-el-pueblo-de-cucurella\\\/#article\",\"isPartOf\":{\"@id\":\"https:\\\/\\\/www.escapadarural.com\\\/blog\\\/alella-el-pueblo-de-cucurella\\\/\"},\"author\":{\"name\":\"Ver\u00f3nica G\u00f3mez\",\"@id\":\"https:\\\/\\\/www.escapadarural.com\\\/blog\\\/#\\\/schema\\\/person\\\/4140cb320c90a6ca94d284d6884f5b4e\"},\"headline\":\"Alella piensa en rojo: vino, palacetes y el pelo de Cucurella\",\"datePublished\":\"2024-07-25T06:13:00+00:00\",\"dateModified\":\"2025-03-13T13:20:41+00:00\",\"mainEntityOfPage\":{\"@id\":\"https:\\\/\\\/www.escapadarural.com\\\/blog\\\/alella-el-pueblo-de-cucurella\\\/\"},\"wordCount\":732,\"commentCount\":0,\"publisher\":{\"@id\":\"https:\\\/\\\/www.escapadarural.com\\\/blog\\\/#organization\"},\"image\":{\"@id\":\"https:\\\/\\\/www.escapadarural.com\\\/blog\\\/alella-el-pueblo-de-cucurella\\\/#primaryimage\"},\"thumbnailUrl\":\"https:\\\/\\\/www.escapadarural.com\\\/blog\\\/wp-content\\\/uploads\\\/2024\\\/10\\\/adobestock_182425764_WP_13.webp\",\"keywords\":[\"Alella\",\"Barcelona\",\"La Roja\",\"Marc Cucurella\",\"Maresme\"],\"articleSection\":[\"Destinos\"],\"inLanguage\":\"es\",\"potentialAction\":[{\"@type\":\"CommentAction\",\"name\":\"Comment\",\"target\":[\"https:\\\/\\\/www.escapadarural.com\\\/blog\\\/alella-el-pueblo-de-cucurella\\\/#respond\"]}]},{\"@type\":\"WebPage\",\"@id\":\"https:\\\/\\\/www.escapadarural.com\\\/blog\\\/alella-el-pueblo-de-cucurella\\\/\",\"url\":\"https:\\\/\\\/www.escapadarural.com\\\/blog\\\/alella-el-pueblo-de-cucurella\\\/\",\"name\":\"Alella piensa en rojo: vino, palacetes y el pelo de Cucurella - EscapadaRural\",\"isPartOf\":{\"@id\":\"https:\\\/\\\/www.escapadarural.com\\\/blog\\\/#website\"},\"primaryImageOfPage\":{\"@id\":\"https:\\\/\\\/www.escapadarural.com\\\/blog\\\/alella-el-pueblo-de-cucurella\\\/#primaryimage\"},\"image\":{\"@id\":\"https:\\\/\\\/www.escapadarural.com\\\/blog\\\/alella-el-pueblo-de-cucurella\\\/#primaryimage\"},\"thumbnailUrl\":\"https:\\\/\\\/www.escapadarural.com\\\/blog\\\/wp-content\\\/uploads\\\/2024\\\/10\\\/adobestock_182425764_WP_13.webp\",\"datePublished\":\"2024-07-25T06:13:00+00:00\",\"dateModified\":\"2025-03-13T13:20:41+00:00\",\"breadcrumb\":{\"@id\":\"https:\\\/\\\/www.escapadarural.com\\\/blog\\\/alella-el-pueblo-de-cucurella\\\/#breadcrumb\"},\"inLanguage\":\"es\",\"potentialAction\":[{\"@type\":\"ReadAction\",\"target\":[\"https:\\\/\\\/www.escapadarural.com\\\/blog\\\/alella-el-pueblo-de-cucurella\\\/\"]}]},{\"@type\":\"ImageObject\",\"inLanguage\":\"es\",\"@id\":\"https:\\\/\\\/www.escapadarural.com\\\/blog\\\/alella-el-pueblo-de-cucurella\\\/#primaryimage\",\"url\":\"https:\\\/\\\/www.escapadarural.com\\\/blog\\\/wp-content\\\/uploads\\\/2024\\\/10\\\/adobestock_182425764_WP_13.webp\",\"contentUrl\":\"https:\\\/\\\/www.escapadarural.com\\\/blog\\\/wp-content\\\/uploads\\\/2024\\\/10\\\/adobestock_182425764_WP_13.webp\",\"width\":1024,\"height\":683,\"caption\":\"Un frondoso vi\u00f1edo verde se extiende colina abajo hacia un pueblo costero, con el azul del mar y el cielo de fondo. Los pinos enmarcan la escena y se ven casas de tejados rojos cerca de la costa.\"},{\"@type\":\"BreadcrumbList\",\"@id\":\"https:\\\/\\\/www.escapadarural.com\\\/blog\\\/alella-el-pueblo-de-cucurella\\\/#breadcrumb\",\"itemListElement\":[{\"@type\":\"ListItem\",\"position\":1,\"name\":\"Inicio\",\"item\":\"https:\\\/\\\/www.escapadarural.com\\\/blog\\\/\"},{\"@type\":\"ListItem\",\"position\":2,\"name\":\"Destinos\",\"item\":\"https:\\\/\\\/www.escapadarural.com\\\/blog\\\/categoria\\\/destinos\\\/\"},{\"@type\":\"ListItem\",\"position\":3,\"name\":\"Alella piensa en rojo: vino, palacetes y el pelo de Cucurella\"}]},{\"@type\":\"WebSite\",\"@id\":\"https:\\\/\\\/www.escapadarural.com\\\/blog\\\/#website\",\"url\":\"https:\\\/\\\/www.escapadarural.com\\\/blog\\\/\",\"name\":\"Blog de viajes | turismo rural, alojamientos e inspiraci\u00f3n\",\"description\":\"Alojamientos rurales e inspiraci\u00f3n para tus escapadas\",\"publisher\":{\"@id\":\"https:\\\/\\\/www.escapadarural.com\\\/blog\\\/#organization\"},\"alternateName\":\"Magazine de viajes de EscapadaRural\",\"potentialAction\":[{\"@type\":\"SearchAction\",\"target\":{\"@type\":\"EntryPoint\",\"urlTemplate\":\"https:\\\/\\\/www.escapadarural.com\\\/blog\\\/?s={search_term_string}\"},\"query-input\":{\"@type\":\"PropertyValueSpecification\",\"valueRequired\":true,\"valueName\":\"search_term_string\"}}],\"inLanguage\":\"es\"},{\"@type\":\"Organization\",\"@id\":\"https:\\\/\\\/www.escapadarural.com\\\/blog\\\/#organization\",\"name\":\"EscapadaRural\",\"url\":\"https:\\\/\\\/www.escapadarural.com\\\/blog\\\/\",\"logo\":{\"@type\":\"ImageObject\",\"inLanguage\":\"es\",\"@id\":\"https:\\\/\\\/www.escapadarural.com\\\/blog\\\/#\\\/schema\\\/logo\\\/image\\\/\",\"url\":\"https:\\\/\\\/www.escapadarural.com\\\/blog\\\/wp-content\\\/uploads\\\/2024\\\/10\\\/cropped-cropped-escapada-rural-icon-mag-3.png\",\"contentUrl\":\"https:\\\/\\\/www.escapadarural.com\\\/blog\\\/wp-content\\\/uploads\\\/2024\\\/10\\\/cropped-cropped-escapada-rural-icon-mag-3.png\",\"width\":512,\"height\":512,\"caption\":\"EscapadaRural\"},\"image\":{\"@id\":\"https:\\\/\\\/www.escapadarural.com\\\/blog\\\/#\\\/schema\\\/logo\\\/image\\\/\"},\"sameAs\":[\"https:\\\/\\\/www.facebook.com\\\/escapadarural\",\"https:\\\/\\\/www.instagram.com\\\/escapadarural\\\/\",\"https:\\\/\\\/www.youtube.com\\\/@escapadaruralcom\"]},{\"@type\":\"Person\",\"@id\":\"https:\\\/\\\/www.escapadarural.com\\\/blog\\\/#\\\/schema\\\/person\\\/4140cb320c90a6ca94d284d6884f5b4e\",\"name\":\"Ver\u00f3nica G\u00f3mez\",\"image\":{\"@type\":\"ImageObject\",\"inLanguage\":\"es\",\"@id\":\"https:\\\/\\\/secure.gravatar.com\\\/avatar\\\/a14c3f7acd3c2787ced9245c8239291aa98d78e70607ab29f4388e265c55669f?s=96&d=mm&r=g\",\"url\":\"https:\\\/\\\/secure.gravatar.com\\\/avatar\\\/a14c3f7acd3c2787ced9245c8239291aa98d78e70607ab29f4388e265c55669f?s=96&d=mm&r=g\",\"contentUrl\":\"https:\\\/\\\/secure.gravatar.com\\\/avatar\\\/a14c3f7acd3c2787ced9245c8239291aa98d78e70607ab29f4388e265c55669f?s=96&d=mm&r=g\",\"caption\":\"Ver\u00f3nica G\u00f3mez\"},\"description\":\"Periodista, madre de Hugo y Enzo a tiempo completo e investigadora incansable, dir\u00eda que hasta cuando duermo. Antes en Cr\u00f3nica Global, El Liberal y El Mundo Catalunya\",\"url\":\"https:\\\/\\\/www.escapadarural.com\\\/blog\\\/autor\\\/veronica-gomez\\\/\"}]}<\/script>\n<!-- \/ Yoast SEO plugin. -->","yoast_head_json":{"title":"Alella piensa en rojo: vino, palacetes y el pelo de Cucurella - EscapadaRural","robots":{"index":"index","follow":"follow","max-snippet":"max-snippet:-1","max-image-preview":"max-image-preview:large","max-video-preview":"max-video-preview:-1"},"canonical":"https:\/\/www.escapadarural.com\/blog\/alella-el-pueblo-de-cucurella\/","og_locale":"es_ES","og_type":"article","og_title":"Alella piensa en rojo: vino, palacetes y el pelo de Cucurella - EscapadaRural","og_description":"Adem\u00e1s de ser la capital vin\u00edcola del Maresme es el lugar en el que creci\u00f3 dando sus primeros balonazos y toques uno de los recientes campeones de la Eurocopa 2024. S\u00ed, te hablamos de Alella (Barcelona) y Marc Cucurella, el jugador de 'La roja' que, valga la redundancia, ha decidido cumplir la promesa de te\u00f1irse el pelo de rojo tras hacerse con el t\u00edtulo.","og_url":"https:\/\/www.escapadarural.com\/blog\/alella-el-pueblo-de-cucurella\/","og_site_name":"Magazine de viajes de EscapadaRural","article_publisher":"https:\/\/www.facebook.com\/escapadarural","article_published_time":"2024-07-25T06:13:00+00:00","article_modified_time":"2025-03-13T13:20:41+00:00","og_image":[{"width":1024,"height":683,"url":"https:\/\/www.escapadarural.com\/blog\/wp-content\/uploads\/2024\/10\/adobestock_182425764_WP_13.webp","type":"image\/webp"}],"author":"Ver\u00f3nica G\u00f3mez","twitter_card":"summary_large_image","twitter_misc":{"Escrito por":"Ver\u00f3nica G\u00f3mez","Tiempo de lectura":"5 minutos"},"schema":{"@context":"https:\/\/schema.org","@graph":[{"@type":"Article","@id":"https:\/\/www.escapadarural.com\/blog\/alella-el-pueblo-de-cucurella\/#article","isPartOf":{"@id":"https:\/\/www.escapadarural.com\/blog\/alella-el-pueblo-de-cucurella\/"},"author":{"name":"Ver\u00f3nica G\u00f3mez","@id":"https:\/\/www.escapadarural.com\/blog\/#\/schema\/person\/4140cb320c90a6ca94d284d6884f5b4e"},"headline":"Alella piensa en rojo: vino, palacetes y el pelo de Cucurella","datePublished":"2024-07-25T06:13:00+00:00","dateModified":"2025-03-13T13:20:41+00:00","mainEntityOfPage":{"@id":"https:\/\/www.escapadarural.com\/blog\/alella-el-pueblo-de-cucurella\/"},"wordCount":732,"commentCount":0,"publisher":{"@id":"https:\/\/www.escapadarural.com\/blog\/#organization"},"image":{"@id":"https:\/\/www.escapadarural.com\/blog\/alella-el-pueblo-de-cucurella\/#primaryimage"},"thumbnailUrl":"https:\/\/www.escapadarural.com\/blog\/wp-content\/uploads\/2024\/10\/adobestock_182425764_WP_13.webp","keywords":["Alella","Barcelona","La Roja","Marc Cucurella","Maresme"],"articleSection":["Destinos"],"inLanguage":"es","potentialAction":[{"@type":"CommentAction","name":"Comment","target":["https:\/\/www.escapadarural.com\/blog\/alella-el-pueblo-de-cucurella\/#respond"]}]},{"@type":"WebPage","@id":"https:\/\/www.escapadarural.com\/blog\/alella-el-pueblo-de-cucurella\/","url":"https:\/\/www.escapadarural.com\/blog\/alella-el-pueblo-de-cucurella\/","name":"Alella piensa en rojo: vino, palacetes y el pelo de Cucurella - EscapadaRural","isPartOf":{"@id":"https:\/\/www.escapadarural.com\/blog\/#website"},"primaryImageOfPage":{"@id":"https:\/\/www.escapadarural.com\/blog\/alella-el-pueblo-de-cucurella\/#primaryimage"},"image":{"@id":"https:\/\/www.escapadarural.com\/blog\/alella-el-pueblo-de-cucurella\/#primaryimage"},"thumbnailUrl":"https:\/\/www.escapadarural.com\/blog\/wp-content\/uploads\/2024\/10\/adobestock_182425764_WP_13.webp","datePublished":"2024-07-25T06:13:00+00:00","dateModified":"2025-03-13T13:20:41+00:00","breadcrumb":{"@id":"https:\/\/www.escapadarural.com\/blog\/alella-el-pueblo-de-cucurella\/#breadcrumb"},"inLanguage":"es","potentialAction":[{"@type":"ReadAction","target":["https:\/\/www.escapadarural.com\/blog\/alella-el-pueblo-de-cucurella\/"]}]},{"@type":"ImageObject","inLanguage":"es","@id":"https:\/\/www.escapadarural.com\/blog\/alella-el-pueblo-de-cucurella\/#primaryimage","url":"https:\/\/www.escapadarural.com\/blog\/wp-content\/uploads\/2024\/10\/adobestock_182425764_WP_13.webp","contentUrl":"https:\/\/www.escapadarural.com\/blog\/wp-content\/uploads\/2024\/10\/adobestock_182425764_WP_13.webp","width":1024,"height":683,"caption":"Un frondoso vi\u00f1edo verde se extiende colina abajo hacia un pueblo costero, con el azul del mar y el cielo de fondo. Los pinos enmarcan la escena y se ven casas de tejados rojos cerca de la costa."},{"@type":"BreadcrumbList","@id":"https:\/\/www.escapadarural.com\/blog\/alella-el-pueblo-de-cucurella\/#breadcrumb","itemListElement":[{"@type":"ListItem","position":1,"name":"Inicio","item":"https:\/\/www.escapadarural.com\/blog\/"},{"@type":"ListItem","position":2,"name":"Destinos","item":"https:\/\/www.escapadarural.com\/blog\/categoria\/destinos\/"},{"@type":"ListItem","position":3,"name":"Alella piensa en rojo: vino, palacetes y el pelo de Cucurella"}]},{"@type":"WebSite","@id":"https:\/\/www.escapadarural.com\/blog\/#website","url":"https:\/\/www.escapadarural.com\/blog\/","name":"Blog de viajes | turismo rural, alojamientos e inspiraci\u00f3n","description":"Alojamientos rurales e inspiraci\u00f3n para tus escapadas","publisher":{"@id":"https:\/\/www.escapadarural.com\/blog\/#organization"},"alternateName":"Magazine de viajes de EscapadaRural","potentialAction":[{"@type":"SearchAction","target":{"@type":"EntryPoint","urlTemplate":"https:\/\/www.escapadarural.com\/blog\/?s={search_term_string}"},"query-input":{"@type":"PropertyValueSpecification","valueRequired":true,"valueName":"search_term_string"}}],"inLanguage":"es"},{"@type":"Organization","@id":"https:\/\/www.escapadarural.com\/blog\/#organization","name":"EscapadaRural","url":"https:\/\/www.escapadarural.com\/blog\/","logo":{"@type":"ImageObject","inLanguage":"es","@id":"https:\/\/www.escapadarural.com\/blog\/#\/schema\/logo\/image\/","url":"https:\/\/www.escapadarural.com\/blog\/wp-content\/uploads\/2024\/10\/cropped-cropped-escapada-rural-icon-mag-3.png","contentUrl":"https:\/\/www.escapadarural.com\/blog\/wp-content\/uploads\/2024\/10\/cropped-cropped-escapada-rural-icon-mag-3.png","width":512,"height":512,"caption":"EscapadaRural"},"image":{"@id":"https:\/\/www.escapadarural.com\/blog\/#\/schema\/logo\/image\/"},"sameAs":["https:\/\/www.facebook.com\/escapadarural","https:\/\/www.instagram.com\/escapadarural\/","https:\/\/www.youtube.com\/@escapadaruralcom"]},{"@type":"Person","@id":"https:\/\/www.escapadarural.com\/blog\/#\/schema\/person\/4140cb320c90a6ca94d284d6884f5b4e","name":"Ver\u00f3nica G\u00f3mez","image":{"@type":"ImageObject","inLanguage":"es","@id":"https:\/\/secure.gravatar.com\/avatar\/a14c3f7acd3c2787ced9245c8239291aa98d78e70607ab29f4388e265c55669f?s=96&d=mm&r=g","url":"https:\/\/secure.gravatar.com\/avatar\/a14c3f7acd3c2787ced9245c8239291aa98d78e70607ab29f4388e265c55669f?s=96&d=mm&r=g","contentUrl":"https:\/\/secure.gravatar.com\/avatar\/a14c3f7acd3c2787ced9245c8239291aa98d78e70607ab29f4388e265c55669f?s=96&d=mm&r=g","caption":"Ver\u00f3nica G\u00f3mez"},"description":"Periodista, madre de Hugo y Enzo a tiempo completo e investigadora incansable, dir\u00eda que hasta cuando duermo. Antes en Cr\u00f3nica Global, El Liberal y El Mundo Catalunya","url":"https:\/\/www.escapadarural.com\/blog\/autor\/veronica-gomez\/"}]}},"_links":{"self":[{"href":"https:\/\/www.escapadarural.com\/blog\/wp-json\/wp\/v2\/posts\/84044","targetHints":{"allow":["GET"]}}],"collection":[{"href":"https:\/\/www.escapadarural.com\/blog\/wp-json\/wp\/v2\/posts"}],"about":[{"href":"https:\/\/www.escapadarural.com\/blog\/wp-json\/wp\/v2\/types\/post"}],"author":[{"embeddable":true,"href":"https:\/\/www.escapadarural.com\/blog\/wp-json\/wp\/v2\/users\/156"}],"replies":[{"embeddable":true,"href":"https:\/\/www.escapadarural.com\/blog\/wp-json\/wp\/v2\/comments?post=84044"}],"version-history":[{"count":0,"href":"https:\/\/www.escapadarural.com\/blog\/wp-json\/wp\/v2\/posts\/84044\/revisions"}],"wp:featuredmedia":[{"embeddable":true,"href":"https:\/\/www.escapadarural.com\/blog\/wp-json\/wp\/v2\/media\/90974"}],"wp:attachment":[{"href":"https:\/\/www.escapadarural.com\/blog\/wp-json\/wp\/v2\/media?parent=84044"}],"wp:term":[{"taxonomy":"category","embeddable":true,"href":"https:\/\/www.escapadarural.com\/blog\/wp-json\/wp\/v2\/categories?post=84044"},{"taxonomy":"post_tag","embeddable":true,"href":"https:\/\/www.escapadarural.com\/blog\/wp-json\/wp\/v2\/tags?post=84044"}],"curies":[{"name":"wp","href":"https:\/\/api.w.org\/{rel}","templated":true}]}}