{"id":84045,"date":"2024-07-24T08:00:00","date_gmt":"2024-07-24T07:00:00","guid":{"rendered":"https:\/\/www.escapadarural.com\/blog\/?p=79571"},"modified":"2025-03-13T15:24:51","modified_gmt":"2025-03-13T13:24:51","slug":"fiestas-valencianas-agosto","status":"publish","type":"post","link":"https:\/\/www.escapadarural.com\/blog\/fiestas-valencianas-agosto\/","title":{"rendered":"3 fiestas valencianas que no te puedes perder en agosto"},"content":{"rendered":"\n<figure class=\"wp-block-image size-large\"><a href=\"https:\/\/www.escapadarural.com\/blog\/wp-content\/uploads\/2024\/11\/AdobeStock_168648698-scaled-1.jpeg\"><img decoding=\"async\" src=\"https:\/\/www.escapadarural.com\/blog\/wp-content\/uploads\/2024\/10\/AdobeStock_168648698-1024x674-1.jpeg\" alt=\"La Tomatina de Bu\u00f1ol\" class=\"wp-image-79581\"\/><\/a><figcaption class=\"wp-element-caption\">La Tomatina de Bu\u00f1ol, una de las fiestas valencianas m\u00e1s populares. Por Aneta<\/figcaption><\/figure>\n\n\n\n<p>Seguramente las Fallas y las Fogueres de Sant Joan de Alicante sean las celebraciones m\u00e1s conocidas de la Comunitat Valenciana por sus ninots, olor a p\u00f3lvora, m\u00fasica en la calle, colorido, \u201ccomboi\u201d (en castellano, algo as\u00ed como \u201cencuentros informales con los amigos\u201d)\u2026 Pero todav\u00eda quedan algunas fiestas valencianas en agosto que vale la pena conocer alguna vez en la vida: <strong>El Misteri d\u2019Elx, La Tomatina de Bu\u00f1ol y la Cord\u00e0 de Paterna<\/strong>. Buenas excusas para acercarte a un territorio \u00bfTe animas a descubrirlas?<\/p>\n\n\n\n<div class=\"wp-block-buttons is-layout-flex wp-block-buttons-is-layout-flex\">\n<div class=\"wp-block-button\"><a class=\"wp-block-button__link wp-element-button\" href=\"\/casas-rurales\/comunidad-valenciana\">Alojamientos rurales en la Comunidad Valenciana<\/a><\/div>\n<\/div>\n\n\n<h2 style=\"font-size: 24px;letter-spacing: 0px;text-transform: None;font-family: u0022PT Serifu0022, serif;font-weight: Normal;line-height: 24px\" class=\"ub_advanced_heading wp-block-ub-advanced-heading\" id=\"ub-advanced-heading-72fdb043-b128-4ca2-8471-8e0e4c998eeb\" data-blockid=\"72fdb043-b128-4ca2-8471-8e0e4c998eeb\">El Misteri d\u2019Elx, un espect\u00e1culo religioso-hist\u00f3rico que es Patrimonio de la Humanidad<\/h2>\n\n\n<figure class=\"wp-block-image size-large\"><a href=\"https:\/\/www.escapadarural.com\/blog\/wp-content\/uploads\/2024\/11\/AdobeStock_587241087_Editorial_Use_Only-scaled-1.jpeg\"><img decoding=\"async\" src=\"https:\/\/www.escapadarural.com\/blog\/wp-content\/uploads\/2024\/10\/AdobeStock_587241087_Editorial_Use_Only-1024x683-1.jpeg\" alt=\"El Misteri d'Elx\" class=\"wp-image-79576\"\/><\/a><figcaption class=\"wp-element-caption\">El Misteri d&#8217;Elx. Por Jose Aldeguer<\/figcaption><\/figure>\n\n\n\n<p>Es la festividad m\u00e1s \u201ccultureta\u201d de las que vamos a proponerte. <strong>El Misteri d&#8217;Elx<\/strong> es la gran se\u00f1a de identidad de esta ciudad alicantina (en castellano, <a href=\"\/casas-rurales\/elche\">Elche<\/a>), un drama cantado con mucha historia que hunde sus <strong>ra\u00edces en la \u00e9poca medieval<\/strong>, ya que empez\u00f3 a realizarse en la bas\u00edlica barroca de Santa Mar\u00eda en la segunda mitad del siglo XV\u2026 y ha llegado hasta nuestros d\u00edas tal cual. Para ello, ha superado obst\u00e1culos aparentemente insalvables como el Concilio de Trento del siglo XVI, que prohib\u00eda las escenificaciones en el interior de los templos cristianos: se sorte\u00f3 el impedimento gracias a una bula del Papa Urbano VIII.<\/p>\n\n\n\n<p>El Misteri d\u2019Elx relata la <strong>dormici\u00f3n, la asunci\u00f3n a los cielos y la coronaci\u00f3n de la Virgen Mar\u00eda<\/strong>. Con estas palabras igual no parece lo m\u00e1s atractivo del mundo, pero lo cierto es que es un aut\u00e9ntico espect\u00e1culo interpretativo que atrae a centenares de visitantes todos los a\u00f1os. Hasta el punto que la UNESCO lo declar\u00f3 <strong>Obra Maestra del Patrimonio Oral e Inmaterial de la Humanidad<\/strong> en 2001, siendo la primera fiesta de Espa\u00f1a en obtener dicho reconocimiento.<\/p>\n\n\n\n<p>Todo empieza la noche del 13 de agosto, con la llamada <em><strong>Nit de l\u2019Alb\u00e0<\/strong><\/em>. Entonces los ilicitanos se re\u00fanen en las azoteas de los edificios para hacer una ofrenda un tanto especial a su patrona. Estamos en territorio valenciano as\u00ed que, \u00a1c\u00f3mo no!, la p\u00f3lvora ten\u00eda que estar presente: lanzan cohetes y fuegos artificiales, dibujando una bonita estampa nocturna. A las 12 de la noche, el campanario de Santa Mar\u00eda responde con una gran palmera de fuegos artificiales.<\/p>\n\n\n\n<p>El Misteri d\u2019Elx se divide en dos actos que se celebran en <strong>dos d\u00edas consecutivos<\/strong>: la <em>Vespra<\/em> (en castellano, v\u00edspera), el 14 de agosto; y el <em>Dia de la Mare de D\u00e9u<\/em>, el 15 de agosto. El acceso a la bas\u00edlica es gratuito en las dos jornadas, cuyas puertas se quedan abiertas de par en par. Pero si quieres ver el espect\u00e1culo y, sobre todo, conseguir una posici\u00f3n en la que realmente puedas \u201cverlo\u201d, hay que<strong> ir a la iglesia con varias horas de antelaci\u00f3n<\/strong> por la gran expectaci\u00f3n que genera entre devotos y descre\u00eddos. Una de las fiestas valencianas imprescindibles de agosto si le quieres dar un toque cultural e hist\u00f3rico a tu escapada.<\/p>\n\n\n<h2 style=\"font-size: 24px;letter-spacing: 0px;text-transform: None;font-family: u0022PT Serifu0022, serif;font-weight: Normal;line-height: 24px\" class=\"ub_advanced_heading wp-block-ub-advanced-heading\" id=\"ub-advanced-heading-94010737-7828-4fd4-9f6d-079966fcf802\" data-blockid=\"94010737-7828-4fd4-9f6d-079966fcf802\">La Tomatina de Bu\u00f1ol, una batalla que empez\u00f3 de manera casual<\/h2>\n\n\n<figure class=\"wp-block-image size-large\"><a href=\"https:\/\/www.escapadarural.com\/blog\/wp-content\/uploads\/2024\/11\/AdobeStock_221875664-scaled-1.jpeg\"><img decoding=\"async\" src=\"https:\/\/www.escapadarural.com\/blog\/wp-content\/uploads\/2024\/10\/AdobeStock_221875664-1024x683-1.jpeg\" alt=\"La Tomatina de Bu\u00f1ol es una de las fiestas valencianas m\u00e1s conocidas\" class=\"wp-image-79573\"\/><\/a><figcaption class=\"wp-element-caption\">La Tomatina de Bu\u00f1ol es una de las fiestas valencianas m\u00e1s conocidas. Por JackF<\/figcaption><\/figure>\n\n\n\n<p>Si hay una fiesta valenciana que es m\u00e1s conocida fuera que dentro de nuestras fronteras, es la Tomatina de <a href=\"\/casas-rurales\/bunol\">Bu\u00f1ol<\/a>, esa peculiar batalla donde la \u00fanica arma que se admite son <strong>tomates \u201csupermaduros\u201d<\/strong> para evitar da\u00f1os. Todos los a\u00f1os sobrevuela la duda-cr\u00edtica de si tenemos que seguir celebrando el despilfarro alimentario\u2026 aunque las cooperativas del lugar aseguran que estos tomates de variedad \u201cpera roma\u201d se quedar\u00edan en el campo sin recoger de no emplearse para la celebraci\u00f3n, ya que <strong>no son aptos para la venta en fresco ni para hacer conserva<\/strong>.<\/p>\n\n\n\n<p>El origen de esta fiesta es de lo m\u00e1s curioso y corriente. Hoy es un evento que atrae a gente de todo el mundo (hay quien coge un avi\u00f3n solo por esta fiesta\u2026 \u00a1desde EEUU, Corea del Sur, Australia o Jap\u00f3n!), pero sus inicios estuvieron muy alejados del negocio tur\u00edstico y de la alegr\u00eda: <strong>corr\u00eda el a\u00f1o 1945<\/strong> cuando Bu\u00f1ol acog\u00eda un desfile de gigantes y cabezudos, dentro de las fiestas del pueblo. Al parecer, unos j\u00f3venes intentaron colarse dentro de una comitiva, haciendo caer a un participante, quien se rebot\u00f3 y respondi\u00f3 golpe\u00e1ndoles con todo lo que encontraba a su paso.<\/p>\n\n\n\n<p>El final os lo pod\u00e9is imaginar: en aquel entonces hab\u00eda puestos de verduras en la calle, de forma que aprovecharon sus productos para lanzarlos. Rein\u00f3 el caos hasta que las fuerzas del orden p\u00fablico disolvieron la batalla. El a\u00f1o siguiente y el mismo d\u00eda, para sorpresa de la gente, los mismos chavales volvieron a buscar la disputa \u2013en este caso, adrede- y se llevaron tomates de casa, sabiendo lo que les esperaba. La polic\u00eda volvi\u00f3 a actuar, sin saber que <strong>acababa de nacer el gran atractivo tur\u00edstico de Bu\u00f1ol<\/strong>.<\/p>\n\n\n\n<p>En los a\u00f1os 50 lleg\u00f3 a prohibirse, pero la obstinaci\u00f3n del vecindario y sus protestas consiguieron que se instaurara la batalla de tomates como una fiesta oficial. En los a\u00f1os ochenta la televisi\u00f3n puso el foco en esta celebraci\u00f3n, haciendo que fuera conocida en Espa\u00f1a y m\u00e1s all\u00e1. Hoy la Tomatina de Bu\u00f1ol <strong>se celebra el \u00faltimo mi\u00e9rcoles de agosto<\/strong> y, dada la gran afluencia de p\u00fablico que tiene, se lleva a cabo en un recinto cerrado y para acceder hay que pagar una entrada. En la \u00faltima edici\u00f3n participaron m\u00e1s de 18.000 personas y se lanzaron unos 150.000 kilos de tomate.<\/p>\n\n\n\n<p>Si te acercas a una de las fiestas valencianas m\u00e1s divertidas de agosto, no dejes de disfrutar del tradicional almuerzo que se toma ese d\u00eda: la <strong>Torta de Taj\u00e1,<\/strong> una coca que va acompa\u00f1ada de tocino magro, longaniza, chorizo y morcilla.<\/p>\n\n\n<h2 style=\"font-size: 24px;letter-spacing: 0px;text-transform: None;font-family: u0022PT Serifu0022, serif;font-weight: Normal;line-height: 24px\" class=\"ub_advanced_heading wp-block-ub-advanced-heading\" id=\"ub-advanced-heading-e654465f-df24-4466-a413-538a90a6ecd1\" data-blockid=\"e654465f-df24-4466-a413-538a90a6ecd1\">La Cord\u00e0 de Paterna, una exhibici\u00f3n pirot\u00e9cnica de altura<\/h2>\n\n\n<figure class=\"wp-block-image size-full\"><a href=\"https:\/\/www.escapadarural.com\/blog\/wp-content\/uploads\/2024\/10\/1024px-Recinto_cordada.jpeg\"><img decoding=\"async\" src=\"https:\/\/www.escapadarural.com\/blog\/wp-content\/uploads\/2024\/10\/1024px-Recinto_cordada.jpeg\" alt=\"La Cord\u00e0 de Paterna\" class=\"wp-image-79575\"\/><\/a><figcaption class=\"wp-element-caption\">La Cord\u00e0 de Paterna, una de las fiestas valencianas menos conocidas. Por Komputika<\/figcaption><\/figure>\n\n\n\n<p>En la lista de fiestas valencianas que no te puedes perder en agosto no pod\u00eda faltar una celebraci\u00f3n que lleva la pirot\u00e9cnica a su m\u00e1xima expresi\u00f3n: la Cord\u00e0 de Paterna del \u00faltimo domingo del mes. <strong>Declarada Bien de Inter\u00e9s Cultural Inmaterial y Fiesta de Inter\u00e9s Tur\u00edstico Nacional<\/strong>, consiste en una serie de tiradores y tiradoras que se zambullen en una batalla campal de petardos a pie de calle.<\/p>\n\n\n\n<p>En total, llegan a darle fuego a m\u00e1s de <strong>70.000 cohetes<\/strong>, creando un espect\u00e1culo para todos los sentidos con el que Paterna se ha ganado a pulso el nombre de \u201cCiutat del Foc\u201d (ciudad del fuego). Aunque hace 100 a\u00f1os cada tirador que se met\u00eda en el \u201cinfierno\u201d llevaba lo que ten\u00eda por casa, hoy los m\u00e1s de 340 que prenden cohetes toman medidas de protecci\u00f3n especiales en las que no faltan mono, pantal\u00f3n, chaqueta, guantes, polainas, botas y casco.<\/p>\n\n\n\n<p>Si quieres verlo sin ponerte en peligro, no sufras porque <strong>se habilita una zona, \u201cel Cohet\u00f3dromo de Paterna\u201d,<\/strong> desde el cual se puede ver el espect\u00e1culo con total seguridad. Tiene unos 500 metros de superficie, 6,5 metros de altura, 36 pilares y 415 paneles de malla.<\/p>\n","protected":false},"excerpt":{"rendered":"<p>Seguramente las Fallas y las Fogueres de Sant Joan de  [&#8230;]<\/p>\n","protected":false},"author":123,"featured_media":79573,"comment_status":"open","ping_status":"open","sticky":false,"template":"","format":"standard","meta":{"_acf_changed":false,"om_disable_all_campaigns":false,"footnotes":""},"categories":[231],"tags":[1702,5765,883,5766,5767,2659,1703],"class_list":["post-84045","post","type-post","status-publish","format-standard","has-post-thumbnail","hentry","category-arte-y-cultura","tag-bunol","tag-corda","tag-elche","tag-fiestas-valencianas","tag-misteri-delx","tag-paterna","tag-tomatina"],"acf":[],"featured_image_src":"https:\/\/www.escapadarural.com\/blog\/wp-content\/uploads\/2024\/05\/AdobeStock_378911744-1170x780.jpeg.webp","author_info":{"display_name":"Raquel Andr\u00e9s","author_link":"https:\/\/www.escapadarural.com\/blog\/autor\/raquel\/"},"yoast_head":"<!-- This site is optimized with the Yoast SEO plugin v27.5 - https:\/\/yoast.com\/product\/yoast-seo-wordpress\/ -->\n<title>3 fiestas valencianas que no te puedes perder en agosto - EscapadaRural<\/title>\n<meta name=\"robots\" content=\"index, follow, max-snippet:-1, max-image-preview:large, max-video-preview:-1\" \/>\n<link rel=\"canonical\" href=\"https:\/\/www.escapadarural.com\/blog\/fiestas-valencianas-agosto\/\" \/>\n<meta property=\"og:locale\" content=\"es_ES\" \/>\n<meta property=\"og:type\" content=\"article\" \/>\n<meta property=\"og:title\" content=\"3 fiestas valencianas que no te puedes perder en agosto - EscapadaRural\" \/>\n<meta property=\"og:description\" content=\"Seguramente las Fallas y las Fogueres de Sant Joan de [...]\" \/>\n<meta property=\"og:url\" content=\"https:\/\/www.escapadarural.com\/blog\/fiestas-valencianas-agosto\/\" \/>\n<meta property=\"og:site_name\" content=\"Magazine de viajes de EscapadaRural\" \/>\n<meta property=\"article:publisher\" content=\"https:\/\/www.facebook.com\/escapadarural\" \/>\n<meta property=\"article:published_time\" content=\"2024-07-24T07:00:00+00:00\" \/>\n<meta property=\"article:modified_time\" content=\"2025-03-13T13:24:51+00:00\" \/>\n<meta property=\"og:image\" content=\"https:\/\/www.escapadarural.com\/blog\/wp-content\/uploads\/2024\/05\/AdobeStock_378911744-1170x780.jpeg.webp\" \/>\n\t<meta property=\"og:image:width\" content=\"1170\" \/>\n\t<meta property=\"og:image:height\" content=\"780\" \/>\n\t<meta property=\"og:image:type\" content=\"image\/webp\" \/>\n<meta name=\"author\" content=\"Raquel Andr\u00e9s\" \/>\n<meta name=\"twitter:card\" content=\"summary_large_image\" \/>\n<meta name=\"twitter:label1\" content=\"Escrito por\" \/>\n\t<meta name=\"twitter:data1\" content=\"Raquel Andr\u00e9s\" \/>\n\t<meta name=\"twitter:label2\" content=\"Tiempo de lectura\" \/>\n\t<meta name=\"twitter:data2\" content=\"7 minutos\" \/>\n<script type=\"application\/ld+json\" class=\"yoast-schema-graph\">{\"@context\":\"https:\\\/\\\/schema.org\",\"@graph\":[{\"@type\":\"Article\",\"@id\":\"https:\\\/\\\/www.escapadarural.com\\\/blog\\\/fiestas-valencianas-agosto\\\/#article\",\"isPartOf\":{\"@id\":\"https:\\\/\\\/www.escapadarural.com\\\/blog\\\/fiestas-valencianas-agosto\\\/\"},\"author\":{\"name\":\"Raquel Andr\u00e9s\",\"@id\":\"https:\\\/\\\/www.escapadarural.com\\\/blog\\\/#\\\/schema\\\/person\\\/67be061eb00d8315fa8642e01b88c894\"},\"headline\":\"3 fiestas valencianas que no te puedes perder en agosto\",\"datePublished\":\"2024-07-24T07:00:00+00:00\",\"dateModified\":\"2025-03-13T13:24:51+00:00\",\"mainEntityOfPage\":{\"@id\":\"https:\\\/\\\/www.escapadarural.com\\\/blog\\\/fiestas-valencianas-agosto\\\/\"},\"wordCount\":1230,\"commentCount\":0,\"publisher\":{\"@id\":\"https:\\\/\\\/www.escapadarural.com\\\/blog\\\/#organization\"},\"image\":{\"@id\":\"https:\\\/\\\/www.escapadarural.com\\\/blog\\\/fiestas-valencianas-agosto\\\/#primaryimage\"},\"thumbnailUrl\":\"https:\\\/\\\/www.escapadarural.com\\\/blog\\\/wp-content\\\/uploads\\\/2024\\\/05\\\/AdobeStock_378911744-1170x780.jpeg.webp\",\"keywords\":[\"Bu\u00f1ol\",\"cord\u00e0\",\"Elche\",\"fiestas valencianas\",\"misteri d'elx\",\"paterna\",\"Tomatina\"],\"articleSection\":[\"Arte y Cultura\"],\"inLanguage\":\"es\",\"potentialAction\":[{\"@type\":\"CommentAction\",\"name\":\"Comment\",\"target\":[\"https:\\\/\\\/www.escapadarural.com\\\/blog\\\/fiestas-valencianas-agosto\\\/#respond\"]}]},{\"@type\":\"WebPage\",\"@id\":\"https:\\\/\\\/www.escapadarural.com\\\/blog\\\/fiestas-valencianas-agosto\\\/\",\"url\":\"https:\\\/\\\/www.escapadarural.com\\\/blog\\\/fiestas-valencianas-agosto\\\/\",\"name\":\"3 fiestas valencianas que no te puedes perder en agosto - EscapadaRural\",\"isPartOf\":{\"@id\":\"https:\\\/\\\/www.escapadarural.com\\\/blog\\\/#website\"},\"primaryImageOfPage\":{\"@id\":\"https:\\\/\\\/www.escapadarural.com\\\/blog\\\/fiestas-valencianas-agosto\\\/#primaryimage\"},\"image\":{\"@id\":\"https:\\\/\\\/www.escapadarural.com\\\/blog\\\/fiestas-valencianas-agosto\\\/#primaryimage\"},\"thumbnailUrl\":\"https:\\\/\\\/www.escapadarural.com\\\/blog\\\/wp-content\\\/uploads\\\/2024\\\/05\\\/AdobeStock_378911744-1170x780.jpeg.webp\",\"datePublished\":\"2024-07-24T07:00:00+00:00\",\"dateModified\":\"2025-03-13T13:24:51+00:00\",\"breadcrumb\":{\"@id\":\"https:\\\/\\\/www.escapadarural.com\\\/blog\\\/fiestas-valencianas-agosto\\\/#breadcrumb\"},\"inLanguage\":\"es\",\"potentialAction\":[{\"@type\":\"ReadAction\",\"target\":[\"https:\\\/\\\/www.escapadarural.com\\\/blog\\\/fiestas-valencianas-agosto\\\/\"]}]},{\"@type\":\"ImageObject\",\"inLanguage\":\"es\",\"@id\":\"https:\\\/\\\/www.escapadarural.com\\\/blog\\\/fiestas-valencianas-agosto\\\/#primaryimage\",\"url\":\"https:\\\/\\\/www.escapadarural.com\\\/blog\\\/wp-content\\\/uploads\\\/2024\\\/05\\\/AdobeStock_378911744-1170x780.jpeg.webp\",\"contentUrl\":\"https:\\\/\\\/www.escapadarural.com\\\/blog\\\/wp-content\\\/uploads\\\/2024\\\/05\\\/AdobeStock_378911744-1170x780.jpeg.webp\",\"width\":1170,\"height\":780,\"caption\":\"Un pintoresco sendero costero con pasarela de piedra y barandilla de madera serpentea por acantilados rocosos, con vistas a aguas turquesas, exuberante vegetaci\u00f3n y casas enclavadas en una ladera bajo un cielo brillante y parcialmente nublado.\"},{\"@type\":\"BreadcrumbList\",\"@id\":\"https:\\\/\\\/www.escapadarural.com\\\/blog\\\/fiestas-valencianas-agosto\\\/#breadcrumb\",\"itemListElement\":[{\"@type\":\"ListItem\",\"position\":1,\"name\":\"Inicio\",\"item\":\"https:\\\/\\\/www.escapadarural.com\\\/blog\\\/\"},{\"@type\":\"ListItem\",\"position\":2,\"name\":\"Arte y Cultura\",\"item\":\"https:\\\/\\\/www.escapadarural.com\\\/blog\\\/categoria\\\/arte-y-cultura\\\/\"},{\"@type\":\"ListItem\",\"position\":3,\"name\":\"3 fiestas valencianas que no te puedes perder en agosto\"}]},{\"@type\":\"WebSite\",\"@id\":\"https:\\\/\\\/www.escapadarural.com\\\/blog\\\/#website\",\"url\":\"https:\\\/\\\/www.escapadarural.com\\\/blog\\\/\",\"name\":\"Blog de viajes | turismo rural, alojamientos e inspiraci\u00f3n\",\"description\":\"Alojamientos rurales e inspiraci\u00f3n para tus escapadas\",\"publisher\":{\"@id\":\"https:\\\/\\\/www.escapadarural.com\\\/blog\\\/#organization\"},\"alternateName\":\"Magazine de viajes de EscapadaRural\",\"potentialAction\":[{\"@type\":\"SearchAction\",\"target\":{\"@type\":\"EntryPoint\",\"urlTemplate\":\"https:\\\/\\\/www.escapadarural.com\\\/blog\\\/?s={search_term_string}\"},\"query-input\":{\"@type\":\"PropertyValueSpecification\",\"valueRequired\":true,\"valueName\":\"search_term_string\"}}],\"inLanguage\":\"es\"},{\"@type\":\"Organization\",\"@id\":\"https:\\\/\\\/www.escapadarural.com\\\/blog\\\/#organization\",\"name\":\"EscapadaRural\",\"url\":\"https:\\\/\\\/www.escapadarural.com\\\/blog\\\/\",\"logo\":{\"@type\":\"ImageObject\",\"inLanguage\":\"es\",\"@id\":\"https:\\\/\\\/www.escapadarural.com\\\/blog\\\/#\\\/schema\\\/logo\\\/image\\\/\",\"url\":\"https:\\\/\\\/www.escapadarural.com\\\/blog\\\/wp-content\\\/uploads\\\/2024\\\/10\\\/cropped-cropped-escapada-rural-icon-mag-3.png\",\"contentUrl\":\"https:\\\/\\\/www.escapadarural.com\\\/blog\\\/wp-content\\\/uploads\\\/2024\\\/10\\\/cropped-cropped-escapada-rural-icon-mag-3.png\",\"width\":512,\"height\":512,\"caption\":\"EscapadaRural\"},\"image\":{\"@id\":\"https:\\\/\\\/www.escapadarural.com\\\/blog\\\/#\\\/schema\\\/logo\\\/image\\\/\"},\"sameAs\":[\"https:\\\/\\\/www.facebook.com\\\/escapadarural\",\"https:\\\/\\\/www.instagram.com\\\/escapadarural\\\/\",\"https:\\\/\\\/www.youtube.com\\\/@escapadaruralcom\"]},{\"@type\":\"Person\",\"@id\":\"https:\\\/\\\/www.escapadarural.com\\\/blog\\\/#\\\/schema\\\/person\\\/67be061eb00d8315fa8642e01b88c894\",\"name\":\"Raquel Andr\u00e9s\",\"image\":{\"@type\":\"ImageObject\",\"inLanguage\":\"es\",\"@id\":\"https:\\\/\\\/secure.gravatar.com\\\/avatar\\\/b45840531462f3cafb335a9fc5c0bfda2c07c3df4b82b304b923526b85cc6cb5?s=96&d=mm&r=g\",\"url\":\"https:\\\/\\\/secure.gravatar.com\\\/avatar\\\/b45840531462f3cafb335a9fc5c0bfda2c07c3df4b82b304b923526b85cc6cb5?s=96&d=mm&r=g\",\"contentUrl\":\"https:\\\/\\\/secure.gravatar.com\\\/avatar\\\/b45840531462f3cafb335a9fc5c0bfda2c07c3df4b82b304b923526b85cc6cb5?s=96&d=mm&r=g\",\"caption\":\"Raquel Andr\u00e9s\"},\"description\":\"Periodista y aventurera. Me has podido leer en Escapada Rural, Diari Nosaltres La Veu, La Vanguardia, El Salto y otros medios. Habitante y amante de las zonas rurales, sea cual sea el destino. Procuro escaparme una vez por semana con las botas de monta\u00f1a, el arn\u00e9s o el neopreno. Tambi\u00e9n soy un intento de baserritarra.\",\"url\":\"https:\\\/\\\/www.escapadarural.com\\\/blog\\\/autor\\\/raquel\\\/\"}]}<\/script>\n<!-- \/ Yoast SEO plugin. -->","yoast_head_json":{"title":"3 fiestas valencianas que no te puedes perder en agosto - EscapadaRural","robots":{"index":"index","follow":"follow","max-snippet":"max-snippet:-1","max-image-preview":"max-image-preview:large","max-video-preview":"max-video-preview:-1"},"canonical":"https:\/\/www.escapadarural.com\/blog\/fiestas-valencianas-agosto\/","og_locale":"es_ES","og_type":"article","og_title":"3 fiestas valencianas que no te puedes perder en agosto - EscapadaRural","og_description":"Seguramente las Fallas y las Fogueres de Sant Joan de [...]","og_url":"https:\/\/www.escapadarural.com\/blog\/fiestas-valencianas-agosto\/","og_site_name":"Magazine de viajes de EscapadaRural","article_publisher":"https:\/\/www.facebook.com\/escapadarural","article_published_time":"2024-07-24T07:00:00+00:00","article_modified_time":"2025-03-13T13:24:51+00:00","og_image":[{"width":1170,"height":780,"url":"https:\/\/www.escapadarural.com\/blog\/wp-content\/uploads\/2024\/05\/AdobeStock_378911744-1170x780.jpeg.webp","type":"image\/webp"}],"author":"Raquel Andr\u00e9s","twitter_card":"summary_large_image","twitter_misc":{"Escrito por":"Raquel Andr\u00e9s","Tiempo de lectura":"7 minutos"},"schema":{"@context":"https:\/\/schema.org","@graph":[{"@type":"Article","@id":"https:\/\/www.escapadarural.com\/blog\/fiestas-valencianas-agosto\/#article","isPartOf":{"@id":"https:\/\/www.escapadarural.com\/blog\/fiestas-valencianas-agosto\/"},"author":{"name":"Raquel Andr\u00e9s","@id":"https:\/\/www.escapadarural.com\/blog\/#\/schema\/person\/67be061eb00d8315fa8642e01b88c894"},"headline":"3 fiestas valencianas que no te puedes perder en agosto","datePublished":"2024-07-24T07:00:00+00:00","dateModified":"2025-03-13T13:24:51+00:00","mainEntityOfPage":{"@id":"https:\/\/www.escapadarural.com\/blog\/fiestas-valencianas-agosto\/"},"wordCount":1230,"commentCount":0,"publisher":{"@id":"https:\/\/www.escapadarural.com\/blog\/#organization"},"image":{"@id":"https:\/\/www.escapadarural.com\/blog\/fiestas-valencianas-agosto\/#primaryimage"},"thumbnailUrl":"https:\/\/www.escapadarural.com\/blog\/wp-content\/uploads\/2024\/05\/AdobeStock_378911744-1170x780.jpeg.webp","keywords":["Bu\u00f1ol","cord\u00e0","Elche","fiestas valencianas","misteri d'elx","paterna","Tomatina"],"articleSection":["Arte y Cultura"],"inLanguage":"es","potentialAction":[{"@type":"CommentAction","name":"Comment","target":["https:\/\/www.escapadarural.com\/blog\/fiestas-valencianas-agosto\/#respond"]}]},{"@type":"WebPage","@id":"https:\/\/www.escapadarural.com\/blog\/fiestas-valencianas-agosto\/","url":"https:\/\/www.escapadarural.com\/blog\/fiestas-valencianas-agosto\/","name":"3 fiestas valencianas que no te puedes perder en agosto - EscapadaRural","isPartOf":{"@id":"https:\/\/www.escapadarural.com\/blog\/#website"},"primaryImageOfPage":{"@id":"https:\/\/www.escapadarural.com\/blog\/fiestas-valencianas-agosto\/#primaryimage"},"image":{"@id":"https:\/\/www.escapadarural.com\/blog\/fiestas-valencianas-agosto\/#primaryimage"},"thumbnailUrl":"https:\/\/www.escapadarural.com\/blog\/wp-content\/uploads\/2024\/05\/AdobeStock_378911744-1170x780.jpeg.webp","datePublished":"2024-07-24T07:00:00+00:00","dateModified":"2025-03-13T13:24:51+00:00","breadcrumb":{"@id":"https:\/\/www.escapadarural.com\/blog\/fiestas-valencianas-agosto\/#breadcrumb"},"inLanguage":"es","potentialAction":[{"@type":"ReadAction","target":["https:\/\/www.escapadarural.com\/blog\/fiestas-valencianas-agosto\/"]}]},{"@type":"ImageObject","inLanguage":"es","@id":"https:\/\/www.escapadarural.com\/blog\/fiestas-valencianas-agosto\/#primaryimage","url":"https:\/\/www.escapadarural.com\/blog\/wp-content\/uploads\/2024\/05\/AdobeStock_378911744-1170x780.jpeg.webp","contentUrl":"https:\/\/www.escapadarural.com\/blog\/wp-content\/uploads\/2024\/05\/AdobeStock_378911744-1170x780.jpeg.webp","width":1170,"height":780,"caption":"Un pintoresco sendero costero con pasarela de piedra y barandilla de madera serpentea por acantilados rocosos, con vistas a aguas turquesas, exuberante vegetaci\u00f3n y casas enclavadas en una ladera bajo un cielo brillante y parcialmente nublado."},{"@type":"BreadcrumbList","@id":"https:\/\/www.escapadarural.com\/blog\/fiestas-valencianas-agosto\/#breadcrumb","itemListElement":[{"@type":"ListItem","position":1,"name":"Inicio","item":"https:\/\/www.escapadarural.com\/blog\/"},{"@type":"ListItem","position":2,"name":"Arte y Cultura","item":"https:\/\/www.escapadarural.com\/blog\/categoria\/arte-y-cultura\/"},{"@type":"ListItem","position":3,"name":"3 fiestas valencianas que no te puedes perder en agosto"}]},{"@type":"WebSite","@id":"https:\/\/www.escapadarural.com\/blog\/#website","url":"https:\/\/www.escapadarural.com\/blog\/","name":"Blog de viajes | turismo rural, alojamientos e inspiraci\u00f3n","description":"Alojamientos rurales e inspiraci\u00f3n para tus escapadas","publisher":{"@id":"https:\/\/www.escapadarural.com\/blog\/#organization"},"alternateName":"Magazine de viajes de EscapadaRural","potentialAction":[{"@type":"SearchAction","target":{"@type":"EntryPoint","urlTemplate":"https:\/\/www.escapadarural.com\/blog\/?s={search_term_string}"},"query-input":{"@type":"PropertyValueSpecification","valueRequired":true,"valueName":"search_term_string"}}],"inLanguage":"es"},{"@type":"Organization","@id":"https:\/\/www.escapadarural.com\/blog\/#organization","name":"EscapadaRural","url":"https:\/\/www.escapadarural.com\/blog\/","logo":{"@type":"ImageObject","inLanguage":"es","@id":"https:\/\/www.escapadarural.com\/blog\/#\/schema\/logo\/image\/","url":"https:\/\/www.escapadarural.com\/blog\/wp-content\/uploads\/2024\/10\/cropped-cropped-escapada-rural-icon-mag-3.png","contentUrl":"https:\/\/www.escapadarural.com\/blog\/wp-content\/uploads\/2024\/10\/cropped-cropped-escapada-rural-icon-mag-3.png","width":512,"height":512,"caption":"EscapadaRural"},"image":{"@id":"https:\/\/www.escapadarural.com\/blog\/#\/schema\/logo\/image\/"},"sameAs":["https:\/\/www.facebook.com\/escapadarural","https:\/\/www.instagram.com\/escapadarural\/","https:\/\/www.youtube.com\/@escapadaruralcom"]},{"@type":"Person","@id":"https:\/\/www.escapadarural.com\/blog\/#\/schema\/person\/67be061eb00d8315fa8642e01b88c894","name":"Raquel Andr\u00e9s","image":{"@type":"ImageObject","inLanguage":"es","@id":"https:\/\/secure.gravatar.com\/avatar\/b45840531462f3cafb335a9fc5c0bfda2c07c3df4b82b304b923526b85cc6cb5?s=96&d=mm&r=g","url":"https:\/\/secure.gravatar.com\/avatar\/b45840531462f3cafb335a9fc5c0bfda2c07c3df4b82b304b923526b85cc6cb5?s=96&d=mm&r=g","contentUrl":"https:\/\/secure.gravatar.com\/avatar\/b45840531462f3cafb335a9fc5c0bfda2c07c3df4b82b304b923526b85cc6cb5?s=96&d=mm&r=g","caption":"Raquel Andr\u00e9s"},"description":"Periodista y aventurera. Me has podido leer en Escapada Rural, Diari Nosaltres La Veu, La Vanguardia, El Salto y otros medios. Habitante y amante de las zonas rurales, sea cual sea el destino. Procuro escaparme una vez por semana con las botas de monta\u00f1a, el arn\u00e9s o el neopreno. Tambi\u00e9n soy un intento de baserritarra.","url":"https:\/\/www.escapadarural.com\/blog\/autor\/raquel\/"}]}},"_links":{"self":[{"href":"https:\/\/www.escapadarural.com\/blog\/wp-json\/wp\/v2\/posts\/84045","targetHints":{"allow":["GET"]}}],"collection":[{"href":"https:\/\/www.escapadarural.com\/blog\/wp-json\/wp\/v2\/posts"}],"about":[{"href":"https:\/\/www.escapadarural.com\/blog\/wp-json\/wp\/v2\/types\/post"}],"author":[{"embeddable":true,"href":"https:\/\/www.escapadarural.com\/blog\/wp-json\/wp\/v2\/users\/123"}],"replies":[{"embeddable":true,"href":"https:\/\/www.escapadarural.com\/blog\/wp-json\/wp\/v2\/comments?post=84045"}],"version-history":[{"count":0,"href":"https:\/\/www.escapadarural.com\/blog\/wp-json\/wp\/v2\/posts\/84045\/revisions"}],"wp:featuredmedia":[{"embeddable":true,"href":"https:\/\/www.escapadarural.com\/blog\/wp-json\/wp\/v2\/media\/79573"}],"wp:attachment":[{"href":"https:\/\/www.escapadarural.com\/blog\/wp-json\/wp\/v2\/media?parent=84045"}],"wp:term":[{"taxonomy":"category","embeddable":true,"href":"https:\/\/www.escapadarural.com\/blog\/wp-json\/wp\/v2\/categories?post=84045"},{"taxonomy":"post_tag","embeddable":true,"href":"https:\/\/www.escapadarural.com\/blog\/wp-json\/wp\/v2\/tags?post=84045"}],"curies":[{"name":"wp","href":"https:\/\/api.w.org\/{rel}","templated":true}]}}