{"id":84055,"date":"2024-07-31T07:00:00","date_gmt":"2024-07-31T06:00:00","guid":{"rendered":"https:\/\/www.escapadarural.com\/blog\/?p=79822"},"modified":"2025-04-15T09:28:13","modified_gmt":"2025-04-15T07:28:13","slug":"los-heroes-de-jerez-del-marquesado","status":"publish","type":"post","link":"https:\/\/www.escapadarural.com\/blog\/los-heroes-de-jerez-del-marquesado\/","title":{"rendered":"Los h\u00e9roes que evitaron una cat\u00e1strofe a\u00e9rea en J\u00e9rez del Marquesado"},"content":{"rendered":"\n<figure class=\"wp-block-image size-full\"><img decoding=\"async\" src=\"https:\/\/www.escapadarural.com\/blog\/wp-content\/uploads\/2024\/10\/adobestock_93345182-1_WP_01.webp\" alt=\"\" class=\"wp-image-79824\"\/><figcaption class=\"wp-element-caption\">J\u00e9rez del Marquesado en Granada. Por mariajuarez<\/figcaption><\/figure>\n\n\n\n<p>Habr\u00e1 a quienes esta historia les recuerde a la pel\u00edcula de Jose Antonio Bayona, <em>La sociedad de la nieve<\/em>. Otros (algo m\u00e1s mayorcitos), revivir\u00e1n la trama de <em><a href=\"https:\/\/www.youtube.com\/watch?v=pFcaobDW42g\" target=\"_blank\" rel=\"noreferrer noopener nofollow\">Bienvenido, Mister Marshall<\/a> <\/em>(Villar del R\u00edo-Soria, 1953) o el accidente de <a href=\"https:\/\/www.youtube.com\/watch?v=_dabgyhU3tQ\" target=\"_blank\" rel=\"noreferrer noopener nofollow\">Palomares<\/a> (Almer\u00eda, 1966), donde cayeron cuatro bombas nucleares 75 veces m\u00e1s potentes que las de <strong>Hiroshima<\/strong><em>. <\/em>Si me acompa\u00f1as a J\u00e9rez del Marquesado, a los pies de <a href=\"\/casas-rurales\/sierra-nevada\">Sierra Nevada<\/a> (Granada), entender\u00e1s por qu\u00e9.<\/p>\n\n\n\n<p>Torcuato S\u00e1nchez Torres (1932) estaba trabajando en las minas de la localidad cercana de <strong>Alquife<\/strong> aquel 8 de marzo de 1960. Sin embargo, ese no hab\u00eda sido un d\u00eda cualquiera. \u00abCuando acab\u00e9 mi jornada y baj\u00e9 al pueblo hab\u00eda un enorme revuelo. La gente estaba alterada y corr\u00eda de un lado a otro\u00bb. Al parecer, un avi\u00f3n militar norteamericano, que se dirig\u00eda desde N\u00e1poles a la base de Rota (C\u00e1diz), se hab\u00eda estrellado junto al Pic\u00f3n de J\u00e9rez del Marquesado, a 2.600 metros de altitud. <\/p>\n\n\n\n<p><\/p>\n\n\n\n<div class=\"wp-block-buttons is-layout-flex wp-block-buttons-is-layout-flex\">\n<div class=\"wp-block-button\"><a class=\"wp-block-button__link wp-element-button\" href=\"\/casas-rurales\/jerez-del-marquesado\">Alojamientos en J\u00e9rez del Marquesado<\/a><\/div>\n<\/div>\n\n\n\n<p><\/p>\n\n\n\n<p>El hombre, que entonces rondaba los 20 a\u00f1os, recuerda en su conversaci\u00f3n con EscapadaRural que \u00abese d\u00eda hab\u00eda una fuerte ventisca y ca\u00eda aguanieve\u00bb. Eso ayud\u00f3 a evitar la tragedia, ya que la capa de nieve que cubr\u00eda la monta\u00f1a rebaj\u00f3 la contundencia del impacto. Sin embargo, fue el gesto heroico de los vecinos lo que permiti\u00f3 que los 24 ocupantes del aparato saliesen con vida de ese infierno blanco.<\/p>\n\n\n\n<figure class=\"wp-block-image size-full\"><img decoding=\"async\" src=\"https:\/\/www.escapadarural.com\/blog\/wp-content\/uploads\/2024\/10\/avioin-americano_WP_02.webp\" alt=\"\" class=\"wp-image-79823\"\/><figcaption class=\"wp-element-caption\">Avi\u00f3n americano estrellado en Sierra Nevada el 8 de marzo de 1960. Foto expuesta en la Casa de la cultura de J\u00e9rez del Marquesado<\/figcaption><\/figure>\n\n\n\n<h2 class=\"wp-block-heading\" id=\"h-en-busca-de-ayuda-la-empatia-no-entiende-de-idiomas\">En busca de ayuda: la empat\u00eda no entiende de idiomas<\/h2>\n\n\n\n<p>Tras el golpe, el piloto y otro ocupante bajaron hasta el pueblo para pedir ayuda. \u00abHicieron un avi\u00f3n de papel con una hoja de peri\u00f3dico y lo estrellaron, para que la gente los entendiese\u00bb. Aquella misma noche, seis vecinos se lanzaron al monte a salvar a los marines. <\/p>\n\n\n\n<p>Sin duda, es de admirar la proeza de esos hombres que, aunque conoc\u00edan la sierra granadina como la palma de su mano, se aventuraron sin pensar en la magnitud de lo que pod\u00edan encontrarse en el lugar del accidente. Nada m\u00e1s llegar, se organizaron a la perfecci\u00f3n para poner a todo el mundo a salvo. Se dividieron en dos grupos y mientras uno volv\u00eda al pueblo para indicar la posici\u00f3n exacta del aparato, el otro pernoct\u00f3 con las v\u00edctimas. <\/p>\n\n\n\n<figure class=\"wp-block-image size-full\"><img decoding=\"async\" src=\"https:\/\/www.escapadarural.com\/blog\/wp-content\/uploads\/2024\/10\/captura-de-pantalla-2024-07-23-a-las-20.08.58-1_WP_13.webp\" alt=\"Momento de la evacuaci\u00f3n de Roncone, el herido de mayor consideraci\u00f3n. Foto cedida por el Ayuntamiento de J\u00e9rez del Marquesado\" class=\"wp-image-79827\"\/><figcaption class=\"wp-element-caption\">Momento de la evacuaci\u00f3n de Roncone, el herido de mayor consideraci\u00f3n. Foto cedida por el Ayuntamiento de J\u00e9rez del Marquesado<\/figcaption><\/figure>\n\n\n\n<p>Los trayectos, monta\u00f1a arriba y monta\u00f1a abajo, fueron toda una odisea. Torcuato, que est\u00e1 a punto de cumplir 92 a\u00f1os, no olvida el relato de los rescatadores, explicando c\u00f3mo la nieve los engull\u00eda hasta el cuello. \u00abTen\u00edan que andar desenterr\u00e1ndose unos a otros para seguir avanzando\u00bb. Sin embargo, rendirse no era una opci\u00f3n para ellos, porque hab\u00eda muchos hombres a los que salvar all\u00ed arriba. Al d\u00eda siguiente, decenas de personas se sumaron al rescate, que dur\u00f3 varios d\u00edas. Primero bajaron a los once marines que presentaban heridas m\u00e1s leves y despu\u00e9s al resto. <\/p>\n\n\n\n<h2 class=\"wp-block-heading\" id=\"h-empiezan-a-llegar-personalidades-a-jerez\">Empiezan a llegar personalidades a J\u00e9rez<\/h2>\n\n\n\n<p>Y aqu\u00ed es cuando a uno le viene a la memoria la visita del famoso Mister Marshall a <a href=\"\/casas-rurales\/villar-del-rio\">Villar del R\u00edo<\/a> (Soria) donde, al acabar la <strong>II&nbsp;Guerra&nbsp;Mundial<\/strong>, se mont\u00f3 un recibimiento por todo lo alto para unos diplom\u00e1ticos americanos que podr\u00edan traer riqueza y prosperidad al pueblo.<\/p>\n\n\n\n<p>Pues al igual que en esa historia dirigida por <strong>Luis Garc\u00eda Berlanga<\/strong>, el pueblo de J\u00e9rez del Marquesado visti\u00f3 de gala sus balcones para recibir a las m\u00e1ximas autoridades de Granada, del Ej\u00e9rcito espa\u00f1ol y, por supuesto, del Ej\u00e9rcito norteamericano. Este \u00faltimo, en se\u00f1al de agradecimiento, don\u00f3 el avi\u00f3n accidentado a la localidad granadina. Pero no todo qued\u00f3 ah\u00ed, porque el propio pueblo americano quiso mantener el v\u00ednculo con los vecinos de J\u00e9rez, a quienes estuvieron mandando v\u00edveres y ropa durante a\u00f1os. <\/p>\n\n\n\n<figure class=\"wp-block-gallery has-nested-images columns-default is-cropped wp-block-gallery-1 is-layout-flex wp-block-gallery-is-layout-flex\">\n<figure class=\"wp-block-image size-full\"><img decoding=\"async\" data-id=\"79828\" src=\"https:\/\/www.escapadarural.com\/blog\/wp-content\/uploads\/2024\/10\/visita-jeerez_wp_04_wp_10_WP_19.webp\" alt=\"\" class=\"wp-image-79828\"\/><figcaption class=\"wp-element-caption\">Visita del embajador americano a J\u00e9rez del Marquesado. Foto del Ayuntamiento de J\u00e9rez del Marquesado<\/figcaption><\/figure>\n\n\n\n<figure class=\"wp-block-image size-full\"><img decoding=\"async\" data-id=\"79830\" src=\"https:\/\/www.escapadarural.com\/blog\/wp-content\/uploads\/2024\/10\/captura-de-pantalla-2024-07-23-a-las-20.13.42_WP_15.webp\" alt=\"\" class=\"wp-image-79830\"\/><figcaption class=\"wp-element-caption\">Evacuaci\u00f3n de los marines accidentados. Cedida por el Ayuntamiento de J\u00e9rez del Marquesado<\/figcaption><\/figure>\n<\/figure>\n\n\n\n<h2 class=\"wp-block-heading\" id=\"h-un-reconocimiento-que-les-cambio-la-vida\">Un reconocimiento que les cambi\u00f3 la vida<\/h2>\n\n\n\n<p>Igual te est\u00e1s preguntando <strong>para qu\u00e9 quer\u00eda J\u00e9rez del Marquesado un aparato estrellado y semi enterrado en la nieve<\/strong>. Pues bien, seg\u00fan han explicado fuentes municipales a EscapadaRural, los vecinos esperaron a que llegase el deshielo de las nieves para bajar el avi\u00f3n pieza a pieza, con la ayuda de sus mulas.  <\/p>\n\n\n\n<p>Y por toda esa chatarra se hicieron con m\u00e1s de 1.800.000 de las antiguas pesetas. \u00ab<strong>Tras la donaci\u00f3n, el pueblo tuvo agua potable<\/strong>\u00bb, cuentan desde el Ayuntamiento de J\u00e9rez del Marquesado.<\/p>\n\n\n\n<h2 class=\"wp-block-heading\" id=\"h-vive-el-rescate-en-primera-persona\">Vive el rescate en primera persona<\/h2>\n\n\n\n<p>Seguro que todav\u00eda est\u00e1s asimilando <strong>la historia de la cat\u00e1strofe que no fue <\/strong>y quiz\u00e1s te has quedado con ganas de conocer m\u00e1s detalles de la haza\u00f1a de aquellos hombres, que se jugaron la vida para salvar a los marines. Pues bien, cada primer domingo de septiembre, la localidad granadina organiza una ruta solidaria que emula el recorrido realizado durante el rescate de aquel 8 de marzo de 1960. <\/p>\n\n\n\n<figure class=\"wp-block-image size-full\"><img decoding=\"async\" src=\"https:\/\/www.escapadarural.com\/blog\/wp-content\/uploads\/2024\/10\/ruta-solidaria-el-avion.-foto-de-francisco-jose-laprida.-cedida-por-ayuntamiento-de-jerez_WP_01.webp\" alt=\"\" class=\"wp-image-80141\"\/><figcaption class=\"wp-element-caption\">Ruta solidaria &#8216;El avi\u00f3n&#8217; (2019). Foto Francisco Jos\u00e9 Laprida. Cedida por Ayuntamiento de J\u00e9rez del Marquesado<\/figcaption><\/figure>\n\n\n\n<h2 class=\"wp-block-heading\" id=\"h-mucho-mas-en-jerez-del-marquesado\">Mucho m\u00e1s en J\u00e9rez del Marquesado<\/h2>\n\n\n\n<p>Y aunque el protagonismo de este art\u00edculo se lo ha llevado el accidente y posterior rescate del avi\u00f3n militar norteamericano, no podemos despedirnos sin ensalzar la belleza de este municipio granadino e invitarte a que lo a\u00f1adas en tu lista de destinos para una escapada.<\/p>\n\n\n\n<p>A modo de resumen, diremos que adem\u00e1s de estar en el mism\u00edsimo coraz\u00f3n de Sierra Nevada, en J\u00e9rez del Marquesado encontrar\u00e1s un casco urbano que te atrapar\u00e1 por sus <strong>casas moriscas<\/strong>, sus molinos y los restos de<strong> fortificaciones medievales<\/strong> que permanecen en la zona. Adem\u00e1s, la localidad alberga una de las iglesias mud\u00e9jares m\u00e1s admiradas de la comarca. Junto a ella, hallar\u00e1s restos de ba\u00f1os \u00e1rabes y de una fortaleza de la <strong>\u00e9poca nazar\u00ed<\/strong>.<\/p>\n\n\n\n<figure class=\"wp-block-gallery has-nested-images columns-default is-cropped wp-block-gallery-2 is-layout-flex wp-block-gallery-is-layout-flex\">\n<figure class=\"wp-block-image size-large\"><img decoding=\"async\" data-id=\"80132\" src=\"https:\/\/www.escapadarural.com\/blog\/wp-content\/uploads\/2024\/10\/adobestock_222822429_wp_01_WP_02.webp\" alt=\"\" class=\"wp-image-80132\"\/><figcaption class=\"wp-element-caption\">Vista de J\u00e9rez del Marquesado con Sierra Nevada de fondo. Por Jorge Anastacio<\/figcaption><\/figure>\n\n\n\n<figure class=\"wp-block-image size-large\"><img decoding=\"async\" data-id=\"80133\" src=\"https:\/\/www.escapadarural.com\/blog\/wp-content\/uploads\/2024\/10\/adobestock_479373433_WP_04-683x1024-1.webp\" alt=\"\" class=\"wp-image-80133\"\/><figcaption class=\"wp-element-caption\">Torre de la alquer\u00eda Al-Qasr-Sened en Jerez del Marquesado, Granada. Por Agust\u00edn<\/figcaption><\/figure>\n\n\n\n<figure class=\"wp-block-image size-large\"><img decoding=\"async\" data-id=\"80134\" src=\"https:\/\/www.escapadarural.com\/blog\/wp-content\/uploads\/2024\/10\/adobestock_479375561_wp_03_WP_07-683x1024-1.webp\" alt=\"\" class=\"wp-image-80134\"\/><figcaption class=\"wp-element-caption\">Ermita de San Ant\u00f3n en Jerez del Marquesado, Granada. Por Agust\u00edn<\/figcaption><\/figure>\n\n\n\n<figure class=\"wp-block-image size-large\"><img decoding=\"async\" data-id=\"80135\" src=\"https:\/\/www.escapadarural.com\/blog\/wp-content\/uploads\/2024\/10\/adobestock_335410420-1_WP_03.webp\" alt=\"\" class=\"wp-image-80135\"\/><figcaption class=\"wp-element-caption\">T\u00edpica calle de casitas blancas en J\u00e9rez del Marquesado (Granada). Por Jorge Anastacio<\/figcaption><\/figure>\n<\/figure>\n\n\n\n<h2 class=\"wp-block-heading\" id=\"h-una-despedida-como-dios-manda\">Una despedida como Dios manda<\/h2>\n\n\n\n<p>Y si pensabas que nos \u00edbamos a ir sin hablar de comida, es que todav\u00eda no has tenido la gran suerte de visitar Granada. <\/p>\n\n\n\n<p>La historia de J\u00e9rez del Marquesado ha dado como resultado una amplia gama de comidas t\u00edpicas. Entre ellas, las <strong>migas de pan acompa\u00f1adas de fruta fresca<\/strong>, el rin-ran de bacalao, las gachas de harina de ma\u00edz o el <strong>empedrao<\/strong>. Tambi\u00e9n postres como la<strong> leche frita<\/strong> o los pesti\u00f1os, y licores como la mistela, hecha con zumo de uva, aguardiente y especias de la zona.<\/p>\n\n\n\n<p>Y ahora s\u00ed, con el coraz\u00f3n y el est\u00f3mago llenos nos despedimos con la esperanza de haber despertado tu inter\u00e9s y que te animes a visitar este pueblito de la sierra granadina o, como dice Torcuato, \u00aba ese pueblo de <em>Gran\u00e1<\/em>, al que no le falta de <em>n\u00e1<\/em>\u00bb.<\/p>\n","protected":false},"excerpt":{"rendered":"<p>Los vecinos de J\u00e9rez del Marquesado (Granada) evitaron una cat\u00e1strofe, despu\u00e9s de que un avi\u00f3n militar norteamericano se estrellase a 2.600 metros de altitud el 8 de marzo de 1960<br \/>\n. <\/p>\n","protected":false},"author":156,"featured_media":90887,"comment_status":"open","ping_status":"open","sticky":false,"template":"","format":"standard","meta":{"_acf_changed":false,"om_disable_all_campaigns":false,"footnotes":""},"categories":[191],"tags":[338,440,5780,1456],"class_list":["post-84055","post","type-post","status-publish","format-standard","has-post-thumbnail","hentry","category-destinos","tag-que-ver-en-granada","tag-historias-y-curiosidades","tag-jerez-del-marquesado","tag-sierra-nevada"],"acf":[],"featured_image_src":"https:\/\/www.escapadarural.com\/blog\/wp-content\/uploads\/2024\/10\/adobestock_93345182-1_WP_01.webp","author_info":{"display_name":"Ver\u00f3nica G\u00f3mez","author_link":"https:\/\/www.escapadarural.com\/blog\/autor\/veronica-gomez\/"},"yoast_head":"<!-- This site is optimized with the Yoast SEO plugin v27.5 - https:\/\/yoast.com\/product\/yoast-seo-wordpress\/ -->\n<title>Los h\u00e9roes que evitaron una cat\u00e1strofe a\u00e9rea en J\u00e9rez del Marquesado - EscapadaRural<\/title>\n<meta name=\"robots\" content=\"index, follow, max-snippet:-1, max-image-preview:large, max-video-preview:-1\" \/>\n<link rel=\"canonical\" href=\"https:\/\/www.escapadarural.com\/blog\/los-heroes-de-jerez-del-marquesado\/\" \/>\n<meta property=\"og:locale\" content=\"es_ES\" \/>\n<meta property=\"og:type\" content=\"article\" \/>\n<meta property=\"og:title\" content=\"Los h\u00e9roes que evitaron una cat\u00e1strofe a\u00e9rea en J\u00e9rez del Marquesado - EscapadaRural\" \/>\n<meta property=\"og:description\" content=\"Los vecinos de J\u00e9rez del Marquesado (Granada) evitaron una cat\u00e1strofe, despu\u00e9s de que un avi\u00f3n militar norteamericano se estrellase a 2.600 metros de altitud el 8 de marzo de 1960 .\" \/>\n<meta property=\"og:url\" content=\"https:\/\/www.escapadarural.com\/blog\/los-heroes-de-jerez-del-marquesado\/\" \/>\n<meta property=\"og:site_name\" content=\"Magazine de viajes de EscapadaRural\" \/>\n<meta property=\"article:publisher\" content=\"https:\/\/www.facebook.com\/escapadarural\" \/>\n<meta property=\"article:published_time\" content=\"2024-07-31T06:00:00+00:00\" \/>\n<meta property=\"article:modified_time\" content=\"2025-04-15T07:28:13+00:00\" \/>\n<meta property=\"og:image\" content=\"https:\/\/www.escapadarural.com\/blog\/wp-content\/uploads\/2024\/10\/adobestock_93345182-1_WP_01.webp\" \/>\n\t<meta property=\"og:image:width\" content=\"1024\" \/>\n\t<meta property=\"og:image:height\" content=\"684\" \/>\n\t<meta property=\"og:image:type\" content=\"image\/webp\" \/>\n<meta name=\"author\" content=\"Ver\u00f3nica G\u00f3mez\" \/>\n<meta name=\"twitter:card\" content=\"summary_large_image\" \/>\n<meta name=\"twitter:label1\" content=\"Escrito por\" \/>\n\t<meta name=\"twitter:data1\" content=\"Ver\u00f3nica G\u00f3mez\" \/>\n\t<meta name=\"twitter:label2\" content=\"Tiempo de lectura\" \/>\n\t<meta name=\"twitter:data2\" content=\"8 minutos\" \/>\n<script type=\"application\/ld+json\" class=\"yoast-schema-graph\">{\"@context\":\"https:\\\/\\\/schema.org\",\"@graph\":[{\"@type\":\"Article\",\"@id\":\"https:\\\/\\\/www.escapadarural.com\\\/blog\\\/los-heroes-de-jerez-del-marquesado\\\/#article\",\"isPartOf\":{\"@id\":\"https:\\\/\\\/www.escapadarural.com\\\/blog\\\/los-heroes-de-jerez-del-marquesado\\\/\"},\"author\":{\"name\":\"Ver\u00f3nica G\u00f3mez\",\"@id\":\"https:\\\/\\\/www.escapadarural.com\\\/blog\\\/#\\\/schema\\\/person\\\/4140cb320c90a6ca94d284d6884f5b4e\"},\"headline\":\"Los h\u00e9roes que evitaron una cat\u00e1strofe a\u00e9rea en J\u00e9rez del Marquesado\",\"datePublished\":\"2024-07-31T06:00:00+00:00\",\"dateModified\":\"2025-04-15T07:28:13+00:00\",\"mainEntityOfPage\":{\"@id\":\"https:\\\/\\\/www.escapadarural.com\\\/blog\\\/los-heroes-de-jerez-del-marquesado\\\/\"},\"wordCount\":1301,\"commentCount\":0,\"publisher\":{\"@id\":\"https:\\\/\\\/www.escapadarural.com\\\/blog\\\/#organization\"},\"image\":{\"@id\":\"https:\\\/\\\/www.escapadarural.com\\\/blog\\\/los-heroes-de-jerez-del-marquesado\\\/#primaryimage\"},\"thumbnailUrl\":\"https:\\\/\\\/www.escapadarural.com\\\/blog\\\/wp-content\\\/uploads\\\/2024\\\/10\\\/adobestock_93345182-1_WP_01.webp\",\"keywords\":[\"Granada\",\"Historias y Curiosidades\",\"J\u00e9rez del Marquesado\",\"Sierra Nevada\"],\"articleSection\":[\"Destinos\"],\"inLanguage\":\"es\",\"potentialAction\":[{\"@type\":\"CommentAction\",\"name\":\"Comment\",\"target\":[\"https:\\\/\\\/www.escapadarural.com\\\/blog\\\/los-heroes-de-jerez-del-marquesado\\\/#respond\"]}]},{\"@type\":\"WebPage\",\"@id\":\"https:\\\/\\\/www.escapadarural.com\\\/blog\\\/los-heroes-de-jerez-del-marquesado\\\/\",\"url\":\"https:\\\/\\\/www.escapadarural.com\\\/blog\\\/los-heroes-de-jerez-del-marquesado\\\/\",\"name\":\"Los h\u00e9roes que evitaron una cat\u00e1strofe a\u00e9rea en J\u00e9rez del Marquesado - EscapadaRural\",\"isPartOf\":{\"@id\":\"https:\\\/\\\/www.escapadarural.com\\\/blog\\\/#website\"},\"primaryImageOfPage\":{\"@id\":\"https:\\\/\\\/www.escapadarural.com\\\/blog\\\/los-heroes-de-jerez-del-marquesado\\\/#primaryimage\"},\"image\":{\"@id\":\"https:\\\/\\\/www.escapadarural.com\\\/blog\\\/los-heroes-de-jerez-del-marquesado\\\/#primaryimage\"},\"thumbnailUrl\":\"https:\\\/\\\/www.escapadarural.com\\\/blog\\\/wp-content\\\/uploads\\\/2024\\\/10\\\/adobestock_93345182-1_WP_01.webp\",\"datePublished\":\"2024-07-31T06:00:00+00:00\",\"dateModified\":\"2025-04-15T07:28:13+00:00\",\"breadcrumb\":{\"@id\":\"https:\\\/\\\/www.escapadarural.com\\\/blog\\\/los-heroes-de-jerez-del-marquesado\\\/#breadcrumb\"},\"inLanguage\":\"es\",\"potentialAction\":[{\"@type\":\"ReadAction\",\"target\":[\"https:\\\/\\\/www.escapadarural.com\\\/blog\\\/los-heroes-de-jerez-del-marquesado\\\/\"]}]},{\"@type\":\"ImageObject\",\"inLanguage\":\"es\",\"@id\":\"https:\\\/\\\/www.escapadarural.com\\\/blog\\\/los-heroes-de-jerez-del-marquesado\\\/#primaryimage\",\"url\":\"https:\\\/\\\/www.escapadarural.com\\\/blog\\\/wp-content\\\/uploads\\\/2024\\\/10\\\/adobestock_93345182-1_WP_01.webp\",\"contentUrl\":\"https:\\\/\\\/www.escapadarural.com\\\/blog\\\/wp-content\\\/uploads\\\/2024\\\/10\\\/adobestock_93345182-1_WP_01.webp\",\"width\":1024,\"height\":684,\"caption\":\"Un grupo de casas blancas y beige con tejados de tejas rojas se asienta sobre una ladera verde y arbolada bajo un cielo azul despejado.\"},{\"@type\":\"BreadcrumbList\",\"@id\":\"https:\\\/\\\/www.escapadarural.com\\\/blog\\\/los-heroes-de-jerez-del-marquesado\\\/#breadcrumb\",\"itemListElement\":[{\"@type\":\"ListItem\",\"position\":1,\"name\":\"Inicio\",\"item\":\"https:\\\/\\\/www.escapadarural.com\\\/blog\\\/\"},{\"@type\":\"ListItem\",\"position\":2,\"name\":\"Destinos\",\"item\":\"https:\\\/\\\/www.escapadarural.com\\\/blog\\\/categoria\\\/destinos\\\/\"},{\"@type\":\"ListItem\",\"position\":3,\"name\":\"Los h\u00e9roes que evitaron una cat\u00e1strofe a\u00e9rea en J\u00e9rez del Marquesado\"}]},{\"@type\":\"WebSite\",\"@id\":\"https:\\\/\\\/www.escapadarural.com\\\/blog\\\/#website\",\"url\":\"https:\\\/\\\/www.escapadarural.com\\\/blog\\\/\",\"name\":\"Blog de viajes | turismo rural, alojamientos e inspiraci\u00f3n\",\"description\":\"Alojamientos rurales e inspiraci\u00f3n para tus escapadas\",\"publisher\":{\"@id\":\"https:\\\/\\\/www.escapadarural.com\\\/blog\\\/#organization\"},\"alternateName\":\"Magazine de viajes de EscapadaRural\",\"potentialAction\":[{\"@type\":\"SearchAction\",\"target\":{\"@type\":\"EntryPoint\",\"urlTemplate\":\"https:\\\/\\\/www.escapadarural.com\\\/blog\\\/?s={search_term_string}\"},\"query-input\":{\"@type\":\"PropertyValueSpecification\",\"valueRequired\":true,\"valueName\":\"search_term_string\"}}],\"inLanguage\":\"es\"},{\"@type\":\"Organization\",\"@id\":\"https:\\\/\\\/www.escapadarural.com\\\/blog\\\/#organization\",\"name\":\"EscapadaRural\",\"url\":\"https:\\\/\\\/www.escapadarural.com\\\/blog\\\/\",\"logo\":{\"@type\":\"ImageObject\",\"inLanguage\":\"es\",\"@id\":\"https:\\\/\\\/www.escapadarural.com\\\/blog\\\/#\\\/schema\\\/logo\\\/image\\\/\",\"url\":\"https:\\\/\\\/www.escapadarural.com\\\/blog\\\/wp-content\\\/uploads\\\/2024\\\/10\\\/cropped-cropped-escapada-rural-icon-mag-3.png\",\"contentUrl\":\"https:\\\/\\\/www.escapadarural.com\\\/blog\\\/wp-content\\\/uploads\\\/2024\\\/10\\\/cropped-cropped-escapada-rural-icon-mag-3.png\",\"width\":512,\"height\":512,\"caption\":\"EscapadaRural\"},\"image\":{\"@id\":\"https:\\\/\\\/www.escapadarural.com\\\/blog\\\/#\\\/schema\\\/logo\\\/image\\\/\"},\"sameAs\":[\"https:\\\/\\\/www.facebook.com\\\/escapadarural\",\"https:\\\/\\\/www.instagram.com\\\/escapadarural\\\/\",\"https:\\\/\\\/www.youtube.com\\\/@escapadaruralcom\"]},{\"@type\":\"Person\",\"@id\":\"https:\\\/\\\/www.escapadarural.com\\\/blog\\\/#\\\/schema\\\/person\\\/4140cb320c90a6ca94d284d6884f5b4e\",\"name\":\"Ver\u00f3nica G\u00f3mez\",\"image\":{\"@type\":\"ImageObject\",\"inLanguage\":\"es\",\"@id\":\"https:\\\/\\\/secure.gravatar.com\\\/avatar\\\/a14c3f7acd3c2787ced9245c8239291aa98d78e70607ab29f4388e265c55669f?s=96&d=mm&r=g\",\"url\":\"https:\\\/\\\/secure.gravatar.com\\\/avatar\\\/a14c3f7acd3c2787ced9245c8239291aa98d78e70607ab29f4388e265c55669f?s=96&d=mm&r=g\",\"contentUrl\":\"https:\\\/\\\/secure.gravatar.com\\\/avatar\\\/a14c3f7acd3c2787ced9245c8239291aa98d78e70607ab29f4388e265c55669f?s=96&d=mm&r=g\",\"caption\":\"Ver\u00f3nica G\u00f3mez\"},\"description\":\"Periodista, madre de Hugo y Enzo a tiempo completo e investigadora incansable, dir\u00eda que hasta cuando duermo. Antes en Cr\u00f3nica Global, El Liberal y El Mundo Catalunya\",\"url\":\"https:\\\/\\\/www.escapadarural.com\\\/blog\\\/autor\\\/veronica-gomez\\\/\"}]}<\/script>\n<!-- \/ Yoast SEO plugin. -->","yoast_head_json":{"title":"Los h\u00e9roes que evitaron una cat\u00e1strofe a\u00e9rea en J\u00e9rez del Marquesado - EscapadaRural","robots":{"index":"index","follow":"follow","max-snippet":"max-snippet:-1","max-image-preview":"max-image-preview:large","max-video-preview":"max-video-preview:-1"},"canonical":"https:\/\/www.escapadarural.com\/blog\/los-heroes-de-jerez-del-marquesado\/","og_locale":"es_ES","og_type":"article","og_title":"Los h\u00e9roes que evitaron una cat\u00e1strofe a\u00e9rea en J\u00e9rez del Marquesado - EscapadaRural","og_description":"Los vecinos de J\u00e9rez del Marquesado (Granada) evitaron una cat\u00e1strofe, despu\u00e9s de que un avi\u00f3n militar norteamericano se estrellase a 2.600 metros de altitud el 8 de marzo de 1960 .","og_url":"https:\/\/www.escapadarural.com\/blog\/los-heroes-de-jerez-del-marquesado\/","og_site_name":"Magazine de viajes de EscapadaRural","article_publisher":"https:\/\/www.facebook.com\/escapadarural","article_published_time":"2024-07-31T06:00:00+00:00","article_modified_time":"2025-04-15T07:28:13+00:00","og_image":[{"width":1024,"height":684,"url":"https:\/\/www.escapadarural.com\/blog\/wp-content\/uploads\/2024\/10\/adobestock_93345182-1_WP_01.webp","type":"image\/webp"}],"author":"Ver\u00f3nica G\u00f3mez","twitter_card":"summary_large_image","twitter_misc":{"Escrito por":"Ver\u00f3nica G\u00f3mez","Tiempo de lectura":"8 minutos"},"schema":{"@context":"https:\/\/schema.org","@graph":[{"@type":"Article","@id":"https:\/\/www.escapadarural.com\/blog\/los-heroes-de-jerez-del-marquesado\/#article","isPartOf":{"@id":"https:\/\/www.escapadarural.com\/blog\/los-heroes-de-jerez-del-marquesado\/"},"author":{"name":"Ver\u00f3nica G\u00f3mez","@id":"https:\/\/www.escapadarural.com\/blog\/#\/schema\/person\/4140cb320c90a6ca94d284d6884f5b4e"},"headline":"Los h\u00e9roes que evitaron una cat\u00e1strofe a\u00e9rea en J\u00e9rez del Marquesado","datePublished":"2024-07-31T06:00:00+00:00","dateModified":"2025-04-15T07:28:13+00:00","mainEntityOfPage":{"@id":"https:\/\/www.escapadarural.com\/blog\/los-heroes-de-jerez-del-marquesado\/"},"wordCount":1301,"commentCount":0,"publisher":{"@id":"https:\/\/www.escapadarural.com\/blog\/#organization"},"image":{"@id":"https:\/\/www.escapadarural.com\/blog\/los-heroes-de-jerez-del-marquesado\/#primaryimage"},"thumbnailUrl":"https:\/\/www.escapadarural.com\/blog\/wp-content\/uploads\/2024\/10\/adobestock_93345182-1_WP_01.webp","keywords":["Granada","Historias y Curiosidades","J\u00e9rez del Marquesado","Sierra Nevada"],"articleSection":["Destinos"],"inLanguage":"es","potentialAction":[{"@type":"CommentAction","name":"Comment","target":["https:\/\/www.escapadarural.com\/blog\/los-heroes-de-jerez-del-marquesado\/#respond"]}]},{"@type":"WebPage","@id":"https:\/\/www.escapadarural.com\/blog\/los-heroes-de-jerez-del-marquesado\/","url":"https:\/\/www.escapadarural.com\/blog\/los-heroes-de-jerez-del-marquesado\/","name":"Los h\u00e9roes que evitaron una cat\u00e1strofe a\u00e9rea en J\u00e9rez del Marquesado - EscapadaRural","isPartOf":{"@id":"https:\/\/www.escapadarural.com\/blog\/#website"},"primaryImageOfPage":{"@id":"https:\/\/www.escapadarural.com\/blog\/los-heroes-de-jerez-del-marquesado\/#primaryimage"},"image":{"@id":"https:\/\/www.escapadarural.com\/blog\/los-heroes-de-jerez-del-marquesado\/#primaryimage"},"thumbnailUrl":"https:\/\/www.escapadarural.com\/blog\/wp-content\/uploads\/2024\/10\/adobestock_93345182-1_WP_01.webp","datePublished":"2024-07-31T06:00:00+00:00","dateModified":"2025-04-15T07:28:13+00:00","breadcrumb":{"@id":"https:\/\/www.escapadarural.com\/blog\/los-heroes-de-jerez-del-marquesado\/#breadcrumb"},"inLanguage":"es","potentialAction":[{"@type":"ReadAction","target":["https:\/\/www.escapadarural.com\/blog\/los-heroes-de-jerez-del-marquesado\/"]}]},{"@type":"ImageObject","inLanguage":"es","@id":"https:\/\/www.escapadarural.com\/blog\/los-heroes-de-jerez-del-marquesado\/#primaryimage","url":"https:\/\/www.escapadarural.com\/blog\/wp-content\/uploads\/2024\/10\/adobestock_93345182-1_WP_01.webp","contentUrl":"https:\/\/www.escapadarural.com\/blog\/wp-content\/uploads\/2024\/10\/adobestock_93345182-1_WP_01.webp","width":1024,"height":684,"caption":"Un grupo de casas blancas y beige con tejados de tejas rojas se asienta sobre una ladera verde y arbolada bajo un cielo azul despejado."},{"@type":"BreadcrumbList","@id":"https:\/\/www.escapadarural.com\/blog\/los-heroes-de-jerez-del-marquesado\/#breadcrumb","itemListElement":[{"@type":"ListItem","position":1,"name":"Inicio","item":"https:\/\/www.escapadarural.com\/blog\/"},{"@type":"ListItem","position":2,"name":"Destinos","item":"https:\/\/www.escapadarural.com\/blog\/categoria\/destinos\/"},{"@type":"ListItem","position":3,"name":"Los h\u00e9roes que evitaron una cat\u00e1strofe a\u00e9rea en J\u00e9rez del Marquesado"}]},{"@type":"WebSite","@id":"https:\/\/www.escapadarural.com\/blog\/#website","url":"https:\/\/www.escapadarural.com\/blog\/","name":"Blog de viajes | turismo rural, alojamientos e inspiraci\u00f3n","description":"Alojamientos rurales e inspiraci\u00f3n para tus escapadas","publisher":{"@id":"https:\/\/www.escapadarural.com\/blog\/#organization"},"alternateName":"Magazine de viajes de EscapadaRural","potentialAction":[{"@type":"SearchAction","target":{"@type":"EntryPoint","urlTemplate":"https:\/\/www.escapadarural.com\/blog\/?s={search_term_string}"},"query-input":{"@type":"PropertyValueSpecification","valueRequired":true,"valueName":"search_term_string"}}],"inLanguage":"es"},{"@type":"Organization","@id":"https:\/\/www.escapadarural.com\/blog\/#organization","name":"EscapadaRural","url":"https:\/\/www.escapadarural.com\/blog\/","logo":{"@type":"ImageObject","inLanguage":"es","@id":"https:\/\/www.escapadarural.com\/blog\/#\/schema\/logo\/image\/","url":"https:\/\/www.escapadarural.com\/blog\/wp-content\/uploads\/2024\/10\/cropped-cropped-escapada-rural-icon-mag-3.png","contentUrl":"https:\/\/www.escapadarural.com\/blog\/wp-content\/uploads\/2024\/10\/cropped-cropped-escapada-rural-icon-mag-3.png","width":512,"height":512,"caption":"EscapadaRural"},"image":{"@id":"https:\/\/www.escapadarural.com\/blog\/#\/schema\/logo\/image\/"},"sameAs":["https:\/\/www.facebook.com\/escapadarural","https:\/\/www.instagram.com\/escapadarural\/","https:\/\/www.youtube.com\/@escapadaruralcom"]},{"@type":"Person","@id":"https:\/\/www.escapadarural.com\/blog\/#\/schema\/person\/4140cb320c90a6ca94d284d6884f5b4e","name":"Ver\u00f3nica G\u00f3mez","image":{"@type":"ImageObject","inLanguage":"es","@id":"https:\/\/secure.gravatar.com\/avatar\/a14c3f7acd3c2787ced9245c8239291aa98d78e70607ab29f4388e265c55669f?s=96&d=mm&r=g","url":"https:\/\/secure.gravatar.com\/avatar\/a14c3f7acd3c2787ced9245c8239291aa98d78e70607ab29f4388e265c55669f?s=96&d=mm&r=g","contentUrl":"https:\/\/secure.gravatar.com\/avatar\/a14c3f7acd3c2787ced9245c8239291aa98d78e70607ab29f4388e265c55669f?s=96&d=mm&r=g","caption":"Ver\u00f3nica G\u00f3mez"},"description":"Periodista, madre de Hugo y Enzo a tiempo completo e investigadora incansable, dir\u00eda que hasta cuando duermo. Antes en Cr\u00f3nica Global, El Liberal y El Mundo Catalunya","url":"https:\/\/www.escapadarural.com\/blog\/autor\/veronica-gomez\/"}]}},"_links":{"self":[{"href":"https:\/\/www.escapadarural.com\/blog\/wp-json\/wp\/v2\/posts\/84055","targetHints":{"allow":["GET"]}}],"collection":[{"href":"https:\/\/www.escapadarural.com\/blog\/wp-json\/wp\/v2\/posts"}],"about":[{"href":"https:\/\/www.escapadarural.com\/blog\/wp-json\/wp\/v2\/types\/post"}],"author":[{"embeddable":true,"href":"https:\/\/www.escapadarural.com\/blog\/wp-json\/wp\/v2\/users\/156"}],"replies":[{"embeddable":true,"href":"https:\/\/www.escapadarural.com\/blog\/wp-json\/wp\/v2\/comments?post=84055"}],"version-history":[{"count":0,"href":"https:\/\/www.escapadarural.com\/blog\/wp-json\/wp\/v2\/posts\/84055\/revisions"}],"wp:featuredmedia":[{"embeddable":true,"href":"https:\/\/www.escapadarural.com\/blog\/wp-json\/wp\/v2\/media\/90887"}],"wp:attachment":[{"href":"https:\/\/www.escapadarural.com\/blog\/wp-json\/wp\/v2\/media?parent=84055"}],"wp:term":[{"taxonomy":"category","embeddable":true,"href":"https:\/\/www.escapadarural.com\/blog\/wp-json\/wp\/v2\/categories?post=84055"},{"taxonomy":"post_tag","embeddable":true,"href":"https:\/\/www.escapadarural.com\/blog\/wp-json\/wp\/v2\/tags?post=84055"}],"curies":[{"name":"wp","href":"https:\/\/api.w.org\/{rel}","templated":true}]}}