{"id":8508,"date":"2017-06-21T12:55:03","date_gmt":"2017-06-21T11:55:03","guid":{"rendered":"http:\/\/15.188.81.248\/2017\/06\/21\/aguilas-y-mazarron-dos-imprescindibles-de-la-costa-calida\/"},"modified":"2026-02-06T10:45:52","modified_gmt":"2026-02-06T09:45:52","slug":"aguilas-y-mazarron-dos-imprescindibles-de-la-costa-calida","status":"publish","type":"post","link":"https:\/\/www.escapadarural.com\/blog\/aguilas-y-mazarron-dos-imprescindibles-de-la-costa-calida\/","title":{"rendered":"\u00c1guilas y Mazarr\u00f3n, dos imprescindibles de la Costa C\u00e1lida"},"content":{"rendered":"\n<figure class=\"wp-block-image size-large\"><a href=\"https:\/\/www.escapadarural.com\/blog\/wp-content\/uploads\/2017\/06\/Bolnuevo-1-scaled.jpg\"><img decoding=\"async\" src=\"https:\/\/www.escapadarural.com\/blog\/wp-content\/uploads\/2017\/06\/Bolnuevo-1-1024x684.jpg\" alt=\"Bolnuevo\" class=\"wp-image-28414\"\/><\/a><figcaption class=\"wp-element-caption\">Bolnuevo. Fuente: kamira777<\/figcaption><\/figure>\n\n\n\n<p>Hay tantas calas en la costa murciana que uno podr\u00eda llegar a alguna s\u00f3lo para bautizarla. Desde el pueblo pesquero de \u00c1guilas hasta las cambiantes dunas de la playa de El Moj\u00f3n de San Pedro del Pinatar se disponen kil\u00f3metros solitarios de playas y calas e historias de batallas y el olor marinero de los platos tradicionales de las familias de pescadores.<\/p>\n\n\n\n<p>Se le conoce como la Costa C\u00e1lida: posee 300 d\u00edas de Sol al a\u00f1o y se mantiene en una temperatura media de 19\u00baC. No es s\u00f3lo la Costa C\u00e1lida, sino tambi\u00e9n la Costa Ideal del Mediterr\u00e1neo.<\/p>\n\n\n\n<p>En este art\u00edculo te contamos c\u00f3mo son y qu\u00e9 hacer en \u00c1guilas y en Mazarr\u00f3n, dos zonas meridionales de la Costa C\u00e1lida entre las que se encuentra el Parque Regional Cabo Cope-Puntas de Calnegre.<\/p>\n\n\n\n<!--more-->\n\n\n\n<h2 class=\"wp-block-heading title-rute\" id=\"h-aguilas-tradicion-pesquera-e-ilustracion\">\u00c1guilas, tradici\u00f3n pesquera e Ilustraci\u00f3n<\/h2>\n\n\n\n<figure class=\"wp-block-image size-large\"><a href=\"https:\/\/www.escapadarural.com\/blog\/wp-content\/uploads\/2017\/06\/Murcia-221-1-scaled.jpg\"><img decoding=\"async\" src=\"https:\/\/www.escapadarural.com\/blog\/wp-content\/uploads\/2017\/06\/Murcia-221-1-1024x678.jpg\" alt=\"Murcia\" class=\"wp-image-28413\"\/><\/a><\/figure>\n\n\n\n<p>\u00c1guilas es el \u00faltimo basti\u00f3n de la Regi\u00f3n de Murcia antes de internarse en Andaluc\u00eda. El municipio se extiende sobre 28 km litorales dominados con celo bajo la mirada vigilante del <a aria-label=\" (opens in a new tab)\" class=\"rank-math-link\" href=\"https:\/\/www.murciaturistica.es\/es\/monumento\/castillo-de-san-juan-de-las-aguilas-165\/\" target=\"_blank\" rel=\"noreferrer noopener\">castillo de San Juan de las \u00c1guilas<\/a> (siglo XV-XVIII). Como curiosidad, es uno de los <a href=\"\/blog\/pueblos-con-nombre-de-pajaro-en-espana\/\">pueblos con nombre de p\u00e1jaro<\/a> que podemos encontrar en Espa\u00f1a.<\/p>\n\n\n\n<p>En la \u00e9poca de la Ilustraci\u00f3n \u00c1guilas prosper\u00f3 como ciudad: su nuevo trazado racionalista contribuy\u00f3 al comercio mar\u00edtimo de los productos excedentes de la huerta de la Vega de Lorca y un siglo m\u00e1s tarde ya era uno de los principales puntos de distribuci\u00f3n de plata, plomo y hierro. Llegaron los ferrocarriles, los embarcaderos sofisticados y las compa\u00f1\u00edas inglesas. \u00c1guilas todav\u00eda recuerda la llegada del ferrocaril con un monumento dedicado en el Paseo de Parra.<\/p>\n\n\n\n<p>Su municipio cuenta con 35 calas casi v\u00edrgenes y se han declarado dos espacios naturales: el Parque Regional de Cabo Cope y el Paisaje Protegido de Cuatro Calas. Bajo el mar, en la isla del Fraile, muy cerca de la playa de Las Delicias, se sumerge <a href=\"https:\/\/www.murciaturistica.es\/es\/aguilas_buceo\/\" target=\"_blank\" aria-label=\" (opens in a new tab)\" rel=\"noreferrer noopener\" class=\"rank-math-link\">una de las zonas m\u00e1s recomendadas para los submarinistas<\/a>.<\/p>\n\n\n\n<figure class=\"wp-block-image size-large\"><a href=\"https:\/\/www.escapadarural.com\/blog\/wp-content\/uploads\/2020\/06\/Playa-La-Carolina.-Murcia.jpg\"><img decoding=\"async\" src=\"https:\/\/www.escapadarural.com\/blog\/wp-content\/uploads\/2020\/06\/Playa-La-Carolina.-Murcia.jpg\" alt=\"Playa La Carolina\" class=\"wp-image-26190\"\/><\/a><figcaption class=\"wp-element-caption\">Fuente: holbox \/ Shutterstock<\/figcaption><\/figure>\n\n\n\n<p>En una visita a \u00c1guilas no podr\u00eda faltar la panor\u00e1mica que se contempla desde <a href=\"https:\/\/www.murciaturistica.es\/es\/monumento\/embarcadero-del-hornillo-164\/\" target=\"_blank\" aria-label=\" (opens in a new tab)\" rel=\"noreferrer noopener\" class=\"rank-math-link\">el Mirador del Hornillo<\/a>, <a href=\"https:\/\/www.murciaturistica.es\/es\/playa\/playa-la-carolina-589\/\" target=\"_blank\" aria-label=\" (opens in a new tab)\" rel=\"noreferrer noopener\" class=\"rank-math-link\">la playa de la Carolina<\/a> (conocida como la cala m\u00e1s bella), un amanecer en el <a href=\"https:\/\/www.murciaturistica.es\/es\/espacio_natural\/espacio-natural-protegido-cabo-cope-y-puntas-de-calnegre-4502\/\" target=\"_blank\" aria-label=\" (opens in a new tab)\" rel=\"noreferrer noopener\" class=\"rank-math-link\">Cabo Cope<\/a> y degustar el caldo de pescado, el ajo colorao, la ensalada de pulpo, los escabeches o la ensaladica cocida.<\/p>\n\n\n\n<h2 class=\"wp-block-heading title-rute\" id=\"h-mazarron-los-caprichos-de-la-naturaleza\">Mazarr\u00f3n, los caprichos de la Naturaleza<\/h2>\n\n\n\n<p>A Mazarr\u00f3n llegaron los fenicios y los romanos para extraer el plomo, la plata, el hierro, el zinc, el alumbre y el almagre de sus sierras. Tambi\u00e9n los \u00e1rabes, que trataron de mantener las posiciones frente al avance cristiano durante la Edad Media. En <a href=\"https:\/\/www.murciaturistica.es\/es\/centro_de_interpretacion\/centro-de-interpretacion-del-barco-fenicio-399\/\" target=\"_blank\" aria-label=\" (opens in a new tab)\" rel=\"noreferrer noopener\" class=\"rank-math-link\">el Centro de Interpretaci\u00f3n del Barco Fenicio<\/a>, por ejemplo, se muestra la reproducci\u00f3n de un pecio del siglo VII a.C. hunido frente a estas costas.<\/p>\n\n\n\n<figure class=\"wp-block-image size-large\"><a href=\"https:\/\/www.escapadarural.com\/blog\/wp-content\/uploads\/2017\/06\/Murcia-260-scaled.jpg\"><img decoding=\"async\" src=\"https:\/\/www.escapadarural.com\/blog\/wp-content\/uploads\/2017\/06\/Murcia-260-1024x583.jpg\" alt=\"Bater\u00eda de Castillitos\" class=\"wp-image-28412\"\/><\/a><figcaption class=\"wp-element-caption\">Bater\u00eda de Castillitos<\/figcaption><\/figure>\n\n\n\n<figure class=\"wp-block-image size-large\"><a href=\"https:\/\/www.escapadarural.com\/blog\/wp-content\/uploads\/2017\/06\/Murcia-222-1-scaled.jpg\"><img decoding=\"async\" src=\"https:\/\/www.escapadarural.com\/blog\/wp-content\/uploads\/2017\/06\/Murcia-222-1-1024x678.jpg\" alt=\"Torre de Santa Elena\" class=\"wp-image-28410\"\/><\/a><figcaption class=\"wp-element-caption\">Torre de Santa Elena\n\n<\/figcaption><\/figure>\n\n\n\n<p>Cabezo del Molinete. Fue un litoral tan codiciado por su riqueza mineral y mar\u00edtima como lo es hoy por su paisaje natural y su historia.<\/p>\n\n\n\n<p>Adem\u00e1s de la industria mineral, la pesca no ha tenido un momento de tregua durante tantos siglos de dominaci\u00f3n. En el Puerto de Mazarr\u00f3n es f\u00e1cil encontrarse con las embarcaciones de bajura, es recomendable visitar su lonja y es admirable constatar la tradici\u00f3n pesquera de la zona en <a href=\"https:\/\/www.murciaturistica.es\/es\/museo\/factoria-romana-de-salazones-80\/\" target=\"_blank\" aria-label=\" (opens in a new tab)\" rel=\"noreferrer noopener\" class=\"rank-math-link\">el Centro de Interpretaci\u00f3n de la Factor\u00eda Romana del Salaz\u00f3n<\/a>.<\/p>\n\n\n\n<figure class=\"wp-block-image size-large\"><a href=\"https:\/\/www.escapadarural.com\/blog\/wp-content\/uploads\/2017\/06\/Murcia-234-1-scaled.jpg\"><img decoding=\"async\" src=\"https:\/\/www.escapadarural.com\/blog\/wp-content\/uploads\/2017\/06\/Murcia-234-1-1024x674.jpg\" alt=\"Murcia\" class=\"wp-image-28409\"\/><\/a><\/figure>\n\n\n\n<p>Para conocer Mazarr\u00f3n a fondo es recomendable ir a pie o en bicicleta. En el municipio hay 35 rutas se\u00f1alizadas que serpentean entre sierras, parajes v\u00edrgenes y playas que llevar\u00e1n a los viajeros hacia lugares inveros\u00edmiles y m\u00e1gicos, como el paisaje caprichoso y erosionado de <a href=\"https:\/\/www.murciaturistica.es\/es\/playa\/playa-de-bolnuevo-646\/\" target=\"_blank\" aria-label=\" (opens in a new tab)\" rel=\"noreferrer noopener\" class=\"rank-math-link\">Bolnuevo<\/a>.<\/p>\n\n\n\n<p>M\u00e1s informaci\u00f3n | <a href=\"https:\/\/www.murciaturistica.es\" target=\"_blank\" aria-label=\" (opens in a new tab)\" rel=\"noreferrer noopener\" class=\"rank-math-link\">Murcia Tur\u00edstica<\/a>.<\/p>\n","protected":false},"excerpt":{"rendered":"<p>Se le conoce como la Costa C\u00e1lida: posee 3.000 d\u00edas de Sol al a\u00f1o y se mantiene en una temperatura media de 19\u00baC. No es s\u00f3lo la Costa C\u00e1lida, sino tambi\u00e9n la Costa Ideal del Mediterr\u00e1neo&#8230;<\/p>\n","protected":false},"author":136,"featured_media":105225,"comment_status":"open","ping_status":"closed","sticky":false,"template":"","format":"standard","meta":{"_acf_changed":false,"om_disable_all_campaigns":false,"footnotes":""},"categories":[191],"tags":[1002,260,1979,6764,1980,1981,428,283],"class_list":["post-8508","post","type-post","status-publish","format-standard","has-post-thumbnail","hentry","category-destinos","tag-aguilas","tag-articulo","tag-costa-calida","tag-imprescindibles","tag-imprescindibles-de-murcia","tag-mazarron","tag-que-ver-en-murcia","tag-region-de-murcia"],"acf":[],"featured_image_src":"https:\/\/www.escapadarural.com\/blog\/wp-content\/uploads\/2024\/10\/Bolnuevo-1-1024x684-4.jpg","author_info":{"display_name":"Escapada Rural","author_link":"https:\/\/www.escapadarural.com\/blog\/autor\/user\/"},"yoast_head":"<!-- This site is optimized with the Yoast SEO plugin v27.5 - https:\/\/yoast.com\/product\/yoast-seo-wordpress\/ -->\n<title>\u00c1guilas y Mazarr\u00f3n, dos imprescindibles de la Costa C\u00e1lida - EscapadaRural<\/title>\n<meta name=\"robots\" content=\"index, follow, max-snippet:-1, max-image-preview:large, max-video-preview:-1\" \/>\n<link rel=\"canonical\" href=\"https:\/\/www.escapadarural.com\/blog\/aguilas-y-mazarron-dos-imprescindibles-de-la-costa-calida\/\" \/>\n<meta property=\"og:locale\" content=\"es_ES\" \/>\n<meta property=\"og:type\" content=\"article\" \/>\n<meta property=\"og:title\" content=\"\u00c1guilas y Mazarr\u00f3n, dos imprescindibles de la Costa C\u00e1lida - EscapadaRural\" \/>\n<meta property=\"og:description\" content=\"Se le conoce como la Costa C\u00e1lida: posee 3.000 d\u00edas de Sol al a\u00f1o y se mantiene en una temperatura media de 19\u00baC. No es s\u00f3lo la Costa C\u00e1lida, sino tambi\u00e9n la Costa Ideal del Mediterr\u00e1neo...\" \/>\n<meta property=\"og:url\" content=\"https:\/\/www.escapadarural.com\/blog\/aguilas-y-mazarron-dos-imprescindibles-de-la-costa-calida\/\" \/>\n<meta property=\"og:site_name\" content=\"Magazine de viajes de EscapadaRural\" \/>\n<meta property=\"article:publisher\" content=\"https:\/\/www.facebook.com\/escapadarural\" \/>\n<meta property=\"article:author\" content=\"https:\/\/www.facebook.com\/escapadarural\" \/>\n<meta property=\"article:published_time\" content=\"2017-06-21T11:55:03+00:00\" \/>\n<meta property=\"article:modified_time\" content=\"2026-02-06T09:45:52+00:00\" \/>\n<meta property=\"og:image\" content=\"https:\/\/www.escapadarural.com\/blog\/wp-content\/uploads\/2024\/10\/Bolnuevo-1-1024x684-4.jpg\" \/>\n\t<meta property=\"og:image:width\" content=\"1024\" \/>\n\t<meta property=\"og:image:height\" content=\"684\" \/>\n\t<meta property=\"og:image:type\" content=\"image\/jpeg\" \/>\n<meta name=\"author\" content=\"Escapada Rural\" \/>\n<meta name=\"twitter:card\" content=\"summary_large_image\" \/>\n<meta name=\"twitter:creator\" content=\"@https:\/\/x.com\/i\/flow\/login?redirect_after_login=escapadarural\" \/>\n<meta name=\"twitter:label1\" content=\"Escrito por\" \/>\n\t<meta name=\"twitter:data1\" content=\"Escapada Rural\" \/>\n\t<meta name=\"twitter:label2\" content=\"Tiempo de lectura\" \/>\n\t<meta name=\"twitter:data2\" content=\"5 minutos\" \/>\n<script type=\"application\/ld+json\" class=\"yoast-schema-graph\">{\"@context\":\"https:\\\/\\\/schema.org\",\"@graph\":[{\"@type\":\"Article\",\"@id\":\"https:\\\/\\\/www.escapadarural.com\\\/blog\\\/aguilas-y-mazarron-dos-imprescindibles-de-la-costa-calida\\\/#article\",\"isPartOf\":{\"@id\":\"https:\\\/\\\/www.escapadarural.com\\\/blog\\\/aguilas-y-mazarron-dos-imprescindibles-de-la-costa-calida\\\/\"},\"author\":{\"name\":\"Escapada Rural\",\"@id\":\"https:\\\/\\\/www.escapadarural.com\\\/blog\\\/#\\\/schema\\\/person\\\/d9ee55ff3e0cef41d6eac8922b4f972c\"},\"headline\":\"\u00c1guilas y Mazarr\u00f3n, dos imprescindibles de la Costa C\u00e1lida\",\"datePublished\":\"2017-06-21T11:55:03+00:00\",\"dateModified\":\"2026-02-06T09:45:52+00:00\",\"mainEntityOfPage\":{\"@id\":\"https:\\\/\\\/www.escapadarural.com\\\/blog\\\/aguilas-y-mazarron-dos-imprescindibles-de-la-costa-calida\\\/\"},\"wordCount\":663,\"commentCount\":1,\"publisher\":{\"@id\":\"https:\\\/\\\/www.escapadarural.com\\\/blog\\\/#organization\"},\"image\":{\"@id\":\"https:\\\/\\\/www.escapadarural.com\\\/blog\\\/aguilas-y-mazarron-dos-imprescindibles-de-la-costa-calida\\\/#primaryimage\"},\"thumbnailUrl\":\"https:\\\/\\\/www.escapadarural.com\\\/blog\\\/wp-content\\\/uploads\\\/2024\\\/10\\\/Bolnuevo-1-1024x684-4.jpg\",\"keywords\":[\"\u00c1guilas\",\"art\u00edculo\",\"Costa C\u00e1lida\",\"Imprescindibles\",\"Imprescindibles de Murcia\",\"Mazarr\u00f3n\",\"Murcia\",\"Regi\u00f3n de Murcia\"],\"articleSection\":[\"Destinos\"],\"inLanguage\":\"es\",\"potentialAction\":[{\"@type\":\"CommentAction\",\"name\":\"Comment\",\"target\":[\"https:\\\/\\\/www.escapadarural.com\\\/blog\\\/aguilas-y-mazarron-dos-imprescindibles-de-la-costa-calida\\\/#respond\"]}]},{\"@type\":\"WebPage\",\"@id\":\"https:\\\/\\\/www.escapadarural.com\\\/blog\\\/aguilas-y-mazarron-dos-imprescindibles-de-la-costa-calida\\\/\",\"url\":\"https:\\\/\\\/www.escapadarural.com\\\/blog\\\/aguilas-y-mazarron-dos-imprescindibles-de-la-costa-calida\\\/\",\"name\":\"\u00c1guilas y Mazarr\u00f3n, dos imprescindibles de la Costa C\u00e1lida - EscapadaRural\",\"isPartOf\":{\"@id\":\"https:\\\/\\\/www.escapadarural.com\\\/blog\\\/#website\"},\"primaryImageOfPage\":{\"@id\":\"https:\\\/\\\/www.escapadarural.com\\\/blog\\\/aguilas-y-mazarron-dos-imprescindibles-de-la-costa-calida\\\/#primaryimage\"},\"image\":{\"@id\":\"https:\\\/\\\/www.escapadarural.com\\\/blog\\\/aguilas-y-mazarron-dos-imprescindibles-de-la-costa-calida\\\/#primaryimage\"},\"thumbnailUrl\":\"https:\\\/\\\/www.escapadarural.com\\\/blog\\\/wp-content\\\/uploads\\\/2024\\\/10\\\/Bolnuevo-1-1024x684-4.jpg\",\"datePublished\":\"2017-06-21T11:55:03+00:00\",\"dateModified\":\"2026-02-06T09:45:52+00:00\",\"breadcrumb\":{\"@id\":\"https:\\\/\\\/www.escapadarural.com\\\/blog\\\/aguilas-y-mazarron-dos-imprescindibles-de-la-costa-calida\\\/#breadcrumb\"},\"inLanguage\":\"es\",\"potentialAction\":[{\"@type\":\"ReadAction\",\"target\":[\"https:\\\/\\\/www.escapadarural.com\\\/blog\\\/aguilas-y-mazarron-dos-imprescindibles-de-la-costa-calida\\\/\"]}]},{\"@type\":\"ImageObject\",\"inLanguage\":\"es\",\"@id\":\"https:\\\/\\\/www.escapadarural.com\\\/blog\\\/aguilas-y-mazarron-dos-imprescindibles-de-la-costa-calida\\\/#primaryimage\",\"url\":\"https:\\\/\\\/www.escapadarural.com\\\/blog\\\/wp-content\\\/uploads\\\/2024\\\/10\\\/Bolnuevo-1-1024x684-4.jpg\",\"contentUrl\":\"https:\\\/\\\/www.escapadarural.com\\\/blog\\\/wp-content\\\/uploads\\\/2024\\\/10\\\/Bolnuevo-1-1024x684-4.jpg\",\"width\":1024,\"height\":684,\"caption\":\"Bolnuevo\"},{\"@type\":\"BreadcrumbList\",\"@id\":\"https:\\\/\\\/www.escapadarural.com\\\/blog\\\/aguilas-y-mazarron-dos-imprescindibles-de-la-costa-calida\\\/#breadcrumb\",\"itemListElement\":[{\"@type\":\"ListItem\",\"position\":1,\"name\":\"Inicio\",\"item\":\"https:\\\/\\\/www.escapadarural.com\\\/blog\\\/\"},{\"@type\":\"ListItem\",\"position\":2,\"name\":\"Destinos\",\"item\":\"https:\\\/\\\/www.escapadarural.com\\\/blog\\\/categoria\\\/destinos\\\/\"},{\"@type\":\"ListItem\",\"position\":3,\"name\":\"\u00c1guilas y Mazarr\u00f3n, dos imprescindibles de la Costa C\u00e1lida\"}]},{\"@type\":\"WebSite\",\"@id\":\"https:\\\/\\\/www.escapadarural.com\\\/blog\\\/#website\",\"url\":\"https:\\\/\\\/www.escapadarural.com\\\/blog\\\/\",\"name\":\"Blog de viajes | turismo rural, alojamientos e inspiraci\u00f3n\",\"description\":\"Alojamientos rurales e inspiraci\u00f3n para tus escapadas\",\"publisher\":{\"@id\":\"https:\\\/\\\/www.escapadarural.com\\\/blog\\\/#organization\"},\"alternateName\":\"Magazine de viajes de EscapadaRural\",\"potentialAction\":[{\"@type\":\"SearchAction\",\"target\":{\"@type\":\"EntryPoint\",\"urlTemplate\":\"https:\\\/\\\/www.escapadarural.com\\\/blog\\\/?s={search_term_string}\"},\"query-input\":{\"@type\":\"PropertyValueSpecification\",\"valueRequired\":true,\"valueName\":\"search_term_string\"}}],\"inLanguage\":\"es\"},{\"@type\":\"Organization\",\"@id\":\"https:\\\/\\\/www.escapadarural.com\\\/blog\\\/#organization\",\"name\":\"EscapadaRural\",\"url\":\"https:\\\/\\\/www.escapadarural.com\\\/blog\\\/\",\"logo\":{\"@type\":\"ImageObject\",\"inLanguage\":\"es\",\"@id\":\"https:\\\/\\\/www.escapadarural.com\\\/blog\\\/#\\\/schema\\\/logo\\\/image\\\/\",\"url\":\"https:\\\/\\\/www.escapadarural.com\\\/blog\\\/wp-content\\\/uploads\\\/2024\\\/10\\\/cropped-cropped-escapada-rural-icon-mag-3.png\",\"contentUrl\":\"https:\\\/\\\/www.escapadarural.com\\\/blog\\\/wp-content\\\/uploads\\\/2024\\\/10\\\/cropped-cropped-escapada-rural-icon-mag-3.png\",\"width\":512,\"height\":512,\"caption\":\"EscapadaRural\"},\"image\":{\"@id\":\"https:\\\/\\\/www.escapadarural.com\\\/blog\\\/#\\\/schema\\\/logo\\\/image\\\/\"},\"sameAs\":[\"https:\\\/\\\/www.facebook.com\\\/escapadarural\",\"https:\\\/\\\/www.instagram.com\\\/escapadarural\\\/\",\"https:\\\/\\\/www.youtube.com\\\/@escapadaruralcom\"]},{\"@type\":\"Person\",\"@id\":\"https:\\\/\\\/www.escapadarural.com\\\/blog\\\/#\\\/schema\\\/person\\\/d9ee55ff3e0cef41d6eac8922b4f972c\",\"name\":\"Escapada Rural\",\"image\":{\"@type\":\"ImageObject\",\"inLanguage\":\"es\",\"@id\":\"https:\\\/\\\/www.escapadarural.com\\\/blog\\\/wp-content\\\/uploads\\\/2024\\\/10\\\/cropped-cropped-escapada-rural-icon-mag-3-96x96.png\",\"url\":\"https:\\\/\\\/www.escapadarural.com\\\/blog\\\/wp-content\\\/uploads\\\/2024\\\/10\\\/cropped-cropped-escapada-rural-icon-mag-3-96x96.png\",\"contentUrl\":\"https:\\\/\\\/www.escapadarural.com\\\/blog\\\/wp-content\\\/uploads\\\/2024\\\/10\\\/cropped-cropped-escapada-rural-icon-mag-3-96x96.png\",\"caption\":\"Escapada Rural\"},\"sameAs\":[\"https:\\\/\\\/www.facebook.com\\\/escapadarural\",\"https:\\\/\\\/www.linkedin.com\\\/company\\\/escapada-rural\\\/?originalSubdomain=es\",\"https:\\\/\\\/x.com\\\/https:\\\/\\\/x.com\\\/i\\\/flow\\\/login?redirect_after_login=escapadarural\"],\"url\":\"https:\\\/\\\/www.escapadarural.com\\\/blog\\\/autor\\\/user\\\/\"}]}<\/script>\n<!-- \/ Yoast SEO plugin. -->","yoast_head_json":{"title":"\u00c1guilas y Mazarr\u00f3n, dos imprescindibles de la Costa C\u00e1lida - EscapadaRural","robots":{"index":"index","follow":"follow","max-snippet":"max-snippet:-1","max-image-preview":"max-image-preview:large","max-video-preview":"max-video-preview:-1"},"canonical":"https:\/\/www.escapadarural.com\/blog\/aguilas-y-mazarron-dos-imprescindibles-de-la-costa-calida\/","og_locale":"es_ES","og_type":"article","og_title":"\u00c1guilas y Mazarr\u00f3n, dos imprescindibles de la Costa C\u00e1lida - EscapadaRural","og_description":"Se le conoce como la Costa C\u00e1lida: posee 3.000 d\u00edas de Sol al a\u00f1o y se mantiene en una temperatura media de 19\u00baC. No es s\u00f3lo la Costa C\u00e1lida, sino tambi\u00e9n la Costa Ideal del Mediterr\u00e1neo...","og_url":"https:\/\/www.escapadarural.com\/blog\/aguilas-y-mazarron-dos-imprescindibles-de-la-costa-calida\/","og_site_name":"Magazine de viajes de EscapadaRural","article_publisher":"https:\/\/www.facebook.com\/escapadarural","article_author":"https:\/\/www.facebook.com\/escapadarural","article_published_time":"2017-06-21T11:55:03+00:00","article_modified_time":"2026-02-06T09:45:52+00:00","og_image":[{"width":1024,"height":684,"url":"https:\/\/www.escapadarural.com\/blog\/wp-content\/uploads\/2024\/10\/Bolnuevo-1-1024x684-4.jpg","type":"image\/jpeg"}],"author":"Escapada Rural","twitter_card":"summary_large_image","twitter_creator":"@https:\/\/x.com\/i\/flow\/login?redirect_after_login=escapadarural","twitter_misc":{"Escrito por":"Escapada Rural","Tiempo de lectura":"5 minutos"},"schema":{"@context":"https:\/\/schema.org","@graph":[{"@type":"Article","@id":"https:\/\/www.escapadarural.com\/blog\/aguilas-y-mazarron-dos-imprescindibles-de-la-costa-calida\/#article","isPartOf":{"@id":"https:\/\/www.escapadarural.com\/blog\/aguilas-y-mazarron-dos-imprescindibles-de-la-costa-calida\/"},"author":{"name":"Escapada Rural","@id":"https:\/\/www.escapadarural.com\/blog\/#\/schema\/person\/d9ee55ff3e0cef41d6eac8922b4f972c"},"headline":"\u00c1guilas y Mazarr\u00f3n, dos imprescindibles de la Costa C\u00e1lida","datePublished":"2017-06-21T11:55:03+00:00","dateModified":"2026-02-06T09:45:52+00:00","mainEntityOfPage":{"@id":"https:\/\/www.escapadarural.com\/blog\/aguilas-y-mazarron-dos-imprescindibles-de-la-costa-calida\/"},"wordCount":663,"commentCount":1,"publisher":{"@id":"https:\/\/www.escapadarural.com\/blog\/#organization"},"image":{"@id":"https:\/\/www.escapadarural.com\/blog\/aguilas-y-mazarron-dos-imprescindibles-de-la-costa-calida\/#primaryimage"},"thumbnailUrl":"https:\/\/www.escapadarural.com\/blog\/wp-content\/uploads\/2024\/10\/Bolnuevo-1-1024x684-4.jpg","keywords":["\u00c1guilas","art\u00edculo","Costa C\u00e1lida","Imprescindibles","Imprescindibles de Murcia","Mazarr\u00f3n","Murcia","Regi\u00f3n de Murcia"],"articleSection":["Destinos"],"inLanguage":"es","potentialAction":[{"@type":"CommentAction","name":"Comment","target":["https:\/\/www.escapadarural.com\/blog\/aguilas-y-mazarron-dos-imprescindibles-de-la-costa-calida\/#respond"]}]},{"@type":"WebPage","@id":"https:\/\/www.escapadarural.com\/blog\/aguilas-y-mazarron-dos-imprescindibles-de-la-costa-calida\/","url":"https:\/\/www.escapadarural.com\/blog\/aguilas-y-mazarron-dos-imprescindibles-de-la-costa-calida\/","name":"\u00c1guilas y Mazarr\u00f3n, dos imprescindibles de la Costa C\u00e1lida - EscapadaRural","isPartOf":{"@id":"https:\/\/www.escapadarural.com\/blog\/#website"},"primaryImageOfPage":{"@id":"https:\/\/www.escapadarural.com\/blog\/aguilas-y-mazarron-dos-imprescindibles-de-la-costa-calida\/#primaryimage"},"image":{"@id":"https:\/\/www.escapadarural.com\/blog\/aguilas-y-mazarron-dos-imprescindibles-de-la-costa-calida\/#primaryimage"},"thumbnailUrl":"https:\/\/www.escapadarural.com\/blog\/wp-content\/uploads\/2024\/10\/Bolnuevo-1-1024x684-4.jpg","datePublished":"2017-06-21T11:55:03+00:00","dateModified":"2026-02-06T09:45:52+00:00","breadcrumb":{"@id":"https:\/\/www.escapadarural.com\/blog\/aguilas-y-mazarron-dos-imprescindibles-de-la-costa-calida\/#breadcrumb"},"inLanguage":"es","potentialAction":[{"@type":"ReadAction","target":["https:\/\/www.escapadarural.com\/blog\/aguilas-y-mazarron-dos-imprescindibles-de-la-costa-calida\/"]}]},{"@type":"ImageObject","inLanguage":"es","@id":"https:\/\/www.escapadarural.com\/blog\/aguilas-y-mazarron-dos-imprescindibles-de-la-costa-calida\/#primaryimage","url":"https:\/\/www.escapadarural.com\/blog\/wp-content\/uploads\/2024\/10\/Bolnuevo-1-1024x684-4.jpg","contentUrl":"https:\/\/www.escapadarural.com\/blog\/wp-content\/uploads\/2024\/10\/Bolnuevo-1-1024x684-4.jpg","width":1024,"height":684,"caption":"Bolnuevo"},{"@type":"BreadcrumbList","@id":"https:\/\/www.escapadarural.com\/blog\/aguilas-y-mazarron-dos-imprescindibles-de-la-costa-calida\/#breadcrumb","itemListElement":[{"@type":"ListItem","position":1,"name":"Inicio","item":"https:\/\/www.escapadarural.com\/blog\/"},{"@type":"ListItem","position":2,"name":"Destinos","item":"https:\/\/www.escapadarural.com\/blog\/categoria\/destinos\/"},{"@type":"ListItem","position":3,"name":"\u00c1guilas y Mazarr\u00f3n, dos imprescindibles de la Costa C\u00e1lida"}]},{"@type":"WebSite","@id":"https:\/\/www.escapadarural.com\/blog\/#website","url":"https:\/\/www.escapadarural.com\/blog\/","name":"Blog de viajes | turismo rural, alojamientos e inspiraci\u00f3n","description":"Alojamientos rurales e inspiraci\u00f3n para tus escapadas","publisher":{"@id":"https:\/\/www.escapadarural.com\/blog\/#organization"},"alternateName":"Magazine de viajes de EscapadaRural","potentialAction":[{"@type":"SearchAction","target":{"@type":"EntryPoint","urlTemplate":"https:\/\/www.escapadarural.com\/blog\/?s={search_term_string}"},"query-input":{"@type":"PropertyValueSpecification","valueRequired":true,"valueName":"search_term_string"}}],"inLanguage":"es"},{"@type":"Organization","@id":"https:\/\/www.escapadarural.com\/blog\/#organization","name":"EscapadaRural","url":"https:\/\/www.escapadarural.com\/blog\/","logo":{"@type":"ImageObject","inLanguage":"es","@id":"https:\/\/www.escapadarural.com\/blog\/#\/schema\/logo\/image\/","url":"https:\/\/www.escapadarural.com\/blog\/wp-content\/uploads\/2024\/10\/cropped-cropped-escapada-rural-icon-mag-3.png","contentUrl":"https:\/\/www.escapadarural.com\/blog\/wp-content\/uploads\/2024\/10\/cropped-cropped-escapada-rural-icon-mag-3.png","width":512,"height":512,"caption":"EscapadaRural"},"image":{"@id":"https:\/\/www.escapadarural.com\/blog\/#\/schema\/logo\/image\/"},"sameAs":["https:\/\/www.facebook.com\/escapadarural","https:\/\/www.instagram.com\/escapadarural\/","https:\/\/www.youtube.com\/@escapadaruralcom"]},{"@type":"Person","@id":"https:\/\/www.escapadarural.com\/blog\/#\/schema\/person\/d9ee55ff3e0cef41d6eac8922b4f972c","name":"Escapada Rural","image":{"@type":"ImageObject","inLanguage":"es","@id":"https:\/\/www.escapadarural.com\/blog\/wp-content\/uploads\/2024\/10\/cropped-cropped-escapada-rural-icon-mag-3-96x96.png","url":"https:\/\/www.escapadarural.com\/blog\/wp-content\/uploads\/2024\/10\/cropped-cropped-escapada-rural-icon-mag-3-96x96.png","contentUrl":"https:\/\/www.escapadarural.com\/blog\/wp-content\/uploads\/2024\/10\/cropped-cropped-escapada-rural-icon-mag-3-96x96.png","caption":"Escapada Rural"},"sameAs":["https:\/\/www.facebook.com\/escapadarural","https:\/\/www.linkedin.com\/company\/escapada-rural\/?originalSubdomain=es","https:\/\/x.com\/https:\/\/x.com\/i\/flow\/login?redirect_after_login=escapadarural"],"url":"https:\/\/www.escapadarural.com\/blog\/autor\/user\/"}]}},"_links":{"self":[{"href":"https:\/\/www.escapadarural.com\/blog\/wp-json\/wp\/v2\/posts\/8508","targetHints":{"allow":["GET"]}}],"collection":[{"href":"https:\/\/www.escapadarural.com\/blog\/wp-json\/wp\/v2\/posts"}],"about":[{"href":"https:\/\/www.escapadarural.com\/blog\/wp-json\/wp\/v2\/types\/post"}],"author":[{"embeddable":true,"href":"https:\/\/www.escapadarural.com\/blog\/wp-json\/wp\/v2\/users\/136"}],"replies":[{"embeddable":true,"href":"https:\/\/www.escapadarural.com\/blog\/wp-json\/wp\/v2\/comments?post=8508"}],"version-history":[{"count":0,"href":"https:\/\/www.escapadarural.com\/blog\/wp-json\/wp\/v2\/posts\/8508\/revisions"}],"wp:featuredmedia":[{"embeddable":true,"href":"https:\/\/www.escapadarural.com\/blog\/wp-json\/wp\/v2\/media\/105225"}],"wp:attachment":[{"href":"https:\/\/www.escapadarural.com\/blog\/wp-json\/wp\/v2\/media?parent=8508"}],"wp:term":[{"taxonomy":"category","embeddable":true,"href":"https:\/\/www.escapadarural.com\/blog\/wp-json\/wp\/v2\/categories?post=8508"},{"taxonomy":"post_tag","embeddable":true,"href":"https:\/\/www.escapadarural.com\/blog\/wp-json\/wp\/v2\/tags?post=8508"}],"curies":[{"name":"wp","href":"https:\/\/api.w.org\/{rel}","templated":true}]}}