{"id":8645,"date":"2017-07-13T14:19:53","date_gmt":"2017-07-13T14:19:53","guid":{"rendered":"http:\/\/15.188.81.248\/2017\/07\/13\/aranda-de-duero-tierra-de-vino-y-lechazo-asado\/"},"modified":"2025-03-26T15:47:38","modified_gmt":"2025-03-26T13:47:38","slug":"aranda-de-duero-tierra-de-vino-y-lechazo-asado","status":"publish","type":"post","link":"https:\/\/www.escapadarural.com\/blog\/aranda-de-duero-tierra-de-vino-y-lechazo-asado\/","title":{"rendered":"Aranda de Duero, tierra de vino y lechazo asado"},"content":{"rendered":"\n<figure class=\"wp-block-image size-large\"><a href=\"https:\/\/www.escapadarural.com\/blog\/wp-content\/uploads\/2017\/07\/aranda-de-duero-3-1.jpg\"><img decoding=\"async\" src=\"https:\/\/www.escapadarural.com\/blog\/wp-content\/uploads\/2017\/07\/aranda-de-duero-3-1.jpg\" alt=\"Aranda de Duero\" class=\"wp-image-28294\"\/><\/a><figcaption class=\"wp-element-caption\">Fuente: V\u00edctor Ferrando<\/figcaption><\/figure>\n\n\n\n<p><a href=\"https:\/\/www.escapadarural.com\/casas-rurales\/aranda-de-duero\" target=\"_blank\" label=\" (opens in a new tab)\" rel=\"noreferrer noopener\" class=\"rank-math-link\">Aranda de Duero<\/a> (Burgos) es uno de esos pueblos a los que hay que ir s\u00ed o s\u00ed. No s\u00f3lo porque da gusto caminar por sus calles descubriendo rincones peculiares. Tambi\u00e9n por su fuerte apuesta por la cultura y la m\u00fasica. Por sus bodegas y vinos de gran calidad. Y, por supuesto, por su Lechazo Asado.<\/p>\n\n\n\n<p>Aranda, como se le conoce habitualmente, es un pueblo que pilla de paso entre Madrid y el norte. O al rev\u00e9s, y tal vez por eso lo visitamos menos de lo que deber\u00edamos. Pero es ideal para una escapada de un d\u00eda, o de un fin de semana.<\/p>\n\n\n\n<figure class=\"wp-block-image size-large\"><a href=\"https:\/\/www.escapadarural.com\/blog\/wp-content\/uploads\/2017\/07\/aranda-de-duero-1-1.jpg\"><img decoding=\"async\" src=\"https:\/\/www.escapadarural.com\/blog\/wp-content\/uploads\/2017\/07\/aranda-de-duero-1-1.jpg\" alt=\"Aranda de Duero\" class=\"wp-image-28293\"\/><\/a><figcaption class=\"wp-element-caption\">Fuente: V\u00edctor Ferrando<\/figcaption><\/figure>\n\n\n\n<figure class=\"wp-block-image size-large\"><a href=\"https:\/\/www.escapadarural.com\/blog\/wp-content\/uploads\/2017\/07\/aranda-de-duero-2-1.jpg\"><img decoding=\"async\" src=\"https:\/\/www.escapadarural.com\/blog\/wp-content\/uploads\/2017\/07\/aranda-de-duero-2-1.jpg\" alt=\"Aranda de Duero\" class=\"wp-image-28292\"\/><\/a><figcaption class=\"wp-element-caption\">Fuente: V\u00edctor Ferrando<\/figcaption><\/figure>\n\n\n\n<p>Una vez decidas hacer una escapada a Aranda, el tiempo que pases all\u00ed se te har\u00e1 corto. Entre sus muchos atractivos est\u00e1 la <strong>Plaza Mayor<\/strong>, lugar de partida para una visita a la poblaci\u00f3n y en la que se encuentra el Centro de Interpretaci\u00f3n de la Arquitectura Asociada al Vino.<\/p>\n\n\n\n<p>Desde all\u00ed podremos subir por la <strong>Calle de la Miel<\/strong> hasta llegar a la Iglesia de Santa Mar\u00eda la Real, que data del siglo XV. A continuaci\u00f3n, siguiendo la Calle San Juan, llegaremos a la Iglesia de San Juan, tambi\u00e9n de estilo g\u00f3tico, y en cuyo interior se encuentra el Museo de Arte Sacro. Estos dos templos religiosos albergaron la exposici\u00f3n <em>Las Edades del Hombre<\/em> en el a\u00f1o 2014.<\/p>\n\n\n<div class=\"wp-block-image\">\n<figure class=\"aligncenter size-large\"><a href=\"https:\/\/www.escapadarural.com\/blog\/wp-content\/uploads\/2017\/07\/aranda-de-duero-iglesia-santa-maria-1.jpg\"><img decoding=\"async\" src=\"https:\/\/www.escapadarural.com\/blog\/wp-content\/uploads\/2017\/07\/aranda-de-duero-iglesia-santa-maria-1.jpg\" alt=\"Aranda de Duero\" class=\"wp-image-28291\"\/><\/a><figcaption class=\"wp-element-caption\">Fuente: V\u00edctor Ferrando<\/figcaption><\/figure>\n<\/div>\n\n\n<figure class=\"wp-block-image size-large\"><a href=\"https:\/\/www.escapadarural.com\/blog\/wp-content\/uploads\/2017\/07\/aranda-de-duero-iglesia-san-juan-1.jpg\"><img decoding=\"async\" src=\"https:\/\/www.escapadarural.com\/blog\/wp-content\/uploads\/2017\/07\/aranda-de-duero-iglesia-san-juan-1.jpg\" alt=\"Aranda de Duero\" class=\"wp-image-28290\"\/><\/a><figcaption class=\"wp-element-caption\">Fuente: V\u00edctor Ferrando<\/figcaption><\/figure>\n\n\n\n<p>Como oferta cultural tenemos varios museos, como el Museo Casa de las Bolas, el Museo de la Cer\u00e1mica, o el <strong>Museo de Juegos Tradicionales<\/strong>. Pero tambi\u00e9n a las afueras de Aranda est\u00e1 el Museo del Tren, ubicado en una antigua estaci\u00f3n ferroviaria. Si eres an de los trenes, no te puedes perder todo lo que all\u00ed tienen.<\/p>\n\n\n\n<p>La ciudad, atravesada por el r\u00edo Duero, que delimita la parte antigua, tiene tres puentes de gran inter\u00e9s. El m\u00e1s famoso es el <strong>Puente Romano<\/strong>, pero tambi\u00e9n merece la pena visitar el Puente Conchuela y el Puente rom\u00e1nico de las Tener\u00edas. Junto a las aguas del Duero, se ha creado un museo de esculturas al aire libre.<\/p>\n\n\n\n<figure class=\"wp-block-image size-large\"><a href=\"https:\/\/www.escapadarural.com\/blog\/wp-content\/uploads\/2017\/07\/aranda-de-duero-rio-duero-1.jpg\"><img decoding=\"async\" src=\"https:\/\/www.escapadarural.com\/blog\/wp-content\/uploads\/2017\/07\/aranda-de-duero-rio-duero-1.jpg\" alt=\"Aranda de Duero\" class=\"wp-image-28289\"\/><\/a><figcaption class=\"wp-element-caption\">Fuente: V\u00edctor Ferrando<\/figcaption><\/figure>\n\n\n\n<p>Pero tal vez lo m\u00e1s impresionante de Aranda de Duero es lo que hay bajo el suelo. <strong>M\u00e1s de siete kil\u00f3metros de bodegas y galer\u00edas<\/strong> subterr\u00e1neas recorren el subsuelo de muchas casas y calles de Aranda. Y muchas de ellas son visitables.<\/p>\n\n\n\n<p>Recomiendo visitar la <strong>Bodega de las \u00c1nimas<\/strong>, para la que hay que reservar en la Oficina de Turismo. Pero tambi\u00e9n buscar por sus calles la entrada a otras bodegas e incluso aceptar la oferta de los arandinos que amablemente te abren la puerta de sus casas para que visites su incre\u00edble bodega familiar. Te llevar\u00e1s m\u00e1s de una grata sorpresa y de paso tendr\u00e1s un rato de charla con gente local.<\/p>\n\n\n<div class=\"wp-block-image\">\n<figure class=\"aligncenter size-large\"><a href=\"https:\/\/www.escapadarural.com\/blog\/wp-content\/uploads\/2017\/07\/aranda-de-duero-bodegas-subterraneas-1.jpg\"><img decoding=\"async\" src=\"https:\/\/www.escapadarural.com\/blog\/wp-content\/uploads\/2017\/07\/aranda-de-duero-bodegas-subterraneas-1.jpg\" alt=\"Aranda de Duero\" class=\"wp-image-28288\"\/><\/a><figcaption class=\"wp-element-caption\">Fuente: V\u00edctor Ferrando<\/figcaption><\/figure>\n<\/div>\n\n\n<p>Cada a\u00f1o, durante todo el mes de junio, se celebran las <em>Jornadas Gastron\u00f3micas del Lechazo Asado<\/em> de Aranda de Duero. Se trata de un evento gastron\u00f3mico excepcional que se viene repitiendo sin interrupci\u00f3n desde el a\u00f1o 2000, y en el que diversos asadores de la poblaci\u00f3n ofrecen un men\u00fa especial que gira por completo en torno al Lechazo.<\/p>\n\n\n\n<p>Cada uno de <strong>los restaurantes<\/strong> crea una serie de entrantes y postre especial para la ocasi\u00f3n, y lo marida con el vino que considera m\u00e1s apropiado. Pero el plato principal siempre es una abundante raci\u00f3n de Lechazo Asado. Si eres fan de la carne, disfrutar\u00e1s como un ni\u00f1o de tu visita a Aranda durante ese mes.<\/p>\n\n\n\n<figure class=\"wp-block-image size-large\"><a href=\"https:\/\/www.escapadarural.com\/blog\/wp-content\/uploads\/2017\/07\/aranda-de-duero-lechazo-asado-1.jpg\"><img decoding=\"async\" src=\"https:\/\/www.escapadarural.com\/blog\/wp-content\/uploads\/2017\/07\/aranda-de-duero-lechazo-asado-1.jpg\" alt=\"Aranda de Duero\" class=\"wp-image-28287\"\/><\/a><figcaption class=\"wp-element-caption\">Lechazo asado. Fuente: V\u00edctor Ferrando<\/figcaption><\/figure>\n\n\n\n<p>Pero no s\u00f3lo se come Lechazo Asado en junio, faltar\u00eda m\u00e1s. En Aranda puedes comer Lechazo cuando quieras, pero tambi\u00e9n degustar otras especialidades gastron\u00f3micas propias de la zona, como la <strong>morcilla dulce arandina y la torta de aceite de Aranda<\/strong>. Sus restaurantes y asadores apuestan fuerte por la gastronom\u00eda tradicional de la zona, pero tambi\u00e9n ofrecen propuestas innovadores y platos de alta cocina con ingredientes cl\u00e1sicos. Yo no me lo perder\u00eda.<\/p>\n\n\n\n<p>Lo que tengo muy claro de Aranda es que saben mont\u00e1rselo muy bien. Durante el mes que duran las Jornadas del Lechazo, se organizan diversas actividades como conciertos y visitas teatralizadas. Pero si vas en otras fechas, has de saber que Aranda apuesta por los festivales de m\u00fasica, como el <strong>Sonorama<\/strong> en agosto, o que sus fiestas patronales en septiembre son de lo m\u00e1s divertido.<\/p>\n\n\n\n<p>Aprovechando el viaje a Aranda de Duero, tenemos otras <strong>localidades cercanas<\/strong> que son muy interesantes para visitar. Por ejemplo, podemos dar un paseo por Gumiel de Iz\u00e1n, Pe\u00f1aranda de Duero o Pe\u00f1afiel, siguiendo la Ruta del Vino Ribera del Duero y visitando alguna de las muchas bodegas que se encuentran en las cercan\u00edas de Aranda. Si te gusta el vino, lo pasar\u00e1s en grande.<\/p>\n\n\n\n<p>Tambi\u00e9n podemos ir hasta la fant\u00e1stica villa de Lerma, e incluso tenemos la propia Burgos capital a menos de una hora de distancia en coche. Y por supuesto, tambi\u00e9n tenemos lugares naturales de gran belleza como el Parque Natural de las Hoces del R\u00edo Riaza.<\/p>\n\n\n\n<h2 class=\"wp-block-heading\" id=\"h-mas-turismo-rural-para-disfrutar-del-buen-vino\">M\u00e1s turismo rural para disfrutar del buen vino<\/h2>\n\n\n<section class=\"wp-block-ub-post-grid ub-block-post-grid align  is-equal-height preserve-post-image-aspect-ratio\" style=\"\" id=\"ub-post-grid-\"><div class=\"ub-post-grid-items is-list\" style=\"row-gap: 32px; column-gap: 32px; \"><article id=\"post-208798\" class=\"ub-post-grid-item post-208798 post type-post status-publish format-standard has-post-thumbnail hentry category-alojamientos-rurales tag-que-ver-en-cadiz tag-casas-rurales tag-que-ver-en-cordoba tag-enoturismo tag-que-ver-en-pontevedra tag-que-ver-en-tarragona tag-que-ver-en-toledo tag-vendimia tag-vinedos tag-vino\" style=\"\"><div class=\"ub-block-post-grid-image\" style=\"\"><a href=\"https:\/\/www.escapadarural.com\/blog\/casas-rurales-para-participar-en-la-vendimia\/\" rel=\"bookmark\" aria-hidden=\"true\" tabindex=\"-1\"><img loading=\"lazy\" decoding=\"async\" width=\"1200\" height=\"684\" src=\"https:\/\/www.escapadarural.com\/blog\/wp-content\/uploads\/2025\/09\/Finca-Buytron-e1759249051259.webp\" class=\"attachment-full size-full\" alt=\"Casas rurales para participar en la vendimia: finca Buytron\" style=\"max-width: 600px; \"><\/a><\/div><div class=\"ub-block-post-grid-text\" style=\"\"><div class=\"ub-block-post-grid-header-content\"><header class=\"ub-block-post-grid-header\"><h3 class=\"ub-block-post-grid-title\"><a style=\"\" href=\"https:\/\/www.escapadarural.com\/blog\/casas-rurales-para-participar-en-la-vendimia\/\" rel=\"bookmark\">6 casas rurales para participar en la vendimia este oto\u00f1o<\/a><\/h3><\/header><\/div><div class=\"ub-block-post-grid-excerpt\"><div class=\"ub-block-post-grid-excerpt-text\" style=\"\"><p>Estos alojamientos rurales ofrecen a los viajeros participar en la vendimia, realizar catas de vino y disfrutar del enoturismo<\/p>\n<\/div><\/div><\/div><\/article>\n<article id=\"post-208048\" class=\"ub-post-grid-item post-208048 post type-post status-publish format-standard has-post-thumbnail hentry category-destinos tag-que-ver-en-asturias tag-que-ver-en-castilla-y-leon tag-costa-da-morte tag-enoturismo tag-gastronomia tag-la-baneza tag-listado tag-senderismo tag-surf tag-verano\" style=\"\"><div class=\"ub-block-post-grid-image\" style=\"\"><a href=\"https:\/\/www.escapadarural.com\/blog\/mejores-planes-originales-para-despedir-el-verano\/\" rel=\"bookmark\" aria-hidden=\"true\" tabindex=\"-1\"><img loading=\"lazy\" decoding=\"async\" width=\"1200\" height=\"689\" src=\"https:\/\/www.escapadarural.com\/blog\/wp-content\/uploads\/2025\/09\/01b_PlanesFinVerano_AtardecerCaboTourinan_Antonio_AdobeStock_304799241_WP02.webp\" class=\"attachment-full size-full\" alt=\"Atardecer en el cabo Touri\u00f1\u00e1n (A Coru\u00f1a).\" style=\"max-width: 600px; \" srcset=\"https:\/\/www.escapadarural.com\/blog\/wp-content\/uploads\/2025\/09\/01b_PlanesFinVerano_AtardecerCaboTourinan_Antonio_AdobeStock_304799241_WP02-200x115.webp 200w, https:\/\/www.escapadarural.com\/blog\/wp-content\/uploads\/2025\/09\/01b_PlanesFinVerano_AtardecerCaboTourinan_Antonio_AdobeStock_304799241_WP02-300x172.webp 300w, https:\/\/www.escapadarural.com\/blog\/wp-content\/uploads\/2025\/09\/01b_PlanesFinVerano_AtardecerCaboTourinan_Antonio_AdobeStock_304799241_WP02-400x230.webp 400w, https:\/\/www.escapadarural.com\/blog\/wp-content\/uploads\/2025\/09\/01b_PlanesFinVerano_AtardecerCaboTourinan_Antonio_AdobeStock_304799241_WP02-600x345.webp 600w, https:\/\/www.escapadarural.com\/blog\/wp-content\/uploads\/2025\/09\/01b_PlanesFinVerano_AtardecerCaboTourinan_Antonio_AdobeStock_304799241_WP02-768x441.webp 768w, https:\/\/www.escapadarural.com\/blog\/wp-content\/uploads\/2025\/09\/01b_PlanesFinVerano_AtardecerCaboTourinan_Antonio_AdobeStock_304799241_WP02-800x459.webp 800w, https:\/\/www.escapadarural.com\/blog\/wp-content\/uploads\/2025\/09\/01b_PlanesFinVerano_AtardecerCaboTourinan_Antonio_AdobeStock_304799241_WP02-1024x588.webp 1024w, https:\/\/www.escapadarural.com\/blog\/wp-content\/uploads\/2025\/09\/01b_PlanesFinVerano_AtardecerCaboTourinan_Antonio_AdobeStock_304799241_WP02.webp 1200w\" sizes=\"auto, (max-width: 1200px) 100vw, 1200px\"><\/a><\/div><div class=\"ub-block-post-grid-text\" style=\"\"><div class=\"ub-block-post-grid-header-content\"><header class=\"ub-block-post-grid-header\"><h3 class=\"ub-block-post-grid-title\"><a style=\"\" href=\"https:\/\/www.escapadarural.com\/blog\/mejores-planes-originales-para-despedir-el-verano\/\" rel=\"bookmark\">Los mejores planes (y muy originales) para despedir el verano<\/a><\/h3><\/header><\/div><div class=\"ub-block-post-grid-excerpt\"><div class=\"ub-block-post-grid-excerpt-text\" style=\"\"><p>El verano todav\u00eda no ha acabado: lo hace el 22 de septiembre. As\u00ed que todav\u00eda tenemos tiempo para disfrutarlo. Habr\u00e1 que despedirlo como se merece, \u00bfno?<\/p>\n<\/div><\/div><\/div><\/article>\n<article id=\"post-207763\" class=\"ub-post-grid-item post-207763 post type-post status-publish format-standard has-post-thumbnail hentry category-destinos tag-que-ver-en-alicante tag-bodegas tag-bodegas-submarinas tag-enoturismo tag-estepona tag-mar tag-plentzia tag-ribadedeva tag-vino\" style=\"\"><div class=\"ub-block-post-grid-image\" style=\"\"><a href=\"https:\/\/www.escapadarural.com\/blog\/bodegas-submarinas-espana\/\" rel=\"bookmark\" aria-hidden=\"true\" tabindex=\"-1\"><img loading=\"lazy\" decoding=\"async\" width=\"2048\" height=\"1220\" src=\"https:\/\/www.escapadarural.com\/blog\/wp-content\/uploads\/2025\/08\/AdobeStock_962925012-scaled.webp\" class=\"attachment-full size-full\" alt=\"Botella bajo el mar. Por Por Nadin Faust\/ generado por IA\" style=\"max-width: 600px; \" srcset=\"https:\/\/www.escapadarural.com\/blog\/wp-content\/uploads\/2025\/08\/AdobeStock_962925012-200x119.webp 200w, https:\/\/www.escapadarural.com\/blog\/wp-content\/uploads\/2025\/08\/AdobeStock_962925012-300x179.webp 300w, https:\/\/www.escapadarural.com\/blog\/wp-content\/uploads\/2025\/08\/AdobeStock_962925012-400x238.webp 400w, https:\/\/www.escapadarural.com\/blog\/wp-content\/uploads\/2025\/08\/AdobeStock_962925012-600x357.webp 600w, https:\/\/www.escapadarural.com\/blog\/wp-content\/uploads\/2025\/08\/AdobeStock_962925012-768x457.webp 768w, https:\/\/www.escapadarural.com\/blog\/wp-content\/uploads\/2025\/08\/AdobeStock_962925012-800x476.webp 800w, https:\/\/www.escapadarural.com\/blog\/wp-content\/uploads\/2025\/08\/AdobeStock_962925012-1024x610.webp 1024w, https:\/\/www.escapadarural.com\/blog\/wp-content\/uploads\/2025\/08\/AdobeStock_962925012-1200x715.webp 1200w, https:\/\/www.escapadarural.com\/blog\/wp-content\/uploads\/2025\/08\/AdobeStock_962925012-1536x915.webp 1536w, https:\/\/www.escapadarural.com\/blog\/wp-content\/uploads\/2025\/08\/AdobeStock_962925012-scaled.webp 2048w\" sizes=\"auto, (max-width: 2048px) 100vw, 2048px\"><\/a><\/div><div class=\"ub-block-post-grid-text\" style=\"\"><div class=\"ub-block-post-grid-header-content\"><header class=\"ub-block-post-grid-header\"><h3 class=\"ub-block-post-grid-title\"><a style=\"\" href=\"https:\/\/www.escapadarural.com\/blog\/bodegas-submarinas-espana\/\" rel=\"bookmark\">Bodegas espa\u00f1olas bajo el mar<\/a><\/h3><\/header><\/div><div class=\"ub-block-post-grid-excerpt\"><div class=\"ub-block-post-grid-excerpt-text\" style=\"\"><p>Existe una modalidad poco conocida pero muy atrayente para el enoturismo: la bodega submarina. En Espa\u00f1a hay m\u00e1s de una decena .<\/p>\n<\/div><\/div><\/div><\/article>\n<article id=\"post-187046\" class=\"ub-post-grid-item post-187046 post type-post status-publish format-standard has-post-thumbnail hentry category-rutas-y-excursiones tag-enoturismo tag-espana tag-listado tag-rutas-del-vino\" style=\"\"><div class=\"ub-block-post-grid-image\" style=\"\"><a href=\"https:\/\/www.escapadarural.com\/blog\/rutas-del-vino-en-espana\/\" rel=\"bookmark\" aria-hidden=\"true\" tabindex=\"-1\"><img loading=\"lazy\" decoding=\"async\" width=\"1024\" height=\"771\" src=\"https:\/\/www.escapadarural.com\/blog\/wp-content\/uploads\/2025\/01\/AdobeStock_770121237_Editorial_Use_Only_WP_08.webp\" class=\"attachment-full size-full\" alt=\"Elciego, \u00c1lava\" style=\"max-width: 600px; \" srcset=\"https:\/\/www.escapadarural.com\/blog\/wp-content\/uploads\/2025\/01\/AdobeStock_770121237_Editorial_Use_Only_WP_08-200x151.webp 200w, https:\/\/www.escapadarural.com\/blog\/wp-content\/uploads\/2025\/01\/AdobeStock_770121237_Editorial_Use_Only_WP_08-300x226.webp 300w, https:\/\/www.escapadarural.com\/blog\/wp-content\/uploads\/2025\/01\/AdobeStock_770121237_Editorial_Use_Only_WP_08-400x301.webp 400w, https:\/\/www.escapadarural.com\/blog\/wp-content\/uploads\/2025\/01\/AdobeStock_770121237_Editorial_Use_Only_WP_08-600x452.webp 600w, https:\/\/www.escapadarural.com\/blog\/wp-content\/uploads\/2025\/01\/AdobeStock_770121237_Editorial_Use_Only_WP_08-768x578.webp 768w, https:\/\/www.escapadarural.com\/blog\/wp-content\/uploads\/2025\/01\/AdobeStock_770121237_Editorial_Use_Only_WP_08-800x602.webp 800w, https:\/\/www.escapadarural.com\/blog\/wp-content\/uploads\/2025\/01\/AdobeStock_770121237_Editorial_Use_Only_WP_08.webp 1024w\" sizes=\"auto, (max-width: 1024px) 100vw, 1024px\"><\/a><\/div><div class=\"ub-block-post-grid-text\" style=\"\"><div class=\"ub-block-post-grid-header-content\"><header class=\"ub-block-post-grid-header\"><h3 class=\"ub-block-post-grid-title\"><a style=\"\" href=\"https:\/\/www.escapadarural.com\/blog\/rutas-del-vino-en-espana\/\" rel=\"bookmark\">7 rutas del vino en Espa\u00f1a<\/a><\/h3><\/header><\/div><div class=\"ub-block-post-grid-excerpt\"><div class=\"ub-block-post-grid-excerpt-text\" style=\"\"><p>Rutas del vino en Espa\u00f1a para catar uno de los manjares m\u00e1s populares del pa\u00eds, pasear entre vi\u00f1edos y conocer su patrimonio<\/p>\n<\/div><\/div><\/div><\/article>\n<article id=\"post-193126\" class=\"ub-post-grid-item post-193126 post type-post status-publish format-standard has-post-thumbnail hentry category-destinos tag-antonio-gaudi tag-baltanas tag-bodegas-subterraneas tag-que-ver-en-castilla-y-leon tag-enoturismo tag-que-ver-en-palencia tag-vino\" style=\"\"><div class=\"ub-block-post-grid-image\" style=\"\"><a href=\"https:\/\/www.escapadarural.com\/blog\/baltanas-pueblo-bodegas-subterraneas\/\" rel=\"bookmark\" aria-hidden=\"true\" tabindex=\"-1\"><img loading=\"lazy\" decoding=\"async\" width=\"2048\" height=\"1365\" src=\"https:\/\/www.escapadarural.com\/blog\/wp-content\/uploads\/2025\/02\/bodegas_baltanas-scaled.jpeg\" class=\"attachment-full size-full\" alt=\"Bodegas subterr\u00e1neas de Baltan\u00e1s, en Palencia. Por David Paniagua.\" style=\"max-width: 600px; \" srcset=\"https:\/\/www.escapadarural.com\/blog\/wp-content\/uploads\/2025\/02\/bodegas_baltanas-200x133.jpeg 200w, https:\/\/www.escapadarural.com\/blog\/wp-content\/uploads\/2025\/02\/bodegas_baltanas-300x200.jpeg 300w, https:\/\/www.escapadarural.com\/blog\/wp-content\/uploads\/2025\/02\/bodegas_baltanas-400x267.jpeg 400w, https:\/\/www.escapadarural.com\/blog\/wp-content\/uploads\/2025\/02\/bodegas_baltanas-600x400.jpeg 600w, https:\/\/www.escapadarural.com\/blog\/wp-content\/uploads\/2025\/02\/bodegas_baltanas-768x512.jpeg 768w, https:\/\/www.escapadarural.com\/blog\/wp-content\/uploads\/2025\/02\/bodegas_baltanas-800x533.jpeg 800w, https:\/\/www.escapadarural.com\/blog\/wp-content\/uploads\/2025\/02\/bodegas_baltanas-1024x683.jpeg 1024w, https:\/\/www.escapadarural.com\/blog\/wp-content\/uploads\/2025\/02\/bodegas_baltanas-1200x800.jpeg 1200w, https:\/\/www.escapadarural.com\/blog\/wp-content\/uploads\/2025\/02\/bodegas_baltanas-1536x1024.jpeg 1536w, https:\/\/www.escapadarural.com\/blog\/wp-content\/uploads\/2025\/02\/bodegas_baltanas-scaled.jpeg 2048w\" sizes=\"auto, (max-width: 2048px) 100vw, 2048px\"><\/a><\/div><div class=\"ub-block-post-grid-text\" style=\"\"><div class=\"ub-block-post-grid-header-content\"><header class=\"ub-block-post-grid-header\"><h3 class=\"ub-block-post-grid-title\"><a style=\"\" href=\"https:\/\/www.escapadarural.com\/blog\/baltanas-pueblo-bodegas-subterraneas\/\" rel=\"bookmark\">Las bodegas subterr\u00e1neas que inspiraron a Gaud\u00ed<\/a><\/h3><\/header><\/div><div class=\"ub-block-post-grid-excerpt\"><div class=\"ub-block-post-grid-excerpt-text\" style=\"\"><p>En el pueblo palentino Baltan\u00e1s hay 374 bodegas subterr\u00e1neas que empezaron a funcionar en el siglo XVI.<\/p>\n<\/div><\/div><\/div><\/article>\n<article id=\"post-186542\" class=\"ub-post-grid-item post-186542 post type-post status-publish format-standard has-post-thumbnail hentry category-arte-y-cultura tag-que-ver-en-alava tag-bodegas tag-enoturismo tag-gastronomia tag-que-ver-en-guipuzcoa tag-que-ver-en-pais-vasco tag-vino tag-que-ver-en-vizcaya\" style=\"\"><div class=\"ub-block-post-grid-image\" style=\"\"><a href=\"https:\/\/www.escapadarural.com\/blog\/txakoli-vasco-cultivo-fiesta\/\" rel=\"bookmark\" aria-hidden=\"true\" tabindex=\"-1\"><img loading=\"lazy\" decoding=\"async\" width=\"1024\" height=\"684\" src=\"https:\/\/www.escapadarural.com\/blog\/wp-content\/uploads\/2025\/02\/AdobeStock_240843692_WP_01.webp\" class=\"attachment-full size-full\" alt=\"Vi\u00f1edos de txacol\u00ed, Guip\u00fazcoa.\" style=\"max-width: 600px; \" srcset=\"https:\/\/www.escapadarural.com\/blog\/wp-content\/uploads\/2025\/02\/AdobeStock_240843692_WP_01-200x134.webp 200w, https:\/\/www.escapadarural.com\/blog\/wp-content\/uploads\/2025\/02\/AdobeStock_240843692_WP_01-300x200.webp 300w, https:\/\/www.escapadarural.com\/blog\/wp-content\/uploads\/2025\/02\/AdobeStock_240843692_WP_01-400x267.webp 400w, https:\/\/www.escapadarural.com\/blog\/wp-content\/uploads\/2025\/02\/AdobeStock_240843692_WP_01-600x401.webp 600w, https:\/\/www.escapadarural.com\/blog\/wp-content\/uploads\/2025\/02\/AdobeStock_240843692_WP_01-768x513.webp 768w, https:\/\/www.escapadarural.com\/blog\/wp-content\/uploads\/2025\/02\/AdobeStock_240843692_WP_01-800x534.webp 800w, https:\/\/www.escapadarural.com\/blog\/wp-content\/uploads\/2025\/02\/AdobeStock_240843692_WP_01.webp 1024w\" sizes=\"auto, (max-width: 1024px) 100vw, 1024px\"><\/a><\/div><div class=\"ub-block-post-grid-text\" style=\"\"><div class=\"ub-block-post-grid-header-content\"><header class=\"ub-block-post-grid-header\"><h3 class=\"ub-block-post-grid-title\"><a style=\"\" href=\"https:\/\/www.escapadarural.com\/blog\/txakoli-vasco-cultivo-fiesta\/\" rel=\"bookmark\">Tras la pista del txakol\u00ed: un emblema de la gastronom\u00eda vasca<\/a><\/h3><\/header><\/div><div class=\"ub-block-post-grid-excerpt\"><div class=\"ub-block-post-grid-excerpt-text\" style=\"\"><p>Te invitamos a conocer los paisajes rurales llenos de contrastes en los que crece la uva del txakoli y a probarlo Getaria y otros lugares<\/p>\n<\/div><\/div><\/div><\/article>\n<article id=\"post-73370\" class=\"ub-post-grid-item post-73370 post type-post status-publish format-standard has-post-thumbnail hentry category-arte-y-cultura tag-arquitectura tag-el-cerrato-palentino tag-enoturismo tag-monumentos tag-que-ver-en-palencia tag-venta-de-banos\" style=\"\"><div class=\"ub-block-post-grid-image\" style=\"\"><a href=\"https:\/\/www.escapadarural.com\/blog\/iglesia-mas-antigua-de-espana\/\" rel=\"bookmark\" aria-hidden=\"true\" tabindex=\"-1\"><img loading=\"lazy\" decoding=\"async\" width=\"1024\" height=\"683\" src=\"https:\/\/www.escapadarural.com\/blog\/wp-content\/uploads\/2024\/10\/AdobeStock_33630933.webp\" class=\"attachment-full size-full\" alt=\"Peque\u00f1a capilla hist\u00f3rica de piedra con entrada arqueada y espada\u00f1a, rodeada de arbustos recortados y c\u00e9sped bajo un cielo azul despejado.\" style=\"max-width: 600px; \" srcset=\"https:\/\/www.escapadarural.com\/blog\/wp-content\/uploads\/2024\/10\/AdobeStock_33630933-200x133.webp 200w, https:\/\/www.escapadarural.com\/blog\/wp-content\/uploads\/2024\/10\/AdobeStock_33630933-300x200.webp 300w, https:\/\/www.escapadarural.com\/blog\/wp-content\/uploads\/2024\/10\/AdobeStock_33630933-400x267.webp 400w, https:\/\/www.escapadarural.com\/blog\/wp-content\/uploads\/2024\/10\/AdobeStock_33630933-600x400.webp 600w, https:\/\/www.escapadarural.com\/blog\/wp-content\/uploads\/2024\/10\/AdobeStock_33630933-768x512.webp 768w, https:\/\/www.escapadarural.com\/blog\/wp-content\/uploads\/2024\/10\/AdobeStock_33630933-800x534.webp 800w, https:\/\/www.escapadarural.com\/blog\/wp-content\/uploads\/2024\/10\/AdobeStock_33630933.webp 1024w\" sizes=\"auto, (max-width: 1024px) 100vw, 1024px\"><\/a><\/div><div class=\"ub-block-post-grid-text\" style=\"\"><div class=\"ub-block-post-grid-header-content\"><header class=\"ub-block-post-grid-header\"><h3 class=\"ub-block-post-grid-title\"><a style=\"\" href=\"https:\/\/www.escapadarural.com\/blog\/iglesia-mas-antigua-de-espana\/\" rel=\"bookmark\">San Juan de Ba\u00f1os, la iglesia m\u00e1s antigua de Espa\u00f1a que contin\u00faa en pie<\/a><\/h3><\/header><\/div><div class=\"ub-block-post-grid-excerpt\"><div class=\"ub-block-post-grid-excerpt-text\" style=\"\"><p>San Juan de Ba\u00f1os, en Palencia, est\u00e1 considerada la iglesia m\u00e1s antigua de Espa\u00f1a. Fue levantada en el a\u00f1o 611 en Ba\u00f1os de Cerrato, donde se encontraron aguas termales con propiedades curativas. <\/p>\n<\/div><\/div><\/div><\/article>\n<article id=\"post-70689\" class=\"ub-post-grid-item post-70689 post type-post status-publish format-standard has-post-thumbnail hentry category-destinos tag-que-ver-en-burgos tag-enoturismo tag-penaranda-de-duero tag-pueblos tag-ribera-del-duero tag-vino\" style=\"\"><div class=\"ub-block-post-grid-image\" style=\"\"><a href=\"https:\/\/www.escapadarural.com\/blog\/penaranda-de-duero-pueblo-medieval\/\" rel=\"bookmark\" aria-hidden=\"true\" tabindex=\"-1\"><img loading=\"lazy\" decoding=\"async\" width=\"2048\" height=\"1376\" src=\"https:\/\/www.escapadarural.com\/blog\/wp-content\/uploads\/2024\/02\/penaranda-de-duero-plaza-mayor-scaled-1.jpg\" class=\"attachment-full size-full\" alt=\"Plaza Mayor e iglesia de Pe\u00f1aranda de Duero, Burgos. Por Antonio Herrera\" style=\"max-width: 600px; \" srcset=\"https:\/\/www.escapadarural.com\/blog\/wp-content\/uploads\/2024\/02\/penaranda-de-duero-plaza-mayor-scaled-1-200x134.jpg 200w, https:\/\/www.escapadarural.com\/blog\/wp-content\/uploads\/2024\/02\/penaranda-de-duero-plaza-mayor-scaled-1-300x202.jpg 300w, https:\/\/www.escapadarural.com\/blog\/wp-content\/uploads\/2024\/02\/penaranda-de-duero-plaza-mayor-scaled-1-400x269.jpg 400w, https:\/\/www.escapadarural.com\/blog\/wp-content\/uploads\/2024\/02\/penaranda-de-duero-plaza-mayor-scaled-1-600x403.jpg 600w, https:\/\/www.escapadarural.com\/blog\/wp-content\/uploads\/2024\/02\/penaranda-de-duero-plaza-mayor-scaled-1-768x516.jpg 768w, https:\/\/www.escapadarural.com\/blog\/wp-content\/uploads\/2024\/02\/penaranda-de-duero-plaza-mayor-scaled-1-800x538.jpg 800w, https:\/\/www.escapadarural.com\/blog\/wp-content\/uploads\/2024\/02\/penaranda-de-duero-plaza-mayor-scaled-1-1024x688.jpg 1024w, https:\/\/www.escapadarural.com\/blog\/wp-content\/uploads\/2024\/02\/penaranda-de-duero-plaza-mayor-scaled-1-1200x806.jpg 1200w, https:\/\/www.escapadarural.com\/blog\/wp-content\/uploads\/2024\/02\/penaranda-de-duero-plaza-mayor-scaled-1-1536x1032.jpg 1536w, https:\/\/www.escapadarural.com\/blog\/wp-content\/uploads\/2024\/02\/penaranda-de-duero-plaza-mayor-scaled-1.jpg 2048w\" sizes=\"auto, (max-width: 2048px) 100vw, 2048px\"><\/a><\/div><div class=\"ub-block-post-grid-text\" style=\"\"><div class=\"ub-block-post-grid-header-content\"><header class=\"ub-block-post-grid-header\"><h3 class=\"ub-block-post-grid-title\"><a style=\"\" href=\"https:\/\/www.escapadarural.com\/blog\/penaranda-de-duero-pueblo-medieval\/\" rel=\"bookmark\">Pe\u00f1aranda de Duero, el pueblo medieval m\u00e1s bonito de la Ribera del Duero<\/a><\/h3><\/header><\/div><div class=\"ub-block-post-grid-excerpt\"><div class=\"ub-block-post-grid-excerpt-text\" style=\"\"><p>Situado en la Ribera del Duero, Burgos, Pe\u00f1aranda de Duero es un pueblo medieval que llama la atenci\u00f3n por su arquitectura, su castillo y la gastronom\u00eda, en la que por su situaci\u00f3n geogr\u00e1fica destaca por sus deliciosos vinos. <\/p>\n<\/div><\/div><\/div><\/article>\n<article id=\"post-67180\" class=\"ub-post-grid-item post-67180 post type-post status-publish format-standard has-post-thumbnail hentry category-destinos tag-articulo tag-atauta tag-bodegas tag-enoturismo tag-pueblos tag-ribera-del-duero tag-ruta-del-vino-ribera-del-duero\" style=\"\"><div class=\"ub-block-post-grid-image\" style=\"\"><a href=\"https:\/\/www.escapadarural.com\/blog\/atauta-bodegas-subterraneas-el-plantio\/\" rel=\"bookmark\" aria-hidden=\"true\" tabindex=\"-1\"><img loading=\"lazy\" decoding=\"async\" width=\"2048\" height=\"1179\" src=\"https:\/\/www.escapadarural.com\/blog\/wp-content\/uploads\/2024\/01\/el-plantio-atauta-1-scaled-1.jpg\" class=\"attachment-full size-full\" alt=\"El Plant\u00edo, Atauta\" style=\"max-width: 600px; \" srcset=\"https:\/\/www.escapadarural.com\/blog\/wp-content\/uploads\/2024\/01\/el-plantio-atauta-1-scaled-1-200x115.jpg 200w, https:\/\/www.escapadarural.com\/blog\/wp-content\/uploads\/2024\/01\/el-plantio-atauta-1-scaled-1-300x173.jpg 300w, https:\/\/www.escapadarural.com\/blog\/wp-content\/uploads\/2024\/01\/el-plantio-atauta-1-scaled-1-400x230.jpg 400w, https:\/\/www.escapadarural.com\/blog\/wp-content\/uploads\/2024\/01\/el-plantio-atauta-1-scaled-1-600x345.jpg 600w, https:\/\/www.escapadarural.com\/blog\/wp-content\/uploads\/2024\/01\/el-plantio-atauta-1-scaled-1-768x442.jpg 768w, https:\/\/www.escapadarural.com\/blog\/wp-content\/uploads\/2024\/01\/el-plantio-atauta-1-scaled-1-800x461.jpg 800w, https:\/\/www.escapadarural.com\/blog\/wp-content\/uploads\/2024\/01\/el-plantio-atauta-1-scaled-1-1024x590.jpg 1024w, https:\/\/www.escapadarural.com\/blog\/wp-content\/uploads\/2024\/01\/el-plantio-atauta-1-scaled-1-1200x691.jpg 1200w, https:\/\/www.escapadarural.com\/blog\/wp-content\/uploads\/2024\/01\/el-plantio-atauta-1-scaled-1-1536x884.jpg 1536w, https:\/\/www.escapadarural.com\/blog\/wp-content\/uploads\/2024\/01\/el-plantio-atauta-1-scaled-1.jpg 2048w\" sizes=\"auto, (max-width: 2048px) 100vw, 2048px\"><\/a><\/div><div class=\"ub-block-post-grid-text\" style=\"\"><div class=\"ub-block-post-grid-header-content\"><header class=\"ub-block-post-grid-header\"><h3 class=\"ub-block-post-grid-title\"><a style=\"\" href=\"https:\/\/www.escapadarural.com\/blog\/atauta-bodegas-subterraneas-el-plantio\/\" rel=\"bookmark\">Atauta: el pueblo con m\u00e1s bodegas subterr\u00e1neas que habitantes<\/a><\/h3><\/header><\/div><div class=\"ub-block-post-grid-excerpt\"><div class=\"ub-block-post-grid-excerpt-text\" style=\"\"><p>En la pintoresca comarca de la Ribera del Duero, entre extensos campos de vi\u00f1edos de la provincia de Soria, se encuentra un peque\u00f1o tesoro: Atauta y el Plant\u00edo. Un conjunto de bodegas y lagares declarados Bien de Inter\u00e9s Cultural. <\/p>\n<\/div><\/div><\/div><\/article>\n<article id=\"post-56102\" class=\"ub-post-grid-item post-56102 post type-post status-publish format-standard has-post-thumbnail hentry category-destinos tag-articulo tag-enoturismo tag-globo tag-haro tag-imprescindibles tag-imprescindibles-de-la-rioja tag-que-ver-en-la-rioja tag-pueblos\" style=\"\"><div class=\"ub-block-post-grid-image\" style=\"\"><a href=\"https:\/\/www.escapadarural.com\/blog\/un-paseo-por-haro\/\" rel=\"bookmark\" aria-hidden=\"true\" tabindex=\"-1\"><img loading=\"lazy\" decoding=\"async\" width=\"1024\" height=\"683\" src=\"https:\/\/www.escapadarural.com\/blog\/wp-content\/uploads\/2024\/10\/101_haro-1024x683-1.jpg\" class=\"attachment-full size-full\" alt=\"Haro, La Rioja\" style=\"max-width: 600px; \" srcset=\"https:\/\/www.escapadarural.com\/blog\/wp-content\/uploads\/2024\/10\/101_haro-1024x683-1-200x133.jpg 200w, https:\/\/www.escapadarural.com\/blog\/wp-content\/uploads\/2024\/10\/101_haro-1024x683-1-300x200.jpg 300w, https:\/\/www.escapadarural.com\/blog\/wp-content\/uploads\/2024\/10\/101_haro-1024x683-1-400x267.jpg 400w, https:\/\/www.escapadarural.com\/blog\/wp-content\/uploads\/2024\/10\/101_haro-1024x683-1-600x400.jpg 600w, https:\/\/www.escapadarural.com\/blog\/wp-content\/uploads\/2024\/10\/101_haro-1024x683-1-768x512.jpg 768w, https:\/\/www.escapadarural.com\/blog\/wp-content\/uploads\/2024\/10\/101_haro-1024x683-1-800x534.jpg 800w, https:\/\/www.escapadarural.com\/blog\/wp-content\/uploads\/2024\/10\/101_haro-1024x683-1.jpg 1024w\" sizes=\"auto, (max-width: 1024px) 100vw, 1024px\"><\/a><\/div><div class=\"ub-block-post-grid-text\" style=\"\"><div class=\"ub-block-post-grid-header-content\"><header class=\"ub-block-post-grid-header\"><h3 class=\"ub-block-post-grid-title\"><a style=\"\" href=\"https:\/\/www.escapadarural.com\/blog\/un-paseo-por-haro\/\" rel=\"bookmark\">Globos, vinos y escudos de condes: Un paseo por Haro<\/a><\/h3><\/header><\/div><div class=\"ub-block-post-grid-excerpt\"><div class=\"ub-block-post-grid-excerpt-text\" style=\"\"><p>La conocida como la capital del Rioja fue en su d\u00eda tambi\u00e9n tierra de Condes. Hoy, Haro es el destino perfecto para los amantes del enoturismo, para disfrutar de su patrimonio e incluso sobrevolarlo en globo. <\/p>\n<\/div><\/div><\/div><\/article>\n<\/div><\/section>","protected":false},"excerpt":{"rendered":"<p>Aranda de Duero (Burgos) es uno de esos pueblos a los que hay que ir s\u00ed o s\u00ed. No s\u00f3lo porque da gusto caminar por sus calles descubriendo rincones peculiares. Tambi\u00e9n por su fuerte apuesta por la cultura y la m\u00fasica. Por sus bodegas y vinos de gran calidad. Y, por supuesto, por su Lechazo Asado<\/p>\n","protected":false},"author":103,"featured_media":198172,"comment_status":"open","ping_status":"closed","sticky":false,"template":"","format":"standard","meta":{"_acf_changed":false,"om_disable_all_campaigns":false,"footnotes":""},"categories":[191],"tags":[1994,260,1505,439,5995,286,1995,212,985],"class_list":["post-8645","post","type-post","status-publish","format-standard","has-post-thumbnail","hentry","category-destinos","tag-aranda-de-duero","tag-articulo","tag-bodegas","tag-que-ver-en-burgos","tag-que-ver-en-castilla-y-leon","tag-enoturismo","tag-lechazo-asado","tag-pueblos","tag-vino"],"acf":[],"featured_image_src":"https:\/\/www.escapadarural.com\/blog\/wp-content\/uploads\/2023\/04\/aranda-de-duero-plaza.webp","author_info":{"display_name":"V\u00edctor Ferrando","author_link":"https:\/\/www.escapadarural.com\/blog\/autor\/victorferrando\/"},"yoast_head":"<!-- This site is optimized with the Yoast SEO plugin v27.5 - https:\/\/yoast.com\/product\/yoast-seo-wordpress\/ -->\n<title>Aranda de Duero, tierra de vino y lechazo asado - EscapadaRural<\/title>\n<meta name=\"robots\" content=\"index, follow, max-snippet:-1, max-image-preview:large, max-video-preview:-1\" \/>\n<link rel=\"canonical\" href=\"https:\/\/www.escapadarural.com\/blog\/aranda-de-duero-tierra-de-vino-y-lechazo-asado\/\" \/>\n<meta property=\"og:locale\" content=\"es_ES\" \/>\n<meta property=\"og:type\" content=\"article\" \/>\n<meta property=\"og:title\" content=\"Aranda de Duero, tierra de vino y lechazo asado - EscapadaRural\" \/>\n<meta property=\"og:description\" content=\"Aranda de Duero (Burgos) es uno de esos pueblos a los que hay que ir s\u00ed o s\u00ed. No s\u00f3lo porque da gusto caminar por sus calles descubriendo rincones peculiares. Tambi\u00e9n por su fuerte apuesta por la cultura y la m\u00fasica. Por sus bodegas y vinos de gran calidad. Y, por supuesto, por su Lechazo Asado\" \/>\n<meta property=\"og:url\" content=\"https:\/\/www.escapadarural.com\/blog\/aranda-de-duero-tierra-de-vino-y-lechazo-asado\/\" \/>\n<meta property=\"og:site_name\" content=\"Magazine de viajes de EscapadaRural\" \/>\n<meta property=\"article:publisher\" content=\"https:\/\/www.facebook.com\/escapadarural\" \/>\n<meta property=\"article:published_time\" content=\"2017-07-13T14:19:53+00:00\" \/>\n<meta property=\"article:modified_time\" content=\"2025-03-26T13:47:38+00:00\" \/>\n<meta property=\"og:image\" content=\"https:\/\/www.escapadarural.com\/blog\/wp-content\/uploads\/2023\/04\/aranda-de-duero-plaza.webp\" \/>\n\t<meta property=\"og:image:width\" content=\"1024\" \/>\n\t<meta property=\"og:image:height\" content=\"476\" \/>\n\t<meta property=\"og:image:type\" content=\"image\/webp\" \/>\n<meta name=\"author\" content=\"V\u00edctor Ferrando\" \/>\n<meta name=\"twitter:card\" content=\"summary_large_image\" \/>\n<meta name=\"twitter:label1\" content=\"Escrito por\" \/>\n\t<meta name=\"twitter:data1\" content=\"V\u00edctor Ferrando\" \/>\n\t<meta name=\"twitter:label2\" content=\"Tiempo de lectura\" \/>\n\t<meta name=\"twitter:data2\" content=\"10 minutos\" \/>\n<script type=\"application\/ld+json\" class=\"yoast-schema-graph\">{\"@context\":\"https:\\\/\\\/schema.org\",\"@graph\":[{\"@type\":\"Article\",\"@id\":\"https:\\\/\\\/www.escapadarural.com\\\/blog\\\/aranda-de-duero-tierra-de-vino-y-lechazo-asado\\\/#article\",\"isPartOf\":{\"@id\":\"https:\\\/\\\/www.escapadarural.com\\\/blog\\\/aranda-de-duero-tierra-de-vino-y-lechazo-asado\\\/\"},\"author\":{\"name\":\"V\u00edctor Ferrando\",\"@id\":\"https:\\\/\\\/www.escapadarural.com\\\/blog\\\/#\\\/schema\\\/person\\\/de7f84eecf712cc79327d46a6a8ad14d\"},\"headline\":\"Aranda de Duero, tierra de vino y lechazo asado\",\"datePublished\":\"2017-07-13T14:19:53+00:00\",\"dateModified\":\"2025-03-26T13:47:38+00:00\",\"mainEntityOfPage\":{\"@id\":\"https:\\\/\\\/www.escapadarural.com\\\/blog\\\/aranda-de-duero-tierra-de-vino-y-lechazo-asado\\\/\"},\"wordCount\":924,\"commentCount\":0,\"publisher\":{\"@id\":\"https:\\\/\\\/www.escapadarural.com\\\/blog\\\/#organization\"},\"image\":{\"@id\":\"https:\\\/\\\/www.escapadarural.com\\\/blog\\\/aranda-de-duero-tierra-de-vino-y-lechazo-asado\\\/#primaryimage\"},\"thumbnailUrl\":\"https:\\\/\\\/www.escapadarural.com\\\/blog\\\/wp-content\\\/uploads\\\/2023\\\/04\\\/aranda-de-duero-plaza.webp\",\"keywords\":[\"Aranda de Duero\",\"art\u00edculo\",\"Bodegas\",\"Burgos\",\"Castilla y Le\u00f3n\",\"Enoturismo\",\"Lechazo asado\",\"pueblos\",\"vino\"],\"articleSection\":[\"Destinos\"],\"inLanguage\":\"es\",\"potentialAction\":[{\"@type\":\"CommentAction\",\"name\":\"Comment\",\"target\":[\"https:\\\/\\\/www.escapadarural.com\\\/blog\\\/aranda-de-duero-tierra-de-vino-y-lechazo-asado\\\/#respond\"]}]},{\"@type\":\"WebPage\",\"@id\":\"https:\\\/\\\/www.escapadarural.com\\\/blog\\\/aranda-de-duero-tierra-de-vino-y-lechazo-asado\\\/\",\"url\":\"https:\\\/\\\/www.escapadarural.com\\\/blog\\\/aranda-de-duero-tierra-de-vino-y-lechazo-asado\\\/\",\"name\":\"Aranda de Duero, tierra de vino y lechazo asado - EscapadaRural\",\"isPartOf\":{\"@id\":\"https:\\\/\\\/www.escapadarural.com\\\/blog\\\/#website\"},\"primaryImageOfPage\":{\"@id\":\"https:\\\/\\\/www.escapadarural.com\\\/blog\\\/aranda-de-duero-tierra-de-vino-y-lechazo-asado\\\/#primaryimage\"},\"image\":{\"@id\":\"https:\\\/\\\/www.escapadarural.com\\\/blog\\\/aranda-de-duero-tierra-de-vino-y-lechazo-asado\\\/#primaryimage\"},\"thumbnailUrl\":\"https:\\\/\\\/www.escapadarural.com\\\/blog\\\/wp-content\\\/uploads\\\/2023\\\/04\\\/aranda-de-duero-plaza.webp\",\"datePublished\":\"2017-07-13T14:19:53+00:00\",\"dateModified\":\"2025-03-26T13:47:38+00:00\",\"breadcrumb\":{\"@id\":\"https:\\\/\\\/www.escapadarural.com\\\/blog\\\/aranda-de-duero-tierra-de-vino-y-lechazo-asado\\\/#breadcrumb\"},\"inLanguage\":\"es\",\"potentialAction\":[{\"@type\":\"ReadAction\",\"target\":[\"https:\\\/\\\/www.escapadarural.com\\\/blog\\\/aranda-de-duero-tierra-de-vino-y-lechazo-asado\\\/\"]}]},{\"@type\":\"ImageObject\",\"inLanguage\":\"es\",\"@id\":\"https:\\\/\\\/www.escapadarural.com\\\/blog\\\/aranda-de-duero-tierra-de-vino-y-lechazo-asado\\\/#primaryimage\",\"url\":\"https:\\\/\\\/www.escapadarural.com\\\/blog\\\/wp-content\\\/uploads\\\/2023\\\/04\\\/aranda-de-duero-plaza.webp\",\"contentUrl\":\"https:\\\/\\\/www.escapadarural.com\\\/blog\\\/wp-content\\\/uploads\\\/2023\\\/04\\\/aranda-de-duero-plaza.webp\",\"width\":1024,\"height\":476,\"caption\":\"Aranda de Duero. Por rbduque\"},{\"@type\":\"BreadcrumbList\",\"@id\":\"https:\\\/\\\/www.escapadarural.com\\\/blog\\\/aranda-de-duero-tierra-de-vino-y-lechazo-asado\\\/#breadcrumb\",\"itemListElement\":[{\"@type\":\"ListItem\",\"position\":1,\"name\":\"Inicio\",\"item\":\"https:\\\/\\\/www.escapadarural.com\\\/blog\\\/\"},{\"@type\":\"ListItem\",\"position\":2,\"name\":\"Destinos\",\"item\":\"https:\\\/\\\/www.escapadarural.com\\\/blog\\\/categoria\\\/destinos\\\/\"},{\"@type\":\"ListItem\",\"position\":3,\"name\":\"Aranda de Duero, tierra de vino y lechazo asado\"}]},{\"@type\":\"WebSite\",\"@id\":\"https:\\\/\\\/www.escapadarural.com\\\/blog\\\/#website\",\"url\":\"https:\\\/\\\/www.escapadarural.com\\\/blog\\\/\",\"name\":\"Blog de viajes | turismo rural, alojamientos e inspiraci\u00f3n\",\"description\":\"Alojamientos rurales e inspiraci\u00f3n para tus escapadas\",\"publisher\":{\"@id\":\"https:\\\/\\\/www.escapadarural.com\\\/blog\\\/#organization\"},\"alternateName\":\"Magazine de viajes de EscapadaRural\",\"potentialAction\":[{\"@type\":\"SearchAction\",\"target\":{\"@type\":\"EntryPoint\",\"urlTemplate\":\"https:\\\/\\\/www.escapadarural.com\\\/blog\\\/?s={search_term_string}\"},\"query-input\":{\"@type\":\"PropertyValueSpecification\",\"valueRequired\":true,\"valueName\":\"search_term_string\"}}],\"inLanguage\":\"es\"},{\"@type\":\"Organization\",\"@id\":\"https:\\\/\\\/www.escapadarural.com\\\/blog\\\/#organization\",\"name\":\"EscapadaRural\",\"url\":\"https:\\\/\\\/www.escapadarural.com\\\/blog\\\/\",\"logo\":{\"@type\":\"ImageObject\",\"inLanguage\":\"es\",\"@id\":\"https:\\\/\\\/www.escapadarural.com\\\/blog\\\/#\\\/schema\\\/logo\\\/image\\\/\",\"url\":\"https:\\\/\\\/www.escapadarural.com\\\/blog\\\/wp-content\\\/uploads\\\/2024\\\/10\\\/cropped-cropped-escapada-rural-icon-mag-3.png\",\"contentUrl\":\"https:\\\/\\\/www.escapadarural.com\\\/blog\\\/wp-content\\\/uploads\\\/2024\\\/10\\\/cropped-cropped-escapada-rural-icon-mag-3.png\",\"width\":512,\"height\":512,\"caption\":\"EscapadaRural\"},\"image\":{\"@id\":\"https:\\\/\\\/www.escapadarural.com\\\/blog\\\/#\\\/schema\\\/logo\\\/image\\\/\"},\"sameAs\":[\"https:\\\/\\\/www.facebook.com\\\/escapadarural\",\"https:\\\/\\\/www.instagram.com\\\/escapadarural\\\/\",\"https:\\\/\\\/www.youtube.com\\\/@escapadaruralcom\"]},{\"@type\":\"Person\",\"@id\":\"https:\\\/\\\/www.escapadarural.com\\\/blog\\\/#\\\/schema\\\/person\\\/de7f84eecf712cc79327d46a6a8ad14d\",\"name\":\"V\u00edctor Ferrando\",\"image\":{\"@type\":\"ImageObject\",\"inLanguage\":\"es\",\"@id\":\"https:\\\/\\\/secure.gravatar.com\\\/avatar\\\/894ca87f82452fc2d4e81b2b17e7c1651aa21730a6865c35cb6c6e237a4a2f4f?s=96&d=mm&r=g\",\"url\":\"https:\\\/\\\/secure.gravatar.com\\\/avatar\\\/894ca87f82452fc2d4e81b2b17e7c1651aa21730a6865c35cb6c6e237a4a2f4f?s=96&d=mm&r=g\",\"contentUrl\":\"https:\\\/\\\/secure.gravatar.com\\\/avatar\\\/894ca87f82452fc2d4e81b2b17e7c1651aa21730a6865c35cb6c6e237a4a2f4f?s=96&d=mm&r=g\",\"caption\":\"V\u00edctor Ferrando\"},\"url\":\"https:\\\/\\\/www.escapadarural.com\\\/blog\\\/autor\\\/victorferrando\\\/\"}]}<\/script>\n<!-- \/ Yoast SEO plugin. -->","yoast_head_json":{"title":"Aranda de Duero, tierra de vino y lechazo asado - EscapadaRural","robots":{"index":"index","follow":"follow","max-snippet":"max-snippet:-1","max-image-preview":"max-image-preview:large","max-video-preview":"max-video-preview:-1"},"canonical":"https:\/\/www.escapadarural.com\/blog\/aranda-de-duero-tierra-de-vino-y-lechazo-asado\/","og_locale":"es_ES","og_type":"article","og_title":"Aranda de Duero, tierra de vino y lechazo asado - EscapadaRural","og_description":"Aranda de Duero (Burgos) es uno de esos pueblos a los que hay que ir s\u00ed o s\u00ed. No s\u00f3lo porque da gusto caminar por sus calles descubriendo rincones peculiares. Tambi\u00e9n por su fuerte apuesta por la cultura y la m\u00fasica. Por sus bodegas y vinos de gran calidad. Y, por supuesto, por su Lechazo Asado","og_url":"https:\/\/www.escapadarural.com\/blog\/aranda-de-duero-tierra-de-vino-y-lechazo-asado\/","og_site_name":"Magazine de viajes de EscapadaRural","article_publisher":"https:\/\/www.facebook.com\/escapadarural","article_published_time":"2017-07-13T14:19:53+00:00","article_modified_time":"2025-03-26T13:47:38+00:00","og_image":[{"width":1024,"height":476,"url":"https:\/\/www.escapadarural.com\/blog\/wp-content\/uploads\/2023\/04\/aranda-de-duero-plaza.webp","type":"image\/webp"}],"author":"V\u00edctor Ferrando","twitter_card":"summary_large_image","twitter_misc":{"Escrito por":"V\u00edctor Ferrando","Tiempo de lectura":"10 minutos"},"schema":{"@context":"https:\/\/schema.org","@graph":[{"@type":"Article","@id":"https:\/\/www.escapadarural.com\/blog\/aranda-de-duero-tierra-de-vino-y-lechazo-asado\/#article","isPartOf":{"@id":"https:\/\/www.escapadarural.com\/blog\/aranda-de-duero-tierra-de-vino-y-lechazo-asado\/"},"author":{"name":"V\u00edctor Ferrando","@id":"https:\/\/www.escapadarural.com\/blog\/#\/schema\/person\/de7f84eecf712cc79327d46a6a8ad14d"},"headline":"Aranda de Duero, tierra de vino y lechazo asado","datePublished":"2017-07-13T14:19:53+00:00","dateModified":"2025-03-26T13:47:38+00:00","mainEntityOfPage":{"@id":"https:\/\/www.escapadarural.com\/blog\/aranda-de-duero-tierra-de-vino-y-lechazo-asado\/"},"wordCount":924,"commentCount":0,"publisher":{"@id":"https:\/\/www.escapadarural.com\/blog\/#organization"},"image":{"@id":"https:\/\/www.escapadarural.com\/blog\/aranda-de-duero-tierra-de-vino-y-lechazo-asado\/#primaryimage"},"thumbnailUrl":"https:\/\/www.escapadarural.com\/blog\/wp-content\/uploads\/2023\/04\/aranda-de-duero-plaza.webp","keywords":["Aranda de Duero","art\u00edculo","Bodegas","Burgos","Castilla y Le\u00f3n","Enoturismo","Lechazo asado","pueblos","vino"],"articleSection":["Destinos"],"inLanguage":"es","potentialAction":[{"@type":"CommentAction","name":"Comment","target":["https:\/\/www.escapadarural.com\/blog\/aranda-de-duero-tierra-de-vino-y-lechazo-asado\/#respond"]}]},{"@type":"WebPage","@id":"https:\/\/www.escapadarural.com\/blog\/aranda-de-duero-tierra-de-vino-y-lechazo-asado\/","url":"https:\/\/www.escapadarural.com\/blog\/aranda-de-duero-tierra-de-vino-y-lechazo-asado\/","name":"Aranda de Duero, tierra de vino y lechazo asado - EscapadaRural","isPartOf":{"@id":"https:\/\/www.escapadarural.com\/blog\/#website"},"primaryImageOfPage":{"@id":"https:\/\/www.escapadarural.com\/blog\/aranda-de-duero-tierra-de-vino-y-lechazo-asado\/#primaryimage"},"image":{"@id":"https:\/\/www.escapadarural.com\/blog\/aranda-de-duero-tierra-de-vino-y-lechazo-asado\/#primaryimage"},"thumbnailUrl":"https:\/\/www.escapadarural.com\/blog\/wp-content\/uploads\/2023\/04\/aranda-de-duero-plaza.webp","datePublished":"2017-07-13T14:19:53+00:00","dateModified":"2025-03-26T13:47:38+00:00","breadcrumb":{"@id":"https:\/\/www.escapadarural.com\/blog\/aranda-de-duero-tierra-de-vino-y-lechazo-asado\/#breadcrumb"},"inLanguage":"es","potentialAction":[{"@type":"ReadAction","target":["https:\/\/www.escapadarural.com\/blog\/aranda-de-duero-tierra-de-vino-y-lechazo-asado\/"]}]},{"@type":"ImageObject","inLanguage":"es","@id":"https:\/\/www.escapadarural.com\/blog\/aranda-de-duero-tierra-de-vino-y-lechazo-asado\/#primaryimage","url":"https:\/\/www.escapadarural.com\/blog\/wp-content\/uploads\/2023\/04\/aranda-de-duero-plaza.webp","contentUrl":"https:\/\/www.escapadarural.com\/blog\/wp-content\/uploads\/2023\/04\/aranda-de-duero-plaza.webp","width":1024,"height":476,"caption":"Aranda de Duero. Por rbduque"},{"@type":"BreadcrumbList","@id":"https:\/\/www.escapadarural.com\/blog\/aranda-de-duero-tierra-de-vino-y-lechazo-asado\/#breadcrumb","itemListElement":[{"@type":"ListItem","position":1,"name":"Inicio","item":"https:\/\/www.escapadarural.com\/blog\/"},{"@type":"ListItem","position":2,"name":"Destinos","item":"https:\/\/www.escapadarural.com\/blog\/categoria\/destinos\/"},{"@type":"ListItem","position":3,"name":"Aranda de Duero, tierra de vino y lechazo asado"}]},{"@type":"WebSite","@id":"https:\/\/www.escapadarural.com\/blog\/#website","url":"https:\/\/www.escapadarural.com\/blog\/","name":"Blog de viajes | turismo rural, alojamientos e inspiraci\u00f3n","description":"Alojamientos rurales e inspiraci\u00f3n para tus escapadas","publisher":{"@id":"https:\/\/www.escapadarural.com\/blog\/#organization"},"alternateName":"Magazine de viajes de EscapadaRural","potentialAction":[{"@type":"SearchAction","target":{"@type":"EntryPoint","urlTemplate":"https:\/\/www.escapadarural.com\/blog\/?s={search_term_string}"},"query-input":{"@type":"PropertyValueSpecification","valueRequired":true,"valueName":"search_term_string"}}],"inLanguage":"es"},{"@type":"Organization","@id":"https:\/\/www.escapadarural.com\/blog\/#organization","name":"EscapadaRural","url":"https:\/\/www.escapadarural.com\/blog\/","logo":{"@type":"ImageObject","inLanguage":"es","@id":"https:\/\/www.escapadarural.com\/blog\/#\/schema\/logo\/image\/","url":"https:\/\/www.escapadarural.com\/blog\/wp-content\/uploads\/2024\/10\/cropped-cropped-escapada-rural-icon-mag-3.png","contentUrl":"https:\/\/www.escapadarural.com\/blog\/wp-content\/uploads\/2024\/10\/cropped-cropped-escapada-rural-icon-mag-3.png","width":512,"height":512,"caption":"EscapadaRural"},"image":{"@id":"https:\/\/www.escapadarural.com\/blog\/#\/schema\/logo\/image\/"},"sameAs":["https:\/\/www.facebook.com\/escapadarural","https:\/\/www.instagram.com\/escapadarural\/","https:\/\/www.youtube.com\/@escapadaruralcom"]},{"@type":"Person","@id":"https:\/\/www.escapadarural.com\/blog\/#\/schema\/person\/de7f84eecf712cc79327d46a6a8ad14d","name":"V\u00edctor Ferrando","image":{"@type":"ImageObject","inLanguage":"es","@id":"https:\/\/secure.gravatar.com\/avatar\/894ca87f82452fc2d4e81b2b17e7c1651aa21730a6865c35cb6c6e237a4a2f4f?s=96&d=mm&r=g","url":"https:\/\/secure.gravatar.com\/avatar\/894ca87f82452fc2d4e81b2b17e7c1651aa21730a6865c35cb6c6e237a4a2f4f?s=96&d=mm&r=g","contentUrl":"https:\/\/secure.gravatar.com\/avatar\/894ca87f82452fc2d4e81b2b17e7c1651aa21730a6865c35cb6c6e237a4a2f4f?s=96&d=mm&r=g","caption":"V\u00edctor Ferrando"},"url":"https:\/\/www.escapadarural.com\/blog\/autor\/victorferrando\/"}]}},"_links":{"self":[{"href":"https:\/\/www.escapadarural.com\/blog\/wp-json\/wp\/v2\/posts\/8645","targetHints":{"allow":["GET"]}}],"collection":[{"href":"https:\/\/www.escapadarural.com\/blog\/wp-json\/wp\/v2\/posts"}],"about":[{"href":"https:\/\/www.escapadarural.com\/blog\/wp-json\/wp\/v2\/types\/post"}],"author":[{"embeddable":true,"href":"https:\/\/www.escapadarural.com\/blog\/wp-json\/wp\/v2\/users\/103"}],"replies":[{"embeddable":true,"href":"https:\/\/www.escapadarural.com\/blog\/wp-json\/wp\/v2\/comments?post=8645"}],"version-history":[{"count":0,"href":"https:\/\/www.escapadarural.com\/blog\/wp-json\/wp\/v2\/posts\/8645\/revisions"}],"wp:featuredmedia":[{"embeddable":true,"href":"https:\/\/www.escapadarural.com\/blog\/wp-json\/wp\/v2\/media\/198172"}],"wp:attachment":[{"href":"https:\/\/www.escapadarural.com\/blog\/wp-json\/wp\/v2\/media?parent=8645"}],"wp:term":[{"taxonomy":"category","embeddable":true,"href":"https:\/\/www.escapadarural.com\/blog\/wp-json\/wp\/v2\/categories?post=8645"},{"taxonomy":"post_tag","embeddable":true,"href":"https:\/\/www.escapadarural.com\/blog\/wp-json\/wp\/v2\/tags?post=8645"}],"curies":[{"name":"wp","href":"https:\/\/api.w.org\/{rel}","templated":true}]}}