{"id":8698,"date":"2017-08-06T18:00:54","date_gmt":"2017-08-06T18:00:54","guid":{"rendered":"http:\/\/15.188.81.248\/2017\/08\/06\/descubrir-la-costa-brava-con-josep-pla\/"},"modified":"2025-02-14T13:56:47","modified_gmt":"2025-02-14T11:56:47","slug":"descubrir-la-costa-brava-con-josep-pla","status":"publish","type":"post","link":"https:\/\/www.escapadarural.com\/blog\/descubrir-la-costa-brava-con-josep-pla\/","title":{"rendered":"Descubrir la Costa Brava con Josep Pla"},"content":{"rendered":"\n<figure class=\"wp-block-image size-large\"><a href=\"https:\/\/www.escapadarural.com\/blog\/wp-content\/uploads\/2017\/08\/Josep-Pla.jpg\"><img decoding=\"async\" src=\"https:\/\/www.escapadarural.com\/blog\/wp-content\/uploads\/2017\/08\/Josep-Pla.jpg\" alt=\"Josep Pla\" class=\"wp-image-28219\"\/><\/a><figcaption class=\"wp-element-caption\">Josep Pla de joven, sentado abajo a la derecha. Fuente: Museu d&#8217;Art Jaume Morera<\/figcaption><\/figure>\n\n\n\n<p>Resulta extra\u00f1o ver as\u00ed al que a\u00f1os despu\u00e9s se convirti\u00f3 en el hombre del abrigo. En la imagen, <a href=\"https:\/\/es.wikipedia.org\/wiki\/Josep_Pla\" target=\"_blank\" aria-label=\" (opens in a new tab)\" rel=\"noreferrer noopener\" class=\"rank-math-link\">Josep Pla<\/a> tiene 18 a\u00f1os y aparece junto a un grupo de ba\u00f1istas en la playa del Canadell, en Calella de Palafrugell. El fot\u00f3grafo ha entrado en el mar con el tr\u00edpode y la c\u00e1mara para retratar al grupo. Detr\u00e1s de los ba\u00f1istas se ven las casas de veraneo, entre ellas la de la familia del joven escritor, y, a pie de arena, las barracas para guardar los aperos de la pesca, hoy rehabilitadas y con sus puertas pintadas de vivos colores.<\/p>\n\n\n\n<p>Josep Pla sonr\u00ede. Se le ve feliz. En el <em>Cuaderno gris<\/em>, en la entrada del 2 de agosto de 1918, el escritor explica que una de las mayores delicias de la <strong>playa del Canadell<\/strong> es tumbarse en la sombra entre dos barcas despu\u00e9s de comer para quedarse dormido, sintiendo la brisa y el olor que produce el marisco y las algas al sol.<\/p>\n\n\n\n<p>Mucho m\u00e1s tarde escribi\u00f3 su <em>Gu\u00eda de la Costa Brava<\/em>, pero lo cierto es que a lo largo de su extensa obra hay referencias a esta zona del litoral catal\u00e1n. Josep Pla y el paisaje de la <a href=\"https:\/\/www.escapadarural.com\/casas-rurales\/costa-brava\" target=\"_blank\" label=\" (opens in a new tab)\" rel=\"noreferrer noopener\" class=\"rank-math-link\">Costa Brava<\/a> est\u00e1n asociados: es geograf\u00eda de calas con aguas turquesas y, a la vez, escenario literario.<\/p>\n\n\n\n<h2 class=\"wp-block-heading title-rute\" id=\"h-ruta-josep-pla-por-la-costa-brava\">Ruta Josep Pla por la Costa Brava<\/h2>\n\n\n<div class=\"wp-block-image\">\n<figure class=\"aligncenter size-large\"><a href=\"https:\/\/www.escapadarural.com\/blog\/wp-content\/uploads\/2017\/08\/Calella-de-Palafrugell-680x453-1.jpg\"><img decoding=\"async\" src=\"https:\/\/www.escapadarural.com\/blog\/wp-content\/uploads\/2017\/08\/Calella-de-Palafrugell-680x453-1.jpg\" alt=\"Calella de Palafrugell\" class=\"wp-image-28218\"\/><\/a><figcaption class=\"wp-element-caption\">Calella de Palafrugell. Fuente: holbox<\/figcaption><\/figure>\n<\/div>\n\n\n<p>Nada mejor para iniciar la ruta Josep Pla por la Costa Brava que donde comienza todo: en el lugar de nacimiento. El escritor naci\u00f3 el 8 de marzo de 1897 en el Carrer Nou de Palafrugell. En la actualidad en el edificio se ubica la Fundaci\u00f3 Josep Pla, que dise\u00f1\u00f3 y gestiona la ruta del escritor por la provincia.<\/p>\n\n\n\n<p>Cuando Josep Pla ten\u00eda siete a\u00f1os, la familia se traslad\u00f3 a la calle de Torres y Jonama, en el n\u00famero 56. Cerca se encuentra la Plaza Nueva, que es el coraz\u00f3n de Palafrugell. All\u00ed se encuentran edificios como el del antiguo C\u00edrculo Mercantil (cerrado en 1988, hoy es el Teatro Municipal) y el del Centro Fraternal, todav\u00eda en funcionamiento.<\/p>\n\n\n<div class=\"wp-block-image\">\n<figure class=\"aligncenter size-large\"><a href=\"https:\/\/www.escapadarural.com\/blog\/wp-content\/uploads\/2017\/08\/Sa-Tuna-2-680x454-1.jpg\"><img decoding=\"async\" src=\"https:\/\/www.escapadarural.com\/blog\/wp-content\/uploads\/2017\/08\/Sa-Tuna-2-680x454-1.jpg\" alt=\"Sa Tuna\" class=\"wp-image-28217\"\/><\/a><figcaption class=\"wp-element-caption\">Sa Tuna. Fuente: funkyfrogstock<\/figcaption><\/figure>\n<\/div>\n\n\n<p>La ruta de Josep Pla contin\u00faa por el litoral y va desde <a href=\"https:\/\/www.escapadarural.com\/blog\/ruta-por-los-pueblos-mas-bonitos-del-corazon-de-la-costa-brava\/\" target=\"_blank\" aria-label=\" (opens in a new tab)\" rel=\"noreferrer noopener\" class=\"rank-math-link\">Tamariu<\/a> hasta Calella de Palafrugel. La primera parte hasta Llafranc se puede realizar por un camino de ronda que conduce al <strong>faro de San Sebati\u00e1n<\/strong>, el mirador favorito del escritor.<\/p>\n\n\n\n<p>Tal vez desde este faro escribi\u00f3 aquello de que \u201cen toda esta parte de la costa la naturaleza parece complacerse en ofrecer sus m\u00e1s aut\u00e9nticas e inolvidables combinaciones de tierra y mar, de bravura y delicadeza, de geolog\u00eda y de sensibilidad\u201d. Desde Llafranc parte otro camino de ronda hasta Calella de Palafrugell, donde encontramos la playa del Canadell.<\/p>\n\n\n\n<h2 class=\"wp-block-heading title-rute\" id=\"h-el-cadaques-de-josep-pla\">El Cadaqu\u00e9s de Josep Pla<\/h2>\n\n\n<div class=\"wp-block-image\">\n<figure class=\"aligncenter size-large\"><a href=\"https:\/\/www.escapadarural.com\/blog\/wp-content\/uploads\/2017\/08\/Cadaqu\u00e9s2-680x466-1.jpg\"><img decoding=\"async\" src=\"https:\/\/www.escapadarural.com\/blog\/wp-content\/uploads\/2017\/08\/Cadaqu\u00e9s2-680x466-1.jpg\" alt=\"Cadaqu\u00e9s\" class=\"wp-image-28216\"\/><\/a><figcaption class=\"wp-element-caption\">Cadaqu\u00e9s. Fuente: m. letschert<\/figcaption><\/figure>\n<\/div>\n\n\n<p>A poco m\u00e1s de 80 kil\u00f3metros se encuentra otro de los enclaves imprescindibles al hablar de Costa Brava y Josep Pla: Cadaqu\u00e9s, uno de los pueblos m\u00e1s literarios del litoral catal\u00e1n.<\/p>\n\n\n\n<p>Al escritor le gustaba este peque\u00f1o pueblo marinero de casas encaladas sobre todo en invierno, cuando acud\u00eda y caminaba por sus calles \u2013con luna o a oscuras, con <a href=\"https:\/\/es.wikipedia.org\/wiki\/Tramontana\" target=\"_blank\" aria-label=\" (opens in a new tab)\" rel=\"noreferrer noopener\" class=\"rank-math-link\">tramuntana<\/a> o con calma, con lluvia o con estrellas luminosas\u2013 para pensar. Otro que coincidi\u00f3 en reconocer la belleza de Cadaqu\u00e9s fue Salvador Dal\u00ed, para quien era el pueblo m\u00e1s bonito del mundo.<\/p>\n\n\n\n<h2 class=\"wp-block-heading title-rute\" id=\"h-el-final-de-toda-ruta\">El final de toda ruta<\/h2>\n\n\n\n<p>La poblaci\u00f3n de Llofriu se encuentra en el interior, hacia la Bisbal d&#8217;Empord\u00e0. En el Mas Pla, una de esas t\u00edpicas mas\u00edas que salpican el paisaje de Girona, Josep Pla vivi\u00f3 un particular exilio durante los \u00faltimos a\u00f1os de su vida, solo roto cuando sal\u00eda de viaje para cubrir los reportajes que le encargaba la revista <em>Destino<\/em>. Ya que la mas\u00eda no es visitable, la ruta de Josep Pla por la Costa Brava puede terminar en el cementerio del municipio.<\/p>\n\n\n\n<p>El escritor fue enterrado el 24 de abril de 1981. Cuentan los corresponsales que sobre el f\u00e9retro fueron colocados un ramo de casta\u00f1o de la mas\u00eda y un ramo de rosas ligadas con una bandera catalana.<\/p>\n\n\n\n<p>El alcalde de Palafrugell en aquella \u00e9poca manifest\u00f3 que para ellos no hab\u00eda muerto, que segu\u00eda con ellos en su obra y afecto por Palafrugell, a la que hab\u00eda hecho universal. Es evidente que no se equivocaba. Hoy conocemos mejor la Costa Brava gracias a Josep Pla.<\/p>\n\n\n\n<h2 class=\"wp-block-heading\" id=\"h-mas-planes-en-la-costa-brava\">M\u00e1s planes en la Costa Brava<\/h2>\n\n\n<section class=\"wp-block-ub-post-grid ub-block-post-grid align  is-equal-height preserve-post-image-aspect-ratio\" style=\"\" id=\"ub-post-grid-\"><div class=\"ub-post-grid-items is-list\" style=\"row-gap: 32px; column-gap: 32px; \"><article id=\"post-216008\" class=\"ub-post-grid-item post-216008 post type-post status-publish format-standard has-post-thumbnail hentry category-alojamientos-rurales category-destinos tag-amigos tag-articulo tag-casas-rurales tag-que-ver-en-cataluna tag-costa-brava tag-ecologia tag-el-bosc-dali-baba tag-entrevista tag-familia tag-floracion tag-que-ver-en-girona tag-primavera tag-sant-tomas-de-fluvia\" style=\"\"><div class=\"ub-block-post-grid-image\" style=\"\"><a href=\"https:\/\/www.escapadarural.com\/blog\/el-bosc-ali-baba-jardin-techo\/\" rel=\"bookmark\" aria-hidden=\"true\" tabindex=\"-1\"><img loading=\"lazy\" decoding=\"async\" width=\"2048\" height=\"1518\" src=\"https:\/\/www.escapadarural.com\/blog\/wp-content\/uploads\/2026\/04\/5b407317ad749-scaled.jpeg\" class=\"attachment-full size-full\" alt=\"Tejado vegetal de El Bosc d\u2019Ali Baba (Girona)\" style=\"max-width: 600px; \" srcset=\"https:\/\/www.escapadarural.com\/blog\/wp-content\/uploads\/2026\/04\/5b407317ad749-200x148.jpeg 200w, https:\/\/www.escapadarural.com\/blog\/wp-content\/uploads\/2026\/04\/5b407317ad749-300x222.jpeg 300w, https:\/\/www.escapadarural.com\/blog\/wp-content\/uploads\/2026\/04\/5b407317ad749-400x297.jpeg 400w, https:\/\/www.escapadarural.com\/blog\/wp-content\/uploads\/2026\/04\/5b407317ad749-600x445.jpeg 600w, https:\/\/www.escapadarural.com\/blog\/wp-content\/uploads\/2026\/04\/5b407317ad749-768x569.jpeg 768w, https:\/\/www.escapadarural.com\/blog\/wp-content\/uploads\/2026\/04\/5b407317ad749-800x593.jpeg 800w, https:\/\/www.escapadarural.com\/blog\/wp-content\/uploads\/2026\/04\/5b407317ad749-1024x759.jpeg 1024w, https:\/\/www.escapadarural.com\/blog\/wp-content\/uploads\/2026\/04\/5b407317ad749-1200x890.jpeg 1200w, https:\/\/www.escapadarural.com\/blog\/wp-content\/uploads\/2026\/04\/5b407317ad749-1536x1139.jpeg 1536w, https:\/\/www.escapadarural.com\/blog\/wp-content\/uploads\/2026\/04\/5b407317ad749-scaled.jpeg 2048w\" sizes=\"auto, (max-width: 2048px) 100vw, 2048px\"><\/a><\/div><div class=\"ub-block-post-grid-text\" style=\"\"><div class=\"ub-block-post-grid-header-content\"><header class=\"ub-block-post-grid-header\"><h3 class=\"ub-block-post-grid-title\"><a style=\"\" href=\"https:\/\/www.escapadarural.com\/blog\/el-bosc-ali-baba-jardin-techo\/\" rel=\"bookmark\">Bajo un jard\u00edn de flores en el techo: el rinc\u00f3n de cuento en el que querr\u00e1s despertarte<\/a><\/h3><\/header><\/div><div class=\"ub-block-post-grid-excerpt\"><div class=\"ub-block-post-grid-excerpt-text\" style=\"\"><p>Abrir los ojos y encontrarte bajo las flores. Este jard\u00edn en el techo transforma tu estancia en algo m\u00e1gico como si estuvieras dentro de un cuento<\/p>\n<\/div><\/div><\/div><\/article>\n<article id=\"post-208805\" class=\"ub-post-grid-item post-208805 post type-post status-publish format-standard has-post-thumbnail hentry category-destinos tag-arrozales tag-que-ver-en-cataluna tag-costa-brava tag-familia tag-que-ver-en-girona tag-medieval tag-pals\" style=\"\"><div class=\"ub-block-post-grid-image\" style=\"\"><a href=\"https:\/\/www.escapadarural.com\/blog\/que-hacer-en-pals\/\" rel=\"bookmark\" aria-hidden=\"true\" tabindex=\"-1\"><img loading=\"lazy\" decoding=\"async\" width=\"2048\" height=\"1365\" src=\"https:\/\/www.escapadarural.com\/blog\/wp-content\/uploads\/2021\/03\/shutterstock_192441479.jpg\" class=\"attachment-full size-full\" alt=\"Pals (Girona).\" style=\"max-width: 600px; \" srcset=\"https:\/\/www.escapadarural.com\/blog\/wp-content\/uploads\/2021\/03\/shutterstock_192441479-200x133.jpg 200w, https:\/\/www.escapadarural.com\/blog\/wp-content\/uploads\/2021\/03\/shutterstock_192441479-300x200.jpg 300w, https:\/\/www.escapadarural.com\/blog\/wp-content\/uploads\/2021\/03\/shutterstock_192441479-400x267.jpg 400w, https:\/\/www.escapadarural.com\/blog\/wp-content\/uploads\/2021\/03\/shutterstock_192441479-600x400.jpg 600w, https:\/\/www.escapadarural.com\/blog\/wp-content\/uploads\/2021\/03\/shutterstock_192441479-768x512.jpg 768w, https:\/\/www.escapadarural.com\/blog\/wp-content\/uploads\/2021\/03\/shutterstock_192441479-800x533.jpg 800w, https:\/\/www.escapadarural.com\/blog\/wp-content\/uploads\/2021\/03\/shutterstock_192441479-1024x683.jpg 1024w, https:\/\/www.escapadarural.com\/blog\/wp-content\/uploads\/2021\/03\/shutterstock_192441479-1200x800.jpg 1200w, https:\/\/www.escapadarural.com\/blog\/wp-content\/uploads\/2021\/03\/shutterstock_192441479-1536x1024.jpg 1536w, https:\/\/www.escapadarural.com\/blog\/wp-content\/uploads\/2021\/03\/shutterstock_192441479.jpg 2048w\" sizes=\"auto, (max-width: 2048px) 100vw, 2048px\"><\/a><\/div><div class=\"ub-block-post-grid-text\" style=\"\"><div class=\"ub-block-post-grid-header-content\"><header class=\"ub-block-post-grid-header\"><h3 class=\"ub-block-post-grid-title\"><a style=\"\" href=\"https:\/\/www.escapadarural.com\/blog\/que-hacer-en-pals\/\" rel=\"bookmark\">Qu\u00e9 hacer en Pals, la joya medieval de Girona entre arrozales y mar<\/a><\/h3><\/header><\/div><div class=\"ub-block-post-grid-excerpt\"><div class=\"ub-block-post-grid-excerpt-text\" style=\"\"><p>Rodeado de arrozales, dunas y marismas, y con vistas al mar y al macizo del Montgr\u00ed e islas Medes, Pals ofrece un refugio rural con sabor medieval y belleza natural<\/p>\n<\/div><\/div><\/div><\/article>\n<article id=\"post-203554\" class=\"ub-post-grid-item post-203554 post type-post status-publish format-standard has-post-thumbnail hentry category-rutas-y-excursiones tag-que-ver-en-cataluna tag-costa-brava tag-deportes-aventura tag-que-ver-en-girona tag-rutas tag-sant-feliu-de-guixols tag-turismo-activo tag-verano tag-via-ferrata-cala-del-moli\" style=\"\"><div class=\"ub-block-post-grid-image\" style=\"\"><a href=\"https:\/\/www.escapadarural.com\/blog\/via-ferrata-cala-del-moli-girona\/\" rel=\"bookmark\" aria-hidden=\"true\" tabindex=\"-1\"><img loading=\"lazy\" decoding=\"async\" width=\"1200\" height=\"800\" src=\"https:\/\/www.escapadarural.com\/blog\/wp-content\/uploads\/2025\/06\/AdobeStock_266587739_ferrata3-scaled-e1751458173472.webp\" class=\"attachment-full size-full\" alt=\"V\u00eda ferrata Cala del Mol\u00ed. Por Miguel.\" style=\"max-width: 600px; \"><\/a><\/div><div class=\"ub-block-post-grid-text\" style=\"\"><div class=\"ub-block-post-grid-header-content\"><header class=\"ub-block-post-grid-header\"><h3 class=\"ub-block-post-grid-title\"><a style=\"\" href=\"https:\/\/www.escapadarural.com\/blog\/via-ferrata-cala-del-moli-girona\/\" rel=\"bookmark\">Solo hay una v\u00eda ferrata sobre el mar en toda Europa y est\u00e1 en esta preciosa cala de la Costa Brava<\/a><\/h3><\/header><\/div><div class=\"ub-block-post-grid-excerpt\"><div class=\"ub-block-post-grid-excerpt-text\" style=\"\"><p>La v\u00eda ferrata Cala del Mol\u00ed, en Sant Feliu de Gu\u00edxols (Girona), es famosa por ser la \u00fanica que transcurre sobre el mar. <\/p>\n<\/div><\/div><\/div><\/article>\n<article id=\"post-201614\" class=\"ub-post-grid-item post-201614 post type-post status-publish format-standard has-post-thumbnail hentry category-arte-y-cultura tag-que-ver-en-cataluna tag-costa-brava tag-que-ver-en-girona tag-jardines-de-santa-clotilde tag-lloret-de-mar tag-parques\" style=\"\"><div class=\"ub-block-post-grid-image\" style=\"\"><a href=\"https:\/\/www.escapadarural.com\/blog\/jardines-santa-clotilde-lloret-de-mar\/\" rel=\"bookmark\" aria-hidden=\"true\" tabindex=\"-1\"><img loading=\"lazy\" decoding=\"async\" width=\"1200\" height=\"800\" src=\"https:\/\/www.escapadarural.com\/blog\/wp-content\/uploads\/2025\/05\/AdobeStock_209495426_clotilde_sirenas-scaled-e1750254041380.webp\" class=\"attachment-full size-full\" alt=\"Escalinata de las sirenas en los Jardines de Santa Clotilde, en Lloret de Mar. Por Mistervlad.\" style=\"max-width: 600px; \"><\/a><\/div><div class=\"ub-block-post-grid-text\" style=\"\"><div class=\"ub-block-post-grid-header-content\"><header class=\"ub-block-post-grid-header\"><h3 class=\"ub-block-post-grid-title\"><a style=\"\" href=\"https:\/\/www.escapadarural.com\/blog\/jardines-santa-clotilde-lloret-de-mar\/\" rel=\"bookmark\">Los jardines escondidos en la Costa Brava que enamoran m\u00e1s que Versalles<\/a><\/h3><\/header><\/div><div class=\"ub-block-post-grid-excerpt\"><div class=\"ub-block-post-grid-excerpt-text\" style=\"\"><p>Lloret de Mar tiene un espacio en el que el paisajismo renacentista tiene un lugar privilegiado. Se trata de los Jardines de Santa Clotilde, el sue\u00f1o del marqu\u00e9s de Roviralta, que ahora est\u00e1 abierto a todo el que quiera disfrutarlo.<\/p>\n<\/div><\/div><\/div><\/article>\n<article id=\"post-198279\" class=\"ub-post-grid-item post-198279 post type-post status-publish format-standard has-post-thumbnail hentry category-rutas-y-excursiones tag-que-ver-en-cataluna tag-costa-brava tag-familia tag-que-ver-en-girona tag-lescala tag-ruta-literaria\" style=\"\"><div class=\"ub-block-post-grid-image\" style=\"\"><a href=\"https:\/\/www.escapadarural.com\/blog\/ruta-el-principito-lescala-costa-brava\/\" rel=\"bookmark\" aria-hidden=\"true\" tabindex=\"-1\"><img loading=\"lazy\" decoding=\"async\" width=\"1024\" height=\"686\" src=\"https:\/\/www.escapadarural.com\/blog\/wp-content\/uploads\/2025\/03\/MIQUEL-BATALLER-2009-PETIT-PRINCEP-001_WP_04-1.webp\" class=\"attachment-full size-full\" alt=\"El Principito en L' Escala\" style=\"max-width: 600px; \" srcset=\"https:\/\/www.escapadarural.com\/blog\/wp-content\/uploads\/2025\/03\/MIQUEL-BATALLER-2009-PETIT-PRINCEP-001_WP_04-1-200x134.webp 200w, https:\/\/www.escapadarural.com\/blog\/wp-content\/uploads\/2025\/03\/MIQUEL-BATALLER-2009-PETIT-PRINCEP-001_WP_04-1-300x201.webp 300w, https:\/\/www.escapadarural.com\/blog\/wp-content\/uploads\/2025\/03\/MIQUEL-BATALLER-2009-PETIT-PRINCEP-001_WP_04-1-400x268.webp 400w, https:\/\/www.escapadarural.com\/blog\/wp-content\/uploads\/2025\/03\/MIQUEL-BATALLER-2009-PETIT-PRINCEP-001_WP_04-1-600x402.webp 600w, https:\/\/www.escapadarural.com\/blog\/wp-content\/uploads\/2025\/03\/MIQUEL-BATALLER-2009-PETIT-PRINCEP-001_WP_04-1-768x515.webp 768w, https:\/\/www.escapadarural.com\/blog\/wp-content\/uploads\/2025\/03\/MIQUEL-BATALLER-2009-PETIT-PRINCEP-001_WP_04-1-800x536.webp 800w, https:\/\/www.escapadarural.com\/blog\/wp-content\/uploads\/2025\/03\/MIQUEL-BATALLER-2009-PETIT-PRINCEP-001_WP_04-1.webp 1024w\" sizes=\"auto, (max-width: 1024px) 100vw, 1024px\"><\/a><\/div><div class=\"ub-block-post-grid-text\" style=\"\"><div class=\"ub-block-post-grid-header-content\"><header class=\"ub-block-post-grid-header\"><h3 class=\"ub-block-post-grid-title\"><a style=\"\" href=\"https:\/\/www.escapadarural.com\/blog\/ruta-el-principito-lescala-costa-brava\/\" rel=\"bookmark\">Ruta de El Principito en la Costa Brava<\/a><\/h3><\/header><\/div><div class=\"ub-block-post-grid-excerpt\"><div class=\"ub-block-post-grid-excerpt-text\" style=\"\"><p>En el pueblo marinero de L\u2019Escala, en la Costa Brava, encontramos la Ruta de El Principito. Un paseo con los protagonistas del popular libro. <\/p>\n<\/div><\/div><\/div><\/article>\n<article id=\"post-59264\" class=\"ub-post-grid-item post-59264 post type-post status-publish format-standard has-post-thumbnail hentry category-destinos tag-que-ver-en-cataluna tag-costa-brava tag-listado tag-medieval tag-pueblos tag-pueblos-bonitos tag-pueblos-medievales\" style=\"\"><div class=\"ub-block-post-grid-image\" style=\"\"><a href=\"https:\/\/www.escapadarural.com\/blog\/pueblos-medievales-en-la-costa-brava\/\" rel=\"bookmark\" aria-hidden=\"true\" tabindex=\"-1\"><img loading=\"lazy\" decoding=\"async\" width=\"1024\" height=\"678\" src=\"https:\/\/www.escapadarural.com\/blog\/wp-content\/uploads\/2024\/10\/Peratallada-costa-brava-1024x678-1.jpg\" class=\"attachment-full size-full\" alt=\"Peratallada, Girona. Por: Belikova Oksana\" style=\"max-width: 600px; \" srcset=\"https:\/\/www.escapadarural.com\/blog\/wp-content\/uploads\/2024\/10\/Peratallada-costa-brava-1024x678-1-200x132.jpg 200w, https:\/\/www.escapadarural.com\/blog\/wp-content\/uploads\/2024\/10\/Peratallada-costa-brava-1024x678-1-300x199.jpg 300w, https:\/\/www.escapadarural.com\/blog\/wp-content\/uploads\/2024\/10\/Peratallada-costa-brava-1024x678-1-400x265.jpg 400w, https:\/\/www.escapadarural.com\/blog\/wp-content\/uploads\/2024\/10\/Peratallada-costa-brava-1024x678-1-600x397.jpg 600w, https:\/\/www.escapadarural.com\/blog\/wp-content\/uploads\/2024\/10\/Peratallada-costa-brava-1024x678-1-768x509.jpg 768w, https:\/\/www.escapadarural.com\/blog\/wp-content\/uploads\/2024\/10\/Peratallada-costa-brava-1024x678-1-800x530.jpg 800w, https:\/\/www.escapadarural.com\/blog\/wp-content\/uploads\/2024\/10\/Peratallada-costa-brava-1024x678-1.jpg 1024w\" sizes=\"auto, (max-width: 1024px) 100vw, 1024px\"><\/a><\/div><div class=\"ub-block-post-grid-text\" style=\"\"><div class=\"ub-block-post-grid-header-content\"><header class=\"ub-block-post-grid-header\"><h3 class=\"ub-block-post-grid-title\"><a style=\"\" href=\"https:\/\/www.escapadarural.com\/blog\/pueblos-medievales-en-la-costa-brava\/\" rel=\"bookmark\">7 pueblos medievales en la Costa Brava para viajar al pasado<\/a><\/h3><\/header><\/div><div class=\"ub-block-post-grid-excerpt\"><div class=\"ub-block-post-grid-excerpt-text\" style=\"\"><p>A qui\u00e9n no le va a gustar un pueblo medieval del siglo XII. Esta es una lista de algunos de los pueblos medievales en la Costa Brava con los que viajar al pasado<\/p>\n<\/div><\/div><\/div><\/article>\n<article id=\"post-56550\" class=\"ub-post-grid-item post-56550 post type-post status-publish format-standard has-post-thumbnail hentry category-destinos tag-castelldefels tag-que-ver-en-cataluna tag-costa-brava tag-costa-daurada tag-costa-de-barcelona tag-ecomuseo-de-los-pastores tag-familia tag-que-ver-en-girona tag-illes-medes tag-parque-natural-de-lalt-pirineu tag-reus tag-que-ver-en-tarragona\" style=\"\"><div class=\"ub-block-post-grid-image\" style=\"\"><a href=\"https:\/\/www.escapadarural.com\/blog\/viajar-en-familia-por-cataluna\/\" rel=\"bookmark\" aria-hidden=\"true\" tabindex=\"-1\"><img loading=\"lazy\" decoding=\"async\" width=\"900\" height=\"600\" src=\"https:\/\/www.escapadarural.com\/blog\/wp-content\/uploads\/2024\/10\/04.-Artesano-por-un-dia-en-el-Poble-Espanyol-1.jpg\" class=\"attachment-full size-full\" alt=\"Un hombre mayor con delantal ense\u00f1a a una joven a trabajar el cuero en un taller lleno de herramientas, piezas de cuero y artesan\u00eda en estanter\u00edas y paredes.\" style=\"max-width: 600px; \" srcset=\"https:\/\/www.escapadarural.com\/blog\/wp-content\/uploads\/2024\/10\/04.-Artesano-por-un-dia-en-el-Poble-Espanyol-1-200x133.jpg 200w, https:\/\/www.escapadarural.com\/blog\/wp-content\/uploads\/2024\/10\/04.-Artesano-por-un-dia-en-el-Poble-Espanyol-1-300x200.jpg 300w, https:\/\/www.escapadarural.com\/blog\/wp-content\/uploads\/2024\/10\/04.-Artesano-por-un-dia-en-el-Poble-Espanyol-1-400x267.jpg 400w, https:\/\/www.escapadarural.com\/blog\/wp-content\/uploads\/2024\/10\/04.-Artesano-por-un-dia-en-el-Poble-Espanyol-1-600x400.jpg 600w, https:\/\/www.escapadarural.com\/blog\/wp-content\/uploads\/2024\/10\/04.-Artesano-por-un-dia-en-el-Poble-Espanyol-1-768x512.jpg 768w, https:\/\/www.escapadarural.com\/blog\/wp-content\/uploads\/2024\/10\/04.-Artesano-por-un-dia-en-el-Poble-Espanyol-1-800x533.jpg 800w, https:\/\/www.escapadarural.com\/blog\/wp-content\/uploads\/2024\/10\/04.-Artesano-por-un-dia-en-el-Poble-Espanyol-1.jpg 900w\" sizes=\"auto, (max-width: 900px) 100vw, 900px\"><\/a><\/div><div class=\"ub-block-post-grid-text\" style=\"\"><div class=\"ub-block-post-grid-header-content\"><header class=\"ub-block-post-grid-header\"><h3 class=\"ub-block-post-grid-title\"><a style=\"\" href=\"https:\/\/www.escapadarural.com\/blog\/viajar-en-familia-por-cataluna\/\" rel=\"bookmark\">\u201cY si fueras un\u2026\u201d: planes en Catalu\u00f1a para viajar y aprender en familia<\/a><\/h3><\/header><\/div><div class=\"ub-block-post-grid-excerpt\"><div class=\"ub-block-post-grid-excerpt-text\" style=\"\"><p>Pastor, artesano de la piel o piratas\u2026 Todo es posible con estos planes para viajar por diferentes rincones del territorio de Catalu\u00f1a en familia.<\/p>\n<\/div><\/div><\/div><\/article>\n<article id=\"post-55334\" class=\"ub-post-grid-item post-55334 post type-post status-publish format-standard has-post-thumbnail hentry category-arte-y-cultura category-rutas-y-excursiones tag-castillo-de-pubol tag-que-ver-en-cataluna tag-costa-brava tag-figueres tag-que-ver-en-girona tag-listado tag-museos tag-portlligat tag-salvador-dali\" style=\"\"><div class=\"ub-block-post-grid-image\" style=\"\"><a href=\"https:\/\/www.escapadarural.com\/blog\/ruta-de-dali-por-la-costa-brava\/\" rel=\"bookmark\" aria-hidden=\"true\" tabindex=\"-1\"><img loading=\"lazy\" decoding=\"async\" width=\"1024\" height=\"766\" src=\"https:\/\/www.escapadarural.com\/blog\/wp-content\/uploads\/2024\/10\/La_maison-musee_Salvador_Dali_Portlligat_Espagne_14642486725-1024x766-2.jpg\" class=\"attachment-full size-full\" alt=\"Varias barcas peque\u00f1as atracan en una orilla de arena frente a una casa blanca modernista rodeada de \u00e1rboles y vegetaci\u00f3n, bajo un cielo azul brillante.\" style=\"max-width: 600px; \" srcset=\"https:\/\/www.escapadarural.com\/blog\/wp-content\/uploads\/2024\/10\/La_maison-musee_Salvador_Dali_Portlligat_Espagne_14642486725-1024x766-2-200x150.jpg 200w, https:\/\/www.escapadarural.com\/blog\/wp-content\/uploads\/2024\/10\/La_maison-musee_Salvador_Dali_Portlligat_Espagne_14642486725-1024x766-2-300x224.jpg 300w, https:\/\/www.escapadarural.com\/blog\/wp-content\/uploads\/2024\/10\/La_maison-musee_Salvador_Dali_Portlligat_Espagne_14642486725-1024x766-2-400x299.jpg 400w, https:\/\/www.escapadarural.com\/blog\/wp-content\/uploads\/2024\/10\/La_maison-musee_Salvador_Dali_Portlligat_Espagne_14642486725-1024x766-2-600x449.jpg 600w, https:\/\/www.escapadarural.com\/blog\/wp-content\/uploads\/2024\/10\/La_maison-musee_Salvador_Dali_Portlligat_Espagne_14642486725-1024x766-2-768x575.jpg 768w, https:\/\/www.escapadarural.com\/blog\/wp-content\/uploads\/2024\/10\/La_maison-musee_Salvador_Dali_Portlligat_Espagne_14642486725-1024x766-2-800x598.jpg 800w, https:\/\/www.escapadarural.com\/blog\/wp-content\/uploads\/2024\/10\/La_maison-musee_Salvador_Dali_Portlligat_Espagne_14642486725-1024x766-2.jpg 1024w\" sizes=\"auto, (max-width: 1024px) 100vw, 1024px\"><\/a><\/div><div class=\"ub-block-post-grid-text\" style=\"\"><div class=\"ub-block-post-grid-header-content\"><header class=\"ub-block-post-grid-header\"><h3 class=\"ub-block-post-grid-title\"><a style=\"\" href=\"https:\/\/www.escapadarural.com\/blog\/ruta-de-dali-por-la-costa-brava\/\" rel=\"bookmark\">El tri\u00e1ngulo de Dal\u00ed: 3 lugares para conocer su vida y obras<\/a><\/h3><\/header><\/div><div class=\"ub-block-post-grid-excerpt\"><div class=\"ub-block-post-grid-excerpt-text\" style=\"\"><p>Tras los pasos del maestro surrealista: su casa, su castillo y su \u00faltima obra. La ruta de Dal\u00ed por la Costa Brava nos permite conocer su vida y obras. <\/p>\n<\/div><\/div><\/div><\/article>\n<article id=\"post-8704\" class=\"ub-post-grid-item post-8704 post type-post status-publish format-standard has-post-thumbnail hentry category-rutas-y-excursiones tag-cami-de-ronda tag-caminos-de-ronda tag-que-ver-en-cataluna tag-costa-brava tag-que-ver-en-girona tag-listado tag-senderismo-por-la-costa tag-turismo-activo\" style=\"\"><div class=\"ub-block-post-grid-image\" style=\"\"><a href=\"https:\/\/www.escapadarural.com\/blog\/los-caminos-de-ronda\/\" rel=\"bookmark\" aria-hidden=\"true\" tabindex=\"-1\"><img loading=\"lazy\" decoding=\"async\" width=\"1024\" height=\"683\" src=\"https:\/\/www.escapadarural.com\/blog\/wp-content\/uploads\/2024\/10\/Cami-de-Ronda.-Costa-Brava-3-1024x683-1.jpg\" class=\"attachment-full size-full\" alt=\"Cam\u00ed de Ronda en la Costa Brava\" style=\"max-width: 600px; \" srcset=\"https:\/\/www.escapadarural.com\/blog\/wp-content\/uploads\/2024\/10\/Cami-de-Ronda.-Costa-Brava-3-1024x683-1-200x133.jpg 200w, https:\/\/www.escapadarural.com\/blog\/wp-content\/uploads\/2024\/10\/Cami-de-Ronda.-Costa-Brava-3-1024x683-1-300x200.jpg 300w, https:\/\/www.escapadarural.com\/blog\/wp-content\/uploads\/2024\/10\/Cami-de-Ronda.-Costa-Brava-3-1024x683-1-400x267.jpg 400w, https:\/\/www.escapadarural.com\/blog\/wp-content\/uploads\/2024\/10\/Cami-de-Ronda.-Costa-Brava-3-1024x683-1-600x400.jpg 600w, https:\/\/www.escapadarural.com\/blog\/wp-content\/uploads\/2024\/10\/Cami-de-Ronda.-Costa-Brava-3-1024x683-1-768x512.jpg 768w, https:\/\/www.escapadarural.com\/blog\/wp-content\/uploads\/2024\/10\/Cami-de-Ronda.-Costa-Brava-3-1024x683-1-800x534.jpg 800w, https:\/\/www.escapadarural.com\/blog\/wp-content\/uploads\/2024\/10\/Cami-de-Ronda.-Costa-Brava-3-1024x683-1.jpg 1024w\" sizes=\"auto, (max-width: 1024px) 100vw, 1024px\"><\/a><\/div><div class=\"ub-block-post-grid-text\" style=\"\"><div class=\"ub-block-post-grid-header-content\"><header class=\"ub-block-post-grid-header\"><h3 class=\"ub-block-post-grid-title\"><a style=\"\" href=\"https:\/\/www.escapadarural.com\/blog\/los-caminos-de-ronda\/\" rel=\"bookmark\">5 Caminos de Ronda con historia<\/a><\/h3><\/header><\/div><div class=\"ub-block-post-grid-excerpt\"><div class=\"ub-block-post-grid-excerpt-text\" style=\"\"><p>Caminar puede ser la mejor forma de conocer un lugar. Paso a paso nos hacemos con detalles que a otras velocidades, las del coche o las del avi\u00f3n, se borran sin oportunidad. Caminando podemos parar o acelerar seg\u00fan nuestro inter\u00e9s, podemos preguntar, hablar. Por todo ello, caminar es la mejor forma de conocer la Costa Brava<\/p>\n<\/div><\/div><\/div><\/article>\n<article id=\"post-52654\" class=\"ub-post-grid-item post-52654 post type-post status-publish format-standard has-post-thumbnail hentry category-arte-y-cultura tag-articulo tag-que-ver-en-cataluna tag-costa-brava tag-que-ver-en-girona tag-historias-y-curiosidades tag-indianos tag-lloret-de-mar\" style=\"\"><div class=\"ub-block-post-grid-image\" style=\"\"><a href=\"https:\/\/www.escapadarural.com\/blog\/el-daiquiri-es-de-lloret-de-mar\/\" rel=\"bookmark\" aria-hidden=\"true\" tabindex=\"-1\"><img loading=\"lazy\" decoding=\"async\" width=\"1024\" height=\"684\" src=\"https:\/\/www.escapadarural.com\/blog\/wp-content\/uploads\/2024\/10\/AdobeStock_110380425-1024x684-3.jpeg\" class=\"attachment-full size-full\" alt=\"Una pintoresca playa mediterr\u00e1nea de aguas azules transparentes, formaciones rocosas y orilla arenosa; la gente nada y se relaja, mientras una ciudad costera con edificios de colores y \u00e1rboles verdes se alza al fondo bajo un cielo azul.\" style=\"max-width: 600px; \" srcset=\"https:\/\/www.escapadarural.com\/blog\/wp-content\/uploads\/2024\/10\/AdobeStock_110380425-1024x684-3-200x134.jpeg 200w, https:\/\/www.escapadarural.com\/blog\/wp-content\/uploads\/2024\/10\/AdobeStock_110380425-1024x684-3-300x200.jpeg 300w, https:\/\/www.escapadarural.com\/blog\/wp-content\/uploads\/2024\/10\/AdobeStock_110380425-1024x684-3-400x267.jpeg 400w, https:\/\/www.escapadarural.com\/blog\/wp-content\/uploads\/2024\/10\/AdobeStock_110380425-1024x684-3-600x401.jpeg 600w, https:\/\/www.escapadarural.com\/blog\/wp-content\/uploads\/2024\/10\/AdobeStock_110380425-1024x684-3-768x513.jpeg 768w, https:\/\/www.escapadarural.com\/blog\/wp-content\/uploads\/2024\/10\/AdobeStock_110380425-1024x684-3-800x534.jpeg 800w, https:\/\/www.escapadarural.com\/blog\/wp-content\/uploads\/2024\/10\/AdobeStock_110380425-1024x684-3.jpeg 1024w\" sizes=\"auto, (max-width: 1024px) 100vw, 1024px\"><\/a><\/div><div class=\"ub-block-post-grid-text\" style=\"\"><div class=\"ub-block-post-grid-header-content\"><header class=\"ub-block-post-grid-header\"><h3 class=\"ub-block-post-grid-title\"><a style=\"\" href=\"https:\/\/www.escapadarural.com\/blog\/el-daiquiri-es-de-lloret-de-mar\/\" rel=\"bookmark\">El daiquiri m\u00e1s popular es de Lloret (pero se lo bebieron en Cuba)<\/a><\/h3><\/header><\/div><div class=\"ub-block-post-grid-excerpt\"><div class=\"ub-block-post-grid-excerpt-text\" style=\"\"><p>Las angostas calles de Lloret de Mar est\u00e1n llenas de historia. Una de ellas es la de los indianos, los emigrantes que se fueron a buscarse la vida a las Am\u00e9ricas y que volvieron ricos. Hoy, en el pueblo una ruta nos permite conocer algunos de los palacios que levantaron y degustar un daiquiri, creado en Cuba por uno de esos indianos. <\/p>\n<\/div><\/div><\/div><\/article>\n<\/div><\/section>","protected":false},"excerpt":{"rendered":"<p>Josep Pla y el paisaje de la Costa Brava est\u00e1n asociados: es geograf\u00eda de calas con aguas turquesas y, a la vez, escenario literario.<\/p>\n","protected":false},"author":112,"featured_media":105169,"comment_status":"open","ping_status":"closed","sticky":false,"template":"","format":"standard","meta":{"_acf_changed":false,"om_disable_all_campaigns":false,"footnotes":""},"categories":[1379],"tags":[260,5994,1992,404,1997],"class_list":["post-8698","post","type-post","status-publish","format-standard","has-post-thumbnail","hentry","category-rutas-y-excursiones","tag-articulo","tag-que-ver-en-cataluna","tag-costa-brava","tag-que-ver-en-girona","tag-josep-pla"],"acf":[],"featured_image_src":"https:\/\/www.escapadarural.com\/blog\/wp-content\/uploads\/2024\/10\/Josep-Pla-1.jpg","author_info":{"display_name":"Jos\u00e9 Alejandro Adamuz","author_link":"https:\/\/www.escapadarural.com\/blog\/autor\/josealejandro\/"},"yoast_head":"<!-- This site is optimized with the Yoast SEO plugin v27.5 - https:\/\/yoast.com\/product\/yoast-seo-wordpress\/ -->\n<title>Descubrir la Costa Brava con Josep Pla - EscapadaRural<\/title>\n<meta name=\"robots\" content=\"index, follow, max-snippet:-1, max-image-preview:large, max-video-preview:-1\" \/>\n<link rel=\"canonical\" href=\"https:\/\/www.escapadarural.com\/blog\/descubrir-la-costa-brava-con-josep-pla\/\" \/>\n<meta property=\"og:locale\" content=\"es_ES\" \/>\n<meta property=\"og:type\" content=\"article\" \/>\n<meta property=\"og:title\" content=\"Descubrir la Costa Brava con Josep Pla - EscapadaRural\" \/>\n<meta property=\"og:description\" content=\"Josep Pla y el paisaje de la Costa Brava est\u00e1n asociados: es geograf\u00eda de calas con aguas turquesas y, a la vez, escenario literario.\" \/>\n<meta property=\"og:url\" content=\"https:\/\/www.escapadarural.com\/blog\/descubrir-la-costa-brava-con-josep-pla\/\" \/>\n<meta property=\"og:site_name\" content=\"Magazine de viajes de EscapadaRural\" \/>\n<meta property=\"article:publisher\" content=\"https:\/\/www.facebook.com\/escapadarural\" \/>\n<meta property=\"article:published_time\" content=\"2017-08-06T18:00:54+00:00\" \/>\n<meta property=\"article:modified_time\" content=\"2025-02-14T11:56:47+00:00\" \/>\n<meta property=\"og:image\" content=\"https:\/\/www.escapadarural.com\/blog\/wp-content\/uploads\/2024\/10\/Josep-Pla-1.jpg\" \/>\n\t<meta property=\"og:image:width\" content=\"800\" \/>\n\t<meta property=\"og:image:height\" content=\"593\" \/>\n\t<meta property=\"og:image:type\" content=\"image\/jpeg\" \/>\n<meta name=\"author\" content=\"Jos\u00e9 Alejandro Adamuz\" \/>\n<meta name=\"twitter:card\" content=\"summary_large_image\" \/>\n<meta name=\"twitter:label1\" content=\"Escrito por\" \/>\n\t<meta name=\"twitter:data1\" content=\"Jos\u00e9 Alejandro Adamuz\" \/>\n\t<meta name=\"twitter:label2\" content=\"Tiempo de lectura\" \/>\n\t<meta name=\"twitter:data2\" content=\"5 minutos\" \/>\n<script type=\"application\/ld+json\" class=\"yoast-schema-graph\">{\"@context\":\"https:\\\/\\\/schema.org\",\"@graph\":[{\"@type\":\"Article\",\"@id\":\"https:\\\/\\\/www.escapadarural.com\\\/blog\\\/descubrir-la-costa-brava-con-josep-pla\\\/#article\",\"isPartOf\":{\"@id\":\"https:\\\/\\\/www.escapadarural.com\\\/blog\\\/descubrir-la-costa-brava-con-josep-pla\\\/\"},\"author\":{\"name\":\"Jos\u00e9 Alejandro Adamuz\",\"@id\":\"https:\\\/\\\/www.escapadarural.com\\\/blog\\\/#\\\/schema\\\/person\\\/ac6969ba5ab90987dda9465be409d6b3\"},\"headline\":\"Descubrir la Costa Brava con Josep Pla\",\"datePublished\":\"2017-08-06T18:00:54+00:00\",\"dateModified\":\"2025-02-14T11:56:47+00:00\",\"mainEntityOfPage\":{\"@id\":\"https:\\\/\\\/www.escapadarural.com\\\/blog\\\/descubrir-la-costa-brava-con-josep-pla\\\/\"},\"wordCount\":791,\"commentCount\":0,\"publisher\":{\"@id\":\"https:\\\/\\\/www.escapadarural.com\\\/blog\\\/#organization\"},\"image\":{\"@id\":\"https:\\\/\\\/www.escapadarural.com\\\/blog\\\/descubrir-la-costa-brava-con-josep-pla\\\/#primaryimage\"},\"thumbnailUrl\":\"https:\\\/\\\/www.escapadarural.com\\\/blog\\\/wp-content\\\/uploads\\\/2024\\\/10\\\/Josep-Pla-1.jpg\",\"keywords\":[\"art\u00edculo\",\"Catalu\u00f1a\",\"Costa Brava\",\"Girona\",\"Josep Pla\"],\"articleSection\":[\"Rutas y excursiones\"],\"inLanguage\":\"es\",\"potentialAction\":[{\"@type\":\"CommentAction\",\"name\":\"Comment\",\"target\":[\"https:\\\/\\\/www.escapadarural.com\\\/blog\\\/descubrir-la-costa-brava-con-josep-pla\\\/#respond\"]}]},{\"@type\":\"WebPage\",\"@id\":\"https:\\\/\\\/www.escapadarural.com\\\/blog\\\/descubrir-la-costa-brava-con-josep-pla\\\/\",\"url\":\"https:\\\/\\\/www.escapadarural.com\\\/blog\\\/descubrir-la-costa-brava-con-josep-pla\\\/\",\"name\":\"Descubrir la Costa Brava con Josep Pla - EscapadaRural\",\"isPartOf\":{\"@id\":\"https:\\\/\\\/www.escapadarural.com\\\/blog\\\/#website\"},\"primaryImageOfPage\":{\"@id\":\"https:\\\/\\\/www.escapadarural.com\\\/blog\\\/descubrir-la-costa-brava-con-josep-pla\\\/#primaryimage\"},\"image\":{\"@id\":\"https:\\\/\\\/www.escapadarural.com\\\/blog\\\/descubrir-la-costa-brava-con-josep-pla\\\/#primaryimage\"},\"thumbnailUrl\":\"https:\\\/\\\/www.escapadarural.com\\\/blog\\\/wp-content\\\/uploads\\\/2024\\\/10\\\/Josep-Pla-1.jpg\",\"datePublished\":\"2017-08-06T18:00:54+00:00\",\"dateModified\":\"2025-02-14T11:56:47+00:00\",\"breadcrumb\":{\"@id\":\"https:\\\/\\\/www.escapadarural.com\\\/blog\\\/descubrir-la-costa-brava-con-josep-pla\\\/#breadcrumb\"},\"inLanguage\":\"es\",\"potentialAction\":[{\"@type\":\"ReadAction\",\"target\":[\"https:\\\/\\\/www.escapadarural.com\\\/blog\\\/descubrir-la-costa-brava-con-josep-pla\\\/\"]}]},{\"@type\":\"ImageObject\",\"inLanguage\":\"es\",\"@id\":\"https:\\\/\\\/www.escapadarural.com\\\/blog\\\/descubrir-la-costa-brava-con-josep-pla\\\/#primaryimage\",\"url\":\"https:\\\/\\\/www.escapadarural.com\\\/blog\\\/wp-content\\\/uploads\\\/2024\\\/10\\\/Josep-Pla-1.jpg\",\"contentUrl\":\"https:\\\/\\\/www.escapadarural.com\\\/blog\\\/wp-content\\\/uploads\\\/2024\\\/10\\\/Josep-Pla-1.jpg\",\"width\":800,\"height\":593,\"caption\":\"Un grupo de adultos y ni\u00f1os en ba\u00f1adores de \u00e9poca se sientan en una playa de arena cerca del agua, sonriendo y jugando con un velero de juguete. Al fondo se ven arcos de piedra y edificios.\"},{\"@type\":\"BreadcrumbList\",\"@id\":\"https:\\\/\\\/www.escapadarural.com\\\/blog\\\/descubrir-la-costa-brava-con-josep-pla\\\/#breadcrumb\",\"itemListElement\":[{\"@type\":\"ListItem\",\"position\":1,\"name\":\"Inicio\",\"item\":\"https:\\\/\\\/www.escapadarural.com\\\/blog\\\/\"},{\"@type\":\"ListItem\",\"position\":2,\"name\":\"Rutas y excursiones\",\"item\":\"https:\\\/\\\/www.escapadarural.com\\\/blog\\\/categoria\\\/rutas-y-excursiones\\\/\"},{\"@type\":\"ListItem\",\"position\":3,\"name\":\"Descubrir la Costa Brava con Josep Pla\"}]},{\"@type\":\"WebSite\",\"@id\":\"https:\\\/\\\/www.escapadarural.com\\\/blog\\\/#website\",\"url\":\"https:\\\/\\\/www.escapadarural.com\\\/blog\\\/\",\"name\":\"Blog de viajes | turismo rural, alojamientos e inspiraci\u00f3n\",\"description\":\"Alojamientos rurales e inspiraci\u00f3n para tus escapadas\",\"publisher\":{\"@id\":\"https:\\\/\\\/www.escapadarural.com\\\/blog\\\/#organization\"},\"alternateName\":\"Magazine de viajes de EscapadaRural\",\"potentialAction\":[{\"@type\":\"SearchAction\",\"target\":{\"@type\":\"EntryPoint\",\"urlTemplate\":\"https:\\\/\\\/www.escapadarural.com\\\/blog\\\/?s={search_term_string}\"},\"query-input\":{\"@type\":\"PropertyValueSpecification\",\"valueRequired\":true,\"valueName\":\"search_term_string\"}}],\"inLanguage\":\"es\"},{\"@type\":\"Organization\",\"@id\":\"https:\\\/\\\/www.escapadarural.com\\\/blog\\\/#organization\",\"name\":\"EscapadaRural\",\"url\":\"https:\\\/\\\/www.escapadarural.com\\\/blog\\\/\",\"logo\":{\"@type\":\"ImageObject\",\"inLanguage\":\"es\",\"@id\":\"https:\\\/\\\/www.escapadarural.com\\\/blog\\\/#\\\/schema\\\/logo\\\/image\\\/\",\"url\":\"https:\\\/\\\/www.escapadarural.com\\\/blog\\\/wp-content\\\/uploads\\\/2024\\\/10\\\/cropped-cropped-escapada-rural-icon-mag-3.png\",\"contentUrl\":\"https:\\\/\\\/www.escapadarural.com\\\/blog\\\/wp-content\\\/uploads\\\/2024\\\/10\\\/cropped-cropped-escapada-rural-icon-mag-3.png\",\"width\":512,\"height\":512,\"caption\":\"EscapadaRural\"},\"image\":{\"@id\":\"https:\\\/\\\/www.escapadarural.com\\\/blog\\\/#\\\/schema\\\/logo\\\/image\\\/\"},\"sameAs\":[\"https:\\\/\\\/www.facebook.com\\\/escapadarural\",\"https:\\\/\\\/www.instagram.com\\\/escapadarural\\\/\",\"https:\\\/\\\/www.youtube.com\\\/@escapadaruralcom\"]},{\"@type\":\"Person\",\"@id\":\"https:\\\/\\\/www.escapadarural.com\\\/blog\\\/#\\\/schema\\\/person\\\/ac6969ba5ab90987dda9465be409d6b3\",\"name\":\"Jos\u00e9 Alejandro Adamuz\",\"image\":{\"@type\":\"ImageObject\",\"inLanguage\":\"es\",\"@id\":\"https:\\\/\\\/www.escapadarural.com\\\/blog\\\/wp-content\\\/uploads\\\/2025\\\/02\\\/cropped-jose_alejandro_viajar-96x96.webp\",\"url\":\"https:\\\/\\\/www.escapadarural.com\\\/blog\\\/wp-content\\\/uploads\\\/2025\\\/02\\\/cropped-jose_alejandro_viajar-96x96.webp\",\"contentUrl\":\"https:\\\/\\\/www.escapadarural.com\\\/blog\\\/wp-content\\\/uploads\\\/2025\\\/02\\\/cropped-jose_alejandro_viajar-96x96.webp\",\"caption\":\"Jos\u00e9 Alejandro Adamuz\"},\"description\":\"Soy licenciado en filolog\u00eda hisp\u00e1nica y periodista por vocaci\u00f3n. Tambi\u00e9n soy disl\u00e9xico, por lo que suelo confundir la derecha con la izquierda y los kil\u00f3metros con la literatura. Pero de momento me va bien as\u00ed. Colaboro habitualmente en diferentes medios haciendo cr\u00f3nica de viajes y periodismo cultural. Me gusta que los viajes cuenten historias y que las historias me hagan viajar.\",\"sameAs\":[\"https:\\\/\\\/viviratodaletra.com\\\/\"],\"url\":\"https:\\\/\\\/www.escapadarural.com\\\/blog\\\/autor\\\/josealejandro\\\/\"}]}<\/script>\n<!-- \/ Yoast SEO plugin. -->","yoast_head_json":{"title":"Descubrir la Costa Brava con Josep Pla - EscapadaRural","robots":{"index":"index","follow":"follow","max-snippet":"max-snippet:-1","max-image-preview":"max-image-preview:large","max-video-preview":"max-video-preview:-1"},"canonical":"https:\/\/www.escapadarural.com\/blog\/descubrir-la-costa-brava-con-josep-pla\/","og_locale":"es_ES","og_type":"article","og_title":"Descubrir la Costa Brava con Josep Pla - EscapadaRural","og_description":"Josep Pla y el paisaje de la Costa Brava est\u00e1n asociados: es geograf\u00eda de calas con aguas turquesas y, a la vez, escenario literario.","og_url":"https:\/\/www.escapadarural.com\/blog\/descubrir-la-costa-brava-con-josep-pla\/","og_site_name":"Magazine de viajes de EscapadaRural","article_publisher":"https:\/\/www.facebook.com\/escapadarural","article_published_time":"2017-08-06T18:00:54+00:00","article_modified_time":"2025-02-14T11:56:47+00:00","og_image":[{"width":800,"height":593,"url":"https:\/\/www.escapadarural.com\/blog\/wp-content\/uploads\/2024\/10\/Josep-Pla-1.jpg","type":"image\/jpeg"}],"author":"Jos\u00e9 Alejandro Adamuz","twitter_card":"summary_large_image","twitter_misc":{"Escrito por":"Jos\u00e9 Alejandro Adamuz","Tiempo de lectura":"5 minutos"},"schema":{"@context":"https:\/\/schema.org","@graph":[{"@type":"Article","@id":"https:\/\/www.escapadarural.com\/blog\/descubrir-la-costa-brava-con-josep-pla\/#article","isPartOf":{"@id":"https:\/\/www.escapadarural.com\/blog\/descubrir-la-costa-brava-con-josep-pla\/"},"author":{"name":"Jos\u00e9 Alejandro Adamuz","@id":"https:\/\/www.escapadarural.com\/blog\/#\/schema\/person\/ac6969ba5ab90987dda9465be409d6b3"},"headline":"Descubrir la Costa Brava con Josep Pla","datePublished":"2017-08-06T18:00:54+00:00","dateModified":"2025-02-14T11:56:47+00:00","mainEntityOfPage":{"@id":"https:\/\/www.escapadarural.com\/blog\/descubrir-la-costa-brava-con-josep-pla\/"},"wordCount":791,"commentCount":0,"publisher":{"@id":"https:\/\/www.escapadarural.com\/blog\/#organization"},"image":{"@id":"https:\/\/www.escapadarural.com\/blog\/descubrir-la-costa-brava-con-josep-pla\/#primaryimage"},"thumbnailUrl":"https:\/\/www.escapadarural.com\/blog\/wp-content\/uploads\/2024\/10\/Josep-Pla-1.jpg","keywords":["art\u00edculo","Catalu\u00f1a","Costa Brava","Girona","Josep Pla"],"articleSection":["Rutas y excursiones"],"inLanguage":"es","potentialAction":[{"@type":"CommentAction","name":"Comment","target":["https:\/\/www.escapadarural.com\/blog\/descubrir-la-costa-brava-con-josep-pla\/#respond"]}]},{"@type":"WebPage","@id":"https:\/\/www.escapadarural.com\/blog\/descubrir-la-costa-brava-con-josep-pla\/","url":"https:\/\/www.escapadarural.com\/blog\/descubrir-la-costa-brava-con-josep-pla\/","name":"Descubrir la Costa Brava con Josep Pla - EscapadaRural","isPartOf":{"@id":"https:\/\/www.escapadarural.com\/blog\/#website"},"primaryImageOfPage":{"@id":"https:\/\/www.escapadarural.com\/blog\/descubrir-la-costa-brava-con-josep-pla\/#primaryimage"},"image":{"@id":"https:\/\/www.escapadarural.com\/blog\/descubrir-la-costa-brava-con-josep-pla\/#primaryimage"},"thumbnailUrl":"https:\/\/www.escapadarural.com\/blog\/wp-content\/uploads\/2024\/10\/Josep-Pla-1.jpg","datePublished":"2017-08-06T18:00:54+00:00","dateModified":"2025-02-14T11:56:47+00:00","breadcrumb":{"@id":"https:\/\/www.escapadarural.com\/blog\/descubrir-la-costa-brava-con-josep-pla\/#breadcrumb"},"inLanguage":"es","potentialAction":[{"@type":"ReadAction","target":["https:\/\/www.escapadarural.com\/blog\/descubrir-la-costa-brava-con-josep-pla\/"]}]},{"@type":"ImageObject","inLanguage":"es","@id":"https:\/\/www.escapadarural.com\/blog\/descubrir-la-costa-brava-con-josep-pla\/#primaryimage","url":"https:\/\/www.escapadarural.com\/blog\/wp-content\/uploads\/2024\/10\/Josep-Pla-1.jpg","contentUrl":"https:\/\/www.escapadarural.com\/blog\/wp-content\/uploads\/2024\/10\/Josep-Pla-1.jpg","width":800,"height":593,"caption":"Un grupo de adultos y ni\u00f1os en ba\u00f1adores de \u00e9poca se sientan en una playa de arena cerca del agua, sonriendo y jugando con un velero de juguete. Al fondo se ven arcos de piedra y edificios."},{"@type":"BreadcrumbList","@id":"https:\/\/www.escapadarural.com\/blog\/descubrir-la-costa-brava-con-josep-pla\/#breadcrumb","itemListElement":[{"@type":"ListItem","position":1,"name":"Inicio","item":"https:\/\/www.escapadarural.com\/blog\/"},{"@type":"ListItem","position":2,"name":"Rutas y excursiones","item":"https:\/\/www.escapadarural.com\/blog\/categoria\/rutas-y-excursiones\/"},{"@type":"ListItem","position":3,"name":"Descubrir la Costa Brava con Josep Pla"}]},{"@type":"WebSite","@id":"https:\/\/www.escapadarural.com\/blog\/#website","url":"https:\/\/www.escapadarural.com\/blog\/","name":"Blog de viajes | turismo rural, alojamientos e inspiraci\u00f3n","description":"Alojamientos rurales e inspiraci\u00f3n para tus escapadas","publisher":{"@id":"https:\/\/www.escapadarural.com\/blog\/#organization"},"alternateName":"Magazine de viajes de EscapadaRural","potentialAction":[{"@type":"SearchAction","target":{"@type":"EntryPoint","urlTemplate":"https:\/\/www.escapadarural.com\/blog\/?s={search_term_string}"},"query-input":{"@type":"PropertyValueSpecification","valueRequired":true,"valueName":"search_term_string"}}],"inLanguage":"es"},{"@type":"Organization","@id":"https:\/\/www.escapadarural.com\/blog\/#organization","name":"EscapadaRural","url":"https:\/\/www.escapadarural.com\/blog\/","logo":{"@type":"ImageObject","inLanguage":"es","@id":"https:\/\/www.escapadarural.com\/blog\/#\/schema\/logo\/image\/","url":"https:\/\/www.escapadarural.com\/blog\/wp-content\/uploads\/2024\/10\/cropped-cropped-escapada-rural-icon-mag-3.png","contentUrl":"https:\/\/www.escapadarural.com\/blog\/wp-content\/uploads\/2024\/10\/cropped-cropped-escapada-rural-icon-mag-3.png","width":512,"height":512,"caption":"EscapadaRural"},"image":{"@id":"https:\/\/www.escapadarural.com\/blog\/#\/schema\/logo\/image\/"},"sameAs":["https:\/\/www.facebook.com\/escapadarural","https:\/\/www.instagram.com\/escapadarural\/","https:\/\/www.youtube.com\/@escapadaruralcom"]},{"@type":"Person","@id":"https:\/\/www.escapadarural.com\/blog\/#\/schema\/person\/ac6969ba5ab90987dda9465be409d6b3","name":"Jos\u00e9 Alejandro Adamuz","image":{"@type":"ImageObject","inLanguage":"es","@id":"https:\/\/www.escapadarural.com\/blog\/wp-content\/uploads\/2025\/02\/cropped-jose_alejandro_viajar-96x96.webp","url":"https:\/\/www.escapadarural.com\/blog\/wp-content\/uploads\/2025\/02\/cropped-jose_alejandro_viajar-96x96.webp","contentUrl":"https:\/\/www.escapadarural.com\/blog\/wp-content\/uploads\/2025\/02\/cropped-jose_alejandro_viajar-96x96.webp","caption":"Jos\u00e9 Alejandro Adamuz"},"description":"Soy licenciado en filolog\u00eda hisp\u00e1nica y periodista por vocaci\u00f3n. Tambi\u00e9n soy disl\u00e9xico, por lo que suelo confundir la derecha con la izquierda y los kil\u00f3metros con la literatura. Pero de momento me va bien as\u00ed. Colaboro habitualmente en diferentes medios haciendo cr\u00f3nica de viajes y periodismo cultural. Me gusta que los viajes cuenten historias y que las historias me hagan viajar.","sameAs":["https:\/\/viviratodaletra.com\/"],"url":"https:\/\/www.escapadarural.com\/blog\/autor\/josealejandro\/"}]}},"_links":{"self":[{"href":"https:\/\/www.escapadarural.com\/blog\/wp-json\/wp\/v2\/posts\/8698","targetHints":{"allow":["GET"]}}],"collection":[{"href":"https:\/\/www.escapadarural.com\/blog\/wp-json\/wp\/v2\/posts"}],"about":[{"href":"https:\/\/www.escapadarural.com\/blog\/wp-json\/wp\/v2\/types\/post"}],"author":[{"embeddable":true,"href":"https:\/\/www.escapadarural.com\/blog\/wp-json\/wp\/v2\/users\/112"}],"replies":[{"embeddable":true,"href":"https:\/\/www.escapadarural.com\/blog\/wp-json\/wp\/v2\/comments?post=8698"}],"version-history":[{"count":0,"href":"https:\/\/www.escapadarural.com\/blog\/wp-json\/wp\/v2\/posts\/8698\/revisions"}],"wp:featuredmedia":[{"embeddable":true,"href":"https:\/\/www.escapadarural.com\/blog\/wp-json\/wp\/v2\/media\/105169"}],"wp:attachment":[{"href":"https:\/\/www.escapadarural.com\/blog\/wp-json\/wp\/v2\/media?parent=8698"}],"wp:term":[{"taxonomy":"category","embeddable":true,"href":"https:\/\/www.escapadarural.com\/blog\/wp-json\/wp\/v2\/categories?post=8698"},{"taxonomy":"post_tag","embeddable":true,"href":"https:\/\/www.escapadarural.com\/blog\/wp-json\/wp\/v2\/tags?post=8698"}],"curies":[{"name":"wp","href":"https:\/\/api.w.org\/{rel}","templated":true}]}}