{"id":8701,"date":"2017-07-28T14:47:17","date_gmt":"2017-07-28T14:47:17","guid":{"rendered":"http:\/\/15.188.81.248\/2017\/07\/28\/escapada-a-la-ibiza-rural\/"},"modified":"2025-02-14T13:58:19","modified_gmt":"2025-02-14T11:58:19","slug":"escapada-a-la-ibiza-rural","status":"publish","type":"post","link":"https:\/\/www.escapadarural.com\/blog\/escapada-a-la-ibiza-rural\/","title":{"rendered":"Escapada a la Ibiza Rural"},"content":{"rendered":"\n<p>M\u00e1s all\u00e1 de la Ibiza de Pach\u00e1, de las fiestas, de las discotecas y de los resorts de pulsera <strong>existe una Ibiza rural y relajada<\/strong>. Una Ibiza en la que las mermeladas son caseras, el trato es personalizado y las siestas se hacen bajo palmeras y almendros.<\/p>\n\n\n\n<p>Nos ubicamos <strong>entre Sant Joan de Llabritja y Santa Eul\u00e0ria des Riu<\/strong>, en la parte oriental de la isla. Alrededor de las dos poblaciones hay muchos agroturismos en los que se respira naturaleza, encanto y tranquilidad. Y, muy cerca, decenas de calas preciosas para explorar, ya sea tumbados sobre una toalla o con las botas puestas.<\/p>\n\n\n\n<h2 class=\"wp-block-heading title-rute\" id=\"h-consejos-para-visitar-y-disfrutar-de-la-parte-mas-rural-de-ibiza\">Consejos para visitar y disfrutar de la parte m\u00e1s rural de Ibiza<\/h2>\n\n\n\n<figure class=\"wp-block-image size-large\"><a href=\"https:\/\/www.escapadarural.com\/blog\/wp-content\/uploads\/2017\/07\/Ibiza-rural-17-1.jpg\"><img decoding=\"async\" src=\"https:\/\/www.escapadarural.com\/blog\/wp-content\/uploads\/2017\/07\/Ibiza-rural-17-1.jpg\" alt=\"Ibiza\" class=\"wp-image-28271\"\/><\/a><figcaption class=\"wp-element-caption\">Fuente: Roser Goula<\/figcaption><\/figure>\n\n\n\n<p>Tras reservar tu <a href=\"https:\/\/www.escapadarural.com\/casas-rurales?q=zona:eivissa_zona-turistica\" target=\"_blank\" aria-label=\" (opens in a new tab)\" rel=\"noreferrer noopener\" class=\"rank-math-link\">casa rural en Ibiza<\/a>, el siguiente paso es alquilar un coche para moverse. Una idea original, aut\u00e9ntica y rural es la de alquilar un <strong>M\u00e9hari descapotable<\/strong>. Una vez te has acostumbrado a la conducci\u00f3n (\u00a1bendita direcci\u00f3n asistida, cu\u00e1nto nos has faltado!), conducir por los caminos de Ibiza en un M\u00e9hari es una pasada.<\/p>\n\n\n\n<figure class=\"wp-block-image size-large\"><a href=\"https:\/\/www.escapadarural.com\/blog\/wp-content\/uploads\/2017\/07\/Ibiza-rural-8-1.jpg\"><img decoding=\"async\" src=\"https:\/\/www.escapadarural.com\/blog\/wp-content\/uploads\/2017\/07\/Ibiza-rural-8-1.jpg\" alt=\"Ibiza\" class=\"wp-image-28270\"\/><\/a><figcaption class=\"wp-element-caption\">Fuente: Roser Goula<\/figcaption><\/figure>\n\n\n\n<p>Cada ma\u00f1ana, antes de salir a la aventura, comprueba c\u00f3mo sopla el viento ese d\u00eda en Ibiza. Si sopla de norte, es mejor ir a las playas del sur. Y si sopla de sur, \u00e9stas estar\u00e1n removidas y, por lo tanto, es mejor quedarse en la parte norte.<\/p>\n\n\n\n<p>En la parte norte no os perd\u00e1is <strong>Cala Xucl\u00e0 y Cala Xarraca<\/strong>, ambas muy cercanas, preciosas, v\u00edrgenes y sin aglomeraciones. En Cala Xucl\u00e0 ver\u00e9is un chiringuito (un \u201ckiosko\u201d como lo llaman los ibicencos) en el que sirven pescado fresco del d\u00eda y ensaladas. \u00a1Todo riqu\u00edsimo!<\/p>\n\n\n\n<figure class=\"wp-block-image size-large\"><a href=\"https:\/\/www.escapadarural.com\/blog\/wp-content\/uploads\/2017\/07\/Ibiza-rural-12-1.jpg\"><img decoding=\"async\" src=\"https:\/\/www.escapadarural.com\/blog\/wp-content\/uploads\/2017\/07\/Ibiza-rural-12-1.jpg\" alt=\"Ibiza\" class=\"wp-image-28269\"\/><\/a><figcaption class=\"wp-element-caption\">Fuente: Roser Goula<\/figcaption><\/figure>\n\n\n\n<figure class=\"wp-block-image size-large\"><a href=\"https:\/\/www.escapadarural.com\/blog\/wp-content\/uploads\/2017\/07\/Ibiza-rural-13-1.jpg\"><img decoding=\"async\" src=\"https:\/\/www.escapadarural.com\/blog\/wp-content\/uploads\/2017\/07\/Ibiza-rural-13-1.jpg\" alt=\"Ibiza\" class=\"wp-image-28268\"\/><\/a><figcaption class=\"wp-element-caption\">Fuente: Roser Goula<\/figcaption><\/figure>\n\n\n\n<p>En <strong>Benirr\u00e0s<\/strong> encontrar\u00e9is uno de los sitios m\u00e1s bonitos y espectaculares para ver la puesta de sol en Ibiza. Eso s\u00ed, lo conoce mucha gente por lo que no estar\u00e9is solos. Si ten\u00e9is tiempo, otra muy buena opci\u00f3n es llegar hasta las calas al norte de <strong>Sant Mateu d\u2019Aubarca<\/strong>. La puesta de sol ser\u00e1 igualmente m\u00e1gica y no encontrar\u00e9is ni la mitad de gente.<\/p>\n\n\n\n<figure class=\"wp-block-image size-large\"><a href=\"https:\/\/www.escapadarural.com\/blog\/wp-content\/uploads\/2017\/07\/Ibiza-rural-16-1.jpg\"><img decoding=\"async\" src=\"https:\/\/www.escapadarural.com\/blog\/wp-content\/uploads\/2017\/07\/Ibiza-rural-16-1.jpg\" alt=\"Ibiza\" class=\"wp-image-28267\"\/><\/a><figcaption class=\"wp-element-caption\">Fuente: Roser Goula<\/figcaption><\/figure>\n\n\n\n<p>Para un d\u00eda nublado, calzaos las botas y salid a explorar los caminos de la isla. Una excursi\u00f3n bonita es la de la <strong>Torre des Molar<\/strong>, que pasa por distintas calas, ofrece vistas al mar y acaba en una torre de vigilancia.<\/p>\n\n\n\n<p>La excursi\u00f3n empieza en el <strong>Port de Sant Miquel<\/strong>. Tomad el sendero que atraviesa los pinares, hacia la izquierda. Por el camino, pod\u00e9is daros un ba\u00f1o en la <strong>playa de Es Pas de S\u2019Illa Des Bosc<\/strong>, que tiene dos vertientes: una orientada hacia el sureste, con aguas muy tranquilas, y otra hacia el noroeste, a mar abierto.<\/p>\n\n\n\n<figure class=\"wp-block-image size-large\"><a href=\"https:\/\/www.escapadarural.com\/blog\/wp-content\/uploads\/2017\/07\/Ibiza-rural-7-1.jpg\"><img decoding=\"async\" src=\"https:\/\/www.escapadarural.com\/blog\/wp-content\/uploads\/2017\/07\/Ibiza-rural-7-1.jpg\" alt=\"Ibiza\" class=\"wp-image-28266\"\/><\/a><figcaption class=\"wp-element-caption\">Fuente: Roser Goula<\/figcaption><\/figure>\n\n\n\n<figure class=\"wp-block-image size-large\"><a href=\"https:\/\/www.escapadarural.com\/blog\/wp-content\/uploads\/2017\/07\/Ibiza-rural-9-1.jpg\"><img decoding=\"async\" src=\"https:\/\/www.escapadarural.com\/blog\/wp-content\/uploads\/2017\/07\/Ibiza-rural-9-1.jpg\" alt=\"Ibiza\" class=\"wp-image-28265\"\/><\/a><figcaption class=\"wp-element-caption\">Fuente: Roser Goula<\/figcaption><\/figure>\n\n\n\n<figure class=\"wp-block-image size-large\"><a href=\"https:\/\/www.escapadarural.com\/blog\/wp-content\/uploads\/2017\/07\/Ibiza-rural-2-1.jpg\"><img decoding=\"async\" src=\"https:\/\/www.escapadarural.com\/blog\/wp-content\/uploads\/2017\/07\/Ibiza-rural-2-1.jpg\" alt=\"Ibiza\" class=\"wp-image-28264\"\/><\/a><figcaption class=\"wp-element-caption\">Fuente: Roser Goula<\/figcaption><\/figure>\n\n\n\n<p>No olvid\u00e9is reservar una noche para dar un paseo por <strong>Dalt Vila, el casco antiguo de Ibiza ciudad<\/strong>. Merece mucho la pena recorrer las calles, ver el magn\u00edfico ambiente por la noche y tomar algo. Adem\u00e1s, si quer\u00e9is a\u00f1adir un toque cultural a vuestra escapada, no os perd\u00e1is el museo musulm\u00e1n y la necr\u00f3polis fenicia m\u00e1s grande de Europa.<\/p>\n\n\n\n<p>\u00bfOs gustan los mercadillos? En Ibiza existen dos mercados que surgieron con el movimiento hippie de los 60-70s: el <strong>mercado de las Dalias y el de Punta Arabi<\/strong>.<\/p>\n\n\n\n<p>Y por supuesto, si os sobra tiempo en vuestro viaje a Ibiza, <strong>destinad un d\u00eda a visitar Formentera<\/strong>. Aunque es un plan muy apretado, la ida y vuelta en un mismo d\u00eda es factible. En Formentera lo ideal es alquilar una moto para llegar f\u00e1cilmente a las calas de la isla y acercarse tambi\u00e9n a los faros.<\/p>\n\n\n\n<figure class=\"wp-block-image size-large\"><a href=\"https:\/\/www.escapadarural.com\/blog\/wp-content\/uploads\/2017\/07\/Ibiza-rural-5-1.jpg\"><img decoding=\"async\" src=\"https:\/\/www.escapadarural.com\/blog\/wp-content\/uploads\/2017\/07\/Ibiza-rural-5-1.jpg\" alt=\"Ibiza\" class=\"wp-image-28263\"\/><\/a><figcaption class=\"wp-element-caption\">Fuente: Roser Goula<\/figcaption><\/figure>\n\n\n\n<figure class=\"wp-block-image size-large\"><a href=\"https:\/\/www.escapadarural.com\/blog\/wp-content\/uploads\/2017\/07\/Ibiza-rural-6-1.jpg\"><img decoding=\"async\" src=\"https:\/\/www.escapadarural.com\/blog\/wp-content\/uploads\/2017\/07\/Ibiza-rural-6-1.jpg\" alt=\"Ibiza\" class=\"wp-image-28262\"\/><\/a><figcaption class=\"wp-element-caption\">Fuente: Roser Goula<\/figcaption><\/figure>\n\n\n\n<figure class=\"wp-block-image size-large\"><a href=\"https:\/\/www.escapadarural.com\/blog\/wp-content\/uploads\/2017\/07\/Ibiza-rural-4-1.jpg\"><img decoding=\"async\" src=\"https:\/\/www.escapadarural.com\/blog\/wp-content\/uploads\/2017\/07\/Ibiza-rural-4-1.jpg\" alt=\"Ibiza\" class=\"wp-image-28261\"\/><\/a><figcaption class=\"wp-element-caption\">Fuente: Roser Goula<\/figcaption><\/figure>\n\n\n\n<p>Calas bonitas, historia antigua, callejones encantadores&#8230; Todo esto est\u00e1 muy bien, \u00bfpero sab\u00e9is qu\u00e9 es lo mejor de Ibiza? <strong>\u00a1La comida!<\/strong> Platos mediterr\u00e1neos con toques marinos, riqu\u00edsimos, san\u00edsimos y en caf\u00e9s decorados al estilo ibicenco. Apuntad algunas direcciones directas al paladar:<\/p>\n\n\n\n<ul class=\"wp-block-list\">\n<li><strong>Restaurante Ca N\u2019Anneta<\/strong>. Situado en la parte central de la isla, en Sant Carles de Peralta y cerca del Mercado hippie de las Dalias.<\/li>\n\n\n\n<li><strong>Caf\u00e9 Vista Alegre<\/strong>. En Sant Joan de Labritja. Un \u201ccaf\u00e9 indiano\u201d muy peculiar.<\/li>\n\n\n\n<li><strong>Casa Pep\u00e9<\/strong>. En Santa Eul\u00e0ria des Riu, \u00a1simplemente exquisito!<\/li>\n\n\n\n<li>El mejor pescado fresco, en el <strong>chiringuito de Cala Xucl\u00e0<\/strong>, por supuesto.<\/li>\n\n\n\n<li>El <strong>Chiringuito de Mar\u00eda<\/strong> es un lugar algo alternativo pero fascinante, con vistas a Dalt Vila.<\/li>\n<\/ul>\n\n\n\n<figure class=\"wp-block-image size-large\"><a href=\"https:\/\/www.escapadarural.com\/blog\/wp-content\/uploads\/2017\/07\/Ibiza-rural-15-1.jpg\"><img decoding=\"async\" src=\"https:\/\/www.escapadarural.com\/blog\/wp-content\/uploads\/2017\/07\/Ibiza-rural-15-1.jpg\" alt=\"Ibiza\" class=\"wp-image-28260\"\/><\/a><figcaption class=\"wp-element-caption\">Fuente: Roser Goula<\/figcaption><\/figure>\n\n\n\n<p>Ibiza es genial en cualquier momento del a\u00f1o pero si pod\u00e9is elegir, id a finales de junio (alrededores del <strong>24 de junio, San Juan<\/strong>) cuando tienen lugar las \u201c<strong>Festes de Sant Joan<\/strong>\u201d, con caballos y mucho ambiente en las calles.<\/p>\n\n\n\n<p>Sin duda, hay otra Ibiza por descubrir. Y os aseguro que no os la acabar\u00e9is. \u00a1Salid a explorarla!<\/p>\n\n\n\n<h2 class=\"wp-block-heading\" id=\"h-que-mas-ver-en-tu-escapada-a-ibiza\">Qu\u00e9 m\u00e1s ver en tu escapada a Ibiza<\/h2>\n\n\n<section class=\"wp-block-ub-post-grid ub-block-post-grid align  is-equal-height preserve-post-image-aspect-ratio\" style=\"\" id=\"ub-post-grid-\"><div class=\"ub-post-grid-items is-list\" style=\"row-gap: 32px; column-gap: 32px; \"><article id=\"post-213542\" class=\"ub-post-grid-item post-213542 post type-post status-publish format-standard has-post-thumbnail hentry category-arte-y-cultura category-destinos tag-amigos tag-que-ver-en-ciudad-real tag-fallas tag-fallas-de-valencia tag-familia tag-fiestas-populares tag-getafe tag-ibiza tag-que-ver-en-jaen tag-listado tag-que-ver-en-madrid tag-mallorca tag-pareja\" style=\"\"><div class=\"ub-block-post-grid-image\" style=\"\"><a href=\"https:\/\/www.escapadarural.com\/blog\/lugares-con-fallas-y-no-estan-en-valencia\/\" rel=\"bookmark\" aria-hidden=\"true\" tabindex=\"-1\"><img loading=\"lazy\" decoding=\"async\" width=\"800\" height=\"506\" src=\"https:\/\/www.escapadarural.com\/blog\/wp-content\/uploads\/2026\/02\/large.jpeg\" class=\"attachment-full size-full\" alt=\"Falla de El Toro de Calvi\u00e0 (Mallorca). Foto de Ajuntament de Calvi\u00e0\" style=\"max-width: 600px; \" srcset=\"https:\/\/www.escapadarural.com\/blog\/wp-content\/uploads\/2026\/02\/large-200x127.jpeg 200w, https:\/\/www.escapadarural.com\/blog\/wp-content\/uploads\/2026\/02\/large-300x190.jpeg 300w, https:\/\/www.escapadarural.com\/blog\/wp-content\/uploads\/2026\/02\/large-320x202.jpeg 320w, https:\/\/www.escapadarural.com\/blog\/wp-content\/uploads\/2026\/02\/large-400x253.jpeg 400w, https:\/\/www.escapadarural.com\/blog\/wp-content\/uploads\/2026\/02\/large-600x380.jpeg 600w, https:\/\/www.escapadarural.com\/blog\/wp-content\/uploads\/2026\/02\/large-768x486.jpeg 768w, https:\/\/www.escapadarural.com\/blog\/wp-content\/uploads\/2026\/02\/large.jpeg 800w\" sizes=\"auto, (max-width: 800px) 100vw, 800px\"><\/a><\/div><div class=\"ub-block-post-grid-text\" style=\"\"><div class=\"ub-block-post-grid-header-content\"><header class=\"ub-block-post-grid-header\"><h3 class=\"ub-block-post-grid-title\"><a style=\"\" href=\"https:\/\/www.escapadarural.com\/blog\/lugares-con-fallas-y-no-estan-en-valencia\/\" rel=\"bookmark\">No solo en Valencia se queman ninots: 5 lugares de Espa\u00f1a donde tambi\u00e9n se celebran las Fallas \ud83d\udd25<\/a><\/h3><\/header><\/div><div class=\"ub-block-post-grid-excerpt\"><div class=\"ub-block-post-grid-excerpt-text\" style=\"\"><p>\u00bfSab\u00edas que se montan ninots y se lanzan petardos en otros pueblos de Espa\u00f1a? Conoce sus curiosas historias<\/p>\n<\/div><\/div><\/div><\/article>\n<article id=\"post-210910\" class=\"ub-post-grid-item post-210910 post type-post status-publish format-standard has-post-thumbnail hentry category-destinos tag-amigos tag-ano-nuevo tag-que-ver-en-avila tag-bubion tag-cadaques tag-familia tag-que-ver-en-girona tag-que-ver-en-granada tag-ibiza tag-que-ver-en-islas-baleares tag-listado tag-montamarta tag-navidad tag-nochevieja tag-pueblos tag-torrelobaton tag-turismo-rural tag-que-ver-en-valladolid tag-villar-de-corneja tag-que-ver-en-zamora\" style=\"\"><div class=\"ub-block-post-grid-image\" style=\"\"><a href=\"https:\/\/www.escapadarural.com\/blog\/un-ano-nuevo-diferente-en-6-pueblos-de-espana\/\" rel=\"bookmark\" aria-hidden=\"true\" tabindex=\"-1\"><img loading=\"lazy\" decoding=\"async\" width=\"900\" height=\"695\" src=\"https:\/\/www.escapadarural.com\/blog\/wp-content\/uploads\/2025\/11\/MontamartaZangarron1989-01.jpg\" class=\"attachment-full size-full\" alt=\"El zangarr\u00f3n de Montamarta. Colecci\u00f3n Biblioteca Museo Etnogr\u00e1fico de Castilla y Le\u00f3n\" style=\"max-width: 600px; \" srcset=\"https:\/\/www.escapadarural.com\/blog\/wp-content\/uploads\/2025\/11\/MontamartaZangarron1989-01-200x154.jpg 200w, https:\/\/www.escapadarural.com\/blog\/wp-content\/uploads\/2025\/11\/MontamartaZangarron1989-01-300x232.jpg 300w, https:\/\/www.escapadarural.com\/blog\/wp-content\/uploads\/2025\/11\/MontamartaZangarron1989-01-400x309.jpg 400w, https:\/\/www.escapadarural.com\/blog\/wp-content\/uploads\/2025\/11\/MontamartaZangarron1989-01-600x463.jpg 600w, https:\/\/www.escapadarural.com\/blog\/wp-content\/uploads\/2025\/11\/MontamartaZangarron1989-01-768x593.jpg 768w, https:\/\/www.escapadarural.com\/blog\/wp-content\/uploads\/2025\/11\/MontamartaZangarron1989-01-800x618.jpg 800w, https:\/\/www.escapadarural.com\/blog\/wp-content\/uploads\/2025\/11\/MontamartaZangarron1989-01.jpg 900w\" sizes=\"auto, (max-width: 900px) 100vw, 900px\"><\/a><\/div><div class=\"ub-block-post-grid-text\" style=\"\"><div class=\"ub-block-post-grid-header-content\"><header class=\"ub-block-post-grid-header\"><h3 class=\"ub-block-post-grid-title\"><a style=\"\" href=\"https:\/\/www.escapadarural.com\/blog\/un-ano-nuevo-diferente-en-6-pueblos-de-espana\/\" rel=\"bookmark\">6 pueblos de Espa\u00f1a donde celebrar un A\u00f1o Nuevo diferente<\/a><\/h3><\/header><\/div><div class=\"ub-block-post-grid-excerpt\"><div class=\"ub-block-post-grid-excerpt-text\" style=\"\"><p>Hay pueblos en Espa\u00f1a que, para celebrar la Nochevieja o la entrada al A\u00f1o Nuevo, tienen sus propios rituales. Estos son algunos de ellos. <\/p>\n<\/div><\/div><\/div><\/article>\n<article id=\"post-81276\" class=\"ub-post-grid-item post-81276 post type-post status-publish format-standard has-post-thumbnail hentry category-destinos tag-albuferas tag-espacios-naturales-protegidos tag-espacios-protegidos tag-formentera tag-ibiza tag-que-ver-en-islas-baleares tag-mallorca tag-menorca tag-parques-naturales tag-salinas\" style=\"\"><div class=\"ub-block-post-grid-image\" style=\"\"><a href=\"https:\/\/www.escapadarural.com\/blog\/espacios-naturales-protegidos-en-baleares\/\" rel=\"bookmark\" aria-hidden=\"true\" tabindex=\"-1\"><img loading=\"lazy\" decoding=\"async\" width=\"1024\" height=\"757\" src=\"https:\/\/www.escapadarural.com\/blog\/wp-content\/uploads\/2024\/10\/Albufera-de-s-Grau-med-1-1024x757-1.jpg\" class=\"attachment-full size-full\" alt=\"Un estrecho camino de tierra bordeado de rocas y hierba alta cruza un lago azul y conduce hacia una colina verde y cubierta de \u00e1rboles bajo un cielo azul despejado.\" style=\"max-width: 600px; \" srcset=\"https:\/\/www.escapadarural.com\/blog\/wp-content\/uploads\/2024\/10\/Albufera-de-s-Grau-med-1-1024x757-1-200x148.jpg 200w, https:\/\/www.escapadarural.com\/blog\/wp-content\/uploads\/2024\/10\/Albufera-de-s-Grau-med-1-1024x757-1-300x222.jpg 300w, https:\/\/www.escapadarural.com\/blog\/wp-content\/uploads\/2024\/10\/Albufera-de-s-Grau-med-1-1024x757-1-400x296.jpg 400w, https:\/\/www.escapadarural.com\/blog\/wp-content\/uploads\/2024\/10\/Albufera-de-s-Grau-med-1-1024x757-1-600x444.jpg 600w, https:\/\/www.escapadarural.com\/blog\/wp-content\/uploads\/2024\/10\/Albufera-de-s-Grau-med-1-1024x757-1-768x568.jpg 768w, https:\/\/www.escapadarural.com\/blog\/wp-content\/uploads\/2024\/10\/Albufera-de-s-Grau-med-1-1024x757-1-800x591.jpg 800w, https:\/\/www.escapadarural.com\/blog\/wp-content\/uploads\/2024\/10\/Albufera-de-s-Grau-med-1-1024x757-1.jpg 1024w\" sizes=\"auto, (max-width: 1024px) 100vw, 1024px\"><\/a><\/div><div class=\"ub-block-post-grid-text\" style=\"\"><div class=\"ub-block-post-grid-header-content\"><header class=\"ub-block-post-grid-header\"><h3 class=\"ub-block-post-grid-title\"><a style=\"\" href=\"https:\/\/www.escapadarural.com\/blog\/espacios-naturales-protegidos-en-baleares\/\" rel=\"bookmark\">Albuferas y salinas, los espacios naturales protegidos en Baleares<\/a><\/h3><\/header><\/div><div class=\"ub-block-post-grid-excerpt\"><div class=\"ub-block-post-grid-excerpt-text\" style=\"\"><p>La protecci\u00f3n del medio ambiente en las Islas Baleares no es solo una prioridad, sino una forma de vida. Este compromiso se refleja en la conservaci\u00f3n de sus albuferas y salinas, aut\u00e9nticos santuarios de biodiversidad que no solo preservan la riqueza natural del Mediterr\u00e1neo, sino que demuestran c\u00f3mo el desarrollo sostenible y la conservaci\u00f3n de los ecosistemas es posible y esencial.<\/p>\n<\/div><\/div><\/div><\/article>\n<article id=\"post-74210\" class=\"ub-post-grid-item post-74210 post type-post status-publish format-standard has-post-thumbnail hentry category-destinos tag-formentera tag-ibiza tag-que-ver-en-islas-baleares tag-listado tag-mallorca tag-menorca tag-playas\" style=\"\"><div class=\"ub-block-post-grid-image\" style=\"\"><a href=\"https:\/\/www.escapadarural.com\/blog\/mejores-playas-de-baleares\/\" rel=\"bookmark\" aria-hidden=\"true\" tabindex=\"-1\"><img loading=\"lazy\" decoding=\"async\" width=\"1024\" height=\"683\" src=\"https:\/\/www.escapadarural.com\/blog\/wp-content\/uploads\/2024\/10\/Calo_des_mort_1WP04.webp\" class=\"attachment-full size-full\" alt=\"Una peque\u00f1a cala de arena con aguas turquesas transparentes, afloramientos rocosos y unas cuantas personas nadando y tomando el sol bajo un soleado cielo azul. El litoral presenta rocas escarpadas y un mar poco profundo y transparente.\" style=\"max-width: 600px; \" srcset=\"https:\/\/www.escapadarural.com\/blog\/wp-content\/uploads\/2024\/10\/Calo_des_mort_1WP04-200x133.webp 200w, https:\/\/www.escapadarural.com\/blog\/wp-content\/uploads\/2024\/10\/Calo_des_mort_1WP04-300x200.webp 300w, https:\/\/www.escapadarural.com\/blog\/wp-content\/uploads\/2024\/10\/Calo_des_mort_1WP04-400x267.webp 400w, https:\/\/www.escapadarural.com\/blog\/wp-content\/uploads\/2024\/10\/Calo_des_mort_1WP04-600x400.webp 600w, https:\/\/www.escapadarural.com\/blog\/wp-content\/uploads\/2024\/10\/Calo_des_mort_1WP04-768x512.webp 768w, https:\/\/www.escapadarural.com\/blog\/wp-content\/uploads\/2024\/10\/Calo_des_mort_1WP04-800x534.webp 800w, https:\/\/www.escapadarural.com\/blog\/wp-content\/uploads\/2024\/10\/Calo_des_mort_1WP04.webp 1024w\" sizes=\"auto, (max-width: 1024px) 100vw, 1024px\"><\/a><\/div><div class=\"ub-block-post-grid-text\" style=\"\"><div class=\"ub-block-post-grid-header-content\"><header class=\"ub-block-post-grid-header\"><h3 class=\"ub-block-post-grid-title\"><a style=\"\" href=\"https:\/\/www.escapadarural.com\/blog\/mejores-playas-de-baleares\/\" rel=\"bookmark\">10 playas de postal en las Islas Baleares<\/a><\/h3><\/header><\/div><div class=\"ub-block-post-grid-excerpt\"><div class=\"ub-block-post-grid-excerpt-text\" style=\"\"><p>Las Islas Baleares cuentan con una incre\u00edble colecci\u00f3n de playas de postal que no tienen nada que envidiar al Caribe. Esta es una selecci\u00f3n de algunas de las mejores playas de Baleares.<\/p>\n<\/div><\/div><\/div><\/article>\n<article id=\"post-63788\" class=\"ub-post-grid-item post-63788 post type-post status-publish format-standard has-post-thumbnail hentry category-arte-y-cultura tag-cala-llentia tag-entrevistas tag-ibiza tag-que-ver-en-islas-baleares tag-playas tag-stonehenge tag-time-and-space\" style=\"\"><div class=\"ub-block-post-grid-image\" style=\"\"><a href=\"https:\/\/www.escapadarural.com\/blog\/cala-llentia-el-stonehenge-de-ibiza\/\" rel=\"bookmark\" aria-hidden=\"true\" tabindex=\"-1\"><img loading=\"lazy\" decoding=\"async\" width=\"1024\" height=\"604\" src=\"https:\/\/www.escapadarural.com\/blog\/wp-content\/uploads\/2024\/10\/stonehenge-ibiza-1024x604-2.jpg\" class=\"attachment-full size-full\" alt=\"Altos pilares de piedra se yerguen en c\u00edrculo sobre un terreno arenoso, con un laberinto en espiral hecho de rocas en primer plano y \u00e1rboles visibles al fondo bajo un cielo parcialmente nublado.\" style=\"max-width: 600px; \" srcset=\"https:\/\/www.escapadarural.com\/blog\/wp-content\/uploads\/2024\/10\/stonehenge-ibiza-1024x604-2-200x118.jpg 200w, https:\/\/www.escapadarural.com\/blog\/wp-content\/uploads\/2024\/10\/stonehenge-ibiza-1024x604-2-300x177.jpg 300w, https:\/\/www.escapadarural.com\/blog\/wp-content\/uploads\/2024\/10\/stonehenge-ibiza-1024x604-2-400x236.jpg 400w, https:\/\/www.escapadarural.com\/blog\/wp-content\/uploads\/2024\/10\/stonehenge-ibiza-1024x604-2-600x354.jpg 600w, https:\/\/www.escapadarural.com\/blog\/wp-content\/uploads\/2024\/10\/stonehenge-ibiza-1024x604-2-768x453.jpg 768w, https:\/\/www.escapadarural.com\/blog\/wp-content\/uploads\/2024\/10\/stonehenge-ibiza-1024x604-2-800x472.jpg 800w, https:\/\/www.escapadarural.com\/blog\/wp-content\/uploads\/2024\/10\/stonehenge-ibiza-1024x604-2.jpg 1024w\" sizes=\"auto, (max-width: 1024px) 100vw, 1024px\"><\/a><\/div><div class=\"ub-block-post-grid-text\" style=\"\"><div class=\"ub-block-post-grid-header-content\"><header class=\"ub-block-post-grid-header\"><h3 class=\"ub-block-post-grid-title\"><a style=\"\" href=\"https:\/\/www.escapadarural.com\/blog\/cala-llentia-el-stonehenge-de-ibiza\/\" rel=\"bookmark\">Cala Llentia, el Stonehenge de Ibiza: \u201cTodas las estructuras est\u00e1n pensadas para ser vistas desde el espacio\u201d<\/a><\/h3><\/header><\/div><div class=\"ub-block-post-grid-excerpt\"><div class=\"ub-block-post-grid-excerpt-text\" style=\"\"><p>Conocido como el Stonehenge espa\u00f1ol, la obra de Andrew Rogers compuesta d eun conjunto de monolitos se erige junto al mar en la Cala Llentia, la playa con m\u00e1s arte de Ibiza. <\/p>\n<\/div><\/div><\/div><\/article>\n<article id=\"post-63177\" class=\"ub-post-grid-item post-63177 post type-post status-publish format-standard has-post-thumbnail hentry category-destinos tag-articulo tag-calas tag-ibiza tag-islas-baleareas tag-playas tag-sa-figuera-borda\" style=\"\"><div class=\"ub-block-post-grid-image\" style=\"\"><a href=\"https:\/\/www.escapadarural.com\/blog\/sa-figuera-borda-cala-desconocida-ibiza\/\" rel=\"bookmark\" aria-hidden=\"true\" tabindex=\"-1\"><img loading=\"lazy\" decoding=\"async\" width=\"1024\" height=\"684\" src=\"https:\/\/www.escapadarural.com\/blog\/wp-content\/uploads\/2024\/10\/sa-figuera-borda-ibiza-1024x684-1.jpg\" class=\"attachment-full size-full\" alt=\"Costa rocosa al atardecer, con cielos suaves en tonos pastel, aguas tranquilas y una formaci\u00f3n rocosa arqueada en primer plano; en el horizonte se divisa una isla lejana.\" style=\"max-width: 600px; \" srcset=\"https:\/\/www.escapadarural.com\/blog\/wp-content\/uploads\/2024\/10\/sa-figuera-borda-ibiza-1024x684-1-200x134.jpg 200w, https:\/\/www.escapadarural.com\/blog\/wp-content\/uploads\/2024\/10\/sa-figuera-borda-ibiza-1024x684-1-300x200.jpg 300w, https:\/\/www.escapadarural.com\/blog\/wp-content\/uploads\/2024\/10\/sa-figuera-borda-ibiza-1024x684-1-400x267.jpg 400w, https:\/\/www.escapadarural.com\/blog\/wp-content\/uploads\/2024\/10\/sa-figuera-borda-ibiza-1024x684-1-600x401.jpg 600w, https:\/\/www.escapadarural.com\/blog\/wp-content\/uploads\/2024\/10\/sa-figuera-borda-ibiza-1024x684-1-768x513.jpg 768w, https:\/\/www.escapadarural.com\/blog\/wp-content\/uploads\/2024\/10\/sa-figuera-borda-ibiza-1024x684-1-800x534.jpg 800w, https:\/\/www.escapadarural.com\/blog\/wp-content\/uploads\/2024\/10\/sa-figuera-borda-ibiza-1024x684-1.jpg 1024w\" sizes=\"auto, (max-width: 1024px) 100vw, 1024px\"><\/a><\/div><div class=\"ub-block-post-grid-text\" style=\"\"><div class=\"ub-block-post-grid-header-content\"><header class=\"ub-block-post-grid-header\"><h3 class=\"ub-block-post-grid-title\"><a style=\"\" href=\"https:\/\/www.escapadarural.com\/blog\/sa-figuera-borda-cala-desconocida-ibiza\/\" rel=\"bookmark\">Sa Figuera Borda, la cala de Ibiza que solo conoc\u00edan los pescadores<\/a><\/h3><\/header><\/div><div class=\"ub-block-post-grid-excerpt\"><div class=\"ub-block-post-grid-excerpt-text\" style=\"\"><p>Sa Figuera Borda es una cueva donde anta\u00f1o los pescadores levantaron las casetas donde guardar\u00edan sus aperos. Hoy, es una zona de ba\u00f1o alejada de las populares calas de la costa ibicenca. <\/p>\n<\/div><\/div><\/div><\/article>\n<article id=\"post-54591\" class=\"ub-post-grid-item post-54591 post type-post status-publish format-standard has-post-thumbnail hentry category-arte-y-cultura tag-formentera tag-gastronomia tag-ibiza tag-imprescindibles tag-que-ver-en-islas-baleares tag-listado tag-mallorca tag-menorca tag-tipico\" style=\"\"><div class=\"ub-block-post-grid-image\" style=\"\"><a href=\"https:\/\/www.escapadarural.com\/blog\/que-comer-en-baleares-ruta-gastronomica\/\" rel=\"bookmark\" aria-hidden=\"true\" tabindex=\"-1\"><img loading=\"lazy\" decoding=\"async\" width=\"1024\" height=\"683\" src=\"https:\/\/www.escapadarural.com\/blog\/wp-content\/uploads\/2024\/10\/AdobeStock_360456655-1024x683-2.jpeg\" class=\"attachment-full size-full\" alt=\"Un plato blanco con una ensalada a base de patatas, tomates, cebollas, pimientos verdes y trozos de carne, colocado sobre una mesa al aire libre con un fondo de jard\u00edn difuminado.\" style=\"max-width: 600px; \" srcset=\"https:\/\/www.escapadarural.com\/blog\/wp-content\/uploads\/2024\/10\/AdobeStock_360456655-1024x683-2-200x133.jpeg 200w, https:\/\/www.escapadarural.com\/blog\/wp-content\/uploads\/2024\/10\/AdobeStock_360456655-1024x683-2-300x200.jpeg 300w, https:\/\/www.escapadarural.com\/blog\/wp-content\/uploads\/2024\/10\/AdobeStock_360456655-1024x683-2-400x267.jpeg 400w, https:\/\/www.escapadarural.com\/blog\/wp-content\/uploads\/2024\/10\/AdobeStock_360456655-1024x683-2-600x400.jpeg 600w, https:\/\/www.escapadarural.com\/blog\/wp-content\/uploads\/2024\/10\/AdobeStock_360456655-1024x683-2-768x512.jpeg 768w, https:\/\/www.escapadarural.com\/blog\/wp-content\/uploads\/2024\/10\/AdobeStock_360456655-1024x683-2-800x534.jpeg 800w, https:\/\/www.escapadarural.com\/blog\/wp-content\/uploads\/2024\/10\/AdobeStock_360456655-1024x683-2.jpeg 1024w\" sizes=\"auto, (max-width: 1024px) 100vw, 1024px\"><\/a><\/div><div class=\"ub-block-post-grid-text\" style=\"\"><div class=\"ub-block-post-grid-header-content\"><header class=\"ub-block-post-grid-header\"><h3 class=\"ub-block-post-grid-title\"><a style=\"\" href=\"https:\/\/www.escapadarural.com\/blog\/que-comer-en-baleares-ruta-gastronomica\/\" rel=\"bookmark\">Ruta gastron\u00f3mica por Baleares: 4 platos imprescindibles\u00a0<\/a><\/h3><\/header><\/div><div class=\"ub-block-post-grid-excerpt\"><div class=\"ub-block-post-grid-excerpt-text\" style=\"\"><p>La gastronom\u00eda de Baleares a\u00fana la cultura, tradici\u00f3n y los sabores de las diferentes islas, haciendo que comprendamos mucho mejor las ra\u00edces del lugar y su historia.\u00a0Estos son 4 platos imprescindibles si te preguntas qu\u00e9 comer en baleares.<\/p>\n<\/div><\/div><\/div><\/article>\n<article id=\"post-53736\" class=\"ub-post-grid-item post-53736 post type-post status-publish format-standard has-post-thumbnail hentry category-rutas-y-excursiones tag-formentera tag-ibiza tag-que-ver-en-islas-baleares tag-listado tag-mallorca tag-menorca tag-playas tag-verano\" style=\"\"><div class=\"ub-block-post-grid-image\" style=\"\"><a href=\"https:\/\/www.escapadarural.com\/blog\/rutas-en-baleares-a-playas\/\" rel=\"bookmark\" aria-hidden=\"true\" tabindex=\"-1\"><img loading=\"lazy\" decoding=\"async\" width=\"1024\" height=\"683\" src=\"https:\/\/www.escapadarural.com\/blog\/wp-content\/uploads\/2024\/10\/AdobeStock_383815390-1024x683-3.jpeg\" class=\"attachment-full size-full\" alt=\"Una costa rocosa de aguas turquesas transparentes, playa de arena, caba\u00f1as de madera dispersas y exuberantes colinas verdes bajo un cielo azul brillante.\" style=\"max-width: 600px; \" srcset=\"https:\/\/www.escapadarural.com\/blog\/wp-content\/uploads\/2024\/10\/AdobeStock_383815390-1024x683-3-200x133.jpeg 200w, https:\/\/www.escapadarural.com\/blog\/wp-content\/uploads\/2024\/10\/AdobeStock_383815390-1024x683-3-300x200.jpeg 300w, https:\/\/www.escapadarural.com\/blog\/wp-content\/uploads\/2024\/10\/AdobeStock_383815390-1024x683-3-400x267.jpeg 400w, https:\/\/www.escapadarural.com\/blog\/wp-content\/uploads\/2024\/10\/AdobeStock_383815390-1024x683-3-600x400.jpeg 600w, https:\/\/www.escapadarural.com\/blog\/wp-content\/uploads\/2024\/10\/AdobeStock_383815390-1024x683-3-768x512.jpeg 768w, https:\/\/www.escapadarural.com\/blog\/wp-content\/uploads\/2024\/10\/AdobeStock_383815390-1024x683-3-800x534.jpeg 800w, https:\/\/www.escapadarural.com\/blog\/wp-content\/uploads\/2024\/10\/AdobeStock_383815390-1024x683-3.jpeg 1024w\" sizes=\"auto, (max-width: 1024px) 100vw, 1024px\"><\/a><\/div><div class=\"ub-block-post-grid-text\" style=\"\"><div class=\"ub-block-post-grid-header-content\"><header class=\"ub-block-post-grid-header\"><h3 class=\"ub-block-post-grid-title\"><a style=\"\" href=\"https:\/\/www.escapadarural.com\/blog\/rutas-en-baleares-a-playas\/\" rel=\"bookmark\">7 rutas en Baleares que llegan a playas paradis\u00edacas<\/a><\/h3><\/header><\/div><div class=\"ub-block-post-grid-excerpt\"><div class=\"ub-block-post-grid-excerpt-text\" style=\"\"><p>Las Islas Baleares destacan por su costa, repleta de playas paradis\u00edacas ba\u00f1adas por aguas cristalinas. Tambi\u00e9n por su vegetaci\u00f3n y sus parajes naturales. Aqu\u00ed os dejamos algunas rutas en Baleares que llegan hasta playas paradis\u00edacas.<\/p>\n<\/div><\/div><\/div><\/article>\n<article id=\"post-3824\" class=\"ub-post-grid-item post-3824 post type-post status-publish format-standard has-post-thumbnail hentry category-destinos tag-articulo tag-atlantis tag-ibiza tag-que-ver-en-islas-baleares tag-piscinas-naturales tag-reserva-natural-de-cala-dhort\" style=\"\"><div class=\"ub-block-post-grid-image\" style=\"\"><a href=\"https:\/\/www.escapadarural.com\/blog\/atlantis-en-ibiza-el-secreto-mejor-guardado\/\" rel=\"bookmark\" aria-hidden=\"true\" tabindex=\"-1\"><img loading=\"lazy\" decoding=\"async\" width=\"746\" height=\"556\" src=\"https:\/\/www.escapadarural.com\/blog\/wp-content\/uploads\/2022\/07\/Atlantis-3.webp\" class=\"attachment-full size-full\" alt=\"Atlantis, en Ibiza. Por Marcelo Baruch\" style=\"max-width: 600px; \" srcset=\"https:\/\/www.escapadarural.com\/blog\/wp-content\/uploads\/2022\/07\/Atlantis-3-200x149.webp 200w, https:\/\/www.escapadarural.com\/blog\/wp-content\/uploads\/2022\/07\/Atlantis-3-300x224.webp 300w, https:\/\/www.escapadarural.com\/blog\/wp-content\/uploads\/2022\/07\/Atlantis-3-400x298.webp 400w, https:\/\/www.escapadarural.com\/blog\/wp-content\/uploads\/2022\/07\/Atlantis-3-600x447.webp 600w, https:\/\/www.escapadarural.com\/blog\/wp-content\/uploads\/2022\/07\/Atlantis-3.webp 746w\" sizes=\"auto, (max-width: 746px) 100vw, 746px\"><\/a><\/div><div class=\"ub-block-post-grid-text\" style=\"\"><div class=\"ub-block-post-grid-header-content\"><header class=\"ub-block-post-grid-header\"><h3 class=\"ub-block-post-grid-title\"><a style=\"\" href=\"https:\/\/www.escapadarural.com\/blog\/atlantis-en-ibiza-el-secreto-mejor-guardado\/\" rel=\"bookmark\">Atlantis, la cantera de Ibiza convertida en una cala legendaria<\/a><\/h3><\/header><\/div><div class=\"ub-block-post-grid-excerpt\"><div class=\"ub-block-post-grid-excerpt-text\" style=\"\"><p>El Atlantis es un lugar de leyenda, un antiguo reducto hippie con pozas y rocas talladas que casi nadie conoce en Ibiza<\/p>\n<\/div><\/div><\/div><\/article>\n<article id=\"post-2946\" class=\"ub-post-grid-item post-2946 post type-post status-publish format-standard has-post-thumbnail hentry category-destinos tag-calas tag-ibiza tag-que-ver-en-islas-baleares tag-listado tag-playas tag-seleccion tag-verano\" style=\"\"><div class=\"ub-block-post-grid-image\" style=\"\"><a href=\"https:\/\/www.escapadarural.com\/blog\/las-mejores-calas-de-ibiza\/\" rel=\"bookmark\" aria-hidden=\"true\" tabindex=\"-1\"><img loading=\"lazy\" decoding=\"async\" width=\"1024\" height=\"683\" src=\"https:\/\/www.escapadarural.com\/blog\/wp-content\/uploads\/2024\/10\/cala_salada_ibiza_1WP02.webp\" class=\"attachment-full size-full\" alt=\"Cala Salada, Ibiza. Por pkazmierczak\" style=\"max-width: 600px; \" srcset=\"https:\/\/www.escapadarural.com\/blog\/wp-content\/uploads\/2024\/10\/cala_salada_ibiza_1WP02-200x133.webp 200w, https:\/\/www.escapadarural.com\/blog\/wp-content\/uploads\/2024\/10\/cala_salada_ibiza_1WP02-300x200.webp 300w, https:\/\/www.escapadarural.com\/blog\/wp-content\/uploads\/2024\/10\/cala_salada_ibiza_1WP02-400x267.webp 400w, https:\/\/www.escapadarural.com\/blog\/wp-content\/uploads\/2024\/10\/cala_salada_ibiza_1WP02-600x400.webp 600w, https:\/\/www.escapadarural.com\/blog\/wp-content\/uploads\/2024\/10\/cala_salada_ibiza_1WP02-768x512.webp 768w, https:\/\/www.escapadarural.com\/blog\/wp-content\/uploads\/2024\/10\/cala_salada_ibiza_1WP02-800x534.webp 800w, https:\/\/www.escapadarural.com\/blog\/wp-content\/uploads\/2024\/10\/cala_salada_ibiza_1WP02.webp 1024w\" sizes=\"auto, (max-width: 1024px) 100vw, 1024px\"><\/a><\/div><div class=\"ub-block-post-grid-text\" style=\"\"><div class=\"ub-block-post-grid-header-content\"><header class=\"ub-block-post-grid-header\"><h3 class=\"ub-block-post-grid-title\"><a style=\"\" href=\"https:\/\/www.escapadarural.com\/blog\/las-mejores-calas-de-ibiza\/\" rel=\"bookmark\">10 playas en Ibiza paradis\u00edacas<\/a><\/h3><\/header><\/div><div class=\"ub-block-post-grid-excerpt\"><div class=\"ub-block-post-grid-excerpt-text\" style=\"\"><p>Te mostramos las 10 mejores calas cristalinas y playas de Ibiza donde darte un buen chapuz\u00f3n\u2026<\/p>\n<\/div><\/div><\/div><\/article>\n<\/div><\/section>","protected":false},"excerpt":{"rendered":"<p>M\u00e1s all\u00e1 de la Ibiza de Pach\u00e1, de las fiestas, de las discotecas y de los resorts de pulsera existe una Ibiza rural y relajada. Una Ibiza en la que las mermeladas son caseras, el trato es personalizado y las siestas se hacen bajo palmeras y almendros.<\/p>\n","protected":false},"author":104,"featured_media":105177,"comment_status":"open","ping_status":"closed","sticky":false,"template":"","format":"standard","meta":{"_acf_changed":false,"om_disable_all_campaigns":false,"footnotes":""},"categories":[191],"tags":[260,1998,1999,409,2000,1054,2001,2002],"class_list":["post-8701","post","type-post","status-publish","format-standard","has-post-thumbnail","hentry","category-destinos","tag-articulo","tag-cala-xacarra","tag-cala-xucla","tag-ibiza","tag-port-de-sant-miquel","tag-rural","tag-sant-joan-de-llabritja","tag-santa-eularia-des-riu"],"acf":[],"featured_image_src":"https:\/\/www.escapadarural.com\/blog\/wp-content\/uploads\/2024\/10\/Ibiza-rural-3-1-1.jpg","author_info":{"display_name":"Roser Goula","author_link":"https:\/\/www.escapadarural.com\/blog\/autor\/rosergoula\/"},"yoast_head":"<!-- This site is optimized with the Yoast SEO plugin v27.5 - https:\/\/yoast.com\/product\/yoast-seo-wordpress\/ -->\n<title>Escapada a la Ibiza Rural - EscapadaRural<\/title>\n<meta name=\"robots\" content=\"index, follow, max-snippet:-1, max-image-preview:large, max-video-preview:-1\" \/>\n<link rel=\"canonical\" href=\"https:\/\/www.escapadarural.com\/blog\/escapada-a-la-ibiza-rural\/\" \/>\n<meta property=\"og:locale\" content=\"es_ES\" \/>\n<meta property=\"og:type\" content=\"article\" \/>\n<meta property=\"og:title\" content=\"Escapada a la Ibiza Rural - EscapadaRural\" \/>\n<meta property=\"og:description\" content=\"M\u00e1s all\u00e1 de la Ibiza de Pach\u00e1, de las fiestas, de las discotecas y de los resorts de pulsera existe una Ibiza rural y relajada. Una Ibiza en la que las mermeladas son caseras, el trato es personalizado y las siestas se hacen bajo palmeras y almendros.\" \/>\n<meta property=\"og:url\" content=\"https:\/\/www.escapadarural.com\/blog\/escapada-a-la-ibiza-rural\/\" \/>\n<meta property=\"og:site_name\" content=\"Magazine de viajes de EscapadaRural\" \/>\n<meta property=\"article:publisher\" content=\"https:\/\/www.facebook.com\/escapadarural\" \/>\n<meta property=\"article:published_time\" content=\"2017-07-28T14:47:17+00:00\" \/>\n<meta property=\"article:modified_time\" content=\"2025-02-14T11:58:19+00:00\" \/>\n<meta property=\"og:image\" content=\"https:\/\/www.escapadarural.com\/blog\/wp-content\/uploads\/2024\/10\/Ibiza-rural-3-1-1.jpg\" \/>\n\t<meta property=\"og:image:width\" content=\"1024\" \/>\n\t<meta property=\"og:image:height\" content=\"683\" \/>\n\t<meta property=\"og:image:type\" content=\"image\/jpeg\" \/>\n<meta name=\"author\" content=\"Roser Goula\" \/>\n<meta name=\"twitter:card\" content=\"summary_large_image\" \/>\n<meta name=\"twitter:label1\" content=\"Escrito por\" \/>\n\t<meta name=\"twitter:data1\" content=\"Roser Goula\" \/>\n\t<meta name=\"twitter:label2\" content=\"Tiempo de lectura\" \/>\n\t<meta name=\"twitter:data2\" content=\"7 minutos\" \/>\n<script type=\"application\/ld+json\" class=\"yoast-schema-graph\">{\"@context\":\"https:\\\/\\\/schema.org\",\"@graph\":[{\"@type\":\"Article\",\"@id\":\"https:\\\/\\\/www.escapadarural.com\\\/blog\\\/escapada-a-la-ibiza-rural\\\/#article\",\"isPartOf\":{\"@id\":\"https:\\\/\\\/www.escapadarural.com\\\/blog\\\/escapada-a-la-ibiza-rural\\\/\"},\"author\":{\"name\":\"Roser Goula\",\"@id\":\"https:\\\/\\\/www.escapadarural.com\\\/blog\\\/#\\\/schema\\\/person\\\/bd6f94ab60f73317a3de468567946714\"},\"headline\":\"Escapada a la Ibiza Rural\",\"datePublished\":\"2017-07-28T14:47:17+00:00\",\"dateModified\":\"2025-02-14T11:58:19+00:00\",\"mainEntityOfPage\":{\"@id\":\"https:\\\/\\\/www.escapadarural.com\\\/blog\\\/escapada-a-la-ibiza-rural\\\/\"},\"wordCount\":851,\"commentCount\":0,\"publisher\":{\"@id\":\"https:\\\/\\\/www.escapadarural.com\\\/blog\\\/#organization\"},\"image\":{\"@id\":\"https:\\\/\\\/www.escapadarural.com\\\/blog\\\/escapada-a-la-ibiza-rural\\\/#primaryimage\"},\"thumbnailUrl\":\"https:\\\/\\\/www.escapadarural.com\\\/blog\\\/wp-content\\\/uploads\\\/2024\\\/10\\\/Ibiza-rural-3-1-1.jpg\",\"keywords\":[\"art\u00edculo\",\"Cala Xacarra\",\"Cala Xucl\u00e0\",\"Ibiza\",\"Port de Sant Miquel\",\"Rural\",\"Sant Joan de Llabritja\",\"Santa Eul\u00e0ria des Riu\"],\"articleSection\":[\"Destinos\"],\"inLanguage\":\"es\",\"potentialAction\":[{\"@type\":\"CommentAction\",\"name\":\"Comment\",\"target\":[\"https:\\\/\\\/www.escapadarural.com\\\/blog\\\/escapada-a-la-ibiza-rural\\\/#respond\"]}]},{\"@type\":\"WebPage\",\"@id\":\"https:\\\/\\\/www.escapadarural.com\\\/blog\\\/escapada-a-la-ibiza-rural\\\/\",\"url\":\"https:\\\/\\\/www.escapadarural.com\\\/blog\\\/escapada-a-la-ibiza-rural\\\/\",\"name\":\"Escapada a la Ibiza Rural - EscapadaRural\",\"isPartOf\":{\"@id\":\"https:\\\/\\\/www.escapadarural.com\\\/blog\\\/#website\"},\"primaryImageOfPage\":{\"@id\":\"https:\\\/\\\/www.escapadarural.com\\\/blog\\\/escapada-a-la-ibiza-rural\\\/#primaryimage\"},\"image\":{\"@id\":\"https:\\\/\\\/www.escapadarural.com\\\/blog\\\/escapada-a-la-ibiza-rural\\\/#primaryimage\"},\"thumbnailUrl\":\"https:\\\/\\\/www.escapadarural.com\\\/blog\\\/wp-content\\\/uploads\\\/2024\\\/10\\\/Ibiza-rural-3-1-1.jpg\",\"datePublished\":\"2017-07-28T14:47:17+00:00\",\"dateModified\":\"2025-02-14T11:58:19+00:00\",\"breadcrumb\":{\"@id\":\"https:\\\/\\\/www.escapadarural.com\\\/blog\\\/escapada-a-la-ibiza-rural\\\/#breadcrumb\"},\"inLanguage\":\"es\",\"potentialAction\":[{\"@type\":\"ReadAction\",\"target\":[\"https:\\\/\\\/www.escapadarural.com\\\/blog\\\/escapada-a-la-ibiza-rural\\\/\"]}]},{\"@type\":\"ImageObject\",\"inLanguage\":\"es\",\"@id\":\"https:\\\/\\\/www.escapadarural.com\\\/blog\\\/escapada-a-la-ibiza-rural\\\/#primaryimage\",\"url\":\"https:\\\/\\\/www.escapadarural.com\\\/blog\\\/wp-content\\\/uploads\\\/2024\\\/10\\\/Ibiza-rural-3-1-1.jpg\",\"contentUrl\":\"https:\\\/\\\/www.escapadarural.com\\\/blog\\\/wp-content\\\/uploads\\\/2024\\\/10\\\/Ibiza-rural-3-1-1.jpg\",\"width\":1024,\"height\":683,\"caption\":\"Una mujer con vestido morado y sombrero para el sol permanece junto a una valla de madera en un camino de tierra cerca de un coche descapotable naranja, rodeada de \u00e1rboles y arbustos en un d\u00eda soleado.\"},{\"@type\":\"BreadcrumbList\",\"@id\":\"https:\\\/\\\/www.escapadarural.com\\\/blog\\\/escapada-a-la-ibiza-rural\\\/#breadcrumb\",\"itemListElement\":[{\"@type\":\"ListItem\",\"position\":1,\"name\":\"Inicio\",\"item\":\"https:\\\/\\\/www.escapadarural.com\\\/blog\\\/\"},{\"@type\":\"ListItem\",\"position\":2,\"name\":\"Destinos\",\"item\":\"https:\\\/\\\/www.escapadarural.com\\\/blog\\\/categoria\\\/destinos\\\/\"},{\"@type\":\"ListItem\",\"position\":3,\"name\":\"Escapada a la Ibiza Rural\"}]},{\"@type\":\"WebSite\",\"@id\":\"https:\\\/\\\/www.escapadarural.com\\\/blog\\\/#website\",\"url\":\"https:\\\/\\\/www.escapadarural.com\\\/blog\\\/\",\"name\":\"Blog de viajes | turismo rural, alojamientos e inspiraci\u00f3n\",\"description\":\"Alojamientos rurales e inspiraci\u00f3n para tus escapadas\",\"publisher\":{\"@id\":\"https:\\\/\\\/www.escapadarural.com\\\/blog\\\/#organization\"},\"alternateName\":\"Magazine de viajes de EscapadaRural\",\"potentialAction\":[{\"@type\":\"SearchAction\",\"target\":{\"@type\":\"EntryPoint\",\"urlTemplate\":\"https:\\\/\\\/www.escapadarural.com\\\/blog\\\/?s={search_term_string}\"},\"query-input\":{\"@type\":\"PropertyValueSpecification\",\"valueRequired\":true,\"valueName\":\"search_term_string\"}}],\"inLanguage\":\"es\"},{\"@type\":\"Organization\",\"@id\":\"https:\\\/\\\/www.escapadarural.com\\\/blog\\\/#organization\",\"name\":\"EscapadaRural\",\"url\":\"https:\\\/\\\/www.escapadarural.com\\\/blog\\\/\",\"logo\":{\"@type\":\"ImageObject\",\"inLanguage\":\"es\",\"@id\":\"https:\\\/\\\/www.escapadarural.com\\\/blog\\\/#\\\/schema\\\/logo\\\/image\\\/\",\"url\":\"https:\\\/\\\/www.escapadarural.com\\\/blog\\\/wp-content\\\/uploads\\\/2024\\\/10\\\/cropped-cropped-escapada-rural-icon-mag-3.png\",\"contentUrl\":\"https:\\\/\\\/www.escapadarural.com\\\/blog\\\/wp-content\\\/uploads\\\/2024\\\/10\\\/cropped-cropped-escapada-rural-icon-mag-3.png\",\"width\":512,\"height\":512,\"caption\":\"EscapadaRural\"},\"image\":{\"@id\":\"https:\\\/\\\/www.escapadarural.com\\\/blog\\\/#\\\/schema\\\/logo\\\/image\\\/\"},\"sameAs\":[\"https:\\\/\\\/www.facebook.com\\\/escapadarural\",\"https:\\\/\\\/www.instagram.com\\\/escapadarural\\\/\",\"https:\\\/\\\/www.youtube.com\\\/@escapadaruralcom\"]},{\"@type\":\"Person\",\"@id\":\"https:\\\/\\\/www.escapadarural.com\\\/blog\\\/#\\\/schema\\\/person\\\/bd6f94ab60f73317a3de468567946714\",\"name\":\"Roser Goula\",\"image\":{\"@type\":\"ImageObject\",\"inLanguage\":\"es\",\"@id\":\"https:\\\/\\\/secure.gravatar.com\\\/avatar\\\/4fbfae2b8cd24e020bad3b573fc4bfd82498227a69b084681c780eeddb53842e?s=96&d=mm&r=g\",\"url\":\"https:\\\/\\\/secure.gravatar.com\\\/avatar\\\/4fbfae2b8cd24e020bad3b573fc4bfd82498227a69b084681c780eeddb53842e?s=96&d=mm&r=g\",\"contentUrl\":\"https:\\\/\\\/secure.gravatar.com\\\/avatar\\\/4fbfae2b8cd24e020bad3b573fc4bfd82498227a69b084681c780eeddb53842e?s=96&d=mm&r=g\",\"caption\":\"Roser Goula\"},\"url\":\"https:\\\/\\\/www.escapadarural.com\\\/blog\\\/autor\\\/rosergoula\\\/\"}]}<\/script>\n<!-- \/ Yoast SEO plugin. -->","yoast_head_json":{"title":"Escapada a la Ibiza Rural - EscapadaRural","robots":{"index":"index","follow":"follow","max-snippet":"max-snippet:-1","max-image-preview":"max-image-preview:large","max-video-preview":"max-video-preview:-1"},"canonical":"https:\/\/www.escapadarural.com\/blog\/escapada-a-la-ibiza-rural\/","og_locale":"es_ES","og_type":"article","og_title":"Escapada a la Ibiza Rural - EscapadaRural","og_description":"M\u00e1s all\u00e1 de la Ibiza de Pach\u00e1, de las fiestas, de las discotecas y de los resorts de pulsera existe una Ibiza rural y relajada. Una Ibiza en la que las mermeladas son caseras, el trato es personalizado y las siestas se hacen bajo palmeras y almendros.","og_url":"https:\/\/www.escapadarural.com\/blog\/escapada-a-la-ibiza-rural\/","og_site_name":"Magazine de viajes de EscapadaRural","article_publisher":"https:\/\/www.facebook.com\/escapadarural","article_published_time":"2017-07-28T14:47:17+00:00","article_modified_time":"2025-02-14T11:58:19+00:00","og_image":[{"width":1024,"height":683,"url":"https:\/\/www.escapadarural.com\/blog\/wp-content\/uploads\/2024\/10\/Ibiza-rural-3-1-1.jpg","type":"image\/jpeg"}],"author":"Roser Goula","twitter_card":"summary_large_image","twitter_misc":{"Escrito por":"Roser Goula","Tiempo de lectura":"7 minutos"},"schema":{"@context":"https:\/\/schema.org","@graph":[{"@type":"Article","@id":"https:\/\/www.escapadarural.com\/blog\/escapada-a-la-ibiza-rural\/#article","isPartOf":{"@id":"https:\/\/www.escapadarural.com\/blog\/escapada-a-la-ibiza-rural\/"},"author":{"name":"Roser Goula","@id":"https:\/\/www.escapadarural.com\/blog\/#\/schema\/person\/bd6f94ab60f73317a3de468567946714"},"headline":"Escapada a la Ibiza Rural","datePublished":"2017-07-28T14:47:17+00:00","dateModified":"2025-02-14T11:58:19+00:00","mainEntityOfPage":{"@id":"https:\/\/www.escapadarural.com\/blog\/escapada-a-la-ibiza-rural\/"},"wordCount":851,"commentCount":0,"publisher":{"@id":"https:\/\/www.escapadarural.com\/blog\/#organization"},"image":{"@id":"https:\/\/www.escapadarural.com\/blog\/escapada-a-la-ibiza-rural\/#primaryimage"},"thumbnailUrl":"https:\/\/www.escapadarural.com\/blog\/wp-content\/uploads\/2024\/10\/Ibiza-rural-3-1-1.jpg","keywords":["art\u00edculo","Cala Xacarra","Cala Xucl\u00e0","Ibiza","Port de Sant Miquel","Rural","Sant Joan de Llabritja","Santa Eul\u00e0ria des Riu"],"articleSection":["Destinos"],"inLanguage":"es","potentialAction":[{"@type":"CommentAction","name":"Comment","target":["https:\/\/www.escapadarural.com\/blog\/escapada-a-la-ibiza-rural\/#respond"]}]},{"@type":"WebPage","@id":"https:\/\/www.escapadarural.com\/blog\/escapada-a-la-ibiza-rural\/","url":"https:\/\/www.escapadarural.com\/blog\/escapada-a-la-ibiza-rural\/","name":"Escapada a la Ibiza Rural - EscapadaRural","isPartOf":{"@id":"https:\/\/www.escapadarural.com\/blog\/#website"},"primaryImageOfPage":{"@id":"https:\/\/www.escapadarural.com\/blog\/escapada-a-la-ibiza-rural\/#primaryimage"},"image":{"@id":"https:\/\/www.escapadarural.com\/blog\/escapada-a-la-ibiza-rural\/#primaryimage"},"thumbnailUrl":"https:\/\/www.escapadarural.com\/blog\/wp-content\/uploads\/2024\/10\/Ibiza-rural-3-1-1.jpg","datePublished":"2017-07-28T14:47:17+00:00","dateModified":"2025-02-14T11:58:19+00:00","breadcrumb":{"@id":"https:\/\/www.escapadarural.com\/blog\/escapada-a-la-ibiza-rural\/#breadcrumb"},"inLanguage":"es","potentialAction":[{"@type":"ReadAction","target":["https:\/\/www.escapadarural.com\/blog\/escapada-a-la-ibiza-rural\/"]}]},{"@type":"ImageObject","inLanguage":"es","@id":"https:\/\/www.escapadarural.com\/blog\/escapada-a-la-ibiza-rural\/#primaryimage","url":"https:\/\/www.escapadarural.com\/blog\/wp-content\/uploads\/2024\/10\/Ibiza-rural-3-1-1.jpg","contentUrl":"https:\/\/www.escapadarural.com\/blog\/wp-content\/uploads\/2024\/10\/Ibiza-rural-3-1-1.jpg","width":1024,"height":683,"caption":"Una mujer con vestido morado y sombrero para el sol permanece junto a una valla de madera en un camino de tierra cerca de un coche descapotable naranja, rodeada de \u00e1rboles y arbustos en un d\u00eda soleado."},{"@type":"BreadcrumbList","@id":"https:\/\/www.escapadarural.com\/blog\/escapada-a-la-ibiza-rural\/#breadcrumb","itemListElement":[{"@type":"ListItem","position":1,"name":"Inicio","item":"https:\/\/www.escapadarural.com\/blog\/"},{"@type":"ListItem","position":2,"name":"Destinos","item":"https:\/\/www.escapadarural.com\/blog\/categoria\/destinos\/"},{"@type":"ListItem","position":3,"name":"Escapada a la Ibiza Rural"}]},{"@type":"WebSite","@id":"https:\/\/www.escapadarural.com\/blog\/#website","url":"https:\/\/www.escapadarural.com\/blog\/","name":"Blog de viajes | turismo rural, alojamientos e inspiraci\u00f3n","description":"Alojamientos rurales e inspiraci\u00f3n para tus escapadas","publisher":{"@id":"https:\/\/www.escapadarural.com\/blog\/#organization"},"alternateName":"Magazine de viajes de EscapadaRural","potentialAction":[{"@type":"SearchAction","target":{"@type":"EntryPoint","urlTemplate":"https:\/\/www.escapadarural.com\/blog\/?s={search_term_string}"},"query-input":{"@type":"PropertyValueSpecification","valueRequired":true,"valueName":"search_term_string"}}],"inLanguage":"es"},{"@type":"Organization","@id":"https:\/\/www.escapadarural.com\/blog\/#organization","name":"EscapadaRural","url":"https:\/\/www.escapadarural.com\/blog\/","logo":{"@type":"ImageObject","inLanguage":"es","@id":"https:\/\/www.escapadarural.com\/blog\/#\/schema\/logo\/image\/","url":"https:\/\/www.escapadarural.com\/blog\/wp-content\/uploads\/2024\/10\/cropped-cropped-escapada-rural-icon-mag-3.png","contentUrl":"https:\/\/www.escapadarural.com\/blog\/wp-content\/uploads\/2024\/10\/cropped-cropped-escapada-rural-icon-mag-3.png","width":512,"height":512,"caption":"EscapadaRural"},"image":{"@id":"https:\/\/www.escapadarural.com\/blog\/#\/schema\/logo\/image\/"},"sameAs":["https:\/\/www.facebook.com\/escapadarural","https:\/\/www.instagram.com\/escapadarural\/","https:\/\/www.youtube.com\/@escapadaruralcom"]},{"@type":"Person","@id":"https:\/\/www.escapadarural.com\/blog\/#\/schema\/person\/bd6f94ab60f73317a3de468567946714","name":"Roser Goula","image":{"@type":"ImageObject","inLanguage":"es","@id":"https:\/\/secure.gravatar.com\/avatar\/4fbfae2b8cd24e020bad3b573fc4bfd82498227a69b084681c780eeddb53842e?s=96&d=mm&r=g","url":"https:\/\/secure.gravatar.com\/avatar\/4fbfae2b8cd24e020bad3b573fc4bfd82498227a69b084681c780eeddb53842e?s=96&d=mm&r=g","contentUrl":"https:\/\/secure.gravatar.com\/avatar\/4fbfae2b8cd24e020bad3b573fc4bfd82498227a69b084681c780eeddb53842e?s=96&d=mm&r=g","caption":"Roser Goula"},"url":"https:\/\/www.escapadarural.com\/blog\/autor\/rosergoula\/"}]}},"_links":{"self":[{"href":"https:\/\/www.escapadarural.com\/blog\/wp-json\/wp\/v2\/posts\/8701","targetHints":{"allow":["GET"]}}],"collection":[{"href":"https:\/\/www.escapadarural.com\/blog\/wp-json\/wp\/v2\/posts"}],"about":[{"href":"https:\/\/www.escapadarural.com\/blog\/wp-json\/wp\/v2\/types\/post"}],"author":[{"embeddable":true,"href":"https:\/\/www.escapadarural.com\/blog\/wp-json\/wp\/v2\/users\/104"}],"replies":[{"embeddable":true,"href":"https:\/\/www.escapadarural.com\/blog\/wp-json\/wp\/v2\/comments?post=8701"}],"version-history":[{"count":0,"href":"https:\/\/www.escapadarural.com\/blog\/wp-json\/wp\/v2\/posts\/8701\/revisions"}],"wp:featuredmedia":[{"embeddable":true,"href":"https:\/\/www.escapadarural.com\/blog\/wp-json\/wp\/v2\/media\/105177"}],"wp:attachment":[{"href":"https:\/\/www.escapadarural.com\/blog\/wp-json\/wp\/v2\/media?parent=8701"}],"wp:term":[{"taxonomy":"category","embeddable":true,"href":"https:\/\/www.escapadarural.com\/blog\/wp-json\/wp\/v2\/categories?post=8701"},{"taxonomy":"post_tag","embeddable":true,"href":"https:\/\/www.escapadarural.com\/blog\/wp-json\/wp\/v2\/tags?post=8701"}],"curies":[{"name":"wp","href":"https:\/\/api.w.org\/{rel}","templated":true}]}}