{"id":8754,"date":"2018-12-12T09:30:47","date_gmt":"2018-12-12T09:30:47","guid":{"rendered":"http:\/\/15.188.81.248\/2018\/12\/12\/ruta-de-brujas-por-los-puertos-de-beceite-y-el-delta-del-ebro\/"},"modified":"2025-02-11T17:17:12","modified_gmt":"2025-02-11T15:17:12","slug":"ruta-de-brujas-por-los-puertos-de-beceite-y-el-delta-del-ebro","status":"publish","type":"post","link":"https:\/\/www.escapadarural.com\/blog\/ruta-de-brujas-por-los-puertos-de-beceite-y-el-delta-del-ebro\/","title":{"rendered":"Ruta de brujas por los Puertos de Beceite y el Delta del Ebro"},"content":{"rendered":"\n<figure class=\"wp-block-image size-large\"><img decoding=\"async\" src=\"https:\/\/www.escapadarural.com\/blog\/wp-content\/uploads\/2020\/07\/Convento-de-Sant-Salvador-d\u2019Horta-1024x400.jpg\" alt=\"Convento de Sant Salvador d\u2019Horta\" class=\"wp-image-25337\"\/><figcaption class=\"wp-element-caption\">Convento de Sant Salvador d\u2019Horta. Por Jordi Canal<\/figcaption><\/figure>\n\n\n\n<p>Hay algo misterioso en el sur de Catalu\u00f1a. Es ah\u00ed donde el r\u00edo Ebro pasa junto a las monta\u00f1as de <a href=\"https:\/\/www.escapadarural.com\/casas-rurales\/ports-de-tortosa-beseit\" target=\"_blank\" aria-label=\" (opens in a new tab)\" rel=\"noreferrer noopener\" class=\"rank-math-link\"><strong>los Puertos de Tortosa-Beceite<\/strong><\/a> antes de deshacerse en una red de riachuelos y morir en su delta. Hay algo m\u00e1gico en ese paisaje seco y f\u00e9rtil a la vez. Algo especial en el aire agreste y suave al mismo tiempo que quiz\u00e1 haya contribuido a generar historias y leyendas que nos han llegado hasta nuestros d\u00edas.<\/p>\n\n\n\n<p>Una de ellas habla de un pueblo, Arnes, en el que en el siglo XVI hubo un juicio contra unas brujas. En el a\u00f1o 2010, el escritor David Mart\u00ed se inspir\u00f3 en esos hechos para escribir su primera novela, <em>Las Brujas de Arnes<\/em>, y el libro tuvo tanto \u00e9xito que se ha organizado una ruta por estas tierras que sigue las aventuras de las dos protagonistas del libro.<\/p>\n\n\n<div class=\"wp-block-image\">\n<figure class=\"aligncenter size-large\"><a href=\"https:\/\/www.escapadarural.com\/blog\/wp-content\/uploads\/2020\/07\/Pueblo-de-Arnes.jpg\"><img decoding=\"async\" src=\"https:\/\/www.escapadarural.com\/blog\/wp-content\/uploads\/2020\/07\/Pueblo-de-Arnes-1024x400.jpg\" alt=\"Pueblo de Arnes\" class=\"wp-image-25338\"\/><\/a><figcaption class=\"wp-element-caption\">Pueblo de Arnes. Por Jordi Canal<\/figcaption><\/figure>\n<\/div>\n\n\n<p>La novela sigue la vida de Mar\u00eda y Luna, madre e hija curanderas que, en el a\u00f1o 1533, fueron condenadas por brujer\u00eda y juzgadas en el pueblo de Arnes por un tribunal de la Inquisici\u00f3n. Solo el alzamiento de la gente en contra del inquisidor salva a las dos protagonistas, que tienen que huir. Los lugares por los que pasan y que se detallan en la novela son los que ahora forman parte de <strong>la Ruta de las Brujas de Arnes<\/strong>.<\/p>\n\n\n\n<p>El recorrido empieza en <a href=\"https:\/\/www.arnes.altanet.org\" class=\"rank-math-link\" target=\"_blank\">Arnes<\/a>, en la comarca de la Terra Alta, donde se puede visitar la Iglesia de Santa Magdalena y, muy cerca el Ayuntamiento de 1584, uno de los mejores ejemplos de la arquitectura renacentista civil catalana.<\/p>\n\n\n\n<p>En el pueblo tambi\u00e9n es de visita obligada el <strong>Centro de Interpretaci\u00f3n de la Miel de Arnes<\/strong>, en el Casal Municipal, donde se explica tanto el proceso de recolecci\u00f3n como las razones de la excelencia de la miel local. Arnes significa colmenas en catal\u00e1n y las dos que hay pintadas en el escudo del pueblo dan a entender que la apicultura se remonta muchos siglos atr\u00e1s.<\/p>\n\n\n<div class=\"wp-block-image\">\n<figure class=\"aligncenter size-large\"><a href=\"https:\/\/www.escapadarural.com\/blog\/wp-content\/uploads\/2020\/07\/Valderrobres-y-su-Palacio-Episcopal.jpg\"><img decoding=\"async\" src=\"https:\/\/www.escapadarural.com\/blog\/wp-content\/uploads\/2020\/07\/Valderrobres-y-su-Palacio-Episcopal-1024x400.jpg\" alt=\"Valderrobres y su Palacio Episcopal\" class=\"wp-image-25339\"\/><\/a><figcaption class=\"wp-element-caption\">Valderrobres y su Palacio Episcopal. Jordi Canal<\/figcaption><\/figure>\n<\/div>\n\n\n<p>Uno de los episodios del libro, en el que se describe un ritual de magia negra, sucede en el pueblo de Valderrobres, en el Matarra\u00f1a del vecino Teruel. Con un puente g\u00f3tico, un enorme portal y el Palacio Episcopal del siglo XV, Valderrobres es uno de los pueblos m\u00e1s bonitos de Espa\u00f1a. En el Palacio Episcopal puede visitarse una peque\u00f1a exposici\u00f3n en sus salas que permite entender la importancia estrat\u00e9gica de la poblaci\u00f3n en la Edad Media.<\/p>\n\n\n\n<p>La ruta pasa tambi\u00e9n por el <strong>Convento de Sant Salvador d\u2019Horta<\/strong>, cuyo origen se remonta al siglo XIII como iglesia fortificada por los <strong>Templarios<\/strong>. El lugar no puede ser m\u00e1s inspirador, justo bajo la Monta\u00f1a de Santa B\u00e1rbara, de perfil serrado que inspir\u00f3 al joven Pablo Picasso cuando vino a pasar un verano al pueblo de Horta de Sant Joan con su amigo Manuel Pallar\u00e8s.<\/p>\n\n\n<div class=\"wp-block-image\">\n<figure class=\"aligncenter size-large\"><a href=\"https:\/\/www.escapadarural.com\/blog\/wp-content\/uploads\/2020\/07\/Faro-del-Fangar-en-el-Delta-del-Ebro.jpg\"><img decoding=\"async\" src=\"https:\/\/www.escapadarural.com\/blog\/wp-content\/uploads\/2020\/07\/Faro-del-Fangar-en-el-Delta-del-Ebro-1024x400.jpg\" alt=\"Faro del Fangar en el Delta del Ebro\" class=\"wp-image-25340\"\/><\/a><figcaption class=\"wp-element-caption\">Faro del Fangar en el Delta del Ebro. Por Jordi Canal<\/figcaption><\/figure>\n<\/div>\n\n\n<p>Picasso dir\u00eda a\u00f1os m\u00e1s tarde que \u00abTodo lo que s\u00e9, lo aprend\u00ed en Horta\u00bb, y quiz\u00e1 es por eso que en el <a href=\"https:\/\/www.centrepicasso.cat\" target=\"_blank\" label=\" (opens in a new tab)\" rel=\"noreferrer noopener\" class=\"rank-math-link\">Centre Picasso Horta<\/a> una exposici\u00f3n recuerda la visita de Picasso a la poblaci\u00f3n.<\/p>\n\n\n\n<p>El recorrido de las Brujas de Arnes prosigue hasta el pueblo de Benifallet. Ah\u00ed las protagonistas entran en <strong>la Cueva de las Maravillas<\/strong>, una formaci\u00f3n geol\u00f3gica fascinante llena de estalactitas y estalagmitas que se puede visitar.<\/p>\n\n\n\n<p>Desde aqu\u00ed el r\u00edo Ebro se puede navegar hasta Tortosa, en el Baix Ebre, que tambi\u00e9n es parada obligatoria para visitar su <strong>Castillo de la Suda<\/strong> encaramado en la monta\u00f1a. Construido por los romanos, musulmanes y cristianos, el castillo fue fortaleza, residencia real, tribunal de justicia y, desde hace unos a\u00f1os, Parador Nacional.<\/p>\n\n\n\n<p>Tortosa, a medio camino entre los Puertos de Beceite y el Delta del Ebro, es una de las bases ideales para explorar la zona y realizar actividades vinculadas con el r\u00edo (kayak, paseos en barca) o la monta\u00f1a (BTT, excursiones, trail running).<\/p>\n\n\n\n<p>El Ebro pasa por Tortosa poco antes de morir en su delta y el recorrido tambi\u00e9n termina aqu\u00ed, en la <strong>Badia del Fangar<\/strong>, donde las protagonistas embarcan hacia Barcelona. El visitante seguramente no har\u00e1 lo mismo. Decidir\u00e1 quedarse aqu\u00ed m\u00e1s tiempo para seguir contemplando los campos de arroz del Delta del Ebro, entre el mar y la monta\u00f1a. Y posiblemente, contemplando atr\u00e1s el r\u00edo que fluye y los Puertos de Tortosa-Beceite en el horizonte llegar\u00e1 a pensar, tambi\u00e9n, que este lugar est\u00e1 lleno de magia.<\/p>\n\n\n\n<h2 class=\"wp-block-heading\" id=\"h-que-mas-hacer-en-el-delta-del-ebro\">Qu\u00e9 m\u00e1s hacer en el Delta del Ebro<\/h2>\n\n\n<section class=\"wp-block-ub-post-grid ub-block-post-grid align  is-equal-height preserve-post-image-aspect-ratio\" style=\"\" id=\"ub-post-grid-\"><div class=\"ub-post-grid-items is-list\" style=\"row-gap: 32px; column-gap: 32px; \"><article id=\"post-78174\" class=\"ub-post-grid-item post-78174 post type-post status-publish format-standard has-post-thumbnail hentry category-arte-y-cultura category-rutas-y-excursiones tag-albufera tag-arroz tag-arrozales tag-arrozales-de-cataluna tag-bardenas-reales tag-calasparra tag-delta-de-lebre tag-delta-del-ebro tag-gastronomia\" style=\"\"><div class=\"ub-block-post-grid-image\" style=\"\"><a href=\"https:\/\/www.escapadarural.com\/blog\/paseos-y-rutas-entre-arrozales\/\" rel=\"bookmark\" aria-hidden=\"true\" tabindex=\"-1\"><img loading=\"lazy\" decoding=\"async\" width=\"1024\" height=\"590\" src=\"https:\/\/www.escapadarural.com\/blog\/wp-content\/uploads\/2024\/10\/campos-de-arroz-pego-oliva-1024x590-2.jpg\" class=\"attachment-full size-full\" alt=\"La luz del sol se cuela entre las nubes sobre un frondoso campo verde con monta\u00f1as al fondo: una escena atractiva para el turismo rural. La hierba alta se mece en primer plano, mientras que los \u00e1rboles bordean el campo cerca de las monta\u00f1as.\" style=\"max-width: 600px; \" srcset=\"https:\/\/www.escapadarural.com\/blog\/wp-content\/uploads\/2024\/10\/campos-de-arroz-pego-oliva-1024x590-2-200x115.jpg 200w, https:\/\/www.escapadarural.com\/blog\/wp-content\/uploads\/2024\/10\/campos-de-arroz-pego-oliva-1024x590-2-300x173.jpg 300w, https:\/\/www.escapadarural.com\/blog\/wp-content\/uploads\/2024\/10\/campos-de-arroz-pego-oliva-1024x590-2-400x230.jpg 400w, https:\/\/www.escapadarural.com\/blog\/wp-content\/uploads\/2024\/10\/campos-de-arroz-pego-oliva-1024x590-2-600x346.jpg 600w, https:\/\/www.escapadarural.com\/blog\/wp-content\/uploads\/2024\/10\/campos-de-arroz-pego-oliva-1024x590-2-768x443.jpg 768w, https:\/\/www.escapadarural.com\/blog\/wp-content\/uploads\/2024\/10\/campos-de-arroz-pego-oliva-1024x590-2-800x461.jpg 800w, https:\/\/www.escapadarural.com\/blog\/wp-content\/uploads\/2024\/10\/campos-de-arroz-pego-oliva-1024x590-2.jpg 1024w\" sizes=\"auto, (max-width: 1024px) 100vw, 1024px\"><\/a><\/div><div class=\"ub-block-post-grid-text\" style=\"\"><div class=\"ub-block-post-grid-header-content\"><header class=\"ub-block-post-grid-header\"><h3 class=\"ub-block-post-grid-title\"><a style=\"\" href=\"https:\/\/www.escapadarural.com\/blog\/paseos-y-rutas-entre-arrozales\/\" rel=\"bookmark\">4 paseos por algunos de los arrozales m\u00e1s bonitos de Espa\u00f1a<\/a><\/h3><\/header><\/div><div class=\"ub-block-post-grid-excerpt\"><div class=\"ub-block-post-grid-excerpt-text\" style=\"\"><p>Es uno de los paisajes agrarios m\u00e1s sorprendentes. Estos 4 paseos nos llevar\u00e1n a recorrer algunos de los arrozales m\u00e1s bonitos de Espa\u00f1a. <\/p>\n<\/div><\/div><\/div><\/article>\n<article id=\"post-11803\" class=\"ub-post-grid-item post-11803 post type-post status-publish format-standard has-post-thumbnail hentry category-destinos tag-aiguestortes tag-articulo tag-costa-daurada tag-delta-del-ebro tag-kayak tag-penedes tag-priorat\" style=\"\"><div class=\"ub-block-post-grid-image\" style=\"\"><a href=\"https:\/\/www.escapadarural.com\/blog\/que-hacer-en-cataluna-en-verano\/\" rel=\"bookmark\" aria-hidden=\"true\" tabindex=\"-1\"><img loading=\"lazy\" decoding=\"async\" width=\"1000\" height=\"664\" src=\"https:\/\/www.escapadarural.com\/blog\/wp-content\/uploads\/2020\/04\/Miravet.jpg\" class=\"attachment-full size-full\" alt=\"Miravet, en Tarragona.\" style=\"max-width: 600px; \" srcset=\"https:\/\/www.escapadarural.com\/blog\/wp-content\/uploads\/2020\/04\/Miravet-200x133.jpg 200w, https:\/\/www.escapadarural.com\/blog\/wp-content\/uploads\/2020\/04\/Miravet-300x199.jpg 300w, https:\/\/www.escapadarural.com\/blog\/wp-content\/uploads\/2020\/04\/Miravet-400x266.jpg 400w, https:\/\/www.escapadarural.com\/blog\/wp-content\/uploads\/2020\/04\/Miravet-600x398.jpg 600w, https:\/\/www.escapadarural.com\/blog\/wp-content\/uploads\/2020\/04\/Miravet-768x510.jpg 768w, https:\/\/www.escapadarural.com\/blog\/wp-content\/uploads\/2020\/04\/Miravet-800x531.jpg 800w, https:\/\/www.escapadarural.com\/blog\/wp-content\/uploads\/2020\/04\/Miravet.jpg 1000w\" sizes=\"auto, (max-width: 1000px) 100vw, 1000px\"><\/a><\/div><div class=\"ub-block-post-grid-text\" style=\"\"><div class=\"ub-block-post-grid-header-content\"><header class=\"ub-block-post-grid-header\"><h3 class=\"ub-block-post-grid-title\"><a style=\"\" href=\"https:\/\/www.escapadarural.com\/blog\/que-hacer-en-cataluna-en-verano\/\" rel=\"bookmark\">Qu\u00e9 hacer en Catalu\u00f1a en verano<\/a><\/h3><\/header><\/div><div class=\"ub-block-post-grid-excerpt\"><div class=\"ub-block-post-grid-excerpt-text\" style=\"\"><p>Aqu\u00ed encontrar\u00e1s tres planes imprescindibles para disfrutar al m\u00e1ximo durante tu escapada veraniega en Catalu\u00f1a: kayak, productos KM0 y m\u00e1s.<\/p>\n<\/div><\/div><\/div><\/article>\n<article id=\"post-53975\" class=\"ub-post-grid-item post-53975 post type-post status-publish format-standard has-post-thumbnail hentry category-alojamientos-rurales tag-arroz-de-la-isla-de-buda tag-que-ver-en-cataluna tag-delta-del-ebro tag-historias-y-curiosidades tag-isla-de-buda tag-islas tag-longform tag-que-ver-en-tarragona\" style=\"\"><div class=\"ub-block-post-grid-image\" style=\"\"><a href=\"https:\/\/www.escapadarural.com\/blog\/isla-de-buda\/\" rel=\"bookmark\" aria-hidden=\"true\" tabindex=\"-1\"><img loading=\"lazy\" decoding=\"async\" width=\"960\" height=\"621\" src=\"https:\/\/www.escapadarural.com\/blog\/wp-content\/uploads\/2024\/10\/isla-de-Buda-masia-3-1.jpg\" class=\"attachment-full size-full\" alt=\"Isla de Buda\" style=\"max-width: 600px; \" srcset=\"https:\/\/www.escapadarural.com\/blog\/wp-content\/uploads\/2024\/10\/isla-de-Buda-masia-3-1-200x129.jpg 200w, https:\/\/www.escapadarural.com\/blog\/wp-content\/uploads\/2024\/10\/isla-de-Buda-masia-3-1-300x194.jpg 300w, https:\/\/www.escapadarural.com\/blog\/wp-content\/uploads\/2024\/10\/isla-de-Buda-masia-3-1-400x259.jpg 400w, https:\/\/www.escapadarural.com\/blog\/wp-content\/uploads\/2024\/10\/isla-de-Buda-masia-3-1-600x388.jpg 600w, https:\/\/www.escapadarural.com\/blog\/wp-content\/uploads\/2024\/10\/isla-de-Buda-masia-3-1-768x497.jpg 768w, https:\/\/www.escapadarural.com\/blog\/wp-content\/uploads\/2024\/10\/isla-de-Buda-masia-3-1-800x518.jpg 800w, https:\/\/www.escapadarural.com\/blog\/wp-content\/uploads\/2024\/10\/isla-de-Buda-masia-3-1.jpg 960w\" sizes=\"auto, (max-width: 960px) 100vw, 960px\"><\/a><\/div><div class=\"ub-block-post-grid-text\" style=\"\"><div class=\"ub-block-post-grid-header-content\"><header class=\"ub-block-post-grid-header\"><h3 class=\"ub-block-post-grid-title\"><a style=\"\" href=\"https:\/\/www.escapadarural.com\/blog\/isla-de-buda\/\" rel=\"bookmark\">La isla desconocida de Catalu\u00f1a que est\u00e1 en peligro de extinci\u00f3n<\/a><\/h3><\/header><\/div><div class=\"ub-block-post-grid-excerpt\"><div class=\"ub-block-post-grid-excerpt-text\" style=\"\"><p>A pesar de que es poco conocida, la isla de Buda es la m\u00e1s grande de Catalu\u00f1a. Est\u00e1 situada en el Delta del Ebro y es uno de los humedales m\u00e1s importantes de Espa\u00f1a. Su acceso est\u00e1 restringido y solo podemos conocerla haciendo turismo rural. <\/p>\n<\/div><\/div><\/div><\/article>\n<article id=\"post-54067\" class=\"ub-post-grid-item post-54067 post type-post status-publish format-standard has-post-thumbnail hentry category-destinos tag-arroz-de-la-isla-de-buda tag-arrozales-de-cataluna tag-cambio-climatico tag-que-ver-en-cataluna tag-como-llegar-a-la-isla-de-buda tag-delta tag-delta-del-ebro tag-guillermo-bores tag-historias-y-curiosidades tag-isla-de-buda tag-sedimentos-delta tag-que-ver-en-tarragona tag-video tag-videos\" style=\"\"><div class=\"ub-block-post-grid-image\" style=\"\"><a href=\"https:\/\/www.escapadarural.com\/blog\/el-ultimo-habitante-de-la-isla-de-buda\/\" rel=\"bookmark\" aria-hidden=\"true\" tabindex=\"-1\"><img loading=\"lazy\" decoding=\"async\" width=\"960\" height=\"621\" src=\"https:\/\/www.escapadarural.com\/blog\/wp-content\/uploads\/2024\/10\/isla-de-Buda-masia-3-1.jpg\" class=\"attachment-full size-full\" alt=\"Isla de Buda\" style=\"max-width: 600px; \" srcset=\"https:\/\/www.escapadarural.com\/blog\/wp-content\/uploads\/2024\/10\/isla-de-Buda-masia-3-1-200x129.jpg 200w, https:\/\/www.escapadarural.com\/blog\/wp-content\/uploads\/2024\/10\/isla-de-Buda-masia-3-1-300x194.jpg 300w, https:\/\/www.escapadarural.com\/blog\/wp-content\/uploads\/2024\/10\/isla-de-Buda-masia-3-1-400x259.jpg 400w, https:\/\/www.escapadarural.com\/blog\/wp-content\/uploads\/2024\/10\/isla-de-Buda-masia-3-1-600x388.jpg 600w, https:\/\/www.escapadarural.com\/blog\/wp-content\/uploads\/2024\/10\/isla-de-Buda-masia-3-1-768x497.jpg 768w, https:\/\/www.escapadarural.com\/blog\/wp-content\/uploads\/2024\/10\/isla-de-Buda-masia-3-1-800x518.jpg 800w, https:\/\/www.escapadarural.com\/blog\/wp-content\/uploads\/2024\/10\/isla-de-Buda-masia-3-1.jpg 960w\" sizes=\"auto, (max-width: 960px) 100vw, 960px\"><\/a><\/div><div class=\"ub-block-post-grid-text\" style=\"\"><div class=\"ub-block-post-grid-header-content\"><header class=\"ub-block-post-grid-header\"><h3 class=\"ub-block-post-grid-title\"><a style=\"\" href=\"https:\/\/www.escapadarural.com\/blog\/el-ultimo-habitante-de-la-isla-de-buda\/\" rel=\"bookmark\">El \u00faltimo habitante de la Isla de Buda<\/a><\/h3><\/header><\/div><div class=\"ub-block-post-grid-excerpt\"><div class=\"ub-block-post-grid-excerpt-text\" style=\"\"><p>https:\/\/www.youtube.com\/watch?v=azIPV52AdoQ&amp;t=4s Guillermo Bor\u00e9s es el \u00faltimo habitante de la Isla de Buda, un peque\u00f1o para\u00edso situado en el Delta del Ebro (Tarragona). La Isla de Buda es la isla m\u00e1s grande de Catalu\u00f1a y uno de los humedales m\u00e1s importantes del pa\u00eds. Su abuelo y su t\u00edo abuelo compraron la isla en 1924. De ni\u00f1o,\u2026<\/p>\n<\/div><\/div><\/div><\/article>\n<article id=\"post-51362\" class=\"ub-post-grid-item post-51362 post type-post status-publish format-standard has-post-thumbnail hentry category-destinos tag-delta-del-ebro tag-donana tag-listado tag-peniscola tag-playas\" style=\"\"><div class=\"ub-block-post-grid-image\" style=\"\"><a href=\"https:\/\/www.escapadarural.com\/blog\/playas-mas-largas-de-espana\/\" rel=\"bookmark\" aria-hidden=\"true\" tabindex=\"-1\"><img loading=\"lazy\" decoding=\"async\" width=\"1024\" height=\"576\" src=\"https:\/\/www.escapadarural.com\/blog\/wp-content\/uploads\/2024\/10\/MAPA-PLAYAS-1-1024x576-2.jpg\" class=\"attachment-full size-full\" alt=\"Mapa de Espa\u00f1a que destaca la ubicaci\u00f3n de varias playas notables, como Playa de Do\u00f1ana, Carnota, Play\u00f3n de Bayas, El Puntal, Zarautz, Punta del Fangar, Playa Norte, Ses Salines, El Carmol\u00ed y El Cofete.\" style=\"max-width: 600px; \" srcset=\"https:\/\/www.escapadarural.com\/blog\/wp-content\/uploads\/2024\/10\/MAPA-PLAYAS-1-1024x576-2-200x113.jpg 200w, https:\/\/www.escapadarural.com\/blog\/wp-content\/uploads\/2024\/10\/MAPA-PLAYAS-1-1024x576-2-300x169.jpg 300w, https:\/\/www.escapadarural.com\/blog\/wp-content\/uploads\/2024\/10\/MAPA-PLAYAS-1-1024x576-2-400x225.jpg 400w, https:\/\/www.escapadarural.com\/blog\/wp-content\/uploads\/2024\/10\/MAPA-PLAYAS-1-1024x576-2-600x338.jpg 600w, https:\/\/www.escapadarural.com\/blog\/wp-content\/uploads\/2024\/10\/MAPA-PLAYAS-1-1024x576-2-768x432.jpg 768w, https:\/\/www.escapadarural.com\/blog\/wp-content\/uploads\/2024\/10\/MAPA-PLAYAS-1-1024x576-2-800x450.jpg 800w, https:\/\/www.escapadarural.com\/blog\/wp-content\/uploads\/2024\/10\/MAPA-PLAYAS-1-1024x576-2.jpg 1024w\" sizes=\"auto, (max-width: 1024px) 100vw, 1024px\"><\/a><\/div><div class=\"ub-block-post-grid-text\" style=\"\"><div class=\"ub-block-post-grid-header-content\"><header class=\"ub-block-post-grid-header\"><h3 class=\"ub-block-post-grid-title\"><a style=\"\" href=\"https:\/\/www.escapadarural.com\/blog\/playas-mas-largas-de-espana\/\" rel=\"bookmark\">Las 10 playas m\u00e1s largas de Espa\u00f1a<\/a><\/h3><\/header><\/div><div class=\"ub-block-post-grid-excerpt\"><div class=\"ub-block-post-grid-excerpt-text\" style=\"\"><p>En Espa\u00f1a hay playas de todos los tama\u00f1os y para todos los gustos. Aqu\u00ed os dejamos una lista de las playas m\u00e1s largas de nuestro pa\u00eds, para que no haya problema de encontrar sitio este verano. <\/p>\n<\/div><\/div><\/div><\/article>\n<article id=\"post-42233\" class=\"ub-post-grid-item post-42233 post type-post status-publish format-standard has-post-thumbnail hentry category-arte-y-cultura tag-arrocero tag-arroz tag-calentamiento-global tag-cambio-climatico tag-que-ver-en-cataluna tag-cereal tag-dani-forcadell tag-delta-del-ebro tag-historias-y-curiosidades tag-que-ver-en-tarragona\" style=\"\"><div class=\"ub-block-post-grid-image\" style=\"\"><a href=\"https:\/\/www.escapadarural.com\/blog\/arrocero-en-el-delta-del-ebro\/\" rel=\"bookmark\" aria-hidden=\"true\" tabindex=\"-1\"><img loading=\"lazy\" decoding=\"async\" width=\"1024\" height=\"573\" src=\"https:\/\/www.escapadarural.com\/blog\/wp-content\/uploads\/2024\/10\/IMG_5095-1024x573-2.jpg\" class=\"attachment-full size-full\" alt=\"Un hombre con gafas de sol se encuentra en un camino de tierra junto a un frondoso campo verde bajo un cielo azul despejado, con \u00e1rboles y edificios lejanos al fondo.\" style=\"max-width: 600px; \" srcset=\"https:\/\/www.escapadarural.com\/blog\/wp-content\/uploads\/2024\/10\/IMG_5095-1024x573-2-200x112.jpg 200w, https:\/\/www.escapadarural.com\/blog\/wp-content\/uploads\/2024\/10\/IMG_5095-1024x573-2-300x168.jpg 300w, https:\/\/www.escapadarural.com\/blog\/wp-content\/uploads\/2024\/10\/IMG_5095-1024x573-2-400x224.jpg 400w, https:\/\/www.escapadarural.com\/blog\/wp-content\/uploads\/2024\/10\/IMG_5095-1024x573-2-600x336.jpg 600w, https:\/\/www.escapadarural.com\/blog\/wp-content\/uploads\/2024\/10\/IMG_5095-1024x573-2-768x430.jpg 768w, https:\/\/www.escapadarural.com\/blog\/wp-content\/uploads\/2024\/10\/IMG_5095-1024x573-2-800x448.jpg 800w, https:\/\/www.escapadarural.com\/blog\/wp-content\/uploads\/2024\/10\/IMG_5095-1024x573-2.jpg 1024w\" sizes=\"auto, (max-width: 1024px) 100vw, 1024px\"><\/a><\/div><div class=\"ub-block-post-grid-text\" style=\"\"><div class=\"ub-block-post-grid-header-content\"><header class=\"ub-block-post-grid-header\"><h3 class=\"ub-block-post-grid-title\"><a style=\"\" href=\"https:\/\/www.escapadarural.com\/blog\/arrocero-en-el-delta-del-ebro\/\" rel=\"bookmark\">As\u00ed trabaja un arrocero en el delta del Ebro, antes de que se hunda<\/a><\/h3><\/header><\/div><div class=\"ub-block-post-grid-excerpt\"><div class=\"ub-block-post-grid-excerpt-text\" style=\"\"><p>Dani Forcadell se descalza, se remanga los pantalones y entra en el arrozal. Los pies se le hunden en un fango suave, verdoso, nutritivo, de olor dulz\u00f3n muy penetrante. El agua tibia le cubre los tobillos. Con los pies en el barro y la cabeza en el cielo mediterr\u00e1neo, abarca toda la vertical del delta del Ebro. Forcadell mide 1,75 metros: entre los pies y la cabeza le cabe el mundo, un mundo, su mundo. <\/p>\n<\/div><\/div><\/div><\/article>\n<\/div><\/section>","protected":false},"excerpt":{"rendered":"<p>Hay algo misterioso en el sur de Catalu\u00f1a. Es ah\u00ed donde el r\u00edo Ebro pasa junto a las monta\u00f1as de los Puertos de Tortosa-Beceite antes de deshacerse en una red de riachuelos y morir en su delta. Hay algo m\u00e1gico en ese paisaje seco y f\u00e9rtil a la vez. Algo especial en el aire agreste y suave al mismo tiempo que quiz\u00e1 haya contribuido a generar historias y leyendas que nos han llegado hasta nuestros d\u00edas.<\/p>\n","protected":false},"author":108,"featured_media":103916,"comment_status":"open","ping_status":"closed","sticky":false,"template":"","format":"standard","meta":{"_acf_changed":false,"om_disable_all_campaigns":false,"footnotes":""},"categories":[1379],"tags":[260,2202,262,2203,537,398],"class_list":["post-8754","post","type-post","status-publish","format-standard","has-post-thumbnail","hentry","category-rutas-y-excursiones","tag-articulo","tag-beceite","tag-delta-del-ebro","tag-magia","tag-que-ver-en-tarragona","tag-que-ver-en-teruel"],"acf":[],"featured_image_src":"https:\/\/www.escapadarural.com\/blog\/wp-content\/uploads\/2024\/10\/Convento-de-Sant-Salvador-dHorta-1024x400-3.jpg","author_info":{"display_name":"Jordi Canal-Soler","author_link":"https:\/\/www.escapadarural.com\/blog\/autor\/jordicanal\/"},"yoast_head":"<!-- This site is optimized with the Yoast SEO plugin v27.5 - https:\/\/yoast.com\/product\/yoast-seo-wordpress\/ -->\n<title>Ruta de brujas por los Puertos de Beceite y el Delta del Ebro - EscapadaRural<\/title>\n<meta name=\"robots\" content=\"index, follow, max-snippet:-1, max-image-preview:large, max-video-preview:-1\" \/>\n<link rel=\"canonical\" href=\"https:\/\/www.escapadarural.com\/blog\/ruta-de-brujas-por-los-puertos-de-beceite-y-el-delta-del-ebro\/\" \/>\n<meta property=\"og:locale\" content=\"es_ES\" \/>\n<meta property=\"og:type\" content=\"article\" \/>\n<meta property=\"og:title\" content=\"Ruta de brujas por los Puertos de Beceite y el Delta del Ebro - EscapadaRural\" \/>\n<meta property=\"og:description\" content=\"Hay algo misterioso en el sur de Catalu\u00f1a. Es ah\u00ed donde el r\u00edo Ebro pasa junto a las monta\u00f1as de los Puertos de Tortosa-Beceite antes de deshacerse en una red de riachuelos y morir en su delta. Hay algo m\u00e1gico en ese paisaje seco y f\u00e9rtil a la vez. Algo especial en el aire agreste y suave al mismo tiempo que quiz\u00e1 haya contribuido a generar historias y leyendas que nos han llegado hasta nuestros d\u00edas.\" \/>\n<meta property=\"og:url\" content=\"https:\/\/www.escapadarural.com\/blog\/ruta-de-brujas-por-los-puertos-de-beceite-y-el-delta-del-ebro\/\" \/>\n<meta property=\"og:site_name\" content=\"Magazine de viajes de EscapadaRural\" \/>\n<meta property=\"article:publisher\" content=\"https:\/\/www.facebook.com\/escapadarural\" \/>\n<meta property=\"article:published_time\" content=\"2018-12-12T09:30:47+00:00\" \/>\n<meta property=\"article:modified_time\" content=\"2025-02-11T15:17:12+00:00\" \/>\n<meta property=\"og:image\" content=\"https:\/\/www.escapadarural.com\/blog\/wp-content\/uploads\/2024\/10\/Convento-de-Sant-Salvador-dHorta-1024x400-3.jpg\" \/>\n\t<meta property=\"og:image:width\" content=\"1024\" \/>\n\t<meta property=\"og:image:height\" content=\"400\" \/>\n\t<meta property=\"og:image:type\" content=\"image\/jpeg\" \/>\n<meta name=\"author\" content=\"Jordi Canal-Soler\" \/>\n<meta name=\"twitter:card\" content=\"summary_large_image\" \/>\n<meta name=\"twitter:label1\" content=\"Escrito por\" \/>\n\t<meta name=\"twitter:data1\" content=\"Jordi Canal-Soler\" \/>\n\t<meta name=\"twitter:label2\" content=\"Tiempo de lectura\" \/>\n\t<meta name=\"twitter:data2\" content=\"5 minutos\" \/>\n<script type=\"application\/ld+json\" class=\"yoast-schema-graph\">{\"@context\":\"https:\\\/\\\/schema.org\",\"@graph\":[{\"@type\":\"Article\",\"@id\":\"https:\\\/\\\/www.escapadarural.com\\\/blog\\\/ruta-de-brujas-por-los-puertos-de-beceite-y-el-delta-del-ebro\\\/#article\",\"isPartOf\":{\"@id\":\"https:\\\/\\\/www.escapadarural.com\\\/blog\\\/ruta-de-brujas-por-los-puertos-de-beceite-y-el-delta-del-ebro\\\/\"},\"author\":{\"name\":\"Jordi Canal-Soler\",\"@id\":\"https:\\\/\\\/www.escapadarural.com\\\/blog\\\/#\\\/schema\\\/person\\\/ad65d422f4f5046f7743a5b421821e8a\"},\"headline\":\"Ruta de brujas por los Puertos de Beceite y el Delta del Ebro\",\"datePublished\":\"2018-12-12T09:30:47+00:00\",\"dateModified\":\"2025-02-11T15:17:12+00:00\",\"mainEntityOfPage\":{\"@id\":\"https:\\\/\\\/www.escapadarural.com\\\/blog\\\/ruta-de-brujas-por-los-puertos-de-beceite-y-el-delta-del-ebro\\\/\"},\"wordCount\":824,\"commentCount\":0,\"publisher\":{\"@id\":\"https:\\\/\\\/www.escapadarural.com\\\/blog\\\/#organization\"},\"image\":{\"@id\":\"https:\\\/\\\/www.escapadarural.com\\\/blog\\\/ruta-de-brujas-por-los-puertos-de-beceite-y-el-delta-del-ebro\\\/#primaryimage\"},\"thumbnailUrl\":\"https:\\\/\\\/www.escapadarural.com\\\/blog\\\/wp-content\\\/uploads\\\/2024\\\/10\\\/Convento-de-Sant-Salvador-dHorta-1024x400-3.jpg\",\"keywords\":[\"art\u00edculo\",\"Beceite\",\"Delta del Ebro\",\"magia\",\"Tarragona\",\"Teruel\"],\"articleSection\":[\"Rutas y excursiones\"],\"inLanguage\":\"es\",\"potentialAction\":[{\"@type\":\"CommentAction\",\"name\":\"Comment\",\"target\":[\"https:\\\/\\\/www.escapadarural.com\\\/blog\\\/ruta-de-brujas-por-los-puertos-de-beceite-y-el-delta-del-ebro\\\/#respond\"]}]},{\"@type\":\"WebPage\",\"@id\":\"https:\\\/\\\/www.escapadarural.com\\\/blog\\\/ruta-de-brujas-por-los-puertos-de-beceite-y-el-delta-del-ebro\\\/\",\"url\":\"https:\\\/\\\/www.escapadarural.com\\\/blog\\\/ruta-de-brujas-por-los-puertos-de-beceite-y-el-delta-del-ebro\\\/\",\"name\":\"Ruta de brujas por los Puertos de Beceite y el Delta del Ebro - EscapadaRural\",\"isPartOf\":{\"@id\":\"https:\\\/\\\/www.escapadarural.com\\\/blog\\\/#website\"},\"primaryImageOfPage\":{\"@id\":\"https:\\\/\\\/www.escapadarural.com\\\/blog\\\/ruta-de-brujas-por-los-puertos-de-beceite-y-el-delta-del-ebro\\\/#primaryimage\"},\"image\":{\"@id\":\"https:\\\/\\\/www.escapadarural.com\\\/blog\\\/ruta-de-brujas-por-los-puertos-de-beceite-y-el-delta-del-ebro\\\/#primaryimage\"},\"thumbnailUrl\":\"https:\\\/\\\/www.escapadarural.com\\\/blog\\\/wp-content\\\/uploads\\\/2024\\\/10\\\/Convento-de-Sant-Salvador-dHorta-1024x400-3.jpg\",\"datePublished\":\"2018-12-12T09:30:47+00:00\",\"dateModified\":\"2025-02-11T15:17:12+00:00\",\"breadcrumb\":{\"@id\":\"https:\\\/\\\/www.escapadarural.com\\\/blog\\\/ruta-de-brujas-por-los-puertos-de-beceite-y-el-delta-del-ebro\\\/#breadcrumb\"},\"inLanguage\":\"es\",\"potentialAction\":[{\"@type\":\"ReadAction\",\"target\":[\"https:\\\/\\\/www.escapadarural.com\\\/blog\\\/ruta-de-brujas-por-los-puertos-de-beceite-y-el-delta-del-ebro\\\/\"]}]},{\"@type\":\"ImageObject\",\"inLanguage\":\"es\",\"@id\":\"https:\\\/\\\/www.escapadarural.com\\\/blog\\\/ruta-de-brujas-por-los-puertos-de-beceite-y-el-delta-del-ebro\\\/#primaryimage\",\"url\":\"https:\\\/\\\/www.escapadarural.com\\\/blog\\\/wp-content\\\/uploads\\\/2024\\\/10\\\/Convento-de-Sant-Salvador-dHorta-1024x400-3.jpg\",\"contentUrl\":\"https:\\\/\\\/www.escapadarural.com\\\/blog\\\/wp-content\\\/uploads\\\/2024\\\/10\\\/Convento-de-Sant-Salvador-dHorta-1024x400-3.jpg\",\"width\":1024,\"height\":400,\"caption\":\"Un hist\u00f3rico monasterio de piedra con tejados de tejas rojas est\u00e1 rodeado de un denso pinar verde en la ladera de una colina, parcialmente a la sombra de los \u00e1rboles bajo la luz natural del d\u00eda.\"},{\"@type\":\"BreadcrumbList\",\"@id\":\"https:\\\/\\\/www.escapadarural.com\\\/blog\\\/ruta-de-brujas-por-los-puertos-de-beceite-y-el-delta-del-ebro\\\/#breadcrumb\",\"itemListElement\":[{\"@type\":\"ListItem\",\"position\":1,\"name\":\"Inicio\",\"item\":\"https:\\\/\\\/www.escapadarural.com\\\/blog\\\/\"},{\"@type\":\"ListItem\",\"position\":2,\"name\":\"Rutas y excursiones\",\"item\":\"https:\\\/\\\/www.escapadarural.com\\\/blog\\\/categoria\\\/rutas-y-excursiones\\\/\"},{\"@type\":\"ListItem\",\"position\":3,\"name\":\"Ruta de brujas por los Puertos de Beceite y el Delta del Ebro\"}]},{\"@type\":\"WebSite\",\"@id\":\"https:\\\/\\\/www.escapadarural.com\\\/blog\\\/#website\",\"url\":\"https:\\\/\\\/www.escapadarural.com\\\/blog\\\/\",\"name\":\"Blog de viajes | turismo rural, alojamientos e inspiraci\u00f3n\",\"description\":\"Alojamientos rurales e inspiraci\u00f3n para tus escapadas\",\"publisher\":{\"@id\":\"https:\\\/\\\/www.escapadarural.com\\\/blog\\\/#organization\"},\"alternateName\":\"Magazine de viajes de EscapadaRural\",\"potentialAction\":[{\"@type\":\"SearchAction\",\"target\":{\"@type\":\"EntryPoint\",\"urlTemplate\":\"https:\\\/\\\/www.escapadarural.com\\\/blog\\\/?s={search_term_string}\"},\"query-input\":{\"@type\":\"PropertyValueSpecification\",\"valueRequired\":true,\"valueName\":\"search_term_string\"}}],\"inLanguage\":\"es\"},{\"@type\":\"Organization\",\"@id\":\"https:\\\/\\\/www.escapadarural.com\\\/blog\\\/#organization\",\"name\":\"EscapadaRural\",\"url\":\"https:\\\/\\\/www.escapadarural.com\\\/blog\\\/\",\"logo\":{\"@type\":\"ImageObject\",\"inLanguage\":\"es\",\"@id\":\"https:\\\/\\\/www.escapadarural.com\\\/blog\\\/#\\\/schema\\\/logo\\\/image\\\/\",\"url\":\"https:\\\/\\\/www.escapadarural.com\\\/blog\\\/wp-content\\\/uploads\\\/2024\\\/10\\\/cropped-cropped-escapada-rural-icon-mag-3.png\",\"contentUrl\":\"https:\\\/\\\/www.escapadarural.com\\\/blog\\\/wp-content\\\/uploads\\\/2024\\\/10\\\/cropped-cropped-escapada-rural-icon-mag-3.png\",\"width\":512,\"height\":512,\"caption\":\"EscapadaRural\"},\"image\":{\"@id\":\"https:\\\/\\\/www.escapadarural.com\\\/blog\\\/#\\\/schema\\\/logo\\\/image\\\/\"},\"sameAs\":[\"https:\\\/\\\/www.facebook.com\\\/escapadarural\",\"https:\\\/\\\/www.instagram.com\\\/escapadarural\\\/\",\"https:\\\/\\\/www.youtube.com\\\/@escapadaruralcom\"]},{\"@type\":\"Person\",\"@id\":\"https:\\\/\\\/www.escapadarural.com\\\/blog\\\/#\\\/schema\\\/person\\\/ad65d422f4f5046f7743a5b421821e8a\",\"name\":\"Jordi Canal-Soler\",\"image\":{\"@type\":\"ImageObject\",\"inLanguage\":\"es\",\"@id\":\"https:\\\/\\\/secure.gravatar.com\\\/avatar\\\/7c79a169ee106975ee1cd6bc5ac1e69b31d02bbe82affe3b8edb889837199681?s=96&d=mm&r=g\",\"url\":\"https:\\\/\\\/secure.gravatar.com\\\/avatar\\\/7c79a169ee106975ee1cd6bc5ac1e69b31d02bbe82affe3b8edb889837199681?s=96&d=mm&r=g\",\"contentUrl\":\"https:\\\/\\\/secure.gravatar.com\\\/avatar\\\/7c79a169ee106975ee1cd6bc5ac1e69b31d02bbe82affe3b8edb889837199681?s=96&d=mm&r=g\",\"caption\":\"Jordi Canal-Soler\"},\"url\":\"https:\\\/\\\/www.escapadarural.com\\\/blog\\\/autor\\\/jordicanal\\\/\"}]}<\/script>\n<!-- \/ Yoast SEO plugin. -->","yoast_head_json":{"title":"Ruta de brujas por los Puertos de Beceite y el Delta del Ebro - EscapadaRural","robots":{"index":"index","follow":"follow","max-snippet":"max-snippet:-1","max-image-preview":"max-image-preview:large","max-video-preview":"max-video-preview:-1"},"canonical":"https:\/\/www.escapadarural.com\/blog\/ruta-de-brujas-por-los-puertos-de-beceite-y-el-delta-del-ebro\/","og_locale":"es_ES","og_type":"article","og_title":"Ruta de brujas por los Puertos de Beceite y el Delta del Ebro - EscapadaRural","og_description":"Hay algo misterioso en el sur de Catalu\u00f1a. Es ah\u00ed donde el r\u00edo Ebro pasa junto a las monta\u00f1as de los Puertos de Tortosa-Beceite antes de deshacerse en una red de riachuelos y morir en su delta. Hay algo m\u00e1gico en ese paisaje seco y f\u00e9rtil a la vez. Algo especial en el aire agreste y suave al mismo tiempo que quiz\u00e1 haya contribuido a generar historias y leyendas que nos han llegado hasta nuestros d\u00edas.","og_url":"https:\/\/www.escapadarural.com\/blog\/ruta-de-brujas-por-los-puertos-de-beceite-y-el-delta-del-ebro\/","og_site_name":"Magazine de viajes de EscapadaRural","article_publisher":"https:\/\/www.facebook.com\/escapadarural","article_published_time":"2018-12-12T09:30:47+00:00","article_modified_time":"2025-02-11T15:17:12+00:00","og_image":[{"width":1024,"height":400,"url":"https:\/\/www.escapadarural.com\/blog\/wp-content\/uploads\/2024\/10\/Convento-de-Sant-Salvador-dHorta-1024x400-3.jpg","type":"image\/jpeg"}],"author":"Jordi Canal-Soler","twitter_card":"summary_large_image","twitter_misc":{"Escrito por":"Jordi Canal-Soler","Tiempo de lectura":"5 minutos"},"schema":{"@context":"https:\/\/schema.org","@graph":[{"@type":"Article","@id":"https:\/\/www.escapadarural.com\/blog\/ruta-de-brujas-por-los-puertos-de-beceite-y-el-delta-del-ebro\/#article","isPartOf":{"@id":"https:\/\/www.escapadarural.com\/blog\/ruta-de-brujas-por-los-puertos-de-beceite-y-el-delta-del-ebro\/"},"author":{"name":"Jordi Canal-Soler","@id":"https:\/\/www.escapadarural.com\/blog\/#\/schema\/person\/ad65d422f4f5046f7743a5b421821e8a"},"headline":"Ruta de brujas por los Puertos de Beceite y el Delta del Ebro","datePublished":"2018-12-12T09:30:47+00:00","dateModified":"2025-02-11T15:17:12+00:00","mainEntityOfPage":{"@id":"https:\/\/www.escapadarural.com\/blog\/ruta-de-brujas-por-los-puertos-de-beceite-y-el-delta-del-ebro\/"},"wordCount":824,"commentCount":0,"publisher":{"@id":"https:\/\/www.escapadarural.com\/blog\/#organization"},"image":{"@id":"https:\/\/www.escapadarural.com\/blog\/ruta-de-brujas-por-los-puertos-de-beceite-y-el-delta-del-ebro\/#primaryimage"},"thumbnailUrl":"https:\/\/www.escapadarural.com\/blog\/wp-content\/uploads\/2024\/10\/Convento-de-Sant-Salvador-dHorta-1024x400-3.jpg","keywords":["art\u00edculo","Beceite","Delta del Ebro","magia","Tarragona","Teruel"],"articleSection":["Rutas y excursiones"],"inLanguage":"es","potentialAction":[{"@type":"CommentAction","name":"Comment","target":["https:\/\/www.escapadarural.com\/blog\/ruta-de-brujas-por-los-puertos-de-beceite-y-el-delta-del-ebro\/#respond"]}]},{"@type":"WebPage","@id":"https:\/\/www.escapadarural.com\/blog\/ruta-de-brujas-por-los-puertos-de-beceite-y-el-delta-del-ebro\/","url":"https:\/\/www.escapadarural.com\/blog\/ruta-de-brujas-por-los-puertos-de-beceite-y-el-delta-del-ebro\/","name":"Ruta de brujas por los Puertos de Beceite y el Delta del Ebro - EscapadaRural","isPartOf":{"@id":"https:\/\/www.escapadarural.com\/blog\/#website"},"primaryImageOfPage":{"@id":"https:\/\/www.escapadarural.com\/blog\/ruta-de-brujas-por-los-puertos-de-beceite-y-el-delta-del-ebro\/#primaryimage"},"image":{"@id":"https:\/\/www.escapadarural.com\/blog\/ruta-de-brujas-por-los-puertos-de-beceite-y-el-delta-del-ebro\/#primaryimage"},"thumbnailUrl":"https:\/\/www.escapadarural.com\/blog\/wp-content\/uploads\/2024\/10\/Convento-de-Sant-Salvador-dHorta-1024x400-3.jpg","datePublished":"2018-12-12T09:30:47+00:00","dateModified":"2025-02-11T15:17:12+00:00","breadcrumb":{"@id":"https:\/\/www.escapadarural.com\/blog\/ruta-de-brujas-por-los-puertos-de-beceite-y-el-delta-del-ebro\/#breadcrumb"},"inLanguage":"es","potentialAction":[{"@type":"ReadAction","target":["https:\/\/www.escapadarural.com\/blog\/ruta-de-brujas-por-los-puertos-de-beceite-y-el-delta-del-ebro\/"]}]},{"@type":"ImageObject","inLanguage":"es","@id":"https:\/\/www.escapadarural.com\/blog\/ruta-de-brujas-por-los-puertos-de-beceite-y-el-delta-del-ebro\/#primaryimage","url":"https:\/\/www.escapadarural.com\/blog\/wp-content\/uploads\/2024\/10\/Convento-de-Sant-Salvador-dHorta-1024x400-3.jpg","contentUrl":"https:\/\/www.escapadarural.com\/blog\/wp-content\/uploads\/2024\/10\/Convento-de-Sant-Salvador-dHorta-1024x400-3.jpg","width":1024,"height":400,"caption":"Un hist\u00f3rico monasterio de piedra con tejados de tejas rojas est\u00e1 rodeado de un denso pinar verde en la ladera de una colina, parcialmente a la sombra de los \u00e1rboles bajo la luz natural del d\u00eda."},{"@type":"BreadcrumbList","@id":"https:\/\/www.escapadarural.com\/blog\/ruta-de-brujas-por-los-puertos-de-beceite-y-el-delta-del-ebro\/#breadcrumb","itemListElement":[{"@type":"ListItem","position":1,"name":"Inicio","item":"https:\/\/www.escapadarural.com\/blog\/"},{"@type":"ListItem","position":2,"name":"Rutas y excursiones","item":"https:\/\/www.escapadarural.com\/blog\/categoria\/rutas-y-excursiones\/"},{"@type":"ListItem","position":3,"name":"Ruta de brujas por los Puertos de Beceite y el Delta del Ebro"}]},{"@type":"WebSite","@id":"https:\/\/www.escapadarural.com\/blog\/#website","url":"https:\/\/www.escapadarural.com\/blog\/","name":"Blog de viajes | turismo rural, alojamientos e inspiraci\u00f3n","description":"Alojamientos rurales e inspiraci\u00f3n para tus escapadas","publisher":{"@id":"https:\/\/www.escapadarural.com\/blog\/#organization"},"alternateName":"Magazine de viajes de EscapadaRural","potentialAction":[{"@type":"SearchAction","target":{"@type":"EntryPoint","urlTemplate":"https:\/\/www.escapadarural.com\/blog\/?s={search_term_string}"},"query-input":{"@type":"PropertyValueSpecification","valueRequired":true,"valueName":"search_term_string"}}],"inLanguage":"es"},{"@type":"Organization","@id":"https:\/\/www.escapadarural.com\/blog\/#organization","name":"EscapadaRural","url":"https:\/\/www.escapadarural.com\/blog\/","logo":{"@type":"ImageObject","inLanguage":"es","@id":"https:\/\/www.escapadarural.com\/blog\/#\/schema\/logo\/image\/","url":"https:\/\/www.escapadarural.com\/blog\/wp-content\/uploads\/2024\/10\/cropped-cropped-escapada-rural-icon-mag-3.png","contentUrl":"https:\/\/www.escapadarural.com\/blog\/wp-content\/uploads\/2024\/10\/cropped-cropped-escapada-rural-icon-mag-3.png","width":512,"height":512,"caption":"EscapadaRural"},"image":{"@id":"https:\/\/www.escapadarural.com\/blog\/#\/schema\/logo\/image\/"},"sameAs":["https:\/\/www.facebook.com\/escapadarural","https:\/\/www.instagram.com\/escapadarural\/","https:\/\/www.youtube.com\/@escapadaruralcom"]},{"@type":"Person","@id":"https:\/\/www.escapadarural.com\/blog\/#\/schema\/person\/ad65d422f4f5046f7743a5b421821e8a","name":"Jordi Canal-Soler","image":{"@type":"ImageObject","inLanguage":"es","@id":"https:\/\/secure.gravatar.com\/avatar\/7c79a169ee106975ee1cd6bc5ac1e69b31d02bbe82affe3b8edb889837199681?s=96&d=mm&r=g","url":"https:\/\/secure.gravatar.com\/avatar\/7c79a169ee106975ee1cd6bc5ac1e69b31d02bbe82affe3b8edb889837199681?s=96&d=mm&r=g","contentUrl":"https:\/\/secure.gravatar.com\/avatar\/7c79a169ee106975ee1cd6bc5ac1e69b31d02bbe82affe3b8edb889837199681?s=96&d=mm&r=g","caption":"Jordi Canal-Soler"},"url":"https:\/\/www.escapadarural.com\/blog\/autor\/jordicanal\/"}]}},"_links":{"self":[{"href":"https:\/\/www.escapadarural.com\/blog\/wp-json\/wp\/v2\/posts\/8754","targetHints":{"allow":["GET"]}}],"collection":[{"href":"https:\/\/www.escapadarural.com\/blog\/wp-json\/wp\/v2\/posts"}],"about":[{"href":"https:\/\/www.escapadarural.com\/blog\/wp-json\/wp\/v2\/types\/post"}],"author":[{"embeddable":true,"href":"https:\/\/www.escapadarural.com\/blog\/wp-json\/wp\/v2\/users\/108"}],"replies":[{"embeddable":true,"href":"https:\/\/www.escapadarural.com\/blog\/wp-json\/wp\/v2\/comments?post=8754"}],"version-history":[{"count":0,"href":"https:\/\/www.escapadarural.com\/blog\/wp-json\/wp\/v2\/posts\/8754\/revisions"}],"wp:featuredmedia":[{"embeddable":true,"href":"https:\/\/www.escapadarural.com\/blog\/wp-json\/wp\/v2\/media\/103916"}],"wp:attachment":[{"href":"https:\/\/www.escapadarural.com\/blog\/wp-json\/wp\/v2\/media?parent=8754"}],"wp:term":[{"taxonomy":"category","embeddable":true,"href":"https:\/\/www.escapadarural.com\/blog\/wp-json\/wp\/v2\/categories?post=8754"},{"taxonomy":"post_tag","embeddable":true,"href":"https:\/\/www.escapadarural.com\/blog\/wp-json\/wp\/v2\/tags?post=8754"}],"curies":[{"name":"wp","href":"https:\/\/api.w.org\/{rel}","templated":true}]}}