{"id":8760,"date":"2017-08-09T13:15:45","date_gmt":"2017-08-09T13:15:45","guid":{"rendered":"http:\/\/15.188.81.248\/2017\/08\/09\/las-carreras-de-caracoles-de-tricio-la-rioja\/"},"modified":"2025-02-14T13:53:55","modified_gmt":"2025-02-14T11:53:55","slug":"las-carreras-de-caracoles-de-tricio-la-rioja","status":"publish","type":"post","link":"https:\/\/www.escapadarural.com\/blog\/las-carreras-de-caracoles-de-tricio-la-rioja\/","title":{"rendered":"Las carreras de caracoles de Tricio (La Rioja)"},"content":{"rendered":"\n<figure class=\"wp-block-image size-large\"><a href=\"https:\/\/www.escapadarural.com\/blog\/wp-content\/uploads\/2017\/08\/caracoles-1.jpg\"><img decoding=\"async\" src=\"https:\/\/www.escapadarural.com\/blog\/wp-content\/uploads\/2017\/08\/caracoles-1.jpg\" alt=\"Caracoles\" class=\"wp-image-28208\"\/><\/a><figcaption class=\"wp-element-caption\">Fuente: Ion Ruiz<\/figcaption><\/figure>\n\n\n\n<p>Un caracol es capaz de arrastrar el peso de una alpargata. Lo vio <strong>un vasco en 1986<\/strong> que veraneaba en Tricio y se le ocurri\u00f3, porque hac\u00edan lo mismo en un pueblo de Vitoria, apostar con el alcalde qu\u00e9 distancia podr\u00edan recorrer los caracoles con un peso a cuestas.<\/p>\n\n\n\n<p>Desde 1986 se organiza la carrera de caracoles <strong>cada 24 de agosto<\/strong>, durante las fiestas de San Bartolom\u00e9 en Tricio. En el front\u00f3n Tit\u00edn III de Tricio, casi un centenar de caracoles recorren unos cent\u00edmetros mientras arrastran una lata de conservas de unos 250 gramos. Sus due\u00f1os, los ni\u00f1os, miran atentamente si el suyo ganar\u00e1 por casualidad.<\/p>\n\n\n\n<figure class=\"wp-block-embed is-type-video is-provider-youtube wp-block-embed-youtube wp-embed-aspect-16-9 wp-has-aspect-ratio\"><div class=\"wp-block-embed__wrapper\">\n<span class=\"aF1SIjuqwDQtb7HMlZgPLKRiEB8NhpeCJvVGnds5Uo0\"><div class=\"video-shortcode\"><iframe title=\"&quot;Manchita&quot; gan\u00f3 la XVII Carrera de Caracoles de Tricio (Rioja)\" width=\"1200\" height=\"675\" src=\"https:\/\/www.youtube.com\/embed\/FDoDvhjci0k?feature=oembed\" frameborder=\"0\" allow=\"accelerometer; autoplay; clipboard-write; encrypted-media; gyroscope; picture-in-picture; web-share\" referrerpolicy=\"strict-origin-when-cross-origin\" allowfullscreen><\/iframe><\/div><\/span>\n<\/div><\/figure>\n\n\n\n<p>El \u00abrally\u00bb se corre en grupos de 12 a 14 caracoles. Sobre una tabla de madera, los caracoles recorren su pista arrastrando una lata de conservas. Gana el caracol que llegue m\u00e1s lejos despu\u00e9s de 5 minutos de carrera con un peso 40 veces superior al suyo. <strong>En 2001 se registr\u00f3 el r\u00e9cord: 26,5 cent\u00edmetros<\/strong> de carrera.<\/p>\n\n\n\n<p>En paralelo, se reparten en Tricio cerca de <strong>1.500 raciones<\/strong> de caracoles con panceta, chorizo, jam\u00f3n, pimiento, guindillas y tomate. El dicho popular de Tricio dice as\u00ed: \u00abCaracoleros de Tricio, hombres de gran coraz\u00f3n, que se subieron a la torre a buscar un caracol\u00bb.<\/p>\n\n\n\n<figure class=\"wp-block-image size-large\"><a href=\"https:\/\/www.escapadarural.com\/blog\/wp-content\/uploads\/2017\/08\/caracoles-tapa-1.jpg\"><img decoding=\"async\" src=\"https:\/\/www.escapadarural.com\/blog\/wp-content\/uploads\/2017\/08\/caracoles-tapa-1.jpg\" alt=\"Caracoles\" class=\"wp-image-28207\"\/><\/a><figcaption class=\"wp-element-caption\">Fuente: Ash Chuan<\/figcaption><\/figure>\n\n\n\n<p>El alojamiento rural de Tricio se llama, claro, <a href=\"https:\/\/www.escapadarural.com\/casa-rural\/la-rioja\/casa-rural-el-caracol#\" target=\"_blank\" aria-label=\" (opens in a new tab)\" rel=\"noreferrer noopener\" class=\"rank-math-link\">El Caracol<\/a>.<\/p>\n\n\n\n<h2 class=\"wp-block-heading\" id=\"h-mas-curiosidades-del-mundo-rural-espanol\">M\u00e1s curiosidades del mundo rural espa\u00f1ol<\/h2>\n\n\n<section class=\"wp-block-ub-post-grid ub-block-post-grid align  is-equal-height preserve-post-image-aspect-ratio\" style=\"\" id=\"ub-post-grid-\"><div class=\"ub-post-grid-items is-list\" style=\"row-gap: 32px; column-gap: 32px; \"><article id=\"post-211971\" class=\"ub-post-grid-item post-211971 post type-post status-publish format-standard has-post-thumbnail hentry category-arte-y-cultura category-destinos tag-amigos tag-andalucia tag-cuevas tag-dolmen tag-dolmen-de-soto tag-familia tag-geoturismo tag-historias-y-curiosidades tag-que-ver-en-huelva tag-pareja tag-trigueros tag-turismo-rural\" style=\"\"><div class=\"ub-block-post-grid-image\" style=\"\"><a href=\"https:\/\/www.escapadarural.com\/blog\/el-dolmen-del-soto-de-trigueros\/\" rel=\"bookmark\" aria-hidden=\"true\" tabindex=\"-1\"><img loading=\"lazy\" decoding=\"async\" width=\"2048\" height=\"1367\" src=\"https:\/\/www.escapadarural.com\/blog\/wp-content\/uploads\/2025\/12\/AdobeStock_822335605_dolmen2-scaled.jpeg\" class=\"attachment-full size-full\" alt=\"Corredor del dolmen de Soto, en Huelva. Por Tolo.\" style=\"max-width: 600px; \" srcset=\"https:\/\/www.escapadarural.com\/blog\/wp-content\/uploads\/2025\/12\/AdobeStock_822335605_dolmen2-200x133.jpeg 200w, https:\/\/www.escapadarural.com\/blog\/wp-content\/uploads\/2025\/12\/AdobeStock_822335605_dolmen2-300x200.jpeg 300w, https:\/\/www.escapadarural.com\/blog\/wp-content\/uploads\/2025\/12\/AdobeStock_822335605_dolmen2-400x267.jpeg 400w, https:\/\/www.escapadarural.com\/blog\/wp-content\/uploads\/2025\/12\/AdobeStock_822335605_dolmen2-600x400.jpeg 600w, https:\/\/www.escapadarural.com\/blog\/wp-content\/uploads\/2025\/12\/AdobeStock_822335605_dolmen2-768x513.jpeg 768w, https:\/\/www.escapadarural.com\/blog\/wp-content\/uploads\/2025\/12\/AdobeStock_822335605_dolmen2-800x534.jpeg 800w, https:\/\/www.escapadarural.com\/blog\/wp-content\/uploads\/2025\/12\/AdobeStock_822335605_dolmen2-1024x683.jpeg 1024w, https:\/\/www.escapadarural.com\/blog\/wp-content\/uploads\/2025\/12\/AdobeStock_822335605_dolmen2-1200x801.jpeg 1200w, https:\/\/www.escapadarural.com\/blog\/wp-content\/uploads\/2025\/12\/AdobeStock_822335605_dolmen2-1536x1025.jpeg 1536w, https:\/\/www.escapadarural.com\/blog\/wp-content\/uploads\/2025\/12\/AdobeStock_822335605_dolmen2-scaled.jpeg 2048w\" sizes=\"auto, (max-width: 2048px) 100vw, 2048px\"><\/a><\/div><div class=\"ub-block-post-grid-text\" style=\"\"><div class=\"ub-block-post-grid-header-content\"><header class=\"ub-block-post-grid-header\"><h3 class=\"ub-block-post-grid-title\"><a style=\"\" href=\"https:\/\/www.escapadarural.com\/blog\/el-dolmen-del-soto-de-trigueros\/\" rel=\"bookmark\">Una catedral bajo tierra en Huelva: as\u00ed es el dolmen de Soto de Trigueros<\/a><\/h3><\/header><\/div><div class=\"ub-block-post-grid-excerpt\"><div class=\"ub-block-post-grid-excerpt-text\" style=\"\"><p>El dolmen de Soto, en Trigueros (Huelva), es uno de los monumentos megal\u00edticos m\u00e1s importantes de la pen\u00ednsula ib\u00e9rica<\/p>\n<\/div><\/div><\/div><\/article>\n<article id=\"post-215945\" class=\"ub-post-grid-item post-215945 post type-post status-publish format-standard has-post-thumbnail hentry category-destinos tag-amigos tag-que-ver-en-asturias tag-que-ver-en-cantabria tag-familia tag-gran-canaria tag-que-ver-en-granada tag-historias-y-curiosidades tag-que-ver-en-huesca tag-que-ver-en-islas-baleares tag-listado tag-que-ver-en-lleida tag-que-ver-en-murcia tag-que-ver-en-navarra tag-que-ver-en-ourense tag-pareja tag-pueblos tag-que-ver-en-sevilla tag-que-ver-en-soria\" style=\"\"><div class=\"ub-block-post-grid-image\" style=\"\"><a href=\"https:\/\/www.escapadarural.com\/blog\/pueblos-impronunciables-de-espana\/\" rel=\"bookmark\" aria-hidden=\"true\" tabindex=\"-1\"><img loading=\"lazy\" decoding=\"async\" width=\"1280\" height=\"853\" src=\"https:\/\/www.escapadarural.com\/blog\/wp-content\/uploads\/2026\/03\/04_PueblosImpronunciables_Azpilkueta_Euskaldunaa.jpg\" class=\"attachment-full size-full\" alt=\"Entrada a Azpilkueta (Navarra).\" style=\"max-width: 600px; \" srcset=\"https:\/\/www.escapadarural.com\/blog\/wp-content\/uploads\/2026\/03\/04_PueblosImpronunciables_Azpilkueta_Euskaldunaa-200x133.jpg 200w, https:\/\/www.escapadarural.com\/blog\/wp-content\/uploads\/2026\/03\/04_PueblosImpronunciables_Azpilkueta_Euskaldunaa-300x200.jpg 300w, https:\/\/www.escapadarural.com\/blog\/wp-content\/uploads\/2026\/03\/04_PueblosImpronunciables_Azpilkueta_Euskaldunaa-400x267.jpg 400w, https:\/\/www.escapadarural.com\/blog\/wp-content\/uploads\/2026\/03\/04_PueblosImpronunciables_Azpilkueta_Euskaldunaa-600x400.jpg 600w, https:\/\/www.escapadarural.com\/blog\/wp-content\/uploads\/2026\/03\/04_PueblosImpronunciables_Azpilkueta_Euskaldunaa-768x512.jpg 768w, https:\/\/www.escapadarural.com\/blog\/wp-content\/uploads\/2026\/03\/04_PueblosImpronunciables_Azpilkueta_Euskaldunaa-800x533.jpg 800w, https:\/\/www.escapadarural.com\/blog\/wp-content\/uploads\/2026\/03\/04_PueblosImpronunciables_Azpilkueta_Euskaldunaa-1024x682.jpg 1024w, https:\/\/www.escapadarural.com\/blog\/wp-content\/uploads\/2026\/03\/04_PueblosImpronunciables_Azpilkueta_Euskaldunaa-1200x800.jpg 1200w, https:\/\/www.escapadarural.com\/blog\/wp-content\/uploads\/2026\/03\/04_PueblosImpronunciables_Azpilkueta_Euskaldunaa.jpg 1280w\" sizes=\"auto, (max-width: 1280px) 100vw, 1280px\"><\/a><\/div><div class=\"ub-block-post-grid-text\" style=\"\"><div class=\"ub-block-post-grid-header-content\"><header class=\"ub-block-post-grid-header\"><h3 class=\"ub-block-post-grid-title\"><a style=\"\" href=\"https:\/\/www.escapadarural.com\/blog\/pueblos-impronunciables-de-espana\/\" rel=\"bookmark\">Pueblos impronunciables de Espa\u00f1a (y por qu\u00e9 deber\u00edas visitarlos)<\/a><\/h3><\/header><\/div><div class=\"ub-block-post-grid-excerpt\"><div class=\"ub-block-post-grid-excerpt-text\" style=\"\"><p>Descubre pueblos impronunciables de Espa\u00f1a que pondr\u00e1n a prueba tu lengua\u2026 y te regalar\u00e1n escapadas rurales \u00fanicas entre monta\u00f1as, bosques y paisajes sorprendentes<\/p>\n<\/div><\/div><\/div><\/article>\n<article id=\"post-214926\" class=\"ub-post-grid-item post-214926 post type-post status-publish format-standard has-post-thumbnail hentry category-arte-y-cultura category-destinos tag-almunecar tag-arroyo-de-la-miel tag-cabra tag-calahorra tag-ciudad-rodrigo tag-cudillero tag-curiosidades tag-duenas tag-ecija tag-espana tag-gentilicios tag-historias-y-curiosidades tag-listado tag-yunquera-de-henares\" style=\"\"><div class=\"ub-block-post-grid-image\" style=\"\"><a href=\"https:\/\/www.escapadarural.com\/blog\/gentilicios-mas-raros-de-espana\/\" rel=\"bookmark\" aria-hidden=\"true\" tabindex=\"-1\"><img loading=\"lazy\" decoding=\"async\" width=\"1024\" height=\"682\" src=\"https:\/\/www.escapadarural.com\/blog\/wp-content\/uploads\/2024\/11\/AdobeStock_219920236.webp\" class=\"attachment-full size-full\" alt=\"Cudillero, en Asturias. Por ImagineStock\" style=\"max-width: 600px; \" srcset=\"https:\/\/www.escapadarural.com\/blog\/wp-content\/uploads\/2024\/11\/AdobeStock_219920236-200x133.webp 200w, https:\/\/www.escapadarural.com\/blog\/wp-content\/uploads\/2024\/11\/AdobeStock_219920236-300x200.webp 300w, https:\/\/www.escapadarural.com\/blog\/wp-content\/uploads\/2024\/11\/AdobeStock_219920236-400x266.webp 400w, https:\/\/www.escapadarural.com\/blog\/wp-content\/uploads\/2024\/11\/AdobeStock_219920236-600x400.webp 600w, https:\/\/www.escapadarural.com\/blog\/wp-content\/uploads\/2024\/11\/AdobeStock_219920236-768x512.webp 768w, https:\/\/www.escapadarural.com\/blog\/wp-content\/uploads\/2024\/11\/AdobeStock_219920236-800x533.webp 800w, https:\/\/www.escapadarural.com\/blog\/wp-content\/uploads\/2024\/11\/AdobeStock_219920236.webp 1024w\" sizes=\"auto, (max-width: 1024px) 100vw, 1024px\"><\/a><\/div><div class=\"ub-block-post-grid-text\" style=\"\"><div class=\"ub-block-post-grid-header-content\"><header class=\"ub-block-post-grid-header\"><h3 class=\"ub-block-post-grid-title\"><a style=\"\" href=\"https:\/\/www.escapadarural.com\/blog\/gentilicios-mas-raros-de-espana\/\" rel=\"bookmark\">Chichilindri o sexitano: los gentilicios m\u00e1s singulares de Espa\u00f1a<\/a><\/h3><\/header><\/div><div class=\"ub-block-post-grid-excerpt\"><div class=\"ub-block-post-grid-excerpt-text\" style=\"\"><p>Los habitantes de cada pueblo tienen un nombre com\u00fan que les identifica y algunos son realmente peculiares. Por ejemplo, los de este listado.<\/p>\n<\/div><\/div><\/div><\/article>\n<article id=\"post-58644\" class=\"ub-post-grid-item post-58644 post type-post status-publish format-standard has-post-thumbnail hentry category-destinos tag-que-ver-en-a-coruna tag-que-ver-en-almeria tag-que-ver-en-asturias tag-que-ver-en-cadiz tag-dia-internacional-de-la-mujer tag-familia tag-historias-y-curiosidades tag-que-ver-en-la-rioja tag-listado tag-que-ver-en-madrid tag-que-ver-en-malaga tag-mujeres tag-que-ver-en-navarra tag-pueblos\" style=\"\"><div class=\"ub-block-post-grid-image\" style=\"\"><a href=\"https:\/\/www.escapadarural.com\/blog\/pueblos-mujeres-ilustres-espanolas\/\" rel=\"bookmark\" aria-hidden=\"true\" tabindex=\"-1\"><img loading=\"lazy\" decoding=\"async\" width=\"1897\" height=\"1542\" src=\"https:\/\/www.escapadarural.com\/blog\/wp-content\/uploads\/2024\/09\/image-new-s.jpg\" class=\"attachment-full size-full\" alt=\"Mujer disfrutando del turismo rural\" style=\"max-width: 600px; \" srcset=\"https:\/\/www.escapadarural.com\/blog\/wp-content\/uploads\/2024\/09\/image-new-s-200x163.jpg 200w, https:\/\/www.escapadarural.com\/blog\/wp-content\/uploads\/2024\/09\/image-new-s-300x244.jpg 300w, https:\/\/www.escapadarural.com\/blog\/wp-content\/uploads\/2024\/09\/image-new-s-400x325.jpg 400w, https:\/\/www.escapadarural.com\/blog\/wp-content\/uploads\/2024\/09\/image-new-s-600x488.jpg 600w, https:\/\/www.escapadarural.com\/blog\/wp-content\/uploads\/2024\/09\/image-new-s-768x624.jpg 768w, https:\/\/www.escapadarural.com\/blog\/wp-content\/uploads\/2024\/09\/image-new-s-800x650.jpg 800w, https:\/\/www.escapadarural.com\/blog\/wp-content\/uploads\/2024\/09\/image-new-s-1024x832.jpg 1024w, https:\/\/www.escapadarural.com\/blog\/wp-content\/uploads\/2024\/09\/image-new-s-1200x975.jpg 1200w, https:\/\/www.escapadarural.com\/blog\/wp-content\/uploads\/2024\/09\/image-new-s-1536x1249.jpg 1536w, https:\/\/www.escapadarural.com\/blog\/wp-content\/uploads\/2024\/09\/image-new-s.jpg 1897w\" sizes=\"auto, (max-width: 1897px) 100vw, 1897px\"><\/a><\/div><div class=\"ub-block-post-grid-text\" style=\"\"><div class=\"ub-block-post-grid-header-content\"><header class=\"ub-block-post-grid-header\"><h3 class=\"ub-block-post-grid-title\"><a style=\"\" href=\"https:\/\/www.escapadarural.com\/blog\/pueblos-mujeres-ilustres-espanolas\/\" rel=\"bookmark\">9 pueblos de mujeres ilustres de la historia de Espa\u00f1a<\/a><\/h3><\/header><\/div><div class=\"ub-block-post-grid-excerpt\"><div class=\"ub-block-post-grid-excerpt-text\" style=\"\"><p>En el D\u00eda Internacional de la mujer recorremos aquellos pueblos donde se recuerda a algunas de las mujeres ilustres espa\u00f1olas<\/p>\n<\/div><\/div><\/div><\/article>\n<article id=\"post-211431\" class=\"ub-post-grid-item post-211431 post type-post status-publish format-standard has-post-thumbnail hentry category-arte-y-cultura category-destinos tag-que-ver-en-almeria tag-amigos tag-andalucia tag-dia-de-los-inocentes tag-familia tag-historias-y-curiosidades tag-invierno tag-navidad tag-pareja tag-velez-rubio\" style=\"\"><div class=\"ub-block-post-grid-image\" style=\"\"><a href=\"https:\/\/www.escapadarural.com\/blog\/alcalde-por-un-dia-velez-rubio-dia-inocentes\/\" rel=\"bookmark\" aria-hidden=\"true\" tabindex=\"-1\"><img loading=\"lazy\" decoding=\"async\" width=\"600\" height=\"450\" src=\"https:\/\/www.escapadarural.com\/blog\/wp-content\/uploads\/2025\/12\/inocentes3.jpg\" class=\"attachment-full size-full\" alt=\"D\u00eda de los Inocentes en V\u00e9lez-Rubio (Almer\u00eda). Fuente: Turismo de V\u00e9lez-Rubio\" style=\"max-width: 600px; \" srcset=\"https:\/\/www.escapadarural.com\/blog\/wp-content\/uploads\/2025\/12\/inocentes3-200x150.jpg 200w, https:\/\/www.escapadarural.com\/blog\/wp-content\/uploads\/2025\/12\/inocentes3-300x225.jpg 300w, https:\/\/www.escapadarural.com\/blog\/wp-content\/uploads\/2025\/12\/inocentes3-400x300.jpg 400w, https:\/\/www.escapadarural.com\/blog\/wp-content\/uploads\/2025\/12\/inocentes3.jpg 600w\" sizes=\"auto, (max-width: 600px) 100vw, 600px\"><\/a><\/div><div class=\"ub-block-post-grid-text\" style=\"\"><div class=\"ub-block-post-grid-header-content\"><header class=\"ub-block-post-grid-header\"><h3 class=\"ub-block-post-grid-title\"><a style=\"\" href=\"https:\/\/www.escapadarural.com\/blog\/alcalde-por-un-dia-velez-rubio-dia-inocentes\/\" rel=\"bookmark\">\u00a1Todos a la c\u00e1rcel!\u00a0As\u00ed celebran el d\u00eda de los Inocentes en este pueblo de Almer\u00eda<\/a><\/h3><\/header><\/div><div class=\"ub-block-post-grid-excerpt\"><div class=\"ub-block-post-grid-excerpt-text\" style=\"\"><p>El d\u00eda de los Inocentes se celebra de una manera muy especial en este pueblo de Almer\u00eda: te puedes convertir en alcalde, o ir a la c\u00e1rcel<\/p>\n<\/div><\/div><\/div><\/article>\n<article id=\"post-209319\" class=\"ub-post-grid-item post-209319 post type-post status-publish format-standard has-post-thumbnail hentry category-arte-y-cultura category-destinos tag-agost tag-que-ver-en-alicante tag-argentona tag-que-ver-en-barcelona tag-botijo tag-familia tag-historias-y-curiosidades tag-que-ver-en-leon tag-listado tag-sostenibilidad tag-sostenible tag-toral-de-los-guzmanes tag-tradicion tag-villena\" style=\"\"><div class=\"ub-block-post-grid-image\" style=\"\"><a href=\"https:\/\/www.escapadarural.com\/blog\/pueblos-oda-al-botijo\/\" rel=\"bookmark\" aria-hidden=\"true\" tabindex=\"-1\"><img loading=\"lazy\" decoding=\"async\" width=\"1024\" height=\"683\" src=\"https:\/\/www.escapadarural.com\/blog\/wp-content\/uploads\/2025\/10\/AdobeStock_653283698-1.webp\" class=\"attachment-full size-full\" alt=\"Una persona lleva un botijo. Por pedro\" style=\"max-width: 600px; \" srcset=\"https:\/\/www.escapadarural.com\/blog\/wp-content\/uploads\/2025\/10\/AdobeStock_653283698-1-200x133.webp 200w, https:\/\/www.escapadarural.com\/blog\/wp-content\/uploads\/2025\/10\/AdobeStock_653283698-1-300x200.webp 300w, https:\/\/www.escapadarural.com\/blog\/wp-content\/uploads\/2025\/10\/AdobeStock_653283698-1-400x267.webp 400w, https:\/\/www.escapadarural.com\/blog\/wp-content\/uploads\/2025\/10\/AdobeStock_653283698-1-600x400.webp 600w, https:\/\/www.escapadarural.com\/blog\/wp-content\/uploads\/2025\/10\/AdobeStock_653283698-1-768x512.webp 768w, https:\/\/www.escapadarural.com\/blog\/wp-content\/uploads\/2025\/10\/AdobeStock_653283698-1-800x534.webp 800w, https:\/\/www.escapadarural.com\/blog\/wp-content\/uploads\/2025\/10\/AdobeStock_653283698-1.webp 1024w\" sizes=\"auto, (max-width: 1024px) 100vw, 1024px\"><\/a><\/div><div class=\"ub-block-post-grid-text\" style=\"\"><div class=\"ub-block-post-grid-header-content\"><header class=\"ub-block-post-grid-header\"><h3 class=\"ub-block-post-grid-title\"><a style=\"\" href=\"https:\/\/www.escapadarural.com\/blog\/pueblos-oda-al-botijo\/\" rel=\"bookmark\">Oda al botijo: los pueblos del frigor\u00edfico m\u00e1s sostenible<\/a><\/h3><\/header><\/div><div class=\"ub-block-post-grid-excerpt\"><div class=\"ub-block-post-grid-excerpt-text\" style=\"\"><p>Conocemos los pueblos en los que el botijo est\u00e1 muy presente: desde campa\u00f1as en redes sociales hasta fiestas y museos<\/p>\n<\/div><\/div><\/div><\/article>\n<\/div><\/section>","protected":false},"excerpt":{"rendered":"<p>Desde 1986 se organiza la carrera de caracoles cada 24 de agosto, durante las fiestas de San Bartolom\u00e9 en Tricio. En el front\u00f3n Tit\u00edn III de Tricio, casi un centenar de caracoles recorren unos cent\u00edmetros mientras arrastran una lata de conservas de unos 250 gramos. Sus due\u00f1os, los ni\u00f1os, miran atentamente si el suyo ganar\u00e1 por casualidad.<\/p>\n","protected":false},"author":136,"featured_media":105159,"comment_status":"open","ping_status":"closed","sticky":false,"template":"","format":"standard","meta":{"_acf_changed":false,"om_disable_all_campaigns":false,"footnotes":""},"categories":[231],"tags":[260,2010,2011,440,518,2012],"class_list":["post-8760","post","type-post","status-publish","format-standard","has-post-thumbnail","hentry","category-arte-y-cultura","tag-articulo","tag-caracoles","tag-carrera-de-caracoles","tag-historias-y-curiosidades","tag-que-ver-en-la-rioja","tag-tricio"],"acf":[],"featured_image_src":"https:\/\/www.escapadarural.com\/blog\/wp-content\/uploads\/2024\/10\/caracoles-1-1.jpg","author_info":{"display_name":"Escapada Rural","author_link":"https:\/\/www.escapadarural.com\/blog\/autor\/user\/"},"yoast_head":"<!-- This site is optimized with the Yoast SEO plugin v27.5 - https:\/\/yoast.com\/product\/yoast-seo-wordpress\/ -->\n<title>Las carreras de caracoles de Tricio (La Rioja) - EscapadaRural<\/title>\n<meta name=\"robots\" content=\"index, follow, max-snippet:-1, max-image-preview:large, max-video-preview:-1\" \/>\n<link rel=\"canonical\" href=\"https:\/\/www.escapadarural.com\/blog\/las-carreras-de-caracoles-de-tricio-la-rioja\/\" \/>\n<meta property=\"og:locale\" content=\"es_ES\" \/>\n<meta property=\"og:type\" content=\"article\" \/>\n<meta property=\"og:title\" content=\"Las carreras de caracoles de Tricio (La Rioja) - EscapadaRural\" \/>\n<meta property=\"og:description\" content=\"Desde 1986 se organiza la carrera de caracoles cada 24 de agosto, durante las fiestas de San Bartolom\u00e9 en Tricio. En el front\u00f3n Tit\u00edn III de Tricio, casi un centenar de caracoles recorren unos cent\u00edmetros mientras arrastran una lata de conservas de unos 250 gramos. Sus due\u00f1os, los ni\u00f1os, miran atentamente si el suyo ganar\u00e1 por casualidad.\" \/>\n<meta property=\"og:url\" content=\"https:\/\/www.escapadarural.com\/blog\/las-carreras-de-caracoles-de-tricio-la-rioja\/\" \/>\n<meta property=\"og:site_name\" content=\"Magazine de viajes de EscapadaRural\" \/>\n<meta property=\"article:publisher\" content=\"https:\/\/www.facebook.com\/escapadarural\" \/>\n<meta property=\"article:author\" content=\"https:\/\/www.facebook.com\/escapadarural\" \/>\n<meta property=\"article:published_time\" content=\"2017-08-09T13:15:45+00:00\" \/>\n<meta property=\"article:modified_time\" content=\"2025-02-14T11:53:55+00:00\" \/>\n<meta property=\"og:image\" content=\"https:\/\/www.escapadarural.com\/blog\/wp-content\/uploads\/2024\/10\/caracoles-1-1.jpg\" \/>\n\t<meta property=\"og:image:width\" content=\"1024\" \/>\n\t<meta property=\"og:image:height\" content=\"768\" \/>\n\t<meta property=\"og:image:type\" content=\"image\/jpeg\" \/>\n<meta name=\"author\" content=\"Escapada Rural\" \/>\n<meta name=\"twitter:card\" content=\"summary_large_image\" \/>\n<meta name=\"twitter:creator\" content=\"@https:\/\/x.com\/i\/flow\/login?redirect_after_login=escapadarural\" \/>\n<meta name=\"twitter:label1\" content=\"Escrito por\" \/>\n\t<meta name=\"twitter:data1\" content=\"Escapada Rural\" \/>\n\t<meta name=\"twitter:label2\" content=\"Tiempo de lectura\" \/>\n\t<meta name=\"twitter:data2\" content=\"2 minutos\" \/>\n<script type=\"application\/ld+json\" class=\"yoast-schema-graph\">{\"@context\":\"https:\\\/\\\/schema.org\",\"@graph\":[{\"@type\":\"Article\",\"@id\":\"https:\\\/\\\/www.escapadarural.com\\\/blog\\\/las-carreras-de-caracoles-de-tricio-la-rioja\\\/#article\",\"isPartOf\":{\"@id\":\"https:\\\/\\\/www.escapadarural.com\\\/blog\\\/las-carreras-de-caracoles-de-tricio-la-rioja\\\/\"},\"author\":{\"name\":\"Escapada Rural\",\"@id\":\"https:\\\/\\\/www.escapadarural.com\\\/blog\\\/#\\\/schema\\\/person\\\/d9ee55ff3e0cef41d6eac8922b4f972c\"},\"headline\":\"Las carreras de caracoles de Tricio (La Rioja)\",\"datePublished\":\"2017-08-09T13:15:45+00:00\",\"dateModified\":\"2025-02-14T11:53:55+00:00\",\"mainEntityOfPage\":{\"@id\":\"https:\\\/\\\/www.escapadarural.com\\\/blog\\\/las-carreras-de-caracoles-de-tricio-la-rioja\\\/\"},\"wordCount\":253,\"commentCount\":0,\"publisher\":{\"@id\":\"https:\\\/\\\/www.escapadarural.com\\\/blog\\\/#organization\"},\"image\":{\"@id\":\"https:\\\/\\\/www.escapadarural.com\\\/blog\\\/las-carreras-de-caracoles-de-tricio-la-rioja\\\/#primaryimage\"},\"thumbnailUrl\":\"https:\\\/\\\/www.escapadarural.com\\\/blog\\\/wp-content\\\/uploads\\\/2024\\\/10\\\/caracoles-1-1.jpg\",\"keywords\":[\"art\u00edculo\",\"Caracoles\",\"Carrera de caracoles\",\"Historias y Curiosidades\",\"La Rioja\",\"Tricio\"],\"articleSection\":[\"Arte y Cultura\"],\"inLanguage\":\"es\",\"potentialAction\":[{\"@type\":\"CommentAction\",\"name\":\"Comment\",\"target\":[\"https:\\\/\\\/www.escapadarural.com\\\/blog\\\/las-carreras-de-caracoles-de-tricio-la-rioja\\\/#respond\"]}]},{\"@type\":\"WebPage\",\"@id\":\"https:\\\/\\\/www.escapadarural.com\\\/blog\\\/las-carreras-de-caracoles-de-tricio-la-rioja\\\/\",\"url\":\"https:\\\/\\\/www.escapadarural.com\\\/blog\\\/las-carreras-de-caracoles-de-tricio-la-rioja\\\/\",\"name\":\"Las carreras de caracoles de Tricio (La Rioja) - EscapadaRural\",\"isPartOf\":{\"@id\":\"https:\\\/\\\/www.escapadarural.com\\\/blog\\\/#website\"},\"primaryImageOfPage\":{\"@id\":\"https:\\\/\\\/www.escapadarural.com\\\/blog\\\/las-carreras-de-caracoles-de-tricio-la-rioja\\\/#primaryimage\"},\"image\":{\"@id\":\"https:\\\/\\\/www.escapadarural.com\\\/blog\\\/las-carreras-de-caracoles-de-tricio-la-rioja\\\/#primaryimage\"},\"thumbnailUrl\":\"https:\\\/\\\/www.escapadarural.com\\\/blog\\\/wp-content\\\/uploads\\\/2024\\\/10\\\/caracoles-1-1.jpg\",\"datePublished\":\"2017-08-09T13:15:45+00:00\",\"dateModified\":\"2025-02-14T11:53:55+00:00\",\"breadcrumb\":{\"@id\":\"https:\\\/\\\/www.escapadarural.com\\\/blog\\\/las-carreras-de-caracoles-de-tricio-la-rioja\\\/#breadcrumb\"},\"inLanguage\":\"es\",\"potentialAction\":[{\"@type\":\"ReadAction\",\"target\":[\"https:\\\/\\\/www.escapadarural.com\\\/blog\\\/las-carreras-de-caracoles-de-tricio-la-rioja\\\/\"]}]},{\"@type\":\"ImageObject\",\"inLanguage\":\"es\",\"@id\":\"https:\\\/\\\/www.escapadarural.com\\\/blog\\\/las-carreras-de-caracoles-de-tricio-la-rioja\\\/#primaryimage\",\"url\":\"https:\\\/\\\/www.escapadarural.com\\\/blog\\\/wp-content\\\/uploads\\\/2024\\\/10\\\/caracoles-1-1.jpg\",\"contentUrl\":\"https:\\\/\\\/www.escapadarural.com\\\/blog\\\/wp-content\\\/uploads\\\/2024\\\/10\\\/caracoles-1-1.jpg\",\"width\":1024,\"height\":768,\"caption\":\"Dos caracoles con conchas marrones a rayas se arrastran entre troncos de madera, parcialmente ocultos en un estrecho hueco. La iluminaci\u00f3n es natural y el enfoque se centra en los caracoles que se mueven en direcciones opuestas.\"},{\"@type\":\"BreadcrumbList\",\"@id\":\"https:\\\/\\\/www.escapadarural.com\\\/blog\\\/las-carreras-de-caracoles-de-tricio-la-rioja\\\/#breadcrumb\",\"itemListElement\":[{\"@type\":\"ListItem\",\"position\":1,\"name\":\"Inicio\",\"item\":\"https:\\\/\\\/www.escapadarural.com\\\/blog\\\/\"},{\"@type\":\"ListItem\",\"position\":2,\"name\":\"Arte y Cultura\",\"item\":\"https:\\\/\\\/www.escapadarural.com\\\/blog\\\/categoria\\\/arte-y-cultura\\\/\"},{\"@type\":\"ListItem\",\"position\":3,\"name\":\"Las carreras de caracoles de Tricio (La Rioja)\"}]},{\"@type\":\"WebSite\",\"@id\":\"https:\\\/\\\/www.escapadarural.com\\\/blog\\\/#website\",\"url\":\"https:\\\/\\\/www.escapadarural.com\\\/blog\\\/\",\"name\":\"Blog de viajes | turismo rural, alojamientos e inspiraci\u00f3n\",\"description\":\"Alojamientos rurales e inspiraci\u00f3n para tus escapadas\",\"publisher\":{\"@id\":\"https:\\\/\\\/www.escapadarural.com\\\/blog\\\/#organization\"},\"alternateName\":\"Magazine de viajes de EscapadaRural\",\"potentialAction\":[{\"@type\":\"SearchAction\",\"target\":{\"@type\":\"EntryPoint\",\"urlTemplate\":\"https:\\\/\\\/www.escapadarural.com\\\/blog\\\/?s={search_term_string}\"},\"query-input\":{\"@type\":\"PropertyValueSpecification\",\"valueRequired\":true,\"valueName\":\"search_term_string\"}}],\"inLanguage\":\"es\"},{\"@type\":\"Organization\",\"@id\":\"https:\\\/\\\/www.escapadarural.com\\\/blog\\\/#organization\",\"name\":\"EscapadaRural\",\"url\":\"https:\\\/\\\/www.escapadarural.com\\\/blog\\\/\",\"logo\":{\"@type\":\"ImageObject\",\"inLanguage\":\"es\",\"@id\":\"https:\\\/\\\/www.escapadarural.com\\\/blog\\\/#\\\/schema\\\/logo\\\/image\\\/\",\"url\":\"https:\\\/\\\/www.escapadarural.com\\\/blog\\\/wp-content\\\/uploads\\\/2024\\\/10\\\/cropped-cropped-escapada-rural-icon-mag-3.png\",\"contentUrl\":\"https:\\\/\\\/www.escapadarural.com\\\/blog\\\/wp-content\\\/uploads\\\/2024\\\/10\\\/cropped-cropped-escapada-rural-icon-mag-3.png\",\"width\":512,\"height\":512,\"caption\":\"EscapadaRural\"},\"image\":{\"@id\":\"https:\\\/\\\/www.escapadarural.com\\\/blog\\\/#\\\/schema\\\/logo\\\/image\\\/\"},\"sameAs\":[\"https:\\\/\\\/www.facebook.com\\\/escapadarural\",\"https:\\\/\\\/www.instagram.com\\\/escapadarural\\\/\",\"https:\\\/\\\/www.youtube.com\\\/@escapadaruralcom\"]},{\"@type\":\"Person\",\"@id\":\"https:\\\/\\\/www.escapadarural.com\\\/blog\\\/#\\\/schema\\\/person\\\/d9ee55ff3e0cef41d6eac8922b4f972c\",\"name\":\"Escapada Rural\",\"image\":{\"@type\":\"ImageObject\",\"inLanguage\":\"es\",\"@id\":\"https:\\\/\\\/www.escapadarural.com\\\/blog\\\/wp-content\\\/uploads\\\/2024\\\/10\\\/cropped-cropped-escapada-rural-icon-mag-3-96x96.png\",\"url\":\"https:\\\/\\\/www.escapadarural.com\\\/blog\\\/wp-content\\\/uploads\\\/2024\\\/10\\\/cropped-cropped-escapada-rural-icon-mag-3-96x96.png\",\"contentUrl\":\"https:\\\/\\\/www.escapadarural.com\\\/blog\\\/wp-content\\\/uploads\\\/2024\\\/10\\\/cropped-cropped-escapada-rural-icon-mag-3-96x96.png\",\"caption\":\"Escapada Rural\"},\"sameAs\":[\"https:\\\/\\\/www.facebook.com\\\/escapadarural\",\"https:\\\/\\\/www.linkedin.com\\\/company\\\/escapada-rural\\\/?originalSubdomain=es\",\"https:\\\/\\\/x.com\\\/https:\\\/\\\/x.com\\\/i\\\/flow\\\/login?redirect_after_login=escapadarural\"],\"url\":\"https:\\\/\\\/www.escapadarural.com\\\/blog\\\/autor\\\/user\\\/\"}]}<\/script>\n<!-- \/ Yoast SEO plugin. -->","yoast_head_json":{"title":"Las carreras de caracoles de Tricio (La Rioja) - EscapadaRural","robots":{"index":"index","follow":"follow","max-snippet":"max-snippet:-1","max-image-preview":"max-image-preview:large","max-video-preview":"max-video-preview:-1"},"canonical":"https:\/\/www.escapadarural.com\/blog\/las-carreras-de-caracoles-de-tricio-la-rioja\/","og_locale":"es_ES","og_type":"article","og_title":"Las carreras de caracoles de Tricio (La Rioja) - EscapadaRural","og_description":"Desde 1986 se organiza la carrera de caracoles cada 24 de agosto, durante las fiestas de San Bartolom\u00e9 en Tricio. En el front\u00f3n Tit\u00edn III de Tricio, casi un centenar de caracoles recorren unos cent\u00edmetros mientras arrastran una lata de conservas de unos 250 gramos. Sus due\u00f1os, los ni\u00f1os, miran atentamente si el suyo ganar\u00e1 por casualidad.","og_url":"https:\/\/www.escapadarural.com\/blog\/las-carreras-de-caracoles-de-tricio-la-rioja\/","og_site_name":"Magazine de viajes de EscapadaRural","article_publisher":"https:\/\/www.facebook.com\/escapadarural","article_author":"https:\/\/www.facebook.com\/escapadarural","article_published_time":"2017-08-09T13:15:45+00:00","article_modified_time":"2025-02-14T11:53:55+00:00","og_image":[{"width":1024,"height":768,"url":"https:\/\/www.escapadarural.com\/blog\/wp-content\/uploads\/2024\/10\/caracoles-1-1.jpg","type":"image\/jpeg"}],"author":"Escapada Rural","twitter_card":"summary_large_image","twitter_creator":"@https:\/\/x.com\/i\/flow\/login?redirect_after_login=escapadarural","twitter_misc":{"Escrito por":"Escapada Rural","Tiempo de lectura":"2 minutos"},"schema":{"@context":"https:\/\/schema.org","@graph":[{"@type":"Article","@id":"https:\/\/www.escapadarural.com\/blog\/las-carreras-de-caracoles-de-tricio-la-rioja\/#article","isPartOf":{"@id":"https:\/\/www.escapadarural.com\/blog\/las-carreras-de-caracoles-de-tricio-la-rioja\/"},"author":{"name":"Escapada Rural","@id":"https:\/\/www.escapadarural.com\/blog\/#\/schema\/person\/d9ee55ff3e0cef41d6eac8922b4f972c"},"headline":"Las carreras de caracoles de Tricio (La Rioja)","datePublished":"2017-08-09T13:15:45+00:00","dateModified":"2025-02-14T11:53:55+00:00","mainEntityOfPage":{"@id":"https:\/\/www.escapadarural.com\/blog\/las-carreras-de-caracoles-de-tricio-la-rioja\/"},"wordCount":253,"commentCount":0,"publisher":{"@id":"https:\/\/www.escapadarural.com\/blog\/#organization"},"image":{"@id":"https:\/\/www.escapadarural.com\/blog\/las-carreras-de-caracoles-de-tricio-la-rioja\/#primaryimage"},"thumbnailUrl":"https:\/\/www.escapadarural.com\/blog\/wp-content\/uploads\/2024\/10\/caracoles-1-1.jpg","keywords":["art\u00edculo","Caracoles","Carrera de caracoles","Historias y Curiosidades","La Rioja","Tricio"],"articleSection":["Arte y Cultura"],"inLanguage":"es","potentialAction":[{"@type":"CommentAction","name":"Comment","target":["https:\/\/www.escapadarural.com\/blog\/las-carreras-de-caracoles-de-tricio-la-rioja\/#respond"]}]},{"@type":"WebPage","@id":"https:\/\/www.escapadarural.com\/blog\/las-carreras-de-caracoles-de-tricio-la-rioja\/","url":"https:\/\/www.escapadarural.com\/blog\/las-carreras-de-caracoles-de-tricio-la-rioja\/","name":"Las carreras de caracoles de Tricio (La Rioja) - EscapadaRural","isPartOf":{"@id":"https:\/\/www.escapadarural.com\/blog\/#website"},"primaryImageOfPage":{"@id":"https:\/\/www.escapadarural.com\/blog\/las-carreras-de-caracoles-de-tricio-la-rioja\/#primaryimage"},"image":{"@id":"https:\/\/www.escapadarural.com\/blog\/las-carreras-de-caracoles-de-tricio-la-rioja\/#primaryimage"},"thumbnailUrl":"https:\/\/www.escapadarural.com\/blog\/wp-content\/uploads\/2024\/10\/caracoles-1-1.jpg","datePublished":"2017-08-09T13:15:45+00:00","dateModified":"2025-02-14T11:53:55+00:00","breadcrumb":{"@id":"https:\/\/www.escapadarural.com\/blog\/las-carreras-de-caracoles-de-tricio-la-rioja\/#breadcrumb"},"inLanguage":"es","potentialAction":[{"@type":"ReadAction","target":["https:\/\/www.escapadarural.com\/blog\/las-carreras-de-caracoles-de-tricio-la-rioja\/"]}]},{"@type":"ImageObject","inLanguage":"es","@id":"https:\/\/www.escapadarural.com\/blog\/las-carreras-de-caracoles-de-tricio-la-rioja\/#primaryimage","url":"https:\/\/www.escapadarural.com\/blog\/wp-content\/uploads\/2024\/10\/caracoles-1-1.jpg","contentUrl":"https:\/\/www.escapadarural.com\/blog\/wp-content\/uploads\/2024\/10\/caracoles-1-1.jpg","width":1024,"height":768,"caption":"Dos caracoles con conchas marrones a rayas se arrastran entre troncos de madera, parcialmente ocultos en un estrecho hueco. La iluminaci\u00f3n es natural y el enfoque se centra en los caracoles que se mueven en direcciones opuestas."},{"@type":"BreadcrumbList","@id":"https:\/\/www.escapadarural.com\/blog\/las-carreras-de-caracoles-de-tricio-la-rioja\/#breadcrumb","itemListElement":[{"@type":"ListItem","position":1,"name":"Inicio","item":"https:\/\/www.escapadarural.com\/blog\/"},{"@type":"ListItem","position":2,"name":"Arte y Cultura","item":"https:\/\/www.escapadarural.com\/blog\/categoria\/arte-y-cultura\/"},{"@type":"ListItem","position":3,"name":"Las carreras de caracoles de Tricio (La Rioja)"}]},{"@type":"WebSite","@id":"https:\/\/www.escapadarural.com\/blog\/#website","url":"https:\/\/www.escapadarural.com\/blog\/","name":"Blog de viajes | turismo rural, alojamientos e inspiraci\u00f3n","description":"Alojamientos rurales e inspiraci\u00f3n para tus escapadas","publisher":{"@id":"https:\/\/www.escapadarural.com\/blog\/#organization"},"alternateName":"Magazine de viajes de EscapadaRural","potentialAction":[{"@type":"SearchAction","target":{"@type":"EntryPoint","urlTemplate":"https:\/\/www.escapadarural.com\/blog\/?s={search_term_string}"},"query-input":{"@type":"PropertyValueSpecification","valueRequired":true,"valueName":"search_term_string"}}],"inLanguage":"es"},{"@type":"Organization","@id":"https:\/\/www.escapadarural.com\/blog\/#organization","name":"EscapadaRural","url":"https:\/\/www.escapadarural.com\/blog\/","logo":{"@type":"ImageObject","inLanguage":"es","@id":"https:\/\/www.escapadarural.com\/blog\/#\/schema\/logo\/image\/","url":"https:\/\/www.escapadarural.com\/blog\/wp-content\/uploads\/2024\/10\/cropped-cropped-escapada-rural-icon-mag-3.png","contentUrl":"https:\/\/www.escapadarural.com\/blog\/wp-content\/uploads\/2024\/10\/cropped-cropped-escapada-rural-icon-mag-3.png","width":512,"height":512,"caption":"EscapadaRural"},"image":{"@id":"https:\/\/www.escapadarural.com\/blog\/#\/schema\/logo\/image\/"},"sameAs":["https:\/\/www.facebook.com\/escapadarural","https:\/\/www.instagram.com\/escapadarural\/","https:\/\/www.youtube.com\/@escapadaruralcom"]},{"@type":"Person","@id":"https:\/\/www.escapadarural.com\/blog\/#\/schema\/person\/d9ee55ff3e0cef41d6eac8922b4f972c","name":"Escapada Rural","image":{"@type":"ImageObject","inLanguage":"es","@id":"https:\/\/www.escapadarural.com\/blog\/wp-content\/uploads\/2024\/10\/cropped-cropped-escapada-rural-icon-mag-3-96x96.png","url":"https:\/\/www.escapadarural.com\/blog\/wp-content\/uploads\/2024\/10\/cropped-cropped-escapada-rural-icon-mag-3-96x96.png","contentUrl":"https:\/\/www.escapadarural.com\/blog\/wp-content\/uploads\/2024\/10\/cropped-cropped-escapada-rural-icon-mag-3-96x96.png","caption":"Escapada Rural"},"sameAs":["https:\/\/www.facebook.com\/escapadarural","https:\/\/www.linkedin.com\/company\/escapada-rural\/?originalSubdomain=es","https:\/\/x.com\/https:\/\/x.com\/i\/flow\/login?redirect_after_login=escapadarural"],"url":"https:\/\/www.escapadarural.com\/blog\/autor\/user\/"}]}},"_links":{"self":[{"href":"https:\/\/www.escapadarural.com\/blog\/wp-json\/wp\/v2\/posts\/8760","targetHints":{"allow":["GET"]}}],"collection":[{"href":"https:\/\/www.escapadarural.com\/blog\/wp-json\/wp\/v2\/posts"}],"about":[{"href":"https:\/\/www.escapadarural.com\/blog\/wp-json\/wp\/v2\/types\/post"}],"author":[{"embeddable":true,"href":"https:\/\/www.escapadarural.com\/blog\/wp-json\/wp\/v2\/users\/136"}],"replies":[{"embeddable":true,"href":"https:\/\/www.escapadarural.com\/blog\/wp-json\/wp\/v2\/comments?post=8760"}],"version-history":[{"count":0,"href":"https:\/\/www.escapadarural.com\/blog\/wp-json\/wp\/v2\/posts\/8760\/revisions"}],"wp:featuredmedia":[{"embeddable":true,"href":"https:\/\/www.escapadarural.com\/blog\/wp-json\/wp\/v2\/media\/105159"}],"wp:attachment":[{"href":"https:\/\/www.escapadarural.com\/blog\/wp-json\/wp\/v2\/media?parent=8760"}],"wp:term":[{"taxonomy":"category","embeddable":true,"href":"https:\/\/www.escapadarural.com\/blog\/wp-json\/wp\/v2\/categories?post=8760"},{"taxonomy":"post_tag","embeddable":true,"href":"https:\/\/www.escapadarural.com\/blog\/wp-json\/wp\/v2\/tags?post=8760"}],"curies":[{"name":"wp","href":"https:\/\/api.w.org\/{rel}","templated":true}]}}