{"id":9106,"date":"2017-10-30T10:36:20","date_gmt":"2017-10-30T10:36:20","guid":{"rendered":"http:\/\/15.188.81.248\/2017\/10\/30\/los-sabores-de-la-subbetica-cordobesa\/"},"modified":"2025-06-18T16:27:22","modified_gmt":"2025-06-18T14:27:22","slug":"los-sabores-de-la-subbetica-cordobesa","status":"publish","type":"post","link":"https:\/\/www.escapadarural.com\/blog\/los-sabores-de-la-subbetica-cordobesa\/","title":{"rendered":"Los sabores de la Subb\u00e9tica Cordobesa"},"content":{"rendered":"<div class=\"wp-block-image\">\n<figure class=\"aligncenter size-large\"><a href=\"https:\/\/www.escapadarural.com\/blog\/wp-content\/uploads\/2017\/10\/Salmorejo-1-e1509353395519-1.jpg\"><img decoding=\"async\" src=\"https:\/\/www.escapadarural.com\/blog\/wp-content\/uploads\/2017\/10\/Salmorejo-1-e1509353395519-1.jpg\" alt=\"Salmorejo\" class=\"wp-image-27962\"\/><\/a><figcaption class=\"wp-element-caption\">Salmorejo. Fuente: Turismo Priego de C\u00f3rdoba<\/figcaption><\/figure>\n<\/div>\n\n\n<p><br>La <strong>gastronom\u00eda cordobesa<\/strong> es el maridaje perfecto para un viaje por la Subb\u00e9tica. No es lo mismo visitar Zuheros o Izn\u00e1jar con el est\u00f3mago vac\u00edo que hacerlo tras haber degustado un remoj\u00f3n cordob\u00e9s o un flamenqu\u00edn de jam\u00f3n serrano, por ejemplo.<\/p>\n\n\n\n<p>Lo cierto es que a todo el mundo le gusta el buen yantar. As\u00ed que, lo que te propongo es inmiscuirte entre los cordobeses, descubrir tabernas emblem\u00e1ticas, probar platos t\u00edpicos y disfrutar del ambiente festivo que se respira en sus calles y plazoletas.<br><br>No andes con remilgos y come rico, rico en tu <a rel=\"noopener noreferrer\" href=\"https:\/\/www.escapadarural.com\/blog\/ruta-por-cinco-caracteristicos-pueblos-de-la-subbetica-cordobesa\/\" target=\"_blank\" class=\"rank-math-link\">ruta por cinco caracter\u00edsticos pueblos de la Subb\u00e9tica Cordobesa<\/a>.<\/p>\n\n\n\n<h2 class=\"wp-block-heading\" id=\"0-men%C3%BA-degustaci%C3%B3n\">Men\u00fa degustaci\u00f3n<\/h2>\n\n\n<div class=\"wp-block-image\">\n<figure class=\"aligncenter size-large\"><a href=\"https:\/\/www.escapadarural.com\/blog\/wp-content\/uploads\/2017\/10\/Aceitunas-en-sosa-5-1.jpg\"><img decoding=\"async\" src=\"https:\/\/www.escapadarural.com\/blog\/wp-content\/uploads\/2017\/10\/Aceitunas-en-sosa-5-1.jpg\" alt=\"Subb\u00e9tica Cordobesa\" class=\"wp-image-27961\"\/><\/a><\/figure>\n<\/div>\n\n\n<p>Para poneos en antecedentes y saber <strong>el porqu\u00e9 de los platos que hoy en d\u00eda<\/strong> degustamos es necesario analizar la l\u00ednea del tiempo. Remontarse a las <strong>diferentes civilizaciones<\/strong> que se asentaron en C\u00f3rdoba y contemplar su <strong>legado culinario<\/strong>. Una amalgama de culturas reflejada en una rica y variada gastronom\u00eda.<\/p>\n\n\n\n<h2 class=\"wp-block-heading title-rute\" id=\"1-1-entrantes-ligeros\"><strong>1.<\/strong>Entrantes ligeros<\/h2>\n\n\n<div class=\"wp-block-image\">\n<figure class=\"aligncenter size-large\"><a href=\"https:\/\/www.escapadarural.com\/blog\/wp-content\/uploads\/2017\/10\/Desayuno-molinero-1-e1509352525701-1.jpg\"><img decoding=\"async\" src=\"https:\/\/www.escapadarural.com\/blog\/wp-content\/uploads\/2017\/10\/Desayuno-molinero-1-e1509352525701-1.jpg\" alt=\"Subb\u00e9tica Cordobesa\" class=\"wp-image-27960\"\/><\/a><\/figure>\n<\/div>\n\n\n<p>Los <strong>romanos<\/strong> introdujeron el oro l\u00edquido y, con ello, la tan afamada dieta mediterr\u00e1nea. Tal es el prestigio del <strong>aceite de oliva virgen extra<\/strong> que la Mancomunidad de la Subb\u00e9tica atesora tres <strong>Denominaciones de Origen:<\/strong> de Priego de C\u00f3rdoba, de Baena y de Lucena.<br><br>La <strong>cata de este preciado oro l\u00edquido<\/strong> est\u00e1 en auge. S\u00ed tu capricho es realizar alguna puedes reservar <strong>en una almazara<\/strong> \u2013lugar donde se obtiene el aceite- y aprovechar para conocer el proceso del aceite.<\/p>\n\n\n\n<p>No obstante, si quieres comodidad, has de saber que <strong>en las mesas de los restaurantes directamente hay botellas de aceite de oliva para que cates por ti mismo.<\/strong> As\u00ed que, con esta consigna, no te librar\u00e1s de saborearlo e incluso hacerte \u201cexperto\u201d y declinarte por una de sus variedades: Arbequina, Picual\u2026 \u00bfCon cu\u00e1l te quedas?<\/p>\n\n\n\n<p>Como entrante tambi\u00e9n destacar\u00edamos el ajoblanco, aunque no es \u00fanicamente originario de C\u00f3rdoba, ya que se puede encontrar en otras provincias espa\u00f1olas. A\u00fan as\u00ed, es un plato ligero que perfectamente se puede incluir en este sofisticado men\u00fa que estamos elaborando.<\/p>\n\n\n<div class=\"wp-block-image\">\n<figure class=\"aligncenter size-large\"><a href=\"https:\/\/www.escapadarural.com\/blog\/wp-content\/uploads\/2017\/10\/IMG_0209-e1509352674304-1.jpg\"><img decoding=\"async\" src=\"https:\/\/www.escapadarural.com\/blog\/wp-content\/uploads\/2017\/10\/IMG_0209-e1509352674304-1.jpg\" alt=\"Caser\u00edo Izn\u00e1jar\" class=\"wp-image-27959\"\/><\/a><figcaption class=\"wp-element-caption\">Caser\u00edo Izn\u00e1jar. Fuente: Turismo Andaluz<\/figcaption><\/figure>\n<\/div>\n\n\n<p>La recomendaci\u00f3n es que lo pidas en el <a rel=\"noopener noreferrer\" href=\"https:\/\/hoteliznajar.com\/\" target=\"_blank\" class=\"rank-math-link\">Caser\u00edo Izn\u00e1jar<\/a>, donde tras una buena comida y\/o cena puedes quedarte a dormir y organizarte un fin de semana de actividades en torno a su embalse.<\/p>\n\n\n\n<h2 class=\"wp-block-heading title-rute\" id=\"2-2-primeros-platos\"><strong>2.<\/strong>Primeros platos<\/h2>\n\n\n\n<p>Los <strong>\u00e1rabes<\/strong> dejaron como se\u00f1a el uso de los frutos secos, el <strong>protagonismo de la verdura<\/strong> y la reposter\u00eda. Por ello, en la actualidad, los primeros platos est\u00e1n elaborados con verdura de proximidad y de temporada.<\/p>\n\n\n<div class=\"wp-block-image\">\n<figure class=\"aligncenter size-large\"><a href=\"https:\/\/www.escapadarural.com\/blog\/wp-content\/uploads\/2017\/10\/Ensaladilla-de-pimientos-1-e1509353724486-1.jpg\"><img decoding=\"async\" src=\"https:\/\/www.escapadarural.com\/blog\/wp-content\/uploads\/2017\/10\/Ensaladilla-de-pimientos-1-e1509353724486-1.jpg\" alt=\"Ensaladilla de pimiento\" class=\"wp-image-27958\"\/><\/a><figcaption class=\"wp-element-caption\">Ensaladilla de pimiento. Fuente: Turismo Priego de C\u00f3rdoba<\/figcaption><\/figure>\n<\/div>\n\n\n<p>Como es el caso del <strong>salmorejo, la tortilla de collejas<\/strong> \u2013verdura parecida a las espinacas- o las <strong>berenjenas fritas<\/strong>. Esta \u00faltima receta puede parecer sencilla, pero tiene su intr\u00edngulis, ya que las berenjenas tienen que quedar sin grasa y crujientes. Una delicia que seguro querr\u00e1s repetir.<\/p>\n\n\n\n<p>El <strong>queso<\/strong> es otro ingrediente que se puede presentar <strong>como entrante, postre o en ensalada<\/strong>. La alternativa perfecta para degustar muchos tipos y variedades es la <strong>\u201cFiesta del Queso Villa de Zuheros\u201d<\/strong> que se celebra a finales de septiembre.<\/p>\n\n\n\n<p>Pero si tu intenci\u00f3n son los <strong>platos de cuchara<\/strong>, los tradicionales, dec\u00e1ntate por un <strong>potaje<\/strong>. Eso s\u00ed, no son aptos para vegetarianos, pues la mayor\u00eda est\u00e1n <strong>elaborados con derivados de la matanza del cerdo.<\/strong> De aqu\u00ed salen las morcillas de sesos, los asientos de lomo o los chicharrones.<\/p>\n\n\n<div class=\"wp-block-image\">\n<figure class=\"aligncenter size-large\"><a href=\"https:\/\/www.escapadarural.com\/blog\/wp-content\/uploads\/2017\/10\/Gachas-1-1.jpg\"><img decoding=\"async\" src=\"https:\/\/www.escapadarural.com\/blog\/wp-content\/uploads\/2017\/10\/Gachas-1-1.jpg\" alt=\"Gachas\" class=\"wp-image-27957\"\/><\/a><figcaption class=\"wp-element-caption\">Gachas. Fuente: Turismo Priego de C\u00f3rdoba<\/figcaption><\/figure>\n<\/div>\n\n\n<h2 class=\"wp-block-heading title-rute\" id=\"3-3-segundos-platos\"><strong>3.<\/strong>Segundos platos<\/h2>\n\n\n\n<p>Los segundos platos tenemos que \u201crelacionarlos\u201d con los <strong>cristianos<\/strong>, a quienes se les achacaba el <strong>buen empleo de la carne y las sabias t\u00e9cnicas de conservaci\u00f3n.<\/strong> Los a\u00f1os de hambruna hicieron mella, as\u00ed que no qued\u00f3 m\u00e1s remedio que ingeni\u00e1rselas para mantener en buen estado lo que ten\u00edan.<\/p>\n\n\n<div class=\"wp-block-image\">\n<figure class=\"aligncenter size-large\"><a href=\"https:\/\/www.escapadarural.com\/blog\/wp-content\/uploads\/2017\/10\/Lomo-de-orza-1-e1509353948108-1.jpg\"><img decoding=\"async\" src=\"https:\/\/www.escapadarural.com\/blog\/wp-content\/uploads\/2017\/10\/Lomo-de-orza-1-e1509353948108-1.jpg\" alt=\"Lomo de orza\" class=\"wp-image-27956\"\/><\/a><figcaption class=\"wp-element-caption\">Lomo de orza. Fuente: Turismo Priego de C\u00f3rdoba<\/figcaption><\/figure>\n<\/div>\n\n\n<p>De hecho, <strong>Priego de C\u00f3rdoba a\u00fan custodia sus Carnicer\u00edas Reales<\/strong>, o lo que es lo mismo, el <strong>matadero y mercado del siglo XVI.<\/strong><\/p>\n\n\n<div class=\"wp-block-image\">\n<figure class=\"aligncenter size-large\"><a href=\"https:\/\/www.escapadarural.com\/blog\/wp-content\/uploads\/2017\/10\/DSC0278-e1509355498869-1.jpg\"><img decoding=\"async\" src=\"https:\/\/www.escapadarural.com\/blog\/wp-content\/uploads\/2017\/10\/DSC0278-e1509355498869-1.jpg\" alt=\"Carnicer\u00edas Reales\" class=\"wp-image-27955\"\/><\/a><figcaption class=\"wp-element-caption\">Carnicer\u00edas Reales. Fuente: Turismo Priego de C\u00f3rdoba<\/figcaption><\/figure>\n<\/div>\n\n\n<p>Es uno de los <strong>atractivos tur\u00edsticos imprescindibles,<\/strong> pues era donde se sacrificaban los animales que luego eran vendidos al p\u00fablico en los puestos junto al pescado. Fue tal la vida que se form\u00f3 en torno a este lugar que afloraron posadas, tabernas y barber\u00edas que aportaban al lugar una gran actividad.<\/p>\n\n\n\n<p>Adem\u00e1s ten\u00edan conocimientos para aprovechar los <strong>recursos de la tierra<\/strong> como la caza. De ah\u00ed que de la cocina cordobesa hayan salido platos de perdiz o jabal\u00ed.<\/p>\n\n\n\n<p>Para <strong>degustar un buen segundo,<\/strong> vinculado a la carne, y que cumpla la premisa de ser popular entre las recetas cordobesas, os propongo <strong>el guiso de rabo de toro y los flamenquines.<\/strong> El flamenqu\u00edn cordob\u00e9s es un empanado que se elabora en forma de rulo envolviendo la carne con el jam\u00f3n (similar a un San Jacobo).<\/p>\n\n\n<div class=\"wp-block-image\">\n<figure class=\"aligncenter size-large\"><a href=\"https:\/\/www.escapadarural.com\/blog\/wp-content\/uploads\/2017\/10\/Rabo-de-toro-1-1.jpg\"><img decoding=\"async\" src=\"https:\/\/www.escapadarural.com\/blog\/wp-content\/uploads\/2017\/10\/Rabo-de-toro-1-1.jpg\" alt=\"Rabo de toro\" class=\"wp-image-27954\"\/><\/a><figcaption class=\"wp-element-caption\">Rabo de toro. Fuente: Turismo Priego de C\u00f3rdoba\n\n<\/figcaption><\/figure>\n<\/div>\n\n\n<h2 class=\"wp-block-heading title-rute\" id=\"4-4-remate-dulce\"><strong>4.<\/strong>Remate dulce<\/h2>\n\n\n\n<p>Tal y como he mencionado en l\u00edneas anteriores, la <strong>reposter\u00eda cordobesa<\/strong> es una <strong>herencia \u00e1rabe.<\/strong> Generaci\u00f3n tras generaci\u00f3n han triunfado los <strong>sabores andalus\u00eds<\/strong> y son muchos los turistas que se acercan en esta \u00e9poca del a\u00f1o, pr\u00f3xima a la Navidad, para adquirir los suyos.<\/p>\n\n\n<div class=\"wp-block-image\">\n<figure class=\"aligncenter size-large\"><a href=\"https:\/\/www.escapadarural.com\/blog\/wp-content\/uploads\/2017\/10\/Tortas-de-canuto-1-e1509353444751-1.jpg\"><img decoding=\"async\" src=\"https:\/\/www.escapadarural.com\/blog\/wp-content\/uploads\/2017\/10\/Tortas-de-canuto-1-e1509353444751-1.jpg\" alt=\"Tortas de canuto\" class=\"wp-image-27953\"\/><\/a><figcaption class=\"wp-element-caption\">Tortas de canuto. Fuente: Turismo Priego de C\u00f3rdoba<\/figcaption><\/figure>\n<\/div>\n\n\n<p>El gran surtido de <strong>dulces navide\u00f1os<\/strong> lo ten\u00e9is en <strong>Rute<\/strong>, donde las f\u00e1bricas no descansan y el pueblo desprende un aroma que a nadie le amarga.<\/p>\n\n\n<div class=\"wp-block-image\">\n<figure class=\"aligncenter size-large\"><a href=\"https:\/\/www.escapadarural.com\/blog\/wp-content\/uploads\/2017\/10\/Polvorones-1-e1509353422134-1.jpg\"><img decoding=\"async\" src=\"https:\/\/www.escapadarural.com\/blog\/wp-content\/uploads\/2017\/10\/Polvorones-1-e1509353422134-1.jpg\" alt=\"Polvorones\" class=\"wp-image-27952\"\/><\/a><figcaption class=\"wp-element-caption\">Polvorones. Fuente: Turismo Priego de C\u00f3rdoba<\/figcaption><\/figure>\n<\/div>\n\n\n<p>No obstante, <strong>el postre que todos buscan,<\/strong> en cualquier \u00e9poca del a\u00f1o, es <strong>el pastel cordob\u00e9s.<\/strong> Tiene forma circular con bordes trenzados hechos a base de un delicioso hojaldre de cabello de \u00e1ngel y cubierto de canela y az\u00facar. Un manjar que nadie rechaza y del cual est\u00e1n muy orgullosos.<\/p>\n\n\n\n<p>Y para no terminar el men\u00fa de golpe, reposar y hacer la digesti\u00f3n, os invito a un lingotazo de <strong>alg\u00fan licor o anisado,<\/strong> precisamente, del lugar donde se confeccionan muchos de los dulces navide\u00f1os, Rute.<\/p>\n\n\n\n<p>Como hab\u00e9is podido comprobar, <strong>saborear C\u00f3rdoba es acercarse y conocer desde otra perspectiva el paso de la historia<\/strong> y la influencia, en este caso culinaria, que civilizaciones antepasadas legaron a este territorio.<\/p>\n\n\n\n<p>Seguro que hay muchas m\u00e1s recetas y platos tradicionales que no han salido en este post y que nos gustar\u00eda conocer. Cada municipio y \u00e9poca del a\u00f1o tiene sus costumbres culinarias que desde aqu\u00ed os invitamos a que las compart\u00e1is, ya que la gastronom\u00eda es uno de los reclamos principales para visitar zonas rurales.<\/p>\n\n\n\n<div class=\"wp-block-buttons is-layout-flex wp-block-buttons-is-layout-flex\">\n<div class=\"wp-block-button\"><a class=\"wp-block-button__link wp-element-button\" href=\"https:\/\/www.escapadarural.com\/casas-rurales\/cordoba\">Alojamientos rurales en C\u00f3rdoba<\/a><\/div>\n<\/div>\n\n\n\n<p><\/p>\n\n\n\n<h2 class=\"wp-block-heading\" id=\"5-qu%C3%A9-m%C3%A1s-ver-en-c%C3%B3rdoba\">Qu\u00e9 m\u00e1s ver en C\u00f3rdoba<\/h2>\n\n\n<section class=\"wp-block-ub-post-grid ub-block-post-grid align  is-equal-height preserve-post-image-aspect-ratio\" style=\"\" id=\"ub-post-grid-\"><div class=\"ub-post-grid-items is-list\" style=\"row-gap: 32px; column-gap: 32px; \"><article id=\"post-217015\" class=\"ub-post-grid-item post-217015 post type-post status-publish format-standard has-post-thumbnail hentry category-destinos tag-que-ver-en-albacete tag-amigos tag-que-ver-en-burgos tag-que-ver-en-cantabria tag-que-ver-en-castellon tag-que-ver-en-cordoba tag-familia tag-que-ver-en-girona tag-listado tag-que-ver-en-madrid tag-pareja tag-primavera tag-pueblos tag-turismo-rural\" style=\"\"><div class=\"ub-block-post-grid-image\" style=\"\"><a href=\"https:\/\/www.escapadarural.com\/blog\/pueblos-que-aun-no-estan-masificados\/\" rel=\"bookmark\" aria-hidden=\"true\" tabindex=\"-1\"><img loading=\"lazy\" decoding=\"async\" width=\"2048\" height=\"1365\" src=\"https:\/\/www.escapadarural.com\/blog\/wp-content\/uploads\/2026\/04\/AdobeStock_252419160_cartes2-scaled.jpeg\" class=\"attachment-full size-full\" alt=\"Cartes, en Cantabria. Por leonardo2011.\" style=\"max-width: 600px; \" srcset=\"https:\/\/www.escapadarural.com\/blog\/wp-content\/uploads\/2026\/04\/AdobeStock_252419160_cartes2-200x133.jpeg 200w, https:\/\/www.escapadarural.com\/blog\/wp-content\/uploads\/2026\/04\/AdobeStock_252419160_cartes2-300x200.jpeg 300w, https:\/\/www.escapadarural.com\/blog\/wp-content\/uploads\/2026\/04\/AdobeStock_252419160_cartes2-400x267.jpeg 400w, https:\/\/www.escapadarural.com\/blog\/wp-content\/uploads\/2026\/04\/AdobeStock_252419160_cartes2-600x400.jpeg 600w, https:\/\/www.escapadarural.com\/blog\/wp-content\/uploads\/2026\/04\/AdobeStock_252419160_cartes2-768x512.jpeg 768w, https:\/\/www.escapadarural.com\/blog\/wp-content\/uploads\/2026\/04\/AdobeStock_252419160_cartes2-800x533.jpeg 800w, https:\/\/www.escapadarural.com\/blog\/wp-content\/uploads\/2026\/04\/AdobeStock_252419160_cartes2-1024x683.jpeg 1024w, https:\/\/www.escapadarural.com\/blog\/wp-content\/uploads\/2026\/04\/AdobeStock_252419160_cartes2-1200x800.jpeg 1200w, https:\/\/www.escapadarural.com\/blog\/wp-content\/uploads\/2026\/04\/AdobeStock_252419160_cartes2-1536x1024.jpeg 1536w, https:\/\/www.escapadarural.com\/blog\/wp-content\/uploads\/2026\/04\/AdobeStock_252419160_cartes2-scaled.jpeg 2048w\" sizes=\"auto, (max-width: 2048px) 100vw, 2048px\"><\/a><\/div><div class=\"ub-block-post-grid-text\" style=\"\"><div class=\"ub-block-post-grid-header-content\"><header class=\"ub-block-post-grid-header\"><h3 class=\"ub-block-post-grid-title\"><a style=\"\" href=\"https:\/\/www.escapadarural.com\/blog\/pueblos-que-aun-no-estan-masificados\/\" rel=\"bookmark\">Pueblos con encanto de Espa\u00f1a que a\u00fan puedes disfrutar sin multitudes<\/a><\/h3><\/header><\/div><div class=\"ub-block-post-grid-excerpt\"><div class=\"ub-block-post-grid-excerpt-text\" style=\"\"><p>Destinos buscados por los viajeros pero que a\u00fan no est\u00e1n masificados. S\u00ed, existen. Estos son algunos de ellos que merece una visita. <\/p>\n<\/div><\/div><\/div><\/article>\n<article id=\"post-216553\" class=\"ub-post-grid-item post-216553 post type-post status-publish format-standard has-post-thumbnail hentry category-arte-y-cultura category-destinos tag-amigos tag-que-ver-en-caceres tag-que-ver-en-cordoba tag-familia tag-fiestas tag-que-ver-en-huelva tag-listado tag-que-ver-en-madrid tag-mayo tag-pareja tag-primavera tag-que-ver-en-salamanca tag-que-ver-en-sevilla tag-valle-del-jerte tag-que-ver-en-vizcaya\" style=\"\"><div class=\"ub-block-post-grid-image\" style=\"\"><a href=\"https:\/\/www.escapadarural.com\/blog\/planes-baratos-y-gratis-en-mayo\/\" rel=\"bookmark\" aria-hidden=\"true\" tabindex=\"-1\"><img loading=\"lazy\" decoding=\"async\" width=\"2048\" height=\"1154\" src=\"https:\/\/www.escapadarural.com\/blog\/wp-content\/uploads\/2026\/04\/AdobeStock_613579227-scaled.jpeg\" class=\"attachment-full size-full\" alt=\"Cerezos en flor en el Jerte (C\u00e1ceres). Por M.studio\" style=\"max-width: 600px; \" srcset=\"https:\/\/www.escapadarural.com\/blog\/wp-content\/uploads\/2026\/04\/AdobeStock_613579227-200x113.jpeg 200w, https:\/\/www.escapadarural.com\/blog\/wp-content\/uploads\/2026\/04\/AdobeStock_613579227-300x169.jpeg 300w, https:\/\/www.escapadarural.com\/blog\/wp-content\/uploads\/2026\/04\/AdobeStock_613579227-400x225.jpeg 400w, https:\/\/www.escapadarural.com\/blog\/wp-content\/uploads\/2026\/04\/AdobeStock_613579227-600x338.jpeg 600w, https:\/\/www.escapadarural.com\/blog\/wp-content\/uploads\/2026\/04\/AdobeStock_613579227-768x433.jpeg 768w, https:\/\/www.escapadarural.com\/blog\/wp-content\/uploads\/2026\/04\/AdobeStock_613579227-800x451.jpeg 800w, https:\/\/www.escapadarural.com\/blog\/wp-content\/uploads\/2026\/04\/AdobeStock_613579227-1024x577.jpeg 1024w, https:\/\/www.escapadarural.com\/blog\/wp-content\/uploads\/2026\/04\/AdobeStock_613579227-1200x676.jpeg 1200w, https:\/\/www.escapadarural.com\/blog\/wp-content\/uploads\/2026\/04\/AdobeStock_613579227-1536x866.jpeg 1536w, https:\/\/www.escapadarural.com\/blog\/wp-content\/uploads\/2026\/04\/AdobeStock_613579227-scaled.jpeg 2048w\" sizes=\"auto, (max-width: 2048px) 100vw, 2048px\"><\/a><\/div><div class=\"ub-block-post-grid-text\" style=\"\"><div class=\"ub-block-post-grid-header-content\"><header class=\"ub-block-post-grid-header\"><h3 class=\"ub-block-post-grid-title\"><a style=\"\" href=\"https:\/\/www.escapadarural.com\/blog\/planes-baratos-y-gratis-en-mayo\/\" rel=\"bookmark\">Planes baratos (o gratis) para un mayo sin sayo \u2600\ufe0f<\/a><\/h3><\/header><\/div><div class=\"ub-block-post-grid-excerpt\"><div class=\"ub-block-post-grid-excerpt-text\" style=\"\"><p>Fiestas, flores, rutas, romer\u00edas en el campo\u2026. \u00a1No te pierdas los mejores planes para mayo! Son econ\u00f3micos, y algunos gratis. <\/p>\n<\/div><\/div><\/div><\/article>\n<article id=\"post-214400\" class=\"ub-post-grid-item post-214400 post type-post status-publish format-standard has-post-thumbnail hentry category-rutas-y-excursiones tag-que-ver-en-a-coruna tag-agua tag-que-ver-en-alava tag-que-ver-en-asturias tag-que-ver-en-avila tag-que-ver-en-cordoba tag-dia-mundial-del-agua tag-familia tag-que-ver-en-huesca tag-listado tag-que-ver-en-navarra tag-pareja tag-senderismo\" style=\"\"><div class=\"ub-block-post-grid-image\" style=\"\"><a href=\"https:\/\/www.escapadarural.com\/blog\/rutas-del-agua-familiares-para-celebrar-su-dia-mundial\/\" rel=\"bookmark\" aria-hidden=\"true\" tabindex=\"-1\"><img loading=\"lazy\" decoding=\"async\" width=\"1056\" height=\"704\" src=\"https:\/\/www.escapadarural.com\/blog\/wp-content\/uploads\/2026\/03\/01_RutasAgua_Zas_FervenzaBudian_TurismoGalicia.jpg\" class=\"attachment-full size-full\" alt=\"Fervenza (cascada) de Budian, en la Ruta del Agua de Zas (A Coru\u00f1a).\" style=\"max-width: 600px; \" srcset=\"https:\/\/www.escapadarural.com\/blog\/wp-content\/uploads\/2026\/03\/01_RutasAgua_Zas_FervenzaBudian_TurismoGalicia-200x133.jpg 200w, https:\/\/www.escapadarural.com\/blog\/wp-content\/uploads\/2026\/03\/01_RutasAgua_Zas_FervenzaBudian_TurismoGalicia-300x200.jpg 300w, https:\/\/www.escapadarural.com\/blog\/wp-content\/uploads\/2026\/03\/01_RutasAgua_Zas_FervenzaBudian_TurismoGalicia-400x267.jpg 400w, https:\/\/www.escapadarural.com\/blog\/wp-content\/uploads\/2026\/03\/01_RutasAgua_Zas_FervenzaBudian_TurismoGalicia-600x400.jpg 600w, https:\/\/www.escapadarural.com\/blog\/wp-content\/uploads\/2026\/03\/01_RutasAgua_Zas_FervenzaBudian_TurismoGalicia-768x512.jpg 768w, https:\/\/www.escapadarural.com\/blog\/wp-content\/uploads\/2026\/03\/01_RutasAgua_Zas_FervenzaBudian_TurismoGalicia-800x533.jpg 800w, https:\/\/www.escapadarural.com\/blog\/wp-content\/uploads\/2026\/03\/01_RutasAgua_Zas_FervenzaBudian_TurismoGalicia-1024x683.jpg 1024w, https:\/\/www.escapadarural.com\/blog\/wp-content\/uploads\/2026\/03\/01_RutasAgua_Zas_FervenzaBudian_TurismoGalicia.jpg 1056w\" sizes=\"auto, (max-width: 1056px) 100vw, 1056px\"><\/a><\/div><div class=\"ub-block-post-grid-text\" style=\"\"><div class=\"ub-block-post-grid-header-content\"><header class=\"ub-block-post-grid-header\"><h3 class=\"ub-block-post-grid-title\"><a style=\"\" href=\"https:\/\/www.escapadarural.com\/blog\/rutas-del-agua-familiares-para-celebrar-su-dia-mundial\/\" rel=\"bookmark\">Rutas del Agua familiares para celebrar su D\u00eda Mundial: paseos sencillos entre r\u00edos, molinos y bosques<\/a><\/h3><\/header><\/div><div class=\"ub-block-post-grid-excerpt\"><div class=\"ub-block-post-grid-excerpt-text\" style=\"\"><p>Descubre siete rutas ideales para celebrar el D\u00eda Mundial del Agua: paseos f\u00e1ciles junto a r\u00edos, cascadas, molinos y bosques, perfectos para una escapada en familia<\/p>\n<\/div><\/div><\/div><\/article>\n<article id=\"post-214622\" class=\"ub-post-grid-item post-214622 post type-post status-publish format-standard has-post-thumbnail hentry category-destinos tag-que-ver-en-alava tag-que-ver-en-badajoz tag-que-ver-en-cordoba tag-que-ver-en-cuenca tag-listado tag-que-ver-en-navarra tag-que-ver-en-ourense tag-pueblos-medievales tag-que-ver-en-segovia tag-que-ver-en-zaragoza\" style=\"\"><div class=\"ub-block-post-grid-image\" style=\"\"><a href=\"https:\/\/www.escapadarural.com\/blog\/maravillas-medievales-de-espana\/\" rel=\"bookmark\" aria-hidden=\"true\" tabindex=\"-1\"><img loading=\"lazy\" decoding=\"async\" width=\"2048\" height=\"1534\" src=\"https:\/\/www.escapadarural.com\/blog\/wp-content\/uploads\/2026\/03\/AdobeStock_635917669-scaled.jpeg\" class=\"attachment-full size-full\" alt=\"Vista a\u00e9rea de un castillo medieval de piedra con torres, rodeado de casas de tejados rojos y verdes colinas al fondo bajo un cielo despejado.\" style=\"max-width: 600px; \" srcset=\"https:\/\/www.escapadarural.com\/blog\/wp-content\/uploads\/2026\/03\/AdobeStock_635917669-200x150.jpeg 200w, https:\/\/www.escapadarural.com\/blog\/wp-content\/uploads\/2026\/03\/AdobeStock_635917669-300x225.jpeg 300w, https:\/\/www.escapadarural.com\/blog\/wp-content\/uploads\/2026\/03\/AdobeStock_635917669-400x300.jpeg 400w, https:\/\/www.escapadarural.com\/blog\/wp-content\/uploads\/2026\/03\/AdobeStock_635917669-600x449.jpeg 600w, https:\/\/www.escapadarural.com\/blog\/wp-content\/uploads\/2026\/03\/AdobeStock_635917669-768x575.jpeg 768w, https:\/\/www.escapadarural.com\/blog\/wp-content\/uploads\/2026\/03\/AdobeStock_635917669-800x599.jpeg 800w, https:\/\/www.escapadarural.com\/blog\/wp-content\/uploads\/2026\/03\/AdobeStock_635917669-1024x767.jpeg 1024w, https:\/\/www.escapadarural.com\/blog\/wp-content\/uploads\/2026\/03\/AdobeStock_635917669-1200x899.jpeg 1200w, https:\/\/www.escapadarural.com\/blog\/wp-content\/uploads\/2026\/03\/AdobeStock_635917669-1536x1150.jpeg 1536w, https:\/\/www.escapadarural.com\/blog\/wp-content\/uploads\/2026\/03\/AdobeStock_635917669-scaled.jpeg 2048w\" sizes=\"auto, (max-width: 2048px) 100vw, 2048px\"><\/a><\/div><div class=\"ub-block-post-grid-text\" style=\"\"><div class=\"ub-block-post-grid-header-content\"><header class=\"ub-block-post-grid-header\"><h3 class=\"ub-block-post-grid-title\"><a style=\"\" href=\"https:\/\/www.escapadarural.com\/blog\/maravillas-medievales-de-espana\/\" rel=\"bookmark\">Las 8 maravillas medievales que no te puedes perder<\/a><\/h3><\/header><\/div><div class=\"ub-block-post-grid-excerpt\"><div class=\"ub-block-post-grid-excerpt-text\" style=\"\"><p>Te propongo 8 destinos con alma medieval repartidos por Espa\u00f1a, perfectos para un fin de semana diferente. \u00bfVienes?<\/p>\n<\/div><\/div><\/div><\/article>\n<article id=\"post-212184\" class=\"ub-post-grid-item post-212184 post type-post status-publish format-standard has-post-thumbnail hentry category-arte-y-cultura category-destinos tag-que-ver-en-albacete tag-amigos tag-que-ver-en-burgos tag-que-ver-en-caceres tag-camino-de-santiago tag-que-ver-en-cordoba tag-familia tag-haro tag-que-ver-en-la-rioja tag-lanzarote tag-las-medulas tag-que-ver-en-leon tag-listado tag-matarrana tag-medina-azahara tag-nacimiento-del-rio-mundo tag-pareja tag-prades tag-que-ver-en-tarragona tag-que-ver-en-teruel tag-timanfaya tag-valle-del-jerte\" style=\"\"><div class=\"ub-block-post-grid-image\" style=\"\"><a href=\"https:\/\/www.escapadarural.com\/blog\/no-quiero-irme-de-este-mundo-sin\/\" rel=\"bookmark\" aria-hidden=\"true\" tabindex=\"-1\"><img loading=\"lazy\" decoding=\"async\" width=\"1024\" height=\"683\" src=\"https:\/\/www.escapadarural.com\/blog\/wp-content\/uploads\/2025\/02\/AdobeStock_506286534_WP_03.webp\" class=\"attachment-full size-full\" alt=\"Las M\u00e9dulas, en El Bierzo, Le\u00f3n.\" style=\"max-width: 600px; \" srcset=\"https:\/\/www.escapadarural.com\/blog\/wp-content\/uploads\/2025\/02\/AdobeStock_506286534_WP_03-200x133.webp 200w, https:\/\/www.escapadarural.com\/blog\/wp-content\/uploads\/2025\/02\/AdobeStock_506286534_WP_03-300x200.webp 300w, https:\/\/www.escapadarural.com\/blog\/wp-content\/uploads\/2025\/02\/AdobeStock_506286534_WP_03-400x267.webp 400w, https:\/\/www.escapadarural.com\/blog\/wp-content\/uploads\/2025\/02\/AdobeStock_506286534_WP_03-600x400.webp 600w, https:\/\/www.escapadarural.com\/blog\/wp-content\/uploads\/2025\/02\/AdobeStock_506286534_WP_03-768x512.webp 768w, https:\/\/www.escapadarural.com\/blog\/wp-content\/uploads\/2025\/02\/AdobeStock_506286534_WP_03-800x534.webp 800w, https:\/\/www.escapadarural.com\/blog\/wp-content\/uploads\/2025\/02\/AdobeStock_506286534_WP_03.webp 1024w\" sizes=\"auto, (max-width: 1024px) 100vw, 1024px\"><\/a><\/div><div class=\"ub-block-post-grid-text\" style=\"\"><div class=\"ub-block-post-grid-header-content\"><header class=\"ub-block-post-grid-header\"><h3 class=\"ub-block-post-grid-title\"><a style=\"\" href=\"https:\/\/www.escapadarural.com\/blog\/no-quiero-irme-de-este-mundo-sin\/\" rel=\"bookmark\">No quiero irme de este mundo sin\u2026<\/a><\/h3><\/header><\/div><div class=\"ub-block-post-grid-excerpt\"><div class=\"ub-block-post-grid-excerpt-text\" style=\"\"><p>Espa\u00f1a es tan rica, que una vida no basta para recorrerla. Esta es la lista de lugares que nos gustar\u00eda conocer antes de dejar este mundo<\/p>\n<\/div><\/div><\/div><\/article>\n<article id=\"post-211129\" class=\"ub-post-grid-item post-211129 post type-post status-publish format-standard has-post-thumbnail hentry category-destinos tag-allariz tag-almagro tag-amigos tag-calahorra tag-que-ver-en-ciudad-real tag-que-ver-en-cordoba tag-familia tag-que-ver-en-la-rioja tag-listado tag-moron-de-la-frontera tag-que-ver-en-navarra tag-navidad tag-que-ver-en-ourense tag-pueblos tag-puente-genil tag-que-ver-en-sevilla tag-sostenibilidad tag-tudela tag-turismo-rural\" style=\"\"><div class=\"ub-block-post-grid-image\" style=\"\"><a href=\"https:\/\/www.escapadarural.com\/blog\/pueblos-espana-navidad-sostenible\/\" rel=\"bookmark\" aria-hidden=\"true\" tabindex=\"-1\"><img loading=\"lazy\" decoding=\"async\" width=\"1565\" height=\"945\" src=\"https:\/\/www.escapadarural.com\/blog\/wp-content\/uploads\/2025\/11\/puentegenil2.jpeg\" class=\"attachment-full size-full\" alt=\"Luces de Navidad 2025 de Puente Genil. Cortes\u00eda del Ayuntamiento.\" style=\"max-width: 600px; \" srcset=\"https:\/\/www.escapadarural.com\/blog\/wp-content\/uploads\/2025\/11\/puentegenil2-200x121.jpeg 200w, https:\/\/www.escapadarural.com\/blog\/wp-content\/uploads\/2025\/11\/puentegenil2-300x181.jpeg 300w, https:\/\/www.escapadarural.com\/blog\/wp-content\/uploads\/2025\/11\/puentegenil2-400x242.jpeg 400w, https:\/\/www.escapadarural.com\/blog\/wp-content\/uploads\/2025\/11\/puentegenil2-600x362.jpeg 600w, https:\/\/www.escapadarural.com\/blog\/wp-content\/uploads\/2025\/11\/puentegenil2-768x464.jpeg 768w, https:\/\/www.escapadarural.com\/blog\/wp-content\/uploads\/2025\/11\/puentegenil2-800x483.jpeg 800w, https:\/\/www.escapadarural.com\/blog\/wp-content\/uploads\/2025\/11\/puentegenil2-1024x618.jpeg 1024w, https:\/\/www.escapadarural.com\/blog\/wp-content\/uploads\/2025\/11\/puentegenil2-1200x725.jpeg 1200w, https:\/\/www.escapadarural.com\/blog\/wp-content\/uploads\/2025\/11\/puentegenil2-1536x927.jpeg 1536w, https:\/\/www.escapadarural.com\/blog\/wp-content\/uploads\/2025\/11\/puentegenil2.jpeg 1565w\" sizes=\"auto, (max-width: 1565px) 100vw, 1565px\"><\/a><\/div><div class=\"ub-block-post-grid-text\" style=\"\"><div class=\"ub-block-post-grid-header-content\"><header class=\"ub-block-post-grid-header\"><h3 class=\"ub-block-post-grid-title\"><a style=\"\" href=\"https:\/\/www.escapadarural.com\/blog\/pueblos-espana-navidad-sostenible\/\" rel=\"bookmark\">6 pueblos de Espa\u00f1a que apuestan por una Navidad m\u00e1s sostenible<\/a><\/h3><\/header><\/div><div class=\"ub-block-post-grid-excerpt\"><div class=\"ub-block-post-grid-excerpt-text\" style=\"\"><p>Pueblos de Espa\u00f1a que apuestan por unas navidades m\u00e1s sostenibles: luces de bajo consumo, adornos reutilizados y otras estrategias ecol\u00f3gicas<\/p>\n<\/div><\/div><\/div><\/article>\n<article id=\"post-211096\" class=\"ub-post-grid-item post-211096 post type-post status-publish format-standard has-post-thumbnail hentry category-alojamientos-rurales tag-que-ver-en-alicante tag-que-ver-en-avila tag-que-ver-en-barcelona tag-que-ver-en-cantabria tag-casas-rurales tag-que-ver-en-cordoba tag-familia tag-que-ver-en-granada tag-que-ver-en-huelva tag-que-ver-en-leon tag-listado tag-que-ver-en-navarra tag-navidad\" style=\"\"><div class=\"ub-block-post-grid-image\" style=\"\"><a href=\"https:\/\/www.escapadarural.com\/blog\/casas-rurales-decoradas-para-navidad\/\" rel=\"bookmark\" aria-hidden=\"true\" tabindex=\"-1\"><img loading=\"lazy\" decoding=\"async\" width=\"2048\" height=\"1536\" src=\"https:\/\/www.escapadarural.com\/blog\/wp-content\/uploads\/2025\/11\/08_CasasDecoradasNavidad_LasCamelias_Cantabria-scaled.jpg\" class=\"attachment-full size-full\" alt=\"Casas rurales decoradas por Navidad: Las Camelias de Somo (Cantabria).\" style=\"max-width: 600px; \" srcset=\"https:\/\/www.escapadarural.com\/blog\/wp-content\/uploads\/2025\/11\/08_CasasDecoradasNavidad_LasCamelias_Cantabria-200x150.jpg 200w, https:\/\/www.escapadarural.com\/blog\/wp-content\/uploads\/2025\/11\/08_CasasDecoradasNavidad_LasCamelias_Cantabria-300x225.jpg 300w, https:\/\/www.escapadarural.com\/blog\/wp-content\/uploads\/2025\/11\/08_CasasDecoradasNavidad_LasCamelias_Cantabria-400x300.jpg 400w, https:\/\/www.escapadarural.com\/blog\/wp-content\/uploads\/2025\/11\/08_CasasDecoradasNavidad_LasCamelias_Cantabria-600x450.jpg 600w, https:\/\/www.escapadarural.com\/blog\/wp-content\/uploads\/2025\/11\/08_CasasDecoradasNavidad_LasCamelias_Cantabria-768x576.jpg 768w, https:\/\/www.escapadarural.com\/blog\/wp-content\/uploads\/2025\/11\/08_CasasDecoradasNavidad_LasCamelias_Cantabria-800x600.jpg 800w, https:\/\/www.escapadarural.com\/blog\/wp-content\/uploads\/2025\/11\/08_CasasDecoradasNavidad_LasCamelias_Cantabria-1024x768.jpg 1024w, https:\/\/www.escapadarural.com\/blog\/wp-content\/uploads\/2025\/11\/08_CasasDecoradasNavidad_LasCamelias_Cantabria-1200x900.jpg 1200w, https:\/\/www.escapadarural.com\/blog\/wp-content\/uploads\/2025\/11\/08_CasasDecoradasNavidad_LasCamelias_Cantabria-1536x1152.jpg 1536w, https:\/\/www.escapadarural.com\/blog\/wp-content\/uploads\/2025\/11\/08_CasasDecoradasNavidad_LasCamelias_Cantabria-scaled.jpg 2048w\" sizes=\"auto, (max-width: 2048px) 100vw, 2048px\"><\/a><\/div><div class=\"ub-block-post-grid-text\" style=\"\"><div class=\"ub-block-post-grid-header-content\"><header class=\"ub-block-post-grid-header\"><h3 class=\"ub-block-post-grid-title\"><a style=\"\" href=\"https:\/\/www.escapadarural.com\/blog\/casas-rurales-decoradas-para-navidad\/\" rel=\"bookmark\">Casas rurales con encanto decoradas para Navidad: escapadas m\u00e1gicas por Espa\u00f1a<\/a><\/h3><\/header><\/div><div class=\"ub-block-post-grid-excerpt\"><div class=\"ub-block-post-grid-excerpt-text\" style=\"\"><p>Descubre casas rurales en Espa\u00f1a que se transforman en refugios c\u00e1lidos y festivos durante la Navidad: chimeneas, decoraci\u00f3n y paisajes espectaculares te esperan para desconectar estas fiestas<\/p>\n<\/div><\/div><\/div><\/article>\n<article id=\"post-210855\" class=\"ub-post-grid-item post-210855 post type-post status-publish format-standard has-post-thumbnail hentry category-arte-y-cultura tag-que-ver-en-cantabria tag-que-ver-en-cataluna tag-que-ver-en-cordoba tag-que-ver-en-girona tag-que-ver-en-madrid tag-mura tag-olot tag-planes tag-puebla-de-sanabria tag-pueblos tag-puente-de-diciembre tag-puerto-de-navacerrada tag-rute tag-santillana-del-mar tag-que-ver-en-zamora\" style=\"\"><div class=\"ub-block-post-grid-image\" style=\"\"><a href=\"https:\/\/www.escapadarural.com\/blog\/pueblos-para-visitar-puente-de-diciembre\/\" rel=\"bookmark\" aria-hidden=\"true\" tabindex=\"-1\"><img loading=\"lazy\" decoding=\"async\" width=\"2048\" height=\"1367\" src=\"https:\/\/www.escapadarural.com\/blog\/wp-content\/uploads\/2025\/11\/AdobeStock_939993035-scaled.jpeg\" class=\"attachment-full size-full\" alt=\"Puebla de Sanabria, Zamora, en Navidad. Por andromedicus\" style=\"max-width: 600px; \" srcset=\"https:\/\/www.escapadarural.com\/blog\/wp-content\/uploads\/2025\/11\/AdobeStock_939993035-200x133.jpeg 200w, https:\/\/www.escapadarural.com\/blog\/wp-content\/uploads\/2025\/11\/AdobeStock_939993035-300x200.jpeg 300w, https:\/\/www.escapadarural.com\/blog\/wp-content\/uploads\/2025\/11\/AdobeStock_939993035-400x267.jpeg 400w, https:\/\/www.escapadarural.com\/blog\/wp-content\/uploads\/2025\/11\/AdobeStock_939993035-600x400.jpeg 600w, https:\/\/www.escapadarural.com\/blog\/wp-content\/uploads\/2025\/11\/AdobeStock_939993035-768x513.jpeg 768w, https:\/\/www.escapadarural.com\/blog\/wp-content\/uploads\/2025\/11\/AdobeStock_939993035-800x534.jpeg 800w, https:\/\/www.escapadarural.com\/blog\/wp-content\/uploads\/2025\/11\/AdobeStock_939993035-1024x683.jpeg 1024w, https:\/\/www.escapadarural.com\/blog\/wp-content\/uploads\/2025\/11\/AdobeStock_939993035-1200x801.jpeg 1200w, https:\/\/www.escapadarural.com\/blog\/wp-content\/uploads\/2025\/11\/AdobeStock_939993035-1536x1025.jpeg 1536w, https:\/\/www.escapadarural.com\/blog\/wp-content\/uploads\/2025\/11\/AdobeStock_939993035-scaled.jpeg 2048w\" sizes=\"auto, (max-width: 2048px) 100vw, 2048px\"><\/a><\/div><div class=\"ub-block-post-grid-text\" style=\"\"><div class=\"ub-block-post-grid-header-content\"><header class=\"ub-block-post-grid-header\"><h3 class=\"ub-block-post-grid-title\"><a style=\"\" href=\"https:\/\/www.escapadarural.com\/blog\/pueblos-para-visitar-puente-de-diciembre\/\" rel=\"bookmark\">6 pueblos para visitar en el puente de diciembre<\/a><\/h3><\/header><\/div><div class=\"ub-block-post-grid-excerpt\"><div class=\"ub-block-post-grid-excerpt-text\" style=\"\"><p>Mercadillos, luces, abetos y hasta un bel\u00e9n gigante de chocolate. Estos pueblos son perfectos para una escapada en el puente de diciembre.<\/p>\n<\/div><\/div><\/div><\/article>\n<article id=\"post-553\" class=\"ub-post-grid-item post-553 post type-post status-publish format-standard has-post-thumbnail hentry category-destinos tag-que-ver-en-asturias tag-berrea tag-berrea-de-los-ciervos tag-caceres tag-que-ver-en-cantabria tag-ciervos tag-que-ver-en-ciudad-real tag-que-ver-en-cordoba tag-donde-ver-la-berrea-en-espana tag-imprescindibles tag-que-ver-en-jaen tag-listado tag-que-ver-en-lleida tag-naturaleza tag-otono tag-que-ver-en-toledo\" style=\"\"><div class=\"ub-block-post-grid-image\" style=\"\"><a href=\"https:\/\/www.escapadarural.com\/blog\/la-berrea-de-los-ciervos-en-espana\/\" rel=\"bookmark\" aria-hidden=\"true\" tabindex=\"-1\"><img loading=\"lazy\" decoding=\"async\" width=\"1920\" height=\"1283\" src=\"https:\/\/www.escapadarural.com\/blog\/wp-content\/uploads\/2019\/09\/Berrea.jpg\" class=\"attachment-full size-full\" alt=\"La berrea del ciervo, en primer plano.\" style=\"max-width: 600px; \" srcset=\"https:\/\/www.escapadarural.com\/blog\/wp-content\/uploads\/2019\/09\/Berrea-200x134.jpg 200w, https:\/\/www.escapadarural.com\/blog\/wp-content\/uploads\/2019\/09\/Berrea-300x200.jpg 300w, https:\/\/www.escapadarural.com\/blog\/wp-content\/uploads\/2019\/09\/Berrea-400x267.jpg 400w, https:\/\/www.escapadarural.com\/blog\/wp-content\/uploads\/2019\/09\/Berrea-600x401.jpg 600w, https:\/\/www.escapadarural.com\/blog\/wp-content\/uploads\/2019\/09\/Berrea-768x513.jpg 768w, https:\/\/www.escapadarural.com\/blog\/wp-content\/uploads\/2019\/09\/Berrea-800x535.jpg 800w, https:\/\/www.escapadarural.com\/blog\/wp-content\/uploads\/2019\/09\/Berrea-1024x684.jpg 1024w, https:\/\/www.escapadarural.com\/blog\/wp-content\/uploads\/2019\/09\/Berrea-1200x802.jpg 1200w, https:\/\/www.escapadarural.com\/blog\/wp-content\/uploads\/2019\/09\/Berrea-1536x1026.jpg 1536w, https:\/\/www.escapadarural.com\/blog\/wp-content\/uploads\/2019\/09\/Berrea.jpg 1920w\" sizes=\"auto, (max-width: 1920px) 100vw, 1920px\"><\/a><\/div><div class=\"ub-block-post-grid-text\" style=\"\"><div class=\"ub-block-post-grid-header-content\"><header class=\"ub-block-post-grid-header\"><h3 class=\"ub-block-post-grid-title\"><a style=\"\" href=\"https:\/\/www.escapadarural.com\/blog\/la-berrea-de-los-ciervos-en-espana\/\" rel=\"bookmark\">10 lugares para ver la berrea en Espa\u00f1a<\/a><\/h3><\/header><\/div><div class=\"ub-block-post-grid-excerpt\"><div class=\"ub-block-post-grid-excerpt-text\" style=\"\"><p>Los ciervos atronan los bosques desde mediados de septiembre para encontrar pareja. Te contamos d\u00f3nde y c\u00f3mo ver la berrea en Espa\u00f1a<\/p>\n<\/div><\/div><\/div><\/article>\n<article id=\"post-208798\" class=\"ub-post-grid-item post-208798 post type-post status-publish format-standard has-post-thumbnail hentry category-alojamientos-rurales tag-que-ver-en-cadiz tag-casas-rurales tag-que-ver-en-cordoba tag-enoturismo tag-que-ver-en-pontevedra tag-que-ver-en-tarragona tag-que-ver-en-toledo tag-vendimia tag-vinedos tag-vino\" style=\"\"><div class=\"ub-block-post-grid-image\" style=\"\"><a href=\"https:\/\/www.escapadarural.com\/blog\/casas-rurales-para-participar-en-la-vendimia\/\" rel=\"bookmark\" aria-hidden=\"true\" tabindex=\"-1\"><img loading=\"lazy\" decoding=\"async\" width=\"1200\" height=\"684\" src=\"https:\/\/www.escapadarural.com\/blog\/wp-content\/uploads\/2025\/09\/Finca-Buytron-e1759249051259.webp\" class=\"attachment-full size-full\" alt=\"Casas rurales para participar en la vendimia: finca Buytron\" style=\"max-width: 600px; \"><\/a><\/div><div class=\"ub-block-post-grid-text\" style=\"\"><div class=\"ub-block-post-grid-header-content\"><header class=\"ub-block-post-grid-header\"><h3 class=\"ub-block-post-grid-title\"><a style=\"\" href=\"https:\/\/www.escapadarural.com\/blog\/casas-rurales-para-participar-en-la-vendimia\/\" rel=\"bookmark\">6 casas rurales para participar en la vendimia este oto\u00f1o<\/a><\/h3><\/header><\/div><div class=\"ub-block-post-grid-excerpt\"><div class=\"ub-block-post-grid-excerpt-text\" style=\"\"><p>Estos alojamientos rurales ofrecen a los viajeros participar en la vendimia, realizar catas de vino y disfrutar del enoturismo<\/p>\n<\/div><\/div><\/div><\/article>\n<\/div><\/section>","protected":false},"excerpt":{"rendered":"<p>La gastronom\u00eda cordobesa es el maridaje perfecto para un viaje por la Subb\u00e9tica. No es lo mismo visitar Zuheros o Izn\u00e1jar con el est\u00f3mago vac\u00edo que hacerlo tras haber degustado un remoj\u00f3n cordob\u00e9s o un flamenqu\u00edn de jam\u00f3n serrano, por ejemplo.<\/p>\n","protected":false},"author":98,"featured_media":96750,"comment_status":"open","ping_status":"closed","sticky":false,"template":"","format":"standard","meta":{"_acf_changed":false,"om_disable_all_campaigns":false,"footnotes":""},"categories":[231],"tags":[6072,222,508,2032,215,1085,2033,2034,2528,2035],"class_list":["post-9106","post","type-post","status-publish","format-standard","has-post-thumbnail","hentry","category-arte-y-cultura","tag-andalucia","tag-que-ver-en-cordoba","tag-gastronomia","tag-iznajar","tag-listado","tag-lucena","tag-priego-de-cordoba","tag-rute","tag-tipico","tag-zuheros"],"acf":[],"featured_image_src":"https:\/\/www.escapadarural.com\/blog\/wp-content\/uploads\/2024\/10\/typical-spanish-salmorejo-cream-with-ham-and-egg-on-wooden-table-copyspace-stockpack-adobe-stock-1024x683-1.jpg","author_info":{"display_name":"Miryam Tejada","author_link":"https:\/\/www.escapadarural.com\/blog\/autor\/miryam\/"},"yoast_head":"<!-- This site is optimized with the Yoast SEO plugin v27.5 - https:\/\/yoast.com\/product\/yoast-seo-wordpress\/ -->\n<title>Los sabores de la Subb\u00e9tica Cordobesa - EscapadaRural<\/title>\n<meta name=\"robots\" content=\"index, follow, max-snippet:-1, max-image-preview:large, max-video-preview:-1\" \/>\n<link rel=\"canonical\" href=\"https:\/\/www.escapadarural.com\/blog\/los-sabores-de-la-subbetica-cordobesa\/\" \/>\n<meta property=\"og:locale\" content=\"es_ES\" \/>\n<meta property=\"og:type\" content=\"article\" \/>\n<meta property=\"og:title\" content=\"Los sabores de la Subb\u00e9tica Cordobesa - EscapadaRural\" \/>\n<meta property=\"og:description\" content=\"La gastronom\u00eda cordobesa es el maridaje perfecto para un viaje por la Subb\u00e9tica. No es lo mismo visitar Zuheros o Izn\u00e1jar con el est\u00f3mago vac\u00edo que hacerlo tras haber degustado un remoj\u00f3n cordob\u00e9s o un flamenqu\u00edn de jam\u00f3n serrano, por ejemplo.\" \/>\n<meta property=\"og:url\" content=\"https:\/\/www.escapadarural.com\/blog\/los-sabores-de-la-subbetica-cordobesa\/\" \/>\n<meta property=\"og:site_name\" content=\"Magazine de viajes de EscapadaRural\" \/>\n<meta property=\"article:publisher\" content=\"https:\/\/www.facebook.com\/escapadarural\" \/>\n<meta property=\"article:published_time\" content=\"2017-10-30T10:36:20+00:00\" \/>\n<meta property=\"article:modified_time\" content=\"2025-06-18T14:27:22+00:00\" \/>\n<meta property=\"og:image\" content=\"https:\/\/app.escapadarural.com\/blog\/wp-content\/uploads\/2024\/10\/typical-spanish-salmorejo-cream-with-ham-and-egg-on-wooden-table-copyspace-stockpack-adobe-stock-1024x683-1.jpg\" \/>\n\t<meta property=\"og:image:width\" content=\"1024\" \/>\n\t<meta property=\"og:image:height\" content=\"683\" \/>\n\t<meta property=\"og:image:type\" content=\"image\/jpeg\" \/>\n<meta name=\"author\" content=\"Miryam Tejada\" \/>\n<meta name=\"twitter:card\" content=\"summary_large_image\" \/>\n<meta name=\"twitter:label1\" content=\"Escrito por\" \/>\n\t<meta name=\"twitter:data1\" content=\"Miryam Tejada\" \/>\n\t<meta name=\"twitter:label2\" content=\"Tiempo de lectura\" \/>\n\t<meta name=\"twitter:data2\" content=\"8 minutos\" \/>\n<script type=\"application\/ld+json\" class=\"yoast-schema-graph\">{\"@context\":\"https:\\\/\\\/schema.org\",\"@graph\":[{\"@type\":\"Article\",\"@id\":\"https:\\\/\\\/www.escapadarural.com\\\/blog\\\/los-sabores-de-la-subbetica-cordobesa\\\/#article\",\"isPartOf\":{\"@id\":\"https:\\\/\\\/www.escapadarural.com\\\/blog\\\/los-sabores-de-la-subbetica-cordobesa\\\/\"},\"author\":{\"name\":\"Miryam Tejada\",\"@id\":\"https:\\\/\\\/www.escapadarural.com\\\/blog\\\/#\\\/schema\\\/person\\\/3a79b504f208fd6cf3bb52c608e311f0\"},\"headline\":\"Los sabores de la Subb\u00e9tica Cordobesa\",\"datePublished\":\"2017-10-30T10:36:20+00:00\",\"dateModified\":\"2025-06-18T14:27:22+00:00\",\"mainEntityOfPage\":{\"@id\":\"https:\\\/\\\/www.escapadarural.com\\\/blog\\\/los-sabores-de-la-subbetica-cordobesa\\\/\"},\"wordCount\":1161,\"commentCount\":0,\"publisher\":{\"@id\":\"https:\\\/\\\/www.escapadarural.com\\\/blog\\\/#organization\"},\"image\":{\"@id\":\"https:\\\/\\\/www.escapadarural.com\\\/blog\\\/los-sabores-de-la-subbetica-cordobesa\\\/#primaryimage\"},\"thumbnailUrl\":\"https:\\\/\\\/www.escapadarural.com\\\/blog\\\/wp-content\\\/uploads\\\/2024\\\/10\\\/typical-spanish-salmorejo-cream-with-ham-and-egg-on-wooden-table-copyspace-stockpack-adobe-stock-1024x683-1.jpg\",\"keywords\":[\"Andaluc\u00eda\",\"C\u00f3rdoba\",\"Gastronom\u00eda\",\"Izn\u00e1jar\",\"Listado\",\"Lucena\",\"Priego de C\u00f3rdoba\",\"Rute\",\"T\u00edpico\",\"Zuheros\"],\"articleSection\":[\"Arte y Cultura\"],\"inLanguage\":\"es\",\"potentialAction\":[{\"@type\":\"CommentAction\",\"name\":\"Comment\",\"target\":[\"https:\\\/\\\/www.escapadarural.com\\\/blog\\\/los-sabores-de-la-subbetica-cordobesa\\\/#respond\"]}]},{\"@type\":\"WebPage\",\"@id\":\"https:\\\/\\\/www.escapadarural.com\\\/blog\\\/los-sabores-de-la-subbetica-cordobesa\\\/\",\"url\":\"https:\\\/\\\/www.escapadarural.com\\\/blog\\\/los-sabores-de-la-subbetica-cordobesa\\\/\",\"name\":\"Los sabores de la Subb\u00e9tica Cordobesa - EscapadaRural\",\"isPartOf\":{\"@id\":\"https:\\\/\\\/www.escapadarural.com\\\/blog\\\/#website\"},\"primaryImageOfPage\":{\"@id\":\"https:\\\/\\\/www.escapadarural.com\\\/blog\\\/los-sabores-de-la-subbetica-cordobesa\\\/#primaryimage\"},\"image\":{\"@id\":\"https:\\\/\\\/www.escapadarural.com\\\/blog\\\/los-sabores-de-la-subbetica-cordobesa\\\/#primaryimage\"},\"thumbnailUrl\":\"https:\\\/\\\/www.escapadarural.com\\\/blog\\\/wp-content\\\/uploads\\\/2024\\\/10\\\/typical-spanish-salmorejo-cream-with-ham-and-egg-on-wooden-table-copyspace-stockpack-adobe-stock-1024x683-1.jpg\",\"datePublished\":\"2017-10-30T10:36:20+00:00\",\"dateModified\":\"2025-06-18T14:27:22+00:00\",\"breadcrumb\":{\"@id\":\"https:\\\/\\\/www.escapadarural.com\\\/blog\\\/los-sabores-de-la-subbetica-cordobesa\\\/#breadcrumb\"},\"inLanguage\":\"es\",\"potentialAction\":[{\"@type\":\"ReadAction\",\"target\":[\"https:\\\/\\\/www.escapadarural.com\\\/blog\\\/los-sabores-de-la-subbetica-cordobesa\\\/\"]}]},{\"@type\":\"ImageObject\",\"inLanguage\":\"es\",\"@id\":\"https:\\\/\\\/www.escapadarural.com\\\/blog\\\/los-sabores-de-la-subbetica-cordobesa\\\/#primaryimage\",\"url\":\"https:\\\/\\\/www.escapadarural.com\\\/blog\\\/wp-content\\\/uploads\\\/2024\\\/10\\\/typical-spanish-salmorejo-cream-with-ham-and-egg-on-wooden-table-copyspace-stockpack-adobe-stock-1024x683-1.jpg\",\"contentUrl\":\"https:\\\/\\\/www.escapadarural.com\\\/blog\\\/wp-content\\\/uploads\\\/2024\\\/10\\\/typical-spanish-salmorejo-cream-with-ham-and-egg-on-wooden-table-copyspace-stockpack-adobe-stock-1024x683-1.jpg\",\"width\":1024,\"height\":683,\"caption\":\"salmorejo\"},{\"@type\":\"BreadcrumbList\",\"@id\":\"https:\\\/\\\/www.escapadarural.com\\\/blog\\\/los-sabores-de-la-subbetica-cordobesa\\\/#breadcrumb\",\"itemListElement\":[{\"@type\":\"ListItem\",\"position\":1,\"name\":\"Inicio\",\"item\":\"https:\\\/\\\/www.escapadarural.com\\\/blog\\\/\"},{\"@type\":\"ListItem\",\"position\":2,\"name\":\"Arte y Cultura\",\"item\":\"https:\\\/\\\/www.escapadarural.com\\\/blog\\\/categoria\\\/arte-y-cultura\\\/\"},{\"@type\":\"ListItem\",\"position\":3,\"name\":\"Los sabores de la Subb\u00e9tica Cordobesa\"}]},{\"@type\":\"WebSite\",\"@id\":\"https:\\\/\\\/www.escapadarural.com\\\/blog\\\/#website\",\"url\":\"https:\\\/\\\/www.escapadarural.com\\\/blog\\\/\",\"name\":\"Blog de viajes | turismo rural, alojamientos e inspiraci\u00f3n\",\"description\":\"Alojamientos rurales e inspiraci\u00f3n para tus escapadas\",\"publisher\":{\"@id\":\"https:\\\/\\\/www.escapadarural.com\\\/blog\\\/#organization\"},\"alternateName\":\"Magazine de viajes de EscapadaRural\",\"potentialAction\":[{\"@type\":\"SearchAction\",\"target\":{\"@type\":\"EntryPoint\",\"urlTemplate\":\"https:\\\/\\\/www.escapadarural.com\\\/blog\\\/?s={search_term_string}\"},\"query-input\":{\"@type\":\"PropertyValueSpecification\",\"valueRequired\":true,\"valueName\":\"search_term_string\"}}],\"inLanguage\":\"es\"},{\"@type\":\"Organization\",\"@id\":\"https:\\\/\\\/www.escapadarural.com\\\/blog\\\/#organization\",\"name\":\"EscapadaRural\",\"url\":\"https:\\\/\\\/www.escapadarural.com\\\/blog\\\/\",\"logo\":{\"@type\":\"ImageObject\",\"inLanguage\":\"es\",\"@id\":\"https:\\\/\\\/www.escapadarural.com\\\/blog\\\/#\\\/schema\\\/logo\\\/image\\\/\",\"url\":\"https:\\\/\\\/www.escapadarural.com\\\/blog\\\/wp-content\\\/uploads\\\/2024\\\/10\\\/cropped-cropped-escapada-rural-icon-mag-3.png\",\"contentUrl\":\"https:\\\/\\\/www.escapadarural.com\\\/blog\\\/wp-content\\\/uploads\\\/2024\\\/10\\\/cropped-cropped-escapada-rural-icon-mag-3.png\",\"width\":512,\"height\":512,\"caption\":\"EscapadaRural\"},\"image\":{\"@id\":\"https:\\\/\\\/www.escapadarural.com\\\/blog\\\/#\\\/schema\\\/logo\\\/image\\\/\"},\"sameAs\":[\"https:\\\/\\\/www.facebook.com\\\/escapadarural\",\"https:\\\/\\\/www.instagram.com\\\/escapadarural\\\/\",\"https:\\\/\\\/www.youtube.com\\\/@escapadaruralcom\"]},{\"@type\":\"Person\",\"@id\":\"https:\\\/\\\/www.escapadarural.com\\\/blog\\\/#\\\/schema\\\/person\\\/3a79b504f208fd6cf3bb52c608e311f0\",\"name\":\"Miryam Tejada\",\"image\":{\"@type\":\"ImageObject\",\"inLanguage\":\"es\",\"@id\":\"https:\\\/\\\/www.escapadarural.com\\\/blog\\\/wp-content\\\/uploads\\\/2024\\\/12\\\/cropped-PXL_20240524_141044774.PORTRAIT.ORIGINAL-1-scaled-2-96x96.jpg\",\"url\":\"https:\\\/\\\/www.escapadarural.com\\\/blog\\\/wp-content\\\/uploads\\\/2024\\\/12\\\/cropped-PXL_20240524_141044774.PORTRAIT.ORIGINAL-1-scaled-2-96x96.jpg\",\"contentUrl\":\"https:\\\/\\\/www.escapadarural.com\\\/blog\\\/wp-content\\\/uploads\\\/2024\\\/12\\\/cropped-PXL_20240524_141044774.PORTRAIT.ORIGINAL-1-scaled-2-96x96.jpg\",\"caption\":\"Miryam Tejada\"},\"description\":\"Mi t\u00edtulo universitario dice que soy licenciada en periodismo, pero realmente soy una todoterreno a la que le pill\u00f3 la transici\u00f3n del mundo anal\u00f3gico al digital de pleno. Es decir, soy millennial, y eso lo que conlleva, seg\u00fan las habladur\u00edas, es que me dejo llevar y priorizo mi bienestar. O lo que es lo mismo, soy una apasionada de los viajes y las experiencias, del simple hecho de tomar unas cervezas entre amigas, organizar una buena comilona en la sociedad con sobremesa larga incluida o pasar las tardes en el parque con mis gemelos.\",\"url\":\"https:\\\/\\\/www.escapadarural.com\\\/blog\\\/autor\\\/miryam\\\/\"}]}<\/script>\n<!-- \/ Yoast SEO plugin. -->","yoast_head_json":{"title":"Los sabores de la Subb\u00e9tica Cordobesa - EscapadaRural","robots":{"index":"index","follow":"follow","max-snippet":"max-snippet:-1","max-image-preview":"max-image-preview:large","max-video-preview":"max-video-preview:-1"},"canonical":"https:\/\/www.escapadarural.com\/blog\/los-sabores-de-la-subbetica-cordobesa\/","og_locale":"es_ES","og_type":"article","og_title":"Los sabores de la Subb\u00e9tica Cordobesa - EscapadaRural","og_description":"La gastronom\u00eda cordobesa es el maridaje perfecto para un viaje por la Subb\u00e9tica. No es lo mismo visitar Zuheros o Izn\u00e1jar con el est\u00f3mago vac\u00edo que hacerlo tras haber degustado un remoj\u00f3n cordob\u00e9s o un flamenqu\u00edn de jam\u00f3n serrano, por ejemplo.","og_url":"https:\/\/www.escapadarural.com\/blog\/los-sabores-de-la-subbetica-cordobesa\/","og_site_name":"Magazine de viajes de EscapadaRural","article_publisher":"https:\/\/www.facebook.com\/escapadarural","article_published_time":"2017-10-30T10:36:20+00:00","article_modified_time":"2025-06-18T14:27:22+00:00","og_image":[{"width":1024,"height":683,"url":"https:\/\/app.escapadarural.com\/blog\/wp-content\/uploads\/2024\/10\/typical-spanish-salmorejo-cream-with-ham-and-egg-on-wooden-table-copyspace-stockpack-adobe-stock-1024x683-1.jpg","type":"image\/jpeg"}],"author":"Miryam Tejada","twitter_card":"summary_large_image","twitter_misc":{"Escrito por":"Miryam Tejada","Tiempo de lectura":"8 minutos"},"schema":{"@context":"https:\/\/schema.org","@graph":[{"@type":"Article","@id":"https:\/\/www.escapadarural.com\/blog\/los-sabores-de-la-subbetica-cordobesa\/#article","isPartOf":{"@id":"https:\/\/www.escapadarural.com\/blog\/los-sabores-de-la-subbetica-cordobesa\/"},"author":{"name":"Miryam Tejada","@id":"https:\/\/www.escapadarural.com\/blog\/#\/schema\/person\/3a79b504f208fd6cf3bb52c608e311f0"},"headline":"Los sabores de la Subb\u00e9tica Cordobesa","datePublished":"2017-10-30T10:36:20+00:00","dateModified":"2025-06-18T14:27:22+00:00","mainEntityOfPage":{"@id":"https:\/\/www.escapadarural.com\/blog\/los-sabores-de-la-subbetica-cordobesa\/"},"wordCount":1161,"commentCount":0,"publisher":{"@id":"https:\/\/www.escapadarural.com\/blog\/#organization"},"image":{"@id":"https:\/\/www.escapadarural.com\/blog\/los-sabores-de-la-subbetica-cordobesa\/#primaryimage"},"thumbnailUrl":"https:\/\/www.escapadarural.com\/blog\/wp-content\/uploads\/2024\/10\/typical-spanish-salmorejo-cream-with-ham-and-egg-on-wooden-table-copyspace-stockpack-adobe-stock-1024x683-1.jpg","keywords":["Andaluc\u00eda","C\u00f3rdoba","Gastronom\u00eda","Izn\u00e1jar","Listado","Lucena","Priego de C\u00f3rdoba","Rute","T\u00edpico","Zuheros"],"articleSection":["Arte y Cultura"],"inLanguage":"es","potentialAction":[{"@type":"CommentAction","name":"Comment","target":["https:\/\/www.escapadarural.com\/blog\/los-sabores-de-la-subbetica-cordobesa\/#respond"]}]},{"@type":"WebPage","@id":"https:\/\/www.escapadarural.com\/blog\/los-sabores-de-la-subbetica-cordobesa\/","url":"https:\/\/www.escapadarural.com\/blog\/los-sabores-de-la-subbetica-cordobesa\/","name":"Los sabores de la Subb\u00e9tica Cordobesa - EscapadaRural","isPartOf":{"@id":"https:\/\/www.escapadarural.com\/blog\/#website"},"primaryImageOfPage":{"@id":"https:\/\/www.escapadarural.com\/blog\/los-sabores-de-la-subbetica-cordobesa\/#primaryimage"},"image":{"@id":"https:\/\/www.escapadarural.com\/blog\/los-sabores-de-la-subbetica-cordobesa\/#primaryimage"},"thumbnailUrl":"https:\/\/www.escapadarural.com\/blog\/wp-content\/uploads\/2024\/10\/typical-spanish-salmorejo-cream-with-ham-and-egg-on-wooden-table-copyspace-stockpack-adobe-stock-1024x683-1.jpg","datePublished":"2017-10-30T10:36:20+00:00","dateModified":"2025-06-18T14:27:22+00:00","breadcrumb":{"@id":"https:\/\/www.escapadarural.com\/blog\/los-sabores-de-la-subbetica-cordobesa\/#breadcrumb"},"inLanguage":"es","potentialAction":[{"@type":"ReadAction","target":["https:\/\/www.escapadarural.com\/blog\/los-sabores-de-la-subbetica-cordobesa\/"]}]},{"@type":"ImageObject","inLanguage":"es","@id":"https:\/\/www.escapadarural.com\/blog\/los-sabores-de-la-subbetica-cordobesa\/#primaryimage","url":"https:\/\/www.escapadarural.com\/blog\/wp-content\/uploads\/2024\/10\/typical-spanish-salmorejo-cream-with-ham-and-egg-on-wooden-table-copyspace-stockpack-adobe-stock-1024x683-1.jpg","contentUrl":"https:\/\/www.escapadarural.com\/blog\/wp-content\/uploads\/2024\/10\/typical-spanish-salmorejo-cream-with-ham-and-egg-on-wooden-table-copyspace-stockpack-adobe-stock-1024x683-1.jpg","width":1024,"height":683,"caption":"salmorejo"},{"@type":"BreadcrumbList","@id":"https:\/\/www.escapadarural.com\/blog\/los-sabores-de-la-subbetica-cordobesa\/#breadcrumb","itemListElement":[{"@type":"ListItem","position":1,"name":"Inicio","item":"https:\/\/www.escapadarural.com\/blog\/"},{"@type":"ListItem","position":2,"name":"Arte y Cultura","item":"https:\/\/www.escapadarural.com\/blog\/categoria\/arte-y-cultura\/"},{"@type":"ListItem","position":3,"name":"Los sabores de la Subb\u00e9tica Cordobesa"}]},{"@type":"WebSite","@id":"https:\/\/www.escapadarural.com\/blog\/#website","url":"https:\/\/www.escapadarural.com\/blog\/","name":"Blog de viajes | turismo rural, alojamientos e inspiraci\u00f3n","description":"Alojamientos rurales e inspiraci\u00f3n para tus escapadas","publisher":{"@id":"https:\/\/www.escapadarural.com\/blog\/#organization"},"alternateName":"Magazine de viajes de EscapadaRural","potentialAction":[{"@type":"SearchAction","target":{"@type":"EntryPoint","urlTemplate":"https:\/\/www.escapadarural.com\/blog\/?s={search_term_string}"},"query-input":{"@type":"PropertyValueSpecification","valueRequired":true,"valueName":"search_term_string"}}],"inLanguage":"es"},{"@type":"Organization","@id":"https:\/\/www.escapadarural.com\/blog\/#organization","name":"EscapadaRural","url":"https:\/\/www.escapadarural.com\/blog\/","logo":{"@type":"ImageObject","inLanguage":"es","@id":"https:\/\/www.escapadarural.com\/blog\/#\/schema\/logo\/image\/","url":"https:\/\/www.escapadarural.com\/blog\/wp-content\/uploads\/2024\/10\/cropped-cropped-escapada-rural-icon-mag-3.png","contentUrl":"https:\/\/www.escapadarural.com\/blog\/wp-content\/uploads\/2024\/10\/cropped-cropped-escapada-rural-icon-mag-3.png","width":512,"height":512,"caption":"EscapadaRural"},"image":{"@id":"https:\/\/www.escapadarural.com\/blog\/#\/schema\/logo\/image\/"},"sameAs":["https:\/\/www.facebook.com\/escapadarural","https:\/\/www.instagram.com\/escapadarural\/","https:\/\/www.youtube.com\/@escapadaruralcom"]},{"@type":"Person","@id":"https:\/\/www.escapadarural.com\/blog\/#\/schema\/person\/3a79b504f208fd6cf3bb52c608e311f0","name":"Miryam Tejada","image":{"@type":"ImageObject","inLanguage":"es","@id":"https:\/\/www.escapadarural.com\/blog\/wp-content\/uploads\/2024\/12\/cropped-PXL_20240524_141044774.PORTRAIT.ORIGINAL-1-scaled-2-96x96.jpg","url":"https:\/\/www.escapadarural.com\/blog\/wp-content\/uploads\/2024\/12\/cropped-PXL_20240524_141044774.PORTRAIT.ORIGINAL-1-scaled-2-96x96.jpg","contentUrl":"https:\/\/www.escapadarural.com\/blog\/wp-content\/uploads\/2024\/12\/cropped-PXL_20240524_141044774.PORTRAIT.ORIGINAL-1-scaled-2-96x96.jpg","caption":"Miryam Tejada"},"description":"Mi t\u00edtulo universitario dice que soy licenciada en periodismo, pero realmente soy una todoterreno a la que le pill\u00f3 la transici\u00f3n del mundo anal\u00f3gico al digital de pleno. Es decir, soy millennial, y eso lo que conlleva, seg\u00fan las habladur\u00edas, es que me dejo llevar y priorizo mi bienestar. O lo que es lo mismo, soy una apasionada de los viajes y las experiencias, del simple hecho de tomar unas cervezas entre amigas, organizar una buena comilona en la sociedad con sobremesa larga incluida o pasar las tardes en el parque con mis gemelos.","url":"https:\/\/www.escapadarural.com\/blog\/autor\/miryam\/"}]}},"_links":{"self":[{"href":"https:\/\/www.escapadarural.com\/blog\/wp-json\/wp\/v2\/posts\/9106","targetHints":{"allow":["GET"]}}],"collection":[{"href":"https:\/\/www.escapadarural.com\/blog\/wp-json\/wp\/v2\/posts"}],"about":[{"href":"https:\/\/www.escapadarural.com\/blog\/wp-json\/wp\/v2\/types\/post"}],"author":[{"embeddable":true,"href":"https:\/\/www.escapadarural.com\/blog\/wp-json\/wp\/v2\/users\/98"}],"replies":[{"embeddable":true,"href":"https:\/\/www.escapadarural.com\/blog\/wp-json\/wp\/v2\/comments?post=9106"}],"version-history":[{"count":0,"href":"https:\/\/www.escapadarural.com\/blog\/wp-json\/wp\/v2\/posts\/9106\/revisions"}],"wp:featuredmedia":[{"embeddable":true,"href":"https:\/\/www.escapadarural.com\/blog\/wp-json\/wp\/v2\/media\/96750"}],"wp:attachment":[{"href":"https:\/\/www.escapadarural.com\/blog\/wp-json\/wp\/v2\/media?parent=9106"}],"wp:term":[{"taxonomy":"category","embeddable":true,"href":"https:\/\/www.escapadarural.com\/blog\/wp-json\/wp\/v2\/categories?post=9106"},{"taxonomy":"post_tag","embeddable":true,"href":"https:\/\/www.escapadarural.com\/blog\/wp-json\/wp\/v2\/tags?post=9106"}],"curies":[{"name":"wp","href":"https:\/\/api.w.org\/{rel}","templated":true}]}}