{"id":9167,"date":"2017-11-09T11:32:57","date_gmt":"2017-11-09T10:32:57","guid":{"rendered":"http:\/\/15.188.81.248\/2017\/11\/09\/la-cocina-medieval-llega-a-las-mesas-de-laguardia\/"},"modified":"2025-04-15T11:36:40","modified_gmt":"2025-04-15T09:36:40","slug":"la-cocina-medieval-llega-a-las-mesas-de-laguardia","status":"publish","type":"post","link":"https:\/\/www.escapadarural.com\/blog\/la-cocina-medieval-llega-a-las-mesas-de-laguardia\/","title":{"rendered":"La cocina medieval llega a las mesas de Laguardia"},"content":{"rendered":"\n<figure class=\"wp-block-image size-large\"><a href=\"https:\/\/www.escapadarural.com\/blog\/wp-content\/uploads\/2017\/11\/CASCO-HISTORICO-CON-EL-NORTE.-FOTO-DE-JOSE-MIGUEL-RODRIGUEZ-1.jpg\"><img decoding=\"async\" src=\"https:\/\/www.escapadarural.com\/blog\/wp-content\/uploads\/2017\/11\/CASCO-HISTORICO-CON-EL-NORTE.-FOTO-DE-JOSE-MIGUEL-RODRIGUEZ-1-1024x684.jpg\" alt=\"Laguardia\" class=\"wp-image-27915\"\/><\/a><figcaption class=\"wp-element-caption\">Fuente: Jos\u00e9 Miguel Rodr\u00edguez<\/figcaption><\/figure>\n\n\n\n<p><strong>Gastronom\u00eda medieval<\/strong> para una villa que est\u00e9ticamente parece haberse quedado congelada en la \u00e9poca en la que las murallas serv\u00edan de defensa, sus pedregosas calles eran recorridas por carruajes de caballos y los juglares pon\u00edan la nota musical a los d\u00edas festivos. <a href=\"https:\/\/www.escapadarural.com\/casas-rurales\/laguardia\" target=\"_blank\" rel=\"noopener noreferrer\">Laguardia<\/a>, capital de la <a href=\"https:\/\/www.escapadarural.com\/casas-rurales\/ruta-del-vino-de-rioja-alavesa\" target=\"_blank\" rel=\"noopener noreferrer\">Rioja Alavesa<\/a>, aprovechar\u00e1 que la cocina es una de sus mayores virtudes para evocar la Edad Media.<\/p>\n\n\n\n<p>La cocina medieval se enmarca dentro del <strong>X Certamen de Pinchos y Tapas Medievales<\/strong>, organizado por la Red de Ciudades y Villas Medievales, que se celebrar\u00e1 en Laguardia el \u00faltimo fin de semana de noviembre (del 24 al 26 de noviembre).<\/p>\n\n\n\n<!--more-->\n\n\n\n<p>El festival gastron\u00f3mico estar\u00e1 compuesto de siete pinchos y tapas realizados por siete chefs diferentes de las localidades que forman parte de la red y que fueron seleccionados previamente por la organizaci\u00f3n debido a la calidad y originalidad de sus trabajos. El principal requisito de los platos es que todos ellos deben estar elaborados con ingredientes precolombinos, que ya exist\u00edan en la Edad Media.<\/p>\n\n\n\n<h2 class=\"wp-block-heading title-rute\">Ruta del pincho medieval<\/h2>\n\n\n\n<figure class=\"wp-block-image size-large\"><a href=\"https:\/\/www.escapadarural.com\/blog\/wp-content\/uploads\/2017\/11\/Siguenza-1-scaled.jpg\"><img decoding=\"async\" src=\"https:\/\/www.escapadarural.com\/blog\/wp-content\/uploads\/2017\/11\/Siguenza-1-1024x681.jpg\" alt=\"Sig\u00fcenza\" class=\"wp-image-27914\"\/><\/a><figcaption class=\"wp-element-caption\">Pincho presentado por Sig\u00fcenza<\/figcaption><\/figure>\n\n\n\n<p>Para poder degustar todas las creaciones, la organizaci\u00f3n ha creado una <strong>Ruta del pincho medieval<\/strong>. El plato presentado por Laguardia es <em>Financier de ahumado y foie<\/em>, elaborado por el chef Juan Antonio G\u00f3mez y que se podr\u00e1 degustar en la Villa Luc\u00eda Espacio Enogastron\u00f3mico.<\/p>\n\n\n\n<p>Entre los pueblos medievales presentes estar\u00e1 <a href=\"https:\/\/www.escapadarural.com\/casas-rurales\/sigueenza\" target=\"_blank\" rel=\"noopener noreferrer\">Sig\u00fcenza<\/a>, seleccionada por <strong>Escapada Rural<\/strong> como la Capital del Turismo Rural 2017, con <em>Corte de Carrillera ib\u00e9rica con boletus y foie<\/em>, un guiso elaborado por los cocineros del restaurante Atrio que estar\u00e1 disponible en el bar El jubilado.<\/p>\n\n\n\n<p>Tambi\u00e9n se podr\u00e1n degustar las delicias elaboradas por chefs de <a href=\"https:\/\/www.escapadarural.com\/casas-rurales\/hondarribia\" target=\"_blank\" rel=\"noopener noreferrer\">Hondarribia<\/a>, que se presenta con <em>Hegaluze<\/em>; <a href=\"https:\/\/www.escapadarural.com\/casas-rurales\/estella-lizarra\" target=\"_blank\" rel=\"noopener noreferrer\">Estella-Lizarra<\/a>, con <em>Es tiempo de barbacoas<\/em>; <a href=\"https:\/\/www.escapadarural.com\/casas-rurales\/consuegra\" target=\"_blank\" rel=\"noopener noreferrer\">Consuegra<\/a>, con <em>Consuegra Little<\/em>; <a href=\"https:\/\/www.escapadarural.com\/casas-rurales\/olivenza\" target=\"_blank\" rel=\"noopener noreferrer\">Olivenza<\/a>, con <em>Rollito de Solomillo de cerdo con pur\u00e9 de boletus y harina de garbanzos<\/em>; y <a href=\"https:\/\/www.escapadarural.com\/casas-rurales\/almazan\" target=\"_blank\" rel=\"noopener noreferrer\">Almaz\u00e1n<\/a>, con <em>Capas medievales<\/em>.<\/p>\n\n\n\n<p>El precio de cada tapa ser\u00e1 de <strong>2,50\u20ac e incluye una copa de vino o zurito<\/strong> cosechado en las bodegas que han convertido a Laguardia en un <strong>destino de enoturismo<\/strong> de renombre.<\/p>\n\n\n\n<h2 class=\"wp-block-heading title-rute\">Laguardia, uno de los pueblos m\u00e1s bonitos de Espa\u00f1a<\/h2>\n\n\n\n<figure class=\"wp-block-image size-large\"><a href=\"https:\/\/www.escapadarural.com\/blog\/wp-content\/uploads\/2017\/11\/PASEO-DEL-COLLADO.-FOTO-JOSEMI-RODRIGUEZ-1.jpg\"><img decoding=\"async\" src=\"https:\/\/www.escapadarural.com\/blog\/wp-content\/uploads\/2017\/11\/PASEO-DEL-COLLADO.-FOTO-JOSEMI-RODRIGUEZ-1-1024x597.jpg\" alt=\"Laguardia\" class=\"wp-image-27913\"\/><\/a><figcaption class=\"wp-element-caption\">Paseo del Collado, Laguardia. Fuente: Jos\u00e9 Miguel Rodr\u00edguez<\/figcaption><\/figure>\n\n\n\n<p>Adem\u00e1s de pertenecer a la <strong>Red de Ciudades y Villas medievales<\/strong>, Laguardia tambi\u00e9n est\u00e1 incluida en los <a href=\"https:\/\/www.lospueblosmasbonitosdeespana.org\/\" target=\"_blank\" rel=\"noopener noreferrer\">Pueblos m\u00e1s bonitos de Espa\u00f1a<\/a>, una asociaci\u00f3n que tiene como objetivo promocionar las villas preferentemente rurales y que poseen un <strong>rico patrimonio cultural<\/strong>.<\/p>\n\n\n\n<p>Entre sus edificios emblem\u00e1ticos destaca la casa de la Primicia, el edificio civil m\u00e1s antiguo donde originariamente se cobraban los diezmos y primicias; la iglesia de Santa Mar\u00eda de los Reyes, en cuyos exteriores hay un homenaje al viajero y en sus interiores cuenta con un p\u00f3rtico del siglo XIV; y el Ayuntamiento, donde se conserva un reloj de carrill\u00f3n del que, a determinadas horas, salen varios bailarines a interpretar la danza t\u00edpica de las fiestas de Laguardia.<\/p>\n","protected":false},"excerpt":{"rendered":"<p>A finales de noviembre se celebrar\u00e1 en Laguardia el X Certamen de Pinchos y Tapas Medievales, organizado por la Red de Ciudades y Villas Medievales<\/p>\n","protected":false},"author":89,"featured_media":105034,"comment_status":"open","ping_status":"closed","sticky":false,"template":"","format":"standard","meta":{"_acf_changed":false,"om_disable_all_campaigns":false,"footnotes":""},"categories":[231],"tags":[260,1014,508,419,2049],"class_list":["post-9167","post","type-post","status-publish","format-standard","has-post-thumbnail","hentry","category-arte-y-cultura","tag-articulo","tag-eventos","tag-gastronomia","tag-medieval","tag-rioja-alavesa"],"acf":[],"featured_image_src":"https:\/\/www.escapadarural.com\/blog\/wp-content\/uploads\/2024\/10\/CASCO-HISTORICO-CON-EL-NORTE.-FOTO-DE-JOSE-MIGUEL-RODRIGUEZ-1-1024x684-3.jpg","author_info":{"display_name":"Laura Fern\u00e1ndez","author_link":"https:\/\/www.escapadarural.com\/blog\/autor\/laura\/"},"yoast_head":"<!-- This site is optimized with the Yoast SEO plugin v27.5 - https:\/\/yoast.com\/product\/yoast-seo-wordpress\/ -->\n<title>La cocina medieval llega a las mesas de Laguardia - EscapadaRural<\/title>\n<meta name=\"robots\" content=\"index, follow, max-snippet:-1, max-image-preview:large, max-video-preview:-1\" \/>\n<link rel=\"canonical\" href=\"https:\/\/www.escapadarural.com\/blog\/la-cocina-medieval-llega-a-las-mesas-de-laguardia\/\" \/>\n<meta property=\"og:locale\" content=\"es_ES\" \/>\n<meta property=\"og:type\" content=\"article\" \/>\n<meta property=\"og:title\" content=\"La cocina medieval llega a las mesas de Laguardia - EscapadaRural\" \/>\n<meta property=\"og:description\" content=\"A finales de noviembre se celebrar\u00e1 en Laguardia el X Certamen de Pinchos y Tapas Medievales, organizado por la Red de Ciudades y Villas Medievales\" \/>\n<meta property=\"og:url\" content=\"https:\/\/www.escapadarural.com\/blog\/la-cocina-medieval-llega-a-las-mesas-de-laguardia\/\" \/>\n<meta property=\"og:site_name\" content=\"Magazine de viajes de EscapadaRural\" \/>\n<meta property=\"article:publisher\" content=\"https:\/\/www.facebook.com\/escapadarural\" \/>\n<meta property=\"article:published_time\" content=\"2017-11-09T10:32:57+00:00\" \/>\n<meta property=\"article:modified_time\" content=\"2025-04-15T09:36:40+00:00\" \/>\n<meta property=\"og:image\" content=\"https:\/\/www.escapadarural.com\/blog\/wp-content\/uploads\/2024\/10\/CASCO-HISTORICO-CON-EL-NORTE.-FOTO-DE-JOSE-MIGUEL-RODRIGUEZ-1-1024x684-3.jpg\" \/>\n\t<meta property=\"og:image:width\" content=\"1024\" \/>\n\t<meta property=\"og:image:height\" content=\"684\" \/>\n\t<meta property=\"og:image:type\" content=\"image\/jpeg\" \/>\n<meta name=\"author\" content=\"Laura Fern\u00e1ndez\" \/>\n<meta name=\"twitter:card\" content=\"summary_large_image\" \/>\n<meta name=\"twitter:label1\" content=\"Escrito por\" \/>\n\t<meta name=\"twitter:data1\" content=\"Laura Fern\u00e1ndez\" \/>\n\t<meta name=\"twitter:label2\" content=\"Tiempo de lectura\" \/>\n\t<meta name=\"twitter:data2\" content=\"3 minutos\" \/>\n<script type=\"application\/ld+json\" class=\"yoast-schema-graph\">{\"@context\":\"https:\\\/\\\/schema.org\",\"@graph\":[{\"@type\":\"Article\",\"@id\":\"https:\\\/\\\/www.escapadarural.com\\\/blog\\\/la-cocina-medieval-llega-a-las-mesas-de-laguardia\\\/#article\",\"isPartOf\":{\"@id\":\"https:\\\/\\\/www.escapadarural.com\\\/blog\\\/la-cocina-medieval-llega-a-las-mesas-de-laguardia\\\/\"},\"author\":{\"name\":\"Laura Fern\u00e1ndez\",\"@id\":\"https:\\\/\\\/www.escapadarural.com\\\/blog\\\/#\\\/schema\\\/person\\\/a9b46ae4d047d8a2c719f31e75206cff\"},\"headline\":\"La cocina medieval llega a las mesas de Laguardia\",\"datePublished\":\"2017-11-09T10:32:57+00:00\",\"dateModified\":\"2025-04-15T09:36:40+00:00\",\"mainEntityOfPage\":{\"@id\":\"https:\\\/\\\/www.escapadarural.com\\\/blog\\\/la-cocina-medieval-llega-a-las-mesas-de-laguardia\\\/\"},\"wordCount\":519,\"commentCount\":0,\"publisher\":{\"@id\":\"https:\\\/\\\/www.escapadarural.com\\\/blog\\\/#organization\"},\"image\":{\"@id\":\"https:\\\/\\\/www.escapadarural.com\\\/blog\\\/la-cocina-medieval-llega-a-las-mesas-de-laguardia\\\/#primaryimage\"},\"thumbnailUrl\":\"https:\\\/\\\/www.escapadarural.com\\\/blog\\\/wp-content\\\/uploads\\\/2024\\\/10\\\/CASCO-HISTORICO-CON-EL-NORTE.-FOTO-DE-JOSE-MIGUEL-RODRIGUEZ-1-1024x684-3.jpg\",\"keywords\":[\"art\u00edculo\",\"Eventos\",\"Gastronom\u00eda\",\"Medieval\",\"rioja alavesa\"],\"articleSection\":[\"Arte y Cultura\"],\"inLanguage\":\"es\",\"potentialAction\":[{\"@type\":\"CommentAction\",\"name\":\"Comment\",\"target\":[\"https:\\\/\\\/www.escapadarural.com\\\/blog\\\/la-cocina-medieval-llega-a-las-mesas-de-laguardia\\\/#respond\"]}]},{\"@type\":\"WebPage\",\"@id\":\"https:\\\/\\\/www.escapadarural.com\\\/blog\\\/la-cocina-medieval-llega-a-las-mesas-de-laguardia\\\/\",\"url\":\"https:\\\/\\\/www.escapadarural.com\\\/blog\\\/la-cocina-medieval-llega-a-las-mesas-de-laguardia\\\/\",\"name\":\"La cocina medieval llega a las mesas de Laguardia - EscapadaRural\",\"isPartOf\":{\"@id\":\"https:\\\/\\\/www.escapadarural.com\\\/blog\\\/#website\"},\"primaryImageOfPage\":{\"@id\":\"https:\\\/\\\/www.escapadarural.com\\\/blog\\\/la-cocina-medieval-llega-a-las-mesas-de-laguardia\\\/#primaryimage\"},\"image\":{\"@id\":\"https:\\\/\\\/www.escapadarural.com\\\/blog\\\/la-cocina-medieval-llega-a-las-mesas-de-laguardia\\\/#primaryimage\"},\"thumbnailUrl\":\"https:\\\/\\\/www.escapadarural.com\\\/blog\\\/wp-content\\\/uploads\\\/2024\\\/10\\\/CASCO-HISTORICO-CON-EL-NORTE.-FOTO-DE-JOSE-MIGUEL-RODRIGUEZ-1-1024x684-3.jpg\",\"datePublished\":\"2017-11-09T10:32:57+00:00\",\"dateModified\":\"2025-04-15T09:36:40+00:00\",\"breadcrumb\":{\"@id\":\"https:\\\/\\\/www.escapadarural.com\\\/blog\\\/la-cocina-medieval-llega-a-las-mesas-de-laguardia\\\/#breadcrumb\"},\"inLanguage\":\"es\",\"potentialAction\":[{\"@type\":\"ReadAction\",\"target\":[\"https:\\\/\\\/www.escapadarural.com\\\/blog\\\/la-cocina-medieval-llega-a-las-mesas-de-laguardia\\\/\"]}]},{\"@type\":\"ImageObject\",\"inLanguage\":\"es\",\"@id\":\"https:\\\/\\\/www.escapadarural.com\\\/blog\\\/la-cocina-medieval-llega-a-las-mesas-de-laguardia\\\/#primaryimage\",\"url\":\"https:\\\/\\\/www.escapadarural.com\\\/blog\\\/wp-content\\\/uploads\\\/2024\\\/10\\\/CASCO-HISTORICO-CON-EL-NORTE.-FOTO-DE-JOSE-MIGUEL-RODRIGUEZ-1-1024x684-3.jpg\",\"contentUrl\":\"https:\\\/\\\/www.escapadarural.com\\\/blog\\\/wp-content\\\/uploads\\\/2024\\\/10\\\/CASCO-HISTORICO-CON-EL-NORTE.-FOTO-DE-JOSE-MIGUEL-RODRIGUEZ-1-1024x684-3.jpg\",\"width\":1024,\"height\":684,\"caption\":\"Un frondoso vi\u00f1edo verde se extiende hacia un pueblo situado en lo alto de una colina, con densas y espectaculares nubes ondeando sobre las colinas del fondo, bajo un cielo azul.\"},{\"@type\":\"BreadcrumbList\",\"@id\":\"https:\\\/\\\/www.escapadarural.com\\\/blog\\\/la-cocina-medieval-llega-a-las-mesas-de-laguardia\\\/#breadcrumb\",\"itemListElement\":[{\"@type\":\"ListItem\",\"position\":1,\"name\":\"Inicio\",\"item\":\"https:\\\/\\\/www.escapadarural.com\\\/blog\\\/\"},{\"@type\":\"ListItem\",\"position\":2,\"name\":\"Arte y Cultura\",\"item\":\"https:\\\/\\\/www.escapadarural.com\\\/blog\\\/categoria\\\/arte-y-cultura\\\/\"},{\"@type\":\"ListItem\",\"position\":3,\"name\":\"La cocina medieval llega a las mesas de Laguardia\"}]},{\"@type\":\"WebSite\",\"@id\":\"https:\\\/\\\/www.escapadarural.com\\\/blog\\\/#website\",\"url\":\"https:\\\/\\\/www.escapadarural.com\\\/blog\\\/\",\"name\":\"Blog de viajes | turismo rural, alojamientos e inspiraci\u00f3n\",\"description\":\"Alojamientos rurales e inspiraci\u00f3n para tus escapadas\",\"publisher\":{\"@id\":\"https:\\\/\\\/www.escapadarural.com\\\/blog\\\/#organization\"},\"alternateName\":\"Magazine de viajes de EscapadaRural\",\"potentialAction\":[{\"@type\":\"SearchAction\",\"target\":{\"@type\":\"EntryPoint\",\"urlTemplate\":\"https:\\\/\\\/www.escapadarural.com\\\/blog\\\/?s={search_term_string}\"},\"query-input\":{\"@type\":\"PropertyValueSpecification\",\"valueRequired\":true,\"valueName\":\"search_term_string\"}}],\"inLanguage\":\"es\"},{\"@type\":\"Organization\",\"@id\":\"https:\\\/\\\/www.escapadarural.com\\\/blog\\\/#organization\",\"name\":\"EscapadaRural\",\"url\":\"https:\\\/\\\/www.escapadarural.com\\\/blog\\\/\",\"logo\":{\"@type\":\"ImageObject\",\"inLanguage\":\"es\",\"@id\":\"https:\\\/\\\/www.escapadarural.com\\\/blog\\\/#\\\/schema\\\/logo\\\/image\\\/\",\"url\":\"https:\\\/\\\/www.escapadarural.com\\\/blog\\\/wp-content\\\/uploads\\\/2024\\\/10\\\/cropped-cropped-escapada-rural-icon-mag-3.png\",\"contentUrl\":\"https:\\\/\\\/www.escapadarural.com\\\/blog\\\/wp-content\\\/uploads\\\/2024\\\/10\\\/cropped-cropped-escapada-rural-icon-mag-3.png\",\"width\":512,\"height\":512,\"caption\":\"EscapadaRural\"},\"image\":{\"@id\":\"https:\\\/\\\/www.escapadarural.com\\\/blog\\\/#\\\/schema\\\/logo\\\/image\\\/\"},\"sameAs\":[\"https:\\\/\\\/www.facebook.com\\\/escapadarural\",\"https:\\\/\\\/www.instagram.com\\\/escapadarural\\\/\",\"https:\\\/\\\/www.youtube.com\\\/@escapadaruralcom\"]},{\"@type\":\"Person\",\"@id\":\"https:\\\/\\\/www.escapadarural.com\\\/blog\\\/#\\\/schema\\\/person\\\/a9b46ae4d047d8a2c719f31e75206cff\",\"name\":\"Laura Fern\u00e1ndez\",\"image\":{\"@type\":\"ImageObject\",\"inLanguage\":\"es\",\"@id\":\"https:\\\/\\\/www.escapadarural.com\\\/blog\\\/wp-content\\\/uploads\\\/2025\\\/01\\\/cropped-laura_raponchii-96x96.jpg\",\"url\":\"https:\\\/\\\/www.escapadarural.com\\\/blog\\\/wp-content\\\/uploads\\\/2025\\\/01\\\/cropped-laura_raponchii-96x96.jpg\",\"contentUrl\":\"https:\\\/\\\/www.escapadarural.com\\\/blog\\\/wp-content\\\/uploads\\\/2025\\\/01\\\/cropped-laura_raponchii-96x96.jpg\",\"caption\":\"Laura Fern\u00e1ndez\"},\"description\":\"Periodista, blogger y viajera. No necesariamente en ese orden. En ocasiones me despierto sin saber d\u00f3nde estoy. Adicta a los c\u00f3mics y a los noodles con salsa de cacahuete. Redactora en @escapadarural, colaboradora en la Conde Nast Traveler y en la Divinity. Mi casa: Meridiano180.\",\"sameAs\":[\"http:\\\/\\\/www.meridiano180.com\\\/\"],\"url\":\"https:\\\/\\\/www.escapadarural.com\\\/blog\\\/autor\\\/laura\\\/\"}]}<\/script>\n<!-- \/ Yoast SEO plugin. -->","yoast_head_json":{"title":"La cocina medieval llega a las mesas de Laguardia - EscapadaRural","robots":{"index":"index","follow":"follow","max-snippet":"max-snippet:-1","max-image-preview":"max-image-preview:large","max-video-preview":"max-video-preview:-1"},"canonical":"https:\/\/www.escapadarural.com\/blog\/la-cocina-medieval-llega-a-las-mesas-de-laguardia\/","og_locale":"es_ES","og_type":"article","og_title":"La cocina medieval llega a las mesas de Laguardia - EscapadaRural","og_description":"A finales de noviembre se celebrar\u00e1 en Laguardia el X Certamen de Pinchos y Tapas Medievales, organizado por la Red de Ciudades y Villas Medievales","og_url":"https:\/\/www.escapadarural.com\/blog\/la-cocina-medieval-llega-a-las-mesas-de-laguardia\/","og_site_name":"Magazine de viajes de EscapadaRural","article_publisher":"https:\/\/www.facebook.com\/escapadarural","article_published_time":"2017-11-09T10:32:57+00:00","article_modified_time":"2025-04-15T09:36:40+00:00","og_image":[{"width":1024,"height":684,"url":"https:\/\/www.escapadarural.com\/blog\/wp-content\/uploads\/2024\/10\/CASCO-HISTORICO-CON-EL-NORTE.-FOTO-DE-JOSE-MIGUEL-RODRIGUEZ-1-1024x684-3.jpg","type":"image\/jpeg"}],"author":"Laura Fern\u00e1ndez","twitter_card":"summary_large_image","twitter_misc":{"Escrito por":"Laura Fern\u00e1ndez","Tiempo de lectura":"3 minutos"},"schema":{"@context":"https:\/\/schema.org","@graph":[{"@type":"Article","@id":"https:\/\/www.escapadarural.com\/blog\/la-cocina-medieval-llega-a-las-mesas-de-laguardia\/#article","isPartOf":{"@id":"https:\/\/www.escapadarural.com\/blog\/la-cocina-medieval-llega-a-las-mesas-de-laguardia\/"},"author":{"name":"Laura Fern\u00e1ndez","@id":"https:\/\/www.escapadarural.com\/blog\/#\/schema\/person\/a9b46ae4d047d8a2c719f31e75206cff"},"headline":"La cocina medieval llega a las mesas de Laguardia","datePublished":"2017-11-09T10:32:57+00:00","dateModified":"2025-04-15T09:36:40+00:00","mainEntityOfPage":{"@id":"https:\/\/www.escapadarural.com\/blog\/la-cocina-medieval-llega-a-las-mesas-de-laguardia\/"},"wordCount":519,"commentCount":0,"publisher":{"@id":"https:\/\/www.escapadarural.com\/blog\/#organization"},"image":{"@id":"https:\/\/www.escapadarural.com\/blog\/la-cocina-medieval-llega-a-las-mesas-de-laguardia\/#primaryimage"},"thumbnailUrl":"https:\/\/www.escapadarural.com\/blog\/wp-content\/uploads\/2024\/10\/CASCO-HISTORICO-CON-EL-NORTE.-FOTO-DE-JOSE-MIGUEL-RODRIGUEZ-1-1024x684-3.jpg","keywords":["art\u00edculo","Eventos","Gastronom\u00eda","Medieval","rioja alavesa"],"articleSection":["Arte y Cultura"],"inLanguage":"es","potentialAction":[{"@type":"CommentAction","name":"Comment","target":["https:\/\/www.escapadarural.com\/blog\/la-cocina-medieval-llega-a-las-mesas-de-laguardia\/#respond"]}]},{"@type":"WebPage","@id":"https:\/\/www.escapadarural.com\/blog\/la-cocina-medieval-llega-a-las-mesas-de-laguardia\/","url":"https:\/\/www.escapadarural.com\/blog\/la-cocina-medieval-llega-a-las-mesas-de-laguardia\/","name":"La cocina medieval llega a las mesas de Laguardia - EscapadaRural","isPartOf":{"@id":"https:\/\/www.escapadarural.com\/blog\/#website"},"primaryImageOfPage":{"@id":"https:\/\/www.escapadarural.com\/blog\/la-cocina-medieval-llega-a-las-mesas-de-laguardia\/#primaryimage"},"image":{"@id":"https:\/\/www.escapadarural.com\/blog\/la-cocina-medieval-llega-a-las-mesas-de-laguardia\/#primaryimage"},"thumbnailUrl":"https:\/\/www.escapadarural.com\/blog\/wp-content\/uploads\/2024\/10\/CASCO-HISTORICO-CON-EL-NORTE.-FOTO-DE-JOSE-MIGUEL-RODRIGUEZ-1-1024x684-3.jpg","datePublished":"2017-11-09T10:32:57+00:00","dateModified":"2025-04-15T09:36:40+00:00","breadcrumb":{"@id":"https:\/\/www.escapadarural.com\/blog\/la-cocina-medieval-llega-a-las-mesas-de-laguardia\/#breadcrumb"},"inLanguage":"es","potentialAction":[{"@type":"ReadAction","target":["https:\/\/www.escapadarural.com\/blog\/la-cocina-medieval-llega-a-las-mesas-de-laguardia\/"]}]},{"@type":"ImageObject","inLanguage":"es","@id":"https:\/\/www.escapadarural.com\/blog\/la-cocina-medieval-llega-a-las-mesas-de-laguardia\/#primaryimage","url":"https:\/\/www.escapadarural.com\/blog\/wp-content\/uploads\/2024\/10\/CASCO-HISTORICO-CON-EL-NORTE.-FOTO-DE-JOSE-MIGUEL-RODRIGUEZ-1-1024x684-3.jpg","contentUrl":"https:\/\/www.escapadarural.com\/blog\/wp-content\/uploads\/2024\/10\/CASCO-HISTORICO-CON-EL-NORTE.-FOTO-DE-JOSE-MIGUEL-RODRIGUEZ-1-1024x684-3.jpg","width":1024,"height":684,"caption":"Un frondoso vi\u00f1edo verde se extiende hacia un pueblo situado en lo alto de una colina, con densas y espectaculares nubes ondeando sobre las colinas del fondo, bajo un cielo azul."},{"@type":"BreadcrumbList","@id":"https:\/\/www.escapadarural.com\/blog\/la-cocina-medieval-llega-a-las-mesas-de-laguardia\/#breadcrumb","itemListElement":[{"@type":"ListItem","position":1,"name":"Inicio","item":"https:\/\/www.escapadarural.com\/blog\/"},{"@type":"ListItem","position":2,"name":"Arte y Cultura","item":"https:\/\/www.escapadarural.com\/blog\/categoria\/arte-y-cultura\/"},{"@type":"ListItem","position":3,"name":"La cocina medieval llega a las mesas de Laguardia"}]},{"@type":"WebSite","@id":"https:\/\/www.escapadarural.com\/blog\/#website","url":"https:\/\/www.escapadarural.com\/blog\/","name":"Blog de viajes | turismo rural, alojamientos e inspiraci\u00f3n","description":"Alojamientos rurales e inspiraci\u00f3n para tus escapadas","publisher":{"@id":"https:\/\/www.escapadarural.com\/blog\/#organization"},"alternateName":"Magazine de viajes de EscapadaRural","potentialAction":[{"@type":"SearchAction","target":{"@type":"EntryPoint","urlTemplate":"https:\/\/www.escapadarural.com\/blog\/?s={search_term_string}"},"query-input":{"@type":"PropertyValueSpecification","valueRequired":true,"valueName":"search_term_string"}}],"inLanguage":"es"},{"@type":"Organization","@id":"https:\/\/www.escapadarural.com\/blog\/#organization","name":"EscapadaRural","url":"https:\/\/www.escapadarural.com\/blog\/","logo":{"@type":"ImageObject","inLanguage":"es","@id":"https:\/\/www.escapadarural.com\/blog\/#\/schema\/logo\/image\/","url":"https:\/\/www.escapadarural.com\/blog\/wp-content\/uploads\/2024\/10\/cropped-cropped-escapada-rural-icon-mag-3.png","contentUrl":"https:\/\/www.escapadarural.com\/blog\/wp-content\/uploads\/2024\/10\/cropped-cropped-escapada-rural-icon-mag-3.png","width":512,"height":512,"caption":"EscapadaRural"},"image":{"@id":"https:\/\/www.escapadarural.com\/blog\/#\/schema\/logo\/image\/"},"sameAs":["https:\/\/www.facebook.com\/escapadarural","https:\/\/www.instagram.com\/escapadarural\/","https:\/\/www.youtube.com\/@escapadaruralcom"]},{"@type":"Person","@id":"https:\/\/www.escapadarural.com\/blog\/#\/schema\/person\/a9b46ae4d047d8a2c719f31e75206cff","name":"Laura Fern\u00e1ndez","image":{"@type":"ImageObject","inLanguage":"es","@id":"https:\/\/www.escapadarural.com\/blog\/wp-content\/uploads\/2025\/01\/cropped-laura_raponchii-96x96.jpg","url":"https:\/\/www.escapadarural.com\/blog\/wp-content\/uploads\/2025\/01\/cropped-laura_raponchii-96x96.jpg","contentUrl":"https:\/\/www.escapadarural.com\/blog\/wp-content\/uploads\/2025\/01\/cropped-laura_raponchii-96x96.jpg","caption":"Laura Fern\u00e1ndez"},"description":"Periodista, blogger y viajera. No necesariamente en ese orden. En ocasiones me despierto sin saber d\u00f3nde estoy. Adicta a los c\u00f3mics y a los noodles con salsa de cacahuete. Redactora en @escapadarural, colaboradora en la Conde Nast Traveler y en la Divinity. Mi casa: Meridiano180.","sameAs":["http:\/\/www.meridiano180.com\/"],"url":"https:\/\/www.escapadarural.com\/blog\/autor\/laura\/"}]}},"_links":{"self":[{"href":"https:\/\/www.escapadarural.com\/blog\/wp-json\/wp\/v2\/posts\/9167","targetHints":{"allow":["GET"]}}],"collection":[{"href":"https:\/\/www.escapadarural.com\/blog\/wp-json\/wp\/v2\/posts"}],"about":[{"href":"https:\/\/www.escapadarural.com\/blog\/wp-json\/wp\/v2\/types\/post"}],"author":[{"embeddable":true,"href":"https:\/\/www.escapadarural.com\/blog\/wp-json\/wp\/v2\/users\/89"}],"replies":[{"embeddable":true,"href":"https:\/\/www.escapadarural.com\/blog\/wp-json\/wp\/v2\/comments?post=9167"}],"version-history":[{"count":0,"href":"https:\/\/www.escapadarural.com\/blog\/wp-json\/wp\/v2\/posts\/9167\/revisions"}],"wp:featuredmedia":[{"embeddable":true,"href":"https:\/\/www.escapadarural.com\/blog\/wp-json\/wp\/v2\/media\/105034"}],"wp:attachment":[{"href":"https:\/\/www.escapadarural.com\/blog\/wp-json\/wp\/v2\/media?parent=9167"}],"wp:term":[{"taxonomy":"category","embeddable":true,"href":"https:\/\/www.escapadarural.com\/blog\/wp-json\/wp\/v2\/categories?post=9167"},{"taxonomy":"post_tag","embeddable":true,"href":"https:\/\/www.escapadarural.com\/blog\/wp-json\/wp\/v2\/tags?post=9167"}],"curies":[{"name":"wp","href":"https:\/\/api.w.org\/{rel}","templated":true}]}}