{"id":9196,"date":"2017-11-13T16:20:06","date_gmt":"2017-11-13T15:20:06","guid":{"rendered":"http:\/\/15.188.81.248\/2017\/11\/13\/las-fiestas-de-pueblo-molan-pero-la-nuestra-mas\/"},"modified":"2025-06-30T12:01:05","modified_gmt":"2025-06-30T10:01:05","slug":"las-fiestas-de-pueblo-molan-pero-la-nuestra-mas","status":"publish","type":"post","link":"https:\/\/www.escapadarural.com\/blog\/las-fiestas-de-pueblo-molan-pero-la-nuestra-mas\/","title":{"rendered":"Las fiestas de pueblo molan\u2026 pero la nuestra m\u00e1s"},"content":{"rendered":"\n<figure class=\"wp-block-image size-large\"><a href=\"https:\/\/www.escapadarural.com\/blog\/wp-content\/uploads\/2017\/11\/EscapadaRural_Siguenza_SalvaValverde-182-1.jpg\"><img decoding=\"async\" src=\"https:\/\/www.escapadarural.com\/blog\/wp-content\/uploads\/2017\/11\/EscapadaRural_Siguenza_SalvaValverde-182-1-1024x683.jpg\" alt=\"Celebraci\u00f3n Capital del Turismo Rural 2017\" class=\"wp-image-27911\"\/><\/a><figcaption class=\"wp-element-caption\">Celebraci\u00f3n Capital del Turismo Rural 2017<\/figcaption><\/figure>\n\n\n\n<p>Y no es que lo digamos nosotros, lo dicen las sonrisas de los vecinos de Sig\u00fcenza y el ambiente que se vivi\u00f3 el pasado <strong>30 de septiembre, cuando celebramos la Gran Fiesta del Turismo Rural.<\/strong> Parece que ha pasado mucho tiempo desde ese fin de semana, pero el recuerdo de la celebraci\u00f3n del <strong>10\u00aa aniversario de Escapadarural.com<\/strong> a\u00fan sigue fresco en nuestra memoria.<\/p>\n\n\n\n<p>Pero vayamos paso por paso, pues <strong>la fiesta comenz\u00f3 el viernes y no acab\u00f3 hasta el domingo.<\/strong> Y es que durante el fin de semana del 29 de septiembre al 1 de octubre pasaron muchas, pero que muchas cosas. \u00a1Te las contamos todas, no pierdas detalle!<\/p>\n\n\n\n<figure class=\"wp-block-image size-large\"><a href=\"https:\/\/www.escapadarural.com\/blog\/wp-content\/uploads\/2017\/11\/EscapadaRural_Siguenza_SalvaValverde-150-1.jpg\"><img decoding=\"async\" src=\"https:\/\/www.escapadarural.com\/blog\/wp-content\/uploads\/2017\/11\/EscapadaRural_Siguenza_SalvaValverde-150-1-1024x683.jpg\" alt=\"Celebraci\u00f3n Capital del Turismo Rural 2017\" class=\"wp-image-27910\"\/><\/a><figcaption class=\"wp-element-caption\">Celebraci\u00f3n Capital del Turismo Rural 2017<\/figcaption><\/figure>\n\n\n\n<h2 class=\"wp-block-heading title-rute\" id=\"h-calentando-motores\">Calentando motores<\/h2>\n\n\n\n<p>El 29 ya se respiraba aire de fiesta en la Ciudad del Doncel, y todo eran idas y venidas para engalanar las calles. Tambi\u00e9n hab\u00eda nervios y mucha ilusi\u00f3n en la puesta a punto los <strong>food-trucks,<\/strong> camiones ubicados en la zona m\u00e1s c\u00e9ntrica de Sig\u00fcenza. All\u00ed <strong>los restaurantes ofrec\u00edan un amplio surtido de propuestas gastron\u00f3mica,<\/strong> que iban desde las cervezas artesanas de espelta a los tentempi\u00e9s habituales para reponer fuerzas.<\/p>\n\n\n\n<figure class=\"wp-block-image size-large\"><a href=\"https:\/\/www.escapadarural.com\/blog\/wp-content\/uploads\/2017\/11\/Foto2-1.jpg\"><img decoding=\"async\" src=\"https:\/\/www.escapadarural.com\/blog\/wp-content\/uploads\/2017\/11\/Foto2-1-1024x683.jpg\" alt=\"Celebraci\u00f3n Capital del Turismo Rural 2017\" class=\"wp-image-27909\"\/><\/a><figcaption class=\"wp-element-caption\">Celebraci\u00f3n Capital del Turismo Rural 2017<\/figcaption><\/figure>\n\n\n\n<p>El <strong>equipo de Escapadarural.com<\/strong> lleg\u00f3 con la emoci\u00f3n de la cuenta atr\u00e1s para celebrar un evento muy importante y <strong>prepar\u00f3 el espacio donde al d\u00eda siguiente regalar\u00edamos m\u00e1s de 3.500 pa\u00f1uelos<\/strong> a todos los asistentes. Ni\u00f1os y mayores, incluso alg\u00fan perro, llevaban colgado este pa\u00f1uelo, que se convirti\u00f3 en un distintivo del ambiente festivo. En nuestro stand no d\u00e1bamos abasto y los que se acercaban ten\u00edan ocasi\u00f3n de hacerse una foto como si del mism\u00edsimo Doncel se tratasen. Asimismo, y <strong>para celebrar nuestros 10 a\u00f1os de andadura, en Escapadarural.com quisimos sortear una decena de estancias de turismo rural y, por otro lado, tambi\u00e9n aprovechamos la ocasi\u00f3n para llevar a cabo un gesto solidario,<\/strong> poniendo a la venta unas camisetas dise\u00f1adas especialmente para la ocasi\u00f3n. Los beneficios han ido a parar a la organizaci\u00f3n Fondo para la Infancia, que opera en el mismo Sig\u00fcenza.<\/p>\n\n\n\n<figure class=\"wp-block-image size-large\"><a href=\"https:\/\/www.escapadarural.com\/blog\/wp-content\/uploads\/2017\/11\/EscapadaRural_Siguenza_SalvaValverde-157-1.jpg\"><img decoding=\"async\" src=\"https:\/\/www.escapadarural.com\/blog\/wp-content\/uploads\/2017\/11\/EscapadaRural_Siguenza_SalvaValverde-157-1-1024x674.jpg\" alt=\"Celebraci\u00f3n Capital del Turismo Rural 2017\" class=\"wp-image-27908\"\/><\/a><figcaption class=\"wp-element-caption\">Celebraci\u00f3n Capital del Turismo Rural 2017<\/figcaption><\/figure>\n\n\n\n<figure class=\"wp-block-image size-large\"><a href=\"https:\/\/www.escapadarural.com\/blog\/wp-content\/uploads\/2017\/11\/EscapadaRural_Siguenza_SalvaValverde-133-1.jpg\"><img decoding=\"async\" src=\"https:\/\/www.escapadarural.com\/blog\/wp-content\/uploads\/2017\/11\/EscapadaRural_Siguenza_SalvaValverde-133-1-1024x683.jpg\" alt=\"Celebraci\u00f3n Capital del Turismo Rural 2017\" class=\"wp-image-27907\"\/><\/a><figcaption class=\"wp-element-caption\">Celebraci\u00f3n Capital del Turismo Rural 2017<\/figcaption><\/figure>\n\n\n\n<h2 class=\"wp-block-heading title-rute\" id=\"h-diversion-para-todos-los-publicos\">Diversi\u00f3n para todos los p\u00fablicos<\/h2>\n\n\n\n<p>A la ma\u00f1ana siguiente arrancamos con unos <strong>juegos infantiles<\/strong> en los que participaron m\u00e1s de 400 ni\u00f1os, contando <strong>con la colaboraci\u00f3n del Centro de Informaci\u00f3n Juvenil de Sig\u00fcenza La Salamandra.<\/strong> Gracias a la colaboraci\u00f3n que nos brind\u00f3 Cola-Cao ninguno de ellos se qued\u00f3 sin recompensa, pero como ya todos sabemos: \u00a1lo importante era participar! La idea de estas Olimpiadas Rurales era rescatar las actividades m\u00e1s tradicionales para divertir al p\u00fablico infantil y hacerlos participar en juegos como la rayuela o la petanca. Adem\u00e1s, un photocall protagonizado por un caballero medieval permiti\u00f3 a los m\u00e1s peque\u00f1os emular a los guerreros y guerreras m\u00e1s valientes.<\/p>\n\n\n\n<figure class=\"wp-block-image size-large\"><a href=\"https:\/\/www.escapadarural.com\/blog\/wp-content\/uploads\/2017\/11\/P1240493-1-scaled.jpg\"><img decoding=\"async\" src=\"https:\/\/www.escapadarural.com\/blog\/wp-content\/uploads\/2017\/11\/P1240493-1-1024x576.jpg\" alt=\"Celebraci\u00f3n Capital del Turismo Rural 2017\" class=\"wp-image-27906\"\/><\/a><figcaption class=\"wp-element-caption\">Celebraci\u00f3n Capital del Turismo Rural 2017<\/figcaption><\/figure>\n\n\n\n<p>En paralelo a los juegos infantiles se iban desarrollaron algunos <strong>espect\u00e1culos de corte tradicional,<\/strong> que hicieron las delicias de los visitantes que llegaban en los trenes medievales de Renfe. As\u00ed, Sig\u00fcenza se iba llenando de grupos de visitantes, que segu\u00edan atentos a unos apasionados gu\u00edas para aprender m\u00e1s de la ciudad del doncel y su amplio patrimonio hist\u00f3rico-monumental.<\/p>\n\n\n\n<figure class=\"wp-block-image size-large\"><a href=\"https:\/\/www.escapadarural.com\/blog\/wp-content\/uploads\/2017\/11\/Foto6-1-scaled.jpg\"><img decoding=\"async\" src=\"https:\/\/www.escapadarural.com\/blog\/wp-content\/uploads\/2017\/11\/Foto6-1-1024x576.jpg\" alt=\"Celebraci\u00f3n Capital del Turismo Rural 2017\" class=\"wp-image-27905\"\/><\/a><figcaption class=\"wp-element-caption\">Celebraci\u00f3n Capital del Turismo Rural 2017<\/figcaption><\/figure>\n\n\n\n<p>El <strong>mercado artesanal<\/strong> que albergaba la Plaza Mayor empezaba a atender ya a los curiosos que quer\u00edan oler productosde lavanda, conocer mejor la actividad de la escuela de floklore seguntina o ver c\u00f3mo trabajaban antiguamente los alfareros y carpinteros&#8230;en definitiva, impregnarse del pasado medieval del municipio. El ambiente se iba caldeando y era el momento de sacar a los <strong>gigantes y cabezudos<\/strong> a las calles, que <strong>acompa\u00f1ados por los dulzaineros<\/strong> iban recorriendo las calles principales de Sig\u00fcenza. Con ellos llegamos a la hora del <strong>vermut, que fue amenizado por el DJ Surda<\/strong> y una colecci\u00f3n de temas que hicieron bailar a m\u00e1s de uno, abriendo el apetito para la ya cercana hora de comer.<\/p>\n\n\n\n<figure class=\"wp-block-image size-large\"><a href=\"https:\/\/www.escapadarural.com\/blog\/wp-content\/uploads\/2017\/11\/Foto7-1.jpg\"><img decoding=\"async\" src=\"https:\/\/www.escapadarural.com\/blog\/wp-content\/uploads\/2017\/11\/Foto7-1-1024x685.jpg\" alt=\"Celebraci\u00f3n Capital del Turismo Rural 2017\" class=\"wp-image-27904\"\/><\/a><figcaption class=\"wp-element-caption\">Celebraci\u00f3n Capital del Turismo Rural 2017<\/figcaption><\/figure>\n\n\n\n<h2 class=\"wp-block-heading title-rute\" id=\"h-buen-ambiente-y-mucha-musica\">Buen ambiente y mucha m\u00fasica<\/h2>\n\n\n\n<p>Tras dar un respiro a residentes y for\u00e1neos, la fiesta recuper\u00f3 su esplendor con un <strong>pasacalles circense<\/strong> que hizo las delicias de grandes y peque\u00f1os. Los zancudos, acompa\u00f1ados por una banda de m\u00fasica de payasos, descendieron desde La Plazuela de la C\u00e1rcel hasta la Plaza Mayor, para dar pie al preg\u00f3n. \u00c9ste fue protagonizado por personajes que rend\u00edan homenaje al pasado ilustre de la Ciudad, permiti\u00e9ndonos aprender y disfrutar del espect\u00e1culo a partes iguales. Tras su intervenci\u00f3n, <strong>el monologuista de Paramount Central, Juanjo Albi\u00f1ana,<\/strong> hizo gala del mejor humor para acercarnos a uno de los momentos m\u00e1s emotivos de la jornada.<\/p>\n\n\n\n<figure class=\"wp-block-image size-large\"><a href=\"https:\/\/www.escapadarural.com\/blog\/wp-content\/uploads\/2017\/11\/EscapadaRural_Siguenza_SalvaValverde-154-1.jpg\"><img decoding=\"async\" src=\"https:\/\/www.escapadarural.com\/blog\/wp-content\/uploads\/2017\/11\/EscapadaRural_Siguenza_SalvaValverde-154-1-1024x683.jpg\" alt=\"Celebraci\u00f3n Capital del Turismo Rural 2017\" class=\"wp-image-27902\"\/><\/a><figcaption class=\"wp-element-caption\">Celebraci\u00f3n Capital del Turismo Rural 2017<\/figcaption><\/figure>\n\n\n\n<figure class=\"wp-block-image size-large\"><a href=\"https:\/\/www.escapadarural.com\/blog\/wp-content\/uploads\/2017\/11\/IMG_0157-1.jpg\"><img decoding=\"async\" src=\"https:\/\/www.escapadarural.com\/blog\/wp-content\/uploads\/2017\/11\/IMG_0157-1-1024x631.jpg\" alt=\"Celebraci\u00f3n Capital del Turismo Rural 2017\" class=\"wp-image-27901\"\/><\/a><figcaption class=\"wp-element-caption\">Celebraci\u00f3n Capital del Turismo Rural 2017<\/figcaption><\/figure>\n\n\n\n<p>As\u00ed llegamos a la hora de <strong>la entrega de trofeos, reconociendo el m\u00e9rito que todos los finalistas a la Capital del Turismo Rural<\/strong> hab\u00edan tenido en su pugna por alcanzar dicha capitalidad. Y en este momento de hermandad entre municipios (Elizondo, Garganta de los Montes, Alfoz de Lloredo, Grazalema, Covarrubias, On\u00eds), agradecimos la presencia de los representantes de los diferentes ayuntamientos proyectando un v\u00eddeo donde se aprecian las cualidades que todos tienen como destinos en los que practicar el mejor turismo rural.<\/p>\n\n\n\n<figure class=\"wp-block-embed is-type-video is-provider-youtube wp-block-embed-youtube wp-embed-aspect-16-9 wp-has-aspect-ratio\"><div class=\"wp-block-embed__wrapper\">\n<span class=\"SGIZYvMwalCJ8eBt7iSRyhsz6L6pmyhnVWX4bdriuWcvV2HLg0RdQ19KHFOFTnUruoj1P85xQlNC\"><div class=\"video-shortcode\"><iframe title=\"Capital Turismo Rural Sig\u00fcenza 2017\" width=\"1200\" height=\"675\" src=\"https:\/\/www.youtube.com\/embed\/-6PPzncZvjQ?feature=oembed\" frameborder=\"0\" allow=\"accelerometer; autoplay; clipboard-write; encrypted-media; gyroscope; picture-in-picture; web-share\" referrerpolicy=\"strict-origin-when-cross-origin\" allowfullscreen><\/iframe><\/div><\/span>\n<\/div><\/figure>\n\n\n\n<p>El <strong>colof\u00f3n a un d\u00eda tan memorable<\/strong> lo puso <strong>la verbena<\/strong> a cargo de una orquesta que repas\u00f3 temas que iban desde los cl\u00e1sicos del rock hasta los temas m\u00e1s actuales. Posteriormente, una nueva actuaci\u00f3n del <strong>DJ Surda hizo bailar a los m\u00e1s incansables<\/strong> hasta altas horas de la madrugada.<\/p>\n\n\n\n<figure class=\"wp-block-image size-large\"><a href=\"https:\/\/www.escapadarural.com\/blog\/wp-content\/uploads\/2017\/11\/Foto10-1.jpg\"><img decoding=\"async\" src=\"https:\/\/www.escapadarural.com\/blog\/wp-content\/uploads\/2017\/11\/Foto10-1-1024x683.jpg\" alt=\"Celebraci\u00f3n Capital del Turismo Rural 2017\" class=\"wp-image-27900\"\/><\/a><figcaption class=\"wp-element-caption\">Celebraci\u00f3n Capital del Turismo Rural 2017<\/figcaption><\/figure>\n\n\n\n<figure class=\"wp-block-image size-large\"><a href=\"https:\/\/www.escapadarural.com\/blog\/wp-content\/uploads\/2017\/11\/Foto11-1.jpg\"><img decoding=\"async\" src=\"https:\/\/www.escapadarural.com\/blog\/wp-content\/uploads\/2017\/11\/Foto11-1-1024x640.jpg\" alt=\"Celebraci\u00f3n Capital del Turismo Rural 2017\" class=\"wp-image-27899\"\/><\/a><figcaption class=\"wp-element-caption\">Celebraci\u00f3n Capital del Turismo Rural 2017<\/figcaption><\/figure>\n\n\n\n<h2 class=\"wp-block-heading title-rute\" id=\"h-despedida-y-cierre\">Despedida y cierre<\/h2>\n\n\n\n<p>El domingo amanecimos cansados y satisfechos a partes iguales. Sig\u00fcenza a\u00fan nos esperaba con la guinda final a un fin de semana inolvidable. Para ello se hab\u00eda programado una <strong>exhibici\u00f3n al aire libre de coches cl\u00e1sicos, algunas visitas guiadas a los rincones naturales del entorno y el concierto folk en la Plaza Mayor.<\/strong><\/p>\n\n\n\n<p>Y as\u00ed, con la <strong>satisfacci\u00f3n de haber concluido con \u00e9xito<\/strong> un proyecto que supon\u00eda muchos meses de trabajo, nos fuimos de Sig\u00fcenza pensando que tiene m\u00e1s que merecido ostentar la capitalidad del turismo rural 2017. Sin duda, <strong>auguramos que despu\u00e9s de esta primera edici\u00f3n la competici\u00f3n para elegir el ganador del pr\u00f3ximo a\u00f1o ser\u00e1 m\u00e1s que re\u00f1ida.<\/strong><\/p>\n\n\n\n<h2 class=\"wp-block-heading title-rute\" id=\"h-invitados-estrella-y-menciones-especiales\">Invitados estrella y menciones especiales<\/h2>\n\n\n\n<p>Durante ese magn\u00edfico fin de semana nos acompa\u00f1aron algunos invitados especiales, que compartieron con nosotros un d\u00eda inolvidable.<\/p>\n\n\n\n<p>Por un lado, un <strong>grupo de influencers<\/strong> que vivieron el ambiente de celebraci\u00f3n en su propia piel y que descubrieron la Sig\u00fcenza monumental, tradicional, gastron\u00f3mica y festiva a la que todos piensan volver. <strong>Gracias Traga Viajes, Lowcosteros, Un Viaje Creativo, El Mundo Patas Arriba y Club Influencers por uniros a la Fiesta.<\/strong><\/p>\n\n\n\n<figure class=\"wp-block-image size-large\"><a href=\"https:\/\/www.escapadarural.com\/blog\/wp-content\/uploads\/2017\/11\/Foto13-1-scaled.jpg\"><img decoding=\"async\" src=\"https:\/\/www.escapadarural.com\/blog\/wp-content\/uploads\/2017\/11\/Foto13-1-1024x576.jpg\" alt=\"Celebraci\u00f3n Capital del Turismo Rural 2017\" class=\"wp-image-27898\"\/><\/a><figcaption class=\"wp-element-caption\">Celebraci\u00f3n Capital del Turismo Rural 2017<\/figcaption><\/figure>\n\n\n\n<p>Por otro, <strong>los representantes de la mayor\u00eda de municipios que quedaron finalistas en la competici\u00f3n de la Capital del Turismo Rural 2017<\/strong> recorrieron muchos kil\u00f3metros para formar parte del evento. Se desplazaron desde toda Espa\u00f1a (Navarra, Madrid, Cantabria, C\u00e1diz, Burgos y Asturias) y no s\u00f3lo para recoger su trofeo, sino tambi\u00e9n <strong>para firmar un manifiesto a favor de un turismo rural de calidad<\/strong>, comprometido con la satisfacci\u00f3n del viajero, pero tambi\u00e9n con la sostenibilidad del destino. Sin duda este compromiso har\u00e1 que muchos de vosotros disfrut\u00e9is a\u00fan m\u00e1s del turismo rural en a\u00f1os venideros.<\/p>\n\n\n\n<figure class=\"wp-block-image size-large\"><a href=\"https:\/\/www.escapadarural.com\/blog\/wp-content\/uploads\/2017\/11\/Foto12-1.jpg\"><img decoding=\"async\" src=\"https:\/\/www.escapadarural.com\/blog\/wp-content\/uploads\/2017\/11\/Foto12-1-1024x556.jpg\" alt=\"Celebraci\u00f3n Capital del Turismo Rural 2017\" class=\"wp-image-27897\"\/><\/a><figcaption class=\"wp-element-caption\">Celebraci\u00f3n Capital del Turismo Rural 2017<\/figcaption><\/figure>\n\n\n\n<p>Unos y otros fueron testigos del buen ambiente y estrecharon lazos que en la memoria siempre quedar\u00e1n vinculados a una Ciudad de lo m\u00e1s acogedora. Y es que <strong>la hospitalidad se pudo apreciar no s\u00f3lo en la excelente atenci\u00f3n que nos brindaron sus empresarios, sino tambi\u00e9n en los propios responsables de la actividad tur\u00edstica del destino<\/strong>: desde los gu\u00edas y el personal de la oficina de turismo hasta el propio alcalde y los miembros de su equipo. No nos cansaremos de darles las gracias a todos.<\/p>\n\n\n\n<figure class=\"wp-block-embed is-type-video is-provider-youtube wp-block-embed-youtube wp-embed-aspect-16-9 wp-has-aspect-ratio\"><div class=\"wp-block-embed__wrapper\">\n<span class=\"Ltb9YhDnmEuJvA0Fzo4UV1lcgSKGdQwrZIfiMTRqyO6Xx\"><div class=\"video-shortcode\"><iframe title=\"Sig\u00fcenza Capital del Turismo Rural 2017 - EscapadaRural.com\" width=\"1200\" height=\"675\" src=\"https:\/\/www.youtube.com\/embed\/NMwL4UU42Qo?feature=oembed\" frameborder=\"0\" allow=\"accelerometer; autoplay; clipboard-write; encrypted-media; gyroscope; picture-in-picture; web-share\" referrerpolicy=\"strict-origin-when-cross-origin\" allowfullscreen><\/iframe><\/div><\/span>\n<\/div><\/figure>\n\n\n\n<p>Y por todo ello, a continuaci\u00f3n, <strong>s\u00f3lo nos queda recomendar que vay\u00e1is a Sig\u00fcenza<\/strong> a vivir en primera persona la calidez de su trato. Estos son algunos de los establecimientos para hacer vuestra propia escapada rural a la actual Capital del Turismo Rural.<\/p>\n","protected":false},"excerpt":{"rendered":"<p>Y no es que lo digamos nosotros, lo dicen las sonrisas de los vecinos de Sig\u00fcenza y el ambiente que se vivi\u00f3 el pasado 30 de septiembre, cuando celebramos la Gran Fiesta del Turismo Rural&#8230;<\/p>\n","protected":false},"author":136,"featured_media":108716,"comment_status":"open","ping_status":"closed","sticky":false,"template":"","format":"standard","meta":{"_acf_changed":false,"om_disable_all_campaigns":false,"footnotes":""},"categories":[191,390],"tags":[3720,2041,2050,1014,274],"class_list":["post-9196","post","type-post","status-publish","format-standard","has-post-thumbnail","hentry","category-destinos","category-noticias","tag-branding","tag-capital-turismo-rural","tag-escapadas","tag-eventos","tag-turismo-rural"],"acf":[],"featured_image_src":"https:\/\/www.escapadarural.com\/blog\/wp-content\/uploads\/2024\/11\/EscapadaRural_Siguenza_SalvaValverde-157-1.jpg","author_info":{"display_name":"Escapada Rural","author_link":"https:\/\/www.escapadarural.com\/blog\/autor\/user\/"},"yoast_head":"<!-- This site is optimized with the Yoast SEO plugin v27.5 - https:\/\/yoast.com\/product\/yoast-seo-wordpress\/ -->\n<title>Las fiestas de pueblo molan\u2026 pero la nuestra m\u00e1s - EscapadaRural<\/title>\n<meta name=\"robots\" content=\"index, follow, max-snippet:-1, max-image-preview:large, max-video-preview:-1\" \/>\n<link rel=\"canonical\" href=\"https:\/\/www.escapadarural.com\/blog\/las-fiestas-de-pueblo-molan-pero-la-nuestra-mas\/\" \/>\n<meta property=\"og:locale\" content=\"es_ES\" \/>\n<meta property=\"og:type\" content=\"article\" \/>\n<meta property=\"og:title\" content=\"Las fiestas de pueblo molan\u2026 pero la nuestra m\u00e1s - EscapadaRural\" \/>\n<meta property=\"og:description\" content=\"Y no es que lo digamos nosotros, lo dicen las sonrisas de los vecinos de Sig\u00fcenza y el ambiente que se vivi\u00f3 el pasado 30 de septiembre, cuando celebramos la Gran Fiesta del Turismo Rural...\" \/>\n<meta property=\"og:url\" content=\"https:\/\/www.escapadarural.com\/blog\/las-fiestas-de-pueblo-molan-pero-la-nuestra-mas\/\" \/>\n<meta property=\"og:site_name\" content=\"Magazine de viajes de EscapadaRural\" \/>\n<meta property=\"article:publisher\" content=\"https:\/\/www.facebook.com\/escapadarural\" \/>\n<meta property=\"article:author\" content=\"https:\/\/www.facebook.com\/escapadarural\" \/>\n<meta property=\"article:published_time\" content=\"2017-11-13T15:20:06+00:00\" \/>\n<meta property=\"article:modified_time\" content=\"2025-06-30T10:01:05+00:00\" \/>\n<meta property=\"og:image\" content=\"https:\/\/www.escapadarural.com\/blog\/wp-content\/uploads\/2024\/11\/EscapadaRural_Siguenza_SalvaValverde-157-1.jpg?v=1751277666\" \/>\n\t<meta property=\"og:image:width\" content=\"2048\" \/>\n\t<meta property=\"og:image:height\" content=\"1348\" \/>\n\t<meta property=\"og:image:type\" content=\"image\/jpeg\" \/>\n<meta name=\"author\" content=\"Escapada Rural\" \/>\n<meta name=\"twitter:card\" content=\"summary_large_image\" \/>\n<meta name=\"twitter:creator\" content=\"@https:\/\/x.com\/i\/flow\/login?redirect_after_login=escapadarural\" \/>\n<meta name=\"twitter:label1\" content=\"Escrito por\" \/>\n\t<meta name=\"twitter:data1\" content=\"Escapada Rural\" \/>\n\t<meta name=\"twitter:label2\" content=\"Tiempo de lectura\" \/>\n\t<meta name=\"twitter:data2\" content=\"7 minutos\" \/>\n<script type=\"application\/ld+json\" class=\"yoast-schema-graph\">{\"@context\":\"https:\\\/\\\/schema.org\",\"@graph\":[{\"@type\":\"Article\",\"@id\":\"https:\\\/\\\/www.escapadarural.com\\\/blog\\\/las-fiestas-de-pueblo-molan-pero-la-nuestra-mas\\\/#article\",\"isPartOf\":{\"@id\":\"https:\\\/\\\/www.escapadarural.com\\\/blog\\\/las-fiestas-de-pueblo-molan-pero-la-nuestra-mas\\\/\"},\"author\":{\"name\":\"Escapada Rural\",\"@id\":\"https:\\\/\\\/www.escapadarural.com\\\/blog\\\/#\\\/schema\\\/person\\\/d9ee55ff3e0cef41d6eac8922b4f972c\"},\"headline\":\"Las fiestas de pueblo molan\u2026 pero la nuestra m\u00e1s\",\"datePublished\":\"2017-11-13T15:20:06+00:00\",\"dateModified\":\"2025-06-30T10:01:05+00:00\",\"mainEntityOfPage\":{\"@id\":\"https:\\\/\\\/www.escapadarural.com\\\/blog\\\/las-fiestas-de-pueblo-molan-pero-la-nuestra-mas\\\/\"},\"wordCount\":1480,\"commentCount\":0,\"publisher\":{\"@id\":\"https:\\\/\\\/www.escapadarural.com\\\/blog\\\/#organization\"},\"image\":{\"@id\":\"https:\\\/\\\/www.escapadarural.com\\\/blog\\\/las-fiestas-de-pueblo-molan-pero-la-nuestra-mas\\\/#primaryimage\"},\"thumbnailUrl\":\"https:\\\/\\\/www.escapadarural.com\\\/blog\\\/wp-content\\\/uploads\\\/2024\\\/11\\\/EscapadaRural_Siguenza_SalvaValverde-157-1.jpg\",\"keywords\":[\"branding\",\"Capital Turismo Rural\",\"Escapadas\",\"Eventos\",\"turismo rural\"],\"articleSection\":[\"Destinos\",\"Noticias\"],\"inLanguage\":\"es\",\"potentialAction\":[{\"@type\":\"CommentAction\",\"name\":\"Comment\",\"target\":[\"https:\\\/\\\/www.escapadarural.com\\\/blog\\\/las-fiestas-de-pueblo-molan-pero-la-nuestra-mas\\\/#respond\"]}]},{\"@type\":\"WebPage\",\"@id\":\"https:\\\/\\\/www.escapadarural.com\\\/blog\\\/las-fiestas-de-pueblo-molan-pero-la-nuestra-mas\\\/\",\"url\":\"https:\\\/\\\/www.escapadarural.com\\\/blog\\\/las-fiestas-de-pueblo-molan-pero-la-nuestra-mas\\\/\",\"name\":\"Las fiestas de pueblo molan\u2026 pero la nuestra m\u00e1s - EscapadaRural\",\"isPartOf\":{\"@id\":\"https:\\\/\\\/www.escapadarural.com\\\/blog\\\/#website\"},\"primaryImageOfPage\":{\"@id\":\"https:\\\/\\\/www.escapadarural.com\\\/blog\\\/las-fiestas-de-pueblo-molan-pero-la-nuestra-mas\\\/#primaryimage\"},\"image\":{\"@id\":\"https:\\\/\\\/www.escapadarural.com\\\/blog\\\/las-fiestas-de-pueblo-molan-pero-la-nuestra-mas\\\/#primaryimage\"},\"thumbnailUrl\":\"https:\\\/\\\/www.escapadarural.com\\\/blog\\\/wp-content\\\/uploads\\\/2024\\\/11\\\/EscapadaRural_Siguenza_SalvaValverde-157-1.jpg\",\"datePublished\":\"2017-11-13T15:20:06+00:00\",\"dateModified\":\"2025-06-30T10:01:05+00:00\",\"breadcrumb\":{\"@id\":\"https:\\\/\\\/www.escapadarural.com\\\/blog\\\/las-fiestas-de-pueblo-molan-pero-la-nuestra-mas\\\/#breadcrumb\"},\"inLanguage\":\"es\",\"potentialAction\":[{\"@type\":\"ReadAction\",\"target\":[\"https:\\\/\\\/www.escapadarural.com\\\/blog\\\/las-fiestas-de-pueblo-molan-pero-la-nuestra-mas\\\/\"]}]},{\"@type\":\"ImageObject\",\"inLanguage\":\"es\",\"@id\":\"https:\\\/\\\/www.escapadarural.com\\\/blog\\\/las-fiestas-de-pueblo-molan-pero-la-nuestra-mas\\\/#primaryimage\",\"url\":\"https:\\\/\\\/www.escapadarural.com\\\/blog\\\/wp-content\\\/uploads\\\/2024\\\/11\\\/EscapadaRural_Siguenza_SalvaValverde-157-1.jpg\",\"contentUrl\":\"https:\\\/\\\/www.escapadarural.com\\\/blog\\\/wp-content\\\/uploads\\\/2024\\\/11\\\/EscapadaRural_Siguenza_SalvaValverde-157-1.jpg\",\"width\":2048,\"height\":1348,\"caption\":\"Sig\u00fcenza\"},{\"@type\":\"BreadcrumbList\",\"@id\":\"https:\\\/\\\/www.escapadarural.com\\\/blog\\\/las-fiestas-de-pueblo-molan-pero-la-nuestra-mas\\\/#breadcrumb\",\"itemListElement\":[{\"@type\":\"ListItem\",\"position\":1,\"name\":\"Inicio\",\"item\":\"https:\\\/\\\/www.escapadarural.com\\\/blog\\\/\"},{\"@type\":\"ListItem\",\"position\":2,\"name\":\"Destinos\",\"item\":\"https:\\\/\\\/www.escapadarural.com\\\/blog\\\/categoria\\\/destinos\\\/\"},{\"@type\":\"ListItem\",\"position\":3,\"name\":\"Las fiestas de pueblo molan\u2026 pero la nuestra m\u00e1s\"}]},{\"@type\":\"WebSite\",\"@id\":\"https:\\\/\\\/www.escapadarural.com\\\/blog\\\/#website\",\"url\":\"https:\\\/\\\/www.escapadarural.com\\\/blog\\\/\",\"name\":\"Blog de viajes | turismo rural, alojamientos e inspiraci\u00f3n\",\"description\":\"Alojamientos rurales e inspiraci\u00f3n para tus escapadas\",\"publisher\":{\"@id\":\"https:\\\/\\\/www.escapadarural.com\\\/blog\\\/#organization\"},\"alternateName\":\"Magazine de viajes de EscapadaRural\",\"potentialAction\":[{\"@type\":\"SearchAction\",\"target\":{\"@type\":\"EntryPoint\",\"urlTemplate\":\"https:\\\/\\\/www.escapadarural.com\\\/blog\\\/?s={search_term_string}\"},\"query-input\":{\"@type\":\"PropertyValueSpecification\",\"valueRequired\":true,\"valueName\":\"search_term_string\"}}],\"inLanguage\":\"es\"},{\"@type\":\"Organization\",\"@id\":\"https:\\\/\\\/www.escapadarural.com\\\/blog\\\/#organization\",\"name\":\"EscapadaRural\",\"url\":\"https:\\\/\\\/www.escapadarural.com\\\/blog\\\/\",\"logo\":{\"@type\":\"ImageObject\",\"inLanguage\":\"es\",\"@id\":\"https:\\\/\\\/www.escapadarural.com\\\/blog\\\/#\\\/schema\\\/logo\\\/image\\\/\",\"url\":\"https:\\\/\\\/www.escapadarural.com\\\/blog\\\/wp-content\\\/uploads\\\/2024\\\/10\\\/cropped-cropped-escapada-rural-icon-mag-3.png\",\"contentUrl\":\"https:\\\/\\\/www.escapadarural.com\\\/blog\\\/wp-content\\\/uploads\\\/2024\\\/10\\\/cropped-cropped-escapada-rural-icon-mag-3.png\",\"width\":512,\"height\":512,\"caption\":\"EscapadaRural\"},\"image\":{\"@id\":\"https:\\\/\\\/www.escapadarural.com\\\/blog\\\/#\\\/schema\\\/logo\\\/image\\\/\"},\"sameAs\":[\"https:\\\/\\\/www.facebook.com\\\/escapadarural\",\"https:\\\/\\\/www.instagram.com\\\/escapadarural\\\/\",\"https:\\\/\\\/www.youtube.com\\\/@escapadaruralcom\"]},{\"@type\":\"Person\",\"@id\":\"https:\\\/\\\/www.escapadarural.com\\\/blog\\\/#\\\/schema\\\/person\\\/d9ee55ff3e0cef41d6eac8922b4f972c\",\"name\":\"Escapada Rural\",\"image\":{\"@type\":\"ImageObject\",\"inLanguage\":\"es\",\"@id\":\"https:\\\/\\\/www.escapadarural.com\\\/blog\\\/wp-content\\\/uploads\\\/2024\\\/10\\\/cropped-cropped-escapada-rural-icon-mag-3-96x96.png\",\"url\":\"https:\\\/\\\/www.escapadarural.com\\\/blog\\\/wp-content\\\/uploads\\\/2024\\\/10\\\/cropped-cropped-escapada-rural-icon-mag-3-96x96.png\",\"contentUrl\":\"https:\\\/\\\/www.escapadarural.com\\\/blog\\\/wp-content\\\/uploads\\\/2024\\\/10\\\/cropped-cropped-escapada-rural-icon-mag-3-96x96.png\",\"caption\":\"Escapada Rural\"},\"sameAs\":[\"https:\\\/\\\/www.facebook.com\\\/escapadarural\",\"https:\\\/\\\/www.linkedin.com\\\/company\\\/escapada-rural\\\/?originalSubdomain=es\",\"https:\\\/\\\/x.com\\\/https:\\\/\\\/x.com\\\/i\\\/flow\\\/login?redirect_after_login=escapadarural\"],\"url\":\"https:\\\/\\\/www.escapadarural.com\\\/blog\\\/autor\\\/user\\\/\"}]}<\/script>\n<!-- \/ Yoast SEO plugin. -->","yoast_head_json":{"title":"Las fiestas de pueblo molan\u2026 pero la nuestra m\u00e1s - EscapadaRural","robots":{"index":"index","follow":"follow","max-snippet":"max-snippet:-1","max-image-preview":"max-image-preview:large","max-video-preview":"max-video-preview:-1"},"canonical":"https:\/\/www.escapadarural.com\/blog\/las-fiestas-de-pueblo-molan-pero-la-nuestra-mas\/","og_locale":"es_ES","og_type":"article","og_title":"Las fiestas de pueblo molan\u2026 pero la nuestra m\u00e1s - EscapadaRural","og_description":"Y no es que lo digamos nosotros, lo dicen las sonrisas de los vecinos de Sig\u00fcenza y el ambiente que se vivi\u00f3 el pasado 30 de septiembre, cuando celebramos la Gran Fiesta del Turismo Rural...","og_url":"https:\/\/www.escapadarural.com\/blog\/las-fiestas-de-pueblo-molan-pero-la-nuestra-mas\/","og_site_name":"Magazine de viajes de EscapadaRural","article_publisher":"https:\/\/www.facebook.com\/escapadarural","article_author":"https:\/\/www.facebook.com\/escapadarural","article_published_time":"2017-11-13T15:20:06+00:00","article_modified_time":"2025-06-30T10:01:05+00:00","og_image":[{"width":2048,"height":1348,"url":"https:\/\/www.escapadarural.com\/blog\/wp-content\/uploads\/2024\/11\/EscapadaRural_Siguenza_SalvaValverde-157-1.jpg?v=1751277666","type":"image\/jpeg"}],"author":"Escapada Rural","twitter_card":"summary_large_image","twitter_creator":"@https:\/\/x.com\/i\/flow\/login?redirect_after_login=escapadarural","twitter_misc":{"Escrito por":"Escapada Rural","Tiempo de lectura":"7 minutos"},"schema":{"@context":"https:\/\/schema.org","@graph":[{"@type":"Article","@id":"https:\/\/www.escapadarural.com\/blog\/las-fiestas-de-pueblo-molan-pero-la-nuestra-mas\/#article","isPartOf":{"@id":"https:\/\/www.escapadarural.com\/blog\/las-fiestas-de-pueblo-molan-pero-la-nuestra-mas\/"},"author":{"name":"Escapada Rural","@id":"https:\/\/www.escapadarural.com\/blog\/#\/schema\/person\/d9ee55ff3e0cef41d6eac8922b4f972c"},"headline":"Las fiestas de pueblo molan\u2026 pero la nuestra m\u00e1s","datePublished":"2017-11-13T15:20:06+00:00","dateModified":"2025-06-30T10:01:05+00:00","mainEntityOfPage":{"@id":"https:\/\/www.escapadarural.com\/blog\/las-fiestas-de-pueblo-molan-pero-la-nuestra-mas\/"},"wordCount":1480,"commentCount":0,"publisher":{"@id":"https:\/\/www.escapadarural.com\/blog\/#organization"},"image":{"@id":"https:\/\/www.escapadarural.com\/blog\/las-fiestas-de-pueblo-molan-pero-la-nuestra-mas\/#primaryimage"},"thumbnailUrl":"https:\/\/www.escapadarural.com\/blog\/wp-content\/uploads\/2024\/11\/EscapadaRural_Siguenza_SalvaValverde-157-1.jpg","keywords":["branding","Capital Turismo Rural","Escapadas","Eventos","turismo rural"],"articleSection":["Destinos","Noticias"],"inLanguage":"es","potentialAction":[{"@type":"CommentAction","name":"Comment","target":["https:\/\/www.escapadarural.com\/blog\/las-fiestas-de-pueblo-molan-pero-la-nuestra-mas\/#respond"]}]},{"@type":"WebPage","@id":"https:\/\/www.escapadarural.com\/blog\/las-fiestas-de-pueblo-molan-pero-la-nuestra-mas\/","url":"https:\/\/www.escapadarural.com\/blog\/las-fiestas-de-pueblo-molan-pero-la-nuestra-mas\/","name":"Las fiestas de pueblo molan\u2026 pero la nuestra m\u00e1s - EscapadaRural","isPartOf":{"@id":"https:\/\/www.escapadarural.com\/blog\/#website"},"primaryImageOfPage":{"@id":"https:\/\/www.escapadarural.com\/blog\/las-fiestas-de-pueblo-molan-pero-la-nuestra-mas\/#primaryimage"},"image":{"@id":"https:\/\/www.escapadarural.com\/blog\/las-fiestas-de-pueblo-molan-pero-la-nuestra-mas\/#primaryimage"},"thumbnailUrl":"https:\/\/www.escapadarural.com\/blog\/wp-content\/uploads\/2024\/11\/EscapadaRural_Siguenza_SalvaValverde-157-1.jpg","datePublished":"2017-11-13T15:20:06+00:00","dateModified":"2025-06-30T10:01:05+00:00","breadcrumb":{"@id":"https:\/\/www.escapadarural.com\/blog\/las-fiestas-de-pueblo-molan-pero-la-nuestra-mas\/#breadcrumb"},"inLanguage":"es","potentialAction":[{"@type":"ReadAction","target":["https:\/\/www.escapadarural.com\/blog\/las-fiestas-de-pueblo-molan-pero-la-nuestra-mas\/"]}]},{"@type":"ImageObject","inLanguage":"es","@id":"https:\/\/www.escapadarural.com\/blog\/las-fiestas-de-pueblo-molan-pero-la-nuestra-mas\/#primaryimage","url":"https:\/\/www.escapadarural.com\/blog\/wp-content\/uploads\/2024\/11\/EscapadaRural_Siguenza_SalvaValverde-157-1.jpg","contentUrl":"https:\/\/www.escapadarural.com\/blog\/wp-content\/uploads\/2024\/11\/EscapadaRural_Siguenza_SalvaValverde-157-1.jpg","width":2048,"height":1348,"caption":"Sig\u00fcenza"},{"@type":"BreadcrumbList","@id":"https:\/\/www.escapadarural.com\/blog\/las-fiestas-de-pueblo-molan-pero-la-nuestra-mas\/#breadcrumb","itemListElement":[{"@type":"ListItem","position":1,"name":"Inicio","item":"https:\/\/www.escapadarural.com\/blog\/"},{"@type":"ListItem","position":2,"name":"Destinos","item":"https:\/\/www.escapadarural.com\/blog\/categoria\/destinos\/"},{"@type":"ListItem","position":3,"name":"Las fiestas de pueblo molan\u2026 pero la nuestra m\u00e1s"}]},{"@type":"WebSite","@id":"https:\/\/www.escapadarural.com\/blog\/#website","url":"https:\/\/www.escapadarural.com\/blog\/","name":"Blog de viajes | turismo rural, alojamientos e inspiraci\u00f3n","description":"Alojamientos rurales e inspiraci\u00f3n para tus escapadas","publisher":{"@id":"https:\/\/www.escapadarural.com\/blog\/#organization"},"alternateName":"Magazine de viajes de EscapadaRural","potentialAction":[{"@type":"SearchAction","target":{"@type":"EntryPoint","urlTemplate":"https:\/\/www.escapadarural.com\/blog\/?s={search_term_string}"},"query-input":{"@type":"PropertyValueSpecification","valueRequired":true,"valueName":"search_term_string"}}],"inLanguage":"es"},{"@type":"Organization","@id":"https:\/\/www.escapadarural.com\/blog\/#organization","name":"EscapadaRural","url":"https:\/\/www.escapadarural.com\/blog\/","logo":{"@type":"ImageObject","inLanguage":"es","@id":"https:\/\/www.escapadarural.com\/blog\/#\/schema\/logo\/image\/","url":"https:\/\/www.escapadarural.com\/blog\/wp-content\/uploads\/2024\/10\/cropped-cropped-escapada-rural-icon-mag-3.png","contentUrl":"https:\/\/www.escapadarural.com\/blog\/wp-content\/uploads\/2024\/10\/cropped-cropped-escapada-rural-icon-mag-3.png","width":512,"height":512,"caption":"EscapadaRural"},"image":{"@id":"https:\/\/www.escapadarural.com\/blog\/#\/schema\/logo\/image\/"},"sameAs":["https:\/\/www.facebook.com\/escapadarural","https:\/\/www.instagram.com\/escapadarural\/","https:\/\/www.youtube.com\/@escapadaruralcom"]},{"@type":"Person","@id":"https:\/\/www.escapadarural.com\/blog\/#\/schema\/person\/d9ee55ff3e0cef41d6eac8922b4f972c","name":"Escapada Rural","image":{"@type":"ImageObject","inLanguage":"es","@id":"https:\/\/www.escapadarural.com\/blog\/wp-content\/uploads\/2024\/10\/cropped-cropped-escapada-rural-icon-mag-3-96x96.png","url":"https:\/\/www.escapadarural.com\/blog\/wp-content\/uploads\/2024\/10\/cropped-cropped-escapada-rural-icon-mag-3-96x96.png","contentUrl":"https:\/\/www.escapadarural.com\/blog\/wp-content\/uploads\/2024\/10\/cropped-cropped-escapada-rural-icon-mag-3-96x96.png","caption":"Escapada Rural"},"sameAs":["https:\/\/www.facebook.com\/escapadarural","https:\/\/www.linkedin.com\/company\/escapada-rural\/?originalSubdomain=es","https:\/\/x.com\/https:\/\/x.com\/i\/flow\/login?redirect_after_login=escapadarural"],"url":"https:\/\/www.escapadarural.com\/blog\/autor\/user\/"}]}},"_links":{"self":[{"href":"https:\/\/www.escapadarural.com\/blog\/wp-json\/wp\/v2\/posts\/9196","targetHints":{"allow":["GET"]}}],"collection":[{"href":"https:\/\/www.escapadarural.com\/blog\/wp-json\/wp\/v2\/posts"}],"about":[{"href":"https:\/\/www.escapadarural.com\/blog\/wp-json\/wp\/v2\/types\/post"}],"author":[{"embeddable":true,"href":"https:\/\/www.escapadarural.com\/blog\/wp-json\/wp\/v2\/users\/136"}],"replies":[{"embeddable":true,"href":"https:\/\/www.escapadarural.com\/blog\/wp-json\/wp\/v2\/comments?post=9196"}],"version-history":[{"count":0,"href":"https:\/\/www.escapadarural.com\/blog\/wp-json\/wp\/v2\/posts\/9196\/revisions"}],"wp:featuredmedia":[{"embeddable":true,"href":"https:\/\/www.escapadarural.com\/blog\/wp-json\/wp\/v2\/media\/108716"}],"wp:attachment":[{"href":"https:\/\/www.escapadarural.com\/blog\/wp-json\/wp\/v2\/media?parent=9196"}],"wp:term":[{"taxonomy":"category","embeddable":true,"href":"https:\/\/www.escapadarural.com\/blog\/wp-json\/wp\/v2\/categories?post=9196"},{"taxonomy":"post_tag","embeddable":true,"href":"https:\/\/www.escapadarural.com\/blog\/wp-json\/wp\/v2\/tags?post=9196"}],"curies":[{"name":"wp","href":"https:\/\/api.w.org\/{rel}","templated":true}]}}