{"id":9199,"date":"2018-03-06T10:00:16","date_gmt":"2018-03-06T09:00:16","guid":{"rendered":"http:\/\/15.188.81.248\/2018\/03\/06\/caldes-de-montbui-un-pueblo-de-temperatura\/"},"modified":"2024-12-23T19:07:20","modified_gmt":"2024-12-23T17:07:20","slug":"caldes-de-montbui-un-pueblo-de-temperatura","status":"publish","type":"post","link":"https:\/\/www.escapadarural.com\/blog\/caldes-de-montbui-un-pueblo-de-temperatura\/","title":{"rendered":"Caldes de Montbui, un pueblo de temperatura"},"content":{"rendered":"\n<figure class=\"wp-block-image size-large\"><a href=\"https:\/\/www.escapadarural.com\/blog\/wp-content\/uploads\/AdobeStock_369345318-scaled.jpeg\"><img decoding=\"async\" src=\"https:\/\/www.escapadarural.com\/blog\/wp-content\/uploads\/AdobeStock_369345318-1024x683.jpeg\" alt=\"Caldes de Montbui\" class=\"wp-image-48441\"\/><\/a><figcaption>Caldes de Montbui. Por JuanCi Studio<\/figcaption><\/figure>\n\n\n\n<p>A <a href=\"https:\/\/www.escapadarural.com\/casas-rurales\/caldes-de-montbui\">Caldes de Montbui<\/a> (Barcelona) no se va para visitarlo, sino para tomarle la temperatura, que por algo es uno de los pueblos m\u00e1s calientes de Catalu\u00f1a. Y no, no es que lo diga yo, lo dice su nombre; y a los top\u00f3nimos hay que hacerles caso, que algo de raz\u00f3n siempre tienen. As\u00ed, de Caldes de Montbui nos interesa lo de \u201ccaldes\u201d, que tiene que ver con \u201ccaliente\u201d.<\/p>\n\n\n\n<p>Los pocos kil\u00f3metros que separan esta poblaci\u00f3n de Barcelona nos podr\u00edan llevar a la err\u00f3nea idea de que a Caldes de Montbui se va de excursi\u00f3n en el d\u00eda y que visto lo visto, se vuelve. Pero no, <strong>lo ideal es alojarnos en alguno de sus balnearios y relajarnos con los tratamientos termales<\/strong>, pasear por las calles tranquilas, descubrir la historia del lugar y disfrutar de la gastronom\u00eda \u2013con productos artesanales como el mat\u00f3, la pasta de sopa, los embutidos o la \u00fanica cerveza artesanal realizada con agua termal\u2013.<\/p>\n\n\n\n<figure class=\"wp-block-image size-large\"><a href=\"https:\/\/www.escapadarural.com\/blog\/wp-content\/uploads\/2018\/03\/Caldes-de-Montbui-7-scaled.jpg\"><img decoding=\"async\" src=\"https:\/\/www.escapadarural.com\/blog\/wp-content\/uploads\/2018\/03\/Caldes-de-Montbui-7-1024x690.jpg\" alt=\"Caldes de Montbui\" class=\"wp-image-27478\"\/><\/a><figcaption>Caldes de Montbui. Por joan_bautista<\/figcaption><\/figure>\n\n\n\n<h2 class=\"title-rute wp-block-heading\">Qu\u00e9 hacer en Caldes de Montbui<\/h2>\n\n\n\n<figure class=\"wp-block-image size-large\"><a href=\"https:\/\/www.escapadarural.com\/blog\/wp-content\/uploads\/2018\/03\/Caldes-de-Montbui-5-scaled.jpg\"><img decoding=\"async\" src=\"https:\/\/www.escapadarural.com\/blog\/wp-content\/uploads\/2018\/03\/Caldes-de-Montbui-5-1024x683.jpg\" alt=\"Caldes de Montbui\" class=\"wp-image-27477\"\/><\/a><figcaption>Caldes de Montbui. Por joan_bautista<\/figcaption><\/figure>\n\n\n\n<p>Desde los romanos, que Caldes de Montbui es famosa por sus aguas termales. Por aquel entonces, se le conoc\u00eda como <em>Aquae-Calidae<\/em>; pero lo que no ha cambiado es su tradici\u00f3n termal. El secreto de la rica actividad balnearia reside en las aguas calientes que brotan del suelo.<\/p>\n\n\n\n<p>De hecho, las fuentes de este municipio brotan humeantes a 74 grados, lo que las convierte en <strong>una de las fuentes de mayor temperatura de Espa\u00f1a<\/strong>. No es nada dif\u00edcil ver a algunos vecinos tomar agua para cocinar o lavar y fregar en casa. Las fuentes m\u00e1s populares de Caldes de Montbui son la Font del Lle\u00f3, que ostenta el r\u00e9cord de temperatura, y la Font de la Canaleta y Font de L\u2019\u00c1ngel, a menor temperatura.<\/p>\n\n\n\n<figure class=\"wp-block-image size-large\"><a href=\"https:\/\/www.escapadarural.com\/blog\/wp-content\/uploads\/AdobeStock_196685761-scaled.jpeg\"><img decoding=\"async\" src=\"https:\/\/www.escapadarural.com\/blog\/wp-content\/uploads\/AdobeStock_196685761-1024x683.jpeg\" alt=\"Font del Lleo\" class=\"wp-image-48442\"\/><\/a><figcaption>Font del Lle\u00f3. Por joan_bautista<\/figcaption><\/figure>\n\n\n\n<p>Quedan las termas romanas como testimonio de la larga tradici\u00f3n de los ba\u00f1os medicinales en Caldes de Montbui. <strong>Multitud de viajeros de la \u00e9poca recorr\u00edan la Hispania para curar males<\/strong>. Lo que se ha recuperado de aquellas instalaciones se puede ver junto a la Plaza de la Font del Lle\u00f3. Se trata de una piscina de unos doce metros que form\u00f3 parte de un gran complejo con diferentes instalaciones.<\/p>\n\n\n\n<p>Tanta abundancia de agua de calidad hace que en Caldes de Montbui se use hasta para hacer la colada. Se puede pasear por el pueblo y observar c\u00f3mo<strong> la tradici\u00f3n de lavar a mano a\u00fan perdura en los lavaderos p\u00fablicos<\/strong>. A los lavaderos de la Portalera o el de la Canaleta todav\u00eda acuden lugare\u00f1os para hacer la colada, y aseguran que la ropa no queda ni la mitad de bien cuando la lavan en casa.<\/p>\n\n\n\n<h2 class=\"title-rute wp-block-heading\">Visitar el Museo de Caldes de Montbui<\/h2>\n\n\n\n<p>Lo mejor ser\u00e1 <strong>comenzar nuestro recorrido por Caldes de Montbui con una visita al Museo Thermalia<\/strong>. El museo expone un recorrido por la larga e interesante historia como lugar de ba\u00f1os medicinales, desde los romanos hasta la edad dorada de los balnearios en el siglo XIX. A Caldes de Montbui llegaron para darse ba\u00f1os la reina Isabel II, artistas como los pintores Mir y Gispert e, incluso, el mism\u00edsimo Ladislao Kubala. De aquella \u00e9poca, a\u00fan siguen con la actividad el Espacio de Can Rius o el Balneario Broquetas, con una excepcional decoraci\u00f3n modernista.<\/p>\n\n\n\n<p>En las salas de la exposici\u00f3n permanente del museo, nos aguarda una peculiar sorpresa: <strong>una de las colecciones de obras de Picasso m\u00e1s interesantes de Espa\u00f1a<\/strong>. Esculturas, dibujos y litograf\u00edas, m\u00e1s de un centenar de piezas, que Pablo Picasso envi\u00f3 a su buen amigo Manolo Hugu\u00e9, tambi\u00e9n pintor y escultor. Manolo Hugu\u00e9 lleg\u00f3 enfermo de reumatismo a Caldes de Montbui. Su gran amigo, envi\u00f3 a la familia algunas de sus obras para que con la venta pudieran pagar los costosos tratamientos. No cabe duda, que la familia Hugu\u00e9 no vendi\u00f3 nada.<\/p>\n\n\n\n<h2 class=\"title-rute wp-block-heading\">Y en diciembre, la primera feria navide\u00f1a de Catalu\u00f1a<\/h2>\n\n\n\n<p>Conforme llegan fechas navide\u00f1as, en Caldes de Montbu\u00ed se ponen en marcha para tener listo el primer mercado navide\u00f1o de Catalu\u00f1a. Cada a\u00f1o, <strong>el primer fin de semana de diciembre<\/strong>, el casco antiguo se llena de actividades familiares y deliciosos puestos de venta de adornos y otros complementos navide\u00f1os.<\/p>\n\n\n\n<p>Aunque para delicioso el brou de Nadal que se cocina, seg\u00fan los responsables, en la olla m\u00e1s grande de Catalu\u00f1a, capaz de ofrecer m\u00e1s de cinco mil raciones. Y, no pod\u00eda ser de otro modo, el secreto de este especial caldo es el agua con el que se cocina.<\/p>\n\n\n\n<div class=\"wp-block-buttons is-layout-flex wp-block-buttons-is-layout-flex\">\n<div class=\"wp-block-button\"><a class=\"wp-block-button__link\" href=\"https:\/\/www.escapadarural.com\/casas-rurales\/barcelona\">Casas rurales en Barcelona<\/a><\/div>\n<\/div>\n","protected":false},"excerpt":{"rendered":"<p>A Caldes de Montbui no se va para visitarlo, sino para tomarle la temperatura, que por algo es uno de los pueblos de turismo termal de Catalu\u00f1a.<\/p>\n","protected":false},"author":112,"featured_media":104814,"comment_status":"open","ping_status":"closed","sticky":false,"template":"","format":"standard","meta":{"_acf_changed":false,"om_disable_all_campaigns":false,"footnotes":""},"categories":[191],"tags":[260,211,2065,5994,600,212,2066],"class_list":["post-9199","post","type-post","status-publish","format-standard","has-post-thumbnail","hentry","category-destinos","tag-articulo","tag-que-ver-en-barcelona","tag-caldes-de-montbui","tag-que-ver-en-cataluna","tag-navidad","tag-pueblos","tag-turismo-termal"],"acf":[],"featured_image_src":"https:\/\/www.escapadarural.com\/blog\/wp-content\/uploads\/2024\/10\/AdobeStock_369345318-1024x683-3.jpeg","author_info":{"display_name":"Jos\u00e9 Alejandro Adamuz","author_link":"https:\/\/www.escapadarural.com\/blog\/autor\/josealejandro\/"},"yoast_head":"<!-- This site is optimized with the Yoast SEO plugin v27.5 - https:\/\/yoast.com\/product\/yoast-seo-wordpress\/ -->\n<title>Caldes de Montbui, un pueblo de temperatura - EscapadaRural<\/title>\n<meta name=\"robots\" content=\"index, follow, max-snippet:-1, max-image-preview:large, max-video-preview:-1\" \/>\n<link rel=\"canonical\" href=\"https:\/\/www.escapadarural.com\/blog\/caldes-de-montbui-un-pueblo-de-temperatura\/\" \/>\n<meta property=\"og:locale\" content=\"es_ES\" \/>\n<meta property=\"og:type\" content=\"article\" \/>\n<meta property=\"og:title\" content=\"Caldes de Montbui, un pueblo de temperatura - EscapadaRural\" \/>\n<meta property=\"og:description\" content=\"A Caldes de Montbui no se va para visitarlo, sino para tomarle la temperatura, que por algo es uno de los pueblos de turismo termal de Catalu\u00f1a.\" \/>\n<meta property=\"og:url\" content=\"https:\/\/www.escapadarural.com\/blog\/caldes-de-montbui-un-pueblo-de-temperatura\/\" \/>\n<meta property=\"og:site_name\" content=\"Magazine de viajes de EscapadaRural\" \/>\n<meta property=\"article:publisher\" content=\"https:\/\/www.facebook.com\/escapadarural\" \/>\n<meta property=\"article:published_time\" content=\"2018-03-06T09:00:16+00:00\" \/>\n<meta property=\"article:modified_time\" content=\"2024-12-23T17:07:20+00:00\" \/>\n<meta property=\"og:image\" content=\"https:\/\/www.escapadarural.com\/blog\/wp-content\/uploads\/2024\/10\/AdobeStock_369345318-1024x683-3.jpeg\" \/>\n\t<meta property=\"og:image:width\" content=\"1024\" \/>\n\t<meta property=\"og:image:height\" content=\"683\" \/>\n\t<meta property=\"og:image:type\" content=\"image\/jpeg\" \/>\n<meta name=\"author\" content=\"Jos\u00e9 Alejandro Adamuz\" \/>\n<meta name=\"twitter:card\" content=\"summary_large_image\" \/>\n<meta name=\"twitter:label1\" content=\"Escrito por\" \/>\n\t<meta name=\"twitter:data1\" content=\"Jos\u00e9 Alejandro Adamuz\" \/>\n\t<meta name=\"twitter:label2\" content=\"Tiempo de lectura\" \/>\n\t<meta name=\"twitter:data2\" content=\"4 minutos\" \/>\n<script type=\"application\/ld+json\" class=\"yoast-schema-graph\">{\"@context\":\"https:\\\/\\\/schema.org\",\"@graph\":[{\"@type\":\"Article\",\"@id\":\"https:\\\/\\\/www.escapadarural.com\\\/blog\\\/caldes-de-montbui-un-pueblo-de-temperatura\\\/#article\",\"isPartOf\":{\"@id\":\"https:\\\/\\\/www.escapadarural.com\\\/blog\\\/caldes-de-montbui-un-pueblo-de-temperatura\\\/\"},\"author\":{\"name\":\"Jos\u00e9 Alejandro Adamuz\",\"@id\":\"https:\\\/\\\/www.escapadarural.com\\\/blog\\\/#\\\/schema\\\/person\\\/ac6969ba5ab90987dda9465be409d6b3\"},\"headline\":\"Caldes de Montbui, un pueblo de temperatura\",\"datePublished\":\"2018-03-06T09:00:16+00:00\",\"dateModified\":\"2024-12-23T17:07:20+00:00\",\"mainEntityOfPage\":{\"@id\":\"https:\\\/\\\/www.escapadarural.com\\\/blog\\\/caldes-de-montbui-un-pueblo-de-temperatura\\\/\"},\"wordCount\":813,\"commentCount\":0,\"publisher\":{\"@id\":\"https:\\\/\\\/www.escapadarural.com\\\/blog\\\/#organization\"},\"image\":{\"@id\":\"https:\\\/\\\/www.escapadarural.com\\\/blog\\\/caldes-de-montbui-un-pueblo-de-temperatura\\\/#primaryimage\"},\"thumbnailUrl\":\"https:\\\/\\\/www.escapadarural.com\\\/blog\\\/wp-content\\\/uploads\\\/2024\\\/10\\\/AdobeStock_369345318-1024x683-3.jpeg\",\"keywords\":[\"art\u00edculo\",\"Barcelona\",\"Caldes de Montbui\",\"Catalu\u00f1a\",\"Navidad\",\"pueblos\",\"turismo termal\"],\"articleSection\":[\"Destinos\"],\"inLanguage\":\"es\",\"potentialAction\":[{\"@type\":\"CommentAction\",\"name\":\"Comment\",\"target\":[\"https:\\\/\\\/www.escapadarural.com\\\/blog\\\/caldes-de-montbui-un-pueblo-de-temperatura\\\/#respond\"]}]},{\"@type\":\"WebPage\",\"@id\":\"https:\\\/\\\/www.escapadarural.com\\\/blog\\\/caldes-de-montbui-un-pueblo-de-temperatura\\\/\",\"url\":\"https:\\\/\\\/www.escapadarural.com\\\/blog\\\/caldes-de-montbui-un-pueblo-de-temperatura\\\/\",\"name\":\"Caldes de Montbui, un pueblo de temperatura - EscapadaRural\",\"isPartOf\":{\"@id\":\"https:\\\/\\\/www.escapadarural.com\\\/blog\\\/#website\"},\"primaryImageOfPage\":{\"@id\":\"https:\\\/\\\/www.escapadarural.com\\\/blog\\\/caldes-de-montbui-un-pueblo-de-temperatura\\\/#primaryimage\"},\"image\":{\"@id\":\"https:\\\/\\\/www.escapadarural.com\\\/blog\\\/caldes-de-montbui-un-pueblo-de-temperatura\\\/#primaryimage\"},\"thumbnailUrl\":\"https:\\\/\\\/www.escapadarural.com\\\/blog\\\/wp-content\\\/uploads\\\/2024\\\/10\\\/AdobeStock_369345318-1024x683-3.jpeg\",\"datePublished\":\"2018-03-06T09:00:16+00:00\",\"dateModified\":\"2024-12-23T17:07:20+00:00\",\"breadcrumb\":{\"@id\":\"https:\\\/\\\/www.escapadarural.com\\\/blog\\\/caldes-de-montbui-un-pueblo-de-temperatura\\\/#breadcrumb\"},\"inLanguage\":\"es\",\"potentialAction\":[{\"@type\":\"ReadAction\",\"target\":[\"https:\\\/\\\/www.escapadarural.com\\\/blog\\\/caldes-de-montbui-un-pueblo-de-temperatura\\\/\"]}]},{\"@type\":\"ImageObject\",\"inLanguage\":\"es\",\"@id\":\"https:\\\/\\\/www.escapadarural.com\\\/blog\\\/caldes-de-montbui-un-pueblo-de-temperatura\\\/#primaryimage\",\"url\":\"https:\\\/\\\/www.escapadarural.com\\\/blog\\\/wp-content\\\/uploads\\\/2024\\\/10\\\/AdobeStock_369345318-1024x683-3.jpeg\",\"contentUrl\":\"https:\\\/\\\/www.escapadarural.com\\\/blog\\\/wp-content\\\/uploads\\\/2024\\\/10\\\/AdobeStock_369345318-1024x683-3.jpeg\",\"width\":1024,\"height\":683,\"caption\":\"Una hist\u00f3rica iglesia de piedra con un alto campanario se alza en una colina sobre jardines y un moderno paseo, bajo un espectacular cielo nublado a la luz del atardecer.\"},{\"@type\":\"BreadcrumbList\",\"@id\":\"https:\\\/\\\/www.escapadarural.com\\\/blog\\\/caldes-de-montbui-un-pueblo-de-temperatura\\\/#breadcrumb\",\"itemListElement\":[{\"@type\":\"ListItem\",\"position\":1,\"name\":\"Inicio\",\"item\":\"https:\\\/\\\/www.escapadarural.com\\\/blog\\\/\"},{\"@type\":\"ListItem\",\"position\":2,\"name\":\"Destinos\",\"item\":\"https:\\\/\\\/www.escapadarural.com\\\/blog\\\/categoria\\\/destinos\\\/\"},{\"@type\":\"ListItem\",\"position\":3,\"name\":\"Caldes de Montbui, un pueblo de temperatura\"}]},{\"@type\":\"WebSite\",\"@id\":\"https:\\\/\\\/www.escapadarural.com\\\/blog\\\/#website\",\"url\":\"https:\\\/\\\/www.escapadarural.com\\\/blog\\\/\",\"name\":\"Blog de viajes | turismo rural, alojamientos e inspiraci\u00f3n\",\"description\":\"Alojamientos rurales e inspiraci\u00f3n para tus escapadas\",\"publisher\":{\"@id\":\"https:\\\/\\\/www.escapadarural.com\\\/blog\\\/#organization\"},\"alternateName\":\"Magazine de viajes de EscapadaRural\",\"potentialAction\":[{\"@type\":\"SearchAction\",\"target\":{\"@type\":\"EntryPoint\",\"urlTemplate\":\"https:\\\/\\\/www.escapadarural.com\\\/blog\\\/?s={search_term_string}\"},\"query-input\":{\"@type\":\"PropertyValueSpecification\",\"valueRequired\":true,\"valueName\":\"search_term_string\"}}],\"inLanguage\":\"es\"},{\"@type\":\"Organization\",\"@id\":\"https:\\\/\\\/www.escapadarural.com\\\/blog\\\/#organization\",\"name\":\"EscapadaRural\",\"url\":\"https:\\\/\\\/www.escapadarural.com\\\/blog\\\/\",\"logo\":{\"@type\":\"ImageObject\",\"inLanguage\":\"es\",\"@id\":\"https:\\\/\\\/www.escapadarural.com\\\/blog\\\/#\\\/schema\\\/logo\\\/image\\\/\",\"url\":\"https:\\\/\\\/www.escapadarural.com\\\/blog\\\/wp-content\\\/uploads\\\/2024\\\/10\\\/cropped-cropped-escapada-rural-icon-mag-3.png\",\"contentUrl\":\"https:\\\/\\\/www.escapadarural.com\\\/blog\\\/wp-content\\\/uploads\\\/2024\\\/10\\\/cropped-cropped-escapada-rural-icon-mag-3.png\",\"width\":512,\"height\":512,\"caption\":\"EscapadaRural\"},\"image\":{\"@id\":\"https:\\\/\\\/www.escapadarural.com\\\/blog\\\/#\\\/schema\\\/logo\\\/image\\\/\"},\"sameAs\":[\"https:\\\/\\\/www.facebook.com\\\/escapadarural\",\"https:\\\/\\\/www.instagram.com\\\/escapadarural\\\/\",\"https:\\\/\\\/www.youtube.com\\\/@escapadaruralcom\"]},{\"@type\":\"Person\",\"@id\":\"https:\\\/\\\/www.escapadarural.com\\\/blog\\\/#\\\/schema\\\/person\\\/ac6969ba5ab90987dda9465be409d6b3\",\"name\":\"Jos\u00e9 Alejandro Adamuz\",\"image\":{\"@type\":\"ImageObject\",\"inLanguage\":\"es\",\"@id\":\"https:\\\/\\\/www.escapadarural.com\\\/blog\\\/wp-content\\\/uploads\\\/2025\\\/02\\\/cropped-jose_alejandro_viajar-96x96.webp\",\"url\":\"https:\\\/\\\/www.escapadarural.com\\\/blog\\\/wp-content\\\/uploads\\\/2025\\\/02\\\/cropped-jose_alejandro_viajar-96x96.webp\",\"contentUrl\":\"https:\\\/\\\/www.escapadarural.com\\\/blog\\\/wp-content\\\/uploads\\\/2025\\\/02\\\/cropped-jose_alejandro_viajar-96x96.webp\",\"caption\":\"Jos\u00e9 Alejandro Adamuz\"},\"description\":\"Soy licenciado en filolog\u00eda hisp\u00e1nica y periodista por vocaci\u00f3n. Tambi\u00e9n soy disl\u00e9xico, por lo que suelo confundir la derecha con la izquierda y los kil\u00f3metros con la literatura. Pero de momento me va bien as\u00ed. Colaboro habitualmente en diferentes medios haciendo cr\u00f3nica de viajes y periodismo cultural. Me gusta que los viajes cuenten historias y que las historias me hagan viajar.\",\"sameAs\":[\"https:\\\/\\\/viviratodaletra.com\\\/\"],\"url\":\"https:\\\/\\\/www.escapadarural.com\\\/blog\\\/autor\\\/josealejandro\\\/\"}]}<\/script>\n<!-- \/ Yoast SEO plugin. -->","yoast_head_json":{"title":"Caldes de Montbui, un pueblo de temperatura - EscapadaRural","robots":{"index":"index","follow":"follow","max-snippet":"max-snippet:-1","max-image-preview":"max-image-preview:large","max-video-preview":"max-video-preview:-1"},"canonical":"https:\/\/www.escapadarural.com\/blog\/caldes-de-montbui-un-pueblo-de-temperatura\/","og_locale":"es_ES","og_type":"article","og_title":"Caldes de Montbui, un pueblo de temperatura - EscapadaRural","og_description":"A Caldes de Montbui no se va para visitarlo, sino para tomarle la temperatura, que por algo es uno de los pueblos de turismo termal de Catalu\u00f1a.","og_url":"https:\/\/www.escapadarural.com\/blog\/caldes-de-montbui-un-pueblo-de-temperatura\/","og_site_name":"Magazine de viajes de EscapadaRural","article_publisher":"https:\/\/www.facebook.com\/escapadarural","article_published_time":"2018-03-06T09:00:16+00:00","article_modified_time":"2024-12-23T17:07:20+00:00","og_image":[{"width":1024,"height":683,"url":"https:\/\/www.escapadarural.com\/blog\/wp-content\/uploads\/2024\/10\/AdobeStock_369345318-1024x683-3.jpeg","type":"image\/jpeg"}],"author":"Jos\u00e9 Alejandro Adamuz","twitter_card":"summary_large_image","twitter_misc":{"Escrito por":"Jos\u00e9 Alejandro Adamuz","Tiempo de lectura":"4 minutos"},"schema":{"@context":"https:\/\/schema.org","@graph":[{"@type":"Article","@id":"https:\/\/www.escapadarural.com\/blog\/caldes-de-montbui-un-pueblo-de-temperatura\/#article","isPartOf":{"@id":"https:\/\/www.escapadarural.com\/blog\/caldes-de-montbui-un-pueblo-de-temperatura\/"},"author":{"name":"Jos\u00e9 Alejandro Adamuz","@id":"https:\/\/www.escapadarural.com\/blog\/#\/schema\/person\/ac6969ba5ab90987dda9465be409d6b3"},"headline":"Caldes de Montbui, un pueblo de temperatura","datePublished":"2018-03-06T09:00:16+00:00","dateModified":"2024-12-23T17:07:20+00:00","mainEntityOfPage":{"@id":"https:\/\/www.escapadarural.com\/blog\/caldes-de-montbui-un-pueblo-de-temperatura\/"},"wordCount":813,"commentCount":0,"publisher":{"@id":"https:\/\/www.escapadarural.com\/blog\/#organization"},"image":{"@id":"https:\/\/www.escapadarural.com\/blog\/caldes-de-montbui-un-pueblo-de-temperatura\/#primaryimage"},"thumbnailUrl":"https:\/\/www.escapadarural.com\/blog\/wp-content\/uploads\/2024\/10\/AdobeStock_369345318-1024x683-3.jpeg","keywords":["art\u00edculo","Barcelona","Caldes de Montbui","Catalu\u00f1a","Navidad","pueblos","turismo termal"],"articleSection":["Destinos"],"inLanguage":"es","potentialAction":[{"@type":"CommentAction","name":"Comment","target":["https:\/\/www.escapadarural.com\/blog\/caldes-de-montbui-un-pueblo-de-temperatura\/#respond"]}]},{"@type":"WebPage","@id":"https:\/\/www.escapadarural.com\/blog\/caldes-de-montbui-un-pueblo-de-temperatura\/","url":"https:\/\/www.escapadarural.com\/blog\/caldes-de-montbui-un-pueblo-de-temperatura\/","name":"Caldes de Montbui, un pueblo de temperatura - EscapadaRural","isPartOf":{"@id":"https:\/\/www.escapadarural.com\/blog\/#website"},"primaryImageOfPage":{"@id":"https:\/\/www.escapadarural.com\/blog\/caldes-de-montbui-un-pueblo-de-temperatura\/#primaryimage"},"image":{"@id":"https:\/\/www.escapadarural.com\/blog\/caldes-de-montbui-un-pueblo-de-temperatura\/#primaryimage"},"thumbnailUrl":"https:\/\/www.escapadarural.com\/blog\/wp-content\/uploads\/2024\/10\/AdobeStock_369345318-1024x683-3.jpeg","datePublished":"2018-03-06T09:00:16+00:00","dateModified":"2024-12-23T17:07:20+00:00","breadcrumb":{"@id":"https:\/\/www.escapadarural.com\/blog\/caldes-de-montbui-un-pueblo-de-temperatura\/#breadcrumb"},"inLanguage":"es","potentialAction":[{"@type":"ReadAction","target":["https:\/\/www.escapadarural.com\/blog\/caldes-de-montbui-un-pueblo-de-temperatura\/"]}]},{"@type":"ImageObject","inLanguage":"es","@id":"https:\/\/www.escapadarural.com\/blog\/caldes-de-montbui-un-pueblo-de-temperatura\/#primaryimage","url":"https:\/\/www.escapadarural.com\/blog\/wp-content\/uploads\/2024\/10\/AdobeStock_369345318-1024x683-3.jpeg","contentUrl":"https:\/\/www.escapadarural.com\/blog\/wp-content\/uploads\/2024\/10\/AdobeStock_369345318-1024x683-3.jpeg","width":1024,"height":683,"caption":"Una hist\u00f3rica iglesia de piedra con un alto campanario se alza en una colina sobre jardines y un moderno paseo, bajo un espectacular cielo nublado a la luz del atardecer."},{"@type":"BreadcrumbList","@id":"https:\/\/www.escapadarural.com\/blog\/caldes-de-montbui-un-pueblo-de-temperatura\/#breadcrumb","itemListElement":[{"@type":"ListItem","position":1,"name":"Inicio","item":"https:\/\/www.escapadarural.com\/blog\/"},{"@type":"ListItem","position":2,"name":"Destinos","item":"https:\/\/www.escapadarural.com\/blog\/categoria\/destinos\/"},{"@type":"ListItem","position":3,"name":"Caldes de Montbui, un pueblo de temperatura"}]},{"@type":"WebSite","@id":"https:\/\/www.escapadarural.com\/blog\/#website","url":"https:\/\/www.escapadarural.com\/blog\/","name":"Blog de viajes | turismo rural, alojamientos e inspiraci\u00f3n","description":"Alojamientos rurales e inspiraci\u00f3n para tus escapadas","publisher":{"@id":"https:\/\/www.escapadarural.com\/blog\/#organization"},"alternateName":"Magazine de viajes de EscapadaRural","potentialAction":[{"@type":"SearchAction","target":{"@type":"EntryPoint","urlTemplate":"https:\/\/www.escapadarural.com\/blog\/?s={search_term_string}"},"query-input":{"@type":"PropertyValueSpecification","valueRequired":true,"valueName":"search_term_string"}}],"inLanguage":"es"},{"@type":"Organization","@id":"https:\/\/www.escapadarural.com\/blog\/#organization","name":"EscapadaRural","url":"https:\/\/www.escapadarural.com\/blog\/","logo":{"@type":"ImageObject","inLanguage":"es","@id":"https:\/\/www.escapadarural.com\/blog\/#\/schema\/logo\/image\/","url":"https:\/\/www.escapadarural.com\/blog\/wp-content\/uploads\/2024\/10\/cropped-cropped-escapada-rural-icon-mag-3.png","contentUrl":"https:\/\/www.escapadarural.com\/blog\/wp-content\/uploads\/2024\/10\/cropped-cropped-escapada-rural-icon-mag-3.png","width":512,"height":512,"caption":"EscapadaRural"},"image":{"@id":"https:\/\/www.escapadarural.com\/blog\/#\/schema\/logo\/image\/"},"sameAs":["https:\/\/www.facebook.com\/escapadarural","https:\/\/www.instagram.com\/escapadarural\/","https:\/\/www.youtube.com\/@escapadaruralcom"]},{"@type":"Person","@id":"https:\/\/www.escapadarural.com\/blog\/#\/schema\/person\/ac6969ba5ab90987dda9465be409d6b3","name":"Jos\u00e9 Alejandro Adamuz","image":{"@type":"ImageObject","inLanguage":"es","@id":"https:\/\/www.escapadarural.com\/blog\/wp-content\/uploads\/2025\/02\/cropped-jose_alejandro_viajar-96x96.webp","url":"https:\/\/www.escapadarural.com\/blog\/wp-content\/uploads\/2025\/02\/cropped-jose_alejandro_viajar-96x96.webp","contentUrl":"https:\/\/www.escapadarural.com\/blog\/wp-content\/uploads\/2025\/02\/cropped-jose_alejandro_viajar-96x96.webp","caption":"Jos\u00e9 Alejandro Adamuz"},"description":"Soy licenciado en filolog\u00eda hisp\u00e1nica y periodista por vocaci\u00f3n. Tambi\u00e9n soy disl\u00e9xico, por lo que suelo confundir la derecha con la izquierda y los kil\u00f3metros con la literatura. Pero de momento me va bien as\u00ed. Colaboro habitualmente en diferentes medios haciendo cr\u00f3nica de viajes y periodismo cultural. Me gusta que los viajes cuenten historias y que las historias me hagan viajar.","sameAs":["https:\/\/viviratodaletra.com\/"],"url":"https:\/\/www.escapadarural.com\/blog\/autor\/josealejandro\/"}]}},"_links":{"self":[{"href":"https:\/\/www.escapadarural.com\/blog\/wp-json\/wp\/v2\/posts\/9199","targetHints":{"allow":["GET"]}}],"collection":[{"href":"https:\/\/www.escapadarural.com\/blog\/wp-json\/wp\/v2\/posts"}],"about":[{"href":"https:\/\/www.escapadarural.com\/blog\/wp-json\/wp\/v2\/types\/post"}],"author":[{"embeddable":true,"href":"https:\/\/www.escapadarural.com\/blog\/wp-json\/wp\/v2\/users\/112"}],"replies":[{"embeddable":true,"href":"https:\/\/www.escapadarural.com\/blog\/wp-json\/wp\/v2\/comments?post=9199"}],"version-history":[{"count":0,"href":"https:\/\/www.escapadarural.com\/blog\/wp-json\/wp\/v2\/posts\/9199\/revisions"}],"wp:featuredmedia":[{"embeddable":true,"href":"https:\/\/www.escapadarural.com\/blog\/wp-json\/wp\/v2\/media\/104814"}],"wp:attachment":[{"href":"https:\/\/www.escapadarural.com\/blog\/wp-json\/wp\/v2\/media?parent=9199"}],"wp:term":[{"taxonomy":"category","embeddable":true,"href":"https:\/\/www.escapadarural.com\/blog\/wp-json\/wp\/v2\/categories?post=9199"},{"taxonomy":"post_tag","embeddable":true,"href":"https:\/\/www.escapadarural.com\/blog\/wp-json\/wp\/v2\/tags?post=9199"}],"curies":[{"name":"wp","href":"https:\/\/api.w.org\/{rel}","templated":true}]}}