{"id":9398,"date":"2018-03-01T13:15:28","date_gmt":"2018-03-01T13:15:28","guid":{"rendered":"http:\/\/15.188.81.248\/2018\/03\/01\/fiestas-gastronomicas-que-no-te-puedes-perder-en-terres-de-ebre\/"},"modified":"2026-02-05T14:13:50","modified_gmt":"2026-02-05T13:13:50","slug":"fiestas-gastronomicas-que-no-te-puedes-perder-en-terres-de-ebre","status":"publish","type":"post","link":"https:\/\/www.escapadarural.com\/blog\/fiestas-gastronomicas-que-no-te-puedes-perder-en-terres-de-ebre\/","title":{"rendered":"10 fiestas gastron\u00f3micas que no te puedes perder en Terres de l\u00b4Ebre"},"content":{"rendered":"\n<div class=\"wp-block-image\"><figure class=\"aligncenter size-large\"><a href=\"https:\/\/www.escapadarural.com\/blog\/wp-content\/uploads\/2018\/03\/Plantada-de-larr\u00f2s.jpg\"><img decoding=\"async\" src=\"https:\/\/www.escapadarural.com\/blog\/wp-content\/uploads\/2018\/03\/Plantada-de-larr\u00f2s.jpg\" alt=\"Terres de l'Ebre\" class=\"wp-image-27607\"\/><\/a><figcaption>Plantada de l&#8217;arr\u00f2s. Terres de l&#8217;Ebre<\/figcaption><\/figure><\/div>\n\n\n\n<p>Si por algo se caracteriza la <a href=\"https:\/\/terresdelebre.travel\/es\/que-hacer\/turismo-enologico\" target=\"_blank\"><strong>gastronom\u00eda de Terres de l\u00b4Ebre<\/strong><\/a> es por su arroz caldoso, el vino de Denominaci\u00f3n de Origen, el aceite procedente de sus olivos milenarios, el marisco y los diferentes tipos de pescado.<\/p>\n\n\n\n<p>Productos cultivados, elaborados y pescados en la misma tierra y que forman parte de la cultura y tradiciones. Estas fiestas nos llevan todos estos productos a la mesa. No son las \u00fanicas, aunque s\u00ed algunas de las m\u00e1s populares.<\/p>\n\n\n\n<!--more-->\n\n\n\n<div class=\"wp-block-image\"><figure class=\"aligncenter size-large\"><a href=\"https:\/\/www.escapadarural.com\/blog\/wp-content\/uploads\/2018\/03\/7-2-Festa-de-la-Clotxa-detall.jpg\"><img decoding=\"async\" src=\"https:\/\/www.escapadarural.com\/blog\/wp-content\/uploads\/2018\/03\/7-2-Festa-de-la-Clotxa-detall.jpg\" alt=\"Fiesta de la Clotxa\" class=\"wp-image-27606\"\/><\/a><figcaption>Fiesta de la Clotxa. Terres de l&#8217;Ebre<\/figcaption><\/figure><\/div>\n\n\n\n<h2 class=\"title-rute wp-block-heading\"><strong>1.<\/strong> <a href=\"https:\/\/terresdelebre.travel\/es\/actividades-que-hacer\/gastronomia-y-enoturismo\/festividades-jornadas-y-fiestas-gastronomicas-5\" target=\"_blank\">Jornadas Gastron\u00f3micas de la Galera<\/a><\/h2>\n\n\n\n<p>Desde principios de febrero y hasta marzo algunas localidades marineras de Terres de l\u00b4Ebre como Alcanar, L\u2019Ampolla, L\u2019Ametlla de Mar y Sant Carles de R\u00e1pita organizan las Jornadas Gastron\u00f3micas de la Galera.<\/p>\n\n\n\n<p>Una fiesta dedicada a este crust\u00e1ceo y en la que los restaurantes lo convierten en el gran protagonista del men\u00fa: se puede degustar s\u00f3lo, con arroz, en fideu\u00e1, con cremas o acompa\u00f1ado de verduras de temporada.<\/p>\n\n\n\n<h2 class=\"title-rute wp-block-heading\"><strong>2.<\/strong> <a href=\"https:\/\/terresdelebre.travel\/es\/actividades-que-hacer\/gastronomia-y-enoturismo\/festividades-jornadas-y-fiestas-gastronomicas-2\" target=\"_blank\">Jornadas Gastron\u00f3micas de l&#8217;Escamarl\u00e0<\/a><\/h2>\n\n\n\n<p><em>L\u2019Escamarl\u00e0<\/em> en castellano significa cigala, y es uno de los crust\u00e1ceos que podemos encontrar en el Delta de l\u2019Ebre durante la primavera. Estas jornadas, que ya van por su sexta edici\u00f3n, se celebran entre abril y mayo en la localidad costera de Sant Carles de la R\u00e0pita.<\/p>\n\n\n\n<p>En ellas se organiza un vermut de l\u2019escamarl\u00e0, un taller de cocina para ni\u00f1os y los restaurantes del pueblo incorporan men\u00fas especiales donde la cigala es la protagonista. Adem\u00e1s, se ofrecen escapadas gastron\u00f3micas que combinan cocina con el descubrimiento de los rincones con m\u00e1s encanto del municipio y el Delta de l\u2019Ebre.<\/p>\n\n\n\n<h2 class=\"title-rute wp-block-heading\"><strong>3.<\/strong> <a href=\"https:\/\/terresdelebre.travel\/es\/actividades-que-hacer\/gastronomia-y-enoturismo\/festividades-jornadas-y-fiestas-gastronomicas\/feria-4\" target=\"_blank\">Jornada Gastron\u00f3mica de la Clementina<\/a><\/h2>\n\n\n\n<p>La localidad de Alcanar es conocida por cultivar clementinas que han sido catalogadas con la Indicaci\u00f3n Geogr\u00e1fica Protegida \u201cClementines de les Terres de l\u00b4Ebre\u201d. Desde finales de noviembre y hasta finales de diciembre se organizan las Jornadas Gastron\u00f3micas de la Clementina, por lo que este c\u00edtrico es incorporado en muchos de los men\u00fas de los restaurantes del pueblo.<\/p>\n\n\n\n<p>Algunos bares de c\u00f3cteles tambi\u00e9n lo ofrecen como bebida, hay actividades para todos los p\u00fablicos para conocer c\u00f3mo se cultiva y se recoge este fruto, y en la biblioteca se suele organizar tambi\u00e9n un concurso fotogr\u00e1fico.<\/p>\n\n\n\n<h2 class=\"title-rute wp-block-heading\"><strong>4.<\/strong> <a href=\"https:\/\/terresdelebre.travel\/es\/actividades-que-hacer\/gastronomia-y-enoturismo\/festividades-jornadas-y-fiestas-gastronomicas\/fiest-7\" target=\"_blank\">Fiesta del Vino de Gandesa<\/a><\/h2>\n\n\n\n<p>A principios de noviembre se celebra en Gandesa la Festa del Vi. Una celebraci\u00f3n que comenz\u00f3 hace treinta a\u00f1os con una cena de clotxa y vino de la tierra y que termin\u00f3 convirti\u00e9ndose en toda una tradici\u00f3n. En ella participan m\u00e1s de 30 bodegas que exponen sus mejores cosechas para deleite de los participantes.<\/p>\n\n\n\n<p>Adem\u00e1s de catas y concursos, la Fiesta del Vino de Gandesa tambi\u00e9n celebra la Nit de les Garnatxes Blanques, con m\u00e1s de 40 vinos de garnacha blanca para degustar que van acompa\u00f1ados de tapas elaboradas por los diferentes restaurantes, alguno de ellos con estrella Michelin.<\/p>\n\n\n\n<h2 class=\"title-rute wp-block-heading\"><strong>5.<\/strong> <a href=\"https:\/\/terresdelebre.travel\/es\/actividades-que-hacer\/gastronomia-y-enoturismo\/festividades-jornadas-y-fiestas-gastronomicas\/fiesta\" target=\"_blank\">Fiesta del Aguardiente<\/a><\/h2>\n\n\n\n<p>En el mes de octubre, Prat de Compte celebra una de sus fiestas m\u00e1s populares: la Festa de l\u00b4Aiguardent. Una festividad en la que los locales convierten sus casas en puestos de feria para ofrecer a los visitantes el mejor aguardiente de la zona. Esta bebida t\u00edpica est\u00e1 elaborada por diferentes bodegas y cooperativas de Terres de l\u00b4Ebre.<\/p>\n\n\n\n<p>Para minimizar los efectos del alcohol, la fiesta tambi\u00e9n incluye algunos productos t\u00edpicos de la gastronom\u00eda de la zona. Tres o cuatro d\u00edas antes de la celebraci\u00f3n, muchos de los locales del pueblo preparan m\u00e1s de seis mil dulces en antiguos hornos de le\u00f1a. La elaboraci\u00f3n es totalmente artesanal.<\/p>\n\n\n\n<p>En el mismo punto de informaci\u00f3n podemos adquirir un mapa con las casas abiertas al p\u00fablico, as\u00ed como comprar el vaso para realizar las degustaciones de aguardientes y participar en los sorteos.<\/p>\n\n\n\n<h2 class=\"title-rute wp-block-heading\"><strong>6.<\/strong> <a href=\"https:\/\/terresdelebre.travel\/es\/actividades-que-hacer\/gastronomia-y-enoturismo\/festividades-jornadas-y-fiestas-gastronomicas\/fiest-2\" target=\"_blank\">Fiesta de la Clotxa<\/a><\/h2>\n\n\n\n<p>La clotxa es el plato tradicional por excelencia de la Ribera d&#8217;Ebre, que dice mucho de los or\u00edgenes de campo de la comarca y a la vez pone de relieve la sencillez y riqueza de la gastronom\u00eda.<\/p>\n\n\n\n<p>En los \u00faltimos a\u00f1os, la reivindicaci\u00f3n de la clotxa ha propiciado su presencia tanto en las casas particulares como tambi\u00e9n en diferentes manifestaciones de la cultura popular y muchos de los restaurantes de la Ribera d&#8217;Ebre, que, con imaginaci\u00f3n y profesionalidad, han incorporado nuevos formatos que enriquecen a\u00fan m\u00e1s este plato tradicional.<\/p>\n\n\n\n<p>Por todo ello, se ha consolidado una fiesta popular que tiene a la clotxa como protagonista principal y que, a\u00f1o tras a\u00f1o y de forma itinerante, re\u00fane mucha gente de aqu\u00ed y de todo el pa\u00eds para probar esta cocina popular y tradicional y para disfrutar de los atractivos de los municipios de la Ribera d&#8217;Ebre. Este 2018 la fiesta se celebra en la Serra d&#8217;Alm\u00f3s el domingo 8 de abril.<\/p>\n\n\n\n<p>Adem\u00e1s, esta Fiesta da inicio a la presencia de la clotxa en buena parte de los restaurantes de la comarca que, durante un mes, en forma de jornadas gastron\u00f3micas, y algunos de ellos durante todo el a\u00f1o incorporan a sus cartas y men\u00fas esta receta tradicional y diversas variantes de la misma. Las Jornadas Gastron\u00f3micas de la Clotxa se celebrar\u00e1n del 8 de abril al 5 de mayo.<\/p>\n\n\n\n<h2 class=\"title-rute wp-block-heading\"><strong>7.<\/strong> <a href=\"https:\/\/terresdelebre.travel\/es\/actividades-que-hacer\/gastronomia-y-enoturismo\/experiencias-gastronomicas\/fiestas-de-la-plantada-del\" target=\"_blank\">Fiesta Tradicionales de la Plantada y la Siega del Arroz<\/a><\/h2>\n\n\n\n<p>Si el arroz es uno de los principales cultivos del Delta de l\u2019Ebre, las fiestas durante su plantada y siega cuentan con una arraigada tradici\u00f3n. La primera de ellas es la dedicada a la plantaci\u00f3n, que se celebra en el mes de junio. La Fiesta de la Siega del Arroz, en cambio, se celebra en septiembre.<\/p>\n\n\n\n<p>En Delta de l\u00b4Ebre ambas fiestas se celebran en 5 municipios diferentes. Amposta (3 de junio y 7 de octubre), L\u00b4Aldea (9 de junio y 23 de septiembre), L\u00b4Ampolla (10 de junio y 16 de septiembre), Deltebre (17 de junio y 9 de septiembre) y Sant Jaume d\u00b4Enveja (24 de junio y 30 de septiembre). La primera fecha corresponde a la plantada y la segunda a la siega.<\/p>\n\n\n\n<p>Algunas de estas localidades, adem\u00e1s, ofrecen jornadas gastron\u00f3micas del arroz, como las celebradas en Amposta y L\u00b4Ampolla. Algunos de ellos cuentan con packs para realizar escapadas para disfrutar de las fiestas en el que se incluye el alojamiento, un men\u00fa degustaci\u00f3n, alquiler de bicicletas y un paquete de arroz como regalo.<\/p>\n\n\n\n<h2 class=\"title-rute wp-block-heading\"><strong>8.<\/strong> <a href=\"https:\/\/terresdelebre.travel\/es\/actividades-que-hacer\/gastronomia-y-enoturismo\/festividades-jornadas-y-fiestas-gastronomicas-8\" target=\"_blank\">Jornadas Gastron\u00f3micas del Cordero de la Terra Alta<\/a><\/h2>\n\n\n\n<p>Desde finales de febrero y hasta finales de marzo, algunas localidades de la comarca de la Terra Alta como Arnes, Batea, Bot, Gandesa, Horta de Sant Joan, La Pobla de Massaluca, El Pinell de Brai y Vilalba dels Arcs celebran las Jornadas Gastron\u00f3micas del Cordero de la Terra Alta.<\/p>\n\n\n\n<p>Durante casi un mes, todos los restaurantes de la zona incluyen cordero en su men\u00fa preparado de muy diversas formas y acompa\u00f1ado de productos tambi\u00e9n de la tierra. El precio por comensal suele oscilar entre los 25 y los 40 euros.<\/p>\n\n\n\n<h2 class=\"title-rute wp-block-heading\"><strong>9.<\/strong> <a href=\"https:\/\/terresdelebre.travel\/es\/actividades-que-hacer\/gastronomia-y-enoturismo\/festividades-jornadas-y-fiestas-gastronomicas-7\" target=\"_blank\">Jornadas Gastron\u00f3micas del At\u00fan Rojo<\/a><\/h2>\n\n\n\n<p>Entre los meses de abril y mayo, la lonja de L\u2019Ametlla de Mar se llena del mejor at\u00fan rojo del Mediterr\u00e1neo. Una exhibici\u00f3n del producto de la tierra que acabar\u00e1 en manos de grandes chefs que lo incorporar\u00e1n en sus nuevas creaciones haciendo que, durante esos d\u00edas, est\u00e9 presente en todos los platos de la poblaci\u00f3n.<\/p>\n\n\n\n<p>Adem\u00e1s de las degustaciones, durante las Jornadas Gastron\u00f3micas del At\u00fan Rojo -que este 2018 se celebrar\u00e1 del 27 de abril al 14 de mayo- tambi\u00e9n hay talleres, mercado de productos, juegos y una introducci\u00f3n a la cultura japonesa, entre otras cosas.<\/p>\n\n\n\n<h2 class=\"title-rute wp-block-heading\"><strong>10.<\/strong> <a href=\"https:\/\/terresdelebre.travel\/es\/actividades-que-hacer\/gastronomia-y-enoturismo\/festividades-jornadas-y-fiestas-gastronomicas-14\" target=\"_blank\">La passi\u00f3 de Vilalba dels Arcs<\/a><\/h2>\n\n\n\n<p>La passi\u00f3 de Vilalba dels Arcs es una representaci\u00f3n de los \u00faltimos d\u00edas de Jes\u00fas, desde su entrada a Jerusal\u00e9n hasta su crucifixi\u00f3n. El primero de los actos se realiza en Vilalba dels Arcs el jueves santo por la noche. El segundo de ellos se interpreta el s\u00e1bado por la tarde.<\/p>\n\n\n\n<p>La obra, que transcurre por las calles y plazas del n\u00facleo hist\u00f3rico de la poblaci\u00f3n, es un claro ejemplo del teatro m\u00e1s puro, ya que el p\u00fablico es part\u00edcipe en las doce escenas mezcl\u00e1ndose incluso con los actores y actrices, dotando as\u00ed de realismo a la representaci\u00f3n.<\/p>\n\n\n\n<p>Se trata de una iniciativa del grupo de teatro la Pirindola, que hicieron su primera funci\u00f3n en 1996. Actualmente est\u00e1 declarada Patrimonio Festivo de Catalu\u00f1a y Fiesta de Inter\u00e9s Comarcal.<\/p>\n\n\n\n<p>Adem\u00e1s de la funci\u00f3n, tambi\u00e9n se han incorporado mercadillos de productos artesanales, catas de vino y de aceite comentadas. Aunque no es un aceite cualquiera: desde el Patronat de la Passi\u00f3, con la colaboraci\u00f3n de la DOP Aceite de la Terra Alta, se ha creado un nuevo proyecto para conocer los usos del aceite desde la antig\u00fcedad hasta nuestros d\u00edas y sus beneficios para la salud. Es por esto por lo que se elabora un aceite a la piedra de forma totalmente artesanal que se catar\u00e1 por vez primera el s\u00e1bado de pasi\u00f3n.<\/p>\n\n\n\n<p>Terres de l\u00b4Ebre cuenta con un gran n\u00famero de fiestas gastron\u00f3micas, cada una de ellas depende de su estacionalidad. Adem\u00e1s de las mencionadas anteriormente, algunas que no te puedes perder son la Diada de la Ostra del Delta, la Fiesta de la Cereza, la Muestra de vinos Tastavins, la Fiesta del Aceite de la Fatarella, la Fiesta de la Clotxa y las Jornadas Gastron\u00f3micas Tradicionales de la Fiesta del Mercado en la Plaza, entre otras.<\/p>\n\n\n\n<p>M\u00e1s informaci\u00f3n en <a href=\"https:\/\/terresdelebre.travel\" target=\"_blank\">www.terresdelebre.travel<\/a><\/p>\n","protected":false},"excerpt":{"rendered":"<p>Si por algo se caracteriza la gastronom\u00eda de Terres de l\u00b4Ebre es por su arroz caldoso, el vino de Denominaci\u00f3n de Origen, el aceite procedente de sus olivos milenarios, el marisco y los diferentes tipos de pescado.<\/p>\n","protected":false},"author":136,"featured_media":104820,"comment_status":"open","ping_status":"closed","sticky":false,"template":"","format":"standard","meta":{"_acf_changed":false,"om_disable_all_campaigns":false,"footnotes":""},"categories":[231],"tags":[2068,508,215,257,537,888],"class_list":["post-9398","post","type-post","status-publish","format-standard","has-post-thumbnail","hentry","category-arte-y-cultura","tag-fiestas-gastronomicas","tag-gastronomia","tag-listado","tag-primavera","tag-que-ver-en-tarragona","tag-terres-de-lebre"],"acf":[],"featured_image_src":"https:\/\/www.escapadarural.com\/blog\/wp-content\/uploads\/2024\/10\/Plantada-de-larros-2.jpg","author_info":{"display_name":"Escapada Rural","author_link":"https:\/\/www.escapadarural.com\/blog\/autor\/user\/"},"yoast_head":"<!-- This site is optimized with the Yoast SEO plugin v27.5 - https:\/\/yoast.com\/product\/yoast-seo-wordpress\/ -->\n<title>10 fiestas gastron\u00f3micas que no te puedes perder en Terres de l\u00b4Ebre - EscapadaRural<\/title>\n<meta name=\"robots\" content=\"index, follow, max-snippet:-1, max-image-preview:large, max-video-preview:-1\" \/>\n<link rel=\"canonical\" href=\"https:\/\/www.escapadarural.com\/blog\/fiestas-gastronomicas-que-no-te-puedes-perder-en-terres-de-ebre\/\" \/>\n<meta property=\"og:locale\" content=\"es_ES\" \/>\n<meta property=\"og:type\" content=\"article\" \/>\n<meta property=\"og:title\" content=\"10 fiestas gastron\u00f3micas que no te puedes perder en Terres de l\u00b4Ebre - EscapadaRural\" \/>\n<meta property=\"og:description\" content=\"Si por algo se caracteriza la gastronom\u00eda de Terres de l\u00b4Ebre es por su arroz caldoso, el vino de Denominaci\u00f3n de Origen, el aceite procedente de sus olivos milenarios, el marisco y los diferentes tipos de pescado.\" \/>\n<meta property=\"og:url\" content=\"https:\/\/www.escapadarural.com\/blog\/fiestas-gastronomicas-que-no-te-puedes-perder-en-terres-de-ebre\/\" \/>\n<meta property=\"og:site_name\" content=\"Magazine de viajes de EscapadaRural\" \/>\n<meta property=\"article:publisher\" content=\"https:\/\/www.facebook.com\/escapadarural\" \/>\n<meta property=\"article:author\" content=\"https:\/\/www.facebook.com\/escapadarural\" \/>\n<meta property=\"article:published_time\" content=\"2018-03-01T13:15:28+00:00\" \/>\n<meta property=\"article:modified_time\" content=\"2026-02-05T13:13:50+00:00\" \/>\n<meta property=\"og:image\" content=\"https:\/\/www.escapadarural.com\/blog\/wp-content\/uploads\/2024\/10\/Plantada-de-larros-2.jpg\" \/>\n\t<meta property=\"og:image:width\" content=\"800\" \/>\n\t<meta property=\"og:image:height\" content=\"533\" \/>\n\t<meta property=\"og:image:type\" content=\"image\/jpeg\" \/>\n<meta name=\"author\" content=\"Escapada Rural\" \/>\n<meta name=\"twitter:card\" content=\"summary_large_image\" \/>\n<meta name=\"twitter:creator\" content=\"@https:\/\/x.com\/i\/flow\/login?redirect_after_login=escapadarural\" \/>\n<meta name=\"twitter:label1\" content=\"Escrito por\" \/>\n\t<meta name=\"twitter:data1\" content=\"Escapada Rural\" \/>\n\t<meta name=\"twitter:label2\" content=\"Tiempo de lectura\" \/>\n\t<meta name=\"twitter:data2\" content=\"8 minutos\" \/>\n<script type=\"application\/ld+json\" class=\"yoast-schema-graph\">{\"@context\":\"https:\\\/\\\/schema.org\",\"@graph\":[{\"@type\":\"Article\",\"@id\":\"https:\\\/\\\/www.escapadarural.com\\\/blog\\\/fiestas-gastronomicas-que-no-te-puedes-perder-en-terres-de-ebre\\\/#article\",\"isPartOf\":{\"@id\":\"https:\\\/\\\/www.escapadarural.com\\\/blog\\\/fiestas-gastronomicas-que-no-te-puedes-perder-en-terres-de-ebre\\\/\"},\"author\":{\"name\":\"Escapada Rural\",\"@id\":\"https:\\\/\\\/www.escapadarural.com\\\/blog\\\/#\\\/schema\\\/person\\\/d9ee55ff3e0cef41d6eac8922b4f972c\"},\"headline\":\"10 fiestas gastron\u00f3micas que no te puedes perder en Terres de l\u00b4Ebre\",\"datePublished\":\"2018-03-01T13:15:28+00:00\",\"dateModified\":\"2026-02-05T13:13:50+00:00\",\"mainEntityOfPage\":{\"@id\":\"https:\\\/\\\/www.escapadarural.com\\\/blog\\\/fiestas-gastronomicas-que-no-te-puedes-perder-en-terres-de-ebre\\\/\"},\"wordCount\":1676,\"commentCount\":0,\"publisher\":{\"@id\":\"https:\\\/\\\/www.escapadarural.com\\\/blog\\\/#organization\"},\"image\":{\"@id\":\"https:\\\/\\\/www.escapadarural.com\\\/blog\\\/fiestas-gastronomicas-que-no-te-puedes-perder-en-terres-de-ebre\\\/#primaryimage\"},\"thumbnailUrl\":\"https:\\\/\\\/www.escapadarural.com\\\/blog\\\/wp-content\\\/uploads\\\/2024\\\/10\\\/Plantada-de-larros-2.jpg\",\"keywords\":[\"Fiestas gastron\u00f3micas\",\"Gastronom\u00eda\",\"Listado\",\"Primavera\",\"Tarragona\",\"Terres de l'Ebre\"],\"articleSection\":[\"Arte y Cultura\"],\"inLanguage\":\"es\",\"potentialAction\":[{\"@type\":\"CommentAction\",\"name\":\"Comment\",\"target\":[\"https:\\\/\\\/www.escapadarural.com\\\/blog\\\/fiestas-gastronomicas-que-no-te-puedes-perder-en-terres-de-ebre\\\/#respond\"]}]},{\"@type\":\"WebPage\",\"@id\":\"https:\\\/\\\/www.escapadarural.com\\\/blog\\\/fiestas-gastronomicas-que-no-te-puedes-perder-en-terres-de-ebre\\\/\",\"url\":\"https:\\\/\\\/www.escapadarural.com\\\/blog\\\/fiestas-gastronomicas-que-no-te-puedes-perder-en-terres-de-ebre\\\/\",\"name\":\"10 fiestas gastron\u00f3micas que no te puedes perder en Terres de l\u00b4Ebre - EscapadaRural\",\"isPartOf\":{\"@id\":\"https:\\\/\\\/www.escapadarural.com\\\/blog\\\/#website\"},\"primaryImageOfPage\":{\"@id\":\"https:\\\/\\\/www.escapadarural.com\\\/blog\\\/fiestas-gastronomicas-que-no-te-puedes-perder-en-terres-de-ebre\\\/#primaryimage\"},\"image\":{\"@id\":\"https:\\\/\\\/www.escapadarural.com\\\/blog\\\/fiestas-gastronomicas-que-no-te-puedes-perder-en-terres-de-ebre\\\/#primaryimage\"},\"thumbnailUrl\":\"https:\\\/\\\/www.escapadarural.com\\\/blog\\\/wp-content\\\/uploads\\\/2024\\\/10\\\/Plantada-de-larros-2.jpg\",\"datePublished\":\"2018-03-01T13:15:28+00:00\",\"dateModified\":\"2026-02-05T13:13:50+00:00\",\"breadcrumb\":{\"@id\":\"https:\\\/\\\/www.escapadarural.com\\\/blog\\\/fiestas-gastronomicas-que-no-te-puedes-perder-en-terres-de-ebre\\\/#breadcrumb\"},\"inLanguage\":\"es\",\"potentialAction\":[{\"@type\":\"ReadAction\",\"target\":[\"https:\\\/\\\/www.escapadarural.com\\\/blog\\\/fiestas-gastronomicas-que-no-te-puedes-perder-en-terres-de-ebre\\\/\"]}]},{\"@type\":\"ImageObject\",\"inLanguage\":\"es\",\"@id\":\"https:\\\/\\\/www.escapadarural.com\\\/blog\\\/fiestas-gastronomicas-que-no-te-puedes-perder-en-terres-de-ebre\\\/#primaryimage\",\"url\":\"https:\\\/\\\/www.escapadarural.com\\\/blog\\\/wp-content\\\/uploads\\\/2024\\\/10\\\/Plantada-de-larros-2.jpg\",\"contentUrl\":\"https:\\\/\\\/www.escapadarural.com\\\/blog\\\/wp-content\\\/uploads\\\/2024\\\/10\\\/Plantada-de-larros-2.jpg\",\"width\":800,\"height\":533,\"caption\":\"Campesinos con camisas azules y sombreros de paja trabajan juntos plantando plantones de arroz en un arrozal inundado, rodeado de vegetaci\u00f3n y \u00e1rboles. Algunos se agachan para plantar; otros lanzan manojos de plantones.\"},{\"@type\":\"BreadcrumbList\",\"@id\":\"https:\\\/\\\/www.escapadarural.com\\\/blog\\\/fiestas-gastronomicas-que-no-te-puedes-perder-en-terres-de-ebre\\\/#breadcrumb\",\"itemListElement\":[{\"@type\":\"ListItem\",\"position\":1,\"name\":\"Inicio\",\"item\":\"https:\\\/\\\/www.escapadarural.com\\\/blog\\\/\"},{\"@type\":\"ListItem\",\"position\":2,\"name\":\"Arte y Cultura\",\"item\":\"https:\\\/\\\/www.escapadarural.com\\\/blog\\\/categoria\\\/arte-y-cultura\\\/\"},{\"@type\":\"ListItem\",\"position\":3,\"name\":\"10 fiestas gastron\u00f3micas que no te puedes perder en Terres de l\u00b4Ebre\"}]},{\"@type\":\"WebSite\",\"@id\":\"https:\\\/\\\/www.escapadarural.com\\\/blog\\\/#website\",\"url\":\"https:\\\/\\\/www.escapadarural.com\\\/blog\\\/\",\"name\":\"Blog de viajes | turismo rural, alojamientos e inspiraci\u00f3n\",\"description\":\"Alojamientos rurales e inspiraci\u00f3n para tus escapadas\",\"publisher\":{\"@id\":\"https:\\\/\\\/www.escapadarural.com\\\/blog\\\/#organization\"},\"alternateName\":\"Magazine de viajes de EscapadaRural\",\"potentialAction\":[{\"@type\":\"SearchAction\",\"target\":{\"@type\":\"EntryPoint\",\"urlTemplate\":\"https:\\\/\\\/www.escapadarural.com\\\/blog\\\/?s={search_term_string}\"},\"query-input\":{\"@type\":\"PropertyValueSpecification\",\"valueRequired\":true,\"valueName\":\"search_term_string\"}}],\"inLanguage\":\"es\"},{\"@type\":\"Organization\",\"@id\":\"https:\\\/\\\/www.escapadarural.com\\\/blog\\\/#organization\",\"name\":\"EscapadaRural\",\"url\":\"https:\\\/\\\/www.escapadarural.com\\\/blog\\\/\",\"logo\":{\"@type\":\"ImageObject\",\"inLanguage\":\"es\",\"@id\":\"https:\\\/\\\/www.escapadarural.com\\\/blog\\\/#\\\/schema\\\/logo\\\/image\\\/\",\"url\":\"https:\\\/\\\/www.escapadarural.com\\\/blog\\\/wp-content\\\/uploads\\\/2024\\\/10\\\/cropped-cropped-escapada-rural-icon-mag-3.png\",\"contentUrl\":\"https:\\\/\\\/www.escapadarural.com\\\/blog\\\/wp-content\\\/uploads\\\/2024\\\/10\\\/cropped-cropped-escapada-rural-icon-mag-3.png\",\"width\":512,\"height\":512,\"caption\":\"EscapadaRural\"},\"image\":{\"@id\":\"https:\\\/\\\/www.escapadarural.com\\\/blog\\\/#\\\/schema\\\/logo\\\/image\\\/\"},\"sameAs\":[\"https:\\\/\\\/www.facebook.com\\\/escapadarural\",\"https:\\\/\\\/www.instagram.com\\\/escapadarural\\\/\",\"https:\\\/\\\/www.youtube.com\\\/@escapadaruralcom\"]},{\"@type\":\"Person\",\"@id\":\"https:\\\/\\\/www.escapadarural.com\\\/blog\\\/#\\\/schema\\\/person\\\/d9ee55ff3e0cef41d6eac8922b4f972c\",\"name\":\"Escapada Rural\",\"image\":{\"@type\":\"ImageObject\",\"inLanguage\":\"es\",\"@id\":\"https:\\\/\\\/www.escapadarural.com\\\/blog\\\/wp-content\\\/uploads\\\/2024\\\/10\\\/cropped-cropped-escapada-rural-icon-mag-3-96x96.png\",\"url\":\"https:\\\/\\\/www.escapadarural.com\\\/blog\\\/wp-content\\\/uploads\\\/2024\\\/10\\\/cropped-cropped-escapada-rural-icon-mag-3-96x96.png\",\"contentUrl\":\"https:\\\/\\\/www.escapadarural.com\\\/blog\\\/wp-content\\\/uploads\\\/2024\\\/10\\\/cropped-cropped-escapada-rural-icon-mag-3-96x96.png\",\"caption\":\"Escapada Rural\"},\"sameAs\":[\"https:\\\/\\\/www.facebook.com\\\/escapadarural\",\"https:\\\/\\\/www.linkedin.com\\\/company\\\/escapada-rural\\\/?originalSubdomain=es\",\"https:\\\/\\\/x.com\\\/https:\\\/\\\/x.com\\\/i\\\/flow\\\/login?redirect_after_login=escapadarural\"],\"url\":\"https:\\\/\\\/www.escapadarural.com\\\/blog\\\/autor\\\/user\\\/\"}]}<\/script>\n<!-- \/ Yoast SEO plugin. -->","yoast_head_json":{"title":"10 fiestas gastron\u00f3micas que no te puedes perder en Terres de l\u00b4Ebre - EscapadaRural","robots":{"index":"index","follow":"follow","max-snippet":"max-snippet:-1","max-image-preview":"max-image-preview:large","max-video-preview":"max-video-preview:-1"},"canonical":"https:\/\/www.escapadarural.com\/blog\/fiestas-gastronomicas-que-no-te-puedes-perder-en-terres-de-ebre\/","og_locale":"es_ES","og_type":"article","og_title":"10 fiestas gastron\u00f3micas que no te puedes perder en Terres de l\u00b4Ebre - EscapadaRural","og_description":"Si por algo se caracteriza la gastronom\u00eda de Terres de l\u00b4Ebre es por su arroz caldoso, el vino de Denominaci\u00f3n de Origen, el aceite procedente de sus olivos milenarios, el marisco y los diferentes tipos de pescado.","og_url":"https:\/\/www.escapadarural.com\/blog\/fiestas-gastronomicas-que-no-te-puedes-perder-en-terres-de-ebre\/","og_site_name":"Magazine de viajes de EscapadaRural","article_publisher":"https:\/\/www.facebook.com\/escapadarural","article_author":"https:\/\/www.facebook.com\/escapadarural","article_published_time":"2018-03-01T13:15:28+00:00","article_modified_time":"2026-02-05T13:13:50+00:00","og_image":[{"width":800,"height":533,"url":"https:\/\/www.escapadarural.com\/blog\/wp-content\/uploads\/2024\/10\/Plantada-de-larros-2.jpg","type":"image\/jpeg"}],"author":"Escapada Rural","twitter_card":"summary_large_image","twitter_creator":"@https:\/\/x.com\/i\/flow\/login?redirect_after_login=escapadarural","twitter_misc":{"Escrito por":"Escapada Rural","Tiempo de lectura":"8 minutos"},"schema":{"@context":"https:\/\/schema.org","@graph":[{"@type":"Article","@id":"https:\/\/www.escapadarural.com\/blog\/fiestas-gastronomicas-que-no-te-puedes-perder-en-terres-de-ebre\/#article","isPartOf":{"@id":"https:\/\/www.escapadarural.com\/blog\/fiestas-gastronomicas-que-no-te-puedes-perder-en-terres-de-ebre\/"},"author":{"name":"Escapada Rural","@id":"https:\/\/www.escapadarural.com\/blog\/#\/schema\/person\/d9ee55ff3e0cef41d6eac8922b4f972c"},"headline":"10 fiestas gastron\u00f3micas que no te puedes perder en Terres de l\u00b4Ebre","datePublished":"2018-03-01T13:15:28+00:00","dateModified":"2026-02-05T13:13:50+00:00","mainEntityOfPage":{"@id":"https:\/\/www.escapadarural.com\/blog\/fiestas-gastronomicas-que-no-te-puedes-perder-en-terres-de-ebre\/"},"wordCount":1676,"commentCount":0,"publisher":{"@id":"https:\/\/www.escapadarural.com\/blog\/#organization"},"image":{"@id":"https:\/\/www.escapadarural.com\/blog\/fiestas-gastronomicas-que-no-te-puedes-perder-en-terres-de-ebre\/#primaryimage"},"thumbnailUrl":"https:\/\/www.escapadarural.com\/blog\/wp-content\/uploads\/2024\/10\/Plantada-de-larros-2.jpg","keywords":["Fiestas gastron\u00f3micas","Gastronom\u00eda","Listado","Primavera","Tarragona","Terres de l'Ebre"],"articleSection":["Arte y Cultura"],"inLanguage":"es","potentialAction":[{"@type":"CommentAction","name":"Comment","target":["https:\/\/www.escapadarural.com\/blog\/fiestas-gastronomicas-que-no-te-puedes-perder-en-terres-de-ebre\/#respond"]}]},{"@type":"WebPage","@id":"https:\/\/www.escapadarural.com\/blog\/fiestas-gastronomicas-que-no-te-puedes-perder-en-terres-de-ebre\/","url":"https:\/\/www.escapadarural.com\/blog\/fiestas-gastronomicas-que-no-te-puedes-perder-en-terres-de-ebre\/","name":"10 fiestas gastron\u00f3micas que no te puedes perder en Terres de l\u00b4Ebre - EscapadaRural","isPartOf":{"@id":"https:\/\/www.escapadarural.com\/blog\/#website"},"primaryImageOfPage":{"@id":"https:\/\/www.escapadarural.com\/blog\/fiestas-gastronomicas-que-no-te-puedes-perder-en-terres-de-ebre\/#primaryimage"},"image":{"@id":"https:\/\/www.escapadarural.com\/blog\/fiestas-gastronomicas-que-no-te-puedes-perder-en-terres-de-ebre\/#primaryimage"},"thumbnailUrl":"https:\/\/www.escapadarural.com\/blog\/wp-content\/uploads\/2024\/10\/Plantada-de-larros-2.jpg","datePublished":"2018-03-01T13:15:28+00:00","dateModified":"2026-02-05T13:13:50+00:00","breadcrumb":{"@id":"https:\/\/www.escapadarural.com\/blog\/fiestas-gastronomicas-que-no-te-puedes-perder-en-terres-de-ebre\/#breadcrumb"},"inLanguage":"es","potentialAction":[{"@type":"ReadAction","target":["https:\/\/www.escapadarural.com\/blog\/fiestas-gastronomicas-que-no-te-puedes-perder-en-terres-de-ebre\/"]}]},{"@type":"ImageObject","inLanguage":"es","@id":"https:\/\/www.escapadarural.com\/blog\/fiestas-gastronomicas-que-no-te-puedes-perder-en-terres-de-ebre\/#primaryimage","url":"https:\/\/www.escapadarural.com\/blog\/wp-content\/uploads\/2024\/10\/Plantada-de-larros-2.jpg","contentUrl":"https:\/\/www.escapadarural.com\/blog\/wp-content\/uploads\/2024\/10\/Plantada-de-larros-2.jpg","width":800,"height":533,"caption":"Campesinos con camisas azules y sombreros de paja trabajan juntos plantando plantones de arroz en un arrozal inundado, rodeado de vegetaci\u00f3n y \u00e1rboles. Algunos se agachan para plantar; otros lanzan manojos de plantones."},{"@type":"BreadcrumbList","@id":"https:\/\/www.escapadarural.com\/blog\/fiestas-gastronomicas-que-no-te-puedes-perder-en-terres-de-ebre\/#breadcrumb","itemListElement":[{"@type":"ListItem","position":1,"name":"Inicio","item":"https:\/\/www.escapadarural.com\/blog\/"},{"@type":"ListItem","position":2,"name":"Arte y Cultura","item":"https:\/\/www.escapadarural.com\/blog\/categoria\/arte-y-cultura\/"},{"@type":"ListItem","position":3,"name":"10 fiestas gastron\u00f3micas que no te puedes perder en Terres de l\u00b4Ebre"}]},{"@type":"WebSite","@id":"https:\/\/www.escapadarural.com\/blog\/#website","url":"https:\/\/www.escapadarural.com\/blog\/","name":"Blog de viajes | turismo rural, alojamientos e inspiraci\u00f3n","description":"Alojamientos rurales e inspiraci\u00f3n para tus escapadas","publisher":{"@id":"https:\/\/www.escapadarural.com\/blog\/#organization"},"alternateName":"Magazine de viajes de EscapadaRural","potentialAction":[{"@type":"SearchAction","target":{"@type":"EntryPoint","urlTemplate":"https:\/\/www.escapadarural.com\/blog\/?s={search_term_string}"},"query-input":{"@type":"PropertyValueSpecification","valueRequired":true,"valueName":"search_term_string"}}],"inLanguage":"es"},{"@type":"Organization","@id":"https:\/\/www.escapadarural.com\/blog\/#organization","name":"EscapadaRural","url":"https:\/\/www.escapadarural.com\/blog\/","logo":{"@type":"ImageObject","inLanguage":"es","@id":"https:\/\/www.escapadarural.com\/blog\/#\/schema\/logo\/image\/","url":"https:\/\/www.escapadarural.com\/blog\/wp-content\/uploads\/2024\/10\/cropped-cropped-escapada-rural-icon-mag-3.png","contentUrl":"https:\/\/www.escapadarural.com\/blog\/wp-content\/uploads\/2024\/10\/cropped-cropped-escapada-rural-icon-mag-3.png","width":512,"height":512,"caption":"EscapadaRural"},"image":{"@id":"https:\/\/www.escapadarural.com\/blog\/#\/schema\/logo\/image\/"},"sameAs":["https:\/\/www.facebook.com\/escapadarural","https:\/\/www.instagram.com\/escapadarural\/","https:\/\/www.youtube.com\/@escapadaruralcom"]},{"@type":"Person","@id":"https:\/\/www.escapadarural.com\/blog\/#\/schema\/person\/d9ee55ff3e0cef41d6eac8922b4f972c","name":"Escapada Rural","image":{"@type":"ImageObject","inLanguage":"es","@id":"https:\/\/www.escapadarural.com\/blog\/wp-content\/uploads\/2024\/10\/cropped-cropped-escapada-rural-icon-mag-3-96x96.png","url":"https:\/\/www.escapadarural.com\/blog\/wp-content\/uploads\/2024\/10\/cropped-cropped-escapada-rural-icon-mag-3-96x96.png","contentUrl":"https:\/\/www.escapadarural.com\/blog\/wp-content\/uploads\/2024\/10\/cropped-cropped-escapada-rural-icon-mag-3-96x96.png","caption":"Escapada Rural"},"sameAs":["https:\/\/www.facebook.com\/escapadarural","https:\/\/www.linkedin.com\/company\/escapada-rural\/?originalSubdomain=es","https:\/\/x.com\/https:\/\/x.com\/i\/flow\/login?redirect_after_login=escapadarural"],"url":"https:\/\/www.escapadarural.com\/blog\/autor\/user\/"}]}},"_links":{"self":[{"href":"https:\/\/www.escapadarural.com\/blog\/wp-json\/wp\/v2\/posts\/9398","targetHints":{"allow":["GET"]}}],"collection":[{"href":"https:\/\/www.escapadarural.com\/blog\/wp-json\/wp\/v2\/posts"}],"about":[{"href":"https:\/\/www.escapadarural.com\/blog\/wp-json\/wp\/v2\/types\/post"}],"author":[{"embeddable":true,"href":"https:\/\/www.escapadarural.com\/blog\/wp-json\/wp\/v2\/users\/136"}],"replies":[{"embeddable":true,"href":"https:\/\/www.escapadarural.com\/blog\/wp-json\/wp\/v2\/comments?post=9398"}],"version-history":[{"count":0,"href":"https:\/\/www.escapadarural.com\/blog\/wp-json\/wp\/v2\/posts\/9398\/revisions"}],"wp:featuredmedia":[{"embeddable":true,"href":"https:\/\/www.escapadarural.com\/blog\/wp-json\/wp\/v2\/media\/104820"}],"wp:attachment":[{"href":"https:\/\/www.escapadarural.com\/blog\/wp-json\/wp\/v2\/media?parent=9398"}],"wp:term":[{"taxonomy":"category","embeddable":true,"href":"https:\/\/www.escapadarural.com\/blog\/wp-json\/wp\/v2\/categories?post=9398"},{"taxonomy":"post_tag","embeddable":true,"href":"https:\/\/www.escapadarural.com\/blog\/wp-json\/wp\/v2\/tags?post=9398"}],"curies":[{"name":"wp","href":"https:\/\/api.w.org\/{rel}","templated":true}]}}