{"id":9404,"date":"2018-03-01T13:31:43","date_gmt":"2018-03-01T13:31:43","guid":{"rendered":"http:\/\/15.188.81.248\/2018\/03\/01\/planes-para-descubrir-los-origenes-de-terres-de-ebre\/"},"modified":"2025-01-16T16:44:51","modified_gmt":"2025-01-16T14:44:51","slug":"planes-para-descubrir-los-origenes-de-terres-de-ebre","status":"publish","type":"post","link":"https:\/\/www.escapadarural.com\/blog\/planes-para-descubrir-los-origenes-de-terres-de-ebre\/","title":{"rendered":"10 planes para descubrir los or\u00edgenes de Terres de l\u2019Ebre"},"content":{"rendered":"\n<figure class=\"wp-block-image size-large\"><img decoding=\"async\" src=\"\/blog\/wp-content\/uploads\/2018\/03\/Origenes-Terres-de-Ebre-13.jpg\" alt=\"\" class=\"wp-image-21735\"\/><figcaption class=\"wp-element-caption\">Terres de l&#8217;Ebre<\/figcaption><\/figure>\n\n\n\n<p>Las pinturas rupestres halladas en las localidades de Ulldecona, Tivissa y El Perell\u00f3, declaradas Patrimonio de la Humanidad por la UNESCO, son la muestra de que <a href=\"https:\/\/terresdelebre.travel\/\" target=\"_blank\">Terres de l\u2019Ebre<\/a> est\u00e1 ocupado desde el Paleol\u00edtico.<\/p>\n\n\n\n<p>El r\u00edo Ebro, que ha servido como esqueleto de esta regi\u00f3n, ha propiciado que las diferentes civilizaciones se hayan movido a lo largo de la ribera del r\u00edo buscando tierras f\u00e9rtiles. Por aqu\u00ed pasaron los \u00edberos, romanos, visigodos, musulmanes y cristianos.<\/p>\n\n\n\n<p>Para viajar a sus or\u00edgenes, nada mejor que realizar alguna de estas visitas.<\/p>\n\n\n\n<figure class=\"wp-block-image size-large\"><a href=\"\/blog\/wp-content\/uploads\/2018\/03\/Origenes-Terres-de-Ebre-1-scaled.jpg\"><img decoding=\"async\" src=\"\/blog\/wp-content\/uploads\/2018\/03\/Origenes-Terres-de-Ebre-1-683x1024.jpg\" alt=\"\" class=\"wp-image-21742\"\/><\/a><figcaption class=\"wp-element-caption\">Terres de l&#8217;Ebre<\/figcaption><\/figure>\n\n\n\n<figure class=\"wp-block-image size-large\"><a href=\"\/blog\/wp-content\/uploads\/2018\/03\/Origenes-Terres-de-Ebre-2-scaled.jpg\"><img decoding=\"async\" src=\"\/blog\/wp-content\/uploads\/2018\/03\/Origenes-Terres-de-Ebre-2-1024x681.jpg\" alt=\"\" class=\"wp-image-21741\"\/><\/a><figcaption class=\"wp-element-caption\">Terres de l&#8217;Ebre<\/figcaption><\/figure>\n\n\n\n<figure class=\"wp-block-image size-large\"><a href=\"\/blog\/wp-content\/uploads\/2018\/03\/Origenes-Terres-de-Ebre-3.jpg\"><img decoding=\"async\" src=\"\/blog\/wp-content\/uploads\/2018\/03\/Origenes-Terres-de-Ebre-3-1024x683.jpg\" alt=\"\" class=\"wp-image-21740\"\/><\/a><figcaption class=\"wp-element-caption\">Terres de l&#8217;Ebre<\/figcaption><\/figure>\n\n\n\n<figure class=\"wp-block-image size-large\"><a href=\"\/blog\/wp-content\/uploads\/2018\/03\/Origenes-Terres-de-Ebre-5.jpg\"><img decoding=\"async\" src=\"\/blog\/wp-content\/uploads\/2018\/03\/Origenes-Terres-de-Ebre-5-1024x683.jpg\" alt=\"\" class=\"wp-image-21738\"\/><\/a><figcaption class=\"wp-element-caption\">Terres de l&#8217;Ebre<\/figcaption><\/figure>\n\n\n\n<figure class=\"wp-block-image size-large\"><a href=\"\/blog\/wp-content\/uploads\/2018\/03\/Origenes-Terres-de-Ebre-11.jpg\"><img decoding=\"async\" src=\"\/blog\/wp-content\/uploads\/2018\/03\/Origenes-Terres-de-Ebre-11.jpg\" alt=\"\" class=\"wp-image-21737\"\/><\/a><figcaption class=\"wp-element-caption\">Terres de l&#8217;Ebre<\/figcaption><\/figure>\n\n\n\n<figure class=\"wp-block-image size-large\"><a href=\"\/blog\/wp-content\/uploads\/2018\/03\/Origenes-Terres-de-Ebre-12.jpg\"><img decoding=\"async\" src=\"\/blog\/wp-content\/uploads\/2018\/03\/Origenes-Terres-de-Ebre-12.jpg\" alt=\"\" class=\"wp-image-21736\"\/><\/a><figcaption class=\"wp-element-caption\">Terres de l&#8217;Ebre<\/figcaption><\/figure>\n\n\n\n<h2 class=\"wp-block-heading title-rute\" id=\"h-1-viaje-a-la-prehistoria-en-ulldecona\"><strong>1.<\/strong> Viaje a la prehistoria en Ulldecona<\/h2>\n\n\n\n<p>Conocido por contener la mayor concentraci\u00f3n de olivos milenarios del mundo, Ulldecona tambi\u00e9n destaca por sus preciadas pinturas rupestres. Aqu\u00ed se encuentra el conjunto m\u00e1s importante de arte rupestre de estilo levantino de <a href=\"https:\/\/www.escapadarural.com\/blog\/pueblos-bonitos-de-cataluna\/\" title=\"Los 10 pueblos m\u00e1s bonitos de Catalu\u00f1a\"  data-wpil-monitor-id=\"268\">Catalu\u00f1a<\/a>.<\/p>\n\n\n\n<p>Otra de las visitas imprescindibles es <a href=\"https:\/\/terresdelebre.travel\/es\/actividades-que-hacer\/cultura\/los-castillos-del-territorio\/castillo-de-ulldecona\" target=\"_blank\">el castillo de Ulldecona<\/a> que, aunque data de la \u00e9poca \u00edbera, cuenta con construcciones de diferentes \u00e9pocas. No podemos abandonar esta localidad sin hacer una ruta por la partida del Ari\u00f3n, donde hay m\u00e1s de 400 ejemplares de olivos, dos de ellos declarados por la Generalitat de Catalunya como \u00c1rboles Monumentales.<\/p>\n\n\n\n<h2 class=\"wp-block-heading title-rute\" id=\"h-2-los-pueblos-iberos-de-alcanar-y-tivissa\"><strong>2.<\/strong> Los pueblos \u00edberos de Alcanar y Tivissa<\/h2>\n\n\n\n<p>Para seguir los pasos de esta antigua civilizaci\u00f3n podemos acercarnos hasta el poblado del Castellet de Banyoles, situado en Tivissa. Este <a href=\"https:\/\/terresdelebre.travel\/que-fer\/cultura\/poblats-iberics\" target=\"_blank\">poblado ib\u00e9rico<\/a> conserva los restos de un peque\u00f1o castillo medieval y fue donde durante las excavaciones se encontr\u00f3 el popular Tesoro de Tivissa: varias piezas de plata dorada, joyas y enseres personales.<\/p>\n\n\n\n<p>Otro de los yacimientos ib\u00e9ricos m\u00e1s importantes de Terres de l\u2019Ebre que merece una visita es el de La Moleta del Remei, en Alcanar.<\/p>\n\n\n\n<h2 class=\"wp-block-heading title-rute\" id=\"h-3-tortosa-2-000-anos-de-historia\"><strong>3.<\/strong> Tortosa, 2.000 a\u00f1os de historia<\/h2>\n\n\n\n<p>Un <a href=\"https:\/\/terresdelebre.travel\/es\/taxonomy\/term\/1122\" target=\"_blank\">recorrido por Tortosa<\/a> nos permitir\u00e1 conocer las diferentes \u00e9pocas hist\u00f3ricas de la ciudad y los hechos que all\u00ed se vivieron. El itinerario puede comenzar en el museo de Tortosa, un recinto hist\u00f3rico y arqueol\u00f3gico de Terres de l\u2019Ebre; hacer una parada en los Reales Colegios y en el centro de interpretaci\u00f3n del Renacimiento; pasear por los jardines del Pr\u00edncipe y llegar hasta el castillo de la Suda, donde podemos conocer la Tortosa templaria.<\/p>\n\n\n\n<p>Durante la Guerra Civil espa\u00f1ola, Tortosa tambi\u00e9n sufri\u00f3 con los bombardeos y ataques a\u00e9reos. El grado de destrucci\u00f3n fue muy elevado. A\u00fan hoy se pueden visitar algunas de las localizaciones m\u00e1s significativas de aquel conflicto como el refugio a\u00e9reo, la nave de la catedral y el convento de Santa Clara.<\/p>\n\n\n\n<h2 class=\"wp-block-heading title-rute\" id=\"h-4-tras-los-pasos-de-picasso-en-horta-de-sant-joan\"><strong>4.<\/strong> Tras los pasos de Picasso en Horta de Sant Joan<\/h2>\n\n\n\n<p>\u201cTodo lo que s\u00e9 lo he aprendido en Horta\u201d. Estas fueron las palabras del artista malague\u00f1o para referirse a <a href=\"https:\/\/terresdelebre.travel\/que-fer\/cultura\/museus-i-centres-dinterpretacio\/centre-picasso-dhorta-de-sant-joan\" target=\"_blank\">Horta de Sant Joan<\/a>, la villa medieval en la que se refugi\u00f3 cuando estaba enfermo de escarlatina.<\/p>\n\n\n\n<p>Aqu\u00ed estuvo alojado en Can Tafetans, aunque debido al intenso calor del verano, Picasso pas\u00f3 mucho tiempo en la monta\u00f1a de Els Ports, durmiendo y pintando en una cueva junto al r\u00edo. El artista, que volvi\u00f3 en varias ocasiones, pint\u00f3 all\u00ed m\u00e1s de 70 obras. En el Centro Picasso de Horta se pueden observar reproducciones de algunas de sus obras.<\/p>\n\n\n\n<h2 class=\"wp-block-heading title-rute\" id=\"h-5-la-batalla-del-ebro\"><strong>5.<\/strong> La Batalla del Ebro<\/h2>\n\n\n\n<p>Para conocer los estragos de <a href=\"https:\/\/terresdelebre.travel\/que-fer\/cultura\/batalla-de-lebre\" target=\"_blank\">la Batalla del Ebro<\/a>, librada durante la Guerra Civil espa\u00f1ola, s\u00f3lo har\u00e1 falta acercarse hasta la comarca de la Terra Alta, la que se llev\u00f3 la peor parte del conflicto. Concretamente a en Corbera d\u00b4Ebre, el pueblo reducido a escombros por haber servido de frente al conflicto y la masiva artiller\u00eda utilizada por ambos bandos, encontramos el centro de interpretaci\u00f3n 115 d\u00edas, los d\u00edas que dur\u00f3 la batalla.<\/p>\n\n\n\n<p>Otros pueblos que tambi\u00e9n merecen una visita para seguir la historia del conflicto son Vilalba dels Arcs, La Fatarella, Batea, Gandesa \u2013donde se halla el museo dedicado a la Batalla del Ebro- o Pinell de Brai. Aunque a lo largo de toda la comarca, y tambi\u00e9n fuera de ella, existen numerosos espacios (campos de aviaci\u00f3n, trincheras, refugios antia\u00e9reos, fuertes,&#8230;) que bien merecen una visita para comprender mejor las dimensiones de esta cruenta batalla.<\/p>\n\n\n\n<h2 class=\"wp-block-heading title-rute\" id=\"h-6-vive-la-historia-en-miravet\"><strong>6.<\/strong> Vive la historia en Miravet<\/h2>\n\n\n\n<p><a href=\"https:\/\/terresdelebre.travel\/que-fer\/cultura\/centres-historics-i-monumentals\/centre-historic-de-miravet\" target=\"_blank\">Miravet<\/a> es una de las localidades clave en la historia de Terres de l\u2019Ebre. Este pueblo, que est\u00e1 considerado como uno de los m\u00e1s bonitos del Ebro por situarse sobre un promontorio sobre el r\u00edo, cuenta con un pasado de conquistas y guerras.<\/p>\n\n\n\n<p>Su popular castillo fue construido por los \u00e1rabes, quienes ocuparon el pueblo hasta su expulsi\u00f3n. Dominado tambi\u00e9n por los templarios, Miravet tambi\u00e9n sufri\u00f3 las guerras de los Segadores, de Sucesi\u00f3n, Carlistas y fue escenario de la Batalla del Ebro.<\/p>\n\n\n\n<p>No podemos olvidar visitar su barrio de alfareros, la raval dels canterers. En Miravet los alfareros son conocidos como \u00abcanterers\u00bb, pero esto no quiere decir que s\u00f3lo hagan c\u00e1ntaros, sino tambi\u00e9n tinajas, lebrillos, botijos, &#8230; Eso s\u00ed, el c\u00e1ntaro es la pieza m\u00e1s com\u00fan de su artesan\u00eda.<\/p>\n\n\n\n<h2 class=\"wp-block-heading title-rute\" id=\"h-7-el-triangulo-de-los-oficios\"><strong>7.<\/strong> El tri\u00e1ngulo de los oficios<\/h2>\n\n\n\n<p>Las localidades de La S\u00e9nia, Mas de Barberans y La Galera conforman el popular tri\u00e1ngulo de los oficios. En ellas a\u00fan se conserva la larga tradici\u00f3n de algunos trabajos artesanales del Montsi\u00e0 como la alfarer\u00eda, la madera y la palma. Actualmente, en los tres municipios se pueden encontrar empresas donde realizan talleres para aprender estos oficios <a href=\"https:\/\/www.escapadarural.com\/blog\/viajar-en-familia-por-cataluna\/\" title=\"\u201cY si fueras un\u2026\u201d: planes en Catalu\u00f1a para viajar y aprender en familia\"  data-wpil-monitor-id=\"269\">en familia<\/a> o entre amigos.<\/p>\n\n\n\n<h2 class=\"wp-block-heading title-rute\" id=\"h-8-el-tren-de-la-historia\"><strong>8.<\/strong> El tren de la historia<\/h2>\n\n\n\n<p>Para conocer c\u00f3mo era el transporte en Terres de l\u00b4Ebre nada como acercarse hasta <a href=\"https:\/\/terresdelebre.travel\/es\/oficina-de-turismo-de-mora-la-nova\" target=\"_blank\">M\u00f3ra la Nova<\/a>, la localidad donde el tren procedente de Barcelona pasaba de ser el\u00e9ctrico al vapor. Fue uno de los dep\u00f3sitos de locomotoras de vapor m\u00e1s importantes de Espa\u00f1a con un centenar de m\u00e1quinas y donde trabajaban un millar de operarios.<\/p>\n\n\n\n<p>Las curiosidades de su trazado, los tipos de tren y su funcionamiento se pueden ver en el Centro de Interpretaci\u00f3n del Ferrocarril, promovido por la Fundaci\u00f3n para la Preservaci\u00f3n del Patrimonio Ferroviario-Industrial de M\u00f3ra la Nova y el Ayuntamiento.<\/p>\n\n\n\n<h2 class=\"wp-block-heading title-rute\" id=\"h-9-el-balneario-desierto-de-cardo\"><strong>9.<\/strong> El balneario desierto de Card\u00f3<\/h2>\n\n\n\n<p>Un recorrido por la sierra de Card\u00f3 nos llevar\u00e1 hasta el convento de San Hilari\u00f3n, que se populariz\u00f3 porque despu\u00e9s de su exclaustraci\u00f3n fue reconvertido en un balneario de aguas termales. Actualmente, el lugar est\u00e1 en ruinas, aunque hay visitas guiadas por sus exteriores.<\/p>\n\n\n\n<h2 class=\"wp-block-heading title-rute\" id=\"h-10-ruta-de-los-templarios\"><strong>10.<\/strong> Ruta de los templarios<\/h2>\n\n\n\n<p>La Ruta de los Templarios sigue los pasos de esta orden en las comarcas del Ebro. Desde sus or\u00edgenes hasta su persecuci\u00f3n. Algunas de las visitas y actividades imprescindibles son el castillo de la Suda, en Tortosa la iglesia y el convento de Sant Salvador de Horta de Sant Joan; y el Castillo de Miravet, donde podremos vivir la experiencia de cruzar el r\u00edo Ebro con el \u00faltimo paso de barca que funciona sin motor como desde hace siglos, aprovechando la fuerza del agua para cruzar de un lado al otro del r\u00edo.<\/p>\n\n\n\n<p>M\u00e1s informaci\u00f3n en <a href=\"https:\/\/terresdelebre.travel\" target=\"_blank\">www.terresdelebre.travel<\/a><\/p>\n","protected":false},"excerpt":{"rendered":"<p>El r\u00edo Ebro, que ha servido como esqueleto de esta regi\u00f3n, ha propiciado que las diferentes civilizaciones se hayan movido a lo largo de la ribera del r\u00edo buscando tierras f\u00e9rtiles. Por aqu\u00ed pasaron los \u00edberos, romanos, visigodos, musulmanes y cristianos. Para viajar a sus or\u00edgenes, nada mejor que realizar alguna de estas visitas.<\/p>\n","protected":false},"author":136,"featured_media":1816,"comment_status":"open","ping_status":"closed","sticky":false,"template":"","format":"standard","meta":{"_acf_changed":false,"om_disable_all_campaigns":false,"footnotes":""},"categories":[191],"tags":[3720,218,215,2069,935,888],"class_list":["post-9404","post","type-post","status-publish","format-standard","has-post-thumbnail","hentry","category-destinos","tag-branding","tag-historia","tag-listado","tag-origenes","tag-planes","tag-terres-de-lebre"],"acf":[],"featured_image_src":"https:\/\/www.escapadarural.com\/blog\/wp-content\/uploads\/2020\/04\/Turismo-fluvial-Terres-de-lEbre-680x453-1.jpg","author_info":{"display_name":"Escapada Rural","author_link":"https:\/\/www.escapadarural.com\/blog\/autor\/user\/"},"yoast_head":"<!-- This site is optimized with the Yoast SEO plugin v27.5 - https:\/\/yoast.com\/product\/yoast-seo-wordpress\/ -->\n<title>10 planes para descubrir los or\u00edgenes de Terres de l\u2019Ebre - EscapadaRural<\/title>\n<meta name=\"robots\" content=\"index, follow, max-snippet:-1, max-image-preview:large, max-video-preview:-1\" \/>\n<link rel=\"canonical\" href=\"https:\/\/www.escapadarural.com\/blog\/planes-para-descubrir-los-origenes-de-terres-de-ebre\/\" \/>\n<meta property=\"og:locale\" content=\"es_ES\" \/>\n<meta property=\"og:type\" content=\"article\" \/>\n<meta property=\"og:title\" content=\"10 planes para descubrir los or\u00edgenes de Terres de l\u2019Ebre - EscapadaRural\" \/>\n<meta property=\"og:description\" content=\"El r\u00edo Ebro, que ha servido como esqueleto de esta regi\u00f3n, ha propiciado que las diferentes civilizaciones se hayan movido a lo largo de la ribera del r\u00edo buscando tierras f\u00e9rtiles. Por aqu\u00ed pasaron los \u00edberos, romanos, visigodos, musulmanes y cristianos. Para viajar a sus or\u00edgenes, nada mejor que realizar alguna de estas visitas.\" \/>\n<meta property=\"og:url\" content=\"https:\/\/www.escapadarural.com\/blog\/planes-para-descubrir-los-origenes-de-terres-de-ebre\/\" \/>\n<meta property=\"og:site_name\" content=\"Magazine de viajes de EscapadaRural\" \/>\n<meta property=\"article:publisher\" content=\"https:\/\/www.facebook.com\/escapadarural\" \/>\n<meta property=\"article:author\" content=\"https:\/\/www.facebook.com\/escapadarural\" \/>\n<meta property=\"article:published_time\" content=\"2018-03-01T13:31:43+00:00\" \/>\n<meta property=\"article:modified_time\" content=\"2025-01-16T14:44:51+00:00\" \/>\n<meta property=\"og:image\" content=\"https:\/\/www.escapadarural.com\/blog\/wp-content\/uploads\/2020\/04\/Turismo-fluvial-Terres-de-lEbre-680x453-1.jpg\" \/>\n\t<meta property=\"og:image:width\" content=\"680\" \/>\n\t<meta property=\"og:image:height\" content=\"453\" \/>\n\t<meta property=\"og:image:type\" content=\"image\/jpeg\" \/>\n<meta name=\"author\" content=\"Escapada Rural\" \/>\n<meta name=\"twitter:card\" content=\"summary_large_image\" \/>\n<meta name=\"twitter:creator\" content=\"@https:\/\/x.com\/i\/flow\/login?redirect_after_login=escapadarural\" \/>\n<meta name=\"twitter:label1\" content=\"Escrito por\" \/>\n\t<meta name=\"twitter:data1\" content=\"Escapada Rural\" \/>\n\t<meta name=\"twitter:label2\" content=\"Tiempo de lectura\" \/>\n\t<meta name=\"twitter:data2\" content=\"7 minutos\" \/>\n<script type=\"application\/ld+json\" class=\"yoast-schema-graph\">{\"@context\":\"https:\\\/\\\/schema.org\",\"@graph\":[{\"@type\":\"Article\",\"@id\":\"https:\\\/\\\/www.escapadarural.com\\\/blog\\\/planes-para-descubrir-los-origenes-de-terres-de-ebre\\\/#article\",\"isPartOf\":{\"@id\":\"https:\\\/\\\/www.escapadarural.com\\\/blog\\\/planes-para-descubrir-los-origenes-de-terres-de-ebre\\\/\"},\"author\":{\"name\":\"Escapada Rural\",\"@id\":\"https:\\\/\\\/www.escapadarural.com\\\/blog\\\/#\\\/schema\\\/person\\\/d9ee55ff3e0cef41d6eac8922b4f972c\"},\"headline\":\"10 planes para descubrir los or\u00edgenes de Terres de l\u2019Ebre\",\"datePublished\":\"2018-03-01T13:31:43+00:00\",\"dateModified\":\"2025-01-16T14:44:51+00:00\",\"mainEntityOfPage\":{\"@id\":\"https:\\\/\\\/www.escapadarural.com\\\/blog\\\/planes-para-descubrir-los-origenes-de-terres-de-ebre\\\/\"},\"wordCount\":1229,\"commentCount\":0,\"publisher\":{\"@id\":\"https:\\\/\\\/www.escapadarural.com\\\/blog\\\/#organization\"},\"image\":{\"@id\":\"https:\\\/\\\/www.escapadarural.com\\\/blog\\\/planes-para-descubrir-los-origenes-de-terres-de-ebre\\\/#primaryimage\"},\"thumbnailUrl\":\"https:\\\/\\\/www.escapadarural.com\\\/blog\\\/wp-content\\\/uploads\\\/2020\\\/04\\\/Turismo-fluvial-Terres-de-lEbre-680x453-1.jpg\",\"keywords\":[\"branding\",\"Historia\",\"Listado\",\"Or\u00edgenes\",\"planes\",\"Terres de l'Ebre\"],\"articleSection\":[\"Destinos\"],\"inLanguage\":\"es\",\"potentialAction\":[{\"@type\":\"CommentAction\",\"name\":\"Comment\",\"target\":[\"https:\\\/\\\/www.escapadarural.com\\\/blog\\\/planes-para-descubrir-los-origenes-de-terres-de-ebre\\\/#respond\"]}]},{\"@type\":\"WebPage\",\"@id\":\"https:\\\/\\\/www.escapadarural.com\\\/blog\\\/planes-para-descubrir-los-origenes-de-terres-de-ebre\\\/\",\"url\":\"https:\\\/\\\/www.escapadarural.com\\\/blog\\\/planes-para-descubrir-los-origenes-de-terres-de-ebre\\\/\",\"name\":\"10 planes para descubrir los or\u00edgenes de Terres de l\u2019Ebre - EscapadaRural\",\"isPartOf\":{\"@id\":\"https:\\\/\\\/www.escapadarural.com\\\/blog\\\/#website\"},\"primaryImageOfPage\":{\"@id\":\"https:\\\/\\\/www.escapadarural.com\\\/blog\\\/planes-para-descubrir-los-origenes-de-terres-de-ebre\\\/#primaryimage\"},\"image\":{\"@id\":\"https:\\\/\\\/www.escapadarural.com\\\/blog\\\/planes-para-descubrir-los-origenes-de-terres-de-ebre\\\/#primaryimage\"},\"thumbnailUrl\":\"https:\\\/\\\/www.escapadarural.com\\\/blog\\\/wp-content\\\/uploads\\\/2020\\\/04\\\/Turismo-fluvial-Terres-de-lEbre-680x453-1.jpg\",\"datePublished\":\"2018-03-01T13:31:43+00:00\",\"dateModified\":\"2025-01-16T14:44:51+00:00\",\"breadcrumb\":{\"@id\":\"https:\\\/\\\/www.escapadarural.com\\\/blog\\\/planes-para-descubrir-los-origenes-de-terres-de-ebre\\\/#breadcrumb\"},\"inLanguage\":\"es\",\"potentialAction\":[{\"@type\":\"ReadAction\",\"target\":[\"https:\\\/\\\/www.escapadarural.com\\\/blog\\\/planes-para-descubrir-los-origenes-de-terres-de-ebre\\\/\"]}]},{\"@type\":\"ImageObject\",\"inLanguage\":\"es\",\"@id\":\"https:\\\/\\\/www.escapadarural.com\\\/blog\\\/planes-para-descubrir-los-origenes-de-terres-de-ebre\\\/#primaryimage\",\"url\":\"https:\\\/\\\/www.escapadarural.com\\\/blog\\\/wp-content\\\/uploads\\\/2020\\\/04\\\/Turismo-fluvial-Terres-de-lEbre-680x453-1.jpg\",\"contentUrl\":\"https:\\\/\\\/www.escapadarural.com\\\/blog\\\/wp-content\\\/uploads\\\/2020\\\/04\\\/Turismo-fluvial-Terres-de-lEbre-680x453-1.jpg\",\"width\":680,\"height\":453,\"caption\":\"Terres de l'Ebre\"},{\"@type\":\"BreadcrumbList\",\"@id\":\"https:\\\/\\\/www.escapadarural.com\\\/blog\\\/planes-para-descubrir-los-origenes-de-terres-de-ebre\\\/#breadcrumb\",\"itemListElement\":[{\"@type\":\"ListItem\",\"position\":1,\"name\":\"Inicio\",\"item\":\"https:\\\/\\\/www.escapadarural.com\\\/blog\\\/\"},{\"@type\":\"ListItem\",\"position\":2,\"name\":\"Destinos\",\"item\":\"https:\\\/\\\/www.escapadarural.com\\\/blog\\\/categoria\\\/destinos\\\/\"},{\"@type\":\"ListItem\",\"position\":3,\"name\":\"10 planes para descubrir los or\u00edgenes de Terres de l\u2019Ebre\"}]},{\"@type\":\"WebSite\",\"@id\":\"https:\\\/\\\/www.escapadarural.com\\\/blog\\\/#website\",\"url\":\"https:\\\/\\\/www.escapadarural.com\\\/blog\\\/\",\"name\":\"Blog de viajes | turismo rural, alojamientos e inspiraci\u00f3n\",\"description\":\"Alojamientos rurales e inspiraci\u00f3n para tus escapadas\",\"publisher\":{\"@id\":\"https:\\\/\\\/www.escapadarural.com\\\/blog\\\/#organization\"},\"alternateName\":\"Magazine de viajes de EscapadaRural\",\"potentialAction\":[{\"@type\":\"SearchAction\",\"target\":{\"@type\":\"EntryPoint\",\"urlTemplate\":\"https:\\\/\\\/www.escapadarural.com\\\/blog\\\/?s={search_term_string}\"},\"query-input\":{\"@type\":\"PropertyValueSpecification\",\"valueRequired\":true,\"valueName\":\"search_term_string\"}}],\"inLanguage\":\"es\"},{\"@type\":\"Organization\",\"@id\":\"https:\\\/\\\/www.escapadarural.com\\\/blog\\\/#organization\",\"name\":\"EscapadaRural\",\"url\":\"https:\\\/\\\/www.escapadarural.com\\\/blog\\\/\",\"logo\":{\"@type\":\"ImageObject\",\"inLanguage\":\"es\",\"@id\":\"https:\\\/\\\/www.escapadarural.com\\\/blog\\\/#\\\/schema\\\/logo\\\/image\\\/\",\"url\":\"https:\\\/\\\/www.escapadarural.com\\\/blog\\\/wp-content\\\/uploads\\\/2024\\\/10\\\/cropped-cropped-escapada-rural-icon-mag-3.png\",\"contentUrl\":\"https:\\\/\\\/www.escapadarural.com\\\/blog\\\/wp-content\\\/uploads\\\/2024\\\/10\\\/cropped-cropped-escapada-rural-icon-mag-3.png\",\"width\":512,\"height\":512,\"caption\":\"EscapadaRural\"},\"image\":{\"@id\":\"https:\\\/\\\/www.escapadarural.com\\\/blog\\\/#\\\/schema\\\/logo\\\/image\\\/\"},\"sameAs\":[\"https:\\\/\\\/www.facebook.com\\\/escapadarural\",\"https:\\\/\\\/www.instagram.com\\\/escapadarural\\\/\",\"https:\\\/\\\/www.youtube.com\\\/@escapadaruralcom\"]},{\"@type\":\"Person\",\"@id\":\"https:\\\/\\\/www.escapadarural.com\\\/blog\\\/#\\\/schema\\\/person\\\/d9ee55ff3e0cef41d6eac8922b4f972c\",\"name\":\"Escapada Rural\",\"image\":{\"@type\":\"ImageObject\",\"inLanguage\":\"es\",\"@id\":\"https:\\\/\\\/www.escapadarural.com\\\/blog\\\/wp-content\\\/uploads\\\/2024\\\/10\\\/cropped-cropped-escapada-rural-icon-mag-3-96x96.png\",\"url\":\"https:\\\/\\\/www.escapadarural.com\\\/blog\\\/wp-content\\\/uploads\\\/2024\\\/10\\\/cropped-cropped-escapada-rural-icon-mag-3-96x96.png\",\"contentUrl\":\"https:\\\/\\\/www.escapadarural.com\\\/blog\\\/wp-content\\\/uploads\\\/2024\\\/10\\\/cropped-cropped-escapada-rural-icon-mag-3-96x96.png\",\"caption\":\"Escapada Rural\"},\"sameAs\":[\"https:\\\/\\\/www.facebook.com\\\/escapadarural\",\"https:\\\/\\\/www.linkedin.com\\\/company\\\/escapada-rural\\\/?originalSubdomain=es\",\"https:\\\/\\\/x.com\\\/https:\\\/\\\/x.com\\\/i\\\/flow\\\/login?redirect_after_login=escapadarural\"],\"url\":\"https:\\\/\\\/www.escapadarural.com\\\/blog\\\/autor\\\/user\\\/\"}]}<\/script>\n<!-- \/ Yoast SEO plugin. -->","yoast_head_json":{"title":"10 planes para descubrir los or\u00edgenes de Terres de l\u2019Ebre - EscapadaRural","robots":{"index":"index","follow":"follow","max-snippet":"max-snippet:-1","max-image-preview":"max-image-preview:large","max-video-preview":"max-video-preview:-1"},"canonical":"https:\/\/www.escapadarural.com\/blog\/planes-para-descubrir-los-origenes-de-terres-de-ebre\/","og_locale":"es_ES","og_type":"article","og_title":"10 planes para descubrir los or\u00edgenes de Terres de l\u2019Ebre - EscapadaRural","og_description":"El r\u00edo Ebro, que ha servido como esqueleto de esta regi\u00f3n, ha propiciado que las diferentes civilizaciones se hayan movido a lo largo de la ribera del r\u00edo buscando tierras f\u00e9rtiles. Por aqu\u00ed pasaron los \u00edberos, romanos, visigodos, musulmanes y cristianos. Para viajar a sus or\u00edgenes, nada mejor que realizar alguna de estas visitas.","og_url":"https:\/\/www.escapadarural.com\/blog\/planes-para-descubrir-los-origenes-de-terres-de-ebre\/","og_site_name":"Magazine de viajes de EscapadaRural","article_publisher":"https:\/\/www.facebook.com\/escapadarural","article_author":"https:\/\/www.facebook.com\/escapadarural","article_published_time":"2018-03-01T13:31:43+00:00","article_modified_time":"2025-01-16T14:44:51+00:00","og_image":[{"width":680,"height":453,"url":"https:\/\/www.escapadarural.com\/blog\/wp-content\/uploads\/2020\/04\/Turismo-fluvial-Terres-de-lEbre-680x453-1.jpg","type":"image\/jpeg"}],"author":"Escapada Rural","twitter_card":"summary_large_image","twitter_creator":"@https:\/\/x.com\/i\/flow\/login?redirect_after_login=escapadarural","twitter_misc":{"Escrito por":"Escapada Rural","Tiempo de lectura":"7 minutos"},"schema":{"@context":"https:\/\/schema.org","@graph":[{"@type":"Article","@id":"https:\/\/www.escapadarural.com\/blog\/planes-para-descubrir-los-origenes-de-terres-de-ebre\/#article","isPartOf":{"@id":"https:\/\/www.escapadarural.com\/blog\/planes-para-descubrir-los-origenes-de-terres-de-ebre\/"},"author":{"name":"Escapada Rural","@id":"https:\/\/www.escapadarural.com\/blog\/#\/schema\/person\/d9ee55ff3e0cef41d6eac8922b4f972c"},"headline":"10 planes para descubrir los or\u00edgenes de Terres de l\u2019Ebre","datePublished":"2018-03-01T13:31:43+00:00","dateModified":"2025-01-16T14:44:51+00:00","mainEntityOfPage":{"@id":"https:\/\/www.escapadarural.com\/blog\/planes-para-descubrir-los-origenes-de-terres-de-ebre\/"},"wordCount":1229,"commentCount":0,"publisher":{"@id":"https:\/\/www.escapadarural.com\/blog\/#organization"},"image":{"@id":"https:\/\/www.escapadarural.com\/blog\/planes-para-descubrir-los-origenes-de-terres-de-ebre\/#primaryimage"},"thumbnailUrl":"https:\/\/www.escapadarural.com\/blog\/wp-content\/uploads\/2020\/04\/Turismo-fluvial-Terres-de-lEbre-680x453-1.jpg","keywords":["branding","Historia","Listado","Or\u00edgenes","planes","Terres de l'Ebre"],"articleSection":["Destinos"],"inLanguage":"es","potentialAction":[{"@type":"CommentAction","name":"Comment","target":["https:\/\/www.escapadarural.com\/blog\/planes-para-descubrir-los-origenes-de-terres-de-ebre\/#respond"]}]},{"@type":"WebPage","@id":"https:\/\/www.escapadarural.com\/blog\/planes-para-descubrir-los-origenes-de-terres-de-ebre\/","url":"https:\/\/www.escapadarural.com\/blog\/planes-para-descubrir-los-origenes-de-terres-de-ebre\/","name":"10 planes para descubrir los or\u00edgenes de Terres de l\u2019Ebre - EscapadaRural","isPartOf":{"@id":"https:\/\/www.escapadarural.com\/blog\/#website"},"primaryImageOfPage":{"@id":"https:\/\/www.escapadarural.com\/blog\/planes-para-descubrir-los-origenes-de-terres-de-ebre\/#primaryimage"},"image":{"@id":"https:\/\/www.escapadarural.com\/blog\/planes-para-descubrir-los-origenes-de-terres-de-ebre\/#primaryimage"},"thumbnailUrl":"https:\/\/www.escapadarural.com\/blog\/wp-content\/uploads\/2020\/04\/Turismo-fluvial-Terres-de-lEbre-680x453-1.jpg","datePublished":"2018-03-01T13:31:43+00:00","dateModified":"2025-01-16T14:44:51+00:00","breadcrumb":{"@id":"https:\/\/www.escapadarural.com\/blog\/planes-para-descubrir-los-origenes-de-terres-de-ebre\/#breadcrumb"},"inLanguage":"es","potentialAction":[{"@type":"ReadAction","target":["https:\/\/www.escapadarural.com\/blog\/planes-para-descubrir-los-origenes-de-terres-de-ebre\/"]}]},{"@type":"ImageObject","inLanguage":"es","@id":"https:\/\/www.escapadarural.com\/blog\/planes-para-descubrir-los-origenes-de-terres-de-ebre\/#primaryimage","url":"https:\/\/www.escapadarural.com\/blog\/wp-content\/uploads\/2020\/04\/Turismo-fluvial-Terres-de-lEbre-680x453-1.jpg","contentUrl":"https:\/\/www.escapadarural.com\/blog\/wp-content\/uploads\/2020\/04\/Turismo-fluvial-Terres-de-lEbre-680x453-1.jpg","width":680,"height":453,"caption":"Terres de l'Ebre"},{"@type":"BreadcrumbList","@id":"https:\/\/www.escapadarural.com\/blog\/planes-para-descubrir-los-origenes-de-terres-de-ebre\/#breadcrumb","itemListElement":[{"@type":"ListItem","position":1,"name":"Inicio","item":"https:\/\/www.escapadarural.com\/blog\/"},{"@type":"ListItem","position":2,"name":"Destinos","item":"https:\/\/www.escapadarural.com\/blog\/categoria\/destinos\/"},{"@type":"ListItem","position":3,"name":"10 planes para descubrir los or\u00edgenes de Terres de l\u2019Ebre"}]},{"@type":"WebSite","@id":"https:\/\/www.escapadarural.com\/blog\/#website","url":"https:\/\/www.escapadarural.com\/blog\/","name":"Blog de viajes | turismo rural, alojamientos e inspiraci\u00f3n","description":"Alojamientos rurales e inspiraci\u00f3n para tus escapadas","publisher":{"@id":"https:\/\/www.escapadarural.com\/blog\/#organization"},"alternateName":"Magazine de viajes de EscapadaRural","potentialAction":[{"@type":"SearchAction","target":{"@type":"EntryPoint","urlTemplate":"https:\/\/www.escapadarural.com\/blog\/?s={search_term_string}"},"query-input":{"@type":"PropertyValueSpecification","valueRequired":true,"valueName":"search_term_string"}}],"inLanguage":"es"},{"@type":"Organization","@id":"https:\/\/www.escapadarural.com\/blog\/#organization","name":"EscapadaRural","url":"https:\/\/www.escapadarural.com\/blog\/","logo":{"@type":"ImageObject","inLanguage":"es","@id":"https:\/\/www.escapadarural.com\/blog\/#\/schema\/logo\/image\/","url":"https:\/\/www.escapadarural.com\/blog\/wp-content\/uploads\/2024\/10\/cropped-cropped-escapada-rural-icon-mag-3.png","contentUrl":"https:\/\/www.escapadarural.com\/blog\/wp-content\/uploads\/2024\/10\/cropped-cropped-escapada-rural-icon-mag-3.png","width":512,"height":512,"caption":"EscapadaRural"},"image":{"@id":"https:\/\/www.escapadarural.com\/blog\/#\/schema\/logo\/image\/"},"sameAs":["https:\/\/www.facebook.com\/escapadarural","https:\/\/www.instagram.com\/escapadarural\/","https:\/\/www.youtube.com\/@escapadaruralcom"]},{"@type":"Person","@id":"https:\/\/www.escapadarural.com\/blog\/#\/schema\/person\/d9ee55ff3e0cef41d6eac8922b4f972c","name":"Escapada Rural","image":{"@type":"ImageObject","inLanguage":"es","@id":"https:\/\/www.escapadarural.com\/blog\/wp-content\/uploads\/2024\/10\/cropped-cropped-escapada-rural-icon-mag-3-96x96.png","url":"https:\/\/www.escapadarural.com\/blog\/wp-content\/uploads\/2024\/10\/cropped-cropped-escapada-rural-icon-mag-3-96x96.png","contentUrl":"https:\/\/www.escapadarural.com\/blog\/wp-content\/uploads\/2024\/10\/cropped-cropped-escapada-rural-icon-mag-3-96x96.png","caption":"Escapada Rural"},"sameAs":["https:\/\/www.facebook.com\/escapadarural","https:\/\/www.linkedin.com\/company\/escapada-rural\/?originalSubdomain=es","https:\/\/x.com\/https:\/\/x.com\/i\/flow\/login?redirect_after_login=escapadarural"],"url":"https:\/\/www.escapadarural.com\/blog\/autor\/user\/"}]}},"_links":{"self":[{"href":"https:\/\/www.escapadarural.com\/blog\/wp-json\/wp\/v2\/posts\/9404","targetHints":{"allow":["GET"]}}],"collection":[{"href":"https:\/\/www.escapadarural.com\/blog\/wp-json\/wp\/v2\/posts"}],"about":[{"href":"https:\/\/www.escapadarural.com\/blog\/wp-json\/wp\/v2\/types\/post"}],"author":[{"embeddable":true,"href":"https:\/\/www.escapadarural.com\/blog\/wp-json\/wp\/v2\/users\/136"}],"replies":[{"embeddable":true,"href":"https:\/\/www.escapadarural.com\/blog\/wp-json\/wp\/v2\/comments?post=9404"}],"version-history":[{"count":0,"href":"https:\/\/www.escapadarural.com\/blog\/wp-json\/wp\/v2\/posts\/9404\/revisions"}],"wp:featuredmedia":[{"embeddable":true,"href":"https:\/\/www.escapadarural.com\/blog\/wp-json\/wp\/v2\/media\/1816"}],"wp:attachment":[{"href":"https:\/\/www.escapadarural.com\/blog\/wp-json\/wp\/v2\/media?parent=9404"}],"wp:term":[{"taxonomy":"category","embeddable":true,"href":"https:\/\/www.escapadarural.com\/blog\/wp-json\/wp\/v2\/categories?post=9404"},{"taxonomy":"post_tag","embeddable":true,"href":"https:\/\/www.escapadarural.com\/blog\/wp-json\/wp\/v2\/tags?post=9404"}],"curies":[{"name":"wp","href":"https:\/\/api.w.org\/{rel}","templated":true}]}}